{"id":201518,"date":"2020-07-18T20:42:26","date_gmt":"2020-07-18T20:42:26","guid":{"rendered":"https:\/\/www.meydan.tv\/article\/qardasimin-olumunde-icra-hakimiyyeti-gunahkardir\/"},"modified":"2020-07-18T20:42:26","modified_gmt":"2020-07-18T20:42:26","slug":"qardasimin-olumunde-icra-hakimiyyeti-gunahkardir","status":"publish","type":"post","link":"https:\/\/www.meydan.tv\/az\/article\/qardasimin-olumunde-icra-hakimiyyeti-gunahkardir\/","title":{"rendered":"\u201cQarda\u015f\u0131m\u0131n \u00f6l\u00fcm\u00fcnd\u0259 icra hakimiyy\u0259ti g\u00fcnahkard\u0131r\u201d"},"content":{"rendered":"<p>\n  <i><br \/>\n    \u015eamax\u0131 sakini Prezidentin rayona g\u0259li\u015fin\u0259 haz\u0131rl\u0131q vaxt\u0131 ba\u015f ver\u0259n faci\u0259nin t\u0259f\u0259rr\u00fcatlar\u0131ndan dan\u0131\u015f\u0131r<br \/>\n  <\/i>\n<\/p>\n<p>\n  \u201cQarda\u015f\u0131m\u0131n v\u0259 onunla birlikd\u0259 kran\u0131n \u00fcst\u00fcnd\u0259 olan bir f\u0259hl\u0259nin faci\u0259sind\u0259n sonra t\u0259l\u0259sik ortal\u0131\u011f\u0131 t\u0259mizl\u0259yib, Prezidenti qar\u015f\u0131lad\u0131lar. Sonra da rayon prokurorlu\u011funa g\u00f6st\u0259ri\u015f verdil\u0259r ki, iki n\u0259f\u0259rin \u00f6l\u00fcm\u00fc il\u0259 n\u0259tic\u0259l\u0259n\u0259n hadis\u0259 \u00f6rt-basd\u0131r edilsin\u201d.\n<\/p>\n<p>\n  Bu il may\u0131n 25-d\u0259 T\u018fB\u0130B \u015eamax\u0131 rayonunda i\u015f \u015f\u0259raitind\u0259 ba\u015f vermi\u015f v\u0259 \u00f6l\u00fcml\u0259 n\u0259tic\u0259l\u0259n\u0259n bir hadis\u0259 bar\u0259d\u0259 m\u0259lumat yay\u0131b. M\u0259lumatda qeyd olunub ki, h\u0259min g\u00fcn s\u0259h\u0259r saatlar\u0131nda ehtiyats\u0131zl\u0131qdan h\u00fcnd\u00fcrl\u00fckd\u0259n y\u0131x\u0131lma n\u0259tic\u0259sind\u0259 2 n\u0259f\u0259r x\u0259sar\u0259t al\u0131b. \u015eamax\u0131 rayonu Qu\u015f\u00e7u k\u0259nd sakini 29 ya\u015fl\u0131 Sur\u0259t Heyb\u0259tov, \u015eamax\u0131 \u015f\u0259h\u0259r sakinl\u0259ri \u2013 22 ya\u015fl\u0131 Zaur \u0130sg\u0259nd\u0259rov v\u0259 61 ya\u015fl\u0131 S\u0259rdar F\u0259r\u0259cov m\u00fcxt\u0259lif d\u0259r\u0259c\u0259li b\u0259d\u0259n x\u0259sar\u0259tl\u0259ri al\u0131b. Yaral\u0131lar \u015eamax\u0131 Rayon M\u0259rk\u0259zi X\u0259st\u0259xanas\u0131na \u00e7atd\u0131r\u0131l\u0131blar. Onlardan birinin \u2013 Sur\u0259t Heyb\u0259tovun v\u0259ziyy\u0259ti a\u011f\u0131r oldu\u011fundan, m\u00fcalic\u0259 \u00fc\u00e7\u00fcn Bak\u0131ya g\u00f6nd\u0259ril\u0259rk\u0259n yolda h\u0259yat\u0131n\u0131 itirib.\n<\/p>\n<p>\n  <b><br \/>\n    \u201cPrezident g\u0259l\u0259c\u0259kdi, qarda\u015f\u0131m da i\u015f\u0259 c\u0259lb olunmu\u015fdu\u201d<br \/>\n  <\/b>\n<\/p>\n<p>\n  Sur\u0259t Heyb\u0259tovun qarda\u015f\u0131 G\u00fcnd\u00fcz Heyb\u0259tov Meydan TV-y\u0259 m\u00fcraci\u0259t ed\u0259r\u0259k hadis\u0259nin t\u0259f\u0259rr\u00fcatlar\u0131 bar\u0259d\u0259 dan\u0131\u015f\u0131b v\u0259 m\u0259s\u0259l\u0259nin ictimail\u0259\u015fdirilm\u0259sini ist\u0259yib. O, hadis\u0259 zaman\u0131 yaralanm\u0131\u015f f\u0259hl\u0259l\u0259rd\u0259n birinin d\u0259 sonradan \u00f6ld\u00fcy\u00fcn\u00fc deyir.\n<\/p>\n<p>\n  G\u00fcnd\u00fcz Heyb\u0259tov dan\u0131\u015f\u0131r ki, qarda\u015f\u0131 Sur\u0259t Heyb\u0259tov \u015eamax\u0131 avtova\u011fzal\u0131ndak\u0131 oteld\u0259 administrator i\u015fl\u0259yirmi\u015f. May\u0131n 25-d\u0259 Prezident \u0130lham \u018fliyevin \u015eamax\u0131ya g\u0259li\u015fi il\u0259 \u0259laq\u0259dar rayon icra hakimiyy\u0259ti \u00f6lk\u0259 ba\u015f\u00e7\u0131s\u0131n\u0131n ke\u00e7\u0259c\u0259yi \u0259razil\u0259rd\u0259 t\u0259mizlik i\u015fl\u0259ri apar\u0131lmas\u0131 i\u015fl\u0259rin\u0259 onu da c\u0259lb edib. H\u0259min g\u00fcn s\u0259h\u0259r t\u0259xmin\u0259n saat 8-\u0259 15 d\u0259qiq\u0259 qalm\u0131\u015f Sur\u0259t f\u0259hl\u0259l\u0259rl\u0259 birlikd\u0259 \u015eamax\u0131n\u0131n gir\u0259c\u0259yind\u0259ki \u201c\u015eamax\u0131\u201d restoran\u0131n\u0131n qar\u015f\u0131s\u0131ndak\u0131 reklam l\u00f6vh\u0259sini s\u00f6k\u00fcrm\u00fc\u015f. Buna g\u00f6r\u0259 qald\u0131r\u0131c\u0131 kranla h\u00fcnd\u00fcrl\u00fcy\u0259 qalx\u0131blar, kran a\u015f\u0131b, o v\u0259 dig\u0259r iki f\u0259hl\u0259 a\u011f\u0131r yaralan\u0131b.\n<\/p>\n<p>\n  <b><br \/>\n    \u201cBa\u015f\u00e7\u0131 birc\u0259 d\u0259f\u0259 d\u0259 ail\u0259mizl\u0259 maraqlanmad\u0131\u201d<br \/>\n  <\/b>\n<\/p>\n<p>\n  Gerisi nec\u0259 ba\u015f verib, qarda\u015f\u0131 G\u00fcnd\u00fcz Heyb\u0259tovdan dinl\u0259y\u0259k:\n<\/p>\n<figure class=\"wp-block-image size-large\">\n  <img decoding=\"async\" src=\"https:\/\/www.meydan.tv\/az\/image_from_ios-3-jpg-123\/\" alt=\"image_from_ios (3).jpg\" class=\"wp-image-144716\"\/><figcaption>\n    S\u00fcr\u0259t Heyb\u0259tov<br \/>\n  <\/figcaption><\/figure>\n<p>\n  \u201cO i\u015fl\u0259ri g\u00f6rm\u0259k m\u0259nim qarda\u015f\u0131m\u0131n v\u0259zif\u0259sin\u0259 daxil olmay\u0131b. Onu k\u00f6m\u0259k etm\u0259k \u00fc\u00e7\u00fcn ora g\u00f6nd\u0259ribl\u0259r. Kran da icra hakimiyy\u0259tinin olub. Qarda\u015f\u0131m v\u0259 o biri f\u0259hl\u0259l\u0259r a\u011f\u0131r yaralanandan sonra \u015eamax\u0131 x\u0259st\u0259xanas\u0131na g\u00f6t\u00fcr\u00fcl\u00fcbl\u0259r. Hadis\u0259 yerini d\u0259 t\u0259mizl\u0259yibl\u0259r ki, he\u00e7 kim bilm\u0259sin. T\u0259xmin\u0259n 2 saat sonra qarda\u015f\u0131m\u0131n y\u0131x\u0131l\u0131b \u00f6l\u00fcmc\u00fcl x\u0259sar\u0259tl\u0259r ald\u0131\u011f\u0131 yerd\u0259n 100 metr aral\u0131da Prezident \u00e7\u0131x\u0131\u015f edib. Videolara diqq\u0259tl\u0259 baxsan\u0131z, ayd\u0131n g\u00f6r\u0259rsiz, Prezidentin dayand\u0131\u011f\u0131 yerd\u0259n, a\u011faclar\u0131n aras\u0131ndan h\u0259min \u015fadl\u0131q evi g\u00f6r\u00fcn\u00fcr. T\u0259l\u0259sik \u015fadl\u0131q evinin \u00fcz\u0259rind\u0259ki ad\u0131 yaz\u0131lan l\u00f6vh\u0259ni \u00e7\u0131xartd\u0131r\u0131blar ki, Prezident ke\u00e7\u0259nd\u0259 g\u00f6rm\u0259sin. Qarda\u015f\u0131m deyib, m\u0259n he\u00e7 vaxt krana \u00e7\u0131xmam\u0131\u015fam, bacard\u0131\u011f\u0131m i\u015f deyil, m\u0259cbur edibl\u0259r ki, \u00e7\u0131x\u201d.\n<\/p>\n<p>\n  G\u00fcnd\u00fcz Heyb\u0259tovun s\u00f6zl\u0259rin\u0259 g\u00f6r\u0259, Sur\u0259ti \u015eamax\u0131 M\u0259rk\u0259zi X\u0259st\u0259xanas\u0131na g\u00f6t\u00fcr\u0259nd\u0259 ail\u0259y\u0259 bildirilib ki, b\u0259d\u0259ninin bir ne\u00e7\u0259 yerind\u0259 s\u0131n\u0131qlar var v\u0259 Bak\u0131da g\u00f6t\u00fcr\u00fclm\u0259lidir:\n<\/p>\n<p>\n  \u201cBak\u0131ya Travmatologiya X\u0259st\u0259xanas\u0131na \u00e7atd\u0131rd\u0131q, dedil\u0259r ki, yaral\u0131da daxili qanaxma var, bizlik deyil, \u201cSema\u015fko\u201dya apar\u0131n. Biz d\u0259 \u201cSema\u015fko\u201dya apard\u0131q. Orada dedil\u0259r, art\u0131q gecdir, daxili qanaxmadan \u00f6ld\u00fc. Bizi \u0259vv\u0259l inand\u0131rd\u0131lar ki, i\u015f\u0259 \u0259dal\u0259tli bax\u0131lacaq. \u0130\u015f rayon prokurorlu\u011fundad\u0131r. \u018fvv\u0259ll\u0259r icra ba\u015f\u00e7\u0131s\u0131n\u0131n k\u00f6m\u0259k\u00e7isi evimiz\u0259 g\u0259lib gedirdi, deyirdi, ba\u015f\u00e7\u0131 \u00f6z\u00fc d\u0259 g\u0259l\u0259c\u0259k, ail\u0259ni g\u00f6r\u0259c\u0259k. Ancaq g\u0259lm\u0259di. \u0130ki aya yax\u0131n vaxt ke\u00e7ir, bir d\u0259 x\u0259b\u0259r tutduq Prezident Administrasiyas\u0131ndan prokurorlu\u011fa g\u00f6st\u0259ri\u015f verilib ki, he\u00e7 kim cinay\u0259t m\u0259suliyy\u0259tin\u0259 c\u0259lb olunmas\u0131n, i\u015f \u00f6rt-basd\u0131r edilsin, s\u0259si d\u0259 \u00e7\u0131xmas\u0131n. Biz is\u0259 qarda\u015f\u0131m\u0131n qan\u0131n\u0131n batmas\u0131n\u0131 ist\u0259mirik. Bu i\u015fd\u0259 kim g\u00fcnahkard\u0131rsa, c\u0259zaland\u0131r\u0131lmas\u0131n\u0131 t\u0259l\u0259b edirik. T\u0259kc\u0259 qarda\u015f\u0131m deyil, rayon sakini olan dig\u0259r f\u0259hl\u0259 d\u0259 \u00f6l\u00fcb, onun da ail\u0259si \u015fikay\u0259t\u00e7idir\u201d.\n<\/p>\n<p>\n  <b><br \/>\n    \u201cAra\u015fd\u0131rmalar davam edir\u201d<br \/>\n  <\/b>\n<\/p>\n<p>\n  \u015eamax\u0131 Rayon \u0130cra Hakimiyy\u0259tind\u0259n Meydan TV-y\u0259 yaln\u0131z o bildirilib ki, m\u0259s\u0259l\u0259 il\u0259 ba\u011fl\u0131 rayon prokurorlu\u011funda ara\u015fd\u0131rmalar h\u0259l\u0259 ki davam edir, g\u00fcnahkar kimdirs\u0259, istintaq orqan\u0131 ortaya \u00e7\u0131xaracaq, m\u0259hk\u0259m\u0259 d\u0259 c\u0259zas\u0131n\u0131 k\u0259s\u0259c\u0259k. Rayon prokurorlu\u011fu is\u0259 deyir, \u015fahidl\u0259r dindirilib, ekspertiza r\u0259yi prokurorlu\u011fa daxil olmad\u0131\u011f\u0131na g\u00f6r\u0259 ara\u015fd\u0131rma h\u0259l\u0259 ba\u015fa \u00e7atmay\u0131b. Ail\u0259nin Prezident Administrasiyas\u0131 t\u0259r\u0259fd\u0259n prokurorlu\u011fa t\u0259zyiq, g\u00f6st\u0259ri\u015f verm\u0259si il\u0259 ba\u011fl\u0131 deyil\u0259nl\u0259ri is\u0259 prokurorluq t\u0259kzib edib.<\/p>\n","protected":false},"excerpt":{"rendered":"<p>G\u00fcnd\u00fcz Heyb\u0259tovun s\u00f6zl\u0259rin\u0259 g\u00f6r\u0259, Sur\u0259ti \u015eamax\u0131 M\u0259rk\u0259zi X\u0259st\u0259xanas\u0131na g\u00f6t\u00fcr\u0259nd\u0259 ail\u0259y\u0259 bildirilib ki, b\u0259d\u0259ninin bir ne\u00e7\u0259 yerind\u0259 s\u0131n\u0131qlar var v\u0259 Bak\u0131da g\u00f6t\u00fcr\u00fclm\u0259lidir<\/p>\n","protected":false},"author":11,"featured_media":144719,"comment_status":"closed","ping_status":"open","sticky":false,"template":"","format":"standard","meta":{"_acf_changed":false,"_sitemap_exclude":false,"_sitemap_priority":"","_sitemap_frequency":"","footnotes":""},"categories":[60],"tags":[],"class_list":["post-201518","post","type-post","status-publish","format-standard","has-post-thumbnail","hentry","category-bolge","infinite-scroll-item","generate-columns","tablet-grid-50","mobile-grid-100","grid-parent","grid-33","no-featured-image-padding"],"acf":[],"yoast_head":"<!-- This site is optimized with the Yoast SEO plugin v27.5 - https:\/\/yoast.com\/product\/yoast-seo-wordpress\/ -->\n<title>\u201cQarda\u015f\u0131m\u0131n \u00f6l\u00fcm\u00fcnd\u0259 icra hakimiyy\u0259ti g\u00fcnahkard\u0131r\u201d - MEYDAN.TV<\/title>\n<meta name=\"robots\" content=\"index, follow, max-snippet:-1, max-image-preview:large, max-video-preview:-1\" \/>\n<link rel=\"canonical\" href=\"https:\/\/www.meydan.tv\/az\/article\/qardasimin-olumunde-icra-hakimiyyeti-gunahkardir\/\" \/>\n<meta property=\"og:locale\" content=\"az_AZ\" \/>\n<meta property=\"og:type\" content=\"article\" \/>\n<meta property=\"og:title\" content=\"\u201cQarda\u015f\u0131m\u0131n \u00f6l\u00fcm\u00fcnd\u0259 icra hakimiyy\u0259ti g\u00fcnahkard\u0131r\u201d - MEYDAN.TV\" \/>\n<meta property=\"og:description\" content=\"G\u00fcnd\u00fcz Heyb\u0259tovun s\u00f6zl\u0259rin\u0259 g\u00f6r\u0259, Sur\u0259ti \u015eamax\u0131 M\u0259rk\u0259zi X\u0259st\u0259xanas\u0131na g\u00f6t\u00fcr\u0259nd\u0259 ail\u0259y\u0259 bildirilib ki, b\u0259d\u0259ninin bir ne\u00e7\u0259 yerind\u0259 s\u0131n\u0131qlar var v\u0259 Bak\u0131da g\u00f6t\u00fcr\u00fclm\u0259lidir\" \/>\n<meta property=\"og:url\" content=\"https:\/\/www.meydan.tv\/az\/article\/qardasimin-olumunde-icra-hakimiyyeti-gunahkardir\/\" \/>\n<meta property=\"og:site_name\" content=\"MEYDAN.TV\" \/>\n<meta property=\"article:published_time\" content=\"2020-07-18T20:42:26+00:00\" \/>\n<meta property=\"og:image\" content=\"https:\/\/www.meydan.tv\/wp-content\/uploads\/samaxi-scaled.jpg\" \/>\n\t<meta property=\"og:image:width\" content=\"2560\" \/>\n\t<meta property=\"og:image:height\" content=\"1440\" \/>\n\t<meta property=\"og:image:type\" content=\"image\/jpeg\" \/>\n<meta name=\"author\" content=\"user-manager\" \/>\n<meta name=\"twitter:card\" content=\"summary_large_image\" \/>\n<script type=\"application\/ld+json\" class=\"yoast-schema-graph\">{\"@context\":\"https:\\\/\\\/schema.org\",\"@graph\":[{\"@type\":\"Article\",\"@id\":\"https:\\\/\\\/www.meydan.tv\\\/az\\\/article\\\/qardasimin-olumunde-icra-hakimiyyeti-gunahkardir\\\/#article\",\"isPartOf\":{\"@id\":\"https:\\\/\\\/www.meydan.tv\\\/az\\\/article\\\/qardasimin-olumunde-icra-hakimiyyeti-gunahkardir\\\/\"},\"author\":{\"name\":\"user-manager\",\"@id\":\"https:\\\/\\\/www.meydan.tv\\\/az\\\/#\\\/schema\\\/person\\\/10d11eccf6da3662cf5fdab9806ea91a\"},\"headline\":\"\u201cQarda\u015f\u0131m\u0131n \u00f6l\u00fcm\u00fcnd\u0259 icra hakimiyy\u0259ti g\u00fcnahkard\u0131r\u201d\",\"datePublished\":\"2020-07-18T20:42:26+00:00\",\"mainEntityOfPage\":{\"@id\":\"https:\\\/\\\/www.meydan.tv\\\/az\\\/article\\\/qardasimin-olumunde-icra-hakimiyyeti-gunahkardir\\\/\"},\"wordCount\":988,\"publisher\":{\"@id\":\"https:\\\/\\\/www.meydan.tv\\\/az\\\/#organization\"},\"image\":{\"@id\":\"https:\\\/\\\/www.meydan.tv\\\/az\\\/article\\\/qardasimin-olumunde-icra-hakimiyyeti-gunahkardir\\\/#primaryimage\"},\"thumbnailUrl\":\"https:\\\/\\\/www.meydan.tv\\\/wp-content\\\/uploads\\\/samaxi-scaled.jpg\",\"articleSection\":[\"B\u00f6lg\u0259\"],\"inLanguage\":\"az\"},{\"@type\":\"WebPage\",\"@id\":\"https:\\\/\\\/www.meydan.tv\\\/az\\\/article\\\/qardasimin-olumunde-icra-hakimiyyeti-gunahkardir\\\/\",\"url\":\"https:\\\/\\\/www.meydan.tv\\\/az\\\/article\\\/qardasimin-olumunde-icra-hakimiyyeti-gunahkardir\\\/\",\"name\":\"\u201cQarda\u015f\u0131m\u0131n \u00f6l\u00fcm\u00fcnd\u0259 icra hakimiyy\u0259ti g\u00fcnahkard\u0131r\u201d - MEYDAN.TV\",\"isPartOf\":{\"@id\":\"https:\\\/\\\/www.meydan.tv\\\/az\\\/#website\"},\"primaryImageOfPage\":{\"@id\":\"https:\\\/\\\/www.meydan.tv\\\/az\\\/article\\\/qardasimin-olumunde-icra-hakimiyyeti-gunahkardir\\\/#primaryimage\"},\"image\":{\"@id\":\"https:\\\/\\\/www.meydan.tv\\\/az\\\/article\\\/qardasimin-olumunde-icra-hakimiyyeti-gunahkardir\\\/#primaryimage\"},\"thumbnailUrl\":\"https:\\\/\\\/www.meydan.tv\\\/wp-content\\\/uploads\\\/samaxi-scaled.jpg\",\"datePublished\":\"2020-07-18T20:42:26+00:00\",\"breadcrumb\":{\"@id\":\"https:\\\/\\\/www.meydan.tv\\\/az\\\/article\\\/qardasimin-olumunde-icra-hakimiyyeti-gunahkardir\\\/#breadcrumb\"},\"inLanguage\":\"az\",\"potentialAction\":[{\"@type\":\"ReadAction\",\"target\":[\"https:\\\/\\\/www.meydan.tv\\\/az\\\/article\\\/qardasimin-olumunde-icra-hakimiyyeti-gunahkardir\\\/\"]}]},{\"@type\":\"ImageObject\",\"inLanguage\":\"az\",\"@id\":\"https:\\\/\\\/www.meydan.tv\\\/az\\\/article\\\/qardasimin-olumunde-icra-hakimiyyeti-gunahkardir\\\/#primaryimage\",\"url\":\"https:\\\/\\\/www.meydan.tv\\\/wp-content\\\/uploads\\\/samaxi-scaled.jpg\",\"contentUrl\":\"https:\\\/\\\/www.meydan.tv\\\/wp-content\\\/uploads\\\/samaxi-scaled.jpg\",\"width\":2560,\"height\":1440,\"caption\":\"Source: Specify Source\"},{\"@type\":\"BreadcrumbList\",\"@id\":\"https:\\\/\\\/www.meydan.tv\\\/az\\\/article\\\/qardasimin-olumunde-icra-hakimiyyeti-gunahkardir\\\/#breadcrumb\",\"itemListElement\":[{\"@type\":\"ListItem\",\"position\":1,\"name\":\"Ana s\u0259hif\u0259\",\"item\":\"https:\\\/\\\/www.meydan.tv\\\/az\\\/\"},{\"@type\":\"ListItem\",\"position\":2,\"name\":\"B\u00f6lg\u0259\",\"item\":\"https:\\\/\\\/www.meydan.tv\\\/az\\\/section\\\/bolge\\\/\"},{\"@type\":\"ListItem\",\"position\":3,\"name\":\"\u201cQarda\u015f\u0131m\u0131n \u00f6l\u00fcm\u00fcnd\u0259 icra hakimiyy\u0259ti g\u00fcnahkard\u0131r\u201d\"}]},{\"@type\":\"WebSite\",\"@id\":\"https:\\\/\\\/www.meydan.tv\\\/az\\\/#website\",\"url\":\"https:\\\/\\\/www.meydan.tv\\\/az\\\/\",\"name\":\"MEYDAN.TV\",\"description\":\"Meydan TV Az\u0259rbaycan\u0131n media m\u0259kan\u0131ndak\u0131 alternativ s\u0259sidir\",\"publisher\":{\"@id\":\"https:\\\/\\\/www.meydan.tv\\\/az\\\/#organization\"},\"potentialAction\":[{\"@type\":\"SearchAction\",\"target\":{\"@type\":\"EntryPoint\",\"urlTemplate\":\"https:\\\/\\\/www.meydan.tv\\\/az\\\/?s={search_term_string}\"},\"query-input\":{\"@type\":\"PropertyValueSpecification\",\"valueRequired\":true,\"valueName\":\"search_term_string\"}}],\"inLanguage\":\"az\"},{\"@type\":\"Organization\",\"@id\":\"https:\\\/\\\/www.meydan.tv\\\/az\\\/#organization\",\"name\":\"Meydan TV\",\"url\":\"https:\\\/\\\/www.meydan.tv\\\/az\\\/\",\"logo\":{\"@type\":\"ImageObject\",\"inLanguage\":\"az\",\"@id\":\"https:\\\/\\\/www.meydan.tv\\\/az\\\/#\\\/schema\\\/logo\\\/image\\\/\",\"url\":\"https:\\\/\\\/www.meydan.tv\\\/wp-content\\\/uploads\\\/2021\\\/07\\\/meydan-logo.svg\",\"contentUrl\":\"https:\\\/\\\/www.meydan.tv\\\/wp-content\\\/uploads\\\/2021\\\/07\\\/meydan-logo.svg\",\"width\":195,\"height\":46,\"caption\":\"Meydan TV\"},\"image\":{\"@id\":\"https:\\\/\\\/www.meydan.tv\\\/az\\\/#\\\/schema\\\/logo\\\/image\\\/\"}},{\"@type\":\"Person\",\"@id\":\"https:\\\/\\\/www.meydan.tv\\\/az\\\/#\\\/schema\\\/person\\\/10d11eccf6da3662cf5fdab9806ea91a\",\"name\":\"user-manager\"}]}<\/script>\n<!-- \/ Yoast SEO plugin. -->","yoast_head_json":{"title":"\u201cQarda\u015f\u0131m\u0131n \u00f6l\u00fcm\u00fcnd\u0259 icra hakimiyy\u0259ti g\u00fcnahkard\u0131r\u201d - MEYDAN.TV","robots":{"index":"index","follow":"follow","max-snippet":"max-snippet:-1","max-image-preview":"max-image-preview:large","max-video-preview":"max-video-preview:-1"},"canonical":"https:\/\/www.meydan.tv\/az\/article\/qardasimin-olumunde-icra-hakimiyyeti-gunahkardir\/","og_locale":"az_AZ","og_type":"article","og_title":"\u201cQarda\u015f\u0131m\u0131n \u00f6l\u00fcm\u00fcnd\u0259 icra hakimiyy\u0259ti g\u00fcnahkard\u0131r\u201d - MEYDAN.TV","og_description":"G\u00fcnd\u00fcz Heyb\u0259tovun s\u00f6zl\u0259rin\u0259 g\u00f6r\u0259, Sur\u0259ti \u015eamax\u0131 M\u0259rk\u0259zi X\u0259st\u0259xanas\u0131na g\u00f6t\u00fcr\u0259nd\u0259 ail\u0259y\u0259 bildirilib ki, b\u0259d\u0259ninin bir ne\u00e7\u0259 yerind\u0259 s\u0131n\u0131qlar var v\u0259 Bak\u0131da g\u00f6t\u00fcr\u00fclm\u0259lidir","og_url":"https:\/\/www.meydan.tv\/az\/article\/qardasimin-olumunde-icra-hakimiyyeti-gunahkardir\/","og_site_name":"MEYDAN.TV","article_published_time":"2020-07-18T20:42:26+00:00","og_image":[{"width":2560,"height":1440,"url":"https:\/\/www.meydan.tv\/wp-content\/uploads\/samaxi-scaled.jpg","type":"image\/jpeg"}],"author":"user-manager","twitter_card":"summary_large_image","schema":{"@context":"https:\/\/schema.org","@graph":[{"@type":"Article","@id":"https:\/\/www.meydan.tv\/az\/article\/qardasimin-olumunde-icra-hakimiyyeti-gunahkardir\/#article","isPartOf":{"@id":"https:\/\/www.meydan.tv\/az\/article\/qardasimin-olumunde-icra-hakimiyyeti-gunahkardir\/"},"author":{"name":"user-manager","@id":"https:\/\/www.meydan.tv\/az\/#\/schema\/person\/10d11eccf6da3662cf5fdab9806ea91a"},"headline":"\u201cQarda\u015f\u0131m\u0131n \u00f6l\u00fcm\u00fcnd\u0259 icra hakimiyy\u0259ti g\u00fcnahkard\u0131r\u201d","datePublished":"2020-07-18T20:42:26+00:00","mainEntityOfPage":{"@id":"https:\/\/www.meydan.tv\/az\/article\/qardasimin-olumunde-icra-hakimiyyeti-gunahkardir\/"},"wordCount":988,"publisher":{"@id":"https:\/\/www.meydan.tv\/az\/#organization"},"image":{"@id":"https:\/\/www.meydan.tv\/az\/article\/qardasimin-olumunde-icra-hakimiyyeti-gunahkardir\/#primaryimage"},"thumbnailUrl":"https:\/\/www.meydan.tv\/wp-content\/uploads\/samaxi-scaled.jpg","articleSection":["B\u00f6lg\u0259"],"inLanguage":"az"},{"@type":"WebPage","@id":"https:\/\/www.meydan.tv\/az\/article\/qardasimin-olumunde-icra-hakimiyyeti-gunahkardir\/","url":"https:\/\/www.meydan.tv\/az\/article\/qardasimin-olumunde-icra-hakimiyyeti-gunahkardir\/","name":"\u201cQarda\u015f\u0131m\u0131n \u00f6l\u00fcm\u00fcnd\u0259 icra hakimiyy\u0259ti g\u00fcnahkard\u0131r\u201d - MEYDAN.TV","isPartOf":{"@id":"https:\/\/www.meydan.tv\/az\/#website"},"primaryImageOfPage":{"@id":"https:\/\/www.meydan.tv\/az\/article\/qardasimin-olumunde-icra-hakimiyyeti-gunahkardir\/#primaryimage"},"image":{"@id":"https:\/\/www.meydan.tv\/az\/article\/qardasimin-olumunde-icra-hakimiyyeti-gunahkardir\/#primaryimage"},"thumbnailUrl":"https:\/\/www.meydan.tv\/wp-content\/uploads\/samaxi-scaled.jpg","datePublished":"2020-07-18T20:42:26+00:00","breadcrumb":{"@id":"https:\/\/www.meydan.tv\/az\/article\/qardasimin-olumunde-icra-hakimiyyeti-gunahkardir\/#breadcrumb"},"inLanguage":"az","potentialAction":[{"@type":"ReadAction","target":["https:\/\/www.meydan.tv\/az\/article\/qardasimin-olumunde-icra-hakimiyyeti-gunahkardir\/"]}]},{"@type":"ImageObject","inLanguage":"az","@id":"https:\/\/www.meydan.tv\/az\/article\/qardasimin-olumunde-icra-hakimiyyeti-gunahkardir\/#primaryimage","url":"https:\/\/www.meydan.tv\/wp-content\/uploads\/samaxi-scaled.jpg","contentUrl":"https:\/\/www.meydan.tv\/wp-content\/uploads\/samaxi-scaled.jpg","width":2560,"height":1440,"caption":"Source: Specify Source"},{"@type":"BreadcrumbList","@id":"https:\/\/www.meydan.tv\/az\/article\/qardasimin-olumunde-icra-hakimiyyeti-gunahkardir\/#breadcrumb","itemListElement":[{"@type":"ListItem","position":1,"name":"Ana s\u0259hif\u0259","item":"https:\/\/www.meydan.tv\/az\/"},{"@type":"ListItem","position":2,"name":"B\u00f6lg\u0259","item":"https:\/\/www.meydan.tv\/az\/section\/bolge\/"},{"@type":"ListItem","position":3,"name":"\u201cQarda\u015f\u0131m\u0131n \u00f6l\u00fcm\u00fcnd\u0259 icra hakimiyy\u0259ti g\u00fcnahkard\u0131r\u201d"}]},{"@type":"WebSite","@id":"https:\/\/www.meydan.tv\/az\/#website","url":"https:\/\/www.meydan.tv\/az\/","name":"MEYDAN.TV","description":"Meydan TV Az\u0259rbaycan\u0131n media m\u0259kan\u0131ndak\u0131 alternativ s\u0259sidir","publisher":{"@id":"https:\/\/www.meydan.tv\/az\/#organization"},"potentialAction":[{"@type":"SearchAction","target":{"@type":"EntryPoint","urlTemplate":"https:\/\/www.meydan.tv\/az\/?s={search_term_string}"},"query-input":{"@type":"PropertyValueSpecification","valueRequired":true,"valueName":"search_term_string"}}],"inLanguage":"az"},{"@type":"Organization","@id":"https:\/\/www.meydan.tv\/az\/#organization","name":"Meydan TV","url":"https:\/\/www.meydan.tv\/az\/","logo":{"@type":"ImageObject","inLanguage":"az","@id":"https:\/\/www.meydan.tv\/az\/#\/schema\/logo\/image\/","url":"https:\/\/www.meydan.tv\/wp-content\/uploads\/2021\/07\/meydan-logo.svg","contentUrl":"https:\/\/www.meydan.tv\/wp-content\/uploads\/2021\/07\/meydan-logo.svg","width":195,"height":46,"caption":"Meydan TV"},"image":{"@id":"https:\/\/www.meydan.tv\/az\/#\/schema\/logo\/image\/"}},{"@type":"Person","@id":"https:\/\/www.meydan.tv\/az\/#\/schema\/person\/10d11eccf6da3662cf5fdab9806ea91a","name":"user-manager"}]}},"_links":{"self":[{"href":"https:\/\/www.meydan.tv\/az\/wp-json\/wp\/v2\/posts\/201518","targetHints":{"allow":["GET"]}}],"collection":[{"href":"https:\/\/www.meydan.tv\/az\/wp-json\/wp\/v2\/posts"}],"about":[{"href":"https:\/\/www.meydan.tv\/az\/wp-json\/wp\/v2\/types\/post"}],"author":[{"embeddable":true,"href":"https:\/\/www.meydan.tv\/az\/wp-json\/wp\/v2\/users\/11"}],"replies":[{"embeddable":true,"href":"https:\/\/www.meydan.tv\/az\/wp-json\/wp\/v2\/comments?post=201518"}],"version-history":[{"count":0,"href":"https:\/\/www.meydan.tv\/az\/wp-json\/wp\/v2\/posts\/201518\/revisions"}],"wp:featuredmedia":[{"embeddable":true,"href":"https:\/\/www.meydan.tv\/az\/wp-json\/wp\/v2\/media\/144719"}],"wp:attachment":[{"href":"https:\/\/www.meydan.tv\/az\/wp-json\/wp\/v2\/media?parent=201518"}],"wp:term":[{"taxonomy":"category","embeddable":true,"href":"https:\/\/www.meydan.tv\/az\/wp-json\/wp\/v2\/categories?post=201518"},{"taxonomy":"post_tag","embeddable":true,"href":"https:\/\/www.meydan.tv\/az\/wp-json\/wp\/v2\/tags?post=201518"}],"curies":[{"name":"wp","href":"https:\/\/api.w.org\/{rel}","templated":true}]}}