{"id":201471,"date":"2020-07-16T14:03:27","date_gmt":"2020-07-16T14:03:27","guid":{"rendered":"https:\/\/www.meydan.tv\/article\/tovuzda-bas-hekimin-xetri-kimi-isteyirse-ona-kompensasiya-yazir\/"},"modified":"2020-07-16T14:03:27","modified_gmt":"2020-07-16T14:03:27","slug":"tovuzda-bas-hekimin-xetri-kimi-isteyirse-ona-kompensasiya-yazir","status":"publish","type":"post","link":"https:\/\/www.meydan.tv\/az\/article\/tovuzda-bas-hekimin-xetri-kimi-isteyirse-ona-kompensasiya-yazir\/","title":{"rendered":"Tovuzda: Ba\u015f h\u0259kimin x\u0259tri kimi ist\u0259yirs\u0259, ona kompensasiya yaz\u0131r"},"content":{"rendered":"<p>\n  <i><br \/>\n    H\u0259kiml\u0259r Prezidentin s\u0259r\u0259ncam\u0131n\u0131n t\u0259tbiq olunmad\u0131\u011f\u0131n\u0131 deyirl\u0259r<br \/>\n  <\/i>\n<\/p>\n<p>\n  Tovuzun T\u0259cili v\u0259 T\u0259xir\u0259sal\u0131nmaz Tibbi Yard\u0131m Stansiyas\u0131n\u0131n Qovlar \u015e\u0259h\u0259r X\u0259st\u0259xanas\u0131nda yerl\u0259\u015f\u0259n b\u00f6lm\u0259sinin 17 n\u0259f\u0259rd\u0259n ibar\u0259t tibbi v\u0259 qeyri-tibbi i\u015f\u00e7isinin h\u0259yat\u0131 t\u0259hl\u00fck\u0259d\u0259dir. Dedikl\u0259rin\u0259 g\u00f6r\u0259, m\u00f6vcud pandemiya d\u00f6n\u0259mind\u0259 \u00e7a\u011f\u0131r\u0131\u015flara x\u00fcsusi qoruyucu geyiml\u0259rl\u0259 t\u0259chiz olunmadan gedirl\u0259r.\n<\/p>\n<p>\n  \u0130\u015fl\u0259rini itirm\u0259m\u0259k \u00fc\u00e7\u00fcn adlar\u0131n\u0131n a\u00e7\u0131qlanmas\u0131n\u0131 ist\u0259m\u0259y\u0259n tibb i\u015f\u00e7il\u0259ri Meydan TV-y\u0259 bildiribl\u0259r ki, m\u00fcmk\u00fcn yeni n\u00f6v koronavirusla t\u0259mas hal\u0131nda \u0259liyal\u0131n &#8211; maskas\u0131z, \u0259lc\u0259ksiz dayan\u0131blar.\n<\/p>\n<p>\n  Tibb i\u015f\u00e7il\u0259rind\u0259n biri deyib ki, \u00e7a\u011f\u0131r\u0131\u015fa ged\u0259n zaman \u0259ks\u0259r hallarda x\u0259st\u0259l\u0259rd\u0259 y\u00fcks\u0259k h\u0259rar\u0259t m\u00fc\u015fahid\u0259 olunur. X\u0259st\u0259nin h\u0259rar\u0259ti y\u00fcks\u0259k olanda onlar Tovuz Rayon M\u0259rk\u0259zi X\u0259st\u0259xanas\u0131ndak\u0131 x\u00fcsusi briqadaya z\u0259ng edirl\u0259r, g\u0259lib yaxma g\u00f6t\u00fcr\u00fcl\u00fcr:\n<\/p>\n<p>\n  \u201cSonradan analizin cavab\u0131 \u00e7\u0131x\u0131r ki, x\u0259st\u0259 COV\u0130D-19 virusuna yoluxub. Bu ne\u00e7\u0259 ay \u0259rzind\u0259 bir d\u0259f\u0259 d\u0259 olsun bizi tibbi m\u00fcayin\u0259d\u0259n ke\u00e7irm\u0259yibl\u0259r. He\u00e7 bir qoruyucu vasit\u0259l\u0259rl\u0259 t\u0259min olunmam\u0131\u015f\u0131q. H\u0259yat\u0131m\u0131z\u0131 risk\u0259 at\u0131r\u0131q, sonra bu minvalla ev\u0259 g\u0259lirik, ail\u0259miz\u0259 &#8211; \u00f6vladlar\u0131m\u0131za x\u0259st\u0259lik sala bil\u0259rik. Prezidentimiz tibb i\u015f\u00e7il\u0259rin\u0259 g\u00f6r\u0259 \u0259m\u0259khaqq\u0131n\u0131n m\u00fc\u0259yy\u0259n mislinin verilm\u0259sin\u0259 g\u00f6r\u0259 s\u0259r\u0259ncam imzalay\u0131b. Biz indiy\u0259d\u0259k h\u0259min pulun bir manat\u0131n\u0131 da g\u00f6rm\u0259mi\u015fik. Halbuki, x\u0259st\u0259ni biz a\u015fkar edirik, sonradan briqada x\u00fcsusi geyiml\u0259rd\u0259 g\u0259lir, yaxma g\u00f6t\u00fcr\u00fcr\u201d.\n<\/p>\n<figure class=\"wp-block-image size-large\">\n  <img decoding=\"async\" src=\"https:\/\/www.meydan.tv\/az\/img_20200711_214900_453-jpg\/\" alt=\"img_20200711_214900_453.jpg\" class=\"wp-image-144524\"\/><figcaption>\n    Stasionar<br \/>\n  <\/figcaption><\/figure>\n<p>\n  Tibb i\u015f\u00e7isi bildirir ki, m\u0259s\u0259l\u0259 il\u0259 ba\u011fl\u0131 Tovuz Rayon M\u0259rk\u0259zi X\u0259st\u0259xanas\u0131n\u0131n ba\u015f h\u0259kimi Pa\u015fa Muradovun q\u0259bulunda olaraq probleml\u0259rini deyibl\u0259r:\n<\/p>\n<p>\n  \u201cBa\u015f h\u0259kimin cavab\u0131 bu oldu ki, pandemiya il\u0259 m\u00fccadil\u0259d\u0259 i\u015ftirak etm\u0259misiniz, siz\u0259 pul d\u00fc\u015fm\u00fcr. Ne\u00e7\u0259 olur ki, Tovuz Rayon M\u0259rk\u0259zi X\u0259st\u0259xanas\u0131n\u0131n ba\u015f h\u0259kiminin m\u00fcavinin\u0259, yaxud T\u0259cili Tibbi Yard\u0131m Stansiyas\u0131n\u0131n ba\u015f h\u0259kimin\u0259 kompensasiya yaz\u0131l\u0131r, amma biz yaz\u0131q h\u0259kiml\u0259r can\u0131m\u0131z\u0131 t\u0259hl\u00fck\u0259y\u0259 at\u0131r\u0131q, biz\u0259 pul d\u00fc\u015fm\u00fcr? Pa\u015fa Muradovun x\u0259tri kimi ist\u0259yirs\u0259, s\u0259n\u0259di uy\u011funla\u015fd\u0131r\u0131b, kompensasiyan\u0131 ona yaz\u0131rlar. Biz is\u0259 t\u0259hqir olunuruq, a\u015fa\u011f\u0131lay\u0131c\u0131 s\u00f6zl\u0259r e\u015fidirk. Ba\u015f h\u0259kim olanda insanlar\u0131n t\u0259hqir etm\u0259k olar? M\u0259n bir ne\u00e7\u0259 x\u0259st\u0259 il\u0259 t\u0259masda olmu\u015fam. Sonradan onlar\u0131n test n\u0259tic\u0259si pozitiv \u00e7\u0131x\u0131b. He\u00e7 m\u0259niml\u0259 maraqlanmay\u0131blar ki, bu yaz\u0131q h\u0259kim x\u0259st\u0259 il\u0259 t\u0259masda olmu\u015fdu, g\u00f6r\u0259s\u0259n, v\u0259ziyy\u0259ti nec\u0259dir? Bel\u0259 haqs\u0131zl\u0131q olmaz. M\u0259n T\u0259cili Tibbi Yard\u0131m h\u0259kimiy\u0259m, q\u0131zd\u0131rmas\u0131 olan x\u0259st\u0259 m\u0259ni \u00e7a\u011f\u0131r\u0131r. N\u0259 deyim, deyim ki, getmir\u0259m?\u201d\n<\/p>\n<p>\n  Tibb i\u015f\u00e7isinin s\u00f6zl\u0259rin\u0259 g\u00f6r\u0259, \u00fcmumilikd\u0259 rayon \u00fczr\u0259 h\u0259kim \u00e7at\u0131\u015fmazl\u0131\u011f\u0131 var. \u018fks\u0259r x\u0259st\u0259xanalarda is\u0259 v\u0259ziyy\u0259t ac\u0131nacaql\u0131d\u0131r:\n<\/p>\n<p>\n  \u201cBiz Qovlar \u015e\u0259h\u0259r X\u0259st\u0259xanas\u0131n\u0131n iki ota\u011f\u0131nda yerl\u0259\u015fdirilmi\u015fik. K\u00f6hn\u0259 binad\u0131r, m\u00fcxt\u0259lif b\u00f6c\u0259k, h\u0259\u015faratlar olur. Otaqlar\u0131 \u00f6z\u00fcm\u00fcz d\u0259rmanlay\u0131r\u0131q. Tabeliyimizd\u0259 18 k\u0259nd var. C\u0259mi d\u00f6rd h\u0259kim bir g\u00fcnd\u0259n bir i\u015f\u0259 \u00e7\u0131x\u0131r. H\u0259r n\u00f6vb\u0259d\u0259 bir h\u0259kim, b\u0259zi hallarda iki-\u00fc\u00e7 tibb bac\u0131s\u0131 olur. \u00c7a\u011f\u0131r\u0131\u015fa gedirik, x\u0259st\u0259xana bo\u015f qal\u0131r. H\u0259min vaxt tibbi yard\u0131m \u00fc\u00e7\u00fcn g\u0259l\u0259n x\u0259st\u0259 burada he\u00e7 kimi tapm\u0131r. \u00c7a\u011f\u0131r\u0131\u015fdan qay\u0131d\u0131b g\u0259l\u0259nd\u0259 az qala bizi d\u00f6y\u00fcrl\u0259r ki, harada qalm\u0131san, \u00f6lm\u00fcs\u0259n? Ya da bizi t\u0259hqir edirl\u0259r. D\u0259rdimizi dey\u0259 bilmirik, susuruq. Yaxud olur ki, \u00e7a\u011f\u0131r\u0131\u015fa gedirik, ikinci x\u0259st\u0259nin \u00fcst\u00fcn\u0259 \u00e7a\u011f\u0131r\u0131rlar. H\u0259kiml\u0259r bir yandan \u00f6l\u00fcb gedir. Bir azdan iyn\u0259 vuran da tap\u0131lmayacaq\u201d.\n<\/p>\n<figure class=\"wp-block-image size-large\">\n  <img decoding=\"async\" src=\"https:\/\/www.meydan.tv\/az\/img_20200711_214831_255-jpg\/\" alt=\"img_20200711_214831_255.jpg\" class=\"wp-image-144536\"\/><figcaption>\n    &#8220;He\u00e7 bir qoruyucu vasit\u0259l\u0259rl\u0259 t\u0259min olunmam\u0131\u015f\u0131q&#8221;<br \/>\n  <\/figcaption><\/figure>\n<p>\n  \u201cHam\u0131 bilir ki, \u00f6n s\u0131rada, risk alt\u0131nda olanlar m\u0259hz T\u0259cili Tibbi Yard\u0131m\u0131n i\u015f\u00e7il\u0259ridir. \u00dcst\u00fcn\u0259 getdiyimiz x\u0259st\u0259l\u0259rin \u00e7oxunun test cavab\u0131 m\u00fcsb\u0259t \u00e7\u0131x\u0131b. H\u0259yat\u0131m\u0131z \u00e7ox b\u00f6y\u00fck risk alt\u0131ndad\u0131r. Pa\u015fa Muradova m\u00fcraci\u0259t etdik, dedi ki, siz pandemiya il\u0259 m\u00fcbariz\u0259d\u0259 i\u015ftirak etmirsiniz. Maskan\u0131 \u00f6z\u00fcm\u00fcz aptekd\u0259n pulla al\u0131r\u0131q. \u018flc\u0259yi gah tap\u0131r\u0131q, gah da yox. X\u0259st\u0259l\u0259rin \u00e7a\u011f\u0131r\u0131\u015f\u0131na adi maskayla gedirik, ba\u015fqa he\u00e7 bir qorunma vasit\u0259miz yoxdur. X\u00fcsusi qoruyucu geyimimiz yoxdur. Spirtl\u0259nirik, v\u0259ssalam. Gec\u0259yar\u0131s\u0131 q\u0131zd\u0131rmal\u0131 x\u0259st\u0259 g\u0259lir. M\u0259n ona nec\u0259 deyim ki, x\u0259st\u0259xanaya g\u0259lm\u0259?\u201d \u2013 bunu stansiyan\u0131n ba\u015fqa bir tibb i\u015f\u00e7isi deyir.\n<\/p>\n<p>\n  Dig\u0259r tibb i\u015f\u00e7isi is\u0259 s\u00f6yl\u0259yir ki, m\u0259s\u0259l\u0259 il\u0259 ba\u011fl\u0131 \u00f6nc\u0259 Tibbi \u018frazi B\u00f6lm\u0259l\u0259rini \u0130dar\u0259etm\u0259 Birliyi (T\u018fB\u0130B) v\u0259 Tibbi S\u0131\u011forta \u00fczr\u0259 D\u00f6vl\u0259t Agentliyi il\u0259 \u0259laq\u0259 saxlay\u0131blar:\n<\/p>\n<p>\n  \u201cT\u018fB\u0130B-\u0259 z\u0259ng etdik, dedil\u0259r ki, Agentlikl\u0259 \u0259laq\u0259 saxlay\u0131n. Agentlikd\u0259n is\u0259 bildirdil\u0259r ki, COV\u0130D x\u0259st\u0259l\u0259ri il\u0259 t\u0259masda olan h\u0259kiml\u0259rin siyah\u0131s\u0131n\u0131 rayonlar \u00fczr\u0259 yerli tibb m\u00fc\u0259ssis\u0259l\u0259ri m\u00fc\u0259yy\u0259n edir. Bizi g\u00f6nd\u0259rdil\u0259r Pa\u015fa Muradovun \u00fcst\u00fcn\u0259. Pa\u015fa Muradov da dedi ki, siz\u0259 pul d\u00fc\u015fm\u00fcr. Haqq\u0131m\u0131z\u0131 s\u00fcbut ed\u0259 bilmirik. Deyirik ki, s\u0259r\u0259ncamda bir m\u00fcdd\u0259a, b\u0259nd g\u00f6st\u0259rin ki, orada yaz\u0131lm\u0131\u015f olsun ki, COV\u0130D-19-a g\u00f6r\u0259 ayr\u0131lan pul h\u0259qiq\u0259t\u0259n yaxmada i\u015ftirak ed\u0259n, pandemiyal\u0131 x\u0259st\u0259l\u0259ri da\u015f\u0131yan briqadalara \u015famil olunur. Prezident q\u0259rar verib ki, bu pul \u00fcmum\u0259n T\u0259cili v\u0259 T\u0259xir\u0259sal\u0131nmaz Tibbi Yard\u0131ma ayr\u0131ls\u0131n. \u00c7\u00fcnki Prezident bilir ki, tibbi yard\u0131m \u0259m\u0259kda\u015flar\u0131n\u0131n h\u0259r bir \u00fczv\u00fc risk alt\u0131ndad\u0131r. D\u00f6vl\u0259t d\u0259 buna g\u00f6r\u0259 pul ay\u0131r\u0131b ki, risk alt\u0131nda olan bu tibb i\u015f\u00e7il\u0259ri f\u0259rql\u0259ndirilsin. Bizd\u0259 is\u0259 t\u0259rsin\u0259dir. Deyirl\u0259r ki, kim yaxmaya gedirs\u0259, pul ancaq ona d\u00fc\u015f\u00fcr. \u00dcmid edirik ki, bu m\u00fcraci\u0259timizi Prezident, Birinci vitse-prezident oxuyacaq. Oxuyub, h\u0259min adamdan soru\u015fsunlar ki, bu h\u0259kiml\u0259rin haqlar\u0131n\u0131 niy\u0259 tapdalay\u0131rsan?\u201d\n<\/p>\n<figure class=\"wp-block-image size-large\">\n  <img decoding=\"async\" src=\"https:\/\/www.meydan.tv\/az\/img_20200711_214822_579-jpg\/\" alt=\"img_20200711_214822_579.jpg\" class=\"wp-image-144530\"\/><figcaption>\n    &#8220;\u018flc\u0259yi gah tap\u0131r\u0131q, gah da yox&#8221;<br \/>\n  <\/figcaption><\/figure>\n<p>\n  Tibb i\u015f\u00e7isi dig\u0259r vacib probleml\u0259r\u0259 d\u0259 toxunub. Bildirib ki, son d\u00f6rd aya q\u0259d\u0259r onlara ayr\u0131lmas\u0131 n\u0259z\u0259rd\u0259 tutulan tibbi l\u0259vazimat, eyni zamanda d\u0259rman preparatlar\u0131 il\u0259 t\u0259min olunmay\u0131blar:\n<\/p>\n<p>\n  \u201cBiz\u0259 COV\u0130D-19 pandemiyas\u0131 ba\u015flayandan sonra iyn\u0259-d\u0259rman verm\u0259y\u0259 ba\u015flay\u0131blar. On ildir ki, T\u0259cili T\u0259xir\u0259sal\u0131nmaz Tibbi Yard\u0131m Stansiyas\u0131nda i\u015fl\u0259yir\u0259m. Bu on ild\u0259 ilk d\u0259f\u0259 i\u015f\u0259 ba\u015flayanda biz\u0259 xalat verilib. Bununla da m\u0259s\u0259l\u0259 qurtar\u0131b. H\u0259l\u0259 d\u0259 h\u0259min xalatlarday\u0131q. Halbuki, ild\u0259 iki d\u0259f\u0259 d\u0259yi\u015fm\u0259lidir. Buna g\u00f6r\u0259 pul ayr\u0131l\u0131r. Ma\u015f\u0131nlar da \u00e7ox pis v\u0259ziyy\u0259td\u0259dir. Biri k\u00f6hn\u0259 \u201cQazel\u201ddir. Biri k\u00f6hn\u0259 \u201cUAZ\u201d-d\u0131r, \u00fcst\u00fcnd\u0259 yaz\u0131s\u0131 v\u0259 sirenas\u0131 yoxdur. \u0130\u00e7ind\u0259 d\u0259 bir k\u00f6hn\u0259 x\u0259r\u0259kdir. Birc\u0259 t\u0259cili tibbi yard\u0131m ma\u015f\u0131n\u0131m\u0131z var. Onu da Tovuz Rayon M\u0259rk\u0259zi X\u0259st\u0259xanas\u0131 il\u0259 \u015f\u0259rikli i\u015fl\u0259dirik.\u201cUAZ\u201dla \u00e7a\u011f\u0131r\u0131\u015fa ged\u0259nd\u0259 yolda qal\u0131r\u0131q. Ma\u015f\u0131n k\u00f6hn\u0259dir, \u201cyat\u0131r\u201d. T\u0259s\u0259vv\u00fcr edin, biz h\u0259kim, tibb bac\u0131lar\u0131 ma\u015f\u0131ndan enib, onu it\u0259l\u0259yirik ki, i\u015f\u0259 d\u00fc\u015fs\u00fcn\u201d.\n<\/p>\n<p>\n  Tovuz Rayon M\u0259rk\u0259zi X\u0259st\u0259xanas\u0131n\u0131n ba\u015f h\u0259kimi Pa\u015fa Muradov Meydan TV-y\u0259 a\u00e7\u0131qlamas\u0131nda tibb i\u015f\u00e7il\u0259rinin dedikl\u0259rini \u0259sass\u0131z adland\u0131r\u0131b:\n<\/p>\n<p>\n  \u201cM\u0259ni \u015fantaj edirl\u0259r, onlar\u0131n ba\u015f\u0131nda dayananlar\u0131 bilir\u0259m. Orada bir-iki yerind\u0259 olmayan adam var. Kiml\u0259rl\u0259s\u0259 m\u0259ni t\u0259hdid edirl\u0259r. Bu da he\u00e7 vaxt al\u0131nmayacaq. Hara ist\u0259yirl\u0259r \u015fikay\u0259t etsinl\u0259r, amma qanun ham\u0131 \u00fc\u00e7\u00fcn eynidir. COV\u0130D-19-la m\u00fcbariz\u0259d\u0259 i\u015ftirak etm\u0259k ist\u0259yirl\u0259r? Problem yoxdur. Onlar\u0131 \u0259mrl\u0259\u015fdirib, m\u0259rk\u0259z\u0259 g\u0259tirmi\u015f\u0259m. Qrafik qurulacaq. H\u0259min qrafik\u0259 onlar da d\u00fc\u015f\u0259c\u0259k. Ondan sonra baxarlar ki, pul \u0259ziyy\u0259t \u00e7\u0259k\u0259nl\u0259r\u0259 verilir. T\u0259cili Tibbi Yard\u0131m Stansiyas\u0131n\u0131n m\u00fcdirin\u0259 tap\u015f\u0131rm\u0131\u015fam ki, onlara x\u00fcsusi geyiml\u0259r verilsin. \u0130ndi \u0259ziyy\u0259t \u00e7\u0259kib, g\u0259lib, h\u0259min geyiml\u0259ri bu yay\u0131n istisind\u0259 geyinsinl\u0259r, g\u00f6rs\u00fcnl\u0259r ki, \u0259lav\u0259 pul alanlar n\u0259l\u0259r \u00e7\u0259kir. T\u0259hl\u00fck\u0259y\u0259 g\u0259linc\u0259, x\u00fcsusi geyimd\u0259 olan iki h\u0259kimimiz art\u0131q yoluxub. Y\u0259ni geyim d\u0259 yoluxmadan qorumur. C\u0259nab Prezidentin s\u0259r\u0259ncam\u0131 var, profilaktik m\u00fcayin\u0259d\u0259 i\u015ftirak ed\u0259nl\u0259r 3, yaxmalarla m\u0259\u015f\u011ful olanlar 4, birba\u015fa karantin x\u0259st\u0259xanas\u0131nda i\u015fl\u0259y\u0259n h\u0259kiml\u0259r is\u0259 \u0259m\u0259khaqlar\u0131n\u0131n 5 misli q\u0259d\u0259rind\u0259 pul al\u0131rlar. H\u0259min b\u00f6lm\u0259d\u0259 i\u015fl\u0259y\u0259nl\u0259r\u0259 is\u0259 \u0259slind\u0259 geyim verm\u0259m\u0259liyik. Yaxmada kiml\u0259r i\u015ftirak edirs\u0259, geyim onlara verilir\u201d.\n<\/p>\n<figure class=\"wp-block-image size-large\">\n  <img decoding=\"async\" src=\"https:\/\/www.meydan.tv\/az\/img_20200711_214851_924-jpg\/\" alt=\"img_20200711_214851_924.jpg\" class=\"wp-image-144539\"\/><figcaption>\n    &#8220;Tibbi l\u0259vazimat, eyni zamanda d\u0259rman preparatlar\u0131 il\u0259 t\u0259min olunmay\u0131blar&#8221;<br \/>\n  <\/figcaption><\/figure>\n<p>\n  Pa\u015fa Muradov onu da bildirib ki, indiy\u0259 kimi Tovuz rayonunda \u00fcmumilikd\u0259 69 yoluxma fakt\u0131 qeyd\u0259 al\u0131n\u0131b. \u00dc\u00e7 n\u0259f\u0259r v\u0259fat edib. H\u0259kiml\u0259rd\u0259n be\u015f n\u0259f\u0259r yoluxub. D\u00f6rd n\u0259f\u0259r sa\u011fal\u0131b, bir h\u0259kim x\u0259st\u0259xanada m\u00fcalic\u0259sini davam etdirir. Haz\u0131rda x\u0259st\u0259xanada reabilitasiya ke\u00e7\u0259nl\u0259rl\u0259 yana\u015f\u0131, evd\u0259 h\u0259kim n\u0259zar\u0259tind\u0259 m\u00fcalic\u0259 olunanlar da var.\n<\/p>\n<p>\n  \u0130cbari Tibbi S\u0131\u011forta \u00fczr\u0259 D\u00f6vl\u0259t Agentliyi Meydan TV-nin m\u0259s\u0259l\u0259 il\u0259 ba\u011fl\u0131 sor\u011fusunu cavabland\u0131r\u0131b. M\u0259lum olub ki, Agentlik Tovuz Rayon M\u0259rk\u0259zi X\u0259st\u0259xanas\u0131ndan g\u00f6nd\u0259ril\u0259n siyah\u0131 \u0259sas\u0259n mart ay\u0131nda 358 n\u0259f\u0259r\u0259 127 min 937 manat 49 q\u0259pik m\u00fcdd\u0259tli \u0259lav\u0259 \u00f6d\u0259yib. Aprel ay\u0131nda 126 n\u0259f\u0259r\u0259 54 min 480 manat 18 q\u0259pik, may ay\u0131nda is\u0259 136 n\u0259f\u0259r\u0259 89 min 799 manat 58 q\u0259pik m\u00fcdd\u0259tli \u0259lav\u0259 \u00f6d\u0259nib. Bel\u0259likl\u0259, ke\u00e7\u0259n 3 ay \u0259rzind\u0259 Tovuz Rayon M\u0259rk\u0259zi X\u0259st\u0259xanas\u0131na \u00fcmumilikd\u0259 272 min manatdan \u00e7ox pul \u00f6d\u0259nilib.\n<\/p>\n<p>\n  \u00dcmumilikd\u0259 is\u0259 infeksiya il\u0259 m\u00fcbariz\u0259 t\u0259dbirl\u0259rind\u0259 agentlik martda 24 462 n\u0259f\u0259r tibb v\u0259 qeyri tibb i\u015f\u00e7il\u0259rin\u0259 11,8 milyon manat \u00f6d\u0259yib. Apreld\u0259 13 245 n\u0259f\u0259r tibb v\u0259 qeyri tibb i\u015f\u00e7il\u0259rin\u0259 14,2 milyon manat \u00f6d\u0259nilib. Mayda 11 535 n\u0259f\u0259r tibb v\u0259 qeyri tibb i\u015f\u00e7il\u0259rin\u0259 14,4 milyon manat \u00f6d\u0259nilib. \u0130yunda 5 673 n\u0259f\u0259r tibb v\u0259 qeyri tibb i\u015f\u00e7il\u0259rin\u0259 6,5 milyon manat m\u00fcdd\u0259tli \u0259lav\u0259l\u0259r \u00f6d\u0259nilib.\n<\/p>\n<figure class=\"wp-block-image size-large\">\n  <img decoding=\"async\" src=\"https:\/\/www.meydan.tv\/az\/img_20200711_214647_459__1_-jpg\/\" alt=\"img_20200711_214647_459__1_.jpg\" class=\"wp-image-144542\"\/><figcaption>\n    &#8220;Ma\u015f\u0131nlar da \u00e7ox pis v\u0259ziyy\u0259td\u0259dir&#8221;.<br \/>\n  <\/figcaption><\/figure>\n<p>\n  \u00dcmumilikd\u0259 is\u0259 infeksiya il\u0259 m\u00fcbariz\u0259 t\u0259dbirl\u0259rind\u0259 agentlik martda 24 462 n\u0259f\u0259r tibb v\u0259 qeyri tibb i\u015f\u00e7il\u0259rin\u0259 11,8 milyon manat \u00f6d\u0259yib. Apreld\u0259 13 245 n\u0259f\u0259r tibb v\u0259 qeyri tibb i\u015f\u00e7il\u0259rin\u0259 14,2 milyon manat \u00f6d\u0259nilib. Mayda 11 535 n\u0259f\u0259r tibb v\u0259 qeyri tibb i\u015f\u00e7il\u0259rin\u0259 14,4 milyon manat \u00f6d\u0259nilib. \u0130yunda 5 673 n\u0259f\u0259r tibb v\u0259 qeyri tibb i\u015f\u00e7il\u0259rin\u0259 6,5 milyon manat m\u00fcdd\u0259tli \u0259lav\u0259l\u0259r \u00f6d\u0259nilib.\n<\/p>\n<p>\n  Haz\u0131rda yeni n\u00f6v koronavirus (COVID-19) infeksiyas\u0131 il\u0259 m\u00fcbariz\u0259 t\u0259dbirl\u0259rind\u0259 i\u015ftirak ed\u0259n i\u015f\u00e7il\u0259rin \u0259m\u0259khaqlar\u0131na m\u00fcdd\u0259tli \u0259lav\u0259nin iyun ay\u0131 \u00fczr\u0259 \u00f6d\u0259nilm\u0259si davam edir. Agentlikd\u0259n bildirilib ki, \u00f6d\u0259m\u0259l\u0259rin q\u0131sa m\u00fcdd\u0259t \u0259rzind\u0259 yekunla\u015fd\u0131r\u0131lmas\u0131 n\u0259z\u0259rd\u0259 tutulur.\n<\/p>\n<p>\n  Bu ilin mart\u0131nda Prezident \u0130lham \u018fliyev COV\u0130D-19 infeksiyas\u0131 il\u0259 m\u00fcbariz\u0259 v\u0259 profilaktika t\u0259dbirl\u0259rind\u0259 i\u015ftirak ed\u0259n tibb v\u0259 qeyri-tibb i\u015f\u00e7il\u0259rinin sosial m\u00fcdafi\u0259sinin g\u00fccl\u0259ndirilm\u0259si m\u0259qs\u0259dil\u0259 s\u0259r\u0259ncam imzalay\u0131b. S\u0259n\u0259d\u0259 \u0259sas\u0259n, yeni n\u00f6v virusla m\u00fcbariz\u0259d\u0259 i\u015ftirak ed\u0259nl\u0259rin \u0259m\u0259khaqlar\u0131 v\u0259zif\u0259sind\u0259n as\u0131l\u0131 olaraq 3\u20135 d\u0259f\u0259 art\u0131r\u0131laraq \u00f6d\u0259nilm\u0259si m\u00fc\u0259yy\u0259n edilib. M\u00fcdd\u0259tli \u0259lav\u0259l\u0259r tibb m\u00fc\u0259ssis\u0259l\u0259rind\u0259n g\u00f6nd\u0259ril\u0259n siyah\u0131lara uy\u011fun olaraq \u0130cbari Tibbi S\u0131\u011forta \u00fczr\u0259 D\u00f6vl\u0259t Agentliyi t\u0259r\u0259find\u0259n \u00f6d\u0259nilir.\n<\/p>\n<p>\n  Meydan TV t\u0259cili v\u0259 t\u0259xir\u0259sal\u0131nmaz tibbi yard\u0131m\u0131n t\u0259\u015fkilin\u0259 v\u0259 i\u015fin\u0259 cavabdeh olan Tibbi \u018frazi B\u00f6lm\u0259l\u0259rini \u0130dar\u0259etm\u0259 Birliyi (T\u018fB\u0130B) ) il\u0259 \u0259laq\u0259 saxlama\u011fa \u00e7al\u0131\u015fsa da, m\u0259tbuat xidm\u0259tind\u0259n z\u0259ngl\u0259r\u0259 cavab ver\u0259n olmay\u0131b.\n<\/p>\n<figure class=\"wp-block-image size-large\">\n  <img decoding=\"async\" src=\"https:\/\/www.meydan.tv\/az\/xestesa-jpg\/\" alt=\"xestesa.jpg\" class=\"wp-image-144545\"\/><figcaption>\n    &#8220;COV\u0130D-19-a g\u00f6r\u0259 ayr\u0131lan pul h\u0259qiq\u0259t\u0259n yaxmada i\u015ftirak ed\u0259n, pandemiyal\u0131 x\u0259st\u0259l\u0259ri da\u015f\u0131yan briqadalara \u015famil olunur&#8221;<br \/>\n  <\/figcaption><\/figure>\n","protected":false},"excerpt":{"rendered":"<p>&#8220;D\u00f6vl\u0259t d\u0259 buna g\u00f6r\u0259 pul ay\u0131r\u0131b ki, risk alt\u0131nda olan bu tibb i\u015f\u00e7il\u0259ri f\u0259rql\u0259ndirilsin&#8221;.<\/p>\n","protected":false},"author":11,"featured_media":144533,"comment_status":"closed","ping_status":"open","sticky":false,"template":"","format":"standard","meta":{"_acf_changed":false,"_sitemap_exclude":false,"_sitemap_priority":"","_sitemap_frequency":"","footnotes":""},"categories":[60],"tags":[],"class_list":["post-201471","post","type-post","status-publish","format-standard","has-post-thumbnail","hentry","category-bolge","infinite-scroll-item","generate-columns","tablet-grid-50","mobile-grid-100","grid-parent","grid-33","no-featured-image-padding"],"acf":[],"yoast_head":"<!-- This site is optimized with the Yoast SEO plugin v27.5 - https:\/\/yoast.com\/product\/yoast-seo-wordpress\/ -->\n<title>Tovuzda: Ba\u015f h\u0259kimin x\u0259tri kimi ist\u0259yirs\u0259, ona kompensasiya yaz\u0131r - MEYDAN.TV<\/title>\n<meta name=\"robots\" content=\"index, follow, max-snippet:-1, max-image-preview:large, max-video-preview:-1\" \/>\n<link rel=\"canonical\" href=\"https:\/\/www.meydan.tv\/az\/article\/tovuzda-bas-hekimin-xetri-kimi-isteyirse-ona-kompensasiya-yazir\/\" \/>\n<meta property=\"og:locale\" content=\"az_AZ\" \/>\n<meta property=\"og:type\" content=\"article\" \/>\n<meta property=\"og:title\" content=\"Tovuzda: Ba\u015f h\u0259kimin x\u0259tri kimi ist\u0259yirs\u0259, ona kompensasiya yaz\u0131r - MEYDAN.TV\" \/>\n<meta property=\"og:description\" content=\"&quot;D\u00f6vl\u0259t d\u0259 buna g\u00f6r\u0259 pul ay\u0131r\u0131b ki, risk alt\u0131nda olan bu tibb i\u015f\u00e7il\u0259ri f\u0259rql\u0259ndirilsin&quot;.\" \/>\n<meta property=\"og:url\" content=\"https:\/\/www.meydan.tv\/az\/article\/tovuzda-bas-hekimin-xetri-kimi-isteyirse-ona-kompensasiya-yazir\/\" \/>\n<meta property=\"og:site_name\" content=\"MEYDAN.TV\" \/>\n<meta property=\"article:published_time\" content=\"2020-07-16T14:03:27+00:00\" \/>\n<meta property=\"og:image\" content=\"https:\/\/www.meydan.tv\/wp-content\/uploads\/img_20200711_214829_210.jpg\" \/>\n\t<meta property=\"og:image:width\" content=\"1280\" \/>\n\t<meta property=\"og:image:height\" content=\"960\" \/>\n\t<meta property=\"og:image:type\" content=\"image\/jpeg\" \/>\n<meta name=\"author\" content=\"user-manager\" \/>\n<meta name=\"twitter:card\" content=\"summary_large_image\" \/>\n<script type=\"application\/ld+json\" class=\"yoast-schema-graph\">{\"@context\":\"https:\\\/\\\/schema.org\",\"@graph\":[{\"@type\":\"Article\",\"@id\":\"https:\\\/\\\/www.meydan.tv\\\/az\\\/article\\\/tovuzda-bas-hekimin-xetri-kimi-isteyirse-ona-kompensasiya-yazir\\\/#article\",\"isPartOf\":{\"@id\":\"https:\\\/\\\/www.meydan.tv\\\/az\\\/article\\\/tovuzda-bas-hekimin-xetri-kimi-isteyirse-ona-kompensasiya-yazir\\\/\"},\"author\":{\"name\":\"user-manager\",\"@id\":\"https:\\\/\\\/www.meydan.tv\\\/az\\\/#\\\/schema\\\/person\\\/10d11eccf6da3662cf5fdab9806ea91a\"},\"headline\":\"Tovuzda: Ba\u015f h\u0259kimin x\u0259tri kimi ist\u0259yirs\u0259, ona kompensasiya yaz\u0131r\",\"datePublished\":\"2020-07-16T14:03:27+00:00\",\"mainEntityOfPage\":{\"@id\":\"https:\\\/\\\/www.meydan.tv\\\/az\\\/article\\\/tovuzda-bas-hekimin-xetri-kimi-isteyirse-ona-kompensasiya-yazir\\\/\"},\"wordCount\":2287,\"publisher\":{\"@id\":\"https:\\\/\\\/www.meydan.tv\\\/az\\\/#organization\"},\"image\":{\"@id\":\"https:\\\/\\\/www.meydan.tv\\\/az\\\/article\\\/tovuzda-bas-hekimin-xetri-kimi-isteyirse-ona-kompensasiya-yazir\\\/#primaryimage\"},\"thumbnailUrl\":\"https:\\\/\\\/www.meydan.tv\\\/wp-content\\\/uploads\\\/img_20200711_214829_210.jpg\",\"articleSection\":[\"B\u00f6lg\u0259\"],\"inLanguage\":\"az\"},{\"@type\":\"WebPage\",\"@id\":\"https:\\\/\\\/www.meydan.tv\\\/az\\\/article\\\/tovuzda-bas-hekimin-xetri-kimi-isteyirse-ona-kompensasiya-yazir\\\/\",\"url\":\"https:\\\/\\\/www.meydan.tv\\\/az\\\/article\\\/tovuzda-bas-hekimin-xetri-kimi-isteyirse-ona-kompensasiya-yazir\\\/\",\"name\":\"Tovuzda: Ba\u015f h\u0259kimin x\u0259tri kimi ist\u0259yirs\u0259, ona kompensasiya yaz\u0131r - MEYDAN.TV\",\"isPartOf\":{\"@id\":\"https:\\\/\\\/www.meydan.tv\\\/az\\\/#website\"},\"primaryImageOfPage\":{\"@id\":\"https:\\\/\\\/www.meydan.tv\\\/az\\\/article\\\/tovuzda-bas-hekimin-xetri-kimi-isteyirse-ona-kompensasiya-yazir\\\/#primaryimage\"},\"image\":{\"@id\":\"https:\\\/\\\/www.meydan.tv\\\/az\\\/article\\\/tovuzda-bas-hekimin-xetri-kimi-isteyirse-ona-kompensasiya-yazir\\\/#primaryimage\"},\"thumbnailUrl\":\"https:\\\/\\\/www.meydan.tv\\\/wp-content\\\/uploads\\\/img_20200711_214829_210.jpg\",\"datePublished\":\"2020-07-16T14:03:27+00:00\",\"breadcrumb\":{\"@id\":\"https:\\\/\\\/www.meydan.tv\\\/az\\\/article\\\/tovuzda-bas-hekimin-xetri-kimi-isteyirse-ona-kompensasiya-yazir\\\/#breadcrumb\"},\"inLanguage\":\"az\",\"potentialAction\":[{\"@type\":\"ReadAction\",\"target\":[\"https:\\\/\\\/www.meydan.tv\\\/az\\\/article\\\/tovuzda-bas-hekimin-xetri-kimi-isteyirse-ona-kompensasiya-yazir\\\/\"]}]},{\"@type\":\"ImageObject\",\"inLanguage\":\"az\",\"@id\":\"https:\\\/\\\/www.meydan.tv\\\/az\\\/article\\\/tovuzda-bas-hekimin-xetri-kimi-isteyirse-ona-kompensasiya-yazir\\\/#primaryimage\",\"url\":\"https:\\\/\\\/www.meydan.tv\\\/wp-content\\\/uploads\\\/img_20200711_214829_210.jpg\",\"contentUrl\":\"https:\\\/\\\/www.meydan.tv\\\/wp-content\\\/uploads\\\/img_20200711_214829_210.jpg\",\"width\":1280,\"height\":960,\"caption\":\"Source: Specify Source\"},{\"@type\":\"BreadcrumbList\",\"@id\":\"https:\\\/\\\/www.meydan.tv\\\/az\\\/article\\\/tovuzda-bas-hekimin-xetri-kimi-isteyirse-ona-kompensasiya-yazir\\\/#breadcrumb\",\"itemListElement\":[{\"@type\":\"ListItem\",\"position\":1,\"name\":\"Ana s\u0259hif\u0259\",\"item\":\"https:\\\/\\\/www.meydan.tv\\\/az\\\/\"},{\"@type\":\"ListItem\",\"position\":2,\"name\":\"B\u00f6lg\u0259\",\"item\":\"https:\\\/\\\/www.meydan.tv\\\/az\\\/section\\\/bolge\\\/\"},{\"@type\":\"ListItem\",\"position\":3,\"name\":\"Tovuzda: Ba\u015f h\u0259kimin x\u0259tri kimi ist\u0259yirs\u0259, ona kompensasiya yaz\u0131r\"}]},{\"@type\":\"WebSite\",\"@id\":\"https:\\\/\\\/www.meydan.tv\\\/az\\\/#website\",\"url\":\"https:\\\/\\\/www.meydan.tv\\\/az\\\/\",\"name\":\"MEYDAN.TV\",\"description\":\"Meydan TV Az\u0259rbaycan\u0131n media m\u0259kan\u0131ndak\u0131 alternativ s\u0259sidir\",\"publisher\":{\"@id\":\"https:\\\/\\\/www.meydan.tv\\\/az\\\/#organization\"},\"potentialAction\":[{\"@type\":\"SearchAction\",\"target\":{\"@type\":\"EntryPoint\",\"urlTemplate\":\"https:\\\/\\\/www.meydan.tv\\\/az\\\/?s={search_term_string}\"},\"query-input\":{\"@type\":\"PropertyValueSpecification\",\"valueRequired\":true,\"valueName\":\"search_term_string\"}}],\"inLanguage\":\"az\"},{\"@type\":\"Organization\",\"@id\":\"https:\\\/\\\/www.meydan.tv\\\/az\\\/#organization\",\"name\":\"Meydan TV\",\"url\":\"https:\\\/\\\/www.meydan.tv\\\/az\\\/\",\"logo\":{\"@type\":\"ImageObject\",\"inLanguage\":\"az\",\"@id\":\"https:\\\/\\\/www.meydan.tv\\\/az\\\/#\\\/schema\\\/logo\\\/image\\\/\",\"url\":\"https:\\\/\\\/www.meydan.tv\\\/wp-content\\\/uploads\\\/2021\\\/07\\\/meydan-logo.svg\",\"contentUrl\":\"https:\\\/\\\/www.meydan.tv\\\/wp-content\\\/uploads\\\/2021\\\/07\\\/meydan-logo.svg\",\"width\":195,\"height\":46,\"caption\":\"Meydan TV\"},\"image\":{\"@id\":\"https:\\\/\\\/www.meydan.tv\\\/az\\\/#\\\/schema\\\/logo\\\/image\\\/\"}},{\"@type\":\"Person\",\"@id\":\"https:\\\/\\\/www.meydan.tv\\\/az\\\/#\\\/schema\\\/person\\\/10d11eccf6da3662cf5fdab9806ea91a\",\"name\":\"user-manager\"}]}<\/script>\n<!-- \/ Yoast SEO plugin. -->","yoast_head_json":{"title":"Tovuzda: Ba\u015f h\u0259kimin x\u0259tri kimi ist\u0259yirs\u0259, ona kompensasiya yaz\u0131r - MEYDAN.TV","robots":{"index":"index","follow":"follow","max-snippet":"max-snippet:-1","max-image-preview":"max-image-preview:large","max-video-preview":"max-video-preview:-1"},"canonical":"https:\/\/www.meydan.tv\/az\/article\/tovuzda-bas-hekimin-xetri-kimi-isteyirse-ona-kompensasiya-yazir\/","og_locale":"az_AZ","og_type":"article","og_title":"Tovuzda: Ba\u015f h\u0259kimin x\u0259tri kimi ist\u0259yirs\u0259, ona kompensasiya yaz\u0131r - MEYDAN.TV","og_description":"\"D\u00f6vl\u0259t d\u0259 buna g\u00f6r\u0259 pul ay\u0131r\u0131b ki, risk alt\u0131nda olan bu tibb i\u015f\u00e7il\u0259ri f\u0259rql\u0259ndirilsin\".","og_url":"https:\/\/www.meydan.tv\/az\/article\/tovuzda-bas-hekimin-xetri-kimi-isteyirse-ona-kompensasiya-yazir\/","og_site_name":"MEYDAN.TV","article_published_time":"2020-07-16T14:03:27+00:00","og_image":[{"width":1280,"height":960,"url":"https:\/\/www.meydan.tv\/wp-content\/uploads\/img_20200711_214829_210.jpg","type":"image\/jpeg"}],"author":"user-manager","twitter_card":"summary_large_image","schema":{"@context":"https:\/\/schema.org","@graph":[{"@type":"Article","@id":"https:\/\/www.meydan.tv\/az\/article\/tovuzda-bas-hekimin-xetri-kimi-isteyirse-ona-kompensasiya-yazir\/#article","isPartOf":{"@id":"https:\/\/www.meydan.tv\/az\/article\/tovuzda-bas-hekimin-xetri-kimi-isteyirse-ona-kompensasiya-yazir\/"},"author":{"name":"user-manager","@id":"https:\/\/www.meydan.tv\/az\/#\/schema\/person\/10d11eccf6da3662cf5fdab9806ea91a"},"headline":"Tovuzda: Ba\u015f h\u0259kimin x\u0259tri kimi ist\u0259yirs\u0259, ona kompensasiya yaz\u0131r","datePublished":"2020-07-16T14:03:27+00:00","mainEntityOfPage":{"@id":"https:\/\/www.meydan.tv\/az\/article\/tovuzda-bas-hekimin-xetri-kimi-isteyirse-ona-kompensasiya-yazir\/"},"wordCount":2287,"publisher":{"@id":"https:\/\/www.meydan.tv\/az\/#organization"},"image":{"@id":"https:\/\/www.meydan.tv\/az\/article\/tovuzda-bas-hekimin-xetri-kimi-isteyirse-ona-kompensasiya-yazir\/#primaryimage"},"thumbnailUrl":"https:\/\/www.meydan.tv\/wp-content\/uploads\/img_20200711_214829_210.jpg","articleSection":["B\u00f6lg\u0259"],"inLanguage":"az"},{"@type":"WebPage","@id":"https:\/\/www.meydan.tv\/az\/article\/tovuzda-bas-hekimin-xetri-kimi-isteyirse-ona-kompensasiya-yazir\/","url":"https:\/\/www.meydan.tv\/az\/article\/tovuzda-bas-hekimin-xetri-kimi-isteyirse-ona-kompensasiya-yazir\/","name":"Tovuzda: Ba\u015f h\u0259kimin x\u0259tri kimi ist\u0259yirs\u0259, ona kompensasiya yaz\u0131r - MEYDAN.TV","isPartOf":{"@id":"https:\/\/www.meydan.tv\/az\/#website"},"primaryImageOfPage":{"@id":"https:\/\/www.meydan.tv\/az\/article\/tovuzda-bas-hekimin-xetri-kimi-isteyirse-ona-kompensasiya-yazir\/#primaryimage"},"image":{"@id":"https:\/\/www.meydan.tv\/az\/article\/tovuzda-bas-hekimin-xetri-kimi-isteyirse-ona-kompensasiya-yazir\/#primaryimage"},"thumbnailUrl":"https:\/\/www.meydan.tv\/wp-content\/uploads\/img_20200711_214829_210.jpg","datePublished":"2020-07-16T14:03:27+00:00","breadcrumb":{"@id":"https:\/\/www.meydan.tv\/az\/article\/tovuzda-bas-hekimin-xetri-kimi-isteyirse-ona-kompensasiya-yazir\/#breadcrumb"},"inLanguage":"az","potentialAction":[{"@type":"ReadAction","target":["https:\/\/www.meydan.tv\/az\/article\/tovuzda-bas-hekimin-xetri-kimi-isteyirse-ona-kompensasiya-yazir\/"]}]},{"@type":"ImageObject","inLanguage":"az","@id":"https:\/\/www.meydan.tv\/az\/article\/tovuzda-bas-hekimin-xetri-kimi-isteyirse-ona-kompensasiya-yazir\/#primaryimage","url":"https:\/\/www.meydan.tv\/wp-content\/uploads\/img_20200711_214829_210.jpg","contentUrl":"https:\/\/www.meydan.tv\/wp-content\/uploads\/img_20200711_214829_210.jpg","width":1280,"height":960,"caption":"Source: Specify Source"},{"@type":"BreadcrumbList","@id":"https:\/\/www.meydan.tv\/az\/article\/tovuzda-bas-hekimin-xetri-kimi-isteyirse-ona-kompensasiya-yazir\/#breadcrumb","itemListElement":[{"@type":"ListItem","position":1,"name":"Ana s\u0259hif\u0259","item":"https:\/\/www.meydan.tv\/az\/"},{"@type":"ListItem","position":2,"name":"B\u00f6lg\u0259","item":"https:\/\/www.meydan.tv\/az\/section\/bolge\/"},{"@type":"ListItem","position":3,"name":"Tovuzda: Ba\u015f h\u0259kimin x\u0259tri kimi ist\u0259yirs\u0259, ona kompensasiya yaz\u0131r"}]},{"@type":"WebSite","@id":"https:\/\/www.meydan.tv\/az\/#website","url":"https:\/\/www.meydan.tv\/az\/","name":"MEYDAN.TV","description":"Meydan TV Az\u0259rbaycan\u0131n media m\u0259kan\u0131ndak\u0131 alternativ s\u0259sidir","publisher":{"@id":"https:\/\/www.meydan.tv\/az\/#organization"},"potentialAction":[{"@type":"SearchAction","target":{"@type":"EntryPoint","urlTemplate":"https:\/\/www.meydan.tv\/az\/?s={search_term_string}"},"query-input":{"@type":"PropertyValueSpecification","valueRequired":true,"valueName":"search_term_string"}}],"inLanguage":"az"},{"@type":"Organization","@id":"https:\/\/www.meydan.tv\/az\/#organization","name":"Meydan TV","url":"https:\/\/www.meydan.tv\/az\/","logo":{"@type":"ImageObject","inLanguage":"az","@id":"https:\/\/www.meydan.tv\/az\/#\/schema\/logo\/image\/","url":"https:\/\/www.meydan.tv\/wp-content\/uploads\/2021\/07\/meydan-logo.svg","contentUrl":"https:\/\/www.meydan.tv\/wp-content\/uploads\/2021\/07\/meydan-logo.svg","width":195,"height":46,"caption":"Meydan TV"},"image":{"@id":"https:\/\/www.meydan.tv\/az\/#\/schema\/logo\/image\/"}},{"@type":"Person","@id":"https:\/\/www.meydan.tv\/az\/#\/schema\/person\/10d11eccf6da3662cf5fdab9806ea91a","name":"user-manager"}]}},"_links":{"self":[{"href":"https:\/\/www.meydan.tv\/az\/wp-json\/wp\/v2\/posts\/201471","targetHints":{"allow":["GET"]}}],"collection":[{"href":"https:\/\/www.meydan.tv\/az\/wp-json\/wp\/v2\/posts"}],"about":[{"href":"https:\/\/www.meydan.tv\/az\/wp-json\/wp\/v2\/types\/post"}],"author":[{"embeddable":true,"href":"https:\/\/www.meydan.tv\/az\/wp-json\/wp\/v2\/users\/11"}],"replies":[{"embeddable":true,"href":"https:\/\/www.meydan.tv\/az\/wp-json\/wp\/v2\/comments?post=201471"}],"version-history":[{"count":0,"href":"https:\/\/www.meydan.tv\/az\/wp-json\/wp\/v2\/posts\/201471\/revisions"}],"wp:featuredmedia":[{"embeddable":true,"href":"https:\/\/www.meydan.tv\/az\/wp-json\/wp\/v2\/media\/144533"}],"wp:attachment":[{"href":"https:\/\/www.meydan.tv\/az\/wp-json\/wp\/v2\/media?parent=201471"}],"wp:term":[{"taxonomy":"category","embeddable":true,"href":"https:\/\/www.meydan.tv\/az\/wp-json\/wp\/v2\/categories?post=201471"},{"taxonomy":"post_tag","embeddable":true,"href":"https:\/\/www.meydan.tv\/az\/wp-json\/wp\/v2\/tags?post=201471"}],"curies":[{"name":"wp","href":"https:\/\/api.w.org\/{rel}","templated":true}]}}