{"id":201404,"date":"2020-07-13T13:24:34","date_gmt":"2020-07-13T13:24:34","guid":{"rendered":"https:\/\/www.meydan.tv\/article\/polis-iscisi-mene-iki-defe-cerime-yazdi-bir-defe-de-rusvet-aldi\/"},"modified":"2020-07-13T13:24:34","modified_gmt":"2020-07-13T13:24:34","slug":"polis-iscisi-mene-iki-defe-cerime-yazdi-bir-defe-de-rusvet-aldi","status":"publish","type":"post","link":"https:\/\/www.meydan.tv\/az\/article\/polis-iscisi-mene-iki-defe-cerime-yazdi-bir-defe-de-rusvet-aldi\/","title":{"rendered":"\u201cPolis i\u015f\u00e7isi m\u0259n\u0259 iki d\u0259f\u0259 c\u0259rim\u0259 yazd\u0131, bir d\u0259f\u0259 d\u0259 r\u00fc\u015fv\u0259t ald\u0131\u201d"},"content":{"rendered":"<p>\n  <i><br \/>\n    Xa\u00e7mazdan ya\u015fad\u0131\u011f\u0131 \u015eamax\u0131ya gilas apar\u0131b satan v\u0259t\u0259nda\u015f yol polisind\u0259n \u015fikay\u0259t\u00e7idir<br \/>\n  <\/i>\n<\/p>\n<p>\n  \u201cPolis i\u015f\u00e7isi ma\u015f\u0131n\u0131m\u0131 c\u0259rim\u0259 meydan\u00e7as\u0131na aparmaqla h\u0259d\u0259l\u0259yib m\u0259nd\u0259n 100 manat r\u00fc\u015fv\u0259t ald\u0131. M\u0259n d\u0259 buna g\u00f6r\u0259 Daxili \u0130\u015fl\u0259r Nazirliyinin 102 Xidm\u0259tin\u0259 m\u0259lumat verdim. \u0130ndi h\u0259r g\u00fcn \u00fcst\u00fcm\u0259 adam g\u00f6nd\u0259rir, yalvar\u0131r ki, \u015fikay\u0259ti dayand\u0131r\u0131m, m\u0259nd\u0259n ald\u0131\u011f\u0131 r\u00fc\u015fv\u0259ti d\u0259 qaytarma\u011fa, m\u0259n\u0259 yazd\u0131\u011f\u0131 \u00fcmumilikd\u0259 300 manat c\u0259rim\u0259ni d\u0259 \u00f6d\u0259m\u0259y\u0259 haz\u0131rd\u0131r. Halbuki, o polis i\u015f\u00e7isi m\u0259ni 100 manat \u00fcz\u00fc Xa\u00e7maza ged\u0259rk\u0259n, 200 manat \u00fcz\u00fc \u015eamax\u0131ya qay\u0131dark\u0259n tutub c\u0259rim\u0259l\u0259y\u0259nd\u0259, satmaq \u00fc\u00e7\u00fcn nisy\u0259 g\u00f6t\u00fcrd\u00fcy\u00fcm 1000 manatl\u0131q gilas\u0131m\u0131 zay el\u0259y\u0259nd\u0259, ma\u015f\u0131n\u0131m\u0131 c\u0259rim\u0259 meydan\u00e7as\u0131na aparmamaq \u00fc\u00e7\u00fcn 100 manat r\u00fc\u015fv\u0259t alanda \u0259lil balalar\u0131m\u0131 d\u00fc\u015f\u00fcnm\u0259mi\u015fdi\u201d.\n<\/p>\n<p>\n  \u015eamax\u0131 sakini Valeh Etibarov s\u0259rb\u0259st g\u00fcl\u0259\u015f \u00fczr\u0259 idman ustas\u0131d\u0131r, m\u0259\u015fq\u00e7i-m\u00fc\u0259llim i\u015fl\u0259yir. Haz\u0131rk\u0131 karantinl\u0259 \u0259laq\u0259dar i\u015fl\u0259ri dayan\u0131b, dolan\u0131\u015f\u0131\u011f\u0131 \u00e7\u0259tinl\u0259\u015fib. \u00dcst\u0259lik d\u0259 \u00fc\u00e7 azya\u015fl\u0131 \u00f6vlad\u0131ndan ikisi \u0259lildir. Ail\u0259sinin maddi t\u0259l\u0259batlar\u0131n\u0131 \u00f6d\u0259m\u0259k \u00fc\u00e7\u00fcn Xa\u00e7maza gedir, h\u0259y\u0259tl\u0259rd\u0259n nisy\u0259 gilas al\u0131r, g\u0259tirib ya\u015fad\u0131\u011f\u0131 rayonun bazar\u0131nda sat\u0131r, sat\u0131\u015fdan toplad\u0131\u011f\u0131 pulun b\u00f6y\u00fck hiss\u0259si il\u0259 m\u0259hsul g\u00f6t\u00fcrd\u00fcy\u00fc adamlar\u0131n borcunu qaytar\u0131r, bir hiss\u0259si il\u0259 ail\u0259sini doland\u0131r\u0131r. Meydan TV-y\u0259 dan\u0131\u015f\u0131r ki iyunun 28-d\u0259 Bak\u0131-\u015eamax\u0131 postunda iki d\u0259f\u0259 c\u0259rim\u0259l\u0259nib. \u0130ddia edir ki, yol polis \u0259m\u0259kda\u015f\u0131 c\u0259rim\u0259d\u0259n \u0259lav\u0259 ondan 100 manat r\u00fc\u015fv\u0259t d\u0259 al\u0131b:\n<\/p>\n<p>\n  <b><br \/>\n    K\u00f6hn\u0259 ma\u015f\u0131n, yol polisi, zay olmu\u015f gilas&#8230;<br \/>\n  <\/b>\n<\/p>\n<p>\n  \u201cK\u00f6hn\u0259 bir ma\u015f\u0131n\u0131m var, el\u0259 vaxt olur ki, yollarda el\u0259 ya ma\u015f\u0131n\u0131mda, ya da ma\u015f\u0131n\u0131 saxlay\u0131b, yolun k\u0259nar\u0131nda torpa\u011f\u0131n \u00fcst\u00fcnd\u0259 yat\u0131b dincimi al\u0131ram. Ham\u0131s\u0131n\u0131 x\u0259st\u0259 balalar\u0131ma g\u00f6r\u0259 edir\u0259m. H\u00f6kum\u0259t he\u00e7 bir maddi yard\u0131m etmir, u\u015faqlar\u0131m bir t\u0259t\u0259fd\u0259n acd\u0131r, bir t\u0259r\u0259fd\u0259n d\u0259 d\u0259rmanlar\u0131&#8230; Rayondak\u0131 idman zallar\u0131 ba\u011fland\u0131\u011f\u0131na v\u0259 m\u0259n i\u015fsiz qald\u0131\u011f\u0131ma g\u00f6r\u0259 \u00e7\u0131x\u0131\u015f yolu kimi m\u00f6vs\u00fcmi i\u015fl\u0259rl\u0259 m\u0259\u015f\u011ful olmaq q\u0259rar\u0131na g\u0259ldim. Onsuz da v\u0259t\u0259nda\u015f\u0131na \u0259l tutmayan h\u00f6kum\u0259t \u00f6z ba\u015f\u0131m\u0131z\u0131 saxlama\u011f\u0131m\u0131za da imkan vermir. Bazar\u0131n m\u0259nd\u0259 icaz\u0259 ka\u011f\u0131z\u0131 var, \u015eamax\u0131dan \u00e7\u0131xanda postda saxlad\u0131lar, icaz\u0259 ka\u011f\u0131z\u0131m\u0131 g\u00f6st\u0259rdim, atd\u0131lar \u00fcst\u00fcm\u0259, 100 manat c\u0259rim\u0259 yazd\u0131lar. Geri qay\u0131da bilm\u0259zdim, \u00e7\u00fcnki gilas tap\u015f\u0131rd\u0131\u011f\u0131m adamlar 1000 manatl\u0131q meyv\u0259 y\u0131\u011f\u0131b saxlam\u0131\u015fd\u0131lar, m\u0259n\u0259 g\u00f6r\u0259 z\u0259r\u0259r\u0259 d\u00fc\u015fm\u0259kl\u0259rini ist\u0259m\u0259dim. Getdim, meyv\u0259ni ma\u015f\u0131n\u0131ma y\u00fckl\u0259yib qay\u0131danda eyni postda ikinci d\u0259f\u0259 saxlad\u0131lar. Bu d\u0259f\u0259 m\u0259ni saxlayan yol polisi Kamal Hac\u0131yev 200 manat c\u0259rim\u0259 yazd\u0131. C\u0259rim\u0259ni yazan polis \u0259m\u0259kda\u015f\u0131 s\u00fcr\u00fcc\u00fcl\u00fck v\u0259siq\u0259mi \u0259limd\u0259n alm\u0131\u015fd\u0131, ma\u015f\u0131n\u0131 da meyv\u0259yl\u0259 birlikd\u0259 c\u0259rim\u0259 meydan\u00e7as\u0131na aparmaqla h\u0259d\u0259l\u0259yirdi. Sonra t\u0259klif el\u0259di ki, ona 100 manat \u201ch\u00f6rm\u0259t\u201d el\u0259s\u0259m, s\u00fcr\u00fcc\u00fcl\u00fck v\u0259siq\u0259mi qaytarar, ma\u015f\u0131n\u0131m\u0131 buraxar. M\u0259n d\u0259 ma\u015f\u0131ndak\u0131 1000 manatl\u0131q gilas\u0131n zay olmamas\u0131 \u00fc\u00e7\u00fcn dediyi il\u0259 raz\u0131la\u015fma\u011fa m\u0259cbur oldum. 100 manat\u0131 verdim, m\u0259ni buraxd\u0131\u201d.\n<\/p>\n<p>\n  <b><br \/>\n    \u201cDeyir, \u015fikay\u0259t el\u0259m\u0259sin, balalar\u0131m var\u201d<br \/>\n  <\/b>\n<\/p>\n<p>\n  Valeh Etibarov \u015eamax\u0131ya \u00e7atan kimi Daxili \u0130\u015fl\u0259r Nazirliyinin 102 Xidm\u0259tin\u0259 z\u0259ng vuraraq ondan r\u00fc\u015fv\u0259t alm\u0131\u015f polis \u0259m\u0259kda\u015f\u0131 il\u0259 ba\u011fl\u0131 m\u0259lumat verib. Ancaq dem\u0259sin\u0259 g\u00f6r\u0259, hadis\u0259d\u0259n iki h\u0259ft\u0259 \u00f6ts\u0259 d\u0259, he\u00e7 bir t\u0259dbir g\u00f6r\u00fclm\u0259yib:\n<\/p>\n<p>\n  \u201cPolis i\u015f\u00e7isi Kamal Hac\u0131yev bar\u0259sind\u0259 t\u0259dbir g\u00f6rm\u0259kd\u0259ns\u0259 ne\u00e7\u0259 g\u00fcnd\u00fcr ki, \u015eamax\u0131n\u0131n yol polisl\u0259rini \u00fcst\u00fcm\u0259 xahi\u015f\u0259 g\u00f6nd\u0259rirl\u0259r. G\u0259lib xahi\u015f edirl\u0259r ki, \u015fikay\u0259timi geri g\u00f6t\u00fcrs\u0259m, h\u0259min polis i\u015f\u00e7isi c\u0259rim\u0259l\u0259rimi \u00f6d\u0259y\u0259c\u0259k, ald\u0131\u011f\u0131 r\u00fc\u015fv\u0259ti geri qaytaracaq. Bu, nec\u0259 sistemdir, d\u00f6vl\u0259t qurumudur, idar\u0259\u00e7ilikdir, anlam\u0131ram, v\u0259t\u0259nda\u015f o boyda nazirliy\u0259 \u015fikay\u0259t edir, ancaq ortada polisl\u0259r gedib-g\u0259lib, m\u00fcnasib\u0259ti d\u00fcz\u0259ltm\u0259y\u0259 \u00e7al\u0131\u015f\u0131r. El\u0259 bil qon\u015fu qon\u015fudan \u015fikay\u0259t edib, dig\u0259r qon\u015fular y\u0131\u011f\u0131\u015f\u0131b aran\u0131 d\u00fcz\u0259ltm\u0259y\u0259 \u00e7al\u0131\u015f\u0131r. M\u0259n o yol polisin\u0259 d\u0259f\u0259l\u0259rl\u0259 anlatma\u011fa \u00e7al\u0131\u015fd\u0131m ki, evimd\u0259 \u00fc\u00e7 azya\u015fl\u0131 balam acd\u0131r, \u00e7\u00f6r\u0259k g\u00f6zl\u0259yir, iki balam \u0259lildir, d\u0259rmanlar\u0131n\u0131 vaxt\u0131nda almasam, v\u0259ziyy\u0259tl\u0259ri a\u011f\u0131rla\u015far. O is\u0259 kobud \u015f\u0259kild\u0259 qolumdan yap\u0131\u015f\u0131b m\u0259ni ma\u015f\u0131ndan d\u00fc\u015f\u00fcrtd\u00fc, h\u0259l\u0259 yan\u0131ndak\u0131lara da q\u0131\u015fq\u0131rd\u0131 ki, post-patrul, apar\u0131n bunu b\u00f6lm\u0259y\u0259&#8230; V\u0259t\u0259nda\u015f a\u011fz\u0131n\u0131 a\u00e7\u0131b dan\u0131\u015fanda da b\u00f6lm\u0259y\u0259 aparmaqla, 15 sutka h\u0259bsl\u0259 h\u0259d\u0259l\u0259yir. \u00d6z\u00fc \u0130smay\u0131ll\u0131dand\u0131r, ara\u015fd\u0131r\u0131b hans\u0131 polis i\u015f\u00e7i oldu\u011funu da m\u00fc\u0259yy\u0259n edibl\u0259r. H\u0259min g\u00fcn m\u0259n\u0259 c\u0259rim\u0259 yazan polisdir\u201d.\n<\/p>\n<p>\n  <b><br \/>\n    \u201cM\u0259hsul xarab olur, u\u015faq ac\u0131ndan \u00f6l\u00fcr, \u0259l-qolumuzu ba\u011flay\u0131blar ev\u0259&#8230;\u201d<br \/>\n  <\/b>\n<\/p>\n<p>\n  Valeh Etibarovun s\u00f6zl\u0259rin\u0259 g\u00f6r\u0259, nisy\u0259 g\u00f6t\u00fcrd\u00fcy\u00fc gilas\u0131n bir hiss\u0259si xarab oldu\u011fundan pulunu \u00f6z\u00fc borc-x\u0259rcl\u0259 \u00f6d\u0259m\u0259li olub. Haz\u0131rda is\u0259 ail\u0259si ac olmas\u0131na baxmayaraq, Xa\u00e7mazda onun \u00fc\u00e7\u00fcn saxlan\u0131lan m\u0259hsullar\u0131 gedib g\u00f6t\u00fcr\u0259 bilmir:\n<\/p>\n<p>\n  \u201cKas\u0131b\u0131n \u0259l-qolunu tamamil\u0259 ba\u011flay\u0131blar, sanki q\u0259sdimiz\u0259 durublar. Balalar\u0131m ac\u0131ndan \u00f6l\u00fcr, Xa\u00e7mazda saxlatd\u0131\u011f\u0131m m\u0259hsullar \u00e7\u00fcr\u00fcy\u00fcr, m\u0259hsul sahibl\u0259ri deyir, g\u0259l apar, xarab olsa, d\u0259y\u0259rini s\u0259nd\u0259n t\u0259l\u0259b ed\u0259c\u0259yik, gedib g\u0259tir\u0259 bilmir\u0259m. Biz\u0259 bir \u00e7\u0131x\u0131\u015f yolu g\u00f6st\u0259rsinl\u0259r, ayl\u0131q dolan\u0131\u015f\u0131q versinl\u0259r, adamlar\u0131 g\u00f6z g\u00f6r\u0259-g\u00f6r\u0259 ac\u0131ndan \u00f6ld\u00fcrm\u0259sinl\u0259r. M\u0259n u\u015faqlar\u0131 ba\u015fa sala bilmir\u0259m ki, atan\u0131z\u0131 yolda tutub c\u0259rim\u0259l\u0259y\u0259c\u0259kl\u0259r dey\u0259, sizi ac-susuz saxlama\u011fa m\u0259cburdur. U\u015faq s\u0259h\u0259r yuxudan oyan\u0131b yem\u0259k ist\u0259yir\u201d.\n<\/p>\n<p>\n  \u015eamax\u0131 Rayon Polis \u015e\u00f6b\u0259sind\u0259n Meydan TV-y\u0259 bildirilib ki, v\u0259t\u0259nda\u015f ona yaz\u0131lan protokoldan m\u0259hk\u0259m\u0259y\u0259 \u015fikay\u0259t, polis \u0259m\u0259kda\u015f\u0131n\u0131n ondan r\u00fc\u015fv\u0259t almas\u0131 il\u0259 ba\u011fl\u0131 s\u00fcbutu varsa, aidiyy\u0259ti qurumlara m\u00fcraci\u0259t ed\u0259 bil\u0259r.\n<\/p>\n<p>\n  Valeh Etibarov Daxili i\u015fl\u0259r naziri Vilay\u0259t Eyvazovdan ba\u015f\u0131na g\u0259l\u0259nl\u0259ri n\u0259zar\u0259t\u0259 g\u00f6t\u00fcrm\u0259sini ist\u0259yir. O, buna g\u00f6r\u0259 nazir\u0259 ayr\u0131ca m\u00fcraci\u0259t d\u0259 g\u00f6nd\u0259rib.<\/p>\n","protected":false},"excerpt":{"rendered":"<p>\u201cPolis i\u015f\u00e7isi Kamal Hac\u0131yev bar\u0259sind\u0259 t\u0259dbir g\u00f6rm\u0259kd\u0259ns\u0259 ne\u00e7\u0259 g\u00fcnd\u00fcr ki, \u015eamax\u0131n\u0131n yol polisl\u0259rini \u00fcst\u00fcm\u0259 xahi\u015f\u0259 g\u00f6nd\u0259rirl\u0259r&#8221;.<\/p>\n","protected":false},"author":11,"featured_media":144254,"comment_status":"closed","ping_status":"open","sticky":false,"template":"","format":"standard","meta":{"_acf_changed":false,"_sitemap_exclude":false,"_sitemap_priority":"","_sitemap_frequency":"","footnotes":""},"categories":[60],"tags":[],"class_list":["post-201404","post","type-post","status-publish","format-standard","has-post-thumbnail","hentry","category-bolge","infinite-scroll-item","generate-columns","tablet-grid-50","mobile-grid-100","grid-parent","grid-33","no-featured-image-padding"],"acf":[],"yoast_head":"<!-- This site is optimized with the Yoast SEO plugin v27.5 - https:\/\/yoast.com\/product\/yoast-seo-wordpress\/ -->\n<title>\u201cPolis i\u015f\u00e7isi m\u0259n\u0259 iki d\u0259f\u0259 c\u0259rim\u0259 yazd\u0131, bir d\u0259f\u0259 d\u0259 r\u00fc\u015fv\u0259t ald\u0131\u201d - MEYDAN.TV<\/title>\n<meta name=\"robots\" content=\"index, follow, max-snippet:-1, max-image-preview:large, max-video-preview:-1\" \/>\n<link rel=\"canonical\" href=\"https:\/\/www.meydan.tv\/az\/article\/polis-iscisi-mene-iki-defe-cerime-yazdi-bir-defe-de-rusvet-aldi\/\" \/>\n<meta property=\"og:locale\" content=\"az_AZ\" \/>\n<meta property=\"og:type\" content=\"article\" \/>\n<meta property=\"og:title\" content=\"\u201cPolis i\u015f\u00e7isi m\u0259n\u0259 iki d\u0259f\u0259 c\u0259rim\u0259 yazd\u0131, bir d\u0259f\u0259 d\u0259 r\u00fc\u015fv\u0259t ald\u0131\u201d - MEYDAN.TV\" \/>\n<meta property=\"og:description\" content=\"\u201cPolis i\u015f\u00e7isi Kamal Hac\u0131yev bar\u0259sind\u0259 t\u0259dbir g\u00f6rm\u0259kd\u0259ns\u0259 ne\u00e7\u0259 g\u00fcnd\u00fcr ki, \u015eamax\u0131n\u0131n yol polisl\u0259rini \u00fcst\u00fcm\u0259 xahi\u015f\u0259 g\u00f6nd\u0259rirl\u0259r&quot;.\" \/>\n<meta property=\"og:url\" content=\"https:\/\/www.meydan.tv\/az\/article\/polis-iscisi-mene-iki-defe-cerime-yazdi-bir-defe-de-rusvet-aldi\/\" \/>\n<meta property=\"og:site_name\" content=\"MEYDAN.TV\" \/>\n<meta property=\"article:published_time\" content=\"2020-07-13T13:24:34+00:00\" \/>\n<meta property=\"og:image\" content=\"https:\/\/www.meydan.tv\/wp-content\/uploads\/copy_of_untitled9_720.png\" \/>\n\t<meta property=\"og:image:width\" content=\"864\" \/>\n\t<meta property=\"og:image:height\" content=\"480\" \/>\n\t<meta property=\"og:image:type\" content=\"image\/png\" \/>\n<meta name=\"author\" content=\"user-manager\" \/>\n<meta name=\"twitter:card\" content=\"summary_large_image\" \/>\n<script type=\"application\/ld+json\" class=\"yoast-schema-graph\">{\"@context\":\"https:\\\/\\\/schema.org\",\"@graph\":[{\"@type\":\"Article\",\"@id\":\"https:\\\/\\\/www.meydan.tv\\\/az\\\/article\\\/polis-iscisi-mene-iki-defe-cerime-yazdi-bir-defe-de-rusvet-aldi\\\/#article\",\"isPartOf\":{\"@id\":\"https:\\\/\\\/www.meydan.tv\\\/az\\\/article\\\/polis-iscisi-mene-iki-defe-cerime-yazdi-bir-defe-de-rusvet-aldi\\\/\"},\"author\":{\"name\":\"user-manager\",\"@id\":\"https:\\\/\\\/www.meydan.tv\\\/az\\\/#\\\/schema\\\/person\\\/10d11eccf6da3662cf5fdab9806ea91a\"},\"headline\":\"\u201cPolis i\u015f\u00e7isi m\u0259n\u0259 iki d\u0259f\u0259 c\u0259rim\u0259 yazd\u0131, bir d\u0259f\u0259 d\u0259 r\u00fc\u015fv\u0259t ald\u0131\u201d\",\"datePublished\":\"2020-07-13T13:24:34+00:00\",\"mainEntityOfPage\":{\"@id\":\"https:\\\/\\\/www.meydan.tv\\\/az\\\/article\\\/polis-iscisi-mene-iki-defe-cerime-yazdi-bir-defe-de-rusvet-aldi\\\/\"},\"wordCount\":1227,\"publisher\":{\"@id\":\"https:\\\/\\\/www.meydan.tv\\\/az\\\/#organization\"},\"image\":{\"@id\":\"https:\\\/\\\/www.meydan.tv\\\/az\\\/article\\\/polis-iscisi-mene-iki-defe-cerime-yazdi-bir-defe-de-rusvet-aldi\\\/#primaryimage\"},\"thumbnailUrl\":\"https:\\\/\\\/www.meydan.tv\\\/wp-content\\\/uploads\\\/copy_of_untitled9_720.png\",\"articleSection\":[\"B\u00f6lg\u0259\"],\"inLanguage\":\"az\"},{\"@type\":\"WebPage\",\"@id\":\"https:\\\/\\\/www.meydan.tv\\\/az\\\/article\\\/polis-iscisi-mene-iki-defe-cerime-yazdi-bir-defe-de-rusvet-aldi\\\/\",\"url\":\"https:\\\/\\\/www.meydan.tv\\\/az\\\/article\\\/polis-iscisi-mene-iki-defe-cerime-yazdi-bir-defe-de-rusvet-aldi\\\/\",\"name\":\"\u201cPolis i\u015f\u00e7isi m\u0259n\u0259 iki d\u0259f\u0259 c\u0259rim\u0259 yazd\u0131, bir d\u0259f\u0259 d\u0259 r\u00fc\u015fv\u0259t ald\u0131\u201d - MEYDAN.TV\",\"isPartOf\":{\"@id\":\"https:\\\/\\\/www.meydan.tv\\\/az\\\/#website\"},\"primaryImageOfPage\":{\"@id\":\"https:\\\/\\\/www.meydan.tv\\\/az\\\/article\\\/polis-iscisi-mene-iki-defe-cerime-yazdi-bir-defe-de-rusvet-aldi\\\/#primaryimage\"},\"image\":{\"@id\":\"https:\\\/\\\/www.meydan.tv\\\/az\\\/article\\\/polis-iscisi-mene-iki-defe-cerime-yazdi-bir-defe-de-rusvet-aldi\\\/#primaryimage\"},\"thumbnailUrl\":\"https:\\\/\\\/www.meydan.tv\\\/wp-content\\\/uploads\\\/copy_of_untitled9_720.png\",\"datePublished\":\"2020-07-13T13:24:34+00:00\",\"breadcrumb\":{\"@id\":\"https:\\\/\\\/www.meydan.tv\\\/az\\\/article\\\/polis-iscisi-mene-iki-defe-cerime-yazdi-bir-defe-de-rusvet-aldi\\\/#breadcrumb\"},\"inLanguage\":\"az\",\"potentialAction\":[{\"@type\":\"ReadAction\",\"target\":[\"https:\\\/\\\/www.meydan.tv\\\/az\\\/article\\\/polis-iscisi-mene-iki-defe-cerime-yazdi-bir-defe-de-rusvet-aldi\\\/\"]}]},{\"@type\":\"ImageObject\",\"inLanguage\":\"az\",\"@id\":\"https:\\\/\\\/www.meydan.tv\\\/az\\\/article\\\/polis-iscisi-mene-iki-defe-cerime-yazdi-bir-defe-de-rusvet-aldi\\\/#primaryimage\",\"url\":\"https:\\\/\\\/www.meydan.tv\\\/wp-content\\\/uploads\\\/copy_of_untitled9_720.png\",\"contentUrl\":\"https:\\\/\\\/www.meydan.tv\\\/wp-content\\\/uploads\\\/copy_of_untitled9_720.png\",\"width\":864,\"height\":480,\"caption\":\"Source: Meydan TV\"},{\"@type\":\"BreadcrumbList\",\"@id\":\"https:\\\/\\\/www.meydan.tv\\\/az\\\/article\\\/polis-iscisi-mene-iki-defe-cerime-yazdi-bir-defe-de-rusvet-aldi\\\/#breadcrumb\",\"itemListElement\":[{\"@type\":\"ListItem\",\"position\":1,\"name\":\"Ana s\u0259hif\u0259\",\"item\":\"https:\\\/\\\/www.meydan.tv\\\/az\\\/\"},{\"@type\":\"ListItem\",\"position\":2,\"name\":\"B\u00f6lg\u0259\",\"item\":\"https:\\\/\\\/www.meydan.tv\\\/az\\\/section\\\/bolge\\\/\"},{\"@type\":\"ListItem\",\"position\":3,\"name\":\"\u201cPolis i\u015f\u00e7isi m\u0259n\u0259 iki d\u0259f\u0259 c\u0259rim\u0259 yazd\u0131, bir d\u0259f\u0259 d\u0259 r\u00fc\u015fv\u0259t ald\u0131\u201d\"}]},{\"@type\":\"WebSite\",\"@id\":\"https:\\\/\\\/www.meydan.tv\\\/az\\\/#website\",\"url\":\"https:\\\/\\\/www.meydan.tv\\\/az\\\/\",\"name\":\"MEYDAN.TV\",\"description\":\"Meydan TV Az\u0259rbaycan\u0131n media m\u0259kan\u0131ndak\u0131 alternativ s\u0259sidir\",\"publisher\":{\"@id\":\"https:\\\/\\\/www.meydan.tv\\\/az\\\/#organization\"},\"potentialAction\":[{\"@type\":\"SearchAction\",\"target\":{\"@type\":\"EntryPoint\",\"urlTemplate\":\"https:\\\/\\\/www.meydan.tv\\\/az\\\/?s={search_term_string}\"},\"query-input\":{\"@type\":\"PropertyValueSpecification\",\"valueRequired\":true,\"valueName\":\"search_term_string\"}}],\"inLanguage\":\"az\"},{\"@type\":\"Organization\",\"@id\":\"https:\\\/\\\/www.meydan.tv\\\/az\\\/#organization\",\"name\":\"Meydan TV\",\"url\":\"https:\\\/\\\/www.meydan.tv\\\/az\\\/\",\"logo\":{\"@type\":\"ImageObject\",\"inLanguage\":\"az\",\"@id\":\"https:\\\/\\\/www.meydan.tv\\\/az\\\/#\\\/schema\\\/logo\\\/image\\\/\",\"url\":\"https:\\\/\\\/www.meydan.tv\\\/wp-content\\\/uploads\\\/2021\\\/07\\\/meydan-logo.svg\",\"contentUrl\":\"https:\\\/\\\/www.meydan.tv\\\/wp-content\\\/uploads\\\/2021\\\/07\\\/meydan-logo.svg\",\"width\":195,\"height\":46,\"caption\":\"Meydan TV\"},\"image\":{\"@id\":\"https:\\\/\\\/www.meydan.tv\\\/az\\\/#\\\/schema\\\/logo\\\/image\\\/\"}},{\"@type\":\"Person\",\"@id\":\"https:\\\/\\\/www.meydan.tv\\\/az\\\/#\\\/schema\\\/person\\\/10d11eccf6da3662cf5fdab9806ea91a\",\"name\":\"user-manager\"}]}<\/script>\n<!-- \/ Yoast SEO plugin. -->","yoast_head_json":{"title":"\u201cPolis i\u015f\u00e7isi m\u0259n\u0259 iki d\u0259f\u0259 c\u0259rim\u0259 yazd\u0131, bir d\u0259f\u0259 d\u0259 r\u00fc\u015fv\u0259t ald\u0131\u201d - MEYDAN.TV","robots":{"index":"index","follow":"follow","max-snippet":"max-snippet:-1","max-image-preview":"max-image-preview:large","max-video-preview":"max-video-preview:-1"},"canonical":"https:\/\/www.meydan.tv\/az\/article\/polis-iscisi-mene-iki-defe-cerime-yazdi-bir-defe-de-rusvet-aldi\/","og_locale":"az_AZ","og_type":"article","og_title":"\u201cPolis i\u015f\u00e7isi m\u0259n\u0259 iki d\u0259f\u0259 c\u0259rim\u0259 yazd\u0131, bir d\u0259f\u0259 d\u0259 r\u00fc\u015fv\u0259t ald\u0131\u201d - MEYDAN.TV","og_description":"\u201cPolis i\u015f\u00e7isi Kamal Hac\u0131yev bar\u0259sind\u0259 t\u0259dbir g\u00f6rm\u0259kd\u0259ns\u0259 ne\u00e7\u0259 g\u00fcnd\u00fcr ki, \u015eamax\u0131n\u0131n yol polisl\u0259rini \u00fcst\u00fcm\u0259 xahi\u015f\u0259 g\u00f6nd\u0259rirl\u0259r\".","og_url":"https:\/\/www.meydan.tv\/az\/article\/polis-iscisi-mene-iki-defe-cerime-yazdi-bir-defe-de-rusvet-aldi\/","og_site_name":"MEYDAN.TV","article_published_time":"2020-07-13T13:24:34+00:00","og_image":[{"width":864,"height":480,"url":"https:\/\/www.meydan.tv\/wp-content\/uploads\/copy_of_untitled9_720.png","type":"image\/png"}],"author":"user-manager","twitter_card":"summary_large_image","schema":{"@context":"https:\/\/schema.org","@graph":[{"@type":"Article","@id":"https:\/\/www.meydan.tv\/az\/article\/polis-iscisi-mene-iki-defe-cerime-yazdi-bir-defe-de-rusvet-aldi\/#article","isPartOf":{"@id":"https:\/\/www.meydan.tv\/az\/article\/polis-iscisi-mene-iki-defe-cerime-yazdi-bir-defe-de-rusvet-aldi\/"},"author":{"name":"user-manager","@id":"https:\/\/www.meydan.tv\/az\/#\/schema\/person\/10d11eccf6da3662cf5fdab9806ea91a"},"headline":"\u201cPolis i\u015f\u00e7isi m\u0259n\u0259 iki d\u0259f\u0259 c\u0259rim\u0259 yazd\u0131, bir d\u0259f\u0259 d\u0259 r\u00fc\u015fv\u0259t ald\u0131\u201d","datePublished":"2020-07-13T13:24:34+00:00","mainEntityOfPage":{"@id":"https:\/\/www.meydan.tv\/az\/article\/polis-iscisi-mene-iki-defe-cerime-yazdi-bir-defe-de-rusvet-aldi\/"},"wordCount":1227,"publisher":{"@id":"https:\/\/www.meydan.tv\/az\/#organization"},"image":{"@id":"https:\/\/www.meydan.tv\/az\/article\/polis-iscisi-mene-iki-defe-cerime-yazdi-bir-defe-de-rusvet-aldi\/#primaryimage"},"thumbnailUrl":"https:\/\/www.meydan.tv\/wp-content\/uploads\/copy_of_untitled9_720.png","articleSection":["B\u00f6lg\u0259"],"inLanguage":"az"},{"@type":"WebPage","@id":"https:\/\/www.meydan.tv\/az\/article\/polis-iscisi-mene-iki-defe-cerime-yazdi-bir-defe-de-rusvet-aldi\/","url":"https:\/\/www.meydan.tv\/az\/article\/polis-iscisi-mene-iki-defe-cerime-yazdi-bir-defe-de-rusvet-aldi\/","name":"\u201cPolis i\u015f\u00e7isi m\u0259n\u0259 iki d\u0259f\u0259 c\u0259rim\u0259 yazd\u0131, bir d\u0259f\u0259 d\u0259 r\u00fc\u015fv\u0259t ald\u0131\u201d - MEYDAN.TV","isPartOf":{"@id":"https:\/\/www.meydan.tv\/az\/#website"},"primaryImageOfPage":{"@id":"https:\/\/www.meydan.tv\/az\/article\/polis-iscisi-mene-iki-defe-cerime-yazdi-bir-defe-de-rusvet-aldi\/#primaryimage"},"image":{"@id":"https:\/\/www.meydan.tv\/az\/article\/polis-iscisi-mene-iki-defe-cerime-yazdi-bir-defe-de-rusvet-aldi\/#primaryimage"},"thumbnailUrl":"https:\/\/www.meydan.tv\/wp-content\/uploads\/copy_of_untitled9_720.png","datePublished":"2020-07-13T13:24:34+00:00","breadcrumb":{"@id":"https:\/\/www.meydan.tv\/az\/article\/polis-iscisi-mene-iki-defe-cerime-yazdi-bir-defe-de-rusvet-aldi\/#breadcrumb"},"inLanguage":"az","potentialAction":[{"@type":"ReadAction","target":["https:\/\/www.meydan.tv\/az\/article\/polis-iscisi-mene-iki-defe-cerime-yazdi-bir-defe-de-rusvet-aldi\/"]}]},{"@type":"ImageObject","inLanguage":"az","@id":"https:\/\/www.meydan.tv\/az\/article\/polis-iscisi-mene-iki-defe-cerime-yazdi-bir-defe-de-rusvet-aldi\/#primaryimage","url":"https:\/\/www.meydan.tv\/wp-content\/uploads\/copy_of_untitled9_720.png","contentUrl":"https:\/\/www.meydan.tv\/wp-content\/uploads\/copy_of_untitled9_720.png","width":864,"height":480,"caption":"Source: Meydan TV"},{"@type":"BreadcrumbList","@id":"https:\/\/www.meydan.tv\/az\/article\/polis-iscisi-mene-iki-defe-cerime-yazdi-bir-defe-de-rusvet-aldi\/#breadcrumb","itemListElement":[{"@type":"ListItem","position":1,"name":"Ana s\u0259hif\u0259","item":"https:\/\/www.meydan.tv\/az\/"},{"@type":"ListItem","position":2,"name":"B\u00f6lg\u0259","item":"https:\/\/www.meydan.tv\/az\/section\/bolge\/"},{"@type":"ListItem","position":3,"name":"\u201cPolis i\u015f\u00e7isi m\u0259n\u0259 iki d\u0259f\u0259 c\u0259rim\u0259 yazd\u0131, bir d\u0259f\u0259 d\u0259 r\u00fc\u015fv\u0259t ald\u0131\u201d"}]},{"@type":"WebSite","@id":"https:\/\/www.meydan.tv\/az\/#website","url":"https:\/\/www.meydan.tv\/az\/","name":"MEYDAN.TV","description":"Meydan TV Az\u0259rbaycan\u0131n media m\u0259kan\u0131ndak\u0131 alternativ s\u0259sidir","publisher":{"@id":"https:\/\/www.meydan.tv\/az\/#organization"},"potentialAction":[{"@type":"SearchAction","target":{"@type":"EntryPoint","urlTemplate":"https:\/\/www.meydan.tv\/az\/?s={search_term_string}"},"query-input":{"@type":"PropertyValueSpecification","valueRequired":true,"valueName":"search_term_string"}}],"inLanguage":"az"},{"@type":"Organization","@id":"https:\/\/www.meydan.tv\/az\/#organization","name":"Meydan TV","url":"https:\/\/www.meydan.tv\/az\/","logo":{"@type":"ImageObject","inLanguage":"az","@id":"https:\/\/www.meydan.tv\/az\/#\/schema\/logo\/image\/","url":"https:\/\/www.meydan.tv\/wp-content\/uploads\/2021\/07\/meydan-logo.svg","contentUrl":"https:\/\/www.meydan.tv\/wp-content\/uploads\/2021\/07\/meydan-logo.svg","width":195,"height":46,"caption":"Meydan TV"},"image":{"@id":"https:\/\/www.meydan.tv\/az\/#\/schema\/logo\/image\/"}},{"@type":"Person","@id":"https:\/\/www.meydan.tv\/az\/#\/schema\/person\/10d11eccf6da3662cf5fdab9806ea91a","name":"user-manager"}]}},"_links":{"self":[{"href":"https:\/\/www.meydan.tv\/az\/wp-json\/wp\/v2\/posts\/201404","targetHints":{"allow":["GET"]}}],"collection":[{"href":"https:\/\/www.meydan.tv\/az\/wp-json\/wp\/v2\/posts"}],"about":[{"href":"https:\/\/www.meydan.tv\/az\/wp-json\/wp\/v2\/types\/post"}],"author":[{"embeddable":true,"href":"https:\/\/www.meydan.tv\/az\/wp-json\/wp\/v2\/users\/11"}],"replies":[{"embeddable":true,"href":"https:\/\/www.meydan.tv\/az\/wp-json\/wp\/v2\/comments?post=201404"}],"version-history":[{"count":0,"href":"https:\/\/www.meydan.tv\/az\/wp-json\/wp\/v2\/posts\/201404\/revisions"}],"wp:featuredmedia":[{"embeddable":true,"href":"https:\/\/www.meydan.tv\/az\/wp-json\/wp\/v2\/media\/144254"}],"wp:attachment":[{"href":"https:\/\/www.meydan.tv\/az\/wp-json\/wp\/v2\/media?parent=201404"}],"wp:term":[{"taxonomy":"category","embeddable":true,"href":"https:\/\/www.meydan.tv\/az\/wp-json\/wp\/v2\/categories?post=201404"},{"taxonomy":"post_tag","embeddable":true,"href":"https:\/\/www.meydan.tv\/az\/wp-json\/wp\/v2\/tags?post=201404"}],"curies":[{"name":"wp","href":"https:\/\/api.w.org\/{rel}","templated":true}]}}