{"id":201379,"date":"2020-07-10T15:36:45","date_gmt":"2020-07-10T15:36:45","guid":{"rendered":"https:\/\/www.meydan.tv\/article\/bakinin-dayanacaqlarinda-uzun-novbeler\/"},"modified":"2021-10-29T16:36:24","modified_gmt":"2021-10-29T12:36:24","slug":"bakinin-dayanacaqlarinda-uzun-novbeler","status":"publish","type":"post","link":"https:\/\/www.meydan.tv\/az\/article\/bakinin-dayanacaqlarinda-uzun-novbeler\/","title":{"rendered":"Bak\u0131n\u0131n dayanacaqlar\u0131nda uzun n\u00f6vb\u0259l\u0259r yaran\u0131r \u2013 FOTOSESS\u0130YA"},"content":{"rendered":"<p>\n  Az\u0259rbaycanda x\u00fcsusi karantin rejimi iyulun 20-n\u0259 q\u0259d\u0259r uzad\u0131l\u0131b. Bu tarix\u0259 q\u0259d\u0259r Bak\u0131 Metropoliteninin f\u0259aliyy\u0259ti dayand\u0131r\u0131l\u0131b. \u0130ctimai n\u0259qliyyatdan ancaq avtobuslar i\u015fl\u0259yir. Adamlar\u0131n \u00e7ox oldu\u011fu vaxtlarda dayanacaqlarda uzun n\u00f6vb\u0259l\u0259r yaran\u0131r.\n<\/p>\n<figure class=\"wp-block-image size-large\">\n  <img decoding=\"async\" src=\"https:\/\/www.meydan.tv\/az\/3h3a0515-jpg\/\" alt=\"3H3A0515.JPG\" class=\"wp-image-144110\"\/><figcaption>\n    Bak\u0131da avtobus dayanaca\u011f\u0131. \u0130yul, 2020<br \/>\n  <\/figcaption><\/figure>\n<figure class=\"wp-block-image size-large\">\n  <img decoding=\"async\" src=\"https:\/\/www.meydan.tv\/az\/3h3a0525-jpg\/\" alt=\"3H3A0525.JPG\" class=\"wp-image-144116\"\/><figcaption>\n    Bak\u0131da avtobus dayanaca\u011f\u0131. \u0130yul, 2020<br \/>\n  <\/figcaption><\/figure>\n<figure class=\"wp-block-image size-large\">\n  <img decoding=\"async\" src=\"https:\/\/www.meydan.tv\/az\/3h3a0527-jpg\/\" alt=\"3H3A0527.JPG\" class=\"wp-image-144113\"\/><figcaption>\n    Bak\u0131da avtobus dayanaca\u011f\u0131. \u0130yul, 2020<br \/>\n  <\/figcaption><\/figure>\n<p>\n  Dayanacaqlarda sosial m\u0259saf\u0259y\u0259 riay\u0259t olunmas\u0131na patrul xidm\u0259ti n\u0259zar\u0259t edir. \u0130yulun 2-d\u0259n k\u00fc\u00e7\u0259 v\u0259 prospektl\u0259rd\u0259, eyni zamanda h\u0259y\u0259tl\u0259rd\u0259 patrulun say\u0131 art\u0131r\u0131l\u0131b. \u015e\u0259xsi avtomobild\u0259 h\u0259r\u0259k\u0259t etm\u0259k \u00fc\u00e7\u00fcn d\u0259 x\u00fcsusi icaz\u0259 almaq laz\u0131md\u0131r.\n<\/p>\n<figure class=\"wp-block-image size-large\">\n  <img decoding=\"async\" src=\"https:\/\/www.meydan.tv\/az\/3h3a0540-jpg\/\" alt=\"3H3A0540.JPG\" class=\"wp-image-144122\"\/><figcaption>\n    Bak\u0131da avtobuslardan biri<br \/>\n  <\/figcaption><\/figure>\n<p>\n  \u0130yulun 2-d\u0259n maskadan istifad\u0259 etm\u0259m\u0259y\u0259 g\u00f6r\u0259 c\u0259rim\u0259l\u0259r d\u0259 art\u0131b. \u00d6lk\u0259 ba\u015f\u00e7\u0131s\u0131 t\u0259r\u0259find\u0259n \u0130nzibati X\u0259talar M\u0259c\u0259ll\u0259sin\u0259 d\u0259yi\u015fiklikl\u0259r edilm\u0259si haqda qanuna \u0259sas\u0259n, fiziki \u015f\u0259xsl\u0259r 100 manat, v\u0259zif\u0259li \u015f\u0259xsl\u0259r 200 manat, h\u00fcquqi \u015f\u0259xsl\u0259r is\u0259 400 manat h\u0259cmind\u0259 c\u0259rim\u0259l\u0259nir.\n<\/p>\n<figure class=\"wp-block-image size-large\">\n  <img decoding=\"async\" src=\"https:\/\/www.meydan.tv\/az\/3h3a0548-jpg\/\" alt=\"3H3A0548.JPG\" class=\"wp-image-144125\"\/><figcaption>\n    Bak\u0131da avtobus dayanaca\u011f\u0131. \u0130yul, 2020<br \/>\n  <\/figcaption><\/figure>\n<figure class=\"wp-block-image size-large\">\n  <img decoding=\"async\" src=\"https:\/\/www.meydan.tv\/az\/3h3a0731\/\" alt=\"3h3a0731\" class=\"wp-image-144128\"\/><figcaption>\n    Bak\u0131da avtobus dayanaca\u011f\u0131. \u0130yul, 2020<br \/>\n  <\/figcaption><\/figure>\n<figure class=\"wp-block-image size-large\">\n  <img decoding=\"async\" src=\"https:\/\/www.meydan.tv\/az\/3h3a0735-jpg\/\" alt=\"3H3A0735.JPG\" class=\"wp-image-144131\"\/><figcaption>\n    Bak\u0131da avtobus dayanaca\u011f\u0131. \u0130yul, 2020<br \/>\n  <\/figcaption><\/figure>\n<figure class=\"wp-block-image size-large\">\n  <img decoding=\"async\" src=\"https:\/\/www.meydan.tv\/az\/3h3a0739\/\" alt=\"3h3a0739\" class=\"wp-image-144134\"\/><figcaption>\n    Bak\u0131da avtobus dayanaca\u011f\u0131. \u0130yul, 2020<br \/>\n  <\/figcaption><\/figure>\n","protected":false},"excerpt":{"rendered":"<p>Az\u0259rbaycanda x\u00fcsusi karantin rejimi iyulun 20-n\u0259 q\u0259d\u0259r uzad\u0131l\u0131b. Bu tarix\u0259 q\u0259d\u0259r Bak\u0131 Metropoliteninin f\u0259aliyy\u0259ti dayand\u0131r\u0131l\u0131b. \u0130ctimai n\u0259qliyyatdan ancaq avtobuslar i\u015fl\u0259yir.<\/p>\n","protected":false},"author":11,"featured_media":144107,"comment_status":"closed","ping_status":"open","sticky":false,"template":"","format":"standard","meta":{"_acf_changed":false,"_sitemap_exclude":false,"_sitemap_priority":"","_sitemap_frequency":"","footnotes":""},"categories":[58],"tags":[],"class_list":["post-201379","post","type-post","status-publish","format-standard","has-post-thumbnail","hentry","category-fotoreportaj","infinite-scroll-item","generate-columns","tablet-grid-50","mobile-grid-100","grid-parent","grid-33","no-featured-image-padding"],"acf":[],"yoast_head":"<!-- This site is optimized with the Yoast SEO plugin v27.4 - https:\/\/yoast.com\/product\/yoast-seo-wordpress\/ -->\n<title>Bak\u0131n\u0131n dayanacaqlar\u0131nda uzun n\u00f6vb\u0259l\u0259r yaran\u0131r \u2013 FOTOSESS\u0130YA - MEYDAN.TV<\/title>\n<meta name=\"robots\" content=\"index, follow, max-snippet:-1, max-image-preview:large, max-video-preview:-1\" \/>\n<link rel=\"canonical\" href=\"https:\/\/www.meydan.tv\/az\/article\/bakinin-dayanacaqlarinda-uzun-novbeler\/\" \/>\n<meta property=\"og:locale\" content=\"az_AZ\" \/>\n<meta property=\"og:type\" content=\"article\" \/>\n<meta property=\"og:title\" content=\"Bak\u0131n\u0131n dayanacaqlar\u0131nda uzun n\u00f6vb\u0259l\u0259r yaran\u0131r \u2013 FOTOSESS\u0130YA - MEYDAN.TV\" \/>\n<meta property=\"og:description\" content=\"Az\u0259rbaycanda x\u00fcsusi karantin rejimi iyulun 20-n\u0259 q\u0259d\u0259r uzad\u0131l\u0131b. Bu tarix\u0259 q\u0259d\u0259r Bak\u0131 Metropoliteninin f\u0259aliyy\u0259ti dayand\u0131r\u0131l\u0131b. \u0130ctimai n\u0259qliyyatdan ancaq avtobuslar i\u015fl\u0259yir.\" \/>\n<meta property=\"og:url\" content=\"https:\/\/www.meydan.tv\/az\/article\/bakinin-dayanacaqlarinda-uzun-novbeler\/\" \/>\n<meta property=\"og:site_name\" content=\"MEYDAN.TV\" \/>\n<meta property=\"article:published_time\" content=\"2020-07-10T15:36:45+00:00\" \/>\n<meta property=\"article:modified_time\" content=\"2021-10-29T12:36:24+00:00\" \/>\n<meta property=\"og:image\" content=\"https:\/\/www.meydan.tv\/wp-content\/uploads\/3h3a0508.jpg\" \/>\n\t<meta property=\"og:image:width\" content=\"1500\" \/>\n\t<meta property=\"og:image:height\" content=\"1000\" \/>\n\t<meta property=\"og:image:type\" content=\"image\/jpeg\" \/>\n<meta name=\"author\" content=\"user-manager\" \/>\n<meta name=\"twitter:card\" content=\"summary_large_image\" \/>\n<script type=\"application\/ld+json\" class=\"yoast-schema-graph\">{\"@context\":\"https:\\\/\\\/schema.org\",\"@graph\":[{\"@type\":\"Article\",\"@id\":\"https:\\\/\\\/www.meydan.tv\\\/az\\\/article\\\/bakinin-dayanacaqlarinda-uzun-novbeler\\\/#article\",\"isPartOf\":{\"@id\":\"https:\\\/\\\/www.meydan.tv\\\/az\\\/article\\\/bakinin-dayanacaqlarinda-uzun-novbeler\\\/\"},\"author\":{\"name\":\"user-manager\",\"@id\":\"https:\\\/\\\/www.meydan.tv\\\/az\\\/#\\\/schema\\\/person\\\/10d11eccf6da3662cf5fdab9806ea91a\"},\"headline\":\"Bak\u0131n\u0131n dayanacaqlar\u0131nda uzun n\u00f6vb\u0259l\u0259r yaran\u0131r \u2013 FOTOSESS\u0130YA\",\"datePublished\":\"2020-07-10T15:36:45+00:00\",\"dateModified\":\"2021-10-29T12:36:24+00:00\",\"mainEntityOfPage\":{\"@id\":\"https:\\\/\\\/www.meydan.tv\\\/az\\\/article\\\/bakinin-dayanacaqlarinda-uzun-novbeler\\\/\"},\"wordCount\":218,\"publisher\":{\"@id\":\"https:\\\/\\\/www.meydan.tv\\\/az\\\/#organization\"},\"image\":{\"@id\":\"https:\\\/\\\/www.meydan.tv\\\/az\\\/article\\\/bakinin-dayanacaqlarinda-uzun-novbeler\\\/#primaryimage\"},\"thumbnailUrl\":\"https:\\\/\\\/www.meydan.tv\\\/wp-content\\\/uploads\\\/3h3a0508.jpg\",\"articleSection\":[\"Fotoreportaj\"],\"inLanguage\":\"az\"},{\"@type\":\"WebPage\",\"@id\":\"https:\\\/\\\/www.meydan.tv\\\/az\\\/article\\\/bakinin-dayanacaqlarinda-uzun-novbeler\\\/\",\"url\":\"https:\\\/\\\/www.meydan.tv\\\/az\\\/article\\\/bakinin-dayanacaqlarinda-uzun-novbeler\\\/\",\"name\":\"Bak\u0131n\u0131n dayanacaqlar\u0131nda uzun n\u00f6vb\u0259l\u0259r yaran\u0131r \u2013 FOTOSESS\u0130YA - MEYDAN.TV\",\"isPartOf\":{\"@id\":\"https:\\\/\\\/www.meydan.tv\\\/az\\\/#website\"},\"primaryImageOfPage\":{\"@id\":\"https:\\\/\\\/www.meydan.tv\\\/az\\\/article\\\/bakinin-dayanacaqlarinda-uzun-novbeler\\\/#primaryimage\"},\"image\":{\"@id\":\"https:\\\/\\\/www.meydan.tv\\\/az\\\/article\\\/bakinin-dayanacaqlarinda-uzun-novbeler\\\/#primaryimage\"},\"thumbnailUrl\":\"https:\\\/\\\/www.meydan.tv\\\/wp-content\\\/uploads\\\/3h3a0508.jpg\",\"datePublished\":\"2020-07-10T15:36:45+00:00\",\"dateModified\":\"2021-10-29T12:36:24+00:00\",\"breadcrumb\":{\"@id\":\"https:\\\/\\\/www.meydan.tv\\\/az\\\/article\\\/bakinin-dayanacaqlarinda-uzun-novbeler\\\/#breadcrumb\"},\"inLanguage\":\"az\",\"potentialAction\":[{\"@type\":\"ReadAction\",\"target\":[\"https:\\\/\\\/www.meydan.tv\\\/az\\\/article\\\/bakinin-dayanacaqlarinda-uzun-novbeler\\\/\"]}]},{\"@type\":\"ImageObject\",\"inLanguage\":\"az\",\"@id\":\"https:\\\/\\\/www.meydan.tv\\\/az\\\/article\\\/bakinin-dayanacaqlarinda-uzun-novbeler\\\/#primaryimage\",\"url\":\"https:\\\/\\\/www.meydan.tv\\\/wp-content\\\/uploads\\\/3h3a0508.jpg\",\"contentUrl\":\"https:\\\/\\\/www.meydan.tv\\\/wp-content\\\/uploads\\\/3h3a0508.jpg\",\"width\":1500,\"height\":1000,\"caption\":\"Source: \u041c\u0435\u0439\u0434\u0430\u043d \u0422\u0412\"},{\"@type\":\"BreadcrumbList\",\"@id\":\"https:\\\/\\\/www.meydan.tv\\\/az\\\/article\\\/bakinin-dayanacaqlarinda-uzun-novbeler\\\/#breadcrumb\",\"itemListElement\":[{\"@type\":\"ListItem\",\"position\":1,\"name\":\"Ana s\u0259hif\u0259\",\"item\":\"https:\\\/\\\/www.meydan.tv\\\/az\\\/\"},{\"@type\":\"ListItem\",\"position\":2,\"name\":\"Fotoreportaj\",\"item\":\"https:\\\/\\\/www.meydan.tv\\\/az\\\/section\\\/fotoreportaj\\\/\"},{\"@type\":\"ListItem\",\"position\":3,\"name\":\"Bak\u0131n\u0131n dayanacaqlar\u0131nda uzun n\u00f6vb\u0259l\u0259r yaran\u0131r \u2013 FOTOSESS\u0130YA\"}]},{\"@type\":\"WebSite\",\"@id\":\"https:\\\/\\\/www.meydan.tv\\\/az\\\/#website\",\"url\":\"https:\\\/\\\/www.meydan.tv\\\/az\\\/\",\"name\":\"MEYDAN.TV\",\"description\":\"Meydan TV Az\u0259rbaycan\u0131n media m\u0259kan\u0131ndak\u0131 alternativ s\u0259sidir\",\"publisher\":{\"@id\":\"https:\\\/\\\/www.meydan.tv\\\/az\\\/#organization\"},\"potentialAction\":[{\"@type\":\"SearchAction\",\"target\":{\"@type\":\"EntryPoint\",\"urlTemplate\":\"https:\\\/\\\/www.meydan.tv\\\/az\\\/?s={search_term_string}\"},\"query-input\":{\"@type\":\"PropertyValueSpecification\",\"valueRequired\":true,\"valueName\":\"search_term_string\"}}],\"inLanguage\":\"az\"},{\"@type\":\"Organization\",\"@id\":\"https:\\\/\\\/www.meydan.tv\\\/az\\\/#organization\",\"name\":\"Meydan TV\",\"url\":\"https:\\\/\\\/www.meydan.tv\\\/az\\\/\",\"logo\":{\"@type\":\"ImageObject\",\"inLanguage\":\"az\",\"@id\":\"https:\\\/\\\/www.meydan.tv\\\/az\\\/#\\\/schema\\\/logo\\\/image\\\/\",\"url\":\"https:\\\/\\\/www.meydan.tv\\\/wp-content\\\/uploads\\\/2021\\\/07\\\/meydan-logo.svg\",\"contentUrl\":\"https:\\\/\\\/www.meydan.tv\\\/wp-content\\\/uploads\\\/2021\\\/07\\\/meydan-logo.svg\",\"width\":195,\"height\":46,\"caption\":\"Meydan TV\"},\"image\":{\"@id\":\"https:\\\/\\\/www.meydan.tv\\\/az\\\/#\\\/schema\\\/logo\\\/image\\\/\"}},{\"@type\":\"Person\",\"@id\":\"https:\\\/\\\/www.meydan.tv\\\/az\\\/#\\\/schema\\\/person\\\/10d11eccf6da3662cf5fdab9806ea91a\",\"name\":\"user-manager\"}]}<\/script>\n<!-- \/ Yoast SEO plugin. -->","yoast_head_json":{"title":"Bak\u0131n\u0131n dayanacaqlar\u0131nda uzun n\u00f6vb\u0259l\u0259r yaran\u0131r \u2013 FOTOSESS\u0130YA - MEYDAN.TV","robots":{"index":"index","follow":"follow","max-snippet":"max-snippet:-1","max-image-preview":"max-image-preview:large","max-video-preview":"max-video-preview:-1"},"canonical":"https:\/\/www.meydan.tv\/az\/article\/bakinin-dayanacaqlarinda-uzun-novbeler\/","og_locale":"az_AZ","og_type":"article","og_title":"Bak\u0131n\u0131n dayanacaqlar\u0131nda uzun n\u00f6vb\u0259l\u0259r yaran\u0131r \u2013 FOTOSESS\u0130YA - MEYDAN.TV","og_description":"Az\u0259rbaycanda x\u00fcsusi karantin rejimi iyulun 20-n\u0259 q\u0259d\u0259r uzad\u0131l\u0131b. Bu tarix\u0259 q\u0259d\u0259r Bak\u0131 Metropoliteninin f\u0259aliyy\u0259ti dayand\u0131r\u0131l\u0131b. \u0130ctimai n\u0259qliyyatdan ancaq avtobuslar i\u015fl\u0259yir.","og_url":"https:\/\/www.meydan.tv\/az\/article\/bakinin-dayanacaqlarinda-uzun-novbeler\/","og_site_name":"MEYDAN.TV","article_published_time":"2020-07-10T15:36:45+00:00","article_modified_time":"2021-10-29T12:36:24+00:00","og_image":[{"width":1500,"height":1000,"url":"https:\/\/www.meydan.tv\/wp-content\/uploads\/3h3a0508.jpg","type":"image\/jpeg"}],"author":"user-manager","twitter_card":"summary_large_image","schema":{"@context":"https:\/\/schema.org","@graph":[{"@type":"Article","@id":"https:\/\/www.meydan.tv\/az\/article\/bakinin-dayanacaqlarinda-uzun-novbeler\/#article","isPartOf":{"@id":"https:\/\/www.meydan.tv\/az\/article\/bakinin-dayanacaqlarinda-uzun-novbeler\/"},"author":{"name":"user-manager","@id":"https:\/\/www.meydan.tv\/az\/#\/schema\/person\/10d11eccf6da3662cf5fdab9806ea91a"},"headline":"Bak\u0131n\u0131n dayanacaqlar\u0131nda uzun n\u00f6vb\u0259l\u0259r yaran\u0131r \u2013 FOTOSESS\u0130YA","datePublished":"2020-07-10T15:36:45+00:00","dateModified":"2021-10-29T12:36:24+00:00","mainEntityOfPage":{"@id":"https:\/\/www.meydan.tv\/az\/article\/bakinin-dayanacaqlarinda-uzun-novbeler\/"},"wordCount":218,"publisher":{"@id":"https:\/\/www.meydan.tv\/az\/#organization"},"image":{"@id":"https:\/\/www.meydan.tv\/az\/article\/bakinin-dayanacaqlarinda-uzun-novbeler\/#primaryimage"},"thumbnailUrl":"https:\/\/www.meydan.tv\/wp-content\/uploads\/3h3a0508.jpg","articleSection":["Fotoreportaj"],"inLanguage":"az"},{"@type":"WebPage","@id":"https:\/\/www.meydan.tv\/az\/article\/bakinin-dayanacaqlarinda-uzun-novbeler\/","url":"https:\/\/www.meydan.tv\/az\/article\/bakinin-dayanacaqlarinda-uzun-novbeler\/","name":"Bak\u0131n\u0131n dayanacaqlar\u0131nda uzun n\u00f6vb\u0259l\u0259r yaran\u0131r \u2013 FOTOSESS\u0130YA - MEYDAN.TV","isPartOf":{"@id":"https:\/\/www.meydan.tv\/az\/#website"},"primaryImageOfPage":{"@id":"https:\/\/www.meydan.tv\/az\/article\/bakinin-dayanacaqlarinda-uzun-novbeler\/#primaryimage"},"image":{"@id":"https:\/\/www.meydan.tv\/az\/article\/bakinin-dayanacaqlarinda-uzun-novbeler\/#primaryimage"},"thumbnailUrl":"https:\/\/www.meydan.tv\/wp-content\/uploads\/3h3a0508.jpg","datePublished":"2020-07-10T15:36:45+00:00","dateModified":"2021-10-29T12:36:24+00:00","breadcrumb":{"@id":"https:\/\/www.meydan.tv\/az\/article\/bakinin-dayanacaqlarinda-uzun-novbeler\/#breadcrumb"},"inLanguage":"az","potentialAction":[{"@type":"ReadAction","target":["https:\/\/www.meydan.tv\/az\/article\/bakinin-dayanacaqlarinda-uzun-novbeler\/"]}]},{"@type":"ImageObject","inLanguage":"az","@id":"https:\/\/www.meydan.tv\/az\/article\/bakinin-dayanacaqlarinda-uzun-novbeler\/#primaryimage","url":"https:\/\/www.meydan.tv\/wp-content\/uploads\/3h3a0508.jpg","contentUrl":"https:\/\/www.meydan.tv\/wp-content\/uploads\/3h3a0508.jpg","width":1500,"height":1000,"caption":"Source: \u041c\u0435\u0439\u0434\u0430\u043d \u0422\u0412"},{"@type":"BreadcrumbList","@id":"https:\/\/www.meydan.tv\/az\/article\/bakinin-dayanacaqlarinda-uzun-novbeler\/#breadcrumb","itemListElement":[{"@type":"ListItem","position":1,"name":"Ana s\u0259hif\u0259","item":"https:\/\/www.meydan.tv\/az\/"},{"@type":"ListItem","position":2,"name":"Fotoreportaj","item":"https:\/\/www.meydan.tv\/az\/section\/fotoreportaj\/"},{"@type":"ListItem","position":3,"name":"Bak\u0131n\u0131n dayanacaqlar\u0131nda uzun n\u00f6vb\u0259l\u0259r yaran\u0131r \u2013 FOTOSESS\u0130YA"}]},{"@type":"WebSite","@id":"https:\/\/www.meydan.tv\/az\/#website","url":"https:\/\/www.meydan.tv\/az\/","name":"MEYDAN.TV","description":"Meydan TV Az\u0259rbaycan\u0131n media m\u0259kan\u0131ndak\u0131 alternativ s\u0259sidir","publisher":{"@id":"https:\/\/www.meydan.tv\/az\/#organization"},"potentialAction":[{"@type":"SearchAction","target":{"@type":"EntryPoint","urlTemplate":"https:\/\/www.meydan.tv\/az\/?s={search_term_string}"},"query-input":{"@type":"PropertyValueSpecification","valueRequired":true,"valueName":"search_term_string"}}],"inLanguage":"az"},{"@type":"Organization","@id":"https:\/\/www.meydan.tv\/az\/#organization","name":"Meydan TV","url":"https:\/\/www.meydan.tv\/az\/","logo":{"@type":"ImageObject","inLanguage":"az","@id":"https:\/\/www.meydan.tv\/az\/#\/schema\/logo\/image\/","url":"https:\/\/www.meydan.tv\/wp-content\/uploads\/2021\/07\/meydan-logo.svg","contentUrl":"https:\/\/www.meydan.tv\/wp-content\/uploads\/2021\/07\/meydan-logo.svg","width":195,"height":46,"caption":"Meydan TV"},"image":{"@id":"https:\/\/www.meydan.tv\/az\/#\/schema\/logo\/image\/"}},{"@type":"Person","@id":"https:\/\/www.meydan.tv\/az\/#\/schema\/person\/10d11eccf6da3662cf5fdab9806ea91a","name":"user-manager"}]}},"_links":{"self":[{"href":"https:\/\/www.meydan.tv\/az\/wp-json\/wp\/v2\/posts\/201379","targetHints":{"allow":["GET"]}}],"collection":[{"href":"https:\/\/www.meydan.tv\/az\/wp-json\/wp\/v2\/posts"}],"about":[{"href":"https:\/\/www.meydan.tv\/az\/wp-json\/wp\/v2\/types\/post"}],"author":[{"embeddable":true,"href":"https:\/\/www.meydan.tv\/az\/wp-json\/wp\/v2\/users\/11"}],"replies":[{"embeddable":true,"href":"https:\/\/www.meydan.tv\/az\/wp-json\/wp\/v2\/comments?post=201379"}],"version-history":[{"count":1,"href":"https:\/\/www.meydan.tv\/az\/wp-json\/wp\/v2\/posts\/201379\/revisions"}],"predecessor-version":[{"id":217088,"href":"https:\/\/www.meydan.tv\/az\/wp-json\/wp\/v2\/posts\/201379\/revisions\/217088"}],"wp:featuredmedia":[{"embeddable":true,"href":"https:\/\/www.meydan.tv\/az\/wp-json\/wp\/v2\/media\/144107"}],"wp:attachment":[{"href":"https:\/\/www.meydan.tv\/az\/wp-json\/wp\/v2\/media?parent=201379"}],"wp:term":[{"taxonomy":"category","embeddable":true,"href":"https:\/\/www.meydan.tv\/az\/wp-json\/wp\/v2\/categories?post=201379"},{"taxonomy":"post_tag","embeddable":true,"href":"https:\/\/www.meydan.tv\/az\/wp-json\/wp\/v2\/tags?post=201379"}],"curies":[{"name":"wp","href":"https:\/\/api.w.org\/{rel}","templated":true}]}}