{"id":201371,"date":"2020-07-10T14:11:30","date_gmt":"2020-07-10T14:11:30","guid":{"rendered":"https:\/\/www.meydan.tv\/article\/adi-darvazamiz-da-yoxdur\/"},"modified":"2020-07-10T14:11:30","modified_gmt":"2020-07-10T14:11:30","slug":"adi-darvazamiz-da-yoxdur","status":"publish","type":"post","link":"https:\/\/www.meydan.tv\/az\/article\/adi-darvazamiz-da-yoxdur\/","title":{"rendered":"\u201cAdi darvazam\u0131z da yoxdur&#8230;\u201d"},"content":{"rendered":"<p>\n  <i><br \/>\n    M\u0131rt\u0131 k\u0259nd sakini: \u201cO q\u0259d\u0259r arzular\u0131m var ki&#8230;\u201d\u201d<br \/>\n  <\/i>\n<\/p>\n<p>\n  G\u00f6y\u00e7ay\u0131n M\u0131rt\u0131 k\u0259ndind\u0259 ya\u015fayan M\u0259ry\u0259m Aslanova b\u00f6y\u00fck bir ail\u0259nin y\u00fck\u00fcn\u00fc t\u0259k \u00e7\u0259km\u0259li olur. Alt\u0131 il \u0259vv\u0259l h\u0259yat yolda\u015f\u0131n\u0131 itirmi\u015f qad\u0131n \u00fc\u00e7 \u00f6vlad b\u00f6y\u00fcd\u00fcr, \u00fcst\u0259lik, 87 ya\u015fl\u0131 qay\u0131natas\u0131n\u0131n da qay\u011f\u0131s\u0131na qalmal\u0131d\u0131r.\n<\/p>\n<p>\n  <b><br \/>\n    \u201c\u00c7al\u0131\u015f\u0131ram ki, qon\u015funun \u00fcst\u00fcn\u0259 \u00e7\u00f6r\u0259y\u0259 getm\u0259yim\u201d<br \/>\n  <\/b>\n<\/p>\n<p>\n  S\u00f6hb\u0259tin ilk d\u0259qiq\u0259l\u0259rind\u0259n hiss olunur ki, M\u0259ry\u0259m Aslanova s\u0131x\u0131nt\u0131lardan \u00e7ox dan\u0131\u015fmaq ist\u0259mir. H\u0259r \u015feyin \u00f6hd\u0259sind\u0259n g\u0259lm\u0259y\u0259 \u00e7al\u0131\u015fd\u0131\u011f\u0131n\u0131 deyir. Amma \u00fcz\u0259rin\u0259 d\u00fc\u015f\u0259n m\u0259suliyy\u0259t d\u0259 b\u00f6y\u00fckd\u00fcr:\n<\/p>\n<p>\n  \u201cB\u00f6y\u00fck o\u011flum m\u0259kt\u0259bi bitirdi. Oxumas\u0131n\u0131 ist\u0259rdim. M\u00fc\u0259llim yan\u0131na g\u00f6nd\u0259rir\u0259m. Ev\u0259 g\u0259l\u0259n 240 manat\u0131n 200 manat\u0131n\u0131 m\u00fc\u0259lliml\u0259r\u0259 veririk. O 240 manat da u\u015faqlara ail\u0259 ba\u015f\u00e7\u0131n\u0131n itirilm\u0259sin\u0259 g\u00f6r\u0259 verilir. H\u0259r\u0259sin\u0259 80 manat. U\u015faqlar\u0131n 8 ya\u015f\u0131na q\u0259d\u0259r m\u0259n\u0259 d\u0259 onlara baxd\u0131\u011f\u0131ma g\u00f6r\u0259 pul verirdil\u0259r. Amma \u0259n ki\u00e7ik u\u015fa\u011f\u0131n &#8211; q\u0131z\u0131m\u0131n 8 ya\u015f\u0131 tamam olandan sonra k\u0259sdil\u0259r\u201d.\n<\/p>\n<p>\n  M\u0259ry\u0259m xan\u0131mdan ba\u015fqa qay\u0131natas\u0131na baxacaq adam yoxdur. Qad\u0131n ya\u015fl\u0131 adam\u0131 idar\u0259 etm\u0259yin d\u0259 ayr\u0131ca m\u0259suliyy\u0259t ist\u0259diyini deyir: \u201cQay\u0131nanam r\u0259hm\u0259t\u0259 ged\u0259nd\u0259n o ki\u015fiy\u0259 m\u0259n bax\u0131ram. Arvad\u0131n bir n\u00f6v o\u011flunun \u00f6l\u00fcm\u00fcn\u0259 \u00fcr\u0259yi d\u00f6zm\u0259di. H\u0259yat yolda\u015f\u0131m\u0131n ilind\u0259 can\u0131n\u0131 tap\u015f\u0131rd\u0131\u201d.\n<\/p>\n<p>\n  H\u0259yat y\u00fck\u00fc qad\u0131n\u0131n \u00e7iyinl\u0259rind\u0259n bas\u0131r. Amma o, \u0259lind\u0259n g\u0259l\u0259ni edir ki, u\u015faqlar\u0131 ac\u0131ndan \u00f6lm\u0259sin: \u201c\u00c7al\u0131\u015f\u0131ram ki, qon\u015funun \u00fcst\u00fcn\u0259 \u00e7\u00f6r\u0259y\u0259 getm\u0259yim\u201d.\n<\/p>\n<p>\n  <b><br \/>\n    \u201cEvin h\u0259m ki\u015fisiy\u0259m, h\u0259m d\u0259 qad\u0131n\u0131\u201d<br \/>\n  <\/b>\n<\/p>\n<p>\n  M\u0259ry\u0259m Aslanova dan\u0131\u015f\u0131r ki, h\u0259yat yolda\u015f\u0131n\u0131n sa\u011fl\u0131\u011f\u0131nda da \u00e7\u0259tinlikl\u0259 dolan\u0131rd\u0131lar: \u201cHe\u00e7 bir yerd\u0259 i\u015fl\u0259mirdi. T\u0259s\u0259rr\u00fcfatla m\u0259\u015f\u011ful olurduq. Amma onun \u00f6l\u00fcm\u00fcnd\u0259n sonra v\u0259ziyy\u0259timiz lap pisl\u0259\u015fdi. B\u00fct\u00fcn y\u00fck m\u0259nim \u00fcz\u0259rimd\u0259 qald\u0131. \u0130ndi evin h\u0259m ki\u015fisiy\u0259m, h\u0259m d\u0259 qad\u0131n\u0131\u201d.\n<\/p>\n<p>\n  M\u0259ry\u0259m xan\u0131m h\u0259yat yolda\u015f\u0131n\u0131 itir\u0259nd\u0259 u\u015faqlar \u00e7ox ki\u00e7ikmi\u015f. Q\u0131z\u0131n\u0131n he\u00e7 \u00fc\u00e7 ya\u015f\u0131 tamam olmay\u0131bm\u0131\u015f. 41 ya\u015fl\u0131 qad\u0131n indiy\u0259 q\u0259d\u0259r \u00e7ox \u0259ziyy\u0259t \u00e7\u0259kdiyini deyir:\n<\/p>\n<p>\n  \u201cEl\u0259 vaxtlar olub ki, u\u015faqlara m\u0259kt\u0259b\u0259 getm\u0259k \u00fc\u00e7\u00fcn day\u0131lar\u0131 paltar, \u00e7anta al\u0131b. U\u015faqd\u0131lar, k\u00f6n\u00fcll\u0259rind\u0259n n\u0259s\u0259 ke\u00e7ir. M\u0259s\u0259l\u0259n, deyirl\u0259r ki, t\u0259z\u0259 televizorlardan ist\u0259yirik. M\u0259nim g\u00fcc\u00fcm \u00e7atm\u0131r amma. Qarda\u015f\u0131m, qarda\u015f\u0131m\u0131n u\u015faqlar\u0131 g\u0259lib x\u0259b\u0259r bilirl\u0259r bizd\u0259n. Amma maddi y\u00fck\u00fc t\u0259k \u00e7\u0259kir\u0259m\u201d.\n<\/p>\n<p>\n  Qad\u0131n dem\u0259y\u0259 utan\u0131r, amma k\u00f6m\u0259y\u0259 \u00e7ox ehtiyac oldu\u011fu g\u00f6z \u00f6n\u00fcnd\u0259dir: \u201cO q\u0259d\u0259r arzular\u0131m var ki&#8230;\u201d\n<\/p>\n<figure class=\"wp-block-image size-large\">\n  <img decoding=\"async\" src=\"https:\/\/www.meydan.tv\/az\/untitled9__3_-png-2\/\" alt=\"untitled9__3_.png\" class=\"wp-image-144188\"\/><figcaption>\n    M\u0259ry\u0259m Aslanova<br \/>\n  <\/figcaption><\/figure>\n<p>\n  \u201c<br \/>\n  <b><br \/>\n    Al\u00e7a y\u0131\u011f\u0131ram ki, sabah apar\u0131b bazarda sat\u0131m\u201d<br \/>\n  <\/b>\n<\/p>\n<p>\n  M\u0259ry\u0259m xan\u0131m dan\u0131\u015f\u0131r ki, ill\u0259r \u0259vv\u0259l ev\u0259 \u0259l g\u0259zdirm\u0259k ist\u0259yibl\u0259r. Amma ard\u0131c\u0131l itkil\u0259r h\u0259r \u015feyi yar\u0131m\u00e7\u0131q qoyub. Daha \u015f\u0259raiti yax\u015f\u0131la\u015fd\u0131rmaq da olmur:\n<\/p>\n<p>\n  \u201cK\u00f6hn\u0259 evdir. \u00c7ox \u015feyin t\u0259z\u0259l\u0259nm\u0259sin\u0259 ehtiyac var. Adi darvazam\u0131z da yoxdur\u201d.\n<\/p>\n<p>\n  Qad\u0131n k\u00f6m\u0259k \u00fc\u00e7\u00fcn bir ne\u00e7\u0259 yer\u0259 m\u00fcraci\u0259t edib. Dediyin\u0259 g\u00f6r\u0259, qarda\u015f\u0131 q\u0131z\u0131 Heyd\u0259r \u018fliyev Fonduna yaz\u0131b. Fonddan M\u0259ry\u0259m Aslanovaya z\u0259ng g\u0259lib:\n<\/p>\n<p>\n  \u201cN\u0259y\u0259 ehtiyac\u0131m oldu\u011funu soru\u015fdular. H\u0259tta m\u0259i\u015f\u0259t \u0259\u015fyalar\u0131 olub-olmamas\u0131 haqda sual verdil\u0259r. Dedim, evd\u0259 h\u0259r \u015fey k\u00f6hn\u0259di. Amma onlardan he\u00e7 bir x\u0259b\u0259r \u00e7\u0131xmad\u0131. Yard\u0131m g\u00f6rm\u0259dik\u201d.\n<\/p>\n<p>\n  M\u0259ry\u0259m xan\u0131m deyir ki, pandemiya g\u00fcnl\u0259rind\u0259 Heyd\u0259r \u018fliyev Fondu ad\u0131ndan k\u0259ndd\u0259 xeyli adama \u0259rzaq paylan\u0131b. Alanlar aras\u0131nda qohumu da var. T\u0259\u0259ss\u00fcf ki, onun ail\u0259si diqq\u0259td\u0259n k\u0259narda qal\u0131b:\n<\/p>\n<p>\n  \u201cBir d\u0259f\u0259 Ramazan bayram\u0131nda \u0259rzaq yard\u0131m\u0131 g\u0259lmi\u015fdi. Amma k\u00f6m\u0259k el\u0259y\u0259n ad\u0131n\u0131n bilinm\u0259sini ist\u0259m\u0259mi\u015fdi\u201d.\n<\/p>\n<p>\n  M\u0131rt\u0131 k\u0259nd sakini sosial yard\u0131m \u00fc\u00e7\u00fcn d\u0259 m\u00fcraci\u0259t edib. M\u00fcsb\u0259t cavab almay\u0131b: \u201cVerm\u0259k ist\u0259mirl\u0259r. M\u0259n 190 manat\u0131 da ala bilm\u0259dim. U\u015faqlara g\u00f6r\u0259 pul verilm\u0259si b\u0259han\u0259 g\u00f6st\u0259rildi\u201d.\n<\/p>\n<p>\n  \u0130ndi M\u0259ry\u0259m xan\u0131m s\u00f6z\u00fcn b\u00fct\u00fcn m\u0259nalar\u0131nda sabah\u0131 d\u00fc\u015f\u00fcn\u00fcr. Bu g\u00fcn ba\u011fdan bir az al\u00e7a y\u0131\u011f\u0131b, sabah bazara satma\u011fa aparacaq&#8230;<\/p>\n","protected":false},"excerpt":{"rendered":"<p>&#8220;Amma o, \u0259lind\u0259n g\u0259l\u0259ni edir ki, u\u015faqlar\u0131 ac\u0131ndan \u00f6lm\u0259sin&#8221;<\/p>\n","protected":false},"author":11,"featured_media":144192,"comment_status":"closed","ping_status":"open","sticky":false,"template":"","format":"standard","meta":{"_acf_changed":false,"_sitemap_exclude":false,"_sitemap_priority":"","_sitemap_frequency":"","footnotes":""},"categories":[60],"tags":[],"class_list":["post-201371","post","type-post","status-publish","format-standard","has-post-thumbnail","hentry","category-bolge","infinite-scroll-item","generate-columns","tablet-grid-50","mobile-grid-100","grid-parent","grid-33","no-featured-image-padding"],"acf":[],"yoast_head":"<!-- This site is optimized with the Yoast SEO plugin v27.5 - https:\/\/yoast.com\/product\/yoast-seo-wordpress\/ -->\n<title>\u201cAdi darvazam\u0131z da yoxdur...\u201d - MEYDAN.TV<\/title>\n<meta name=\"robots\" content=\"index, follow, max-snippet:-1, max-image-preview:large, max-video-preview:-1\" \/>\n<link rel=\"canonical\" href=\"https:\/\/www.meydan.tv\/az\/article\/adi-darvazamiz-da-yoxdur\/\" \/>\n<meta property=\"og:locale\" content=\"az_AZ\" \/>\n<meta property=\"og:type\" content=\"article\" \/>\n<meta property=\"og:title\" content=\"\u201cAdi darvazam\u0131z da yoxdur...\u201d - MEYDAN.TV\" \/>\n<meta property=\"og:description\" content=\"&quot;Amma o, \u0259lind\u0259n g\u0259l\u0259ni edir ki, u\u015faqlar\u0131 ac\u0131ndan \u00f6lm\u0259sin&quot;\" \/>\n<meta property=\"og:url\" content=\"https:\/\/www.meydan.tv\/az\/article\/adi-darvazamiz-da-yoxdur\/\" \/>\n<meta property=\"og:site_name\" content=\"MEYDAN.TV\" \/>\n<meta property=\"article:published_time\" content=\"2020-07-10T14:11:30+00:00\" \/>\n<meta property=\"og:image\" content=\"https:\/\/www.meydan.tv\/wp-content\/uploads\/copy_of_sayt-cover__2_.png\" \/>\n\t<meta property=\"og:image:width\" content=\"1280\" \/>\n\t<meta property=\"og:image:height\" content=\"720\" \/>\n\t<meta property=\"og:image:type\" content=\"image\/png\" \/>\n<meta name=\"author\" content=\"user-manager\" \/>\n<meta name=\"twitter:card\" content=\"summary_large_image\" \/>\n<script type=\"application\/ld+json\" class=\"yoast-schema-graph\">{\"@context\":\"https:\\\/\\\/schema.org\",\"@graph\":[{\"@type\":\"Article\",\"@id\":\"https:\\\/\\\/www.meydan.tv\\\/az\\\/article\\\/adi-darvazamiz-da-yoxdur\\\/#article\",\"isPartOf\":{\"@id\":\"https:\\\/\\\/www.meydan.tv\\\/az\\\/article\\\/adi-darvazamiz-da-yoxdur\\\/\"},\"author\":{\"name\":\"user-manager\",\"@id\":\"https:\\\/\\\/www.meydan.tv\\\/az\\\/#\\\/schema\\\/person\\\/10d11eccf6da3662cf5fdab9806ea91a\"},\"headline\":\"\u201cAdi darvazam\u0131z da yoxdur&#8230;\u201d\",\"datePublished\":\"2020-07-10T14:11:30+00:00\",\"mainEntityOfPage\":{\"@id\":\"https:\\\/\\\/www.meydan.tv\\\/az\\\/article\\\/adi-darvazamiz-da-yoxdur\\\/\"},\"wordCount\":852,\"publisher\":{\"@id\":\"https:\\\/\\\/www.meydan.tv\\\/az\\\/#organization\"},\"image\":{\"@id\":\"https:\\\/\\\/www.meydan.tv\\\/az\\\/article\\\/adi-darvazamiz-da-yoxdur\\\/#primaryimage\"},\"thumbnailUrl\":\"https:\\\/\\\/www.meydan.tv\\\/wp-content\\\/uploads\\\/copy_of_sayt-cover__2_.png\",\"articleSection\":[\"B\u00f6lg\u0259\"],\"inLanguage\":\"az\"},{\"@type\":\"WebPage\",\"@id\":\"https:\\\/\\\/www.meydan.tv\\\/az\\\/article\\\/adi-darvazamiz-da-yoxdur\\\/\",\"url\":\"https:\\\/\\\/www.meydan.tv\\\/az\\\/article\\\/adi-darvazamiz-da-yoxdur\\\/\",\"name\":\"\u201cAdi darvazam\u0131z da yoxdur...\u201d - MEYDAN.TV\",\"isPartOf\":{\"@id\":\"https:\\\/\\\/www.meydan.tv\\\/az\\\/#website\"},\"primaryImageOfPage\":{\"@id\":\"https:\\\/\\\/www.meydan.tv\\\/az\\\/article\\\/adi-darvazamiz-da-yoxdur\\\/#primaryimage\"},\"image\":{\"@id\":\"https:\\\/\\\/www.meydan.tv\\\/az\\\/article\\\/adi-darvazamiz-da-yoxdur\\\/#primaryimage\"},\"thumbnailUrl\":\"https:\\\/\\\/www.meydan.tv\\\/wp-content\\\/uploads\\\/copy_of_sayt-cover__2_.png\",\"datePublished\":\"2020-07-10T14:11:30+00:00\",\"breadcrumb\":{\"@id\":\"https:\\\/\\\/www.meydan.tv\\\/az\\\/article\\\/adi-darvazamiz-da-yoxdur\\\/#breadcrumb\"},\"inLanguage\":\"az\",\"potentialAction\":[{\"@type\":\"ReadAction\",\"target\":[\"https:\\\/\\\/www.meydan.tv\\\/az\\\/article\\\/adi-darvazamiz-da-yoxdur\\\/\"]}]},{\"@type\":\"ImageObject\",\"inLanguage\":\"az\",\"@id\":\"https:\\\/\\\/www.meydan.tv\\\/az\\\/article\\\/adi-darvazamiz-da-yoxdur\\\/#primaryimage\",\"url\":\"https:\\\/\\\/www.meydan.tv\\\/wp-content\\\/uploads\\\/copy_of_sayt-cover__2_.png\",\"contentUrl\":\"https:\\\/\\\/www.meydan.tv\\\/wp-content\\\/uploads\\\/copy_of_sayt-cover__2_.png\",\"width\":1280,\"height\":720,\"caption\":\"Source: Specify Source\"},{\"@type\":\"BreadcrumbList\",\"@id\":\"https:\\\/\\\/www.meydan.tv\\\/az\\\/article\\\/adi-darvazamiz-da-yoxdur\\\/#breadcrumb\",\"itemListElement\":[{\"@type\":\"ListItem\",\"position\":1,\"name\":\"Ana s\u0259hif\u0259\",\"item\":\"https:\\\/\\\/www.meydan.tv\\\/az\\\/\"},{\"@type\":\"ListItem\",\"position\":2,\"name\":\"B\u00f6lg\u0259\",\"item\":\"https:\\\/\\\/www.meydan.tv\\\/az\\\/section\\\/bolge\\\/\"},{\"@type\":\"ListItem\",\"position\":3,\"name\":\"\u201cAdi darvazam\u0131z da yoxdur&#8230;\u201d\"}]},{\"@type\":\"WebSite\",\"@id\":\"https:\\\/\\\/www.meydan.tv\\\/az\\\/#website\",\"url\":\"https:\\\/\\\/www.meydan.tv\\\/az\\\/\",\"name\":\"MEYDAN.TV\",\"description\":\"Meydan TV Az\u0259rbaycan\u0131n media m\u0259kan\u0131ndak\u0131 alternativ s\u0259sidir\",\"publisher\":{\"@id\":\"https:\\\/\\\/www.meydan.tv\\\/az\\\/#organization\"},\"potentialAction\":[{\"@type\":\"SearchAction\",\"target\":{\"@type\":\"EntryPoint\",\"urlTemplate\":\"https:\\\/\\\/www.meydan.tv\\\/az\\\/?s={search_term_string}\"},\"query-input\":{\"@type\":\"PropertyValueSpecification\",\"valueRequired\":true,\"valueName\":\"search_term_string\"}}],\"inLanguage\":\"az\"},{\"@type\":\"Organization\",\"@id\":\"https:\\\/\\\/www.meydan.tv\\\/az\\\/#organization\",\"name\":\"Meydan TV\",\"url\":\"https:\\\/\\\/www.meydan.tv\\\/az\\\/\",\"logo\":{\"@type\":\"ImageObject\",\"inLanguage\":\"az\",\"@id\":\"https:\\\/\\\/www.meydan.tv\\\/az\\\/#\\\/schema\\\/logo\\\/image\\\/\",\"url\":\"https:\\\/\\\/www.meydan.tv\\\/wp-content\\\/uploads\\\/2021\\\/07\\\/meydan-logo.svg\",\"contentUrl\":\"https:\\\/\\\/www.meydan.tv\\\/wp-content\\\/uploads\\\/2021\\\/07\\\/meydan-logo.svg\",\"width\":195,\"height\":46,\"caption\":\"Meydan TV\"},\"image\":{\"@id\":\"https:\\\/\\\/www.meydan.tv\\\/az\\\/#\\\/schema\\\/logo\\\/image\\\/\"}},{\"@type\":\"Person\",\"@id\":\"https:\\\/\\\/www.meydan.tv\\\/az\\\/#\\\/schema\\\/person\\\/10d11eccf6da3662cf5fdab9806ea91a\",\"name\":\"user-manager\"}]}<\/script>\n<!-- \/ Yoast SEO plugin. -->","yoast_head_json":{"title":"\u201cAdi darvazam\u0131z da yoxdur...\u201d - MEYDAN.TV","robots":{"index":"index","follow":"follow","max-snippet":"max-snippet:-1","max-image-preview":"max-image-preview:large","max-video-preview":"max-video-preview:-1"},"canonical":"https:\/\/www.meydan.tv\/az\/article\/adi-darvazamiz-da-yoxdur\/","og_locale":"az_AZ","og_type":"article","og_title":"\u201cAdi darvazam\u0131z da yoxdur...\u201d - MEYDAN.TV","og_description":"\"Amma o, \u0259lind\u0259n g\u0259l\u0259ni edir ki, u\u015faqlar\u0131 ac\u0131ndan \u00f6lm\u0259sin\"","og_url":"https:\/\/www.meydan.tv\/az\/article\/adi-darvazamiz-da-yoxdur\/","og_site_name":"MEYDAN.TV","article_published_time":"2020-07-10T14:11:30+00:00","og_image":[{"width":1280,"height":720,"url":"https:\/\/www.meydan.tv\/wp-content\/uploads\/copy_of_sayt-cover__2_.png","type":"image\/png"}],"author":"user-manager","twitter_card":"summary_large_image","schema":{"@context":"https:\/\/schema.org","@graph":[{"@type":"Article","@id":"https:\/\/www.meydan.tv\/az\/article\/adi-darvazamiz-da-yoxdur\/#article","isPartOf":{"@id":"https:\/\/www.meydan.tv\/az\/article\/adi-darvazamiz-da-yoxdur\/"},"author":{"name":"user-manager","@id":"https:\/\/www.meydan.tv\/az\/#\/schema\/person\/10d11eccf6da3662cf5fdab9806ea91a"},"headline":"\u201cAdi darvazam\u0131z da yoxdur&#8230;\u201d","datePublished":"2020-07-10T14:11:30+00:00","mainEntityOfPage":{"@id":"https:\/\/www.meydan.tv\/az\/article\/adi-darvazamiz-da-yoxdur\/"},"wordCount":852,"publisher":{"@id":"https:\/\/www.meydan.tv\/az\/#organization"},"image":{"@id":"https:\/\/www.meydan.tv\/az\/article\/adi-darvazamiz-da-yoxdur\/#primaryimage"},"thumbnailUrl":"https:\/\/www.meydan.tv\/wp-content\/uploads\/copy_of_sayt-cover__2_.png","articleSection":["B\u00f6lg\u0259"],"inLanguage":"az"},{"@type":"WebPage","@id":"https:\/\/www.meydan.tv\/az\/article\/adi-darvazamiz-da-yoxdur\/","url":"https:\/\/www.meydan.tv\/az\/article\/adi-darvazamiz-da-yoxdur\/","name":"\u201cAdi darvazam\u0131z da yoxdur...\u201d - MEYDAN.TV","isPartOf":{"@id":"https:\/\/www.meydan.tv\/az\/#website"},"primaryImageOfPage":{"@id":"https:\/\/www.meydan.tv\/az\/article\/adi-darvazamiz-da-yoxdur\/#primaryimage"},"image":{"@id":"https:\/\/www.meydan.tv\/az\/article\/adi-darvazamiz-da-yoxdur\/#primaryimage"},"thumbnailUrl":"https:\/\/www.meydan.tv\/wp-content\/uploads\/copy_of_sayt-cover__2_.png","datePublished":"2020-07-10T14:11:30+00:00","breadcrumb":{"@id":"https:\/\/www.meydan.tv\/az\/article\/adi-darvazamiz-da-yoxdur\/#breadcrumb"},"inLanguage":"az","potentialAction":[{"@type":"ReadAction","target":["https:\/\/www.meydan.tv\/az\/article\/adi-darvazamiz-da-yoxdur\/"]}]},{"@type":"ImageObject","inLanguage":"az","@id":"https:\/\/www.meydan.tv\/az\/article\/adi-darvazamiz-da-yoxdur\/#primaryimage","url":"https:\/\/www.meydan.tv\/wp-content\/uploads\/copy_of_sayt-cover__2_.png","contentUrl":"https:\/\/www.meydan.tv\/wp-content\/uploads\/copy_of_sayt-cover__2_.png","width":1280,"height":720,"caption":"Source: Specify Source"},{"@type":"BreadcrumbList","@id":"https:\/\/www.meydan.tv\/az\/article\/adi-darvazamiz-da-yoxdur\/#breadcrumb","itemListElement":[{"@type":"ListItem","position":1,"name":"Ana s\u0259hif\u0259","item":"https:\/\/www.meydan.tv\/az\/"},{"@type":"ListItem","position":2,"name":"B\u00f6lg\u0259","item":"https:\/\/www.meydan.tv\/az\/section\/bolge\/"},{"@type":"ListItem","position":3,"name":"\u201cAdi darvazam\u0131z da yoxdur&#8230;\u201d"}]},{"@type":"WebSite","@id":"https:\/\/www.meydan.tv\/az\/#website","url":"https:\/\/www.meydan.tv\/az\/","name":"MEYDAN.TV","description":"Meydan TV Az\u0259rbaycan\u0131n media m\u0259kan\u0131ndak\u0131 alternativ s\u0259sidir","publisher":{"@id":"https:\/\/www.meydan.tv\/az\/#organization"},"potentialAction":[{"@type":"SearchAction","target":{"@type":"EntryPoint","urlTemplate":"https:\/\/www.meydan.tv\/az\/?s={search_term_string}"},"query-input":{"@type":"PropertyValueSpecification","valueRequired":true,"valueName":"search_term_string"}}],"inLanguage":"az"},{"@type":"Organization","@id":"https:\/\/www.meydan.tv\/az\/#organization","name":"Meydan TV","url":"https:\/\/www.meydan.tv\/az\/","logo":{"@type":"ImageObject","inLanguage":"az","@id":"https:\/\/www.meydan.tv\/az\/#\/schema\/logo\/image\/","url":"https:\/\/www.meydan.tv\/wp-content\/uploads\/2021\/07\/meydan-logo.svg","contentUrl":"https:\/\/www.meydan.tv\/wp-content\/uploads\/2021\/07\/meydan-logo.svg","width":195,"height":46,"caption":"Meydan TV"},"image":{"@id":"https:\/\/www.meydan.tv\/az\/#\/schema\/logo\/image\/"}},{"@type":"Person","@id":"https:\/\/www.meydan.tv\/az\/#\/schema\/person\/10d11eccf6da3662cf5fdab9806ea91a","name":"user-manager"}]}},"_links":{"self":[{"href":"https:\/\/www.meydan.tv\/az\/wp-json\/wp\/v2\/posts\/201371","targetHints":{"allow":["GET"]}}],"collection":[{"href":"https:\/\/www.meydan.tv\/az\/wp-json\/wp\/v2\/posts"}],"about":[{"href":"https:\/\/www.meydan.tv\/az\/wp-json\/wp\/v2\/types\/post"}],"author":[{"embeddable":true,"href":"https:\/\/www.meydan.tv\/az\/wp-json\/wp\/v2\/users\/11"}],"replies":[{"embeddable":true,"href":"https:\/\/www.meydan.tv\/az\/wp-json\/wp\/v2\/comments?post=201371"}],"version-history":[{"count":0,"href":"https:\/\/www.meydan.tv\/az\/wp-json\/wp\/v2\/posts\/201371\/revisions"}],"wp:featuredmedia":[{"embeddable":true,"href":"https:\/\/www.meydan.tv\/az\/wp-json\/wp\/v2\/media\/144192"}],"wp:attachment":[{"href":"https:\/\/www.meydan.tv\/az\/wp-json\/wp\/v2\/media?parent=201371"}],"wp:term":[{"taxonomy":"category","embeddable":true,"href":"https:\/\/www.meydan.tv\/az\/wp-json\/wp\/v2\/categories?post=201371"},{"taxonomy":"post_tag","embeddable":true,"href":"https:\/\/www.meydan.tv\/az\/wp-json\/wp\/v2\/tags?post=201371"}],"curies":[{"name":"wp","href":"https:\/\/api.w.org\/{rel}","templated":true}]}}