{"id":201355,"date":"2020-07-09T13:21:02","date_gmt":"2020-07-09T13:21:02","guid":{"rendered":"https:\/\/www.meydan.tv\/article\/ana-kurun-basi-derdde\/"},"modified":"2020-07-09T13:21:02","modified_gmt":"2020-07-09T13:21:02","slug":"ana-kurun-basi-derdde","status":"publish","type":"post","link":"https:\/\/www.meydan.tv\/az\/article\/ana-kurun-basi-derdde\/","title":{"rendered":"Ana K\u00fcr\u00fcn ba\u015f\u0131 d\u0259rdd\u0259&#8230;"},"content":{"rendered":"<p>\n  <i><br \/>\n    Neft\u00e7ala sakinl\u0259rinin iddias\u0131na g\u00f6r\u0259, X\u0259z\u0259rin K\u00fcr\u0259 ax\u0131n etm\u0259sinin s\u0259b\u0259bi 3 il \u0259vv\u0259l \u00e7ayda t\u0259mizlik i\u015fl\u0259rinin d\u00fczg\u00fcn apar\u0131lmamas\u0131, h\u0259min i\u015fl\u0259r g\u00f6r\u00fcl\u0259rk\u0259n texniki m\u0259s\u0259l\u0259l\u0259r h\u0259ll edil\u0259nd\u0259 k\u00fcl\u0259yin istiqam\u0259tinin n\u0259z\u0259r\u0259 al\u0131nmamas\u0131d\u0131r<br \/>\n  <\/i>\n<\/p>\n<p>\n  \u201c\u00c7ay\u0131n k\u0259nar\u0131nda bir ovuc suya h\u0259sr\u0259t qalm\u0131\u015f\u0131q. K\u00fcr\u00fcn ba\u015f\u0131na g\u0259l\u0259nl\u0259ri \u00f6lk\u0259d\u0259 u\u015faqdan b\u00f6y\u00fcy\u0259 az qala ham\u0131 bilir. Min hektarlarla \u0259kin sah\u0259miz, h\u0259y\u0259tyan\u0131 sah\u0259l\u0259rimiz, heyvanlar\u0131m\u0131z, insanlar\u0131m\u0131z susuzdur. Sad\u0259 k\u0259ndli d\u0259 anlay\u0131r ki, deyil\u0259n s\u00f6zl\u0259r, veril\u0259n v\u0259dl\u0259r vaxt qazanmaq g\u00fcd\u00fcr. Ancaq bu g\u00fcn m\u0259s\u0259l\u0259y\u0259 t\u0259kc\u0259 K\u00fcr\u0259traf\u0131 rayonlar\u0131n m\u0259s\u0259l\u0259si kimi baxanlar vaxt g\u0259l\u0259c\u0259k \u00f6zl\u0259ri d\u0259 z\u0259r\u0259rini hiss ed\u0259c\u0259kl\u0259r\u201d.\n<\/p>\n<p>\n  Neft\u00e7ala sakinl\u0259ri \u00f6lk\u0259 ba\u015f\u00e7\u0131s\u0131ndan K\u00fcr\u00fcn d\u0259rdin\u0259 \u00e7ar\u0259 q\u0131lmas\u0131n\u0131 t\u0259l\u0259b edir. Son 1 ayda \u00e7ayda kritik durum yaran\u0131b. \u00c7ayda suyun s\u0259viyy\u0259si s\u00fcr\u0259tl\u0259 a\u015fa\u011f\u0131 d\u00fc\u015f\u00fcb, \u0259traf rayon v\u0259 k\u0259ndl\u0259r i\u00e7m\u0259li suyu pulla al\u0131r, \u0259kin sah\u0259l\u0259ri is\u0259 susuzluqdan m\u0259hv olur.\n<\/p>\n<figure class=\"wp-block-image size-large\">\n  <img decoding=\"async\" src=\"https:\/\/www.meydan.tv\/az\/reg_neftclara_susuzluq-jpg\/\" alt=\"reg_neftclara_susuzluq.jpg\" class=\"wp-image-144086\"\/><figcaption>\n    &#8220;\u0130nsan\u0131m\u0131z is\u0259 25-30, b\u0259zi yerl\u0259rd\u0259 is\u0259 80-100 manata i\u00e7m\u0259li su g\u0259tizdirirl\u0259r&#8221;<br \/>\n  <\/figcaption><\/figure>\n<p>\n  <b><br \/>\n    K\u00fcr\u00fc kim \u201cd\u0259li\u201d etdi?<br \/>\n  <\/b>\n<\/p>\n<p>\n  T\u0259xmin\u0259n 4500 il tarixi, 1515 kilometr uzunlu\u011fu olan K\u00fcr Qafqazda \u00e7ayd\u0131r. \u00d6z ba\u015flan\u011f\u0131c\u0131n\u0131 T\u00fcrkiy\u0259nin \u015fimal-\u015f\u0259rqind\u0259ki buzlaqlardan g\u00f6t\u00fcr\u00fcr, T\u00fcrkiy\u0259 v\u0259 G\u00fcrc\u00fcstandan ke\u00e7\u0259r\u0259k Az\u0259rbaycan \u0259razisin\u0259 daxil olur. Burada \u00f6z\u00fcn\u00fcn \u0259n b\u00f6y\u00fck qolu olan Araz \u00e7ay\u0131 il\u0259 Sabirabad \u015f\u0259h\u0259ri yax\u0131nl\u0131\u011f\u0131nda birl\u0259\u015fir. Neft\u00e7ala rayonu \u0259razisind\u0259 X\u0259z\u0259r\u0259 t\u00f6k\u00fcl\u00fcr. \u018fsrl\u0259rdir ki, K\u00fcr\u0259traf\u0131 \u0259razil\u0259rd\u0259 ya\u015fayanlar \u00e7ay\u0131n suyundan h\u0259m m\u0259i\u015f\u0259td\u0259, h\u0259m d\u0259 k\u0259nd t\u0259s\u0259rr\u00fcfat\u0131nda istifad\u0259 edir. Ancaq son ill\u0259r K\u00fcr\u00fcn \u201cb\u0259xti g\u0259tirmir\u201d. R\u0259smi qurumlar \u00e7ay\u0131n s\u0259viyy\u0259sinin azalmas\u0131n\u0131 havalar\u0131n quraql\u0131q ke\u00e7m\u0259si il\u0259 \u0259laq\u0259l\u0259ndirs\u0259 d\u0259, K\u00fcr\u0259traf\u0131 \u0259razil\u0259rd\u0259 ya\u015fayan \u0259hali s\u0259b\u0259bin \u00e7aya olan k\u0259nar m\u00fcdaxil\u0259l\u0259rd\u0259n qaynaqland\u0131\u011f\u0131n\u0131 iddia edir. Neft\u00e7ala sakini Saday F\u0259r\u0259cli dan\u0131\u015f\u0131r ki, haz\u0131rda X\u0259z\u0259rin K\u00fcr\u0259 axmas\u0131n\u0131n s\u0259b\u0259bi d\u0259 el\u0259 t\u0259xmin\u0259n 3 il \u0259vv\u0259l \u00e7ayda apar\u0131lan t\u0259mizlik i\u015fl\u0259ri zaman\u0131 yol verilmi\u015f s\u0259hvl\u0259rdir:\n<\/p>\n<p>\n  \u201cK\u00fcr \u00e7ay\u0131 uzun bir yol q\u0259t edib Neft\u00e7ala rayonu \u0259razisind\u0259 X\u0259z\u0259r\u0259 qovu\u015fur. Son bir ne\u00e7\u0259 ild\u0259 K\u00fcrd\u0259 suyun azalmas\u0131 n\u0259z\u0259r\u0259 \u00e7arpacaq q\u0259d\u0259r hiss edilirdi. Bunun \u00fc\u00e7\u00fcn d\u0259 \u00e7ay\u0131n lild\u0259n t\u0259mizl\u0259nm\u0259si \u00fc\u00e7\u00fcn m\u00fcxt\u0259lif layih\u0259l\u0259rin icras\u0131na ba\u015flad\u0131lar. Rayonun K\u00fcr Qarabucaq k\u0259ndind\u0259 F\u00f6vqalad\u0259 Hallar Nazirliyinin Dib D\u0259rinl\u0259\u015fdirilm\u0259 \u0130\u015fl\u0259ri \u0130dar\u0259si yarad\u0131ld\u0131. 3 il \u0259vv\u0259l \u00e7ay\u0131n lild\u0259n t\u0259mizl\u0259nm\u0259si \u00fc\u00e7\u00fcn A\u015fa\u011f\u0131 Qaramanl\u0131, Q\u0259dimk\u0259nd, Birinci Qaral\u0131 v\u0259 K\u00fcr-Qarabucaq k\u0259ndl\u0259rind\u0259 i\u015fl\u0259r g\u00f6r\u00fcld\u00fc. H\u0259min vaxt lild\u0259n t\u0259mizl\u0259m\u0259 zaman\u0131 K\u00fcr \u00e7ay\u0131n\u0131n ax\u0131n\u0131, k\u00fcl\u0259k istiqam\u0259ti n\u0259z\u0259r\u0259 al\u0131nmad\u0131. Baxmayaraq ki, k\u0259ndlil\u0259r bunu anlay\u0131rd\u0131, ancaq i\u015f icra\u00e7\u0131lar\u0131 deyirdi, m\u00fcdaxil\u0259 etm\u0259yin, i\u015fimiz\u0259 mane olmay\u0131n. Sonradan \u00f6zl\u0259ri d\u0259 etiraf etdil\u0259r ki, i\u015fi d\u00fczg\u00fcn aparmay\u0131blar\u201d.\n<\/p>\n<figure class=\"wp-block-image size-large\">\n  <img decoding=\"async\" src=\"https:\/\/www.meydan.tv\/az\/reg_neftcala_kur_\/\" alt=\"reg_neftcala_kur_\" class=\"wp-image-144101\"\/><figcaption>\n    X\u0259z\u0259rin K\u00fcr\u0259 axmas\u0131n\u0131n s\u0259b\u0259bi d\u0259 el\u0259 t\u0259xmin\u0259n 3 il \u0259vv\u0259l \u00e7ayda apar\u0131lan t\u0259mizlik i\u015fl\u0259ri zaman\u0131 yol verilmi\u015f s\u0259hvl\u0259rdir<br \/>\n  <\/figcaption><\/figure>\n<p>\n  <b><br \/>\n    \u201cMilyonlar\u0131 g\u00f6y\u0259 sovurub, K\u00fcr\u00fcn anas\u0131n\u0131 a\u011flad\u0131blar\u201d<br \/>\n  <\/b>\n<\/p>\n<p>\n  Saday F\u0259r\u0259cli deyir, h\u0259min vaxt F\u00f6vq\u0259lad\u0259 Hallar Nazirliyinin layih\u0259 icra ed\u0259nl\u0259ri A\u015fa\u011f\u0131 Qaramanl\u0131 \u0259razisind\u0259 yerl\u0259\u015f\u0259n adadak\u0131 ya\u015f\u0131ll\u0131\u011f\u0131 m\u0259hv edibl\u0259r:\n<\/p>\n<p>\n  \u201cBo\u015f sah\u0259l\u0259r oldu\u011fu halda Q\u0131rm\u0131z\u0131 Kitaba d\u00fc\u015fm\u00fc\u015f a\u011faclardan ibar\u0259t 17 hektar \u0259razini iri texnikalarla d\u00fczl\u0259yib lilin t\u00f6k\u00fclm\u0259si \u00fc\u00e7\u00fcn yerl\u0259r d\u00fcz\u0259ltdil\u0259r. Minl\u0259rl\u0259 a\u011fac m\u0259hv edildi. K\u00fcr\u00fcn A\u015fa\u011f\u0131 Qaramanl\u0131 \u0259razisind\u0259n ke\u00e7\u0259n tarixi qolunun qar\u015f\u0131s\u0131n\u0131 ba\u011flad\u0131lar. Sonralar h\u0259min tarixi qol el\u0259 tarix\u0259 qovu\u015fdu. Daha sonra K\u00fcr\u00fcn d\u0259niz\u0259 t\u00f6k\u00fcl\u0259n hiss\u0259sind\u0259 lilin t\u0259mizl\u0259nm\u0259si i\u015fi g\u00f6r\u00fcld\u00fc. Bu g\u00fcn d\u0259 yerli icra orqanlar\u0131 etiraf edir ki, qaz\u0131nt\u0131 i\u015fl\u0259ri d\u00fczg\u00fcn apar\u0131lmad\u0131\u011f\u0131 \u00fc\u00e7\u00fcn X\u0259z\u0259r K\u00fcr\u0259 t\u00f6k\u00fcl\u00fcr. K\u00fcr \u00e7ay\u0131na yersiz m\u00fcdaxil\u0259 v\u0259 indi insan\u0131m\u0131z \u00e7\u0131x\u0131lmaz v\u0259ziyy\u0259td\u0259 qal\u0131b\u201d.\n<\/p>\n<p>\n  Neft\u00e7alal\u0131lar deyir, i\u015f icra\u00e7\u0131lar\u0131 i\u015fl\u0259rini h\u0259mi\u015f\u0259 yar\u0131tmaz g\u00f6r\u00fcbl\u0259r \u2013 K\u00fcr da\u015f\u0131b \u0259traf k\u0259ndl\u0259ri basanda da, m\u0259cras\u0131ndan a\u015fa\u011f\u0131 d\u00fc\u015f\u00fcb fanton qur\u011fular\u0131n\u0131n su \u00f6t\u00fcrm\u0259k qabiliyy\u0259tini s\u0131f\u0131ra endir\u0259nd\u0259 d\u0259&#8230; Saday F\u0259r\u0259cli dan\u0131\u015f\u0131r:\n<\/p>\n<p>\n  \u201cEkologiya v\u0259 T\u0259bii S\u0259rv\u0259tl\u0259r Nazirliyi t\u0259r\u0259find\u0259n modul tipli su t\u0259mizl\u0259yici qur\u011funun istifad\u0259 olunmas\u0131 \u00fc\u00e7\u00fcn laz\u0131m olan avadanl\u0131qlar: idar\u0259tm\u0259 sistemi (M.Gerlin,Almaniya), avtomatik filtirl\u0259r (Clack,AB\u015e), lil v\u0259 qumtutucu filtirl\u0259r (Etatron,\u0130taliya), kimy\u0259vi t\u0259mizl\u0259m\u0259 sistemi (Aqualine,Bel\u00e7ika), aktiv karbin filtri (Aqualine,Bel\u00e7ika), dal\u011f\u0131c nasosu v\u0259 hidrafor (Wilo,Almaniya), xlor t\u0259mizl\u0259yici nasos (Seko,italiya) ultrab\u0259n\u00f6v\u015f\u0259yi z\u0259r\u0259rsizl\u0259\u015fdirm\u0259 sistemi (Siemens,Almaniya), modulda komplektl\u0259\u015fdirilib (Ar\u0131tma,T\u00fcrkiy\u0259). \u018flav\u0259 olaraq bulaqlar\u0131n haz\u0131rlanmas\u0131 istifad\u0259 olunan sment, kubik, a\u011f lay, krantlar, yeralt\u0131 plastik borulan, i\u015f\u00e7il\u0259rin \u0259m\u0259k haqq\u0131s\u0131n\u0131 hesablayanda ortaya milyonlar \u00e7\u0131x\u0131r. Bir s\u00f6zl\u0259, milyonlar\u0131 g\u00f6y\u0259 sovurub K\u00fcr\u00fcn anas\u0131n\u0131 a\u011flad\u0131blar\u201d.\n<\/p>\n<figure class=\"wp-block-image size-large\">\n  <img decoding=\"async\" src=\"https:\/\/www.meydan.tv\/az\/reg_neftcala_kur_2-jpg\/\" alt=\"reg_neftcala_kur_2.jpg\" class=\"wp-image-144095\"\/><figcaption>\n    \u201cEkologiya v\u0259 T\u0259bii S\u0259rv\u0259tl\u0259r Nazirliyi t\u0259r\u0259find\u0259n modul tipli su t\u0259mizl\u0259yici qur\u011funun istifad\u0259 olunmas\u0131 \u00fc\u00e7\u00fcn laz\u0131m olan avadanl\u0131qlar<br \/>\n  <\/figcaption><\/figure>\n<p>\n  <b><br \/>\n    Q\u0259na\u0259t, ehtiyat t\u0259dbirl\u0259ri g\u00f6r\u00fclm\u0259di<br \/>\n  <\/b>\n<\/p>\n<p>\n  \u015eikay\u0259t\u00e7il\u0259r deyir ki, bu ilin mart\u0131ndan b\u0259zi x\u0259b\u0259r saytlar\u0131nda K\u00fcr\u00fcn suyunun k\u0259skin azalmas\u0131 v\u0259 yax\u0131n vaxtlarda quruma t\u0259hl\u00fck\u0259sinin olmas\u0131 il\u0259 ba\u011fl\u0131 h\u0259y\u0259can t\u0259bili \u00e7al\u0131n\u0131b. Ancaq r\u0259smi qurumlar m\u0259s\u0259l\u0259y\u0259 m\u00fcnasib\u0259t bildirm\u0259yib v\u0259 qabaqlay\u0131c\u0131 t\u0259dbirl\u0259r g\u00f6r\u00fclm\u0259yib. Q\u0259na\u0259t n\u0259z\u0259r\u0259 al\u0131nmay\u0131b, \u0259hali ehtiyat su il\u0259 t\u0259min olunmay\u0131b. Fanton qur\u011fular\u0131n\u0131 g\u00fcn\u00fcn 24 saat\u0131 \u00e7al\u0131\u015fd\u0131rmaqla normadan art\u0131q vurulan sular kollektorlara, oradansa x\u00fcsusi nasoslara X\u0259z\u0259r\u0259 ax\u0131d\u0131l\u0131b. \u0130ndis\u0259 insanlar su qablar\u0131n\u0131 i\u00e7m\u0259li su il\u0259 doldurmaq \u00fc\u00e7\u00fcn uzun-uzad\u0131 n\u00f6vb\u0259l\u0259r\u0259 dayan\u0131r.\n<\/p>\n<p>\n  <b><br \/>\n    Neft\u00e7ala sakini \u018flia\u011fa B\u0259\u015firov dan\u0131\u015f\u0131r<br \/>\n  <\/b><br \/>\n  :\n<\/p>\n<p>\n  \u201cBaxmayaraq ki, K\u00fcr\u00fcn sahilind\u0259 ya\u015fay\u0131r\u0131q, el\u0259 \u0259vv\u0259ll\u0259r d\u0259 i\u00e7m\u0259li suyun ma\u015f\u0131n\u0131n\u0131 70 manatdan al\u0131rd\u0131q, \u00e7\u00fcnki K\u00fcr \u00e7irkl\u0259nmi\u015fdi, suyundan ill\u0259r \u0259vv\u0259lki kimi adamlar istifad\u0259 ed\u0259 bilmirdik. Ancaq son 1-2 ayda v\u0259ziyy\u0259t lap a\u011f\u0131rla\u015f\u0131b. \u018fvv\u0259l \u00e7ay\u0131n s\u0259viyy\u0259si h\u0259ddind\u0259n a\u015fa\u011f\u0131 d\u00fc\u015fd\u00fc, sonra da dedil\u0259r, X\u0259z\u0259r K\u00fcr\u0259 t\u00f6k\u00fcl\u00fcr. Bunun qar\u015f\u0131s\u0131 al\u0131nmasa, K\u00fcr\u0259traf\u0131 rayon v\u0259 k\u0259ndl\u0259rd\u0259 birc\u0259 ya\u015f\u0131l a\u011fac qalmayacaq, \u0259kin sah\u0259l\u0259ri m\u0259hv olacaq, torpaqlar \u015foranla\u015facaq. X\u0259z\u0259rin suyu il\u0259 suvarma i\u015fi aparmaq olmaz. Heyvandarl\u0131q m\u0259hv olacaq, o suyu heyvana verm\u0259k olmaz. T\u0259l\u0259b edirik ki, \u00f6lk\u0259 ba\u015f\u00e7\u0131s\u0131 bu m\u0259s\u0259l\u0259ni \u015f\u0259xsi n\u0259zar\u0259tin\u0259 g\u00f6t\u00fcrs\u00fcn, aliml\u0259rimiz, aidiyy\u0259ti qurumlar\u0131m\u0131z \u00e7\u0131x\u0131\u015f yolu taps\u0131nlar\u201d.\n<\/p>\n<figure class=\"wp-block-image size-large\">\n  <img decoding=\"async\" src=\"https:\/\/www.meydan.tv\/az\/reg_neftcala_kur\/\" alt=\"reg_neftcala_kur\" class=\"wp-image-144098\"\/><figcaption>\n    Fanton qur\u011fular\u0131n\u0131 g\u00fcn\u00fcn 24 saat\u0131 \u00e7al\u0131\u015fd\u0131rmaqla normadan art\u0131q vurulan sular kollektorlara, oradansa x\u00fcsusi nasoslara X\u0259z\u0259r\u0259 ax\u0131d\u0131l\u0131b<br \/>\n  <\/figcaption><\/figure>\n<p>\n  <b><br \/>\n    \u201cGecikmi\u015f t\u0259dbirl\u0259r h\u0259l\u0259 ki, fayda vermir\u201d<br \/>\n  <\/b>\n<\/p>\n<p>\n  Saday F\u0259r\u0259cli is\u0259 deyir, rayonun m\u0259rk\u0259z hiss\u0259l\u0259rind\u0259 sudan ancaq g\u00fcnd\u0259lik t\u0259l\u0259bat \u00fc\u00e7\u00fcn, t\u0259mizliy\u0259 istifad\u0259 edilirs\u0259, k\u0259nd yerl\u0259rind\u0259 bu, bel\u0259 deyil. K\u0259nd yerl\u0259rind\u0259 h\u0259y\u0259tyan\u0131 sah\u0259l\u0259rd\u0259 m\u00fcxt\u0259lif a\u011fac v\u0259 t\u0259r\u0259v\u0259zl\u0259r \u0259kilir, bu da h\u0259min ail\u0259nin istifad\u0259si v\u0259 m\u00fc\u0259yy\u0259n q\u0259d\u0259r m\u0259hsulun bazara \u00e7\u0131xar\u0131b ail\u0259 b\u00fcdc\u0259sin\u0259 xeyir verm\u0259k dem\u0259k idi:\n<\/p>\n<p>\n  \u201cBundan \u0259lav\u0259, bildiyimiz kimi k\u0259nd yerl\u0259rind\u0259 toyuq-c\u00fcc\u0259, mal-qara \u00fc\u00e7\u00fcn d\u0259 su vacib amildir . Art\u0131q ne\u00e7\u0259 g\u00fcnd\u00fcr h\u0259y\u0259tyan\u0131 sah\u0259l\u0259rd\u0259 m\u00f6vs\u00fcmi \u0259kil\u0259n t\u0259r\u0259v\u0259zl\u0259r, heyvanlar susuzluqdan \u0259ziyy\u0259t \u00e7\u0259kir. \u0130nsan\u0131m\u0131z is\u0259 25-30, b\u0259zi yerl\u0259rd\u0259 is\u0259 80-100 manata i\u00e7m\u0259li su g\u0259tizdirirl\u0259r. Art\u0131q iribuynuzlu heyvanlar\u0131n t\u0259l\u0259f olmas\u0131 hallar\u0131 m\u00fc\u015fahid\u0259 edilir\u201d.\n<\/p>\n<figure class=\"wp-block-image size-large\">\n  <img decoding=\"async\" src=\"https:\/\/www.meydan.tv\/az\/reg_neftcala_su_gotururler-jpg\/\" alt=\"reg_neftcala_su_gotururler.jpg\" class=\"wp-image-144089\"\/><figcaption>\n    &#8220;Heyvandarl\u0131q m\u0259hv olacaq, o suyu heyvana verm\u0259k olmaz&#8221;<br \/>\n  <\/figcaption><\/figure>\n<p>\n  Neft\u00e7ala Rayon \u0130cra Hakimiyy\u0259tind\u0259n Meydan TV-y\u0259 bildirilib ki, \u00e7ayda suyun s\u0259viyy\u0259sinin a\u015fa\u011f\u0131 d\u00fc\u015fm\u0259si v\u0259 k\u00fcl\u0259yin t\u0259siril\u0259 X\u0259z\u0259r d\u0259nizinin suyunun \u00e7aya daxil olmas\u0131 n\u0259tic\u0259sind\u0259 rayonda i\u00e7m\u0259li su q\u0131tl\u0131\u011f\u0131 yaran\u0131b. Buna g\u00f6r\u0259 d\u0259 qurumda Operativ Q\u0259rargah yarad\u0131l\u0131b v\u0259 \u201cAz\u0259rsu\u201d ASC t\u0259r\u0259find\u0259n t\u0259hkim olunmu\u015f su ma\u015f\u0131nlar\u0131 i\u00e7m\u0259li su q\u0131tl\u0131\u011f\u0131 yaranan \u0259razil\u0259r\u0259 su da\u015f\u0131y\u0131r. Qurumdan bildirilib ki, iyunun 9-dan X\u0259z\u0259r d\u0259nizinin suyunun K\u00fcr \u00e7ay\u0131 boyunca ax\u0131n\u0131n\u0131n qar\u015f\u0131s\u0131n\u0131n al\u0131nmas\u0131 m\u0259qs\u0259dil\u0259 is\u0259 \u201cAz\u0259rbaycan Meliorasiya v\u0259 Su T\u0259s\u0259rr\u00fcfat\u0131\u201d ASC r\u0259hb\u0259rliyi laz\u0131mi t\u0259dbirl\u0259ri g\u00f6r\u00fcr.\n<\/p>\n<p>\n  Neft\u00e7ala sakinl\u0259ri is\u0259 deyir, g\u00f6r\u00fcl\u0259n t\u0259dbirl\u0259r h\u0259l\u0259 ki, effekt vermir. M\u0259s\u0259l\u0259n, K\u00fcr\u00fcn d\u0259niz\u0259 ax\u0131n\u0131n\u0131 b\u0259rpa etm\u0259k \u00fc\u00e7\u00fcn Ming\u0259\u00e7evir su anbar\u0131ndan axan suyun h\u0259cmi artr\u0131lsa da, faydas\u0131z olub. Buna q\u0259d\u0259rs\u0259 \u00fcmidl\u0259r Ming\u0259\u00e7evird\u0259n burax\u0131lacaq suya imi\u015f. \u00dcmidl\u0259r n\u0259tic\u0259siz qald\u0131\u011f\u0131na g\u00f6r\u0259, art\u0131q A\u015fa\u011f\u0131 Qaramanl\u0131 v\u0259 K\u00fcr Qarabucaq k\u0259ndl\u0259rind\u0259 \u0259kin sah\u0259l\u0259ri \u00fc\u00e7\u00fcn n\u0259z\u0259rd\u0259 tutulmu\u015f fantonlar\u0131n istifad\u0259si dayand\u0131r\u0131l\u0131b. \u0130yunun 29-da is\u0259 k\u0259nd sakinl\u0259ri \u00e7ay\u0131n K\u00fcr Qarabucaq k\u0259ndind\u0259n Salyan istiqam\u0259tind\u0259 axan \u00e7ay\u0131n suyunun d\u0259niz suyu oldu\u011funu m\u00fc\u015fahid\u0259 edibl\u0259r.<\/p>\n","protected":false},"excerpt":{"rendered":"<p>&#8220;Art\u0131q iribuynuzlu heyvanlar\u0131n t\u0259l\u0259f olmas\u0131 hallar\u0131 m\u00fc\u015fahid\u0259 edilir&#8221;.<\/p>\n","protected":false},"author":11,"featured_media":144092,"comment_status":"closed","ping_status":"open","sticky":false,"template":"","format":"standard","meta":{"_acf_changed":false,"_sitemap_exclude":false,"_sitemap_priority":"","_sitemap_frequency":"","footnotes":""},"categories":[60],"tags":[],"class_list":["post-201355","post","type-post","status-publish","format-standard","has-post-thumbnail","hentry","category-bolge","infinite-scroll-item","generate-columns","tablet-grid-50","mobile-grid-100","grid-parent","grid-33","no-featured-image-padding"],"acf":[],"yoast_head":"<!-- This site is optimized with the Yoast SEO plugin v27.5 - https:\/\/yoast.com\/product\/yoast-seo-wordpress\/ -->\n<title>Ana K\u00fcr\u00fcn ba\u015f\u0131 d\u0259rdd\u0259... - MEYDAN.TV<\/title>\n<meta name=\"robots\" content=\"index, follow, max-snippet:-1, max-image-preview:large, max-video-preview:-1\" \/>\n<link rel=\"canonical\" href=\"https:\/\/www.meydan.tv\/az\/article\/ana-kurun-basi-derdde\/\" \/>\n<meta property=\"og:locale\" content=\"az_AZ\" \/>\n<meta property=\"og:type\" content=\"article\" \/>\n<meta property=\"og:title\" content=\"Ana K\u00fcr\u00fcn ba\u015f\u0131 d\u0259rdd\u0259... - MEYDAN.TV\" \/>\n<meta property=\"og:description\" content=\"&quot;Art\u0131q iribuynuzlu heyvanlar\u0131n t\u0259l\u0259f olmas\u0131 hallar\u0131 m\u00fc\u015fahid\u0259 edilir&quot;.\" \/>\n<meta property=\"og:url\" content=\"https:\/\/www.meydan.tv\/az\/article\/ana-kurun-basi-derdde\/\" \/>\n<meta property=\"og:site_name\" content=\"MEYDAN.TV\" \/>\n<meta property=\"article:published_time\" content=\"2020-07-09T13:21:02+00:00\" \/>\n<meta property=\"og:image\" content=\"https:\/\/www.meydan.tv\/wp-content\/uploads\/reg_neftcala_kur_1.jpg\" \/>\n\t<meta property=\"og:image:width\" content=\"1280\" \/>\n\t<meta property=\"og:image:height\" content=\"960\" \/>\n\t<meta property=\"og:image:type\" content=\"image\/jpeg\" \/>\n<meta name=\"author\" content=\"user-manager\" \/>\n<meta name=\"twitter:card\" content=\"summary_large_image\" \/>\n<script type=\"application\/ld+json\" class=\"yoast-schema-graph\">{\"@context\":\"https:\\\/\\\/schema.org\",\"@graph\":[{\"@type\":\"Article\",\"@id\":\"https:\\\/\\\/www.meydan.tv\\\/az\\\/article\\\/ana-kurun-basi-derdde\\\/#article\",\"isPartOf\":{\"@id\":\"https:\\\/\\\/www.meydan.tv\\\/az\\\/article\\\/ana-kurun-basi-derdde\\\/\"},\"author\":{\"name\":\"user-manager\",\"@id\":\"https:\\\/\\\/www.meydan.tv\\\/az\\\/#\\\/schema\\\/person\\\/10d11eccf6da3662cf5fdab9806ea91a\"},\"headline\":\"Ana K\u00fcr\u00fcn ba\u015f\u0131 d\u0259rdd\u0259&#8230;\",\"datePublished\":\"2020-07-09T13:21:02+00:00\",\"mainEntityOfPage\":{\"@id\":\"https:\\\/\\\/www.meydan.tv\\\/az\\\/article\\\/ana-kurun-basi-derdde\\\/\"},\"wordCount\":1884,\"publisher\":{\"@id\":\"https:\\\/\\\/www.meydan.tv\\\/az\\\/#organization\"},\"image\":{\"@id\":\"https:\\\/\\\/www.meydan.tv\\\/az\\\/article\\\/ana-kurun-basi-derdde\\\/#primaryimage\"},\"thumbnailUrl\":\"https:\\\/\\\/www.meydan.tv\\\/wp-content\\\/uploads\\\/reg_neftcala_kur_1.jpg\",\"articleSection\":[\"B\u00f6lg\u0259\"],\"inLanguage\":\"az\"},{\"@type\":\"WebPage\",\"@id\":\"https:\\\/\\\/www.meydan.tv\\\/az\\\/article\\\/ana-kurun-basi-derdde\\\/\",\"url\":\"https:\\\/\\\/www.meydan.tv\\\/az\\\/article\\\/ana-kurun-basi-derdde\\\/\",\"name\":\"Ana K\u00fcr\u00fcn ba\u015f\u0131 d\u0259rdd\u0259... - MEYDAN.TV\",\"isPartOf\":{\"@id\":\"https:\\\/\\\/www.meydan.tv\\\/az\\\/#website\"},\"primaryImageOfPage\":{\"@id\":\"https:\\\/\\\/www.meydan.tv\\\/az\\\/article\\\/ana-kurun-basi-derdde\\\/#primaryimage\"},\"image\":{\"@id\":\"https:\\\/\\\/www.meydan.tv\\\/az\\\/article\\\/ana-kurun-basi-derdde\\\/#primaryimage\"},\"thumbnailUrl\":\"https:\\\/\\\/www.meydan.tv\\\/wp-content\\\/uploads\\\/reg_neftcala_kur_1.jpg\",\"datePublished\":\"2020-07-09T13:21:02+00:00\",\"breadcrumb\":{\"@id\":\"https:\\\/\\\/www.meydan.tv\\\/az\\\/article\\\/ana-kurun-basi-derdde\\\/#breadcrumb\"},\"inLanguage\":\"az\",\"potentialAction\":[{\"@type\":\"ReadAction\",\"target\":[\"https:\\\/\\\/www.meydan.tv\\\/az\\\/article\\\/ana-kurun-basi-derdde\\\/\"]}]},{\"@type\":\"ImageObject\",\"inLanguage\":\"az\",\"@id\":\"https:\\\/\\\/www.meydan.tv\\\/az\\\/article\\\/ana-kurun-basi-derdde\\\/#primaryimage\",\"url\":\"https:\\\/\\\/www.meydan.tv\\\/wp-content\\\/uploads\\\/reg_neftcala_kur_1.jpg\",\"contentUrl\":\"https:\\\/\\\/www.meydan.tv\\\/wp-content\\\/uploads\\\/reg_neftcala_kur_1.jpg\",\"width\":1280,\"height\":960,\"caption\":\"Source: Specify Source\"},{\"@type\":\"BreadcrumbList\",\"@id\":\"https:\\\/\\\/www.meydan.tv\\\/az\\\/article\\\/ana-kurun-basi-derdde\\\/#breadcrumb\",\"itemListElement\":[{\"@type\":\"ListItem\",\"position\":1,\"name\":\"Ana s\u0259hif\u0259\",\"item\":\"https:\\\/\\\/www.meydan.tv\\\/az\\\/\"},{\"@type\":\"ListItem\",\"position\":2,\"name\":\"B\u00f6lg\u0259\",\"item\":\"https:\\\/\\\/www.meydan.tv\\\/az\\\/section\\\/bolge\\\/\"},{\"@type\":\"ListItem\",\"position\":3,\"name\":\"Ana K\u00fcr\u00fcn ba\u015f\u0131 d\u0259rdd\u0259&#8230;\"}]},{\"@type\":\"WebSite\",\"@id\":\"https:\\\/\\\/www.meydan.tv\\\/az\\\/#website\",\"url\":\"https:\\\/\\\/www.meydan.tv\\\/az\\\/\",\"name\":\"MEYDAN.TV\",\"description\":\"Meydan TV Az\u0259rbaycan\u0131n media m\u0259kan\u0131ndak\u0131 alternativ s\u0259sidir\",\"publisher\":{\"@id\":\"https:\\\/\\\/www.meydan.tv\\\/az\\\/#organization\"},\"potentialAction\":[{\"@type\":\"SearchAction\",\"target\":{\"@type\":\"EntryPoint\",\"urlTemplate\":\"https:\\\/\\\/www.meydan.tv\\\/az\\\/?s={search_term_string}\"},\"query-input\":{\"@type\":\"PropertyValueSpecification\",\"valueRequired\":true,\"valueName\":\"search_term_string\"}}],\"inLanguage\":\"az\"},{\"@type\":\"Organization\",\"@id\":\"https:\\\/\\\/www.meydan.tv\\\/az\\\/#organization\",\"name\":\"Meydan TV\",\"url\":\"https:\\\/\\\/www.meydan.tv\\\/az\\\/\",\"logo\":{\"@type\":\"ImageObject\",\"inLanguage\":\"az\",\"@id\":\"https:\\\/\\\/www.meydan.tv\\\/az\\\/#\\\/schema\\\/logo\\\/image\\\/\",\"url\":\"https:\\\/\\\/www.meydan.tv\\\/wp-content\\\/uploads\\\/2021\\\/07\\\/meydan-logo.svg\",\"contentUrl\":\"https:\\\/\\\/www.meydan.tv\\\/wp-content\\\/uploads\\\/2021\\\/07\\\/meydan-logo.svg\",\"width\":195,\"height\":46,\"caption\":\"Meydan TV\"},\"image\":{\"@id\":\"https:\\\/\\\/www.meydan.tv\\\/az\\\/#\\\/schema\\\/logo\\\/image\\\/\"}},{\"@type\":\"Person\",\"@id\":\"https:\\\/\\\/www.meydan.tv\\\/az\\\/#\\\/schema\\\/person\\\/10d11eccf6da3662cf5fdab9806ea91a\",\"name\":\"user-manager\"}]}<\/script>\n<!-- \/ Yoast SEO plugin. -->","yoast_head_json":{"title":"Ana K\u00fcr\u00fcn ba\u015f\u0131 d\u0259rdd\u0259... - MEYDAN.TV","robots":{"index":"index","follow":"follow","max-snippet":"max-snippet:-1","max-image-preview":"max-image-preview:large","max-video-preview":"max-video-preview:-1"},"canonical":"https:\/\/www.meydan.tv\/az\/article\/ana-kurun-basi-derdde\/","og_locale":"az_AZ","og_type":"article","og_title":"Ana K\u00fcr\u00fcn ba\u015f\u0131 d\u0259rdd\u0259... - MEYDAN.TV","og_description":"\"Art\u0131q iribuynuzlu heyvanlar\u0131n t\u0259l\u0259f olmas\u0131 hallar\u0131 m\u00fc\u015fahid\u0259 edilir\".","og_url":"https:\/\/www.meydan.tv\/az\/article\/ana-kurun-basi-derdde\/","og_site_name":"MEYDAN.TV","article_published_time":"2020-07-09T13:21:02+00:00","og_image":[{"width":1280,"height":960,"url":"https:\/\/www.meydan.tv\/wp-content\/uploads\/reg_neftcala_kur_1.jpg","type":"image\/jpeg"}],"author":"user-manager","twitter_card":"summary_large_image","schema":{"@context":"https:\/\/schema.org","@graph":[{"@type":"Article","@id":"https:\/\/www.meydan.tv\/az\/article\/ana-kurun-basi-derdde\/#article","isPartOf":{"@id":"https:\/\/www.meydan.tv\/az\/article\/ana-kurun-basi-derdde\/"},"author":{"name":"user-manager","@id":"https:\/\/www.meydan.tv\/az\/#\/schema\/person\/10d11eccf6da3662cf5fdab9806ea91a"},"headline":"Ana K\u00fcr\u00fcn ba\u015f\u0131 d\u0259rdd\u0259&#8230;","datePublished":"2020-07-09T13:21:02+00:00","mainEntityOfPage":{"@id":"https:\/\/www.meydan.tv\/az\/article\/ana-kurun-basi-derdde\/"},"wordCount":1884,"publisher":{"@id":"https:\/\/www.meydan.tv\/az\/#organization"},"image":{"@id":"https:\/\/www.meydan.tv\/az\/article\/ana-kurun-basi-derdde\/#primaryimage"},"thumbnailUrl":"https:\/\/www.meydan.tv\/wp-content\/uploads\/reg_neftcala_kur_1.jpg","articleSection":["B\u00f6lg\u0259"],"inLanguage":"az"},{"@type":"WebPage","@id":"https:\/\/www.meydan.tv\/az\/article\/ana-kurun-basi-derdde\/","url":"https:\/\/www.meydan.tv\/az\/article\/ana-kurun-basi-derdde\/","name":"Ana K\u00fcr\u00fcn ba\u015f\u0131 d\u0259rdd\u0259... - MEYDAN.TV","isPartOf":{"@id":"https:\/\/www.meydan.tv\/az\/#website"},"primaryImageOfPage":{"@id":"https:\/\/www.meydan.tv\/az\/article\/ana-kurun-basi-derdde\/#primaryimage"},"image":{"@id":"https:\/\/www.meydan.tv\/az\/article\/ana-kurun-basi-derdde\/#primaryimage"},"thumbnailUrl":"https:\/\/www.meydan.tv\/wp-content\/uploads\/reg_neftcala_kur_1.jpg","datePublished":"2020-07-09T13:21:02+00:00","breadcrumb":{"@id":"https:\/\/www.meydan.tv\/az\/article\/ana-kurun-basi-derdde\/#breadcrumb"},"inLanguage":"az","potentialAction":[{"@type":"ReadAction","target":["https:\/\/www.meydan.tv\/az\/article\/ana-kurun-basi-derdde\/"]}]},{"@type":"ImageObject","inLanguage":"az","@id":"https:\/\/www.meydan.tv\/az\/article\/ana-kurun-basi-derdde\/#primaryimage","url":"https:\/\/www.meydan.tv\/wp-content\/uploads\/reg_neftcala_kur_1.jpg","contentUrl":"https:\/\/www.meydan.tv\/wp-content\/uploads\/reg_neftcala_kur_1.jpg","width":1280,"height":960,"caption":"Source: Specify Source"},{"@type":"BreadcrumbList","@id":"https:\/\/www.meydan.tv\/az\/article\/ana-kurun-basi-derdde\/#breadcrumb","itemListElement":[{"@type":"ListItem","position":1,"name":"Ana s\u0259hif\u0259","item":"https:\/\/www.meydan.tv\/az\/"},{"@type":"ListItem","position":2,"name":"B\u00f6lg\u0259","item":"https:\/\/www.meydan.tv\/az\/section\/bolge\/"},{"@type":"ListItem","position":3,"name":"Ana K\u00fcr\u00fcn ba\u015f\u0131 d\u0259rdd\u0259&#8230;"}]},{"@type":"WebSite","@id":"https:\/\/www.meydan.tv\/az\/#website","url":"https:\/\/www.meydan.tv\/az\/","name":"MEYDAN.TV","description":"Meydan TV Az\u0259rbaycan\u0131n media m\u0259kan\u0131ndak\u0131 alternativ s\u0259sidir","publisher":{"@id":"https:\/\/www.meydan.tv\/az\/#organization"},"potentialAction":[{"@type":"SearchAction","target":{"@type":"EntryPoint","urlTemplate":"https:\/\/www.meydan.tv\/az\/?s={search_term_string}"},"query-input":{"@type":"PropertyValueSpecification","valueRequired":true,"valueName":"search_term_string"}}],"inLanguage":"az"},{"@type":"Organization","@id":"https:\/\/www.meydan.tv\/az\/#organization","name":"Meydan TV","url":"https:\/\/www.meydan.tv\/az\/","logo":{"@type":"ImageObject","inLanguage":"az","@id":"https:\/\/www.meydan.tv\/az\/#\/schema\/logo\/image\/","url":"https:\/\/www.meydan.tv\/wp-content\/uploads\/2021\/07\/meydan-logo.svg","contentUrl":"https:\/\/www.meydan.tv\/wp-content\/uploads\/2021\/07\/meydan-logo.svg","width":195,"height":46,"caption":"Meydan TV"},"image":{"@id":"https:\/\/www.meydan.tv\/az\/#\/schema\/logo\/image\/"}},{"@type":"Person","@id":"https:\/\/www.meydan.tv\/az\/#\/schema\/person\/10d11eccf6da3662cf5fdab9806ea91a","name":"user-manager"}]}},"_links":{"self":[{"href":"https:\/\/www.meydan.tv\/az\/wp-json\/wp\/v2\/posts\/201355","targetHints":{"allow":["GET"]}}],"collection":[{"href":"https:\/\/www.meydan.tv\/az\/wp-json\/wp\/v2\/posts"}],"about":[{"href":"https:\/\/www.meydan.tv\/az\/wp-json\/wp\/v2\/types\/post"}],"author":[{"embeddable":true,"href":"https:\/\/www.meydan.tv\/az\/wp-json\/wp\/v2\/users\/11"}],"replies":[{"embeddable":true,"href":"https:\/\/www.meydan.tv\/az\/wp-json\/wp\/v2\/comments?post=201355"}],"version-history":[{"count":0,"href":"https:\/\/www.meydan.tv\/az\/wp-json\/wp\/v2\/posts\/201355\/revisions"}],"wp:featuredmedia":[{"embeddable":true,"href":"https:\/\/www.meydan.tv\/az\/wp-json\/wp\/v2\/media\/144092"}],"wp:attachment":[{"href":"https:\/\/www.meydan.tv\/az\/wp-json\/wp\/v2\/media?parent=201355"}],"wp:term":[{"taxonomy":"category","embeddable":true,"href":"https:\/\/www.meydan.tv\/az\/wp-json\/wp\/v2\/categories?post=201355"},{"taxonomy":"post_tag","embeddable":true,"href":"https:\/\/www.meydan.tv\/az\/wp-json\/wp\/v2\/tags?post=201355"}],"curies":[{"name":"wp","href":"https:\/\/api.w.org\/{rel}","templated":true}]}}