{"id":201325,"date":"2020-07-07T12:39:53","date_gmt":"2020-07-07T12:39:53","guid":{"rendered":"https:\/\/www.meydan.tv\/article\/hec-bir-dovlet-iscisi-etrafi-tebietsever-kimi-temizleye-bilmez\/"},"modified":"2020-07-07T12:39:53","modified_gmt":"2020-07-07T12:39:53","slug":"hec-bir-dovlet-iscisi-etrafi-tebietsever-kimi-temizleye-bilmez","status":"publish","type":"post","link":"https:\/\/www.meydan.tv\/az\/article\/hec-bir-dovlet-iscisi-etrafi-tebietsever-kimi-temizleye-bilmez\/","title":{"rendered":"&#8220;He\u00e7 bir d\u00f6vl\u0259t i\u015f\u00e7isi \u0259traf\u0131 t\u0259bi\u0259tsev\u0259r kimi t\u0259mizl\u0259y\u0259 bilm\u0259z\u201c"},"content":{"rendered":"<p>\n  <i><br \/>\n    Ekoaktivistl\u0259r t\u0259bi\u0259ti zibill\u0259rd\u0259n t\u0259mizl\u0259yir<br \/>\n  <\/i>\n<\/p>\n<p>\n  \u00dc\u00e7 n\u0259f\u0259r ekoaktivist 2 g\u00fcn\u00fcn i\u00e7ind\u0259 Quban\u0131n Alpan v\u0259 Digah k\u0259ndl\u0259ri yax\u0131nl\u0131\u011f\u0131ndak\u0131 \u015e\u0131m\u0131 g\u00f6l\u00fcn\u00fcn \u0259traf\u0131n\u0131 zibill\u0259rd\u0259n t\u0259mizl\u0259yib. Onlar \u0259razid\u0259n b\u00f6y\u00fck bir ma\u015f\u0131n dolusu zibil toplay\u0131blar. 2 yerd\u0259 zibil atmaq \u00fc\u00e7\u00fcn 4 kvadratmetr, 6 kubmetr \u00f6l\u00e7\u00fcd\u0259 \u00e7\u0259p\u0259r d\u00fcz\u0259ldibl\u0259r. Bu q\u0259d\u0259r i\u015fin g\u00f6r\u00fclm\u0259sin\u0259 is\u0259 c\u0259mi 210 manat x\u0259rcl\u0259yibl\u0259r.\n<\/p>\n<p>\n  <b><br \/>\n    \u201cM\u00fcxt\u0259lif insanlar biz\u0259 d\u0259st\u0259k oldu\u201d<br \/>\n  <\/b>\n<\/p>\n<p>\n  H\u0259min ekoaktivistl\u0259rd\u0259n biri olan Cavid Qara Meydan TV-y\u0259 bildirib ki, bu, \u0259slind\u0259 bel\u0259 bir d\u00f6vrd\u0259 x\u0259rcdir. Ancaq t\u0259bi\u0259t sevgil\u0259ri onlara \u00fcst\u00fcn g\u0259lib. Onlar etdikl\u0259ri i\u015fl\u0259 ba\u011fl\u0131 sosial \u015f\u0259b\u0259k\u0259l\u0259rd\u0259 payla\u015f\u0131m ed\u0259nd\u0259n sonra insanlar onlara maddi d\u0259st\u0259k veribl\u0259r. Cavid Qara deyir ki, 2 g\u00fcn \u0259rzind\u0259 920 manat civar\u0131nda pul toplan\u0131b. Bu, onlar\u0131n x\u0259rcl\u0259dikl\u0259ri puldan art\u0131qd\u0131r. Odur ki, yerd\u0259 qalan v\u0259saiti ba\u015fqa t\u0259bi\u0259t \u0259razil\u0259rinin t\u0259mizl\u0259nm\u0259sin\u0259 x\u0259rcl\u0259m\u0259yi d\u00fc\u015f\u00fcn\u00fcrl\u0259r.\n<\/p>\n<figure class=\"wp-block-image size-large\">\n  <img decoding=\"async\" src=\"https:\/\/www.meydan.tv\/az\/quba_zibil_t__mizl__m___10-jpg\/\" alt=\"quba_zibil_t__mizl__m___10.jpg\" class=\"wp-image-143885\"\/><figcaption>\n    \u015e\u0131m\u0131 g\u00f6l\u00fc<br \/>\n  <\/figcaption><\/figure>\n<p>\n  <b><br \/>\n    \u201cB\u00f6lg\u0259l\u0259rd\u0259 zibill\u0259rin toplanmas\u0131, da\u015f\u0131nmas\u0131 mexanizmi yoxdur\u201d<br \/>\n  <\/b>\n<\/p>\n<p>\n  Cavid Qara deyir ki, Az\u0259rbaycan\u0131n b\u00f6lg\u0259l\u0259rind\u0259 zibill\u0259rin toplanmas\u0131, da\u015f\u0131nmas\u0131 mexanizmi yoxdur. Bu, h\u0259m ekoloji problemdir, h\u0259m d\u0259 k\u0259nd t\u0259s\u0259rr\u00fcfat\u0131na ziyan vurur. B\u00f6lg\u0259l\u0259rd\u0259 zibilxanalar yaln\u0131z rayon m\u0259rk\u0259zl\u0259rind\u0259 var v\u0259 k\u0259ndl\u0259rd\u0259 ya\u015fayanlar ad\u0259t\u0259n art\u0131qlar\u0131 evl\u0259rinin yax\u0131nl\u0131\u011f\u0131ndak\u0131 d\u0259r\u0259l\u0259r\u0259, g\u00f6l k\u0259narlar\u0131na, bir s\u00f6zl\u0259, t\u0259bi\u0259t\u0259 at\u0131rlar. Odur ki, \u015e\u0131m\u0131 g\u00f6l\u00fc kimi bir s\u0131ra g\u00f6ll\u0259rin, d\u0259r\u0259l\u0259rin, \u00e7ay k\u0259narlar\u0131n\u0131n, me\u015f\u0259l\u0259rin \u0259traf\u0131 zibillikl\u0259r\u0259 \u00e7evrilib:\n<\/p>\n<p>\n  \u201cD\u00fczd\u00fcr, d\u00fcnyan\u0131n bir \u00e7ox yerind\u0259 t\u0259bi\u0259tin h\u0259r gu\u015f\u0259sin\u0259 zibil qutular\u0131 qoyulmay\u0131b. Ancaq \u00e7ox gedil\u0259n yerl\u0259rd\u0259 var. Bizd\u0259 is\u0259 n\u0259 \u00e7ox, n\u0259 az gedil\u0259n yerd\u0259 zibil qablar\u0131 qoyulub. Tutaq ki, bir insan d\u00fc\u015f\u00fcn\u00fcr, zibili t\u0259bi\u0259t\u0259 atmay\u0131m. \u201cB\u0259s hara ats\u0131n\u201d \u2013 sual\u0131 yaran\u0131r. Ax\u0131 he\u00e7 yerd\u0259 zibil qab\u0131 yoxdur. Apar\u0131b k\u0259ndind\u0259ki d\u0259r\u0259y\u0259 atsa da, eyni \u015feydir. H\u0259r ikisi t\u0259bi\u0259tdir v\u0259 korlan\u0131r\u201d.\n<\/p>\n<figure class=\"wp-block-image size-large\">\n  <img decoding=\"async\" src=\"https:\/\/www.meydan.tv\/az\/quba_zibil_t__mizl__m___7-jpg\/\" alt=\"quba_zibil_t__mizl__m___7.jpg\" class=\"wp-image-143891\"\/><figcaption>\n    &#8220;Bizd\u0259 is\u0259 n\u0259 \u00e7ox, n\u0259 az gedil\u0259n yerd\u0259 zibil qablar\u0131 qoyulub&#8221;<br \/>\n  <\/figcaption><\/figure>\n<p>\n  <b><br \/>\n    \u201c\u00dczd\u0259 qalmas\u0131n dey\u0259, zibill\u0259ri kollar\u0131n dibl\u0259rin\u0259 gizl\u0259dirl\u0259r\u201d<br \/>\n  <\/b>\n<\/p>\n<p>\n  \u015e\u0131m\u0131 g\u00f6l\u00fc \u00e7\u0131xmaz g\u00f6l say\u0131l\u0131r. H\u0259tta suvarmada da istifad\u0259 edilmir. Ancaq i\u00e7ind\u0259 bal\u0131qlar ya\u015fay\u0131r. \u0130nsanlar bura bal\u0131q tutma\u011fa g\u0259lirl\u0259r. Eyni zamanda, \u00f6r\u00fc\u015f sah\u0259sin\u0259 ged\u0259n mal-heyvan buradan su i\u00e7ir. \u0130ll\u0259rdir \u0259raziy\u0259 bal\u0131q tutma\u011fa, yeyib- i\u00e7m\u0259y\u0259 g\u0259l\u0259n insanlar \u0259razini zibill\u0259yib. Cavid Qara deyir ki, kimi d\u0259 \u00fczd\u0259 qalmas\u0131n dey\u0259, zibill\u0259ri kollar\u0131n dibl\u0259rin\u0259 gizl\u0259dib. N\u0259tic\u0259d\u0259 onlar\u0131 h\u0259min yerl\u0259rd\u0259n \u00e7\u0131xarmaq z\u00fclm\u0259 \u00e7evrilib:\n<\/p>\n<p>\n  \u201cT\u0259mizl\u0259dik ki, insanlar ba\u015fa d\u00fc\u015fs\u00fcn, atmaq olmaz. Durub, \u201cbura zibilxanad\u0131r, insanlar zibill\u0259yir\u201d dem\u0259k \u00e7\u0131x\u0131\u015f yolu olmazd\u0131. Onsuz da h\u0259mi\u015f\u0259 t\u0259bi\u0259t\u0259 zibil atanlar olacaq. Ba\u015fqa biril\u0259ri d\u0259 h\u0259min zibill\u0259ri t\u0259mizl\u0259y\u0259c\u0259kl\u0259r. El\u0259 bizim kimi. 2 g\u00fcn\u0259 \u0259razinin 70-80 faizini t\u0259rt\u0259miz etdik\u201d.\n<\/p>\n<figure class=\"wp-block-image size-large\">\n  <img decoding=\"async\" src=\"https:\/\/www.meydan.tv\/az\/quba_zibil_t__mizl__m___5-jpg\/\" alt=\"quba_zibil_t__mizl__m___5.jpg\" class=\"wp-image-143897\"\/><figcaption>\n    &#8220;Durub, \u201cbura zibilxanad\u0131r, insanlar zibill\u0259yir\u201d dem\u0259k \u00e7\u0131x\u0131\u015f yolu olmazd\u0131&#8221;.<br \/>\n  <\/figcaption><\/figure>\n<p>\n  <b><br \/>\n    \u201cHeyvanlar sellofanlar\u0131 yeyib, z\u0259h\u0259rl\u0259nir\u201d<br \/>\n  <\/b>\n<\/p>\n<p>\n  Cavid Qara t\u0259bi\u0259td\u0259 gec h\u0259ll olan zibill\u0259rd\u0259n, \u0259n \u00e7\u0259tin t\u0259mizl\u0259n\u0259n at\u0131qlardan da dan\u0131\u015f\u0131b. Deyir, plastik torbalar \u0259n pisidir ki, torpa\u011f\u0131n alt\u0131na girir. \u00c7\u0131xaranda yar\u0131s\u0131 c\u0131r\u0131l\u0131b i\u00e7\u0259rid\u0259 qal\u0131r. B\u0259z\u0259n bir torban\u0131 \u00e7\u0131xarmaq \u00fc\u00e7\u00fcn torpa\u011f\u0131 qazmal\u0131 olur. \u00dcst\u0259lik, bu art\u0131qlar torpaqda h\u0259ll olmur, ill\u0259rl\u0259 qal\u0131r. B\u0259z\u0259n v\u0259h\u015fi heyvanlar, el\u0259c\u0259 d\u0259 ev heyvanlar\u0131 bu sellofanlar\u0131 yeyir. N\u0259tic\u0259d\u0259 z\u0259h\u0259rl\u0259nib \u00f6l\u0259nl\u0259r d\u0259 olur, m\u0259d\u0259-ba\u011f\u0131rsa\u011f\u0131nda problem yarananlar da. \u018fn a\u011f\u0131r qal\u0131qlar is\u0259 plastik v\u0259 \u015f\u00fc\u015f\u0259 butulkalard\u0131r:\n<\/p>\n<p>\n  \u201cSon zamanlar bir d\u0259 enerji i\u00e7kil\u0259rinin qablar\u0131 peyda olub. Ham\u0131s\u0131n\u0131 k\u00fc\u00e7\u0259l\u0259r\u0259 at\u0131rlar. V\u0259 bunlar\u0131n he\u00e7 biri torpa\u011fa qar\u0131\u015fm\u0131r\u201d.\n<\/p>\n<p>\n  <b><br \/>\n    \u201cYer\u0259, t\u0259bi\u0259t\u0259 zibil atmaq olmaz\u201d<br \/>\n  <\/b>\n<\/p>\n<p>\n  Cavid Qara d\u00fc\u015f\u00fcn\u00fcr ki, t\u0259bi\u0259ti t\u0259mizl\u0259m\u0259k, zibill\u0259m\u0259m\u0259k \u00fcmumi t\u0259bli\u011fata \u00e7evrilm\u0259lidir. Bunu ham\u0131 etm\u0259lidir. Yoxsa bilin\u0259n qaydad\u0131r. Bir yerd\u0259 4-5 zibil varsa, ora zibilxanaya \u00e7evrilir. Ancaq kims\u0259 t\u0259miz yer\u0259 zibil atmaq ist\u0259m\u0259z:\n<\/p>\n<figure class=\"wp-block-image size-large\">\n  <img decoding=\"async\" src=\"https:\/\/www.meydan.tv\/az\/quba_zibil_t__mizl__m___1-jpg\/\" alt=\"quba_zibil_t__mizl__m___1.jpg\" class=\"wp-image-143909\"\/><figcaption>\n    &#8220;2 g\u00fcn\u0259 \u0259razinin 70-80 faizini t\u0259rt\u0259miz etdik&#8221;<br \/>\n  <\/figcaption><\/figure>\n<p>\n  \u201cOdur ki, bel\u0259 \u0259razil\u0259r vaxta\u015f\u0131r\u0131 t\u0259mizl\u0259nm\u0259lidir. Avropa da zaman-zaman bu yollardan ke\u00e7ib. Onlar da t\u0259bi\u0259t \u0259razil\u0259rini t\u0259mizl\u0259yibl\u0259r, yen\u0259 \u00e7irkl\u0259nib, yen\u0259 t\u0259mizl\u0259yibl\u0259r v\u0259 art\u0131q bir m\u0259d\u0259niyy\u0259t formala\u015f\u0131b. Yer\u0259, t\u0259bi\u0259t\u0259 zibil atmaq olmaz\u201d.\n<\/p>\n<p>\n  <b><br \/>\n    \u201cT\u0259bi\u0259t \u0259razil\u0259rind\u0259n zibill\u0259rin toplan\u0131b, da\u015f\u0131nmas\u0131 infrastrukturu yaranmal\u0131d\u0131r\u201d<br \/>\n  <\/b>\n<\/p>\n<p>\n  Ekoaktivist deyir ki, Avropada, el\u0259c\u0259 d\u0259 inki\u015faf etmi\u015f \u00f6lk\u0259l\u0259rd\u0259 zibil atmamaq, zibill\u0259m\u0259m\u0259k m\u0259s\u0259l\u0259l\u0259rinin h\u0259r yerd\u0259 t\u0259bli\u011fat\u0131n\u0131 apar\u0131rlar. Ba\u011f\u00e7a, m\u0259kt\u0259b, sosial media, televiziyalar \u0259l\u0259-\u0259l\u0259 verib sanki:\n<\/p>\n<p>\n  \u201cBizd\u0259 is\u0259 bel\u0259 \u015fey yoxdur. Bundan \u0259lav\u0259, d\u00fc\u015f\u00fcn\u00fcr\u0259m ki, \u00f6lk\u0259 miqyas\u0131nda zibill\u0259rin toplanmas\u0131 infrastrukturu yaranmal\u0131d\u0131r. Bizd\u0259 h\u0259l\u0259 t\u0259krar emaldan v\u0259 s. dan\u0131\u015f\u0131rlar. Halbuki h\u0259l\u0259lik, bu i\u015fl\u0259r\u0259 uza\u011f\u0131q. Ancaq zibil poligonlar\u0131n\u0131 s\u0259liq\u0259y\u0259 sala bil\u0259rik. Poligonlar\u0131n idar\u0259 olunmas\u0131 v\u0259 t\u0259bi\u0259t \u0259razil\u0259rind\u0259n zibill\u0259rin toplan\u0131b, da\u015f\u0131nmas\u0131 infrastrukturu yaranmal\u0131d\u0131r. Bu yaranandan sonra zibil atan\u0131 c\u0259rim\u0259l\u0259m\u0259k d\u0259 olar\u201d.\n<\/p>\n<p>\n  <b><br \/>\n    \u201cProsesi r\u00fc\u015fv\u0259t m\u0259nb\u0259yin\u0259 \u00e7evirm\u0259m\u0259lidirl\u0259r\u201d<br \/>\n  <\/b>\n<\/p>\n<p>\n  Cavid Qara d\u00fc\u015f\u00fcn\u00fcr ki, restoranlara, kafel\u0259r\u0259, istirah\u0259t m\u0259rk\u0259zl\u0259rin\u0259 d\u0259 \u0259traf\u0131 t\u0259miz saxlamaq \u00f6hd\u0259liyi qoyulmal\u0131d\u0131r:\n<\/p>\n<p>\n  \u201c\u018ftraf\u0131 s\u0259liq\u0259li saxlas\u0131nlar, zibill\u0259m\u0259sinl\u0259r. H\u0259m d\u0259 buna n\u0259zar\u0259t olmal\u0131d\u0131r. Prosesi yalandan r\u00fc\u015fv\u0259t m\u0259nb\u0259yin\u0259 \u00e7evirm\u0259m\u0259lidirl\u0259r. M\u0259s\u0259l\u0259n, restoran\u0131n \u0259traf\u0131 zibillidirs\u0259, onlar sad\u0259 insanlardan qat-qat art\u0131q c\u0259rim\u0259 \u00f6d\u0259m\u0259lidirl\u0259r\u201d.\n<\/p>\n<figure class=\"wp-block-image size-large\">\n  <img decoding=\"async\" src=\"https:\/\/www.meydan.tv\/az\/quba_zibil_t__mizl__m___6-jpg\/\" alt=\"quba_zibil_t__mizl__m___6.jpg\" class=\"wp-image-143894\"\/><figcaption>\n    &#8220;T\u0259bi\u0259ti t\u0259mizl\u0259m\u0259k, zibill\u0259m\u0259m\u0259k \u00fcmumi t\u0259bli\u011fata \u00e7evrilm\u0259lidir&#8221;<br \/>\n  <\/figcaption><\/figure>\n<p>\n  <b><br \/>\n    \u201cG\u00f6rd\u00fcy\u00fcm\u00fcz i\u015f n\u0259tic\u0259 \u0259sasl\u0131d\u0131r\u201d<br \/>\n  <\/b>\n<\/p>\n<p>\n  G\u00f6rd\u00fckl\u0259ri k\u00f6n\u00fcll\u00fc t\u0259mizl\u0259m\u0259 i\u015fin\u0259 g\u0259linc\u0259, Cavid Qara deyir ki, bu, n\u0259tic\u0259 \u0259sasl\u0131 bir i\u015fdir v\u0259 buna uy\u011fun t\u0259bi\u0259tsev\u0259r v\u0259t\u0259nda\u015flar onlara \u00f6d\u0259ni\u015f d\u0259 edib:\n<\/p>\n<p>\n  \u201cM\u0259s\u0259l\u0259n, biri var dey\u0259s\u0259n, \u201cfilan yer \u00e7irkl\u0259nib, oran\u0131 t\u0259mizl\u0259m\u0259k ist\u0259yirik, biz\u0259 k\u00f6m\u0259k edin\u201d. Burada h\u0259tta m\u0259nim \u00f6z\u00fcmd\u0259 d\u0259 sual yaran\u0131r. Bilmir\u0259m bunun \u00fc\u00e7\u00fcn m\u0259n\u0259 n\u0259 q\u0259d\u0259r pul laz\u0131md\u0131r. \u0130nsanlarda da sual yarana bil\u0259r. \u201cB\u0259lk\u0259 gedib pulu x\u0259rcl\u0259y\u0259c\u0259k\u201d, \u201cb\u0259lk\u0259 yax\u015f\u0131 t\u0259mizl\u0259m\u0259y\u0259c\u0259k\u201d v\u0259 s. Ona g\u00f6r\u0259 c\u0259lbedici g\u0259lmir. Biri d\u0259 var, i\u015fi g\u00f6r\u00fcb, bitirirs\u0259n. Sonra qeyd edirs\u0259n ki, bu q\u0259d\u0259r x\u0259rcim \u00e7\u0131x\u0131b. \u0130nsanlar da g\u00f6r\u0259l\u0259r ki, b\u00f6y\u00fck bir \u0259razini t\u0259mizl\u0259yibl\u0259r v\u0259 buna 210 manat x\u0259rcl\u0259yibl\u0259r. Bu q\u0259d\u0259r pul \u00f6d\u0259m\u0259y\u0259 d\u0259y\u0259r, x\u0259rc effektivdir v\u0259 k\u00f6m\u0259k etm\u0259y\u0259 ba\u015flay\u0131rlar\u201d.\n<\/p>\n<p>\n  <b><br \/>\n    \u201c\u0130smay\u0131ll\u0131da \u201cA\u015f\u0131q Bayram\u201d g\u00f6l\u00fcn\u00fc t\u0259mizl\u0259m\u0259k ist\u0259y\u0259rik\u201d<br \/>\n  <\/b>\n<\/p>\n<p>\n  Onlar \u0259razini k\u00f6n\u00fcll\u00fc t\u0259mizl\u0259yibl\u0259r. Sonra g\u00f6rd\u00fckl\u0259ri i\u015fl\u0259 ba\u011fl\u0131 sosial \u015f\u0259b\u0259k\u0259l\u0259rd\u0259 payla\u015f\u0131m edibl\u0259r. Bundan sonra onlara d\u0259st\u0259k ver\u0259n insanlar olub:\n<\/p>\n<p>\n  \u201cD\u00fcn\u0259n biz test \u00fc\u00e7\u00fcn elan etdik. Dedik, filan q\u0259d\u0259r x\u0259rcimiz \u00e7\u0131x\u0131b. Biz bu x\u0259rcl\u0259 filan i\u015fl\u0259ri g\u00f6rm\u00fc\u015f\u00fck. Biz\u0259 k\u00f6m\u0259k ets\u0259niz, bu i\u015fi davam etdir\u0259rik v\u0259 s. 920 manat pul k\u00f6\u00e7\u00fcr\u00fcbl\u0259r. Biz bununla n\u00f6vb\u0259ti t\u0259mizlik aksiyas\u0131 ed\u0259c\u0259yik. \u0130smay\u0131ll\u0131da \u201cA\u015f\u0131q Bayram\u201d g\u00f6l\u00fcn\u00fc t\u0259mizl\u0259m\u0259k ist\u0259y\u0259rik. Bundan sonra da ba\u015fqa yerl\u0259r\u0259 ke\u00e7\u0259c\u0259yik\u201d.\n<\/p>\n<figure class=\"wp-block-image size-large\">\n  <img decoding=\"async\" src=\"https:\/\/www.meydan.tv\/az\/quba_zibil_t__mizl__m___8-jpg\/\" alt=\"quba_zibil_t__mizl__m___8.jpg\" class=\"wp-image-143888\"\/><figcaption>\n    \u201cBel\u0259 i\u015fl\u0259r t\u0259bi\u0259ti sev\u0259n insanlara h\u0259val\u0259 edilm\u0259lidir\u201d<br \/>\n  <\/figcaption><\/figure>\n<p>\n  \u201cBel\u0259 i\u015fl\u0259r t\u0259bi\u0259ti sev\u0259n insanlara h\u0259val\u0259 edilm\u0259lidir\u201d\n<\/p>\n<p>\n  Cavid Qara \u00e7ox ist\u0259y\u0259r ki, g\u0259l\u0259c\u0259kd\u0259 bu i\u015fl\u0259r\u0259 \u015firk\u0259tl\u0259r, d\u00f6vl\u0259t d\u0259 d\u0259st\u0259k versin. Deyir, m\u0259s\u0259l\u0259n, bir \u0259razini t\u0259mizl\u0259yirl\u0259r, 500 manat x\u0259rcl\u0259ri \u00e7\u0131x\u0131r. Hans\u0131sa bir \u015firk\u0259t h\u0259min x\u0259rci \u00f6d\u0259yib, t\u0259mizlik i\u015fini \u00f6z \u00fcz\u0259rin\u0259 g\u00f6t\u00fcr\u0259 bil\u0259r:\n<\/p>\n<p>\n  \u201cH\u0259min t\u0259mizliy\u0259 \u00e7ox asanl\u0131qla sponsorluq etmi\u015f olar. D\u00f6vl\u0259tin is\u0259 \u0259n yax\u015f\u0131 d\u0259st\u0259yi zibill\u0259rin da\u015f\u0131nmas\u0131na k\u00f6m\u0259k etm\u0259k olar. M\u0259n d\u00fc\u015f\u00fcn\u00fcr\u0259m ki, he\u00e7 bir d\u00f6vl\u0259t i\u015f\u00e7isi lap g\u00fcn\u00fcn\u0259 50 manat qazansa bel\u0259 bir t\u0259bi\u0259tsev\u0259r kimi t\u0259mizl\u0259y\u0259 bilm\u0259z g\u00f6l k\u0259nar\u0131n\u0131, me\u015f\u0259ni, d\u0259r\u0259ni, \u00e7ay\u0131. He\u00e7 kim \u0259lini kollar\u0131n dibin\u0259 sal\u0131b, oradak\u0131 butulkan\u0131 \u00e7\u0131xarmaz. M\u0259nc\u0259, bel\u0259 i\u015fl\u0259r t\u0259bi\u0259ti sev\u0259n insanlara h\u0259val\u0259 edilm\u0259lidir\u201d.\n<\/p>\n<figure class=\"wp-block-image size-large\">\n  <img decoding=\"async\" src=\"https:\/\/www.meydan.tv\/az\/quba_zibil_t__mizl__m___9-jpg\/\" alt=\"quba_zibil_t__mizl__m___9.jpg\" class=\"wp-image-143879\"\/><figcaption>\n    &#8220;He\u00e7 kim \u0259lini kollar\u0131n dibin\u0259 sal\u0131b, oradak\u0131 butulkan\u0131 \u00e7\u0131xarmaz&#8221;<br \/>\n  <\/figcaption><\/figure>\n<p>\n  <b><br \/>\n    \u201cBu i\u015fi daha da geni\u015fl\u0259ndirm\u0259k olar\u201d<br \/>\n  <\/b>\n<\/p>\n<p>\n  Sonda Cavid Qara \u0259lav\u0259 edir ki, d\u0259st\u0259k g\u00f6st\u0259r\u0259n, k\u00f6m\u0259k ed\u0259n olsa, g\u0259l\u0259c\u0259kd\u0259 bu i\u015fi geni\u015fl\u0259ndir\u0259 bil\u0259rl\u0259r. \u00dcst\u0259lik, bu, \u0259m\u0259ktutumlu f\u0259aliyy\u0259t n\u00f6v\u00fcd\u00fcr. B\u00f6lg\u0259l\u0259rd\u0259 n\u0259 q\u0259d\u0259r insan azdan-\u00e7oxdan \u00e7\u00f6r\u0259k pulu qazanar:\n<\/p>\n<p>\n  \u201cGeni\u015f miqyas alsa, daha \u00e7ox adam g\u0259lir \u0259ld\u0259 ed\u0259r. Bundan \u0259lav\u0259, g\u0259l\u0259c\u0259kd\u0259 me\u015f\u0259 m\u00fchafiz\u0259sinin g\u00fccl\u0259nm\u0259si, t\u0259bii b\u0259rpa t\u0259dbirl\u0259ri, t\u0259mizlik aksiyalar\u0131 \u00fcsullar\u0131 il\u0259 pulu ehtiyac\u0131 olan insanlara \u00e7atd\u0131rmaq olar\u201d.\n<\/p>\n<p>\n  Cavid Qara v\u0259 ekoaktivist dostlar\u0131na g\u0259l\u0259c\u0259kd\u0259 bel\u0259 i\u015fl\u0259ri geni\u015fl\u0259ndirm\u0259k \u00fc\u00e7\u00fcn d\u0259st\u0259k ola bil\u0259rsiniz. \u201cFacebook\u201ddak\u0131 \u201cEcofront\u201d s\u0259hif\u0259sind\u0259 nec\u0259 d\u0259st\u0259k olaca\u011f\u0131n\u0131zla ba\u011fl\u0131 m\u0259lumatlar var.\n<\/p>\n<figure class=\"wp-block-image size-large\">\n  <img decoding=\"async\" src=\"https:\/\/www.meydan.tv\/az\/quba_zibil_t__mizl__m___3-jpg\/\" alt=\"quba_zibil_t__mizl__m___3.jpg\" class=\"wp-image-143903\"\/><figcaption>\n    &#8220;D\u00f6vl\u0259tin is\u0259 \u0259n yax\u015f\u0131 d\u0259st\u0259yi zibill\u0259rin da\u015f\u0131nmas\u0131na k\u00f6m\u0259k etm\u0259k olar&#8221;<br \/>\n  <\/figcaption><\/figure>\n","protected":false},"excerpt":{"rendered":"<p>D\u00f6vl\u0259tin is\u0259 \u0259n yax\u015f\u0131 d\u0259st\u0259yi zibill\u0259rin da\u015f\u0131nmas\u0131na k\u00f6m\u0259k etm\u0259k olar<\/p>\n","protected":false},"author":11,"featured_media":143906,"comment_status":"closed","ping_status":"open","sticky":false,"template":"","format":"standard","meta":{"_acf_changed":false,"_sitemap_exclude":false,"_sitemap_priority":"","_sitemap_frequency":"","footnotes":""},"categories":[60],"tags":[],"class_list":["post-201325","post","type-post","status-publish","format-standard","has-post-thumbnail","hentry","category-bolge","infinite-scroll-item","generate-columns","tablet-grid-50","mobile-grid-100","grid-parent","grid-33","no-featured-image-padding"],"acf":[],"yoast_head":"<!-- This site is optimized with the Yoast SEO plugin v27.5 - https:\/\/yoast.com\/product\/yoast-seo-wordpress\/ -->\n<title>&quot;He\u00e7 bir d\u00f6vl\u0259t i\u015f\u00e7isi \u0259traf\u0131 t\u0259bi\u0259tsev\u0259r kimi t\u0259mizl\u0259y\u0259 bilm\u0259z\u201c - MEYDAN.TV<\/title>\n<meta name=\"robots\" content=\"index, follow, max-snippet:-1, max-image-preview:large, max-video-preview:-1\" \/>\n<link rel=\"canonical\" href=\"https:\/\/www.meydan.tv\/az\/article\/hec-bir-dovlet-iscisi-etrafi-tebietsever-kimi-temizleye-bilmez\/\" \/>\n<meta property=\"og:locale\" content=\"az_AZ\" \/>\n<meta property=\"og:type\" content=\"article\" \/>\n<meta property=\"og:title\" content=\"&quot;He\u00e7 bir d\u00f6vl\u0259t i\u015f\u00e7isi \u0259traf\u0131 t\u0259bi\u0259tsev\u0259r kimi t\u0259mizl\u0259y\u0259 bilm\u0259z\u201c - MEYDAN.TV\" \/>\n<meta property=\"og:description\" content=\"D\u00f6vl\u0259tin is\u0259 \u0259n yax\u015f\u0131 d\u0259st\u0259yi zibill\u0259rin da\u015f\u0131nmas\u0131na k\u00f6m\u0259k etm\u0259k olar\" \/>\n<meta property=\"og:url\" content=\"https:\/\/www.meydan.tv\/az\/article\/hec-bir-dovlet-iscisi-etrafi-tebietsever-kimi-temizleye-bilmez\/\" \/>\n<meta property=\"og:site_name\" content=\"MEYDAN.TV\" \/>\n<meta property=\"article:published_time\" content=\"2020-07-07T12:39:53+00:00\" \/>\n<meta property=\"og:image\" content=\"https:\/\/www.meydan.tv\/wp-content\/uploads\/quba_zibil_t__mizl__m___2.jpg\" \/>\n\t<meta property=\"og:image:width\" content=\"1440\" \/>\n\t<meta property=\"og:image:height\" content=\"1072\" \/>\n\t<meta property=\"og:image:type\" content=\"image\/jpeg\" \/>\n<meta name=\"author\" content=\"user-manager\" \/>\n<meta name=\"twitter:card\" content=\"summary_large_image\" \/>\n<script type=\"application\/ld+json\" class=\"yoast-schema-graph\">{\"@context\":\"https:\\\/\\\/schema.org\",\"@graph\":[{\"@type\":\"Article\",\"@id\":\"https:\\\/\\\/www.meydan.tv\\\/az\\\/article\\\/hec-bir-dovlet-iscisi-etrafi-tebietsever-kimi-temizleye-bilmez\\\/#article\",\"isPartOf\":{\"@id\":\"https:\\\/\\\/www.meydan.tv\\\/az\\\/article\\\/hec-bir-dovlet-iscisi-etrafi-tebietsever-kimi-temizleye-bilmez\\\/\"},\"author\":{\"name\":\"user-manager\",\"@id\":\"https:\\\/\\\/www.meydan.tv\\\/az\\\/#\\\/schema\\\/person\\\/10d11eccf6da3662cf5fdab9806ea91a\"},\"headline\":\"&#8220;He\u00e7 bir d\u00f6vl\u0259t i\u015f\u00e7isi \u0259traf\u0131 t\u0259bi\u0259tsev\u0259r kimi t\u0259mizl\u0259y\u0259 bilm\u0259z\u201c\",\"datePublished\":\"2020-07-07T12:39:53+00:00\",\"mainEntityOfPage\":{\"@id\":\"https:\\\/\\\/www.meydan.tv\\\/az\\\/article\\\/hec-bir-dovlet-iscisi-etrafi-tebietsever-kimi-temizleye-bilmez\\\/\"},\"wordCount\":1869,\"publisher\":{\"@id\":\"https:\\\/\\\/www.meydan.tv\\\/az\\\/#organization\"},\"image\":{\"@id\":\"https:\\\/\\\/www.meydan.tv\\\/az\\\/article\\\/hec-bir-dovlet-iscisi-etrafi-tebietsever-kimi-temizleye-bilmez\\\/#primaryimage\"},\"thumbnailUrl\":\"https:\\\/\\\/www.meydan.tv\\\/wp-content\\\/uploads\\\/quba_zibil_t__mizl__m___2.jpg\",\"articleSection\":[\"B\u00f6lg\u0259\"],\"inLanguage\":\"az\"},{\"@type\":\"WebPage\",\"@id\":\"https:\\\/\\\/www.meydan.tv\\\/az\\\/article\\\/hec-bir-dovlet-iscisi-etrafi-tebietsever-kimi-temizleye-bilmez\\\/\",\"url\":\"https:\\\/\\\/www.meydan.tv\\\/az\\\/article\\\/hec-bir-dovlet-iscisi-etrafi-tebietsever-kimi-temizleye-bilmez\\\/\",\"name\":\"\\\"He\u00e7 bir d\u00f6vl\u0259t i\u015f\u00e7isi \u0259traf\u0131 t\u0259bi\u0259tsev\u0259r kimi t\u0259mizl\u0259y\u0259 bilm\u0259z\u201c - MEYDAN.TV\",\"isPartOf\":{\"@id\":\"https:\\\/\\\/www.meydan.tv\\\/az\\\/#website\"},\"primaryImageOfPage\":{\"@id\":\"https:\\\/\\\/www.meydan.tv\\\/az\\\/article\\\/hec-bir-dovlet-iscisi-etrafi-tebietsever-kimi-temizleye-bilmez\\\/#primaryimage\"},\"image\":{\"@id\":\"https:\\\/\\\/www.meydan.tv\\\/az\\\/article\\\/hec-bir-dovlet-iscisi-etrafi-tebietsever-kimi-temizleye-bilmez\\\/#primaryimage\"},\"thumbnailUrl\":\"https:\\\/\\\/www.meydan.tv\\\/wp-content\\\/uploads\\\/quba_zibil_t__mizl__m___2.jpg\",\"datePublished\":\"2020-07-07T12:39:53+00:00\",\"breadcrumb\":{\"@id\":\"https:\\\/\\\/www.meydan.tv\\\/az\\\/article\\\/hec-bir-dovlet-iscisi-etrafi-tebietsever-kimi-temizleye-bilmez\\\/#breadcrumb\"},\"inLanguage\":\"az\",\"potentialAction\":[{\"@type\":\"ReadAction\",\"target\":[\"https:\\\/\\\/www.meydan.tv\\\/az\\\/article\\\/hec-bir-dovlet-iscisi-etrafi-tebietsever-kimi-temizleye-bilmez\\\/\"]}]},{\"@type\":\"ImageObject\",\"inLanguage\":\"az\",\"@id\":\"https:\\\/\\\/www.meydan.tv\\\/az\\\/article\\\/hec-bir-dovlet-iscisi-etrafi-tebietsever-kimi-temizleye-bilmez\\\/#primaryimage\",\"url\":\"https:\\\/\\\/www.meydan.tv\\\/wp-content\\\/uploads\\\/quba_zibil_t__mizl__m___2.jpg\",\"contentUrl\":\"https:\\\/\\\/www.meydan.tv\\\/wp-content\\\/uploads\\\/quba_zibil_t__mizl__m___2.jpg\",\"width\":1440,\"height\":1072,\"caption\":\"Source: Specify Source\"},{\"@type\":\"BreadcrumbList\",\"@id\":\"https:\\\/\\\/www.meydan.tv\\\/az\\\/article\\\/hec-bir-dovlet-iscisi-etrafi-tebietsever-kimi-temizleye-bilmez\\\/#breadcrumb\",\"itemListElement\":[{\"@type\":\"ListItem\",\"position\":1,\"name\":\"Ana s\u0259hif\u0259\",\"item\":\"https:\\\/\\\/www.meydan.tv\\\/az\\\/\"},{\"@type\":\"ListItem\",\"position\":2,\"name\":\"B\u00f6lg\u0259\",\"item\":\"https:\\\/\\\/www.meydan.tv\\\/az\\\/section\\\/bolge\\\/\"},{\"@type\":\"ListItem\",\"position\":3,\"name\":\"&#8220;He\u00e7 bir d\u00f6vl\u0259t i\u015f\u00e7isi \u0259traf\u0131 t\u0259bi\u0259tsev\u0259r kimi t\u0259mizl\u0259y\u0259 bilm\u0259z\u201c\"}]},{\"@type\":\"WebSite\",\"@id\":\"https:\\\/\\\/www.meydan.tv\\\/az\\\/#website\",\"url\":\"https:\\\/\\\/www.meydan.tv\\\/az\\\/\",\"name\":\"MEYDAN.TV\",\"description\":\"Meydan TV Az\u0259rbaycan\u0131n media m\u0259kan\u0131ndak\u0131 alternativ s\u0259sidir\",\"publisher\":{\"@id\":\"https:\\\/\\\/www.meydan.tv\\\/az\\\/#organization\"},\"potentialAction\":[{\"@type\":\"SearchAction\",\"target\":{\"@type\":\"EntryPoint\",\"urlTemplate\":\"https:\\\/\\\/www.meydan.tv\\\/az\\\/?s={search_term_string}\"},\"query-input\":{\"@type\":\"PropertyValueSpecification\",\"valueRequired\":true,\"valueName\":\"search_term_string\"}}],\"inLanguage\":\"az\"},{\"@type\":\"Organization\",\"@id\":\"https:\\\/\\\/www.meydan.tv\\\/az\\\/#organization\",\"name\":\"Meydan TV\",\"url\":\"https:\\\/\\\/www.meydan.tv\\\/az\\\/\",\"logo\":{\"@type\":\"ImageObject\",\"inLanguage\":\"az\",\"@id\":\"https:\\\/\\\/www.meydan.tv\\\/az\\\/#\\\/schema\\\/logo\\\/image\\\/\",\"url\":\"https:\\\/\\\/www.meydan.tv\\\/wp-content\\\/uploads\\\/2021\\\/07\\\/meydan-logo.svg\",\"contentUrl\":\"https:\\\/\\\/www.meydan.tv\\\/wp-content\\\/uploads\\\/2021\\\/07\\\/meydan-logo.svg\",\"width\":195,\"height\":46,\"caption\":\"Meydan TV\"},\"image\":{\"@id\":\"https:\\\/\\\/www.meydan.tv\\\/az\\\/#\\\/schema\\\/logo\\\/image\\\/\"}},{\"@type\":\"Person\",\"@id\":\"https:\\\/\\\/www.meydan.tv\\\/az\\\/#\\\/schema\\\/person\\\/10d11eccf6da3662cf5fdab9806ea91a\",\"name\":\"user-manager\"}]}<\/script>\n<!-- \/ Yoast SEO plugin. -->","yoast_head_json":{"title":"\"He\u00e7 bir d\u00f6vl\u0259t i\u015f\u00e7isi \u0259traf\u0131 t\u0259bi\u0259tsev\u0259r kimi t\u0259mizl\u0259y\u0259 bilm\u0259z\u201c - MEYDAN.TV","robots":{"index":"index","follow":"follow","max-snippet":"max-snippet:-1","max-image-preview":"max-image-preview:large","max-video-preview":"max-video-preview:-1"},"canonical":"https:\/\/www.meydan.tv\/az\/article\/hec-bir-dovlet-iscisi-etrafi-tebietsever-kimi-temizleye-bilmez\/","og_locale":"az_AZ","og_type":"article","og_title":"\"He\u00e7 bir d\u00f6vl\u0259t i\u015f\u00e7isi \u0259traf\u0131 t\u0259bi\u0259tsev\u0259r kimi t\u0259mizl\u0259y\u0259 bilm\u0259z\u201c - MEYDAN.TV","og_description":"D\u00f6vl\u0259tin is\u0259 \u0259n yax\u015f\u0131 d\u0259st\u0259yi zibill\u0259rin da\u015f\u0131nmas\u0131na k\u00f6m\u0259k etm\u0259k olar","og_url":"https:\/\/www.meydan.tv\/az\/article\/hec-bir-dovlet-iscisi-etrafi-tebietsever-kimi-temizleye-bilmez\/","og_site_name":"MEYDAN.TV","article_published_time":"2020-07-07T12:39:53+00:00","og_image":[{"width":1440,"height":1072,"url":"https:\/\/www.meydan.tv\/wp-content\/uploads\/quba_zibil_t__mizl__m___2.jpg","type":"image\/jpeg"}],"author":"user-manager","twitter_card":"summary_large_image","schema":{"@context":"https:\/\/schema.org","@graph":[{"@type":"Article","@id":"https:\/\/www.meydan.tv\/az\/article\/hec-bir-dovlet-iscisi-etrafi-tebietsever-kimi-temizleye-bilmez\/#article","isPartOf":{"@id":"https:\/\/www.meydan.tv\/az\/article\/hec-bir-dovlet-iscisi-etrafi-tebietsever-kimi-temizleye-bilmez\/"},"author":{"name":"user-manager","@id":"https:\/\/www.meydan.tv\/az\/#\/schema\/person\/10d11eccf6da3662cf5fdab9806ea91a"},"headline":"&#8220;He\u00e7 bir d\u00f6vl\u0259t i\u015f\u00e7isi \u0259traf\u0131 t\u0259bi\u0259tsev\u0259r kimi t\u0259mizl\u0259y\u0259 bilm\u0259z\u201c","datePublished":"2020-07-07T12:39:53+00:00","mainEntityOfPage":{"@id":"https:\/\/www.meydan.tv\/az\/article\/hec-bir-dovlet-iscisi-etrafi-tebietsever-kimi-temizleye-bilmez\/"},"wordCount":1869,"publisher":{"@id":"https:\/\/www.meydan.tv\/az\/#organization"},"image":{"@id":"https:\/\/www.meydan.tv\/az\/article\/hec-bir-dovlet-iscisi-etrafi-tebietsever-kimi-temizleye-bilmez\/#primaryimage"},"thumbnailUrl":"https:\/\/www.meydan.tv\/wp-content\/uploads\/quba_zibil_t__mizl__m___2.jpg","articleSection":["B\u00f6lg\u0259"],"inLanguage":"az"},{"@type":"WebPage","@id":"https:\/\/www.meydan.tv\/az\/article\/hec-bir-dovlet-iscisi-etrafi-tebietsever-kimi-temizleye-bilmez\/","url":"https:\/\/www.meydan.tv\/az\/article\/hec-bir-dovlet-iscisi-etrafi-tebietsever-kimi-temizleye-bilmez\/","name":"\"He\u00e7 bir d\u00f6vl\u0259t i\u015f\u00e7isi \u0259traf\u0131 t\u0259bi\u0259tsev\u0259r kimi t\u0259mizl\u0259y\u0259 bilm\u0259z\u201c - MEYDAN.TV","isPartOf":{"@id":"https:\/\/www.meydan.tv\/az\/#website"},"primaryImageOfPage":{"@id":"https:\/\/www.meydan.tv\/az\/article\/hec-bir-dovlet-iscisi-etrafi-tebietsever-kimi-temizleye-bilmez\/#primaryimage"},"image":{"@id":"https:\/\/www.meydan.tv\/az\/article\/hec-bir-dovlet-iscisi-etrafi-tebietsever-kimi-temizleye-bilmez\/#primaryimage"},"thumbnailUrl":"https:\/\/www.meydan.tv\/wp-content\/uploads\/quba_zibil_t__mizl__m___2.jpg","datePublished":"2020-07-07T12:39:53+00:00","breadcrumb":{"@id":"https:\/\/www.meydan.tv\/az\/article\/hec-bir-dovlet-iscisi-etrafi-tebietsever-kimi-temizleye-bilmez\/#breadcrumb"},"inLanguage":"az","potentialAction":[{"@type":"ReadAction","target":["https:\/\/www.meydan.tv\/az\/article\/hec-bir-dovlet-iscisi-etrafi-tebietsever-kimi-temizleye-bilmez\/"]}]},{"@type":"ImageObject","inLanguage":"az","@id":"https:\/\/www.meydan.tv\/az\/article\/hec-bir-dovlet-iscisi-etrafi-tebietsever-kimi-temizleye-bilmez\/#primaryimage","url":"https:\/\/www.meydan.tv\/wp-content\/uploads\/quba_zibil_t__mizl__m___2.jpg","contentUrl":"https:\/\/www.meydan.tv\/wp-content\/uploads\/quba_zibil_t__mizl__m___2.jpg","width":1440,"height":1072,"caption":"Source: Specify Source"},{"@type":"BreadcrumbList","@id":"https:\/\/www.meydan.tv\/az\/article\/hec-bir-dovlet-iscisi-etrafi-tebietsever-kimi-temizleye-bilmez\/#breadcrumb","itemListElement":[{"@type":"ListItem","position":1,"name":"Ana s\u0259hif\u0259","item":"https:\/\/www.meydan.tv\/az\/"},{"@type":"ListItem","position":2,"name":"B\u00f6lg\u0259","item":"https:\/\/www.meydan.tv\/az\/section\/bolge\/"},{"@type":"ListItem","position":3,"name":"&#8220;He\u00e7 bir d\u00f6vl\u0259t i\u015f\u00e7isi \u0259traf\u0131 t\u0259bi\u0259tsev\u0259r kimi t\u0259mizl\u0259y\u0259 bilm\u0259z\u201c"}]},{"@type":"WebSite","@id":"https:\/\/www.meydan.tv\/az\/#website","url":"https:\/\/www.meydan.tv\/az\/","name":"MEYDAN.TV","description":"Meydan TV Az\u0259rbaycan\u0131n media m\u0259kan\u0131ndak\u0131 alternativ s\u0259sidir","publisher":{"@id":"https:\/\/www.meydan.tv\/az\/#organization"},"potentialAction":[{"@type":"SearchAction","target":{"@type":"EntryPoint","urlTemplate":"https:\/\/www.meydan.tv\/az\/?s={search_term_string}"},"query-input":{"@type":"PropertyValueSpecification","valueRequired":true,"valueName":"search_term_string"}}],"inLanguage":"az"},{"@type":"Organization","@id":"https:\/\/www.meydan.tv\/az\/#organization","name":"Meydan TV","url":"https:\/\/www.meydan.tv\/az\/","logo":{"@type":"ImageObject","inLanguage":"az","@id":"https:\/\/www.meydan.tv\/az\/#\/schema\/logo\/image\/","url":"https:\/\/www.meydan.tv\/wp-content\/uploads\/2021\/07\/meydan-logo.svg","contentUrl":"https:\/\/www.meydan.tv\/wp-content\/uploads\/2021\/07\/meydan-logo.svg","width":195,"height":46,"caption":"Meydan TV"},"image":{"@id":"https:\/\/www.meydan.tv\/az\/#\/schema\/logo\/image\/"}},{"@type":"Person","@id":"https:\/\/www.meydan.tv\/az\/#\/schema\/person\/10d11eccf6da3662cf5fdab9806ea91a","name":"user-manager"}]}},"_links":{"self":[{"href":"https:\/\/www.meydan.tv\/az\/wp-json\/wp\/v2\/posts\/201325","targetHints":{"allow":["GET"]}}],"collection":[{"href":"https:\/\/www.meydan.tv\/az\/wp-json\/wp\/v2\/posts"}],"about":[{"href":"https:\/\/www.meydan.tv\/az\/wp-json\/wp\/v2\/types\/post"}],"author":[{"embeddable":true,"href":"https:\/\/www.meydan.tv\/az\/wp-json\/wp\/v2\/users\/11"}],"replies":[{"embeddable":true,"href":"https:\/\/www.meydan.tv\/az\/wp-json\/wp\/v2\/comments?post=201325"}],"version-history":[{"count":0,"href":"https:\/\/www.meydan.tv\/az\/wp-json\/wp\/v2\/posts\/201325\/revisions"}],"wp:featuredmedia":[{"embeddable":true,"href":"https:\/\/www.meydan.tv\/az\/wp-json\/wp\/v2\/media\/143906"}],"wp:attachment":[{"href":"https:\/\/www.meydan.tv\/az\/wp-json\/wp\/v2\/media?parent=201325"}],"wp:term":[{"taxonomy":"category","embeddable":true,"href":"https:\/\/www.meydan.tv\/az\/wp-json\/wp\/v2\/categories?post=201325"},{"taxonomy":"post_tag","embeddable":true,"href":"https:\/\/www.meydan.tv\/az\/wp-json\/wp\/v2\/tags?post=201325"}],"curies":[{"name":"wp","href":"https:\/\/api.w.org\/{rel}","templated":true}]}}