{"id":201292,"date":"2020-07-03T15:32:50","date_gmt":"2020-07-03T15:32:50","guid":{"rendered":"https:\/\/www.meydan.tv\/article\/camaata-verilen-suyu-hec-heyvanlar-da-icmek-istemir\/"},"modified":"2020-07-03T15:32:50","modified_gmt":"2020-07-03T15:32:50","slug":"camaata-verilen-suyu-hec-heyvanlar-da-icmek-istemir","status":"publish","type":"post","link":"https:\/\/www.meydan.tv\/az\/article\/camaata-verilen-suyu-hec-heyvanlar-da-icmek-istemir\/","title":{"rendered":"\u201cCamaata veril\u0259n suyu he\u00e7 heyvanlar da i\u00e7m\u0259k ist\u0259mir\u201d"},"content":{"rendered":"<p>\n  <i><br \/>\n    Saatl\u0131 sakini: \u201cN\u0259 i\u00e7m\u0259y\u0259 su var, n\u0259 d\u0259 heyvan \u00f6tarma\u011fa \u00f6r\u00fc\u015f yeri&#8230;\u201d<br \/>\n  <\/i>\n<\/p>\n<p>\n  Saatl\u0131n\u0131n Azadk\u0259nd k\u0259ndinin sakinl\u0259ri deyir ki, dolan\u0131\u015f\u0131qlar\u0131 k\u0259nd t\u0259s\u0259rr\u00fcfat\u0131ndan &#8211; \u0259kin\u00e7ilik v\u0259 maldarl\u0131qdan \u00e7\u0131x\u0131r. Amma son ill\u0259rd\u0259 art\u0131q bununla da m\u0259\u015f\u011ful ola bilmirl\u0259r. \u00c7\u00fcnki k\u0259ndd\u0259 h\u0259m su tap\u0131lm\u0131r, h\u0259m d\u0259 \u00f6r\u00fc\u015f yerl\u0259ri imkanl\u0131, v\u0259zif\u0259li adamlara sat\u0131l\u0131b. Yaranm\u0131\u015f durumla \u0259laq\u0259dar m\u00fcxt\u0259lif d\u00f6vl\u0259t orqanlar\u0131ndan k\u00f6m\u0259k ist\u0259s\u0259l\u0259r d\u0259, h\u0259l\u0259lik n\u0259tic\u0259 yoxdur.\n<\/p>\n<p>\n  <b><br \/>\n    \u201cBiz\u0259 veril\u0259n suyu he\u00e7 heyvanlar da i\u00e7m\u0259k ist\u0259mir\u201d<br \/>\n  <\/b>\n<\/p>\n<p>\n  Bu bar\u0259d\u0259 Meydan TV-y\u0259 dan\u0131\u015fan Azadk\u0259nd sakini Abbas Hac\u0131yev deyir ki, son g\u00fcnl\u0259rin \u0259n b\u00f6y\u00fck probleml\u0259rind\u0259n olan susuzluq k\u0259nd camaat\u0131na b\u00f6y\u00fck \u0259ziyy\u0259t verir. Onun s\u00f6zl\u0259rin\u0259 g\u00f6r\u0259, c\u0259mi iki g\u00fcnd\u00fcr arxa su g\u0259lib. Bu da yaln\u0131z motorlarla sah\u0259l\u0259r\u0259 vurma\u011fa yaray\u0131r: \u201c\u018fkini ancaq bel\u0259 suvarmaq m\u00fcmk\u00fcnd\u00fcr. Deyil\u0259n\u0259 g\u00f6r\u0259, yeni \u015fumlanm\u0131\u015f sah\u0259l\u0259r \u00fcz\u00fcnd\u0259n q\u0131tl\u0131q yaran\u0131b. Hac\u0131 \u0130brahim Nehr\u0259mlinin \u0259kin sah\u0259l\u0259ri oldu\u011fu deyilir.  Suyun qar\u015f\u0131s\u0131n\u0131 k\u0259sib ora y\u00f6nl\u0259ndirirl\u0259r. Camaata el\u0259 su verirl\u0259r ki, he\u00e7 heyvanlar da i\u00e7m\u0259k ist\u0259mir. T\u0259s\u0259vv\u00fcr edin, o suyu biz i\u00e7m\u0259liyik&#8230;\u201d\n<\/p>\n<p>\n  40 ya\u015fl\u0131 k\u0259nd sakini dan\u0131\u015f\u0131r ki, o, g\u00f6z\u00fcn\u00fc a\u00e7andan burada normal qaydada kran\u0131 a\u00e7anda su g\u0259ldiyini g\u00f6rm\u0259yib. Bu ill\u0259r \u0259rzind\u0259 Azadk\u0259ndd\u0259 normal su sistemi olmay\u0131b. \u0130ndi durum lap a\u011f\u0131rla\u015f\u0131b. Sakinl\u0259r bir ne\u00e7\u0259 g\u00fcn he\u00e7 olmasa, keyfiyy\u0259tsiz suyu tapsalar da, sonradan h\u0259ft\u0259l\u0259rl\u0259 susuz qald\u0131qlar\u0131 olur: \u201cBu k\u0259ndd\u0259 he\u00e7 vaxt kran\u0131 a\u00e7\u0131b su i\u00e7m\u0259mi\u015fik. Bel\u0259 bir \u015fey g\u00f6rm\u0259mi\u015fik. \u0130ndi h\u0259r\u0259 h\u0259y\u0259td\u0259 bir hovuz tikib. Su g\u0259l\u0259nd\u0259 oran\u0131 doldurma\u011fa \u00e7al\u0131\u015f\u0131rlar. \u00c7\u00fcnki camaat bilir ki, indi su var, sonra 20 g\u00fcn, bir ay olmayacaq\u201d.\n<\/p>\n<figure class=\"wp-block-image size-large\">\n  <img decoding=\"async\" src=\"https:\/\/www.meydan.tv\/az\/image_from_ios-2-jpg-157\/\" alt=\"image_from_ios (2).jpg\" class=\"wp-image-143708\"\/><figcaption>\n    \u0130mi\u015fli Regional  \u018fdliyy\u0259 \u0130dar\u0259si<br \/>\n  <\/figcaption><\/figure>\n<p>\n  <b><br \/>\n    \u201cHeyvanlar\u0131m\u0131z ac\u0131ndan q\u0131r\u0131l\u0131r\u201d<br \/>\n  <\/b>\n<\/p>\n<p>\n  Abbas Hac\u0131yev deyir ki, \u00f6r\u00fc\u015f yerl\u0259rinin sat\u0131lmas\u0131 problemi k\u0259ndd\u0259 \u00e7oxdan var. B\u0259l\u0259diyy\u0259 strukturu olandan camaat bel\u0259 probleml\u0259 \u00fczl\u0259\u015fir. Son ill\u0259r v\u0259ziyy\u0259t bir az da pisl\u0259\u015fib.\n<\/p>\n<p>\n  Abbas Hac\u0131yev k\u0259nd b\u0259l\u0259diyy\u0259sinin 500 hektardan \u00e7ox \u0259razini \u00f6z adamlar\u0131na satd\u0131\u011f\u0131n\u0131 iddia edir.\n<\/p>\n<p>\n  \u201cBizim heyvanlar\u0131m\u0131z\u0131 otarma\u011fa yerimiz yoxdu. K\u0259ndd\u0259 ham\u0131ya pay torpaqlar verilib. B\u0259zi adamlar h\u0259min \u0259kin sah\u0259l\u0259rini sat\u0131b, b\u0259l\u0259diyy\u0259d\u0259n daha ucuz qiym\u0259t\u0259 \u00f6r\u00fc\u015f yerl\u0259rini al\u0131r. Heyvanlar\u0131m\u0131z q\u0131r\u0131l\u0131r ac\u0131ndan. D\u0259f\u0259l\u0259rl\u0259 m\u00fcxt\u0259lif yerl\u0259r\u0259 m\u00fcraci\u0259t el\u0259mi\u015fik. \u018fsas ist\u0259yimiz odu ki, heyvanlar\u0131n \u00f6r\u00fc\u015f yeri qay\u0131ts\u0131n. \u015e\u0259h\u0259rd\u0259n k\u0259nd\u0259 qovurlar ki, gedin, heyvan saxlay\u0131n. K\u0259ndd\u0259 heyvanlar\u0131m\u0131z ac\u0131ndan q\u0131r\u0131l\u0131r. Neyl\u0259y\u0259k, heyvanlar\u0131 sat\u0131b \u015f\u0259h\u0259r\u0259 qay\u0131daq? Bizim \u0259sas dolan\u0131\u015f\u0131\u011f\u0131m\u0131z heyvandarl\u0131qdand\u0131 ax\u0131\u201d, &#8211; k\u0259nd sakini deyir.\n<\/p>\n<p>\n  \u00d6r\u00fc\u015f yeri problemi il\u0259 \u00fczl\u0259\u015f\u0259nl\u0259r m\u00fcxt\u0259lif d\u00f6vl\u0259t orqanlar\u0131na \u015fikay\u0259t edib. M\u0259s\u0259l\u0259n, \u018fdliyy\u0259 Nazirliyin\u0259 m\u0259ktub m\u0259hz karantin d\u00f6vr\u00fcnd\u0259 g\u00f6nd\u0259rilib. Nazirlik d\u0259 ara\u015fd\u0131rmaq m\u0259qs\u0259dil\u0259 b\u0259l\u0259diyy\u0259y\u0259 m\u0259ktub \u00fcnvanlay\u0131b:\n<\/p>\n<p>\n  \u201cB\u0259l\u0259diyy\u0259d\u0259n nazirliy\u0259 cavab m\u0259ktubunda yaz\u0131blar ki, o sah\u0259l\u0259r \u00f6r\u00fc\u015f yerl\u0259ridir, sad\u0259c\u0259, d\u0259f\u0259l\u0259rl\u0259 x\u0259b\u0259rdarl\u0131\u011fa baxmayaraq, b\u0259zi v\u0259t\u0259nda\u015flar oralar\u0131 z\u0259bt edib. Bizim m\u0259ktubumuza is\u0259 b\u0259l\u0259diyy\u0259nin ba\u015f\u00e7\u0131s\u0131 Fuad m\u00fc\u0259llim \u00fcmumiyy\u0259tl\u0259, cavab da vermir. \u0130cra ba\u015f\u00e7\u0131s\u0131na g\u00f6nd\u0259ril\u0259n m\u0259ktuba da cavab almam\u0131\u015f\u0131q. T\u0259kc\u0259 \u018fdliyy\u0259 Nazirliyi v\u0259 prokurorluq reaksiya verib. Respublika Prokurorlu\u011funun cavab\u0131nda yaz\u0131lm\u0131\u015fd\u0131 ki, i\u015f gedir, ara\u015fd\u0131r\u0131l\u0131r, siz\u0259 m\u0259lumat veril\u0259c\u0259k. Ay\u0131n sonunda ara\u015fd\u0131rma bitm\u0259liydi&#8230;\u201d\n<\/p>\n<p>\n  <b><br \/>\n    Azadk\u0259nd b\u0259l\u0259diyy\u0259si: \u201cK\u00f6lg\u0259 salma\u011fa \u00e7al\u0131\u015f\u0131rlar\u201d<br \/>\n  <\/b>\n<\/p>\n<p>\n  Azadk\u0259nd b\u0259l\u0259diyy\u0259si is\u0259 \u00fcnvan\u0131na s\u0259sl\u0259n\u0259n ittihamlar\u0131 q\u0259bul etmir. B\u0259l\u0259diyy\u0259d\u0259n bildirilib ki, b\u0259zi k\u0259nd sakinl\u0259ri bu c\u00fcr \u015fikay\u0259tl\u0259rl\u0259 b\u0259l\u0259diyy\u0259nin f\u0259aliyy\u0259tin\u0259 k\u00f6lg\u0259 salma\u011fa \u00e7al\u0131\u015f\u0131rlar:\n<\/p>\n<p>\n  \u201cAzadk\u0259nd k\u0259ndinin \u0259razi s\u0259rh\u0259dl\u0259rin\u0259 yax\u0131n yerd\u0259 d\u00f6vl\u0259t\u0259 m\u0259xsus ehtiyat fond torpaq sah\u0259l\u0259ri olub. K\u0259nd sakinl\u0259ri mal-qaran\u0131n otar\u0131lmas\u0131 \u00fc\u00e7\u00fcn h\u0259min torpaq sah\u0259l\u0259rind\u0259n uzun m\u00fcdd\u0259t \u00f6r\u00fc\u015f yeri kimi istifad\u0259 edib. D\u00f6vl\u0259t\u0259 m\u0259xsus olan bu torpaq sah\u0259l\u0259ri Nazirl\u0259r Kabinetinin m\u00fcvafiq q\u0259rar\u0131 il\u0259 \u0259kin d\u00f6vriyy\u0259sin\u0259 ke\u00e7iril\u0259r\u0259k ba\u015fqa \u015f\u0259xs\u0259 sat\u0131l\u0131b. Bundan sonra \u0259hali mal-qaras\u0131n\u0131 otarmaqda \u00e7\u0259tinlik \u00e7\u0259kib. B\u0259l\u0259diyy\u0259nin m\u00fclkiyy\u0259tind\u0259 olan \u00f6r\u00fc\u015f-otlaq sah\u0259l\u0259ri h\u0259min d\u00f6vrd\u0259 istifad\u0259siz qald\u0131\u011f\u0131na g\u00f6r\u0259 b\u0259zi k\u0259nd sakinl\u0259ri o \u0259razil\u0259ri tutub, orada d\u00f6vl\u0259t ehtiyaclar\u0131n\u0131 qar\u015f\u0131lamaq \u00fc\u00e7\u00fcn pamb\u0131q v\u0259 tax\u0131l \u0259kibl\u0259r. H\u0259min \u015f\u0259xsl\u0259r\u0259 torpaq sah\u0259l\u0259rini bo\u015faltmalar\u0131 \u00fc\u00e7\u00fcn d\u0259f\u0259l\u0259rl\u0259 x\u0259b\u0259rdarl\u0131q edils\u0259 d\u0259, he\u00e7 bir n\u0259tic\u0259si olmay\u0131b. Bununla \u0259laq\u0259dar he\u00e7 bir t\u0259dbir g\u00f6r\u00fclm\u0259yib. H\u0259min torpaq sah\u0259l\u0259rinin m\u00fcxt\u0259lif \u015f\u0259xsl\u0259r\u0259 verilm\u0259si bar\u0259d\u0259 iddialar h\u0259qiq\u0259t\u0259uy\u011fun deyil\u201d.\n<\/p>\n<p>\n  Azadk\u0259nd b\u0259l\u0259diyy\u0259sinin \u0259razisind\u0259ki \u00f6r\u00fc\u015f torpaq sah\u0259l\u0259rinin k\u0259nd camaat\u0131n\u0131n istifad\u0259sin\u0259 verilm\u0259si \u00fc\u00e7\u00fcn k\u00f6m\u0259k ist\u0259y\u0259n sakinl\u0259rin \u015fikay\u0259til\u0259 \u0259laq\u0259dar \u0130mi\u015fli Regional \u018fdliyy\u0259 \u0130dar\u0259si ara\u015fd\u0131rma apar\u0131b. \u0130dar\u0259nin r\u0259isi Hakim M\u0259mm\u0259dov \u015fikay\u0259t\u00e7il\u0259r\u0259 m\u0259ktubunda yaz\u0131b ki, ara\u015fd\u0131rma n\u0259tic\u0259sind\u0259 b\u0259l\u0259diyy\u0259sinin \u00fcmumi istifad\u0259d\u0259 olan torpaq sah\u0259l\u0259rinin ayr\u0131-ayr\u0131 k\u0259nd sakinl\u0259ri t\u0259r\u0259find\u0259n z\u0259bt edil\u0259r\u0259k \u0259kildiyi m\u0259lum olub.\n<\/p>\n<figure class=\"wp-block-image size-large\">\n  <img decoding=\"async\" src=\"https:\/\/www.meydan.tv\/az\/image_from_ios_720_fy9yhda\/\" alt=\"image_from_ios_720_fy9yhda\" class=\"wp-image-143714\"\/><figcaption>\n    \u0130mi\u015fli Rayon \u0130cra Ba\u015f\u00e7\u0131s\u0131na \u0259riz\u0259<br \/>\n  <\/figcaption><\/figure>\n","protected":false},"excerpt":{"rendered":"<p>&#8220;D\u00f6vl\u0259t\u0259 m\u0259xsus olan bu torpaq sah\u0259l\u0259ri Nazirl\u0259r Kabinetinin m\u00fcvafiq q\u0259rar\u0131 il\u0259 \u0259kin d\u00f6vriyy\u0259sin\u0259 ke\u00e7iril\u0259r\u0259k ba\u015fqa \u015f\u0259xs\u0259 sat\u0131l\u0131b&#8221;.<\/p>\n","protected":false},"author":11,"featured_media":143705,"comment_status":"closed","ping_status":"open","sticky":false,"template":"","format":"standard","meta":{"_acf_changed":false,"_sitemap_exclude":false,"_sitemap_priority":"","_sitemap_frequency":"","footnotes":""},"categories":[60],"tags":[],"class_list":["post-201292","post","type-post","status-publish","format-standard","has-post-thumbnail","hentry","category-bolge","infinite-scroll-item","generate-columns","tablet-grid-50","mobile-grid-100","grid-parent","grid-33","no-featured-image-padding"],"acf":[],"yoast_head":"<!-- This site is optimized with the Yoast SEO plugin v27.5 - https:\/\/yoast.com\/product\/yoast-seo-wordpress\/ -->\n<title>\u201cCamaata veril\u0259n suyu he\u00e7 heyvanlar da i\u00e7m\u0259k ist\u0259mir\u201d - MEYDAN.TV<\/title>\n<meta name=\"robots\" content=\"index, follow, max-snippet:-1, max-image-preview:large, max-video-preview:-1\" \/>\n<link rel=\"canonical\" href=\"https:\/\/www.meydan.tv\/az\/article\/camaata-verilen-suyu-hec-heyvanlar-da-icmek-istemir\/\" \/>\n<meta property=\"og:locale\" content=\"az_AZ\" \/>\n<meta property=\"og:type\" content=\"article\" \/>\n<meta property=\"og:title\" content=\"\u201cCamaata veril\u0259n suyu he\u00e7 heyvanlar da i\u00e7m\u0259k ist\u0259mir\u201d - MEYDAN.TV\" \/>\n<meta property=\"og:description\" content=\"&quot;D\u00f6vl\u0259t\u0259 m\u0259xsus olan bu torpaq sah\u0259l\u0259ri Nazirl\u0259r Kabinetinin m\u00fcvafiq q\u0259rar\u0131 il\u0259 \u0259kin d\u00f6vriyy\u0259sin\u0259 ke\u00e7iril\u0259r\u0259k ba\u015fqa \u015f\u0259xs\u0259 sat\u0131l\u0131b&quot;.\" \/>\n<meta property=\"og:url\" content=\"https:\/\/www.meydan.tv\/az\/article\/camaata-verilen-suyu-hec-heyvanlar-da-icmek-istemir\/\" \/>\n<meta property=\"og:site_name\" content=\"MEYDAN.TV\" \/>\n<meta property=\"article:published_time\" content=\"2020-07-03T15:32:50+00:00\" \/>\n<meta property=\"og:image\" content=\"https:\/\/www.meydan.tv\/wp-content\/uploads\/untitled_design_-_2020-06-30t152528.953.jpg\" \/>\n\t<meta property=\"og:image:width\" content=\"1280\" \/>\n\t<meta property=\"og:image:height\" content=\"720\" \/>\n\t<meta property=\"og:image:type\" content=\"image\/jpeg\" \/>\n<meta name=\"author\" content=\"user-manager\" \/>\n<meta name=\"twitter:card\" content=\"summary_large_image\" \/>\n<script type=\"application\/ld+json\" class=\"yoast-schema-graph\">{\"@context\":\"https:\\\/\\\/schema.org\",\"@graph\":[{\"@type\":\"Article\",\"@id\":\"https:\\\/\\\/www.meydan.tv\\\/az\\\/article\\\/camaata-verilen-suyu-hec-heyvanlar-da-icmek-istemir\\\/#article\",\"isPartOf\":{\"@id\":\"https:\\\/\\\/www.meydan.tv\\\/az\\\/article\\\/camaata-verilen-suyu-hec-heyvanlar-da-icmek-istemir\\\/\"},\"author\":{\"name\":\"user-manager\",\"@id\":\"https:\\\/\\\/www.meydan.tv\\\/az\\\/#\\\/schema\\\/person\\\/10d11eccf6da3662cf5fdab9806ea91a\"},\"headline\":\"\u201cCamaata veril\u0259n suyu he\u00e7 heyvanlar da i\u00e7m\u0259k ist\u0259mir\u201d\",\"datePublished\":\"2020-07-03T15:32:50+00:00\",\"mainEntityOfPage\":{\"@id\":\"https:\\\/\\\/www.meydan.tv\\\/az\\\/article\\\/camaata-verilen-suyu-hec-heyvanlar-da-icmek-istemir\\\/\"},\"wordCount\":1104,\"publisher\":{\"@id\":\"https:\\\/\\\/www.meydan.tv\\\/az\\\/#organization\"},\"image\":{\"@id\":\"https:\\\/\\\/www.meydan.tv\\\/az\\\/article\\\/camaata-verilen-suyu-hec-heyvanlar-da-icmek-istemir\\\/#primaryimage\"},\"thumbnailUrl\":\"https:\\\/\\\/www.meydan.tv\\\/wp-content\\\/uploads\\\/untitled_design_-_2020-06-30t152528.953.jpg\",\"articleSection\":[\"B\u00f6lg\u0259\"],\"inLanguage\":\"az\"},{\"@type\":\"WebPage\",\"@id\":\"https:\\\/\\\/www.meydan.tv\\\/az\\\/article\\\/camaata-verilen-suyu-hec-heyvanlar-da-icmek-istemir\\\/\",\"url\":\"https:\\\/\\\/www.meydan.tv\\\/az\\\/article\\\/camaata-verilen-suyu-hec-heyvanlar-da-icmek-istemir\\\/\",\"name\":\"\u201cCamaata veril\u0259n suyu he\u00e7 heyvanlar da i\u00e7m\u0259k ist\u0259mir\u201d - MEYDAN.TV\",\"isPartOf\":{\"@id\":\"https:\\\/\\\/www.meydan.tv\\\/az\\\/#website\"},\"primaryImageOfPage\":{\"@id\":\"https:\\\/\\\/www.meydan.tv\\\/az\\\/article\\\/camaata-verilen-suyu-hec-heyvanlar-da-icmek-istemir\\\/#primaryimage\"},\"image\":{\"@id\":\"https:\\\/\\\/www.meydan.tv\\\/az\\\/article\\\/camaata-verilen-suyu-hec-heyvanlar-da-icmek-istemir\\\/#primaryimage\"},\"thumbnailUrl\":\"https:\\\/\\\/www.meydan.tv\\\/wp-content\\\/uploads\\\/untitled_design_-_2020-06-30t152528.953.jpg\",\"datePublished\":\"2020-07-03T15:32:50+00:00\",\"breadcrumb\":{\"@id\":\"https:\\\/\\\/www.meydan.tv\\\/az\\\/article\\\/camaata-verilen-suyu-hec-heyvanlar-da-icmek-istemir\\\/#breadcrumb\"},\"inLanguage\":\"az\",\"potentialAction\":[{\"@type\":\"ReadAction\",\"target\":[\"https:\\\/\\\/www.meydan.tv\\\/az\\\/article\\\/camaata-verilen-suyu-hec-heyvanlar-da-icmek-istemir\\\/\"]}]},{\"@type\":\"ImageObject\",\"inLanguage\":\"az\",\"@id\":\"https:\\\/\\\/www.meydan.tv\\\/az\\\/article\\\/camaata-verilen-suyu-hec-heyvanlar-da-icmek-istemir\\\/#primaryimage\",\"url\":\"https:\\\/\\\/www.meydan.tv\\\/wp-content\\\/uploads\\\/untitled_design_-_2020-06-30t152528.953.jpg\",\"contentUrl\":\"https:\\\/\\\/www.meydan.tv\\\/wp-content\\\/uploads\\\/untitled_design_-_2020-06-30t152528.953.jpg\",\"width\":1280,\"height\":720,\"caption\":\"Source: Specify Source\"},{\"@type\":\"BreadcrumbList\",\"@id\":\"https:\\\/\\\/www.meydan.tv\\\/az\\\/article\\\/camaata-verilen-suyu-hec-heyvanlar-da-icmek-istemir\\\/#breadcrumb\",\"itemListElement\":[{\"@type\":\"ListItem\",\"position\":1,\"name\":\"Ana s\u0259hif\u0259\",\"item\":\"https:\\\/\\\/www.meydan.tv\\\/az\\\/\"},{\"@type\":\"ListItem\",\"position\":2,\"name\":\"B\u00f6lg\u0259\",\"item\":\"https:\\\/\\\/www.meydan.tv\\\/az\\\/section\\\/bolge\\\/\"},{\"@type\":\"ListItem\",\"position\":3,\"name\":\"\u201cCamaata veril\u0259n suyu he\u00e7 heyvanlar da i\u00e7m\u0259k ist\u0259mir\u201d\"}]},{\"@type\":\"WebSite\",\"@id\":\"https:\\\/\\\/www.meydan.tv\\\/az\\\/#website\",\"url\":\"https:\\\/\\\/www.meydan.tv\\\/az\\\/\",\"name\":\"MEYDAN.TV\",\"description\":\"Meydan TV Az\u0259rbaycan\u0131n media m\u0259kan\u0131ndak\u0131 alternativ s\u0259sidir\",\"publisher\":{\"@id\":\"https:\\\/\\\/www.meydan.tv\\\/az\\\/#organization\"},\"potentialAction\":[{\"@type\":\"SearchAction\",\"target\":{\"@type\":\"EntryPoint\",\"urlTemplate\":\"https:\\\/\\\/www.meydan.tv\\\/az\\\/?s={search_term_string}\"},\"query-input\":{\"@type\":\"PropertyValueSpecification\",\"valueRequired\":true,\"valueName\":\"search_term_string\"}}],\"inLanguage\":\"az\"},{\"@type\":\"Organization\",\"@id\":\"https:\\\/\\\/www.meydan.tv\\\/az\\\/#organization\",\"name\":\"Meydan TV\",\"url\":\"https:\\\/\\\/www.meydan.tv\\\/az\\\/\",\"logo\":{\"@type\":\"ImageObject\",\"inLanguage\":\"az\",\"@id\":\"https:\\\/\\\/www.meydan.tv\\\/az\\\/#\\\/schema\\\/logo\\\/image\\\/\",\"url\":\"https:\\\/\\\/www.meydan.tv\\\/wp-content\\\/uploads\\\/2021\\\/07\\\/meydan-logo.svg\",\"contentUrl\":\"https:\\\/\\\/www.meydan.tv\\\/wp-content\\\/uploads\\\/2021\\\/07\\\/meydan-logo.svg\",\"width\":195,\"height\":46,\"caption\":\"Meydan TV\"},\"image\":{\"@id\":\"https:\\\/\\\/www.meydan.tv\\\/az\\\/#\\\/schema\\\/logo\\\/image\\\/\"}},{\"@type\":\"Person\",\"@id\":\"https:\\\/\\\/www.meydan.tv\\\/az\\\/#\\\/schema\\\/person\\\/10d11eccf6da3662cf5fdab9806ea91a\",\"name\":\"user-manager\"}]}<\/script>\n<!-- \/ Yoast SEO plugin. -->","yoast_head_json":{"title":"\u201cCamaata veril\u0259n suyu he\u00e7 heyvanlar da i\u00e7m\u0259k ist\u0259mir\u201d - MEYDAN.TV","robots":{"index":"index","follow":"follow","max-snippet":"max-snippet:-1","max-image-preview":"max-image-preview:large","max-video-preview":"max-video-preview:-1"},"canonical":"https:\/\/www.meydan.tv\/az\/article\/camaata-verilen-suyu-hec-heyvanlar-da-icmek-istemir\/","og_locale":"az_AZ","og_type":"article","og_title":"\u201cCamaata veril\u0259n suyu he\u00e7 heyvanlar da i\u00e7m\u0259k ist\u0259mir\u201d - MEYDAN.TV","og_description":"\"D\u00f6vl\u0259t\u0259 m\u0259xsus olan bu torpaq sah\u0259l\u0259ri Nazirl\u0259r Kabinetinin m\u00fcvafiq q\u0259rar\u0131 il\u0259 \u0259kin d\u00f6vriyy\u0259sin\u0259 ke\u00e7iril\u0259r\u0259k ba\u015fqa \u015f\u0259xs\u0259 sat\u0131l\u0131b\".","og_url":"https:\/\/www.meydan.tv\/az\/article\/camaata-verilen-suyu-hec-heyvanlar-da-icmek-istemir\/","og_site_name":"MEYDAN.TV","article_published_time":"2020-07-03T15:32:50+00:00","og_image":[{"width":1280,"height":720,"url":"https:\/\/www.meydan.tv\/wp-content\/uploads\/untitled_design_-_2020-06-30t152528.953.jpg","type":"image\/jpeg"}],"author":"user-manager","twitter_card":"summary_large_image","schema":{"@context":"https:\/\/schema.org","@graph":[{"@type":"Article","@id":"https:\/\/www.meydan.tv\/az\/article\/camaata-verilen-suyu-hec-heyvanlar-da-icmek-istemir\/#article","isPartOf":{"@id":"https:\/\/www.meydan.tv\/az\/article\/camaata-verilen-suyu-hec-heyvanlar-da-icmek-istemir\/"},"author":{"name":"user-manager","@id":"https:\/\/www.meydan.tv\/az\/#\/schema\/person\/10d11eccf6da3662cf5fdab9806ea91a"},"headline":"\u201cCamaata veril\u0259n suyu he\u00e7 heyvanlar da i\u00e7m\u0259k ist\u0259mir\u201d","datePublished":"2020-07-03T15:32:50+00:00","mainEntityOfPage":{"@id":"https:\/\/www.meydan.tv\/az\/article\/camaata-verilen-suyu-hec-heyvanlar-da-icmek-istemir\/"},"wordCount":1104,"publisher":{"@id":"https:\/\/www.meydan.tv\/az\/#organization"},"image":{"@id":"https:\/\/www.meydan.tv\/az\/article\/camaata-verilen-suyu-hec-heyvanlar-da-icmek-istemir\/#primaryimage"},"thumbnailUrl":"https:\/\/www.meydan.tv\/wp-content\/uploads\/untitled_design_-_2020-06-30t152528.953.jpg","articleSection":["B\u00f6lg\u0259"],"inLanguage":"az"},{"@type":"WebPage","@id":"https:\/\/www.meydan.tv\/az\/article\/camaata-verilen-suyu-hec-heyvanlar-da-icmek-istemir\/","url":"https:\/\/www.meydan.tv\/az\/article\/camaata-verilen-suyu-hec-heyvanlar-da-icmek-istemir\/","name":"\u201cCamaata veril\u0259n suyu he\u00e7 heyvanlar da i\u00e7m\u0259k ist\u0259mir\u201d - MEYDAN.TV","isPartOf":{"@id":"https:\/\/www.meydan.tv\/az\/#website"},"primaryImageOfPage":{"@id":"https:\/\/www.meydan.tv\/az\/article\/camaata-verilen-suyu-hec-heyvanlar-da-icmek-istemir\/#primaryimage"},"image":{"@id":"https:\/\/www.meydan.tv\/az\/article\/camaata-verilen-suyu-hec-heyvanlar-da-icmek-istemir\/#primaryimage"},"thumbnailUrl":"https:\/\/www.meydan.tv\/wp-content\/uploads\/untitled_design_-_2020-06-30t152528.953.jpg","datePublished":"2020-07-03T15:32:50+00:00","breadcrumb":{"@id":"https:\/\/www.meydan.tv\/az\/article\/camaata-verilen-suyu-hec-heyvanlar-da-icmek-istemir\/#breadcrumb"},"inLanguage":"az","potentialAction":[{"@type":"ReadAction","target":["https:\/\/www.meydan.tv\/az\/article\/camaata-verilen-suyu-hec-heyvanlar-da-icmek-istemir\/"]}]},{"@type":"ImageObject","inLanguage":"az","@id":"https:\/\/www.meydan.tv\/az\/article\/camaata-verilen-suyu-hec-heyvanlar-da-icmek-istemir\/#primaryimage","url":"https:\/\/www.meydan.tv\/wp-content\/uploads\/untitled_design_-_2020-06-30t152528.953.jpg","contentUrl":"https:\/\/www.meydan.tv\/wp-content\/uploads\/untitled_design_-_2020-06-30t152528.953.jpg","width":1280,"height":720,"caption":"Source: Specify Source"},{"@type":"BreadcrumbList","@id":"https:\/\/www.meydan.tv\/az\/article\/camaata-verilen-suyu-hec-heyvanlar-da-icmek-istemir\/#breadcrumb","itemListElement":[{"@type":"ListItem","position":1,"name":"Ana s\u0259hif\u0259","item":"https:\/\/www.meydan.tv\/az\/"},{"@type":"ListItem","position":2,"name":"B\u00f6lg\u0259","item":"https:\/\/www.meydan.tv\/az\/section\/bolge\/"},{"@type":"ListItem","position":3,"name":"\u201cCamaata veril\u0259n suyu he\u00e7 heyvanlar da i\u00e7m\u0259k ist\u0259mir\u201d"}]},{"@type":"WebSite","@id":"https:\/\/www.meydan.tv\/az\/#website","url":"https:\/\/www.meydan.tv\/az\/","name":"MEYDAN.TV","description":"Meydan TV Az\u0259rbaycan\u0131n media m\u0259kan\u0131ndak\u0131 alternativ s\u0259sidir","publisher":{"@id":"https:\/\/www.meydan.tv\/az\/#organization"},"potentialAction":[{"@type":"SearchAction","target":{"@type":"EntryPoint","urlTemplate":"https:\/\/www.meydan.tv\/az\/?s={search_term_string}"},"query-input":{"@type":"PropertyValueSpecification","valueRequired":true,"valueName":"search_term_string"}}],"inLanguage":"az"},{"@type":"Organization","@id":"https:\/\/www.meydan.tv\/az\/#organization","name":"Meydan TV","url":"https:\/\/www.meydan.tv\/az\/","logo":{"@type":"ImageObject","inLanguage":"az","@id":"https:\/\/www.meydan.tv\/az\/#\/schema\/logo\/image\/","url":"https:\/\/www.meydan.tv\/wp-content\/uploads\/2021\/07\/meydan-logo.svg","contentUrl":"https:\/\/www.meydan.tv\/wp-content\/uploads\/2021\/07\/meydan-logo.svg","width":195,"height":46,"caption":"Meydan TV"},"image":{"@id":"https:\/\/www.meydan.tv\/az\/#\/schema\/logo\/image\/"}},{"@type":"Person","@id":"https:\/\/www.meydan.tv\/az\/#\/schema\/person\/10d11eccf6da3662cf5fdab9806ea91a","name":"user-manager"}]}},"_links":{"self":[{"href":"https:\/\/www.meydan.tv\/az\/wp-json\/wp\/v2\/posts\/201292","targetHints":{"allow":["GET"]}}],"collection":[{"href":"https:\/\/www.meydan.tv\/az\/wp-json\/wp\/v2\/posts"}],"about":[{"href":"https:\/\/www.meydan.tv\/az\/wp-json\/wp\/v2\/types\/post"}],"author":[{"embeddable":true,"href":"https:\/\/www.meydan.tv\/az\/wp-json\/wp\/v2\/users\/11"}],"replies":[{"embeddable":true,"href":"https:\/\/www.meydan.tv\/az\/wp-json\/wp\/v2\/comments?post=201292"}],"version-history":[{"count":0,"href":"https:\/\/www.meydan.tv\/az\/wp-json\/wp\/v2\/posts\/201292\/revisions"}],"wp:featuredmedia":[{"embeddable":true,"href":"https:\/\/www.meydan.tv\/az\/wp-json\/wp\/v2\/media\/143705"}],"wp:attachment":[{"href":"https:\/\/www.meydan.tv\/az\/wp-json\/wp\/v2\/media?parent=201292"}],"wp:term":[{"taxonomy":"category","embeddable":true,"href":"https:\/\/www.meydan.tv\/az\/wp-json\/wp\/v2\/categories?post=201292"},{"taxonomy":"post_tag","embeddable":true,"href":"https:\/\/www.meydan.tv\/az\/wp-json\/wp\/v2\/tags?post=201292"}],"curies":[{"name":"wp","href":"https:\/\/api.w.org\/{rel}","templated":true}]}}