{"id":201252,"date":"2020-06-30T14:53:46","date_gmt":"2020-06-30T14:53:46","guid":{"rendered":"https:\/\/www.meydan.tv\/article\/27-il-palciq-evde-yasayan-aile-teserrufatimi-ve-usaqlarimi-kocure-bileceyim-yer-isteyirem\/"},"modified":"2020-06-30T14:53:46","modified_gmt":"2020-06-30T14:53:46","slug":"27-il-palciq-evde-yasayan-aile-teserrufatimi-ve-usaqlarimi-kocure-bileceyim-yer-isteyirem","status":"publish","type":"post","link":"https:\/\/www.meydan.tv\/az\/article\/27-il-palciq-evde-yasayan-aile-teserrufatimi-ve-usaqlarimi-kocure-bileceyim-yer-isteyirem\/","title":{"rendered":"27 il pal\u00e7\u0131q evd\u0259 ya\u015fayan ail\u0259: T\u0259s\u0259rr\u00fcfat\u0131m\u0131 v\u0259 u\u015faqlar\u0131m\u0131 k\u00f6\u00e7\u00fcr\u0259 bil\u0259c\u0259yim yer ist\u0259yir\u0259m"},"content":{"rendered":"<p>\n  <i><br \/>\n    M\u0259cburi k\u00f6\u00e7k\u00fcn ail\u0259l\u0259ri m\u00fcraci\u0259t etm\u0259dikl\u0259ri yer qalmad\u0131\u011f\u0131n\u0131 deyirl\u0259r<br \/>\n  <\/i>\n<\/p>\n<p>\n  Bura Beyl\u0259qan\u0131n \u018fhm\u0259dli k\u0259ndidir. F\u00fczulid\u0259n olan m\u0259cburi k\u00f6\u00e7k\u00fcn ail\u0259l\u0259ri 1993-c\u00fc ild\u0259n bu k\u0259ndd\u0259, yolun k\u0259nar\u0131nda, \u00f6zl\u0259rinin tikdiyi \u015f\u0259raitsiz, 15-20 kvadratl\u0131q pal\u00e7\u0131q evl\u0259rd\u0259 m\u0259skunla\u015f\u0131blar.\n<\/p>\n<p>\n  58 ya\u015fl\u0131 \u0130rad\u0259 Xudiyeva \u0259sl\u0259n F\u00fczulinin K\u00fcrdl\u0259r k\u0259ndind\u0259ndir. Deyir, k\u0259ndl\u0259rind\u0259 vaxt\u0131 il\u0259 \u015f\u0259raitl\u0259ri \u00e7ox yax\u015f\u0131 olub. H\u0259mi\u015f\u0259 d\u0259 mal-heyvan, fermer t\u0259s\u0259rr\u00fcfatlar\u0131 olub v\u0259 he\u00e7 kim\u0259 m\u00f6htac olmadan ya\u015fay\u0131blar. \u0130ndi d\u0259 t\u0259s\u0259rr\u00fcfatlar\u0131 var, \u00f6zl\u0259rini doland\u0131r\u0131rlar. Ancaq ev alma\u011fa v\u0259 ya tikm\u0259y\u0259 imkanlar\u0131 yoxdur:\n<\/p>\n<p>\n  \u201cBunlar b\u00f6y\u00fck i\u015fl\u0259rdir. Bu g\u00fcn normal bir ev tikm\u0259k az\u0131 50-60 min\u0259 ba\u015fa g\u0259lir. O q\u0259d\u0259r pulu hardan alaq? Bel\u0259 g\u00fcnd\u0259lik ehtiyaclar\u0131m\u0131z\u0131 \u00f6d\u0259yirik, \u015f\u00fck\u00fcr. He\u00e7 kim\u0259 m\u00f6htac deyilik. Ancaq qa\u00e7q\u0131n d\u00fc\u015fm\u0259k d\u0259 bizim \u00f6z se\u00e7imimiz olmay\u0131b. Odur ki, d\u00f6vl\u0259t bizi evl\u0259 t\u0259min etsin. El\u0259 evl\u0259 ki, t\u0259s\u0259rr\u00fcfat\u0131m\u0131z \u00fc\u00e7\u00fcn d\u0259 bir az torpa\u011f\u0131 olsun. He\u00e7 kim\u0259 m\u00f6htac olmadan \u00f6m\u00fcr-g\u00fcn s\u00fcrm\u0259y\u0259 davam ed\u0259k. Ba\u015fqa he\u00e7 n\u0259 ist\u0259mir\u0259m\u201d, &#8211; \u0130rad\u0259 Xudiyeva \u0259lav\u0259 edir.\n<\/p>\n<figure class=\"wp-block-image size-large\">\n  <img decoding=\"async\" src=\"https:\/\/www.meydan.tv\/az\/image_from_ios__9_-1-png\/\" alt=\"image_from_ios__9_ (1).png\" class=\"wp-image-143693\"\/><figcaption>\n    \u0130rad\u0259 Xudiyeva<br \/>\n  <\/figcaption><\/figure>\n<p>\n  36 ya\u015fl\u0131 Ayt\u0259n Azadova da burada ya\u015fay\u0131r. 2 azya\u015fl\u0131 \u00f6vlad\u0131 il\u0259 birg\u0259. Deyir, \u00e7\u00f6l\u00fcn d\u00fcz\u00fcd\u00fcr, \u015f\u0259raitsizlikdir, burada ya\u015famaq \u00e7\u0259tindir:\n<\/p>\n<p>\n  \u201cK\u00f6hn\u0259 zavod qal\u0131qlar\u0131d\u0131r, u\u015faqlar b\u00fct\u00fcn g\u00fcn\u00fc i\u00e7ind\u0259 oynay\u0131rlar. Toz-torpaq, ke\u00e7mi\u015fd\u0259n qalan zavod, anbar, n\u0259 bilim d\u0259mir qal\u0131nt\u0131lar\u0131n i\u00e7ind\u0259 ham\u0131s\u0131 allergiya tap\u0131blar. Ev\u0259 salmaq da olmur. U\u015faqd\u0131r, \u00e7\u00f6l\u0259 \u00e7\u0131xmaq ist\u0259yir. N\u0259 ed\u0259k, park yox, muzey yox, \u0259yl\u0259nc\u0259 m\u0259rk\u0259zi yox. Bir o zavodun qal\u0131qlar\u0131d\u0131r, gedib orda oynay\u0131rlar, qaba\u011f\u0131n almaq olmur\u201d.\n<\/p>\n<p>\n  \u0130rad\u0259 Xudiyevan\u0131n 4 \u00f6vlad\u0131 var. Deyir, ham\u0131s\u0131 ail\u0259 qurub. El\u0259 h\u0259r ail\u0259 quran \u00f6vlad\u0131 \u00fc\u00e7\u00fcn d\u0259 ki\u00e7ik bir ev tikib:\n<\/p>\n<p>\n  \u201cEv dem\u0259, dilin a\u011fr\u0131yar. G\u00f6r\u00fcrs\u0259n d\u0259 t\u0259z\u0259kd\u0259n pal\u00e7\u0131qdan, samandan haz\u0131rlad\u0131\u011f\u0131m\u0131z k\u0259rpicl\u0259rl\u0259 tikmi\u015fik, i\u00e7ini s\u0131vam\u0131\u015f\u0131q olub ev. Bunlar\u0131 da \u00f6z hesab\u0131m\u0131za etmi\u015fik ha. H\u00f6kum\u0259tin he\u00e7 bir k\u00f6m\u0259yi olmay\u0131b. Bu \u0259razid\u0259 n\u0259 az, n\u0259 \u00e7ox, d\u00fcz 6 ail\u0259 ya\u015fay\u0131r\u0131q. M\u0259n 6 n\u0259v\u0259 b\u00f6y\u00fctm\u00fc\u015f\u0259m bu xarabada\u201d.\n<\/p>\n<figure class=\"wp-block-image size-large\">\n  <img decoding=\"async\" src=\"https:\/\/www.meydan.tv\/az\/image_from_ios__11_-png-2\/\" alt=\"image_from_ios__11_.png\" class=\"wp-image-143702\"\/><figcaption>\n    Sakinl\u0259r deyirl\u0259r ki, \u0259vv\u0259ll\u0259r bu \u0259razid\u0259 m\u0259skunla\u015fma daha \u00e7ox olub.<br \/>\n  <\/figcaption><\/figure>\n<p>\n  Sakinl\u0259r deyirl\u0259r ki, \u0259vv\u0259ll\u0259r bu \u0259razid\u0259 m\u0259skunla\u015fma daha \u00e7ox olub. Sonradan b\u0259zil\u0259rin\u0259 ev verilib, b\u0259zil\u0259ri is\u0259 \u015f\u0259xsi v\u0259saiti hesab\u0131na ev al\u0131b, k\u00f6\u00e7\u00fcb. Burada ya\u015fayan 6 ail\u0259nin d\u0259 ill\u0259rdir m\u00fcraci\u0259t etm\u0259dikl\u0259ri \u00fcnvan qalmay\u0131b. Bug\u00fcn\u0259d\u0259k onlar\u0131n k\u00f6\u00e7\u00fcr\u00fclm\u0259si \u00fc\u00e7\u00fcn bir add\u0131m bel\u0259 at\u0131lmay\u0131b:\n<\/p>\n<p>\n  \u201cD\u0259f\u0259l\u0259rl\u0259 s\u00f6z veribl\u0259r, \u201cbilirik, \u00e7\u0259tindir, \u0259razi t\u0259hl\u00fck\u0259lidir, evl\u0259riniz \u015f\u0259raitsizdir\u201d, deyibl\u0259r. Ancaq faydas\u0131zd\u0131r. El\u0259 o c\u00fcr d\u0259 qal\u0131b. Burda ya\u015fayan 40-dan art\u0131q ail\u0259 olub vaxtil\u0259. El\u0259 onlar da bu g\u00fcn-sabah v\u0259dind\u0259n bezib getdil\u0259r. Sonradan b\u0259zil\u0259rin\u0259 ev verildi, b\u0259zil\u0259ri is\u0259 kiray\u0259d\u0259 ya\u015fay\u0131rlar\u201d,- deyir \u0130rad\u0259 Xudiyeva. \u018flav\u0259 edir ki, onlar bunu ed\u0259 bilmirl\u0259r, \u00e7\u00fcnki imkanlar\u0131 yoxdur. H\u0259m d\u0259 mal-heyvanlar\u0131 var, onlara uy\u011fun ev kiray\u0259l\u0259m\u0259y\u0259 imkanlar\u0131 \u00e7atmaz.\n<\/p>\n<p>\n  \u201cBax\u0131n, \u0259trafda zavoddan qalan binalar\u0131 \u0259limizin z\u0259hm\u0259ti il\u0259 t\u0259mir edib, t\u00f6vl\u0259 kimi istifad\u0259 edirik. Gets\u0259k, hardan alaca\u011f\u0131q heyvan saxlama\u011fa \u015f\u0259raiti? Heyvanlar\u0131 satsaq da, n\u0259 il\u0259 dolanaca\u011f\u0131q? Bax\u0131n, bel\u0259 \u00e7\u0131x\u0131lmaz durumday\u0131q\u201d.\n<\/p>\n<p>\n  Ayt\u0259n Azadova da heyvan saxlamaqla dolan\u0131r. Deyir, \u015for, pendir, toyuq-c\u00fcc\u0259, yumurta, s\u00fcd satmaqla ke\u00e7indirir \u00f6vladlar\u0131n\u0131. Onlar olmasa, ya\u015faya bilm\u0259z:\n<\/p>\n<p>\n  \u201cOdur ki, veril\u0259n evin d\u0259 g\u0259r\u0259k heyvan saxlamaq \u00fc\u00e7\u00fcn \u015f\u0259raiti olsun. Bunu yuxar\u0131lar bilm\u0259lidir. \u00c7\u00fcnki evl\u0259 i\u015f bitmir ax\u0131. Dolan\u0131\u015f\u0131\u011f\u0131 da d\u00fc\u015f\u00fcnm\u0259k laz\u0131md\u0131r. M\u0259n onlardan \u0259lav\u0259 he\u00e7 n\u0259 ist\u0259mir\u0259m. T\u0259s\u0259rr\u00fcfat\u0131m\u0131 v\u0259 u\u015faqlar\u0131m\u0131 k\u00f6\u00e7\u00fcr\u0259 bil\u0259c\u0259yim bir ev ist\u0259yir\u0259m\u201d.\n<\/p>\n<figure class=\"wp-block-image size-large\">\n  <img decoding=\"async\" src=\"https:\/\/www.meydan.tv\/az\/image_from_ios__8_-1-png\/\" alt=\"image_from_ios__8_ (1).png\" class=\"wp-image-143699\"\/><figcaption>\n    Ayt\u0259n Azadova<br \/>\n  <\/figcaption><\/figure>\n<p>\n  Ayt\u0259n Azadova \u0259lav\u0259 edir ki, buradak\u0131 \u015f\u0259raitl\u0259ri \u00e7ox ac\u0131nacaql\u0131d\u0131r. Yolun q\u0131ra\u011f\u0131, toz-torpaq, da\u015f-k\u0259s\u0259k, evl\u0259r pal\u00e7\u0131qdand\u0131r, q\u0131\u015fda dam\u0131r:\n<\/p>\n<p>\n  \u201cQ\u0131\u015f aylar\u0131nda h\u0259y\u0259timizi pal\u00e7\u0131qdan ke\u00e7m\u0259k olmur. Normal istiliyimiz yox, suyumuz yox. Bax\u0131n, v\u0259ziyy\u0259t budur\u201d.\n<\/p>\n<p>\n  Beyl\u0259qan Rayon \u0130cra Hakimiyy\u0259tind\u0259n \u018fhm\u0259dli k\u0259ndind\u0259, yolun k\u0259nar\u0131nda ya\u015fayan insanlar\u0131n durumundan x\u0259b\u0259rdar olduqlar\u0131n\u0131 s\u00f6yl\u0259yibl\u0259r. Ancaq onlar\u0131 k\u00f6\u00e7\u00fcrm\u0259k s\u0259lahiyy\u0259tinin icra hakimiyy\u0259tind\u0259 olmad\u0131\u011f\u0131n\u0131 bildiribl\u0259r:\n<\/p>\n<p>\n  \u201c\u0130\u015f\u0259 \u201cQa\u00e7q\u0131nkom\u201d bax\u0131r, m\u0259cburi k\u00f6\u00e7k\u00fcnl\u0259ri onlar evl\u0259 t\u0259min edirl\u0259r\u201d.\n<\/p>\n<p>\n  Qa\u00e7q\u0131n v\u0259 M\u0259cburi K\u00f6\u00e7k\u00fcnl\u0259rin \u0130\u015fl\u0259ri \u00dczr\u0259 D\u00f6vl\u0259t Komit\u0259sind\u0259n is\u0259 bildirilib ki, \u015f\u0259raitsiz yerl\u0259rd\u0259, zavod \u0259razil\u0259rind\u0259, m\u0259kt\u0259bl\u0259rd\u0259, u\u015faq ba\u011f\u00e7alar\u0131nda v\u0259 s. m\u0259skunla\u015fan insanlar\u0131n ham\u0131s\u0131n\u0131n siyah\u0131s\u0131 var onlarda. Sad\u0259c\u0259 ham\u0131n\u0131 bir d\u0259f\u0259y\u0259 k\u00f6\u00e7\u00fcrm\u0259k m\u00fcmk\u00fcn deyil:\n<\/p>\n<p>\n  \u201cYax\u0131nl\u0131qdak\u0131 \u0259razil\u0259rd\u0259 g\u0259r\u0259k tikinti ola ki, insanlar evl\u0259 t\u0259min edilsin. Bu proses m\u0259rh\u0259l\u0259li \u015f\u0259kild\u0259 h\u0259yata ke\u00e7irilir. Zamanla ham\u0131 evl\u0259 t\u0259min edil\u0259c\u0259k. Sad\u0259c\u0259 bir az s\u0259br etm\u0259k laz\u0131md\u0131r\u201d.\n<\/p>\n<figure class=\"wp-block-image size-large\">\n  <img decoding=\"async\" src=\"https:\/\/www.meydan.tv\/az\/image_from_ios__6_-png-2\/\" alt=\"image_from_ios__6_.png\" class=\"wp-image-143711\"\/><figcaption>\n    \u201cQ\u0131\u015f aylar\u0131nda h\u0259y\u0259timizi pal\u00e7\u0131qdan ke\u00e7m\u0259k olmur&#8221;.<br \/>\n  <\/figcaption><\/figure>\n<p>\n  \u0130rad\u0259 Xudiyeva is\u0259 deyir ki, art\u0131q 58 ya\u015f\u0131 var v\u0259 g\u00f6zl\u0259m\u0259y\u0259 s\u0259bri qalmay\u0131b:\n<\/p>\n<p>\n  \u201cBura el\u0259 bir yerdir ki, suyu da pulla al\u0131r\u0131q. Q\u0259na\u0259tl\u0259 \u00e7imm\u0259kd\u0259n, \u0259l yumaqdan, ya\u015famaqdan bezmi\u015f\u0259m. Bundan sonra n\u0259 vaxt normal bir evd\u0259 ya\u015fayaca\u011fam? Deyir\u0259m, bizi k\u00f6\u00e7\u00fcrs\u00fcnl\u0259r. Normal, m\u0259rif\u0259tli \u015f\u0259kild\u0259 qap\u0131m\u0131zda bir-iki mal-heyvan saxlayar\u0131q, amma yax\u015f\u0131 ya\u015fayar\u0131q\u201d.\n<\/p>\n<p>\n  1990-c\u0131 ilin \u0259vv\u0259ll\u0259rind\u0259 Qaraba\u011fda Az\u0259rbaycan v\u0259 Erm\u0259nistan aras\u0131nda silahl\u0131 m\u00fcnaqi\u015f\u0259 y\u00fcz minl\u0259rl\u0259 insan\u0131 evind\u0259n k\u00f6\u00e7k\u00fcn sal\u0131b.\n<\/p>\n<p>\n  BMT-nin Miqrasiya Agentliyinin<br \/>\n  <a href=\"https:\/\/www.refworld.org\/country,,UNHCR,,AZE,,5b081e2f4,0.html\"><br \/>\n    m\u0259lumat\u0131<br \/>\n  <\/a><br \/>\n  na \u0259sas\u0259n, 1994-c\u00fc ild\u0259 at\u0259\u015fk\u0259s imzalanana q\u0259d\u0259r m\u00fcharib\u0259d\u0259 30000-d\u0259n \u00e7ox insan h\u0259yat\u0131n\u0131 itirib, 600 mind\u0259n \u00e7ox insan m\u0259cburi k\u00f6\u00e7k\u00fcn v\u0259 250 mind\u0259n \u00e7ox etnik az\u0259rbaycanl\u0131 is\u0259 qa\u00e7q\u0131n d\u00fc\u015f\u00fcb.\n<\/p>\n<p>\n  K\u00f6\u00e7k\u00fcn d\u00fc\u015fm\u00fc\u015f \u0259hali s\u0131\u011f\u0131nacaq kimi istifad\u0259 ed\u0259 bil\u0259c\u0259kl\u0259ri h\u0259r yerd\u0259 &#8211; m\u0259kt\u0259bl\u0259rd\u0259, x\u0259st\u0259xanalarda, u\u015faq ba\u011f\u00e7alar\u0131nda, kitabxanalarda, yol k\u0259narlar\u0131nda, ya da bu ail\u0259 kimi ki\u00e7ik daxmalarda m\u0259skunla\u015f\u0131blar. H\u0259tta ilk vaxtlarda \u00e7ad\u0131rlarda qalanlar da var idi. Bu s\u0131\u011f\u0131nacaqlar m\u00fcv\u0259qq\u0259ti say\u0131l\u0131rd\u0131, ancaq insanlar 25 ild\u0259n art\u0131qd\u0131r ki, bu yerl\u0259rd\u0259 ya\u015fay\u0131rlar. M\u00fcv\u0259qq\u0259ti s\u0131\u011f\u0131nd\u0131qlar\u0131 bu yerl\u0259r onlar\u0131n daimi ya\u015fay\u0131\u015f m\u0259sk\u0259nl\u0259rin\u0259 \u00e7evrilib.\n<\/p>\n<figure class=\"wp-block-image size-large\">\n  <img decoding=\"async\" src=\"https:\/\/www.meydan.tv\/az\/image_from_ios__10_-png-2\/\" alt=\"image_from_ios__10_.png\" class=\"wp-image-143717\"\/><figcaption>\n    &#8220;El\u0259 onlar da bu g\u00fcn-sabah v\u0259dind\u0259n bezib getdil\u0259r&#8221;<br \/>\n  <\/figcaption><\/figure>\n","protected":false},"excerpt":{"rendered":"<p>\u201cK\u00f6hn\u0259 zavod qal\u0131qlar\u0131d\u0131r, u\u015faqlar b\u00fct\u00fcn g\u00fcn\u00fc i\u00e7ind\u0259 oynay\u0131rlar&#8221;.<\/p>\n","protected":false},"author":11,"featured_media":143696,"comment_status":"closed","ping_status":"open","sticky":false,"template":"","format":"standard","meta":{"_acf_changed":false,"_sitemap_exclude":false,"_sitemap_priority":"","_sitemap_frequency":"","footnotes":""},"categories":[60],"tags":[],"class_list":["post-201252","post","type-post","status-publish","format-standard","has-post-thumbnail","hentry","category-bolge","infinite-scroll-item","generate-columns","tablet-grid-50","mobile-grid-100","grid-parent","grid-33","no-featured-image-padding"],"acf":[],"yoast_head":"<!-- This site is optimized with the Yoast SEO plugin v27.5 - https:\/\/yoast.com\/product\/yoast-seo-wordpress\/ -->\n<title>27 il pal\u00e7\u0131q evd\u0259 ya\u015fayan ail\u0259: T\u0259s\u0259rr\u00fcfat\u0131m\u0131 v\u0259 u\u015faqlar\u0131m\u0131 k\u00f6\u00e7\u00fcr\u0259 bil\u0259c\u0259yim yer ist\u0259yir\u0259m - MEYDAN.TV<\/title>\n<meta name=\"robots\" content=\"index, follow, max-snippet:-1, max-image-preview:large, max-video-preview:-1\" \/>\n<link rel=\"canonical\" href=\"https:\/\/www.meydan.tv\/az\/article\/27-il-palciq-evde-yasayan-aile-teserrufatimi-ve-usaqlarimi-kocure-bileceyim-yer-isteyirem\/\" \/>\n<meta property=\"og:locale\" content=\"az_AZ\" \/>\n<meta property=\"og:type\" content=\"article\" \/>\n<meta property=\"og:title\" content=\"27 il pal\u00e7\u0131q evd\u0259 ya\u015fayan ail\u0259: T\u0259s\u0259rr\u00fcfat\u0131m\u0131 v\u0259 u\u015faqlar\u0131m\u0131 k\u00f6\u00e7\u00fcr\u0259 bil\u0259c\u0259yim yer ist\u0259yir\u0259m - MEYDAN.TV\" \/>\n<meta property=\"og:description\" content=\"\u201cK\u00f6hn\u0259 zavod qal\u0131qlar\u0131d\u0131r, u\u015faqlar b\u00fct\u00fcn g\u00fcn\u00fc i\u00e7ind\u0259 oynay\u0131rlar&quot;.\" \/>\n<meta property=\"og:url\" content=\"https:\/\/www.meydan.tv\/az\/article\/27-il-palciq-evde-yasayan-aile-teserrufatimi-ve-usaqlarimi-kocure-bileceyim-yer-isteyirem\/\" \/>\n<meta property=\"og:site_name\" content=\"MEYDAN.TV\" \/>\n<meta property=\"article:published_time\" content=\"2020-06-30T14:53:46+00:00\" \/>\n<meta property=\"og:image\" content=\"https:\/\/www.meydan.tv\/wp-content\/uploads\/image_from_ios__1__okxksdn.png\" \/>\n\t<meta property=\"og:image:width\" content=\"1048\" \/>\n\t<meta property=\"og:image:height\" content=\"786\" \/>\n\t<meta property=\"og:image:type\" content=\"image\/png\" \/>\n<meta name=\"author\" content=\"user-manager\" \/>\n<meta name=\"twitter:card\" content=\"summary_large_image\" \/>\n<script type=\"application\/ld+json\" class=\"yoast-schema-graph\">{\"@context\":\"https:\\\/\\\/schema.org\",\"@graph\":[{\"@type\":\"Article\",\"@id\":\"https:\\\/\\\/www.meydan.tv\\\/az\\\/article\\\/27-il-palciq-evde-yasayan-aile-teserrufatimi-ve-usaqlarimi-kocure-bileceyim-yer-isteyirem\\\/#article\",\"isPartOf\":{\"@id\":\"https:\\\/\\\/www.meydan.tv\\\/az\\\/article\\\/27-il-palciq-evde-yasayan-aile-teserrufatimi-ve-usaqlarimi-kocure-bileceyim-yer-isteyirem\\\/\"},\"author\":{\"name\":\"user-manager\",\"@id\":\"https:\\\/\\\/www.meydan.tv\\\/az\\\/#\\\/schema\\\/person\\\/10d11eccf6da3662cf5fdab9806ea91a\"},\"headline\":\"27 il pal\u00e7\u0131q evd\u0259 ya\u015fayan ail\u0259: T\u0259s\u0259rr\u00fcfat\u0131m\u0131 v\u0259 u\u015faqlar\u0131m\u0131 k\u00f6\u00e7\u00fcr\u0259 bil\u0259c\u0259yim yer ist\u0259yir\u0259m\",\"datePublished\":\"2020-06-30T14:53:46+00:00\",\"mainEntityOfPage\":{\"@id\":\"https:\\\/\\\/www.meydan.tv\\\/az\\\/article\\\/27-il-palciq-evde-yasayan-aile-teserrufatimi-ve-usaqlarimi-kocure-bileceyim-yer-isteyirem\\\/\"},\"wordCount\":1295,\"publisher\":{\"@id\":\"https:\\\/\\\/www.meydan.tv\\\/az\\\/#organization\"},\"image\":{\"@id\":\"https:\\\/\\\/www.meydan.tv\\\/az\\\/article\\\/27-il-palciq-evde-yasayan-aile-teserrufatimi-ve-usaqlarimi-kocure-bileceyim-yer-isteyirem\\\/#primaryimage\"},\"thumbnailUrl\":\"https:\\\/\\\/www.meydan.tv\\\/wp-content\\\/uploads\\\/image_from_ios__1__okxksdn.png\",\"articleSection\":[\"B\u00f6lg\u0259\"],\"inLanguage\":\"az\"},{\"@type\":\"WebPage\",\"@id\":\"https:\\\/\\\/www.meydan.tv\\\/az\\\/article\\\/27-il-palciq-evde-yasayan-aile-teserrufatimi-ve-usaqlarimi-kocure-bileceyim-yer-isteyirem\\\/\",\"url\":\"https:\\\/\\\/www.meydan.tv\\\/az\\\/article\\\/27-il-palciq-evde-yasayan-aile-teserrufatimi-ve-usaqlarimi-kocure-bileceyim-yer-isteyirem\\\/\",\"name\":\"27 il pal\u00e7\u0131q evd\u0259 ya\u015fayan ail\u0259: T\u0259s\u0259rr\u00fcfat\u0131m\u0131 v\u0259 u\u015faqlar\u0131m\u0131 k\u00f6\u00e7\u00fcr\u0259 bil\u0259c\u0259yim yer ist\u0259yir\u0259m - MEYDAN.TV\",\"isPartOf\":{\"@id\":\"https:\\\/\\\/www.meydan.tv\\\/az\\\/#website\"},\"primaryImageOfPage\":{\"@id\":\"https:\\\/\\\/www.meydan.tv\\\/az\\\/article\\\/27-il-palciq-evde-yasayan-aile-teserrufatimi-ve-usaqlarimi-kocure-bileceyim-yer-isteyirem\\\/#primaryimage\"},\"image\":{\"@id\":\"https:\\\/\\\/www.meydan.tv\\\/az\\\/article\\\/27-il-palciq-evde-yasayan-aile-teserrufatimi-ve-usaqlarimi-kocure-bileceyim-yer-isteyirem\\\/#primaryimage\"},\"thumbnailUrl\":\"https:\\\/\\\/www.meydan.tv\\\/wp-content\\\/uploads\\\/image_from_ios__1__okxksdn.png\",\"datePublished\":\"2020-06-30T14:53:46+00:00\",\"breadcrumb\":{\"@id\":\"https:\\\/\\\/www.meydan.tv\\\/az\\\/article\\\/27-il-palciq-evde-yasayan-aile-teserrufatimi-ve-usaqlarimi-kocure-bileceyim-yer-isteyirem\\\/#breadcrumb\"},\"inLanguage\":\"az\",\"potentialAction\":[{\"@type\":\"ReadAction\",\"target\":[\"https:\\\/\\\/www.meydan.tv\\\/az\\\/article\\\/27-il-palciq-evde-yasayan-aile-teserrufatimi-ve-usaqlarimi-kocure-bileceyim-yer-isteyirem\\\/\"]}]},{\"@type\":\"ImageObject\",\"inLanguage\":\"az\",\"@id\":\"https:\\\/\\\/www.meydan.tv\\\/az\\\/article\\\/27-il-palciq-evde-yasayan-aile-teserrufatimi-ve-usaqlarimi-kocure-bileceyim-yer-isteyirem\\\/#primaryimage\",\"url\":\"https:\\\/\\\/www.meydan.tv\\\/wp-content\\\/uploads\\\/image_from_ios__1__okxksdn.png\",\"contentUrl\":\"https:\\\/\\\/www.meydan.tv\\\/wp-content\\\/uploads\\\/image_from_ios__1__okxksdn.png\",\"width\":1048,\"height\":786,\"caption\":\"Source: Meydan TV\"},{\"@type\":\"BreadcrumbList\",\"@id\":\"https:\\\/\\\/www.meydan.tv\\\/az\\\/article\\\/27-il-palciq-evde-yasayan-aile-teserrufatimi-ve-usaqlarimi-kocure-bileceyim-yer-isteyirem\\\/#breadcrumb\",\"itemListElement\":[{\"@type\":\"ListItem\",\"position\":1,\"name\":\"Ana s\u0259hif\u0259\",\"item\":\"https:\\\/\\\/www.meydan.tv\\\/az\\\/\"},{\"@type\":\"ListItem\",\"position\":2,\"name\":\"B\u00f6lg\u0259\",\"item\":\"https:\\\/\\\/www.meydan.tv\\\/az\\\/section\\\/bolge\\\/\"},{\"@type\":\"ListItem\",\"position\":3,\"name\":\"27 il pal\u00e7\u0131q evd\u0259 ya\u015fayan ail\u0259: T\u0259s\u0259rr\u00fcfat\u0131m\u0131 v\u0259 u\u015faqlar\u0131m\u0131 k\u00f6\u00e7\u00fcr\u0259 bil\u0259c\u0259yim yer ist\u0259yir\u0259m\"}]},{\"@type\":\"WebSite\",\"@id\":\"https:\\\/\\\/www.meydan.tv\\\/az\\\/#website\",\"url\":\"https:\\\/\\\/www.meydan.tv\\\/az\\\/\",\"name\":\"MEYDAN.TV\",\"description\":\"Meydan TV Az\u0259rbaycan\u0131n media m\u0259kan\u0131ndak\u0131 alternativ s\u0259sidir\",\"publisher\":{\"@id\":\"https:\\\/\\\/www.meydan.tv\\\/az\\\/#organization\"},\"potentialAction\":[{\"@type\":\"SearchAction\",\"target\":{\"@type\":\"EntryPoint\",\"urlTemplate\":\"https:\\\/\\\/www.meydan.tv\\\/az\\\/?s={search_term_string}\"},\"query-input\":{\"@type\":\"PropertyValueSpecification\",\"valueRequired\":true,\"valueName\":\"search_term_string\"}}],\"inLanguage\":\"az\"},{\"@type\":\"Organization\",\"@id\":\"https:\\\/\\\/www.meydan.tv\\\/az\\\/#organization\",\"name\":\"Meydan TV\",\"url\":\"https:\\\/\\\/www.meydan.tv\\\/az\\\/\",\"logo\":{\"@type\":\"ImageObject\",\"inLanguage\":\"az\",\"@id\":\"https:\\\/\\\/www.meydan.tv\\\/az\\\/#\\\/schema\\\/logo\\\/image\\\/\",\"url\":\"https:\\\/\\\/www.meydan.tv\\\/wp-content\\\/uploads\\\/2021\\\/07\\\/meydan-logo.svg\",\"contentUrl\":\"https:\\\/\\\/www.meydan.tv\\\/wp-content\\\/uploads\\\/2021\\\/07\\\/meydan-logo.svg\",\"width\":195,\"height\":46,\"caption\":\"Meydan TV\"},\"image\":{\"@id\":\"https:\\\/\\\/www.meydan.tv\\\/az\\\/#\\\/schema\\\/logo\\\/image\\\/\"}},{\"@type\":\"Person\",\"@id\":\"https:\\\/\\\/www.meydan.tv\\\/az\\\/#\\\/schema\\\/person\\\/10d11eccf6da3662cf5fdab9806ea91a\",\"name\":\"user-manager\"}]}<\/script>\n<!-- \/ Yoast SEO plugin. -->","yoast_head_json":{"title":"27 il pal\u00e7\u0131q evd\u0259 ya\u015fayan ail\u0259: T\u0259s\u0259rr\u00fcfat\u0131m\u0131 v\u0259 u\u015faqlar\u0131m\u0131 k\u00f6\u00e7\u00fcr\u0259 bil\u0259c\u0259yim yer ist\u0259yir\u0259m - MEYDAN.TV","robots":{"index":"index","follow":"follow","max-snippet":"max-snippet:-1","max-image-preview":"max-image-preview:large","max-video-preview":"max-video-preview:-1"},"canonical":"https:\/\/www.meydan.tv\/az\/article\/27-il-palciq-evde-yasayan-aile-teserrufatimi-ve-usaqlarimi-kocure-bileceyim-yer-isteyirem\/","og_locale":"az_AZ","og_type":"article","og_title":"27 il pal\u00e7\u0131q evd\u0259 ya\u015fayan ail\u0259: T\u0259s\u0259rr\u00fcfat\u0131m\u0131 v\u0259 u\u015faqlar\u0131m\u0131 k\u00f6\u00e7\u00fcr\u0259 bil\u0259c\u0259yim yer ist\u0259yir\u0259m - MEYDAN.TV","og_description":"\u201cK\u00f6hn\u0259 zavod qal\u0131qlar\u0131d\u0131r, u\u015faqlar b\u00fct\u00fcn g\u00fcn\u00fc i\u00e7ind\u0259 oynay\u0131rlar\".","og_url":"https:\/\/www.meydan.tv\/az\/article\/27-il-palciq-evde-yasayan-aile-teserrufatimi-ve-usaqlarimi-kocure-bileceyim-yer-isteyirem\/","og_site_name":"MEYDAN.TV","article_published_time":"2020-06-30T14:53:46+00:00","og_image":[{"width":1048,"height":786,"url":"https:\/\/www.meydan.tv\/wp-content\/uploads\/image_from_ios__1__okxksdn.png","type":"image\/png"}],"author":"user-manager","twitter_card":"summary_large_image","schema":{"@context":"https:\/\/schema.org","@graph":[{"@type":"Article","@id":"https:\/\/www.meydan.tv\/az\/article\/27-il-palciq-evde-yasayan-aile-teserrufatimi-ve-usaqlarimi-kocure-bileceyim-yer-isteyirem\/#article","isPartOf":{"@id":"https:\/\/www.meydan.tv\/az\/article\/27-il-palciq-evde-yasayan-aile-teserrufatimi-ve-usaqlarimi-kocure-bileceyim-yer-isteyirem\/"},"author":{"name":"user-manager","@id":"https:\/\/www.meydan.tv\/az\/#\/schema\/person\/10d11eccf6da3662cf5fdab9806ea91a"},"headline":"27 il pal\u00e7\u0131q evd\u0259 ya\u015fayan ail\u0259: T\u0259s\u0259rr\u00fcfat\u0131m\u0131 v\u0259 u\u015faqlar\u0131m\u0131 k\u00f6\u00e7\u00fcr\u0259 bil\u0259c\u0259yim yer ist\u0259yir\u0259m","datePublished":"2020-06-30T14:53:46+00:00","mainEntityOfPage":{"@id":"https:\/\/www.meydan.tv\/az\/article\/27-il-palciq-evde-yasayan-aile-teserrufatimi-ve-usaqlarimi-kocure-bileceyim-yer-isteyirem\/"},"wordCount":1295,"publisher":{"@id":"https:\/\/www.meydan.tv\/az\/#organization"},"image":{"@id":"https:\/\/www.meydan.tv\/az\/article\/27-il-palciq-evde-yasayan-aile-teserrufatimi-ve-usaqlarimi-kocure-bileceyim-yer-isteyirem\/#primaryimage"},"thumbnailUrl":"https:\/\/www.meydan.tv\/wp-content\/uploads\/image_from_ios__1__okxksdn.png","articleSection":["B\u00f6lg\u0259"],"inLanguage":"az"},{"@type":"WebPage","@id":"https:\/\/www.meydan.tv\/az\/article\/27-il-palciq-evde-yasayan-aile-teserrufatimi-ve-usaqlarimi-kocure-bileceyim-yer-isteyirem\/","url":"https:\/\/www.meydan.tv\/az\/article\/27-il-palciq-evde-yasayan-aile-teserrufatimi-ve-usaqlarimi-kocure-bileceyim-yer-isteyirem\/","name":"27 il pal\u00e7\u0131q evd\u0259 ya\u015fayan ail\u0259: T\u0259s\u0259rr\u00fcfat\u0131m\u0131 v\u0259 u\u015faqlar\u0131m\u0131 k\u00f6\u00e7\u00fcr\u0259 bil\u0259c\u0259yim yer ist\u0259yir\u0259m - MEYDAN.TV","isPartOf":{"@id":"https:\/\/www.meydan.tv\/az\/#website"},"primaryImageOfPage":{"@id":"https:\/\/www.meydan.tv\/az\/article\/27-il-palciq-evde-yasayan-aile-teserrufatimi-ve-usaqlarimi-kocure-bileceyim-yer-isteyirem\/#primaryimage"},"image":{"@id":"https:\/\/www.meydan.tv\/az\/article\/27-il-palciq-evde-yasayan-aile-teserrufatimi-ve-usaqlarimi-kocure-bileceyim-yer-isteyirem\/#primaryimage"},"thumbnailUrl":"https:\/\/www.meydan.tv\/wp-content\/uploads\/image_from_ios__1__okxksdn.png","datePublished":"2020-06-30T14:53:46+00:00","breadcrumb":{"@id":"https:\/\/www.meydan.tv\/az\/article\/27-il-palciq-evde-yasayan-aile-teserrufatimi-ve-usaqlarimi-kocure-bileceyim-yer-isteyirem\/#breadcrumb"},"inLanguage":"az","potentialAction":[{"@type":"ReadAction","target":["https:\/\/www.meydan.tv\/az\/article\/27-il-palciq-evde-yasayan-aile-teserrufatimi-ve-usaqlarimi-kocure-bileceyim-yer-isteyirem\/"]}]},{"@type":"ImageObject","inLanguage":"az","@id":"https:\/\/www.meydan.tv\/az\/article\/27-il-palciq-evde-yasayan-aile-teserrufatimi-ve-usaqlarimi-kocure-bileceyim-yer-isteyirem\/#primaryimage","url":"https:\/\/www.meydan.tv\/wp-content\/uploads\/image_from_ios__1__okxksdn.png","contentUrl":"https:\/\/www.meydan.tv\/wp-content\/uploads\/image_from_ios__1__okxksdn.png","width":1048,"height":786,"caption":"Source: Meydan TV"},{"@type":"BreadcrumbList","@id":"https:\/\/www.meydan.tv\/az\/article\/27-il-palciq-evde-yasayan-aile-teserrufatimi-ve-usaqlarimi-kocure-bileceyim-yer-isteyirem\/#breadcrumb","itemListElement":[{"@type":"ListItem","position":1,"name":"Ana s\u0259hif\u0259","item":"https:\/\/www.meydan.tv\/az\/"},{"@type":"ListItem","position":2,"name":"B\u00f6lg\u0259","item":"https:\/\/www.meydan.tv\/az\/section\/bolge\/"},{"@type":"ListItem","position":3,"name":"27 il pal\u00e7\u0131q evd\u0259 ya\u015fayan ail\u0259: T\u0259s\u0259rr\u00fcfat\u0131m\u0131 v\u0259 u\u015faqlar\u0131m\u0131 k\u00f6\u00e7\u00fcr\u0259 bil\u0259c\u0259yim yer ist\u0259yir\u0259m"}]},{"@type":"WebSite","@id":"https:\/\/www.meydan.tv\/az\/#website","url":"https:\/\/www.meydan.tv\/az\/","name":"MEYDAN.TV","description":"Meydan TV Az\u0259rbaycan\u0131n media m\u0259kan\u0131ndak\u0131 alternativ s\u0259sidir","publisher":{"@id":"https:\/\/www.meydan.tv\/az\/#organization"},"potentialAction":[{"@type":"SearchAction","target":{"@type":"EntryPoint","urlTemplate":"https:\/\/www.meydan.tv\/az\/?s={search_term_string}"},"query-input":{"@type":"PropertyValueSpecification","valueRequired":true,"valueName":"search_term_string"}}],"inLanguage":"az"},{"@type":"Organization","@id":"https:\/\/www.meydan.tv\/az\/#organization","name":"Meydan TV","url":"https:\/\/www.meydan.tv\/az\/","logo":{"@type":"ImageObject","inLanguage":"az","@id":"https:\/\/www.meydan.tv\/az\/#\/schema\/logo\/image\/","url":"https:\/\/www.meydan.tv\/wp-content\/uploads\/2021\/07\/meydan-logo.svg","contentUrl":"https:\/\/www.meydan.tv\/wp-content\/uploads\/2021\/07\/meydan-logo.svg","width":195,"height":46,"caption":"Meydan TV"},"image":{"@id":"https:\/\/www.meydan.tv\/az\/#\/schema\/logo\/image\/"}},{"@type":"Person","@id":"https:\/\/www.meydan.tv\/az\/#\/schema\/person\/10d11eccf6da3662cf5fdab9806ea91a","name":"user-manager"}]}},"_links":{"self":[{"href":"https:\/\/www.meydan.tv\/az\/wp-json\/wp\/v2\/posts\/201252","targetHints":{"allow":["GET"]}}],"collection":[{"href":"https:\/\/www.meydan.tv\/az\/wp-json\/wp\/v2\/posts"}],"about":[{"href":"https:\/\/www.meydan.tv\/az\/wp-json\/wp\/v2\/types\/post"}],"author":[{"embeddable":true,"href":"https:\/\/www.meydan.tv\/az\/wp-json\/wp\/v2\/users\/11"}],"replies":[{"embeddable":true,"href":"https:\/\/www.meydan.tv\/az\/wp-json\/wp\/v2\/comments?post=201252"}],"version-history":[{"count":0,"href":"https:\/\/www.meydan.tv\/az\/wp-json\/wp\/v2\/posts\/201252\/revisions"}],"wp:featuredmedia":[{"embeddable":true,"href":"https:\/\/www.meydan.tv\/az\/wp-json\/wp\/v2\/media\/143696"}],"wp:attachment":[{"href":"https:\/\/www.meydan.tv\/az\/wp-json\/wp\/v2\/media?parent=201252"}],"wp:term":[{"taxonomy":"category","embeddable":true,"href":"https:\/\/www.meydan.tv\/az\/wp-json\/wp\/v2\/categories?post=201252"},{"taxonomy":"post_tag","embeddable":true,"href":"https:\/\/www.meydan.tv\/az\/wp-json\/wp\/v2\/tags?post=201252"}],"curies":[{"name":"wp","href":"https:\/\/api.w.org\/{rel}","templated":true}]}}