{"id":201243,"date":"2020-06-30T12:35:06","date_gmt":"2020-06-30T12:35:06","guid":{"rendered":"https:\/\/www.meydan.tv\/article\/kepezde-herbi-hissenin-satilmis-erazisindeki-yasilliq-mehv-edilir\/"},"modified":"2020-06-30T12:35:06","modified_gmt":"2020-06-30T12:35:06","slug":"kepezde-herbi-hissenin-satilmis-erazisindeki-yasilliq-mehv-edilir","status":"publish","type":"post","link":"https:\/\/www.meydan.tv\/az\/article\/kepezde-herbi-hissenin-satilmis-erazisindeki-yasilliq-mehv-edilir\/","title":{"rendered":"\u201cK\u0259p\u0259zd\u0259 h\u0259rbi hiss\u0259nin sat\u0131lm\u0131\u015f \u0259razisind\u0259ki ya\u015f\u0131ll\u0131q m\u0259hv edilir\u201d"},"content":{"rendered":"<p>\n  <i><br \/>\n    Sakinl\u0259rin dem\u0259sin\u0259 g\u00f6r\u0259, h\u0259rbi hiss\u0259nin 200 hektarl\u0131q \u0259razisinin 2 hektar\u0131 bir \u015f\u0259xs\u0259 sat\u0131l\u0131b, o, a\u011faclar\u0131 k\u0259sm\u0259kl\u0259 \u0259razid\u0259 \u201ct\u0259mizlik i\u015fl\u0259ri\u201d apar\u0131r<br \/>\n  <\/i>\n<\/p>\n<p>\n  \u201cG\u0259nc\u0259d\u0259 d\u0259miryolu yax\u0131nl\u0131\u011f\u0131ndak\u0131 h\u0259rbi hiss\u0259nin \u0259rasizind\u0259 bir n\u0259f\u0259r b\u00f6y\u00fck sah\u0259ni al\u0131b, sat\u0131\u015fa \u00e7\u0131xar\u0131b. Bu i\u015fi g\u00f6rm\u0259yi tap\u015f\u0131rd\u0131\u011f\u0131 \u201cmakler\u201d d\u0259 \u0259razid\u0259ki a\u011faclar\u0131 k\u0259sib sat\u0131r, bel\u0259c\u0259, \u201ct\u0259mizlik i\u015fi\u201d apard\u0131\u011f\u0131 hiss\u0259l\u0259ri sat\u0131\u015fa \u00e7\u0131xar\u0131r. \u018frazinin bir hiss\u0259sind\u0259ki a\u011faclar\u0131 \u201cmakler\u201d k\u0259sib sat\u0131r, bir hiss\u0259sind\u0259kil\u0259ri d\u0259 bu yax\u0131nlarda Samuxdan g\u0259lib, k\u0259sib Samuxa da\u015f\u0131d\u0131lar\u201d.\n<\/p>\n<p>\n  Bunu Meydan TV-y\u0259 G\u0259nc\u0259nin K\u0259p\u0259z rayonunun sakinl\u0259ri deyir. Onlar\u0131n s\u00f6zl\u0259rin\u0259 g\u00f6r\u0259, G\u0259nc\u0259 \u015f\u0259h\u0259ri, K\u0259p\u0259z rayonu, Az\u0259rbaycan k\u00fc\u00e7\u0259si 97a \u00fcnvanda yerl\u0259\u015f\u0259n t\u0259xmin\u0259n 100 hektarl\u0131q \u0259razinin 2 hektar\u0131 bir n\u0259f\u0259r\u0259 sat\u0131l\u0131b. O da \u0259razinin a\u011faclardan t\u0259mizl\u0259nib hiss\u0259-hiss\u0259 ba\u015fqalar\u0131na sat\u0131lmas\u0131n\u0131 da\u015f\u0131nmaz \u0259mlak\u0131n alq\u0131-satq\u0131s\u0131 il\u0259 m\u0259\u015f\u011ful olan ba\u015fqa birisin\u0259 h\u0259val\u0259 edib. Sakinl\u0259rin iddias\u0131na g\u00f6r\u0259, q\u0131sa m\u00fcdd\u0259td\u0259 60-dan \u00e7ox ya\u015f a\u011fac k\u0259sil\u0259r\u0259k da\u015f\u0131n\u0131b.\n<\/p>\n<p>\n  <b><br \/>\n    \u201cSu nasosu, borular, xeyli \u0259lvan metal sat\u0131l\u0131b\u201d<br \/>\n  <\/b>\n<\/p>\n<p>\n  \u201cT\u0259kc\u0259 a\u011faclar k\u0259silmir, h\u0259rbi hiss\u0259nin su nasosu, su x\u0259tl\u0259ri sat\u0131l\u0131b. \u018frazid\u0259 xeyli \u0259lvan metal vard\u0131, ham\u0131s\u0131n\u0131 da\u015f\u0131y\u0131b satd\u0131lar. H\u0259l\u0259lik 60 a\u011fac k\u0259silib, ancaq \u0259razid\u0259 k\u0259silm\u0259si planla\u015fd\u0131r\u0131lan h\u0259l\u0259 \u00e7oxlu a\u011fac var\u201d.\n<\/p>\n<figure class=\"wp-block-image size-large\">\n  <img decoding=\"async\" src=\"https:\/\/www.meydan.tv\/az\/reg_kepez_artezianin_nasosu_da_satilib-jpg\/\" alt=\"reg_kepez_artezianin_nasosu_da_satilib.jpg\" class=\"wp-image-143663\"\/><figcaption>\n    &#8220;100 hektarl\u0131q \u0259razinin 2 hektar\u0131 bir n\u0259f\u0259r\u0259 sat\u0131l\u0131b&#8221;<br \/>\n  <\/figcaption><\/figure>\n<p>\n  Sakinl\u0259r T\u0259bii S\u0259rv\u0259tl\u0259r v\u0259 Ekologiya Nazirliyin\u0259 m\u00fcraci\u0259t edibl\u0259r. Onlar\u0131n m\u00fcraci\u0259tind\u0259n sonra 10 sayl\u0131 Regional Ekologiya v\u0259 T\u0259bii S\u0259rv\u0259tl\u0259r \u0130dar\u0259sinin \u0259m\u0259kda\u015flar\u0131 g\u0259lib:\n<\/p>\n<p>\n  \u201cBirinci d\u0259f\u0259 g\u0259lib bax\u0131b getdil\u0259r, ikinci d\u0259f\u0259 iyunun 29-da yen\u0259 g\u0259ldil\u0259r, bildirdil\u0259r ki, a\u011faclar\u0131n bir qismini k\u0259s\u0259n \u015f\u0259xsl\u0259r \u2013 y\u0259ni \u0259razini alan \u015f\u0259xs bunu etiraf edib. H\u0259rbi hiss\u0259nin \u0259razisin\u0259 d\u00fc\u015f\u0259n a\u011faclar\u0131n kim t\u0259r\u0259find\u0259n k\u0259sildiyi il\u0259 b\u0259lli deyil\u201d.\n<\/p>\n<p>\n  <b><br \/>\n    \u201cA\u011fac, metal alveri b\u0259s deyil, ev tik\u0259nd\u0259n d\u0259 \u201c\u015firinlik\u201d t\u0259l\u0259b edirl\u0259r\u201d<br \/>\n  <\/b>\n<\/p>\n<p>\n  K\u0259p\u0259z sakini Kamil Qas\u0131mov deyir, o da h\u0259min \u0259razid\u0259n ev tikm\u0259k \u00fc\u00e7\u00fcn sah\u0259 al\u0131b. Ancaq tikinti m\u0259s\u0259l\u0259sind\u0259 probleml\u0259 \u00fczl\u0259\u015fib:\n<\/p>\n<figure class=\"wp-block-image size-large\">\n  <img decoding=\"async\" src=\"https:\/\/www.meydan.tv\/az\/reg_kepez_agac_1-jpg\/\" alt=\"reg_kepez_agac_1.jpg\" class=\"wp-image-143666\"\/><figcaption>\n    &#8220;H\u0259rbi hiss\u0259nin \u0259razisin\u0259 d\u00fc\u015f\u0259n a\u011faclar\u0131n kim t\u0259r\u0259find\u0259n k\u0259sildiyi il\u0259 b\u0259lli deyil\u201d.<br \/>\n  <\/figcaption><\/figure>\n<p>\n  \u201cBiri a\u011fac k\u0259sib sat\u0131r, biri metal sat\u0131r, biri d\u0259 g\u0259lir ki, ald\u0131\u011f\u0131n torpaqda ev tikm\u0259k ist\u0259yirs\u0259n, \u0259vv\u0259lc\u0259 biz\u0259 \u015firinlik ver. Ald\u0131\u011f\u0131m torpa\u011f\u0131n s\u0259n\u0259di var, torpa\u011f\u0131n m\u00fclkiyy\u0259t\u00e7isiy\u0259m, layih\u0259m var, tikintiy\u0259 ba\u015flam\u0131\u015fam, icra hakimiyy\u0259tinin i\u015f\u00e7il\u0259ri g\u0259lib narahat edir, pul ist\u0259yir. Deyirl\u0259r, \u0259vv\u0259l g\u0259l biz\u0259 \u201c\u015firinlik\u201d ver, biziml\u0259 raz\u0131la\u015fd\u0131r, sonra tikinti apar\u201d.\n<\/p>\n<p>\n  Kamil Qas\u0131mov Ba\u015f Prokuror Yan\u0131nda Korrupsiyaya Qar\u015f\u0131 M\u00fcbariz\u0259 \u0130dar\u0259sinin \u201c161\u201d Qaynar X\u0259ttin\u0259 d\u0259 z\u0259ng vuraraq \u015fikay\u0259t etdiyini, ancaq \u015fikay\u0259tinin h\u0259l\u0259 d\u0259 n\u0259tic\u0259siz qald\u0131\u011f\u0131n\u0131 deyir.\n<\/p>\n<p>\n  10 sayl\u0131 Regional Ekologiya v\u0259 T\u0259bii S\u0259rv\u0259tl\u0259r \u0130dar\u0259sind\u0259n Meydan TV-y\u0259 bildirilib ki, a\u011faclar\u0131n bir qismini k\u0259s\u0259n \u015f\u0259xs m\u0259suliyy\u0259t\u0259 c\u0259lb olunacaq. Dig\u0259r qismini k\u0259s\u0259n \u015f\u0259xsin m\u00fc\u0259yy\u0259n edilm\u0259si \u00fc\u00e7\u00fcn is\u0259 idar\u0259 h\u00fcquq-m\u00fchafiz\u0259 orqanlar\u0131na m\u00fcraci\u0259t ed\u0259c\u0259k.\n<\/p>\n<p>\n  K\u0259p\u0259z Rayon \u0130cra Hakimiyy\u0259tind\u0259n Meydan TV-y\u0259 bildirilib ki, h\u0259rbi hiss\u0259 ill\u0259r \u0259vv\u0259l h\u0259min \u0259razid\u0259n k\u00f6\u00e7\u00fcr\u00fcl\u00fcb. \u018frazinin h\u0259rbi hiss\u0259nin haz\u0131rda M\u00fcdafi\u0259 Nazlirliyinin balans\u0131nda olub-olmad\u0131\u011f\u0131 il\u0259 ba\u011fl\u0131 m\u0259lumat verilm\u0259yib. Meydan TV m\u00fcxbiri m\u0259s\u0259l\u0259y\u0259 M\u00fcdafi\u0259 Nazirliyinin m\u00fcnasib\u0259tini \u00f6yr\u0259n\u0259 bilm\u0259yib.\n<\/p>\n<figure class=\"wp-block-image size-large\">\n  <img decoding=\"async\" src=\"https:\/\/www.meydan.tv\/az\/reg_kepez_agac_4-jpg\/\" alt=\"reg_kepez_agac_4.jpg\" class=\"wp-image-143672\"\/><figcaption>\n    &#8220;H\u0259rbi hiss\u0259nin \u0259rasizind\u0259 bir n\u0259f\u0259r b\u00f6y\u00fck sah\u0259ni al\u0131b, sat\u0131\u015fa \u00e7\u0131xar\u0131b&#8221;<br \/>\n  <\/figcaption><\/figure>\n<figure class=\"wp-block-image size-large\">\n  <img decoding=\"async\" src=\"https:\/\/www.meydan.tv\/az\/reg_kepez_agac_kesilen_erazi-jpg\/\" alt=\"reg_kepez_agac_kesilen_erazi.jpg\" class=\"wp-image-143675\"\/><figcaption>\n    &#8220;Dig\u0259r qismini k\u0259s\u0259n \u015f\u0259xsin m\u00fc\u0259yy\u0259n edilm\u0259si \u00fc\u00e7\u00fcn is\u0259 idar\u0259 h\u00fcquq-m\u00fchafiz\u0259 orqanlar\u0131na m\u00fcraci\u0259t ed\u0259c\u0259k&#8221;<br \/>\n  <\/figcaption><\/figure>\n","protected":false},"excerpt":{"rendered":"<p>&#8220;H\u0259rbi hiss\u0259nin \u0259razisin\u0259 d\u00fc\u015f\u0259n a\u011faclar\u0131n kim t\u0259r\u0259find\u0259n k\u0259sildiyi il\u0259 b\u0259lli deyil\u201d.<\/p>\n","protected":false},"author":11,"featured_media":143678,"comment_status":"closed","ping_status":"open","sticky":false,"template":"","format":"standard","meta":{"_acf_changed":false,"_sitemap_exclude":false,"_sitemap_priority":"","_sitemap_frequency":"","footnotes":""},"categories":[60],"tags":[],"class_list":["post-201243","post","type-post","status-publish","format-standard","has-post-thumbnail","hentry","category-bolge","infinite-scroll-item","generate-columns","tablet-grid-50","mobile-grid-100","grid-parent","grid-33","no-featured-image-padding"],"acf":[],"yoast_head":"<!-- This site is optimized with the Yoast SEO plugin v27.5 - https:\/\/yoast.com\/product\/yoast-seo-wordpress\/ -->\n<title>\u201cK\u0259p\u0259zd\u0259 h\u0259rbi hiss\u0259nin sat\u0131lm\u0131\u015f \u0259razisind\u0259ki ya\u015f\u0131ll\u0131q m\u0259hv edilir\u201d - MEYDAN.TV<\/title>\n<meta name=\"robots\" content=\"index, follow, max-snippet:-1, max-image-preview:large, max-video-preview:-1\" \/>\n<link rel=\"canonical\" href=\"https:\/\/www.meydan.tv\/az\/article\/kepezde-herbi-hissenin-satilmis-erazisindeki-yasilliq-mehv-edilir\/\" \/>\n<meta property=\"og:locale\" content=\"az_AZ\" \/>\n<meta property=\"og:type\" content=\"article\" \/>\n<meta property=\"og:title\" content=\"\u201cK\u0259p\u0259zd\u0259 h\u0259rbi hiss\u0259nin sat\u0131lm\u0131\u015f \u0259razisind\u0259ki ya\u015f\u0131ll\u0131q m\u0259hv edilir\u201d - MEYDAN.TV\" \/>\n<meta property=\"og:description\" content=\"&quot;H\u0259rbi hiss\u0259nin \u0259razisin\u0259 d\u00fc\u015f\u0259n a\u011faclar\u0131n kim t\u0259r\u0259find\u0259n k\u0259sildiyi il\u0259 b\u0259lli deyil\u201d.\" \/>\n<meta property=\"og:url\" content=\"https:\/\/www.meydan.tv\/az\/article\/kepezde-herbi-hissenin-satilmis-erazisindeki-yasilliq-mehv-edilir\/\" \/>\n<meta property=\"og:site_name\" content=\"MEYDAN.TV\" \/>\n<meta property=\"article:published_time\" content=\"2020-06-30T12:35:06+00:00\" \/>\n<meta property=\"og:image\" content=\"https:\/\/www.meydan.tv\/wp-content\/uploads\/reg_kepe_agac_2.jpg\" \/>\n\t<meta property=\"og:image:width\" content=\"1024\" \/>\n\t<meta property=\"og:image:height\" content=\"768\" \/>\n\t<meta property=\"og:image:type\" content=\"image\/jpeg\" \/>\n<meta name=\"author\" content=\"user-manager\" \/>\n<meta name=\"twitter:card\" content=\"summary_large_image\" \/>\n<script type=\"application\/ld+json\" class=\"yoast-schema-graph\">{\"@context\":\"https:\\\/\\\/schema.org\",\"@graph\":[{\"@type\":\"Article\",\"@id\":\"https:\\\/\\\/www.meydan.tv\\\/az\\\/article\\\/kepezde-herbi-hissenin-satilmis-erazisindeki-yasilliq-mehv-edilir\\\/#article\",\"isPartOf\":{\"@id\":\"https:\\\/\\\/www.meydan.tv\\\/az\\\/article\\\/kepezde-herbi-hissenin-satilmis-erazisindeki-yasilliq-mehv-edilir\\\/\"},\"author\":{\"name\":\"user-manager\",\"@id\":\"https:\\\/\\\/www.meydan.tv\\\/az\\\/#\\\/schema\\\/person\\\/10d11eccf6da3662cf5fdab9806ea91a\"},\"headline\":\"\u201cK\u0259p\u0259zd\u0259 h\u0259rbi hiss\u0259nin sat\u0131lm\u0131\u015f \u0259razisind\u0259ki ya\u015f\u0131ll\u0131q m\u0259hv edilir\u201d\",\"datePublished\":\"2020-06-30T12:35:06+00:00\",\"mainEntityOfPage\":{\"@id\":\"https:\\\/\\\/www.meydan.tv\\\/az\\\/article\\\/kepezde-herbi-hissenin-satilmis-erazisindeki-yasilliq-mehv-edilir\\\/\"},\"wordCount\":775,\"publisher\":{\"@id\":\"https:\\\/\\\/www.meydan.tv\\\/az\\\/#organization\"},\"image\":{\"@id\":\"https:\\\/\\\/www.meydan.tv\\\/az\\\/article\\\/kepezde-herbi-hissenin-satilmis-erazisindeki-yasilliq-mehv-edilir\\\/#primaryimage\"},\"thumbnailUrl\":\"https:\\\/\\\/www.meydan.tv\\\/wp-content\\\/uploads\\\/reg_kepe_agac_2.jpg\",\"articleSection\":[\"B\u00f6lg\u0259\"],\"inLanguage\":\"az\"},{\"@type\":\"WebPage\",\"@id\":\"https:\\\/\\\/www.meydan.tv\\\/az\\\/article\\\/kepezde-herbi-hissenin-satilmis-erazisindeki-yasilliq-mehv-edilir\\\/\",\"url\":\"https:\\\/\\\/www.meydan.tv\\\/az\\\/article\\\/kepezde-herbi-hissenin-satilmis-erazisindeki-yasilliq-mehv-edilir\\\/\",\"name\":\"\u201cK\u0259p\u0259zd\u0259 h\u0259rbi hiss\u0259nin sat\u0131lm\u0131\u015f \u0259razisind\u0259ki ya\u015f\u0131ll\u0131q m\u0259hv edilir\u201d - MEYDAN.TV\",\"isPartOf\":{\"@id\":\"https:\\\/\\\/www.meydan.tv\\\/az\\\/#website\"},\"primaryImageOfPage\":{\"@id\":\"https:\\\/\\\/www.meydan.tv\\\/az\\\/article\\\/kepezde-herbi-hissenin-satilmis-erazisindeki-yasilliq-mehv-edilir\\\/#primaryimage\"},\"image\":{\"@id\":\"https:\\\/\\\/www.meydan.tv\\\/az\\\/article\\\/kepezde-herbi-hissenin-satilmis-erazisindeki-yasilliq-mehv-edilir\\\/#primaryimage\"},\"thumbnailUrl\":\"https:\\\/\\\/www.meydan.tv\\\/wp-content\\\/uploads\\\/reg_kepe_agac_2.jpg\",\"datePublished\":\"2020-06-30T12:35:06+00:00\",\"breadcrumb\":{\"@id\":\"https:\\\/\\\/www.meydan.tv\\\/az\\\/article\\\/kepezde-herbi-hissenin-satilmis-erazisindeki-yasilliq-mehv-edilir\\\/#breadcrumb\"},\"inLanguage\":\"az\",\"potentialAction\":[{\"@type\":\"ReadAction\",\"target\":[\"https:\\\/\\\/www.meydan.tv\\\/az\\\/article\\\/kepezde-herbi-hissenin-satilmis-erazisindeki-yasilliq-mehv-edilir\\\/\"]}]},{\"@type\":\"ImageObject\",\"inLanguage\":\"az\",\"@id\":\"https:\\\/\\\/www.meydan.tv\\\/az\\\/article\\\/kepezde-herbi-hissenin-satilmis-erazisindeki-yasilliq-mehv-edilir\\\/#primaryimage\",\"url\":\"https:\\\/\\\/www.meydan.tv\\\/wp-content\\\/uploads\\\/reg_kepe_agac_2.jpg\",\"contentUrl\":\"https:\\\/\\\/www.meydan.tv\\\/wp-content\\\/uploads\\\/reg_kepe_agac_2.jpg\",\"width\":1024,\"height\":768,\"caption\":\"Source: Specify Source\"},{\"@type\":\"BreadcrumbList\",\"@id\":\"https:\\\/\\\/www.meydan.tv\\\/az\\\/article\\\/kepezde-herbi-hissenin-satilmis-erazisindeki-yasilliq-mehv-edilir\\\/#breadcrumb\",\"itemListElement\":[{\"@type\":\"ListItem\",\"position\":1,\"name\":\"Ana s\u0259hif\u0259\",\"item\":\"https:\\\/\\\/www.meydan.tv\\\/az\\\/\"},{\"@type\":\"ListItem\",\"position\":2,\"name\":\"B\u00f6lg\u0259\",\"item\":\"https:\\\/\\\/www.meydan.tv\\\/az\\\/section\\\/bolge\\\/\"},{\"@type\":\"ListItem\",\"position\":3,\"name\":\"\u201cK\u0259p\u0259zd\u0259 h\u0259rbi hiss\u0259nin sat\u0131lm\u0131\u015f \u0259razisind\u0259ki ya\u015f\u0131ll\u0131q m\u0259hv edilir\u201d\"}]},{\"@type\":\"WebSite\",\"@id\":\"https:\\\/\\\/www.meydan.tv\\\/az\\\/#website\",\"url\":\"https:\\\/\\\/www.meydan.tv\\\/az\\\/\",\"name\":\"MEYDAN.TV\",\"description\":\"Meydan TV Az\u0259rbaycan\u0131n media m\u0259kan\u0131ndak\u0131 alternativ s\u0259sidir\",\"publisher\":{\"@id\":\"https:\\\/\\\/www.meydan.tv\\\/az\\\/#organization\"},\"potentialAction\":[{\"@type\":\"SearchAction\",\"target\":{\"@type\":\"EntryPoint\",\"urlTemplate\":\"https:\\\/\\\/www.meydan.tv\\\/az\\\/?s={search_term_string}\"},\"query-input\":{\"@type\":\"PropertyValueSpecification\",\"valueRequired\":true,\"valueName\":\"search_term_string\"}}],\"inLanguage\":\"az\"},{\"@type\":\"Organization\",\"@id\":\"https:\\\/\\\/www.meydan.tv\\\/az\\\/#organization\",\"name\":\"Meydan TV\",\"url\":\"https:\\\/\\\/www.meydan.tv\\\/az\\\/\",\"logo\":{\"@type\":\"ImageObject\",\"inLanguage\":\"az\",\"@id\":\"https:\\\/\\\/www.meydan.tv\\\/az\\\/#\\\/schema\\\/logo\\\/image\\\/\",\"url\":\"https:\\\/\\\/www.meydan.tv\\\/wp-content\\\/uploads\\\/2021\\\/07\\\/meydan-logo.svg\",\"contentUrl\":\"https:\\\/\\\/www.meydan.tv\\\/wp-content\\\/uploads\\\/2021\\\/07\\\/meydan-logo.svg\",\"width\":195,\"height\":46,\"caption\":\"Meydan TV\"},\"image\":{\"@id\":\"https:\\\/\\\/www.meydan.tv\\\/az\\\/#\\\/schema\\\/logo\\\/image\\\/\"}},{\"@type\":\"Person\",\"@id\":\"https:\\\/\\\/www.meydan.tv\\\/az\\\/#\\\/schema\\\/person\\\/10d11eccf6da3662cf5fdab9806ea91a\",\"name\":\"user-manager\"}]}<\/script>\n<!-- \/ Yoast SEO plugin. -->","yoast_head_json":{"title":"\u201cK\u0259p\u0259zd\u0259 h\u0259rbi hiss\u0259nin sat\u0131lm\u0131\u015f \u0259razisind\u0259ki ya\u015f\u0131ll\u0131q m\u0259hv edilir\u201d - MEYDAN.TV","robots":{"index":"index","follow":"follow","max-snippet":"max-snippet:-1","max-image-preview":"max-image-preview:large","max-video-preview":"max-video-preview:-1"},"canonical":"https:\/\/www.meydan.tv\/az\/article\/kepezde-herbi-hissenin-satilmis-erazisindeki-yasilliq-mehv-edilir\/","og_locale":"az_AZ","og_type":"article","og_title":"\u201cK\u0259p\u0259zd\u0259 h\u0259rbi hiss\u0259nin sat\u0131lm\u0131\u015f \u0259razisind\u0259ki ya\u015f\u0131ll\u0131q m\u0259hv edilir\u201d - MEYDAN.TV","og_description":"\"H\u0259rbi hiss\u0259nin \u0259razisin\u0259 d\u00fc\u015f\u0259n a\u011faclar\u0131n kim t\u0259r\u0259find\u0259n k\u0259sildiyi il\u0259 b\u0259lli deyil\u201d.","og_url":"https:\/\/www.meydan.tv\/az\/article\/kepezde-herbi-hissenin-satilmis-erazisindeki-yasilliq-mehv-edilir\/","og_site_name":"MEYDAN.TV","article_published_time":"2020-06-30T12:35:06+00:00","og_image":[{"width":1024,"height":768,"url":"https:\/\/www.meydan.tv\/wp-content\/uploads\/reg_kepe_agac_2.jpg","type":"image\/jpeg"}],"author":"user-manager","twitter_card":"summary_large_image","schema":{"@context":"https:\/\/schema.org","@graph":[{"@type":"Article","@id":"https:\/\/www.meydan.tv\/az\/article\/kepezde-herbi-hissenin-satilmis-erazisindeki-yasilliq-mehv-edilir\/#article","isPartOf":{"@id":"https:\/\/www.meydan.tv\/az\/article\/kepezde-herbi-hissenin-satilmis-erazisindeki-yasilliq-mehv-edilir\/"},"author":{"name":"user-manager","@id":"https:\/\/www.meydan.tv\/az\/#\/schema\/person\/10d11eccf6da3662cf5fdab9806ea91a"},"headline":"\u201cK\u0259p\u0259zd\u0259 h\u0259rbi hiss\u0259nin sat\u0131lm\u0131\u015f \u0259razisind\u0259ki ya\u015f\u0131ll\u0131q m\u0259hv edilir\u201d","datePublished":"2020-06-30T12:35:06+00:00","mainEntityOfPage":{"@id":"https:\/\/www.meydan.tv\/az\/article\/kepezde-herbi-hissenin-satilmis-erazisindeki-yasilliq-mehv-edilir\/"},"wordCount":775,"publisher":{"@id":"https:\/\/www.meydan.tv\/az\/#organization"},"image":{"@id":"https:\/\/www.meydan.tv\/az\/article\/kepezde-herbi-hissenin-satilmis-erazisindeki-yasilliq-mehv-edilir\/#primaryimage"},"thumbnailUrl":"https:\/\/www.meydan.tv\/wp-content\/uploads\/reg_kepe_agac_2.jpg","articleSection":["B\u00f6lg\u0259"],"inLanguage":"az"},{"@type":"WebPage","@id":"https:\/\/www.meydan.tv\/az\/article\/kepezde-herbi-hissenin-satilmis-erazisindeki-yasilliq-mehv-edilir\/","url":"https:\/\/www.meydan.tv\/az\/article\/kepezde-herbi-hissenin-satilmis-erazisindeki-yasilliq-mehv-edilir\/","name":"\u201cK\u0259p\u0259zd\u0259 h\u0259rbi hiss\u0259nin sat\u0131lm\u0131\u015f \u0259razisind\u0259ki ya\u015f\u0131ll\u0131q m\u0259hv edilir\u201d - MEYDAN.TV","isPartOf":{"@id":"https:\/\/www.meydan.tv\/az\/#website"},"primaryImageOfPage":{"@id":"https:\/\/www.meydan.tv\/az\/article\/kepezde-herbi-hissenin-satilmis-erazisindeki-yasilliq-mehv-edilir\/#primaryimage"},"image":{"@id":"https:\/\/www.meydan.tv\/az\/article\/kepezde-herbi-hissenin-satilmis-erazisindeki-yasilliq-mehv-edilir\/#primaryimage"},"thumbnailUrl":"https:\/\/www.meydan.tv\/wp-content\/uploads\/reg_kepe_agac_2.jpg","datePublished":"2020-06-30T12:35:06+00:00","breadcrumb":{"@id":"https:\/\/www.meydan.tv\/az\/article\/kepezde-herbi-hissenin-satilmis-erazisindeki-yasilliq-mehv-edilir\/#breadcrumb"},"inLanguage":"az","potentialAction":[{"@type":"ReadAction","target":["https:\/\/www.meydan.tv\/az\/article\/kepezde-herbi-hissenin-satilmis-erazisindeki-yasilliq-mehv-edilir\/"]}]},{"@type":"ImageObject","inLanguage":"az","@id":"https:\/\/www.meydan.tv\/az\/article\/kepezde-herbi-hissenin-satilmis-erazisindeki-yasilliq-mehv-edilir\/#primaryimage","url":"https:\/\/www.meydan.tv\/wp-content\/uploads\/reg_kepe_agac_2.jpg","contentUrl":"https:\/\/www.meydan.tv\/wp-content\/uploads\/reg_kepe_agac_2.jpg","width":1024,"height":768,"caption":"Source: Specify Source"},{"@type":"BreadcrumbList","@id":"https:\/\/www.meydan.tv\/az\/article\/kepezde-herbi-hissenin-satilmis-erazisindeki-yasilliq-mehv-edilir\/#breadcrumb","itemListElement":[{"@type":"ListItem","position":1,"name":"Ana s\u0259hif\u0259","item":"https:\/\/www.meydan.tv\/az\/"},{"@type":"ListItem","position":2,"name":"B\u00f6lg\u0259","item":"https:\/\/www.meydan.tv\/az\/section\/bolge\/"},{"@type":"ListItem","position":3,"name":"\u201cK\u0259p\u0259zd\u0259 h\u0259rbi hiss\u0259nin sat\u0131lm\u0131\u015f \u0259razisind\u0259ki ya\u015f\u0131ll\u0131q m\u0259hv edilir\u201d"}]},{"@type":"WebSite","@id":"https:\/\/www.meydan.tv\/az\/#website","url":"https:\/\/www.meydan.tv\/az\/","name":"MEYDAN.TV","description":"Meydan TV Az\u0259rbaycan\u0131n media m\u0259kan\u0131ndak\u0131 alternativ s\u0259sidir","publisher":{"@id":"https:\/\/www.meydan.tv\/az\/#organization"},"potentialAction":[{"@type":"SearchAction","target":{"@type":"EntryPoint","urlTemplate":"https:\/\/www.meydan.tv\/az\/?s={search_term_string}"},"query-input":{"@type":"PropertyValueSpecification","valueRequired":true,"valueName":"search_term_string"}}],"inLanguage":"az"},{"@type":"Organization","@id":"https:\/\/www.meydan.tv\/az\/#organization","name":"Meydan TV","url":"https:\/\/www.meydan.tv\/az\/","logo":{"@type":"ImageObject","inLanguage":"az","@id":"https:\/\/www.meydan.tv\/az\/#\/schema\/logo\/image\/","url":"https:\/\/www.meydan.tv\/wp-content\/uploads\/2021\/07\/meydan-logo.svg","contentUrl":"https:\/\/www.meydan.tv\/wp-content\/uploads\/2021\/07\/meydan-logo.svg","width":195,"height":46,"caption":"Meydan TV"},"image":{"@id":"https:\/\/www.meydan.tv\/az\/#\/schema\/logo\/image\/"}},{"@type":"Person","@id":"https:\/\/www.meydan.tv\/az\/#\/schema\/person\/10d11eccf6da3662cf5fdab9806ea91a","name":"user-manager"}]}},"_links":{"self":[{"href":"https:\/\/www.meydan.tv\/az\/wp-json\/wp\/v2\/posts\/201243","targetHints":{"allow":["GET"]}}],"collection":[{"href":"https:\/\/www.meydan.tv\/az\/wp-json\/wp\/v2\/posts"}],"about":[{"href":"https:\/\/www.meydan.tv\/az\/wp-json\/wp\/v2\/types\/post"}],"author":[{"embeddable":true,"href":"https:\/\/www.meydan.tv\/az\/wp-json\/wp\/v2\/users\/11"}],"replies":[{"embeddable":true,"href":"https:\/\/www.meydan.tv\/az\/wp-json\/wp\/v2\/comments?post=201243"}],"version-history":[{"count":0,"href":"https:\/\/www.meydan.tv\/az\/wp-json\/wp\/v2\/posts\/201243\/revisions"}],"wp:featuredmedia":[{"embeddable":true,"href":"https:\/\/www.meydan.tv\/az\/wp-json\/wp\/v2\/media\/143678"}],"wp:attachment":[{"href":"https:\/\/www.meydan.tv\/az\/wp-json\/wp\/v2\/media?parent=201243"}],"wp:term":[{"taxonomy":"category","embeddable":true,"href":"https:\/\/www.meydan.tv\/az\/wp-json\/wp\/v2\/categories?post=201243"},{"taxonomy":"post_tag","embeddable":true,"href":"https:\/\/www.meydan.tv\/az\/wp-json\/wp\/v2\/tags?post=201243"}],"curies":[{"name":"wp","href":"https:\/\/api.w.org\/{rel}","templated":true}]}}