{"id":201225,"date":"2020-06-29T14:14:57","date_gmt":"2020-06-29T14:14:57","guid":{"rendered":"https:\/\/www.meydan.tv\/article\/imisli-sakini-icra-bascisinin-kabinetinden-cuvalla-pul-cixanda-biz-evde-acindan-olurduk\/"},"modified":"2020-06-29T14:14:57","modified_gmt":"2020-06-29T14:14:57","slug":"imisli-sakini-icra-bascisinin-kabinetinden-cuvalla-pul-cixanda-biz-evde-acindan-olurduk","status":"publish","type":"post","link":"https:\/\/www.meydan.tv\/az\/article\/imisli-sakini-icra-bascisinin-kabinetinden-cuvalla-pul-cixanda-biz-evde-acindan-olurduk\/","title":{"rendered":"\u0130mi\u015fli sakini: \u0130cra ba\u015f\u00e7\u0131s\u0131n\u0131n kabinetind\u0259n \u00e7uvalla pul \u00e7\u0131xanda biz evd\u0259 ac\u0131ndan \u00f6l\u00fcrd\u00fck"},"content":{"rendered":"<p>\n  <i><br \/>\n    \u0130mi\u015fli sakini T\u0259z\u0259g\u00fcl Na\u011f\u0131yevan\u0131n iki o\u011ful v\u0259 \u00fc\u00e7 q\u0131z \u00f6vlad\u0131 var, onlar\u0131n da ikisi x\u0259st\u0259dir. Ya\u015fad\u0131qlar\u0131 ev d\u0259 q\u0259zal\u0131 v\u0259ziyy\u0259d\u0259dir.<br \/>\n  <\/i>\n<\/p>\n<p>\n  <b><br \/>\n    \u201cQ\u0131z\u0131m\u0131n g\u00f6z\u00fc o q\u0259d\u0259r g\u00f6rm\u00fcr ki, bo\u015f k\u00fc\u00e7\u0259d\u0259 yan\u0131mdan ke\u00e7ib gedir\u201d<br \/>\n  <\/b>\n<\/p>\n<p>\n  T\u0259z\u0259g\u00fcl Na\u011f\u0131yeva h\u0259yat yolda\u015f\u0131n\u0131 90-c\u0131 ill\u0259rin \u0259vv\u0259ll\u0259rind\u0259 itirib. Bu ill\u0259r \u0259rzind\u0259 \u00f6vladlar\u0131n\u0131 t\u0259k, \u00f6z\u00fcn\u00fcn dediyi kimi, kas\u0131bl\u0131qla, \u00e7\u0259tinlikl\u0259rl\u0259 b\u00f6y\u00fcd\u00fcb. \u0130ndi u\u015faqlar\u0131ndan b\u00f6y\u00fcy\u00fcn\u00fcn 35, ki\u00e7iyinin 27 ya\u015f\u0131 var. H\u0259m q\u0131z\u0131 Bahar, h\u0259m d\u0259 o\u011flu T\u0259rlan g\u00f6z\u00fcnd\u0259ki problemd\u0259n \u0259ziyy\u0259t \u00e7\u0259kir. Bahar Cavadova bir m\u00fcdd\u0259t \u0259vv\u0259l sosial mediada insanlara yard\u0131m \u00fc\u00e7\u00fcn m\u00fcraci\u0259t edib, \u0259m\u0259liyyata laz\u0131m olan 7-8 min manat\u0131n toplanmas\u0131na k\u00f6m\u0259k ist\u0259yib.\n<\/p>\n<p>\n  \u201cBahar ortanc\u0131l u\u015fa\u011f\u0131md\u0131. Anadang\u0259lm\u0259 bel\u0259di. G\u00f6zl\u0259rinin 16-17 faiz g\u00f6rm\u0259 qabiliyy\u0259ti var. Eyn\u0259k d\u0259 tax\u0131r, amma yen\u0259 g\u00f6rm\u00fcr. Bak\u0131da \u0259m\u0259liyyat el\u0259tdirm\u0259liyik, amma imkan yoxdu buna. Ona g\u00f6r\u0259 u\u015faq internetd\u0259 pul y\u0131\u011fma\u011fa \u00e7al\u0131\u015f\u0131r. Adic\u0259 eyn\u0259yi 200 manata sat\u0131l\u0131r. Bazardan g\u0259l\u0259nd\u0259 deyir\u0259m ki, qar\u015f\u0131ma \u00e7\u0131x. G\u00f6z\u00fc o q\u0259d\u0259r g\u00f6rm\u00fcr ki, bo\u015f k\u00fc\u00e7\u0259d\u0259 yan\u0131mdan ke\u00e7ib gedir. \u0130nan\u0131n, el\u0259 sars\u0131l\u0131ram\u2026\u201d, &#8211; ana dan\u0131\u015f\u0131r.\n<\/p>\n<p>\n  <b><br \/>\n    \u201cDa\u015fq\u0131nda evimiz b\u00f6y\u00fck z\u0259r\u0259r g\u00f6rm\u00fc\u015fd\u00fc, t\u0259mir el\u0259m\u0259dil\u0259r\u201d<br \/>\n  <\/b>\n<\/p>\n<p>\n  T\u0259z\u0259g\u00fcl xan\u0131m ya\u015fad\u0131qlar\u0131 evin qay\u0131natas\u0131ndan qald\u0131\u011f\u0131n\u0131 deyir. Qad\u0131n buran\u0131n az\u0131 100 ya\u015f\u0131 oldu\u011funu bildirir. Evin \u00e7ox k\u00f6hn\u0259 oldu\u011funu bir bax\u0131\u015fla m\u00fc\u0259yy\u0259nl\u0259\u015fdirm\u0259k m\u00fcmk\u00fcnd\u00fcr.\n<\/p>\n<p>\n  \u201c2010-cu ild\u0259 da\u015fq\u0131n zaman\u0131 bizim evi d\u0259 su basm\u0131\u015fd\u0131. F\u00f6vq\u0259lad\u0259 Hallar Nazirliyind\u0259n g\u0259ldil\u0259r, baxd\u0131lar, \u00f6l\u00e7\u00fcb-bi\u00e7dil\u0259r. Yazd\u0131lar ki, t\u0259mir\u0259 ehtiyac\u0131 var. Amma t\u0259mir el\u0259y\u0259n olmad\u0131. G\u0259tirib 1000 manat verdil\u0259r. O pulla evi t\u0259mir el\u0259m\u0259k m\u00fcmk\u00fcn deyildi. Sonradan e\u015fitdim ki, b\u0259zi adamlardan pul al\u0131b onlar \u00fc\u00e7\u00fcn ev tikibl\u0259r. M\u0259nim imkan\u0131m \u00e7atmad\u0131\u011f\u0131mdan, ev tikm\u0259yi t\u0259klif el\u0259y\u0259n d\u0259 olmad\u0131. Kimin pulu vard\u0131sa, o adamlara ev tikib getdil\u0259r. Halbuki, bizim ev \u00e7ox b\u00f6y\u00fck z\u0259r\u0259r g\u00f6rm\u00fc\u015fd\u00fc. Evd\u0259n suyu motorla \u00e7\u0259kib \u00e7\u0131xarm\u0131\u015fd\u0131q. U\u00e7urdu, birt\u0259h\u0259r saxlaya bildik\u201d, &#8211; qad\u0131n 10 il \u0259vv\u0259lki hadis\u0259l\u0259ri yax\u015f\u0131 xat\u0131rlay\u0131r.\n<\/p>\n<figure class=\"wp-block-image size-large\">\n  <img decoding=\"async\" src=\"https:\/\/www.meydan.tv\/az\/image_from_ios-3-jpg-117\/\" alt=\"image_from_ios (3).jpg\" class=\"wp-image-143612\"\/><figcaption>\n    &#8220;Evin \u00e7ox k\u00f6hn\u0259 oldu\u011funu bir bax\u0131\u015fla m\u00fc\u0259yy\u0259nl\u0259\u015fdirm\u0259k m\u00fcmk\u00fcnd\u00fcr&#8221;<br \/>\n  <\/figcaption><\/figure>\n<p>\n  <b><br \/>\n    \u201cEvl\u0259ns\u0259, ail\u0259sini nec\u0259 saxlayacaq?\u201d<br \/>\n  <\/b>\n<\/p>\n<p>\n  Ana \u00f6vladlar\u0131n\u0131n indiy\u0259 q\u0259d\u0259r ail\u0259 h\u0259yat\u0131 qurmamas\u0131n\u0131 da \u00f6z\u00fcn\u0259 d\u0259rd edir. Amma deyir, ail\u0259 o q\u0259d\u0259r \u00e7\u0131x\u0131lmaz v\u0259ziyy\u0259td\u0259dir ki, indi bu haqda d\u00fc\u015f\u00fcnm\u0259k d\u0259 olmur:\n<\/p>\n<p>\n  \u201cDaha \u00e7ox kas\u0131bl\u0131\u011fa g\u00f6r\u0259 evl\u0259nm\u0259yibl\u0259r. B\u00f6y\u00fck o\u011flum i\u015f tapmaq \u00fc\u00e7\u00fcn \u00e7ox \u00e7al\u0131\u015f\u0131r. \u0130\u015f yox, oturub evd\u0259. Nec\u0259 evl\u0259nsin?! Komp\u00fcteri bilir, amma he\u00e7 bir yerd\u0259 i\u015f tapa bilmir. Ne\u00e7\u0259 d\u0259f\u0259 gedib 5-10 manata f\u0259hl\u0259 i\u015fl\u0259yib. Evl\u0259ns\u0259, ail\u0259sini nec\u0259 saxlayacaq?\u201d\n<\/p>\n<p>\n  T\u0259z\u0259g\u00fcl Na\u011f\u0131yeva daha k\u00f6m\u0259k \u00fc\u00e7\u00fcn he\u00e7 bir yer\u0259 m\u00fcraci\u0259t etm\u0259dikl\u0259rini deyir. H\u0259r\u00e7\u0259nd, \u0130mi\u015fli Rayon \u0130cra Hakimiyy\u0259tin\u0259 \u00fcz tutduqlar\u0131 vaxtlar olub:\n<\/p>\n<p>\n  \u201cA\u011fz\u0131m\u0131z\u0131n \u00fcst\u00fcnd\u0259n vurub qaytar\u0131rd\u0131lar. Sonra icra ba\u015f\u00e7\u0131s\u0131n\u0131n kabinetind\u0259n \u00e7uvalla pul \u00e7\u0131xd\u0131. Onda biz evd\u0259 ac\u0131ndan \u00f6l\u00fcrd\u00fck. \u0130mi\u015fli camaat\u0131n\u0131n v\u0259ziyy\u0259ti \u00e7ox a\u011f\u0131rd\u0131. Se\u00e7ki vaxt\u0131 qap\u0131-qap\u0131 d\u00fc\u015f\u00fcb deyirl\u0259r ki, filank\u0259s\u0259 s\u0259s verin. Guya indi bilmirl\u0259r ki, biz n\u0259 v\u0259ziyy\u0259td\u0259 ya\u015fay\u0131r\u0131q?! Sosial yard\u0131m veril\u0259n yerd\u0259 i\u015fl\u0259y\u0259nl\u0259rin ham\u0131s\u0131n\u0131n bizim ail\u0259nin nec\u0259 kas\u0131b olmas\u0131ndan yax\u015f\u0131 x\u0259b\u0259ri var. M\u00fctl\u0259q gedib yalvarmal\u0131yam onlara?\u201d\n<\/p>\n<p>\n  <b><br \/>\n    \u201cAy\u0131n 15-ni s\u0259birsizlikl\u0259 g\u00f6zl\u0259yir\u0259m ki, pensiya ver\u0259c\u0259kl\u0259r, bir kilo \u0259t alacam\u201d<br \/>\n  <\/b>\n<\/p>\n<p>\n  T\u0259z\u0259g\u00fcl Na\u011f\u0131yeva 200 manat pensiya al\u0131r. Q\u0131z\u0131 Bahara is\u0259 \u00fc\u00e7\u00fcnc\u00fc qrup \u0259lil oldu\u011funa g\u00f6r\u0259 110 manat m\u00fcavin\u0259t verilir. Ail\u0259 310 manatla bir ay dolanma\u011fa \u00e7al\u0131\u015f\u0131r.\n<\/p>\n<p>\n  \u201cBu boyda ail\u0259 g\u00f6z\u00fcn\u00fc o pula dikib. H\u0259r ay\u0131n 15-ni s\u0259birsizlikl\u0259 g\u00f6zl\u0259yir\u0259m ki, pensiya ver\u0259c\u0259kl\u0259r, ev\u0259 bir kilo \u0259t alacam. Qalan pulla d\u00fckana borcu ba\u011flaya bils\u0259m, xahi\u015f el\u0259yir\u0259m ki, yen\u0259 bir kis\u0259 un versinl\u0259r borca. B\u00fct\u00fcn h\u0259yat\u0131m\u0131z borcla ke\u00e7ir. U\u015faqlar\u0131m\u0131 da bel\u0259 b\u00f6y\u00fctm\u00fc\u015f\u0259m\u201d, &#8211; h\u0259r ifad\u0259 ail\u0259nin a\u011f\u0131r v\u0259ziyy\u0259tind\u0259n x\u0259b\u0259r verir.\n<\/p>\n<p>\n  T\u0259z\u0259g\u00fcl xan\u0131m\u0131n \u00e7ox \u015fey\u0259 \u00fcmidi qalmay\u0131b. Ay\u0131n 15-n\u0259 d\u0259 h\u0259l\u0259 \u00e7ox var&#8230;\n<\/p>\n<figure class=\"wp-block-image size-large\">\n  <img decoding=\"async\" src=\"https:\/\/www.meydan.tv\/az\/image_from_ios-2-jpg-155\/\" alt=\"image_from_ios (2).jpg\" class=\"wp-image-143615\"\/><figcaption>\n    &#8220;1000 manatla evi t\u0259mir el\u0259m\u0259k m\u00fcmk\u00fcn deyildi&#8221;.<br \/>\n  <\/figcaption><\/figure>\n","protected":false},"excerpt":{"rendered":"<p>&#8220;Evd\u0259n suyu motorla \u00e7\u0259kib \u00e7\u0131xarm\u0131\u015fd\u0131q&#8221;<\/p>\n","protected":false},"author":11,"featured_media":143609,"comment_status":"closed","ping_status":"open","sticky":false,"template":"","format":"standard","meta":{"_acf_changed":false,"_sitemap_exclude":false,"_sitemap_priority":"","_sitemap_frequency":"","footnotes":""},"categories":[60],"tags":[],"class_list":["post-201225","post","type-post","status-publish","format-standard","has-post-thumbnail","hentry","category-bolge","infinite-scroll-item","generate-columns","tablet-grid-50","mobile-grid-100","grid-parent","grid-33","no-featured-image-padding"],"acf":[],"yoast_head":"<!-- This site is optimized with the Yoast SEO plugin v27.5 - https:\/\/yoast.com\/product\/yoast-seo-wordpress\/ -->\n<title>\u0130mi\u015fli sakini: \u0130cra ba\u015f\u00e7\u0131s\u0131n\u0131n kabinetind\u0259n \u00e7uvalla pul \u00e7\u0131xanda biz evd\u0259 ac\u0131ndan \u00f6l\u00fcrd\u00fck - MEYDAN.TV<\/title>\n<meta name=\"robots\" content=\"index, follow, max-snippet:-1, max-image-preview:large, max-video-preview:-1\" \/>\n<link rel=\"canonical\" href=\"https:\/\/www.meydan.tv\/az\/article\/imisli-sakini-icra-bascisinin-kabinetinden-cuvalla-pul-cixanda-biz-evde-acindan-olurduk\/\" \/>\n<meta property=\"og:locale\" content=\"az_AZ\" \/>\n<meta property=\"og:type\" content=\"article\" \/>\n<meta property=\"og:title\" content=\"\u0130mi\u015fli sakini: \u0130cra ba\u015f\u00e7\u0131s\u0131n\u0131n kabinetind\u0259n \u00e7uvalla pul \u00e7\u0131xanda biz evd\u0259 ac\u0131ndan \u00f6l\u00fcrd\u00fck - MEYDAN.TV\" \/>\n<meta property=\"og:description\" content=\"&quot;Evd\u0259n suyu motorla \u00e7\u0259kib \u00e7\u0131xarm\u0131\u015fd\u0131q&quot;\" \/>\n<meta property=\"og:url\" content=\"https:\/\/www.meydan.tv\/az\/article\/imisli-sakini-icra-bascisinin-kabinetinden-cuvalla-pul-cixanda-biz-evde-acindan-olurduk\/\" \/>\n<meta property=\"og:site_name\" content=\"MEYDAN.TV\" \/>\n<meta property=\"article:published_time\" content=\"2020-06-29T14:14:57+00:00\" \/>\n<meta property=\"og:image\" content=\"https:\/\/www.meydan.tv\/wp-content\/uploads\/image_from_ios_4_wk6eaua.jpg\" \/>\n\t<meta property=\"og:image:width\" content=\"1043\" \/>\n\t<meta property=\"og:image:height\" content=\"482\" \/>\n\t<meta property=\"og:image:type\" content=\"image\/jpeg\" \/>\n<meta name=\"author\" content=\"user-manager\" \/>\n<meta name=\"twitter:card\" content=\"summary_large_image\" \/>\n<script type=\"application\/ld+json\" class=\"yoast-schema-graph\">{\"@context\":\"https:\\\/\\\/schema.org\",\"@graph\":[{\"@type\":\"Article\",\"@id\":\"https:\\\/\\\/www.meydan.tv\\\/az\\\/article\\\/imisli-sakini-icra-bascisinin-kabinetinden-cuvalla-pul-cixanda-biz-evde-acindan-olurduk\\\/#article\",\"isPartOf\":{\"@id\":\"https:\\\/\\\/www.meydan.tv\\\/az\\\/article\\\/imisli-sakini-icra-bascisinin-kabinetinden-cuvalla-pul-cixanda-biz-evde-acindan-olurduk\\\/\"},\"author\":{\"name\":\"user-manager\",\"@id\":\"https:\\\/\\\/www.meydan.tv\\\/az\\\/#\\\/schema\\\/person\\\/10d11eccf6da3662cf5fdab9806ea91a\"},\"headline\":\"\u0130mi\u015fli sakini: \u0130cra ba\u015f\u00e7\u0131s\u0131n\u0131n kabinetind\u0259n \u00e7uvalla pul \u00e7\u0131xanda biz evd\u0259 ac\u0131ndan \u00f6l\u00fcrd\u00fck\",\"datePublished\":\"2020-06-29T14:14:57+00:00\",\"mainEntityOfPage\":{\"@id\":\"https:\\\/\\\/www.meydan.tv\\\/az\\\/article\\\/imisli-sakini-icra-bascisinin-kabinetinden-cuvalla-pul-cixanda-biz-evde-acindan-olurduk\\\/\"},\"wordCount\":916,\"publisher\":{\"@id\":\"https:\\\/\\\/www.meydan.tv\\\/az\\\/#organization\"},\"image\":{\"@id\":\"https:\\\/\\\/www.meydan.tv\\\/az\\\/article\\\/imisli-sakini-icra-bascisinin-kabinetinden-cuvalla-pul-cixanda-biz-evde-acindan-olurduk\\\/#primaryimage\"},\"thumbnailUrl\":\"https:\\\/\\\/www.meydan.tv\\\/wp-content\\\/uploads\\\/image_from_ios_4_wk6eaua.jpg\",\"articleSection\":[\"B\u00f6lg\u0259\"],\"inLanguage\":\"az\"},{\"@type\":\"WebPage\",\"@id\":\"https:\\\/\\\/www.meydan.tv\\\/az\\\/article\\\/imisli-sakini-icra-bascisinin-kabinetinden-cuvalla-pul-cixanda-biz-evde-acindan-olurduk\\\/\",\"url\":\"https:\\\/\\\/www.meydan.tv\\\/az\\\/article\\\/imisli-sakini-icra-bascisinin-kabinetinden-cuvalla-pul-cixanda-biz-evde-acindan-olurduk\\\/\",\"name\":\"\u0130mi\u015fli sakini: \u0130cra ba\u015f\u00e7\u0131s\u0131n\u0131n kabinetind\u0259n \u00e7uvalla pul \u00e7\u0131xanda biz evd\u0259 ac\u0131ndan \u00f6l\u00fcrd\u00fck - MEYDAN.TV\",\"isPartOf\":{\"@id\":\"https:\\\/\\\/www.meydan.tv\\\/az\\\/#website\"},\"primaryImageOfPage\":{\"@id\":\"https:\\\/\\\/www.meydan.tv\\\/az\\\/article\\\/imisli-sakini-icra-bascisinin-kabinetinden-cuvalla-pul-cixanda-biz-evde-acindan-olurduk\\\/#primaryimage\"},\"image\":{\"@id\":\"https:\\\/\\\/www.meydan.tv\\\/az\\\/article\\\/imisli-sakini-icra-bascisinin-kabinetinden-cuvalla-pul-cixanda-biz-evde-acindan-olurduk\\\/#primaryimage\"},\"thumbnailUrl\":\"https:\\\/\\\/www.meydan.tv\\\/wp-content\\\/uploads\\\/image_from_ios_4_wk6eaua.jpg\",\"datePublished\":\"2020-06-29T14:14:57+00:00\",\"breadcrumb\":{\"@id\":\"https:\\\/\\\/www.meydan.tv\\\/az\\\/article\\\/imisli-sakini-icra-bascisinin-kabinetinden-cuvalla-pul-cixanda-biz-evde-acindan-olurduk\\\/#breadcrumb\"},\"inLanguage\":\"az\",\"potentialAction\":[{\"@type\":\"ReadAction\",\"target\":[\"https:\\\/\\\/www.meydan.tv\\\/az\\\/article\\\/imisli-sakini-icra-bascisinin-kabinetinden-cuvalla-pul-cixanda-biz-evde-acindan-olurduk\\\/\"]}]},{\"@type\":\"ImageObject\",\"inLanguage\":\"az\",\"@id\":\"https:\\\/\\\/www.meydan.tv\\\/az\\\/article\\\/imisli-sakini-icra-bascisinin-kabinetinden-cuvalla-pul-cixanda-biz-evde-acindan-olurduk\\\/#primaryimage\",\"url\":\"https:\\\/\\\/www.meydan.tv\\\/wp-content\\\/uploads\\\/image_from_ios_4_wk6eaua.jpg\",\"contentUrl\":\"https:\\\/\\\/www.meydan.tv\\\/wp-content\\\/uploads\\\/image_from_ios_4_wk6eaua.jpg\",\"width\":1043,\"height\":482,\"caption\":\"Source: Meydan TV\"},{\"@type\":\"BreadcrumbList\",\"@id\":\"https:\\\/\\\/www.meydan.tv\\\/az\\\/article\\\/imisli-sakini-icra-bascisinin-kabinetinden-cuvalla-pul-cixanda-biz-evde-acindan-olurduk\\\/#breadcrumb\",\"itemListElement\":[{\"@type\":\"ListItem\",\"position\":1,\"name\":\"Ana s\u0259hif\u0259\",\"item\":\"https:\\\/\\\/www.meydan.tv\\\/az\\\/\"},{\"@type\":\"ListItem\",\"position\":2,\"name\":\"B\u00f6lg\u0259\",\"item\":\"https:\\\/\\\/www.meydan.tv\\\/az\\\/section\\\/bolge\\\/\"},{\"@type\":\"ListItem\",\"position\":3,\"name\":\"\u0130mi\u015fli sakini: \u0130cra ba\u015f\u00e7\u0131s\u0131n\u0131n kabinetind\u0259n \u00e7uvalla pul \u00e7\u0131xanda biz evd\u0259 ac\u0131ndan \u00f6l\u00fcrd\u00fck\"}]},{\"@type\":\"WebSite\",\"@id\":\"https:\\\/\\\/www.meydan.tv\\\/az\\\/#website\",\"url\":\"https:\\\/\\\/www.meydan.tv\\\/az\\\/\",\"name\":\"MEYDAN.TV\",\"description\":\"Meydan TV Az\u0259rbaycan\u0131n media m\u0259kan\u0131ndak\u0131 alternativ s\u0259sidir\",\"publisher\":{\"@id\":\"https:\\\/\\\/www.meydan.tv\\\/az\\\/#organization\"},\"potentialAction\":[{\"@type\":\"SearchAction\",\"target\":{\"@type\":\"EntryPoint\",\"urlTemplate\":\"https:\\\/\\\/www.meydan.tv\\\/az\\\/?s={search_term_string}\"},\"query-input\":{\"@type\":\"PropertyValueSpecification\",\"valueRequired\":true,\"valueName\":\"search_term_string\"}}],\"inLanguage\":\"az\"},{\"@type\":\"Organization\",\"@id\":\"https:\\\/\\\/www.meydan.tv\\\/az\\\/#organization\",\"name\":\"Meydan TV\",\"url\":\"https:\\\/\\\/www.meydan.tv\\\/az\\\/\",\"logo\":{\"@type\":\"ImageObject\",\"inLanguage\":\"az\",\"@id\":\"https:\\\/\\\/www.meydan.tv\\\/az\\\/#\\\/schema\\\/logo\\\/image\\\/\",\"url\":\"https:\\\/\\\/www.meydan.tv\\\/wp-content\\\/uploads\\\/2021\\\/07\\\/meydan-logo.svg\",\"contentUrl\":\"https:\\\/\\\/www.meydan.tv\\\/wp-content\\\/uploads\\\/2021\\\/07\\\/meydan-logo.svg\",\"width\":195,\"height\":46,\"caption\":\"Meydan TV\"},\"image\":{\"@id\":\"https:\\\/\\\/www.meydan.tv\\\/az\\\/#\\\/schema\\\/logo\\\/image\\\/\"}},{\"@type\":\"Person\",\"@id\":\"https:\\\/\\\/www.meydan.tv\\\/az\\\/#\\\/schema\\\/person\\\/10d11eccf6da3662cf5fdab9806ea91a\",\"name\":\"user-manager\"}]}<\/script>\n<!-- \/ Yoast SEO plugin. -->","yoast_head_json":{"title":"\u0130mi\u015fli sakini: \u0130cra ba\u015f\u00e7\u0131s\u0131n\u0131n kabinetind\u0259n \u00e7uvalla pul \u00e7\u0131xanda biz evd\u0259 ac\u0131ndan \u00f6l\u00fcrd\u00fck - MEYDAN.TV","robots":{"index":"index","follow":"follow","max-snippet":"max-snippet:-1","max-image-preview":"max-image-preview:large","max-video-preview":"max-video-preview:-1"},"canonical":"https:\/\/www.meydan.tv\/az\/article\/imisli-sakini-icra-bascisinin-kabinetinden-cuvalla-pul-cixanda-biz-evde-acindan-olurduk\/","og_locale":"az_AZ","og_type":"article","og_title":"\u0130mi\u015fli sakini: \u0130cra ba\u015f\u00e7\u0131s\u0131n\u0131n kabinetind\u0259n \u00e7uvalla pul \u00e7\u0131xanda biz evd\u0259 ac\u0131ndan \u00f6l\u00fcrd\u00fck - MEYDAN.TV","og_description":"\"Evd\u0259n suyu motorla \u00e7\u0259kib \u00e7\u0131xarm\u0131\u015fd\u0131q\"","og_url":"https:\/\/www.meydan.tv\/az\/article\/imisli-sakini-icra-bascisinin-kabinetinden-cuvalla-pul-cixanda-biz-evde-acindan-olurduk\/","og_site_name":"MEYDAN.TV","article_published_time":"2020-06-29T14:14:57+00:00","og_image":[{"width":1043,"height":482,"url":"https:\/\/www.meydan.tv\/wp-content\/uploads\/image_from_ios_4_wk6eaua.jpg","type":"image\/jpeg"}],"author":"user-manager","twitter_card":"summary_large_image","schema":{"@context":"https:\/\/schema.org","@graph":[{"@type":"Article","@id":"https:\/\/www.meydan.tv\/az\/article\/imisli-sakini-icra-bascisinin-kabinetinden-cuvalla-pul-cixanda-biz-evde-acindan-olurduk\/#article","isPartOf":{"@id":"https:\/\/www.meydan.tv\/az\/article\/imisli-sakini-icra-bascisinin-kabinetinden-cuvalla-pul-cixanda-biz-evde-acindan-olurduk\/"},"author":{"name":"user-manager","@id":"https:\/\/www.meydan.tv\/az\/#\/schema\/person\/10d11eccf6da3662cf5fdab9806ea91a"},"headline":"\u0130mi\u015fli sakini: \u0130cra ba\u015f\u00e7\u0131s\u0131n\u0131n kabinetind\u0259n \u00e7uvalla pul \u00e7\u0131xanda biz evd\u0259 ac\u0131ndan \u00f6l\u00fcrd\u00fck","datePublished":"2020-06-29T14:14:57+00:00","mainEntityOfPage":{"@id":"https:\/\/www.meydan.tv\/az\/article\/imisli-sakini-icra-bascisinin-kabinetinden-cuvalla-pul-cixanda-biz-evde-acindan-olurduk\/"},"wordCount":916,"publisher":{"@id":"https:\/\/www.meydan.tv\/az\/#organization"},"image":{"@id":"https:\/\/www.meydan.tv\/az\/article\/imisli-sakini-icra-bascisinin-kabinetinden-cuvalla-pul-cixanda-biz-evde-acindan-olurduk\/#primaryimage"},"thumbnailUrl":"https:\/\/www.meydan.tv\/wp-content\/uploads\/image_from_ios_4_wk6eaua.jpg","articleSection":["B\u00f6lg\u0259"],"inLanguage":"az"},{"@type":"WebPage","@id":"https:\/\/www.meydan.tv\/az\/article\/imisli-sakini-icra-bascisinin-kabinetinden-cuvalla-pul-cixanda-biz-evde-acindan-olurduk\/","url":"https:\/\/www.meydan.tv\/az\/article\/imisli-sakini-icra-bascisinin-kabinetinden-cuvalla-pul-cixanda-biz-evde-acindan-olurduk\/","name":"\u0130mi\u015fli sakini: \u0130cra ba\u015f\u00e7\u0131s\u0131n\u0131n kabinetind\u0259n \u00e7uvalla pul \u00e7\u0131xanda biz evd\u0259 ac\u0131ndan \u00f6l\u00fcrd\u00fck - MEYDAN.TV","isPartOf":{"@id":"https:\/\/www.meydan.tv\/az\/#website"},"primaryImageOfPage":{"@id":"https:\/\/www.meydan.tv\/az\/article\/imisli-sakini-icra-bascisinin-kabinetinden-cuvalla-pul-cixanda-biz-evde-acindan-olurduk\/#primaryimage"},"image":{"@id":"https:\/\/www.meydan.tv\/az\/article\/imisli-sakini-icra-bascisinin-kabinetinden-cuvalla-pul-cixanda-biz-evde-acindan-olurduk\/#primaryimage"},"thumbnailUrl":"https:\/\/www.meydan.tv\/wp-content\/uploads\/image_from_ios_4_wk6eaua.jpg","datePublished":"2020-06-29T14:14:57+00:00","breadcrumb":{"@id":"https:\/\/www.meydan.tv\/az\/article\/imisli-sakini-icra-bascisinin-kabinetinden-cuvalla-pul-cixanda-biz-evde-acindan-olurduk\/#breadcrumb"},"inLanguage":"az","potentialAction":[{"@type":"ReadAction","target":["https:\/\/www.meydan.tv\/az\/article\/imisli-sakini-icra-bascisinin-kabinetinden-cuvalla-pul-cixanda-biz-evde-acindan-olurduk\/"]}]},{"@type":"ImageObject","inLanguage":"az","@id":"https:\/\/www.meydan.tv\/az\/article\/imisli-sakini-icra-bascisinin-kabinetinden-cuvalla-pul-cixanda-biz-evde-acindan-olurduk\/#primaryimage","url":"https:\/\/www.meydan.tv\/wp-content\/uploads\/image_from_ios_4_wk6eaua.jpg","contentUrl":"https:\/\/www.meydan.tv\/wp-content\/uploads\/image_from_ios_4_wk6eaua.jpg","width":1043,"height":482,"caption":"Source: Meydan TV"},{"@type":"BreadcrumbList","@id":"https:\/\/www.meydan.tv\/az\/article\/imisli-sakini-icra-bascisinin-kabinetinden-cuvalla-pul-cixanda-biz-evde-acindan-olurduk\/#breadcrumb","itemListElement":[{"@type":"ListItem","position":1,"name":"Ana s\u0259hif\u0259","item":"https:\/\/www.meydan.tv\/az\/"},{"@type":"ListItem","position":2,"name":"B\u00f6lg\u0259","item":"https:\/\/www.meydan.tv\/az\/section\/bolge\/"},{"@type":"ListItem","position":3,"name":"\u0130mi\u015fli sakini: \u0130cra ba\u015f\u00e7\u0131s\u0131n\u0131n kabinetind\u0259n \u00e7uvalla pul \u00e7\u0131xanda biz evd\u0259 ac\u0131ndan \u00f6l\u00fcrd\u00fck"}]},{"@type":"WebSite","@id":"https:\/\/www.meydan.tv\/az\/#website","url":"https:\/\/www.meydan.tv\/az\/","name":"MEYDAN.TV","description":"Meydan TV Az\u0259rbaycan\u0131n media m\u0259kan\u0131ndak\u0131 alternativ s\u0259sidir","publisher":{"@id":"https:\/\/www.meydan.tv\/az\/#organization"},"potentialAction":[{"@type":"SearchAction","target":{"@type":"EntryPoint","urlTemplate":"https:\/\/www.meydan.tv\/az\/?s={search_term_string}"},"query-input":{"@type":"PropertyValueSpecification","valueRequired":true,"valueName":"search_term_string"}}],"inLanguage":"az"},{"@type":"Organization","@id":"https:\/\/www.meydan.tv\/az\/#organization","name":"Meydan TV","url":"https:\/\/www.meydan.tv\/az\/","logo":{"@type":"ImageObject","inLanguage":"az","@id":"https:\/\/www.meydan.tv\/az\/#\/schema\/logo\/image\/","url":"https:\/\/www.meydan.tv\/wp-content\/uploads\/2021\/07\/meydan-logo.svg","contentUrl":"https:\/\/www.meydan.tv\/wp-content\/uploads\/2021\/07\/meydan-logo.svg","width":195,"height":46,"caption":"Meydan TV"},"image":{"@id":"https:\/\/www.meydan.tv\/az\/#\/schema\/logo\/image\/"}},{"@type":"Person","@id":"https:\/\/www.meydan.tv\/az\/#\/schema\/person\/10d11eccf6da3662cf5fdab9806ea91a","name":"user-manager"}]}},"_links":{"self":[{"href":"https:\/\/www.meydan.tv\/az\/wp-json\/wp\/v2\/posts\/201225","targetHints":{"allow":["GET"]}}],"collection":[{"href":"https:\/\/www.meydan.tv\/az\/wp-json\/wp\/v2\/posts"}],"about":[{"href":"https:\/\/www.meydan.tv\/az\/wp-json\/wp\/v2\/types\/post"}],"author":[{"embeddable":true,"href":"https:\/\/www.meydan.tv\/az\/wp-json\/wp\/v2\/users\/11"}],"replies":[{"embeddable":true,"href":"https:\/\/www.meydan.tv\/az\/wp-json\/wp\/v2\/comments?post=201225"}],"version-history":[{"count":0,"href":"https:\/\/www.meydan.tv\/az\/wp-json\/wp\/v2\/posts\/201225\/revisions"}],"wp:featuredmedia":[{"embeddable":true,"href":"https:\/\/www.meydan.tv\/az\/wp-json\/wp\/v2\/media\/143609"}],"wp:attachment":[{"href":"https:\/\/www.meydan.tv\/az\/wp-json\/wp\/v2\/media?parent=201225"}],"wp:term":[{"taxonomy":"category","embeddable":true,"href":"https:\/\/www.meydan.tv\/az\/wp-json\/wp\/v2\/categories?post=201225"},{"taxonomy":"post_tag","embeddable":true,"href":"https:\/\/www.meydan.tv\/az\/wp-json\/wp\/v2\/tags?post=201225"}],"curies":[{"name":"wp","href":"https:\/\/api.w.org\/{rel}","templated":true}]}}