{"id":201217,"date":"2020-06-28T14:33:10","date_gmt":"2020-06-28T14:33:10","guid":{"rendered":"https:\/\/www.meydan.tv\/article\/imisli-sakini-hokumetden-tek-isteyimiz-xestelerimize-baxmalaridir\/"},"modified":"2020-06-28T14:33:10","modified_gmt":"2020-06-28T14:33:10","slug":"imisli-sakini-hokumetden-tek-isteyimiz-xestelerimize-baxmalaridir","status":"publish","type":"post","link":"https:\/\/www.meydan.tv\/az\/article\/imisli-sakini-hokumetden-tek-isteyimiz-xestelerimize-baxmalaridir\/","title":{"rendered":"\u0130mi\u015fli sakini: H\u00f6kum\u0259td\u0259n t\u0259k ist\u0259yimiz x\u0259st\u0259l\u0259rimiz\u0259 baxmalar\u0131d\u0131r"},"content":{"rendered":"<p>\n  <i><br \/>\n    Ail\u0259 \u0259lilliyi olan \u00f6vladlar\u0131n\u0131n pensiyas\u0131na m\u00f6htac qald\u0131qlar\u0131n\u0131 deyir<br \/>\n  <\/i>\n<\/p>\n<p>\n  \u201c\u0130\u015f olanda gedib g\u00f6r\u00fcr\u0259m. Olmayanda da qal\u0131r\u0131q bel\u0259. Ail\u0259d\u0259 4 n\u0259f\u0259rik, ham\u0131m\u0131z da x\u0259st\u0259. \u0130\u00e7imizd\u0259 c\u0259mi bir n\u0259f\u0259r \u0259lillikl\u0259 ba\u011fl\u0131 pensiya al\u0131r, o da c\u0259mi 300 manat. Bununla 4 n\u0259f\u0259r bir ay nec\u0259 dolanmal\u0131d\u0131r?\u201d\n<\/p>\n<p>\n  \u0130mi\u015flinin B\u0259cir\u0259van k\u0259ndinin sakini 56 ya\u015fl\u0131 M\u00fcs\u0259bbir H\u0259s\u0259nov bel\u0259 s\u00f6yl\u0259yir. O, 57 ya\u015fl\u0131 h\u0259yat yolda\u015f\u0131 Kifay\u0259t H\u0259s\u0259novan\u0131n 8 ayd\u0131r yataq x\u0259st\u0259sin\u0259 \u00e7evrildiyini, 22 ya\u015fl\u0131 o\u011flunun is\u0259 g\u00f6zl\u0259rinin g\u00f6rm\u0259diyini, yeriy\u0259nd\u0259 y\u0131x\u0131ld\u0131\u011f\u0131n\u0131 deyir:\n<\/p>\n<p>\n  \u201c\u00d6z\u00fcm qaraciy\u0259rimd\u0259n \u0259ziyy\u0259t \u00e7\u0259kir\u0259m. 30 ya\u015fl\u0131 q\u0131z\u0131m\u0131n is\u0259 ayaqlar\u0131nda problem var, \u00e7ox ayaq \u00fcst\u0259 dura bilmir, z\u0259ifdir. U\u015faq vaxt\u0131ndan problemlidir. S\u00fcm\u00fck bo\u015flu\u011fu var idi. M\u00fcalic\u0259l\u0259rd\u0259n sonra h\u0259l\u0259 aya\u011fa qalx\u0131b. Ancaq yen\u0259 d\u0259 yax\u015f\u0131 yeriy\u0259 bilmir. Bax\u0131n, ail\u0259d\u0259 4 n\u0259f\u0259rik, h\u0259r\u0259miz bir c\u00fcr x\u0259st\u0259yik\u201d.\n<\/p>\n<p>\n  M\u00fcs\u0259bbir H\u0259s\u0259nov k\u0259ndd\u0259 ehtiyac\u0131 olanlar\u0131n h\u0259y\u0259tind\u0259, evind\u0259 i\u015fl\u0259yir. Deyir, b\u0259zi g\u00fcnl\u0259r 5-10 manat\u0131 olur. Ancaq koronavirus \u00e7\u0131xandan i\u015f tapmas\u0131 \u00e7\u0259tinl\u0259\u015fib:\n<\/p>\n<p>\n  \u201cBurada el\u0259 qat\u0131 karantin olmur. \u0130nsanlar \u00e7\u00f6l\u0259 \u00e7\u0131x\u0131r. Problem odur ki, kims\u0259d\u0259 pul yoxdur. Ail\u0259l\u0259rin \u00e7oxu Bak\u0131, Rusiya vasit\u0259sil\u0259 dolan\u0131rd\u0131. \u0130nsanlar Bak\u0131da, Rusiyada i\u015fl\u0259yib, ail\u0259sin\u0259 pul g\u00f6nd\u0259rirdi. Kimi d\u0259 \u0130mi\u015fli-Bak\u0131 ma\u015f\u0131n s\u00fcr\u00fcr, s\u0259rni\u015fin dan\u0131\u015f\u0131rd\u0131. \u0130ndi x\u0259st\u0259lik yay\u0131l\u0131b, Bak\u0131ya giri\u015f ba\u011fl\u0131d\u0131r. Odur ki, insanlar bu d\u0259qiq\u0259 toplad\u0131qlar\u0131 puldan istifad\u0259 edirl\u0259r. Bir-iki aya o da bit\u0259r. Dem\u0259yim odur ki, indi camaat bekar\u00e7\u0131l\u0131qdan f\u0259hl\u0259liyi d\u0259 \u00f6z\u00fc edir, ba\u015fqas\u0131n\u0131 \u00e7a\u011f\u0131rm\u0131r. Bizim kimil\u0259r d\u0259 qal\u0131r i\u015fsiz\u201d.\n<\/p>\n<p>\n  M\u00fcs\u0259bbir H\u0259s\u0259nov deyir ki, onsuz da \u00e7ox i\u015fi olmurdu. Ay\u0131n 1 h\u0259ft\u0259sini i\u015fl\u0259s\u0259, sevinirdi:\n<\/p>\n<p>\n  \u201c\u0130ndi o da yoxdur. Ya\u015fl\u0131 adamam, i\u015f keyfiyy\u0259tim d\u0259 a\u015fa\u011f\u0131d\u0131r. El\u0259 h\u0259r \u015fey bir yana, n\u0259 vaxtacan \u00e7\u0259p\u0259r h\u00f6r\u00fcb, beton t\u00f6km\u0259liy\u0259m? Yaxud h\u0259y\u0259t-baca t\u0259mizl\u0259m\u0259liy\u0259m? Adam bezir, h\u0259qiq\u0259t\u0259n d\u0259. \u00dcst\u0259lik, x\u0259st\u0259liyim d\u0259 var. El\u0259 bu x\u0259st\u0259liy\u0259 g\u00f6r\u0259 t\u0259qa\u00fcd\u00fcm olsa, birt\u0259h\u0259r dolanaram\u201d.\n<\/p>\n<p>\n  Ail\u0259nin bir o\u011flu var. 22 ya\u015fl\u0131 H\u0259s\u0259n. O, n\u0259 dan\u0131\u015fa, n\u0259 g\u00f6r\u0259, n\u0259 yeriy\u0259 bilir. M\u00fcalic\u0259y\u0259 ehtiyac\u0131 var, ancaq atas\u0131n\u0131n g\u00fcc\u00fc \u00e7atm\u0131r. Deyir, qar\u0131nlar\u0131n\u0131 g\u00fccl\u0259 doyurur, qald\u0131 m\u00fcalic\u0259 etdir\u0259, bunu \u00e7atd\u0131ra bilmir:\n<\/p>\n<p>\n  \u201c30 ya\u015fl\u0131 q\u0131z\u0131m da onun kimi. Ayaqlar\u0131 yax\u015f\u0131 tutmur. O\u011fuldur, b\u00f6y\u00fcy\u00fcb, k\u00f6m\u0259k olmal\u0131d\u0131r dolan\u0131\u015f\u0131\u011fa. Ancaq m\u0259n ona k\u00f6m\u0259k etm\u0259liy\u0259m. Onu da ed\u0259 bilmir\u0259m. Art\u0131q d\u0259rdimi kim\u0259 deyim, haradan k\u00f6m\u0259k umum bilmir\u0259m. M\u0259nimki d\u0259 bel\u0259 g\u0259tirib. B\u00fct\u00fcn ail\u0259miz x\u0259st\u0259dir\u201d.\n<\/p>\n<p>\n  M\u00fcs\u0259bbir H\u0259s\u0259nov deyir ki, h\u0259yat yolda\u015f\u0131n\u0131n m\u00fcalic\u0259sin\u0259 son 8 ay\u0131n h\u0259r birind\u0259 200 manatad\u0259k x\u0259rcl\u0259ri \u00e7\u0131x\u0131r. Ancaq he\u00e7 sa\u011falm\u0131r, ir\u0259lil\u0259yi\u015f yoxdur:\n<\/p>\n<p>\n  \u201cArt\u0131q pulumuz da qalmay\u0131b. D\u00f6vl\u0259t 2 ay 190 manat verdi. Hardan g\u0259ldi, hara getdi, vallah bilm\u0259dim. El\u0259 evd\u0259ki t\u00fck\u0259n\u0259n \u0259rzaqlar\u0131 ald\u0131q, bir d\u0259 ay\u0131ld\u0131q ki, pul qalmay\u0131b. \u0130ndiki d\u00f6vrd\u0259 pulun da b\u0259r\u0259k\u0259ti yoxdur. Bazara gedirs\u0259n, qay\u0131danda g\u00f6r\u00fcrs\u0259n ki, yoxdur. S\u0131x\u0131rsan can\u0131 \u00e7\u0131x\u0131r pulun\u201d.\n<\/p>\n<figure class=\"wp-block-image size-large\">\n  <img decoding=\"async\" src=\"https:\/\/www.meydan.tv\/az\/unnamed-1-jpg-7\/\" alt=\"unnamed (1).jpg\" class=\"wp-image-143579\"\/><figcaption>\n    M\u00fcs\u0259bbir H\u0259s\u0259nov<br \/>\n  <\/figcaption><\/figure>\n<p>\n  Ail\u0259 300 manatla ay\u0131n sonunu g\u0259tir\u0259 bilmir. \u00dcst\u0259lik, h\u0259min 300 manat I qrup \u0259lilliyi olan H\u0259s\u0259n\u0259 verilir. Y\u0259ni, onun m\u00fcalic\u0259sin\u0259 x\u0259rcl\u0259nm\u0259lidir. Amma ba\u015fqa g\u0259lirl\u0259ri olmad\u0131\u011f\u0131 \u00fc\u00e7\u00fcn xeyr\u0259, \u015f\u0259r\u0259, kommunala, \u0259rza\u011fa da o puldan istifad\u0259 edirl\u0259r. N\u0259tic\u0259d\u0259 x\u0259st\u0259nin m\u00fcalic\u0259si qal\u0131r k\u0259narda:\n<\/p>\n<p>\n  \u201c2 in\u0259yimiz d\u0259 var. Amma b\u0259s etmir. D\u00fczd\u00fcr, qat\u0131\u011f\u0131m\u0131z, s\u00fcd\u00fcm\u00fcz olur, istifad\u0259 edirik. Ancaq k\u0259nd yerind\u0259 ham\u0131n\u0131n h\u0259y\u0259tind\u0259 var. Adamlar\u0131n n\u0259 qat\u0131q, n\u0259 s\u00fcd\u0259 ehtiyac\u0131 var. Sata bilmirik. H\u00f6kum\u0259td\u0259n t\u0259k ist\u0259yimiz x\u0259st\u0259l\u0259rimiz\u0259 baxmalar\u0131d\u0131r. Sa\u011fala bils\u0259l\u0259r, \u00e7ox sevin\u0259r\u0259m. M\u0259s\u0259l\u0259n, h\u0259yat yolda\u015f\u0131m sa\u011falmayacaqsa, he\u00e7 olmasa, ona da pensiya k\u0259ssinl\u0259r. H\u0259qiq\u0259t\u0259n m\u0259n onun m\u00fcalic\u0259sini \u00e7atd\u0131ra bilmir\u0259m\u201d.\n<\/p>\n<p>\n  Ail\u0259nin ya\u015fad\u0131\u011f\u0131 ev d\u0259 \u015f\u0259raitsizdir. M\u00fcs\u0259bbir H\u0259s\u0259nov deyir ki, dam\u0131n\u0131 t\u0259mir etm\u0259k laz\u0131md\u0131r, ancaq imkan\u0131 yoxdur. Odur ki, ya\u011f\u0131\u015f ya\u011fanda evin i\u00e7in\u0259 su dam\u0131r:\n<\/p>\n<p>\n  \u201cEvin dam\u0131, suva\u011f\u0131, qap\u0131lar\u0131 yoxdur. C\u0259mi 1 otaq, 1 d\u0259 m\u0259tb\u0259xini haz\u0131rlaya bilmi\u015fik, qal\u0131b yar\u0131m\u00e7\u0131q. Dem\u0259yim odur ki, ya\u015faya bilmirik. Biz d\u0259 normal \u015f\u0259kild\u0259 dolanmaq ist\u0259yirik. B\u00f6y\u00fck n\u0259s\u0259 ist\u0259mirik h\u00f6kum\u0259td\u0259n\u201d.\n<\/p>\n<p>\n  \u0130mi\u015fli rayon B\u0259cir\u0259can k\u0259ndinin icra n\u00fcmay\u0259nd\u0259si As\u0259f Balaki\u015fiyev Meydan TV-y\u0259 deyib ki, H\u0259s\u0259novlar ail\u0259sinin v\u0259siyy\u0259ti olduqca a\u011f\u0131rd\u0131r. Ail\u0259nin h\u0259r iki \u00f6vlad\u0131 x\u0259st\u0259likd\u0259n \u0259ziyy\u0259t \u00e7\u0259kir:\n<\/p>\n<p>\n  \u201c\u0130ndi xan\u0131m\u0131 da x\u0259st\u0259l\u0259nib. Bilirik ki, a\u011f\u0131r durumdad\u0131rlar. Pandemiya d\u00f6vr\u00fcnd\u0259 imkans\u0131z ail\u0259l\u0259r\u0259 yard\u0131m payland\u0131. Biz h\u0259min ail\u0259nin d\u0259 ad\u0131n\u0131 siyah\u0131ya salm\u0131\u015fd\u0131q. Yen\u0259 olsa, yen\u0259 salaca\u011f\u0131q. U\u015faqlardan biri pensiya al\u0131r, dig\u0259ri alm\u0131r dey\u0259s\u0259n. Bunun \u00fc\u00e7\u00fcn x\u0259st\u0259xanada yatmal\u0131d\u0131r. Sonra ba\u015f h\u0259kim onun x\u0259st\u0259liyi il\u0259 ba\u011fl\u0131 s\u0259n\u0259d verm\u0259lidir. H\u0259min s\u0259n\u0259d Bak\u0131ya g\u00f6nd\u0259rilm\u0259li, ona \u0259lillik d\u0259r\u0259c\u0259si m\u00fc\u0259yy\u0259n edilm\u0259lidir. \u018fg\u0259r m\u00fcraci\u0259t etm\u0259yibl\u0259rs\u0259, g\u00fcnah \u00f6zl\u0259rind\u0259dir. Kas\u0131bl\u0131qla \u0259laq\u0259dar is\u0259 m\u0259\u015f\u011fullu\u011fa, sosial fonda m\u00fcraci\u0259t ed\u0259 bil\u0259rl\u0259r. \u0130nan\u0131ram ki, onlara k\u00f6m\u0259k edil\u0259r. He\u00e7 olmazsa, heyvan veril\u0259r, dolan\u0131\u015f\u0131qlar\u0131 d\u00fcz\u0259l\u0259r\u201d.\n<\/p>\n<figure class=\"wp-block-image size-large\">\n  <img decoding=\"async\" src=\"https:\/\/www.meydan.tv\/az\/unnamed-3-jpg-3\/\" alt=\"unnamed (3).jpg\" class=\"wp-image-143582\"\/><figcaption>\n    &#8220;C\u0259mi 1 otaq, 1 d\u0259 m\u0259tb\u0259xini haz\u0131rlaya bilmi\u015fik, qal\u0131b yar\u0131m\u00e7\u0131q&#8221;<br \/>\n  <\/figcaption><\/figure>\n<p>\n  \u0130mi\u015fli Rayon M\u0259rk\u0259zi X\u0259st\u0259xanas\u0131n\u0131n ba\u015f h\u0259kimi Eynulla Qas\u0131mov is\u0259 deyir ki, haz\u0131rda \u0130mi\u015fli x\u0259st\u0259xanas\u0131 yaln\u0131z koronavirus x\u0259st\u0259l\u0259rin\u0259 ayr\u0131l\u0131b. Ancaq COV\u0130D-19 virusundan \u0259ziyy\u0259t \u00e7\u0259k\u0259nl\u0259r\u0259 bax\u0131rlar:\n<\/p>\n<p>\n  \u201c\u018flillik d\u0259r\u0259c\u0259sinin verilm\u0259si, x\u0259st\u0259l\u0259rin yat\u0131rd\u0131lmas\u0131 v\u0259 s. i\u015fl\u0259r m\u00fcv\u0259qq\u0259ti dayand\u0131r\u0131l\u0131b. Virus aradan qalxandan sonra adamlar x\u0259st\u0259xanada yata bil\u0259rl\u0259r. H\u0259qiq\u0259t\u0259n \u0259lillikl\u0259ri varsa, ka\u011f\u0131z ver\u0259rik. H\u0259min s\u0259n\u0259dl\u0259 d\u0259 m\u00fcraci\u0259t edib qrup ala bil\u0259rl\u0259r\u201d.\n<\/p>\n<p>\n  Ba\u015f h\u0259kim indiki v\u0259ziyy\u0259td\u0259 ail\u0259ni m\u00fcayin\u0259 etm\u0259k \u00fc\u00e7\u00fcn t\u0259cili tibbi yard\u0131m g\u00f6nd\u0259r\u0259c\u0259kl\u0259rini bildirib:\n<\/p>\n<p>\n  \u201cOnlar\u0131n sa\u011fl\u0131\u011f\u0131 il\u0259 ba\u011fl\u0131 t\u0259cili n\u0259y\u0259s\u0259 ehtiyaclar\u0131 varsa, indinin \u00f6z\u00fcnd\u0259 d\u0259 onlar\u0131n evin\u0259 t\u0259cili tibbi yard\u0131m g\u00f6nd\u0259r\u0259 bil\u0259r\u0259m. Baxs\u0131nlar, g\u00f6rs\u00fcnl\u0259r probleml\u0259ri n\u0259dir. Eyni zamanda, g\u0259l\u0259c\u0259kd\u0259 \u0259lillikl\u0259 ba\u011fl\u0131 m\u00fcraci\u0259t qaydalar\u0131n\u0131 da onlara izah etsinl\u0259r\u201d.\n<\/p>\n<figure class=\"wp-block-image size-large\">\n  <img decoding=\"async\" src=\"https:\/\/www.meydan.tv\/az\/unnamed-2-jpg-4\/\" alt=\"unnamed (2).jpg\" class=\"wp-image-143585\"\/><figcaption>\n    M\u00fcs\u0259bbir H\u0259s\u0259nov deyir ki, h\u0259yat yolda\u015f\u0131n\u0131n m\u00fcalic\u0259sin\u0259 son 8 ay\u0131n h\u0259r birind\u0259 200 manatad\u0259k x\u0259rcl\u0259ri \u00e7\u0131x\u0131r.<br \/>\n  <\/figcaption><\/figure>\n","protected":false},"excerpt":{"rendered":"<p>&#8220;B\u00f6y\u00fck n\u0259s\u0259 ist\u0259mirik h\u00f6kum\u0259td\u0259n&#8221;<\/p>\n","protected":false},"author":11,"featured_media":143588,"comment_status":"closed","ping_status":"open","sticky":false,"template":"","format":"standard","meta":{"_acf_changed":false,"_sitemap_exclude":false,"_sitemap_priority":"","_sitemap_frequency":"","footnotes":""},"categories":[60],"tags":[],"class_list":["post-201217","post","type-post","status-publish","format-standard","has-post-thumbnail","hentry","category-bolge","infinite-scroll-item","generate-columns","tablet-grid-50","mobile-grid-100","grid-parent","grid-33","no-featured-image-padding"],"acf":[],"yoast_head":"<!-- This site is optimized with the Yoast SEO plugin v27.5 - https:\/\/yoast.com\/product\/yoast-seo-wordpress\/ -->\n<title>\u0130mi\u015fli sakini: H\u00f6kum\u0259td\u0259n t\u0259k ist\u0259yimiz x\u0259st\u0259l\u0259rimiz\u0259 baxmalar\u0131d\u0131r - MEYDAN.TV<\/title>\n<meta name=\"robots\" content=\"index, follow, max-snippet:-1, max-image-preview:large, max-video-preview:-1\" \/>\n<link rel=\"canonical\" href=\"https:\/\/www.meydan.tv\/az\/article\/imisli-sakini-hokumetden-tek-isteyimiz-xestelerimize-baxmalaridir\/\" \/>\n<meta property=\"og:locale\" content=\"az_AZ\" \/>\n<meta property=\"og:type\" content=\"article\" \/>\n<meta property=\"og:title\" content=\"\u0130mi\u015fli sakini: H\u00f6kum\u0259td\u0259n t\u0259k ist\u0259yimiz x\u0259st\u0259l\u0259rimiz\u0259 baxmalar\u0131d\u0131r - MEYDAN.TV\" \/>\n<meta property=\"og:description\" content=\"&quot;B\u00f6y\u00fck n\u0259s\u0259 ist\u0259mirik h\u00f6kum\u0259td\u0259n&quot;\" \/>\n<meta property=\"og:url\" content=\"https:\/\/www.meydan.tv\/az\/article\/imisli-sakini-hokumetden-tek-isteyimiz-xestelerimize-baxmalaridir\/\" \/>\n<meta property=\"og:site_name\" content=\"MEYDAN.TV\" \/>\n<meta property=\"article:published_time\" content=\"2020-06-28T14:33:10+00:00\" \/>\n<meta property=\"og:image\" content=\"https:\/\/www.meydan.tv\/wp-content\/uploads\/unnamed_4.jpg\" \/>\n\t<meta property=\"og:image:width\" content=\"1024\" \/>\n\t<meta property=\"og:image:height\" content=\"576\" \/>\n\t<meta property=\"og:image:type\" content=\"image\/jpeg\" \/>\n<meta name=\"author\" content=\"user-manager\" \/>\n<meta name=\"twitter:card\" content=\"summary_large_image\" \/>\n<script type=\"application\/ld+json\" class=\"yoast-schema-graph\">{\"@context\":\"https:\\\/\\\/schema.org\",\"@graph\":[{\"@type\":\"Article\",\"@id\":\"https:\\\/\\\/www.meydan.tv\\\/az\\\/article\\\/imisli-sakini-hokumetden-tek-isteyimiz-xestelerimize-baxmalaridir\\\/#article\",\"isPartOf\":{\"@id\":\"https:\\\/\\\/www.meydan.tv\\\/az\\\/article\\\/imisli-sakini-hokumetden-tek-isteyimiz-xestelerimize-baxmalaridir\\\/\"},\"author\":{\"name\":\"user-manager\",\"@id\":\"https:\\\/\\\/www.meydan.tv\\\/az\\\/#\\\/schema\\\/person\\\/10d11eccf6da3662cf5fdab9806ea91a\"},\"headline\":\"\u0130mi\u015fli sakini: H\u00f6kum\u0259td\u0259n t\u0259k ist\u0259yimiz x\u0259st\u0259l\u0259rimiz\u0259 baxmalar\u0131d\u0131r\",\"datePublished\":\"2020-06-28T14:33:10+00:00\",\"mainEntityOfPage\":{\"@id\":\"https:\\\/\\\/www.meydan.tv\\\/az\\\/article\\\/imisli-sakini-hokumetden-tek-isteyimiz-xestelerimize-baxmalaridir\\\/\"},\"wordCount\":1377,\"publisher\":{\"@id\":\"https:\\\/\\\/www.meydan.tv\\\/az\\\/#organization\"},\"image\":{\"@id\":\"https:\\\/\\\/www.meydan.tv\\\/az\\\/article\\\/imisli-sakini-hokumetden-tek-isteyimiz-xestelerimize-baxmalaridir\\\/#primaryimage\"},\"thumbnailUrl\":\"https:\\\/\\\/www.meydan.tv\\\/wp-content\\\/uploads\\\/unnamed_4.jpg\",\"articleSection\":[\"B\u00f6lg\u0259\"],\"inLanguage\":\"az\"},{\"@type\":\"WebPage\",\"@id\":\"https:\\\/\\\/www.meydan.tv\\\/az\\\/article\\\/imisli-sakini-hokumetden-tek-isteyimiz-xestelerimize-baxmalaridir\\\/\",\"url\":\"https:\\\/\\\/www.meydan.tv\\\/az\\\/article\\\/imisli-sakini-hokumetden-tek-isteyimiz-xestelerimize-baxmalaridir\\\/\",\"name\":\"\u0130mi\u015fli sakini: H\u00f6kum\u0259td\u0259n t\u0259k ist\u0259yimiz x\u0259st\u0259l\u0259rimiz\u0259 baxmalar\u0131d\u0131r - MEYDAN.TV\",\"isPartOf\":{\"@id\":\"https:\\\/\\\/www.meydan.tv\\\/az\\\/#website\"},\"primaryImageOfPage\":{\"@id\":\"https:\\\/\\\/www.meydan.tv\\\/az\\\/article\\\/imisli-sakini-hokumetden-tek-isteyimiz-xestelerimize-baxmalaridir\\\/#primaryimage\"},\"image\":{\"@id\":\"https:\\\/\\\/www.meydan.tv\\\/az\\\/article\\\/imisli-sakini-hokumetden-tek-isteyimiz-xestelerimize-baxmalaridir\\\/#primaryimage\"},\"thumbnailUrl\":\"https:\\\/\\\/www.meydan.tv\\\/wp-content\\\/uploads\\\/unnamed_4.jpg\",\"datePublished\":\"2020-06-28T14:33:10+00:00\",\"breadcrumb\":{\"@id\":\"https:\\\/\\\/www.meydan.tv\\\/az\\\/article\\\/imisli-sakini-hokumetden-tek-isteyimiz-xestelerimize-baxmalaridir\\\/#breadcrumb\"},\"inLanguage\":\"az\",\"potentialAction\":[{\"@type\":\"ReadAction\",\"target\":[\"https:\\\/\\\/www.meydan.tv\\\/az\\\/article\\\/imisli-sakini-hokumetden-tek-isteyimiz-xestelerimize-baxmalaridir\\\/\"]}]},{\"@type\":\"ImageObject\",\"inLanguage\":\"az\",\"@id\":\"https:\\\/\\\/www.meydan.tv\\\/az\\\/article\\\/imisli-sakini-hokumetden-tek-isteyimiz-xestelerimize-baxmalaridir\\\/#primaryimage\",\"url\":\"https:\\\/\\\/www.meydan.tv\\\/wp-content\\\/uploads\\\/unnamed_4.jpg\",\"contentUrl\":\"https:\\\/\\\/www.meydan.tv\\\/wp-content\\\/uploads\\\/unnamed_4.jpg\",\"width\":1024,\"height\":576,\"caption\":\"Source: Specify Source\"},{\"@type\":\"BreadcrumbList\",\"@id\":\"https:\\\/\\\/www.meydan.tv\\\/az\\\/article\\\/imisli-sakini-hokumetden-tek-isteyimiz-xestelerimize-baxmalaridir\\\/#breadcrumb\",\"itemListElement\":[{\"@type\":\"ListItem\",\"position\":1,\"name\":\"Ana s\u0259hif\u0259\",\"item\":\"https:\\\/\\\/www.meydan.tv\\\/az\\\/\"},{\"@type\":\"ListItem\",\"position\":2,\"name\":\"B\u00f6lg\u0259\",\"item\":\"https:\\\/\\\/www.meydan.tv\\\/az\\\/section\\\/bolge\\\/\"},{\"@type\":\"ListItem\",\"position\":3,\"name\":\"\u0130mi\u015fli sakini: H\u00f6kum\u0259td\u0259n t\u0259k ist\u0259yimiz x\u0259st\u0259l\u0259rimiz\u0259 baxmalar\u0131d\u0131r\"}]},{\"@type\":\"WebSite\",\"@id\":\"https:\\\/\\\/www.meydan.tv\\\/az\\\/#website\",\"url\":\"https:\\\/\\\/www.meydan.tv\\\/az\\\/\",\"name\":\"MEYDAN.TV\",\"description\":\"Meydan TV Az\u0259rbaycan\u0131n media m\u0259kan\u0131ndak\u0131 alternativ s\u0259sidir\",\"publisher\":{\"@id\":\"https:\\\/\\\/www.meydan.tv\\\/az\\\/#organization\"},\"potentialAction\":[{\"@type\":\"SearchAction\",\"target\":{\"@type\":\"EntryPoint\",\"urlTemplate\":\"https:\\\/\\\/www.meydan.tv\\\/az\\\/?s={search_term_string}\"},\"query-input\":{\"@type\":\"PropertyValueSpecification\",\"valueRequired\":true,\"valueName\":\"search_term_string\"}}],\"inLanguage\":\"az\"},{\"@type\":\"Organization\",\"@id\":\"https:\\\/\\\/www.meydan.tv\\\/az\\\/#organization\",\"name\":\"Meydan TV\",\"url\":\"https:\\\/\\\/www.meydan.tv\\\/az\\\/\",\"logo\":{\"@type\":\"ImageObject\",\"inLanguage\":\"az\",\"@id\":\"https:\\\/\\\/www.meydan.tv\\\/az\\\/#\\\/schema\\\/logo\\\/image\\\/\",\"url\":\"https:\\\/\\\/www.meydan.tv\\\/wp-content\\\/uploads\\\/2021\\\/07\\\/meydan-logo.svg\",\"contentUrl\":\"https:\\\/\\\/www.meydan.tv\\\/wp-content\\\/uploads\\\/2021\\\/07\\\/meydan-logo.svg\",\"width\":195,\"height\":46,\"caption\":\"Meydan TV\"},\"image\":{\"@id\":\"https:\\\/\\\/www.meydan.tv\\\/az\\\/#\\\/schema\\\/logo\\\/image\\\/\"}},{\"@type\":\"Person\",\"@id\":\"https:\\\/\\\/www.meydan.tv\\\/az\\\/#\\\/schema\\\/person\\\/10d11eccf6da3662cf5fdab9806ea91a\",\"name\":\"user-manager\"}]}<\/script>\n<!-- \/ Yoast SEO plugin. -->","yoast_head_json":{"title":"\u0130mi\u015fli sakini: H\u00f6kum\u0259td\u0259n t\u0259k ist\u0259yimiz x\u0259st\u0259l\u0259rimiz\u0259 baxmalar\u0131d\u0131r - MEYDAN.TV","robots":{"index":"index","follow":"follow","max-snippet":"max-snippet:-1","max-image-preview":"max-image-preview:large","max-video-preview":"max-video-preview:-1"},"canonical":"https:\/\/www.meydan.tv\/az\/article\/imisli-sakini-hokumetden-tek-isteyimiz-xestelerimize-baxmalaridir\/","og_locale":"az_AZ","og_type":"article","og_title":"\u0130mi\u015fli sakini: H\u00f6kum\u0259td\u0259n t\u0259k ist\u0259yimiz x\u0259st\u0259l\u0259rimiz\u0259 baxmalar\u0131d\u0131r - MEYDAN.TV","og_description":"\"B\u00f6y\u00fck n\u0259s\u0259 ist\u0259mirik h\u00f6kum\u0259td\u0259n\"","og_url":"https:\/\/www.meydan.tv\/az\/article\/imisli-sakini-hokumetden-tek-isteyimiz-xestelerimize-baxmalaridir\/","og_site_name":"MEYDAN.TV","article_published_time":"2020-06-28T14:33:10+00:00","og_image":[{"width":1024,"height":576,"url":"https:\/\/www.meydan.tv\/wp-content\/uploads\/unnamed_4.jpg","type":"image\/jpeg"}],"author":"user-manager","twitter_card":"summary_large_image","schema":{"@context":"https:\/\/schema.org","@graph":[{"@type":"Article","@id":"https:\/\/www.meydan.tv\/az\/article\/imisli-sakini-hokumetden-tek-isteyimiz-xestelerimize-baxmalaridir\/#article","isPartOf":{"@id":"https:\/\/www.meydan.tv\/az\/article\/imisli-sakini-hokumetden-tek-isteyimiz-xestelerimize-baxmalaridir\/"},"author":{"name":"user-manager","@id":"https:\/\/www.meydan.tv\/az\/#\/schema\/person\/10d11eccf6da3662cf5fdab9806ea91a"},"headline":"\u0130mi\u015fli sakini: H\u00f6kum\u0259td\u0259n t\u0259k ist\u0259yimiz x\u0259st\u0259l\u0259rimiz\u0259 baxmalar\u0131d\u0131r","datePublished":"2020-06-28T14:33:10+00:00","mainEntityOfPage":{"@id":"https:\/\/www.meydan.tv\/az\/article\/imisli-sakini-hokumetden-tek-isteyimiz-xestelerimize-baxmalaridir\/"},"wordCount":1377,"publisher":{"@id":"https:\/\/www.meydan.tv\/az\/#organization"},"image":{"@id":"https:\/\/www.meydan.tv\/az\/article\/imisli-sakini-hokumetden-tek-isteyimiz-xestelerimize-baxmalaridir\/#primaryimage"},"thumbnailUrl":"https:\/\/www.meydan.tv\/wp-content\/uploads\/unnamed_4.jpg","articleSection":["B\u00f6lg\u0259"],"inLanguage":"az"},{"@type":"WebPage","@id":"https:\/\/www.meydan.tv\/az\/article\/imisli-sakini-hokumetden-tek-isteyimiz-xestelerimize-baxmalaridir\/","url":"https:\/\/www.meydan.tv\/az\/article\/imisli-sakini-hokumetden-tek-isteyimiz-xestelerimize-baxmalaridir\/","name":"\u0130mi\u015fli sakini: H\u00f6kum\u0259td\u0259n t\u0259k ist\u0259yimiz x\u0259st\u0259l\u0259rimiz\u0259 baxmalar\u0131d\u0131r - MEYDAN.TV","isPartOf":{"@id":"https:\/\/www.meydan.tv\/az\/#website"},"primaryImageOfPage":{"@id":"https:\/\/www.meydan.tv\/az\/article\/imisli-sakini-hokumetden-tek-isteyimiz-xestelerimize-baxmalaridir\/#primaryimage"},"image":{"@id":"https:\/\/www.meydan.tv\/az\/article\/imisli-sakini-hokumetden-tek-isteyimiz-xestelerimize-baxmalaridir\/#primaryimage"},"thumbnailUrl":"https:\/\/www.meydan.tv\/wp-content\/uploads\/unnamed_4.jpg","datePublished":"2020-06-28T14:33:10+00:00","breadcrumb":{"@id":"https:\/\/www.meydan.tv\/az\/article\/imisli-sakini-hokumetden-tek-isteyimiz-xestelerimize-baxmalaridir\/#breadcrumb"},"inLanguage":"az","potentialAction":[{"@type":"ReadAction","target":["https:\/\/www.meydan.tv\/az\/article\/imisli-sakini-hokumetden-tek-isteyimiz-xestelerimize-baxmalaridir\/"]}]},{"@type":"ImageObject","inLanguage":"az","@id":"https:\/\/www.meydan.tv\/az\/article\/imisli-sakini-hokumetden-tek-isteyimiz-xestelerimize-baxmalaridir\/#primaryimage","url":"https:\/\/www.meydan.tv\/wp-content\/uploads\/unnamed_4.jpg","contentUrl":"https:\/\/www.meydan.tv\/wp-content\/uploads\/unnamed_4.jpg","width":1024,"height":576,"caption":"Source: Specify Source"},{"@type":"BreadcrumbList","@id":"https:\/\/www.meydan.tv\/az\/article\/imisli-sakini-hokumetden-tek-isteyimiz-xestelerimize-baxmalaridir\/#breadcrumb","itemListElement":[{"@type":"ListItem","position":1,"name":"Ana s\u0259hif\u0259","item":"https:\/\/www.meydan.tv\/az\/"},{"@type":"ListItem","position":2,"name":"B\u00f6lg\u0259","item":"https:\/\/www.meydan.tv\/az\/section\/bolge\/"},{"@type":"ListItem","position":3,"name":"\u0130mi\u015fli sakini: H\u00f6kum\u0259td\u0259n t\u0259k ist\u0259yimiz x\u0259st\u0259l\u0259rimiz\u0259 baxmalar\u0131d\u0131r"}]},{"@type":"WebSite","@id":"https:\/\/www.meydan.tv\/az\/#website","url":"https:\/\/www.meydan.tv\/az\/","name":"MEYDAN.TV","description":"Meydan TV Az\u0259rbaycan\u0131n media m\u0259kan\u0131ndak\u0131 alternativ s\u0259sidir","publisher":{"@id":"https:\/\/www.meydan.tv\/az\/#organization"},"potentialAction":[{"@type":"SearchAction","target":{"@type":"EntryPoint","urlTemplate":"https:\/\/www.meydan.tv\/az\/?s={search_term_string}"},"query-input":{"@type":"PropertyValueSpecification","valueRequired":true,"valueName":"search_term_string"}}],"inLanguage":"az"},{"@type":"Organization","@id":"https:\/\/www.meydan.tv\/az\/#organization","name":"Meydan TV","url":"https:\/\/www.meydan.tv\/az\/","logo":{"@type":"ImageObject","inLanguage":"az","@id":"https:\/\/www.meydan.tv\/az\/#\/schema\/logo\/image\/","url":"https:\/\/www.meydan.tv\/wp-content\/uploads\/2021\/07\/meydan-logo.svg","contentUrl":"https:\/\/www.meydan.tv\/wp-content\/uploads\/2021\/07\/meydan-logo.svg","width":195,"height":46,"caption":"Meydan TV"},"image":{"@id":"https:\/\/www.meydan.tv\/az\/#\/schema\/logo\/image\/"}},{"@type":"Person","@id":"https:\/\/www.meydan.tv\/az\/#\/schema\/person\/10d11eccf6da3662cf5fdab9806ea91a","name":"user-manager"}]}},"_links":{"self":[{"href":"https:\/\/www.meydan.tv\/az\/wp-json\/wp\/v2\/posts\/201217","targetHints":{"allow":["GET"]}}],"collection":[{"href":"https:\/\/www.meydan.tv\/az\/wp-json\/wp\/v2\/posts"}],"about":[{"href":"https:\/\/www.meydan.tv\/az\/wp-json\/wp\/v2\/types\/post"}],"author":[{"embeddable":true,"href":"https:\/\/www.meydan.tv\/az\/wp-json\/wp\/v2\/users\/11"}],"replies":[{"embeddable":true,"href":"https:\/\/www.meydan.tv\/az\/wp-json\/wp\/v2\/comments?post=201217"}],"version-history":[{"count":0,"href":"https:\/\/www.meydan.tv\/az\/wp-json\/wp\/v2\/posts\/201217\/revisions"}],"wp:featuredmedia":[{"embeddable":true,"href":"https:\/\/www.meydan.tv\/az\/wp-json\/wp\/v2\/media\/143588"}],"wp:attachment":[{"href":"https:\/\/www.meydan.tv\/az\/wp-json\/wp\/v2\/media?parent=201217"}],"wp:term":[{"taxonomy":"category","embeddable":true,"href":"https:\/\/www.meydan.tv\/az\/wp-json\/wp\/v2\/categories?post=201217"},{"taxonomy":"post_tag","embeddable":true,"href":"https:\/\/www.meydan.tv\/az\/wp-json\/wp\/v2\/tags?post=201217"}],"curies":[{"name":"wp","href":"https:\/\/api.w.org\/{rel}","templated":true}]}}