{"id":201209,"date":"2020-06-27T15:05:27","date_gmt":"2020-06-27T15:05:27","guid":{"rendered":"https:\/\/www.meydan.tv\/article\/mustentiq-cinayetin-esas-sebebkarini-ort-basdir-edir\/"},"modified":"2020-06-27T15:05:27","modified_gmt":"2020-06-27T15:05:27","slug":"mustentiq-cinayetin-esas-sebebkarini-ort-basdir-edir","status":"publish","type":"post","link":"https:\/\/www.meydan.tv\/az\/article\/mustentiq-cinayetin-esas-sebebkarini-ort-basdir-edir\/","title":{"rendered":"\u201cM\u00fcst\u0259ntiq cinay\u0259tin \u0259sas s\u0259b\u0259bkar\u0131n\u0131 \u00f6rt-basd\u0131r edir\u201d"},"content":{"rendered":"<p>\n  <i><br \/>\n    3 h\u0259ft\u0259 \u0259vv\u0259l b\u0131\u00e7aqlanan G\u0259d\u0259b\u0259y sakini istintaqdan naraz\u0131d\u0131r<br \/>\n  <\/i>\n<\/p>\n<p>\n  \u201cDay\u0131s\u0131 u\u015fa\u011f\u0131n \u0259lin\u0259 b\u0131\u00e7aq verib, qollar\u0131m\u0131 tutub, u\u015fa\u011fa deyib, bac\u0131nla ba\u011fl\u0131 nalayiq s\u00f6zl\u0259r deyib, vur bunu, \u00f6ls\u00fcn. \u0130ndi u\u015fa\u011fa cinay\u0259t i\u015fi qald\u0131r\u0131blar, day\u0131n\u0131n ad\u0131 \u00e7\u0259kilmir. Ara\u015fd\u0131rm\u0131\u015fam ki, i\u015fi aparan m\u00fcst\u0259ntiql\u0259 qohum oldu\u011funa g\u00f6r\u0259 onu m\u0259suliyy\u0259td\u0259n k\u0259narda saxlay\u0131r, \u0259m\u0259ll\u0259rini \u00f6rt-basd\u0131r edir\u201d.\n<\/p>\n<p>\n  G\u0259d\u0259b\u0259yin \u00c7obank\u0259nd k\u0259nd sakini, 25 ya\u015fl\u0131 Ceyhun F\u0259t\u0259liyev Meydan TV-y\u0259 dan\u0131\u015f\u0131r ki, iyunun 4-d\u0259 h\u0259mk\u0259ndlisi \u0130brahim M\u0259mm\u0259dov t\u0259r\u0259find\u0259n b\u0131\u00e7aqlan\u0131b. Vaxt\u0131nda x\u0259st\u0259xanaya g\u00f6t\u00fcr\u00fclm\u0259si v\u0259 tibbi m\u00fcdaxil\u0259 edilm\u0259si n\u0259tic\u0259sind\u0259 sa\u011f qal\u0131b. 20 g\u00fcnd\u0259n \u00e7oxdur ki, G\u0259d\u0259b\u0259y Rayon Polis \u015e\u00f6b\u0259si bu hadis\u0259 il\u0259 ba\u011fl\u0131 cinay\u0259t i\u015fi ba\u015flay\u0131b. Ancaq istintaq\u0131 aparan ba\u015f m\u00fcst\u0259ntiq \u0130brahim H\u00fcseynovun t\u0259qsirl\u0259ndiril\u0259n t\u0259r\u0259fl\u0259 qohumluq \u0259laq\u0259l\u0259ri oldu\u011funa g\u00f6r\u0259 hadis\u0259nin \u0259sas s\u0259b\u0259bkar\u0131 v\u0259 i\u015ftirak\u00e7\u0131s\u0131 olan \u015f\u0259xs istintaqdan k\u0259narda qal\u0131b:\n<\/p>\n<p>\n  <b><br \/>\n    \u201cU\u015fa\u011fa dedi, n\u0259 durmusan, vur&#8230;\u201d<br \/>\n  <\/b>\n<\/p>\n<p>\n  \u201cYek\u0259 ki\u015fini k\u0259narda saxlay\u0131b, 15 ya\u015fl\u0131 u\u015fa\u011fa cinay\u0259t i\u015fi a\u00e7\u0131blar. O u\u015faq b\u0131\u00e7a\u011f\u0131 \u0259lin\u0259 \u00f6z fikriyl\u0259 g\u00f6t\u00fcrm\u0259yib, onu day\u0131s\u0131 g\u00f6nd\u0259rmi\u015fdi, sonra da dal\u0131yca g\u0259ldi, m\u0259ni yumruqlad\u0131, qollar\u0131m\u0131 tutdu, u\u015fa\u011fa dedi, n\u0259 durmusan, vur&#8230;\u201d\n<\/p>\n<p>\n  Ceyhun F\u0259t\u0259liyev deyir, iyunun 4-d\u0259 bir qon\u015fusuyla kartof sah\u0259sini d\u0259rmanlay\u0131rm\u0131\u015f. Bu vaxt sah\u0259nin yax\u0131nl\u0131\u011f\u0131nda ya\u015fayan h\u0259mk\u0259ndlisi Hafiz M\u0259mm\u0259dov sah\u0259y\u0259 g\u0259lib:\n<\/p>\n<p>\n  \u201cOndan \u0259vv\u0259l Hafizin bac\u0131s\u0131n\u0131n ail\u0259sind\u0259 bir m\u0259s\u0259l\u0259 olmu\u015fdu, o bar\u0259d\u0259 dan\u0131\u015fd\u0131q, Hafiz d\u0259 bac\u0131s\u0131n\u0131n qaras\u0131nca deyindi, bel\u0259 \u015feyl\u0259r\u0259 g\u00f6r\u0259 bac\u0131s\u0131yla k\u00fcs\u00fcl\u00fc oldu\u011funu dedi, getdi. Az sonra Hafizin 15 ya\u015fl\u0131 bac\u0131s\u0131 o\u011flu b\u0131\u00e7aqla sah\u0259y\u0259 g\u0259ldi bildirdi ki, day\u0131s\u0131 onlara gedib, dan\u0131\u015fd\u0131qlar\u0131m\u0131 \u00e7atd\u0131r\u0131b. M\u0259n u\u015fa\u011f\u0131n bil\u0259yind\u0259n tutdum, dedim, day\u0131n\u0131n s\u00f6z\u00fcn\u0259 aldanma, s\u0259n u\u015faqsan, bel\u0259 s\u00f6hb\u0259tl\u0259r\u0259 qar\u0131\u015fma, b\u0131\u00e7aqla oynama. Bu vaxt day\u0131s\u0131 da qa\u00e7a-qa\u00e7a g\u0259ldi, \u00fcz\u00fcmd\u0259n yumruqla vurdu, m\u0259n u\u015fa\u011f\u0131n bil\u0259yini buraxd\u0131m, day\u0131s\u0131 qollar\u0131m\u0131 tutdu, u\u015fa\u011fa g\u00f6st\u0259ri\u015f verdi ki, vur bunu. O da b\u0131\u00e7a\u011f\u0131 ciy\u0259rim\u0259 vurdu. M\u0259ni sah\u0259d\u0259 at\u0131b qa\u00e7d\u0131lar\u201d.\n<\/p>\n<p>\n  <b><br \/>\n    \u201cQanitirm\u0259d\u0259n \u00f6l\u0259c\u0259kdim\u201d<br \/>\n  <\/b>\n<\/p>\n<p>\n  Ceyhun F\u0259t\u0259liyev deyir, onunla birlikd\u0259 kartof sah\u0259sin\u0259 g\u0259lmi\u015f qon\u015fusu olmasayd\u0131, el\u0259 sah\u0259d\u0259c\u0259 qanitirm\u0259d\u0259n \u00f6l\u0259c\u0259kdi:\n<\/p>\n<p>\n  \u201cAdilin b\u00f6yr\u0259yini t\u0259z\u0259likc\u0259 \u0259m\u0259liyyatla g\u00f6t\u00fcr\u00fcbl\u0259r. Ona g\u00f6r\u0259 d\u0259 bunlar m\u0259ni b\u0131\u00e7aqlayanda, o yax\u0131n dura bilm\u0259di. Onlar ged\u0259nd\u0259n sonra m\u0259ni ma\u015f\u0131na qoyub x\u0259st\u0259xanaya \u00e7atd\u0131rd\u0131\u201c.\n<\/p>\n<p>\n  Ceyhun F\u0259t\u0259liyev \u0130brahimin day\u0131s\u0131n\u0131n da cinay\u0259t m\u0259suliyy\u0259tin\u0259 c\u0259lb olunmas\u0131n\u0131 ist\u0259yir.\n<\/p>\n<p>\n  G\u0259d\u0259b\u0259y Rayon Polis \u015e\u00f6b\u0259sind\u0259n bildirilib ki, \u0130brahim M\u0259mm\u0259dov istintaqa verdiyi ifad\u0259sind\u0259 Ceyhun F\u0259t\u0259liyevin onun ail\u0259 \u00fczv\u00fc il\u0259 ba\u011fl\u0131 nalayiq ifad\u0259l\u0259r i\u015fl\u0259tdiyin\u0259 g\u00f6r\u0259 vurdu\u011funu bildirib. \u0130brahim M\u0259mm\u0259dov bar\u0259sind\u0259 Cinay\u0259t M\u0259c\u0259ll\u0259sinin 126.1 (Q\u0259sd\u0259n sa\u011flaml\u0131\u011fa a\u011f\u0131r z\u0259r\u0259r vurma) madd\u0259si il\u0259 cinay\u0259t i\u015fi ba\u015flan\u0131b. Z\u0259r\u0259r\u00e7\u0259kmi\u015f Ceyhun F\u0259t\u0259liyevin t\u0259qsirl\u0259ndiril\u0259n \u015f\u0259xsin yax\u0131n qohumu Hafiz M\u0259mm\u0259dovla ba\u011fl\u0131 t\u0259qdim etdiyi b\u00fct\u00fcn x\u00fcsusatlar ara\u015fd\u0131r\u0131l\u0131r. \u0130stintaq davam etdiyi \u00fc\u00e7\u00fcn \u0259lav\u0259 m\u0259lumat verilm\u0259yib. Bu i\u015f \u00fczr\u0259 cinay\u0259t i\u015fi ba\u015flanmas\u0131 v\u0259 icraata q\u0259bul edilm\u0259si il\u0259 ba\u011fl\u0131 q\u0259rar\u0131 G\u0259d\u0259b\u0259y Rayon Polis \u015e\u00f6b\u0259sinin \u0130stintaq Qrupunun r\u0259isi, ba\u015f m\u00fcst\u0259ntiq \u0130brahim H\u00fcseynov imzalay\u0131b.\n<\/p>\n<p>\n  O da bildirilib ki, haz\u0131rda istintaq\u0131 aparan ba\u015f m\u00fcst\u0259ntiq \u0130brahim H\u00fcseynov yox, Nicat R\u00fcst\u0259movdur.\n<\/p>\n<figure class=\"wp-block-image size-large\">\n  <img decoding=\"async\" src=\"https:\/\/www.meydan.tv\/az\/image-from-ios-134-jpg\/\" alt=\"Image from iOS (134).jpg\" class=\"wp-image-143570\"\/><figcaption>\n    S\u0259n\u0259d<br \/>\n  <\/figcaption><\/figure>\n","protected":false},"excerpt":{"rendered":"<p>3 h\u0259ft\u0259 \u0259vv\u0259l b\u0131\u00e7aqlanan G\u0259d\u0259b\u0259y sakini istintaqdan naraz\u0131d\u0131r<\/p>\n","protected":false},"author":11,"featured_media":143567,"comment_status":"closed","ping_status":"open","sticky":false,"template":"","format":"standard","meta":{"_acf_changed":false,"_sitemap_exclude":false,"_sitemap_priority":"","_sitemap_frequency":"","footnotes":""},"categories":[60],"tags":[],"class_list":["post-201209","post","type-post","status-publish","format-standard","has-post-thumbnail","hentry","category-bolge","infinite-scroll-item","generate-columns","tablet-grid-50","mobile-grid-100","grid-parent","grid-33","no-featured-image-padding"],"acf":[],"yoast_head":"<!-- This site is optimized with the Yoast SEO plugin v27.5 - https:\/\/yoast.com\/product\/yoast-seo-wordpress\/ -->\n<title>\u201cM\u00fcst\u0259ntiq cinay\u0259tin \u0259sas s\u0259b\u0259bkar\u0131n\u0131 \u00f6rt-basd\u0131r edir\u201d - MEYDAN.TV<\/title>\n<meta name=\"robots\" content=\"index, follow, max-snippet:-1, max-image-preview:large, max-video-preview:-1\" \/>\n<link rel=\"canonical\" href=\"https:\/\/www.meydan.tv\/az\/article\/mustentiq-cinayetin-esas-sebebkarini-ort-basdir-edir\/\" \/>\n<meta property=\"og:locale\" content=\"az_AZ\" \/>\n<meta property=\"og:type\" content=\"article\" \/>\n<meta property=\"og:title\" content=\"\u201cM\u00fcst\u0259ntiq cinay\u0259tin \u0259sas s\u0259b\u0259bkar\u0131n\u0131 \u00f6rt-basd\u0131r edir\u201d - MEYDAN.TV\" \/>\n<meta property=\"og:description\" content=\"3 h\u0259ft\u0259 \u0259vv\u0259l b\u0131\u00e7aqlanan G\u0259d\u0259b\u0259y sakini istintaqdan naraz\u0131d\u0131r\" \/>\n<meta property=\"og:url\" content=\"https:\/\/www.meydan.tv\/az\/article\/mustentiq-cinayetin-esas-sebebkarini-ort-basdir-edir\/\" \/>\n<meta property=\"og:site_name\" content=\"MEYDAN.TV\" \/>\n<meta property=\"article:published_time\" content=\"2020-06-27T15:05:27+00:00\" \/>\n<meta property=\"og:image\" content=\"https:\/\/www.meydan.tv\/wp-content\/uploads\/untitled_design_55.png\" \/>\n\t<meta property=\"og:image:width\" content=\"1280\" \/>\n\t<meta property=\"og:image:height\" content=\"720\" \/>\n\t<meta property=\"og:image:type\" content=\"image\/png\" \/>\n<meta name=\"author\" content=\"user-manager\" \/>\n<meta name=\"twitter:card\" content=\"summary_large_image\" \/>\n<script type=\"application\/ld+json\" class=\"yoast-schema-graph\">{\"@context\":\"https:\\\/\\\/schema.org\",\"@graph\":[{\"@type\":\"Article\",\"@id\":\"https:\\\/\\\/www.meydan.tv\\\/az\\\/article\\\/mustentiq-cinayetin-esas-sebebkarini-ort-basdir-edir\\\/#article\",\"isPartOf\":{\"@id\":\"https:\\\/\\\/www.meydan.tv\\\/az\\\/article\\\/mustentiq-cinayetin-esas-sebebkarini-ort-basdir-edir\\\/\"},\"author\":{\"name\":\"user-manager\",\"@id\":\"https:\\\/\\\/www.meydan.tv\\\/az\\\/#\\\/schema\\\/person\\\/10d11eccf6da3662cf5fdab9806ea91a\"},\"headline\":\"\u201cM\u00fcst\u0259ntiq cinay\u0259tin \u0259sas s\u0259b\u0259bkar\u0131n\u0131 \u00f6rt-basd\u0131r edir\u201d\",\"datePublished\":\"2020-06-27T15:05:27+00:00\",\"mainEntityOfPage\":{\"@id\":\"https:\\\/\\\/www.meydan.tv\\\/az\\\/article\\\/mustentiq-cinayetin-esas-sebebkarini-ort-basdir-edir\\\/\"},\"wordCount\":767,\"publisher\":{\"@id\":\"https:\\\/\\\/www.meydan.tv\\\/az\\\/#organization\"},\"image\":{\"@id\":\"https:\\\/\\\/www.meydan.tv\\\/az\\\/article\\\/mustentiq-cinayetin-esas-sebebkarini-ort-basdir-edir\\\/#primaryimage\"},\"thumbnailUrl\":\"https:\\\/\\\/www.meydan.tv\\\/wp-content\\\/uploads\\\/untitled_design_55.png\",\"articleSection\":[\"B\u00f6lg\u0259\"],\"inLanguage\":\"az\"},{\"@type\":\"WebPage\",\"@id\":\"https:\\\/\\\/www.meydan.tv\\\/az\\\/article\\\/mustentiq-cinayetin-esas-sebebkarini-ort-basdir-edir\\\/\",\"url\":\"https:\\\/\\\/www.meydan.tv\\\/az\\\/article\\\/mustentiq-cinayetin-esas-sebebkarini-ort-basdir-edir\\\/\",\"name\":\"\u201cM\u00fcst\u0259ntiq cinay\u0259tin \u0259sas s\u0259b\u0259bkar\u0131n\u0131 \u00f6rt-basd\u0131r edir\u201d - MEYDAN.TV\",\"isPartOf\":{\"@id\":\"https:\\\/\\\/www.meydan.tv\\\/az\\\/#website\"},\"primaryImageOfPage\":{\"@id\":\"https:\\\/\\\/www.meydan.tv\\\/az\\\/article\\\/mustentiq-cinayetin-esas-sebebkarini-ort-basdir-edir\\\/#primaryimage\"},\"image\":{\"@id\":\"https:\\\/\\\/www.meydan.tv\\\/az\\\/article\\\/mustentiq-cinayetin-esas-sebebkarini-ort-basdir-edir\\\/#primaryimage\"},\"thumbnailUrl\":\"https:\\\/\\\/www.meydan.tv\\\/wp-content\\\/uploads\\\/untitled_design_55.png\",\"datePublished\":\"2020-06-27T15:05:27+00:00\",\"breadcrumb\":{\"@id\":\"https:\\\/\\\/www.meydan.tv\\\/az\\\/article\\\/mustentiq-cinayetin-esas-sebebkarini-ort-basdir-edir\\\/#breadcrumb\"},\"inLanguage\":\"az\",\"potentialAction\":[{\"@type\":\"ReadAction\",\"target\":[\"https:\\\/\\\/www.meydan.tv\\\/az\\\/article\\\/mustentiq-cinayetin-esas-sebebkarini-ort-basdir-edir\\\/\"]}]},{\"@type\":\"ImageObject\",\"inLanguage\":\"az\",\"@id\":\"https:\\\/\\\/www.meydan.tv\\\/az\\\/article\\\/mustentiq-cinayetin-esas-sebebkarini-ort-basdir-edir\\\/#primaryimage\",\"url\":\"https:\\\/\\\/www.meydan.tv\\\/wp-content\\\/uploads\\\/untitled_design_55.png\",\"contentUrl\":\"https:\\\/\\\/www.meydan.tv\\\/wp-content\\\/uploads\\\/untitled_design_55.png\",\"width\":1280,\"height\":720,\"caption\":\"Source: Meydan TV\"},{\"@type\":\"BreadcrumbList\",\"@id\":\"https:\\\/\\\/www.meydan.tv\\\/az\\\/article\\\/mustentiq-cinayetin-esas-sebebkarini-ort-basdir-edir\\\/#breadcrumb\",\"itemListElement\":[{\"@type\":\"ListItem\",\"position\":1,\"name\":\"Ana s\u0259hif\u0259\",\"item\":\"https:\\\/\\\/www.meydan.tv\\\/az\\\/\"},{\"@type\":\"ListItem\",\"position\":2,\"name\":\"B\u00f6lg\u0259\",\"item\":\"https:\\\/\\\/www.meydan.tv\\\/az\\\/section\\\/bolge\\\/\"},{\"@type\":\"ListItem\",\"position\":3,\"name\":\"\u201cM\u00fcst\u0259ntiq cinay\u0259tin \u0259sas s\u0259b\u0259bkar\u0131n\u0131 \u00f6rt-basd\u0131r edir\u201d\"}]},{\"@type\":\"WebSite\",\"@id\":\"https:\\\/\\\/www.meydan.tv\\\/az\\\/#website\",\"url\":\"https:\\\/\\\/www.meydan.tv\\\/az\\\/\",\"name\":\"MEYDAN.TV\",\"description\":\"Meydan TV Az\u0259rbaycan\u0131n media m\u0259kan\u0131ndak\u0131 alternativ s\u0259sidir\",\"publisher\":{\"@id\":\"https:\\\/\\\/www.meydan.tv\\\/az\\\/#organization\"},\"potentialAction\":[{\"@type\":\"SearchAction\",\"target\":{\"@type\":\"EntryPoint\",\"urlTemplate\":\"https:\\\/\\\/www.meydan.tv\\\/az\\\/?s={search_term_string}\"},\"query-input\":{\"@type\":\"PropertyValueSpecification\",\"valueRequired\":true,\"valueName\":\"search_term_string\"}}],\"inLanguage\":\"az\"},{\"@type\":\"Organization\",\"@id\":\"https:\\\/\\\/www.meydan.tv\\\/az\\\/#organization\",\"name\":\"Meydan TV\",\"url\":\"https:\\\/\\\/www.meydan.tv\\\/az\\\/\",\"logo\":{\"@type\":\"ImageObject\",\"inLanguage\":\"az\",\"@id\":\"https:\\\/\\\/www.meydan.tv\\\/az\\\/#\\\/schema\\\/logo\\\/image\\\/\",\"url\":\"https:\\\/\\\/www.meydan.tv\\\/wp-content\\\/uploads\\\/2021\\\/07\\\/meydan-logo.svg\",\"contentUrl\":\"https:\\\/\\\/www.meydan.tv\\\/wp-content\\\/uploads\\\/2021\\\/07\\\/meydan-logo.svg\",\"width\":195,\"height\":46,\"caption\":\"Meydan TV\"},\"image\":{\"@id\":\"https:\\\/\\\/www.meydan.tv\\\/az\\\/#\\\/schema\\\/logo\\\/image\\\/\"}},{\"@type\":\"Person\",\"@id\":\"https:\\\/\\\/www.meydan.tv\\\/az\\\/#\\\/schema\\\/person\\\/10d11eccf6da3662cf5fdab9806ea91a\",\"name\":\"user-manager\"}]}<\/script>\n<!-- \/ Yoast SEO plugin. -->","yoast_head_json":{"title":"\u201cM\u00fcst\u0259ntiq cinay\u0259tin \u0259sas s\u0259b\u0259bkar\u0131n\u0131 \u00f6rt-basd\u0131r edir\u201d - MEYDAN.TV","robots":{"index":"index","follow":"follow","max-snippet":"max-snippet:-1","max-image-preview":"max-image-preview:large","max-video-preview":"max-video-preview:-1"},"canonical":"https:\/\/www.meydan.tv\/az\/article\/mustentiq-cinayetin-esas-sebebkarini-ort-basdir-edir\/","og_locale":"az_AZ","og_type":"article","og_title":"\u201cM\u00fcst\u0259ntiq cinay\u0259tin \u0259sas s\u0259b\u0259bkar\u0131n\u0131 \u00f6rt-basd\u0131r edir\u201d - MEYDAN.TV","og_description":"3 h\u0259ft\u0259 \u0259vv\u0259l b\u0131\u00e7aqlanan G\u0259d\u0259b\u0259y sakini istintaqdan naraz\u0131d\u0131r","og_url":"https:\/\/www.meydan.tv\/az\/article\/mustentiq-cinayetin-esas-sebebkarini-ort-basdir-edir\/","og_site_name":"MEYDAN.TV","article_published_time":"2020-06-27T15:05:27+00:00","og_image":[{"width":1280,"height":720,"url":"https:\/\/www.meydan.tv\/wp-content\/uploads\/untitled_design_55.png","type":"image\/png"}],"author":"user-manager","twitter_card":"summary_large_image","schema":{"@context":"https:\/\/schema.org","@graph":[{"@type":"Article","@id":"https:\/\/www.meydan.tv\/az\/article\/mustentiq-cinayetin-esas-sebebkarini-ort-basdir-edir\/#article","isPartOf":{"@id":"https:\/\/www.meydan.tv\/az\/article\/mustentiq-cinayetin-esas-sebebkarini-ort-basdir-edir\/"},"author":{"name":"user-manager","@id":"https:\/\/www.meydan.tv\/az\/#\/schema\/person\/10d11eccf6da3662cf5fdab9806ea91a"},"headline":"\u201cM\u00fcst\u0259ntiq cinay\u0259tin \u0259sas s\u0259b\u0259bkar\u0131n\u0131 \u00f6rt-basd\u0131r edir\u201d","datePublished":"2020-06-27T15:05:27+00:00","mainEntityOfPage":{"@id":"https:\/\/www.meydan.tv\/az\/article\/mustentiq-cinayetin-esas-sebebkarini-ort-basdir-edir\/"},"wordCount":767,"publisher":{"@id":"https:\/\/www.meydan.tv\/az\/#organization"},"image":{"@id":"https:\/\/www.meydan.tv\/az\/article\/mustentiq-cinayetin-esas-sebebkarini-ort-basdir-edir\/#primaryimage"},"thumbnailUrl":"https:\/\/www.meydan.tv\/wp-content\/uploads\/untitled_design_55.png","articleSection":["B\u00f6lg\u0259"],"inLanguage":"az"},{"@type":"WebPage","@id":"https:\/\/www.meydan.tv\/az\/article\/mustentiq-cinayetin-esas-sebebkarini-ort-basdir-edir\/","url":"https:\/\/www.meydan.tv\/az\/article\/mustentiq-cinayetin-esas-sebebkarini-ort-basdir-edir\/","name":"\u201cM\u00fcst\u0259ntiq cinay\u0259tin \u0259sas s\u0259b\u0259bkar\u0131n\u0131 \u00f6rt-basd\u0131r edir\u201d - MEYDAN.TV","isPartOf":{"@id":"https:\/\/www.meydan.tv\/az\/#website"},"primaryImageOfPage":{"@id":"https:\/\/www.meydan.tv\/az\/article\/mustentiq-cinayetin-esas-sebebkarini-ort-basdir-edir\/#primaryimage"},"image":{"@id":"https:\/\/www.meydan.tv\/az\/article\/mustentiq-cinayetin-esas-sebebkarini-ort-basdir-edir\/#primaryimage"},"thumbnailUrl":"https:\/\/www.meydan.tv\/wp-content\/uploads\/untitled_design_55.png","datePublished":"2020-06-27T15:05:27+00:00","breadcrumb":{"@id":"https:\/\/www.meydan.tv\/az\/article\/mustentiq-cinayetin-esas-sebebkarini-ort-basdir-edir\/#breadcrumb"},"inLanguage":"az","potentialAction":[{"@type":"ReadAction","target":["https:\/\/www.meydan.tv\/az\/article\/mustentiq-cinayetin-esas-sebebkarini-ort-basdir-edir\/"]}]},{"@type":"ImageObject","inLanguage":"az","@id":"https:\/\/www.meydan.tv\/az\/article\/mustentiq-cinayetin-esas-sebebkarini-ort-basdir-edir\/#primaryimage","url":"https:\/\/www.meydan.tv\/wp-content\/uploads\/untitled_design_55.png","contentUrl":"https:\/\/www.meydan.tv\/wp-content\/uploads\/untitled_design_55.png","width":1280,"height":720,"caption":"Source: Meydan TV"},{"@type":"BreadcrumbList","@id":"https:\/\/www.meydan.tv\/az\/article\/mustentiq-cinayetin-esas-sebebkarini-ort-basdir-edir\/#breadcrumb","itemListElement":[{"@type":"ListItem","position":1,"name":"Ana s\u0259hif\u0259","item":"https:\/\/www.meydan.tv\/az\/"},{"@type":"ListItem","position":2,"name":"B\u00f6lg\u0259","item":"https:\/\/www.meydan.tv\/az\/section\/bolge\/"},{"@type":"ListItem","position":3,"name":"\u201cM\u00fcst\u0259ntiq cinay\u0259tin \u0259sas s\u0259b\u0259bkar\u0131n\u0131 \u00f6rt-basd\u0131r edir\u201d"}]},{"@type":"WebSite","@id":"https:\/\/www.meydan.tv\/az\/#website","url":"https:\/\/www.meydan.tv\/az\/","name":"MEYDAN.TV","description":"Meydan TV Az\u0259rbaycan\u0131n media m\u0259kan\u0131ndak\u0131 alternativ s\u0259sidir","publisher":{"@id":"https:\/\/www.meydan.tv\/az\/#organization"},"potentialAction":[{"@type":"SearchAction","target":{"@type":"EntryPoint","urlTemplate":"https:\/\/www.meydan.tv\/az\/?s={search_term_string}"},"query-input":{"@type":"PropertyValueSpecification","valueRequired":true,"valueName":"search_term_string"}}],"inLanguage":"az"},{"@type":"Organization","@id":"https:\/\/www.meydan.tv\/az\/#organization","name":"Meydan TV","url":"https:\/\/www.meydan.tv\/az\/","logo":{"@type":"ImageObject","inLanguage":"az","@id":"https:\/\/www.meydan.tv\/az\/#\/schema\/logo\/image\/","url":"https:\/\/www.meydan.tv\/wp-content\/uploads\/2021\/07\/meydan-logo.svg","contentUrl":"https:\/\/www.meydan.tv\/wp-content\/uploads\/2021\/07\/meydan-logo.svg","width":195,"height":46,"caption":"Meydan TV"},"image":{"@id":"https:\/\/www.meydan.tv\/az\/#\/schema\/logo\/image\/"}},{"@type":"Person","@id":"https:\/\/www.meydan.tv\/az\/#\/schema\/person\/10d11eccf6da3662cf5fdab9806ea91a","name":"user-manager"}]}},"_links":{"self":[{"href":"https:\/\/www.meydan.tv\/az\/wp-json\/wp\/v2\/posts\/201209","targetHints":{"allow":["GET"]}}],"collection":[{"href":"https:\/\/www.meydan.tv\/az\/wp-json\/wp\/v2\/posts"}],"about":[{"href":"https:\/\/www.meydan.tv\/az\/wp-json\/wp\/v2\/types\/post"}],"author":[{"embeddable":true,"href":"https:\/\/www.meydan.tv\/az\/wp-json\/wp\/v2\/users\/11"}],"replies":[{"embeddable":true,"href":"https:\/\/www.meydan.tv\/az\/wp-json\/wp\/v2\/comments?post=201209"}],"version-history":[{"count":0,"href":"https:\/\/www.meydan.tv\/az\/wp-json\/wp\/v2\/posts\/201209\/revisions"}],"wp:featuredmedia":[{"embeddable":true,"href":"https:\/\/www.meydan.tv\/az\/wp-json\/wp\/v2\/media\/143567"}],"wp:attachment":[{"href":"https:\/\/www.meydan.tv\/az\/wp-json\/wp\/v2\/media?parent=201209"}],"wp:term":[{"taxonomy":"category","embeddable":true,"href":"https:\/\/www.meydan.tv\/az\/wp-json\/wp\/v2\/categories?post=201209"},{"taxonomy":"post_tag","embeddable":true,"href":"https:\/\/www.meydan.tv\/az\/wp-json\/wp\/v2\/tags?post=201209"}],"curies":[{"name":"wp","href":"https:\/\/api.w.org\/{rel}","templated":true}]}}