{"id":201201,"date":"2020-06-26T18:13:55","date_gmt":"2020-06-26T18:13:55","guid":{"rendered":"https:\/\/www.meydan.tv\/article\/birinci-qrup-elil-ev-ve-dolanisiq-derdi-xesteliyi-de-yaddan-cixarir\/"},"modified":"2020-06-26T18:13:55","modified_gmt":"2020-06-26T18:13:55","slug":"birinci-qrup-elil-ev-ve-dolanisiq-derdi-xesteliyi-de-yaddan-cixarir","status":"publish","type":"post","link":"https:\/\/www.meydan.tv\/az\/article\/birinci-qrup-elil-ev-ve-dolanisiq-derdi-xesteliyi-de-yaddan-cixarir\/","title":{"rendered":"Birinci qrup \u0259lil: Ev v\u0259 dolan\u0131\u015f\u0131q d\u0259rdi x\u0259st\u0259liyi d\u0259 yaddan \u00e7\u0131xar\u0131r"},"content":{"rendered":"<p>\n  <i><br \/>\n    \u0130cra hakimiyy\u0259tinin g\u00fcc\u00fc hamam-tualetin tikintisi \u00fc\u00e7\u00fcn pul ay\u0131rma\u011fa \u00e7atd\u0131<br \/>\n  <\/i>\n<\/p>\n<p>\n  C\u0259lilabad\u0131n S\u0259rh\u0259dabad k\u0259nd sakini P\u0259rviz A\u011fayev h\u0259r\u0259k\u0259t qabiliyy\u0259tini tamamil\u0259 itirib. \u0130ndi s\u0259hh\u0259tind\u0259n \u0259lav\u0259 probleml\u0259ri d\u0259 var. H\u0259m ya\u015fad\u0131\u011f\u0131 ev q\u0259zal\u0131 v\u0259ziyy\u0259td\u0259dir, h\u0259m d\u0259 dolan\u0131\u015f\u0131\u011f\u0131 yax\u015f\u0131 deyil.\n<\/p>\n<p>\n  <b><br \/>\n    \u201c\u0130lyar\u0131m olar ki, he\u00e7 g\u0259z\u0259 bilmir\u0259m\u201d<br \/>\n  <\/b>\n<\/p>\n<p>\n  P\u0259rviz A\u011fayev miopatiyadan \u0259ziyy\u0259t \u00e7\u0259kir. Y\u0259ni \u0259z\u0259l\u0259 h\u00fcceyr\u0259l\u0259rind\u0259 metobolik prosesl\u0259rin pozulmas\u0131 ba\u015f verib. H\u0259kiml\u0259r x\u0259st\u0259liyin anadang\u0259lm\u0259 oldu\u011funu bildirir. Amma 30 ya\u015fl\u0131 g\u0259nc bununla raz\u0131la\u015fm\u0131r. P\u0259rviz A\u011fayev orta m\u0259kt\u0259bd\u0259 \u00f6z\u00fcn\u00fc yax\u015f\u0131 hiss etdiyini xat\u0131rlay\u0131r.\n<\/p>\n<p>\n  \u201c\u0130nki\u015faf 16-17 ya\u015f\u0131mdan sonra dayand\u0131. Geri getm\u0259y\u0259 ba\u015flad\u0131m. 20-21 ya\u015f\u0131mdan sonra x\u0259st\u0259lik \u00f6z\u00fcn\u00fc daha qabar\u0131q g\u00f6st\u0259rdi. \u018fvv\u0259ll\u0259r divardan tuta-tuta birt\u0259h\u0259r g\u0259zirdim. Sonra yeri\u015fim tamam s\u0131radan \u00e7\u0131xd\u0131. \u0130lyar\u0131m olar ki, he\u00e7 g\u0259z\u0259 bilmir\u0259m. Bir otaqdan o birisin\u0259 otura-otura gedir\u0259m\u201d, &#8211; S\u0259rh\u0259dabad k\u0259nd sakini dan\u0131\u015f\u0131r.\n<\/p>\n<p>\n  P\u0259rviz A\u011fayev deyir ki, ayaqlar\u0131ndan sonra qollar\u0131 da g\u00fccd\u0259n d\u00fc\u015fm\u0259y\u0259 ba\u015flay\u0131b. Yem\u0259k yey\u0259nd\u0259, \u00e7ay i\u00e7\u0259nd\u0259 bir qolu il\u0259 dig\u0259rini qald\u0131rma\u011fa \u00e7al\u0131\u015f\u0131r.\n<\/p>\n<p>\n  <b><br \/>\n    \u201cSosial \u015f\u0259b\u0259k\u0259d\u0259 yaz\u0131b \u0259rzaq k\u00f6m\u0259yi ist\u0259mi\u015fdim\u201d<br \/>\n  <\/b>\n<\/p>\n<p>\n  P\u0259rviz A\u011fayev birinci qrup \u0259lildir, iki k\u00f6rp\u0259 \u00f6vlad\u0131 var. S\u0259rh\u0259dabadda valideynl\u0259ri v\u0259 ail\u0259si il\u0259 ya\u015fay\u0131r. Alt\u0131 n\u0259f\u0259rlik b\u00f6y\u00fck ail\u0259y\u0259 ayda c\u0259mi 450 manat daimi pul g\u0259lir. Bunun 250 manat\u0131 \u00f6z\u00fcn\u00fcn ald\u0131\u011f\u0131 t\u0259qa\u00fcdd\u00fcr. C\u0259lilabadl\u0131 g\u0259nc bu pulun normal dolanma\u011fa yetm\u0259diyini, \u00e7ox s\u0131x\u0131nt\u0131 ke\u00e7irdikl\u0259rini deyir.\n<\/p>\n<p>\n  \u201cM\u0259cburiyy\u0259td\u0259n sosial \u015f\u0259b\u0259k\u0259d\u0259 yaz\u0131b \u0259rzaq k\u00f6m\u0259yi ist\u0259mi\u015fdim. Allaha and olsun, o iki u\u015fa\u011fa \u00f6z\u00fcm\u00fczd\u0259n \u00e7ox x\u0259rc gedir. U\u015faqlardan biri 3 ya\u015f\u0131 var, o biri 1 ya\u015f 3 ayl\u0131qd\u0131r. K\u0259ndd\u0259 ham\u0131 g\u00fccl\u0259 dolan\u0131r. Yazd\u0131m ki, g\u00f6r\u00fcb yard\u0131m ed\u0259rl\u0259rmi. Bak\u0131dan bir qad\u0131n \u0259rzaq g\u00f6nd\u0259rdi. Ev q\u0259zal\u0131 v\u0259ziyy\u0259td\u0259di. 30 ilin evidi. Ax\u0131r\u0131nc\u0131 d\u0259f\u0259 13 il \u0259vv\u0259l \u0259l g\u0259zdirilmi\u015fdi. \u0130ndi bir t\u0259r\u0259fi tamamil\u0259 s\u0131radan \u00e7\u0131x\u0131b. Divarlar d\u0259rin \u00e7at verib. P\u0259nc\u0259r\u0259l\u0259r s\u0131n\u0131q-s\u0131n\u0131qd\u0131r. Ev v\u0259 dolan\u0131\u015f\u0131q d\u0259rdi x\u0259st\u0259liyi d\u0259 yaddan \u00e7\u0131xar\u0131r\u201d, &#8211; m\u00fcsahibimiz dan\u0131\u015f\u0131r.\n<\/p>\n<p>\n  P\u0259rviz A\u011fayev \u00e7ox yer\u0259 m\u00fcraci\u0259t etdiyini, h\u0259tta Nazirl\u0259r Kabinetin\u0259 d\u0259 yazd\u0131\u011f\u0131n\u0131 bildirir. Dediyin\u0259 g\u00f6r\u0259, bir d\u0259f\u0259 C\u0259lilabad Rayon \u0130cra Hakimiyy\u0259tind\u0259n g\u0259lib 1500 manat veribl\u0259r: \u201cEv o q\u0259d\u0259r pis v\u0259ziyy\u0259td\u0259di ki, 1500 manatla d\u00fcz\u0259l\u0259n deyil. \u0130cra hakimiyy\u0259tinin g\u00fcc\u00fc hamam-tualetin tikintisi \u00fc\u00e7\u00fcn pul ay\u0131rma\u011fa \u00e7atd\u0131. Evin v\u0259ziyy\u0259tin\u0259 baxd\u0131q, h\u0259l\u0259 tikm\u0259y\u0259 ba\u015flamam\u0131\u015f\u0131q. \u00c7\u00fcnki bu v\u0259ziyy\u0259td\u0259 hamam-tualet d\u0259 \u00e7at ver\u0259c\u0259k. Ev b\u00fct\u00fcnl\u00fckl\u0259 xilas edilm\u0259lidir\u201d.\n<\/p>\n<figure class=\"wp-block-image size-large\">\n  <img decoding=\"async\" src=\"https:\/\/www.meydan.tv\/az\/untitled_design__7_-png-2\/\" alt=\"untitled_design__7_.png\" class=\"wp-image-143555\"\/><figcaption>\n    P\u0259rviz A\u011fayev<br \/>\n  <\/figcaption><\/figure>\n<p>\n  <b><br \/>\n    \u201cG\u00fccl\u00fc m\u00fcalic\u0259y\u0259 t\u0259l\u0259b olunan pul m\u0259nd\u0259 yoxdur\u201d<br \/>\n  <\/b>\n<\/p>\n<p>\n  P\u0259rviz A\u011fayev h\u0259r\u0259k\u0259t m\u0259hdudiyy\u0259tini aradan qald\u0131rmaq, inki\u015fafdan qalmamaq \u00fc\u00e7\u00fcn \u00e7ox m\u00fcbariz\u0259 apar\u0131b. M\u00fcalic\u0259 \u00fc\u00e7\u00fcn Az\u0259rbaycan\u0131n bir \u00e7ox yerl\u0259rind\u0259 olub, h\u0259tta \u0130rana da gedib. \u0130ndiki v\u0259ziyy\u0259t\u0259 d\u00fc\u015fm\u0259m\u0259k \u00fc\u00e7\u00fcn \u0259lind\u0259nm g\u0259l\u0259ni etm\u0259y\u0259 \u00e7al\u0131\u015f\u0131b. Ax\u0131r\u0131nc\u0131 d\u0259f\u0259 Bak\u0131n\u0131n \u015eaqan q\u0259s\u0259b\u0259sind\u0259 \u018flill\u0259r \u00fc\u00e7\u00fcn M\u00fcalic\u0259 Pansionat\u0131nda m\u00fcalic\u0259 al\u0131b:\n<\/p>\n<p>\n  \u201c\u018fvv\u0259ll\u0259r sanatoriyalara m\u00fcalic\u0259y\u0259 gedirdim. \u00dcmidverici s\u00f6zl\u0259r e\u015fitmirdim. Bir ild\u0259n \u00e7oxdur m\u00fcalic\u0259ni dayand\u0131rm\u0131\u015fam. \u0130randan g\u0259l\u0259nd\u0259n sonra bir az inki\u015faf hiss el\u0259dim. Amma m\u00fcalic\u0259nin davam\u0131n\u0131 g\u0259tir\u0259 bilm\u0259dim. Normal m\u00fcalic\u0259 olsayd\u0131, b\u0259lk\u0259 d\u0259, sa\u011falard\u0131m. He\u00e7 olmasa, g\u0259z\u0259rdim. \u00c7ox \u015fey\u0259 imkan \u00e7atmad\u0131. Bir ay m\u00fcalic\u0259 el\u0259tdirirdim, yax\u015f\u0131la\u015f\u0131rd\u0131m, davam el\u0259m\u0259y\u0259 maddi g\u00fcc\u00fcm qalm\u0131rd\u0131. G\u00fccl\u00fc m\u00fcalic\u0259y\u0259 t\u0259l\u0259b olunan pul m\u0259nd\u0259 yoxdu. Daha h\u0259kiml\u0259r sa\u011faltma\u011fa da s\u00f6z vermir, tam m\u00fcalic\u0259nin daha m\u00fcmk\u00fcn olmad\u0131\u011f\u0131n\u0131 deyirl\u0259r\u201d.\n<\/p>\n<p>\n  P\u0259rviz A\u011fayev bir az \u00fcmidsizliy\u0259 qap\u0131l\u0131b. G\u0259zm\u0259k arzusu h\u0259mi\u015f\u0259 var, amma indi daha \u00e7ox ail\u0259nin bu g\u00fcn\u00fc, sabah\u0131 haqq\u0131nda d\u00fc\u015f\u00fcn\u00fcr.<\/p>\n","protected":false},"excerpt":{"rendered":"<p>&#8220;Bir ay m\u00fcalic\u0259 el\u0259tdirirdim, yax\u015f\u0131la\u015f\u0131rd\u0131m, davam el\u0259m\u0259y\u0259 maddi g\u00fcc\u00fcm qalm\u0131rd\u0131&#8221;.<\/p>\n","protected":false},"author":11,"featured_media":143549,"comment_status":"closed","ping_status":"open","sticky":false,"template":"","format":"standard","meta":{"_acf_changed":false,"_sitemap_exclude":false,"_sitemap_priority":"","_sitemap_frequency":"","footnotes":""},"categories":[60],"tags":[],"class_list":["post-201201","post","type-post","status-publish","format-standard","has-post-thumbnail","hentry","category-bolge","infinite-scroll-item","generate-columns","tablet-grid-50","mobile-grid-100","grid-parent","grid-33","no-featured-image-padding"],"acf":[],"yoast_head":"<!-- This site is optimized with the Yoast SEO plugin v27.5 - https:\/\/yoast.com\/product\/yoast-seo-wordpress\/ -->\n<title>Birinci qrup \u0259lil: Ev v\u0259 dolan\u0131\u015f\u0131q d\u0259rdi x\u0259st\u0259liyi d\u0259 yaddan \u00e7\u0131xar\u0131r - MEYDAN.TV<\/title>\n<meta name=\"robots\" content=\"index, follow, max-snippet:-1, max-image-preview:large, max-video-preview:-1\" \/>\n<link rel=\"canonical\" href=\"https:\/\/www.meydan.tv\/az\/article\/birinci-qrup-elil-ev-ve-dolanisiq-derdi-xesteliyi-de-yaddan-cixarir\/\" \/>\n<meta property=\"og:locale\" content=\"az_AZ\" \/>\n<meta property=\"og:type\" content=\"article\" \/>\n<meta property=\"og:title\" content=\"Birinci qrup \u0259lil: Ev v\u0259 dolan\u0131\u015f\u0131q d\u0259rdi x\u0259st\u0259liyi d\u0259 yaddan \u00e7\u0131xar\u0131r - MEYDAN.TV\" \/>\n<meta property=\"og:description\" content=\"&quot;Bir ay m\u00fcalic\u0259 el\u0259tdirirdim, yax\u015f\u0131la\u015f\u0131rd\u0131m, davam el\u0259m\u0259y\u0259 maddi g\u00fcc\u00fcm qalm\u0131rd\u0131&quot;.\" \/>\n<meta property=\"og:url\" content=\"https:\/\/www.meydan.tv\/az\/article\/birinci-qrup-elil-ev-ve-dolanisiq-derdi-xesteliyi-de-yaddan-cixarir\/\" \/>\n<meta property=\"og:site_name\" content=\"MEYDAN.TV\" \/>\n<meta property=\"article:published_time\" content=\"2020-06-26T18:13:55+00:00\" \/>\n<meta property=\"og:image\" content=\"https:\/\/www.meydan.tv\/wp-content\/uploads\/copy_of_sayt-cover_ddkn0lg.png\" \/>\n\t<meta property=\"og:image:width\" content=\"1280\" \/>\n\t<meta property=\"og:image:height\" content=\"720\" \/>\n\t<meta property=\"og:image:type\" content=\"image\/png\" \/>\n<meta name=\"author\" content=\"user-manager\" \/>\n<meta name=\"twitter:card\" content=\"summary_large_image\" \/>\n<script type=\"application\/ld+json\" class=\"yoast-schema-graph\">{\"@context\":\"https:\\\/\\\/schema.org\",\"@graph\":[{\"@type\":\"Article\",\"@id\":\"https:\\\/\\\/www.meydan.tv\\\/az\\\/article\\\/birinci-qrup-elil-ev-ve-dolanisiq-derdi-xesteliyi-de-yaddan-cixarir\\\/#article\",\"isPartOf\":{\"@id\":\"https:\\\/\\\/www.meydan.tv\\\/az\\\/article\\\/birinci-qrup-elil-ev-ve-dolanisiq-derdi-xesteliyi-de-yaddan-cixarir\\\/\"},\"author\":{\"name\":\"user-manager\",\"@id\":\"https:\\\/\\\/www.meydan.tv\\\/az\\\/#\\\/schema\\\/person\\\/10d11eccf6da3662cf5fdab9806ea91a\"},\"headline\":\"Birinci qrup \u0259lil: Ev v\u0259 dolan\u0131\u015f\u0131q d\u0259rdi x\u0259st\u0259liyi d\u0259 yaddan \u00e7\u0131xar\u0131r\",\"datePublished\":\"2020-06-26T18:13:55+00:00\",\"mainEntityOfPage\":{\"@id\":\"https:\\\/\\\/www.meydan.tv\\\/az\\\/article\\\/birinci-qrup-elil-ev-ve-dolanisiq-derdi-xesteliyi-de-yaddan-cixarir\\\/\"},\"wordCount\":822,\"publisher\":{\"@id\":\"https:\\\/\\\/www.meydan.tv\\\/az\\\/#organization\"},\"image\":{\"@id\":\"https:\\\/\\\/www.meydan.tv\\\/az\\\/article\\\/birinci-qrup-elil-ev-ve-dolanisiq-derdi-xesteliyi-de-yaddan-cixarir\\\/#primaryimage\"},\"thumbnailUrl\":\"https:\\\/\\\/www.meydan.tv\\\/wp-content\\\/uploads\\\/copy_of_sayt-cover_ddkn0lg.png\",\"articleSection\":[\"B\u00f6lg\u0259\"],\"inLanguage\":\"az\"},{\"@type\":\"WebPage\",\"@id\":\"https:\\\/\\\/www.meydan.tv\\\/az\\\/article\\\/birinci-qrup-elil-ev-ve-dolanisiq-derdi-xesteliyi-de-yaddan-cixarir\\\/\",\"url\":\"https:\\\/\\\/www.meydan.tv\\\/az\\\/article\\\/birinci-qrup-elil-ev-ve-dolanisiq-derdi-xesteliyi-de-yaddan-cixarir\\\/\",\"name\":\"Birinci qrup \u0259lil: Ev v\u0259 dolan\u0131\u015f\u0131q d\u0259rdi x\u0259st\u0259liyi d\u0259 yaddan \u00e7\u0131xar\u0131r - MEYDAN.TV\",\"isPartOf\":{\"@id\":\"https:\\\/\\\/www.meydan.tv\\\/az\\\/#website\"},\"primaryImageOfPage\":{\"@id\":\"https:\\\/\\\/www.meydan.tv\\\/az\\\/article\\\/birinci-qrup-elil-ev-ve-dolanisiq-derdi-xesteliyi-de-yaddan-cixarir\\\/#primaryimage\"},\"image\":{\"@id\":\"https:\\\/\\\/www.meydan.tv\\\/az\\\/article\\\/birinci-qrup-elil-ev-ve-dolanisiq-derdi-xesteliyi-de-yaddan-cixarir\\\/#primaryimage\"},\"thumbnailUrl\":\"https:\\\/\\\/www.meydan.tv\\\/wp-content\\\/uploads\\\/copy_of_sayt-cover_ddkn0lg.png\",\"datePublished\":\"2020-06-26T18:13:55+00:00\",\"breadcrumb\":{\"@id\":\"https:\\\/\\\/www.meydan.tv\\\/az\\\/article\\\/birinci-qrup-elil-ev-ve-dolanisiq-derdi-xesteliyi-de-yaddan-cixarir\\\/#breadcrumb\"},\"inLanguage\":\"az\",\"potentialAction\":[{\"@type\":\"ReadAction\",\"target\":[\"https:\\\/\\\/www.meydan.tv\\\/az\\\/article\\\/birinci-qrup-elil-ev-ve-dolanisiq-derdi-xesteliyi-de-yaddan-cixarir\\\/\"]}]},{\"@type\":\"ImageObject\",\"inLanguage\":\"az\",\"@id\":\"https:\\\/\\\/www.meydan.tv\\\/az\\\/article\\\/birinci-qrup-elil-ev-ve-dolanisiq-derdi-xesteliyi-de-yaddan-cixarir\\\/#primaryimage\",\"url\":\"https:\\\/\\\/www.meydan.tv\\\/wp-content\\\/uploads\\\/copy_of_sayt-cover_ddkn0lg.png\",\"contentUrl\":\"https:\\\/\\\/www.meydan.tv\\\/wp-content\\\/uploads\\\/copy_of_sayt-cover_ddkn0lg.png\",\"width\":1280,\"height\":720,\"caption\":\"Source: Specify Source\"},{\"@type\":\"BreadcrumbList\",\"@id\":\"https:\\\/\\\/www.meydan.tv\\\/az\\\/article\\\/birinci-qrup-elil-ev-ve-dolanisiq-derdi-xesteliyi-de-yaddan-cixarir\\\/#breadcrumb\",\"itemListElement\":[{\"@type\":\"ListItem\",\"position\":1,\"name\":\"Ana s\u0259hif\u0259\",\"item\":\"https:\\\/\\\/www.meydan.tv\\\/az\\\/\"},{\"@type\":\"ListItem\",\"position\":2,\"name\":\"B\u00f6lg\u0259\",\"item\":\"https:\\\/\\\/www.meydan.tv\\\/az\\\/section\\\/bolge\\\/\"},{\"@type\":\"ListItem\",\"position\":3,\"name\":\"Birinci qrup \u0259lil: Ev v\u0259 dolan\u0131\u015f\u0131q d\u0259rdi x\u0259st\u0259liyi d\u0259 yaddan \u00e7\u0131xar\u0131r\"}]},{\"@type\":\"WebSite\",\"@id\":\"https:\\\/\\\/www.meydan.tv\\\/az\\\/#website\",\"url\":\"https:\\\/\\\/www.meydan.tv\\\/az\\\/\",\"name\":\"MEYDAN.TV\",\"description\":\"Meydan TV Az\u0259rbaycan\u0131n media m\u0259kan\u0131ndak\u0131 alternativ s\u0259sidir\",\"publisher\":{\"@id\":\"https:\\\/\\\/www.meydan.tv\\\/az\\\/#organization\"},\"potentialAction\":[{\"@type\":\"SearchAction\",\"target\":{\"@type\":\"EntryPoint\",\"urlTemplate\":\"https:\\\/\\\/www.meydan.tv\\\/az\\\/?s={search_term_string}\"},\"query-input\":{\"@type\":\"PropertyValueSpecification\",\"valueRequired\":true,\"valueName\":\"search_term_string\"}}],\"inLanguage\":\"az\"},{\"@type\":\"Organization\",\"@id\":\"https:\\\/\\\/www.meydan.tv\\\/az\\\/#organization\",\"name\":\"Meydan TV\",\"url\":\"https:\\\/\\\/www.meydan.tv\\\/az\\\/\",\"logo\":{\"@type\":\"ImageObject\",\"inLanguage\":\"az\",\"@id\":\"https:\\\/\\\/www.meydan.tv\\\/az\\\/#\\\/schema\\\/logo\\\/image\\\/\",\"url\":\"https:\\\/\\\/www.meydan.tv\\\/wp-content\\\/uploads\\\/2021\\\/07\\\/meydan-logo.svg\",\"contentUrl\":\"https:\\\/\\\/www.meydan.tv\\\/wp-content\\\/uploads\\\/2021\\\/07\\\/meydan-logo.svg\",\"width\":195,\"height\":46,\"caption\":\"Meydan TV\"},\"image\":{\"@id\":\"https:\\\/\\\/www.meydan.tv\\\/az\\\/#\\\/schema\\\/logo\\\/image\\\/\"}},{\"@type\":\"Person\",\"@id\":\"https:\\\/\\\/www.meydan.tv\\\/az\\\/#\\\/schema\\\/person\\\/10d11eccf6da3662cf5fdab9806ea91a\",\"name\":\"user-manager\"}]}<\/script>\n<!-- \/ Yoast SEO plugin. -->","yoast_head_json":{"title":"Birinci qrup \u0259lil: Ev v\u0259 dolan\u0131\u015f\u0131q d\u0259rdi x\u0259st\u0259liyi d\u0259 yaddan \u00e7\u0131xar\u0131r - MEYDAN.TV","robots":{"index":"index","follow":"follow","max-snippet":"max-snippet:-1","max-image-preview":"max-image-preview:large","max-video-preview":"max-video-preview:-1"},"canonical":"https:\/\/www.meydan.tv\/az\/article\/birinci-qrup-elil-ev-ve-dolanisiq-derdi-xesteliyi-de-yaddan-cixarir\/","og_locale":"az_AZ","og_type":"article","og_title":"Birinci qrup \u0259lil: Ev v\u0259 dolan\u0131\u015f\u0131q d\u0259rdi x\u0259st\u0259liyi d\u0259 yaddan \u00e7\u0131xar\u0131r - MEYDAN.TV","og_description":"\"Bir ay m\u00fcalic\u0259 el\u0259tdirirdim, yax\u015f\u0131la\u015f\u0131rd\u0131m, davam el\u0259m\u0259y\u0259 maddi g\u00fcc\u00fcm qalm\u0131rd\u0131\".","og_url":"https:\/\/www.meydan.tv\/az\/article\/birinci-qrup-elil-ev-ve-dolanisiq-derdi-xesteliyi-de-yaddan-cixarir\/","og_site_name":"MEYDAN.TV","article_published_time":"2020-06-26T18:13:55+00:00","og_image":[{"width":1280,"height":720,"url":"https:\/\/www.meydan.tv\/wp-content\/uploads\/copy_of_sayt-cover_ddkn0lg.png","type":"image\/png"}],"author":"user-manager","twitter_card":"summary_large_image","schema":{"@context":"https:\/\/schema.org","@graph":[{"@type":"Article","@id":"https:\/\/www.meydan.tv\/az\/article\/birinci-qrup-elil-ev-ve-dolanisiq-derdi-xesteliyi-de-yaddan-cixarir\/#article","isPartOf":{"@id":"https:\/\/www.meydan.tv\/az\/article\/birinci-qrup-elil-ev-ve-dolanisiq-derdi-xesteliyi-de-yaddan-cixarir\/"},"author":{"name":"user-manager","@id":"https:\/\/www.meydan.tv\/az\/#\/schema\/person\/10d11eccf6da3662cf5fdab9806ea91a"},"headline":"Birinci qrup \u0259lil: Ev v\u0259 dolan\u0131\u015f\u0131q d\u0259rdi x\u0259st\u0259liyi d\u0259 yaddan \u00e7\u0131xar\u0131r","datePublished":"2020-06-26T18:13:55+00:00","mainEntityOfPage":{"@id":"https:\/\/www.meydan.tv\/az\/article\/birinci-qrup-elil-ev-ve-dolanisiq-derdi-xesteliyi-de-yaddan-cixarir\/"},"wordCount":822,"publisher":{"@id":"https:\/\/www.meydan.tv\/az\/#organization"},"image":{"@id":"https:\/\/www.meydan.tv\/az\/article\/birinci-qrup-elil-ev-ve-dolanisiq-derdi-xesteliyi-de-yaddan-cixarir\/#primaryimage"},"thumbnailUrl":"https:\/\/www.meydan.tv\/wp-content\/uploads\/copy_of_sayt-cover_ddkn0lg.png","articleSection":["B\u00f6lg\u0259"],"inLanguage":"az"},{"@type":"WebPage","@id":"https:\/\/www.meydan.tv\/az\/article\/birinci-qrup-elil-ev-ve-dolanisiq-derdi-xesteliyi-de-yaddan-cixarir\/","url":"https:\/\/www.meydan.tv\/az\/article\/birinci-qrup-elil-ev-ve-dolanisiq-derdi-xesteliyi-de-yaddan-cixarir\/","name":"Birinci qrup \u0259lil: Ev v\u0259 dolan\u0131\u015f\u0131q d\u0259rdi x\u0259st\u0259liyi d\u0259 yaddan \u00e7\u0131xar\u0131r - MEYDAN.TV","isPartOf":{"@id":"https:\/\/www.meydan.tv\/az\/#website"},"primaryImageOfPage":{"@id":"https:\/\/www.meydan.tv\/az\/article\/birinci-qrup-elil-ev-ve-dolanisiq-derdi-xesteliyi-de-yaddan-cixarir\/#primaryimage"},"image":{"@id":"https:\/\/www.meydan.tv\/az\/article\/birinci-qrup-elil-ev-ve-dolanisiq-derdi-xesteliyi-de-yaddan-cixarir\/#primaryimage"},"thumbnailUrl":"https:\/\/www.meydan.tv\/wp-content\/uploads\/copy_of_sayt-cover_ddkn0lg.png","datePublished":"2020-06-26T18:13:55+00:00","breadcrumb":{"@id":"https:\/\/www.meydan.tv\/az\/article\/birinci-qrup-elil-ev-ve-dolanisiq-derdi-xesteliyi-de-yaddan-cixarir\/#breadcrumb"},"inLanguage":"az","potentialAction":[{"@type":"ReadAction","target":["https:\/\/www.meydan.tv\/az\/article\/birinci-qrup-elil-ev-ve-dolanisiq-derdi-xesteliyi-de-yaddan-cixarir\/"]}]},{"@type":"ImageObject","inLanguage":"az","@id":"https:\/\/www.meydan.tv\/az\/article\/birinci-qrup-elil-ev-ve-dolanisiq-derdi-xesteliyi-de-yaddan-cixarir\/#primaryimage","url":"https:\/\/www.meydan.tv\/wp-content\/uploads\/copy_of_sayt-cover_ddkn0lg.png","contentUrl":"https:\/\/www.meydan.tv\/wp-content\/uploads\/copy_of_sayt-cover_ddkn0lg.png","width":1280,"height":720,"caption":"Source: Specify Source"},{"@type":"BreadcrumbList","@id":"https:\/\/www.meydan.tv\/az\/article\/birinci-qrup-elil-ev-ve-dolanisiq-derdi-xesteliyi-de-yaddan-cixarir\/#breadcrumb","itemListElement":[{"@type":"ListItem","position":1,"name":"Ana s\u0259hif\u0259","item":"https:\/\/www.meydan.tv\/az\/"},{"@type":"ListItem","position":2,"name":"B\u00f6lg\u0259","item":"https:\/\/www.meydan.tv\/az\/section\/bolge\/"},{"@type":"ListItem","position":3,"name":"Birinci qrup \u0259lil: Ev v\u0259 dolan\u0131\u015f\u0131q d\u0259rdi x\u0259st\u0259liyi d\u0259 yaddan \u00e7\u0131xar\u0131r"}]},{"@type":"WebSite","@id":"https:\/\/www.meydan.tv\/az\/#website","url":"https:\/\/www.meydan.tv\/az\/","name":"MEYDAN.TV","description":"Meydan TV Az\u0259rbaycan\u0131n media m\u0259kan\u0131ndak\u0131 alternativ s\u0259sidir","publisher":{"@id":"https:\/\/www.meydan.tv\/az\/#organization"},"potentialAction":[{"@type":"SearchAction","target":{"@type":"EntryPoint","urlTemplate":"https:\/\/www.meydan.tv\/az\/?s={search_term_string}"},"query-input":{"@type":"PropertyValueSpecification","valueRequired":true,"valueName":"search_term_string"}}],"inLanguage":"az"},{"@type":"Organization","@id":"https:\/\/www.meydan.tv\/az\/#organization","name":"Meydan TV","url":"https:\/\/www.meydan.tv\/az\/","logo":{"@type":"ImageObject","inLanguage":"az","@id":"https:\/\/www.meydan.tv\/az\/#\/schema\/logo\/image\/","url":"https:\/\/www.meydan.tv\/wp-content\/uploads\/2021\/07\/meydan-logo.svg","contentUrl":"https:\/\/www.meydan.tv\/wp-content\/uploads\/2021\/07\/meydan-logo.svg","width":195,"height":46,"caption":"Meydan TV"},"image":{"@id":"https:\/\/www.meydan.tv\/az\/#\/schema\/logo\/image\/"}},{"@type":"Person","@id":"https:\/\/www.meydan.tv\/az\/#\/schema\/person\/10d11eccf6da3662cf5fdab9806ea91a","name":"user-manager"}]}},"_links":{"self":[{"href":"https:\/\/www.meydan.tv\/az\/wp-json\/wp\/v2\/posts\/201201","targetHints":{"allow":["GET"]}}],"collection":[{"href":"https:\/\/www.meydan.tv\/az\/wp-json\/wp\/v2\/posts"}],"about":[{"href":"https:\/\/www.meydan.tv\/az\/wp-json\/wp\/v2\/types\/post"}],"author":[{"embeddable":true,"href":"https:\/\/www.meydan.tv\/az\/wp-json\/wp\/v2\/users\/11"}],"replies":[{"embeddable":true,"href":"https:\/\/www.meydan.tv\/az\/wp-json\/wp\/v2\/comments?post=201201"}],"version-history":[{"count":0,"href":"https:\/\/www.meydan.tv\/az\/wp-json\/wp\/v2\/posts\/201201\/revisions"}],"wp:featuredmedia":[{"embeddable":true,"href":"https:\/\/www.meydan.tv\/az\/wp-json\/wp\/v2\/media\/143549"}],"wp:attachment":[{"href":"https:\/\/www.meydan.tv\/az\/wp-json\/wp\/v2\/media?parent=201201"}],"wp:term":[{"taxonomy":"category","embeddable":true,"href":"https:\/\/www.meydan.tv\/az\/wp-json\/wp\/v2\/categories?post=201201"},{"taxonomy":"post_tag","embeddable":true,"href":"https:\/\/www.meydan.tv\/az\/wp-json\/wp\/v2\/tags?post=201201"}],"curies":[{"name":"wp","href":"https:\/\/api.w.org\/{rel}","templated":true}]}}