{"id":201190,"date":"2020-06-26T13:41:09","date_gmt":"2020-06-26T13:41:09","guid":{"rendered":"https:\/\/www.meydan.tv\/article\/sumqayitdaki-dogum-evinde-koronavirus-askarlanib-olen-var\/"},"modified":"2020-06-26T13:41:09","modified_gmt":"2020-06-26T13:41:09","slug":"sumqayitdaki-dogum-evinde-koronavirus-askarlanib-olen-var","status":"publish","type":"post","link":"https:\/\/www.meydan.tv\/az\/article\/sumqayitdaki-dogum-evinde-koronavirus-askarlanib-olen-var\/","title":{"rendered":"Sumqay\u0131tdak\u0131 do\u011fum evind\u0259 koronavirus a\u015fkarlan\u0131b, \u00f6l\u0259n var"},"content":{"rendered":"<p>\n  <i><br \/>\n    Ba\u015f h\u0259kim: \u201cDo\u011fum evi \u00f6l\u0259n i\u015f\u00e7iy\u0259 g\u00f6r\u0259 ba\u011flanmay\u0131b, dezinfeksiya t\u0259dbirl\u0259ri apar\u0131l\u0131r\u201d<br \/>\n  <\/i>\n<\/p>\n<p>\n  Sumqay\u0131t \u015f\u0259h\u0259rind\u0259 yerl\u0259\u015f\u0259n 2 sayl\u0131 do\u011fum evind\u0259 18 n\u0259f\u0259rin COV\u0130D-19 infeksiyas\u0131na yoluxdu\u011fu, bir i\u015f\u00e7inin is\u0259 \u00f6ld\u00fcy\u00fc deyilir.\n<\/p>\n<p>\n  Bu bar\u0259d\u0259 Meydan TV-y\u0259 m\u0259lumat\u0131 s\u00f6z\u00fcged\u0259n do\u011fum evinin ad\u0131n\u0131n a\u00e7\u0131qlanmas\u0131n\u0131 ist\u0259m\u0259y\u0259n \u0259m\u0259kda\u015f\u0131 verib. Onun s\u00f6zl\u0259rin\u0259 g\u00f6r\u0259, h\u0259yat\u0131n\u0131 itir\u0259n \u015f\u0259xs do\u011fum evinin yem\u0259kxanas\u0131nda \u00e7al\u0131\u015f\u0131b. Bu s\u0259b\u0259bd\u0259n Sumqay\u0131t 2 sayl\u0131 do\u011fum evi nam\u0259lum m\u00fcdd\u0259t\u0259 ba\u011flan\u0131b. Do\u011fum evin\u0259 g\u0259l\u0259n \u015f\u0259xsl\u0259ri is\u0259 Sumqay\u0131t 1 sayl\u0131 do\u011fum evin\u0259 y\u00f6n\u0259ldirl\u0259r.\n<\/p>\n<p>\n  Ba\u015fqa bir m\u0259nb\u0259nin s\u00f6zl\u0259rin\u0259 g\u00f6r\u0259 is\u0259 2 sayl\u0131 do\u011fum evinin arxas\u0131nda yerl\u0259\u015f\u0259n Yoluxucu X\u0259st\u0259likl\u0259r X\u0259st\u0259xanas\u0131nda da 1 n\u0259f\u0259r d\u0259 COV\u0130D-19 infeksiyas\u0131ndan v\u0259fat edib.\n<\/p>\n<p>\n  Sumqay\u0131t 2 sayl\u0131 do\u011fum evinin Ba\u015f h\u0259kimi X\u0259dic\u0259 Binn\u0259tzad\u0259 m\u0259lumat\u0131 qism\u0259n t\u0259sdiql\u0259yib v\u0259 x\u0259st\u0259xan\u0131n iyunun 27-d\u0259n f\u0259aliyy\u0259tini b\u0259rpa ed\u0259c\u0259yini \u0259lav\u0259 edib:\n<\/p>\n<p>\n  \u201cDo\u011fum evi \u00f6l\u0259n i\u015f\u00e7iy\u0259 g\u00f6r\u0259 ba\u011flanmay\u0131b, dezinfeksiya t\u0259dbirl\u0259ri apar\u0131l\u0131r. Sabahdan a\u00e7\u0131lacaq\u201d.\n<\/p>\n<p>\n  Ba\u015f h\u0259kim x\u0259st\u0259xanada COV\u0130D-19 infeksiyas\u0131na yoluxma hallar\u0131n\u0131n oldu\u011funu bildirib:\n<\/p>\n<p>\n  \u201c\u018fg\u0259r b\u00fct\u00fcn respublikada yoluxma varsa, bizd\u0259 \u00e7al\u0131\u015fanlar x\u00fcsusi adamlar deyil, qohumlar\u0131ndan da ke\u00e7\u0259 bil\u0259r. Yem\u0259kxana i\u015f\u00e7isi is\u0259 a\u011f\u0131r x\u0259st\u0259 idi, dedil\u0259r ki, koronavirusa yoluxub, amma biz\u0259 \u00f6l\u00fcm ka\u011f\u0131z\u0131 verm\u0259dil\u0259r. 1 sayl\u0131 x\u0259st\u0259xanada yat\u0131rd\u0131\u201d.\n<\/p>\n<p>\n  R\u0259smi m\u0259lumata g\u00f6r\u0259, pandemiya elan olunandan Az\u0259rbaycanda 7 h\u0259kim v\u0259fat edib.\n<\/p>\n<p>\n  Az\u0259rbaycanda indiy\u0259 q\u0259d\u0259r 14 min 852 n\u0259f\u0259r COV\u0130D-19 infeksiyas\u0131na yoluxub. Onlardan 8059 n\u0259f\u0259r m\u00fcalic\u0259 olunaraq sa\u011fal\u0131b, 180 x\u0259st\u0259 \u00f6l\u00fcb. Aktiv x\u0259st\u0259 say\u0131 6613 n\u0259f\u0259rdir.<\/p>\n","protected":false},"excerpt":{"rendered":"<p>Sumqay\u0131t 2 sayl\u0131 do\u011fum evinin Ba\u015f h\u0259kimi X\u0259dic\u0259 Binn\u0259tzad\u0259 m\u0259lumat\u0131 qism\u0259n t\u0259sdiql\u0259yib v\u0259 x\u0259st\u0259xan\u0131n iyunun 27-d\u0259n f\u0259aliyy\u0259tini b\u0259rpa ed\u0259c\u0259yini \u0259lav\u0259 edib<\/p>\n","protected":false},"author":11,"featured_media":139191,"comment_status":"closed","ping_status":"open","sticky":false,"template":"","format":"standard","meta":{"_acf_changed":false,"_sitemap_exclude":false,"_sitemap_priority":"","_sitemap_frequency":"","footnotes":""},"categories":[60],"tags":[],"class_list":["post-201190","post","type-post","status-publish","format-standard","has-post-thumbnail","hentry","category-bolge","infinite-scroll-item","generate-columns","tablet-grid-50","mobile-grid-100","grid-parent","grid-33","no-featured-image-padding"],"acf":[],"yoast_head":"<!-- This site is optimized with the Yoast SEO plugin v27.5 - https:\/\/yoast.com\/product\/yoast-seo-wordpress\/ -->\n<title>Sumqay\u0131tdak\u0131 do\u011fum evind\u0259 koronavirus a\u015fkarlan\u0131b, \u00f6l\u0259n var - MEYDAN.TV<\/title>\n<meta name=\"robots\" content=\"index, follow, max-snippet:-1, max-image-preview:large, max-video-preview:-1\" \/>\n<link rel=\"canonical\" href=\"https:\/\/www.meydan.tv\/az\/article\/sumqayitdaki-dogum-evinde-koronavirus-askarlanib-olen-var\/\" \/>\n<meta property=\"og:locale\" content=\"az_AZ\" \/>\n<meta property=\"og:type\" content=\"article\" \/>\n<meta property=\"og:title\" content=\"Sumqay\u0131tdak\u0131 do\u011fum evind\u0259 koronavirus a\u015fkarlan\u0131b, \u00f6l\u0259n var - MEYDAN.TV\" \/>\n<meta property=\"og:description\" content=\"Sumqay\u0131t 2 sayl\u0131 do\u011fum evinin Ba\u015f h\u0259kimi X\u0259dic\u0259 Binn\u0259tzad\u0259 m\u0259lumat\u0131 qism\u0259n t\u0259sdiql\u0259yib v\u0259 x\u0259st\u0259xan\u0131n iyunun 27-d\u0259n f\u0259aliyy\u0259tini b\u0259rpa ed\u0259c\u0259yini \u0259lav\u0259 edib\" \/>\n<meta property=\"og:url\" content=\"https:\/\/www.meydan.tv\/az\/article\/sumqayitdaki-dogum-evinde-koronavirus-askarlanib-olen-var\/\" \/>\n<meta property=\"og:site_name\" content=\"MEYDAN.TV\" \/>\n<meta property=\"article:published_time\" content=\"2020-06-26T13:41:09+00:00\" \/>\n<meta property=\"og:image\" content=\"https:\/\/www.meydan.tv\/wp-content\/uploads\/1583585642878_ukc4nldo_y0lcdzt.jpg\" \/>\n\t<meta property=\"og:image:width\" content=\"750\" \/>\n\t<meta property=\"og:image:height\" content=\"500\" \/>\n\t<meta property=\"og:image:type\" content=\"image\/jpeg\" \/>\n<meta name=\"author\" content=\"user-manager\" \/>\n<meta name=\"twitter:card\" content=\"summary_large_image\" \/>\n<script type=\"application\/ld+json\" class=\"yoast-schema-graph\">{\"@context\":\"https:\\\/\\\/schema.org\",\"@graph\":[{\"@type\":\"Article\",\"@id\":\"https:\\\/\\\/www.meydan.tv\\\/az\\\/article\\\/sumqayitdaki-dogum-evinde-koronavirus-askarlanib-olen-var\\\/#article\",\"isPartOf\":{\"@id\":\"https:\\\/\\\/www.meydan.tv\\\/az\\\/article\\\/sumqayitdaki-dogum-evinde-koronavirus-askarlanib-olen-var\\\/\"},\"author\":{\"name\":\"user-manager\",\"@id\":\"https:\\\/\\\/www.meydan.tv\\\/az\\\/#\\\/schema\\\/person\\\/10d11eccf6da3662cf5fdab9806ea91a\"},\"headline\":\"Sumqay\u0131tdak\u0131 do\u011fum evind\u0259 koronavirus a\u015fkarlan\u0131b, \u00f6l\u0259n var\",\"datePublished\":\"2020-06-26T13:41:09+00:00\",\"mainEntityOfPage\":{\"@id\":\"https:\\\/\\\/www.meydan.tv\\\/az\\\/article\\\/sumqayitdaki-dogum-evinde-koronavirus-askarlanib-olen-var\\\/\"},\"wordCount\":366,\"publisher\":{\"@id\":\"https:\\\/\\\/www.meydan.tv\\\/az\\\/#organization\"},\"image\":{\"@id\":\"https:\\\/\\\/www.meydan.tv\\\/az\\\/article\\\/sumqayitdaki-dogum-evinde-koronavirus-askarlanib-olen-var\\\/#primaryimage\"},\"thumbnailUrl\":\"https:\\\/\\\/www.meydan.tv\\\/wp-content\\\/uploads\\\/1583585642878_ukc4nldo_y0lcdzt.jpg\",\"articleSection\":[\"B\u00f6lg\u0259\"],\"inLanguage\":\"az\"},{\"@type\":\"WebPage\",\"@id\":\"https:\\\/\\\/www.meydan.tv\\\/az\\\/article\\\/sumqayitdaki-dogum-evinde-koronavirus-askarlanib-olen-var\\\/\",\"url\":\"https:\\\/\\\/www.meydan.tv\\\/az\\\/article\\\/sumqayitdaki-dogum-evinde-koronavirus-askarlanib-olen-var\\\/\",\"name\":\"Sumqay\u0131tdak\u0131 do\u011fum evind\u0259 koronavirus a\u015fkarlan\u0131b, \u00f6l\u0259n var - MEYDAN.TV\",\"isPartOf\":{\"@id\":\"https:\\\/\\\/www.meydan.tv\\\/az\\\/#website\"},\"primaryImageOfPage\":{\"@id\":\"https:\\\/\\\/www.meydan.tv\\\/az\\\/article\\\/sumqayitdaki-dogum-evinde-koronavirus-askarlanib-olen-var\\\/#primaryimage\"},\"image\":{\"@id\":\"https:\\\/\\\/www.meydan.tv\\\/az\\\/article\\\/sumqayitdaki-dogum-evinde-koronavirus-askarlanib-olen-var\\\/#primaryimage\"},\"thumbnailUrl\":\"https:\\\/\\\/www.meydan.tv\\\/wp-content\\\/uploads\\\/1583585642878_ukc4nldo_y0lcdzt.jpg\",\"datePublished\":\"2020-06-26T13:41:09+00:00\",\"breadcrumb\":{\"@id\":\"https:\\\/\\\/www.meydan.tv\\\/az\\\/article\\\/sumqayitdaki-dogum-evinde-koronavirus-askarlanib-olen-var\\\/#breadcrumb\"},\"inLanguage\":\"az\",\"potentialAction\":[{\"@type\":\"ReadAction\",\"target\":[\"https:\\\/\\\/www.meydan.tv\\\/az\\\/article\\\/sumqayitdaki-dogum-evinde-koronavirus-askarlanib-olen-var\\\/\"]}]},{\"@type\":\"ImageObject\",\"inLanguage\":\"az\",\"@id\":\"https:\\\/\\\/www.meydan.tv\\\/az\\\/article\\\/sumqayitdaki-dogum-evinde-koronavirus-askarlanib-olen-var\\\/#primaryimage\",\"url\":\"https:\\\/\\\/www.meydan.tv\\\/wp-content\\\/uploads\\\/1583585642878_ukc4nldo_y0lcdzt.jpg\",\"contentUrl\":\"https:\\\/\\\/www.meydan.tv\\\/wp-content\\\/uploads\\\/1583585642878_ukc4nldo_y0lcdzt.jpg\",\"width\":750,\"height\":500,\"caption\":\"Source: Foto: sosial \u015f\u0259b\u0259k\u0259\"},{\"@type\":\"BreadcrumbList\",\"@id\":\"https:\\\/\\\/www.meydan.tv\\\/az\\\/article\\\/sumqayitdaki-dogum-evinde-koronavirus-askarlanib-olen-var\\\/#breadcrumb\",\"itemListElement\":[{\"@type\":\"ListItem\",\"position\":1,\"name\":\"Ana s\u0259hif\u0259\",\"item\":\"https:\\\/\\\/www.meydan.tv\\\/az\\\/\"},{\"@type\":\"ListItem\",\"position\":2,\"name\":\"B\u00f6lg\u0259\",\"item\":\"https:\\\/\\\/www.meydan.tv\\\/az\\\/section\\\/bolge\\\/\"},{\"@type\":\"ListItem\",\"position\":3,\"name\":\"Sumqay\u0131tdak\u0131 do\u011fum evind\u0259 koronavirus a\u015fkarlan\u0131b, \u00f6l\u0259n var\"}]},{\"@type\":\"WebSite\",\"@id\":\"https:\\\/\\\/www.meydan.tv\\\/az\\\/#website\",\"url\":\"https:\\\/\\\/www.meydan.tv\\\/az\\\/\",\"name\":\"MEYDAN.TV\",\"description\":\"Meydan TV Az\u0259rbaycan\u0131n media m\u0259kan\u0131ndak\u0131 alternativ s\u0259sidir\",\"publisher\":{\"@id\":\"https:\\\/\\\/www.meydan.tv\\\/az\\\/#organization\"},\"potentialAction\":[{\"@type\":\"SearchAction\",\"target\":{\"@type\":\"EntryPoint\",\"urlTemplate\":\"https:\\\/\\\/www.meydan.tv\\\/az\\\/?s={search_term_string}\"},\"query-input\":{\"@type\":\"PropertyValueSpecification\",\"valueRequired\":true,\"valueName\":\"search_term_string\"}}],\"inLanguage\":\"az\"},{\"@type\":\"Organization\",\"@id\":\"https:\\\/\\\/www.meydan.tv\\\/az\\\/#organization\",\"name\":\"Meydan TV\",\"url\":\"https:\\\/\\\/www.meydan.tv\\\/az\\\/\",\"logo\":{\"@type\":\"ImageObject\",\"inLanguage\":\"az\",\"@id\":\"https:\\\/\\\/www.meydan.tv\\\/az\\\/#\\\/schema\\\/logo\\\/image\\\/\",\"url\":\"https:\\\/\\\/www.meydan.tv\\\/wp-content\\\/uploads\\\/2021\\\/07\\\/meydan-logo.svg\",\"contentUrl\":\"https:\\\/\\\/www.meydan.tv\\\/wp-content\\\/uploads\\\/2021\\\/07\\\/meydan-logo.svg\",\"width\":195,\"height\":46,\"caption\":\"Meydan TV\"},\"image\":{\"@id\":\"https:\\\/\\\/www.meydan.tv\\\/az\\\/#\\\/schema\\\/logo\\\/image\\\/\"}},{\"@type\":\"Person\",\"@id\":\"https:\\\/\\\/www.meydan.tv\\\/az\\\/#\\\/schema\\\/person\\\/10d11eccf6da3662cf5fdab9806ea91a\",\"name\":\"user-manager\"}]}<\/script>\n<!-- \/ Yoast SEO plugin. -->","yoast_head_json":{"title":"Sumqay\u0131tdak\u0131 do\u011fum evind\u0259 koronavirus a\u015fkarlan\u0131b, \u00f6l\u0259n var - MEYDAN.TV","robots":{"index":"index","follow":"follow","max-snippet":"max-snippet:-1","max-image-preview":"max-image-preview:large","max-video-preview":"max-video-preview:-1"},"canonical":"https:\/\/www.meydan.tv\/az\/article\/sumqayitdaki-dogum-evinde-koronavirus-askarlanib-olen-var\/","og_locale":"az_AZ","og_type":"article","og_title":"Sumqay\u0131tdak\u0131 do\u011fum evind\u0259 koronavirus a\u015fkarlan\u0131b, \u00f6l\u0259n var - MEYDAN.TV","og_description":"Sumqay\u0131t 2 sayl\u0131 do\u011fum evinin Ba\u015f h\u0259kimi X\u0259dic\u0259 Binn\u0259tzad\u0259 m\u0259lumat\u0131 qism\u0259n t\u0259sdiql\u0259yib v\u0259 x\u0259st\u0259xan\u0131n iyunun 27-d\u0259n f\u0259aliyy\u0259tini b\u0259rpa ed\u0259c\u0259yini \u0259lav\u0259 edib","og_url":"https:\/\/www.meydan.tv\/az\/article\/sumqayitdaki-dogum-evinde-koronavirus-askarlanib-olen-var\/","og_site_name":"MEYDAN.TV","article_published_time":"2020-06-26T13:41:09+00:00","og_image":[{"width":750,"height":500,"url":"https:\/\/www.meydan.tv\/wp-content\/uploads\/1583585642878_ukc4nldo_y0lcdzt.jpg","type":"image\/jpeg"}],"author":"user-manager","twitter_card":"summary_large_image","schema":{"@context":"https:\/\/schema.org","@graph":[{"@type":"Article","@id":"https:\/\/www.meydan.tv\/az\/article\/sumqayitdaki-dogum-evinde-koronavirus-askarlanib-olen-var\/#article","isPartOf":{"@id":"https:\/\/www.meydan.tv\/az\/article\/sumqayitdaki-dogum-evinde-koronavirus-askarlanib-olen-var\/"},"author":{"name":"user-manager","@id":"https:\/\/www.meydan.tv\/az\/#\/schema\/person\/10d11eccf6da3662cf5fdab9806ea91a"},"headline":"Sumqay\u0131tdak\u0131 do\u011fum evind\u0259 koronavirus a\u015fkarlan\u0131b, \u00f6l\u0259n var","datePublished":"2020-06-26T13:41:09+00:00","mainEntityOfPage":{"@id":"https:\/\/www.meydan.tv\/az\/article\/sumqayitdaki-dogum-evinde-koronavirus-askarlanib-olen-var\/"},"wordCount":366,"publisher":{"@id":"https:\/\/www.meydan.tv\/az\/#organization"},"image":{"@id":"https:\/\/www.meydan.tv\/az\/article\/sumqayitdaki-dogum-evinde-koronavirus-askarlanib-olen-var\/#primaryimage"},"thumbnailUrl":"https:\/\/www.meydan.tv\/wp-content\/uploads\/1583585642878_ukc4nldo_y0lcdzt.jpg","articleSection":["B\u00f6lg\u0259"],"inLanguage":"az"},{"@type":"WebPage","@id":"https:\/\/www.meydan.tv\/az\/article\/sumqayitdaki-dogum-evinde-koronavirus-askarlanib-olen-var\/","url":"https:\/\/www.meydan.tv\/az\/article\/sumqayitdaki-dogum-evinde-koronavirus-askarlanib-olen-var\/","name":"Sumqay\u0131tdak\u0131 do\u011fum evind\u0259 koronavirus a\u015fkarlan\u0131b, \u00f6l\u0259n var - MEYDAN.TV","isPartOf":{"@id":"https:\/\/www.meydan.tv\/az\/#website"},"primaryImageOfPage":{"@id":"https:\/\/www.meydan.tv\/az\/article\/sumqayitdaki-dogum-evinde-koronavirus-askarlanib-olen-var\/#primaryimage"},"image":{"@id":"https:\/\/www.meydan.tv\/az\/article\/sumqayitdaki-dogum-evinde-koronavirus-askarlanib-olen-var\/#primaryimage"},"thumbnailUrl":"https:\/\/www.meydan.tv\/wp-content\/uploads\/1583585642878_ukc4nldo_y0lcdzt.jpg","datePublished":"2020-06-26T13:41:09+00:00","breadcrumb":{"@id":"https:\/\/www.meydan.tv\/az\/article\/sumqayitdaki-dogum-evinde-koronavirus-askarlanib-olen-var\/#breadcrumb"},"inLanguage":"az","potentialAction":[{"@type":"ReadAction","target":["https:\/\/www.meydan.tv\/az\/article\/sumqayitdaki-dogum-evinde-koronavirus-askarlanib-olen-var\/"]}]},{"@type":"ImageObject","inLanguage":"az","@id":"https:\/\/www.meydan.tv\/az\/article\/sumqayitdaki-dogum-evinde-koronavirus-askarlanib-olen-var\/#primaryimage","url":"https:\/\/www.meydan.tv\/wp-content\/uploads\/1583585642878_ukc4nldo_y0lcdzt.jpg","contentUrl":"https:\/\/www.meydan.tv\/wp-content\/uploads\/1583585642878_ukc4nldo_y0lcdzt.jpg","width":750,"height":500,"caption":"Source: Foto: sosial \u015f\u0259b\u0259k\u0259"},{"@type":"BreadcrumbList","@id":"https:\/\/www.meydan.tv\/az\/article\/sumqayitdaki-dogum-evinde-koronavirus-askarlanib-olen-var\/#breadcrumb","itemListElement":[{"@type":"ListItem","position":1,"name":"Ana s\u0259hif\u0259","item":"https:\/\/www.meydan.tv\/az\/"},{"@type":"ListItem","position":2,"name":"B\u00f6lg\u0259","item":"https:\/\/www.meydan.tv\/az\/section\/bolge\/"},{"@type":"ListItem","position":3,"name":"Sumqay\u0131tdak\u0131 do\u011fum evind\u0259 koronavirus a\u015fkarlan\u0131b, \u00f6l\u0259n var"}]},{"@type":"WebSite","@id":"https:\/\/www.meydan.tv\/az\/#website","url":"https:\/\/www.meydan.tv\/az\/","name":"MEYDAN.TV","description":"Meydan TV Az\u0259rbaycan\u0131n media m\u0259kan\u0131ndak\u0131 alternativ s\u0259sidir","publisher":{"@id":"https:\/\/www.meydan.tv\/az\/#organization"},"potentialAction":[{"@type":"SearchAction","target":{"@type":"EntryPoint","urlTemplate":"https:\/\/www.meydan.tv\/az\/?s={search_term_string}"},"query-input":{"@type":"PropertyValueSpecification","valueRequired":true,"valueName":"search_term_string"}}],"inLanguage":"az"},{"@type":"Organization","@id":"https:\/\/www.meydan.tv\/az\/#organization","name":"Meydan TV","url":"https:\/\/www.meydan.tv\/az\/","logo":{"@type":"ImageObject","inLanguage":"az","@id":"https:\/\/www.meydan.tv\/az\/#\/schema\/logo\/image\/","url":"https:\/\/www.meydan.tv\/wp-content\/uploads\/2021\/07\/meydan-logo.svg","contentUrl":"https:\/\/www.meydan.tv\/wp-content\/uploads\/2021\/07\/meydan-logo.svg","width":195,"height":46,"caption":"Meydan TV"},"image":{"@id":"https:\/\/www.meydan.tv\/az\/#\/schema\/logo\/image\/"}},{"@type":"Person","@id":"https:\/\/www.meydan.tv\/az\/#\/schema\/person\/10d11eccf6da3662cf5fdab9806ea91a","name":"user-manager"}]}},"_links":{"self":[{"href":"https:\/\/www.meydan.tv\/az\/wp-json\/wp\/v2\/posts\/201190","targetHints":{"allow":["GET"]}}],"collection":[{"href":"https:\/\/www.meydan.tv\/az\/wp-json\/wp\/v2\/posts"}],"about":[{"href":"https:\/\/www.meydan.tv\/az\/wp-json\/wp\/v2\/types\/post"}],"author":[{"embeddable":true,"href":"https:\/\/www.meydan.tv\/az\/wp-json\/wp\/v2\/users\/11"}],"replies":[{"embeddable":true,"href":"https:\/\/www.meydan.tv\/az\/wp-json\/wp\/v2\/comments?post=201190"}],"version-history":[{"count":0,"href":"https:\/\/www.meydan.tv\/az\/wp-json\/wp\/v2\/posts\/201190\/revisions"}],"wp:featuredmedia":[{"embeddable":true,"href":"https:\/\/www.meydan.tv\/az\/wp-json\/wp\/v2\/media\/139191"}],"wp:attachment":[{"href":"https:\/\/www.meydan.tv\/az\/wp-json\/wp\/v2\/media?parent=201190"}],"wp:term":[{"taxonomy":"category","embeddable":true,"href":"https:\/\/www.meydan.tv\/az\/wp-json\/wp\/v2\/categories?post=201190"},{"taxonomy":"post_tag","embeddable":true,"href":"https:\/\/www.meydan.tv\/az\/wp-json\/wp\/v2\/tags?post=201190"}],"curies":[{"name":"wp","href":"https:\/\/api.w.org\/{rel}","templated":true}]}}