{"id":201185,"date":"2020-06-25T21:09:40","date_gmt":"2020-06-25T21:09:40","guid":{"rendered":"https:\/\/www.meydan.tv\/article\/gunel-movludun-duserge-romani-isiq-uzu-gordu\/"},"modified":"2020-06-25T21:09:40","modified_gmt":"2020-06-25T21:09:40","slug":"gunel-movludun-duserge-romani-isiq-uzu-gordu","status":"publish","type":"post","link":"https:\/\/www.meydan.tv\/az\/article\/gunel-movludun-duserge-romani-isiq-uzu-gordu\/","title":{"rendered":"G\u00fcnel M\u00f6vludun \u201cD\u00fc\u015f\u0259rg\u0259\u201d roman\u0131 i\u015f\u0131q \u00fcz\u00fc g\u00f6rd\u00fc"},"content":{"rendered":"<p>\n  \u201cD\u00fc\u015f\u0259rg\u0259\u201d adl\u0131 roman-bioqrafiyada G\u00fcnel M\u00f6vlud Qaraba\u011f m\u00fcharib\u0259si n\u0259tic\u0259sind\u0259 be\u015f il ya\u015fama\u011fa m\u0259cbur oldu\u011fu \u00e7ad\u0131r- d\u00fc\u015f\u0259rg\u0259 h\u0259yat\u0131n\u0131 q\u0259l\u0259m\u0259 al\u0131b. Romanda torpaqlar\u0131ndan, evind\u0259n, v\u0259rdi\u015f etdiyi h\u0259yat t\u0259rzind\u0259n uzaq d\u00fc\u015fm\u00fc\u015f, sahib oldu\u011fu h\u0259r \u015feyi itirmi\u015f onlarla insan\u0131n taleyi, bel\u0259 \u00e7\u0259tin v\u0259ziyy\u0259td\u0259 yaranan iyerarxiya atmosferi, imtiyazl\u0131 f\u0259rdl\u0259rin qoydu\u011fu qanunlar, ekstremal \u015f\u0259raitin yaratd\u0131\u011f\u0131 hadis\u0259l\u0259r, m\u00fcnasib\u0259tl\u0259r \u00f6z \u0259ksini tap\u0131b.\n<\/p>\n<p>\n  Roman\u0131n \u0259sas x\u0259tti \u2013 m\u00fcharib\u0259nin, qa\u00e7q\u0131nl\u0131\u011f\u0131n insanlar\u0131n h\u0259yat\u0131na g\u0259tirdiyi s\u0259fal\u0259t, fiziki \u0259zablar v\u0259 x\u0259st\u0259likl\u0259rl\u0259 yana\u015f\u0131, insan\u0131n m\u0259n\u0259vi deqradasiyas\u0131n\u0131n qa\u00e7\u0131lmaz oldu\u011fu lab\u00fcdl\u00fcy\u00fcd\u00fcr.\n<\/p>\n<p>\n  \u018fs\u0259rd\u0259 darmada\u011f\u0131n olmu\u015f xeyli insan taleyi var. M\u00fcharib\u0259d\u0259n, insanlar\u0131n \u0259lacs\u0131zl\u0131\u011f\u0131ndan istifad\u0259 ed\u0259nl\u0259r, d\u00fc\u015f\u0259rg\u0259d\u0259 o\u011flan u\u015faqlar\u0131n\u0131n zorlanmas\u0131, qad\u0131nlar\u0131n ald\u0131\u011f\u0131 pamb\u0131q pullar\u0131n\u0131 ki\u015fil\u0259rin apar\u0131b fahi\u015f\u0259l\u0259r\u0259 x\u0259rcl\u0259m\u0259si, q\u0131zlar\u0131n menstruasiya g\u00fcnl\u0259rind\u0259 ya\u015fad\u0131\u011f\u0131 z\u00fcl\u00fcml\u0259r, az sayda kitab oxuyan adamlara edil\u0259n la\u011fla\u011f\u0131lar, d\u00fc\u015f\u0259rg\u0259d\u0259 n\u0259zar\u0259tsiz qalm\u0131\u015f, \u00e7ad\u0131r\u0131nda ki\u015fi olmayan qad\u0131nlar\u0131n zorlanmas\u0131, qa\u00e7q\u0131nlara n\u00fcmay\u0259nd\u0259 se\u00e7il\u0259nl\u0259rin \u00f6zba\u015f\u0131nal\u0131qlar\u0131n\u0131n t\u0259svirl\u0259ri yer al\u0131b.\n<\/p>\n<p>\n  \u201cD\u00fc\u015f\u0259rg\u0259\u201d roman\u0131 m\u00fc\u0259llifin i\u015f\u0131q \u00fcz\u00fc gor\u0259n ilk n\u0259sr \u0259s\u0259ri olsa da, yaz\u0131lma xronologiyas\u0131na g\u00f6r\u0259 ikinci roman\u0131d\u0131r. G. M\u00f6vludun bir il \u0259vv\u0259l q\u0259l\u0259m\u0259 ald\u0131\u011f\u0131 \u201cQorxu\u201d adl\u0131 roman\u0131 haz\u0131rda Norve\u00e7 n\u0259\u015friyyatlar\u0131n\u0131n birinin sifari\u015fi il\u0259 norve\u00e7 dilin\u0259 \u00e7evrilm\u0259kd\u0259dir v\u0259 pay\u0131zda d\u0259rc edilm\u0259si planla\u015fd\u0131r\u0131l\u0131r.<\/p>\n","protected":false},"excerpt":{"rendered":"<p>\u018fs\u0259rd\u0259 darmada\u011f\u0131n olmu\u015f xeyli insan taleyi var<\/p>\n","protected":false},"author":11,"featured_media":143519,"comment_status":"closed","ping_status":"open","sticky":false,"template":"","format":"standard","meta":{"_acf_changed":false,"_sitemap_exclude":false,"_sitemap_priority":"","_sitemap_frequency":"","footnotes":""},"categories":[52],"tags":[],"class_list":["post-201185","post","type-post","status-publish","format-standard","has-post-thumbnail","hentry","category-medeniyyet","infinite-scroll-item","generate-columns","tablet-grid-50","mobile-grid-100","grid-parent","grid-33","no-featured-image-padding"],"acf":[],"yoast_head":"<!-- This site is optimized with the Yoast SEO plugin v28.3 - https:\/\/yoast.com\/product\/yoast-seo-wordpress\/ -->\n<title>G\u00fcnel M\u00f6vludun \u201cD\u00fc\u015f\u0259rg\u0259\u201d roman\u0131 i\u015f\u0131q \u00fcz\u00fc g\u00f6rd\u00fc - MEYDAN.TV<\/title>\n<meta name=\"robots\" content=\"index, follow, max-snippet:-1, max-image-preview:large, max-video-preview:-1\" \/>\n<link rel=\"canonical\" href=\"https:\/\/www.meydan.tv\/az\/article\/gunel-movludun-duserge-romani-isiq-uzu-gordu\/\" \/>\n<meta property=\"og:locale\" content=\"az_AZ\" \/>\n<meta property=\"og:type\" content=\"article\" \/>\n<meta property=\"og:title\" content=\"G\u00fcnel M\u00f6vludun \u201cD\u00fc\u015f\u0259rg\u0259\u201d roman\u0131 i\u015f\u0131q \u00fcz\u00fc g\u00f6rd\u00fc - MEYDAN.TV\" \/>\n<meta property=\"og:description\" content=\"\u018fs\u0259rd\u0259 darmada\u011f\u0131n olmu\u015f xeyli insan taleyi var\" \/>\n<meta property=\"og:url\" content=\"https:\/\/www.meydan.tv\/az\/article\/gunel-movludun-duserge-romani-isiq-uzu-gordu\/\" \/>\n<meta property=\"og:site_name\" content=\"MEYDAN.TV\" \/>\n<meta property=\"article:published_time\" content=\"2020-06-25T21:09:40+00:00\" \/>\n<meta property=\"og:image\" content=\"https:\/\/www.meydan.tv\/wp-content\/uploads\/105579649_576203149992163_3988381357113636600_n_1.jpg\" \/>\n\t<meta property=\"og:image:width\" content=\"960\" \/>\n\t<meta property=\"og:image:height\" content=\"709\" \/>\n\t<meta property=\"og:image:type\" content=\"image\/jpeg\" \/>\n<meta name=\"twitter:card\" content=\"summary_large_image\" \/>\n<!-- \/ Yoast SEO plugin. -->","yoast_head_json":{"title":"G\u00fcnel M\u00f6vludun \u201cD\u00fc\u015f\u0259rg\u0259\u201d roman\u0131 i\u015f\u0131q \u00fcz\u00fc g\u00f6rd\u00fc - MEYDAN.TV","robots":{"index":"index","follow":"follow","max-snippet":"max-snippet:-1","max-image-preview":"max-image-preview:large","max-video-preview":"max-video-preview:-1"},"canonical":"https:\/\/www.meydan.tv\/az\/article\/gunel-movludun-duserge-romani-isiq-uzu-gordu\/","og_locale":"az_AZ","og_type":"article","og_title":"G\u00fcnel M\u00f6vludun \u201cD\u00fc\u015f\u0259rg\u0259\u201d roman\u0131 i\u015f\u0131q \u00fcz\u00fc g\u00f6rd\u00fc - MEYDAN.TV","og_description":"\u018fs\u0259rd\u0259 darmada\u011f\u0131n olmu\u015f xeyli insan taleyi var","og_url":"https:\/\/www.meydan.tv\/az\/article\/gunel-movludun-duserge-romani-isiq-uzu-gordu\/","og_site_name":"MEYDAN.TV","article_published_time":"2020-06-25T21:09:40+00:00","og_image":[{"width":960,"height":709,"url":"https:\/\/www.meydan.tv\/wp-content\/uploads\/105579649_576203149992163_3988381357113636600_n_1.jpg","type":"image\/jpeg"}],"twitter_card":"summary_large_image","schema":{"@context":"https:\/\/schema.org","@graph":[{"@type":"Article","@id":"https:\/\/www.meydan.tv\/az\/article\/gunel-movludun-duserge-romani-isiq-uzu-gordu\/#article","isPartOf":{"@id":"https:\/\/www.meydan.tv\/az\/article\/gunel-movludun-duserge-romani-isiq-uzu-gordu\/"},"author":{"name":"user-manager","@id":"https:\/\/www.meydan.tv\/az\/#\/schema\/person\/10d11eccf6da3662cf5fdab9806ea91a"},"headline":"G\u00fcnel M\u00f6vludun \u201cD\u00fc\u015f\u0259rg\u0259\u201d roman\u0131 i\u015f\u0131q \u00fcz\u00fc g\u00f6rd\u00fc","datePublished":"2020-06-25T21:09:40+00:00","mainEntityOfPage":{"@id":"https:\/\/www.meydan.tv\/az\/article\/gunel-movludun-duserge-romani-isiq-uzu-gordu\/"},"wordCount":333,"publisher":{"@id":"https:\/\/www.meydan.tv\/az\/#organization"},"image":{"@id":"https:\/\/www.meydan.tv\/az\/article\/gunel-movludun-duserge-romani-isiq-uzu-gordu\/#primaryimage"},"thumbnailUrl":"https:\/\/www.meydan.tv\/wp-content\/uploads\/105579649_576203149992163_3988381357113636600_n_1.jpg","articleSection":["M\u0259d\u0259niyy\u0259t"],"inLanguage":"az"},{"@type":"WebPage","@id":"https:\/\/www.meydan.tv\/az\/article\/gunel-movludun-duserge-romani-isiq-uzu-gordu\/","url":"https:\/\/www.meydan.tv\/az\/article\/gunel-movludun-duserge-romani-isiq-uzu-gordu\/","name":"G\u00fcnel M\u00f6vludun \u201cD\u00fc\u015f\u0259rg\u0259\u201d roman\u0131 i\u015f\u0131q \u00fcz\u00fc g\u00f6rd\u00fc - MEYDAN.TV","isPartOf":{"@id":"https:\/\/www.meydan.tv\/az\/#website"},"primaryImageOfPage":{"@id":"https:\/\/www.meydan.tv\/az\/article\/gunel-movludun-duserge-romani-isiq-uzu-gordu\/#primaryimage"},"image":{"@id":"https:\/\/www.meydan.tv\/az\/article\/gunel-movludun-duserge-romani-isiq-uzu-gordu\/#primaryimage"},"thumbnailUrl":"https:\/\/www.meydan.tv\/wp-content\/uploads\/105579649_576203149992163_3988381357113636600_n_1.jpg","datePublished":"2020-06-25T21:09:40+00:00","breadcrumb":{"@id":"https:\/\/www.meydan.tv\/az\/article\/gunel-movludun-duserge-romani-isiq-uzu-gordu\/#breadcrumb"},"inLanguage":"az","potentialAction":[{"@type":"ReadAction","target":["https:\/\/www.meydan.tv\/az\/article\/gunel-movludun-duserge-romani-isiq-uzu-gordu\/"]}]},{"@type":"ImageObject","inLanguage":"az","@id":"https:\/\/www.meydan.tv\/az\/article\/gunel-movludun-duserge-romani-isiq-uzu-gordu\/#primaryimage","url":"https:\/\/www.meydan.tv\/wp-content\/uploads\/105579649_576203149992163_3988381357113636600_n_1.jpg","contentUrl":"https:\/\/www.meydan.tv\/wp-content\/uploads\/105579649_576203149992163_3988381357113636600_n_1.jpg","width":960,"height":709,"caption":"Source: Meydan TV"},{"@type":"BreadcrumbList","@id":"https:\/\/www.meydan.tv\/az\/article\/gunel-movludun-duserge-romani-isiq-uzu-gordu\/#breadcrumb","itemListElement":[{"@type":"ListItem","position":1,"name":"Ana s\u0259hif\u0259","item":"https:\/\/www.meydan.tv\/az\/"},{"@type":"ListItem","position":2,"name":"M\u0259d\u0259niyy\u0259t","item":"https:\/\/www.meydan.tv\/az\/section\/medeniyyet\/"},{"@type":"ListItem","position":3,"name":"G\u00fcnel M\u00f6vludun \u201cD\u00fc\u015f\u0259rg\u0259\u201d roman\u0131 i\u015f\u0131q \u00fcz\u00fc g\u00f6rd\u00fc"}]},{"@type":"WebSite","@id":"https:\/\/www.meydan.tv\/az\/#website","url":"https:\/\/www.meydan.tv\/az\/","name":"MEYDAN.TV","description":"Meydan TV Az\u0259rbaycan\u0131n media m\u0259kan\u0131ndak\u0131 alternativ s\u0259sidir","publisher":{"@id":"https:\/\/www.meydan.tv\/az\/#organization"},"potentialAction":[{"@type":"SearchAction","target":{"@type":"EntryPoint","urlTemplate":"https:\/\/www.meydan.tv\/az\/?s={search_term_string}"},"query-input":{"@type":"PropertyValueSpecification","valueRequired":true,"valueName":"search_term_string"}}],"inLanguage":"az"},{"@type":"Organization","@id":"https:\/\/www.meydan.tv\/az\/#organization","name":"Meydan TV","url":"https:\/\/www.meydan.tv\/az\/","logo":{"@type":"ImageObject","inLanguage":"az","@id":"https:\/\/www.meydan.tv\/az\/#\/schema\/logo\/image\/","url":"https:\/\/www.meydan.tv\/wp-content\/uploads\/2021\/07\/meydan-logo.svg","contentUrl":"https:\/\/www.meydan.tv\/wp-content\/uploads\/2021\/07\/meydan-logo.svg","width":195,"height":46,"caption":"Meydan TV"},"image":{"@id":"https:\/\/www.meydan.tv\/az\/#\/schema\/logo\/image\/"}},{"@type":"Person","@id":"https:\/\/www.meydan.tv\/az\/#\/schema\/person\/10d11eccf6da3662cf5fdab9806ea91a","name":"user-manager"}]}},"_links":{"self":[{"href":"https:\/\/www.meydan.tv\/az\/wp-json\/wp\/v2\/posts\/201185","targetHints":{"allow":["GET"]}}],"collection":[{"href":"https:\/\/www.meydan.tv\/az\/wp-json\/wp\/v2\/posts"}],"about":[{"href":"https:\/\/www.meydan.tv\/az\/wp-json\/wp\/v2\/types\/post"}],"author":[{"embeddable":true,"href":"https:\/\/www.meydan.tv\/az\/wp-json\/wp\/v2\/users\/11"}],"replies":[{"embeddable":true,"href":"https:\/\/www.meydan.tv\/az\/wp-json\/wp\/v2\/comments?post=201185"}],"version-history":[{"count":0,"href":"https:\/\/www.meydan.tv\/az\/wp-json\/wp\/v2\/posts\/201185\/revisions"}],"wp:featuredmedia":[{"embeddable":true,"href":"https:\/\/www.meydan.tv\/az\/wp-json\/wp\/v2\/media\/143519"}],"wp:attachment":[{"href":"https:\/\/www.meydan.tv\/az\/wp-json\/wp\/v2\/media?parent=201185"}],"wp:term":[{"taxonomy":"category","embeddable":true,"href":"https:\/\/www.meydan.tv\/az\/wp-json\/wp\/v2\/categories?post=201185"},{"taxonomy":"post_tag","embeddable":true,"href":"https:\/\/www.meydan.tv\/az\/wp-json\/wp\/v2\/tags?post=201185"}],"curies":[{"name":"wp","href":"https:\/\/api.w.org\/{rel}","templated":true}]}}