{"id":201154,"date":"2020-06-23T16:13:59","date_gmt":"2020-06-23T16:13:59","guid":{"rendered":"https:\/\/www.meydan.tv\/article\/tebib-sedri-ramin-bayramliya-aid-klinika-covid-19-testleri-edir-arasdirma\/"},"modified":"2020-06-23T16:13:59","modified_gmt":"2020-06-23T16:13:59","slug":"tebib-sedri-ramin-bayramliya-aid-klinika-covid-19-testleri-edir-arasdirma","status":"publish","type":"post","link":"https:\/\/www.meydan.tv\/az\/article\/tebib-sedri-ramin-bayramliya-aid-klinika-covid-19-testleri-edir-arasdirma\/","title":{"rendered":"T\u018fB\u0130B s\u0259dri Ramin Bayraml\u0131ya aid klinika COV\u0130D-19 testl\u0259ri edir &#8211; ARA\u015eDIRMA"},"content":{"rendered":"<p>\n  Az\u0259rbaycanda COV\u0130D-19 infeksiyas\u0131ndan h\u0259yat\u0131n\u0131 itir\u0259nl\u0259rin say\u0131 160-\u0131 \u00f6t\u00fcb. T\u0259kc\u0259 iyunun 22-d\u0259 478 n\u0259f\u0259rin koronavirus infeksiyas\u0131na yoluxmas\u0131 fakt\u0131 qeyd\u0259 al\u0131n\u0131b. Bununla da \u00f6lk\u0259d\u0259 13 207 n\u0259f\u0259rin koronavirus infeksiyas\u0131na yoluxmas\u0131 fakt\u0131 t\u0259sdiql\u0259nib. Haz\u0131rda 5 878 n\u0259f\u0259rin x\u0259st\u0259xanalarda m\u00fcalic\u0259si davam etdirilir.\n<\/p>\n<p>\n  \u0130yunun 22-d\u0259 apar\u0131lan COV\u0130D-19 testl\u0259rinin say\u0131 4345 olub. \u00d6t\u0259n m\u00fcdd\u0259t \u0259rzind\u0259 respublikam\u0131zda 426 394 test apar\u0131l\u0131b. Bu he\u00e7 d\u0259 ki\u00e7ik r\u0259q\u0259m deyil, x\u00fcsus\u0259n bir testin qiym\u0259ti bax\u0131m\u0131ndan.\n<\/p>\n<h3>\n  G\u00f6r\u00fcl\u0259n inzibat\u0131 t\u0259dbirl\u0259r g\u00f6zl\u0259nil\u0259n effekti verm\u0259di<br \/>\n<\/h3>\n<p>\n  Az\u0259rbaycana koronavirusu a\u015fkar ed\u0259n testi hans\u0131 \u015firk\u0259tl\u0259rin idxal etm\u0259si, testl\u0259rin qiym\u0259ti, bu testi aparan laboratoriyalar\u0131n nec\u0259 se\u00e7ilm\u0259si bu g\u00fcn c\u0259miyy\u0259ti \u0259n \u00e7ox d\u00fc\u015f\u00fcnd\u00fcr\u0259n suallard\u0131r. Bir t\u0259r\u0259fd\u0259n COV\u0130D-19 h\u0259r g\u00fcn can almaqda davam edir, dig\u0259r t\u0259r\u0259fd\u0259n x\u00fcsusi karantin rejimi aylard\u0131r uzan\u0131r. X\u00fcsus\u0259n \u00f6lk\u0259nin 9 b\u00f6y\u00fck \u015f\u0259h\u0259rind\u0259 yenid\u0259n x\u00fcsusi karantin rejimi t\u0259tbiq edilib. Bak\u0131, Sumqay\u0131t, G\u0259nc\u0259, L\u0259nk\u0259ran, Yevlax, Masall\u0131, C\u0259lilabad \u015f\u0259h\u0259rl\u0259rinin v\u0259 Ab\u015feron rayonunun \u0259razisind\u0259 insanlar 2020-ci il 21 iyun saat 00:00-dan 5 iyul saat 06:00-d\u0259k evd\u0259n SMS icaz\u0259 il\u0259 \u00e7\u0131xa bil\u0259c\u0259kl\u0259r. Bundan \u0259vv\u0259l is\u0259 Az\u0259rbaycan Respublikas\u0131n\u0131n Nazirl\u0259r Kabineti yan\u0131nda Operativ Q\u0259rargah aprelin 5-d\u0259n 27-d\u0259k b\u00fct\u00fcn \u00f6lk\u0259 \u0259razisind\u0259 x\u00fcsusi karantin rejimi t\u0259tbiq edib.\n<\/p>\n<p>\n  \u0130yunun 6-7-d\u0259 v\u0259 14-15-d\u0259 is\u0259 paytaxt v\u0259 haz\u0131rda karantin rejimi t\u0259tbiq edil\u0259n \u0259razil\u0259rd\u0259ki m\u0259hdudiyy\u0259tl\u0259r v\u0259t\u0259nda\u015flarla polis aras\u0131nda qar\u015f\u0131durma yaranmas\u0131na s\u0259b\u0259b oldu. Sonradan is\u0259 Tibbi \u018frazi B\u00f6lm\u0259l\u0259rini \u0130dar\u0259etm\u0259 Birliyi (T\u018fB\u0130B) r\u0259smi a\u00e7\u0131qlama ver\u0259r\u0259k h\u0259ft\u0259sonu m\u0259hdudiyy\u0259tl\u0259rin effektiv olmad\u0131\u011f\u0131n\u0131 a\u00e7\u0131qlad\u0131. \u201cT\u0259\u0259ss\u00fcfl\u0259 qeyd etm\u0259k ist\u0259yir\u0259m ki, t\u0259tbiq etdiyimiz q\u0131sa qapanma (h\u0259ft\u0259sonu) g\u00fcnl\u0259rind\u0259 ist\u0259diyimiz n\u0259tic\u0259ni \u0259ld\u0259 ed\u0259 bilm\u0259dik\u201d,- dey\u0259 T\u018fB\u0130B-in X\u0259st\u0259likl\u0259rin kontrolu v\u0259 profilaktikas\u0131 \u015f\u00f6b\u0259sinin m\u00fcdiri Yaqut Qarayeva Nazirl\u0259r Kabineti yan\u0131nda Operativ Q\u0259rargah\u0131n brifinqind\u0259 bildirdi.\n<\/p>\n<p>\n  Baxmayaraq ki, iyunun 4-d\u0259 ke\u00e7iril\u0259n brifinqd\u0259 T\u018fB\u0130B-in \u0130dar\u0259 Hey\u0259tinin s\u0259dri Ramin Bayraml\u0131 \u0259ksini s\u00f6yl\u0259mi\u015fdi: \u201cBiz d\u0259 bu \u00f6z\u00fcn\u00fct\u0259cridin n\u0259tic\u0259si bar\u0259d\u0259 bir v\u0259 ya iki h\u0259ft\u0259 sonra m\u0259lumat ver\u0259 bil\u0259c\u0259yik. Apar\u0131lan t\u0259hlill\u0259r g\u00f6st\u0259rir ki, burada m\u00fcsb\u0259t t\u0259sir m\u00fctl\u0259q olacaqd\u0131r\u201d.\n<\/p>\n<p>\n  <b><br \/>\n    Qeyd<br \/>\n  <\/b><br \/>\n  : Tibbi \u018frazi B\u00f6lm\u0259l\u0259rini \u0130dar\u0259etm\u0259 Birliyi (T\u018fB\u0130B) publik h\u00fcquqi \u015f\u0259xs kimi Az\u0259rbaycan Respublikas\u0131 Prezidentinin 2018-ci il 20 dekabr tarixli 418 n\u00f6mr\u0259li F\u0259rman\u0131na \u0259sas\u0259n yarad\u0131l\u0131b. 1 yanvar 2020-ci il tarixd\u0259n S\u0259hiyy\u0259 Nazirliyinin tabeliyind\u0259ki x\u0259st\u0259xanalar v\u0259 tibb m\u00fc\u0259ssis\u0259l\u0259ri bu qurumun tabeliyin\u0259 ke\u00e7irilib.\n<\/p>\n<p>\n  T\u018fB\u0130B-in \u0259sas v\u0259zif\u0259si icbari tibbi s\u0131\u011fortan\u0131n t\u0259tbiqi il\u0259 \u0259laq\u0259dar tibb m\u00fc\u0259ssis\u0259l\u0259rinin idar\u0259edilm\u0259sini v\u0259 bu sah\u0259d\u0259 n\u0259zar\u0259ti h\u0259yata ke\u00e7irm\u0259kdir.\n<\/p>\n<h3>\n  Az\u0259rbaycanda kifay\u0259t q\u0259d\u0259r test ehtiyat\u0131 var: amma kim nec\u0259 idxal edir?<br \/>\n<\/h3>\n<p>\n  Ramin Bayraml\u0131 deyir ki, Az\u0259rbaycan\u0131n koronavirusu a\u015fkara \u00e7\u0131xaran testl\u0259rl\u0259 ba\u011fl\u0131 ehtiyat\u0131 kifay\u0259t q\u0259d\u0259rdir: &quot;Test ehtiyat\u0131 tender qaydalar\u0131na uy\u011fun \u0259ld\u0259 edilib. \u00d6lk\u0259y\u0259 g\u0259tiril\u0259n testl\u0259r Almaniya istehsal\u0131d\u0131r v\u0259 tam avtomatla\u015fd\u0131r\u0131l\u0131b, n\u0259tic\u0259 v\u0259 d\u00fcr\u00fcstl\u00fcy\u00fc is\u0259 y\u00fcks\u0259kdir. \u00d6lk\u0259d\u0259 testl\u0259rin maya d\u0259y\u0259ri 40 manat civar\u0131ndad\u0131r. Bura m\u00fct\u0259x\u0259ssisl\u0259rin \u0259m\u0259yi daxil deyil. Haz\u0131rda 25-\u0259 yax\u0131n laboratoriyada koronavrusla ba\u011fl\u0131 testl\u0259r ke\u00e7irilir\u201d.\n<\/p>\n<p>\n  T\u018fB\u0130B-d\u0259n bu laboratoriyalar\u0131n nec\u0259 se\u00e7ilm\u0259si haqda m\u0259lumat almaq m\u00fcmk\u00fcn olmay\u0131b. Qurumun m\u0259tbuat katibi R\u0259van\u0259 \u018fliyeva deyib ki, h\u0259min laboratoriyalar d\u00f6vl\u0259t\u0259 m\u0259xsusdur, tenderl\u0259 ba\u011fl\u0131 m\u0259lumats\u0131zd\u0131r. \u018fslind\u0259 is\u0259 laboratoriyalardan biri T\u018fB\u0130B s\u0259drin\u0259 m\u0259xsusdur.\n<\/p>\n<p>\n  Ramin Baba o\u011flu Bayraml\u0131n\u0131n T\u018fB\u0130B s\u0259dri t\u0259yin olunark\u0259n<br \/>\n  <a href=\"http:\/\/www.amu.edu.az\/az\/cafedra\/463\/465\/?cafedra_s=4958\"><br \/>\n    yay\u0131lan<br \/>\n  <\/a><br \/>\n  t\u0259rc\u00fcmeyi-hal\u0131nda g\u00f6st\u0259rilir ki, \u0259m\u0259k f\u0259aliyy\u0259tin\u0259 2001-ci ild\u0259 ATU-nun Mikrobiologiya v\u0259 \u0130mmunologiya kafedras\u0131nda ba\u015f laborant v\u0259zif\u0259sind\u0259 ba\u015flay\u0131b. 2005-ci ild\u0259n kafedrada assistent, 2009-cu ild\u0259 ba\u015f m\u00fc\u0259llim, 2013-c\u00fc ild\u0259 is\u0259 dosent v\u0259zif\u0259l\u0259rind\u0259 \u00e7al\u0131\u015f\u0131b. 2011-2016-c\u0131 ill\u0259rd\u0259 ATU-nun T\u0259dris Terapevtik Klinikas\u0131n\u0131n M\u0259rk\u0259zi Laboratoriyas\u0131n\u0131n m\u00fcdiri, 2013-2016-c\u0131 ill\u0259rd\u0259 h\u0259min klinikan\u0131n ba\u015f h\u0259kimi v\u0259zif\u0259l\u0259rind\u0259 f\u0259aliyy\u0259t g\u00f6st\u0259rib. Haz\u0131rda ATU-nun Mikrobiologiya v\u0259 \u0130mmunologiya kafedras\u0131n\u0131n dosenti v\u0259zif\u0259sind\u0259 i\u015fl\u0259yir. \u201cAz\u0259rbaycan Klinik Laboratoriya M\u00fct\u0259x\u0259ssisl\u0259ri\u201d \u0130ctimai Birliyinin<br \/>\n  <a href=\"http:\/\/www.xezerxeber.az\/G%25C3%25BCnd%25C9%2599m\/271212.html\"><br \/>\n    t\u0259sis\u00e7isi<br \/>\n  <\/a><br \/>\n  v\u0259 s\u0259dr m\u00fcavinidir.\n<\/p>\n<figure class=\"wp-block-image size-large\">\n  <img decoding=\"async\" src=\"https:\/\/www.meydan.tv\/az\/image-from-ios-png-3\/\" alt=\"Image from iOS.png\" class=\"wp-image-143402\"\/><figcaption>\n    \u201cAz\u0259rbaycan Klinik Laboratoriya M\u00fct\u0259x\u0259ssisl\u0259ri\u201d \u0130ctimai Birliyinin sayt\u0131<br \/>\n  <\/figcaption><\/figure>\n<h3>\n  T\u018fB\u0130B-in maarifl\u0259ndirm\u0259 t\u0259dbirl\u0259rini s\u0259drin t\u0259sis\u00e7isi oldu\u011fu ictimai birlik apar\u0131r<br \/>\n<\/h3>\n<p>\n  T\u018fB\u0130B-in tibb i\u015f\u00e7il\u0259ri \u00fc\u00e7\u00fcn maarifl\u0259ndirm\u0259 t\u0259dbirl\u0259rini qurum r\u0259hb\u0259rinin t\u0259sis\u00e7isi oldu\u011fu \u201cAz\u0259rbaycan Klinik Laboratoriya M\u00fct\u0259x\u0259ssisl\u0259ri\u201d \u0130ctimai Birliyi h\u0259yata ke\u00e7irir.\n<\/p>\n<p>\n  \u0130ctimai Birliyin internet s\u0259hif\u0259sind\u0259 yerl\u0259\u015fdiril\u0259n m\u0259lumat v\u0259 fotolardan g\u00f6r\u00fcn\u00fcr ki, Tibbi \u018frazi B\u00f6lm\u0259l\u0259rini \u0130dar\u0259etm\u0259 Birliyinin tabeliyind\u0259 olan d\u00f6vl\u0259t tibb m\u00fc\u0259ssis\u0259l\u0259rind\u0259ki laboratoriyalar\u0131n standartla\u015fd\u0131r\u0131lmas\u0131 m\u0259qs\u0259dil\u0259 T\u018fB\u0130B v\u0259 AZKLM\u0130B t\u0259r\u0259find\u0259n h\u0259yata ke\u00e7iril\u0259n layih\u0259 \u00e7\u0259r\u00e7iv\u0259sind\u0259 bir s\u0131ra tibb m\u00fc\u0259ssis\u0259l\u0259rinin laboratoriyalar\u0131nda \u00e7al\u0131\u015fan h\u0259kim v\u0259 orta tibb i\u015f\u00e7il\u0259ri \u00fc\u00e7\u00fcn n\u0259z\u0259ri v\u0259 praktik t\u0259liml\u0259r ke\u00e7irilib.\n<\/p>\n<figure class=\"wp-block-image size-large\">\n  <img decoding=\"async\" src=\"https:\/\/www.meydan.tv\/az\/image-from-ios-2-jpg-8\/\" alt=\"Image from iOS (2).jpg\" class=\"wp-image-143405\"\/><figcaption>\n    \u201cAz\u0259rbaycan Klinik Laboratoriya M\u00fct\u0259x\u0259ssisl\u0259ri\u201d  \u0130ctimai Birliyin m\u0259sul katibi, Tibb \u00fczr\u0259 f\u0259ls\u0259f\u0259 doktoru, Yav\u0259r Hac\u0131soy<br \/>\n  <\/figcaption><\/figure>\n<p>\n  H\u0259min t\u0259liml\u0259rin h\u0259yata ke\u00e7irilm\u0259sind\u0259 \u0259sas g\u00f6r\u00fcnt\u00fcl\u0259n\u0259n v\u0259 T\u018fB\u0130B-in tortunu k\u0259s\u0259n \u015f\u0259xs is\u0259 \u201cAz\u0259rbaycan Klinik Laboratoriya M\u00fct\u0259x\u0259ssisl\u0259ri\u201d \u0130ctimai Birliyin m\u0259sul katibi, Tibb \u00fczr\u0259 f\u0259ls\u0259f\u0259 doktoru,<br \/>\n  <b><br \/>\n    Yav\u0259r Hac\u0131soy<br \/>\n  <\/b><br \/>\n  dur.\n<\/p>\n<figure class=\"wp-block-image size-large\">\n  <img decoding=\"async\" src=\"https:\/\/www.meydan.tv\/az\/89328549_1342256732643876_7650129965916094464_o-jpg\/\" alt=\"89328549_1342256732643876_7650129965916094464_o.jpg\" class=\"wp-image-143408\"\/><figcaption>\n    Tibb \u00fczr\u0259 f\u0259ls\u0259f\u0259 doktoru, Yav\u0259r Hac\u0131soy T\u018fB\u0130B-in tortunu k\u0259sir<br \/>\n  <\/figcaption><\/figure>\n<h3>\n  \u0130ctimai Birlikd\u0259n MMC-y\u0259 ke\u00e7\u0259n \u0259m\u0259kda\u015fl\u0131q<br \/>\n<\/h3>\n<p>\n  Amma Yav\u0259r Hac\u0131soyun f\u0259aliyy\u0259ti t\u0259kc\u0259 T\u018fB\u0130B-in sifari\u015fi il\u0259 qurum s\u0259drinin t\u0259sis\u00e7isi oldu\u011fu ictimai birliyin i\u015fl\u0259rini yerin\u0259 yetirm\u0259k deyil. Yav\u0259r Hac\u0131soy h\u0259m d\u0259 haz\u0131rda Az\u0259rbaycanda COV\u0130D-19-u a\u015fkara \u00e7\u0131xaran testl\u0259rin apar\u0131ld\u0131\u011f\u0131 25 laboratoriyadan birinin<br \/>\n  <a href=\"https:\/\/incilab.az\/articles\/nci-laboratoriyalarinin-d%25C9%2599st%25C9%2599yi-il%25C9%2599-klinik-laborator-diaqnostikada-yenilikl%25C9%2599r-simpozium-kecirilib\/\"><br \/>\n    qanuni t\u0259msil\u00e7isidir<br \/>\n  <\/a><br \/>\n  .\n<\/p>\n<figure class=\"wp-block-image size-large\">\n  <img decoding=\"async\" src=\"https:\/\/www.meydan.tv\/az\/image-from-ios-1-png\/\" alt=\"Image from iOS (1).png\" class=\"wp-image-143411\"\/><figcaption>\n    Yav\u0259r Hac\u0131soyun qanuni t\u0259msil\u00e7i olmas\u0131n\u0131n s\u00fcbutu<br \/>\n  <\/figcaption><\/figure>\n<p>\n  &quot;\u0130NC\u0130 LABORATOR\u0130YALARI&quot; M\u0259hdud M\u0259suliyy\u0259tli C\u0259miyy\u0259ti (V\u00d6EN:1404212521) 7 may 2018-ci ild\u0259 t\u0259sis edilib. Nizamnam\u0259 kapital\u0131 20 manat olan &quot;\u0130NC\u0130 LABORATOR\u0130YALARI&quot; MMC-nin h\u00fcquqi \u00fcnvan\u0131 Bak\u0131 \u015f\u0259h\u0259ri N\u0259simi rayonu, Mir C\u0259lal k\u00fc\u00e7\u0259si, 4 mikrorayon, ev 60, m\u0259nzil 89 g\u00f6st\u0259rilib.\n<\/p>\n<p>\n  Az\u0259rbaycanl\u0131 ara\u015fd\u0131rma\u00e7\u0131 jurnalist Cavan\u015fir H\u0259s\u0259nlinin ara\u015fd\u0131rmas\u0131na g\u00f6r\u0259, Baki \u015f\u0259h\u0259ri N\u0259simi rayonu, Mir C\u0259lal k\u00fc\u00e7\u0259si, 4 mikrorayon, ev 60 m\u0259nzil 89 \u00fcnvan\u0131nda 213 \u015firk\u0259t qeydiyyatdan ke\u00e7ib. H\u0259min \u015firk\u0259tl\u0259rin d\u00f6vl\u0259t sifari\u015fi il\u0259 h\u0259yata ke\u00e7iril\u0259n tenderl\u0259rd\u0259 i\u015ftirak\u0131 is\u0259 ayr\u0131ca ara\u015fd\u0131rma m\u00f6vzusudur.\n<\/p>\n<p>\n  Qeydiyyatdan ke\u00e7dikd\u0259n bu ilin may\u0131nad\u0259k &quot;\u0130NC\u0130 LABORATOR\u0130YALARI&quot; MMC-nin 4 \u0259razid\u0259 filiallar\u0131<br \/>\n  <a href=\"https:\/\/incilab.az\/departments\/\"><br \/>\n    olub<br \/>\n  <\/a><br \/>\n  .\n<\/p>\n<p>\n  Laboratoriyan\u0131n internet s\u0259hif\u0259sind\u0259 veril\u0259n<br \/>\n  <a href=\"https:\/\/incilab.az\/about-us\/\"><br \/>\n    m\u0259lumata<br \/>\n  <\/a><br \/>\n  g\u00f6r\u0259, burada d\u00fcnyan\u0131n referens m\u0259rk\u0259zl\u0259rind\u0259 istifad\u0259 olunan tam avtomatla\u015fd\u0131r\u0131lm\u0131\u015f, \u0259n m\u00fcasir biokimy\u0259vi, mikrobioloji, immunoloji, genetik v\u0259 dig\u0259r analizatorlar m\u00f6vcuddur. Klinik Laboratoriya (Biokimya, Mikrobiologiya, \u0130mmunologiya, Genetika) sah\u0259sind\u0259 \u00e7al\u0131\u015fan m\u00fct\u0259x\u0259ssisl\u0259rin v\u0259 qurumlar\u0131n problem v\u0259 ehtiyaclar\u0131n\u0131 m\u00fc\u0259yy\u0259nl\u0259\u015fdirm\u0259k, h\u0259ll yollar\u0131n\u0131 i\u015fl\u0259yib haz\u0131rlamaq, Klinik Laboratoriya m\u00fct\u0259x\u0259ssisl\u0259rinin pe\u015f\u0259 v\u0259 \u015f\u0259xsi h\u00fcquqlar\u0131n\u0131n qorunmas\u0131 v\u0259 inki\u015faf\u0131 istiqam\u0259tind\u0259 \u00e7al\u0131\u015fmaq, birlik \u00fczvl\u0259rin\u0259 h\u00fcquqi yard\u0131m g\u00f6st\u0259rm\u0259k, \u00fczvl\u0259rl\u0259 birlikd\u0259 \u0259halinin sa\u011flaml\u0131\u011f\u0131 il\u0259 ba\u011fl\u0131 m\u00f6vzularda \u00f6lk\u0259 daxilind\u0259 bilik s\u0259viyy\u0259sinin art\u0131r\u0131lmas\u0131, ixtisas t\u0259hsili, tibbi xidm\u0259t v\u0259 elmi ara\u015fd\u0131rma sah\u0259l\u0259rinin inki\u015faf\u0131 \u00fc\u00e7\u00fcn h\u0259d\u0259fl\u0259r qoymaq, \u00fczvl\u0259ri bu h\u0259d\u0259fl\u0259r istiqam\u0259tind\u0259 \u00e7al\u0131\u015fma\u011fa t\u0259\u015fviq etm\u0259k, h\u0259d\u0259fl\u0259r\u0259 nail olmaq \u00fc\u00e7\u00fcn milli v\u0259 beyn\u0259lxalq t\u0259\u015fkilatlarla \u0259m\u0259kda\u015fl\u0131q etm\u0259k missiyas\u0131 da\u015f\u0131y\u0131r. Laboratoriyan\u0131n M\u0259rk\u0259z Filial\u0131 Bak\u0131 \u015f\u0259h\u0259ri B\u00fclb\u00fcl prospekti 40 \u00fcnvan\u0131nda f\u0259aliyy\u0259t g\u00f6st\u0259rir. Bundan ba\u015fqa, laboratoriyan\u0131n Bak\u0131 \u015f\u0259h\u0259ri Atat\u00fcrk prospekti 3078 \u00fcnvan\u0131nda f\u0259aliyy\u0259t g\u00f6st\u0259r\u0259n HB G\u00fcv\u0259n Klinikas\u0131ndak\u0131 G\u0259nclik filial\u0131, G\u0259nc\u0259 \u015f\u0259h\u0259r 28 May k\u00fc\u00e7\u0259si 23 \u00fcnvan\u0131nda f\u0259aliyy\u0259t g\u00f6st\u0259r\u0259n Yeni G\u0259nc\u0259 Tibb M\u0259rk\u0259zi filial\u0131 v\u0259 Tovuz \u015f\u0259h\u0259r Musa Musayev 1 \u00fcnvan\u0131nda Tovuz filial\u0131 f\u0259aliyy\u0259t g\u00f6st\u0259rir.\n<\/p>\n<h3>\n  COV\u0130D-19 testl\u0259rinin apar\u0131ld\u0131\u011f\u0131 bir\u0130NC\u0130 laboratoriyas\u0131<br \/>\n<\/h3>\n<p>\n  10 may 2020-ci il tarixind\u0259 laboratoriyan\u0131n &quot;Facebook\u201d s\u0259hif\u0259sind\u0259 COV\u0130D-19 testl\u0259rinin apar\u0131lmas\u0131na ba\u015flad\u0131ld\u0131\u011f\u0131 qeyd edilib: &quot; \u018fziz h\u0259mv\u0259t\u0259nl\u0259r!\n<\/p>\n<p>\n  COVID-19 infeksiyas\u0131n\u0131n RT-PCR testi art\u0131q \u0130nci Laboratoriyalar\u0131nda h\u0259yata ke\u00e7irilm\u0259y\u0259 ba\u015flan\u0131l\u0131b. \u00d6z\u00fcn\u00fcz\u00fcn v\u0259 yax\u0131nlar\u0131n\u0131z\u0131n h\u0259yat\u0131n\u0131 #koronavirus #COVID_19 t\u0259hl\u00fck\u0259sind\u0259n qorumaq \u00fc\u00e7\u00fcn vaxt\u0131nda \u00f6nl\u0259m al\u0131n. Laboratoriyalar\u0131m\u0131zda sterillik v\u0259 dig\u0259r z\u0259ruri t\u0259hl\u00fck\u0259sizlik t\u0259dbirl\u0259ri g\u00f6r\u00fcl\u00fcb&quot;.\n<\/p>\n<figure class=\"wp-block-image size-large\">\n  <img decoding=\"async\" src=\"https:\/\/www.meydan.tv\/az\/untitled-design-4-png-5\/\" alt=\"Untitled design (4).png\" class=\"wp-image-143414\"\/><figcaption>\n    Laboratoriyan\u0131n &#8220;Facebook\u201d s\u0259hif\u0259si<br \/>\n  <\/figcaption><\/figure>\n<p>\n  <b><br \/>\n    Laboratoriyada COV\u0130D-19 testl\u0259rinin apar\u0131lmas\u0131na ba\u015flad\u0131ld\u0131\u011f\u0131 vaxtdan 4 g\u00fcn sonra is\u0259 may\u0131n 14-d\u0259 Sumqay\u0131tda yeni filial a\u00e7\u0131l\u0131b<br \/>\n  <\/b><br \/>\n  . Bu bar\u0259d\u0259 d\u0259 laboratoriyan\u0131n &quot;Facebook\u201d s\u0259hif\u0259sind\u0259 m\u0259lumat yerl\u0259\u015fdirilib. Yeni filial is\u0259 Sumqay\u0131t \u015f\u0259h\u0259ri, 12-ci mikrorayon, \u00c7erkass\u0131 k\u00fc\u00e7\u0259si 181 \u00fcnvan\u0131nda f\u0259aliyy\u0259t g\u00f6st\u0259rir.\n<\/p>\n<p>\n  \u0130yunun 14-d\u0259, h\u0259ft\u0259sonu qada\u011falar\u0131n\u0131n t\u0259tbiq olundu\u011fu v\u0259 \u0259n az\u0131ndan 4 milyon insan\u0131n evl\u0259r\u0259 qapad\u0131lmas\u0131ndan 2 g\u00fcn sonra is\u0259 &quot;\u0130NC\u0130 LABORATOR\u0130YALARI&quot;nda COV\u0130D-19 infeksiyas\u0131n\u0131n RT-PCR testinin h\u0259yata ke\u00e7irilm\u0259sin\u0259 ba\u015flan\u0131l\u0131b.\n<\/p>\n<figure class=\"wp-block-image size-large\">\n  <img decoding=\"async\" src=\"https:\/\/www.meydan.tv\/az\/untitled-design-3-png-14\/\" alt=\"Untitled design (3).png\" class=\"wp-image-143420\"\/><figcaption>\n    Qarda\u015f\u0131 Razim Bayraml\u0131 Ramin m\u00fc\u0259llimin atas\u0131 Baba Bayramovla birlikd\u0259<br \/>\n  <\/figcaption><\/figure>\n<p>\n  &quot;\u0130NC\u0130 LABORATOR\u0130YALARI&quot;n\u0131n f\u0259aliyy\u0259ti t\u0259kc\u0259 \u00f6z \u201cFacebook\u201d s\u0259hif\u0259l\u0259rind\u0259 t\u0259bli\u011f edilmir. El\u0259 c\u0259nab Ramin Bayraml\u0131n\u0131n do\u011fma qarda\u015f\u0131 t\u0259r\u0259find\u0259n d\u0259 t\u0259bli\u011fat\u0131 apar\u0131l\u0131r. T\u018fB\u0130B s\u0259drinin qarda\u015f\u0131 Razim Bayraml\u0131n\u0131n &quot;Facebook\u201d s\u0259hif\u0259sind\u0259 d\u0259 &quot;\u0130NC\u0130 LABORATOR\u0130YALARI&quot;n\u0131n f\u0259aliyy\u0259tin\u0259 dair payla\u015f\u0131mlar edilir. D\u00fczd\u00fcr, Razim Bayraml\u0131n\u0131n s\u0259hif\u0259sind\u0259 qarda\u015f\u0131 il\u0259 \u015f\u0259kli yoxdur, amma ail\u0259 \u00fczvl\u0259ri il\u0259 ba\u011fl\u0131 payla\u015f\u0131m\u0131nda Ramin m\u00fc\u0259llimin atas\u0131, uzun m\u00fcdd\u0259t Badamdar q\u0259s\u0259b\u0259sind\u0259 f\u0259aliyy\u0259t g\u00f6st\u0259r\u0259n 236 sayl\u0131 orta m\u0259kt\u0259bin t\u0259dris i\u015fl\u0259ri \u00fczr\u0259 drektor m\u00fcavini i\u015fl\u0259y\u0259n Baba Bayramovun fotosu yer al\u0131b.\n<\/p>\n<p>\n  Pandemiya d\u00f6vr\u00fcnd\u0259 xarici u\u00e7u\u015flar\u0131 b\u0259rpa ed\u0259n AZAL art\u0131q bilet alan \u015f\u0259xsl\u0259rd\u0259n koronavirus testind\u0259n ke\u00e7m\u0259yi t\u0259l\u0259b edir. \u201cAz\u0259rbaycan Hava Yollar\u0131\u201d QSC-nin m\u0259tbuat xidm\u0259tind\u0259n veril\u0259n m\u0259lumata g\u00f6r\u0259, s\u0259rni\u015finl\u0259r u\u00e7u\u015fdan \u0259vv\u0259l m\u00fctl\u0259q qaydada koronavirus infeksiyas\u0131 (COVID-19) testind\u0259n ke\u00e7m\u0259lidirl\u0259r. AZAL Tibbi \u018frazi B\u00f6lm\u0259l\u0259rini \u0130dar\u0259etm\u0259 Birliyi (T\u018fB\u0130B) t\u0259r\u0259find\u0259n akkredit\u0259 olunan laboratoriyalar\u0131n siyah\u0131s\u0131n\u0131 \u00f6z &quot;Facebook\u201d s\u0259hif\u0259sind\u0259 a\u00e7\u0131qlay\u0131b:\n<\/p>\n<p>\n  \u2013 \u0130nci laboratoriyas\u0131\n<\/p>\n<p>\n  \u2013 Referans klinikas\u0131\n<\/p>\n<p>\n  \u2013 Memorial Klinik\n<\/p>\n<p>\n  Qaydalara \u0259sas\u0259n s\u0259rni\u015finin koronavirus testind\u0259n ke\u00e7m\u0259si bar\u0259d\u0259 aray\u0131\u015f u\u00e7u\u015fdan \u0259n gec 48 saat \u0259vv\u0259l verilm\u0259lidir. S\u0259rni\u015fin yaln\u0131z testd\u0259n ke\u00e7\u0259r\u0259k m\u0259nfi n\u0259tic\u0259 \u0259ld\u0259 etm\u0259si bar\u0259d\u0259 aray\u0131\u015f t\u0259qdim etdikd\u0259n sonra t\u0259yyar\u0259y\u0259 burax\u0131lacaqd\u0131r.\n<\/p>\n<figure class=\"wp-block-image size-large\">\n  <img decoding=\"async\" src=\"https:\/\/www.meydan.tv\/az\/image-from-ios-5-png\/\" alt=\"Image from iOS (5).png\" class=\"wp-image-143417\"\/><figcaption>\n    AZAL-\u0131n Facebook s\u0259hif\u0259si<br \/>\n  <\/figcaption><\/figure>\n<p>\n  Maraql\u0131s\u0131 odur ki, AZAL T\u00fcrkiy\u0259d\u0259n Az\u0259rbaycana s\u0259rni\u015fin g\u0259tir\u0259rk\u0259n \u00f6lk\u0259nin 73 b\u00f6lg\u0259sind\u0259n 129 klinikan\u0131n aray\u0131\u015f\u0131n\u0131<br \/>\n  <a href=\"https:\/\/covid19bilgi.saglik.gov.tr\/tr\/covid-19-yetkilendirilmis-tani-laboratuvarlari-listesi\"><br \/>\n    tan\u0131y\u0131r<br \/>\n  <\/a><br \/>\n  .\n<\/p>\n<h3>\n  T\u018fB\u0130B akreditasiya \u00fc\u00e7\u00fcn m\u00fcraci\u0259t etm\u0259y\u0259n laboratoriyaya test apar\u0131lma sifari\u015fi verib<br \/>\n<\/h3>\n<p>\n  &quot;\u0130nci Laboratoriyalar\u0131&quot;n\u0131n Korperativ \u015f\u00f6b\u0259sinin r\u0259hb\u0259ri Elnar\u0259 \u018ff\u0259ndiyevan\u0131n Modern.az-a verdiyi<br \/>\n  <a href=\"https:\/\/modern.az\/az\/news\/245042\"><br \/>\n    m\u0259lumata<br \/>\n  <\/a><br \/>\n  g\u00f6r\u0259, testl\u0259r\u0259 ba\u015flan\u0131ld\u0131\u011f\u0131 tarixd\u0259n indiy\u0259d\u0259k laboratoriyan\u0131n M\u0259rk\u0259z Filial\u0131nda h\u0259m qandan, h\u0259m d\u0259 yaxmadan COV\u0130D-19-a qar\u015f\u0131 test apar\u0131l\u0131r: &quot;M\u00fcraci\u0259t ed\u0259nl\u0259rd\u0259n 293 n\u0259f\u0259ri yaln\u0131z qandan analiz ver\u0259nl\u0259rdir. \u0130yunun 16-dan 21-d\u0259k t\u0259kc\u0259 yaxma ver\u0259nl\u0259rin say\u0131 324 n\u0259f\u0259r olub. H\u0259min \u015f\u0259xsl\u0259r is\u0259 h\u0259m AZAL-\u0131n u\u00e7u\u015flar\u0131ndan istifad\u0259 ed\u0259nl\u0259r, h\u0259m d\u0259 T\u018fB\u0130B vasit\u0259si il\u0259 yaxmalar g\u00f6t\u00fcr\u00fcl\u0259nl\u0259rdir. Haz\u0131rda qandan b\u00fct\u00fcn filiallarda test apar\u0131lsa da, yaxmadan ancaq M\u0259rk\u0259z filial\u0131nda yoxlama apar\u0131l\u0131r&quot;.\n<\/p>\n<p>\n  Yaxma n\u00fcmun\u0259l\u0259rinin yoxlan\u0131lmas\u0131na niy\u0259 gec ba\u015flan\u0131ld\u0131\u011f\u0131na g\u0259ldikd\u0259 is\u0259 buna T\u018fB\u0130B-d\u0259n icaz\u0259nin gec verilm\u0259si il\u0259 \u0259laq\u0259l\u0259ndirib: &quot;AZAL-\u0131n u\u00e7u\u015flar\u0131 ba\u015flan\u0131ld\u0131qdan sonra t\u0259cili yard\u0131mla g\u00f6t\u00fcr\u00fcl\u0259n yaxma n\u00fcmun\u0259l\u0259rinin yoxlan\u0131lmas\u0131 daha \u00e7ox vaxt ald\u0131\u011f\u0131ndan T\u018fB\u0130B b\u0259zi laboratoriyalara da \u00f6d\u0259ni\u015fli analiz aparma\u011fa icaz\u0259 verdi. Bu proses\u0259 d\u0259 iyunun 16-dan ba\u015flan\u0131ld\u0131&quot;.\n<\/p>\n<p>\n  Amma bu analizl\u0259ri aparmaq \u00fc\u00e7\u00fcn &quot;\u0130nci laboratoriyalar\u0131n&quot;dan T\u018fB\u0130B-\u0259 m\u00fcraci\u0259t olmay\u0131b. Laboratoriya T\u018fB\u0130B-in bildiri\u015fl\u0259ri \u0259sas\u0131nda bu analizl\u0259r\u0259 ba\u015flay\u0131b. Haz\u0131rda is\u0259 qan analizind\u0259n COV\u0130D-19 testi 50 manata apar\u0131l\u0131r.\n<\/p>\n<figure class=\"wp-block-image size-large\">\n  <img decoding=\"async\" src=\"https:\/\/www.meydan.tv\/az\/image-from-ios-5-jpg-3\/\" alt=\"Image from iOS (5).jpg\" class=\"wp-image-143423\"\/><figcaption>\n    \u0130NC\u0130 Laboratoriyan\u0131n &#8220;Facebook\u201d s\u0259hif\u0259si<br \/>\n  <\/figcaption><\/figure>\n<p>\n  Yaxma n\u00fcmun\u0259l\u0259rinin yoxlama qiym\u0259ti is\u0259 laboratoriyada 130 manatd\u0131r. Dem\u0259k laboratoriyan\u0131n 1 filial\u0131 t\u0259kc\u0259 COV\u0130D-19-a g\u00f6r\u0259 yaxmalar\u0131n yoxlan\u0131lmas\u0131ndan 5 g\u00fcnd\u0259 42 120 manat \u0259ld\u0259 edib.\n<\/p>\n<p>\n  Dig\u0259r t\u0259r\u0259fd\u0259n, bir koronavirus skandal\u0131 bu g\u00fcnl\u0259rd\u0259 Referans Klinik Laboratoriya M\u0259rk\u0259zi il\u0259 ba\u011fl\u0131<br \/>\n  <a href=\"https:\/\/oxu.az\/society\/399450\"><br \/>\n    ya\u015fand\u0131.<br \/>\n  <\/a>\n<\/p>\n<p>\n  COVID-19 testind\u0259n ke\u00e7\u0259n v\u0259t\u0259nda\u015fa analizin n\u0259tic\u0259sinin neqativ oldu\u011fu bar\u0259d\u0259 s\u0259n\u0259d ver\u0259n M\u0259rk\u0259z T\u018fB\u0130B-\u0259 f\u0259rqli pozitiv n\u0259tic\u0259 g\u00f6nd\u0259rib. T\u0259kc\u0259 bu hal g\u00f6st\u0259rir ki, ortada ciddi probleml\u0259r m\u00f6vcuddur. Bir t\u0259r\u0259fd\u0259n pandemiya can almaqda davam edir, x\u00fcsusi karantin d\u00f6vr\u00fc uzan\u0131r, insanlar evl\u0259rin\u0259 qapad\u0131l\u0131r. Dig\u0259r t\u0259r\u0259fd\u0259n is\u0259 COV\u0130D-19 testind\u0259n ke\u00e7\u0259nl\u0259rin say\u0131 h\u0259r g\u00fcn 4 r\u0259q\u0259mli olaraq art\u0131r, yeni laboratoriya filiallar\u0131 a\u00e7\u0131l\u0131r. Dem\u0259k, COV\u0130D-19 t\u0259kc\u0259 problem yox, h\u0259m d\u0259 b\u00f6y\u00fck pullar qazand\u0131r\u0131r.<\/p>\n","protected":false},"excerpt":{"rendered":"<p>Testl\u0259rin \u00f6lk\u0259y\u0259 nec\u0259 g\u0259tirilm\u0259si bilinm\u0259s\u0259 d\u0259, T\u018fB\u0130B s\u0259drinin laboratoriyas\u0131nda yoxlan\u0131l\u0131r<\/p>\n","protected":false},"author":11,"featured_media":143396,"comment_status":"closed","ping_status":"open","sticky":false,"template":"","format":"standard","meta":{"_acf_changed":false,"_sitemap_exclude":false,"_sitemap_priority":"","_sitemap_frequency":"","footnotes":""},"categories":[62],"tags":[],"class_list":["post-201154","post","type-post","status-publish","format-standard","has-post-thumbnail","hentry","category-sosial","infinite-scroll-item","generate-columns","tablet-grid-50","mobile-grid-100","grid-parent","grid-33","no-featured-image-padding"],"acf":[],"yoast_head":"<!-- This site is optimized with the Yoast SEO plugin v27.4 - https:\/\/yoast.com\/product\/yoast-seo-wordpress\/ -->\n<title>T\u018fB\u0130B s\u0259dri Ramin Bayraml\u0131ya aid klinika COV\u0130D-19 testl\u0259ri edir - ARA\u015eDIRMA - MEYDAN.TV<\/title>\n<meta name=\"robots\" content=\"index, follow, max-snippet:-1, max-image-preview:large, max-video-preview:-1\" \/>\n<link rel=\"canonical\" href=\"https:\/\/www.meydan.tv\/az\/article\/tebib-sedri-ramin-bayramliya-aid-klinika-covid-19-testleri-edir-arasdirma\/\" \/>\n<meta property=\"og:locale\" content=\"az_AZ\" \/>\n<meta property=\"og:type\" content=\"article\" \/>\n<meta property=\"og:title\" content=\"T\u018fB\u0130B s\u0259dri Ramin Bayraml\u0131ya aid klinika COV\u0130D-19 testl\u0259ri edir - ARA\u015eDIRMA - MEYDAN.TV\" \/>\n<meta property=\"og:description\" content=\"Testl\u0259rin \u00f6lk\u0259y\u0259 nec\u0259 g\u0259tirilm\u0259si bilinm\u0259s\u0259 d\u0259, T\u018fB\u0130B s\u0259drinin laboratoriyas\u0131nda yoxlan\u0131l\u0131r\" \/>\n<meta property=\"og:url\" content=\"https:\/\/www.meydan.tv\/az\/article\/tebib-sedri-ramin-bayramliya-aid-klinika-covid-19-testleri-edir-arasdirma\/\" \/>\n<meta property=\"og:site_name\" content=\"MEYDAN.TV\" \/>\n<meta property=\"article:published_time\" content=\"2020-06-23T16:13:59+00:00\" \/>\n<meta property=\"og:image\" content=\"https:\/\/www.meydan.tv\/wp-content\/uploads\/untitled_design_2_ji8vxb7.png\" \/>\n\t<meta property=\"og:image:width\" content=\"1200\" \/>\n\t<meta property=\"og:image:height\" content=\"700\" \/>\n\t<meta property=\"og:image:type\" content=\"image\/png\" \/>\n<meta name=\"author\" content=\"user-manager\" \/>\n<meta name=\"twitter:card\" content=\"summary_large_image\" \/>\n<script type=\"application\/ld+json\" class=\"yoast-schema-graph\">{\"@context\":\"https:\\\/\\\/schema.org\",\"@graph\":[{\"@type\":\"Article\",\"@id\":\"https:\\\/\\\/www.meydan.tv\\\/az\\\/article\\\/tebib-sedri-ramin-bayramliya-aid-klinika-covid-19-testleri-edir-arasdirma\\\/#article\",\"isPartOf\":{\"@id\":\"https:\\\/\\\/www.meydan.tv\\\/az\\\/article\\\/tebib-sedri-ramin-bayramliya-aid-klinika-covid-19-testleri-edir-arasdirma\\\/\"},\"author\":{\"name\":\"user-manager\",\"@id\":\"https:\\\/\\\/www.meydan.tv\\\/az\\\/#\\\/schema\\\/person\\\/10d11eccf6da3662cf5fdab9806ea91a\"},\"headline\":\"T\u018fB\u0130B s\u0259dri Ramin Bayraml\u0131ya aid klinika COV\u0130D-19 testl\u0259ri edir &#8211; ARA\u015eDIRMA\",\"datePublished\":\"2020-06-23T16:13:59+00:00\",\"mainEntityOfPage\":{\"@id\":\"https:\\\/\\\/www.meydan.tv\\\/az\\\/article\\\/tebib-sedri-ramin-bayramliya-aid-klinika-covid-19-testleri-edir-arasdirma\\\/\"},\"wordCount\":2723,\"publisher\":{\"@id\":\"https:\\\/\\\/www.meydan.tv\\\/az\\\/#organization\"},\"image\":{\"@id\":\"https:\\\/\\\/www.meydan.tv\\\/az\\\/article\\\/tebib-sedri-ramin-bayramliya-aid-klinika-covid-19-testleri-edir-arasdirma\\\/#primaryimage\"},\"thumbnailUrl\":\"https:\\\/\\\/www.meydan.tv\\\/wp-content\\\/uploads\\\/untitled_design_2_ji8vxb7.png\",\"articleSection\":[\"Sosial\"],\"inLanguage\":\"az\"},{\"@type\":\"WebPage\",\"@id\":\"https:\\\/\\\/www.meydan.tv\\\/az\\\/article\\\/tebib-sedri-ramin-bayramliya-aid-klinika-covid-19-testleri-edir-arasdirma\\\/\",\"url\":\"https:\\\/\\\/www.meydan.tv\\\/az\\\/article\\\/tebib-sedri-ramin-bayramliya-aid-klinika-covid-19-testleri-edir-arasdirma\\\/\",\"name\":\"T\u018fB\u0130B s\u0259dri Ramin Bayraml\u0131ya aid klinika COV\u0130D-19 testl\u0259ri edir - ARA\u015eDIRMA - MEYDAN.TV\",\"isPartOf\":{\"@id\":\"https:\\\/\\\/www.meydan.tv\\\/az\\\/#website\"},\"primaryImageOfPage\":{\"@id\":\"https:\\\/\\\/www.meydan.tv\\\/az\\\/article\\\/tebib-sedri-ramin-bayramliya-aid-klinika-covid-19-testleri-edir-arasdirma\\\/#primaryimage\"},\"image\":{\"@id\":\"https:\\\/\\\/www.meydan.tv\\\/az\\\/article\\\/tebib-sedri-ramin-bayramliya-aid-klinika-covid-19-testleri-edir-arasdirma\\\/#primaryimage\"},\"thumbnailUrl\":\"https:\\\/\\\/www.meydan.tv\\\/wp-content\\\/uploads\\\/untitled_design_2_ji8vxb7.png\",\"datePublished\":\"2020-06-23T16:13:59+00:00\",\"breadcrumb\":{\"@id\":\"https:\\\/\\\/www.meydan.tv\\\/az\\\/article\\\/tebib-sedri-ramin-bayramliya-aid-klinika-covid-19-testleri-edir-arasdirma\\\/#breadcrumb\"},\"inLanguage\":\"az\",\"potentialAction\":[{\"@type\":\"ReadAction\",\"target\":[\"https:\\\/\\\/www.meydan.tv\\\/az\\\/article\\\/tebib-sedri-ramin-bayramliya-aid-klinika-covid-19-testleri-edir-arasdirma\\\/\"]}]},{\"@type\":\"ImageObject\",\"inLanguage\":\"az\",\"@id\":\"https:\\\/\\\/www.meydan.tv\\\/az\\\/article\\\/tebib-sedri-ramin-bayramliya-aid-klinika-covid-19-testleri-edir-arasdirma\\\/#primaryimage\",\"url\":\"https:\\\/\\\/www.meydan.tv\\\/wp-content\\\/uploads\\\/untitled_design_2_ji8vxb7.png\",\"contentUrl\":\"https:\\\/\\\/www.meydan.tv\\\/wp-content\\\/uploads\\\/untitled_design_2_ji8vxb7.png\",\"width\":1200,\"height\":700,\"caption\":\"Source: Meydan TV\"},{\"@type\":\"BreadcrumbList\",\"@id\":\"https:\\\/\\\/www.meydan.tv\\\/az\\\/article\\\/tebib-sedri-ramin-bayramliya-aid-klinika-covid-19-testleri-edir-arasdirma\\\/#breadcrumb\",\"itemListElement\":[{\"@type\":\"ListItem\",\"position\":1,\"name\":\"Ana s\u0259hif\u0259\",\"item\":\"https:\\\/\\\/www.meydan.tv\\\/az\\\/\"},{\"@type\":\"ListItem\",\"position\":2,\"name\":\"Sosial\",\"item\":\"https:\\\/\\\/www.meydan.tv\\\/az\\\/section\\\/sosial\\\/\"},{\"@type\":\"ListItem\",\"position\":3,\"name\":\"T\u018fB\u0130B s\u0259dri Ramin Bayraml\u0131ya aid klinika COV\u0130D-19 testl\u0259ri edir &#8211; ARA\u015eDIRMA\"}]},{\"@type\":\"WebSite\",\"@id\":\"https:\\\/\\\/www.meydan.tv\\\/az\\\/#website\",\"url\":\"https:\\\/\\\/www.meydan.tv\\\/az\\\/\",\"name\":\"MEYDAN.TV\",\"description\":\"Meydan TV Az\u0259rbaycan\u0131n media m\u0259kan\u0131ndak\u0131 alternativ s\u0259sidir\",\"publisher\":{\"@id\":\"https:\\\/\\\/www.meydan.tv\\\/az\\\/#organization\"},\"potentialAction\":[{\"@type\":\"SearchAction\",\"target\":{\"@type\":\"EntryPoint\",\"urlTemplate\":\"https:\\\/\\\/www.meydan.tv\\\/az\\\/?s={search_term_string}\"},\"query-input\":{\"@type\":\"PropertyValueSpecification\",\"valueRequired\":true,\"valueName\":\"search_term_string\"}}],\"inLanguage\":\"az\"},{\"@type\":\"Organization\",\"@id\":\"https:\\\/\\\/www.meydan.tv\\\/az\\\/#organization\",\"name\":\"Meydan TV\",\"url\":\"https:\\\/\\\/www.meydan.tv\\\/az\\\/\",\"logo\":{\"@type\":\"ImageObject\",\"inLanguage\":\"az\",\"@id\":\"https:\\\/\\\/www.meydan.tv\\\/az\\\/#\\\/schema\\\/logo\\\/image\\\/\",\"url\":\"https:\\\/\\\/www.meydan.tv\\\/wp-content\\\/uploads\\\/2021\\\/07\\\/meydan-logo.svg\",\"contentUrl\":\"https:\\\/\\\/www.meydan.tv\\\/wp-content\\\/uploads\\\/2021\\\/07\\\/meydan-logo.svg\",\"width\":195,\"height\":46,\"caption\":\"Meydan TV\"},\"image\":{\"@id\":\"https:\\\/\\\/www.meydan.tv\\\/az\\\/#\\\/schema\\\/logo\\\/image\\\/\"}},{\"@type\":\"Person\",\"@id\":\"https:\\\/\\\/www.meydan.tv\\\/az\\\/#\\\/schema\\\/person\\\/10d11eccf6da3662cf5fdab9806ea91a\",\"name\":\"user-manager\"}]}<\/script>\n<!-- \/ Yoast SEO plugin. -->","yoast_head_json":{"title":"T\u018fB\u0130B s\u0259dri Ramin Bayraml\u0131ya aid klinika COV\u0130D-19 testl\u0259ri edir - ARA\u015eDIRMA - MEYDAN.TV","robots":{"index":"index","follow":"follow","max-snippet":"max-snippet:-1","max-image-preview":"max-image-preview:large","max-video-preview":"max-video-preview:-1"},"canonical":"https:\/\/www.meydan.tv\/az\/article\/tebib-sedri-ramin-bayramliya-aid-klinika-covid-19-testleri-edir-arasdirma\/","og_locale":"az_AZ","og_type":"article","og_title":"T\u018fB\u0130B s\u0259dri Ramin Bayraml\u0131ya aid klinika COV\u0130D-19 testl\u0259ri edir - ARA\u015eDIRMA - MEYDAN.TV","og_description":"Testl\u0259rin \u00f6lk\u0259y\u0259 nec\u0259 g\u0259tirilm\u0259si bilinm\u0259s\u0259 d\u0259, T\u018fB\u0130B s\u0259drinin laboratoriyas\u0131nda yoxlan\u0131l\u0131r","og_url":"https:\/\/www.meydan.tv\/az\/article\/tebib-sedri-ramin-bayramliya-aid-klinika-covid-19-testleri-edir-arasdirma\/","og_site_name":"MEYDAN.TV","article_published_time":"2020-06-23T16:13:59+00:00","og_image":[{"width":1200,"height":700,"url":"https:\/\/www.meydan.tv\/wp-content\/uploads\/untitled_design_2_ji8vxb7.png","type":"image\/png"}],"author":"user-manager","twitter_card":"summary_large_image","schema":{"@context":"https:\/\/schema.org","@graph":[{"@type":"Article","@id":"https:\/\/www.meydan.tv\/az\/article\/tebib-sedri-ramin-bayramliya-aid-klinika-covid-19-testleri-edir-arasdirma\/#article","isPartOf":{"@id":"https:\/\/www.meydan.tv\/az\/article\/tebib-sedri-ramin-bayramliya-aid-klinika-covid-19-testleri-edir-arasdirma\/"},"author":{"name":"user-manager","@id":"https:\/\/www.meydan.tv\/az\/#\/schema\/person\/10d11eccf6da3662cf5fdab9806ea91a"},"headline":"T\u018fB\u0130B s\u0259dri Ramin Bayraml\u0131ya aid klinika COV\u0130D-19 testl\u0259ri edir &#8211; ARA\u015eDIRMA","datePublished":"2020-06-23T16:13:59+00:00","mainEntityOfPage":{"@id":"https:\/\/www.meydan.tv\/az\/article\/tebib-sedri-ramin-bayramliya-aid-klinika-covid-19-testleri-edir-arasdirma\/"},"wordCount":2723,"publisher":{"@id":"https:\/\/www.meydan.tv\/az\/#organization"},"image":{"@id":"https:\/\/www.meydan.tv\/az\/article\/tebib-sedri-ramin-bayramliya-aid-klinika-covid-19-testleri-edir-arasdirma\/#primaryimage"},"thumbnailUrl":"https:\/\/www.meydan.tv\/wp-content\/uploads\/untitled_design_2_ji8vxb7.png","articleSection":["Sosial"],"inLanguage":"az"},{"@type":"WebPage","@id":"https:\/\/www.meydan.tv\/az\/article\/tebib-sedri-ramin-bayramliya-aid-klinika-covid-19-testleri-edir-arasdirma\/","url":"https:\/\/www.meydan.tv\/az\/article\/tebib-sedri-ramin-bayramliya-aid-klinika-covid-19-testleri-edir-arasdirma\/","name":"T\u018fB\u0130B s\u0259dri Ramin Bayraml\u0131ya aid klinika COV\u0130D-19 testl\u0259ri edir - ARA\u015eDIRMA - MEYDAN.TV","isPartOf":{"@id":"https:\/\/www.meydan.tv\/az\/#website"},"primaryImageOfPage":{"@id":"https:\/\/www.meydan.tv\/az\/article\/tebib-sedri-ramin-bayramliya-aid-klinika-covid-19-testleri-edir-arasdirma\/#primaryimage"},"image":{"@id":"https:\/\/www.meydan.tv\/az\/article\/tebib-sedri-ramin-bayramliya-aid-klinika-covid-19-testleri-edir-arasdirma\/#primaryimage"},"thumbnailUrl":"https:\/\/www.meydan.tv\/wp-content\/uploads\/untitled_design_2_ji8vxb7.png","datePublished":"2020-06-23T16:13:59+00:00","breadcrumb":{"@id":"https:\/\/www.meydan.tv\/az\/article\/tebib-sedri-ramin-bayramliya-aid-klinika-covid-19-testleri-edir-arasdirma\/#breadcrumb"},"inLanguage":"az","potentialAction":[{"@type":"ReadAction","target":["https:\/\/www.meydan.tv\/az\/article\/tebib-sedri-ramin-bayramliya-aid-klinika-covid-19-testleri-edir-arasdirma\/"]}]},{"@type":"ImageObject","inLanguage":"az","@id":"https:\/\/www.meydan.tv\/az\/article\/tebib-sedri-ramin-bayramliya-aid-klinika-covid-19-testleri-edir-arasdirma\/#primaryimage","url":"https:\/\/www.meydan.tv\/wp-content\/uploads\/untitled_design_2_ji8vxb7.png","contentUrl":"https:\/\/www.meydan.tv\/wp-content\/uploads\/untitled_design_2_ji8vxb7.png","width":1200,"height":700,"caption":"Source: Meydan TV"},{"@type":"BreadcrumbList","@id":"https:\/\/www.meydan.tv\/az\/article\/tebib-sedri-ramin-bayramliya-aid-klinika-covid-19-testleri-edir-arasdirma\/#breadcrumb","itemListElement":[{"@type":"ListItem","position":1,"name":"Ana s\u0259hif\u0259","item":"https:\/\/www.meydan.tv\/az\/"},{"@type":"ListItem","position":2,"name":"Sosial","item":"https:\/\/www.meydan.tv\/az\/section\/sosial\/"},{"@type":"ListItem","position":3,"name":"T\u018fB\u0130B s\u0259dri Ramin Bayraml\u0131ya aid klinika COV\u0130D-19 testl\u0259ri edir &#8211; ARA\u015eDIRMA"}]},{"@type":"WebSite","@id":"https:\/\/www.meydan.tv\/az\/#website","url":"https:\/\/www.meydan.tv\/az\/","name":"MEYDAN.TV","description":"Meydan TV Az\u0259rbaycan\u0131n media m\u0259kan\u0131ndak\u0131 alternativ s\u0259sidir","publisher":{"@id":"https:\/\/www.meydan.tv\/az\/#organization"},"potentialAction":[{"@type":"SearchAction","target":{"@type":"EntryPoint","urlTemplate":"https:\/\/www.meydan.tv\/az\/?s={search_term_string}"},"query-input":{"@type":"PropertyValueSpecification","valueRequired":true,"valueName":"search_term_string"}}],"inLanguage":"az"},{"@type":"Organization","@id":"https:\/\/www.meydan.tv\/az\/#organization","name":"Meydan TV","url":"https:\/\/www.meydan.tv\/az\/","logo":{"@type":"ImageObject","inLanguage":"az","@id":"https:\/\/www.meydan.tv\/az\/#\/schema\/logo\/image\/","url":"https:\/\/www.meydan.tv\/wp-content\/uploads\/2021\/07\/meydan-logo.svg","contentUrl":"https:\/\/www.meydan.tv\/wp-content\/uploads\/2021\/07\/meydan-logo.svg","width":195,"height":46,"caption":"Meydan TV"},"image":{"@id":"https:\/\/www.meydan.tv\/az\/#\/schema\/logo\/image\/"}},{"@type":"Person","@id":"https:\/\/www.meydan.tv\/az\/#\/schema\/person\/10d11eccf6da3662cf5fdab9806ea91a","name":"user-manager"}]}},"_links":{"self":[{"href":"https:\/\/www.meydan.tv\/az\/wp-json\/wp\/v2\/posts\/201154","targetHints":{"allow":["GET"]}}],"collection":[{"href":"https:\/\/www.meydan.tv\/az\/wp-json\/wp\/v2\/posts"}],"about":[{"href":"https:\/\/www.meydan.tv\/az\/wp-json\/wp\/v2\/types\/post"}],"author":[{"embeddable":true,"href":"https:\/\/www.meydan.tv\/az\/wp-json\/wp\/v2\/users\/11"}],"replies":[{"embeddable":true,"href":"https:\/\/www.meydan.tv\/az\/wp-json\/wp\/v2\/comments?post=201154"}],"version-history":[{"count":0,"href":"https:\/\/www.meydan.tv\/az\/wp-json\/wp\/v2\/posts\/201154\/revisions"}],"wp:featuredmedia":[{"embeddable":true,"href":"https:\/\/www.meydan.tv\/az\/wp-json\/wp\/v2\/media\/143396"}],"wp:attachment":[{"href":"https:\/\/www.meydan.tv\/az\/wp-json\/wp\/v2\/media?parent=201154"}],"wp:term":[{"taxonomy":"category","embeddable":true,"href":"https:\/\/www.meydan.tv\/az\/wp-json\/wp\/v2\/categories?post=201154"},{"taxonomy":"post_tag","embeddable":true,"href":"https:\/\/www.meydan.tv\/az\/wp-json\/wp\/v2\/tags?post=201154"}],"curies":[{"name":"wp","href":"https:\/\/api.w.org\/{rel}","templated":true}]}}