{"id":201147,"date":"2020-06-23T15:57:59","date_gmt":"2020-06-23T15:57:59","guid":{"rendered":"https:\/\/www.meydan.tv\/article\/zelzeleden-zererceken-evi-sokdurub-sonra-tikdirmediler\/"},"modified":"2020-06-23T15:57:59","modified_gmt":"2020-06-23T15:57:59","slug":"zelzeleden-zererceken-evi-sokdurub-sonra-tikdirmediler","status":"publish","type":"post","link":"https:\/\/www.meydan.tv\/az\/article\/zelzeleden-zererceken-evi-sokdurub-sonra-tikdirmediler\/","title":{"rendered":"Z\u0259lz\u0259l\u0259d\u0259n z\u0259r\u0259r\u00e7\u0259k\u0259n: Evi s\u00f6kd\u00fcr\u00fcb, sonra tikdirm\u0259dil\u0259r"},"content":{"rendered":"<p>\n  <i><br \/>\n    \u201cBu c\u00fcr evd\u0259 ya\u015fama\u011f\u0131 he\u00e7 kim \u00f6z\u00fcn\u0259 r\u0259va bilmir\u201d<br \/>\n  <\/i>\n<\/p>\n<p>\n  A\u011fsu rayonu, Qaraqa\u015fl\u0131 k\u0259nd sakini Nadir\u0259 Q\u0259dirovaya m\u0259xsus \u00fc\u00e7otaql\u0131 f\u0259rdi ev \u00f6t\u0259n ilin fevral\u0131nda h\u0259min \u0259razid\u0259 ba\u015f ver\u0259n g\u00fccl\u00fc z\u0259lz\u0259l\u0259 n\u0259tic\u0259sind\u0259 q\u0259zal\u0131 v\u0259ziyy\u0259t\u0259 d\u00fc\u015f\u00fcb.\n<\/p>\n<p>\n  Nadir\u0259 Q\u0259dirova Meydan TV-y\u0259 bildirib ki, m\u0259s\u0259l\u0259 il\u0259 ba\u011fl\u0131 A\u011fsu Rayon \u0130cra Hakimiyy\u0259tin\u0259, h\u0259m\u00e7inin F\u00f6vq\u0259lad\u0259 Hallar Nazirliyi Z\u0259lz\u0259l\u0259 b\u00f6lg\u0259si \u00fczr\u0259 Q\u0259rargah\u0131na m\u00fcraci\u0259t edib. H\u0259r iki qurumdan n\u00fcmay\u0259nd\u0259l\u0259r g\u0259l\u0259r\u0259k ev\u0259 bax\u0131\u015f ke\u00e7iribl\u0259r v\u0259 t\u0259mir-b\u0259rpa olunmas\u0131na dair akt t\u0259rtib olunub. Lakin Nadir\u0259 Q\u0259dirova evinin t\u0259mir-b\u0259rpas\u0131na raz\u0131 olmay\u0131b:\n<\/p>\n<p>\n  \u201c\u00c7\u00fcnki ev b\u0259rbad v\u0259ziyy\u0259td\u0259dir, b\u00fcn\u00f6vr\u0259si yoxdur, 1950-ci ild\u0259 k\u0259rpicd\u0259n tikilib. D\u0259f\u0259l\u0259rl\u0259 ke\u00e7mi\u015f icra ba\u015f\u00e7\u0131s\u0131 \u018fnv\u0259r Seyid\u0259liyevin yan\u0131na getdim. V\u0259ziyy\u0259ti ona izah etdim. Biz\u0259 bo\u015f v\u0259dl\u0259r verdi. H\u0259r d\u0259f\u0259 dedi ki, gedin, n\u00f6vb\u0259niz \u00e7atanda g\u0259lib, evinizi tik\u0259c\u0259kl\u0259r. Lakin g\u0259lm\u0259dil\u0259r, bizi aldatd\u0131lar. Yeni icra ba\u015f\u00e7\u0131s\u0131 Vahid Ta\u011f\u0131yev is\u0259 deyir ki, evl\u0259 ba\u011fl\u0131 \u015fikay\u0259tl\u0259 \u00fcst\u00fcm\u0259 g\u0259lm\u0259yin, bu i\u015f\u0259 m\u0259n baxm\u0131ram. T\u0259krar ged\u0259nd\u0259 is\u0259 bizi q\u0259bul etm\u0259yib\u201d.\n<\/p>\n<p>\n  Nadir\u0259 Q\u0259dirovan\u0131n evinin t\u0259mir-b\u0259rpas\u0131 podrat\u00e7\u0131 \u015firk\u0259t \u201cTALEH TT\u201d M\u0259hdud M\u0259suliyy\u0259tli C\u0259miyy\u0259ti t\u0259r\u0259find\u0259n apar\u0131lmal\u0131 imi\u015f. \u015eikay\u0259t\u00e7inin dediyin\u0259 g\u00f6r\u0259, \u015firk\u0259tin r\u0259hb\u0259ri \u018fl\u015fah D\u0259mirov evin s\u00f6k\u00fcl\u0259r\u0259k, yenid\u0259n tikilm\u0259sin\u0259 raz\u0131l\u0131q verib:\n<\/p>\n<p>\n  \u201cOrada v\u0259ziyy\u0259ti izah etdik, dedik ki, k\u00fcl\u0259k \u0259s\u0259nd\u0259 ev y\u0131r\u011falan\u0131r, ya\u011f\u0131\u015f ya\u011fanda suyun ham\u0131s\u0131 i\u00e7\u0259rid\u0259dir. K\u00f6rp\u0259 n\u0259v\u0259l\u0259rim var, qorxuruq ki, ev u\u00e7ar, u\u015faqlar alt\u0131nda qalar. O\u011flum ustad\u0131r, onlara dedik ki, f\u0259hl\u0259 i\u015fini \u00f6z\u00fcm\u00fcz g\u00f6r\u0259rik. Siz h\u0259min pulun \u0259v\u0259zin\u0259 biz\u0259 sement v\u0259 da\u015f verin. Evi tik\u0259k, b\u0259rpa i\u015fl\u0259rini d\u0259 siz ed\u0259rsiz. Evin ustapulu iki min manat edirdi. Onlar sement v\u0259 da\u015f verm\u0259y\u0259 raz\u0131la\u015fd\u0131lar. Dedil\u0259r ki, evi s\u00f6k\u00fcn-t\u00f6k\u00fcn yer\u0259. Biz siz\u0259 sement, da\u015f alma\u011fa k\u00f6m\u0259k ed\u0259c\u0259yik.\n<\/p>\n<figure class=\"wp-block-image size-large\">\n  <img decoding=\"async\" src=\"https:\/\/www.meydan.tv\/az\/image_from_ios-3-jpg-116\/\" alt=\"image_from_ios (3).jpg\" class=\"wp-image-143438\"\/><figcaption>\n    T\u0259mir-b\u0259rpas\u0131 podrat\u00e7\u0131 \u015firk\u0259t \u201cTALEH TT\u201d M\u0259hdud M\u0259suliyy\u0259tli C\u0259miyy\u0259ti t\u0259r\u0259find\u0259n apar\u0131lmal\u0131 imi\u015f<br \/>\n  <\/figcaption><\/figure>\n<p>\n  Biz d\u0259 iki ota\u011f\u0131 s\u00f6kd\u00fck, birini d\u0259 ya\u015famaq \u00fc\u00e7\u00fcn saxlad\u0131q. Sonra onlara x\u0259b\u0259r etdik. Boyunlar\u0131na almad\u0131lar ki, biz siz\u0259 \u201cevi s\u00f6k\u00fcn\u201d dem\u0259mi\u015fik. \u00dcst\u00fcnd\u0259n \u00fc\u00e7 ay ke\u00e7ib. \u0130ndi d\u0259 yaxalar\u0131n\u0131 k\u0259nara \u00e7\u0259kibl\u0259r ki, bizlik deyil, \u00f6z\u00fcn\u00fcz bil\u0259rsiniz. N\u0259 oyundursa, ba\u015f a\u00e7mad\u0131q. \u015eikay\u0259t ed\u0259c\u0259yimizi dey\u0259nd\u0259 bildirdil\u0259r ki, bizlik deyil, hara ist\u0259yirsiniz deyin. Bel\u0259 insafs\u0131zl\u0131q olmaz. Onlara dedim ki, imkan\u0131m olsa, sizd\u0259n k\u00f6m\u0259k ist\u0259m\u0259zdim. Bu c\u00fcr evd\u0259 ya\u015fama\u011f\u0131 he\u00e7 kim \u00f6z\u00fcn\u0259 r\u0259va bilmir. Dedim ki, s\u0259n g\u0259lib bu evi t\u0259mir etdin. Ax\u0131 bu ev a\u015f\u0131r. Bu il t\u0259mir etdin, g\u0259l\u0259n il ev u\u00e7acaq. Deyirdil\u0259r ki, koronavirus d\u00fc\u015f\u00fcb ortal\u0131\u011fa, tikinti, t\u0259mir i\u015fl\u0259ri dayand\u0131r\u0131la bil\u0259r. Onlar bel\u0259 dey\u0259nd\u0259n sonra biz m\u0259cbur olub, t\u0259miri q\u0259bul etdik. \u0130ndi d\u0259 ev u\u00e7mu\u015f v\u0259ziyy\u0259td qal\u0131b\u201d.\n<\/p>\n<p>\n  Nadir\u0259 Q\u0259dirova \u00fc\u00e7 k\u00f6rp\u0259 n\u0259v\u0259si il\u0259 qon\u015fuda gec\u0259l\u0259diyini deyir. S\u00f6yl\u0259yir ki, ev q\u0259zal\u0131 oldu\u011fundan h\u0259min bir otaqda yatma\u011fa qorxur:\n<\/p>\n<p>\n  \u201cN\u0259v\u0259l\u0259rimi d\u0259 g\u00f6t\u00fcr\u00fcb h\u0259r ax\u015fam qay\u0131n\u0131m q\u0131z\u0131n\u0131n evin\u0259 gedir\u0259m. G\u0259liniml\u0259 o\u011flum da u\u00e7uq dam\u0131n alt\u0131nda qal\u0131blar. On g\u00fcn bundan \u0259vv\u0259l m\u00f6hk\u0259m k\u00fcl\u0259k \u0259sirdi. Kafed\u0259 qabyuyan i\u015fl\u0259yir\u0259m. \u0130\u015fd\u0259ydim, yar\u0131 can\u0131m evd\u0259 qalm\u0131\u015fd\u0131 ki, ev u\u00e7du, u\u015faqlar alt\u0131nda qald\u0131. O\u011flum fikird\u0259n n\u0259 g\u00fcn\u0259 d\u00fc\u015f\u00fcb. K\u0259ndd\u0259 ne\u00e7\u0259 adam\u0131n evini tikibl\u0259r, oturub i\u00e7ind\u0259. Ham\u0131ya ev tikdil\u0259r. N\u0259 i\u015fdirs\u0259, m\u0259nim evim\u0259 \u00e7atanda g\u00f6zl\u0259ri ba\u011flan\u0131r. Bir adam g\u0259lib demir ki, bu ev u\u00e7ub-t\u00f6k\u00fcl\u00fcr. Bunu da tikm\u0259k laz\u0131md\u0131r. Prezidentin q\u0259rar\u0131 olmasa dey\u0259r\u0259m ki, yoxdur, u\u00e7uq evd\u0259 oturmu\u015fuq. Ax\u0131 q\u0259rar verilib, pul ayr\u0131l\u0131b. Niy\u0259 m\u0259nim evimi tikmirl\u0259r? \u00dcmid yerim qalmay\u0131b, ham\u0131ya a\u011f\u0131z a\u00e7m\u0131\u015fam. \u00c7ox yerl\u0259r\u0259 m\u00fcraci\u0259t etmi\u015f\u0259m, daha kiml\u0259rin qap\u0131s\u0131n\u0131 d\u00f6ym\u0259mi\u015f\u0259m. Yalvarm\u0131\u015fam, yaxarm\u0131\u015fam, he\u00e7 baxan da yoxdur\u201d.\n<\/p>\n<figure class=\"wp-block-image size-large\">\n  <img decoding=\"async\" src=\"https:\/\/www.meydan.tv\/az\/image_from_ios-6-jpg-88\/\" alt=\"image_from_ios (6).jpg\" class=\"wp-image-143453\"\/><figcaption>\n    Nadir\u0259 Q\u0259dirova \u00fc\u00e7 k\u00f6rp\u0259 n\u0259v\u0259si il\u0259 qon\u015fuda gec\u0259l\u0259diyini deyir.<br \/>\n  <\/figcaption><\/figure>\n<p>\n  2019-cu il fevral\u0131n 5-d\u0259 Pirqulu stansiyas\u0131ndan 7 km c\u0259nubda, A\u011fsu \u0259razisind\u0259 4,4 bal g\u00fcc\u00fcnd\u0259 z\u0259lz\u0259l\u0259 qeyd\u0259 al\u0131n\u0131b. H\u0259min z\u0259lz\u0259l\u0259 episentrd\u0259 5 bala yax\u0131n, \u0259traf rayonlarda 4,3 bala q\u0259d\u0259r hiss olunub. H\u0259min g\u00fcn Pirqulu stansiyas\u0131ndan 9 km c\u0259nub-q\u0259rbd\u0259 \u0130smay\u0131ll\u0131 \u0259razisind\u0259 z\u0259lz\u0259l\u0259 qeyd\u0259 al\u0131n\u0131b. Fevral\u0131n 9-da v\u0259 11-d\u0259 d\u0259 Pirqulu stansiyas\u0131ndan 8 v\u0259 9 km c\u0259nub-q\u0259rbd\u0259 v\u0259 q\u0259rbd\u0259 yeralt\u0131 t\u0259kanlar ba\u015f verib.\n<\/p>\n<p>\n  Z\u0259lz\u0259l\u0259 n\u0259tic\u0259sind\u0259 \u015eamax\u0131, \u0130smay\u0131ll\u0131 v\u0259 A\u011fsu rayonlar\u0131nda bir \u00e7ox f\u0259rdi v\u0259 \u00e7oxm\u0259nzilli ya\u015fay\u0131\u015f evl\u0259rin\u0259 ziyan d\u0259yib.\n<\/p>\n<p>\n  Prezident \u0130lham \u018fliyevin s\u0259r\u0259ncam\u0131na \u0259sas\u0259n, indiy\u0259d\u0259k d\u00f6vl\u0259t b\u00fcdc\u0259sind\u0259n t\u0259bii f\u0259lak\u0259td\u0259n z\u0259r\u0259r g\u00f6rm\u00fc\u015f h\u0259r \u00fc\u00e7 rayona \u00fcmumilikd\u0259 7 milyon manat ayr\u0131l\u0131b.\n<\/p>\n<p>\n  Z\u0259lz\u0259l\u0259d\u0259n sonra ziyan d\u0259ymi\u015f ya\u015fay\u0131\u015f evl\u0259rind\u0259 t\u0259mir i\u015fl\u0259rini aparmaq \u00fc\u00e7\u00fcn podrat\u00e7\u0131 \u015firk\u0259tl\u0259rini A\u011fsu Rayon \u0130cra Hakimiyy\u0259ti m\u00fc\u0259yy\u0259n edib.\n<\/p>\n<p>\n  2019-cu ilin yanvar-dekabr aylar\u0131nda A\u011fsu rayonunda d\u00f6vl\u0259t qurumlar\u0131 t\u0259r\u0259find\u0259n \u00fcmumi m\u0259bl\u0259\u011fi 9 milyon 15 min 246 manat olan 28 tender ke\u00e7irilib. \u018fn \u00e7ox tender ke\u00e7ir\u0259n A\u011fsu rayon \u0130cra Hakimiyy\u0259ti olub. Qurum \u00fcmumi m\u0259bl\u0259\u011fi 8 milyon 244 min 671 manatl\u0131q tender m\u00fcqavil\u0259l\u0259ri ba\u011flay\u0131b.\n<\/p>\n<p>\n  \u0130cra hakimiyy\u0259tinin 1 milyondan b\u00f6y\u00fck 3 tender olub. Tenderl\u0259ri \u201cTALEH TT\u201d MMC, \u201cD\u0259r\u0259l\u0259yaz \u2013 1\u201d MMC \u015firk\u0259tl\u0259ri qazan\u0131b. \u201cTALEH TT\u201d MMC \u00fcmumi m\u0259bl\u0259\u011fi 3 milyon 304 min manat olan 2, \u201cD\u0259r\u0259l\u0259yaz \u2013 1\u201d MMC 1 milyon 696 min manat olan 1 tender qazan\u0131b.\n<\/p>\n<figure class=\"wp-block-image size-large\">\n  <img decoding=\"async\" src=\"https:\/\/www.meydan.tv\/az\/image_from_ios-4-jpg-143\/\" alt=\"image_from_ios (4).jpg\" class=\"wp-image-143450\"\/><figcaption>\n    &#8220;Bu c\u00fcr evd\u0259 ya\u015fama\u011f\u0131 he\u00e7 kim \u00f6z\u00fcn\u0259 r\u0259va bilmir&#8221;.<br \/>\n  <\/figcaption><\/figure>\n<p>\n  Rayonda \u0259n \u00e7ox tender udan \u015firk\u0259tl\u0259r \u201cTALEH TT\u201d MMC v\u0259 \u201cCEYHUN 1994\u201d MMC-dir. \u201cTALEH TT\u201d MMC \u015firk\u0259ti 4 milyon 574 min 167 manat olan 5 tender, \u201cCEYHUN 1994\u201d MMC \u00fcmumi m\u0259bl\u0259\u011fi 142 min 700 manat olan 5 tenderin qalibi olub.\n<\/p>\n<p>\n  \u201cTALEH TT\u201d M\u0259hdud M\u0259suliyy\u0259tli C\u0259miyy\u0259tinin r\u0259hb\u0259ri \u018fl\u015fah D\u0259mirovla \u0259laq\u0259 saxlamaq m\u00fcmk\u00fcn olmay\u0131b.\n<\/p>\n<p>\n  A\u011fsu Rayon \u0130cra Hakimiyy\u0259tinin \u0130nformasiya t\u0259minat\u0131 v\u0259 t\u0259hlil sektorunun m\u00fcdiri Cavan\u015fir N\u0259sibov Meydan TV-y\u0259 bildirib ki, evl\u0259rin t\u0259miri il\u0259 ba\u011fl\u0131 i\u015fl\u0259r pandemiya il\u0259 \u0259laq\u0259dar dayand\u0131r\u0131l\u0131b:\n<\/p>\n<p>\n  \u201cM\u0259lum v\u0259ziyy\u0259tl\u0259 \u0259laq\u0259dar art\u0131q bir ne\u00e7\u0259 ayd\u0131r ki, i\u015f prosesi dayand\u0131r\u0131l\u0131b. Evinin t\u0259mir olunmas\u0131n\u0131 g\u00f6zl\u0259y\u0259n v\u0259t\u0259nda\u015flar var. Lakin haz\u0131rda v\u0259sait yoxdur. N\u0259 zamansa ayr\u0131laca\u011f\u0131n\u0131 bilmirik. \u00c7\u00fcnki haz\u0131rda birinci yerd\u0259 virusa qar\u015f\u0131 m\u00fcbariz\u0259dir\u201d.\n<\/p>\n<p>\n  Bundan \u00f6nc\u0259 A\u011fsu Rayon \u0130cra Hakimiyy\u0259tinin Memarl\u0131q v\u0259 in\u015faat \u015f\u00f6b\u0259sind\u0259n Meydan TV-y\u0259 rayon \u00fczr\u0259 \u00fcmumilikd\u0259 2104 evin t\u0259mir, b\u0259rpa v\u0259 tikintisi n\u0259z\u0259rd\u0259 tutulmas\u0131na dair m\u0259lumat verilmi\u015fdi.\n<\/p>\n<figure class=\"wp-block-image size-large\">\n  <img decoding=\"async\" src=\"https:\/\/www.meydan.tv\/az\/image_from_ios-2-jpg-153\/\" alt=\"image_from_ios (2).jpg\" class=\"wp-image-143441\"\/><figcaption>\n    &#8220;Prezidentin q\u0259rar\u0131 olmasa dey\u0259r\u0259m ki, yoxdur, u\u00e7uq evd\u0259 oturmu\u015fuq&#8221;.<br \/>\n  <\/figcaption><\/figure>\n","protected":false},"excerpt":{"rendered":"<p>&#8220;N\u0259 oyundursa, ba\u015f a\u00e7mad\u0131q&#8221;<\/p>\n","protected":false},"author":11,"featured_media":143456,"comment_status":"closed","ping_status":"open","sticky":false,"template":"","format":"standard","meta":{"_acf_changed":false,"_sitemap_exclude":false,"_sitemap_priority":"","_sitemap_frequency":"","footnotes":""},"categories":[60],"tags":[],"class_list":["post-201147","post","type-post","status-publish","format-standard","has-post-thumbnail","hentry","category-bolge","infinite-scroll-item","generate-columns","tablet-grid-50","mobile-grid-100","grid-parent","grid-33","no-featured-image-padding"],"acf":[],"yoast_head":"<!-- This site is optimized with the Yoast SEO plugin v27.5 - https:\/\/yoast.com\/product\/yoast-seo-wordpress\/ -->\n<title>Z\u0259lz\u0259l\u0259d\u0259n z\u0259r\u0259r\u00e7\u0259k\u0259n: Evi s\u00f6kd\u00fcr\u00fcb, sonra tikdirm\u0259dil\u0259r - MEYDAN.TV<\/title>\n<meta name=\"robots\" content=\"index, follow, max-snippet:-1, max-image-preview:large, max-video-preview:-1\" \/>\n<link rel=\"canonical\" href=\"https:\/\/www.meydan.tv\/az\/article\/zelzeleden-zererceken-evi-sokdurub-sonra-tikdirmediler\/\" \/>\n<meta property=\"og:locale\" content=\"az_AZ\" \/>\n<meta property=\"og:type\" content=\"article\" \/>\n<meta property=\"og:title\" content=\"Z\u0259lz\u0259l\u0259d\u0259n z\u0259r\u0259r\u00e7\u0259k\u0259n: Evi s\u00f6kd\u00fcr\u00fcb, sonra tikdirm\u0259dil\u0259r - MEYDAN.TV\" \/>\n<meta property=\"og:description\" content=\"&quot;N\u0259 oyundursa, ba\u015f a\u00e7mad\u0131q&quot;\" \/>\n<meta property=\"og:url\" content=\"https:\/\/www.meydan.tv\/az\/article\/zelzeleden-zererceken-evi-sokdurub-sonra-tikdirmediler\/\" \/>\n<meta property=\"og:site_name\" content=\"MEYDAN.TV\" \/>\n<meta property=\"article:published_time\" content=\"2020-06-23T15:57:59+00:00\" \/>\n<meta property=\"og:image\" content=\"https:\/\/www.meydan.tv\/wp-content\/uploads\/image_from_ios_5_3rz9mir.jpg\" \/>\n\t<meta property=\"og:image:width\" content=\"1280\" \/>\n\t<meta property=\"og:image:height\" content=\"720\" \/>\n\t<meta property=\"og:image:type\" content=\"image\/jpeg\" \/>\n<meta name=\"author\" content=\"user-manager\" \/>\n<meta name=\"twitter:card\" content=\"summary_large_image\" \/>\n<script type=\"application\/ld+json\" class=\"yoast-schema-graph\">{\"@context\":\"https:\\\/\\\/schema.org\",\"@graph\":[{\"@type\":\"Article\",\"@id\":\"https:\\\/\\\/www.meydan.tv\\\/az\\\/article\\\/zelzeleden-zererceken-evi-sokdurub-sonra-tikdirmediler\\\/#article\",\"isPartOf\":{\"@id\":\"https:\\\/\\\/www.meydan.tv\\\/az\\\/article\\\/zelzeleden-zererceken-evi-sokdurub-sonra-tikdirmediler\\\/\"},\"author\":{\"name\":\"user-manager\",\"@id\":\"https:\\\/\\\/www.meydan.tv\\\/az\\\/#\\\/schema\\\/person\\\/10d11eccf6da3662cf5fdab9806ea91a\"},\"headline\":\"Z\u0259lz\u0259l\u0259d\u0259n z\u0259r\u0259r\u00e7\u0259k\u0259n: Evi s\u00f6kd\u00fcr\u00fcb, sonra tikdirm\u0259dil\u0259r\",\"datePublished\":\"2020-06-23T15:57:59+00:00\",\"mainEntityOfPage\":{\"@id\":\"https:\\\/\\\/www.meydan.tv\\\/az\\\/article\\\/zelzeleden-zererceken-evi-sokdurub-sonra-tikdirmediler\\\/\"},\"wordCount\":1403,\"publisher\":{\"@id\":\"https:\\\/\\\/www.meydan.tv\\\/az\\\/#organization\"},\"image\":{\"@id\":\"https:\\\/\\\/www.meydan.tv\\\/az\\\/article\\\/zelzeleden-zererceken-evi-sokdurub-sonra-tikdirmediler\\\/#primaryimage\"},\"thumbnailUrl\":\"https:\\\/\\\/www.meydan.tv\\\/wp-content\\\/uploads\\\/image_from_ios_5_3rz9mir.jpg\",\"articleSection\":[\"B\u00f6lg\u0259\"],\"inLanguage\":\"az\"},{\"@type\":\"WebPage\",\"@id\":\"https:\\\/\\\/www.meydan.tv\\\/az\\\/article\\\/zelzeleden-zererceken-evi-sokdurub-sonra-tikdirmediler\\\/\",\"url\":\"https:\\\/\\\/www.meydan.tv\\\/az\\\/article\\\/zelzeleden-zererceken-evi-sokdurub-sonra-tikdirmediler\\\/\",\"name\":\"Z\u0259lz\u0259l\u0259d\u0259n z\u0259r\u0259r\u00e7\u0259k\u0259n: Evi s\u00f6kd\u00fcr\u00fcb, sonra tikdirm\u0259dil\u0259r - MEYDAN.TV\",\"isPartOf\":{\"@id\":\"https:\\\/\\\/www.meydan.tv\\\/az\\\/#website\"},\"primaryImageOfPage\":{\"@id\":\"https:\\\/\\\/www.meydan.tv\\\/az\\\/article\\\/zelzeleden-zererceken-evi-sokdurub-sonra-tikdirmediler\\\/#primaryimage\"},\"image\":{\"@id\":\"https:\\\/\\\/www.meydan.tv\\\/az\\\/article\\\/zelzeleden-zererceken-evi-sokdurub-sonra-tikdirmediler\\\/#primaryimage\"},\"thumbnailUrl\":\"https:\\\/\\\/www.meydan.tv\\\/wp-content\\\/uploads\\\/image_from_ios_5_3rz9mir.jpg\",\"datePublished\":\"2020-06-23T15:57:59+00:00\",\"breadcrumb\":{\"@id\":\"https:\\\/\\\/www.meydan.tv\\\/az\\\/article\\\/zelzeleden-zererceken-evi-sokdurub-sonra-tikdirmediler\\\/#breadcrumb\"},\"inLanguage\":\"az\",\"potentialAction\":[{\"@type\":\"ReadAction\",\"target\":[\"https:\\\/\\\/www.meydan.tv\\\/az\\\/article\\\/zelzeleden-zererceken-evi-sokdurub-sonra-tikdirmediler\\\/\"]}]},{\"@type\":\"ImageObject\",\"inLanguage\":\"az\",\"@id\":\"https:\\\/\\\/www.meydan.tv\\\/az\\\/article\\\/zelzeleden-zererceken-evi-sokdurub-sonra-tikdirmediler\\\/#primaryimage\",\"url\":\"https:\\\/\\\/www.meydan.tv\\\/wp-content\\\/uploads\\\/image_from_ios_5_3rz9mir.jpg\",\"contentUrl\":\"https:\\\/\\\/www.meydan.tv\\\/wp-content\\\/uploads\\\/image_from_ios_5_3rz9mir.jpg\",\"width\":1280,\"height\":720,\"caption\":\"Source: Specify Source\"},{\"@type\":\"BreadcrumbList\",\"@id\":\"https:\\\/\\\/www.meydan.tv\\\/az\\\/article\\\/zelzeleden-zererceken-evi-sokdurub-sonra-tikdirmediler\\\/#breadcrumb\",\"itemListElement\":[{\"@type\":\"ListItem\",\"position\":1,\"name\":\"Ana s\u0259hif\u0259\",\"item\":\"https:\\\/\\\/www.meydan.tv\\\/az\\\/\"},{\"@type\":\"ListItem\",\"position\":2,\"name\":\"B\u00f6lg\u0259\",\"item\":\"https:\\\/\\\/www.meydan.tv\\\/az\\\/section\\\/bolge\\\/\"},{\"@type\":\"ListItem\",\"position\":3,\"name\":\"Z\u0259lz\u0259l\u0259d\u0259n z\u0259r\u0259r\u00e7\u0259k\u0259n: Evi s\u00f6kd\u00fcr\u00fcb, sonra tikdirm\u0259dil\u0259r\"}]},{\"@type\":\"WebSite\",\"@id\":\"https:\\\/\\\/www.meydan.tv\\\/az\\\/#website\",\"url\":\"https:\\\/\\\/www.meydan.tv\\\/az\\\/\",\"name\":\"MEYDAN.TV\",\"description\":\"Meydan TV Az\u0259rbaycan\u0131n media m\u0259kan\u0131ndak\u0131 alternativ s\u0259sidir\",\"publisher\":{\"@id\":\"https:\\\/\\\/www.meydan.tv\\\/az\\\/#organization\"},\"potentialAction\":[{\"@type\":\"SearchAction\",\"target\":{\"@type\":\"EntryPoint\",\"urlTemplate\":\"https:\\\/\\\/www.meydan.tv\\\/az\\\/?s={search_term_string}\"},\"query-input\":{\"@type\":\"PropertyValueSpecification\",\"valueRequired\":true,\"valueName\":\"search_term_string\"}}],\"inLanguage\":\"az\"},{\"@type\":\"Organization\",\"@id\":\"https:\\\/\\\/www.meydan.tv\\\/az\\\/#organization\",\"name\":\"Meydan TV\",\"url\":\"https:\\\/\\\/www.meydan.tv\\\/az\\\/\",\"logo\":{\"@type\":\"ImageObject\",\"inLanguage\":\"az\",\"@id\":\"https:\\\/\\\/www.meydan.tv\\\/az\\\/#\\\/schema\\\/logo\\\/image\\\/\",\"url\":\"https:\\\/\\\/www.meydan.tv\\\/wp-content\\\/uploads\\\/2021\\\/07\\\/meydan-logo.svg\",\"contentUrl\":\"https:\\\/\\\/www.meydan.tv\\\/wp-content\\\/uploads\\\/2021\\\/07\\\/meydan-logo.svg\",\"width\":195,\"height\":46,\"caption\":\"Meydan TV\"},\"image\":{\"@id\":\"https:\\\/\\\/www.meydan.tv\\\/az\\\/#\\\/schema\\\/logo\\\/image\\\/\"}},{\"@type\":\"Person\",\"@id\":\"https:\\\/\\\/www.meydan.tv\\\/az\\\/#\\\/schema\\\/person\\\/10d11eccf6da3662cf5fdab9806ea91a\",\"name\":\"user-manager\"}]}<\/script>\n<!-- \/ Yoast SEO plugin. -->","yoast_head_json":{"title":"Z\u0259lz\u0259l\u0259d\u0259n z\u0259r\u0259r\u00e7\u0259k\u0259n: Evi s\u00f6kd\u00fcr\u00fcb, sonra tikdirm\u0259dil\u0259r - MEYDAN.TV","robots":{"index":"index","follow":"follow","max-snippet":"max-snippet:-1","max-image-preview":"max-image-preview:large","max-video-preview":"max-video-preview:-1"},"canonical":"https:\/\/www.meydan.tv\/az\/article\/zelzeleden-zererceken-evi-sokdurub-sonra-tikdirmediler\/","og_locale":"az_AZ","og_type":"article","og_title":"Z\u0259lz\u0259l\u0259d\u0259n z\u0259r\u0259r\u00e7\u0259k\u0259n: Evi s\u00f6kd\u00fcr\u00fcb, sonra tikdirm\u0259dil\u0259r - MEYDAN.TV","og_description":"\"N\u0259 oyundursa, ba\u015f a\u00e7mad\u0131q\"","og_url":"https:\/\/www.meydan.tv\/az\/article\/zelzeleden-zererceken-evi-sokdurub-sonra-tikdirmediler\/","og_site_name":"MEYDAN.TV","article_published_time":"2020-06-23T15:57:59+00:00","og_image":[{"width":1280,"height":720,"url":"https:\/\/www.meydan.tv\/wp-content\/uploads\/image_from_ios_5_3rz9mir.jpg","type":"image\/jpeg"}],"author":"user-manager","twitter_card":"summary_large_image","schema":{"@context":"https:\/\/schema.org","@graph":[{"@type":"Article","@id":"https:\/\/www.meydan.tv\/az\/article\/zelzeleden-zererceken-evi-sokdurub-sonra-tikdirmediler\/#article","isPartOf":{"@id":"https:\/\/www.meydan.tv\/az\/article\/zelzeleden-zererceken-evi-sokdurub-sonra-tikdirmediler\/"},"author":{"name":"user-manager","@id":"https:\/\/www.meydan.tv\/az\/#\/schema\/person\/10d11eccf6da3662cf5fdab9806ea91a"},"headline":"Z\u0259lz\u0259l\u0259d\u0259n z\u0259r\u0259r\u00e7\u0259k\u0259n: Evi s\u00f6kd\u00fcr\u00fcb, sonra tikdirm\u0259dil\u0259r","datePublished":"2020-06-23T15:57:59+00:00","mainEntityOfPage":{"@id":"https:\/\/www.meydan.tv\/az\/article\/zelzeleden-zererceken-evi-sokdurub-sonra-tikdirmediler\/"},"wordCount":1403,"publisher":{"@id":"https:\/\/www.meydan.tv\/az\/#organization"},"image":{"@id":"https:\/\/www.meydan.tv\/az\/article\/zelzeleden-zererceken-evi-sokdurub-sonra-tikdirmediler\/#primaryimage"},"thumbnailUrl":"https:\/\/www.meydan.tv\/wp-content\/uploads\/image_from_ios_5_3rz9mir.jpg","articleSection":["B\u00f6lg\u0259"],"inLanguage":"az"},{"@type":"WebPage","@id":"https:\/\/www.meydan.tv\/az\/article\/zelzeleden-zererceken-evi-sokdurub-sonra-tikdirmediler\/","url":"https:\/\/www.meydan.tv\/az\/article\/zelzeleden-zererceken-evi-sokdurub-sonra-tikdirmediler\/","name":"Z\u0259lz\u0259l\u0259d\u0259n z\u0259r\u0259r\u00e7\u0259k\u0259n: Evi s\u00f6kd\u00fcr\u00fcb, sonra tikdirm\u0259dil\u0259r - MEYDAN.TV","isPartOf":{"@id":"https:\/\/www.meydan.tv\/az\/#website"},"primaryImageOfPage":{"@id":"https:\/\/www.meydan.tv\/az\/article\/zelzeleden-zererceken-evi-sokdurub-sonra-tikdirmediler\/#primaryimage"},"image":{"@id":"https:\/\/www.meydan.tv\/az\/article\/zelzeleden-zererceken-evi-sokdurub-sonra-tikdirmediler\/#primaryimage"},"thumbnailUrl":"https:\/\/www.meydan.tv\/wp-content\/uploads\/image_from_ios_5_3rz9mir.jpg","datePublished":"2020-06-23T15:57:59+00:00","breadcrumb":{"@id":"https:\/\/www.meydan.tv\/az\/article\/zelzeleden-zererceken-evi-sokdurub-sonra-tikdirmediler\/#breadcrumb"},"inLanguage":"az","potentialAction":[{"@type":"ReadAction","target":["https:\/\/www.meydan.tv\/az\/article\/zelzeleden-zererceken-evi-sokdurub-sonra-tikdirmediler\/"]}]},{"@type":"ImageObject","inLanguage":"az","@id":"https:\/\/www.meydan.tv\/az\/article\/zelzeleden-zererceken-evi-sokdurub-sonra-tikdirmediler\/#primaryimage","url":"https:\/\/www.meydan.tv\/wp-content\/uploads\/image_from_ios_5_3rz9mir.jpg","contentUrl":"https:\/\/www.meydan.tv\/wp-content\/uploads\/image_from_ios_5_3rz9mir.jpg","width":1280,"height":720,"caption":"Source: Specify Source"},{"@type":"BreadcrumbList","@id":"https:\/\/www.meydan.tv\/az\/article\/zelzeleden-zererceken-evi-sokdurub-sonra-tikdirmediler\/#breadcrumb","itemListElement":[{"@type":"ListItem","position":1,"name":"Ana s\u0259hif\u0259","item":"https:\/\/www.meydan.tv\/az\/"},{"@type":"ListItem","position":2,"name":"B\u00f6lg\u0259","item":"https:\/\/www.meydan.tv\/az\/section\/bolge\/"},{"@type":"ListItem","position":3,"name":"Z\u0259lz\u0259l\u0259d\u0259n z\u0259r\u0259r\u00e7\u0259k\u0259n: Evi s\u00f6kd\u00fcr\u00fcb, sonra tikdirm\u0259dil\u0259r"}]},{"@type":"WebSite","@id":"https:\/\/www.meydan.tv\/az\/#website","url":"https:\/\/www.meydan.tv\/az\/","name":"MEYDAN.TV","description":"Meydan TV Az\u0259rbaycan\u0131n media m\u0259kan\u0131ndak\u0131 alternativ s\u0259sidir","publisher":{"@id":"https:\/\/www.meydan.tv\/az\/#organization"},"potentialAction":[{"@type":"SearchAction","target":{"@type":"EntryPoint","urlTemplate":"https:\/\/www.meydan.tv\/az\/?s={search_term_string}"},"query-input":{"@type":"PropertyValueSpecification","valueRequired":true,"valueName":"search_term_string"}}],"inLanguage":"az"},{"@type":"Organization","@id":"https:\/\/www.meydan.tv\/az\/#organization","name":"Meydan TV","url":"https:\/\/www.meydan.tv\/az\/","logo":{"@type":"ImageObject","inLanguage":"az","@id":"https:\/\/www.meydan.tv\/az\/#\/schema\/logo\/image\/","url":"https:\/\/www.meydan.tv\/wp-content\/uploads\/2021\/07\/meydan-logo.svg","contentUrl":"https:\/\/www.meydan.tv\/wp-content\/uploads\/2021\/07\/meydan-logo.svg","width":195,"height":46,"caption":"Meydan TV"},"image":{"@id":"https:\/\/www.meydan.tv\/az\/#\/schema\/logo\/image\/"}},{"@type":"Person","@id":"https:\/\/www.meydan.tv\/az\/#\/schema\/person\/10d11eccf6da3662cf5fdab9806ea91a","name":"user-manager"}]}},"_links":{"self":[{"href":"https:\/\/www.meydan.tv\/az\/wp-json\/wp\/v2\/posts\/201147","targetHints":{"allow":["GET"]}}],"collection":[{"href":"https:\/\/www.meydan.tv\/az\/wp-json\/wp\/v2\/posts"}],"about":[{"href":"https:\/\/www.meydan.tv\/az\/wp-json\/wp\/v2\/types\/post"}],"author":[{"embeddable":true,"href":"https:\/\/www.meydan.tv\/az\/wp-json\/wp\/v2\/users\/11"}],"replies":[{"embeddable":true,"href":"https:\/\/www.meydan.tv\/az\/wp-json\/wp\/v2\/comments?post=201147"}],"version-history":[{"count":0,"href":"https:\/\/www.meydan.tv\/az\/wp-json\/wp\/v2\/posts\/201147\/revisions"}],"wp:featuredmedia":[{"embeddable":true,"href":"https:\/\/www.meydan.tv\/az\/wp-json\/wp\/v2\/media\/143456"}],"wp:attachment":[{"href":"https:\/\/www.meydan.tv\/az\/wp-json\/wp\/v2\/media?parent=201147"}],"wp:term":[{"taxonomy":"category","embeddable":true,"href":"https:\/\/www.meydan.tv\/az\/wp-json\/wp\/v2\/categories?post=201147"},{"taxonomy":"post_tag","embeddable":true,"href":"https:\/\/www.meydan.tv\/az\/wp-json\/wp\/v2\/tags?post=201147"}],"curies":[{"name":"wp","href":"https:\/\/api.w.org\/{rel}","templated":true}]}}