{"id":201136,"date":"2020-06-23T11:56:59","date_gmt":"2020-06-23T11:56:59","guid":{"rendered":"https:\/\/www.meydan.tv\/article\/fermerlerin-suvarma-problemi\/"},"modified":"2020-06-23T11:56:59","modified_gmt":"2020-06-23T11:56:59","slug":"fermerlerin-suvarma-problemi","status":"publish","type":"post","link":"https:\/\/www.meydan.tv\/az\/article\/fermerlerin-suvarma-problemi\/","title":{"rendered":"Fermerl\u0259rin suvarma problemi"},"content":{"rendered":"<p>\n  <i><br \/>\n    &quot;H\u0259r il bu probleml\u0259 \u00fczl\u0259\u015firik\u201d<br \/>\n  <\/i>\n<\/p>\n<p>\n  Koronavirus pandemiyas\u0131 s\u0259b\u0259bind\u0259n b\u00fct\u00fcn d\u00fcnyada k\u0259nd t\u0259s\u0259rr\u00fcfat\u0131 ciddi z\u0259r\u0259rl\u0259 \u00fczl\u0259\u015fib, \u0259rzaq t\u0259chizat\u0131 pozulub. N\u0259tic\u0259d\u0259 m\u0259hsul istehsal\u0131 azal\u0131b. Lakin Az\u0259rbaycanda fermerl\u0259r infeksiyan\u0131n yaratd\u0131\u011f\u0131 t\u0259sirl\u0259rd\u0259n daha \u00e7ox suvarma problemind\u0259n ziyana d\u00fc\u015f\u00fcbl\u0259r. M\u00fct\u0259x\u0259ssisl\u0259r deyirl\u0259r ki, suvarma \u00fc\u00e7\u00fcn yeni texnologiyalar\u0131n qura\u015fd\u0131r\u0131lmas\u0131na h\u0259r il milyonlarla manat ayr\u0131lsa da, fermerl\u0259rin suvarma problemi h\u0259llini tapm\u0131r.\n<\/p>\n<p>\n  <b><br \/>\n    \u201cGec\u0259-g\u00fcnd\u00fcz kanalda \u0259ll\u0259rimizl\u0259 pal\u00e7\u0131q t\u0259mizl\u0259yirik ki, b\u0259lk\u0259 bizim d\u0259 sah\u0259y\u0259 su g\u0259l\u0259r\u201d<br \/>\n  <\/b>\n<\/p>\n<p>\n  Sabirabad rayonunun \u015e\u0131x Salahl\u0131 k\u0259ndinin sakinl\u0259ri deyirl\u0259r ki, bu il d\u0259 \u0259kin sah\u0259l\u0259ri susuzluqdan m\u0259hv olur.\n<\/p>\n<p>\n  \u201cQar\u011f\u0131dal\u0131, g\u00fcn\u0259baxan, arpa olmaqla \u00fcmumilikd\u0259 8 hektar sah\u0259d\u0259 m\u0259hsul \u0259kmi\u015f\u0259m. \u018fkin sah\u0259sinin yax\u0131nl\u0131\u011f\u0131ndan kanal ke\u00e7ir, su nasoslarla iri t\u0259s\u0259rr\u00fcfatlara verilir. Gec\u0259-g\u00fcnd\u00fcz kanalda \u0259ll\u0259rimizl\u0259 pal\u00e7\u0131q t\u0259mizl\u0259yirik ki, b\u0259lk\u0259 bizim d\u0259 sah\u0259y\u0259 su g\u0259l\u0259r\u201d,-ad\u0131n\u0131n a\u00e7\u0131qlanmas\u0131ndan ehtiyat ed\u0259n fermerl\u0259rd\u0259n biri deyib. Onun s\u00f6zl\u0259rin\u0259 g\u00f6r\u0259, k\u00f6m\u0259klik g\u00f6st\u0259rilm\u0259si \u00fc\u00e7\u00fcn rayon icra hakimiyy\u0259tin\u0259, Melorasiya v\u0259 Su T\u0259s\u0259rr\u00fcfat\u0131 A\u00e7\u0131q S\u0259himdar C\u0259miyy\u0259tin\u0259, h\u0259tta K\u0259nd T\u0259s\u0259rr\u00fcfat\u0131 Nazirliyin\u0259 m\u00fcraci\u0259t edibl\u0259r, amma bir n\u0259tic\u0259si olmay\u0131b. K\u0259ndd\u0259 i\u00e7m\u0259li su problemi yoxdur, buna baxmayaraq sah\u0259l\u0259ri suvarma\u011fa su tapm\u0131rlar.\n<\/p>\n<p>\n  Sabirabad\u0131n dig\u0259r k\u0259ndl\u0259rind\u0259 d\u0259 su problemi oldu\u011fu bildirilir.\n<\/p>\n<p>\n  K\u00fcrd\u0259mir rayonunun Karrar k\u0259ndi v\u0259 \u0259traf k\u0259ndl\u0259rd\u0259 d\u0259 fermerl\u0259r su problemind\u0259n \u015fikay\u0259t\u00e7idirl\u0259r. Meydan TV-y\u0259 yazan k\u0259nd sakinl\u0259rinin s\u00f6zl\u0259rin\u0259 g\u00f6r\u0259, bu is\u0259 m\u0259hsuldarl\u0131\u011fa ciddi t\u0259sir edir.\n<\/p>\n<p>\n  <b><br \/>\n    \u201c\u00dcmidimizi q\u0131\u015fda qara, yazda ya\u011f\u0131\u015fa ba\u011flam\u0131\u015f\u0131q\u201d<br \/>\n  <\/b>\n<\/p>\n<p>\n  B\u0259rd\u0259d\u0259 d\u0259 \u0259kin sah\u0259l\u0259rinin suvar\u0131lmas\u0131 problem\u0259 \u00e7evrilib. K\u0259ndl\u0259rd\u0259 m\u0259hsul susuzluqdan yan\u0131r. Fermerl\u0259rd\u0259n Ayd\u0131n M\u0259mm\u0259dov bildirib ki, 12 hektar sah\u0259d\u0259 m\u0259hsul \u0259kib, amma sah\u0259l\u0259ri suvarmaq \u00fc\u00e7\u00fcn su \u00e7atm\u0131r:\n<\/p>\n<p>\n  \u201cDem\u0259k olar ki, h\u0259r il bu probleml\u0259 \u00fczl\u0259\u015firik. \u00dcmidimizi q\u0131\u015fda qara, yazda ya\u011f\u0131\u015fa ba\u011flam\u0131\u015f\u0131q. Guya ki, fermerl\u0259r aras\u0131nda n\u00f6vb\u0259lik prinsipi qorunmur. Ham\u0131 sah\u0259sini suvarma\u011fa \u00e7al\u0131\u015f\u0131r\u201d.\n<\/p>\n<p>\n  B\u0259rd\u0259d\u0259 \u0259sas\u0259n pamb\u0131q\u00e7\u0131l\u0131qla m\u0259\u015f\u011ful olan fermerl\u0259r susuzluqdan ziyan \u00e7\u0259kdikl\u0259rini deyirl\u0259r.\n<\/p>\n<p>\n  A\u011fda\u015fl\u0131 fermerl\u0259r is\u0259 deyibl\u0259r ki, onlar\u0131n su problemi yoxdur, amma 1 hektar sah\u0259y\u0259 g\u00f6r\u0259 7 manat \u00f6d\u0259yirl\u0259r:\n<\/p>\n<p>\n  \u201cM\u0259n 20 hektar sah\u0259ni suvarmaq \u00fc\u00e7\u00fcn ayda 140 manat \u00f6d\u0259yir\u0259m. Bu, t\u0259kc\u0259 suya \u00e7\u0259kil\u0259n x\u0259rcdir. Bu il arpan\u0131n m\u0259hsuldarl\u0131\u011f\u0131 \u00e7ox olmay\u0131b. Y\u0259ni x\u0259rci-borcunu \u00f6d\u0259m\u0259y\u0259c\u0259k&quot;,- fermerl\u0259rd\u0259n biri deyib. O bildirib ki, hektara g\u00f6r\u0259 onlardan 7 manat al\u0131nsa da, iri t\u0259s\u0259rr\u00fcfatlara su 3-3,50 q\u0259piy\u0259 sat\u0131l\u0131r:\n<\/p>\n<p>\n  \u201cDig\u0259r rayonlarla da maraqlanm\u0131\u015f\u0131q, qiym\u0259tl\u0259r aras\u0131nda f\u0259rq var. Amma qiym\u0259tin hans\u0131 prinsipl\u0259rl\u0259 m\u00fc\u0259yy\u0259nl\u0259\u015fdirildiyini bilmirik. Ne\u00e7\u0259 d\u0259f\u0259 suyun qiym\u0259tinin a\u015fa\u011f\u0131 sal\u0131nmas\u0131 il\u0259 ba\u011fl\u0131 m\u00fcraci\u0259t etmi\u015fik. S\u0259simiz\u0259 s\u0259s ver\u0259n yoxdur\u201d.\n<\/p>\n<p>\n  <b><br \/>\n    Prezident s\u0259r\u0259ncam imzalay\u0131b<br \/>\n  <\/b>\n<\/p>\n<p>\n  Prezident \u0130lham \u018fliyev bu il, aprelin 15-d\u0259 \u201cSu ehtiyatlar\u0131ndan s\u0259m\u0259r\u0259li istifad\u0259nin t\u0259min edilm\u0259si il\u0259 ba\u011fl\u0131 t\u0259dbirl\u0259r haqq\u0131nda\u201d S\u0259r\u0259ncam imzalay\u0131b. S\u0259r\u0259ncama \u0259sas\u0259n, \u00f6lk\u0259 \u0259razisind\u0259 su ehtiyatlar\u0131ndan s\u0259m\u0259r\u0259li istifad\u0259nin t\u0259min edilm\u0259si, su t\u0259s\u0259rr\u00fcfat\u0131n\u0131n idar\u0259 olunmas\u0131n\u0131n t\u0259kmill\u0259\u015fdirilm\u0259si v\u0259 bu sah\u0259d\u0259 f\u0259aliyy\u0259tin \u0259laq\u0259l\u0259ndirilm\u0259si m\u0259qs\u0259dil\u0259 ba\u015f nazirin m\u00fcavini \u015eahin Mustafayevin s\u0259drliyi il\u0259 komissiya yarad\u0131l\u0131b.\n<\/p>\n<p>\n  Melorasiya v\u0259 Su T\u0259s\u0259rr\u00fcfat\u0131 A\u00e7\u0131q S\u0259hmdar C\u0259miyy\u0259tind\u0259n Meydan TV-y\u0259 bildirilib ki, problemin h\u0259lli istiqam\u0259tind\u0259 i\u015fl\u0259r g\u00f6r\u00fcl\u00fcr. C\u0259miyy\u0259tin<br \/>\n  <a href=\"http:\/\/mst.gov.az\/az\/news\/187\"><br \/>\n    sayt<br \/>\n  <\/a><br \/>\n  \u0131nda is\u0259 qeyd olunub ki, s\u0259r\u0259ncam\u0131n icras\u0131n\u0131n t\u0259min edilm\u0259si m\u0259qs\u0259dil\u0259 Az\u0259rbaycan Meliorasiya v\u0259 Su T\u0259s\u0259rr\u00fcfat\u0131 ASC iki d\u00f6vl\u0259t proqram\u0131 haz\u0131rlayaraq komissiyaya t\u0259qdim edib:\n<\/p>\n<figure class=\"wp-block-image size-large\">\n  <img decoding=\"async\" src=\"https:\/\/www.meydan.tv\/az\/unnamed-jpg-22\/\" alt=\"unnamed.jpg\" class=\"wp-image-143390\"\/><figcaption>\n    Melorasiya v\u0259 Su T\u0259s\u0259rr\u00fcfat\u0131 A\u00e7\u0131q S\u0259hmdar C\u0259miyy\u0259ti<br \/>\n  <\/figcaption><\/figure>\n<p>\n  \u201cBirinci, \u201cAz\u0259rbaycan Respublikas\u0131nda Az\u0259rbaycan Meliorasiya v\u0259 Su T\u0259s\u0259rr\u00fcfat\u0131 ASC-nin inki\u015faf\u0131na dair 2020-2030-cu ill\u0259r \u00fczr\u0259\u201d d\u00f6vl\u0259t proqram\u0131d\u0131r. \u0130kincisi is\u0259 \u201cSuvarma suyundan s\u0259m\u0259r\u0259li istifad\u0259 edilm\u0259sin\u0259 v\u0259 su itkil\u0259rin\u0259 qar\u015f\u0131 ilkin m\u00fcbariz\u0259 t\u0259dbirl\u0259ri haqq\u0131nda\u201d d\u00f6vl\u0259t proqram\u0131d\u0131r.\n<\/p>\n<p>\n  Bu proqramlar \u00f6lk\u0259 iqtisadiyyat\u0131n\u0131n, \u0259sas\u0259n d\u0259 qeyri-neft sektorunun apar\u0131c\u0131 sah\u0259l\u0259rind\u0259n biri olan k\u0259nd t\u0259s\u0259rr\u00fcfat\u0131n\u0131n dayan\u0131ql\u0131 inki\u015faf\u0131nda v\u0259 iqlim d\u0259yi\u015fiklikl\u0259ri \u015f\u0259raitind\u0259 su t\u0259hl\u00fck\u0259sizliyinin t\u0259min edilm\u0259si \u00fc\u00e7\u00fcn strateji \u0259h\u0259miyy\u0259t k\u0259sb ed\u0259n meliorasiya v\u0259 su t\u0259s\u0259rr\u00fcfat\u0131 sektorunda g\u00f6r\u00fcl\u0259c\u0259k i\u015fl\u0259ri m\u00fc\u0259yy\u0259nl\u0259\u015fdir\u0259c\u0259kdir.\n<\/p>\n<p>\n  T\u0259dbirl\u0259rin 2020-ci ild\u0259n ba\u015flayaraq ondan sonrak\u0131 d\u00f6vrl\u0259rd\u0259 h\u0259yata ke\u00e7irilm\u0259si n\u0259z\u0259rd\u0259 tutulur. Bu t\u0259dbirl\u0259r 2025-ci il\u0259d\u0259k ortam\u00fcdd\u0259tli v\u0259 2030-cu il\u0259d\u0259k uzunm\u00fcdd\u0259tli d\u00f6vrd\u0259 iqlim d\u0259yi\u015fiklikl\u0259ri il\u0259 \u0259laq\u0259dar \u00f6lk\u0259nin su t\u0259hl\u00fck\u0259sizliyinin t\u0259min edilm\u0259si \u00fc\u00e7\u00fcn transs\u0259rh\u0259d sulardan as\u0131l\u0131l\u0131\u011f\u0131n azald\u0131lmas\u0131 istiqam\u0259tind\u0259, o c\u00fcml\u0259d\u0259n daxili \u00e7aylar \u00fcz\u0259rind\u0259 su anbarlar\u0131n\u0131n tikintisi, alternativ sulardan istifad\u0259nin geni\u015fl\u0259ndirilm\u0259si, suya q\u0259na\u0259tedici suvarma texnikas\u0131 v\u0259 texnologiyalar\u0131n\u0131n t\u0259tbiqi, suvarma suyundan s\u0259m\u0259r\u0259li istifad\u0259 mexanizminin haz\u0131rlanmas\u0131, su itkil\u0259rin\u0259, \u00e7aylar\u0131n sel v\u0259 da\u015fq\u0131n sular\u0131n\u0131n z\u0259r\u0259rli t\u0259sirin\u0259 qar\u015f\u0131 m\u00fcbariz\u0259 t\u0259dbirl\u0259rinin apar\u0131lmas\u0131na nail olunmaq h\u0259d\u0259fl\u0259nm\u0259kd\u0259dir\u201d.\n<\/p>\n<p>\n  <b><br \/>\n    Deputat\u0131n parlamentd\u0259 ed\u0259 bilm\u0259diyi \u00e7\u0131x\u0131\u015f\u0131<br \/>\n  <\/b>\n<\/p>\n<p>\n  \u201cH\u0259m suvarma, h\u0259m d\u0259 i\u00e7m\u0259li su il\u0259 ba\u011fl\u0131 cavabdeh olan qurumlar\u0131n a\u00e7\u0131qlamalar\u0131 q\u0259ti \u015f\u0259kild\u0259 q\u0259buledilm\u0259zdir&quot;.\n<\/p>\n<p>\n  Bu s\u00f6zl\u0259ri deputat Razi Nurullayev sosial \u015f\u0259b\u0259k\u0259d\u0259 payla\u015f\u0131b.\n<\/p>\n<p>\n  O bildirib ki, bu \u00e7\u0131x\u0131\u015f\u0131 parlament tribunas\u0131nda etm\u0259k ist\u0259s\u0259 d\u0259, vaxt \u00e7atmay\u0131b:\n<\/p>\n<figure class=\"wp-block-image size-large\">\n  <img decoding=\"async\" src=\"https:\/\/www.meydan.tv\/az\/55554426_2422951921309737_3766900332517392384_o-1-1024x736-jpg\/\" alt=\"55554426_2422951921309737_3766900332517392384_o-1-1024&#215;736.jpg\" class=\"wp-image-139756\"\/><figcaption>\n    Razi Nurullayev<br \/>\n  <\/figcaption><\/figure>\n<p>\n  &quot;1991-ci ild\u0259 t\u0259l\u0259b\u0259 oldum v\u0259 suyu 200 metrlik bir m\u0259saf\u0259d\u0259n da\u015f\u0131y\u0131rd\u0131q. O g\u00fcnd\u0259n bu g\u00fcn\u0259 yad\u0131ma g\u0259lmir ki, harada ya\u015fay\u0131ramsa ya\u015fay\u0131m, suvarma v\u0259 i\u00e7m\u0259li su problemim olmas\u0131n. B\u00fct\u00fcn sor\u011fu etdiyim insanlarda, s\u00f6hb\u0259tim olan burada oturan h\u0259mkarlar\u0131mda da analoji probleml\u0259r ya\u015fan\u0131b. Bak\u0131 v\u0259 Az\u0259rbaycan\u0131n rayon k\u0259ndl\u0259rind\u0259 v\u0259t\u0259nda\u015flar ba\u011f sal\u0131b, h\u0259y\u0259tyan\u0131 sah\u0259l\u0259rind\u0259, ba\u011f evl\u0259rind\u0259 h\u0259v\u0259sl\u0259 a\u011faclar \u0259kib, ya\u015f\u0131ll\u0131qlar sal\u0131b v\u0259 onlar quruyub. H\u0259r il d\u0259 \u0259kirl\u0259r ki, b\u0259lk\u0259 d\u00fcz\u0259l\u0259r, amma h\u0259r il eyni v\u0259ziyy\u0259t t\u0259krarlan\u0131r. Onun \u00fc\u00e7\u00fcn d\u0259 bir \u00e7ox h\u00f6rm\u0259tli h\u0259mkarlar\u0131m da art\u0131q d\u00f6z\u00fcm n\u00fcmayi\u015f etdir\u0259 bilmir. Parlament r\u0259hb\u0259rliyind\u0259n h\u0259m suvarma, h\u0259m d\u0259 i\u00e7m\u0259li suya cavabdeh qurumlar\u0131n r\u0259hb\u0259rl\u0259rini parlament\u0259 d\u0259v\u0259t etm\u0259sini ist\u0259rdim. Onlar g\u00f6rd\u00fckl\u0259ri i\u015fl\u0259r bar\u0259d\u0259 m\u0259lumat versinl\u0259r v\u0259 g\u0259l\u0259c\u0259kd\u0259 g\u00f6r\u00fcl\u0259c\u0259k planlar bar\u0259d\u0259 dan\u0131\u015fs\u0131nlar. Bizim onlara h\u00f6rm\u0259timiz-izz\u0259timiz var, onlara qar\u015f\u0131 fikirl\u0259rimiz \u015f\u0259xsi motivl\u0259r\u0259 \u0259saslanm\u0131r. \u0130st\u0259yirik ki, v\u0259t\u0259nda\u015flar\u0131m\u0131z d\u00f6vl\u0259tind\u0259n, d\u00f6vl\u0259t\u00e7iliyind\u0259n raz\u0131 qals\u0131n. Xahi\u015f edir\u0259m ki, h\u00f6rm\u0259tli s\u0259dr bu m\u0259s\u0259l\u0259nin m\u00fcmk\u00fcnl\u00fcy\u00fcn\u00fc n\u0259z\u0259rd\u0259n ke\u00e7ir\u0259siniz&quot;.<\/p>\n","protected":false},"excerpt":{"rendered":"<p>O bildirib ki, hektara g\u00f6r\u0259 onlardan 7 manat al\u0131nsa da, iri t\u0259s\u0259rr\u00fcfatlara su 3-3,50 q\u0259piy\u0259 sat\u0131l\u0131r<\/p>\n","protected":false},"author":11,"featured_media":143387,"comment_status":"closed","ping_status":"open","sticky":false,"template":"","format":"standard","meta":{"_acf_changed":false,"_sitemap_exclude":false,"_sitemap_priority":"","_sitemap_frequency":"","footnotes":""},"categories":[60],"tags":[],"class_list":["post-201136","post","type-post","status-publish","format-standard","has-post-thumbnail","hentry","category-bolge","infinite-scroll-item","generate-columns","tablet-grid-50","mobile-grid-100","grid-parent","grid-33","no-featured-image-padding"],"acf":[],"yoast_head":"<!-- This site is optimized with the Yoast SEO plugin v27.5 - https:\/\/yoast.com\/product\/yoast-seo-wordpress\/ -->\n<title>Fermerl\u0259rin suvarma problemi - MEYDAN.TV<\/title>\n<meta name=\"robots\" content=\"index, follow, max-snippet:-1, max-image-preview:large, max-video-preview:-1\" \/>\n<link rel=\"canonical\" href=\"https:\/\/www.meydan.tv\/az\/article\/fermerlerin-suvarma-problemi\/\" \/>\n<meta property=\"og:locale\" content=\"az_AZ\" \/>\n<meta property=\"og:type\" content=\"article\" \/>\n<meta property=\"og:title\" content=\"Fermerl\u0259rin suvarma problemi - MEYDAN.TV\" \/>\n<meta property=\"og:description\" content=\"O bildirib ki, hektara g\u00f6r\u0259 onlardan 7 manat al\u0131nsa da, iri t\u0259s\u0259rr\u00fcfatlara su 3-3,50 q\u0259piy\u0259 sat\u0131l\u0131r\" \/>\n<meta property=\"og:url\" content=\"https:\/\/www.meydan.tv\/az\/article\/fermerlerin-suvarma-problemi\/\" \/>\n<meta property=\"og:site_name\" content=\"MEYDAN.TV\" \/>\n<meta property=\"article:published_time\" content=\"2020-06-23T11:56:59+00:00\" \/>\n<meta property=\"og:image\" content=\"https:\/\/www.meydan.tv\/wp-content\/uploads\/sabirabad_shekil_15.jpg\" \/>\n\t<meta property=\"og:image:width\" content=\"1920\" \/>\n\t<meta property=\"og:image:height\" content=\"1080\" \/>\n\t<meta property=\"og:image:type\" content=\"image\/jpeg\" \/>\n<meta name=\"author\" content=\"user-manager\" \/>\n<meta name=\"twitter:card\" content=\"summary_large_image\" \/>\n<script type=\"application\/ld+json\" class=\"yoast-schema-graph\">{\"@context\":\"https:\\\/\\\/schema.org\",\"@graph\":[{\"@type\":\"Article\",\"@id\":\"https:\\\/\\\/www.meydan.tv\\\/az\\\/article\\\/fermerlerin-suvarma-problemi\\\/#article\",\"isPartOf\":{\"@id\":\"https:\\\/\\\/www.meydan.tv\\\/az\\\/article\\\/fermerlerin-suvarma-problemi\\\/\"},\"author\":{\"name\":\"user-manager\",\"@id\":\"https:\\\/\\\/www.meydan.tv\\\/az\\\/#\\\/schema\\\/person\\\/10d11eccf6da3662cf5fdab9806ea91a\"},\"headline\":\"Fermerl\u0259rin suvarma problemi\",\"datePublished\":\"2020-06-23T11:56:59+00:00\",\"mainEntityOfPage\":{\"@id\":\"https:\\\/\\\/www.meydan.tv\\\/az\\\/article\\\/fermerlerin-suvarma-problemi\\\/\"},\"wordCount\":1424,\"publisher\":{\"@id\":\"https:\\\/\\\/www.meydan.tv\\\/az\\\/#organization\"},\"image\":{\"@id\":\"https:\\\/\\\/www.meydan.tv\\\/az\\\/article\\\/fermerlerin-suvarma-problemi\\\/#primaryimage\"},\"thumbnailUrl\":\"https:\\\/\\\/www.meydan.tv\\\/wp-content\\\/uploads\\\/sabirabad_shekil_15.jpg\",\"articleSection\":[\"B\u00f6lg\u0259\"],\"inLanguage\":\"az\"},{\"@type\":\"WebPage\",\"@id\":\"https:\\\/\\\/www.meydan.tv\\\/az\\\/article\\\/fermerlerin-suvarma-problemi\\\/\",\"url\":\"https:\\\/\\\/www.meydan.tv\\\/az\\\/article\\\/fermerlerin-suvarma-problemi\\\/\",\"name\":\"Fermerl\u0259rin suvarma problemi - MEYDAN.TV\",\"isPartOf\":{\"@id\":\"https:\\\/\\\/www.meydan.tv\\\/az\\\/#website\"},\"primaryImageOfPage\":{\"@id\":\"https:\\\/\\\/www.meydan.tv\\\/az\\\/article\\\/fermerlerin-suvarma-problemi\\\/#primaryimage\"},\"image\":{\"@id\":\"https:\\\/\\\/www.meydan.tv\\\/az\\\/article\\\/fermerlerin-suvarma-problemi\\\/#primaryimage\"},\"thumbnailUrl\":\"https:\\\/\\\/www.meydan.tv\\\/wp-content\\\/uploads\\\/sabirabad_shekil_15.jpg\",\"datePublished\":\"2020-06-23T11:56:59+00:00\",\"breadcrumb\":{\"@id\":\"https:\\\/\\\/www.meydan.tv\\\/az\\\/article\\\/fermerlerin-suvarma-problemi\\\/#breadcrumb\"},\"inLanguage\":\"az\",\"potentialAction\":[{\"@type\":\"ReadAction\",\"target\":[\"https:\\\/\\\/www.meydan.tv\\\/az\\\/article\\\/fermerlerin-suvarma-problemi\\\/\"]}]},{\"@type\":\"ImageObject\",\"inLanguage\":\"az\",\"@id\":\"https:\\\/\\\/www.meydan.tv\\\/az\\\/article\\\/fermerlerin-suvarma-problemi\\\/#primaryimage\",\"url\":\"https:\\\/\\\/www.meydan.tv\\\/wp-content\\\/uploads\\\/sabirabad_shekil_15.jpg\",\"contentUrl\":\"https:\\\/\\\/www.meydan.tv\\\/wp-content\\\/uploads\\\/sabirabad_shekil_15.jpg\",\"width\":1920,\"height\":1080,\"caption\":\"Source: Specify Source\"},{\"@type\":\"BreadcrumbList\",\"@id\":\"https:\\\/\\\/www.meydan.tv\\\/az\\\/article\\\/fermerlerin-suvarma-problemi\\\/#breadcrumb\",\"itemListElement\":[{\"@type\":\"ListItem\",\"position\":1,\"name\":\"Ana s\u0259hif\u0259\",\"item\":\"https:\\\/\\\/www.meydan.tv\\\/az\\\/\"},{\"@type\":\"ListItem\",\"position\":2,\"name\":\"B\u00f6lg\u0259\",\"item\":\"https:\\\/\\\/www.meydan.tv\\\/az\\\/section\\\/bolge\\\/\"},{\"@type\":\"ListItem\",\"position\":3,\"name\":\"Fermerl\u0259rin suvarma problemi\"}]},{\"@type\":\"WebSite\",\"@id\":\"https:\\\/\\\/www.meydan.tv\\\/az\\\/#website\",\"url\":\"https:\\\/\\\/www.meydan.tv\\\/az\\\/\",\"name\":\"MEYDAN.TV\",\"description\":\"Meydan TV Az\u0259rbaycan\u0131n media m\u0259kan\u0131ndak\u0131 alternativ s\u0259sidir\",\"publisher\":{\"@id\":\"https:\\\/\\\/www.meydan.tv\\\/az\\\/#organization\"},\"potentialAction\":[{\"@type\":\"SearchAction\",\"target\":{\"@type\":\"EntryPoint\",\"urlTemplate\":\"https:\\\/\\\/www.meydan.tv\\\/az\\\/?s={search_term_string}\"},\"query-input\":{\"@type\":\"PropertyValueSpecification\",\"valueRequired\":true,\"valueName\":\"search_term_string\"}}],\"inLanguage\":\"az\"},{\"@type\":\"Organization\",\"@id\":\"https:\\\/\\\/www.meydan.tv\\\/az\\\/#organization\",\"name\":\"Meydan TV\",\"url\":\"https:\\\/\\\/www.meydan.tv\\\/az\\\/\",\"logo\":{\"@type\":\"ImageObject\",\"inLanguage\":\"az\",\"@id\":\"https:\\\/\\\/www.meydan.tv\\\/az\\\/#\\\/schema\\\/logo\\\/image\\\/\",\"url\":\"https:\\\/\\\/www.meydan.tv\\\/wp-content\\\/uploads\\\/2021\\\/07\\\/meydan-logo.svg\",\"contentUrl\":\"https:\\\/\\\/www.meydan.tv\\\/wp-content\\\/uploads\\\/2021\\\/07\\\/meydan-logo.svg\",\"width\":195,\"height\":46,\"caption\":\"Meydan TV\"},\"image\":{\"@id\":\"https:\\\/\\\/www.meydan.tv\\\/az\\\/#\\\/schema\\\/logo\\\/image\\\/\"}},{\"@type\":\"Person\",\"@id\":\"https:\\\/\\\/www.meydan.tv\\\/az\\\/#\\\/schema\\\/person\\\/10d11eccf6da3662cf5fdab9806ea91a\",\"name\":\"user-manager\"}]}<\/script>\n<!-- \/ Yoast SEO plugin. -->","yoast_head_json":{"title":"Fermerl\u0259rin suvarma problemi - MEYDAN.TV","robots":{"index":"index","follow":"follow","max-snippet":"max-snippet:-1","max-image-preview":"max-image-preview:large","max-video-preview":"max-video-preview:-1"},"canonical":"https:\/\/www.meydan.tv\/az\/article\/fermerlerin-suvarma-problemi\/","og_locale":"az_AZ","og_type":"article","og_title":"Fermerl\u0259rin suvarma problemi - MEYDAN.TV","og_description":"O bildirib ki, hektara g\u00f6r\u0259 onlardan 7 manat al\u0131nsa da, iri t\u0259s\u0259rr\u00fcfatlara su 3-3,50 q\u0259piy\u0259 sat\u0131l\u0131r","og_url":"https:\/\/www.meydan.tv\/az\/article\/fermerlerin-suvarma-problemi\/","og_site_name":"MEYDAN.TV","article_published_time":"2020-06-23T11:56:59+00:00","og_image":[{"width":1920,"height":1080,"url":"https:\/\/www.meydan.tv\/wp-content\/uploads\/sabirabad_shekil_15.jpg","type":"image\/jpeg"}],"author":"user-manager","twitter_card":"summary_large_image","schema":{"@context":"https:\/\/schema.org","@graph":[{"@type":"Article","@id":"https:\/\/www.meydan.tv\/az\/article\/fermerlerin-suvarma-problemi\/#article","isPartOf":{"@id":"https:\/\/www.meydan.tv\/az\/article\/fermerlerin-suvarma-problemi\/"},"author":{"name":"user-manager","@id":"https:\/\/www.meydan.tv\/az\/#\/schema\/person\/10d11eccf6da3662cf5fdab9806ea91a"},"headline":"Fermerl\u0259rin suvarma problemi","datePublished":"2020-06-23T11:56:59+00:00","mainEntityOfPage":{"@id":"https:\/\/www.meydan.tv\/az\/article\/fermerlerin-suvarma-problemi\/"},"wordCount":1424,"publisher":{"@id":"https:\/\/www.meydan.tv\/az\/#organization"},"image":{"@id":"https:\/\/www.meydan.tv\/az\/article\/fermerlerin-suvarma-problemi\/#primaryimage"},"thumbnailUrl":"https:\/\/www.meydan.tv\/wp-content\/uploads\/sabirabad_shekil_15.jpg","articleSection":["B\u00f6lg\u0259"],"inLanguage":"az"},{"@type":"WebPage","@id":"https:\/\/www.meydan.tv\/az\/article\/fermerlerin-suvarma-problemi\/","url":"https:\/\/www.meydan.tv\/az\/article\/fermerlerin-suvarma-problemi\/","name":"Fermerl\u0259rin suvarma problemi - MEYDAN.TV","isPartOf":{"@id":"https:\/\/www.meydan.tv\/az\/#website"},"primaryImageOfPage":{"@id":"https:\/\/www.meydan.tv\/az\/article\/fermerlerin-suvarma-problemi\/#primaryimage"},"image":{"@id":"https:\/\/www.meydan.tv\/az\/article\/fermerlerin-suvarma-problemi\/#primaryimage"},"thumbnailUrl":"https:\/\/www.meydan.tv\/wp-content\/uploads\/sabirabad_shekil_15.jpg","datePublished":"2020-06-23T11:56:59+00:00","breadcrumb":{"@id":"https:\/\/www.meydan.tv\/az\/article\/fermerlerin-suvarma-problemi\/#breadcrumb"},"inLanguage":"az","potentialAction":[{"@type":"ReadAction","target":["https:\/\/www.meydan.tv\/az\/article\/fermerlerin-suvarma-problemi\/"]}]},{"@type":"ImageObject","inLanguage":"az","@id":"https:\/\/www.meydan.tv\/az\/article\/fermerlerin-suvarma-problemi\/#primaryimage","url":"https:\/\/www.meydan.tv\/wp-content\/uploads\/sabirabad_shekil_15.jpg","contentUrl":"https:\/\/www.meydan.tv\/wp-content\/uploads\/sabirabad_shekil_15.jpg","width":1920,"height":1080,"caption":"Source: Specify Source"},{"@type":"BreadcrumbList","@id":"https:\/\/www.meydan.tv\/az\/article\/fermerlerin-suvarma-problemi\/#breadcrumb","itemListElement":[{"@type":"ListItem","position":1,"name":"Ana s\u0259hif\u0259","item":"https:\/\/www.meydan.tv\/az\/"},{"@type":"ListItem","position":2,"name":"B\u00f6lg\u0259","item":"https:\/\/www.meydan.tv\/az\/section\/bolge\/"},{"@type":"ListItem","position":3,"name":"Fermerl\u0259rin suvarma problemi"}]},{"@type":"WebSite","@id":"https:\/\/www.meydan.tv\/az\/#website","url":"https:\/\/www.meydan.tv\/az\/","name":"MEYDAN.TV","description":"Meydan TV Az\u0259rbaycan\u0131n media m\u0259kan\u0131ndak\u0131 alternativ s\u0259sidir","publisher":{"@id":"https:\/\/www.meydan.tv\/az\/#organization"},"potentialAction":[{"@type":"SearchAction","target":{"@type":"EntryPoint","urlTemplate":"https:\/\/www.meydan.tv\/az\/?s={search_term_string}"},"query-input":{"@type":"PropertyValueSpecification","valueRequired":true,"valueName":"search_term_string"}}],"inLanguage":"az"},{"@type":"Organization","@id":"https:\/\/www.meydan.tv\/az\/#organization","name":"Meydan TV","url":"https:\/\/www.meydan.tv\/az\/","logo":{"@type":"ImageObject","inLanguage":"az","@id":"https:\/\/www.meydan.tv\/az\/#\/schema\/logo\/image\/","url":"https:\/\/www.meydan.tv\/wp-content\/uploads\/2021\/07\/meydan-logo.svg","contentUrl":"https:\/\/www.meydan.tv\/wp-content\/uploads\/2021\/07\/meydan-logo.svg","width":195,"height":46,"caption":"Meydan TV"},"image":{"@id":"https:\/\/www.meydan.tv\/az\/#\/schema\/logo\/image\/"}},{"@type":"Person","@id":"https:\/\/www.meydan.tv\/az\/#\/schema\/person\/10d11eccf6da3662cf5fdab9806ea91a","name":"user-manager"}]}},"_links":{"self":[{"href":"https:\/\/www.meydan.tv\/az\/wp-json\/wp\/v2\/posts\/201136","targetHints":{"allow":["GET"]}}],"collection":[{"href":"https:\/\/www.meydan.tv\/az\/wp-json\/wp\/v2\/posts"}],"about":[{"href":"https:\/\/www.meydan.tv\/az\/wp-json\/wp\/v2\/types\/post"}],"author":[{"embeddable":true,"href":"https:\/\/www.meydan.tv\/az\/wp-json\/wp\/v2\/users\/11"}],"replies":[{"embeddable":true,"href":"https:\/\/www.meydan.tv\/az\/wp-json\/wp\/v2\/comments?post=201136"}],"version-history":[{"count":0,"href":"https:\/\/www.meydan.tv\/az\/wp-json\/wp\/v2\/posts\/201136\/revisions"}],"wp:featuredmedia":[{"embeddable":true,"href":"https:\/\/www.meydan.tv\/az\/wp-json\/wp\/v2\/media\/143387"}],"wp:attachment":[{"href":"https:\/\/www.meydan.tv\/az\/wp-json\/wp\/v2\/media?parent=201136"}],"wp:term":[{"taxonomy":"category","embeddable":true,"href":"https:\/\/www.meydan.tv\/az\/wp-json\/wp\/v2\/categories?post=201136"},{"taxonomy":"post_tag","embeddable":true,"href":"https:\/\/www.meydan.tv\/az\/wp-json\/wp\/v2\/tags?post=201136"}],"curies":[{"name":"wp","href":"https:\/\/api.w.org\/{rel}","templated":true}]}}