{"id":201133,"date":"2020-06-22T20:09:50","date_gmt":"2020-06-22T20:09:50","guid":{"rendered":"https:\/\/www.meydan.tv\/article\/heyete-gelen-yol-polisleri-qardasimi-doyub-sobeye-apardi-cerimeledi\/"},"modified":"2020-06-22T20:09:50","modified_gmt":"2020-06-22T20:09:50","slug":"heyete-gelen-yol-polisleri-qardasimi-doyub-sobeye-apardi-cerimeledi","status":"publish","type":"post","link":"https:\/\/www.meydan.tv\/az\/article\/heyete-gelen-yol-polisleri-qardasimi-doyub-sobeye-apardi-cerimeledi\/","title":{"rendered":"\u201cH\u0259y\u0259t\u0259 g\u0259l\u0259n yol polisl\u0259ri qarda\u015f\u0131m\u0131 d\u00f6y\u00fcb \u015f\u00f6b\u0259y\u0259 apard\u0131, c\u0259rim\u0259l\u0259di\u201d"},"content":{"rendered":"<p>\n  <i><br \/>\n    G\u0259nc\u0259 sakini deyir, iki aydan \u00e7oxdur ki, G\u0259nc\u0259 prokurorlu\u011fu \u015fikay\u0259t\u00e7i oldu\u011fu yol polisl\u0259ri il\u0259 ba\u011fl\u0131 ara\u015fd\u0131rman\u0131 yekunla\u015fd\u0131ra bilmir<br \/>\n  <\/i>\n<\/p>\n<p>\n  \u201c\u0130ki ayd\u0131r ki, G\u0259nc\u0259 \u015f\u0259h\u0259r D\u00f6vl\u0259t Yol Polis \u0130dar\u0259sinin r\u0259isind\u0259n, r\u0259is m\u00fcavinind\u0259n, dig\u0259r \u0259m\u0259kda\u015flar\u0131ndan \u015fikay\u0259t etmi\u015fik, h\u0259l\u0259 d\u0259 n\u0259tic\u0259 yoxdur\u201d.\n<\/p>\n<p>\n  G\u0259nc\u0259 sakini Elyar H\u00fcseynov Meydan TV-y\u0259 dan\u0131\u015f\u0131r ki, bu il aprelin 18-d\u0259 G\u0259nc\u0259nin yol polis idar\u0259sinin r\u0259isi, m\u00fcavini v\u0259 iki \u0259m\u0259kda\u015f\u0131 onun ya\u015fad\u0131\u011f\u0131 \u00fcnvana g\u0259l\u0259r\u0259k qarda\u015f\u0131 Y\u0259hyan\u0131 d\u00f6y\u00fcbl\u0259r, ail\u0259y\u0259 m\u0259xsus \u201cNiva\u201d markal\u0131 avtomobili c\u0259rim\u0259 meydan\u00e7as\u0131na apar\u0131blar.\n<\/p>\n<p>\n  <b><br \/>\n    \u201cQap\u0131n\u0131 t\u0259pikl\u0259yir, yumruqlay\u0131rd\u0131lar\u201d<br \/>\n  <\/b>\n<\/p>\n<p>\n  \u201cAprelin 18-d\u0259 ax\u015fam saat 9 rad\u0259l\u0259rind\u0259 evimizin qap\u0131s\u0131 t\u0259pikl\u0259ndi, yumruqland\u0131. Qap\u0131n\u0131 a\u00e7d\u0131q, m\u0259lum oldu ki, G\u0259nc\u0259 \u015f\u0259h\u0259rinin yol polis idar\u0259sinin \u0259m\u0259kda\u015f\u0131d\u0131r. Dedi, r\u0259is \u015f\u0259xs\u0259n \u00f6z\u00fc g\u0259lib, s\u0259ni 15 sutkal\u0131q h\u0259bs\u0259 g\u00f6nd\u0259r\u0259c\u0259k, ma\u015f\u0131n\u0131 da c\u0259rim\u0259 meydan\u00e7as\u0131na&#8230; Bunu e\u015fid\u0259n x\u0259st\u0259 atam\u0131n hal\u0131 pisl\u0259\u015fdi, \u00e7arpay\u0131ya uzand\u0131rd\u0131m, yard\u0131m g\u00f6st\u0259rdim, eyvana \u00e7\u0131xanda g\u00f6rd\u00fcm, yol polisl\u0259ri ail\u0259miz\u0259 m\u0259xsus olan \u201cNiva\u201dn\u0131 \u0259hat\u0259y\u0259 al\u0131blar, qap\u0131lar\u0131n\u0131 dart\u0131\u015fd\u0131r\u0131rlar. M\u0259nim ba\u015f\u0131m atama qar\u0131\u015fanda qarda\u015f\u0131m da m\u0259s\u0259l\u0259ni ayd\u0131nla\u015fd\u0131rmaq \u00fc\u00e7\u00fcn a\u015fa\u011f\u0131 d\u00fc\u015fm\u00fc\u015fd\u00fc\u201d, &#8211; Elyar H\u00fcseynov deyir.\n<\/p>\n<p>\n  <b><br \/>\n    \u201cQarda\u015f\u0131m\u0131 d\u00f6yd\u00fcl\u0259r, idar\u0259y\u0259 apar\u0131b c\u0259rim\u0259l\u0259dil\u0259r\u201d<br \/>\n  <\/b>\n<\/p>\n<p>\n  Onun s\u00f6zl\u0259rin\u0259 g\u00f6r\u0259, polisl\u0259r qarda\u015f\u0131 Y\u0259hyan\u0131 d\u00f6y\u00fcb:\n<\/p>\n<p>\n  \u201cG\u0259l\u0259nl\u0259r idar\u0259nin r\u0259isi R\u0259him Zalov, m\u00fcavini Ramin F\u0259tullayev v\u0259 idar\u0259nin \u0130lkin, Nural adl\u0131 polisl\u0259ri olub. Qap\u0131m\u0131z\u0131 t\u0259pikl\u0259yib, yumruqlayan da el\u0259 Nural idi. \u018fvv\u0259l qarda\u015f\u0131ma bildiribl\u0259r ki, s\u0259nlik bir i\u015f yoxdur, get, qarda\u015f\u0131n g\u0259lsin, s\u00f6hb\u0259timiz onunlad\u0131r. Qarda\u015f\u0131m da aralan\u0131b ki, bloka girsin, arxadan t\u0259z\u0259d\u0259n \u00e7a\u011f\u0131rd\u0131lar. Dedil\u0259r, s\u0259n \u00f6z\u00fcn d\u0259 g\u0259l otur ma\u015f\u0131na, biziml\u0259 \u015f\u00f6b\u0259y\u0259 ged\u0259c\u0259ks\u0259n. Qarda\u015f\u0131m etiraz ed\u0259nd\u0259 t\u00f6k\u00fcl\u00fc\u015f\u00fcb d\u00f6yd\u00fcl\u0259r, qollar\u0131n\u0131 burdular, bunu g\u00f6r\u0259n qon\u015fular h\u0259y\u0259t\u0259 t\u00f6k\u00fcl\u00fc\u015fd\u00fc, qarda\u015f\u0131m\u0131 polisl\u0259rin \u0259lind\u0259n ald\u0131lar. Post-patrul ma\u015f\u0131n\u0131 g\u0259ldi, qarda\u015f\u0131m\u0131 ma\u015f\u0131na mindirib apard\u0131lar. Ma\u015f\u0131n\u0131 is\u0259 evakuatora mindirib c\u0259rim\u0259 meydan\u00e7as\u0131na g\u00f6t\u00fcrd\u00fcl\u0259r. Atam \u00fcr\u0259k x\u0259st\u0259sidir, dediyim kimi, h\u0259min vaxt v\u0259ziyy\u0259ti a\u011f\u0131rla\u015fm\u0131\u015fd\u0131 v\u0259 m\u0259n\u0259 h\u0259y\u0259t\u0259 d\u00fc\u015fm\u0259y\u0259 imkan verm\u0259di\u201d.\n<\/p>\n<p>\n  Y\u0259hya H\u00fcseynov x\u0131rda xuliqanl\u0131qda t\u0259qsirl\u0259ndiril\u0259r\u0259k 50 manat c\u0259rim\u0259l\u0259n\u0259r\u0259k idar\u0259d\u0259n s\u0259rb\u0259st burax\u0131l\u0131b. Ald\u0131\u011f\u0131 x\u0259sar\u0259tl\u0259rl\u0259 ba\u011fl\u0131 m\u00fcayin\u0259d\u0259n ke\u00e7ib v\u0259 x\u0259sar\u0259tl\u0259ri qeyd\u0259 al\u0131n\u0131b.\n<\/p>\n<p>\n  Elyar H\u00fcseynov deyir, ba\u015f ver\u0259nl\u0259rd\u0259n sonra atas\u0131 \u00fc\u00e7\u00fcn t\u0259cili yard\u0131m briqadas\u0131 da g\u0259lib.\n<\/p>\n<p>\n  <b><br \/>\n    \u201c\u0130ddia yalan, protokol saxta&#8230;\u201d<br \/>\n  <\/b>\n<\/p>\n<p>\n  Elyar H\u00fcseynova avtomobili etibarnam\u0259siz idar\u0259 etdiyi \u00fc\u00e7\u00fcn 40 manat c\u0259rim\u0259 yaz\u0131l\u0131b. Deyir, avtomobili bir Bak\u0131 sakinind\u0259n al\u0131blar, etibarnam\u0259 atas\u0131n\u0131n ad\u0131nad\u0131r, onda is\u0259 m\u00fclki etibarnam\u0259 var, o, \u00fcmumiyy\u0259tl\u0259, avtomobili idar\u0259 etm\u0259yib:\n<\/p>\n<p>\n  \u201cM\u0259nd\u0259 s\u00fcr\u00fcc\u00fcl\u00fck h\u00fcququ ver\u0259n etibarnam\u0259 olmad\u0131\u011f\u0131na g\u00f6r\u0259 ma\u015f\u0131n\u0131 he\u00e7 vaxt idar\u0259 etm\u0259mi\u015f\u0259m, yol polisi m\u0259ni \u015f\u0259rl\u0259yib. \u00dcst\u0259lik, ma\u015f\u0131n\u0131 h\u0259y\u0259td\u0259n c\u0259rim\u0259 meydan\u00e7as\u0131na aprelin 18-d\u0259 apar\u0131blar, ancaq protokol aprelin 19-da t\u0259rtib olunub, bu da qanunsuzdur, saxtakarl\u0131qd\u0131r\u201d.\n<\/p>\n<figure class=\"wp-block-image size-large\">\n  <img decoding=\"async\" src=\"https:\/\/www.meydan.tv\/az\/image_from_ios-3-jpg-115\/\" alt=\"image_from_ios (3).jpg\" class=\"wp-image-143369\"\/><figcaption>\n    Elyar H\u00fcseynovun G\u0259nc\u0259 \u015e\u0259h\u0259r Prokuroru Azad Qarayeva \u0259riz\u0259si<br \/>\n  <\/figcaption><\/figure>\n<p>\n  Elyar H\u00fcseynov, qarda\u015f\u0131 Y\u0259hya H\u00fcseynov v\u0259 atas\u0131 Elman H\u00fcseynov ba\u015f ver\u0259nl\u0259rl\u0259 ba\u011fl\u0131 G\u0259nc\u0259 \u015e\u0259h\u0259r Prokurorlu\u011funa \u015fikay\u0259t edibl\u0259r. Elyar H\u00fcseynov deyir, hadis\u0259nin \u00fcst\u00fcnd\u0259n iki ay ke\u00e7m\u0259sin\u0259 baxmayaraq, G\u0259nc\u0259 \u015e\u0259h\u0259r Yol Polisi \u0130dar\u0259sinin r\u0259hb\u0259rliyi v\u0259 adlar\u0131 \u00e7\u0259kil\u0259n \u0259m\u0259kda\u015flar\u0131 h\u0259l\u0259 d\u0259 c\u0259zas\u0131z qal\u0131b.\n<\/p>\n<p>\n  <b><br \/>\n    \u201cProkurorluq i\u015fi yekunla\u015fd\u0131ra bilmir\u201d<br \/>\n  <\/b>\n<\/p>\n<p>\n  \u201cProkurorluq \u00f6z i\u015fini g\u00f6r\u00fcb, bizim, qon\u015fular\u0131n, qar\u015f\u0131 t\u0259r\u0259fin izahatlar\u0131n\u0131 al\u0131b. Ancaq prokurorluqdan biz\u0259 deyil\u0259n\u0259 g\u00f6r\u0259, Daxili \u0130\u015fl\u0259r Nazirliyin\u0259 m\u0259ktub g\u00f6nd\u0259rils\u0259 d\u0259, qurumun m\u00fcvafiq idar\u0259si ara\u015fd\u0131rma aparmaq \u00fc\u00e7\u00fcn h\u0259l\u0259 d\u0259 G\u0259nc\u0259y\u0259 g\u0259lm\u0259yib. Buna g\u00f6r\u0259 d\u0259 prokurorluq i\u015fi yekunla\u015fd\u0131r\u0131b q\u0259rar q\u0259bul ed\u0259 bilmir\u201d, &#8211; \u015fikay\u0259t\u00e7i deyir.\n<\/p>\n<p>\n  G\u0259nc\u0259 \u015e\u0259h\u0259r Ba\u015f Polis \u0130dar\u0259sinin D\u00f6vl\u0259t Yol Polisi \u0130dar\u0259sind\u0259n deyil\u0259nl\u0259ri t\u0259kzib edibl\u0259r. C\u0259rim\u0259 proptokoluna g\u0259linc\u0259, bildiribl\u0259r ki, v\u0259t\u0259nda\u015f\u0131n c\u0259rim\u0259d\u0259n \u015fikay\u0259ti varsa, m\u0259hk\u0259m\u0259y\u0259 m\u00fcraci\u0259t ed\u0259 bil\u0259r. \u0130dar\u0259d\u0259n ba\u015fqa m\u0259lumat verilm\u0259yib.\n<\/p>\n<p>\n  G\u0259nc\u0259 \u015e\u0259h\u0259r Prokurorlu\u011fundan is\u0259 ara\u015fd\u0131rmalar\u0131n davam etdiyi bildirib v\u0259 suallar cavabs\u0131z qal\u0131b.\n<\/p>\n<p>\n  Elyar H\u00fcseynovsa deyir, bir ne\u00e7\u0259 g\u00fcnd\u00fcr ki, protokolu \u0259ld\u0259 ed\u0259 bilib v\u0259 c\u0259rim\u0259nin l\u0259\u011fv edilm\u0259si \u00fc\u00e7\u00fcn m\u0259hk\u0259m\u0259y\u0259 m\u00fcraci\u0259t edib.<\/p>\n","protected":false},"excerpt":{"rendered":"<p>G\u0259nc\u0259 \u015e\u0259h\u0259r Yol Polisi \u0130dar\u0259sinin r\u0259hb\u0259rliyi v\u0259 adlar\u0131 \u00e7\u0259kil\u0259n \u0259m\u0259kda\u015flar\u0131 h\u0259l\u0259 d\u0259 c\u0259zas\u0131z qal\u0131b.<\/p>\n","protected":false},"author":11,"featured_media":143366,"comment_status":"closed","ping_status":"open","sticky":false,"template":"","format":"standard","meta":{"_acf_changed":false,"_sitemap_exclude":false,"_sitemap_priority":"","_sitemap_frequency":"","footnotes":""},"categories":[60],"tags":[],"class_list":["post-201133","post","type-post","status-publish","format-standard","has-post-thumbnail","hentry","category-bolge","infinite-scroll-item","generate-columns","tablet-grid-50","mobile-grid-100","grid-parent","grid-33","no-featured-image-padding"],"acf":[],"yoast_head":"<!-- This site is optimized with the Yoast SEO plugin v27.5 - https:\/\/yoast.com\/product\/yoast-seo-wordpress\/ -->\n<title>\u201cH\u0259y\u0259t\u0259 g\u0259l\u0259n yol polisl\u0259ri qarda\u015f\u0131m\u0131 d\u00f6y\u00fcb \u015f\u00f6b\u0259y\u0259 apard\u0131, c\u0259rim\u0259l\u0259di\u201d - MEYDAN.TV<\/title>\n<meta name=\"robots\" content=\"index, follow, max-snippet:-1, max-image-preview:large, max-video-preview:-1\" \/>\n<link rel=\"canonical\" href=\"https:\/\/www.meydan.tv\/az\/article\/heyete-gelen-yol-polisleri-qardasimi-doyub-sobeye-apardi-cerimeledi\/\" \/>\n<meta property=\"og:locale\" content=\"az_AZ\" \/>\n<meta property=\"og:type\" content=\"article\" \/>\n<meta property=\"og:title\" content=\"\u201cH\u0259y\u0259t\u0259 g\u0259l\u0259n yol polisl\u0259ri qarda\u015f\u0131m\u0131 d\u00f6y\u00fcb \u015f\u00f6b\u0259y\u0259 apard\u0131, c\u0259rim\u0259l\u0259di\u201d - MEYDAN.TV\" \/>\n<meta property=\"og:description\" content=\"G\u0259nc\u0259 \u015e\u0259h\u0259r Yol Polisi \u0130dar\u0259sinin r\u0259hb\u0259rliyi v\u0259 adlar\u0131 \u00e7\u0259kil\u0259n \u0259m\u0259kda\u015flar\u0131 h\u0259l\u0259 d\u0259 c\u0259zas\u0131z qal\u0131b.\" \/>\n<meta property=\"og:url\" content=\"https:\/\/www.meydan.tv\/az\/article\/heyete-gelen-yol-polisleri-qardasimi-doyub-sobeye-apardi-cerimeledi\/\" \/>\n<meta property=\"og:site_name\" content=\"MEYDAN.TV\" \/>\n<meta property=\"article:published_time\" content=\"2020-06-22T20:09:50+00:00\" \/>\n<meta property=\"og:image\" content=\"https:\/\/www.meydan.tv\/wp-content\/uploads\/image_from_ios_2_ogqlwnk.jpg\" \/>\n\t<meta property=\"og:image:width\" content=\"1280\" \/>\n\t<meta property=\"og:image:height\" content=\"853\" \/>\n\t<meta property=\"og:image:type\" content=\"image\/jpeg\" \/>\n<meta name=\"author\" content=\"user-manager\" \/>\n<meta name=\"twitter:card\" content=\"summary_large_image\" \/>\n<script type=\"application\/ld+json\" class=\"yoast-schema-graph\">{\"@context\":\"https:\\\/\\\/schema.org\",\"@graph\":[{\"@type\":\"Article\",\"@id\":\"https:\\\/\\\/www.meydan.tv\\\/az\\\/article\\\/heyete-gelen-yol-polisleri-qardasimi-doyub-sobeye-apardi-cerimeledi\\\/#article\",\"isPartOf\":{\"@id\":\"https:\\\/\\\/www.meydan.tv\\\/az\\\/article\\\/heyete-gelen-yol-polisleri-qardasimi-doyub-sobeye-apardi-cerimeledi\\\/\"},\"author\":{\"name\":\"user-manager\",\"@id\":\"https:\\\/\\\/www.meydan.tv\\\/az\\\/#\\\/schema\\\/person\\\/10d11eccf6da3662cf5fdab9806ea91a\"},\"headline\":\"\u201cH\u0259y\u0259t\u0259 g\u0259l\u0259n yol polisl\u0259ri qarda\u015f\u0131m\u0131 d\u00f6y\u00fcb \u015f\u00f6b\u0259y\u0259 apard\u0131, c\u0259rim\u0259l\u0259di\u201d\",\"datePublished\":\"2020-06-22T20:09:50+00:00\",\"mainEntityOfPage\":{\"@id\":\"https:\\\/\\\/www.meydan.tv\\\/az\\\/article\\\/heyete-gelen-yol-polisleri-qardasimi-doyub-sobeye-apardi-cerimeledi\\\/\"},\"wordCount\":968,\"publisher\":{\"@id\":\"https:\\\/\\\/www.meydan.tv\\\/az\\\/#organization\"},\"image\":{\"@id\":\"https:\\\/\\\/www.meydan.tv\\\/az\\\/article\\\/heyete-gelen-yol-polisleri-qardasimi-doyub-sobeye-apardi-cerimeledi\\\/#primaryimage\"},\"thumbnailUrl\":\"https:\\\/\\\/www.meydan.tv\\\/wp-content\\\/uploads\\\/image_from_ios_2_ogqlwnk.jpg\",\"articleSection\":[\"B\u00f6lg\u0259\"],\"inLanguage\":\"az\"},{\"@type\":\"WebPage\",\"@id\":\"https:\\\/\\\/www.meydan.tv\\\/az\\\/article\\\/heyete-gelen-yol-polisleri-qardasimi-doyub-sobeye-apardi-cerimeledi\\\/\",\"url\":\"https:\\\/\\\/www.meydan.tv\\\/az\\\/article\\\/heyete-gelen-yol-polisleri-qardasimi-doyub-sobeye-apardi-cerimeledi\\\/\",\"name\":\"\u201cH\u0259y\u0259t\u0259 g\u0259l\u0259n yol polisl\u0259ri qarda\u015f\u0131m\u0131 d\u00f6y\u00fcb \u015f\u00f6b\u0259y\u0259 apard\u0131, c\u0259rim\u0259l\u0259di\u201d - MEYDAN.TV\",\"isPartOf\":{\"@id\":\"https:\\\/\\\/www.meydan.tv\\\/az\\\/#website\"},\"primaryImageOfPage\":{\"@id\":\"https:\\\/\\\/www.meydan.tv\\\/az\\\/article\\\/heyete-gelen-yol-polisleri-qardasimi-doyub-sobeye-apardi-cerimeledi\\\/#primaryimage\"},\"image\":{\"@id\":\"https:\\\/\\\/www.meydan.tv\\\/az\\\/article\\\/heyete-gelen-yol-polisleri-qardasimi-doyub-sobeye-apardi-cerimeledi\\\/#primaryimage\"},\"thumbnailUrl\":\"https:\\\/\\\/www.meydan.tv\\\/wp-content\\\/uploads\\\/image_from_ios_2_ogqlwnk.jpg\",\"datePublished\":\"2020-06-22T20:09:50+00:00\",\"breadcrumb\":{\"@id\":\"https:\\\/\\\/www.meydan.tv\\\/az\\\/article\\\/heyete-gelen-yol-polisleri-qardasimi-doyub-sobeye-apardi-cerimeledi\\\/#breadcrumb\"},\"inLanguage\":\"az\",\"potentialAction\":[{\"@type\":\"ReadAction\",\"target\":[\"https:\\\/\\\/www.meydan.tv\\\/az\\\/article\\\/heyete-gelen-yol-polisleri-qardasimi-doyub-sobeye-apardi-cerimeledi\\\/\"]}]},{\"@type\":\"ImageObject\",\"inLanguage\":\"az\",\"@id\":\"https:\\\/\\\/www.meydan.tv\\\/az\\\/article\\\/heyete-gelen-yol-polisleri-qardasimi-doyub-sobeye-apardi-cerimeledi\\\/#primaryimage\",\"url\":\"https:\\\/\\\/www.meydan.tv\\\/wp-content\\\/uploads\\\/image_from_ios_2_ogqlwnk.jpg\",\"contentUrl\":\"https:\\\/\\\/www.meydan.tv\\\/wp-content\\\/uploads\\\/image_from_ios_2_ogqlwnk.jpg\",\"width\":1280,\"height\":853,\"caption\":\"Source: Specify Source\"},{\"@type\":\"BreadcrumbList\",\"@id\":\"https:\\\/\\\/www.meydan.tv\\\/az\\\/article\\\/heyete-gelen-yol-polisleri-qardasimi-doyub-sobeye-apardi-cerimeledi\\\/#breadcrumb\",\"itemListElement\":[{\"@type\":\"ListItem\",\"position\":1,\"name\":\"Ana s\u0259hif\u0259\",\"item\":\"https:\\\/\\\/www.meydan.tv\\\/az\\\/\"},{\"@type\":\"ListItem\",\"position\":2,\"name\":\"B\u00f6lg\u0259\",\"item\":\"https:\\\/\\\/www.meydan.tv\\\/az\\\/section\\\/bolge\\\/\"},{\"@type\":\"ListItem\",\"position\":3,\"name\":\"\u201cH\u0259y\u0259t\u0259 g\u0259l\u0259n yol polisl\u0259ri qarda\u015f\u0131m\u0131 d\u00f6y\u00fcb \u015f\u00f6b\u0259y\u0259 apard\u0131, c\u0259rim\u0259l\u0259di\u201d\"}]},{\"@type\":\"WebSite\",\"@id\":\"https:\\\/\\\/www.meydan.tv\\\/az\\\/#website\",\"url\":\"https:\\\/\\\/www.meydan.tv\\\/az\\\/\",\"name\":\"MEYDAN.TV\",\"description\":\"Meydan TV Az\u0259rbaycan\u0131n media m\u0259kan\u0131ndak\u0131 alternativ s\u0259sidir\",\"publisher\":{\"@id\":\"https:\\\/\\\/www.meydan.tv\\\/az\\\/#organization\"},\"potentialAction\":[{\"@type\":\"SearchAction\",\"target\":{\"@type\":\"EntryPoint\",\"urlTemplate\":\"https:\\\/\\\/www.meydan.tv\\\/az\\\/?s={search_term_string}\"},\"query-input\":{\"@type\":\"PropertyValueSpecification\",\"valueRequired\":true,\"valueName\":\"search_term_string\"}}],\"inLanguage\":\"az\"},{\"@type\":\"Organization\",\"@id\":\"https:\\\/\\\/www.meydan.tv\\\/az\\\/#organization\",\"name\":\"Meydan TV\",\"url\":\"https:\\\/\\\/www.meydan.tv\\\/az\\\/\",\"logo\":{\"@type\":\"ImageObject\",\"inLanguage\":\"az\",\"@id\":\"https:\\\/\\\/www.meydan.tv\\\/az\\\/#\\\/schema\\\/logo\\\/image\\\/\",\"url\":\"https:\\\/\\\/www.meydan.tv\\\/wp-content\\\/uploads\\\/2021\\\/07\\\/meydan-logo.svg\",\"contentUrl\":\"https:\\\/\\\/www.meydan.tv\\\/wp-content\\\/uploads\\\/2021\\\/07\\\/meydan-logo.svg\",\"width\":195,\"height\":46,\"caption\":\"Meydan TV\"},\"image\":{\"@id\":\"https:\\\/\\\/www.meydan.tv\\\/az\\\/#\\\/schema\\\/logo\\\/image\\\/\"}},{\"@type\":\"Person\",\"@id\":\"https:\\\/\\\/www.meydan.tv\\\/az\\\/#\\\/schema\\\/person\\\/10d11eccf6da3662cf5fdab9806ea91a\",\"name\":\"user-manager\"}]}<\/script>\n<!-- \/ Yoast SEO plugin. -->","yoast_head_json":{"title":"\u201cH\u0259y\u0259t\u0259 g\u0259l\u0259n yol polisl\u0259ri qarda\u015f\u0131m\u0131 d\u00f6y\u00fcb \u015f\u00f6b\u0259y\u0259 apard\u0131, c\u0259rim\u0259l\u0259di\u201d - MEYDAN.TV","robots":{"index":"index","follow":"follow","max-snippet":"max-snippet:-1","max-image-preview":"max-image-preview:large","max-video-preview":"max-video-preview:-1"},"canonical":"https:\/\/www.meydan.tv\/az\/article\/heyete-gelen-yol-polisleri-qardasimi-doyub-sobeye-apardi-cerimeledi\/","og_locale":"az_AZ","og_type":"article","og_title":"\u201cH\u0259y\u0259t\u0259 g\u0259l\u0259n yol polisl\u0259ri qarda\u015f\u0131m\u0131 d\u00f6y\u00fcb \u015f\u00f6b\u0259y\u0259 apard\u0131, c\u0259rim\u0259l\u0259di\u201d - MEYDAN.TV","og_description":"G\u0259nc\u0259 \u015e\u0259h\u0259r Yol Polisi \u0130dar\u0259sinin r\u0259hb\u0259rliyi v\u0259 adlar\u0131 \u00e7\u0259kil\u0259n \u0259m\u0259kda\u015flar\u0131 h\u0259l\u0259 d\u0259 c\u0259zas\u0131z qal\u0131b.","og_url":"https:\/\/www.meydan.tv\/az\/article\/heyete-gelen-yol-polisleri-qardasimi-doyub-sobeye-apardi-cerimeledi\/","og_site_name":"MEYDAN.TV","article_published_time":"2020-06-22T20:09:50+00:00","og_image":[{"width":1280,"height":853,"url":"https:\/\/www.meydan.tv\/wp-content\/uploads\/image_from_ios_2_ogqlwnk.jpg","type":"image\/jpeg"}],"author":"user-manager","twitter_card":"summary_large_image","schema":{"@context":"https:\/\/schema.org","@graph":[{"@type":"Article","@id":"https:\/\/www.meydan.tv\/az\/article\/heyete-gelen-yol-polisleri-qardasimi-doyub-sobeye-apardi-cerimeledi\/#article","isPartOf":{"@id":"https:\/\/www.meydan.tv\/az\/article\/heyete-gelen-yol-polisleri-qardasimi-doyub-sobeye-apardi-cerimeledi\/"},"author":{"name":"user-manager","@id":"https:\/\/www.meydan.tv\/az\/#\/schema\/person\/10d11eccf6da3662cf5fdab9806ea91a"},"headline":"\u201cH\u0259y\u0259t\u0259 g\u0259l\u0259n yol polisl\u0259ri qarda\u015f\u0131m\u0131 d\u00f6y\u00fcb \u015f\u00f6b\u0259y\u0259 apard\u0131, c\u0259rim\u0259l\u0259di\u201d","datePublished":"2020-06-22T20:09:50+00:00","mainEntityOfPage":{"@id":"https:\/\/www.meydan.tv\/az\/article\/heyete-gelen-yol-polisleri-qardasimi-doyub-sobeye-apardi-cerimeledi\/"},"wordCount":968,"publisher":{"@id":"https:\/\/www.meydan.tv\/az\/#organization"},"image":{"@id":"https:\/\/www.meydan.tv\/az\/article\/heyete-gelen-yol-polisleri-qardasimi-doyub-sobeye-apardi-cerimeledi\/#primaryimage"},"thumbnailUrl":"https:\/\/www.meydan.tv\/wp-content\/uploads\/image_from_ios_2_ogqlwnk.jpg","articleSection":["B\u00f6lg\u0259"],"inLanguage":"az"},{"@type":"WebPage","@id":"https:\/\/www.meydan.tv\/az\/article\/heyete-gelen-yol-polisleri-qardasimi-doyub-sobeye-apardi-cerimeledi\/","url":"https:\/\/www.meydan.tv\/az\/article\/heyete-gelen-yol-polisleri-qardasimi-doyub-sobeye-apardi-cerimeledi\/","name":"\u201cH\u0259y\u0259t\u0259 g\u0259l\u0259n yol polisl\u0259ri qarda\u015f\u0131m\u0131 d\u00f6y\u00fcb \u015f\u00f6b\u0259y\u0259 apard\u0131, c\u0259rim\u0259l\u0259di\u201d - MEYDAN.TV","isPartOf":{"@id":"https:\/\/www.meydan.tv\/az\/#website"},"primaryImageOfPage":{"@id":"https:\/\/www.meydan.tv\/az\/article\/heyete-gelen-yol-polisleri-qardasimi-doyub-sobeye-apardi-cerimeledi\/#primaryimage"},"image":{"@id":"https:\/\/www.meydan.tv\/az\/article\/heyete-gelen-yol-polisleri-qardasimi-doyub-sobeye-apardi-cerimeledi\/#primaryimage"},"thumbnailUrl":"https:\/\/www.meydan.tv\/wp-content\/uploads\/image_from_ios_2_ogqlwnk.jpg","datePublished":"2020-06-22T20:09:50+00:00","breadcrumb":{"@id":"https:\/\/www.meydan.tv\/az\/article\/heyete-gelen-yol-polisleri-qardasimi-doyub-sobeye-apardi-cerimeledi\/#breadcrumb"},"inLanguage":"az","potentialAction":[{"@type":"ReadAction","target":["https:\/\/www.meydan.tv\/az\/article\/heyete-gelen-yol-polisleri-qardasimi-doyub-sobeye-apardi-cerimeledi\/"]}]},{"@type":"ImageObject","inLanguage":"az","@id":"https:\/\/www.meydan.tv\/az\/article\/heyete-gelen-yol-polisleri-qardasimi-doyub-sobeye-apardi-cerimeledi\/#primaryimage","url":"https:\/\/www.meydan.tv\/wp-content\/uploads\/image_from_ios_2_ogqlwnk.jpg","contentUrl":"https:\/\/www.meydan.tv\/wp-content\/uploads\/image_from_ios_2_ogqlwnk.jpg","width":1280,"height":853,"caption":"Source: Specify Source"},{"@type":"BreadcrumbList","@id":"https:\/\/www.meydan.tv\/az\/article\/heyete-gelen-yol-polisleri-qardasimi-doyub-sobeye-apardi-cerimeledi\/#breadcrumb","itemListElement":[{"@type":"ListItem","position":1,"name":"Ana s\u0259hif\u0259","item":"https:\/\/www.meydan.tv\/az\/"},{"@type":"ListItem","position":2,"name":"B\u00f6lg\u0259","item":"https:\/\/www.meydan.tv\/az\/section\/bolge\/"},{"@type":"ListItem","position":3,"name":"\u201cH\u0259y\u0259t\u0259 g\u0259l\u0259n yol polisl\u0259ri qarda\u015f\u0131m\u0131 d\u00f6y\u00fcb \u015f\u00f6b\u0259y\u0259 apard\u0131, c\u0259rim\u0259l\u0259di\u201d"}]},{"@type":"WebSite","@id":"https:\/\/www.meydan.tv\/az\/#website","url":"https:\/\/www.meydan.tv\/az\/","name":"MEYDAN.TV","description":"Meydan TV Az\u0259rbaycan\u0131n media m\u0259kan\u0131ndak\u0131 alternativ s\u0259sidir","publisher":{"@id":"https:\/\/www.meydan.tv\/az\/#organization"},"potentialAction":[{"@type":"SearchAction","target":{"@type":"EntryPoint","urlTemplate":"https:\/\/www.meydan.tv\/az\/?s={search_term_string}"},"query-input":{"@type":"PropertyValueSpecification","valueRequired":true,"valueName":"search_term_string"}}],"inLanguage":"az"},{"@type":"Organization","@id":"https:\/\/www.meydan.tv\/az\/#organization","name":"Meydan TV","url":"https:\/\/www.meydan.tv\/az\/","logo":{"@type":"ImageObject","inLanguage":"az","@id":"https:\/\/www.meydan.tv\/az\/#\/schema\/logo\/image\/","url":"https:\/\/www.meydan.tv\/wp-content\/uploads\/2021\/07\/meydan-logo.svg","contentUrl":"https:\/\/www.meydan.tv\/wp-content\/uploads\/2021\/07\/meydan-logo.svg","width":195,"height":46,"caption":"Meydan TV"},"image":{"@id":"https:\/\/www.meydan.tv\/az\/#\/schema\/logo\/image\/"}},{"@type":"Person","@id":"https:\/\/www.meydan.tv\/az\/#\/schema\/person\/10d11eccf6da3662cf5fdab9806ea91a","name":"user-manager"}]}},"_links":{"self":[{"href":"https:\/\/www.meydan.tv\/az\/wp-json\/wp\/v2\/posts\/201133","targetHints":{"allow":["GET"]}}],"collection":[{"href":"https:\/\/www.meydan.tv\/az\/wp-json\/wp\/v2\/posts"}],"about":[{"href":"https:\/\/www.meydan.tv\/az\/wp-json\/wp\/v2\/types\/post"}],"author":[{"embeddable":true,"href":"https:\/\/www.meydan.tv\/az\/wp-json\/wp\/v2\/users\/11"}],"replies":[{"embeddable":true,"href":"https:\/\/www.meydan.tv\/az\/wp-json\/wp\/v2\/comments?post=201133"}],"version-history":[{"count":0,"href":"https:\/\/www.meydan.tv\/az\/wp-json\/wp\/v2\/posts\/201133\/revisions"}],"wp:featuredmedia":[{"embeddable":true,"href":"https:\/\/www.meydan.tv\/az\/wp-json\/wp\/v2\/media\/143366"}],"wp:attachment":[{"href":"https:\/\/www.meydan.tv\/az\/wp-json\/wp\/v2\/media?parent=201133"}],"wp:term":[{"taxonomy":"category","embeddable":true,"href":"https:\/\/www.meydan.tv\/az\/wp-json\/wp\/v2\/categories?post=201133"},{"taxonomy":"post_tag","embeddable":true,"href":"https:\/\/www.meydan.tv\/az\/wp-json\/wp\/v2\/tags?post=201133"}],"curies":[{"name":"wp","href":"https:\/\/api.w.org\/{rel}","templated":true}]}}