{"id":201122,"date":"2020-06-22T11:37:58","date_gmt":"2020-06-22T11:37:58","guid":{"rendered":"https:\/\/www.meydan.tv\/article\/semkirin-icra-bascisinin-ogluna-mexsus-sirket-menim-huquqlarimi-pozur\/"},"modified":"2020-06-22T11:37:58","modified_gmt":"2020-06-22T11:37:58","slug":"semkirin-icra-bascisinin-ogluna-mexsus-sirket-menim-huquqlarimi-pozur","status":"publish","type":"post","link":"https:\/\/www.meydan.tv\/az\/article\/semkirin-icra-bascisinin-ogluna-mexsus-sirket-menim-huquqlarimi-pozur\/","title":{"rendered":"\u201c\u015e\u0259mkirin icra ba\u015f\u00e7\u0131s\u0131n\u0131n o\u011fluna m\u0259xsus \u015firk\u0259t m\u0259nim h\u00fcquqlar\u0131m\u0131 pozur\u201d"},"content":{"rendered":"<p>\n  <i><br \/>\n    \u201c\u0130stehsalatda z\u0259d\u0259 alm\u0131\u015fam, amma \u201cAzfarel\u201d MMC m\u0259ni protezl\u0259 t\u0259min etm\u0259k ist\u0259mir\u201d<br \/>\n  <\/i>\n<\/p>\n<p>\n  \u015e\u0259mkir rayon sakini \u015eahmar Qurbanov \u201cAzfarel\u201d MMC-d\u0259n \u015fikay\u0259t\u00e7idir. O, istehsalatda ald\u0131\u011f\u0131 z\u0259d\u0259 n\u0259tic\u0259sind\u0259 qolunu itirdiyini v\u0259 \u015firk\u0259tin onu protezl\u0259 t\u0259min etm\u0259diyini deyib.\n<\/p>\n<p>\n  \u015eahmar Qurbanov Meydan TV-\u0259 dan\u0131\u015f\u0131b ki, 2017-ci ilin may\u0131ndan 2018-ci ilin aprelin 2-n\u0259 q\u0259d\u0259r \u201cAzfarel\u201d MMC-d\u0259 1 il m\u00fcqavil\u0259siz i\u015fl\u0259yib.\n<\/p>\n<p>\n  \u201cMMC r\u0259hb\u0259rliyi tikinti apar\u0131ld\u0131\u011f\u0131n\u0131 b\u0259han\u0259 ed\u0259r\u0259k i\u015f\u00e7il\u0259rl\u0259 m\u00fcqavil\u0259 imzalam\u0131rd\u0131. Yaln\u0131z 2018-ci ilin aprelin 2-d\u0259 bir illik \u0259m\u0259k m\u00fcqavil\u0259si ba\u011flan\u0131b. El\u0259 h\u0259min ilin noyabr\u0131n 19-da i\u015fd\u0259 q\u0259za zaman\u0131 sol \u0259limin 90 faizi z\u0259d\u0259l\u0259nib v\u0259 qeyri-i\u015fl\u0259k v\u0259ziyy\u0259t\u0259 d\u00fc\u015f\u00fcb. Bundan sonra 20 g\u00fcn G\u0259nc\u0259 3 sayl\u0131 x\u0259st\u0259xanas\u0131nda m\u00fcalic\u0259 olunmu\u015fam\u201d, &#8211; \u015eahmar Qurbanov deyib.\n<\/p>\n<p>\n  O bildirib ki, x\u0259st\u0259xanada olark\u0259n MMC-nin direktoru Adil M\u0259mm\u0259dov yan\u0131na g\u0259lib v\u0259 \u015fikay\u0259t etm\u0259m\u0259sini xahi\u015f edib. Direktor bildirib ki, t\u0259xmin\u0259n 2 min manatl\u0131q protez qoyacaqlar, \u015firk\u0259td\u0259 d\u0259 y\u00fcng\u00fcl i\u015fl\u0259 t\u0259min edil\u0259c\u0259k. Amma x\u0259st\u0259xanan\u0131 t\u0259rk ed\u0259nd\u0259n sonra n\u0259 Adil M\u0259mm\u0259dovun, n\u0259 d\u0259 \u015firk\u0259td\u0259 dig\u0259rl\u0259rinin q\u0259buluna d\u00fc\u015f\u0259 bilm\u0259yib. \u015eahmar Qurbanov D\u00f6vl\u0259t \u018fm\u0259k M\u00fcf\u0259tti\u015fliyi Xidm\u0259tinin \u015e\u0259mkir \u0130dar\u0259sin\u0259, yerli prokurorluq v\u0259 polis\u0259 \u015fikay\u0259t ets\u0259 d\u0259, reaksiya verilm\u0259diyini bildirib:\n<\/p>\n<p>\n  \u201cM\u0259n\u0259 a\u00e7\u0131q \u015f\u0259kild\u0259 deyirdil\u0259r ki, \u201cAzfarel\u201d MMC \u015e\u0259mkirin icra ba\u015f\u00e7\u0131s\u0131 Alimpa\u015fa M\u0259mm\u0259dovun o\u011flu Adil M\u0259mm\u0259dovun obyektidir, ora gir\u0259 bilm\u0259rik. M\u0259cbur olub Heyd\u0259r \u018fliyev Fonduna \u015fikay\u0259t etdim, N\u0259rgiz Pa\u015fayeva t\u0259r\u0259find\u0259n q\u0259bul olundum\u201d.\n<\/p>\n<p>\n  \u015eahmar Qurbanovun s\u00f6zl\u0259rin\u0259 g\u00f6r\u0259, bu g\u00f6r\u00fc\u015f 2019-cu ilin ilk aylar\u0131nda olub v\u0259 i\u015find\u0259 d\u00f6n\u00fc\u015f bundan sonra ba\u015f verib.\n<\/p>\n<p>\n  \u201cN\u0259rgiz xan\u0131m h\u00fcquq\u015f\u00fcnasa tap\u015f\u0131r\u0131q verdikd\u0259n sonra \u0259m\u0259k m\u00fcqavil\u0259mi \u0259sas g\u00f6t\u00fcr\u00fcb \u018fm\u0259k v\u0259 \u018fhalinin Sosial M\u00fcdafi\u0259 Nazirliyin\u0259 tap\u015f\u0131r\u0131ld\u0131 ki, bu \u015fikay\u0259tin \u00fcst\u00fcnd\u0259 dayan\u0131n. Sonra \u018fm\u0259k v\u0259 \u018fhalinin Sosial M\u00fcdafi\u0259 Nazirliyinin D\u00f6vl\u0259t \u018fm\u0259k M\u00fcf\u0259tti\u015fliyi Xidm\u0259tinin r\u0259smil\u0259ri \u015e\u0259mkir\u0259 g\u0259lib ara\u015fd\u0131rmaya ba\u015flad\u0131lar. Yaln\u0131z bundan bir g\u00fcn sonra \u015e\u0259mkurd\u0259 ara\u015fd\u0131rma ba\u015flan\u0131ld\u0131. \u00c7\u00fcnki icra ba\u015f\u00e7\u0131s\u0131 Alimpa\u015fa M\u0259mm\u0259dov b\u00fct\u00fcn vasit\u0259l\u0259rl\u0259 \u0259ng\u0259l yarad\u0131rd\u0131.\n<\/p>\n<p>\n  H\u0259min ara\u015fd\u0131rman\u0131n n\u0259tic\u0259sind\u0259 D\u00f6vl\u0259t \u018fm\u0259k M\u00fcf\u0259tti\u015fliyi Xidm\u0259tinin G\u0259nc\u0259 \u0130dar\u0259si q\u0259za zaman\u0131 x\u0259sar\u0259t alma\u011f\u0131mla ba\u011fl\u0131 akt t\u0259qdim etdi. Sonradan m\u0259lumat ald\u0131m ki, D\u00f6vl\u0259t \u018fm\u0259k M\u00fcf\u0259tti\u015fliyi Xidm\u0259ti \u015e\u0259mkird\u0259ki yerli idar\u0259sin\u0259 etibar etm\u0259diyi \u00fc\u00e7\u00fcn m\u0259nim \u015fikay\u0259timi G\u0259nc\u0259y\u0259 g\u00f6nd\u0259ribl\u0259r\u201d.\n<\/p>\n<figure class=\"wp-block-image size-large\">\n  <img decoding=\"async\" src=\"https:\/\/www.meydan.tv\/az\/104654135_3319576358052383_453143587638653739_n-1-jpg\/\" alt=\"104654135_3319576358052383_453143587638653739_n (1).jpg\" class=\"wp-image-143339\"\/><figcaption>\n    \u015eahmar Qurbanov<br \/>\n  <\/figcaption><\/figure>\n<p>\n  Nazirlikd\u0259n \u015eahmar Qurbanova t\u0259klif edibl\u0259r ki, i\u015f yerind\u0259n s\u0131\u011fortas\u0131 olmad\u0131\u011f\u0131 \u00fc\u00e7\u00fcn m\u0259hk\u0259m\u0259y\u0259 m\u00fcraci\u0259t etsin:\n<\/p>\n<p>\n  \u201cS\u0259kkiz ay \u015e\u0259mkir Rayon M\u0259hk\u0259m\u0259sind\u0259 s\u00fcr\u00fcnd\u00fcrd\u00fcl\u0259r. S\u0259b\u0259b b\u0259lli idi. \u0130cra ba\u015f\u00e7\u0131s\u0131 Alimpa\u015fa M\u0259mm\u0259dov b\u00fct\u00fcn vasit\u0259l\u0259rl\u0259 proses\u0259 m\u00fcdaxil\u0259 edirdi. N\u0259hay\u0259t, hakim Nem\u0259t Pa\u015fayev bu ilin fevral\u0131n 20-d\u0259 h\u00f6km \u00e7\u0131xartd\u0131 ki, \u201cAzfarel\u201d MMC m\u0259n\u0259 5 min manat m\u0259n\u0259vi, 10 min manat da maddi z\u0259r\u0259r \u00f6d\u0259sin, o c\u00fcml\u0259d\u0259n, pensiya ya\u015f\u0131ma \u00e7atana q\u0259d\u0259r ayda 470 manat verilsin. Ancaq hakim \u018fm\u0259k M\u0259c\u0259ll\u0259sind\u0259 g\u00f6st\u0259rildiyi kimi, z\u0259r\u0259r\u00e7\u0259k\u0259nin ist\u0259yin\u0259 uy\u011fun olaraq protezl\u0259 t\u0259min olunmas\u0131 t\u0259l\u0259bini t\u0259min etm\u0259di. S\u0259b\u0259b d\u0259 o idi ki, m\u0259n h\u0259r\u0259k\u0259tli protez ist\u0259yirdim, o da baha oldu\u011fundan v\u0259sat\u0259tim q\u0259bul olunmad\u0131\u201d.\n<\/p>\n<p>\n  Onun s\u00f6zl\u0259rin\u0259 g\u00f6r\u0259, bundan sonra \u201cAzfarel\u201d MMC G\u0259nc\u0259 Apelyasiya M\u0259hk\u0259m\u0259sin\u0259 \u015fikay\u0259t verib. \u201cAzfarel\u201d MMC, D\u00f6vl\u0259t Ekspertiza \u0130dar\u0259sinin yerli \u015f\u00f6b\u0259sinin aray\u0131\u015f\u0131na baxmayaraq, onun yenid\u0259n ekspertizaya getm\u0259sini t\u0259l\u0259b edib.\n<\/p>\n<p>\n  \u201cG\u0259nc\u0259 Apelyasiya M\u0259hk\u0259m\u0259sind\u0259 prokuror v\u0259 k\u00f6m\u0259k\u00e7i hakiml\u0259r yenid\u0259n ekspertizaya ehtiyac g\u00f6rm\u0259dikl\u0259rini s\u00f6yl\u0259s\u0259l\u0259r d\u0259, hakim Salman H\u00fcseynov q\u0131sa m\u00fc\u015favir\u0259d\u0259n sonra qar\u015f\u0131 t\u0259r\u0259fin v\u0259sat\u0259tin q\u0259bul etdi. Mart ay\u0131ndan s\u0259n\u0259dl\u0259r ekspertizaya g\u00f6nd\u0259rils\u0259 d\u0259, h\u0259l\u0259 cavab yoxdur. G\u00fcman ki, D\u00f6vl\u0259t Ekspertiza \u0130dar\u0259sind\u0259 i\u015fi yubad\u0131rlar\u201d.\n<\/p>\n<p>\n  Onun s\u00f6zl\u0259rin\u0259 g\u00f6r\u0259, indi is\u0259 G\u0259nc\u0259 Apelyasiya M\u0259hk\u0259m\u0259si prosesi uzad\u0131r:\n<\/p>\n<p>\n  &quot;M\u0259nc\u0259, yen\u0259 icra ba\u015f\u00e7\u0131s\u0131 Alimpa\u015fa M\u0259mm\u0259dov o\u011flu Adil M\u0259mm\u0259dovun \u015firk\u0259tin\u0259 q\u0259yyumlu\u011fu say\u0259sind\u0259 haz\u0131rk\u0131 m\u0259nz\u0259r\u0259 yaran\u0131b\u201d.\n<\/p>\n<p>\n  \u015eahmar Qurbanov karantin s\u0259b\u0259bind\u0259n Heyd\u0259r \u018fliyev Fonduna elektron m\u00fcraci\u0259t ed\u0259c\u0259yini bildirib.\n<\/p>\n<p>\n  Yaranm\u0131\u015f situasiya il\u0259 ba\u011fl\u0131 ekspert r\u0259yi\n<\/p>\n<p>\n  V\u0259t\u0259nda\u015flar\u0131n \u018fm\u0259k H\u00fcquqlar\u0131n\u0131 M\u00fcdafi\u0259 Liqas\u0131 \u0130craiyy\u0259 Komit\u0259sinin s\u0259dri Sahib M\u0259mm\u0259dov:\n<\/p>\n<figure class=\"wp-block-image size-large\">\n  <img decoding=\"async\" src=\"https:\/\/www.meydan.tv\/az\/sahib-memmedov\/\" alt=\"Sahib M\u0259mm\u0259dov\" class=\"wp-image-46877\"\/><figcaption>\n    Sahib M\u0259mm\u0259dov<br \/>\n  <\/figcaption><\/figure>\n<p>\n  \u201c\u018fvv\u0259la, \u201cAzfarel\u201d MMC \u015eahmar Qurbanovla \u0259m\u0259k m\u00fcqavil\u0259si imzalayanda, i\u015f\u00e7isini s\u0131\u011forta etm\u0259liydi. \u0130kinci, i\u015f\u00e7i z\u0259d\u0259 alan kimi \u201cAzfarel\u201d MMC \u00f6z\u00fc D\u00f6vl\u0259t \u018fm\u0259k M\u00fcf\u0259tti\u015fliyi Xidm\u0259tin\u0259 m\u00fcraci\u0259t etm\u0259li v\u0259 bu qurumun r\u0259smil\u0259ri g\u0259lib akt ba\u011flamal\u0131yd\u0131. Ancaq \u015eahmar Qurbanovun qar\u015f\u0131la\u015fd\u0131\u011f\u0131 m\u0259nz\u0259r\u0259d\u0259 sadalad\u0131qlar\u0131m\u0131n he\u00e7 biri olmay\u0131b. T\u0259\u0259ss\u00fcf ki, Az\u0259rbaycanda bu c\u00fcr hallar \u00e7ox olur, adamlar\u0131 aldad\u0131rlar ki, get evd\u0259 qal, yard\u0131m ed\u0259c\u0259yik. H\u0259tta istehsalatda \u00f6l\u0259n adamlar\u0131n yax\u0131nlar\u0131na deyirl\u0259r ki, D\u00f6vl\u0259t \u018fm\u0259k M\u00fcf\u0259tti\u015fliyi Xidm\u0259tin\u0259 m\u00fcraci\u0259t etm\u0259, soru\u015fsalar, k\u00fc\u00e7\u0259d\u0259 oldu\u011funu s\u00f6yl\u0259. \u015eahmar Qurbanov da ox\u015far halla qar\u015f\u0131la\u015f\u0131b. Amma Heyd\u0259r \u018fliyev Fonduna \u015fikay\u0259tind\u0259n sonra D\u00f6vl\u0259t \u018fm\u0259k M\u00fcf\u0259tti\u015fliyi Xidm\u0259ti i\u015f\u0259 m\u00fcdaxil\u0259 edib. \u0130ndi onun i\u015fi m\u0259hk\u0259m\u0259d\u0259dir, proses uzana bil\u0259r. G\u00fcman ki, Ali M\u0259hk\u0259m\u0259y\u0259 q\u0259d\u0259r ged\u0259c\u0259k. B\u00fct\u00fcn hallarda \u201cAzfarel\u201d MMC \u015eahmar Qurbanovla \u0259m\u0259k m\u00fcqavil\u0259si imzalayanda, onu s\u0131\u011fortalamal\u0131yd\u0131. Eyni zamanda, i\u015f\u00e7i z\u0259d\u0259 alan kimi \u018fm\u0259k M\u00fcf\u0259tti\u015fliyi Xidm\u0259tin\u0259 m\u00fcraci\u0259t \u00fcnvanlamal\u0131, onlar da h\u0259kim komissiyas\u0131 g\u00f6nd\u0259rib akt t\u0259rtib etm\u0259liydil\u0259r. Bunlar\u0131n he\u00e7 biri olmad\u0131\u011f\u0131ndan, \u201cAzfarel\u201d MMC m\u0259suliyy\u0259t da\u015f\u0131y\u0131r. Son q\u0259rar\u0131 m\u0259hk\u0259m\u0259 ver\u0259c\u0259k, i\u015f h\u0259l\u0259 apelyasiyadad\u0131r, posesual bax\u0131mdan pozuntu yoxdur\u201d.\n<\/p>\n<p>\n  Meydan TV \u201cAzfarel\u201d MMC-nin direktori Adil M\u0259mm\u0259dovla \u0259laq\u0259 saxlay\u0131b. Adil M\u0259mm\u0259dov sual\u0131 dinl\u0259m\u0259d\u0259n telefonu qapay\u0131b. \u015e\u0259mkir Rayon \u0130cra Hakimiyy\u0259ti il\u0259 \u0259laq\u0259 saxlamaq c\u0259hdimiz is\u0259 al\u0131nmay\u0131b.\n<\/p>\n<p>\n  <a href=\"http:\/\/aws-www.meydan.tv\/az\/article\/azforelde-barmaqlarini-itiren-genc-hereketli-el-protezi-teleb-edir\/?ref=search\"><br \/>\n    Meydan TV<br \/>\n  <\/a><br \/>\n  2019-cu ilin noyabr\u0131nda bu hadis\u0259ni i\u015f\u0131qland\u0131rm\u0131\u015fd\u0131. 27 ya\u015fl\u0131 \u015eahmar Qurbanov o zaman hadis\u0259 ba\u015f ver\u0259nd\u0259n sonra \u015firk\u0259t r\u0259hb\u0259rliyi t\u0259r\u0259find\u0259n etinas\u0131zl\u0131qdan \u015fikay\u0259t etmi\u015fdi.\n<\/p>\n<p>\n  \u015e\u0259mkir rayonunun Mehrili k\u0259ndi \u0259razisind\u0259 qurulan \u201cAzfarel\u201d MMC-nin \u00fcmumi \u0259razisi 4,94 hektard\u0131r. Bal\u0131q yeti\u015fdirm\u0259 v\u0259 emal\u0131 m\u00fc\u0259ssis\u0259si olan \u201cAzfarel\u201d \u015e\u0259mkir \u00e7ay\u0131n\u0131n sahilind\u0259 yerl\u0259\u015fir. 2018-ci ild\u0259 m\u00fc\u0259ssis\u0259sinin tikintisin\u0259 3 milyon manat kapital qoyulsa da, \u00fcmumi investisiya d\u0259y\u0259ri 43 milyon manat oldu\u011fu qeyd edilib. Bu bar\u0259d\u0259 \u015e\u0259mkir Rayon \u0130cra Hakimiyy\u0259tinin ba\u015f\u00e7\u0131s\u0131 Alimpa\u015fa M\u0259mm\u0259dov 2018-ci ild\u0259 rayonunun sosial-iqtisadi inki\u015faf\u0131n yekunlar\u0131 v\u0259 qar\u015f\u0131da duran v\u0259zif\u0259l\u0259ri bar\u0259d\u0259 \u00e7\u0131x\u015f\u0131nda bildirib.\n<\/p>\n<figure class=\"wp-block-image size-large\">\n  <img decoding=\"async\" src=\"https:\/\/www.meydan.tv\/az\/1447842240_v-jpg\/\" alt=\"1447842240_v.jpg\" class=\"wp-image-143342\"\/><figcaption>\n    Alimpa\u015fa M\u0259mm\u0259dov (solda)<br \/>\n  <\/figcaption><\/figure>\n","protected":false},"excerpt":{"rendered":"<p>&#8221; \u201cAzfarel\u201d MMC \u00f6z\u00fc D\u00f6vl\u0259t \u018fm\u0259k M\u00fcf\u0259tti\u015fliyi Xidm\u0259tin\u0259 m\u00fcraci\u0259t etm\u0259li v\u0259 bu qurumun r\u0259smil\u0259ri g\u0259lib akt ba\u011flamal\u0131yd\u0131&#8221;.<\/p>\n","protected":false},"author":11,"featured_media":143334,"comment_status":"closed","ping_status":"open","sticky":false,"template":"","format":"standard","meta":{"_acf_changed":false,"_sitemap_exclude":false,"_sitemap_priority":"","_sitemap_frequency":"","footnotes":""},"categories":[60],"tags":[],"class_list":["post-201122","post","type-post","status-publish","format-standard","has-post-thumbnail","hentry","category-bolge","infinite-scroll-item","generate-columns","tablet-grid-50","mobile-grid-100","grid-parent","grid-33","no-featured-image-padding"],"acf":[],"yoast_head":"<!-- This site is optimized with the Yoast SEO plugin v27.5 - https:\/\/yoast.com\/product\/yoast-seo-wordpress\/ -->\n<title>\u201c\u015e\u0259mkirin icra ba\u015f\u00e7\u0131s\u0131n\u0131n o\u011fluna m\u0259xsus \u015firk\u0259t m\u0259nim h\u00fcquqlar\u0131m\u0131 pozur\u201d - MEYDAN.TV<\/title>\n<meta name=\"robots\" content=\"index, follow, max-snippet:-1, max-image-preview:large, max-video-preview:-1\" \/>\n<link rel=\"canonical\" href=\"https:\/\/www.meydan.tv\/az\/article\/semkirin-icra-bascisinin-ogluna-mexsus-sirket-menim-huquqlarimi-pozur\/\" \/>\n<meta property=\"og:locale\" content=\"az_AZ\" \/>\n<meta property=\"og:type\" content=\"article\" \/>\n<meta property=\"og:title\" content=\"\u201c\u015e\u0259mkirin icra ba\u015f\u00e7\u0131s\u0131n\u0131n o\u011fluna m\u0259xsus \u015firk\u0259t m\u0259nim h\u00fcquqlar\u0131m\u0131 pozur\u201d - MEYDAN.TV\" \/>\n<meta property=\"og:description\" content=\"&quot; \u201cAzfarel\u201d MMC \u00f6z\u00fc D\u00f6vl\u0259t \u018fm\u0259k M\u00fcf\u0259tti\u015fliyi Xidm\u0259tin\u0259 m\u00fcraci\u0259t etm\u0259li v\u0259 bu qurumun r\u0259smil\u0259ri g\u0259lib akt ba\u011flamal\u0131yd\u0131&quot;.\" \/>\n<meta property=\"og:url\" content=\"https:\/\/www.meydan.tv\/az\/article\/semkirin-icra-bascisinin-ogluna-mexsus-sirket-menim-huquqlarimi-pozur\/\" \/>\n<meta property=\"og:site_name\" content=\"MEYDAN.TV\" \/>\n<meta property=\"article:published_time\" content=\"2020-06-22T11:37:58+00:00\" \/>\n<meta property=\"og:image\" content=\"https:\/\/www.meydan.tv\/wp-content\/uploads\/105894096_577773876265460_1616029254087294448_n.jpg\" \/>\n\t<meta property=\"og:image:width\" content=\"870\" \/>\n\t<meta property=\"og:image:height\" content=\"480\" \/>\n\t<meta property=\"og:image:type\" content=\"image\/jpeg\" \/>\n<meta name=\"author\" content=\"user-manager\" \/>\n<meta name=\"twitter:card\" content=\"summary_large_image\" \/>\n<script type=\"application\/ld+json\" class=\"yoast-schema-graph\">{\"@context\":\"https:\\\/\\\/schema.org\",\"@graph\":[{\"@type\":\"Article\",\"@id\":\"https:\\\/\\\/www.meydan.tv\\\/az\\\/article\\\/semkirin-icra-bascisinin-ogluna-mexsus-sirket-menim-huquqlarimi-pozur\\\/#article\",\"isPartOf\":{\"@id\":\"https:\\\/\\\/www.meydan.tv\\\/az\\\/article\\\/semkirin-icra-bascisinin-ogluna-mexsus-sirket-menim-huquqlarimi-pozur\\\/\"},\"author\":{\"name\":\"user-manager\",\"@id\":\"https:\\\/\\\/www.meydan.tv\\\/az\\\/#\\\/schema\\\/person\\\/10d11eccf6da3662cf5fdab9806ea91a\"},\"headline\":\"\u201c\u015e\u0259mkirin icra ba\u015f\u00e7\u0131s\u0131n\u0131n o\u011fluna m\u0259xsus \u015firk\u0259t m\u0259nim h\u00fcquqlar\u0131m\u0131 pozur\u201d\",\"datePublished\":\"2020-06-22T11:37:58+00:00\",\"mainEntityOfPage\":{\"@id\":\"https:\\\/\\\/www.meydan.tv\\\/az\\\/article\\\/semkirin-icra-bascisinin-ogluna-mexsus-sirket-menim-huquqlarimi-pozur\\\/\"},\"wordCount\":1393,\"publisher\":{\"@id\":\"https:\\\/\\\/www.meydan.tv\\\/az\\\/#organization\"},\"image\":{\"@id\":\"https:\\\/\\\/www.meydan.tv\\\/az\\\/article\\\/semkirin-icra-bascisinin-ogluna-mexsus-sirket-menim-huquqlarimi-pozur\\\/#primaryimage\"},\"thumbnailUrl\":\"https:\\\/\\\/www.meydan.tv\\\/wp-content\\\/uploads\\\/105894096_577773876265460_1616029254087294448_n.jpg\",\"articleSection\":[\"B\u00f6lg\u0259\"],\"inLanguage\":\"az\"},{\"@type\":\"WebPage\",\"@id\":\"https:\\\/\\\/www.meydan.tv\\\/az\\\/article\\\/semkirin-icra-bascisinin-ogluna-mexsus-sirket-menim-huquqlarimi-pozur\\\/\",\"url\":\"https:\\\/\\\/www.meydan.tv\\\/az\\\/article\\\/semkirin-icra-bascisinin-ogluna-mexsus-sirket-menim-huquqlarimi-pozur\\\/\",\"name\":\"\u201c\u015e\u0259mkirin icra ba\u015f\u00e7\u0131s\u0131n\u0131n o\u011fluna m\u0259xsus \u015firk\u0259t m\u0259nim h\u00fcquqlar\u0131m\u0131 pozur\u201d - MEYDAN.TV\",\"isPartOf\":{\"@id\":\"https:\\\/\\\/www.meydan.tv\\\/az\\\/#website\"},\"primaryImageOfPage\":{\"@id\":\"https:\\\/\\\/www.meydan.tv\\\/az\\\/article\\\/semkirin-icra-bascisinin-ogluna-mexsus-sirket-menim-huquqlarimi-pozur\\\/#primaryimage\"},\"image\":{\"@id\":\"https:\\\/\\\/www.meydan.tv\\\/az\\\/article\\\/semkirin-icra-bascisinin-ogluna-mexsus-sirket-menim-huquqlarimi-pozur\\\/#primaryimage\"},\"thumbnailUrl\":\"https:\\\/\\\/www.meydan.tv\\\/wp-content\\\/uploads\\\/105894096_577773876265460_1616029254087294448_n.jpg\",\"datePublished\":\"2020-06-22T11:37:58+00:00\",\"breadcrumb\":{\"@id\":\"https:\\\/\\\/www.meydan.tv\\\/az\\\/article\\\/semkirin-icra-bascisinin-ogluna-mexsus-sirket-menim-huquqlarimi-pozur\\\/#breadcrumb\"},\"inLanguage\":\"az\",\"potentialAction\":[{\"@type\":\"ReadAction\",\"target\":[\"https:\\\/\\\/www.meydan.tv\\\/az\\\/article\\\/semkirin-icra-bascisinin-ogluna-mexsus-sirket-menim-huquqlarimi-pozur\\\/\"]}]},{\"@type\":\"ImageObject\",\"inLanguage\":\"az\",\"@id\":\"https:\\\/\\\/www.meydan.tv\\\/az\\\/article\\\/semkirin-icra-bascisinin-ogluna-mexsus-sirket-menim-huquqlarimi-pozur\\\/#primaryimage\",\"url\":\"https:\\\/\\\/www.meydan.tv\\\/wp-content\\\/uploads\\\/105894096_577773876265460_1616029254087294448_n.jpg\",\"contentUrl\":\"https:\\\/\\\/www.meydan.tv\\\/wp-content\\\/uploads\\\/105894096_577773876265460_1616029254087294448_n.jpg\",\"width\":870,\"height\":480,\"caption\":\"Source: Foto: sosial \u015f\u0259b\u0259k\u0259\"},{\"@type\":\"BreadcrumbList\",\"@id\":\"https:\\\/\\\/www.meydan.tv\\\/az\\\/article\\\/semkirin-icra-bascisinin-ogluna-mexsus-sirket-menim-huquqlarimi-pozur\\\/#breadcrumb\",\"itemListElement\":[{\"@type\":\"ListItem\",\"position\":1,\"name\":\"Ana s\u0259hif\u0259\",\"item\":\"https:\\\/\\\/www.meydan.tv\\\/az\\\/\"},{\"@type\":\"ListItem\",\"position\":2,\"name\":\"B\u00f6lg\u0259\",\"item\":\"https:\\\/\\\/www.meydan.tv\\\/az\\\/section\\\/bolge\\\/\"},{\"@type\":\"ListItem\",\"position\":3,\"name\":\"\u201c\u015e\u0259mkirin icra ba\u015f\u00e7\u0131s\u0131n\u0131n o\u011fluna m\u0259xsus \u015firk\u0259t m\u0259nim h\u00fcquqlar\u0131m\u0131 pozur\u201d\"}]},{\"@type\":\"WebSite\",\"@id\":\"https:\\\/\\\/www.meydan.tv\\\/az\\\/#website\",\"url\":\"https:\\\/\\\/www.meydan.tv\\\/az\\\/\",\"name\":\"MEYDAN.TV\",\"description\":\"Meydan TV Az\u0259rbaycan\u0131n media m\u0259kan\u0131ndak\u0131 alternativ s\u0259sidir\",\"publisher\":{\"@id\":\"https:\\\/\\\/www.meydan.tv\\\/az\\\/#organization\"},\"potentialAction\":[{\"@type\":\"SearchAction\",\"target\":{\"@type\":\"EntryPoint\",\"urlTemplate\":\"https:\\\/\\\/www.meydan.tv\\\/az\\\/?s={search_term_string}\"},\"query-input\":{\"@type\":\"PropertyValueSpecification\",\"valueRequired\":true,\"valueName\":\"search_term_string\"}}],\"inLanguage\":\"az\"},{\"@type\":\"Organization\",\"@id\":\"https:\\\/\\\/www.meydan.tv\\\/az\\\/#organization\",\"name\":\"Meydan TV\",\"url\":\"https:\\\/\\\/www.meydan.tv\\\/az\\\/\",\"logo\":{\"@type\":\"ImageObject\",\"inLanguage\":\"az\",\"@id\":\"https:\\\/\\\/www.meydan.tv\\\/az\\\/#\\\/schema\\\/logo\\\/image\\\/\",\"url\":\"https:\\\/\\\/www.meydan.tv\\\/wp-content\\\/uploads\\\/2021\\\/07\\\/meydan-logo.svg\",\"contentUrl\":\"https:\\\/\\\/www.meydan.tv\\\/wp-content\\\/uploads\\\/2021\\\/07\\\/meydan-logo.svg\",\"width\":195,\"height\":46,\"caption\":\"Meydan TV\"},\"image\":{\"@id\":\"https:\\\/\\\/www.meydan.tv\\\/az\\\/#\\\/schema\\\/logo\\\/image\\\/\"}},{\"@type\":\"Person\",\"@id\":\"https:\\\/\\\/www.meydan.tv\\\/az\\\/#\\\/schema\\\/person\\\/10d11eccf6da3662cf5fdab9806ea91a\",\"name\":\"user-manager\"}]}<\/script>\n<!-- \/ Yoast SEO plugin. -->","yoast_head_json":{"title":"\u201c\u015e\u0259mkirin icra ba\u015f\u00e7\u0131s\u0131n\u0131n o\u011fluna m\u0259xsus \u015firk\u0259t m\u0259nim h\u00fcquqlar\u0131m\u0131 pozur\u201d - MEYDAN.TV","robots":{"index":"index","follow":"follow","max-snippet":"max-snippet:-1","max-image-preview":"max-image-preview:large","max-video-preview":"max-video-preview:-1"},"canonical":"https:\/\/www.meydan.tv\/az\/article\/semkirin-icra-bascisinin-ogluna-mexsus-sirket-menim-huquqlarimi-pozur\/","og_locale":"az_AZ","og_type":"article","og_title":"\u201c\u015e\u0259mkirin icra ba\u015f\u00e7\u0131s\u0131n\u0131n o\u011fluna m\u0259xsus \u015firk\u0259t m\u0259nim h\u00fcquqlar\u0131m\u0131 pozur\u201d - MEYDAN.TV","og_description":"\" \u201cAzfarel\u201d MMC \u00f6z\u00fc D\u00f6vl\u0259t \u018fm\u0259k M\u00fcf\u0259tti\u015fliyi Xidm\u0259tin\u0259 m\u00fcraci\u0259t etm\u0259li v\u0259 bu qurumun r\u0259smil\u0259ri g\u0259lib akt ba\u011flamal\u0131yd\u0131\".","og_url":"https:\/\/www.meydan.tv\/az\/article\/semkirin-icra-bascisinin-ogluna-mexsus-sirket-menim-huquqlarimi-pozur\/","og_site_name":"MEYDAN.TV","article_published_time":"2020-06-22T11:37:58+00:00","og_image":[{"width":870,"height":480,"url":"https:\/\/www.meydan.tv\/wp-content\/uploads\/105894096_577773876265460_1616029254087294448_n.jpg","type":"image\/jpeg"}],"author":"user-manager","twitter_card":"summary_large_image","schema":{"@context":"https:\/\/schema.org","@graph":[{"@type":"Article","@id":"https:\/\/www.meydan.tv\/az\/article\/semkirin-icra-bascisinin-ogluna-mexsus-sirket-menim-huquqlarimi-pozur\/#article","isPartOf":{"@id":"https:\/\/www.meydan.tv\/az\/article\/semkirin-icra-bascisinin-ogluna-mexsus-sirket-menim-huquqlarimi-pozur\/"},"author":{"name":"user-manager","@id":"https:\/\/www.meydan.tv\/az\/#\/schema\/person\/10d11eccf6da3662cf5fdab9806ea91a"},"headline":"\u201c\u015e\u0259mkirin icra ba\u015f\u00e7\u0131s\u0131n\u0131n o\u011fluna m\u0259xsus \u015firk\u0259t m\u0259nim h\u00fcquqlar\u0131m\u0131 pozur\u201d","datePublished":"2020-06-22T11:37:58+00:00","mainEntityOfPage":{"@id":"https:\/\/www.meydan.tv\/az\/article\/semkirin-icra-bascisinin-ogluna-mexsus-sirket-menim-huquqlarimi-pozur\/"},"wordCount":1393,"publisher":{"@id":"https:\/\/www.meydan.tv\/az\/#organization"},"image":{"@id":"https:\/\/www.meydan.tv\/az\/article\/semkirin-icra-bascisinin-ogluna-mexsus-sirket-menim-huquqlarimi-pozur\/#primaryimage"},"thumbnailUrl":"https:\/\/www.meydan.tv\/wp-content\/uploads\/105894096_577773876265460_1616029254087294448_n.jpg","articleSection":["B\u00f6lg\u0259"],"inLanguage":"az"},{"@type":"WebPage","@id":"https:\/\/www.meydan.tv\/az\/article\/semkirin-icra-bascisinin-ogluna-mexsus-sirket-menim-huquqlarimi-pozur\/","url":"https:\/\/www.meydan.tv\/az\/article\/semkirin-icra-bascisinin-ogluna-mexsus-sirket-menim-huquqlarimi-pozur\/","name":"\u201c\u015e\u0259mkirin icra ba\u015f\u00e7\u0131s\u0131n\u0131n o\u011fluna m\u0259xsus \u015firk\u0259t m\u0259nim h\u00fcquqlar\u0131m\u0131 pozur\u201d - MEYDAN.TV","isPartOf":{"@id":"https:\/\/www.meydan.tv\/az\/#website"},"primaryImageOfPage":{"@id":"https:\/\/www.meydan.tv\/az\/article\/semkirin-icra-bascisinin-ogluna-mexsus-sirket-menim-huquqlarimi-pozur\/#primaryimage"},"image":{"@id":"https:\/\/www.meydan.tv\/az\/article\/semkirin-icra-bascisinin-ogluna-mexsus-sirket-menim-huquqlarimi-pozur\/#primaryimage"},"thumbnailUrl":"https:\/\/www.meydan.tv\/wp-content\/uploads\/105894096_577773876265460_1616029254087294448_n.jpg","datePublished":"2020-06-22T11:37:58+00:00","breadcrumb":{"@id":"https:\/\/www.meydan.tv\/az\/article\/semkirin-icra-bascisinin-ogluna-mexsus-sirket-menim-huquqlarimi-pozur\/#breadcrumb"},"inLanguage":"az","potentialAction":[{"@type":"ReadAction","target":["https:\/\/www.meydan.tv\/az\/article\/semkirin-icra-bascisinin-ogluna-mexsus-sirket-menim-huquqlarimi-pozur\/"]}]},{"@type":"ImageObject","inLanguage":"az","@id":"https:\/\/www.meydan.tv\/az\/article\/semkirin-icra-bascisinin-ogluna-mexsus-sirket-menim-huquqlarimi-pozur\/#primaryimage","url":"https:\/\/www.meydan.tv\/wp-content\/uploads\/105894096_577773876265460_1616029254087294448_n.jpg","contentUrl":"https:\/\/www.meydan.tv\/wp-content\/uploads\/105894096_577773876265460_1616029254087294448_n.jpg","width":870,"height":480,"caption":"Source: Foto: sosial \u015f\u0259b\u0259k\u0259"},{"@type":"BreadcrumbList","@id":"https:\/\/www.meydan.tv\/az\/article\/semkirin-icra-bascisinin-ogluna-mexsus-sirket-menim-huquqlarimi-pozur\/#breadcrumb","itemListElement":[{"@type":"ListItem","position":1,"name":"Ana s\u0259hif\u0259","item":"https:\/\/www.meydan.tv\/az\/"},{"@type":"ListItem","position":2,"name":"B\u00f6lg\u0259","item":"https:\/\/www.meydan.tv\/az\/section\/bolge\/"},{"@type":"ListItem","position":3,"name":"\u201c\u015e\u0259mkirin icra ba\u015f\u00e7\u0131s\u0131n\u0131n o\u011fluna m\u0259xsus \u015firk\u0259t m\u0259nim h\u00fcquqlar\u0131m\u0131 pozur\u201d"}]},{"@type":"WebSite","@id":"https:\/\/www.meydan.tv\/az\/#website","url":"https:\/\/www.meydan.tv\/az\/","name":"MEYDAN.TV","description":"Meydan TV Az\u0259rbaycan\u0131n media m\u0259kan\u0131ndak\u0131 alternativ s\u0259sidir","publisher":{"@id":"https:\/\/www.meydan.tv\/az\/#organization"},"potentialAction":[{"@type":"SearchAction","target":{"@type":"EntryPoint","urlTemplate":"https:\/\/www.meydan.tv\/az\/?s={search_term_string}"},"query-input":{"@type":"PropertyValueSpecification","valueRequired":true,"valueName":"search_term_string"}}],"inLanguage":"az"},{"@type":"Organization","@id":"https:\/\/www.meydan.tv\/az\/#organization","name":"Meydan TV","url":"https:\/\/www.meydan.tv\/az\/","logo":{"@type":"ImageObject","inLanguage":"az","@id":"https:\/\/www.meydan.tv\/az\/#\/schema\/logo\/image\/","url":"https:\/\/www.meydan.tv\/wp-content\/uploads\/2021\/07\/meydan-logo.svg","contentUrl":"https:\/\/www.meydan.tv\/wp-content\/uploads\/2021\/07\/meydan-logo.svg","width":195,"height":46,"caption":"Meydan TV"},"image":{"@id":"https:\/\/www.meydan.tv\/az\/#\/schema\/logo\/image\/"}},{"@type":"Person","@id":"https:\/\/www.meydan.tv\/az\/#\/schema\/person\/10d11eccf6da3662cf5fdab9806ea91a","name":"user-manager"}]}},"_links":{"self":[{"href":"https:\/\/www.meydan.tv\/az\/wp-json\/wp\/v2\/posts\/201122","targetHints":{"allow":["GET"]}}],"collection":[{"href":"https:\/\/www.meydan.tv\/az\/wp-json\/wp\/v2\/posts"}],"about":[{"href":"https:\/\/www.meydan.tv\/az\/wp-json\/wp\/v2\/types\/post"}],"author":[{"embeddable":true,"href":"https:\/\/www.meydan.tv\/az\/wp-json\/wp\/v2\/users\/11"}],"replies":[{"embeddable":true,"href":"https:\/\/www.meydan.tv\/az\/wp-json\/wp\/v2\/comments?post=201122"}],"version-history":[{"count":0,"href":"https:\/\/www.meydan.tv\/az\/wp-json\/wp\/v2\/posts\/201122\/revisions"}],"wp:featuredmedia":[{"embeddable":true,"href":"https:\/\/www.meydan.tv\/az\/wp-json\/wp\/v2\/media\/143334"}],"wp:attachment":[{"href":"https:\/\/www.meydan.tv\/az\/wp-json\/wp\/v2\/media?parent=201122"}],"wp:term":[{"taxonomy":"category","embeddable":true,"href":"https:\/\/www.meydan.tv\/az\/wp-json\/wp\/v2\/categories?post=201122"},{"taxonomy":"post_tag","embeddable":true,"href":"https:\/\/www.meydan.tv\/az\/wp-json\/wp\/v2\/tags?post=201122"}],"curies":[{"name":"wp","href":"https:\/\/api.w.org\/{rel}","templated":true}]}}