{"id":201117,"date":"2020-06-22T10:15:24","date_gmt":"2020-06-22T10:15:24","guid":{"rendered":"https:\/\/www.meydan.tv\/article\/sumqayitlilar-bulvarin-zibilliye-cevrilmesinden-narahatdir\/"},"modified":"2020-06-22T10:15:24","modified_gmt":"2020-06-22T10:15:24","slug":"sumqayitlilar-bulvarin-zibilliye-cevrilmesinden-narahatdir","status":"publish","type":"post","link":"https:\/\/www.meydan.tv\/az\/article\/sumqayitlilar-bulvarin-zibilliye-cevrilmesinden-narahatdir\/","title":{"rendered":"Sumqay\u0131tl\u0131lar bulvar\u0131n zibilliy\u0259 \u00e7evrilm\u0259sind\u0259n narahatd\u0131r"},"content":{"rendered":"<p>\n  <i><br \/>\n    \u201cBuraya zibil adi v\u0259t\u0259nda\u015flar t\u0259r\u0259find\u0259n t\u00f6k\u00fclm\u00fcr, ma\u015f\u0131nlarla g\u0259tirilir\u201d<br \/>\n  <\/i>\n<\/p>\n<p>\n  Sumqay\u0131tl\u0131lar\u0131n \u015fikay\u0259ti var. Onlar yeni t\u0259mir edilmi\u015f \u201cSumqay\u0131t bulvar\u0131\u201dn\u0131n d\u0259niz\u0259 yax\u0131n hiss\u0259sinin zibilxanaya \u00e7evrildiyini s\u00f6yl\u0259yirl\u0259r.\n<\/p>\n<p>\n  Bu, h\u0259r g\u00fcn parka \u00e7\u0131xan sakinl\u0259ri narahat edir. Bildirirl\u0259r ki, x\u0259st\u0259liyin, virusun t\u00fc\u011fyan etdiyi bu d\u00f6vrd\u0259 park\u0131n d\u00fcz i\u00e7ind\u0259 bel\u0259 bir zibilxanan\u0131n olmas\u0131 t\u0259hl\u00fck\u0259lidir.\n<\/p>\n<p>\n  \u201cKarantindir, insanlar evd\u0259n \u00e7\u0131xa bilmirl\u0259r. \u00dcst\u0259lik, \u00e7oxunun \u0259s\u0259bi tar\u0131ma \u00e7\u0259kilib, stresl\u0259rini atmaq \u00fc\u00e7\u00fcn ax\u015fam\u00e7a\u011f\u0131 parka \u00e7\u0131x\u0131rlar. Onda da rastla\u015fd\u0131qlar\u0131 m\u0259nz\u0259r\u0259 budur. Camaat parka k\u00f6rp\u0259sini \u00e7\u0131xar\u0131r ki, t\u0259miz hava als\u0131n. Bel\u0259 bir m\u0259nz\u0259r\u0259d\u0259 n\u0259 t\u0259miz hava? \u00d6z\u00fc d\u0259 bizim mill\u0259ti bilirsiniz. Bir-iki zibil g\u00f6rd\u00fcl\u0259rmi, h\u0259min yeri zibillik poliqonuna \u00e7evirirl\u0259r. Bura da el\u0259. Get-ged\u0259 b\u00f6y\u00fcy\u00fcr. Aidiyyat\u0131 qurumlar buna t\u0259cili bir \u00e7ar\u0259 tapmal\u0131d\u0131rlar\u201d, &#8211; sakinl\u0259r deyir.\n<\/p>\n<p>\n  Sumqay\u0131t sakini Ramiz M\u0259mm\u0259dov \u0259lav\u0259 edir ki, d\u0259nizin k\u0259nar\u0131ndak\u0131 bu zibilxanada bulvar\u0131n uzad\u0131lmas\u0131 zaman\u0131 i\u015fl\u0259dil\u0259n tikinti materiallar\u0131n\u0131n qal\u0131qlar\u0131na, m\u00fcxt\u0259lif n\u00f6v tullant\u0131lara, bi\u00e7ilmi\u015f ot topalar\u0131na, da\u015f par\u00e7alar\u0131na, bir s\u00f6zl\u0259, h\u0259r c\u00fcr zibil n\u00f6v\u00fcn\u0259 rast g\u0259lm\u0259k olar:\n<\/p>\n<figure class=\"wp-block-image size-large\">\n  <img decoding=\"async\" src=\"https:\/\/www.meydan.tv\/az\/image_from_ios-9-jpg-31\/\" alt=\"image_from_ios (9).jpg\" class=\"wp-image-143327\"\/><figcaption>\n    &#8220;Camaat parka k\u00f6rp\u0259sini \u00e7\u0131xar\u0131r ki, t\u0259miz hava als\u0131n&#8221;<br \/>\n  <\/figcaption><\/figure>\n<p>\n  \u201cBuraya zibil adi v\u0259t\u0259nda\u015flar t\u0259r\u0259find\u0259n t\u00f6k\u00fclm\u00fcr, ma\u015f\u0131nlarla g\u0259tirilir. \u018frazid\u0259ki zibil y\u0131\u011f\u0131n\u0131 g\u00fcnd\u0259n-g\u00fcn\u0259 art\u0131r. T\u0259bii ki, b\u00fct\u00fcn bunlar \u0259traf m\u00fchit\u0259 ziyan vurur, ekologiyan\u0131 korlay\u0131r, antisanitariya \u015f\u0259raiti yarad\u0131r. \u00dcst\u0259lik, bu \u0259razid\u0259n kanalizasiya suyu birba\u015fa d\u0259niz\u0259 ax\u0131r. Bu c\u00fcr m\u0259nz\u0259r\u0259 bulvar\u0131n simas\u0131na da x\u0259l\u0259l g\u0259tirir\u201d.\n<\/p>\n<p>\n  Ramiz M\u0259mm\u0259dov deyir ki, Sumqay\u0131t \u015e\u0259h\u0259r \u0130cra Hakimiyy\u0259ti bulvar\u0131n yan\u0131ndak\u0131 bu aruzolunmaz v\u0259ziyy\u0259ti bils\u0259 d\u0259, he\u00e7 bir t\u0259dbir g\u00f6rm\u00fcr:\n<\/p>\n<p>\n  \u201cH\u0259m\u00e7inin aidiyyat\u0131 d\u00f6vl\u0259t qurumlar\u0131, \u0259l\u0259lx\u00fcsus Ekologiya v\u0259 T\u0259bii S\u0259rv\u0259tl\u0259r Nazirliyinin 4 sayl\u0131 Regional Ekologiya v\u0259 T\u0259bii S\u0259rv\u0259tl\u0259r \u0130dar\u0259si v\u0259 Sumqay\u0131t \u015f\u0259h\u0259r T\u0259mizlik Departamenti m\u0259s\u0259l\u0259 il\u0259 ba\u011fl\u0131 bir t\u0259dbir g\u00f6rs\u0259ydil\u0259r, pis olmazd\u0131. \u00c7\u00fcnki bu, \u0259n az\u0131ndan qanunsuzluqdur\u201d.\n<\/p>\n<figure class=\"wp-block-image size-large\">\n  <img decoding=\"async\" src=\"https:\/\/www.meydan.tv\/az\/image_from_ios-6-jpg-87\/\" alt=\"image_from_ios (6).jpg\" class=\"wp-image-143318\"\/><figcaption>\n    &#8220;Sumqay\u0131t \u015e\u0259h\u0259r \u0130cra Hakimiyy\u0259ti bulvar\u0131n yan\u0131ndak\u0131 bu aruzolunmaz v\u0259ziyy\u0259ti bils\u0259 d\u0259, he\u00e7 bir t\u0259dbir g\u00f6rm\u00fcr&#8221;<br \/>\n  <\/figcaption><\/figure>\n<p>\n  &quot;Bu zibilxana h\u0259r hans\u0131 k\u0259nar b\u00f6lg\u0259d\u0259, k\u0259ndd\u0259 d\u0259 deyil. \u00d6lk\u0259nin b\u00f6y\u00fck \u015f\u0259h\u0259rl\u0259rind\u0259n olan Sumqay\u0131tdad\u0131r. H\u0259m\u00e7inin X\u0259z\u0259r D\u0259nizini d\u0259 \u00e7irkl\u0259ndirir\u201d, &#8211; ba\u015fqa bir sakin \u0259lav\u0259 edir.\n<\/p>\n<p>\n  Sumqay\u0131t \u015e\u0259h\u0259r \u0130cra Hakimiyy\u0259tind\u0259n Meydan TV-y\u0259 bildiribl\u0259r ki, bulvar\u0131n\u0131n geni\u015fl\u0259ndirilmi\u015f hiss\u0259sin\u0259 yax\u0131n \u0259razid\u0259 haz\u0131rda tikinti i\u015fl\u0259ri davam etdirilir. \u018frazid\u0259 yeni infrastruktur yarad\u0131l\u0131r. D\u0259nizk\u0259nar\u0131 \u0259razid\u0259ki tullant\u0131lar, el\u0259c\u0259 d\u0259 d\u0259nizin \u00e7\u0259kilm\u0259si n\u0259tic\u0259sind\u0259 \u00fcz\u0259 \u00e7\u0131xan da\u015flar da m\u00fct\u0259madi olaraq d\u0259nizd\u0259n \u00e7\u0131xar\u0131l\u0131r v\u0259 sahild\u0259 toplanaraq da\u015f\u0131n\u0131r:\n<\/p>\n<p>\n  \u201cT\u0259mir-tikinti i\u015fl\u0259ri il\u0259 \u0259laq\u0259dar toplanm\u0131\u015f tullant\u0131lar\u0131n da\u015f\u0131nmas\u0131 h\u0259r g\u00fcn apar\u0131l\u0131r v\u0259 yax\u0131n g\u00fcnl\u0259rd\u0259 \u0259razinin t\u0259mizl\u0259nm\u0259si i\u015fl\u0259ri yekunla\u015facaq\u201d.\n<\/p>\n<figure class=\"wp-block-image size-large\">\n  <img decoding=\"async\" src=\"https:\/\/www.meydan.tv\/az\/image_from_ios-8-jpg-40\/\" alt=\"image_from_ios (8).jpg\" class=\"wp-image-143324\"\/><figcaption>\n    &#8220;H\u0259m\u00e7inin X\u0259z\u0259r D\u0259nizini d\u0259 \u00e7irkl\u0259ndirir\u201d<br \/>\n  <\/figcaption><\/figure>\n<figure class=\"wp-block-image size-large\">\n  <img decoding=\"async\" src=\"https:\/\/www.meydan.tv\/az\/image_from_ios-7-jpg-54\/\" alt=\"image_from_ios (7).jpg\" class=\"wp-image-143321\"\/><figcaption>\n    &#8220;Bu zibilxana h\u0259r hans\u0131 k\u0259nar b\u00f6lg\u0259d\u0259, k\u0259ndd\u0259 d\u0259 deyil&#8221;.<br \/>\n  <\/figcaption><\/figure>\n<figure class=\"wp-block-image size-large\">\n  <img decoding=\"async\" src=\"https:\/\/www.meydan.tv\/az\/image_from_ios-5-jpg-105\/\" alt=\"image_from_ios (5).jpg\" class=\"wp-image-143315\"\/><figcaption>\n    &#8220;Bu c\u00fcr m\u0259nz\u0259r\u0259 bulvar\u0131n simas\u0131na da x\u0259l\u0259l g\u0259tirir\u201d.<br \/>\n  <\/figcaption><\/figure>\n","protected":false},"excerpt":{"rendered":"<p>&#8220;Aidiyyat\u0131 qurumlar buna t\u0259cili bir \u00e7ar\u0259 tapmal\u0131d\u0131rlar\u201d<\/p>\n","protected":false},"author":11,"featured_media":143330,"comment_status":"closed","ping_status":"open","sticky":false,"template":"","format":"standard","meta":{"_acf_changed":false,"_sitemap_exclude":false,"_sitemap_priority":"","_sitemap_frequency":"","footnotes":""},"categories":[60],"tags":[],"class_list":["post-201117","post","type-post","status-publish","format-standard","has-post-thumbnail","hentry","category-bolge","infinite-scroll-item","generate-columns","tablet-grid-50","mobile-grid-100","grid-parent","grid-33","no-featured-image-padding"],"acf":[],"yoast_head":"<!-- This site is optimized with the Yoast SEO plugin v27.5 - https:\/\/yoast.com\/product\/yoast-seo-wordpress\/ -->\n<title>Sumqay\u0131tl\u0131lar bulvar\u0131n zibilliy\u0259 \u00e7evrilm\u0259sind\u0259n narahatd\u0131r - MEYDAN.TV<\/title>\n<meta name=\"robots\" content=\"index, follow, max-snippet:-1, max-image-preview:large, max-video-preview:-1\" \/>\n<link rel=\"canonical\" href=\"https:\/\/www.meydan.tv\/az\/article\/sumqayitlilar-bulvarin-zibilliye-cevrilmesinden-narahatdir\/\" \/>\n<meta property=\"og:locale\" content=\"az_AZ\" \/>\n<meta property=\"og:type\" content=\"article\" \/>\n<meta property=\"og:title\" content=\"Sumqay\u0131tl\u0131lar bulvar\u0131n zibilliy\u0259 \u00e7evrilm\u0259sind\u0259n narahatd\u0131r - MEYDAN.TV\" \/>\n<meta property=\"og:description\" content=\"&quot;Aidiyyat\u0131 qurumlar buna t\u0259cili bir \u00e7ar\u0259 tapmal\u0131d\u0131rlar\u201d\" \/>\n<meta property=\"og:url\" content=\"https:\/\/www.meydan.tv\/az\/article\/sumqayitlilar-bulvarin-zibilliye-cevrilmesinden-narahatdir\/\" \/>\n<meta property=\"og:site_name\" content=\"MEYDAN.TV\" \/>\n<meta property=\"article:published_time\" content=\"2020-06-22T10:15:24+00:00\" \/>\n<meta property=\"og:image\" content=\"https:\/\/www.meydan.tv\/wp-content\/uploads\/image_from_ios_11_parleh5.jpg\" \/>\n\t<meta property=\"og:image:width\" content=\"1280\" \/>\n\t<meta property=\"og:image:height\" content=\"720\" \/>\n\t<meta property=\"og:image:type\" content=\"image\/jpeg\" \/>\n<meta name=\"author\" content=\"user-manager\" \/>\n<meta name=\"twitter:card\" content=\"summary_large_image\" \/>\n<script type=\"application\/ld+json\" class=\"yoast-schema-graph\">{\"@context\":\"https:\\\/\\\/schema.org\",\"@graph\":[{\"@type\":\"Article\",\"@id\":\"https:\\\/\\\/www.meydan.tv\\\/az\\\/article\\\/sumqayitlilar-bulvarin-zibilliye-cevrilmesinden-narahatdir\\\/#article\",\"isPartOf\":{\"@id\":\"https:\\\/\\\/www.meydan.tv\\\/az\\\/article\\\/sumqayitlilar-bulvarin-zibilliye-cevrilmesinden-narahatdir\\\/\"},\"author\":{\"name\":\"user-manager\",\"@id\":\"https:\\\/\\\/www.meydan.tv\\\/az\\\/#\\\/schema\\\/person\\\/10d11eccf6da3662cf5fdab9806ea91a\"},\"headline\":\"Sumqay\u0131tl\u0131lar bulvar\u0131n zibilliy\u0259 \u00e7evrilm\u0259sind\u0259n narahatd\u0131r\",\"datePublished\":\"2020-06-22T10:15:24+00:00\",\"mainEntityOfPage\":{\"@id\":\"https:\\\/\\\/www.meydan.tv\\\/az\\\/article\\\/sumqayitlilar-bulvarin-zibilliye-cevrilmesinden-narahatdir\\\/\"},\"wordCount\":669,\"publisher\":{\"@id\":\"https:\\\/\\\/www.meydan.tv\\\/az\\\/#organization\"},\"image\":{\"@id\":\"https:\\\/\\\/www.meydan.tv\\\/az\\\/article\\\/sumqayitlilar-bulvarin-zibilliye-cevrilmesinden-narahatdir\\\/#primaryimage\"},\"thumbnailUrl\":\"https:\\\/\\\/www.meydan.tv\\\/wp-content\\\/uploads\\\/image_from_ios_11_parleh5.jpg\",\"articleSection\":[\"B\u00f6lg\u0259\"],\"inLanguage\":\"az\"},{\"@type\":\"WebPage\",\"@id\":\"https:\\\/\\\/www.meydan.tv\\\/az\\\/article\\\/sumqayitlilar-bulvarin-zibilliye-cevrilmesinden-narahatdir\\\/\",\"url\":\"https:\\\/\\\/www.meydan.tv\\\/az\\\/article\\\/sumqayitlilar-bulvarin-zibilliye-cevrilmesinden-narahatdir\\\/\",\"name\":\"Sumqay\u0131tl\u0131lar bulvar\u0131n zibilliy\u0259 \u00e7evrilm\u0259sind\u0259n narahatd\u0131r - MEYDAN.TV\",\"isPartOf\":{\"@id\":\"https:\\\/\\\/www.meydan.tv\\\/az\\\/#website\"},\"primaryImageOfPage\":{\"@id\":\"https:\\\/\\\/www.meydan.tv\\\/az\\\/article\\\/sumqayitlilar-bulvarin-zibilliye-cevrilmesinden-narahatdir\\\/#primaryimage\"},\"image\":{\"@id\":\"https:\\\/\\\/www.meydan.tv\\\/az\\\/article\\\/sumqayitlilar-bulvarin-zibilliye-cevrilmesinden-narahatdir\\\/#primaryimage\"},\"thumbnailUrl\":\"https:\\\/\\\/www.meydan.tv\\\/wp-content\\\/uploads\\\/image_from_ios_11_parleh5.jpg\",\"datePublished\":\"2020-06-22T10:15:24+00:00\",\"breadcrumb\":{\"@id\":\"https:\\\/\\\/www.meydan.tv\\\/az\\\/article\\\/sumqayitlilar-bulvarin-zibilliye-cevrilmesinden-narahatdir\\\/#breadcrumb\"},\"inLanguage\":\"az\",\"potentialAction\":[{\"@type\":\"ReadAction\",\"target\":[\"https:\\\/\\\/www.meydan.tv\\\/az\\\/article\\\/sumqayitlilar-bulvarin-zibilliye-cevrilmesinden-narahatdir\\\/\"]}]},{\"@type\":\"ImageObject\",\"inLanguage\":\"az\",\"@id\":\"https:\\\/\\\/www.meydan.tv\\\/az\\\/article\\\/sumqayitlilar-bulvarin-zibilliye-cevrilmesinden-narahatdir\\\/#primaryimage\",\"url\":\"https:\\\/\\\/www.meydan.tv\\\/wp-content\\\/uploads\\\/image_from_ios_11_parleh5.jpg\",\"contentUrl\":\"https:\\\/\\\/www.meydan.tv\\\/wp-content\\\/uploads\\\/image_from_ios_11_parleh5.jpg\",\"width\":1280,\"height\":720,\"caption\":\"Source: Specify Source\"},{\"@type\":\"BreadcrumbList\",\"@id\":\"https:\\\/\\\/www.meydan.tv\\\/az\\\/article\\\/sumqayitlilar-bulvarin-zibilliye-cevrilmesinden-narahatdir\\\/#breadcrumb\",\"itemListElement\":[{\"@type\":\"ListItem\",\"position\":1,\"name\":\"Ana s\u0259hif\u0259\",\"item\":\"https:\\\/\\\/www.meydan.tv\\\/az\\\/\"},{\"@type\":\"ListItem\",\"position\":2,\"name\":\"B\u00f6lg\u0259\",\"item\":\"https:\\\/\\\/www.meydan.tv\\\/az\\\/section\\\/bolge\\\/\"},{\"@type\":\"ListItem\",\"position\":3,\"name\":\"Sumqay\u0131tl\u0131lar bulvar\u0131n zibilliy\u0259 \u00e7evrilm\u0259sind\u0259n narahatd\u0131r\"}]},{\"@type\":\"WebSite\",\"@id\":\"https:\\\/\\\/www.meydan.tv\\\/az\\\/#website\",\"url\":\"https:\\\/\\\/www.meydan.tv\\\/az\\\/\",\"name\":\"MEYDAN.TV\",\"description\":\"Meydan TV Az\u0259rbaycan\u0131n media m\u0259kan\u0131ndak\u0131 alternativ s\u0259sidir\",\"publisher\":{\"@id\":\"https:\\\/\\\/www.meydan.tv\\\/az\\\/#organization\"},\"potentialAction\":[{\"@type\":\"SearchAction\",\"target\":{\"@type\":\"EntryPoint\",\"urlTemplate\":\"https:\\\/\\\/www.meydan.tv\\\/az\\\/?s={search_term_string}\"},\"query-input\":{\"@type\":\"PropertyValueSpecification\",\"valueRequired\":true,\"valueName\":\"search_term_string\"}}],\"inLanguage\":\"az\"},{\"@type\":\"Organization\",\"@id\":\"https:\\\/\\\/www.meydan.tv\\\/az\\\/#organization\",\"name\":\"Meydan TV\",\"url\":\"https:\\\/\\\/www.meydan.tv\\\/az\\\/\",\"logo\":{\"@type\":\"ImageObject\",\"inLanguage\":\"az\",\"@id\":\"https:\\\/\\\/www.meydan.tv\\\/az\\\/#\\\/schema\\\/logo\\\/image\\\/\",\"url\":\"https:\\\/\\\/www.meydan.tv\\\/wp-content\\\/uploads\\\/2021\\\/07\\\/meydan-logo.svg\",\"contentUrl\":\"https:\\\/\\\/www.meydan.tv\\\/wp-content\\\/uploads\\\/2021\\\/07\\\/meydan-logo.svg\",\"width\":195,\"height\":46,\"caption\":\"Meydan TV\"},\"image\":{\"@id\":\"https:\\\/\\\/www.meydan.tv\\\/az\\\/#\\\/schema\\\/logo\\\/image\\\/\"}},{\"@type\":\"Person\",\"@id\":\"https:\\\/\\\/www.meydan.tv\\\/az\\\/#\\\/schema\\\/person\\\/10d11eccf6da3662cf5fdab9806ea91a\",\"name\":\"user-manager\"}]}<\/script>\n<!-- \/ Yoast SEO plugin. -->","yoast_head_json":{"title":"Sumqay\u0131tl\u0131lar bulvar\u0131n zibilliy\u0259 \u00e7evrilm\u0259sind\u0259n narahatd\u0131r - MEYDAN.TV","robots":{"index":"index","follow":"follow","max-snippet":"max-snippet:-1","max-image-preview":"max-image-preview:large","max-video-preview":"max-video-preview:-1"},"canonical":"https:\/\/www.meydan.tv\/az\/article\/sumqayitlilar-bulvarin-zibilliye-cevrilmesinden-narahatdir\/","og_locale":"az_AZ","og_type":"article","og_title":"Sumqay\u0131tl\u0131lar bulvar\u0131n zibilliy\u0259 \u00e7evrilm\u0259sind\u0259n narahatd\u0131r - MEYDAN.TV","og_description":"\"Aidiyyat\u0131 qurumlar buna t\u0259cili bir \u00e7ar\u0259 tapmal\u0131d\u0131rlar\u201d","og_url":"https:\/\/www.meydan.tv\/az\/article\/sumqayitlilar-bulvarin-zibilliye-cevrilmesinden-narahatdir\/","og_site_name":"MEYDAN.TV","article_published_time":"2020-06-22T10:15:24+00:00","og_image":[{"width":1280,"height":720,"url":"https:\/\/www.meydan.tv\/wp-content\/uploads\/image_from_ios_11_parleh5.jpg","type":"image\/jpeg"}],"author":"user-manager","twitter_card":"summary_large_image","schema":{"@context":"https:\/\/schema.org","@graph":[{"@type":"Article","@id":"https:\/\/www.meydan.tv\/az\/article\/sumqayitlilar-bulvarin-zibilliye-cevrilmesinden-narahatdir\/#article","isPartOf":{"@id":"https:\/\/www.meydan.tv\/az\/article\/sumqayitlilar-bulvarin-zibilliye-cevrilmesinden-narahatdir\/"},"author":{"name":"user-manager","@id":"https:\/\/www.meydan.tv\/az\/#\/schema\/person\/10d11eccf6da3662cf5fdab9806ea91a"},"headline":"Sumqay\u0131tl\u0131lar bulvar\u0131n zibilliy\u0259 \u00e7evrilm\u0259sind\u0259n narahatd\u0131r","datePublished":"2020-06-22T10:15:24+00:00","mainEntityOfPage":{"@id":"https:\/\/www.meydan.tv\/az\/article\/sumqayitlilar-bulvarin-zibilliye-cevrilmesinden-narahatdir\/"},"wordCount":669,"publisher":{"@id":"https:\/\/www.meydan.tv\/az\/#organization"},"image":{"@id":"https:\/\/www.meydan.tv\/az\/article\/sumqayitlilar-bulvarin-zibilliye-cevrilmesinden-narahatdir\/#primaryimage"},"thumbnailUrl":"https:\/\/www.meydan.tv\/wp-content\/uploads\/image_from_ios_11_parleh5.jpg","articleSection":["B\u00f6lg\u0259"],"inLanguage":"az"},{"@type":"WebPage","@id":"https:\/\/www.meydan.tv\/az\/article\/sumqayitlilar-bulvarin-zibilliye-cevrilmesinden-narahatdir\/","url":"https:\/\/www.meydan.tv\/az\/article\/sumqayitlilar-bulvarin-zibilliye-cevrilmesinden-narahatdir\/","name":"Sumqay\u0131tl\u0131lar bulvar\u0131n zibilliy\u0259 \u00e7evrilm\u0259sind\u0259n narahatd\u0131r - MEYDAN.TV","isPartOf":{"@id":"https:\/\/www.meydan.tv\/az\/#website"},"primaryImageOfPage":{"@id":"https:\/\/www.meydan.tv\/az\/article\/sumqayitlilar-bulvarin-zibilliye-cevrilmesinden-narahatdir\/#primaryimage"},"image":{"@id":"https:\/\/www.meydan.tv\/az\/article\/sumqayitlilar-bulvarin-zibilliye-cevrilmesinden-narahatdir\/#primaryimage"},"thumbnailUrl":"https:\/\/www.meydan.tv\/wp-content\/uploads\/image_from_ios_11_parleh5.jpg","datePublished":"2020-06-22T10:15:24+00:00","breadcrumb":{"@id":"https:\/\/www.meydan.tv\/az\/article\/sumqayitlilar-bulvarin-zibilliye-cevrilmesinden-narahatdir\/#breadcrumb"},"inLanguage":"az","potentialAction":[{"@type":"ReadAction","target":["https:\/\/www.meydan.tv\/az\/article\/sumqayitlilar-bulvarin-zibilliye-cevrilmesinden-narahatdir\/"]}]},{"@type":"ImageObject","inLanguage":"az","@id":"https:\/\/www.meydan.tv\/az\/article\/sumqayitlilar-bulvarin-zibilliye-cevrilmesinden-narahatdir\/#primaryimage","url":"https:\/\/www.meydan.tv\/wp-content\/uploads\/image_from_ios_11_parleh5.jpg","contentUrl":"https:\/\/www.meydan.tv\/wp-content\/uploads\/image_from_ios_11_parleh5.jpg","width":1280,"height":720,"caption":"Source: Specify Source"},{"@type":"BreadcrumbList","@id":"https:\/\/www.meydan.tv\/az\/article\/sumqayitlilar-bulvarin-zibilliye-cevrilmesinden-narahatdir\/#breadcrumb","itemListElement":[{"@type":"ListItem","position":1,"name":"Ana s\u0259hif\u0259","item":"https:\/\/www.meydan.tv\/az\/"},{"@type":"ListItem","position":2,"name":"B\u00f6lg\u0259","item":"https:\/\/www.meydan.tv\/az\/section\/bolge\/"},{"@type":"ListItem","position":3,"name":"Sumqay\u0131tl\u0131lar bulvar\u0131n zibilliy\u0259 \u00e7evrilm\u0259sind\u0259n narahatd\u0131r"}]},{"@type":"WebSite","@id":"https:\/\/www.meydan.tv\/az\/#website","url":"https:\/\/www.meydan.tv\/az\/","name":"MEYDAN.TV","description":"Meydan TV Az\u0259rbaycan\u0131n media m\u0259kan\u0131ndak\u0131 alternativ s\u0259sidir","publisher":{"@id":"https:\/\/www.meydan.tv\/az\/#organization"},"potentialAction":[{"@type":"SearchAction","target":{"@type":"EntryPoint","urlTemplate":"https:\/\/www.meydan.tv\/az\/?s={search_term_string}"},"query-input":{"@type":"PropertyValueSpecification","valueRequired":true,"valueName":"search_term_string"}}],"inLanguage":"az"},{"@type":"Organization","@id":"https:\/\/www.meydan.tv\/az\/#organization","name":"Meydan TV","url":"https:\/\/www.meydan.tv\/az\/","logo":{"@type":"ImageObject","inLanguage":"az","@id":"https:\/\/www.meydan.tv\/az\/#\/schema\/logo\/image\/","url":"https:\/\/www.meydan.tv\/wp-content\/uploads\/2021\/07\/meydan-logo.svg","contentUrl":"https:\/\/www.meydan.tv\/wp-content\/uploads\/2021\/07\/meydan-logo.svg","width":195,"height":46,"caption":"Meydan TV"},"image":{"@id":"https:\/\/www.meydan.tv\/az\/#\/schema\/logo\/image\/"}},{"@type":"Person","@id":"https:\/\/www.meydan.tv\/az\/#\/schema\/person\/10d11eccf6da3662cf5fdab9806ea91a","name":"user-manager"}]}},"_links":{"self":[{"href":"https:\/\/www.meydan.tv\/az\/wp-json\/wp\/v2\/posts\/201117","targetHints":{"allow":["GET"]}}],"collection":[{"href":"https:\/\/www.meydan.tv\/az\/wp-json\/wp\/v2\/posts"}],"about":[{"href":"https:\/\/www.meydan.tv\/az\/wp-json\/wp\/v2\/types\/post"}],"author":[{"embeddable":true,"href":"https:\/\/www.meydan.tv\/az\/wp-json\/wp\/v2\/users\/11"}],"replies":[{"embeddable":true,"href":"https:\/\/www.meydan.tv\/az\/wp-json\/wp\/v2\/comments?post=201117"}],"version-history":[{"count":0,"href":"https:\/\/www.meydan.tv\/az\/wp-json\/wp\/v2\/posts\/201117\/revisions"}],"wp:featuredmedia":[{"embeddable":true,"href":"https:\/\/www.meydan.tv\/az\/wp-json\/wp\/v2\/media\/143330"}],"wp:attachment":[{"href":"https:\/\/www.meydan.tv\/az\/wp-json\/wp\/v2\/media?parent=201117"}],"wp:term":[{"taxonomy":"category","embeddable":true,"href":"https:\/\/www.meydan.tv\/az\/wp-json\/wp\/v2\/categories?post=201117"},{"taxonomy":"post_tag","embeddable":true,"href":"https:\/\/www.meydan.tv\/az\/wp-json\/wp\/v2\/tags?post=201117"}],"curies":[{"name":"wp","href":"https:\/\/api.w.org\/{rel}","templated":true}]}}