{"id":201114,"date":"2020-06-21T14:56:48","date_gmt":"2020-06-21T14:56:48","guid":{"rendered":"https:\/\/www.meydan.tv\/article\/allahin-da-dovletin-de-unutdugu-insanlariq\/"},"modified":"2020-06-21T14:56:48","modified_gmt":"2020-06-21T14:56:48","slug":"allahin-da-dovletin-de-unutdugu-insanlariq","status":"publish","type":"post","link":"https:\/\/www.meydan.tv\/az\/article\/allahin-da-dovletin-de-unutdugu-insanlariq\/","title":{"rendered":"\u201cAllah\u0131n da, d\u00f6vl\u0259tin d\u0259 unutdu\u011fu insanlar\u0131q\u201d"},"content":{"rendered":"<p>\n  <i><br \/>\n    K\u0259lb\u0259c\u0259rli k\u00f6\u00e7k\u00fcn: \u201c Bu boyda d\u00f6vl\u0259t iki \u00e7ar\u0259siz qad\u0131na k\u00f6m\u0259k ed\u0259 bilmir?\u201d<br \/>\n  <\/i>\n<\/p>\n<p>\n  Yevlaxda tikinti \u015firk\u0259ti materiallar\u0131 sat\u0131lan bazar\u0131n bir k\u0259nar\u0131nda ya\u015fayan K\u0259lb\u0259c\u0259r k\u00f6\u00e7k\u00fcnl\u0259rinin \u015fikay\u0259ti var. Onlar k\u00f6hn\u0259d\u0259n qalan bir binan\u0131n qal\u0131qlar\u0131 aras\u0131nda ya\u015famaqdan bezdikl\u0259rini s\u00f6yl\u0259yirl\u0259r. Deyirl\u0259r ki, bina \u00e7ox k\u00f6hn\u0259dir. O q\u0259d\u0259r k\u00f6hn\u0259dir ki, divarlar\u0131 ovulub-t\u00f6k\u00fcl\u00fcr. O q\u0259d\u0259r d\u0259lik-de\u015fiyi var ki, evl\u0259rinin i\u00e7in\u0259 ilan, qurba\u011fa, \u0259qr\u0259b, k\u0259rt\u0259nk\u0259l\u0259 girir. Gec\u0259l\u0259ri d\u0259 rahat yata bilmirl\u0259r.\n<\/p>\n<p>\n  &quot;K\u0259lb\u0259c\u0259rd\u0259 g\u00fcl kimi evimi-e\u015fiyimiz var idi. \u00c7\u0259tinlik n\u0259dir, bilm\u0259zdik. Torpa\u011f\u0131m\u0131z da, evimiz d\u0259 \u0259limizd\u0259n getdi. Qa\u00e7q\u0131n olduq, g\u0259ldik Yevlaxa. Birinci \u00e7ox b\u0259rbad bir qaraj\u0131n i\u00e7ind\u0259 m\u0259kunla\u015fd\u0131q. \u0130nan\u0131n, orada ham\u0131m\u0131z x\u0259st\u0259 d\u00fc\u015fd\u00fck. Sonra h\u0259min \u0259razid\u0259 m\u0259skunla\u015fanlara ev verib, k\u00f6\u00e7\u00fcrd\u00fcl\u0259r. Bizi n\u00f6vb\u0259ti m\u0259rh\u0259l\u0259l\u0259r\u0259 saxlad\u0131lar v\u0259 m\u00fcv\u0259qq\u0259ti bura g\u0259ldik. Bu g\u00fcn, sabah dey\u0259-dey\u0259 11 ildir ki, qalm\u0131\u015f\u0131q burada. S\u0259simizi e\u015fid\u0259n, baxan yoxdur&quot;.\n<\/p>\n<p>\n  Sakinl\u0259rd\u0259n \u015e\u00fccay\u0259t \u0130brahimovan\u0131n s\u00f6zl\u0259ridir. 62 ya\u015fl\u0131 qad\u0131n\u0131n g\u00f6zl\u0259ri d\u0259 yax\u015f\u0131 g\u00f6rm\u00fcr. Deyir, normal g\u0259liri d\u0259 yoxdur ki, he\u00e7 olmasa kiray\u0259 m\u0259nzil tutub, orada ya\u015fas\u0131n. Buradak\u0131 bir idar\u0259d\u0259 bac\u0131s\u0131 v\u0259 atas\u0131, dig\u0259rind\u0259 is\u0259 o ya\u015fay\u0131rm\u0131\u015f. \u00d6z\u00fc \u00e7ox vaxt Bak\u0131da olurmu\u015f. \u0130\u015fl\u0259yib, dolanmaq \u00fc\u00e7\u00fcn ail\u0259sin\u0259 pul g\u00f6nd\u0259rirmi\u015f:\n<\/p>\n<p>\n  &quot;Yumurta, \u00e7\u00f6r\u0259k sexl\u0259rind\u0259, restoranda, evl\u0259rd\u0259 xadim\u0259lik edirdim. \u018flim\u0259 ke\u00e7\u0259ni d\u0259 ev\u0259, atamgil\u0259 g\u00f6nd\u0259rirdim. Sonra el\u0259 oldu ki, atam x\u0259st\u0259lik tapd\u0131, \u00f6ld\u00fc. M\u0259nim d\u0259 g\u00f6zl\u0259rim tutuldu, qald\u0131m z\u0259lil. H\u0259m d\u0259 bu \u00e7\u00f6ll\u00fckd\u0259 bac\u0131m\u0131 da t\u0259k qoya bilm\u0259dim, qay\u0131d\u0131b g\u0259ldim. \u0130ndi 2 bac\u0131 ya\u015fay\u0131r\u0131q. Ayl\u0131q g\u0259lirimiz is\u0259 120 manatd\u0131r. \u0130kimiz d\u0259 ya\u015fl\u0131 adamlar\u0131q. \u00d6vlad, ail\u0259, imkanl\u0131 qohum-\u0259qr\u0259ba yox. O 120 manat da k\u00f6\u00e7k\u00fcnl\u0259r\u0259 veril\u0259n \u00e7\u00f6r\u0259kpuludur. D\u00f6vl\u0259t bu xarabaya say\u011fac da qoyub. Y\u0259ni &quot;pulu \u00f6d\u0259yin&quot;. Ancaq bizim hans\u0131 \u015f\u0259raitd\u0259 ya\u015fama\u011f\u0131m\u0131z onlar\u0131 maraqland\u0131rm\u0131r&quot;.\n<\/p>\n<figure class=\"wp-block-image size-large\">\n  <img decoding=\"async\" src=\"https:\/\/www.meydan.tv\/az\/image_from_ios-6-jpg-86\/\" alt=\"image_from_ios (6).jpg\" class=\"wp-image-143312\"\/><figcaption>\n    &#8220;O q\u0259d\u0259r d\u0259lik-de\u015fiyi var ki, evl\u0259rinin i\u00e7in\u0259 ilan, qurba\u011fa, \u0259qr\u0259b, k\u0259rt\u0259nk\u0259l\u0259 girir&#8221;<br \/>\n  <\/figcaption><\/figure>\n<p>\n  \u015e.\u0130brahimova deyir ki, h\u0259min o 120 manatla h\u0259m kommunal \u00f6d\u0259yirl\u0259r, h\u0259m d\u0259 \u0259rzaq al\u0131rlar:\n<\/p>\n<p>\n  &quot;O pul he\u00e7 n\u0259y\u0259 \u00e7atm\u0131r. M\u0259s\u0259l\u0259n, m\u0259n g\u00f6z\u00fcm\u0259 adi eyn\u0259k ala bilmir\u0259m. Bac\u0131m y\u0131x\u0131l\u0131b, qolunu z\u0259d\u0259l\u0259yib. Biz onu h\u0259kim\u0259 apara bilmirik. D\u0259rman laz\u0131m olur, almaq imkan\u0131mz yoxdur. T\u0259zyiq qalx\u0131r, limonlu \u00e7ay i\u00e7irik. Bu, ya\u015fay\u0131\u015f deyil. Bar\u0131 bizi normal evl\u0259 t\u0259min ets\u0259l\u0259r, bil\u0259rik ki, normal \u015f\u0259raitimiz var, \u00e7\u00f6ll\u00fckd\u0259, xarabal\u0131qda ya\u015fam\u0131r\u0131q&quot;.\n<\/p>\n<p>\n  Bac\u0131lardan 56 ya\u015fl\u0131 Sayat \u0130brahimova da \u015fikay\u0259t\u00e7idir. Deyir, burada ya\u015famaqdan iyr\u0259nir. Yayda evin i\u00e7ind\u0259n qurba\u011fan\u0131 \u00e7uvalla toplay\u0131r:\n<\/p>\n<p>\n  &quot;\u00d6ld\u00fcrm\u0259y\u0259 d\u0259 \u00fcr\u0259yimiz g\u0259lmir. At\u0131r\u0131q \u00e7\u00f6l\u0259. Sabah yen\u0259 eyni \u015fey olur, qay\u0131d\u0131b girirl\u0259r ev\u0259. Yerimiz-yurdumuz yoxdur. Qolum q\u0131r\u0131l\u0131b, m\u00fcalic\u0259 oluna da bilmir\u0259m. Allah\u0131n da, d\u00f6vl\u0259tin d\u0259 unutdu\u011fu insanlar\u0131q. B\u0259lk\u0259 d\u0259 bu \u00f6lk\u0259nin \u0259n sonuncu insanlar\u0131y\u0131q biz. Yoxsa, \u0259n az\u0131ndan s\u0259simizi e\u015fid\u0259rl\u0259r. H\u0259qiq\u0259t\u0259n, ba\u015fqa nec\u0259 deyim, bilmir\u0259m, olduqca ac\u0131nacaql\u0131 durumday\u0131q&quot;.\n<\/p>\n<p>\n  Sayat \u0130brahimova deyir ki, atas\u0131 \u00f6l\u0259nd\u0259 ehsan\u0131n\u0131 g\u00fccl\u0259 veribl\u0259r. Qohum-qon\u015fu k\u00f6m\u0259k edib. \u0130ndi onlar\u0131 q\u0131nay\u0131rlar ki, b\u0259lk\u0259 kiray\u0259 ev tutub, \u00e7\u0131xas\u0131n\u0131z.\n<\/p>\n<p>\n  &quot;Onu dey\u0259n g\u00f6rm\u00fcr bu \u015f\u0259raiti? D\u0259f\u0259l\u0259rl\u0259 aidiyyat\u0131 qurumlara m\u00fcraci\u0259t etmi\u015fik. Deyirl\u0259r, &quot;n\u00f6vb\u0259d\u0259siniz, g\u00f6zl\u0259yin&quot;. He\u00e7 olmasa o n\u00f6vb\u0259 \u00e7atanacan biz\u0259 bir kiray\u0259 m\u0259nzil versinl\u0259r. Y\u0259ni d\u00f6vl\u0259tin ayda \u00f6d\u0259y\u0259c\u0259k 200 manat\u0131 da yoxdur? Biz \u00f6l\u00fcr\u00fck ax\u0131. Ayl\u0131q 60 manatla biz nec\u0259 kiray\u0259y\u0259 \u00e7\u0131xaq? Hans\u0131 m\u0259mur bir aya 60 manatla dolana bil\u0259r? Bu, n\u0259 haqs\u0131zl\u0131qd\u0131r?&quot;\n<\/p>\n<figure class=\"wp-block-image size-large\">\n  <img decoding=\"async\" src=\"https:\/\/www.meydan.tv\/az\/image_from_ios-5-jpg-104\/\" alt=\"image_from_ios (5).jpg\" class=\"wp-image-143303\"\/><figcaption>\n    &#8220;O q\u0259d\u0259r k\u00f6hn\u0259dir ki, divarlar\u0131 ovulub-t\u00f6k\u00fcl\u00fcr&#8221;<br \/>\n  <\/figcaption><\/figure>\n<p>\n  Bac\u0131lar deyirl\u0259r ki, ya\u011f\u0131\u015f ya\u011fanda buralar\u0131 su bas\u0131r. B\u00fct\u00fcn evl\u0259rind\u0259ki \u0259\u015fyalar\u0131, yor\u011fanlar\u0131-d\u00f6\u015f\u0259kl\u0259ri suyun alt\u0131nda qal\u0131r:\n<\/p>\n<p>\n  &quot;Yor\u011fan\u0131m\u0131z, d\u00f6\u015f\u0259yimiz d\u0259 suyun i\u00e7ind\u0259 olur. H\u0259dd\u0259n art\u0131q a\u011f\u0131rd\u0131r \u015f\u0259raitd\u0259 ya\u015fay\u0131r\u0131q. Nolar, bizim d\u0259rdimiz\u0259 bir \u00e7ar\u0259 taps\u0131nlar. O boyda d\u00f6vl\u0259t iki \u00e7ar\u0259siz qad\u0131na k\u00f6m\u0259k ed\u0259 bilmir? Buna inanmaq ist\u0259mirik&quot;.\n<\/p>\n<p>\n  K\u0259lb\u0259c\u0259r Rayon \u0130cra Hakimiyy\u0259tind\u0259n bildiribl\u0259r ki, Yevlaxda, el\u0259c\u0259 d\u0259 Az\u0259rbaycan\u0131n dig\u0259r b\u00f6lg\u0259l\u0259rind\u0259 pis \u015f\u0259raitd\u0259 ya\u015fayan k\u0259lb\u0259c\u0259rlil\u0259rin siyah\u0131s\u0131 onlarda var. H\u0259min \u0259razil\u0259rd\u0259 ev tikil\u0259nd\u0259 n\u00f6vb\u0259li \u015f\u0259kild\u0259 m\u0259nzill\u0259 t\u0259min edilirl\u0259r:\n<\/p>\n<p>\n  &quot;\u018fvv\u0259l saylar\u0131 daha \u00e7ox idi. Yava\u015f-yava\u015f evl\u0259 t\u0259min edilib, k\u00f6\u00e7\u00fcr\u00fcld\u00fcl\u0259r. Ham\u0131 evl\u0259 t\u0259min edil\u0259c\u0259k. Sad\u0259c\u0259 bir az s\u0259brli olsunlar. Ham\u0131n\u0131n, x\u00fcsus\u0259n d\u0259 \u00e7ox pis \u015f\u0259raitd\u0259 ya\u015fayan insanlar\u0131n siyah\u0131s\u0131 bizd\u0259 var. H\u0259min \u0259trafda ev tikil\u0259nd\u0259 yerl\u0259\u015fdirilirl\u0259r. \u0130\u015f Qa\u00e7q\u0131n v\u0259 M\u0259cburi K\u00f6\u00e7k\u00fcnl\u0259rin \u0130\u015fl\u0259ri \u00dczr\u0259 D\u00f6vl\u0259t Komit\u0259sinin birba\u015fa n\u0259zar\u0259tind\u0259dir&quot;.\n<\/p>\n<p>\n  Qa\u00e7q\u0131n v\u0259 M\u0259cburi K\u00f6\u00e7k\u00fcnl\u0259rin \u0130\u015fl\u0259ri \u00dczr\u0259 D\u00f6vl\u0259t Komit\u0259sind\u0259n m\u0259s\u0259l\u0259y\u0259 m\u00fcnasib\u0259t \u00f6yr\u0259nm\u0259k m\u00fcmk\u00fcn olmay\u0131b. Z\u0259ngl\u0259r\u0259 v\u0259 g\u00f6nd\u0259ril\u0259n informasiya sor\u011fusuna cavab verm\u0259yibl\u0259r.\n<\/p>\n<p>\n  Komit\u0259nin ox\u015far \u015fikay\u0259tl\u0259r\u0259 cavab\u0131 eynidir. H\u0259r d\u0259f\u0259 bildirirl\u0259r ki, b\u00fct\u00fcn m\u0259cburi k\u00f6\u00e7k\u00fcnl\u0259r siyah\u0131ya al\u0131n\u0131b, ham\u0131 bir g\u00fcn evl\u0259 t\u0259min edil\u0259c\u0259k. Sad\u0259c\u0259 bu i\u015fl\u0259r m\u0259rh\u0259l\u0259li \u015f\u0259kild\u0259 h\u0259yata ke\u00e7irilir. N\u00f6vb\u0259 ham\u0131ya \u00e7atacaq.\n<\/p>\n<figure class=\"wp-block-image size-large\">\n  <img decoding=\"async\" src=\"https:\/\/www.meydan.tv\/az\/image_from_ios-7-jpg-53\/\" alt=\"image_from_ios (7).jpg\" class=\"wp-image-143309\"\/><figcaption>\n    &#8220;Yor\u011fan\u0131m\u0131z, d\u00f6\u015f\u0259yimiz d\u0259 suyun i\u00e7ind\u0259 olur&#8221;.<br \/>\n  <\/figcaption><\/figure>\n<p>\n  1990-c\u0131 ilin \u0259vv\u0259ll\u0259rind\u0259 Qaraba\u011fda Az\u0259rbaycan v\u0259 Erm\u0259nistan aras\u0131nda silahl\u0131 m\u00fcnaqi\u015f\u0259 y\u00fcz minl\u0259rl\u0259 insan\u0131 evind\u0259n k\u00f6\u00e7k\u00fcn sal\u0131b.\n<\/p>\n<p>\n  BMT-nin Miqrasiya Agentliyinin<br \/>\n  <a href=\"https:\/\/www.refworld.org\/country,,UNHCR,,AZE,,5b081e2f4,0.html\"><br \/>\n    m\u0259lumat\u0131<br \/>\n  <\/a><br \/>\n  na \u0259sas\u0259n, 1994-c\u00fc ild\u0259 at\u0259\u015fk\u0259s imzalanana q\u0259d\u0259r m\u00fcharib\u0259d\u0259 30000-d\u0259n \u00e7ox insan h\u0259yat\u0131n\u0131 itirib, 600 mind\u0259n \u00e7ox insan m\u0259cburi k\u00f6\u00e7k\u00fcn v\u0259 250 mind\u0259n \u00e7ox etnik az\u0259rbaycanl\u0131 is\u0259 qa\u00e7q\u0131n d\u00fc\u015f\u00fcb.\n<\/p>\n<p>\n  K\u00f6\u00e7k\u00fcn d\u00fc\u015fm\u00fc\u015f \u0259hali s\u0131\u011f\u0131nacaq kimi istifad\u0259 ed\u0259 bil\u0259c\u0259kl\u0259ri h\u0259r yerd\u0259 &#8211; m\u0259kt\u0259bl\u0259rd\u0259, x\u0259st\u0259xanalarda, u\u015faq ba\u011f\u00e7alar\u0131nda, kitabxanalarda, yol k\u0259narlar\u0131nda, ya da bu ail\u0259 kimi ki\u00e7ik daxmalarda m\u0259skunla\u015f\u0131blar. H\u0259tta ilk vaxtlarda \u00e7ad\u0131rlarda qalanlar da var idi. Bu s\u0131\u011f\u0131nacaqlar m\u00fcv\u0259qq\u0259ti say\u0131l\u0131rd\u0131, ancaq insanlar 25 ild\u0259n art\u0131qd\u0131r ki, bu yerl\u0259rd\u0259 ya\u015fay\u0131rlar. M\u00fcv\u0259qq\u0259ti s\u0131\u011f\u0131nd\u0131qlar\u0131 bu yerl\u0259r onlar\u0131n daimi ya\u015fay\u0131\u015f m\u0259sk\u0259nl\u0259rin\u0259 \u00e7evrilib.\n<\/p>\n<figure class=\"wp-block-image size-large\">\n  <img decoding=\"async\" src=\"https:\/\/www.meydan.tv\/az\/image_from_ios-3-jpg-114\/\" alt=\"image_from_ios (3).jpg\" class=\"wp-image-143306\"\/><figcaption>\n    S\u00fccay\u0259t \u0130brahimova<br \/>\n  <\/figcaption><\/figure>\n<figure class=\"wp-block-image size-large\">\n  <img decoding=\"async\" src=\"https:\/\/www.meydan.tv\/az\/image_from_ios-2-jpg-151\/\" alt=\"image_from_ios (2).jpg\" class=\"wp-image-143297\"\/><figcaption>\n    Sayat \u0130brahimova<br \/>\n  <\/figcaption><\/figure>\n","protected":false},"excerpt":{"rendered":"<p>&#8220;O boyda d\u00f6vl\u0259t iki \u00e7ar\u0259siz qad\u0131na k\u00f6m\u0259k ed\u0259 bilmir?&#8221;<\/p>\n","protected":false},"author":11,"featured_media":143300,"comment_status":"closed","ping_status":"open","sticky":false,"template":"","format":"standard","meta":{"_acf_changed":false,"_sitemap_exclude":false,"_sitemap_priority":"","_sitemap_frequency":"","footnotes":""},"categories":[60],"tags":[],"class_list":["post-201114","post","type-post","status-publish","format-standard","has-post-thumbnail","hentry","category-bolge","infinite-scroll-item","generate-columns","tablet-grid-50","mobile-grid-100","grid-parent","grid-33","no-featured-image-padding"],"acf":[],"yoast_head":"<!-- This site is optimized with the Yoast SEO plugin v27.5 - https:\/\/yoast.com\/product\/yoast-seo-wordpress\/ -->\n<title>\u201cAllah\u0131n da, d\u00f6vl\u0259tin d\u0259 unutdu\u011fu insanlar\u0131q\u201d - MEYDAN.TV<\/title>\n<meta name=\"robots\" content=\"index, follow, max-snippet:-1, max-image-preview:large, max-video-preview:-1\" \/>\n<link rel=\"canonical\" href=\"https:\/\/www.meydan.tv\/az\/article\/allahin-da-dovletin-de-unutdugu-insanlariq\/\" \/>\n<meta property=\"og:locale\" content=\"az_AZ\" \/>\n<meta property=\"og:type\" content=\"article\" \/>\n<meta property=\"og:title\" content=\"\u201cAllah\u0131n da, d\u00f6vl\u0259tin d\u0259 unutdu\u011fu insanlar\u0131q\u201d - MEYDAN.TV\" \/>\n<meta property=\"og:description\" content=\"&quot;O boyda d\u00f6vl\u0259t iki \u00e7ar\u0259siz qad\u0131na k\u00f6m\u0259k ed\u0259 bilmir?&quot;\" \/>\n<meta property=\"og:url\" content=\"https:\/\/www.meydan.tv\/az\/article\/allahin-da-dovletin-de-unutdugu-insanlariq\/\" \/>\n<meta property=\"og:site_name\" content=\"MEYDAN.TV\" \/>\n<meta property=\"article:published_time\" content=\"2020-06-21T14:56:48+00:00\" \/>\n<meta property=\"og:image\" content=\"https:\/\/www.meydan.tv\/wp-content\/uploads\/image_from_ios_4_ibgakyc-scaled.jpg\" \/>\n\t<meta property=\"og:image:width\" content=\"2560\" \/>\n\t<meta property=\"og:image:height\" content=\"1920\" \/>\n\t<meta property=\"og:image:type\" content=\"image\/jpeg\" \/>\n<meta name=\"author\" content=\"user-manager\" \/>\n<meta name=\"twitter:card\" content=\"summary_large_image\" \/>\n<script type=\"application\/ld+json\" class=\"yoast-schema-graph\">{\"@context\":\"https:\\\/\\\/schema.org\",\"@graph\":[{\"@type\":\"Article\",\"@id\":\"https:\\\/\\\/www.meydan.tv\\\/az\\\/article\\\/allahin-da-dovletin-de-unutdugu-insanlariq\\\/#article\",\"isPartOf\":{\"@id\":\"https:\\\/\\\/www.meydan.tv\\\/az\\\/article\\\/allahin-da-dovletin-de-unutdugu-insanlariq\\\/\"},\"author\":{\"name\":\"user-manager\",\"@id\":\"https:\\\/\\\/www.meydan.tv\\\/az\\\/#\\\/schema\\\/person\\\/10d11eccf6da3662cf5fdab9806ea91a\"},\"headline\":\"\u201cAllah\u0131n da, d\u00f6vl\u0259tin d\u0259 unutdu\u011fu insanlar\u0131q\u201d\",\"datePublished\":\"2020-06-21T14:56:48+00:00\",\"mainEntityOfPage\":{\"@id\":\"https:\\\/\\\/www.meydan.tv\\\/az\\\/article\\\/allahin-da-dovletin-de-unutdugu-insanlariq\\\/\"},\"wordCount\":1336,\"publisher\":{\"@id\":\"https:\\\/\\\/www.meydan.tv\\\/az\\\/#organization\"},\"image\":{\"@id\":\"https:\\\/\\\/www.meydan.tv\\\/az\\\/article\\\/allahin-da-dovletin-de-unutdugu-insanlariq\\\/#primaryimage\"},\"thumbnailUrl\":\"https:\\\/\\\/www.meydan.tv\\\/wp-content\\\/uploads\\\/image_from_ios_4_ibgakyc-scaled.jpg\",\"articleSection\":[\"B\u00f6lg\u0259\"],\"inLanguage\":\"az\"},{\"@type\":\"WebPage\",\"@id\":\"https:\\\/\\\/www.meydan.tv\\\/az\\\/article\\\/allahin-da-dovletin-de-unutdugu-insanlariq\\\/\",\"url\":\"https:\\\/\\\/www.meydan.tv\\\/az\\\/article\\\/allahin-da-dovletin-de-unutdugu-insanlariq\\\/\",\"name\":\"\u201cAllah\u0131n da, d\u00f6vl\u0259tin d\u0259 unutdu\u011fu insanlar\u0131q\u201d - MEYDAN.TV\",\"isPartOf\":{\"@id\":\"https:\\\/\\\/www.meydan.tv\\\/az\\\/#website\"},\"primaryImageOfPage\":{\"@id\":\"https:\\\/\\\/www.meydan.tv\\\/az\\\/article\\\/allahin-da-dovletin-de-unutdugu-insanlariq\\\/#primaryimage\"},\"image\":{\"@id\":\"https:\\\/\\\/www.meydan.tv\\\/az\\\/article\\\/allahin-da-dovletin-de-unutdugu-insanlariq\\\/#primaryimage\"},\"thumbnailUrl\":\"https:\\\/\\\/www.meydan.tv\\\/wp-content\\\/uploads\\\/image_from_ios_4_ibgakyc-scaled.jpg\",\"datePublished\":\"2020-06-21T14:56:48+00:00\",\"breadcrumb\":{\"@id\":\"https:\\\/\\\/www.meydan.tv\\\/az\\\/article\\\/allahin-da-dovletin-de-unutdugu-insanlariq\\\/#breadcrumb\"},\"inLanguage\":\"az\",\"potentialAction\":[{\"@type\":\"ReadAction\",\"target\":[\"https:\\\/\\\/www.meydan.tv\\\/az\\\/article\\\/allahin-da-dovletin-de-unutdugu-insanlariq\\\/\"]}]},{\"@type\":\"ImageObject\",\"inLanguage\":\"az\",\"@id\":\"https:\\\/\\\/www.meydan.tv\\\/az\\\/article\\\/allahin-da-dovletin-de-unutdugu-insanlariq\\\/#primaryimage\",\"url\":\"https:\\\/\\\/www.meydan.tv\\\/wp-content\\\/uploads\\\/image_from_ios_4_ibgakyc-scaled.jpg\",\"contentUrl\":\"https:\\\/\\\/www.meydan.tv\\\/wp-content\\\/uploads\\\/image_from_ios_4_ibgakyc-scaled.jpg\",\"width\":2560,\"height\":1920,\"caption\":\"Source: Specify Source\"},{\"@type\":\"BreadcrumbList\",\"@id\":\"https:\\\/\\\/www.meydan.tv\\\/az\\\/article\\\/allahin-da-dovletin-de-unutdugu-insanlariq\\\/#breadcrumb\",\"itemListElement\":[{\"@type\":\"ListItem\",\"position\":1,\"name\":\"Ana s\u0259hif\u0259\",\"item\":\"https:\\\/\\\/www.meydan.tv\\\/az\\\/\"},{\"@type\":\"ListItem\",\"position\":2,\"name\":\"B\u00f6lg\u0259\",\"item\":\"https:\\\/\\\/www.meydan.tv\\\/az\\\/section\\\/bolge\\\/\"},{\"@type\":\"ListItem\",\"position\":3,\"name\":\"\u201cAllah\u0131n da, d\u00f6vl\u0259tin d\u0259 unutdu\u011fu insanlar\u0131q\u201d\"}]},{\"@type\":\"WebSite\",\"@id\":\"https:\\\/\\\/www.meydan.tv\\\/az\\\/#website\",\"url\":\"https:\\\/\\\/www.meydan.tv\\\/az\\\/\",\"name\":\"MEYDAN.TV\",\"description\":\"Meydan TV Az\u0259rbaycan\u0131n media m\u0259kan\u0131ndak\u0131 alternativ s\u0259sidir\",\"publisher\":{\"@id\":\"https:\\\/\\\/www.meydan.tv\\\/az\\\/#organization\"},\"potentialAction\":[{\"@type\":\"SearchAction\",\"target\":{\"@type\":\"EntryPoint\",\"urlTemplate\":\"https:\\\/\\\/www.meydan.tv\\\/az\\\/?s={search_term_string}\"},\"query-input\":{\"@type\":\"PropertyValueSpecification\",\"valueRequired\":true,\"valueName\":\"search_term_string\"}}],\"inLanguage\":\"az\"},{\"@type\":\"Organization\",\"@id\":\"https:\\\/\\\/www.meydan.tv\\\/az\\\/#organization\",\"name\":\"Meydan TV\",\"url\":\"https:\\\/\\\/www.meydan.tv\\\/az\\\/\",\"logo\":{\"@type\":\"ImageObject\",\"inLanguage\":\"az\",\"@id\":\"https:\\\/\\\/www.meydan.tv\\\/az\\\/#\\\/schema\\\/logo\\\/image\\\/\",\"url\":\"https:\\\/\\\/www.meydan.tv\\\/wp-content\\\/uploads\\\/2021\\\/07\\\/meydan-logo.svg\",\"contentUrl\":\"https:\\\/\\\/www.meydan.tv\\\/wp-content\\\/uploads\\\/2021\\\/07\\\/meydan-logo.svg\",\"width\":195,\"height\":46,\"caption\":\"Meydan TV\"},\"image\":{\"@id\":\"https:\\\/\\\/www.meydan.tv\\\/az\\\/#\\\/schema\\\/logo\\\/image\\\/\"}},{\"@type\":\"Person\",\"@id\":\"https:\\\/\\\/www.meydan.tv\\\/az\\\/#\\\/schema\\\/person\\\/10d11eccf6da3662cf5fdab9806ea91a\",\"name\":\"user-manager\"}]}<\/script>\n<!-- \/ Yoast SEO plugin. -->","yoast_head_json":{"title":"\u201cAllah\u0131n da, d\u00f6vl\u0259tin d\u0259 unutdu\u011fu insanlar\u0131q\u201d - MEYDAN.TV","robots":{"index":"index","follow":"follow","max-snippet":"max-snippet:-1","max-image-preview":"max-image-preview:large","max-video-preview":"max-video-preview:-1"},"canonical":"https:\/\/www.meydan.tv\/az\/article\/allahin-da-dovletin-de-unutdugu-insanlariq\/","og_locale":"az_AZ","og_type":"article","og_title":"\u201cAllah\u0131n da, d\u00f6vl\u0259tin d\u0259 unutdu\u011fu insanlar\u0131q\u201d - MEYDAN.TV","og_description":"\"O boyda d\u00f6vl\u0259t iki \u00e7ar\u0259siz qad\u0131na k\u00f6m\u0259k ed\u0259 bilmir?\"","og_url":"https:\/\/www.meydan.tv\/az\/article\/allahin-da-dovletin-de-unutdugu-insanlariq\/","og_site_name":"MEYDAN.TV","article_published_time":"2020-06-21T14:56:48+00:00","og_image":[{"width":2560,"height":1920,"url":"https:\/\/www.meydan.tv\/wp-content\/uploads\/image_from_ios_4_ibgakyc-scaled.jpg","type":"image\/jpeg"}],"author":"user-manager","twitter_card":"summary_large_image","schema":{"@context":"https:\/\/schema.org","@graph":[{"@type":"Article","@id":"https:\/\/www.meydan.tv\/az\/article\/allahin-da-dovletin-de-unutdugu-insanlariq\/#article","isPartOf":{"@id":"https:\/\/www.meydan.tv\/az\/article\/allahin-da-dovletin-de-unutdugu-insanlariq\/"},"author":{"name":"user-manager","@id":"https:\/\/www.meydan.tv\/az\/#\/schema\/person\/10d11eccf6da3662cf5fdab9806ea91a"},"headline":"\u201cAllah\u0131n da, d\u00f6vl\u0259tin d\u0259 unutdu\u011fu insanlar\u0131q\u201d","datePublished":"2020-06-21T14:56:48+00:00","mainEntityOfPage":{"@id":"https:\/\/www.meydan.tv\/az\/article\/allahin-da-dovletin-de-unutdugu-insanlariq\/"},"wordCount":1336,"publisher":{"@id":"https:\/\/www.meydan.tv\/az\/#organization"},"image":{"@id":"https:\/\/www.meydan.tv\/az\/article\/allahin-da-dovletin-de-unutdugu-insanlariq\/#primaryimage"},"thumbnailUrl":"https:\/\/www.meydan.tv\/wp-content\/uploads\/image_from_ios_4_ibgakyc-scaled.jpg","articleSection":["B\u00f6lg\u0259"],"inLanguage":"az"},{"@type":"WebPage","@id":"https:\/\/www.meydan.tv\/az\/article\/allahin-da-dovletin-de-unutdugu-insanlariq\/","url":"https:\/\/www.meydan.tv\/az\/article\/allahin-da-dovletin-de-unutdugu-insanlariq\/","name":"\u201cAllah\u0131n da, d\u00f6vl\u0259tin d\u0259 unutdu\u011fu insanlar\u0131q\u201d - MEYDAN.TV","isPartOf":{"@id":"https:\/\/www.meydan.tv\/az\/#website"},"primaryImageOfPage":{"@id":"https:\/\/www.meydan.tv\/az\/article\/allahin-da-dovletin-de-unutdugu-insanlariq\/#primaryimage"},"image":{"@id":"https:\/\/www.meydan.tv\/az\/article\/allahin-da-dovletin-de-unutdugu-insanlariq\/#primaryimage"},"thumbnailUrl":"https:\/\/www.meydan.tv\/wp-content\/uploads\/image_from_ios_4_ibgakyc-scaled.jpg","datePublished":"2020-06-21T14:56:48+00:00","breadcrumb":{"@id":"https:\/\/www.meydan.tv\/az\/article\/allahin-da-dovletin-de-unutdugu-insanlariq\/#breadcrumb"},"inLanguage":"az","potentialAction":[{"@type":"ReadAction","target":["https:\/\/www.meydan.tv\/az\/article\/allahin-da-dovletin-de-unutdugu-insanlariq\/"]}]},{"@type":"ImageObject","inLanguage":"az","@id":"https:\/\/www.meydan.tv\/az\/article\/allahin-da-dovletin-de-unutdugu-insanlariq\/#primaryimage","url":"https:\/\/www.meydan.tv\/wp-content\/uploads\/image_from_ios_4_ibgakyc-scaled.jpg","contentUrl":"https:\/\/www.meydan.tv\/wp-content\/uploads\/image_from_ios_4_ibgakyc-scaled.jpg","width":2560,"height":1920,"caption":"Source: Specify Source"},{"@type":"BreadcrumbList","@id":"https:\/\/www.meydan.tv\/az\/article\/allahin-da-dovletin-de-unutdugu-insanlariq\/#breadcrumb","itemListElement":[{"@type":"ListItem","position":1,"name":"Ana s\u0259hif\u0259","item":"https:\/\/www.meydan.tv\/az\/"},{"@type":"ListItem","position":2,"name":"B\u00f6lg\u0259","item":"https:\/\/www.meydan.tv\/az\/section\/bolge\/"},{"@type":"ListItem","position":3,"name":"\u201cAllah\u0131n da, d\u00f6vl\u0259tin d\u0259 unutdu\u011fu insanlar\u0131q\u201d"}]},{"@type":"WebSite","@id":"https:\/\/www.meydan.tv\/az\/#website","url":"https:\/\/www.meydan.tv\/az\/","name":"MEYDAN.TV","description":"Meydan TV Az\u0259rbaycan\u0131n media m\u0259kan\u0131ndak\u0131 alternativ s\u0259sidir","publisher":{"@id":"https:\/\/www.meydan.tv\/az\/#organization"},"potentialAction":[{"@type":"SearchAction","target":{"@type":"EntryPoint","urlTemplate":"https:\/\/www.meydan.tv\/az\/?s={search_term_string}"},"query-input":{"@type":"PropertyValueSpecification","valueRequired":true,"valueName":"search_term_string"}}],"inLanguage":"az"},{"@type":"Organization","@id":"https:\/\/www.meydan.tv\/az\/#organization","name":"Meydan TV","url":"https:\/\/www.meydan.tv\/az\/","logo":{"@type":"ImageObject","inLanguage":"az","@id":"https:\/\/www.meydan.tv\/az\/#\/schema\/logo\/image\/","url":"https:\/\/www.meydan.tv\/wp-content\/uploads\/2021\/07\/meydan-logo.svg","contentUrl":"https:\/\/www.meydan.tv\/wp-content\/uploads\/2021\/07\/meydan-logo.svg","width":195,"height":46,"caption":"Meydan TV"},"image":{"@id":"https:\/\/www.meydan.tv\/az\/#\/schema\/logo\/image\/"}},{"@type":"Person","@id":"https:\/\/www.meydan.tv\/az\/#\/schema\/person\/10d11eccf6da3662cf5fdab9806ea91a","name":"user-manager"}]}},"_links":{"self":[{"href":"https:\/\/www.meydan.tv\/az\/wp-json\/wp\/v2\/posts\/201114","targetHints":{"allow":["GET"]}}],"collection":[{"href":"https:\/\/www.meydan.tv\/az\/wp-json\/wp\/v2\/posts"}],"about":[{"href":"https:\/\/www.meydan.tv\/az\/wp-json\/wp\/v2\/types\/post"}],"author":[{"embeddable":true,"href":"https:\/\/www.meydan.tv\/az\/wp-json\/wp\/v2\/users\/11"}],"replies":[{"embeddable":true,"href":"https:\/\/www.meydan.tv\/az\/wp-json\/wp\/v2\/comments?post=201114"}],"version-history":[{"count":0,"href":"https:\/\/www.meydan.tv\/az\/wp-json\/wp\/v2\/posts\/201114\/revisions"}],"wp:featuredmedia":[{"embeddable":true,"href":"https:\/\/www.meydan.tv\/az\/wp-json\/wp\/v2\/media\/143300"}],"wp:attachment":[{"href":"https:\/\/www.meydan.tv\/az\/wp-json\/wp\/v2\/media?parent=201114"}],"wp:term":[{"taxonomy":"category","embeddable":true,"href":"https:\/\/www.meydan.tv\/az\/wp-json\/wp\/v2\/categories?post=201114"},{"taxonomy":"post_tag","embeddable":true,"href":"https:\/\/www.meydan.tv\/az\/wp-json\/wp\/v2\/tags?post=201114"}],"curies":[{"name":"wp","href":"https:\/\/api.w.org\/{rel}","templated":true}]}}