{"id":201112,"date":"2020-06-21T11:09:27","date_gmt":"2020-06-21T11:09:27","guid":{"rendered":"https:\/\/www.meydan.tv\/article\/yanan-qadinin-hekayesi-hekim-qerar-verecek-ki-harasi-kesilsin-harasi-qalsin\/"},"modified":"2020-06-21T11:09:27","modified_gmt":"2020-06-21T11:09:27","slug":"yanan-qadinin-hekayesi-hekim-qerar-verecek-ki-harasi-kesilsin-harasi-qalsin","status":"publish","type":"post","link":"https:\/\/www.meydan.tv\/az\/article\/yanan-qadinin-hekayesi-hekim-qerar-verecek-ki-harasi-kesilsin-harasi-qalsin\/","title":{"rendered":"Yanan qad\u0131n\u0131n hekay\u0259si: H\u0259kim q\u0259rar ver\u0259c\u0259k ki, haras\u0131 k\u0259silsin, haras\u0131 qals\u0131n\u2026"},"content":{"rendered":"<p>\n  <i><br \/>\n    \u201cKi\u00e7ik q\u0131z\u0131 yanm\u0131\u015f anas\u0131na yax\u0131n getm\u0259y\u0259 qorxur\u201d<br \/>\n  <\/i>\n<\/p>\n<p>\n  \u0130ndi Ming\u0259\u00e7evird\u0259 anas\u0131n\u0131n yan\u0131nda ya\u015fayan 27 ya\u015fl\u0131 R\u00f6yal\u0259 Nuriyeva ke\u00e7\u0259n ilin dekabr\u0131nda A\u011fdam\u0131n Quzanl\u0131 q\u0259s\u0259b\u0259sind\u0259ki evind\u0259 a\u011f\u0131r yan\u0131q x\u0259sar\u0259tl\u0259ri al\u0131b. Anas\u0131 Z\u00fclfiyy\u0259 \u0130badova q\u0131z\u0131n\u0131 h\u0259yatda saxlamaq \u00fc\u00e7\u00fcn m\u00fcbariz\u0259 apar\u0131r.\n<\/p>\n<p>\n  <b><br \/>\n    \u201cAyaqlar\u0131n\u0131n \u0259tind\u0259n g\u00f6t\u00fcr\u00fcb qollar\u0131na yamay\u0131blar\u201d<br \/>\n  <\/b>\n<\/p>\n<p>\n  Yan\u011f\u0131n zaman\u0131 R\u00f6yal\u0259 Nuriyevan\u0131n \u00fc\u00e7 \u00f6vlad\u0131 &#8211; 8 ya\u015fl\u0131 o\u011flu, 6 ya\u015fl\u0131 b\u00f6y\u00fck q\u0131z\u0131, onda 1 ya\u015f\u0131 yenic\u0259 tamam olmu\u015f ki\u00e7ik q\u0131z\u0131 v\u0259 h\u0259yat yolda\u015f\u0131 da evd\u0259 olub. Amma t\u0259kc\u0259 qad\u0131n yan\u0131b. Ev\u0259 gec\u0259d\u0259n qaz dolubmu\u015f. R\u00f6yal\u0259 Nuriyeva i\u015f\u0131\u011f\u0131 yand\u0131ran kimi alova b\u00fcr\u00fcn\u00fcb. Od i\u00e7ind\u0259 \u00f6z\u00fcn\u00fc \u00e7\u00f6l\u0259 at\u0131b, sonradan \u0259rinin s\u0259sini e\u015fitdiyind\u0259n, u\u015faqlar\u0131n\u0131n da yand\u0131\u011f\u0131n\u0131 d\u00fc\u015f\u00fcn\u0259r\u0259k, geri qay\u0131d\u0131b. Bel\u0259c\u0259, daha b\u00f6y\u00fck x\u0259sar\u0259t al\u0131b. B\u00fct\u00fcn bunlar\u0131 anas\u0131 Z\u00fclfiyy\u0259 \u0130badova dan\u0131\u015f\u0131r. A\u011fz\u0131 yand\u0131\u011f\u0131na g\u00f6r\u0259 R\u00f6yal\u0259 Nuriyevan\u0131n \u00f6z\u00fc dan\u0131\u015fa bilmir, n\u0259s\u0259 dem\u0259k ist\u0259y\u0259nd\u0259 bir n\u00f6v p\u0131\u00e7\u0131lday\u0131r.\n<\/p>\n<p>\n  \u201c\u00c7ox pis g\u00fcnd\u0259di. Bak\u0131da 5 sayl\u0131 x\u0259st\u0259xanada yat\u0131rd\u0131. \u00c7\u00fcr\u00fcm\u0259 getdi, h\u0259r iki qolundan \u0259m\u0259liyyat ke\u00e7irdi. Ayaqlar\u0131n\u0131n \u0259tind\u0259n g\u00f6t\u00fcr\u00fcb qollar\u0131na yamay\u0131blar. O da siml\u0259 dayan\u0131r. A\u011fz\u0131 yan\u0131b, d\u0131rnaqlar\u0131 t\u00f6k\u00fcl\u00fcb. \u0130ndi-indi ba\u015f\u0131nda t\u00fck \u0259m\u0259l\u0259 g\u0259lir. Yax\u0131n g\u00fcnl\u0259rd\u0259 \u0259m\u0259liyyat olunacaq. H\u0259kim bir az g\u00f6zl\u0259yir ki, d\u0259qiq q\u0259rar versin: haras\u0131 k\u0259silsin, haras\u0131 qals\u0131n\u201d, &#8211; ana dan\u0131\u015f\u0131r.\n<\/p>\n<p>\n  <b><br \/>\n    \u201cAyaqyoluna qolundan tutub apar\u0131r\u0131q\u201d<br \/>\n  <\/b>\n<\/p>\n<p>\n  R\u00f6yal\u0259 Nuriyeva x\u0259st\u0259xanadan \u00e7\u0131xandan sonra birba\u015fa Ming\u0259\u00e7evir\u0259 &#8211; valideynl\u0259rinin yan\u0131na yollan\u0131b. \u00c7\u00fcnki Quzanl\u0131dak\u0131 ev yarars\u0131z v\u0259ziyy\u0259td\u0259dir.\n<\/p>\n<p>\n  \u201cBalalar\u0131 da m\u0259nim yan\u0131mdad\u0131r. \u00d6z\u00fcm d\u0259 \u015f\u0259k\u0259r x\u0259st\u0259siy\u0259m. G\u00fccl\u0259 bax\u0131ram. Q\u0131z\u0131m d\u00f6rd ay g\u0259z\u0259 bilm\u0259di. Yananda h\u0259kiml\u0259rin \u00fcmidi yox idi ki, onu K\u00fcrd\u0259mir\u0259 q\u0259d\u0259r \u00e7atd\u0131ra bil\u0259rik. D\u00f6rd ay onun alt\u0131na qab aparm\u0131\u015fam. El\u0259 indi d\u0259 ayaqyoluna qolundan tutub apar\u0131r\u0131q. X\u0259st\u0259xanada ne\u00e7\u0259 d\u0259f\u0259 atas\u0131 \u00e7imizdirib onu\u201d, &#8211; anan\u0131n k\u0259d\u0259rini anlamaq \u00e7\u0259tin deyil.\n<\/p>\n<p>\n  R\u00f6yal\u0259 xan\u0131m\u0131n h\u0259r \u0259lind\u0259 \u00fc\u00e7 barma\u011f\u0131 qatlanm\u0131r. Qalan barmaqlar\u0131 il\u0259 \u0259lind\u0259ki \u00e7ay st\u0259kan\u0131n\u0131 tutma\u011fa \u00e7al\u0131\u015f\u0131r. H\u0259m d\u0259 bax\u0131\u015flar\u0131ndan hiss etm\u0259k olur ki, nec\u0259 d\u00f6z\u00fclm\u0259z a\u011fr\u0131lar ke\u00e7irir.\n<\/p>\n<p>\n  Qad\u0131n\u0131n h\u0259yat yolda\u015f\u0131 f\u0259hl\u0259dir. H\u0259l\u0259 d\u0259 Quzanl\u0131da i\u015fl\u0259yir, \u00f6z atas\u0131n\u0131n yan\u0131nda qal\u0131r. Z\u00fclfiyy\u0259 \u0130badovan\u0131n dediyin\u0259 g\u00f6r\u0259, yanan ev\u0259 yerli icra strukturundan g\u0259lib iki p\u0259nc\u0259r\u0259, bir qap\u0131 qoyublar. Amma yen\u0259 d\u0259 orada ya\u015famaq m\u00fcmk\u00fcn deyil.\n<\/p>\n<figure class=\"wp-block-image size-large\">\n  <img decoding=\"async\" src=\"https:\/\/www.meydan.tv\/az\/untitled9__2_-png-4\/\" alt=\"untitled9__2_.png\" class=\"wp-image-143288\"\/><figcaption>\n    \u201cBu aylar \u0259rzind\u0259 ki\u00e7ik q\u0131z\u0131 bir d\u0259f\u0259 d\u0259 anas\u0131na yax\u0131n getm\u0259yib\u201d, &#8211; Z\u00fclfiyy\u0259 \u0130badova deyir.<br \/>\n  <\/figcaption><\/figure>\n<p>\n  <b><br \/>\n    \u201cAna, qorxma, sa\u011falacaqsan\u201d<br \/>\n  <\/b>\n<\/p>\n<p>\n  \u201cBu aylar \u0259rzind\u0259 ki\u00e7ik q\u0131z\u0131 bir d\u0259f\u0259 d\u0259 anas\u0131na yax\u0131n getm\u0259yib\u201d, &#8211; Z\u00fclfiyy\u0259 \u0130badova deyir. U\u015faq yan\u0131qlara g\u00f6r\u0259 anas\u0131n\u0131n sif\u0259tind\u0259n qorxur. Sanki s\u0259sini tan\u0131y\u0131r, \u201cYa\u011fmur, Ya\u011fmur\u201d ifad\u0259sin\u0259 boylan\u0131r, do\u011fmal\u0131q hiss edir, amma anaya yax\u0131nla\u015fmaqdan \u00e7\u0259kinir.\n<\/p>\n<p>\n  \u201cO\u011flu da bir h\u0259ft\u0259 anas\u0131ndan uzaq g\u0259zdi. N\u0259 q\u0259d\u0259r des\u0259k d\u0259, g\u0259lib yan\u0131nda oturmad\u0131. Amma birc\u0259 b\u00f6y\u00fck q\u0131z\u0131 anas\u0131na yax\u0131n getdi. Dedi ki, ana, qorxma, sa\u011falacaqsan\u201d, &#8211; u\u015faqlar\u0131n n\u0259n\u0259si k\u00f6vr\u0259lir.\n<\/p>\n<p>\n  Z\u00fclfiyy\u0259 xan\u0131m deyir ki, n\u0259v\u0259l\u0259rinin qay\u011f\u0131s\u0131na qalmaq ona \u00e7ox xo\u015fdur. Amma \u00e7ox s\u0131x\u0131nt\u0131 ya\u015fay\u0131rlar: \u201cSosial yard\u0131m vermirl\u0259r R\u00f6yal\u0259y\u0259. Balalar\u0131ma k\u00f6m\u0259k el\u0259m\u0259k laz\u0131md\u0131. N\u0259v\u0259l\u0259rimi u\u015faq evin\u0259 ver\u0259si deyil\u0259m ki&#8230;\u201d\n<\/p>\n<p>\n  <b><br \/>\n    \u201cKim\u0259 deyim d\u0259rdimi?\u201d<br \/>\n  <\/b>\n<\/p>\n<p>\n  Z\u00fclfiyy\u0259 \u0130badova dan\u0131\u015f\u0131r ki, ev\u0259 yaln\u0131z m\u0259cburi k\u00f6\u00e7k\u00fcnl\u0259r\u0259 \u00e7\u00f6r\u0259kpulu kimi veril\u0259n 60 manat g\u0259lir. H\u0259yat yolda\u015f\u0131 x\u0259st\u0259dir, he\u00e7 biri i\u015fl\u0259y\u0259 bilmir.\n<\/p>\n<p>\n  \u201cQazanan\u0131m yoxdur. M\u0259n birin\u0259 \u00e7\u00f6r\u0259k bi\u015firir\u0259m, birin\u0259 d\u00f6\u015f\u0259k s\u0131r\u0131y\u0131ram. Y\u00fck\u00fcm d\u0259 art\u0131b. X\u0259st\u0259 q\u0131z\u0131ma baxmal\u0131yam, m\u00fcalic\u0259 el\u0259tdirm\u0259liy\u0259m, onun u\u015faqlar\u0131n\u0131 saxlamal\u0131yam. Evl\u0259rd\u0259 yem\u0259k bi\u015firm\u0259k d\u0259 t\u0259klif el\u0259yirl\u0259r, amma bu boyda k\u00fclf\u0259ti qoyub, gedib o i\u015fi g\u00f6r\u0259 bilmir\u0259m\u201d.\n<\/p>\n<p>\n  Qar\u015f\u0131dan R\u00f6yal\u0259 xan\u0131m\u0131n n\u00f6vb\u0259ti \u0259m\u0259liyyat\u0131 g\u0259lir. Ana yen\u0259 pul d\u0259rdi \u00e7\u0259kir. Xat\u0131rlay\u0131r ki, q\u0131z\u0131 yananda do\u011fuldu\u011fu A\u011fdam\u0131n Saybal\u0131 k\u0259ndinin camaat\u0131 \u00e7ox k\u00f6m\u0259k etmi\u015fdi. Az qala ham\u0131 pul y\u0131\u011fm\u0131\u015fd\u0131:\n<\/p>\n<p>\n  \u201c10 min manatdan \u00e7ox x\u0259rc \u00e7\u0131xd\u0131. H\u0259yat yolda\u015f\u0131m hamam-tualeti t\u0259mir etm\u0259k \u00fc\u00e7\u00fcn kredit g\u00f6t\u00fcrm\u00fc\u015fd\u00fc, o da m\u00fcalic\u0259y\u0259 getdi. \u00d6z\u00fcm d\u0259 m\u00fcalic\u0259 olunmal\u0131yam, amma pul yoxdu. O vaxt d\u00f6vl\u0259t orqanlar\u0131ndan hans\u0131ndansa &#8211; icra hakimiyy\u0259ti idi, ya \u201cQa\u00e7q\u0131nkom\u201ddan idi, g\u0259tirib 1000 manat vermi\u015fdil\u0259r. Ham\u0131s\u0131n\u0131 \u00fcst-\u00fcst\u0259 qoyub, birinci \u0259m\u0259liyyata verdik. Kim\u0259 deyim d\u0259rdimi? Hesab kart\u0131 a\u00e7d\u0131rm\u0131\u015f\u0131q. He\u00e7 olmasa, u\u015fa\u011f\u0131n a\u011fz\u0131n\u0131-burnun\u0131 \u0259m\u0259liyyat el\u0259tdirim, camaat i\u00e7in\u0259 \u00e7\u0131xa bilsin. Bir h\u0259ft\u0259dir a\u00e7\u0131l\u0131b, c\u0259mi 170 manat y\u0131\u011f\u0131l\u0131b\u201d.\n<\/p>\n<p>\n  Anan\u0131n d\u0259rdi b\u00f6y\u00fckd\u00fcr. Dan\u0131\u015f\u0131r, a\u011flay\u0131r, yen\u0259 dan\u0131\u015f\u0131r. Deyir ki, onsuz n\u0259 q\u0259d\u0259r \u0259m\u0259liyyat edils\u0259 d\u0259, q\u0131z\u0131 he\u00e7 vaxt qay\u0131d\u0131b \u0259vv\u0259lki kimi olmayacaq. \u0130ndi onun R\u00f6yal\u0259si tamam ba\u015fqa adama \u00e7evrilib: \u201cG\u00f6st\u0259rim siz\u0259 \u0259vv\u0259lki \u015f\u0259kill\u0259rini?..\u201d\n<\/p>\n<figure class=\"wp-block-image size-large\">\n  <img decoding=\"async\" src=\"https:\/\/www.meydan.tv\/az\/image_from_ios-6-jpg-85\/\" alt=\"image_from_ios (6).jpg\" class=\"wp-image-143294\"\/><figcaption>\n    O vaxt d\u00f6vl\u0259t orqanlar\u0131ndan hans\u0131ndansa &#8211; icra hakimiyy\u0259ti idi, ya \u201cQa\u00e7q\u0131nkom\u201ddan idi, g\u0259tirib 1000 manat vermi\u015fdil\u0259r.<br \/>\n  <\/figcaption><\/figure>\n","protected":false},"excerpt":{"rendered":"<p>R\u00f6yal\u0259 xan\u0131m\u0131n h\u0259r \u0259lind\u0259 \u00fc\u00e7 barma\u011f\u0131 qatlanm\u0131r.<\/p>\n","protected":false},"author":11,"featured_media":143291,"comment_status":"closed","ping_status":"open","sticky":false,"template":"","format":"standard","meta":{"_acf_changed":false,"_sitemap_exclude":false,"_sitemap_priority":"","_sitemap_frequency":"","footnotes":""},"categories":[60],"tags":[],"class_list":["post-201112","post","type-post","status-publish","format-standard","has-post-thumbnail","hentry","category-bolge","infinite-scroll-item","generate-columns","tablet-grid-50","mobile-grid-100","grid-parent","grid-33","no-featured-image-padding"],"acf":[],"yoast_head":"<!-- This site is optimized with the Yoast SEO plugin v27.5 - https:\/\/yoast.com\/product\/yoast-seo-wordpress\/ -->\n<title>Yanan qad\u0131n\u0131n hekay\u0259si: H\u0259kim q\u0259rar ver\u0259c\u0259k ki, haras\u0131 k\u0259silsin, haras\u0131 qals\u0131n\u2026 - MEYDAN.TV<\/title>\n<meta name=\"robots\" content=\"index, follow, max-snippet:-1, max-image-preview:large, max-video-preview:-1\" \/>\n<link rel=\"canonical\" href=\"https:\/\/www.meydan.tv\/az\/article\/yanan-qadinin-hekayesi-hekim-qerar-verecek-ki-harasi-kesilsin-harasi-qalsin\/\" \/>\n<meta property=\"og:locale\" content=\"az_AZ\" \/>\n<meta property=\"og:type\" content=\"article\" \/>\n<meta property=\"og:title\" content=\"Yanan qad\u0131n\u0131n hekay\u0259si: H\u0259kim q\u0259rar ver\u0259c\u0259k ki, haras\u0131 k\u0259silsin, haras\u0131 qals\u0131n\u2026 - MEYDAN.TV\" \/>\n<meta property=\"og:description\" content=\"R\u00f6yal\u0259 xan\u0131m\u0131n h\u0259r \u0259lind\u0259 \u00fc\u00e7 barma\u011f\u0131 qatlanm\u0131r.\" \/>\n<meta property=\"og:url\" content=\"https:\/\/www.meydan.tv\/az\/article\/yanan-qadinin-hekayesi-hekim-qerar-verecek-ki-harasi-kesilsin-harasi-qalsin\/\" \/>\n<meta property=\"og:site_name\" content=\"MEYDAN.TV\" \/>\n<meta property=\"article:published_time\" content=\"2020-06-21T11:09:27+00:00\" \/>\n<meta property=\"og:image\" content=\"https:\/\/www.meydan.tv\/wp-content\/uploads\/untitled9_rtxwnql.png\" \/>\n\t<meta property=\"og:image:width\" content=\"1000\" \/>\n\t<meta property=\"og:image:height\" content=\"555\" \/>\n\t<meta property=\"og:image:type\" content=\"image\/png\" \/>\n<meta name=\"author\" content=\"user-manager\" \/>\n<meta name=\"twitter:card\" content=\"summary_large_image\" \/>\n<script type=\"application\/ld+json\" class=\"yoast-schema-graph\">{\"@context\":\"https:\\\/\\\/schema.org\",\"@graph\":[{\"@type\":\"Article\",\"@id\":\"https:\\\/\\\/www.meydan.tv\\\/az\\\/article\\\/yanan-qadinin-hekayesi-hekim-qerar-verecek-ki-harasi-kesilsin-harasi-qalsin\\\/#article\",\"isPartOf\":{\"@id\":\"https:\\\/\\\/www.meydan.tv\\\/az\\\/article\\\/yanan-qadinin-hekayesi-hekim-qerar-verecek-ki-harasi-kesilsin-harasi-qalsin\\\/\"},\"author\":{\"name\":\"user-manager\",\"@id\":\"https:\\\/\\\/www.meydan.tv\\\/az\\\/#\\\/schema\\\/person\\\/10d11eccf6da3662cf5fdab9806ea91a\"},\"headline\":\"Yanan qad\u0131n\u0131n hekay\u0259si: H\u0259kim q\u0259rar ver\u0259c\u0259k ki, haras\u0131 k\u0259silsin, haras\u0131 qals\u0131n\u2026\",\"datePublished\":\"2020-06-21T11:09:27+00:00\",\"mainEntityOfPage\":{\"@id\":\"https:\\\/\\\/www.meydan.tv\\\/az\\\/article\\\/yanan-qadinin-hekayesi-hekim-qerar-verecek-ki-harasi-kesilsin-harasi-qalsin\\\/\"},\"wordCount\":1101,\"publisher\":{\"@id\":\"https:\\\/\\\/www.meydan.tv\\\/az\\\/#organization\"},\"image\":{\"@id\":\"https:\\\/\\\/www.meydan.tv\\\/az\\\/article\\\/yanan-qadinin-hekayesi-hekim-qerar-verecek-ki-harasi-kesilsin-harasi-qalsin\\\/#primaryimage\"},\"thumbnailUrl\":\"https:\\\/\\\/www.meydan.tv\\\/wp-content\\\/uploads\\\/untitled9_rtxwnql.png\",\"articleSection\":[\"B\u00f6lg\u0259\"],\"inLanguage\":\"az\"},{\"@type\":\"WebPage\",\"@id\":\"https:\\\/\\\/www.meydan.tv\\\/az\\\/article\\\/yanan-qadinin-hekayesi-hekim-qerar-verecek-ki-harasi-kesilsin-harasi-qalsin\\\/\",\"url\":\"https:\\\/\\\/www.meydan.tv\\\/az\\\/article\\\/yanan-qadinin-hekayesi-hekim-qerar-verecek-ki-harasi-kesilsin-harasi-qalsin\\\/\",\"name\":\"Yanan qad\u0131n\u0131n hekay\u0259si: H\u0259kim q\u0259rar ver\u0259c\u0259k ki, haras\u0131 k\u0259silsin, haras\u0131 qals\u0131n\u2026 - MEYDAN.TV\",\"isPartOf\":{\"@id\":\"https:\\\/\\\/www.meydan.tv\\\/az\\\/#website\"},\"primaryImageOfPage\":{\"@id\":\"https:\\\/\\\/www.meydan.tv\\\/az\\\/article\\\/yanan-qadinin-hekayesi-hekim-qerar-verecek-ki-harasi-kesilsin-harasi-qalsin\\\/#primaryimage\"},\"image\":{\"@id\":\"https:\\\/\\\/www.meydan.tv\\\/az\\\/article\\\/yanan-qadinin-hekayesi-hekim-qerar-verecek-ki-harasi-kesilsin-harasi-qalsin\\\/#primaryimage\"},\"thumbnailUrl\":\"https:\\\/\\\/www.meydan.tv\\\/wp-content\\\/uploads\\\/untitled9_rtxwnql.png\",\"datePublished\":\"2020-06-21T11:09:27+00:00\",\"breadcrumb\":{\"@id\":\"https:\\\/\\\/www.meydan.tv\\\/az\\\/article\\\/yanan-qadinin-hekayesi-hekim-qerar-verecek-ki-harasi-kesilsin-harasi-qalsin\\\/#breadcrumb\"},\"inLanguage\":\"az\",\"potentialAction\":[{\"@type\":\"ReadAction\",\"target\":[\"https:\\\/\\\/www.meydan.tv\\\/az\\\/article\\\/yanan-qadinin-hekayesi-hekim-qerar-verecek-ki-harasi-kesilsin-harasi-qalsin\\\/\"]}]},{\"@type\":\"ImageObject\",\"inLanguage\":\"az\",\"@id\":\"https:\\\/\\\/www.meydan.tv\\\/az\\\/article\\\/yanan-qadinin-hekayesi-hekim-qerar-verecek-ki-harasi-kesilsin-harasi-qalsin\\\/#primaryimage\",\"url\":\"https:\\\/\\\/www.meydan.tv\\\/wp-content\\\/uploads\\\/untitled9_rtxwnql.png\",\"contentUrl\":\"https:\\\/\\\/www.meydan.tv\\\/wp-content\\\/uploads\\\/untitled9_rtxwnql.png\",\"width\":1000,\"height\":555,\"caption\":\"Source: Specify Source\"},{\"@type\":\"BreadcrumbList\",\"@id\":\"https:\\\/\\\/www.meydan.tv\\\/az\\\/article\\\/yanan-qadinin-hekayesi-hekim-qerar-verecek-ki-harasi-kesilsin-harasi-qalsin\\\/#breadcrumb\",\"itemListElement\":[{\"@type\":\"ListItem\",\"position\":1,\"name\":\"Ana s\u0259hif\u0259\",\"item\":\"https:\\\/\\\/www.meydan.tv\\\/az\\\/\"},{\"@type\":\"ListItem\",\"position\":2,\"name\":\"B\u00f6lg\u0259\",\"item\":\"https:\\\/\\\/www.meydan.tv\\\/az\\\/section\\\/bolge\\\/\"},{\"@type\":\"ListItem\",\"position\":3,\"name\":\"Yanan qad\u0131n\u0131n hekay\u0259si: H\u0259kim q\u0259rar ver\u0259c\u0259k ki, haras\u0131 k\u0259silsin, haras\u0131 qals\u0131n\u2026\"}]},{\"@type\":\"WebSite\",\"@id\":\"https:\\\/\\\/www.meydan.tv\\\/az\\\/#website\",\"url\":\"https:\\\/\\\/www.meydan.tv\\\/az\\\/\",\"name\":\"MEYDAN.TV\",\"description\":\"Meydan TV Az\u0259rbaycan\u0131n media m\u0259kan\u0131ndak\u0131 alternativ s\u0259sidir\",\"publisher\":{\"@id\":\"https:\\\/\\\/www.meydan.tv\\\/az\\\/#organization\"},\"potentialAction\":[{\"@type\":\"SearchAction\",\"target\":{\"@type\":\"EntryPoint\",\"urlTemplate\":\"https:\\\/\\\/www.meydan.tv\\\/az\\\/?s={search_term_string}\"},\"query-input\":{\"@type\":\"PropertyValueSpecification\",\"valueRequired\":true,\"valueName\":\"search_term_string\"}}],\"inLanguage\":\"az\"},{\"@type\":\"Organization\",\"@id\":\"https:\\\/\\\/www.meydan.tv\\\/az\\\/#organization\",\"name\":\"Meydan TV\",\"url\":\"https:\\\/\\\/www.meydan.tv\\\/az\\\/\",\"logo\":{\"@type\":\"ImageObject\",\"inLanguage\":\"az\",\"@id\":\"https:\\\/\\\/www.meydan.tv\\\/az\\\/#\\\/schema\\\/logo\\\/image\\\/\",\"url\":\"https:\\\/\\\/www.meydan.tv\\\/wp-content\\\/uploads\\\/2021\\\/07\\\/meydan-logo.svg\",\"contentUrl\":\"https:\\\/\\\/www.meydan.tv\\\/wp-content\\\/uploads\\\/2021\\\/07\\\/meydan-logo.svg\",\"width\":195,\"height\":46,\"caption\":\"Meydan TV\"},\"image\":{\"@id\":\"https:\\\/\\\/www.meydan.tv\\\/az\\\/#\\\/schema\\\/logo\\\/image\\\/\"}},{\"@type\":\"Person\",\"@id\":\"https:\\\/\\\/www.meydan.tv\\\/az\\\/#\\\/schema\\\/person\\\/10d11eccf6da3662cf5fdab9806ea91a\",\"name\":\"user-manager\"}]}<\/script>\n<!-- \/ Yoast SEO plugin. -->","yoast_head_json":{"title":"Yanan qad\u0131n\u0131n hekay\u0259si: H\u0259kim q\u0259rar ver\u0259c\u0259k ki, haras\u0131 k\u0259silsin, haras\u0131 qals\u0131n\u2026 - MEYDAN.TV","robots":{"index":"index","follow":"follow","max-snippet":"max-snippet:-1","max-image-preview":"max-image-preview:large","max-video-preview":"max-video-preview:-1"},"canonical":"https:\/\/www.meydan.tv\/az\/article\/yanan-qadinin-hekayesi-hekim-qerar-verecek-ki-harasi-kesilsin-harasi-qalsin\/","og_locale":"az_AZ","og_type":"article","og_title":"Yanan qad\u0131n\u0131n hekay\u0259si: H\u0259kim q\u0259rar ver\u0259c\u0259k ki, haras\u0131 k\u0259silsin, haras\u0131 qals\u0131n\u2026 - MEYDAN.TV","og_description":"R\u00f6yal\u0259 xan\u0131m\u0131n h\u0259r \u0259lind\u0259 \u00fc\u00e7 barma\u011f\u0131 qatlanm\u0131r.","og_url":"https:\/\/www.meydan.tv\/az\/article\/yanan-qadinin-hekayesi-hekim-qerar-verecek-ki-harasi-kesilsin-harasi-qalsin\/","og_site_name":"MEYDAN.TV","article_published_time":"2020-06-21T11:09:27+00:00","og_image":[{"width":1000,"height":555,"url":"https:\/\/www.meydan.tv\/wp-content\/uploads\/untitled9_rtxwnql.png","type":"image\/png"}],"author":"user-manager","twitter_card":"summary_large_image","schema":{"@context":"https:\/\/schema.org","@graph":[{"@type":"Article","@id":"https:\/\/www.meydan.tv\/az\/article\/yanan-qadinin-hekayesi-hekim-qerar-verecek-ki-harasi-kesilsin-harasi-qalsin\/#article","isPartOf":{"@id":"https:\/\/www.meydan.tv\/az\/article\/yanan-qadinin-hekayesi-hekim-qerar-verecek-ki-harasi-kesilsin-harasi-qalsin\/"},"author":{"name":"user-manager","@id":"https:\/\/www.meydan.tv\/az\/#\/schema\/person\/10d11eccf6da3662cf5fdab9806ea91a"},"headline":"Yanan qad\u0131n\u0131n hekay\u0259si: H\u0259kim q\u0259rar ver\u0259c\u0259k ki, haras\u0131 k\u0259silsin, haras\u0131 qals\u0131n\u2026","datePublished":"2020-06-21T11:09:27+00:00","mainEntityOfPage":{"@id":"https:\/\/www.meydan.tv\/az\/article\/yanan-qadinin-hekayesi-hekim-qerar-verecek-ki-harasi-kesilsin-harasi-qalsin\/"},"wordCount":1101,"publisher":{"@id":"https:\/\/www.meydan.tv\/az\/#organization"},"image":{"@id":"https:\/\/www.meydan.tv\/az\/article\/yanan-qadinin-hekayesi-hekim-qerar-verecek-ki-harasi-kesilsin-harasi-qalsin\/#primaryimage"},"thumbnailUrl":"https:\/\/www.meydan.tv\/wp-content\/uploads\/untitled9_rtxwnql.png","articleSection":["B\u00f6lg\u0259"],"inLanguage":"az"},{"@type":"WebPage","@id":"https:\/\/www.meydan.tv\/az\/article\/yanan-qadinin-hekayesi-hekim-qerar-verecek-ki-harasi-kesilsin-harasi-qalsin\/","url":"https:\/\/www.meydan.tv\/az\/article\/yanan-qadinin-hekayesi-hekim-qerar-verecek-ki-harasi-kesilsin-harasi-qalsin\/","name":"Yanan qad\u0131n\u0131n hekay\u0259si: H\u0259kim q\u0259rar ver\u0259c\u0259k ki, haras\u0131 k\u0259silsin, haras\u0131 qals\u0131n\u2026 - MEYDAN.TV","isPartOf":{"@id":"https:\/\/www.meydan.tv\/az\/#website"},"primaryImageOfPage":{"@id":"https:\/\/www.meydan.tv\/az\/article\/yanan-qadinin-hekayesi-hekim-qerar-verecek-ki-harasi-kesilsin-harasi-qalsin\/#primaryimage"},"image":{"@id":"https:\/\/www.meydan.tv\/az\/article\/yanan-qadinin-hekayesi-hekim-qerar-verecek-ki-harasi-kesilsin-harasi-qalsin\/#primaryimage"},"thumbnailUrl":"https:\/\/www.meydan.tv\/wp-content\/uploads\/untitled9_rtxwnql.png","datePublished":"2020-06-21T11:09:27+00:00","breadcrumb":{"@id":"https:\/\/www.meydan.tv\/az\/article\/yanan-qadinin-hekayesi-hekim-qerar-verecek-ki-harasi-kesilsin-harasi-qalsin\/#breadcrumb"},"inLanguage":"az","potentialAction":[{"@type":"ReadAction","target":["https:\/\/www.meydan.tv\/az\/article\/yanan-qadinin-hekayesi-hekim-qerar-verecek-ki-harasi-kesilsin-harasi-qalsin\/"]}]},{"@type":"ImageObject","inLanguage":"az","@id":"https:\/\/www.meydan.tv\/az\/article\/yanan-qadinin-hekayesi-hekim-qerar-verecek-ki-harasi-kesilsin-harasi-qalsin\/#primaryimage","url":"https:\/\/www.meydan.tv\/wp-content\/uploads\/untitled9_rtxwnql.png","contentUrl":"https:\/\/www.meydan.tv\/wp-content\/uploads\/untitled9_rtxwnql.png","width":1000,"height":555,"caption":"Source: Specify Source"},{"@type":"BreadcrumbList","@id":"https:\/\/www.meydan.tv\/az\/article\/yanan-qadinin-hekayesi-hekim-qerar-verecek-ki-harasi-kesilsin-harasi-qalsin\/#breadcrumb","itemListElement":[{"@type":"ListItem","position":1,"name":"Ana s\u0259hif\u0259","item":"https:\/\/www.meydan.tv\/az\/"},{"@type":"ListItem","position":2,"name":"B\u00f6lg\u0259","item":"https:\/\/www.meydan.tv\/az\/section\/bolge\/"},{"@type":"ListItem","position":3,"name":"Yanan qad\u0131n\u0131n hekay\u0259si: H\u0259kim q\u0259rar ver\u0259c\u0259k ki, haras\u0131 k\u0259silsin, haras\u0131 qals\u0131n\u2026"}]},{"@type":"WebSite","@id":"https:\/\/www.meydan.tv\/az\/#website","url":"https:\/\/www.meydan.tv\/az\/","name":"MEYDAN.TV","description":"Meydan TV Az\u0259rbaycan\u0131n media m\u0259kan\u0131ndak\u0131 alternativ s\u0259sidir","publisher":{"@id":"https:\/\/www.meydan.tv\/az\/#organization"},"potentialAction":[{"@type":"SearchAction","target":{"@type":"EntryPoint","urlTemplate":"https:\/\/www.meydan.tv\/az\/?s={search_term_string}"},"query-input":{"@type":"PropertyValueSpecification","valueRequired":true,"valueName":"search_term_string"}}],"inLanguage":"az"},{"@type":"Organization","@id":"https:\/\/www.meydan.tv\/az\/#organization","name":"Meydan TV","url":"https:\/\/www.meydan.tv\/az\/","logo":{"@type":"ImageObject","inLanguage":"az","@id":"https:\/\/www.meydan.tv\/az\/#\/schema\/logo\/image\/","url":"https:\/\/www.meydan.tv\/wp-content\/uploads\/2021\/07\/meydan-logo.svg","contentUrl":"https:\/\/www.meydan.tv\/wp-content\/uploads\/2021\/07\/meydan-logo.svg","width":195,"height":46,"caption":"Meydan TV"},"image":{"@id":"https:\/\/www.meydan.tv\/az\/#\/schema\/logo\/image\/"}},{"@type":"Person","@id":"https:\/\/www.meydan.tv\/az\/#\/schema\/person\/10d11eccf6da3662cf5fdab9806ea91a","name":"user-manager"}]}},"_links":{"self":[{"href":"https:\/\/www.meydan.tv\/az\/wp-json\/wp\/v2\/posts\/201112","targetHints":{"allow":["GET"]}}],"collection":[{"href":"https:\/\/www.meydan.tv\/az\/wp-json\/wp\/v2\/posts"}],"about":[{"href":"https:\/\/www.meydan.tv\/az\/wp-json\/wp\/v2\/types\/post"}],"author":[{"embeddable":true,"href":"https:\/\/www.meydan.tv\/az\/wp-json\/wp\/v2\/users\/11"}],"replies":[{"embeddable":true,"href":"https:\/\/www.meydan.tv\/az\/wp-json\/wp\/v2\/comments?post=201112"}],"version-history":[{"count":0,"href":"https:\/\/www.meydan.tv\/az\/wp-json\/wp\/v2\/posts\/201112\/revisions"}],"wp:featuredmedia":[{"embeddable":true,"href":"https:\/\/www.meydan.tv\/az\/wp-json\/wp\/v2\/media\/143291"}],"wp:attachment":[{"href":"https:\/\/www.meydan.tv\/az\/wp-json\/wp\/v2\/media?parent=201112"}],"wp:term":[{"taxonomy":"category","embeddable":true,"href":"https:\/\/www.meydan.tv\/az\/wp-json\/wp\/v2\/categories?post=201112"},{"taxonomy":"post_tag","embeddable":true,"href":"https:\/\/www.meydan.tv\/az\/wp-json\/wp\/v2\/tags?post=201112"}],"curies":[{"name":"wp","href":"https:\/\/api.w.org\/{rel}","templated":true}]}}