{"id":201096,"date":"2020-06-19T16:02:28","date_gmt":"2020-06-19T16:02:28","guid":{"rendered":"https:\/\/www.meydan.tv\/article\/hokumetin-omrunu-uzadan-mitinqler\/"},"modified":"2021-10-22T06:52:31","modified_gmt":"2021-10-22T06:52:31","slug":"hokumetin-omrunu-uzadan-mitinqler","status":"publish","type":"post","link":"https:\/\/www.meydan.tv\/az\/article\/hokumetin-omrunu-uzadan-mitinqler\/","title":{"rendered":"H\u00f6kum\u0259tin \u00f6mr\u00fcn\u00fc uzadan mitinql\u0259r"},"content":{"rendered":"<p>\n  \u018fg\u0259r bir g\u00fcn h\u0259qiq\u0259t bildiyim \u015feyi dem\u0259kd\u0259n \u00e7\u0259kins\u0259m, onda siyas\u0259tl\u0259 q\u0259tiyy\u0259n m\u0259\u015f\u011ful olmaram.\n<\/p>\n<p>\n  Milli \u015eura mitinql\u0259rin ke\u00e7irilm\u0259si il\u0259 ba\u011fl\u0131 m\u00fczakir\u0259l\u0259r\u0259 ba\u015flay\u0131b. \u018fslind\u0259 \u00e7ox ist\u0259y\u0259rdim o m\u00fczakir\u0259l\u0259rd\u0259 i\u015ftirak edib s\u0259sl\u0259ndiril\u0259n arqumentl\u0259ri e\u015fidim. Bunu harasa \u00fczv olmaq ist\u0259yim kimi qiym\u0259tl\u0259ndirm\u0259yin, \u00e7\u00fcnki bel\u0259 bir fikrim d\u0259 yoxdur. Milli \u015euran\u0131n m\u0259qs\u0259dini n\u0259z\u0259r\u0259 alsaq (Az\u0259rbaycandak\u0131 siyasi g\u00fccl\u0259rin birl\u0259\u015fdirilm\u0259si), onun t\u0259yinat\u0131n\u0131 bel\u0259 d\u00fczg\u00fcn hesab etmir\u0259m. Amma s\u00f6z\u00fcm bunda deyil.\n<\/p>\n<p>\n  B\u0259li, \u00f6lk\u0259d\u0259 mitinql\u0259rin t\u0259\u015fkil olunmas\u0131 g\u00f6z\u0259l hald\u0131r. Lakin bu mitinql\u0259rin t\u0259\u015fkili v\u0259ziyy\u0259tin d\u00fczg\u00fcn analizini t\u0259l\u0259b edir. Jurnalistl\u0259ri v\u0259 polisl\u0259ri k\u0259nara qoysaq, mitinqin \u0259sas\u0259n iki n\u00f6v i\u015ftirak\u00e7\u0131s\u0131 olur:\n<\/p>\n<ol>\n<li>\n    Mitinqin t\u0259\u015fkilat\u00e7\u0131s\u0131, 2. Mitinq\u0259 g\u0259l\u0259n xalq\u0131n n\u00fcmay\u0259nd\u0259l\u0259ri.\n  <\/li>\n<\/ol>\n<p>\n  Bu iki i\u015ftirak\u00e7\u0131n\u0131n mitinqin t\u0259\u015fkili il\u0259 ba\u011fl\u0131 m\u0259qs\u0259dl\u0259rind\u0259 \u00e7ox inc\u0259 bir f\u0259rq var. F\u0259rq ondan ibar\u0259tdir ki, mitinqin t\u0259\u015fkilat\u00e7\u0131s\u0131 olan Milli \u015eura h\u00f6kum\u0259t\u0259 y\u00fcr\u00fctd\u00fcy\u00fc s\u0259ri\u015ft\u0259siz siyas\u0259t\u0259 g\u00f6r\u0259 etiraz edir v\u0259 mitinq t\u0259\u015fkil etm\u0259kl\u0259 YAP h\u00f6kum\u0259tin\u0259 \u0259z\u0259l\u0259 n\u00fcmayi\u015f etdirir. Mitinq\u0259 g\u0259l\u0259nl\u0259r is\u0259 D\u018fY\u0130\u015e\u0130KL\u0130K \u00fc\u00e7\u00fcn g\u0259lirl\u0259r, \u0259z\u0259l\u0259 n\u00fcmayi\u015f etdirm\u0259k \u00fc\u00e7\u00fcn deyil. Mitinq\u0259 qo\u015fulanlar\u0131n say\u0131ndan as\u0131l\u0131 olmayaraq, h\u0259r k\u0259s qar\u015f\u0131s\u0131na \u00e7\u0131xan b\u00fct\u00fcn riskl\u0259ri yaln\u0131z d\u0259yi\u015fiklik \u00fcmidi il\u0259 d\u0259f etm\u0259y\u0259 \u00e7al\u0131\u015f\u0131r v\u0259 mitinq\u0259 qo\u015fulur. B\u0259s onda mitinqd\u0259 v\u0259 mitinqd\u0259n sonra n\u0259l\u0259r ba\u015f verir?\n<\/p>\n<p>\n  Bu \u00fcmid yerl\u0259 yeksan olur. Milli \u015eura az da olsa m\u0259qs\u0259din\u0259 \u00e7at\u0131r v\u0259 YAP h\u00f6kum\u0259tin\u0259 v\u0259 \u0259sas\u0259n d\u0259 \u0130lham \u018fliyev\u0259 g\u00fccl\u00fc \u0259z\u0259l\u0259 n\u00fcmayi\u015f etdir\u0259 bilir. Amma Milli \u015euran\u0131n itirdiyi onun qazanc\u0131ndan daha \u00e7oxdur. YAP h\u00f6kum\u0259ti represiyalar\u0131 daha da g\u00fccl\u0259ndirir v\u0259 iqtisadi sah\u0259d\u0259 d\u0259 u\u011fursuzluqlar davam edir. N\u0259tic\u0259d\u0259 \u0259n aktiv \u00fczvl\u0259r h\u0259bs edilir, onlar\u0131n i\u00e7ind\u0259n bir \u00e7oxu m\u0259n\u0259n s\u0131n\u0131r v\u0259 h\u00f6kum\u0259tin agentin\u0259 \u00e7evrilir. Bununla da mill\u0259tin inam\u0131 q\u0131r\u0131l\u0131r. Mitinq\u0259 b\u00fct\u00fcn riskl\u0259ri g\u00f6z\u0259 alaraq g\u0259l\u0259n insanlar &quot;dediz g\u0259ldik, b\u0259s sonra n\u0259 oldu?&quot; sual\u0131n\u0131 verm\u0259s\u0259 d\u0259, bunu d\u00fc\u015f\u00fcnm\u00fc\u015f olur.\n<\/p>\n<p>\n  Daha sonra Milli \u015euraya yax\u0131n olan m\u0259tbuat orqan\u0131 da bu mitinql\u0259ri \u0259sl q\u0259l\u0259b\u0259 kimi g\u00f6st\u0259rir v\u0259 mitinq\u0259 qo\u015fulmayan insanlarda v\u0259ziyy\u0259tin d\u00fcz\u0259lm\u0259si il\u0259 ba\u011fl\u0131 g\u00f6zl\u0259ntil\u0259ri qald\u0131r\u0131r. Y\u0259ni \u0259g\u0259r mitinq\u0259 10.000 insan\u0131n qo\u015fulmas\u0131 q\u0259l\u0259b\u0259dirs\u0259, onda h\u00f6kum\u0259t qorxub geri \u00e7\u0259kilm\u0259lidir. Amma h\u00f6kum\u0259t geri \u00e7\u0259kilmir v\u0259 \u00e7\u0259kilm\u0259y\u0259c\u0259k d\u0259. \u00c7\u00fcnki diktatorlar g\u00fcz\u0259\u015ft\u0259 getm\u0259yi sevmirl\u0259r v\u0259 bunu bacarm\u0131rlar. Ona g\u00f6r\u0259 b\u00fct\u00fcn diktatorlar\u0131n sonu vaxts\u0131z \u00f6l\u00fcm olur. Bel\u0259 olan halda mitinq\u0259 qorxduqlar\u0131ndan qo\u015fulmayan insanlarda d\u0259yi\u015fikliy\u0259 qar\u015f\u0131 inams\u0131zl\u0131q yaran\u0131r. Y\u0259ni biz qa\u015f d\u00fcz\u0259ltm\u0259k \u0259v\u0259zin\u0259 g\u00f6z\u00fcm\u00fcz\u00fc \u00e7\u0131xard\u0131r\u0131q. H\u0259l\u0259 h\u00f6kum\u0259tin n\u0259zar\u0259t etdiyi kanallarda apar\u0131lan anti-mitinq t\u0259bli\u011fat\u0131n\u0131 n\u0259z\u0259r\u0259 alm\u0131ram.\n<\/p>\n<p>\n  Bug\u00fcn\u0259 q\u0259d\u0259r Milli \u015euran\u0131n v\u0259 ya AXCP-nin t\u0259\u015fkil etdiyi onlarla mitinql\u0259r olub. H\u0259r mitinqd\u0259n sonra ara\u015fd\u0131rmalar apar\u0131lmal\u0131 idi ki, insanlar niy\u0259 qo\u015fulmur. Bu probleml\u0259rin siyah\u0131s\u0131 al\u0131nmal\u0131 v\u0259 bunlara qar\u015f\u0131 m\u00fcbariz\u0259 t\u0259\u015fkil olunmal\u0131 idi. Bu g\u00fcn Az\u0259rbaycanda \u0259sas problem diktator rejimi deyil, xalqd\u0131r. Jurnalistin &quot;Sevgilil\u0259r g\u00fcn\u00fcnd\u0259 sevgilil\u0259r\u0259 arzunuz n\u0259dir&quot; sual\u0131na bir a\u011fsaqqal &quot;Allah prezident\u0259 cansa\u011fl\u0131\u011f\u0131 versin&quot; dey\u0259 cavab verir. Budur problem v\u0259 bu c\u00fcr d\u00fc\u015f\u00fcn\u0259nl\u0259r t\u0259\u0259ss\u00fcfl\u0259r olsun ki, az deyil. Bel\u0259 d\u00fc\u015f\u00fcnm\u0259y\u0259n insanlarda da t\u0259bii olaraq qorxu problemi var. Az\u0259rbaycanda \u0259halinin \u0259ks\u0259riyy\u0259ti h\u0259l\u0259 d\u0259 evind\u0259ki k\u00f6rp\u0259sinin ac olmas\u0131n\u0131n s\u0259b\u0259bini \u0130lham \u018fliyevd\u0259 ya g\u00f6rm\u00fcr, ya da qorxudan g\u00f6rm\u0259k ist\u0259mir. \u018fslind\u0259 Milli \u015euran\u0131n i\u015fi d\u0259 bu probleml\u0259rin h\u0259llin\u0259, d\u00fczg\u00fcn tan\u0131t\u0131m i\u015fl\u0259rinin apar\u0131lmas\u0131na, insanlar\u0131 mitinq\u0259 bir ne\u00e7\u0259 il (he\u00e7 olmasa ay) qalm\u0131\u015f psixoloji olaraq d\u0259yi\u015fikliy\u0259 haz\u0131rlamaq olmal\u0131d\u0131r. Muxalif\u0259tin i\u015fi bu c\u00fcr qurulur.\n<\/p>\n<p>\n  Bunun \u00fc\u00e7\u00fcn Milli \u015euran\u0131n v\u0259 AXCP-nin kifay\u0259t q\u0259d\u0259r resurslar\u0131 var. Bu resurslar s\u0131ras\u0131na AXCP-nin f\u0259dakar v\u0259 qorxmaz \u00fczvl\u0259ri v\u0259 malik olduqlar\u0131 median\u0131 g\u00f6st\u0259rm\u0259k olar. T\u0259\u0259ss\u00fcfl\u0259r olsun ki, he\u00e7 bir resurslardan n\u0259 d\u00fczg\u00fcn istifad\u0259 edilir, n\u0259 d\u0259 d\u00fczg\u00fcn istifad\u0259 ed\u0259 bil\u0259nl\u0259r yax\u0131na burax\u0131l\u0131r. He\u00e7 partiya r\u0259hb\u0259rl\u0259ri bel\u0259 \u00e7\u0131x\u0131\u015flar\u0131n\u0131 haz\u0131rlay\u0259rk\u0259n bu probleml\u0259ri n\u0259z\u0259r\u0259 alm\u0131rlar. \u00c7\u00fcnki onlar\u0131n \u00f6zl\u0259ri d\u0259 inan\u0131r ki, \u00f6lk\u0259d\u0259 d\u0259yi\u015fiklik ya iqtisadi b\u00f6hranla olacaq, ya da Rusiyadak\u0131 hakimiyy\u0259tin d\u0259yi\u015fm\u0259si il\u0259. H\u0259tta onlar\u0131n i\u00e7ind\u0259 b\u0259zil\u0259ri d\u00fc\u015f\u00fcn\u00fcr ki, xalq \u00f6z\u00fc \u00f6z\u00fcn\u0259 t\u0259\u015fkilatlanmal\u0131d\u0131r. Bel\u0259 yana\u015fmalar\u0131n \u0259ziyy\u0259tini xalq \u00e7\u0259kir.\n<\/p>\n<p>\n  Rejim\u0259 qar\u015f\u0131 u\u011furlu m\u00fcbariz\u0259 rayonlardan (k\u0259ndl\u0259rd\u0259n) ba\u015flamal\u0131d\u0131r. H\u0259d\u0259f d\u0259 prezident yox, he\u00e7 bir risk t\u0259l\u0259b etm\u0259y\u0259n k\u0259nd n\u00fcmay\u0259nd\u0259si (k\u0259nd soveti) olmal\u0131d\u0131r. Sistemin bu \u0259n z\u0259if halqas\u0131 s\u0131radan \u00e7\u0131xandan sonra daha g\u00fccl\u00fc halqaya, icra ba\u015f\u00e7\u0131lar\u0131na ke\u00e7m\u0259k laz\u0131md\u0131r. H\u0259r d\u0259f\u0259 q\u0259l\u0259b\u0259 \u0259ld\u0259 ed\u0259n xalq\u0131n n\u00fcmay\u0259nd\u0259l\u0259ri q\u0259l\u0259b\u0259y\u0259 do\u011fru daha inaml\u0131 olacaq v\u0259 proses\u0259 qo\u015fulanlar\u0131n say\u0131 artacaq. M\u0259tbuat v\u0259 \u201cFacebook\u201ddak\u0131 informasiya m\u00fcbariz\u0259si d\u0259 bunun \u00fcz\u0259rind\u0259 qurulmal\u0131d\u0131r. Y\u0259ni, s\u0259nin ail\u0259nin \u00fczl\u0259\u015fdiyi probleml\u0259rin ba\u015f\u00e7\u0131s\u0131 \u0130lham \u018fliyev olsa da, onun u\u011fursuz siyas\u0259tini s\u0259nin evin\u0259 soxan icra aparat\u0131n\u0131n k\u0259nd n\u00fcmay\u0259nd\u0259liyidir. Z\u0259rb\u0259 \u0130lham \u018fliyev\u0259 d\u0259ys\u0259 d\u0259, \u0130lham \u018fliyev rejimini ya\u015fadan icra aparat\u0131n\u0131n a\u015fa\u011f\u0131dak\u0131 pill\u0259l\u0259ridir. \u00c7\u00fcnki rejim onlar\u0131n hesab\u0131na yeriyir v\u0259 \u00f6mr\u00fc uzan\u0131r. Bu insanlara qar\u015f\u0131 m\u00fcbariz\u0259 aparma\u011fa haz\u0131r olmayan xalq prezident\u0259 qar\u015f\u0131 nec\u0259 \u00e7\u0131xacaq? \u0130cra n\u00fcmay\u0259nd\u0259l\u0259rin\u0259 qar\u015f\u0131 ictimai t\u0259zyiql\u0259r art\u0131qca, bu mexanizmin bu halqas\u0131 el\u0259 bir formada s\u0131radan \u00e7\u0131xacaq ki, onun yerin\u0259 kims\u0259 t\u0259yin edilm\u0259k ist\u0259m\u0259z.\n<\/p>\n<p>\n  Bu yaz\u0131da m\u0259qs\u0259d mitinqin t\u0259\u015fkilini bir m\u00fcbariz\u0259 vasit\u0259si kimi t\u0259nqid etm\u0259k deyil. Sad\u0259c\u0259 qeyd etm\u0259k laz\u0131md\u0131r ki, haz\u0131rl\u0131qs\u0131z v\u0259 reall\u0131qlar n\u0259z\u0259r\u0259 al\u0131nmadan t\u0259\u015fkil olunan mitinql\u0259r bu h\u00f6kum\u0259t\u0259 daha \u00e7ox xeyir verir, n\u0259inki ziyan. Bu probleml\u0259r h\u0259ll olunmad\u0131qca, h\u00f6kum\u0259t mitinql\u0259rd\u0259n maksimum \u015f\u0259kild\u0259 yararlanmaqla \u00f6z \u00f6mr\u00fcn\u00fc uzad\u0131r v\u0259 t\u0259\u0259ss\u00fcfl\u0259r olsun ki, m\u00fcxalif\u0259t d\u00fc\u015f\u0259rg\u0259si d\u0259 bu oyunu oynamaq m\u0259cburiyy\u0259tind\u0259 qal\u0131r. \u00c7\u00fcnki sabah \u201cniy\u0259 he\u00e7 n\u0259 etm\u0259diz\u201d sual\u0131 il\u0259 \u00fczl\u0259\u015fm\u0259k ist\u0259mir. Sabah bu sual\u0131 ver\u0259n insana veril\u0259c\u0259k sual da bu olur: Biz mitinq t\u0259\u015fkil ed\u0259nd\u0259 siz harda idiz?\n<\/p>\n<p>\n  <b><br \/>\n    <i><br \/>\n      Yaz\u0131 m\u00fc\u0259llifin fikirl\u0259rini \u0259ks etdirir v\u0259 Meydan TV-nin m\u00f6vqeyi il\u0259 \u00fcst-\u00fcst\u0259 d\u00fc\u015fm\u0259y\u0259 bil\u0259r.<br \/>\n    <\/i><br \/>\n  <\/b><\/p>\n","protected":false},"excerpt":{"rendered":"<p>\u018fg\u0259r bir g\u00fcn h\u0259qiq\u0259t bildiyim \u015feyi dem\u0259kd\u0259n \u00e7\u0259kins\u0259m, onda siyas\u0259tl\u0259 q\u0259tiyy\u0259n m\u0259\u015f\u011ful olmaram<\/p>\n","protected":false},"author":11,"featured_media":3367,"comment_status":"closed","ping_status":"open","sticky":false,"template":"","format":"standard","meta":{"_acf_changed":false,"_sitemap_exclude":false,"_sitemap_priority":"","_sitemap_frequency":"","footnotes":""},"categories":[57,88],"tags":[],"class_list":["post-201096","post","type-post","status-publish","format-standard","has-post-thumbnail","hentry","category-menim-fikrimce","category-redaktor-secimi","infinite-scroll-item","generate-columns","tablet-grid-50","mobile-grid-100","grid-parent","grid-33","no-featured-image-padding"],"acf":[],"yoast_head":"<!-- This site is optimized with the Yoast SEO plugin v27.4 - https:\/\/yoast.com\/product\/yoast-seo-wordpress\/ -->\n<title>H\u00f6kum\u0259tin \u00f6mr\u00fcn\u00fc uzadan mitinql\u0259r - MEYDAN.TV<\/title>\n<meta name=\"robots\" content=\"index, follow, max-snippet:-1, max-image-preview:large, max-video-preview:-1\" \/>\n<link rel=\"canonical\" href=\"https:\/\/www.meydan.tv\/az\/article\/hokumetin-omrunu-uzadan-mitinqler\/\" \/>\n<meta property=\"og:locale\" content=\"az_AZ\" \/>\n<meta property=\"og:type\" content=\"article\" \/>\n<meta property=\"og:title\" content=\"H\u00f6kum\u0259tin \u00f6mr\u00fcn\u00fc uzadan mitinql\u0259r - MEYDAN.TV\" \/>\n<meta property=\"og:description\" content=\"\u018fg\u0259r bir g\u00fcn h\u0259qiq\u0259t bildiyim \u015feyi dem\u0259kd\u0259n \u00e7\u0259kins\u0259m, onda siyas\u0259tl\u0259 q\u0259tiyy\u0259n m\u0259\u015f\u011ful olmaram\" \/>\n<meta property=\"og:url\" content=\"https:\/\/www.meydan.tv\/az\/article\/hokumetin-omrunu-uzadan-mitinqler\/\" \/>\n<meta property=\"og:site_name\" content=\"MEYDAN.TV\" \/>\n<meta property=\"article:published_time\" content=\"2020-06-19T16:02:28+00:00\" \/>\n<meta property=\"article:modified_time\" content=\"2021-10-22T06:52:31+00:00\" \/>\n<meta property=\"og:image\" content=\"https:\/\/www.meydan.tv\/wp-content\/uploads\/162-1-scaled.jpg\" \/>\n\t<meta property=\"og:image:width\" content=\"2560\" \/>\n\t<meta property=\"og:image:height\" content=\"1204\" \/>\n\t<meta property=\"og:image:type\" content=\"image\/jpeg\" \/>\n<meta name=\"author\" content=\"user-manager\" \/>\n<meta name=\"twitter:card\" content=\"summary_large_image\" \/>\n<script type=\"application\/ld+json\" class=\"yoast-schema-graph\">{\"@context\":\"https:\\\/\\\/schema.org\",\"@graph\":[{\"@type\":\"Article\",\"@id\":\"https:\\\/\\\/www.meydan.tv\\\/az\\\/article\\\/hokumetin-omrunu-uzadan-mitinqler\\\/#article\",\"isPartOf\":{\"@id\":\"https:\\\/\\\/www.meydan.tv\\\/az\\\/article\\\/hokumetin-omrunu-uzadan-mitinqler\\\/\"},\"author\":{\"name\":\"user-manager\",\"@id\":\"https:\\\/\\\/www.meydan.tv\\\/az\\\/#\\\/schema\\\/person\\\/10d11eccf6da3662cf5fdab9806ea91a\"},\"headline\":\"H\u00f6kum\u0259tin \u00f6mr\u00fcn\u00fc uzadan mitinql\u0259r\",\"datePublished\":\"2020-06-19T16:02:28+00:00\",\"dateModified\":\"2021-10-22T06:52:31+00:00\",\"mainEntityOfPage\":{\"@id\":\"https:\\\/\\\/www.meydan.tv\\\/az\\\/article\\\/hokumetin-omrunu-uzadan-mitinqler\\\/\"},\"wordCount\":1362,\"publisher\":{\"@id\":\"https:\\\/\\\/www.meydan.tv\\\/az\\\/#organization\"},\"image\":{\"@id\":\"https:\\\/\\\/www.meydan.tv\\\/az\\\/article\\\/hokumetin-omrunu-uzadan-mitinqler\\\/#primaryimage\"},\"thumbnailUrl\":\"https:\\\/\\\/www.meydan.tv\\\/wp-content\\\/uploads\\\/162-1-scaled.jpg\",\"articleSection\":[\"M\u0259nim Fikrimc\u0259\",\"Redaktor se\u00e7imi\"],\"inLanguage\":\"az\"},{\"@type\":\"WebPage\",\"@id\":\"https:\\\/\\\/www.meydan.tv\\\/az\\\/article\\\/hokumetin-omrunu-uzadan-mitinqler\\\/\",\"url\":\"https:\\\/\\\/www.meydan.tv\\\/az\\\/article\\\/hokumetin-omrunu-uzadan-mitinqler\\\/\",\"name\":\"H\u00f6kum\u0259tin \u00f6mr\u00fcn\u00fc uzadan mitinql\u0259r - MEYDAN.TV\",\"isPartOf\":{\"@id\":\"https:\\\/\\\/www.meydan.tv\\\/az\\\/#website\"},\"primaryImageOfPage\":{\"@id\":\"https:\\\/\\\/www.meydan.tv\\\/az\\\/article\\\/hokumetin-omrunu-uzadan-mitinqler\\\/#primaryimage\"},\"image\":{\"@id\":\"https:\\\/\\\/www.meydan.tv\\\/az\\\/article\\\/hokumetin-omrunu-uzadan-mitinqler\\\/#primaryimage\"},\"thumbnailUrl\":\"https:\\\/\\\/www.meydan.tv\\\/wp-content\\\/uploads\\\/162-1-scaled.jpg\",\"datePublished\":\"2020-06-19T16:02:28+00:00\",\"dateModified\":\"2021-10-22T06:52:31+00:00\",\"breadcrumb\":{\"@id\":\"https:\\\/\\\/www.meydan.tv\\\/az\\\/article\\\/hokumetin-omrunu-uzadan-mitinqler\\\/#breadcrumb\"},\"inLanguage\":\"az\",\"potentialAction\":[{\"@type\":\"ReadAction\",\"target\":[\"https:\\\/\\\/www.meydan.tv\\\/az\\\/article\\\/hokumetin-omrunu-uzadan-mitinqler\\\/\"]}]},{\"@type\":\"ImageObject\",\"inLanguage\":\"az\",\"@id\":\"https:\\\/\\\/www.meydan.tv\\\/az\\\/article\\\/hokumetin-omrunu-uzadan-mitinqler\\\/#primaryimage\",\"url\":\"https:\\\/\\\/www.meydan.tv\\\/wp-content\\\/uploads\\\/162-1-scaled.jpg\",\"contentUrl\":\"https:\\\/\\\/www.meydan.tv\\\/wp-content\\\/uploads\\\/162-1-scaled.jpg\",\"width\":2560,\"height\":1204,\"caption\":\"Source:\"},{\"@type\":\"BreadcrumbList\",\"@id\":\"https:\\\/\\\/www.meydan.tv\\\/az\\\/article\\\/hokumetin-omrunu-uzadan-mitinqler\\\/#breadcrumb\",\"itemListElement\":[{\"@type\":\"ListItem\",\"position\":1,\"name\":\"Ana s\u0259hif\u0259\",\"item\":\"https:\\\/\\\/www.meydan.tv\\\/az\\\/\"},{\"@type\":\"ListItem\",\"position\":2,\"name\":\"M\u0259nim Fikrimc\u0259\",\"item\":\"https:\\\/\\\/www.meydan.tv\\\/az\\\/section\\\/menim-fikrimce\\\/\"},{\"@type\":\"ListItem\",\"position\":3,\"name\":\"H\u00f6kum\u0259tin \u00f6mr\u00fcn\u00fc uzadan mitinql\u0259r\"}]},{\"@type\":\"WebSite\",\"@id\":\"https:\\\/\\\/www.meydan.tv\\\/az\\\/#website\",\"url\":\"https:\\\/\\\/www.meydan.tv\\\/az\\\/\",\"name\":\"MEYDAN.TV\",\"description\":\"Meydan TV Az\u0259rbaycan\u0131n media m\u0259kan\u0131ndak\u0131 alternativ s\u0259sidir\",\"publisher\":{\"@id\":\"https:\\\/\\\/www.meydan.tv\\\/az\\\/#organization\"},\"potentialAction\":[{\"@type\":\"SearchAction\",\"target\":{\"@type\":\"EntryPoint\",\"urlTemplate\":\"https:\\\/\\\/www.meydan.tv\\\/az\\\/?s={search_term_string}\"},\"query-input\":{\"@type\":\"PropertyValueSpecification\",\"valueRequired\":true,\"valueName\":\"search_term_string\"}}],\"inLanguage\":\"az\"},{\"@type\":\"Organization\",\"@id\":\"https:\\\/\\\/www.meydan.tv\\\/az\\\/#organization\",\"name\":\"Meydan TV\",\"url\":\"https:\\\/\\\/www.meydan.tv\\\/az\\\/\",\"logo\":{\"@type\":\"ImageObject\",\"inLanguage\":\"az\",\"@id\":\"https:\\\/\\\/www.meydan.tv\\\/az\\\/#\\\/schema\\\/logo\\\/image\\\/\",\"url\":\"https:\\\/\\\/www.meydan.tv\\\/wp-content\\\/uploads\\\/2021\\\/07\\\/meydan-logo.svg\",\"contentUrl\":\"https:\\\/\\\/www.meydan.tv\\\/wp-content\\\/uploads\\\/2021\\\/07\\\/meydan-logo.svg\",\"width\":195,\"height\":46,\"caption\":\"Meydan TV\"},\"image\":{\"@id\":\"https:\\\/\\\/www.meydan.tv\\\/az\\\/#\\\/schema\\\/logo\\\/image\\\/\"}},{\"@type\":\"Person\",\"@id\":\"https:\\\/\\\/www.meydan.tv\\\/az\\\/#\\\/schema\\\/person\\\/10d11eccf6da3662cf5fdab9806ea91a\",\"name\":\"user-manager\"}]}<\/script>\n<!-- \/ Yoast SEO plugin. -->","yoast_head_json":{"title":"H\u00f6kum\u0259tin \u00f6mr\u00fcn\u00fc uzadan mitinql\u0259r - MEYDAN.TV","robots":{"index":"index","follow":"follow","max-snippet":"max-snippet:-1","max-image-preview":"max-image-preview:large","max-video-preview":"max-video-preview:-1"},"canonical":"https:\/\/www.meydan.tv\/az\/article\/hokumetin-omrunu-uzadan-mitinqler\/","og_locale":"az_AZ","og_type":"article","og_title":"H\u00f6kum\u0259tin \u00f6mr\u00fcn\u00fc uzadan mitinql\u0259r - MEYDAN.TV","og_description":"\u018fg\u0259r bir g\u00fcn h\u0259qiq\u0259t bildiyim \u015feyi dem\u0259kd\u0259n \u00e7\u0259kins\u0259m, onda siyas\u0259tl\u0259 q\u0259tiyy\u0259n m\u0259\u015f\u011ful olmaram","og_url":"https:\/\/www.meydan.tv\/az\/article\/hokumetin-omrunu-uzadan-mitinqler\/","og_site_name":"MEYDAN.TV","article_published_time":"2020-06-19T16:02:28+00:00","article_modified_time":"2021-10-22T06:52:31+00:00","og_image":[{"width":2560,"height":1204,"url":"https:\/\/www.meydan.tv\/wp-content\/uploads\/162-1-scaled.jpg","type":"image\/jpeg"}],"author":"user-manager","twitter_card":"summary_large_image","schema":{"@context":"https:\/\/schema.org","@graph":[{"@type":"Article","@id":"https:\/\/www.meydan.tv\/az\/article\/hokumetin-omrunu-uzadan-mitinqler\/#article","isPartOf":{"@id":"https:\/\/www.meydan.tv\/az\/article\/hokumetin-omrunu-uzadan-mitinqler\/"},"author":{"name":"user-manager","@id":"https:\/\/www.meydan.tv\/az\/#\/schema\/person\/10d11eccf6da3662cf5fdab9806ea91a"},"headline":"H\u00f6kum\u0259tin \u00f6mr\u00fcn\u00fc uzadan mitinql\u0259r","datePublished":"2020-06-19T16:02:28+00:00","dateModified":"2021-10-22T06:52:31+00:00","mainEntityOfPage":{"@id":"https:\/\/www.meydan.tv\/az\/article\/hokumetin-omrunu-uzadan-mitinqler\/"},"wordCount":1362,"publisher":{"@id":"https:\/\/www.meydan.tv\/az\/#organization"},"image":{"@id":"https:\/\/www.meydan.tv\/az\/article\/hokumetin-omrunu-uzadan-mitinqler\/#primaryimage"},"thumbnailUrl":"https:\/\/www.meydan.tv\/wp-content\/uploads\/162-1-scaled.jpg","articleSection":["M\u0259nim Fikrimc\u0259","Redaktor se\u00e7imi"],"inLanguage":"az"},{"@type":"WebPage","@id":"https:\/\/www.meydan.tv\/az\/article\/hokumetin-omrunu-uzadan-mitinqler\/","url":"https:\/\/www.meydan.tv\/az\/article\/hokumetin-omrunu-uzadan-mitinqler\/","name":"H\u00f6kum\u0259tin \u00f6mr\u00fcn\u00fc uzadan mitinql\u0259r - MEYDAN.TV","isPartOf":{"@id":"https:\/\/www.meydan.tv\/az\/#website"},"primaryImageOfPage":{"@id":"https:\/\/www.meydan.tv\/az\/article\/hokumetin-omrunu-uzadan-mitinqler\/#primaryimage"},"image":{"@id":"https:\/\/www.meydan.tv\/az\/article\/hokumetin-omrunu-uzadan-mitinqler\/#primaryimage"},"thumbnailUrl":"https:\/\/www.meydan.tv\/wp-content\/uploads\/162-1-scaled.jpg","datePublished":"2020-06-19T16:02:28+00:00","dateModified":"2021-10-22T06:52:31+00:00","breadcrumb":{"@id":"https:\/\/www.meydan.tv\/az\/article\/hokumetin-omrunu-uzadan-mitinqler\/#breadcrumb"},"inLanguage":"az","potentialAction":[{"@type":"ReadAction","target":["https:\/\/www.meydan.tv\/az\/article\/hokumetin-omrunu-uzadan-mitinqler\/"]}]},{"@type":"ImageObject","inLanguage":"az","@id":"https:\/\/www.meydan.tv\/az\/article\/hokumetin-omrunu-uzadan-mitinqler\/#primaryimage","url":"https:\/\/www.meydan.tv\/wp-content\/uploads\/162-1-scaled.jpg","contentUrl":"https:\/\/www.meydan.tv\/wp-content\/uploads\/162-1-scaled.jpg","width":2560,"height":1204,"caption":"Source:"},{"@type":"BreadcrumbList","@id":"https:\/\/www.meydan.tv\/az\/article\/hokumetin-omrunu-uzadan-mitinqler\/#breadcrumb","itemListElement":[{"@type":"ListItem","position":1,"name":"Ana s\u0259hif\u0259","item":"https:\/\/www.meydan.tv\/az\/"},{"@type":"ListItem","position":2,"name":"M\u0259nim Fikrimc\u0259","item":"https:\/\/www.meydan.tv\/az\/section\/menim-fikrimce\/"},{"@type":"ListItem","position":3,"name":"H\u00f6kum\u0259tin \u00f6mr\u00fcn\u00fc uzadan mitinql\u0259r"}]},{"@type":"WebSite","@id":"https:\/\/www.meydan.tv\/az\/#website","url":"https:\/\/www.meydan.tv\/az\/","name":"MEYDAN.TV","description":"Meydan TV Az\u0259rbaycan\u0131n media m\u0259kan\u0131ndak\u0131 alternativ s\u0259sidir","publisher":{"@id":"https:\/\/www.meydan.tv\/az\/#organization"},"potentialAction":[{"@type":"SearchAction","target":{"@type":"EntryPoint","urlTemplate":"https:\/\/www.meydan.tv\/az\/?s={search_term_string}"},"query-input":{"@type":"PropertyValueSpecification","valueRequired":true,"valueName":"search_term_string"}}],"inLanguage":"az"},{"@type":"Organization","@id":"https:\/\/www.meydan.tv\/az\/#organization","name":"Meydan TV","url":"https:\/\/www.meydan.tv\/az\/","logo":{"@type":"ImageObject","inLanguage":"az","@id":"https:\/\/www.meydan.tv\/az\/#\/schema\/logo\/image\/","url":"https:\/\/www.meydan.tv\/wp-content\/uploads\/2021\/07\/meydan-logo.svg","contentUrl":"https:\/\/www.meydan.tv\/wp-content\/uploads\/2021\/07\/meydan-logo.svg","width":195,"height":46,"caption":"Meydan TV"},"image":{"@id":"https:\/\/www.meydan.tv\/az\/#\/schema\/logo\/image\/"}},{"@type":"Person","@id":"https:\/\/www.meydan.tv\/az\/#\/schema\/person\/10d11eccf6da3662cf5fdab9806ea91a","name":"user-manager"}]}},"_links":{"self":[{"href":"https:\/\/www.meydan.tv\/az\/wp-json\/wp\/v2\/posts\/201096","targetHints":{"allow":["GET"]}}],"collection":[{"href":"https:\/\/www.meydan.tv\/az\/wp-json\/wp\/v2\/posts"}],"about":[{"href":"https:\/\/www.meydan.tv\/az\/wp-json\/wp\/v2\/types\/post"}],"author":[{"embeddable":true,"href":"https:\/\/www.meydan.tv\/az\/wp-json\/wp\/v2\/users\/11"}],"replies":[{"embeddable":true,"href":"https:\/\/www.meydan.tv\/az\/wp-json\/wp\/v2\/comments?post=201096"}],"version-history":[{"count":1,"href":"https:\/\/www.meydan.tv\/az\/wp-json\/wp\/v2\/posts\/201096\/revisions"}],"predecessor-version":[{"id":207064,"href":"https:\/\/www.meydan.tv\/az\/wp-json\/wp\/v2\/posts\/201096\/revisions\/207064"}],"wp:featuredmedia":[{"embeddable":true,"href":"https:\/\/www.meydan.tv\/az\/wp-json\/wp\/v2\/media\/3367"}],"wp:attachment":[{"href":"https:\/\/www.meydan.tv\/az\/wp-json\/wp\/v2\/media?parent=201096"}],"wp:term":[{"taxonomy":"category","embeddable":true,"href":"https:\/\/www.meydan.tv\/az\/wp-json\/wp\/v2\/categories?post=201096"},{"taxonomy":"post_tag","embeddable":true,"href":"https:\/\/www.meydan.tv\/az\/wp-json\/wp\/v2\/tags?post=201096"}],"curies":[{"name":"wp","href":"https:\/\/api.w.org\/{rel}","templated":true}]}}