{"id":201094,"date":"2020-06-19T13:12:09","date_gmt":"2020-06-19T13:12:09","guid":{"rendered":"https:\/\/www.meydan.tv\/article\/goycay-sakini-dovlet-tebii-felaketin-vurdugu-ziyani-odemir\/"},"modified":"2020-06-19T13:12:09","modified_gmt":"2020-06-19T13:12:09","slug":"goycay-sakini-dovlet-tebii-felaketin-vurdugu-ziyani-odemir","status":"publish","type":"post","link":"https:\/\/www.meydan.tv\/az\/article\/goycay-sakini-dovlet-tebii-felaketin-vurdugu-ziyani-odemir\/","title":{"rendered":"G\u00f6y\u00e7ay sakini: D\u00f6vl\u0259t t\u0259bii f\u0259lak\u0259tin vurdu\u011fu ziyan\u0131 \u00f6d\u0259mir"},"content":{"rendered":"<p>\n  <i><br \/>\n    \u201cH\u0259r d\u0259f\u0259 deyirl\u0259r ki, sizin m\u0259s\u0259l\u0259niz\u0259 baxacaqlar\u201d<br \/>\n  <\/i>\n<\/p>\n<p>\n  \u201cDi\u015fiml\u0259-d\u0131rna\u011f\u0131mla qazand\u0131\u011f\u0131m pula tikdiyim t\u00f6vl\u0259ni, hasar\u0131 \u00e7ay\u0131n sular\u0131 yuyub apar\u0131b. Buna g\u00f6r\u0259 d\u0259f\u0259l\u0259rl\u0259 aidiyy\u0259tli qurumlara m\u00fcraci\u0259t etmi\u015f\u0259m. Lakin t\u0259bii f\u0259lak\u0259td\u0259n sonra d\u0259y\u0259n maddi ziyan\u0131 d\u00f6vl\u0259t \u00f6d\u0259mir\u201d.\n<\/p>\n<p>\n  G\u00f6y\u00e7ay \u015f\u0259h\u0259ri, \u018fli S\u0259m\u0259dli k\u00fc\u00e7\u0259si dalan 4, ev 6 \u00fcnvan\u0131nda ya\u015fayan Akif H\u0259midov \u015fikay\u0259t\u00e7idir. O, Meydan TV-y\u0259 deyir ki, sovet hakimiyy\u0259ti d\u00f6vr\u00fcnd\u0259 G\u00f6y\u00e7ay \u00e7ay\u0131 yax\u0131nl\u0131\u011f\u0131nda ald\u0131\u011f\u0131 topaq sah\u0259sind\u0259 tikdiyi t\u00f6vl\u0259 v\u0259 evinin hasar\u0131 u\u00e7ub:\n<\/p>\n<p>\n  \u201cSovet hakimiyy\u0259ti d\u00f6vr\u00fcnd\u0259 G\u00f6y\u00e7ay \u00e7ay\u0131 \u0259razisind\u0259 s\u0259kkiz sot torpaq alm\u0131\u015fd\u0131m. Getdim Rusiyada, z\u00fclml\u0259, \u0259zab-\u0259ziyy\u0259tl\u0259 pul qazand\u0131m. G\u0259ldim, \u00fc\u00e7 min dollar\u0131 manata \u00e7evirdim. Hasar \u00e7\u0259kdim, t\u00f6vl\u0259 tikdim, mal-heyvan saxlay\u0131rd\u0131m, birt\u0259h\u0259r dolan\u0131rd\u0131q. 2016-ci ild\u0259 \u00e7ay d\u0259rin\u0259 d\u00fc\u015fd\u00fc, m\u0259nim on metrlik t\u00f6vl\u0259m u\u00e7du, hasar\u0131m\u0131n divarlar\u0131 partlad\u0131. Mi\u015far da\u015flar\u0131ndan h\u00f6rm\u00fc\u015fd\u00fcm, yar\u0131s\u0131n\u0131 \u00e7ay yudu apard\u0131, yerd\u0259 qalan\u0131n\u0131 h\u0259y\u0259t\u0259 da\u015f\u0131d\u0131m. H\u0259min yer h\u0259l\u0259 d\u0259 q\u0259zal\u0131 v\u0259ziyy\u0259td\u0259 qal\u0131b. Sel n\u0259tic\u0259sind\u0259 \u00fc\u00e7 iribuynuzlu heyvan\u0131m \u00f6ld\u00fc. \u00dc\u00e7\u00fcn\u00fc d\u0259 d\u0259y\u0259r-d\u0259ym\u0259zin\u0259 satd\u0131m. \u00c7ay\u0131n q\u0131ra\u011f\u0131nda ziyan ancaq m\u0259n\u0259 d\u0259ydi. Dig\u0259r evl\u0259r\u0259 he\u00e7 n\u0259 olmad\u0131\u201d.\n<\/p>\n<p>\n  \u015eikay\u0259t\u00e7i deyir ki, G\u00f6y\u00e7ay Rayon \u0130cra Hakimiyy\u0259tin\u0259 d\u0259f\u0259l\u0259rl\u0259 m\u00fcraci\u0259t ets\u0259 d\u0259, n\u0259tic\u0259si olmay\u0131b:\n<\/p>\n<p>\n  \u201cBunlardan bir haray \u00e7\u0131xmayandan sonra o\u011flum \u0130brahim H\u0259midov Prezident v\u0259 Birinci-vitse prezident\u0259 bir ne\u00e7\u0259 d\u0259f\u0259 m\u0259ktub yazd\u0131. M\u0259ktublardan sonra G\u00f6y\u00e7ay Rayon \u0130cra Hakimiyy\u0259tind\u0259n n\u00fcmay\u0259nd\u0259l\u0259r g\u0259lirdi, \u0259ll\u0259rind\u0259 d\u0259 fotoaparat. G\u0259lirdil\u0259r, \u015f\u0259kill\u0259r \u00e7\u0259kib gedirdil\u0259r. H\u0259r d\u0259f\u0259 d\u0259 deyirdil\u0259r ki, sizin m\u0259s\u0259l\u0259niz\u0259 baxacaqlar. Art\u0131q 2020-ci ildir, h\u0259l\u0259 d\u0259 baxmay\u0131blar. M\u0259n\u0259 k\u00f6m\u0259klik etsinl\u0259r, divar\u0131m\u0131 \u00e7\u0259kim, t\u00f6vl\u0259mi yenid\u0259n tikim. D\u0259f\u0259l\u0259rl\u0259 ke\u00e7mi\u015f icra ba\u015f\u00e7\u0131s\u0131 M\u00fcbariz A\u011fayevin q\u0259bulunda oldum. K\u00f6m\u0259klik g\u00f6st\u0259rilm\u0259di. Daha sonra yeni t\u0259yin olunmu\u015f icra ba\u015f\u00e7\u0131s\u0131 Mehdi S\u0259limzad\u0259nin q\u0259bulunda d\u00fcz \u00fc\u00e7 d\u0259f\u0259 oldum. Ba\u015f\u00e7\u0131n\u0131n q\u0259buluna b\u00f6y\u00fck \u0259miml\u0259 getmi\u015fdim. Mehdi S\u0259limzad\u0259 dedi ki, seyidl\u0259 g\u0259lmisiz, k\u00f6m\u0259klik ed\u0259r\u0259m. Bir ild\u0259n \u00e7ox vaxt ke\u00e7ib, amma he\u00e7 bir k\u00f6m\u0259klik ed\u0259n olmay\u0131b. Deyib ki, k\u00f6m\u0259klik ed\u0259c\u0259yik. Bu k\u00f6m\u0259klik dild\u0259 d\u0259 qal\u0131b. Onu da deyim ki, evimin s\u0259n\u0259dl\u0259ri d\u0259 qaydas\u0131ndad\u0131r\u201d.\n<\/p>\n<p>\n  Akif H\u0259midovun dediyin\u0259 g\u00f6r\u0259, h\u0259min \u0259razid\u0259 u\u00e7maya s\u0259b\u0259b \u00e7ay\u0131n m\u0259cras\u0131nda uzun ill\u0259r qum-\u00e7\u0131nq\u0131l karxanalar\u0131n\u0131n f\u0259aliyy\u0259t g\u00f6st\u0259rm\u0259si olub:\n<\/p>\n<p>\n  \u201cM\u0259n bu \u0259razid\u0259 do\u011fulub b\u00f6y\u00fcm\u00fc\u015f\u0259m. G\u00f6y\u00e7ay \u00e7ay\u0131 evd\u0259n xeyli aral\u0131 idi. \u018frazid\u0259 da\u015f karxanalar sal\u0131nd\u0131, milyonlar, milyardlar qazand\u0131lar. Qaz\u0131nt\u0131lar n\u0259tic\u0259sind\u0259 \u00e7ay bir yer\u0259 y\u0131\u011f\u0131ld\u0131. Ard\u0131nca da m\u0259nim evim olan hiss\u0259 d\u0259rin\u0259 d\u00fc\u015fd\u00fc v\u0259 u\u00e7ma\u011fa ba\u015flad\u0131. H\u0259min bo\u015flu\u011fu doldurdular, \u00e7ay\u0131n m\u0259nim evim \u0259razisin\u0259 axan m\u0259cras\u0131n\u0131 da d\u0259yi\u015fdil\u0259r. H\u00f6kum\u0259td\u0259n onu ist\u0259yir\u0259m ki, m\u0259n\u0259 d\u0259y\u0259n maddi ziyan\u0131 aradan qald\u0131rs\u0131n. T\u00f6vl\u0259mi tikim, hasar\u0131m\u0131 \u00e7\u0259kim. Mal-heyvan al\u0131m. Bundan sonrak\u0131 h\u0259yat\u0131mda qocal\u0131\u011f\u0131m\u0131 rahat ya\u015faya bilim\u201d.\n<\/p>\n<figure class=\"wp-block-image size-large\">\n  <img decoding=\"async\" src=\"https:\/\/www.meydan.tv\/az\/img-20200613-wa0016-jpg\/\" alt=\"img-20200613-wa0016.jpg\" class=\"wp-image-143249\"\/><figcaption>\n    G\u00f6y\u00e7ay Rayon \u0130H-nin cavab m\u0259ktubu<br \/>\n  <\/figcaption><\/figure>\n<p>\n  G\u00f6y\u00e7ay Rayon \u0130cra Hakimiyy\u0259ti ba\u015f\u00e7\u0131s\u0131n\u0131n \u015f\u0259h\u0259r inzibati \u0259razi dair\u0259si \u00fczr\u0259 n\u00fcmay\u0259nd\u0259si R\u0259\u015fad \u015e\u00fck\u00fcrov Meydan TV-y\u0259 bildirib ki, \u00e7ay\u0131n sahilind\u0259k evl\u0259r m\u00fchafiz\u0259 \u0259razisind\u0259 yerl\u0259\u015fdiyi \u00fc\u00e7\u00fcn qanunsuz tikili say\u0131l\u0131r:\n<\/p>\n<p>\n  \u201cT\u0259k Akif H\u0259midov deyil, sahilin m\u00fchafiz\u0259 zonas\u0131nda bir \u00e7ox insanlar qanunsuz \u00e7oxsayl\u0131 evl\u0259r, t\u00f6vl\u0259l\u0259r tikib, ba\u011f sal\u0131blar. \u0130ki il \u00f6nc\u0259 sel sular\u0131 n\u0259tic\u0259sind\u0259 h\u0259min \u0259razid\u0259 sahilyuma prosesi ba\u015f verdi. T\u0259bii f\u0259lak\u0259t zaman\u0131 \u00e7ay\u0131n m\u00fchafiz\u0259 \u0259razisind\u0259 in\u015fa olunan qanunsuz tikilil\u0259r t\u0259hl\u00fck\u0259 alt\u0131na d\u00fc\u015fd\u00fc. Oradak\u0131 ev v\u0259 tikilil\u0259r bir yana, he\u00e7 torpa\u011f\u0131n da s\u0259n\u0259di yoxdur. Halbuki \u00f6nc\u0259 torpa\u011f\u0131n, sonra is\u0259 tikintinin s\u0259n\u0259di olmal\u0131d\u0131r. \u00dcmumiyy\u0259tl\u0259, t\u0259bii f\u0259lak\u0259t v\u0259 ya yan\u011f\u0131n kimi hallardan qorunmaq \u00fc\u00e7\u00fcn d\u00f6vl\u0259t v\u0259 ya \u00f6z\u0259l s\u0131\u011forta \u015firk\u0259tind\u0259 s\u0131\u011fortalanmaq laz\u0131md\u0131r. Sadalad\u0131qlar\u0131m olmad\u0131\u011f\u0131 halda insanlar d\u0259y\u0259n maddi ziyan\u0131 b\u0259rpa etm\u0259yi t\u0259l\u0259b edirl\u0259r. Bu m\u00fcmk\u00fcn olan i\u015f deyil. G\u00f6y\u00e7ay \u00e7ay\u0131 sahilind\u0259 t\u0259hl\u00fck\u0259 d\u0259rinl\u0259\u015fm\u0259sin dey\u0259 c\u0259nab Prezidentin s\u0259r\u0259ncam\u0131 il\u0259 sahilin m\u0259cras\u0131n\u0131n d\u0259yi\u015fdirilm\u0259 v\u0259 sahilb\u0259rkitm\u0259 i\u015fl\u0259ri apar\u0131ld\u0131. Art\u0131q bu layih\u0259 ba\u015fa \u00e7atmaq \u00fczr\u0259dir. Bu g\u00fcn h\u0259min evl\u0259r \u00fc\u00e7\u00fcn he\u00e7 bri t\u0259hl\u00fck\u0259 yoxdur. Akif H\u0259midovun m\u00fcraci\u0259tin\u0259 g\u0259linc\u0259, h\u0259min v\u0259t\u0259nda\u015f\u0131 tan\u0131y\u0131r\u0131q. Bununla ba\u011fl\u0131 ona izahat verilib. V\u0259t\u0259nda\u015f\u0131n h\u0259r hans\u0131 bir tikintisi t\u0259bii f\u0259lak\u0259td\u0259n u\u00e7anda, da\u011f\u0131landa onun b\u0259rpas\u0131 \u00fc\u00e7\u00fcn s\u0131\u011forta m\u0259\u015f\u011ful olur. Bunlar\u0131n da he\u00e7 birinin s\u0131\u011fortas\u0131 yoxdur. Rayon \u0130cra Hakimiyy\u0259tinin el\u0259 bir maddi bazas\u0131 yoxdur ki, v\u0259t\u0259nda\u015flar\u0131n hans\u0131sa tikdirdiyi qanuni v\u0259 ya qanunsuz evin b\u0259rpas\u0131na k\u00f6m\u0259klik etsin\u201d.<\/p>\n","protected":false},"excerpt":{"rendered":"<p>&#8220;Bu m\u00fcmk\u00fcn olan i\u015f deyil&#8221;.<\/p>\n","protected":false},"author":11,"featured_media":143261,"comment_status":"closed","ping_status":"open","sticky":false,"template":"","format":"standard","meta":{"_acf_changed":false,"_sitemap_exclude":false,"_sitemap_priority":"","_sitemap_frequency":"","footnotes":""},"categories":[60],"tags":[],"class_list":["post-201094","post","type-post","status-publish","format-standard","has-post-thumbnail","hentry","category-bolge","infinite-scroll-item","generate-columns","tablet-grid-50","mobile-grid-100","grid-parent","grid-33","no-featured-image-padding"],"acf":[],"yoast_head":"<!-- This site is optimized with the Yoast SEO plugin v27.5 - https:\/\/yoast.com\/product\/yoast-seo-wordpress\/ -->\n<title>G\u00f6y\u00e7ay sakini: D\u00f6vl\u0259t t\u0259bii f\u0259lak\u0259tin vurdu\u011fu ziyan\u0131 \u00f6d\u0259mir - MEYDAN.TV<\/title>\n<meta name=\"robots\" content=\"index, follow, max-snippet:-1, max-image-preview:large, max-video-preview:-1\" \/>\n<link rel=\"canonical\" href=\"https:\/\/www.meydan.tv\/az\/article\/goycay-sakini-dovlet-tebii-felaketin-vurdugu-ziyani-odemir\/\" \/>\n<meta property=\"og:locale\" content=\"az_AZ\" \/>\n<meta property=\"og:type\" content=\"article\" \/>\n<meta property=\"og:title\" content=\"G\u00f6y\u00e7ay sakini: D\u00f6vl\u0259t t\u0259bii f\u0259lak\u0259tin vurdu\u011fu ziyan\u0131 \u00f6d\u0259mir - MEYDAN.TV\" \/>\n<meta property=\"og:description\" content=\"&quot;Bu m\u00fcmk\u00fcn olan i\u015f deyil&quot;.\" \/>\n<meta property=\"og:url\" content=\"https:\/\/www.meydan.tv\/az\/article\/goycay-sakini-dovlet-tebii-felaketin-vurdugu-ziyani-odemir\/\" \/>\n<meta property=\"og:site_name\" content=\"MEYDAN.TV\" \/>\n<meta property=\"article:published_time\" content=\"2020-06-19T13:12:09+00:00\" \/>\n<meta property=\"og:image\" content=\"https:\/\/www.meydan.tv\/wp-content\/uploads\/copy_of_untitled_design_j2w3ugb.png\" \/>\n\t<meta property=\"og:image:width\" content=\"1000\" \/>\n\t<meta property=\"og:image:height\" content=\"555\" \/>\n\t<meta property=\"og:image:type\" content=\"image\/png\" \/>\n<meta name=\"author\" content=\"user-manager\" \/>\n<meta name=\"twitter:card\" content=\"summary_large_image\" \/>\n<script type=\"application\/ld+json\" class=\"yoast-schema-graph\">{\"@context\":\"https:\\\/\\\/schema.org\",\"@graph\":[{\"@type\":\"Article\",\"@id\":\"https:\\\/\\\/www.meydan.tv\\\/az\\\/article\\\/goycay-sakini-dovlet-tebii-felaketin-vurdugu-ziyani-odemir\\\/#article\",\"isPartOf\":{\"@id\":\"https:\\\/\\\/www.meydan.tv\\\/az\\\/article\\\/goycay-sakini-dovlet-tebii-felaketin-vurdugu-ziyani-odemir\\\/\"},\"author\":{\"name\":\"user-manager\",\"@id\":\"https:\\\/\\\/www.meydan.tv\\\/az\\\/#\\\/schema\\\/person\\\/10d11eccf6da3662cf5fdab9806ea91a\"},\"headline\":\"G\u00f6y\u00e7ay sakini: D\u00f6vl\u0259t t\u0259bii f\u0259lak\u0259tin vurdu\u011fu ziyan\u0131 \u00f6d\u0259mir\",\"datePublished\":\"2020-06-19T13:12:09+00:00\",\"mainEntityOfPage\":{\"@id\":\"https:\\\/\\\/www.meydan.tv\\\/az\\\/article\\\/goycay-sakini-dovlet-tebii-felaketin-vurdugu-ziyani-odemir\\\/\"},\"wordCount\":1016,\"publisher\":{\"@id\":\"https:\\\/\\\/www.meydan.tv\\\/az\\\/#organization\"},\"image\":{\"@id\":\"https:\\\/\\\/www.meydan.tv\\\/az\\\/article\\\/goycay-sakini-dovlet-tebii-felaketin-vurdugu-ziyani-odemir\\\/#primaryimage\"},\"thumbnailUrl\":\"https:\\\/\\\/www.meydan.tv\\\/wp-content\\\/uploads\\\/copy_of_untitled_design_j2w3ugb.png\",\"articleSection\":[\"B\u00f6lg\u0259\"],\"inLanguage\":\"az\"},{\"@type\":\"WebPage\",\"@id\":\"https:\\\/\\\/www.meydan.tv\\\/az\\\/article\\\/goycay-sakini-dovlet-tebii-felaketin-vurdugu-ziyani-odemir\\\/\",\"url\":\"https:\\\/\\\/www.meydan.tv\\\/az\\\/article\\\/goycay-sakini-dovlet-tebii-felaketin-vurdugu-ziyani-odemir\\\/\",\"name\":\"G\u00f6y\u00e7ay sakini: D\u00f6vl\u0259t t\u0259bii f\u0259lak\u0259tin vurdu\u011fu ziyan\u0131 \u00f6d\u0259mir - MEYDAN.TV\",\"isPartOf\":{\"@id\":\"https:\\\/\\\/www.meydan.tv\\\/az\\\/#website\"},\"primaryImageOfPage\":{\"@id\":\"https:\\\/\\\/www.meydan.tv\\\/az\\\/article\\\/goycay-sakini-dovlet-tebii-felaketin-vurdugu-ziyani-odemir\\\/#primaryimage\"},\"image\":{\"@id\":\"https:\\\/\\\/www.meydan.tv\\\/az\\\/article\\\/goycay-sakini-dovlet-tebii-felaketin-vurdugu-ziyani-odemir\\\/#primaryimage\"},\"thumbnailUrl\":\"https:\\\/\\\/www.meydan.tv\\\/wp-content\\\/uploads\\\/copy_of_untitled_design_j2w3ugb.png\",\"datePublished\":\"2020-06-19T13:12:09+00:00\",\"breadcrumb\":{\"@id\":\"https:\\\/\\\/www.meydan.tv\\\/az\\\/article\\\/goycay-sakini-dovlet-tebii-felaketin-vurdugu-ziyani-odemir\\\/#breadcrumb\"},\"inLanguage\":\"az\",\"potentialAction\":[{\"@type\":\"ReadAction\",\"target\":[\"https:\\\/\\\/www.meydan.tv\\\/az\\\/article\\\/goycay-sakini-dovlet-tebii-felaketin-vurdugu-ziyani-odemir\\\/\"]}]},{\"@type\":\"ImageObject\",\"inLanguage\":\"az\",\"@id\":\"https:\\\/\\\/www.meydan.tv\\\/az\\\/article\\\/goycay-sakini-dovlet-tebii-felaketin-vurdugu-ziyani-odemir\\\/#primaryimage\",\"url\":\"https:\\\/\\\/www.meydan.tv\\\/wp-content\\\/uploads\\\/copy_of_untitled_design_j2w3ugb.png\",\"contentUrl\":\"https:\\\/\\\/www.meydan.tv\\\/wp-content\\\/uploads\\\/copy_of_untitled_design_j2w3ugb.png\",\"width\":1000,\"height\":555,\"caption\":\"Source: Specify Source\"},{\"@type\":\"BreadcrumbList\",\"@id\":\"https:\\\/\\\/www.meydan.tv\\\/az\\\/article\\\/goycay-sakini-dovlet-tebii-felaketin-vurdugu-ziyani-odemir\\\/#breadcrumb\",\"itemListElement\":[{\"@type\":\"ListItem\",\"position\":1,\"name\":\"Ana s\u0259hif\u0259\",\"item\":\"https:\\\/\\\/www.meydan.tv\\\/az\\\/\"},{\"@type\":\"ListItem\",\"position\":2,\"name\":\"B\u00f6lg\u0259\",\"item\":\"https:\\\/\\\/www.meydan.tv\\\/az\\\/section\\\/bolge\\\/\"},{\"@type\":\"ListItem\",\"position\":3,\"name\":\"G\u00f6y\u00e7ay sakini: D\u00f6vl\u0259t t\u0259bii f\u0259lak\u0259tin vurdu\u011fu ziyan\u0131 \u00f6d\u0259mir\"}]},{\"@type\":\"WebSite\",\"@id\":\"https:\\\/\\\/www.meydan.tv\\\/az\\\/#website\",\"url\":\"https:\\\/\\\/www.meydan.tv\\\/az\\\/\",\"name\":\"MEYDAN.TV\",\"description\":\"Meydan TV Az\u0259rbaycan\u0131n media m\u0259kan\u0131ndak\u0131 alternativ s\u0259sidir\",\"publisher\":{\"@id\":\"https:\\\/\\\/www.meydan.tv\\\/az\\\/#organization\"},\"potentialAction\":[{\"@type\":\"SearchAction\",\"target\":{\"@type\":\"EntryPoint\",\"urlTemplate\":\"https:\\\/\\\/www.meydan.tv\\\/az\\\/?s={search_term_string}\"},\"query-input\":{\"@type\":\"PropertyValueSpecification\",\"valueRequired\":true,\"valueName\":\"search_term_string\"}}],\"inLanguage\":\"az\"},{\"@type\":\"Organization\",\"@id\":\"https:\\\/\\\/www.meydan.tv\\\/az\\\/#organization\",\"name\":\"Meydan TV\",\"url\":\"https:\\\/\\\/www.meydan.tv\\\/az\\\/\",\"logo\":{\"@type\":\"ImageObject\",\"inLanguage\":\"az\",\"@id\":\"https:\\\/\\\/www.meydan.tv\\\/az\\\/#\\\/schema\\\/logo\\\/image\\\/\",\"url\":\"https:\\\/\\\/www.meydan.tv\\\/wp-content\\\/uploads\\\/2021\\\/07\\\/meydan-logo.svg\",\"contentUrl\":\"https:\\\/\\\/www.meydan.tv\\\/wp-content\\\/uploads\\\/2021\\\/07\\\/meydan-logo.svg\",\"width\":195,\"height\":46,\"caption\":\"Meydan TV\"},\"image\":{\"@id\":\"https:\\\/\\\/www.meydan.tv\\\/az\\\/#\\\/schema\\\/logo\\\/image\\\/\"}},{\"@type\":\"Person\",\"@id\":\"https:\\\/\\\/www.meydan.tv\\\/az\\\/#\\\/schema\\\/person\\\/10d11eccf6da3662cf5fdab9806ea91a\",\"name\":\"user-manager\"}]}<\/script>\n<!-- \/ Yoast SEO plugin. -->","yoast_head_json":{"title":"G\u00f6y\u00e7ay sakini: D\u00f6vl\u0259t t\u0259bii f\u0259lak\u0259tin vurdu\u011fu ziyan\u0131 \u00f6d\u0259mir - MEYDAN.TV","robots":{"index":"index","follow":"follow","max-snippet":"max-snippet:-1","max-image-preview":"max-image-preview:large","max-video-preview":"max-video-preview:-1"},"canonical":"https:\/\/www.meydan.tv\/az\/article\/goycay-sakini-dovlet-tebii-felaketin-vurdugu-ziyani-odemir\/","og_locale":"az_AZ","og_type":"article","og_title":"G\u00f6y\u00e7ay sakini: D\u00f6vl\u0259t t\u0259bii f\u0259lak\u0259tin vurdu\u011fu ziyan\u0131 \u00f6d\u0259mir - MEYDAN.TV","og_description":"\"Bu m\u00fcmk\u00fcn olan i\u015f deyil\".","og_url":"https:\/\/www.meydan.tv\/az\/article\/goycay-sakini-dovlet-tebii-felaketin-vurdugu-ziyani-odemir\/","og_site_name":"MEYDAN.TV","article_published_time":"2020-06-19T13:12:09+00:00","og_image":[{"width":1000,"height":555,"url":"https:\/\/www.meydan.tv\/wp-content\/uploads\/copy_of_untitled_design_j2w3ugb.png","type":"image\/png"}],"author":"user-manager","twitter_card":"summary_large_image","schema":{"@context":"https:\/\/schema.org","@graph":[{"@type":"Article","@id":"https:\/\/www.meydan.tv\/az\/article\/goycay-sakini-dovlet-tebii-felaketin-vurdugu-ziyani-odemir\/#article","isPartOf":{"@id":"https:\/\/www.meydan.tv\/az\/article\/goycay-sakini-dovlet-tebii-felaketin-vurdugu-ziyani-odemir\/"},"author":{"name":"user-manager","@id":"https:\/\/www.meydan.tv\/az\/#\/schema\/person\/10d11eccf6da3662cf5fdab9806ea91a"},"headline":"G\u00f6y\u00e7ay sakini: D\u00f6vl\u0259t t\u0259bii f\u0259lak\u0259tin vurdu\u011fu ziyan\u0131 \u00f6d\u0259mir","datePublished":"2020-06-19T13:12:09+00:00","mainEntityOfPage":{"@id":"https:\/\/www.meydan.tv\/az\/article\/goycay-sakini-dovlet-tebii-felaketin-vurdugu-ziyani-odemir\/"},"wordCount":1016,"publisher":{"@id":"https:\/\/www.meydan.tv\/az\/#organization"},"image":{"@id":"https:\/\/www.meydan.tv\/az\/article\/goycay-sakini-dovlet-tebii-felaketin-vurdugu-ziyani-odemir\/#primaryimage"},"thumbnailUrl":"https:\/\/www.meydan.tv\/wp-content\/uploads\/copy_of_untitled_design_j2w3ugb.png","articleSection":["B\u00f6lg\u0259"],"inLanguage":"az"},{"@type":"WebPage","@id":"https:\/\/www.meydan.tv\/az\/article\/goycay-sakini-dovlet-tebii-felaketin-vurdugu-ziyani-odemir\/","url":"https:\/\/www.meydan.tv\/az\/article\/goycay-sakini-dovlet-tebii-felaketin-vurdugu-ziyani-odemir\/","name":"G\u00f6y\u00e7ay sakini: D\u00f6vl\u0259t t\u0259bii f\u0259lak\u0259tin vurdu\u011fu ziyan\u0131 \u00f6d\u0259mir - MEYDAN.TV","isPartOf":{"@id":"https:\/\/www.meydan.tv\/az\/#website"},"primaryImageOfPage":{"@id":"https:\/\/www.meydan.tv\/az\/article\/goycay-sakini-dovlet-tebii-felaketin-vurdugu-ziyani-odemir\/#primaryimage"},"image":{"@id":"https:\/\/www.meydan.tv\/az\/article\/goycay-sakini-dovlet-tebii-felaketin-vurdugu-ziyani-odemir\/#primaryimage"},"thumbnailUrl":"https:\/\/www.meydan.tv\/wp-content\/uploads\/copy_of_untitled_design_j2w3ugb.png","datePublished":"2020-06-19T13:12:09+00:00","breadcrumb":{"@id":"https:\/\/www.meydan.tv\/az\/article\/goycay-sakini-dovlet-tebii-felaketin-vurdugu-ziyani-odemir\/#breadcrumb"},"inLanguage":"az","potentialAction":[{"@type":"ReadAction","target":["https:\/\/www.meydan.tv\/az\/article\/goycay-sakini-dovlet-tebii-felaketin-vurdugu-ziyani-odemir\/"]}]},{"@type":"ImageObject","inLanguage":"az","@id":"https:\/\/www.meydan.tv\/az\/article\/goycay-sakini-dovlet-tebii-felaketin-vurdugu-ziyani-odemir\/#primaryimage","url":"https:\/\/www.meydan.tv\/wp-content\/uploads\/copy_of_untitled_design_j2w3ugb.png","contentUrl":"https:\/\/www.meydan.tv\/wp-content\/uploads\/copy_of_untitled_design_j2w3ugb.png","width":1000,"height":555,"caption":"Source: Specify Source"},{"@type":"BreadcrumbList","@id":"https:\/\/www.meydan.tv\/az\/article\/goycay-sakini-dovlet-tebii-felaketin-vurdugu-ziyani-odemir\/#breadcrumb","itemListElement":[{"@type":"ListItem","position":1,"name":"Ana s\u0259hif\u0259","item":"https:\/\/www.meydan.tv\/az\/"},{"@type":"ListItem","position":2,"name":"B\u00f6lg\u0259","item":"https:\/\/www.meydan.tv\/az\/section\/bolge\/"},{"@type":"ListItem","position":3,"name":"G\u00f6y\u00e7ay sakini: D\u00f6vl\u0259t t\u0259bii f\u0259lak\u0259tin vurdu\u011fu ziyan\u0131 \u00f6d\u0259mir"}]},{"@type":"WebSite","@id":"https:\/\/www.meydan.tv\/az\/#website","url":"https:\/\/www.meydan.tv\/az\/","name":"MEYDAN.TV","description":"Meydan TV Az\u0259rbaycan\u0131n media m\u0259kan\u0131ndak\u0131 alternativ s\u0259sidir","publisher":{"@id":"https:\/\/www.meydan.tv\/az\/#organization"},"potentialAction":[{"@type":"SearchAction","target":{"@type":"EntryPoint","urlTemplate":"https:\/\/www.meydan.tv\/az\/?s={search_term_string}"},"query-input":{"@type":"PropertyValueSpecification","valueRequired":true,"valueName":"search_term_string"}}],"inLanguage":"az"},{"@type":"Organization","@id":"https:\/\/www.meydan.tv\/az\/#organization","name":"Meydan TV","url":"https:\/\/www.meydan.tv\/az\/","logo":{"@type":"ImageObject","inLanguage":"az","@id":"https:\/\/www.meydan.tv\/az\/#\/schema\/logo\/image\/","url":"https:\/\/www.meydan.tv\/wp-content\/uploads\/2021\/07\/meydan-logo.svg","contentUrl":"https:\/\/www.meydan.tv\/wp-content\/uploads\/2021\/07\/meydan-logo.svg","width":195,"height":46,"caption":"Meydan TV"},"image":{"@id":"https:\/\/www.meydan.tv\/az\/#\/schema\/logo\/image\/"}},{"@type":"Person","@id":"https:\/\/www.meydan.tv\/az\/#\/schema\/person\/10d11eccf6da3662cf5fdab9806ea91a","name":"user-manager"}]}},"_links":{"self":[{"href":"https:\/\/www.meydan.tv\/az\/wp-json\/wp\/v2\/posts\/201094","targetHints":{"allow":["GET"]}}],"collection":[{"href":"https:\/\/www.meydan.tv\/az\/wp-json\/wp\/v2\/posts"}],"about":[{"href":"https:\/\/www.meydan.tv\/az\/wp-json\/wp\/v2\/types\/post"}],"author":[{"embeddable":true,"href":"https:\/\/www.meydan.tv\/az\/wp-json\/wp\/v2\/users\/11"}],"replies":[{"embeddable":true,"href":"https:\/\/www.meydan.tv\/az\/wp-json\/wp\/v2\/comments?post=201094"}],"version-history":[{"count":0,"href":"https:\/\/www.meydan.tv\/az\/wp-json\/wp\/v2\/posts\/201094\/revisions"}],"wp:featuredmedia":[{"embeddable":true,"href":"https:\/\/www.meydan.tv\/az\/wp-json\/wp\/v2\/media\/143261"}],"wp:attachment":[{"href":"https:\/\/www.meydan.tv\/az\/wp-json\/wp\/v2\/media?parent=201094"}],"wp:term":[{"taxonomy":"category","embeddable":true,"href":"https:\/\/www.meydan.tv\/az\/wp-json\/wp\/v2\/categories?post=201094"},{"taxonomy":"post_tag","embeddable":true,"href":"https:\/\/www.meydan.tv\/az\/wp-json\/wp\/v2\/tags?post=201094"}],"curies":[{"name":"wp","href":"https:\/\/api.w.org\/{rel}","templated":true}]}}