{"id":201068,"date":"2020-06-18T14:40:40","date_gmt":"2020-06-18T14:40:40","guid":{"rendered":"https:\/\/www.meydan.tv\/article\/su-teleb-etdik-amma-bizi-karantin-qaydalarini-pozmaga-gore-cerime-etdiler\/"},"modified":"2020-06-18T14:40:40","modified_gmt":"2020-06-18T14:40:40","slug":"su-teleb-etdik-amma-bizi-karantin-qaydalarini-pozmaga-gore-cerime-etdiler","status":"publish","type":"post","link":"https:\/\/www.meydan.tv\/az\/article\/su-teleb-etdik-amma-bizi-karantin-qaydalarini-pozmaga-gore-cerime-etdiler\/","title":{"rendered":"\u201cSu t\u0259l\u0259b etdik, amma bizi karantin qaydalar\u0131n\u0131 pozma\u011fa g\u00f6r\u0259 c\u0259rim\u0259 etdil\u0259r\u201d"},"content":{"rendered":"<p>\n  <i><br \/>\n    \u201c\u015eabran\u0131n Taxtalar k\u0259ndi iki ayd\u0131q susuzluqdan \u0259ziyy\u0259t \u00e7\u0259kir\u201d<br \/>\n  <\/i>\n<\/p>\n<p>\n  \u015eabran rayonunun Taxtalar k\u0259ndinin bir qrup sakini iyunun 18-d\u0259 icra hakimiyy\u0259ti binas\u0131 qar\u015f\u0131s\u0131nda aksiya ke\u00e7irm\u0259y\u0259 c\u0259hd edib.\n<\/p>\n<p>\n  Buna s\u0259b\u0259b k\u0259nd\u0259 iki aydan \u00e7ox m\u00fcdd\u0259td\u0259 suyun verilm\u0259m\u0259sidir.\n<\/p>\n<p>\n  Bu bar\u0259d\u0259 Meydan TV-y\u0259 dan\u0131\u015fan yerli sakin Nahid Aslanov bildirib ki, onlar \u201cAz\u0259rsu\u201dnun r\u0259smil\u0259ri il\u0259 g\u00f6r\u00fc\u015fs\u0259l\u0259r d\u0259, problem h\u0259llini tapmay\u0131b:\n<\/p>\n<p>\n  \u201cProblem yaln\u0131z i\u00e7m\u0259li suda deyil. Mal-qara, ba\u011f-bostan susuz qal\u0131b. Bizi \u0259vv\u0259l icra hakimiyy\u0259tin\u0259 \u00e7a\u011f\u0131rd\u0131lar. Zala d\u0259v\u0259t olunandan sonra karantin qaydalar\u0131n\u0131 pozmaqda ittiham etdil\u0259r. Guya, 10 n\u0259f\u0259rd\u0259n \u00e7ox g\u0259lmi\u015fik. Ard\u0131nca iki n\u0259f\u0259ri polis\u0259 apar\u0131b c\u0259rim\u0259 etdil\u0259r\u201d.\n<\/p>\n<p>\n  Nahid Aslanov deyib ki, \u0259vv\u0259ll\u0259r Taxtalar k\u0259ndind\u0259 su problemi olmay\u0131b v\u0259 problem son aylar yaran\u0131b.\n<\/p>\n<p>\n  Haqq\u0131nda c\u0259rim\u0259 h\u00f6km\u00fc \u00e7\u0131xar\u0131lan Samir R\u0259hmanov deyib ki, onu v\u0259 Nail A\u011fag\u00fclovu icra hakimiyy\u0259tind\u0259n polis\u0259, ard\u0131nca is\u0259 yerli m\u0259hk\u0259m\u0259y\u0259 apar\u0131blar:\n<\/p>\n<p>\n  \u201cAmma hakim n\u0259 q\u0259d\u0259r c\u0259rim\u0259 olundu\u011fumuzu s\u00f6yl\u0259m\u0259di. S\u0259b\u0259bini soru\u015fduqda, ayd\u0131n cavab almad\u0131q. Halbuki, biz icra hakimiyy\u0259tin\u0259 suyun niy\u0259 verilm\u0259m\u0259si s\u0259b\u0259bini \u00f6yr\u0259nm\u0259k \u00fc\u00e7\u00fcn getmi\u015fdik v\u0259 \u00f6zl\u0259ri d\u0259 bizi zala d\u0259v\u0259t etdil\u0259r. Ard\u0131nca polis \u00e7a\u011f\u0131r\u0131b dedil\u0259r ki, bunlar karantin qaydalar\u0131n\u0131 pozub, h\u00fccum edibl\u0259r\u201d.\n<\/p>\n<p>\n  Samir R\u0259hmanov rayon Polis \u0130dar\u0259sinin r\u0259is m\u00fcavini C\u0259mil N\u0259sirovun onlar\u0131n telefonunu ald\u0131\u011f\u0131n\u0131 bildirdi:\n<\/p>\n<p>\n  \u201cArd\u0131nca bizi t\u0259hdid etdi ki, bir daha bu t\u0259r\u0259fl\u0259rd\u0259 g\u00f6r\u00fcnm\u0259yin. 116 g\u00fcnd\u0259 k\u0259nd\u0259 41 ma\u015f\u0131n su g\u0259lib. Onu da kimin pulu varsa, s\u00fcr\u00fcc\u00fcy\u0259 verib apar\u0131b qap\u0131s\u0131na. Pulu olmayanlar is\u0259 susuz qal\u0131b\u201d, &#8211; o deyib.\n<\/p>\n<p>\n  Aksiyada i\u015ftirak ed\u0259n II qrup \u0259lil Z\u0259rnigar A\u011fayeva i\u00e7m\u0259li sudan \u0259lav\u0259, u\u015faqlar\u0131n\u0131 yuduzdurma\u011fa da suyun olmad\u0131\u011f\u0131n\u0131 deyib:\n<\/p>\n<p>\n  \u201cM\u0259n d\u00f6vl\u0259t\u0259 r\u0259hb\u0259rlik ed\u0259nl\u0259r\u0259 \u00fcz tutub deyir\u0259m. Haz\u0131rk\u0131 m\u0259nz\u0259r\u0259 f\u0259lak\u0259tdir. \u0130ki aydan \u00e7oxdur, mal-qara, ba\u011f-bostan susuz qal\u0131b. Bizim \u00e7\u00f6r\u0259yimiz bunlardan \u00e7\u0131x\u0131r. \u0259vv\u0259ll\u0259r cavanlar\u0131m\u0131z \u201ckaryerl\u0259r\u201dd\u0259 da\u015f at\u0131rd\u0131. \u0130ndi o da yoxdur, ba\u011flan\u0131b\u201d.\n<\/p>\n<p>\n  \u015eabran Rayon \u0130cra Hakimiyy\u0259ti ba\u015f\u00e7\u0131s\u0131n\u0131n m\u00fcavini Natavan Mustafayeva Taxtalar k\u0259nd sakinl\u0259rinin aksiya ke\u00e7irm\u0259si bar\u0259d\u0259 m\u0259lumat\u0131 t\u0259kzib edib:\n<\/p>\n<p>\n  \u201cAksiya ke\u00e7irilm\u0259yib, deyil\u0259nl\u0259r d\u0259 yanl\u0131\u015fd\u0131r\u201d.\n<\/p>\n<p>\n  Natavan Mustafayeva k\u0259ndin i\u00e7m\u0259li su probleminin \u00f6z h\u0259llini tapd\u0131\u011f\u0131n\u0131 bildirib:\n<\/p>\n<p>\n  \u201cY\u0259ni ma\u015f\u0131nlarla k\u0259nd\u0259 i\u00e7m\u0259li su da\u015f\u0131n\u0131r. M\u0259n icra ba\u015f\u00e7\u0131s\u0131n\u0131n m\u00fcavini kimi \u0259min edir\u0259m, he\u00e7 bir aksiya olmay\u0131b v\u0259 ma\u015f\u0131nlarla su da\u015f\u0131nmas\u0131 da t\u0259min olunub\u201d.<\/p>\n","protected":false},"excerpt":{"rendered":"<p>\u201cArd\u0131nca bizi t\u0259hdid etdi ki, bir daha bu t\u0259r\u0259fl\u0259rd\u0259 g\u00f6r\u00fcnm\u0259yin. 116 g\u00fcnd\u0259 k\u0259nd\u0259 41 ma\u015f\u0131n su g\u0259lib\u201d.<\/p>\n","protected":false},"author":11,"featured_media":143222,"comment_status":"closed","ping_status":"open","sticky":false,"template":"","format":"standard","meta":{"_acf_changed":false,"_sitemap_exclude":false,"_sitemap_priority":"","_sitemap_frequency":"","footnotes":""},"categories":[60],"tags":[],"class_list":["post-201068","post","type-post","status-publish","format-standard","has-post-thumbnail","hentry","category-bolge","infinite-scroll-item","generate-columns","tablet-grid-50","mobile-grid-100","grid-parent","grid-33","no-featured-image-padding"],"acf":[],"yoast_head":"<!-- This site is optimized with the Yoast SEO plugin v27.5 - https:\/\/yoast.com\/product\/yoast-seo-wordpress\/ -->\n<title>\u201cSu t\u0259l\u0259b etdik, amma bizi karantin qaydalar\u0131n\u0131 pozma\u011fa g\u00f6r\u0259 c\u0259rim\u0259 etdil\u0259r\u201d - MEYDAN.TV<\/title>\n<meta name=\"robots\" content=\"index, follow, max-snippet:-1, max-image-preview:large, max-video-preview:-1\" \/>\n<link rel=\"canonical\" href=\"https:\/\/www.meydan.tv\/az\/article\/su-teleb-etdik-amma-bizi-karantin-qaydalarini-pozmaga-gore-cerime-etdiler\/\" \/>\n<meta property=\"og:locale\" content=\"az_AZ\" \/>\n<meta property=\"og:type\" content=\"article\" \/>\n<meta property=\"og:title\" content=\"\u201cSu t\u0259l\u0259b etdik, amma bizi karantin qaydalar\u0131n\u0131 pozma\u011fa g\u00f6r\u0259 c\u0259rim\u0259 etdil\u0259r\u201d - MEYDAN.TV\" \/>\n<meta property=\"og:description\" content=\"\u201cArd\u0131nca bizi t\u0259hdid etdi ki, bir daha bu t\u0259r\u0259fl\u0259rd\u0259 g\u00f6r\u00fcnm\u0259yin. 116 g\u00fcnd\u0259 k\u0259nd\u0259 41 ma\u015f\u0131n su g\u0259lib\u201d.\" \/>\n<meta property=\"og:url\" content=\"https:\/\/www.meydan.tv\/az\/article\/su-teleb-etdik-amma-bizi-karantin-qaydalarini-pozmaga-gore-cerime-etdiler\/\" \/>\n<meta property=\"og:site_name\" content=\"MEYDAN.TV\" \/>\n<meta property=\"article:published_time\" content=\"2020-06-18T14:40:40+00:00\" \/>\n<meta property=\"og:image\" content=\"https:\/\/www.meydan.tv\/wp-content\/uploads\/untitled9__2__xbhm3uo.png\" \/>\n\t<meta property=\"og:image:width\" content=\"1000\" \/>\n\t<meta property=\"og:image:height\" content=\"555\" \/>\n\t<meta property=\"og:image:type\" content=\"image\/png\" \/>\n<meta name=\"author\" content=\"user-manager\" \/>\n<meta name=\"twitter:card\" content=\"summary_large_image\" \/>\n<script type=\"application\/ld+json\" class=\"yoast-schema-graph\">{\"@context\":\"https:\\\/\\\/schema.org\",\"@graph\":[{\"@type\":\"Article\",\"@id\":\"https:\\\/\\\/www.meydan.tv\\\/az\\\/article\\\/su-teleb-etdik-amma-bizi-karantin-qaydalarini-pozmaga-gore-cerime-etdiler\\\/#article\",\"isPartOf\":{\"@id\":\"https:\\\/\\\/www.meydan.tv\\\/az\\\/article\\\/su-teleb-etdik-amma-bizi-karantin-qaydalarini-pozmaga-gore-cerime-etdiler\\\/\"},\"author\":{\"name\":\"user-manager\",\"@id\":\"https:\\\/\\\/www.meydan.tv\\\/az\\\/#\\\/schema\\\/person\\\/10d11eccf6da3662cf5fdab9806ea91a\"},\"headline\":\"\u201cSu t\u0259l\u0259b etdik, amma bizi karantin qaydalar\u0131n\u0131 pozma\u011fa g\u00f6r\u0259 c\u0259rim\u0259 etdil\u0259r\u201d\",\"datePublished\":\"2020-06-18T14:40:40+00:00\",\"mainEntityOfPage\":{\"@id\":\"https:\\\/\\\/www.meydan.tv\\\/az\\\/article\\\/su-teleb-etdik-amma-bizi-karantin-qaydalarini-pozmaga-gore-cerime-etdiler\\\/\"},\"wordCount\":538,\"publisher\":{\"@id\":\"https:\\\/\\\/www.meydan.tv\\\/az\\\/#organization\"},\"image\":{\"@id\":\"https:\\\/\\\/www.meydan.tv\\\/az\\\/article\\\/su-teleb-etdik-amma-bizi-karantin-qaydalarini-pozmaga-gore-cerime-etdiler\\\/#primaryimage\"},\"thumbnailUrl\":\"https:\\\/\\\/www.meydan.tv\\\/wp-content\\\/uploads\\\/untitled9__2__xbhm3uo.png\",\"articleSection\":[\"B\u00f6lg\u0259\"],\"inLanguage\":\"az\"},{\"@type\":\"WebPage\",\"@id\":\"https:\\\/\\\/www.meydan.tv\\\/az\\\/article\\\/su-teleb-etdik-amma-bizi-karantin-qaydalarini-pozmaga-gore-cerime-etdiler\\\/\",\"url\":\"https:\\\/\\\/www.meydan.tv\\\/az\\\/article\\\/su-teleb-etdik-amma-bizi-karantin-qaydalarini-pozmaga-gore-cerime-etdiler\\\/\",\"name\":\"\u201cSu t\u0259l\u0259b etdik, amma bizi karantin qaydalar\u0131n\u0131 pozma\u011fa g\u00f6r\u0259 c\u0259rim\u0259 etdil\u0259r\u201d - MEYDAN.TV\",\"isPartOf\":{\"@id\":\"https:\\\/\\\/www.meydan.tv\\\/az\\\/#website\"},\"primaryImageOfPage\":{\"@id\":\"https:\\\/\\\/www.meydan.tv\\\/az\\\/article\\\/su-teleb-etdik-amma-bizi-karantin-qaydalarini-pozmaga-gore-cerime-etdiler\\\/#primaryimage\"},\"image\":{\"@id\":\"https:\\\/\\\/www.meydan.tv\\\/az\\\/article\\\/su-teleb-etdik-amma-bizi-karantin-qaydalarini-pozmaga-gore-cerime-etdiler\\\/#primaryimage\"},\"thumbnailUrl\":\"https:\\\/\\\/www.meydan.tv\\\/wp-content\\\/uploads\\\/untitled9__2__xbhm3uo.png\",\"datePublished\":\"2020-06-18T14:40:40+00:00\",\"breadcrumb\":{\"@id\":\"https:\\\/\\\/www.meydan.tv\\\/az\\\/article\\\/su-teleb-etdik-amma-bizi-karantin-qaydalarini-pozmaga-gore-cerime-etdiler\\\/#breadcrumb\"},\"inLanguage\":\"az\",\"potentialAction\":[{\"@type\":\"ReadAction\",\"target\":[\"https:\\\/\\\/www.meydan.tv\\\/az\\\/article\\\/su-teleb-etdik-amma-bizi-karantin-qaydalarini-pozmaga-gore-cerime-etdiler\\\/\"]}]},{\"@type\":\"ImageObject\",\"inLanguage\":\"az\",\"@id\":\"https:\\\/\\\/www.meydan.tv\\\/az\\\/article\\\/su-teleb-etdik-amma-bizi-karantin-qaydalarini-pozmaga-gore-cerime-etdiler\\\/#primaryimage\",\"url\":\"https:\\\/\\\/www.meydan.tv\\\/wp-content\\\/uploads\\\/untitled9__2__xbhm3uo.png\",\"contentUrl\":\"https:\\\/\\\/www.meydan.tv\\\/wp-content\\\/uploads\\\/untitled9__2__xbhm3uo.png\",\"width\":1000,\"height\":555,\"caption\":\"Source: Meydan TV\"},{\"@type\":\"BreadcrumbList\",\"@id\":\"https:\\\/\\\/www.meydan.tv\\\/az\\\/article\\\/su-teleb-etdik-amma-bizi-karantin-qaydalarini-pozmaga-gore-cerime-etdiler\\\/#breadcrumb\",\"itemListElement\":[{\"@type\":\"ListItem\",\"position\":1,\"name\":\"Ana s\u0259hif\u0259\",\"item\":\"https:\\\/\\\/www.meydan.tv\\\/az\\\/\"},{\"@type\":\"ListItem\",\"position\":2,\"name\":\"B\u00f6lg\u0259\",\"item\":\"https:\\\/\\\/www.meydan.tv\\\/az\\\/section\\\/bolge\\\/\"},{\"@type\":\"ListItem\",\"position\":3,\"name\":\"\u201cSu t\u0259l\u0259b etdik, amma bizi karantin qaydalar\u0131n\u0131 pozma\u011fa g\u00f6r\u0259 c\u0259rim\u0259 etdil\u0259r\u201d\"}]},{\"@type\":\"WebSite\",\"@id\":\"https:\\\/\\\/www.meydan.tv\\\/az\\\/#website\",\"url\":\"https:\\\/\\\/www.meydan.tv\\\/az\\\/\",\"name\":\"MEYDAN.TV\",\"description\":\"Meydan TV Az\u0259rbaycan\u0131n media m\u0259kan\u0131ndak\u0131 alternativ s\u0259sidir\",\"publisher\":{\"@id\":\"https:\\\/\\\/www.meydan.tv\\\/az\\\/#organization\"},\"potentialAction\":[{\"@type\":\"SearchAction\",\"target\":{\"@type\":\"EntryPoint\",\"urlTemplate\":\"https:\\\/\\\/www.meydan.tv\\\/az\\\/?s={search_term_string}\"},\"query-input\":{\"@type\":\"PropertyValueSpecification\",\"valueRequired\":true,\"valueName\":\"search_term_string\"}}],\"inLanguage\":\"az\"},{\"@type\":\"Organization\",\"@id\":\"https:\\\/\\\/www.meydan.tv\\\/az\\\/#organization\",\"name\":\"Meydan TV\",\"url\":\"https:\\\/\\\/www.meydan.tv\\\/az\\\/\",\"logo\":{\"@type\":\"ImageObject\",\"inLanguage\":\"az\",\"@id\":\"https:\\\/\\\/www.meydan.tv\\\/az\\\/#\\\/schema\\\/logo\\\/image\\\/\",\"url\":\"https:\\\/\\\/www.meydan.tv\\\/wp-content\\\/uploads\\\/2021\\\/07\\\/meydan-logo.svg\",\"contentUrl\":\"https:\\\/\\\/www.meydan.tv\\\/wp-content\\\/uploads\\\/2021\\\/07\\\/meydan-logo.svg\",\"width\":195,\"height\":46,\"caption\":\"Meydan TV\"},\"image\":{\"@id\":\"https:\\\/\\\/www.meydan.tv\\\/az\\\/#\\\/schema\\\/logo\\\/image\\\/\"}},{\"@type\":\"Person\",\"@id\":\"https:\\\/\\\/www.meydan.tv\\\/az\\\/#\\\/schema\\\/person\\\/10d11eccf6da3662cf5fdab9806ea91a\",\"name\":\"user-manager\"}]}<\/script>\n<!-- \/ Yoast SEO plugin. -->","yoast_head_json":{"title":"\u201cSu t\u0259l\u0259b etdik, amma bizi karantin qaydalar\u0131n\u0131 pozma\u011fa g\u00f6r\u0259 c\u0259rim\u0259 etdil\u0259r\u201d - MEYDAN.TV","robots":{"index":"index","follow":"follow","max-snippet":"max-snippet:-1","max-image-preview":"max-image-preview:large","max-video-preview":"max-video-preview:-1"},"canonical":"https:\/\/www.meydan.tv\/az\/article\/su-teleb-etdik-amma-bizi-karantin-qaydalarini-pozmaga-gore-cerime-etdiler\/","og_locale":"az_AZ","og_type":"article","og_title":"\u201cSu t\u0259l\u0259b etdik, amma bizi karantin qaydalar\u0131n\u0131 pozma\u011fa g\u00f6r\u0259 c\u0259rim\u0259 etdil\u0259r\u201d - MEYDAN.TV","og_description":"\u201cArd\u0131nca bizi t\u0259hdid etdi ki, bir daha bu t\u0259r\u0259fl\u0259rd\u0259 g\u00f6r\u00fcnm\u0259yin. 116 g\u00fcnd\u0259 k\u0259nd\u0259 41 ma\u015f\u0131n su g\u0259lib\u201d.","og_url":"https:\/\/www.meydan.tv\/az\/article\/su-teleb-etdik-amma-bizi-karantin-qaydalarini-pozmaga-gore-cerime-etdiler\/","og_site_name":"MEYDAN.TV","article_published_time":"2020-06-18T14:40:40+00:00","og_image":[{"width":1000,"height":555,"url":"https:\/\/www.meydan.tv\/wp-content\/uploads\/untitled9__2__xbhm3uo.png","type":"image\/png"}],"author":"user-manager","twitter_card":"summary_large_image","schema":{"@context":"https:\/\/schema.org","@graph":[{"@type":"Article","@id":"https:\/\/www.meydan.tv\/az\/article\/su-teleb-etdik-amma-bizi-karantin-qaydalarini-pozmaga-gore-cerime-etdiler\/#article","isPartOf":{"@id":"https:\/\/www.meydan.tv\/az\/article\/su-teleb-etdik-amma-bizi-karantin-qaydalarini-pozmaga-gore-cerime-etdiler\/"},"author":{"name":"user-manager","@id":"https:\/\/www.meydan.tv\/az\/#\/schema\/person\/10d11eccf6da3662cf5fdab9806ea91a"},"headline":"\u201cSu t\u0259l\u0259b etdik, amma bizi karantin qaydalar\u0131n\u0131 pozma\u011fa g\u00f6r\u0259 c\u0259rim\u0259 etdil\u0259r\u201d","datePublished":"2020-06-18T14:40:40+00:00","mainEntityOfPage":{"@id":"https:\/\/www.meydan.tv\/az\/article\/su-teleb-etdik-amma-bizi-karantin-qaydalarini-pozmaga-gore-cerime-etdiler\/"},"wordCount":538,"publisher":{"@id":"https:\/\/www.meydan.tv\/az\/#organization"},"image":{"@id":"https:\/\/www.meydan.tv\/az\/article\/su-teleb-etdik-amma-bizi-karantin-qaydalarini-pozmaga-gore-cerime-etdiler\/#primaryimage"},"thumbnailUrl":"https:\/\/www.meydan.tv\/wp-content\/uploads\/untitled9__2__xbhm3uo.png","articleSection":["B\u00f6lg\u0259"],"inLanguage":"az"},{"@type":"WebPage","@id":"https:\/\/www.meydan.tv\/az\/article\/su-teleb-etdik-amma-bizi-karantin-qaydalarini-pozmaga-gore-cerime-etdiler\/","url":"https:\/\/www.meydan.tv\/az\/article\/su-teleb-etdik-amma-bizi-karantin-qaydalarini-pozmaga-gore-cerime-etdiler\/","name":"\u201cSu t\u0259l\u0259b etdik, amma bizi karantin qaydalar\u0131n\u0131 pozma\u011fa g\u00f6r\u0259 c\u0259rim\u0259 etdil\u0259r\u201d - MEYDAN.TV","isPartOf":{"@id":"https:\/\/www.meydan.tv\/az\/#website"},"primaryImageOfPage":{"@id":"https:\/\/www.meydan.tv\/az\/article\/su-teleb-etdik-amma-bizi-karantin-qaydalarini-pozmaga-gore-cerime-etdiler\/#primaryimage"},"image":{"@id":"https:\/\/www.meydan.tv\/az\/article\/su-teleb-etdik-amma-bizi-karantin-qaydalarini-pozmaga-gore-cerime-etdiler\/#primaryimage"},"thumbnailUrl":"https:\/\/www.meydan.tv\/wp-content\/uploads\/untitled9__2__xbhm3uo.png","datePublished":"2020-06-18T14:40:40+00:00","breadcrumb":{"@id":"https:\/\/www.meydan.tv\/az\/article\/su-teleb-etdik-amma-bizi-karantin-qaydalarini-pozmaga-gore-cerime-etdiler\/#breadcrumb"},"inLanguage":"az","potentialAction":[{"@type":"ReadAction","target":["https:\/\/www.meydan.tv\/az\/article\/su-teleb-etdik-amma-bizi-karantin-qaydalarini-pozmaga-gore-cerime-etdiler\/"]}]},{"@type":"ImageObject","inLanguage":"az","@id":"https:\/\/www.meydan.tv\/az\/article\/su-teleb-etdik-amma-bizi-karantin-qaydalarini-pozmaga-gore-cerime-etdiler\/#primaryimage","url":"https:\/\/www.meydan.tv\/wp-content\/uploads\/untitled9__2__xbhm3uo.png","contentUrl":"https:\/\/www.meydan.tv\/wp-content\/uploads\/untitled9__2__xbhm3uo.png","width":1000,"height":555,"caption":"Source: Meydan TV"},{"@type":"BreadcrumbList","@id":"https:\/\/www.meydan.tv\/az\/article\/su-teleb-etdik-amma-bizi-karantin-qaydalarini-pozmaga-gore-cerime-etdiler\/#breadcrumb","itemListElement":[{"@type":"ListItem","position":1,"name":"Ana s\u0259hif\u0259","item":"https:\/\/www.meydan.tv\/az\/"},{"@type":"ListItem","position":2,"name":"B\u00f6lg\u0259","item":"https:\/\/www.meydan.tv\/az\/section\/bolge\/"},{"@type":"ListItem","position":3,"name":"\u201cSu t\u0259l\u0259b etdik, amma bizi karantin qaydalar\u0131n\u0131 pozma\u011fa g\u00f6r\u0259 c\u0259rim\u0259 etdil\u0259r\u201d"}]},{"@type":"WebSite","@id":"https:\/\/www.meydan.tv\/az\/#website","url":"https:\/\/www.meydan.tv\/az\/","name":"MEYDAN.TV","description":"Meydan TV Az\u0259rbaycan\u0131n media m\u0259kan\u0131ndak\u0131 alternativ s\u0259sidir","publisher":{"@id":"https:\/\/www.meydan.tv\/az\/#organization"},"potentialAction":[{"@type":"SearchAction","target":{"@type":"EntryPoint","urlTemplate":"https:\/\/www.meydan.tv\/az\/?s={search_term_string}"},"query-input":{"@type":"PropertyValueSpecification","valueRequired":true,"valueName":"search_term_string"}}],"inLanguage":"az"},{"@type":"Organization","@id":"https:\/\/www.meydan.tv\/az\/#organization","name":"Meydan TV","url":"https:\/\/www.meydan.tv\/az\/","logo":{"@type":"ImageObject","inLanguage":"az","@id":"https:\/\/www.meydan.tv\/az\/#\/schema\/logo\/image\/","url":"https:\/\/www.meydan.tv\/wp-content\/uploads\/2021\/07\/meydan-logo.svg","contentUrl":"https:\/\/www.meydan.tv\/wp-content\/uploads\/2021\/07\/meydan-logo.svg","width":195,"height":46,"caption":"Meydan TV"},"image":{"@id":"https:\/\/www.meydan.tv\/az\/#\/schema\/logo\/image\/"}},{"@type":"Person","@id":"https:\/\/www.meydan.tv\/az\/#\/schema\/person\/10d11eccf6da3662cf5fdab9806ea91a","name":"user-manager"}]}},"_links":{"self":[{"href":"https:\/\/www.meydan.tv\/az\/wp-json\/wp\/v2\/posts\/201068","targetHints":{"allow":["GET"]}}],"collection":[{"href":"https:\/\/www.meydan.tv\/az\/wp-json\/wp\/v2\/posts"}],"about":[{"href":"https:\/\/www.meydan.tv\/az\/wp-json\/wp\/v2\/types\/post"}],"author":[{"embeddable":true,"href":"https:\/\/www.meydan.tv\/az\/wp-json\/wp\/v2\/users\/11"}],"replies":[{"embeddable":true,"href":"https:\/\/www.meydan.tv\/az\/wp-json\/wp\/v2\/comments?post=201068"}],"version-history":[{"count":0,"href":"https:\/\/www.meydan.tv\/az\/wp-json\/wp\/v2\/posts\/201068\/revisions"}],"wp:featuredmedia":[{"embeddable":true,"href":"https:\/\/www.meydan.tv\/az\/wp-json\/wp\/v2\/media\/143222"}],"wp:attachment":[{"href":"https:\/\/www.meydan.tv\/az\/wp-json\/wp\/v2\/media?parent=201068"}],"wp:term":[{"taxonomy":"category","embeddable":true,"href":"https:\/\/www.meydan.tv\/az\/wp-json\/wp\/v2\/categories?post=201068"},{"taxonomy":"post_tag","embeddable":true,"href":"https:\/\/www.meydan.tv\/az\/wp-json\/wp\/v2\/tags?post=201068"}],"curies":[{"name":"wp","href":"https:\/\/api.w.org\/{rel}","templated":true}]}}