{"id":201032,"date":"2020-06-16T14:10:41","date_gmt":"2020-06-16T14:10:41","guid":{"rendered":"https:\/\/www.meydan.tv\/article\/huseynova-bacilari-prezident-deyir-kasiba-komek-edirik-biz-de-kasiblardan-biri\/"},"modified":"2020-06-16T14:10:41","modified_gmt":"2020-06-16T14:10:41","slug":"huseynova-bacilari-prezident-deyir-kasiba-komek-edirik-biz-de-kasiblardan-biri","status":"publish","type":"post","link":"https:\/\/www.meydan.tv\/az\/article\/huseynova-bacilari-prezident-deyir-kasiba-komek-edirik-biz-de-kasiblardan-biri\/","title":{"rendered":"H\u00fcseynova bac\u0131lar\u0131: Prezident deyir, kas\u0131ba k\u00f6m\u0259k edirik, biz d\u0259 kas\u0131blardan biri&#8230;"},"content":{"rendered":"<p>\n  <i><br \/>\n    \u201c\u0130ll\u0259rdir yalvar\u0131r\u0131q, biz\u0259 k\u00f6m\u0259k ed\u0259n yoxdur\u201d<br \/>\n  <\/i>\n<\/p>\n<p>\n  Ucar\u0131n Tofiq \u0130smay\u0131lov k\u00fc\u00e7\u0259sind\u0259 bir m\u0259h\u0259ll\u0259 var. Ucarl\u0131lar buran\u0131 \u201cfin evl\u0259ri\u201d kimi tan\u0131y\u0131rlar. Sakinl\u0259ri deyirl\u0259r ki, evl\u0259r \u0259haliy\u0259 Sovet d\u00f6n\u0259mind\u0259 verilib. H\u0259min vaxt rayonda t\u0259bii f\u0259lak\u0259t olub, sel g\u0259lib. Buna g\u00f6r\u0259 t\u0259l\u0259sik tikilib v\u0259 \u0259hali bu evl\u0259r\u0259 k\u00f6\u00e7\u00fcr\u00fcl\u00fcb. Sonradan kimin imkan\u0131 varsa, evi s\u00f6k\u00fcb yenid\u0259n tikib. Yaxud ba\u015fqa yerd\u0259n ev al\u0131b, k\u00f6\u00e7\u00fcb gedib. \u0130mkan\u0131 olmayan da bu g\u00fcn\u0259d\u0259k h\u0259min i\u00e7-i\u00e7\u0259, qaranl\u0131q, u\u00e7ulub t\u00f6k\u00fclm\u00fc\u015f evl\u0259rd\u0259 ya\u015fay\u0131r.\n<\/p>\n<p>\n  63 ya\u015fl\u0131 Kifay\u0259t H\u00fcseynovayla 60 ya\u015fl\u0131 bac\u0131s\u0131 N\u0259cab\u0259t H\u00fcseynova kimi&#8230;\n<\/p>\n<p>\n  H\u00fcseynova bac\u0131lar\u0131na ev valideynl\u0259rind\u0259n qal\u0131b. Ail\u0259 qurmayan bac\u0131lar, bu evd\u0259 b\u0259rab\u0259r ya\u015fay\u0131blar. Deyirl\u0259r ki, zamanla ev onlara probleml\u0259r yaratma\u011fa ba\u015flay\u0131b. 1961-ci ild\u0259 tikilmi\u015f ev art\u0131q istismar m\u00fcdd\u0259tini ba\u015fa vurub. \u0130ki n\u0259f\u0259rin ald\u0131\u011f\u0131 ayl\u0131q pensiya is\u0259 evi t\u0259mir etm\u0259y\u0259 yetmir.\n<\/p>\n<p>\n  \u201cEvimiz \u00e7ox pis durumdad\u0131r. Hamam\u0131m\u0131z, ayaqyolumuz bel\u0259 yoxdur. Bax\u0131n, t\u0259k bizim evimiz deyil, qalan evl\u0259rin ham\u0131s\u0131 u\u00e7ub-t\u00f6k\u00fcl\u00fcr. Ham\u0131s\u0131 eyni boyda, standart. Ham\u0131s\u0131 da k\u00f6hn\u0259lmi\u015f, pis g\u00fcn\u0259 qalm\u0131\u015f evl\u0259rdir. \u0130mkan\u0131 olan sonradan ev tikdirdi, ev ald\u0131 k\u00f6\u00e7d\u00fc. Bizim kimil\u0259r d\u0259 bu g\u00fcn\u0259 q\u0259d\u0259r qal\u0131b burada\u201d.\n<\/p>\n<figure class=\"wp-block-image size-large\">\n  <img decoding=\"async\" src=\"https:\/\/www.meydan.tv\/az\/image_from_ios__10_-jpg\/\" alt=\"image_from_ios__10_.jpg\" class=\"wp-image-143102\"\/><figcaption>\n    &#8220;Hamam\u0131m\u0131z, ayaqyolumuz bel\u0259 yoxdur&#8221;.<br \/>\n  <\/figcaption><\/figure>\n<p>\n  Bac\u0131lar\u0131n ayl\u0131q g\u0259lirl\u0259ri birg\u0259 400 manata yax\u0131nd\u0131r. Kifay\u0259t H\u00fcseynova deyir ki, bu pulla da 2 n\u0259f\u0259r ya\u015fl\u0131 adam iyn\u0259, d\u0259rman, \u0259rzaq v\u0259 kommunal x\u0259rcl\u0259rini g\u00fcc-b\u0259la t\u0259min edir:\n<\/p>\n<p>\n  \u201cO q\u0259d\u0259r g\u00fccl\u0259 \u00e7at\u0131r ki, q\u0131\u015fda qaz yand\u0131ra bilmirik. Yaz\u0131r dey\u0259, \u00e7\u00f6r-\u00e7\u00f6p, odun, a\u011fac q\u0131r\u0131nt\u0131lar\u0131 yand\u0131rmaqla ke\u00e7inirik. Biz bu q\u0259d\u0259r \u00e7\u0259tinlikl\u0259 dolanan adamlar\u0131q. Evi t\u0259mir etm\u0259y\u0259 g\u00fcc\u00fcm\u00fcz \u00e7atmaz. N\u0259 olar, d\u00f6vl\u0259t bu iki t\u0259k qad\u0131na yard\u0131m ets\u0259, d\u00fcnya da\u011f\u0131lmaz ki\u201d.\n<\/p>\n<p>\n  Bac\u0131lar aidiyyat\u0131 qurumlara m\u00fcraci\u0259t etdikl\u0259rini deyirl\u0259r. Ancaq bu g\u00fcn\u0259d\u0259k h\u0259r hans\u0131 bir k\u00f6m\u0259k g\u00f6rm\u0259yibl\u0259r:\n<\/p>\n<p>\n  \u201c\u0130cra hakimiyy\u0259tind\u0259n g\u0259lmi\u015fdil\u0259r. Baxd\u0131lar, \u00f6l\u00e7d\u00fcl\u0259r. T\u0259sdiql\u0259yibl\u0259r ki, h\u0259tta bu ev q\u0259zal\u0131d\u0131r, ya\u015fama\u011fa yarars\u0131zd\u0131r. Ancaq bir t\u0259dbir g\u00f6r\u0259n olmad\u0131. \u0130ll\u0259rdi bu q\u0259zal\u0131 evd\u0259 ya\u015fay\u0131r\u0131q. H\u0259r yeri d\u0259lik-de\u015fikdir. Yayda s\u00fcr\u00fcn\u0259n, si\u00e7ovul, k\u0259rt\u0259nk\u0259l\u0259 evin i\u00e7ind\u0259dir. Q\u0131\u015fda da dam\u0131 su ke\u00e7irir. H\u0259r yer\u0259 vedr\u0259 d\u00fczm\u0259kd\u0259n bezmi\u015fik\u201d.\n<\/p>\n<figure class=\"wp-block-image size-large\">\n  <img decoding=\"async\" src=\"https:\/\/www.meydan.tv\/az\/image_from_ios__8_-1-jpg\/\" alt=\"image_from_ios__8_ (1).jpg\" class=\"wp-image-143114\"\/><figcaption>\n    \u201c\u0130cra hakimiyy\u0259tind\u0259n g\u0259lmi\u015fdil\u0259r&#8221;.<br \/>\n  <\/figcaption><\/figure>\n<p>\n  Bac\u0131lar evin h\u0259m q\u0259zal\u0131, h\u0259m d\u0259 \u015f\u0259raitsiz olmas\u0131ndan gileyl\u0259nirl\u0259r. Deyirl\u0259r, otaqlar da i\u00e7-i\u00e7\u0259dir, qaranl\u0131qd\u0131r, dard\u0131r. H\u0259r yeri d\u0259 t\u00f6k\u00fcl\u00fcb da\u011f\u0131l\u0131r:\n<\/p>\n<p>\n  \u201cYa\u011f\u0131\u015f ya\u011fanda ayaqlar\u0131m\u0131z suyun i\u00e7ind\u0259 olur. Ya\u015fl\u0131 adamlar\u0131q. Dizl\u0259rimizi sar\u0131y\u0131r\u0131q ki, a\u011fr\u0131mas\u0131n. Belim d\u0259 x\u0259st\u0259dir. Y\u0131x\u0131lm\u0131\u015fam. Ondan sonra \u00f6z\u00fcm\u0259 g\u0259l\u0259 bilm\u0259mi\u015f\u0259m. E\u015fidir\u0259m, g\u00f6r\u00fcr\u0259m Prezident deyir ki, kas\u0131blara k\u00f6m\u0259k edirik. Biz d\u0259 kas\u0131bdan biri. Han\u0131, ill\u0259rdir yalvar\u0131r\u0131q. Biz\u0259 k\u00f6m\u0259k ed\u0259n yoxdur\u201d, &#8211; Kifay\u0259t H\u00fcseynova \u0259lav\u0259 edir.\n<\/p>\n<p>\n  Kifay\u0259t H\u00fcseynova bazarlardak\u0131 bahal\u0131qdan da naraz\u0131d\u0131r. Deyir, az qala h\u0259r g\u00fcn qiym\u0259tl\u0259rd\u0259 art\u0131m olur. Ancaq ayl\u0131q g\u0259lirl\u0259ri artm\u0131r:\n<\/p>\n<p>\n  \u201cG\u0259liri artmayan biri \u00fc\u00e7\u00fcn \u0259rzaq bahala\u015fmas\u0131n\u0131n n\u0259 dem\u0259k oldu\u011funu he\u00e7 dem\u0259yim. \u00c7\u0259tindir, ya\u015faya bilmirik. Bu, var olmaqd\u0131r, m\u00f6vcud olmaqd\u0131r, amma inan\u0131n, ya\u015famaq deyil. Pensiya he\u00e7 n\u0259y\u0259 \u00e7atm\u0131r. \u018frza\u011f\u0131 q\u0259na\u0259tl\u0259 i\u015fl\u0259tm\u0259kd\u0259n g\u00f6z\u00fcm\u00fcz d\u0259 yem\u0259kd\u0259 qal\u0131r. M\u0259s\u0259l\u0259n, h\u0259r \u015fey bir yana, belim \u0259m\u0259liyyat olmal\u0131d\u0131r, ancaq ad\u0131n\u0131 bel\u0259 tuta bimir\u0259m\u201d.\n<\/p>\n<figure class=\"wp-block-image size-large\">\n  <img decoding=\"async\" src=\"https:\/\/www.meydan.tv\/az\/image_from_ios__5_-jpg-2\/\" alt=\"image_from_ios__5_.jpg\" class=\"wp-image-143120\"\/><figcaption>\n    \u201cYa\u011f\u0131\u015f ya\u011fanda ayaqlar\u0131m\u0131z suyun i\u00e7ind\u0259 olur&#8221;.<br \/>\n  <\/figcaption><\/figure>\n<p>\n  Bac\u0131lar bir d\u0259f\u0259 \u00fcnvanl\u0131 sosial yard\u0131m \u00fc\u00e7\u00fcn m\u00fcraci\u0259t d\u0259 edibl\u0259r. \u201c\u018fg\u0259r u\u015fa\u011f\u0131n\u0131z yoxdursa, siz\u0259 d\u00fc\u015fm\u00fcr\u201d, &#8211; cavab\u0131n\u0131 al\u0131blar:\n<\/p>\n<p>\n  \u201cBu, u\u015faqpulu deyil ax\u0131, yard\u0131md\u0131r. U\u015fa\u011f\u0131m\u0131z yoxdur dey\u0259, \u00f6lm\u0259liyik? \u0130ndi bizimki d\u0259 bel\u0259 g\u0259tirib d\u0259. B\u0259xtimiz g\u0259tirm\u0259yib. D\u00f6\u015f\u0259m\u0259y\u0259 bax\u0131n, g\u0259z\u0259nd\u0259 aya\u011f\u0131n\u0131n alt\u0131ndan qa\u00e7\u0131r. Tavan \u00fcst\u00fcn\u0259 g\u0259lir. Alt\u0131 bo\u015fal\u0131b t\u0259miz. \u00dcst\u00fc pis g\u00fcnd\u0259dir. Bir g\u00fcn zirz\u0259miy\u0259 d\u00fc\u015f\u0259c\u0259yik. Yaz\u0131lan m\u0259ktublardan is\u0259 he\u00e7 dan\u0131\u015fmay\u0131b. Bezmi\u015f\u0259m m\u0259ktub yazmaqdan da, g\u00f6nd\u0259rm\u0259kd\u0259n d\u0259. Nolar, bir insafa g\u0259l\u0259l\u0259r, biz\u0259 d\u0259 bir yerd\u0259n ya\u015f\u0131l i\u015f\u0131q yand\u0131ralar\u201d.\n<\/p>\n<p>\n  Ucar Rayon \u0130cra Hakimiyy\u0259tinin S\u0259n\u0259dl\u0259rl\u0259 v\u0259 v\u0259t\u0259nda\u015flar\u0131n m\u00fcraci\u0259tl\u0259ri il\u0259 i\u015f \u015f\u00f6b\u0259sind\u0259n bildiribl\u0259r ki, q\u0259zal\u0131 evl\u0259rin t\u0259miri \u00fc\u00e7\u00fcn onlar\u0131n b\u00fcdc\u0259si yoxdur:\n<\/p>\n<figure class=\"wp-block-image size-large\">\n  <img decoding=\"async\" src=\"https:\/\/www.meydan.tv\/az\/image_from_ios__6_-jpg-2\/\" alt=\"image_from_ios__6_.jpg\" class=\"wp-image-143117\"\/><figcaption>\n    &#8220;Ham\u0131s\u0131 da k\u00f6hn\u0259lmi\u015f, pis g\u00fcn\u0259 qalm\u0131\u015f evl\u0259rdir&#8221;.<br \/>\n  <\/figcaption><\/figure>\n<p>\n  \u201c\u00dcmumiyy\u0259tl\u0259, bilin ki, d\u00f6vl\u0259tin bu istiqam\u0259td\u0259 ay\u0131rd\u0131\u011f\u0131 bir b\u00fcdc\u0259si yoxdur. T\u0259bii f\u0259lak\u0259t, yan\u011f\u0131n v\u0259 s. kimi ciddi hadis\u0259l\u0259rd\u0259 k\u00f6m\u0259k edilir. Ancaq q\u0259zal\u0131 v\u0259ziyy\u0259t\u0259 d\u00fc\u015f\u0259n evl\u0259 ba\u011fl\u0131 h\u0259r hans\u0131 b\u00fcdc\u0259miz yoxdur, k\u00f6m\u0259k ed\u0259 bilmirik\u201d.\n<\/p>\n<p>\n  Kifay\u0259t H\u00fcseynovaya g\u0259l\u0259n cavabda is\u0259 deyilir ki, icra hakimiyy\u0259ti ancaq yanan evl\u0259r\u0259 k\u00f6m\u0259k edir.\n<\/p>\n<p>\n  \u201cBu ev ba\u015f\u0131m\u0131za da u\u00e7sa, he\u00e7 n\u0259 ed\u0259n deyill\u0259r. M\u0259n bel\u0259 ba\u015fa d\u00fc\u015fd\u00fcm\u201d, &#8211; Kifay\u0259t H\u00fcseynova sonda bildirir.\n<\/p>\n<figure class=\"wp-block-image size-large\">\n  <img decoding=\"async\" src=\"https:\/\/www.meydan.tv\/az\/image_from_ios__7_\/\" alt=\"image_from_ios__7_\" class=\"wp-image-143111\"\/><figcaption>\n    Kifay\u0259t H\u00fcseynova<br \/>\n  <\/figcaption><\/figure>\n<figure class=\"wp-block-image size-large\">\n  <img decoding=\"async\" src=\"https:\/\/www.meydan.tv\/az\/image_from_ios__4_-jpg-3\/\" alt=\"image_from_ios__4_.jpg\" class=\"wp-image-143123\"\/><figcaption>\n    &#8220;Biz bu q\u0259d\u0259r \u00e7\u0259tinlikl\u0259 dolanan adamlar\u0131q&#8221;<br \/>\n  <\/figcaption><\/figure>\n<figure class=\"wp-block-image size-large\">\n  <img decoding=\"async\" src=\"https:\/\/www.meydan.tv\/az\/image_from_ios__2_-jpg-7\/\" alt=\"image_from_ios__2_.jpg\" class=\"wp-image-143129\"\/><figcaption>\n    &#8220;Qalan evl\u0259rin ham\u0131s\u0131 u\u00e7ub-t\u00f6k\u00fcl\u00fcr&#8221;.<br \/>\n  <\/figcaption><\/figure>\n<figure class=\"wp-block-image size-large\">\n  <img decoding=\"async\" src=\"https:\/\/www.meydan.tv\/az\/image_from_ios__3_-jpg-3\/\" alt=\"image_from_ios__3_.jpg\" class=\"wp-image-143126\"\/><figcaption>\n    &#8220;Tavan \u00fcst\u00fcn\u0259 g\u0259lir&#8221;.<br \/>\n  <\/figcaption><\/figure>\n","protected":false},"excerpt":{"rendered":"<p>\u201cBu ev ba\u015f\u0131m\u0131za da u\u00e7sa, he\u00e7 n\u0259 ed\u0259n deyill\u0259r&#8221;.<\/p>\n","protected":false},"author":11,"featured_media":143132,"comment_status":"closed","ping_status":"open","sticky":false,"template":"","format":"standard","meta":{"_acf_changed":false,"_sitemap_exclude":false,"_sitemap_priority":"","_sitemap_frequency":"","footnotes":""},"categories":[60],"tags":[],"class_list":["post-201032","post","type-post","status-publish","format-standard","has-post-thumbnail","hentry","category-bolge","infinite-scroll-item","generate-columns","tablet-grid-50","mobile-grid-100","grid-parent","grid-33","no-featured-image-padding"],"acf":[],"yoast_head":"<!-- This site is optimized with the Yoast SEO plugin v27.5 - https:\/\/yoast.com\/product\/yoast-seo-wordpress\/ -->\n<title>H\u00fcseynova bac\u0131lar\u0131: Prezident deyir, kas\u0131ba k\u00f6m\u0259k edirik, biz d\u0259 kas\u0131blardan biri... - MEYDAN.TV<\/title>\n<meta name=\"robots\" content=\"index, follow, max-snippet:-1, max-image-preview:large, max-video-preview:-1\" \/>\n<link rel=\"canonical\" href=\"https:\/\/www.meydan.tv\/az\/article\/huseynova-bacilari-prezident-deyir-kasiba-komek-edirik-biz-de-kasiblardan-biri\/\" \/>\n<meta property=\"og:locale\" content=\"az_AZ\" \/>\n<meta property=\"og:type\" content=\"article\" \/>\n<meta property=\"og:title\" content=\"H\u00fcseynova bac\u0131lar\u0131: Prezident deyir, kas\u0131ba k\u00f6m\u0259k edirik, biz d\u0259 kas\u0131blardan biri... - MEYDAN.TV\" \/>\n<meta property=\"og:description\" content=\"\u201cBu ev ba\u015f\u0131m\u0131za da u\u00e7sa, he\u00e7 n\u0259 ed\u0259n deyill\u0259r&quot;.\" \/>\n<meta property=\"og:url\" content=\"https:\/\/www.meydan.tv\/az\/article\/huseynova-bacilari-prezident-deyir-kasiba-komek-edirik-biz-de-kasiblardan-biri\/\" \/>\n<meta property=\"og:site_name\" content=\"MEYDAN.TV\" \/>\n<meta property=\"article:published_time\" content=\"2020-06-16T14:10:41+00:00\" \/>\n<meta property=\"og:image\" content=\"https:\/\/www.meydan.tv\/wp-content\/uploads\/image_from_ios__1__7s3qzxx-scaled.jpg\" \/>\n\t<meta property=\"og:image:width\" content=\"2560\" \/>\n\t<meta property=\"og:image:height\" content=\"1920\" \/>\n\t<meta property=\"og:image:type\" content=\"image\/jpeg\" \/>\n<meta name=\"author\" content=\"user-manager\" \/>\n<meta name=\"twitter:card\" content=\"summary_large_image\" \/>\n<script type=\"application\/ld+json\" class=\"yoast-schema-graph\">{\"@context\":\"https:\\\/\\\/schema.org\",\"@graph\":[{\"@type\":\"Article\",\"@id\":\"https:\\\/\\\/www.meydan.tv\\\/az\\\/article\\\/huseynova-bacilari-prezident-deyir-kasiba-komek-edirik-biz-de-kasiblardan-biri\\\/#article\",\"isPartOf\":{\"@id\":\"https:\\\/\\\/www.meydan.tv\\\/az\\\/article\\\/huseynova-bacilari-prezident-deyir-kasiba-komek-edirik-biz-de-kasiblardan-biri\\\/\"},\"author\":{\"name\":\"user-manager\",\"@id\":\"https:\\\/\\\/www.meydan.tv\\\/az\\\/#\\\/schema\\\/person\\\/10d11eccf6da3662cf5fdab9806ea91a\"},\"headline\":\"H\u00fcseynova bac\u0131lar\u0131: Prezident deyir, kas\u0131ba k\u00f6m\u0259k edirik, biz d\u0259 kas\u0131blardan biri&#8230;\",\"datePublished\":\"2020-06-16T14:10:41+00:00\",\"mainEntityOfPage\":{\"@id\":\"https:\\\/\\\/www.meydan.tv\\\/az\\\/article\\\/huseynova-bacilari-prezident-deyir-kasiba-komek-edirik-biz-de-kasiblardan-biri\\\/\"},\"wordCount\":1103,\"publisher\":{\"@id\":\"https:\\\/\\\/www.meydan.tv\\\/az\\\/#organization\"},\"image\":{\"@id\":\"https:\\\/\\\/www.meydan.tv\\\/az\\\/article\\\/huseynova-bacilari-prezident-deyir-kasiba-komek-edirik-biz-de-kasiblardan-biri\\\/#primaryimage\"},\"thumbnailUrl\":\"https:\\\/\\\/www.meydan.tv\\\/wp-content\\\/uploads\\\/image_from_ios__1__7s3qzxx-scaled.jpg\",\"articleSection\":[\"B\u00f6lg\u0259\"],\"inLanguage\":\"az\"},{\"@type\":\"WebPage\",\"@id\":\"https:\\\/\\\/www.meydan.tv\\\/az\\\/article\\\/huseynova-bacilari-prezident-deyir-kasiba-komek-edirik-biz-de-kasiblardan-biri\\\/\",\"url\":\"https:\\\/\\\/www.meydan.tv\\\/az\\\/article\\\/huseynova-bacilari-prezident-deyir-kasiba-komek-edirik-biz-de-kasiblardan-biri\\\/\",\"name\":\"H\u00fcseynova bac\u0131lar\u0131: Prezident deyir, kas\u0131ba k\u00f6m\u0259k edirik, biz d\u0259 kas\u0131blardan biri... - MEYDAN.TV\",\"isPartOf\":{\"@id\":\"https:\\\/\\\/www.meydan.tv\\\/az\\\/#website\"},\"primaryImageOfPage\":{\"@id\":\"https:\\\/\\\/www.meydan.tv\\\/az\\\/article\\\/huseynova-bacilari-prezident-deyir-kasiba-komek-edirik-biz-de-kasiblardan-biri\\\/#primaryimage\"},\"image\":{\"@id\":\"https:\\\/\\\/www.meydan.tv\\\/az\\\/article\\\/huseynova-bacilari-prezident-deyir-kasiba-komek-edirik-biz-de-kasiblardan-biri\\\/#primaryimage\"},\"thumbnailUrl\":\"https:\\\/\\\/www.meydan.tv\\\/wp-content\\\/uploads\\\/image_from_ios__1__7s3qzxx-scaled.jpg\",\"datePublished\":\"2020-06-16T14:10:41+00:00\",\"breadcrumb\":{\"@id\":\"https:\\\/\\\/www.meydan.tv\\\/az\\\/article\\\/huseynova-bacilari-prezident-deyir-kasiba-komek-edirik-biz-de-kasiblardan-biri\\\/#breadcrumb\"},\"inLanguage\":\"az\",\"potentialAction\":[{\"@type\":\"ReadAction\",\"target\":[\"https:\\\/\\\/www.meydan.tv\\\/az\\\/article\\\/huseynova-bacilari-prezident-deyir-kasiba-komek-edirik-biz-de-kasiblardan-biri\\\/\"]}]},{\"@type\":\"ImageObject\",\"inLanguage\":\"az\",\"@id\":\"https:\\\/\\\/www.meydan.tv\\\/az\\\/article\\\/huseynova-bacilari-prezident-deyir-kasiba-komek-edirik-biz-de-kasiblardan-biri\\\/#primaryimage\",\"url\":\"https:\\\/\\\/www.meydan.tv\\\/wp-content\\\/uploads\\\/image_from_ios__1__7s3qzxx-scaled.jpg\",\"contentUrl\":\"https:\\\/\\\/www.meydan.tv\\\/wp-content\\\/uploads\\\/image_from_ios__1__7s3qzxx-scaled.jpg\",\"width\":2560,\"height\":1920,\"caption\":\"Source: Specify Source\"},{\"@type\":\"BreadcrumbList\",\"@id\":\"https:\\\/\\\/www.meydan.tv\\\/az\\\/article\\\/huseynova-bacilari-prezident-deyir-kasiba-komek-edirik-biz-de-kasiblardan-biri\\\/#breadcrumb\",\"itemListElement\":[{\"@type\":\"ListItem\",\"position\":1,\"name\":\"Ana s\u0259hif\u0259\",\"item\":\"https:\\\/\\\/www.meydan.tv\\\/az\\\/\"},{\"@type\":\"ListItem\",\"position\":2,\"name\":\"B\u00f6lg\u0259\",\"item\":\"https:\\\/\\\/www.meydan.tv\\\/az\\\/section\\\/bolge\\\/\"},{\"@type\":\"ListItem\",\"position\":3,\"name\":\"H\u00fcseynova bac\u0131lar\u0131: Prezident deyir, kas\u0131ba k\u00f6m\u0259k edirik, biz d\u0259 kas\u0131blardan biri&#8230;\"}]},{\"@type\":\"WebSite\",\"@id\":\"https:\\\/\\\/www.meydan.tv\\\/az\\\/#website\",\"url\":\"https:\\\/\\\/www.meydan.tv\\\/az\\\/\",\"name\":\"MEYDAN.TV\",\"description\":\"Meydan TV Az\u0259rbaycan\u0131n media m\u0259kan\u0131ndak\u0131 alternativ s\u0259sidir\",\"publisher\":{\"@id\":\"https:\\\/\\\/www.meydan.tv\\\/az\\\/#organization\"},\"potentialAction\":[{\"@type\":\"SearchAction\",\"target\":{\"@type\":\"EntryPoint\",\"urlTemplate\":\"https:\\\/\\\/www.meydan.tv\\\/az\\\/?s={search_term_string}\"},\"query-input\":{\"@type\":\"PropertyValueSpecification\",\"valueRequired\":true,\"valueName\":\"search_term_string\"}}],\"inLanguage\":\"az\"},{\"@type\":\"Organization\",\"@id\":\"https:\\\/\\\/www.meydan.tv\\\/az\\\/#organization\",\"name\":\"Meydan TV\",\"url\":\"https:\\\/\\\/www.meydan.tv\\\/az\\\/\",\"logo\":{\"@type\":\"ImageObject\",\"inLanguage\":\"az\",\"@id\":\"https:\\\/\\\/www.meydan.tv\\\/az\\\/#\\\/schema\\\/logo\\\/image\\\/\",\"url\":\"https:\\\/\\\/www.meydan.tv\\\/wp-content\\\/uploads\\\/2021\\\/07\\\/meydan-logo.svg\",\"contentUrl\":\"https:\\\/\\\/www.meydan.tv\\\/wp-content\\\/uploads\\\/2021\\\/07\\\/meydan-logo.svg\",\"width\":195,\"height\":46,\"caption\":\"Meydan TV\"},\"image\":{\"@id\":\"https:\\\/\\\/www.meydan.tv\\\/az\\\/#\\\/schema\\\/logo\\\/image\\\/\"}},{\"@type\":\"Person\",\"@id\":\"https:\\\/\\\/www.meydan.tv\\\/az\\\/#\\\/schema\\\/person\\\/10d11eccf6da3662cf5fdab9806ea91a\",\"name\":\"user-manager\"}]}<\/script>\n<!-- \/ Yoast SEO plugin. -->","yoast_head_json":{"title":"H\u00fcseynova bac\u0131lar\u0131: Prezident deyir, kas\u0131ba k\u00f6m\u0259k edirik, biz d\u0259 kas\u0131blardan biri... - MEYDAN.TV","robots":{"index":"index","follow":"follow","max-snippet":"max-snippet:-1","max-image-preview":"max-image-preview:large","max-video-preview":"max-video-preview:-1"},"canonical":"https:\/\/www.meydan.tv\/az\/article\/huseynova-bacilari-prezident-deyir-kasiba-komek-edirik-biz-de-kasiblardan-biri\/","og_locale":"az_AZ","og_type":"article","og_title":"H\u00fcseynova bac\u0131lar\u0131: Prezident deyir, kas\u0131ba k\u00f6m\u0259k edirik, biz d\u0259 kas\u0131blardan biri... - MEYDAN.TV","og_description":"\u201cBu ev ba\u015f\u0131m\u0131za da u\u00e7sa, he\u00e7 n\u0259 ed\u0259n deyill\u0259r\".","og_url":"https:\/\/www.meydan.tv\/az\/article\/huseynova-bacilari-prezident-deyir-kasiba-komek-edirik-biz-de-kasiblardan-biri\/","og_site_name":"MEYDAN.TV","article_published_time":"2020-06-16T14:10:41+00:00","og_image":[{"width":2560,"height":1920,"url":"https:\/\/www.meydan.tv\/wp-content\/uploads\/image_from_ios__1__7s3qzxx-scaled.jpg","type":"image\/jpeg"}],"author":"user-manager","twitter_card":"summary_large_image","schema":{"@context":"https:\/\/schema.org","@graph":[{"@type":"Article","@id":"https:\/\/www.meydan.tv\/az\/article\/huseynova-bacilari-prezident-deyir-kasiba-komek-edirik-biz-de-kasiblardan-biri\/#article","isPartOf":{"@id":"https:\/\/www.meydan.tv\/az\/article\/huseynova-bacilari-prezident-deyir-kasiba-komek-edirik-biz-de-kasiblardan-biri\/"},"author":{"name":"user-manager","@id":"https:\/\/www.meydan.tv\/az\/#\/schema\/person\/10d11eccf6da3662cf5fdab9806ea91a"},"headline":"H\u00fcseynova bac\u0131lar\u0131: Prezident deyir, kas\u0131ba k\u00f6m\u0259k edirik, biz d\u0259 kas\u0131blardan biri&#8230;","datePublished":"2020-06-16T14:10:41+00:00","mainEntityOfPage":{"@id":"https:\/\/www.meydan.tv\/az\/article\/huseynova-bacilari-prezident-deyir-kasiba-komek-edirik-biz-de-kasiblardan-biri\/"},"wordCount":1103,"publisher":{"@id":"https:\/\/www.meydan.tv\/az\/#organization"},"image":{"@id":"https:\/\/www.meydan.tv\/az\/article\/huseynova-bacilari-prezident-deyir-kasiba-komek-edirik-biz-de-kasiblardan-biri\/#primaryimage"},"thumbnailUrl":"https:\/\/www.meydan.tv\/wp-content\/uploads\/image_from_ios__1__7s3qzxx-scaled.jpg","articleSection":["B\u00f6lg\u0259"],"inLanguage":"az"},{"@type":"WebPage","@id":"https:\/\/www.meydan.tv\/az\/article\/huseynova-bacilari-prezident-deyir-kasiba-komek-edirik-biz-de-kasiblardan-biri\/","url":"https:\/\/www.meydan.tv\/az\/article\/huseynova-bacilari-prezident-deyir-kasiba-komek-edirik-biz-de-kasiblardan-biri\/","name":"H\u00fcseynova bac\u0131lar\u0131: Prezident deyir, kas\u0131ba k\u00f6m\u0259k edirik, biz d\u0259 kas\u0131blardan biri... - MEYDAN.TV","isPartOf":{"@id":"https:\/\/www.meydan.tv\/az\/#website"},"primaryImageOfPage":{"@id":"https:\/\/www.meydan.tv\/az\/article\/huseynova-bacilari-prezident-deyir-kasiba-komek-edirik-biz-de-kasiblardan-biri\/#primaryimage"},"image":{"@id":"https:\/\/www.meydan.tv\/az\/article\/huseynova-bacilari-prezident-deyir-kasiba-komek-edirik-biz-de-kasiblardan-biri\/#primaryimage"},"thumbnailUrl":"https:\/\/www.meydan.tv\/wp-content\/uploads\/image_from_ios__1__7s3qzxx-scaled.jpg","datePublished":"2020-06-16T14:10:41+00:00","breadcrumb":{"@id":"https:\/\/www.meydan.tv\/az\/article\/huseynova-bacilari-prezident-deyir-kasiba-komek-edirik-biz-de-kasiblardan-biri\/#breadcrumb"},"inLanguage":"az","potentialAction":[{"@type":"ReadAction","target":["https:\/\/www.meydan.tv\/az\/article\/huseynova-bacilari-prezident-deyir-kasiba-komek-edirik-biz-de-kasiblardan-biri\/"]}]},{"@type":"ImageObject","inLanguage":"az","@id":"https:\/\/www.meydan.tv\/az\/article\/huseynova-bacilari-prezident-deyir-kasiba-komek-edirik-biz-de-kasiblardan-biri\/#primaryimage","url":"https:\/\/www.meydan.tv\/wp-content\/uploads\/image_from_ios__1__7s3qzxx-scaled.jpg","contentUrl":"https:\/\/www.meydan.tv\/wp-content\/uploads\/image_from_ios__1__7s3qzxx-scaled.jpg","width":2560,"height":1920,"caption":"Source: Specify Source"},{"@type":"BreadcrumbList","@id":"https:\/\/www.meydan.tv\/az\/article\/huseynova-bacilari-prezident-deyir-kasiba-komek-edirik-biz-de-kasiblardan-biri\/#breadcrumb","itemListElement":[{"@type":"ListItem","position":1,"name":"Ana s\u0259hif\u0259","item":"https:\/\/www.meydan.tv\/az\/"},{"@type":"ListItem","position":2,"name":"B\u00f6lg\u0259","item":"https:\/\/www.meydan.tv\/az\/section\/bolge\/"},{"@type":"ListItem","position":3,"name":"H\u00fcseynova bac\u0131lar\u0131: Prezident deyir, kas\u0131ba k\u00f6m\u0259k edirik, biz d\u0259 kas\u0131blardan biri&#8230;"}]},{"@type":"WebSite","@id":"https:\/\/www.meydan.tv\/az\/#website","url":"https:\/\/www.meydan.tv\/az\/","name":"MEYDAN.TV","description":"Meydan TV Az\u0259rbaycan\u0131n media m\u0259kan\u0131ndak\u0131 alternativ s\u0259sidir","publisher":{"@id":"https:\/\/www.meydan.tv\/az\/#organization"},"potentialAction":[{"@type":"SearchAction","target":{"@type":"EntryPoint","urlTemplate":"https:\/\/www.meydan.tv\/az\/?s={search_term_string}"},"query-input":{"@type":"PropertyValueSpecification","valueRequired":true,"valueName":"search_term_string"}}],"inLanguage":"az"},{"@type":"Organization","@id":"https:\/\/www.meydan.tv\/az\/#organization","name":"Meydan TV","url":"https:\/\/www.meydan.tv\/az\/","logo":{"@type":"ImageObject","inLanguage":"az","@id":"https:\/\/www.meydan.tv\/az\/#\/schema\/logo\/image\/","url":"https:\/\/www.meydan.tv\/wp-content\/uploads\/2021\/07\/meydan-logo.svg","contentUrl":"https:\/\/www.meydan.tv\/wp-content\/uploads\/2021\/07\/meydan-logo.svg","width":195,"height":46,"caption":"Meydan TV"},"image":{"@id":"https:\/\/www.meydan.tv\/az\/#\/schema\/logo\/image\/"}},{"@type":"Person","@id":"https:\/\/www.meydan.tv\/az\/#\/schema\/person\/10d11eccf6da3662cf5fdab9806ea91a","name":"user-manager"}]}},"_links":{"self":[{"href":"https:\/\/www.meydan.tv\/az\/wp-json\/wp\/v2\/posts\/201032","targetHints":{"allow":["GET"]}}],"collection":[{"href":"https:\/\/www.meydan.tv\/az\/wp-json\/wp\/v2\/posts"}],"about":[{"href":"https:\/\/www.meydan.tv\/az\/wp-json\/wp\/v2\/types\/post"}],"author":[{"embeddable":true,"href":"https:\/\/www.meydan.tv\/az\/wp-json\/wp\/v2\/users\/11"}],"replies":[{"embeddable":true,"href":"https:\/\/www.meydan.tv\/az\/wp-json\/wp\/v2\/comments?post=201032"}],"version-history":[{"count":0,"href":"https:\/\/www.meydan.tv\/az\/wp-json\/wp\/v2\/posts\/201032\/revisions"}],"wp:featuredmedia":[{"embeddable":true,"href":"https:\/\/www.meydan.tv\/az\/wp-json\/wp\/v2\/media\/143132"}],"wp:attachment":[{"href":"https:\/\/www.meydan.tv\/az\/wp-json\/wp\/v2\/media?parent=201032"}],"wp:term":[{"taxonomy":"category","embeddable":true,"href":"https:\/\/www.meydan.tv\/az\/wp-json\/wp\/v2\/categories?post=201032"},{"taxonomy":"post_tag","embeddable":true,"href":"https:\/\/www.meydan.tv\/az\/wp-json\/wp\/v2\/tags?post=201032"}],"curies":[{"name":"wp","href":"https:\/\/api.w.org\/{rel}","templated":true}]}}