{"id":201030,"date":"2020-06-16T15:09:17","date_gmt":"2020-06-16T15:09:17","guid":{"rendered":"https:\/\/www.meydan.tv\/article\/lider-telekanali-ve-radiosu-muflis-elan-edildi\/"},"modified":"2020-06-16T15:09:17","modified_gmt":"2020-06-16T15:09:17","slug":"lider-telekanali-ve-radiosu-muflis-elan-edildi","status":"publish","type":"post","link":"https:\/\/www.meydan.tv\/az\/article\/lider-telekanali-ve-radiosu-muflis-elan-edildi\/","title":{"rendered":"\u201cLider\u201d telekanal\u0131 v\u0259 radiosu m\u00fcflis elan edildi"},"content":{"rendered":"<p>\n  <i><br \/>\n    M\u0259hk\u0259m\u0259 telekanalla ba\u011fl\u0131 q\u0259rar \u00e7\u0131xar\u0131b<br \/>\n  <\/i>\n<\/p>\n<p>\n  \u201cLider TV v\u0259 Radio-Az\u0259rbaycan\u201d MMC m\u00fcflis elan edilib. \u0130yunun 16-da Bak\u0131 Kommersiya M\u0259hk\u0259m\u0259sind\u0259 hakim \u0130lham \u018fhm\u0259dov bu bar\u0259d\u0259 q\u0259rar \u00e7\u0131xar\u0131b. Q\u0259rara \u0259sas\u0259n, \u201cLider\u201d\u0259 \u0259mlak inzibat\u00e7\u0131s\u0131 da t\u0259yin edilib.\n<\/p>\n<p>\n  Bu q\u0259rar N\u0259qliyyat, Rabit\u0259 v\u0259 Y\u00fcks\u0259k Texnologiyalar Nazirliyinin tabeliyind\u0259ki \u201cRadio-Televiziya Yay\u0131m\u0131 v\u0259 Peyk Rabit\u0259si\u201d \u0130stehsalat Birliyinin iddias\u0131 \u0259sas\u0131nda \u00e7\u0131xar\u0131l\u0131b.\n<\/p>\n<p>\n  \u201cTeleradio\u201d \u0130stehsalat Birliyi iddia \u0259riz\u0259sind\u0259 g\u00f6st\u0259rib ki, \u201cLider TV v\u0259 Radio-Az\u0259rbaycan\u201d MMC m\u00fcqavil\u0259 \u00f6hd\u0259likl\u0259rin\u0259 \u0259m\u0259l ed\u0259 bilmir. Ona g\u00f6r\u0259 d\u0259 m\u00fcflis elan edilm\u0259lidir. \u018fmlak inzibat\u00e7\u0131s\u0131n\u0131n t\u0259yin olunmas\u0131na g\u0259linc\u0259, \u015firk\u0259tin m\u00fclkiyy\u0259tind\u0259 olan \u0259mlak qiym\u0259tl\u0259ndiril\u0259c\u0259k v\u0259 \u00f6hd\u0259likl\u0259rin icras\u0131na y\u00f6n\u0259ldil\u0259c\u0259k.\n<\/p>\n<p>\n  \u201cLider\u201d telekanal\u0131nda maliyy\u0259 durumunun a\u011f\u0131r olmas\u0131, \u0259m\u0259kda\u015flar\u0131n \u00f6z hesab\u0131na m\u0259zuniyy\u0259t\u0259 g\u00f6nd\u0259rilm\u0259si bar\u0259d\u0259 x\u0259b\u0259rl\u0259r xeyli vaxtd\u0131r ki, yay\u0131l\u0131b.\n<\/p>\n<p>\n  \u201cLider\u201d telekanal\u0131 2000-ci ilin sentyabr\u0131ndan efird\u0259dir. Lakin \u201cLider TV v\u0259 Radio-Az\u0259rbaycan\u201d MMC bundan \u00f6nc\u0259 &#8211; 1999-cu ild\u0259 t\u0259sis olunub. \u015eirk\u0259tin r\u0259hb\u0259ri \u018fdal\u0259t \u018fliyev prezidentin m\u0259rhum \u0259misi H\u00fcseyn \u018fliyevin n\u0259v\u0259sidir.<\/p>\n","protected":false},"excerpt":{"rendered":"<p>\u201cTeleradio\u201d \u0130stehsalat Birliyi iddia \u0259riz\u0259sind\u0259 g\u00f6st\u0259rib ki, \u201cLider TV v\u0259 Radio-Az\u0259rbaycan\u201d MMC m\u00fcqavil\u0259 \u00f6hd\u0259likl\u0259rin\u0259 \u0259m\u0259l ed\u0259 bilmir.<\/p>\n","protected":false},"author":11,"featured_media":143135,"comment_status":"closed","ping_status":"open","sticky":false,"template":"","format":"standard","meta":{"_acf_changed":false,"_sitemap_exclude":false,"_sitemap_priority":"","_sitemap_frequency":"","footnotes":""},"categories":[59],"tags":[],"class_list":["post-201030","post","type-post","status-publish","format-standard","has-post-thumbnail","hentry","category-siyaset","infinite-scroll-item","generate-columns","tablet-grid-50","mobile-grid-100","grid-parent","grid-33","no-featured-image-padding"],"acf":[],"yoast_head":"<!-- This site is optimized with the Yoast SEO plugin v27.5 - https:\/\/yoast.com\/product\/yoast-seo-wordpress\/ -->\n<title>\u201cLider\u201d telekanal\u0131 v\u0259 radiosu m\u00fcflis elan edildi - MEYDAN.TV<\/title>\n<meta name=\"robots\" content=\"index, follow, max-snippet:-1, max-image-preview:large, max-video-preview:-1\" \/>\n<link rel=\"canonical\" href=\"https:\/\/www.meydan.tv\/az\/article\/lider-telekanali-ve-radiosu-muflis-elan-edildi\/\" \/>\n<meta property=\"og:locale\" content=\"az_AZ\" \/>\n<meta property=\"og:type\" content=\"article\" \/>\n<meta property=\"og:title\" content=\"\u201cLider\u201d telekanal\u0131 v\u0259 radiosu m\u00fcflis elan edildi - MEYDAN.TV\" \/>\n<meta property=\"og:description\" content=\"\u201cTeleradio\u201d \u0130stehsalat Birliyi iddia \u0259riz\u0259sind\u0259 g\u00f6st\u0259rib ki, \u201cLider TV v\u0259 Radio-Az\u0259rbaycan\u201d MMC m\u00fcqavil\u0259 \u00f6hd\u0259likl\u0259rin\u0259 \u0259m\u0259l ed\u0259 bilmir.\" \/>\n<meta property=\"og:url\" content=\"https:\/\/www.meydan.tv\/az\/article\/lider-telekanali-ve-radiosu-muflis-elan-edildi\/\" \/>\n<meta property=\"og:site_name\" content=\"MEYDAN.TV\" \/>\n<meta property=\"article:published_time\" content=\"2020-06-16T15:09:17+00:00\" \/>\n<meta property=\"og:image\" content=\"https:\/\/www.meydan.tv\/wp-content\/uploads\/lider_two8tyo.jpg\" \/>\n\t<meta property=\"og:image:width\" content=\"727\" \/>\n\t<meta property=\"og:image:height\" content=\"480\" \/>\n\t<meta property=\"og:image:type\" content=\"image\/jpeg\" \/>\n<meta name=\"author\" content=\"user-manager\" \/>\n<meta name=\"twitter:card\" content=\"summary_large_image\" \/>\n<script type=\"application\/ld+json\" class=\"yoast-schema-graph\">{\"@context\":\"https:\\\/\\\/schema.org\",\"@graph\":[{\"@type\":\"Article\",\"@id\":\"https:\\\/\\\/www.meydan.tv\\\/az\\\/article\\\/lider-telekanali-ve-radiosu-muflis-elan-edildi\\\/#article\",\"isPartOf\":{\"@id\":\"https:\\\/\\\/www.meydan.tv\\\/az\\\/article\\\/lider-telekanali-ve-radiosu-muflis-elan-edildi\\\/\"},\"author\":{\"name\":\"user-manager\",\"@id\":\"https:\\\/\\\/www.meydan.tv\\\/az\\\/#\\\/schema\\\/person\\\/10d11eccf6da3662cf5fdab9806ea91a\"},\"headline\":\"\u201cLider\u201d telekanal\u0131 v\u0259 radiosu m\u00fcflis elan edildi\",\"datePublished\":\"2020-06-16T15:09:17+00:00\",\"mainEntityOfPage\":{\"@id\":\"https:\\\/\\\/www.meydan.tv\\\/az\\\/article\\\/lider-telekanali-ve-radiosu-muflis-elan-edildi\\\/\"},\"wordCount\":232,\"publisher\":{\"@id\":\"https:\\\/\\\/www.meydan.tv\\\/az\\\/#organization\"},\"image\":{\"@id\":\"https:\\\/\\\/www.meydan.tv\\\/az\\\/article\\\/lider-telekanali-ve-radiosu-muflis-elan-edildi\\\/#primaryimage\"},\"thumbnailUrl\":\"https:\\\/\\\/www.meydan.tv\\\/wp-content\\\/uploads\\\/lider_two8tyo.jpg\",\"articleSection\":[\"Siyas\u0259t\"],\"inLanguage\":\"az\"},{\"@type\":\"WebPage\",\"@id\":\"https:\\\/\\\/www.meydan.tv\\\/az\\\/article\\\/lider-telekanali-ve-radiosu-muflis-elan-edildi\\\/\",\"url\":\"https:\\\/\\\/www.meydan.tv\\\/az\\\/article\\\/lider-telekanali-ve-radiosu-muflis-elan-edildi\\\/\",\"name\":\"\u201cLider\u201d telekanal\u0131 v\u0259 radiosu m\u00fcflis elan edildi - MEYDAN.TV\",\"isPartOf\":{\"@id\":\"https:\\\/\\\/www.meydan.tv\\\/az\\\/#website\"},\"primaryImageOfPage\":{\"@id\":\"https:\\\/\\\/www.meydan.tv\\\/az\\\/article\\\/lider-telekanali-ve-radiosu-muflis-elan-edildi\\\/#primaryimage\"},\"image\":{\"@id\":\"https:\\\/\\\/www.meydan.tv\\\/az\\\/article\\\/lider-telekanali-ve-radiosu-muflis-elan-edildi\\\/#primaryimage\"},\"thumbnailUrl\":\"https:\\\/\\\/www.meydan.tv\\\/wp-content\\\/uploads\\\/lider_two8tyo.jpg\",\"datePublished\":\"2020-06-16T15:09:17+00:00\",\"breadcrumb\":{\"@id\":\"https:\\\/\\\/www.meydan.tv\\\/az\\\/article\\\/lider-telekanali-ve-radiosu-muflis-elan-edildi\\\/#breadcrumb\"},\"inLanguage\":\"az\",\"potentialAction\":[{\"@type\":\"ReadAction\",\"target\":[\"https:\\\/\\\/www.meydan.tv\\\/az\\\/article\\\/lider-telekanali-ve-radiosu-muflis-elan-edildi\\\/\"]}]},{\"@type\":\"ImageObject\",\"inLanguage\":\"az\",\"@id\":\"https:\\\/\\\/www.meydan.tv\\\/az\\\/article\\\/lider-telekanali-ve-radiosu-muflis-elan-edildi\\\/#primaryimage\",\"url\":\"https:\\\/\\\/www.meydan.tv\\\/wp-content\\\/uploads\\\/lider_two8tyo.jpg\",\"contentUrl\":\"https:\\\/\\\/www.meydan.tv\\\/wp-content\\\/uploads\\\/lider_two8tyo.jpg\",\"width\":727,\"height\":480,\"caption\":\"Source: \u0410\u0440\u0445\u0438\u0432\"},{\"@type\":\"BreadcrumbList\",\"@id\":\"https:\\\/\\\/www.meydan.tv\\\/az\\\/article\\\/lider-telekanali-ve-radiosu-muflis-elan-edildi\\\/#breadcrumb\",\"itemListElement\":[{\"@type\":\"ListItem\",\"position\":1,\"name\":\"Ana s\u0259hif\u0259\",\"item\":\"https:\\\/\\\/www.meydan.tv\\\/az\\\/\"},{\"@type\":\"ListItem\",\"position\":2,\"name\":\"Siyas\u0259t\",\"item\":\"https:\\\/\\\/www.meydan.tv\\\/az\\\/section\\\/siyaset\\\/\"},{\"@type\":\"ListItem\",\"position\":3,\"name\":\"\u201cLider\u201d telekanal\u0131 v\u0259 radiosu m\u00fcflis elan edildi\"}]},{\"@type\":\"WebSite\",\"@id\":\"https:\\\/\\\/www.meydan.tv\\\/az\\\/#website\",\"url\":\"https:\\\/\\\/www.meydan.tv\\\/az\\\/\",\"name\":\"MEYDAN.TV\",\"description\":\"Meydan TV Az\u0259rbaycan\u0131n media m\u0259kan\u0131ndak\u0131 alternativ s\u0259sidir\",\"publisher\":{\"@id\":\"https:\\\/\\\/www.meydan.tv\\\/az\\\/#organization\"},\"potentialAction\":[{\"@type\":\"SearchAction\",\"target\":{\"@type\":\"EntryPoint\",\"urlTemplate\":\"https:\\\/\\\/www.meydan.tv\\\/az\\\/?s={search_term_string}\"},\"query-input\":{\"@type\":\"PropertyValueSpecification\",\"valueRequired\":true,\"valueName\":\"search_term_string\"}}],\"inLanguage\":\"az\"},{\"@type\":\"Organization\",\"@id\":\"https:\\\/\\\/www.meydan.tv\\\/az\\\/#organization\",\"name\":\"Meydan TV\",\"url\":\"https:\\\/\\\/www.meydan.tv\\\/az\\\/\",\"logo\":{\"@type\":\"ImageObject\",\"inLanguage\":\"az\",\"@id\":\"https:\\\/\\\/www.meydan.tv\\\/az\\\/#\\\/schema\\\/logo\\\/image\\\/\",\"url\":\"https:\\\/\\\/www.meydan.tv\\\/wp-content\\\/uploads\\\/2021\\\/07\\\/meydan-logo.svg\",\"contentUrl\":\"https:\\\/\\\/www.meydan.tv\\\/wp-content\\\/uploads\\\/2021\\\/07\\\/meydan-logo.svg\",\"width\":195,\"height\":46,\"caption\":\"Meydan TV\"},\"image\":{\"@id\":\"https:\\\/\\\/www.meydan.tv\\\/az\\\/#\\\/schema\\\/logo\\\/image\\\/\"}},{\"@type\":\"Person\",\"@id\":\"https:\\\/\\\/www.meydan.tv\\\/az\\\/#\\\/schema\\\/person\\\/10d11eccf6da3662cf5fdab9806ea91a\",\"name\":\"user-manager\"}]}<\/script>\n<!-- \/ Yoast SEO plugin. -->","yoast_head_json":{"title":"\u201cLider\u201d telekanal\u0131 v\u0259 radiosu m\u00fcflis elan edildi - MEYDAN.TV","robots":{"index":"index","follow":"follow","max-snippet":"max-snippet:-1","max-image-preview":"max-image-preview:large","max-video-preview":"max-video-preview:-1"},"canonical":"https:\/\/www.meydan.tv\/az\/article\/lider-telekanali-ve-radiosu-muflis-elan-edildi\/","og_locale":"az_AZ","og_type":"article","og_title":"\u201cLider\u201d telekanal\u0131 v\u0259 radiosu m\u00fcflis elan edildi - MEYDAN.TV","og_description":"\u201cTeleradio\u201d \u0130stehsalat Birliyi iddia \u0259riz\u0259sind\u0259 g\u00f6st\u0259rib ki, \u201cLider TV v\u0259 Radio-Az\u0259rbaycan\u201d MMC m\u00fcqavil\u0259 \u00f6hd\u0259likl\u0259rin\u0259 \u0259m\u0259l ed\u0259 bilmir.","og_url":"https:\/\/www.meydan.tv\/az\/article\/lider-telekanali-ve-radiosu-muflis-elan-edildi\/","og_site_name":"MEYDAN.TV","article_published_time":"2020-06-16T15:09:17+00:00","og_image":[{"width":727,"height":480,"url":"https:\/\/www.meydan.tv\/wp-content\/uploads\/lider_two8tyo.jpg","type":"image\/jpeg"}],"author":"user-manager","twitter_card":"summary_large_image","schema":{"@context":"https:\/\/schema.org","@graph":[{"@type":"Article","@id":"https:\/\/www.meydan.tv\/az\/article\/lider-telekanali-ve-radiosu-muflis-elan-edildi\/#article","isPartOf":{"@id":"https:\/\/www.meydan.tv\/az\/article\/lider-telekanali-ve-radiosu-muflis-elan-edildi\/"},"author":{"name":"user-manager","@id":"https:\/\/www.meydan.tv\/az\/#\/schema\/person\/10d11eccf6da3662cf5fdab9806ea91a"},"headline":"\u201cLider\u201d telekanal\u0131 v\u0259 radiosu m\u00fcflis elan edildi","datePublished":"2020-06-16T15:09:17+00:00","mainEntityOfPage":{"@id":"https:\/\/www.meydan.tv\/az\/article\/lider-telekanali-ve-radiosu-muflis-elan-edildi\/"},"wordCount":232,"publisher":{"@id":"https:\/\/www.meydan.tv\/az\/#organization"},"image":{"@id":"https:\/\/www.meydan.tv\/az\/article\/lider-telekanali-ve-radiosu-muflis-elan-edildi\/#primaryimage"},"thumbnailUrl":"https:\/\/www.meydan.tv\/wp-content\/uploads\/lider_two8tyo.jpg","articleSection":["Siyas\u0259t"],"inLanguage":"az"},{"@type":"WebPage","@id":"https:\/\/www.meydan.tv\/az\/article\/lider-telekanali-ve-radiosu-muflis-elan-edildi\/","url":"https:\/\/www.meydan.tv\/az\/article\/lider-telekanali-ve-radiosu-muflis-elan-edildi\/","name":"\u201cLider\u201d telekanal\u0131 v\u0259 radiosu m\u00fcflis elan edildi - MEYDAN.TV","isPartOf":{"@id":"https:\/\/www.meydan.tv\/az\/#website"},"primaryImageOfPage":{"@id":"https:\/\/www.meydan.tv\/az\/article\/lider-telekanali-ve-radiosu-muflis-elan-edildi\/#primaryimage"},"image":{"@id":"https:\/\/www.meydan.tv\/az\/article\/lider-telekanali-ve-radiosu-muflis-elan-edildi\/#primaryimage"},"thumbnailUrl":"https:\/\/www.meydan.tv\/wp-content\/uploads\/lider_two8tyo.jpg","datePublished":"2020-06-16T15:09:17+00:00","breadcrumb":{"@id":"https:\/\/www.meydan.tv\/az\/article\/lider-telekanali-ve-radiosu-muflis-elan-edildi\/#breadcrumb"},"inLanguage":"az","potentialAction":[{"@type":"ReadAction","target":["https:\/\/www.meydan.tv\/az\/article\/lider-telekanali-ve-radiosu-muflis-elan-edildi\/"]}]},{"@type":"ImageObject","inLanguage":"az","@id":"https:\/\/www.meydan.tv\/az\/article\/lider-telekanali-ve-radiosu-muflis-elan-edildi\/#primaryimage","url":"https:\/\/www.meydan.tv\/wp-content\/uploads\/lider_two8tyo.jpg","contentUrl":"https:\/\/www.meydan.tv\/wp-content\/uploads\/lider_two8tyo.jpg","width":727,"height":480,"caption":"Source: \u0410\u0440\u0445\u0438\u0432"},{"@type":"BreadcrumbList","@id":"https:\/\/www.meydan.tv\/az\/article\/lider-telekanali-ve-radiosu-muflis-elan-edildi\/#breadcrumb","itemListElement":[{"@type":"ListItem","position":1,"name":"Ana s\u0259hif\u0259","item":"https:\/\/www.meydan.tv\/az\/"},{"@type":"ListItem","position":2,"name":"Siyas\u0259t","item":"https:\/\/www.meydan.tv\/az\/section\/siyaset\/"},{"@type":"ListItem","position":3,"name":"\u201cLider\u201d telekanal\u0131 v\u0259 radiosu m\u00fcflis elan edildi"}]},{"@type":"WebSite","@id":"https:\/\/www.meydan.tv\/az\/#website","url":"https:\/\/www.meydan.tv\/az\/","name":"MEYDAN.TV","description":"Meydan TV Az\u0259rbaycan\u0131n media m\u0259kan\u0131ndak\u0131 alternativ s\u0259sidir","publisher":{"@id":"https:\/\/www.meydan.tv\/az\/#organization"},"potentialAction":[{"@type":"SearchAction","target":{"@type":"EntryPoint","urlTemplate":"https:\/\/www.meydan.tv\/az\/?s={search_term_string}"},"query-input":{"@type":"PropertyValueSpecification","valueRequired":true,"valueName":"search_term_string"}}],"inLanguage":"az"},{"@type":"Organization","@id":"https:\/\/www.meydan.tv\/az\/#organization","name":"Meydan TV","url":"https:\/\/www.meydan.tv\/az\/","logo":{"@type":"ImageObject","inLanguage":"az","@id":"https:\/\/www.meydan.tv\/az\/#\/schema\/logo\/image\/","url":"https:\/\/www.meydan.tv\/wp-content\/uploads\/2021\/07\/meydan-logo.svg","contentUrl":"https:\/\/www.meydan.tv\/wp-content\/uploads\/2021\/07\/meydan-logo.svg","width":195,"height":46,"caption":"Meydan TV"},"image":{"@id":"https:\/\/www.meydan.tv\/az\/#\/schema\/logo\/image\/"}},{"@type":"Person","@id":"https:\/\/www.meydan.tv\/az\/#\/schema\/person\/10d11eccf6da3662cf5fdab9806ea91a","name":"user-manager"}]}},"_links":{"self":[{"href":"https:\/\/www.meydan.tv\/az\/wp-json\/wp\/v2\/posts\/201030","targetHints":{"allow":["GET"]}}],"collection":[{"href":"https:\/\/www.meydan.tv\/az\/wp-json\/wp\/v2\/posts"}],"about":[{"href":"https:\/\/www.meydan.tv\/az\/wp-json\/wp\/v2\/types\/post"}],"author":[{"embeddable":true,"href":"https:\/\/www.meydan.tv\/az\/wp-json\/wp\/v2\/users\/11"}],"replies":[{"embeddable":true,"href":"https:\/\/www.meydan.tv\/az\/wp-json\/wp\/v2\/comments?post=201030"}],"version-history":[{"count":0,"href":"https:\/\/www.meydan.tv\/az\/wp-json\/wp\/v2\/posts\/201030\/revisions"}],"wp:featuredmedia":[{"embeddable":true,"href":"https:\/\/www.meydan.tv\/az\/wp-json\/wp\/v2\/media\/143135"}],"wp:attachment":[{"href":"https:\/\/www.meydan.tv\/az\/wp-json\/wp\/v2\/media?parent=201030"}],"wp:term":[{"taxonomy":"category","embeddable":true,"href":"https:\/\/www.meydan.tv\/az\/wp-json\/wp\/v2\/categories?post=201030"},{"taxonomy":"post_tag","embeddable":true,"href":"https:\/\/www.meydan.tv\/az\/wp-json\/wp\/v2\/tags?post=201030"}],"curies":[{"name":"wp","href":"https:\/\/api.w.org\/{rel}","templated":true}]}}