{"id":201024,"date":"2020-06-16T13:39:48","date_gmt":"2020-06-16T13:39:48","guid":{"rendered":"https:\/\/www.meydan.tv\/article\/saatli-sakini-bas-hekim-meni-hedeleyir\/"},"modified":"2020-06-16T13:39:48","modified_gmt":"2020-06-16T13:39:48","slug":"saatli-sakini-bas-hekim-meni-hedeleyir","status":"publish","type":"post","link":"https:\/\/www.meydan.tv\/az\/article\/saatli-sakini-bas-hekim-meni-hedeleyir\/","title":{"rendered":"Saatl\u0131 sakini: Ba\u015f h\u0259kim m\u0259ni h\u0259d\u0259l\u0259yir"},"content":{"rendered":"<p>\n  <i><br \/>\n    Elvin \u0130sayev deyir, talassemiya x\u0259st\u0259si olan h\u0259yat yolda\u015f\u0131n\u0131n \u015fikay\u0259tinin Meydan TV-d\u0259 d\u0259rc olunmas\u0131 ba\u015f h\u0259kimi q\u0259z\u0259bl\u0259ndirib<br \/>\n  <\/i>\n<\/p>\n<p>\n  \u201cBa\u015f h\u0259kim deyir, niy\u0259 Meydan TV-y\u0259 \u015fikay\u0259t el\u0259misiz? \u0130ndi ki, bel\u0259 oldu, n\u0259 q\u0259d\u0259r m\u0259n burda ba\u015f h\u0259kim\u0259m, s\u0259nin arvad\u0131na \u0259lillik t\u0259yin olunmas\u0131na imkan verm\u0259y\u0259c\u0259m\u201d.\n<\/p>\n<p>\n  May\u0131n 30-da Meydan TV Saatl\u0131 sakini, 27 ya\u015fl\u0131<br \/>\n  <a href=\"http:\/\/aws-www.meydan.tv\/az\/article\/rusvet-vermediyim-ucun-xestexana-xesteliyim-haqqinda-duzgun-rey-yazmir\/?ref=search\"><br \/>\n    F\u0259rid\u0259 \u0130sayeva<br \/>\n  <\/a><br \/>\n  n\u0131n \u015fikay\u0259tini d\u0259rc etmi\u015fdi. F\u0259rid\u0259 xan\u0131m yeniyetm\u0259 ya\u015flar\u0131ndan talassemiyadan \u0259ziyy\u0259t \u00e7\u0259kir. Haz\u0131rda iki azya\u015fl\u0131 \u00f6vlad\u0131 var. \u015eikay\u0259tind\u0259 bildirmi\u015fdi ki, \u0259lillik t\u0259yin olunmas\u0131 \u00fc\u00e7\u00fcn m\u00fcracir\u0259t ets\u0259 d\u0259, Saatl\u0131 Rayon M\u0259rk\u0259zi X\u0259st\u0259xanas\u0131 onun x\u0259st\u0259liyi il\u0259 ba\u011fl\u0131 m\u0259lumatlar\u0131 (Forma 88) Tibbi-Sosial Ekspert Komissiyas\u0131na yar\u0131m\u00e7\u0131q g\u00f6nd\u0259rdiyin\u0259 g\u00f6r\u0259 Komissiya \u0259lillik t\u0259yin etmir. Xan\u0131m iddia edir ki, x\u0259st\u0259xana r\u0259hb\u0259rliyi bunu r\u00fc\u015fv\u0259tsiz etmir, el\u0259 r\u00fc\u015fv\u0259t verm\u0259diyi \u00fc\u00e7\u00fcn s\u0259n\u0259dl\u0259ri h\u0259r d\u0259f\u0259 yar\u0131m\u00e7\u0131q doldurub g\u00f6nd\u0259rir. Komissiya da h\u0259r d\u0259f\u0259 \u201cs\u0259n\u0259dl\u0259r natamam doldurulub\u201d yazaraq s\u0259n\u0259dl\u0259r\u0259 baxmaqdan imtina edir. Meydan TV F\u0259rid\u0259 \u0130sayevan\u0131n \u015fikay\u0259tini i\u015f\u0131qland\u0131rd\u0131qdan sonra Komissiya t\u0259r\u0259find\u0259n eyni s\u0259b\u0259b qeyd edilm\u0259kl\u0259 n\u00f6vb\u0259ti imtina g\u00f6nd\u0259rilib. F\u0259rid\u0259 xan\u0131m\u0131n h\u0259yat yolda\u015f\u0131 Elvin \u0130sayev Meydan TV-y\u0259 deyir ki, material d\u0259rc olunduqdan sonra g\u0259l\u0259n imtina cavab\u0131n\u0131 ayd\u0131nla\u015fd\u0131rmaq \u00fc\u00e7\u00fcn x\u0259st\u0259xanan\u0131n ba\u015f h\u0259kiminin yan\u0131na gedib.\n<\/p>\n<p>\n  <b><br \/>\n    \u201cDeyir, Qaralovun qohumuyam, s\u0259ni rayondan did\u0259rgin salaram\u201d<br \/>\n  <\/b>\n<\/p>\n<p>\n  \u201cBa\u015f h\u0259kim deyir, dar\u0131xma, s\u0259nin ba\u015f\u0131na oyun a\u00e7acam. M\u0259ni h\u0259d\u0259l\u0259yir, deyir, s\u0259ni rayondan did\u0259rgin salacam. El\u0259 \u0259vv\u0259ld\u0259n d\u0259 h\u0259mi\u015f\u0259 h\u0259d\u0259l\u0259yirdi ki, ba\u015f prokuror Zakir Qaralovun qohumuyam, get, hara ist\u0259yirs\u0259n \u015fikay\u0259t el\u0259. Zakir Qaralov gedib, qohum-\u0259qr\u0259bas\u0131 h\u0259l\u0259 d\u0259 v\u0259t\u0259nda\u015flar\u0131 onun ad\u0131ndan istifad\u0259 etm\u0259kl\u0259 h\u0259d\u0259 alt\u0131nda saxlay\u0131r. Deyir, n\u0259 q\u0259d\u0259r ki, m\u0259n burda ba\u015f h\u0259kim\u0259m, arvad\u0131na \u0259lillik t\u0259yin olunmas\u0131na imkan verm\u0259y\u0259c\u0259m. Min d\u0259f\u0259 d\u0259 m\u00fcraci\u0259t ets\u0259, \u0259ng\u0259ll\u0259y\u0259c\u0259m. M\u0259n hara, kim\u0259 m\u00fcracir\u0259t edim ki, bu \u00f6zba\u015f\u0131nal\u0131\u011f\u0131n qar\u015f\u0131s\u0131 al\u0131ns\u0131n? Adam \u00f6z\u00fcn\u00fc h\u0259kim kimi aparm\u0131r, h\u0259kim bel\u0259 olmur. Talassemiyal\u0131 x\u0259st\u0259yl\u0259 bel\u0259 davranana h\u0259kim deyilm\u0259z. D\u00f6vl\u0259t bel\u0259 x\u0259st\u0259l\u0259r\u0259 \u0259lillik t\u0259yin edir, pensiya k\u0259sir, bu ba\u015f h\u0259kim \u00f6z\u00fcn\u00fc el\u0259 apar\u0131r ki, sanki x\u0259st\u0259y\u0259 pensiya bunun cibind\u0259n \u00f6d\u0259nil\u0259c\u0259k. \u00d6z\u00fcm d\u0259 \u0259lil adamam, b\u00fct\u00fcn \u0259s\u0259bl\u0259rimizi pozub, h\u0259yat yolda\u015f\u0131m da h\u0259r d\u0259f\u0259 imtina cavab\u0131 g\u0259l\u0259nd\u0259 m\u0259yus olur, \u0259s\u0259b ke\u00e7irir. Biz g\u00f6rm\u00fc\u015f\u00fck h\u0259kim x\u0259st\u0259nin qeydin\u0259 qalar, bizd\u0259 t\u0259rsin\u0259dir, ba\u015f h\u0259kimimiz \u0259lill\u0259rin, x\u0259st\u0259l\u0259rin \u00f6mr\u00fcn\u0259 q\u0259nim k\u0259silib sanki&#8230;\u201d, &#8211; \u015fikay\u0259t\u00e7i deyir.\n<\/p>\n<p>\n  <b><br \/>\n    \u201cHans\u0131 xo\u015fb\u0259xt g\u00fcn\u00fcm\u00fcz\u0259 \u201d\u015firinlik\u201d ver\u0259k bunlara?..\u201d<br \/>\n  <\/b>\n<\/p>\n<p>\n  Elvin \u0130sayev \u0259lil kimi 250 manat pensiya al\u0131r. Deyir ki, \u00f6z d\u0259rmanlar\u0131n\u0131 alma\u011fa imkan tapm\u0131r, pensiyas\u0131n\u0131n bir hiss\u0259sini h\u0259yat yolda\u015f\u0131n\u0131n d\u0259rmanlar\u0131na, bir hiss\u0259sini dolan\u0131\u015f\u0131\u011fa x\u0259rcl\u0259yir. D\u00fc\u015f\u00fcn\u00fcr ki, h\u0259yat yolda\u015f\u0131na \u0259lillik t\u0259yin olunsa, 130 manat pensiya ala bil\u0259r, bu da \u00f6z d\u0259rmanlar\u0131n\u0131 almas\u0131na maddi d\u0259st\u0259k olar:\n<\/p>\n<p>\n  \u201c\u018flild\u0259n, talassemiya x\u0259st\u0259sind\u0259n nec\u0259 \u201c\u015firinlik\u201d ummaq olar ax\u0131? Adam he\u00e7 c\u00fcr a\u011fl\u0131na s\u0131\u011f\u0131\u015fd\u0131rm\u0131r. Bunlar g\u00fcnah etm\u0259kd\u0259n qorxmurlar. \u00c7ox xo\u015fb\u0259xt g\u00fcnd\u0259yik ki, h\u0259l\u0259 pul da paylayaq? Aptekl\u0259rd\u0259n d\u0259rman\u0131, ma\u011fazalardan \u00e7\u00f6r\u0259yi nisy\u0259 al\u0131b yey\u0259n adamlar\u0131q. Hans\u0131 g\u00fcn\u00fcm\u00fcz\u0259 sevinc\u0259k olub \u201c\u015firinlik\u201d paylayaq bunlara?\u201d\n<\/p>\n<p>\n  <b><br \/>\n    Ba\u015f h\u0259kim: \u201cM\u0259n xuliqanam\u201d<br \/>\n  <\/b>\n<\/p>\n<p>\n  Ba\u015f h\u0259kim S\u0259id\u0259 \u015eahp\u0259l\u0259ngova is\u0259 Elvin \u0130sayevin dedikl\u0259rini yalanlay\u0131r:\n<\/p>\n<p>\n  \u201cM\u0259n xuliqanam adam h\u0259d\u0259l\u0259yim? S\u0259simi yaz\u0131b, \u0259lind\u0259 hans\u0131 s\u00fcbut var ki, gedib bel\u0259 m\u0259lumat yay\u0131r? M\u0259n onu bu s\u00f6zl\u0259r\u0259 g\u00f6r\u0259 m\u0259hk\u0259m\u0259y\u0259 ver\u0259c\u0259m. \u0130ndi n\u0259 ed\u0259k ki, onun h\u0259yat yolda\u015f\u0131na pensiya k\u0259smirl\u0259r? Tibbi-Sosial Ekspert Komissiyas\u0131 ham\u0131ya \u015fablon cavab g\u00f6nd\u0259rir. Halbuki biz laz\u0131m olan s\u0259n\u0259dl\u0259ri vermi\u015fik, indi n\u0259 ed\u0259k ki, onlara bel\u0259 cavab verilir? Bizim bu m\u0259s\u0259l\u0259d\u0259 he\u00e7 bir rolumuz yoxdur. M\u0259nim d\u0259 n\u0259 Zakir Qaralovla \u0259laq\u0259m var, n\u0259 d\u0259 hans\u0131sa x\u0259st\u0259ni h\u0259d\u0259l\u0259mi\u015f\u0259m\u201d.\n<\/p>\n<p>\n  H\u00fcquq\u015f\u00fcnas Namiz\u0259d S\u0259f\u0259rov deyir ki, \u0259g\u0259r Tibbi-Sosial Ekspert Komissiyas\u0131 s\u0259n\u0259dl\u0259rin yar\u0131m\u00e7\u0131q oldu\u011funu deyirs\u0259, o zaman x\u0259st\u0259xana da sor\u011fu g\u00f6nd\u0259rib hans\u0131 s\u0259n\u0259dl\u0259rin t\u0259l\u0259b olundu\u011funu d\u0259qiql\u0259\u015fdirm\u0259lidir:\n<\/p>\n<p>\n  \u201cBu, x\u0259st\u0259xana il\u0259 komissiya aras\u0131nda h\u0259ll olunmal\u0131 m\u0259s\u0259l\u0259dir, onun \u0259lilliyi olan \u015f\u0259xs\u0259 aidiyyat\u0131 yoxdur\u201d.<\/p>\n","protected":false},"excerpt":{"rendered":"<p>Deyir ki, \u00f6z d\u0259rmanlar\u0131n\u0131 alma\u011fa imkan tapm\u0131r, pensiyas\u0131n\u0131n bir hiss\u0259sini h\u0259yat yolda\u015f\u0131n\u0131n d\u0259rmanlar\u0131na, bir hiss\u0259sini dolan\u0131\u015f\u0131\u011fa x\u0259rcl\u0259yir.<\/p>\n","protected":false},"author":11,"featured_media":142436,"comment_status":"closed","ping_status":"open","sticky":false,"template":"","format":"standard","meta":{"_acf_changed":false,"_sitemap_exclude":false,"_sitemap_priority":"","_sitemap_frequency":"","footnotes":""},"categories":[60],"tags":[],"class_list":["post-201024","post","type-post","status-publish","format-standard","has-post-thumbnail","hentry","category-bolge","infinite-scroll-item","generate-columns","tablet-grid-50","mobile-grid-100","grid-parent","grid-33","no-featured-image-padding"],"acf":[],"yoast_head":"<!-- This site is optimized with the Yoast SEO plugin v27.5 - https:\/\/yoast.com\/product\/yoast-seo-wordpress\/ -->\n<title>Saatl\u0131 sakini: Ba\u015f h\u0259kim m\u0259ni h\u0259d\u0259l\u0259yir - MEYDAN.TV<\/title>\n<meta name=\"robots\" content=\"index, follow, max-snippet:-1, max-image-preview:large, max-video-preview:-1\" \/>\n<link rel=\"canonical\" href=\"https:\/\/www.meydan.tv\/az\/article\/saatli-sakini-bas-hekim-meni-hedeleyir\/\" \/>\n<meta property=\"og:locale\" content=\"az_AZ\" \/>\n<meta property=\"og:type\" content=\"article\" \/>\n<meta property=\"og:title\" content=\"Saatl\u0131 sakini: Ba\u015f h\u0259kim m\u0259ni h\u0259d\u0259l\u0259yir - MEYDAN.TV\" \/>\n<meta property=\"og:description\" content=\"Deyir ki, \u00f6z d\u0259rmanlar\u0131n\u0131 alma\u011fa imkan tapm\u0131r, pensiyas\u0131n\u0131n bir hiss\u0259sini h\u0259yat yolda\u015f\u0131n\u0131n d\u0259rmanlar\u0131na, bir hiss\u0259sini dolan\u0131\u015f\u0131\u011fa x\u0259rcl\u0259yir.\" \/>\n<meta property=\"og:url\" content=\"https:\/\/www.meydan.tv\/az\/article\/saatli-sakini-bas-hekim-meni-hedeleyir\/\" \/>\n<meta property=\"og:site_name\" content=\"MEYDAN.TV\" \/>\n<meta property=\"article:published_time\" content=\"2020-06-16T13:39:48+00:00\" \/>\n<meta property=\"og:image\" content=\"https:\/\/www.meydan.tv\/wp-content\/uploads\/image_from_ios_3_qjluwez.jpg\" \/>\n\t<meta property=\"og:image:width\" content=\"1032\" \/>\n\t<meta property=\"og:image:height\" content=\"774\" \/>\n\t<meta property=\"og:image:type\" content=\"image\/jpeg\" \/>\n<meta name=\"author\" content=\"user-manager\" \/>\n<meta name=\"twitter:card\" content=\"summary_large_image\" \/>\n<script type=\"application\/ld+json\" class=\"yoast-schema-graph\">{\"@context\":\"https:\\\/\\\/schema.org\",\"@graph\":[{\"@type\":\"Article\",\"@id\":\"https:\\\/\\\/www.meydan.tv\\\/az\\\/article\\\/saatli-sakini-bas-hekim-meni-hedeleyir\\\/#article\",\"isPartOf\":{\"@id\":\"https:\\\/\\\/www.meydan.tv\\\/az\\\/article\\\/saatli-sakini-bas-hekim-meni-hedeleyir\\\/\"},\"author\":{\"name\":\"user-manager\",\"@id\":\"https:\\\/\\\/www.meydan.tv\\\/az\\\/#\\\/schema\\\/person\\\/10d11eccf6da3662cf5fdab9806ea91a\"},\"headline\":\"Saatl\u0131 sakini: Ba\u015f h\u0259kim m\u0259ni h\u0259d\u0259l\u0259yir\",\"datePublished\":\"2020-06-16T13:39:48+00:00\",\"mainEntityOfPage\":{\"@id\":\"https:\\\/\\\/www.meydan.tv\\\/az\\\/article\\\/saatli-sakini-bas-hekim-meni-hedeleyir\\\/\"},\"wordCount\":926,\"publisher\":{\"@id\":\"https:\\\/\\\/www.meydan.tv\\\/az\\\/#organization\"},\"image\":{\"@id\":\"https:\\\/\\\/www.meydan.tv\\\/az\\\/article\\\/saatli-sakini-bas-hekim-meni-hedeleyir\\\/#primaryimage\"},\"thumbnailUrl\":\"https:\\\/\\\/www.meydan.tv\\\/wp-content\\\/uploads\\\/image_from_ios_3_qjluwez.jpg\",\"articleSection\":[\"B\u00f6lg\u0259\"],\"inLanguage\":\"az\"},{\"@type\":\"WebPage\",\"@id\":\"https:\\\/\\\/www.meydan.tv\\\/az\\\/article\\\/saatli-sakini-bas-hekim-meni-hedeleyir\\\/\",\"url\":\"https:\\\/\\\/www.meydan.tv\\\/az\\\/article\\\/saatli-sakini-bas-hekim-meni-hedeleyir\\\/\",\"name\":\"Saatl\u0131 sakini: Ba\u015f h\u0259kim m\u0259ni h\u0259d\u0259l\u0259yir - MEYDAN.TV\",\"isPartOf\":{\"@id\":\"https:\\\/\\\/www.meydan.tv\\\/az\\\/#website\"},\"primaryImageOfPage\":{\"@id\":\"https:\\\/\\\/www.meydan.tv\\\/az\\\/article\\\/saatli-sakini-bas-hekim-meni-hedeleyir\\\/#primaryimage\"},\"image\":{\"@id\":\"https:\\\/\\\/www.meydan.tv\\\/az\\\/article\\\/saatli-sakini-bas-hekim-meni-hedeleyir\\\/#primaryimage\"},\"thumbnailUrl\":\"https:\\\/\\\/www.meydan.tv\\\/wp-content\\\/uploads\\\/image_from_ios_3_qjluwez.jpg\",\"datePublished\":\"2020-06-16T13:39:48+00:00\",\"breadcrumb\":{\"@id\":\"https:\\\/\\\/www.meydan.tv\\\/az\\\/article\\\/saatli-sakini-bas-hekim-meni-hedeleyir\\\/#breadcrumb\"},\"inLanguage\":\"az\",\"potentialAction\":[{\"@type\":\"ReadAction\",\"target\":[\"https:\\\/\\\/www.meydan.tv\\\/az\\\/article\\\/saatli-sakini-bas-hekim-meni-hedeleyir\\\/\"]}]},{\"@type\":\"ImageObject\",\"inLanguage\":\"az\",\"@id\":\"https:\\\/\\\/www.meydan.tv\\\/az\\\/article\\\/saatli-sakini-bas-hekim-meni-hedeleyir\\\/#primaryimage\",\"url\":\"https:\\\/\\\/www.meydan.tv\\\/wp-content\\\/uploads\\\/image_from_ios_3_qjluwez.jpg\",\"contentUrl\":\"https:\\\/\\\/www.meydan.tv\\\/wp-content\\\/uploads\\\/image_from_ios_3_qjluwez.jpg\",\"width\":1032,\"height\":774,\"caption\":\"Source: Foto: Meydan TV\"},{\"@type\":\"BreadcrumbList\",\"@id\":\"https:\\\/\\\/www.meydan.tv\\\/az\\\/article\\\/saatli-sakini-bas-hekim-meni-hedeleyir\\\/#breadcrumb\",\"itemListElement\":[{\"@type\":\"ListItem\",\"position\":1,\"name\":\"Ana s\u0259hif\u0259\",\"item\":\"https:\\\/\\\/www.meydan.tv\\\/az\\\/\"},{\"@type\":\"ListItem\",\"position\":2,\"name\":\"B\u00f6lg\u0259\",\"item\":\"https:\\\/\\\/www.meydan.tv\\\/az\\\/section\\\/bolge\\\/\"},{\"@type\":\"ListItem\",\"position\":3,\"name\":\"Saatl\u0131 sakini: Ba\u015f h\u0259kim m\u0259ni h\u0259d\u0259l\u0259yir\"}]},{\"@type\":\"WebSite\",\"@id\":\"https:\\\/\\\/www.meydan.tv\\\/az\\\/#website\",\"url\":\"https:\\\/\\\/www.meydan.tv\\\/az\\\/\",\"name\":\"MEYDAN.TV\",\"description\":\"Meydan TV Az\u0259rbaycan\u0131n media m\u0259kan\u0131ndak\u0131 alternativ s\u0259sidir\",\"publisher\":{\"@id\":\"https:\\\/\\\/www.meydan.tv\\\/az\\\/#organization\"},\"potentialAction\":[{\"@type\":\"SearchAction\",\"target\":{\"@type\":\"EntryPoint\",\"urlTemplate\":\"https:\\\/\\\/www.meydan.tv\\\/az\\\/?s={search_term_string}\"},\"query-input\":{\"@type\":\"PropertyValueSpecification\",\"valueRequired\":true,\"valueName\":\"search_term_string\"}}],\"inLanguage\":\"az\"},{\"@type\":\"Organization\",\"@id\":\"https:\\\/\\\/www.meydan.tv\\\/az\\\/#organization\",\"name\":\"Meydan TV\",\"url\":\"https:\\\/\\\/www.meydan.tv\\\/az\\\/\",\"logo\":{\"@type\":\"ImageObject\",\"inLanguage\":\"az\",\"@id\":\"https:\\\/\\\/www.meydan.tv\\\/az\\\/#\\\/schema\\\/logo\\\/image\\\/\",\"url\":\"https:\\\/\\\/www.meydan.tv\\\/wp-content\\\/uploads\\\/2021\\\/07\\\/meydan-logo.svg\",\"contentUrl\":\"https:\\\/\\\/www.meydan.tv\\\/wp-content\\\/uploads\\\/2021\\\/07\\\/meydan-logo.svg\",\"width\":195,\"height\":46,\"caption\":\"Meydan TV\"},\"image\":{\"@id\":\"https:\\\/\\\/www.meydan.tv\\\/az\\\/#\\\/schema\\\/logo\\\/image\\\/\"}},{\"@type\":\"Person\",\"@id\":\"https:\\\/\\\/www.meydan.tv\\\/az\\\/#\\\/schema\\\/person\\\/10d11eccf6da3662cf5fdab9806ea91a\",\"name\":\"user-manager\"}]}<\/script>\n<!-- \/ Yoast SEO plugin. -->","yoast_head_json":{"title":"Saatl\u0131 sakini: Ba\u015f h\u0259kim m\u0259ni h\u0259d\u0259l\u0259yir - MEYDAN.TV","robots":{"index":"index","follow":"follow","max-snippet":"max-snippet:-1","max-image-preview":"max-image-preview:large","max-video-preview":"max-video-preview:-1"},"canonical":"https:\/\/www.meydan.tv\/az\/article\/saatli-sakini-bas-hekim-meni-hedeleyir\/","og_locale":"az_AZ","og_type":"article","og_title":"Saatl\u0131 sakini: Ba\u015f h\u0259kim m\u0259ni h\u0259d\u0259l\u0259yir - MEYDAN.TV","og_description":"Deyir ki, \u00f6z d\u0259rmanlar\u0131n\u0131 alma\u011fa imkan tapm\u0131r, pensiyas\u0131n\u0131n bir hiss\u0259sini h\u0259yat yolda\u015f\u0131n\u0131n d\u0259rmanlar\u0131na, bir hiss\u0259sini dolan\u0131\u015f\u0131\u011fa x\u0259rcl\u0259yir.","og_url":"https:\/\/www.meydan.tv\/az\/article\/saatli-sakini-bas-hekim-meni-hedeleyir\/","og_site_name":"MEYDAN.TV","article_published_time":"2020-06-16T13:39:48+00:00","og_image":[{"width":1032,"height":774,"url":"https:\/\/www.meydan.tv\/wp-content\/uploads\/image_from_ios_3_qjluwez.jpg","type":"image\/jpeg"}],"author":"user-manager","twitter_card":"summary_large_image","schema":{"@context":"https:\/\/schema.org","@graph":[{"@type":"Article","@id":"https:\/\/www.meydan.tv\/az\/article\/saatli-sakini-bas-hekim-meni-hedeleyir\/#article","isPartOf":{"@id":"https:\/\/www.meydan.tv\/az\/article\/saatli-sakini-bas-hekim-meni-hedeleyir\/"},"author":{"name":"user-manager","@id":"https:\/\/www.meydan.tv\/az\/#\/schema\/person\/10d11eccf6da3662cf5fdab9806ea91a"},"headline":"Saatl\u0131 sakini: Ba\u015f h\u0259kim m\u0259ni h\u0259d\u0259l\u0259yir","datePublished":"2020-06-16T13:39:48+00:00","mainEntityOfPage":{"@id":"https:\/\/www.meydan.tv\/az\/article\/saatli-sakini-bas-hekim-meni-hedeleyir\/"},"wordCount":926,"publisher":{"@id":"https:\/\/www.meydan.tv\/az\/#organization"},"image":{"@id":"https:\/\/www.meydan.tv\/az\/article\/saatli-sakini-bas-hekim-meni-hedeleyir\/#primaryimage"},"thumbnailUrl":"https:\/\/www.meydan.tv\/wp-content\/uploads\/image_from_ios_3_qjluwez.jpg","articleSection":["B\u00f6lg\u0259"],"inLanguage":"az"},{"@type":"WebPage","@id":"https:\/\/www.meydan.tv\/az\/article\/saatli-sakini-bas-hekim-meni-hedeleyir\/","url":"https:\/\/www.meydan.tv\/az\/article\/saatli-sakini-bas-hekim-meni-hedeleyir\/","name":"Saatl\u0131 sakini: Ba\u015f h\u0259kim m\u0259ni h\u0259d\u0259l\u0259yir - MEYDAN.TV","isPartOf":{"@id":"https:\/\/www.meydan.tv\/az\/#website"},"primaryImageOfPage":{"@id":"https:\/\/www.meydan.tv\/az\/article\/saatli-sakini-bas-hekim-meni-hedeleyir\/#primaryimage"},"image":{"@id":"https:\/\/www.meydan.tv\/az\/article\/saatli-sakini-bas-hekim-meni-hedeleyir\/#primaryimage"},"thumbnailUrl":"https:\/\/www.meydan.tv\/wp-content\/uploads\/image_from_ios_3_qjluwez.jpg","datePublished":"2020-06-16T13:39:48+00:00","breadcrumb":{"@id":"https:\/\/www.meydan.tv\/az\/article\/saatli-sakini-bas-hekim-meni-hedeleyir\/#breadcrumb"},"inLanguage":"az","potentialAction":[{"@type":"ReadAction","target":["https:\/\/www.meydan.tv\/az\/article\/saatli-sakini-bas-hekim-meni-hedeleyir\/"]}]},{"@type":"ImageObject","inLanguage":"az","@id":"https:\/\/www.meydan.tv\/az\/article\/saatli-sakini-bas-hekim-meni-hedeleyir\/#primaryimage","url":"https:\/\/www.meydan.tv\/wp-content\/uploads\/image_from_ios_3_qjluwez.jpg","contentUrl":"https:\/\/www.meydan.tv\/wp-content\/uploads\/image_from_ios_3_qjluwez.jpg","width":1032,"height":774,"caption":"Source: Foto: Meydan TV"},{"@type":"BreadcrumbList","@id":"https:\/\/www.meydan.tv\/az\/article\/saatli-sakini-bas-hekim-meni-hedeleyir\/#breadcrumb","itemListElement":[{"@type":"ListItem","position":1,"name":"Ana s\u0259hif\u0259","item":"https:\/\/www.meydan.tv\/az\/"},{"@type":"ListItem","position":2,"name":"B\u00f6lg\u0259","item":"https:\/\/www.meydan.tv\/az\/section\/bolge\/"},{"@type":"ListItem","position":3,"name":"Saatl\u0131 sakini: Ba\u015f h\u0259kim m\u0259ni h\u0259d\u0259l\u0259yir"}]},{"@type":"WebSite","@id":"https:\/\/www.meydan.tv\/az\/#website","url":"https:\/\/www.meydan.tv\/az\/","name":"MEYDAN.TV","description":"Meydan TV Az\u0259rbaycan\u0131n media m\u0259kan\u0131ndak\u0131 alternativ s\u0259sidir","publisher":{"@id":"https:\/\/www.meydan.tv\/az\/#organization"},"potentialAction":[{"@type":"SearchAction","target":{"@type":"EntryPoint","urlTemplate":"https:\/\/www.meydan.tv\/az\/?s={search_term_string}"},"query-input":{"@type":"PropertyValueSpecification","valueRequired":true,"valueName":"search_term_string"}}],"inLanguage":"az"},{"@type":"Organization","@id":"https:\/\/www.meydan.tv\/az\/#organization","name":"Meydan TV","url":"https:\/\/www.meydan.tv\/az\/","logo":{"@type":"ImageObject","inLanguage":"az","@id":"https:\/\/www.meydan.tv\/az\/#\/schema\/logo\/image\/","url":"https:\/\/www.meydan.tv\/wp-content\/uploads\/2021\/07\/meydan-logo.svg","contentUrl":"https:\/\/www.meydan.tv\/wp-content\/uploads\/2021\/07\/meydan-logo.svg","width":195,"height":46,"caption":"Meydan TV"},"image":{"@id":"https:\/\/www.meydan.tv\/az\/#\/schema\/logo\/image\/"}},{"@type":"Person","@id":"https:\/\/www.meydan.tv\/az\/#\/schema\/person\/10d11eccf6da3662cf5fdab9806ea91a","name":"user-manager"}]}},"_links":{"self":[{"href":"https:\/\/www.meydan.tv\/az\/wp-json\/wp\/v2\/posts\/201024","targetHints":{"allow":["GET"]}}],"collection":[{"href":"https:\/\/www.meydan.tv\/az\/wp-json\/wp\/v2\/posts"}],"about":[{"href":"https:\/\/www.meydan.tv\/az\/wp-json\/wp\/v2\/types\/post"}],"author":[{"embeddable":true,"href":"https:\/\/www.meydan.tv\/az\/wp-json\/wp\/v2\/users\/11"}],"replies":[{"embeddable":true,"href":"https:\/\/www.meydan.tv\/az\/wp-json\/wp\/v2\/comments?post=201024"}],"version-history":[{"count":0,"href":"https:\/\/www.meydan.tv\/az\/wp-json\/wp\/v2\/posts\/201024\/revisions"}],"wp:featuredmedia":[{"embeddable":true,"href":"https:\/\/www.meydan.tv\/az\/wp-json\/wp\/v2\/media\/142436"}],"wp:attachment":[{"href":"https:\/\/www.meydan.tv\/az\/wp-json\/wp\/v2\/media?parent=201024"}],"wp:term":[{"taxonomy":"category","embeddable":true,"href":"https:\/\/www.meydan.tv\/az\/wp-json\/wp\/v2\/categories?post=201024"},{"taxonomy":"post_tag","embeddable":true,"href":"https:\/\/www.meydan.tv\/az\/wp-json\/wp\/v2\/tags?post=201024"}],"curies":[{"name":"wp","href":"https:\/\/api.w.org\/{rel}","templated":true}]}}