{"id":201008,"date":"2020-06-15T11:55:50","date_gmt":"2020-06-15T11:55:50","guid":{"rendered":"https:\/\/www.meydan.tv\/article\/12-ailenin-heyatina-tehluke-yaradan-yataqxana\/"},"modified":"2020-06-15T11:55:50","modified_gmt":"2020-06-15T11:55:50","slug":"12-ailenin-heyatina-tehluke-yaradan-yataqxana","status":"publish","type":"post","link":"https:\/\/www.meydan.tv\/az\/article\/12-ailenin-heyatina-tehluke-yaradan-yataqxana\/","title":{"rendered":"12 ail\u0259nin h\u0259yat\u0131na t\u0259hl\u00fck\u0259 yaradan yataqxana"},"content":{"rendered":"<p>\n  <i><br \/>\n    1-ci qrup \u0259lil olan Tamara xan\u0131m bu binada m\u0259skunla\u015fanda 40 ya\u015f\u0131 vard\u0131, indi 70-i haqlay\u0131b<br \/>\n  <\/i>\n<\/p>\n<p>\n  \u201cUzun ill\u0259rdir ki, h\u0259n an ba\u015f\u0131m\u0131za u\u00e7a bil\u0259c\u0259k bir binada m\u0259skunla\u015fm\u0131\u015f\u0131q. He\u00e7 bir aidiyy\u0259ti qurum v\u0259ziyy\u0259timizl\u0259 maraqlanm\u0131r. Qoca, u\u015faq, x\u0259st\u0259, \u0259lil \u2013 h\u00f6kum\u0259t ham\u0131m\u0131z\u0131 Allah\u0131n \u00fcmidin\u0259 burax\u0131b\u201d.\n<\/p>\n<p>\n  \u015eamax\u0131n\u0131n Ki\u00e7ik X\u0131n\u0131sl\u0131 k\u0259ndind\u0259 &#8211; R\u0259sulzad\u0259 k\u00fc\u00e7\u0259sind\u0259ki yataqxana binas\u0131 burada ya\u015fayan insanlar\u0131n h\u0259yat\u0131 \u00fc\u00e7\u00fcn t\u0259hl\u00fck\u0259y\u0259 \u00e7evrilib. Yataqxana sakinl\u0259ri binan\u0131n fotolar\u0131n\u0131 Meydan TV-y\u0259 g\u00f6nd\u0259rib.\n<\/p>\n<p>\n  <b><br \/>\n    \u201c\u015e\u0259raitsizlik, havas\u0131zl\u0131q \u00f6mr\u00fcm\u00fczd\u0259n k\u0259sir\u201d<br \/>\n  <\/b>\n<\/p>\n<p>\n  A\u011fdam k\u00f6\u00e7k\u00fcn\u00fc olan Tamara ail\u0259siyl\u0259 bu binaya s\u0131\u011f\u0131nanda ya\u015f\u0131 40-dan bir az ke\u00e7ibmi\u015f, indi 70 ya\u015f\u0131ndad\u0131r. Tamara xan\u0131m\u0131n bir aya\u011f\u0131 amputasiya olunub, 1-ci qrup \u0259lildir. Deyir, ya\u015fad\u0131\u011f\u0131 \u015f\u0259rait onun sa\u011flaml\u0131\u011f\u0131na daha da z\u0259rb\u0259 vurur, \u00f6mr\u00fcn\u00fc q\u0131sald\u0131r:\n<\/p>\n<p>\n  \u201cZirz\u0259minin si\u00e7ovullar\u0131 d\u0259hlizl\u0259rd\u0259 \u201cmeydan sulay\u0131r\u201d. M\u0259tb\u0259x, ayaqyolu, hamam \u2013 bunlardan dan\u0131\u015f\u0131las\u0131 deyil, x\u0259st\u0259lik m\u0259nb\u0259yidir. Burda m\u0259skunla\u015fanlar\u0131n ham\u0131s\u0131 kas\u0131b, i\u015fsiz ail\u0259l\u0259rdir. \u0130mkan yoxdur ki, \u00f6z\u00fcm\u00fcz divar\u0131na, d\u00f6\u015f\u0259m\u0259sin\u0259 \u0259l g\u0259zdir\u0259k. Aradabir hamamdak\u0131 du\u015fu d\u0259yi\u015firik, ancaq bununla i\u015f bitmir. Su, i\u015f\u0131q x\u0259tl\u0259ri \u00e7oxdan s\u0131radan \u00e7\u0131x\u0131b, \u0259sas\u0259n d\u0259 q\u0131\u015fda evl\u0259rd\u0259 istilik cihazlar\u0131 i\u015f\u0259 sal\u0131nanda q\u0131saqapanmalar ba\u015f verir, yan\u011f\u0131n t\u0259hl\u00fck\u0259siyl\u0259 \u00fcz-\u00fcz\u0259 qal\u0131r\u0131q\u201d.\n<\/p>\n<figure class=\"wp-block-image size-large\">\n  <img decoding=\"async\" src=\"https:\/\/www.meydan.tv\/az\/image_from_ios-3-jpg-112\/\" alt=\"image_from_ios (3).jpg\" class=\"wp-image-143039\"\/><figcaption>\n    &#8220;Su, i\u015f\u0131q x\u0259tl\u0259ri \u00e7oxdan s\u0131radan \u00e7\u0131x\u0131b&#8221;<br \/>\n  <\/figcaption><\/figure>\n<p>\n  <b><br \/>\n    60 ya\u015fl\u0131 tikili&#8230;<br \/>\n  <\/b>\n<\/p>\n<p>\n  F\u0259sadlar\u0131 k\u00f6hn\u0259lmi\u015f bina 3 m\u0259rt\u0259b\u0259li, ikiblokludur. 27 ildir ki, h\u0259r blokda 6 k\u00f6\u00e7k\u00fcn ail\u0259si m\u0259skunla\u015f\u0131b. D\u0259hlizl\u0259rd\u0259 arak\u0259sm\u0259l\u0259rl\u0259 \u00f6zl\u0259rin\u0259 ki\u00e7ik m\u0259tb\u0259x d\u00fcz\u0259ldibl\u0259r. Binan\u0131n daxili divarlar\u0131 suva\u011f\u0131na q\u0259d\u0259r t\u00f6k\u00fcl\u00fcb, aralan\u0131b, d\u00f6\u015f\u0259m\u0259l\u0259r \u00e7\u00fcr\u00fcy\u00fcb:\n<\/p>\n<p>\n  \u201c60 il \u0259vv\u0259l tikilmi\u015f binad\u0131r, d\u00f6vl\u0259t divar\u0131na birc\u0259 d\u0259f\u0259 r\u0259ng d\u0259 \u00e7\u0259km\u0259yib. Q\u0259zal\u0131d\u0131r dey\u0259, adam\u0131n \u0259li g\u0259lmir n\u0259s\u0259 etsin, \u00e7\u00fcnki burda n\u0259yis\u0259 d\u00fcz\u0259ltm\u0259kl\u0259 t\u0259mir etm\u0259kl\u0259 i\u015f bitmir, bina \u00f6z\u00fcl\u00fcnd\u0259n s\u00f6k\u00fclm\u0259lidir, yenisi tikilm\u0259lidir, divara balaca bir mismar vursan adam\u0131n ba\u015f\u0131na u\u00e7ar\u201d.\n<\/p>\n<p>\n  K\u00f6\u00e7k\u00fcnl\u0259rin s\u00f6zl\u0259rin\u0259 g\u00f6r\u0259, havas\u0131zl\u0131q, \u015f\u0259raitsizlik binadak\u0131 x\u0259st\u0259, ya\u015fl\u0131 insanlar\u0131n s\u0259hh\u0259tin\u0259 m\u0259nfi t\u0259sir g\u00f6st\u0259rir, azya\u015fl\u0131lar ilboyu x\u0259st\u0259 olur.\n<\/p>\n<p>\n  K\u00f6\u00e7k\u00fcnl\u0259r indiy\u0259d\u0259k aidiyy\u0259ti qurumlara yaln\u0131z \u015fifahi \u015f\u0259kild\u0259 m\u00fcraci\u0259t edibl\u0259r. Onlar\u0131n ist\u0259yi q\u0259zal\u0131 binadan yeni ya\u015fay\u0131\u015f yerin\u0259 k\u00f6\u00e7\u00fcr\u00fclm\u0259kdir.\n<\/p>\n<p>\n  <b><br \/>\n    \u201cBinada \u0259sasl\u0131 t\u0259mir i\u015fl\u0259ri apar\u0131lmal\u0131d\u0131r\u201d<br \/>\n  <\/b>\n<\/p>\n<p>\n  \u015eamax\u0131 Rayon \u0130cra Hakimiyy\u0259tind\u0259n Meydan TV-y\u0259 bildirilib ki, h\u0259min yataqxana 1961-ci ild\u0259 2 sayl\u0131 internat m\u0259kt\u0259bin m\u0259zunlar\u0131 \u00fc\u00e7\u00fcn tikilib. 1993-c\u00fc ild\u0259 i\u015f\u011fal olunan rayonlardan g\u0259l\u0259n k\u00f6\u00e7k\u00fcnl\u0259r h\u0259min yataqxanada m\u0259skunla\u015f\u0131blar, bu g\u00fcn\u0259d\u0259k d\u0259 orada ya\u015fay\u0131rlar. T\u0259hsil Nazirliyinin balans\u0131nda olan binada \u0259sasl\u0131 t\u0259mir apar\u0131lmas\u0131 \u00fc\u00e7\u00fcn \u0259vv\u0259lc\u0259 k\u00f6\u00e7k\u00fcnl\u0259r oradan k\u00f6\u00e7\u00fcr\u00fclm\u0259lidil\u0259r. Bu i\u015fi is\u0259 Qa\u00e7q\u0131n v\u0259 M\u0259cburi K\u00f6\u00e7k\u00fcnl\u0259rin \u0130\u015fl\u0259ri \u00fczr\u0259 D\u00f6vl\u0259t Komit\u0259si h\u0259yata ke\u00e7irm\u0259lidir. Yax\u0131n vaxtlarda binaya F\u00f6vq\u0259lad\u0259 Hallar Nazirliyinin m\u00fcvafiq komisiyas\u0131 t\u0259r\u0259find\u0259n bax\u0131\u015f ke\u00e7irilm\u0259si \u00fc\u00e7\u00fcn d\u0259 h\u0259min quruma m\u00fcraci\u0259t olunacaq.\n<\/p>\n<figure class=\"wp-block-image size-large\">\n  <img decoding=\"async\" src=\"https:\/\/www.meydan.tv\/az\/image_from_ios-4-jpg-140\/\" alt=\"image_from_ios (4).jpg\" class=\"wp-image-143042\"\/><figcaption>\n    &#8220;M\u0259tb\u0259x, ayaqyolu, hamam \u2013 bunlardan dan\u0131\u015f\u0131las\u0131 deyil, x\u0259st\u0259lik m\u0259nb\u0259yidir&#8221;<br \/>\n  <\/figcaption><\/figure>\n","protected":false},"excerpt":{"rendered":"<p>&#8220;M\u0259tb\u0259x, ayaqyolu, hamam \u2013 bunlardan dan\u0131\u015f\u0131las\u0131 deyil, x\u0259st\u0259lik m\u0259nb\u0259yidir&#8221;.<\/p>\n","protected":false},"author":11,"featured_media":143036,"comment_status":"closed","ping_status":"open","sticky":false,"template":"","format":"standard","meta":{"_acf_changed":false,"_sitemap_exclude":false,"_sitemap_priority":"","_sitemap_frequency":"","footnotes":""},"categories":[60],"tags":[],"class_list":["post-201008","post","type-post","status-publish","format-standard","has-post-thumbnail","hentry","category-bolge","infinite-scroll-item","generate-columns","tablet-grid-50","mobile-grid-100","grid-parent","grid-33","no-featured-image-padding"],"acf":[],"yoast_head":"<!-- This site is optimized with the Yoast SEO plugin v27.5 - https:\/\/yoast.com\/product\/yoast-seo-wordpress\/ -->\n<title>12 ail\u0259nin h\u0259yat\u0131na t\u0259hl\u00fck\u0259 yaradan yataqxana - MEYDAN.TV<\/title>\n<meta name=\"robots\" content=\"index, follow, max-snippet:-1, max-image-preview:large, max-video-preview:-1\" \/>\n<link rel=\"canonical\" href=\"https:\/\/www.meydan.tv\/az\/article\/12-ailenin-heyatina-tehluke-yaradan-yataqxana\/\" \/>\n<meta property=\"og:locale\" content=\"az_AZ\" \/>\n<meta property=\"og:type\" content=\"article\" \/>\n<meta property=\"og:title\" content=\"12 ail\u0259nin h\u0259yat\u0131na t\u0259hl\u00fck\u0259 yaradan yataqxana - MEYDAN.TV\" \/>\n<meta property=\"og:description\" content=\"&quot;M\u0259tb\u0259x, ayaqyolu, hamam \u2013 bunlardan dan\u0131\u015f\u0131las\u0131 deyil, x\u0259st\u0259lik m\u0259nb\u0259yidir&quot;.\" \/>\n<meta property=\"og:url\" content=\"https:\/\/www.meydan.tv\/az\/article\/12-ailenin-heyatina-tehluke-yaradan-yataqxana\/\" \/>\n<meta property=\"og:site_name\" content=\"MEYDAN.TV\" \/>\n<meta property=\"article:published_time\" content=\"2020-06-15T11:55:50+00:00\" \/>\n<meta property=\"og:image\" content=\"https:\/\/www.meydan.tv\/wp-content\/uploads\/image_from_ios_2_mtfkrfb.jpg\" \/>\n\t<meta property=\"og:image:width\" content=\"1280\" \/>\n\t<meta property=\"og:image:height\" content=\"960\" \/>\n\t<meta property=\"og:image:type\" content=\"image\/jpeg\" \/>\n<meta name=\"author\" content=\"user-manager\" \/>\n<meta name=\"twitter:card\" content=\"summary_large_image\" \/>\n<script type=\"application\/ld+json\" class=\"yoast-schema-graph\">{\"@context\":\"https:\\\/\\\/schema.org\",\"@graph\":[{\"@type\":\"Article\",\"@id\":\"https:\\\/\\\/www.meydan.tv\\\/az\\\/article\\\/12-ailenin-heyatina-tehluke-yaradan-yataqxana\\\/#article\",\"isPartOf\":{\"@id\":\"https:\\\/\\\/www.meydan.tv\\\/az\\\/article\\\/12-ailenin-heyatina-tehluke-yaradan-yataqxana\\\/\"},\"author\":{\"name\":\"user-manager\",\"@id\":\"https:\\\/\\\/www.meydan.tv\\\/az\\\/#\\\/schema\\\/person\\\/10d11eccf6da3662cf5fdab9806ea91a\"},\"headline\":\"12 ail\u0259nin h\u0259yat\u0131na t\u0259hl\u00fck\u0259 yaradan yataqxana\",\"datePublished\":\"2020-06-15T11:55:50+00:00\",\"mainEntityOfPage\":{\"@id\":\"https:\\\/\\\/www.meydan.tv\\\/az\\\/article\\\/12-ailenin-heyatina-tehluke-yaradan-yataqxana\\\/\"},\"wordCount\":662,\"publisher\":{\"@id\":\"https:\\\/\\\/www.meydan.tv\\\/az\\\/#organization\"},\"image\":{\"@id\":\"https:\\\/\\\/www.meydan.tv\\\/az\\\/article\\\/12-ailenin-heyatina-tehluke-yaradan-yataqxana\\\/#primaryimage\"},\"thumbnailUrl\":\"https:\\\/\\\/www.meydan.tv\\\/wp-content\\\/uploads\\\/image_from_ios_2_mtfkrfb.jpg\",\"articleSection\":[\"B\u00f6lg\u0259\"],\"inLanguage\":\"az\"},{\"@type\":\"WebPage\",\"@id\":\"https:\\\/\\\/www.meydan.tv\\\/az\\\/article\\\/12-ailenin-heyatina-tehluke-yaradan-yataqxana\\\/\",\"url\":\"https:\\\/\\\/www.meydan.tv\\\/az\\\/article\\\/12-ailenin-heyatina-tehluke-yaradan-yataqxana\\\/\",\"name\":\"12 ail\u0259nin h\u0259yat\u0131na t\u0259hl\u00fck\u0259 yaradan yataqxana - MEYDAN.TV\",\"isPartOf\":{\"@id\":\"https:\\\/\\\/www.meydan.tv\\\/az\\\/#website\"},\"primaryImageOfPage\":{\"@id\":\"https:\\\/\\\/www.meydan.tv\\\/az\\\/article\\\/12-ailenin-heyatina-tehluke-yaradan-yataqxana\\\/#primaryimage\"},\"image\":{\"@id\":\"https:\\\/\\\/www.meydan.tv\\\/az\\\/article\\\/12-ailenin-heyatina-tehluke-yaradan-yataqxana\\\/#primaryimage\"},\"thumbnailUrl\":\"https:\\\/\\\/www.meydan.tv\\\/wp-content\\\/uploads\\\/image_from_ios_2_mtfkrfb.jpg\",\"datePublished\":\"2020-06-15T11:55:50+00:00\",\"breadcrumb\":{\"@id\":\"https:\\\/\\\/www.meydan.tv\\\/az\\\/article\\\/12-ailenin-heyatina-tehluke-yaradan-yataqxana\\\/#breadcrumb\"},\"inLanguage\":\"az\",\"potentialAction\":[{\"@type\":\"ReadAction\",\"target\":[\"https:\\\/\\\/www.meydan.tv\\\/az\\\/article\\\/12-ailenin-heyatina-tehluke-yaradan-yataqxana\\\/\"]}]},{\"@type\":\"ImageObject\",\"inLanguage\":\"az\",\"@id\":\"https:\\\/\\\/www.meydan.tv\\\/az\\\/article\\\/12-ailenin-heyatina-tehluke-yaradan-yataqxana\\\/#primaryimage\",\"url\":\"https:\\\/\\\/www.meydan.tv\\\/wp-content\\\/uploads\\\/image_from_ios_2_mtfkrfb.jpg\",\"contentUrl\":\"https:\\\/\\\/www.meydan.tv\\\/wp-content\\\/uploads\\\/image_from_ios_2_mtfkrfb.jpg\",\"width\":1280,\"height\":960,\"caption\":\"Source: Specify Source\"},{\"@type\":\"BreadcrumbList\",\"@id\":\"https:\\\/\\\/www.meydan.tv\\\/az\\\/article\\\/12-ailenin-heyatina-tehluke-yaradan-yataqxana\\\/#breadcrumb\",\"itemListElement\":[{\"@type\":\"ListItem\",\"position\":1,\"name\":\"Ana s\u0259hif\u0259\",\"item\":\"https:\\\/\\\/www.meydan.tv\\\/az\\\/\"},{\"@type\":\"ListItem\",\"position\":2,\"name\":\"B\u00f6lg\u0259\",\"item\":\"https:\\\/\\\/www.meydan.tv\\\/az\\\/section\\\/bolge\\\/\"},{\"@type\":\"ListItem\",\"position\":3,\"name\":\"12 ail\u0259nin h\u0259yat\u0131na t\u0259hl\u00fck\u0259 yaradan yataqxana\"}]},{\"@type\":\"WebSite\",\"@id\":\"https:\\\/\\\/www.meydan.tv\\\/az\\\/#website\",\"url\":\"https:\\\/\\\/www.meydan.tv\\\/az\\\/\",\"name\":\"MEYDAN.TV\",\"description\":\"Meydan TV Az\u0259rbaycan\u0131n media m\u0259kan\u0131ndak\u0131 alternativ s\u0259sidir\",\"publisher\":{\"@id\":\"https:\\\/\\\/www.meydan.tv\\\/az\\\/#organization\"},\"potentialAction\":[{\"@type\":\"SearchAction\",\"target\":{\"@type\":\"EntryPoint\",\"urlTemplate\":\"https:\\\/\\\/www.meydan.tv\\\/az\\\/?s={search_term_string}\"},\"query-input\":{\"@type\":\"PropertyValueSpecification\",\"valueRequired\":true,\"valueName\":\"search_term_string\"}}],\"inLanguage\":\"az\"},{\"@type\":\"Organization\",\"@id\":\"https:\\\/\\\/www.meydan.tv\\\/az\\\/#organization\",\"name\":\"Meydan TV\",\"url\":\"https:\\\/\\\/www.meydan.tv\\\/az\\\/\",\"logo\":{\"@type\":\"ImageObject\",\"inLanguage\":\"az\",\"@id\":\"https:\\\/\\\/www.meydan.tv\\\/az\\\/#\\\/schema\\\/logo\\\/image\\\/\",\"url\":\"https:\\\/\\\/www.meydan.tv\\\/wp-content\\\/uploads\\\/2021\\\/07\\\/meydan-logo.svg\",\"contentUrl\":\"https:\\\/\\\/www.meydan.tv\\\/wp-content\\\/uploads\\\/2021\\\/07\\\/meydan-logo.svg\",\"width\":195,\"height\":46,\"caption\":\"Meydan TV\"},\"image\":{\"@id\":\"https:\\\/\\\/www.meydan.tv\\\/az\\\/#\\\/schema\\\/logo\\\/image\\\/\"}},{\"@type\":\"Person\",\"@id\":\"https:\\\/\\\/www.meydan.tv\\\/az\\\/#\\\/schema\\\/person\\\/10d11eccf6da3662cf5fdab9806ea91a\",\"name\":\"user-manager\"}]}<\/script>\n<!-- \/ Yoast SEO plugin. -->","yoast_head_json":{"title":"12 ail\u0259nin h\u0259yat\u0131na t\u0259hl\u00fck\u0259 yaradan yataqxana - MEYDAN.TV","robots":{"index":"index","follow":"follow","max-snippet":"max-snippet:-1","max-image-preview":"max-image-preview:large","max-video-preview":"max-video-preview:-1"},"canonical":"https:\/\/www.meydan.tv\/az\/article\/12-ailenin-heyatina-tehluke-yaradan-yataqxana\/","og_locale":"az_AZ","og_type":"article","og_title":"12 ail\u0259nin h\u0259yat\u0131na t\u0259hl\u00fck\u0259 yaradan yataqxana - MEYDAN.TV","og_description":"\"M\u0259tb\u0259x, ayaqyolu, hamam \u2013 bunlardan dan\u0131\u015f\u0131las\u0131 deyil, x\u0259st\u0259lik m\u0259nb\u0259yidir\".","og_url":"https:\/\/www.meydan.tv\/az\/article\/12-ailenin-heyatina-tehluke-yaradan-yataqxana\/","og_site_name":"MEYDAN.TV","article_published_time":"2020-06-15T11:55:50+00:00","og_image":[{"width":1280,"height":960,"url":"https:\/\/www.meydan.tv\/wp-content\/uploads\/image_from_ios_2_mtfkrfb.jpg","type":"image\/jpeg"}],"author":"user-manager","twitter_card":"summary_large_image","schema":{"@context":"https:\/\/schema.org","@graph":[{"@type":"Article","@id":"https:\/\/www.meydan.tv\/az\/article\/12-ailenin-heyatina-tehluke-yaradan-yataqxana\/#article","isPartOf":{"@id":"https:\/\/www.meydan.tv\/az\/article\/12-ailenin-heyatina-tehluke-yaradan-yataqxana\/"},"author":{"name":"user-manager","@id":"https:\/\/www.meydan.tv\/az\/#\/schema\/person\/10d11eccf6da3662cf5fdab9806ea91a"},"headline":"12 ail\u0259nin h\u0259yat\u0131na t\u0259hl\u00fck\u0259 yaradan yataqxana","datePublished":"2020-06-15T11:55:50+00:00","mainEntityOfPage":{"@id":"https:\/\/www.meydan.tv\/az\/article\/12-ailenin-heyatina-tehluke-yaradan-yataqxana\/"},"wordCount":662,"publisher":{"@id":"https:\/\/www.meydan.tv\/az\/#organization"},"image":{"@id":"https:\/\/www.meydan.tv\/az\/article\/12-ailenin-heyatina-tehluke-yaradan-yataqxana\/#primaryimage"},"thumbnailUrl":"https:\/\/www.meydan.tv\/wp-content\/uploads\/image_from_ios_2_mtfkrfb.jpg","articleSection":["B\u00f6lg\u0259"],"inLanguage":"az"},{"@type":"WebPage","@id":"https:\/\/www.meydan.tv\/az\/article\/12-ailenin-heyatina-tehluke-yaradan-yataqxana\/","url":"https:\/\/www.meydan.tv\/az\/article\/12-ailenin-heyatina-tehluke-yaradan-yataqxana\/","name":"12 ail\u0259nin h\u0259yat\u0131na t\u0259hl\u00fck\u0259 yaradan yataqxana - MEYDAN.TV","isPartOf":{"@id":"https:\/\/www.meydan.tv\/az\/#website"},"primaryImageOfPage":{"@id":"https:\/\/www.meydan.tv\/az\/article\/12-ailenin-heyatina-tehluke-yaradan-yataqxana\/#primaryimage"},"image":{"@id":"https:\/\/www.meydan.tv\/az\/article\/12-ailenin-heyatina-tehluke-yaradan-yataqxana\/#primaryimage"},"thumbnailUrl":"https:\/\/www.meydan.tv\/wp-content\/uploads\/image_from_ios_2_mtfkrfb.jpg","datePublished":"2020-06-15T11:55:50+00:00","breadcrumb":{"@id":"https:\/\/www.meydan.tv\/az\/article\/12-ailenin-heyatina-tehluke-yaradan-yataqxana\/#breadcrumb"},"inLanguage":"az","potentialAction":[{"@type":"ReadAction","target":["https:\/\/www.meydan.tv\/az\/article\/12-ailenin-heyatina-tehluke-yaradan-yataqxana\/"]}]},{"@type":"ImageObject","inLanguage":"az","@id":"https:\/\/www.meydan.tv\/az\/article\/12-ailenin-heyatina-tehluke-yaradan-yataqxana\/#primaryimage","url":"https:\/\/www.meydan.tv\/wp-content\/uploads\/image_from_ios_2_mtfkrfb.jpg","contentUrl":"https:\/\/www.meydan.tv\/wp-content\/uploads\/image_from_ios_2_mtfkrfb.jpg","width":1280,"height":960,"caption":"Source: Specify Source"},{"@type":"BreadcrumbList","@id":"https:\/\/www.meydan.tv\/az\/article\/12-ailenin-heyatina-tehluke-yaradan-yataqxana\/#breadcrumb","itemListElement":[{"@type":"ListItem","position":1,"name":"Ana s\u0259hif\u0259","item":"https:\/\/www.meydan.tv\/az\/"},{"@type":"ListItem","position":2,"name":"B\u00f6lg\u0259","item":"https:\/\/www.meydan.tv\/az\/section\/bolge\/"},{"@type":"ListItem","position":3,"name":"12 ail\u0259nin h\u0259yat\u0131na t\u0259hl\u00fck\u0259 yaradan yataqxana"}]},{"@type":"WebSite","@id":"https:\/\/www.meydan.tv\/az\/#website","url":"https:\/\/www.meydan.tv\/az\/","name":"MEYDAN.TV","description":"Meydan TV Az\u0259rbaycan\u0131n media m\u0259kan\u0131ndak\u0131 alternativ s\u0259sidir","publisher":{"@id":"https:\/\/www.meydan.tv\/az\/#organization"},"potentialAction":[{"@type":"SearchAction","target":{"@type":"EntryPoint","urlTemplate":"https:\/\/www.meydan.tv\/az\/?s={search_term_string}"},"query-input":{"@type":"PropertyValueSpecification","valueRequired":true,"valueName":"search_term_string"}}],"inLanguage":"az"},{"@type":"Organization","@id":"https:\/\/www.meydan.tv\/az\/#organization","name":"Meydan TV","url":"https:\/\/www.meydan.tv\/az\/","logo":{"@type":"ImageObject","inLanguage":"az","@id":"https:\/\/www.meydan.tv\/az\/#\/schema\/logo\/image\/","url":"https:\/\/www.meydan.tv\/wp-content\/uploads\/2021\/07\/meydan-logo.svg","contentUrl":"https:\/\/www.meydan.tv\/wp-content\/uploads\/2021\/07\/meydan-logo.svg","width":195,"height":46,"caption":"Meydan TV"},"image":{"@id":"https:\/\/www.meydan.tv\/az\/#\/schema\/logo\/image\/"}},{"@type":"Person","@id":"https:\/\/www.meydan.tv\/az\/#\/schema\/person\/10d11eccf6da3662cf5fdab9806ea91a","name":"user-manager"}]}},"_links":{"self":[{"href":"https:\/\/www.meydan.tv\/az\/wp-json\/wp\/v2\/posts\/201008","targetHints":{"allow":["GET"]}}],"collection":[{"href":"https:\/\/www.meydan.tv\/az\/wp-json\/wp\/v2\/posts"}],"about":[{"href":"https:\/\/www.meydan.tv\/az\/wp-json\/wp\/v2\/types\/post"}],"author":[{"embeddable":true,"href":"https:\/\/www.meydan.tv\/az\/wp-json\/wp\/v2\/users\/11"}],"replies":[{"embeddable":true,"href":"https:\/\/www.meydan.tv\/az\/wp-json\/wp\/v2\/comments?post=201008"}],"version-history":[{"count":0,"href":"https:\/\/www.meydan.tv\/az\/wp-json\/wp\/v2\/posts\/201008\/revisions"}],"wp:featuredmedia":[{"embeddable":true,"href":"https:\/\/www.meydan.tv\/az\/wp-json\/wp\/v2\/media\/143036"}],"wp:attachment":[{"href":"https:\/\/www.meydan.tv\/az\/wp-json\/wp\/v2\/media?parent=201008"}],"wp:term":[{"taxonomy":"category","embeddable":true,"href":"https:\/\/www.meydan.tv\/az\/wp-json\/wp\/v2\/categories?post=201008"},{"taxonomy":"post_tag","embeddable":true,"href":"https:\/\/www.meydan.tv\/az\/wp-json\/wp\/v2\/tags?post=201008"}],"curies":[{"name":"wp","href":"https:\/\/api.w.org\/{rel}","templated":true}]}}