{"id":200986,"date":"2020-06-12T19:04:37","date_gmt":"2020-06-12T19:04:37","guid":{"rendered":"https:\/\/www.meydan.tv\/article\/rehim-qaziyev-basindan-xesaret-alib\/"},"modified":"2020-06-12T19:04:37","modified_gmt":"2020-06-12T19:04:37","slug":"rehim-qaziyev-basindan-xesaret-alib","status":"publish","type":"post","link":"https:\/\/www.meydan.tv\/az\/article\/rehim-qaziyev-basindan-xesaret-alib\/","title":{"rendered":"R\u0259him Qaz\u0131yev ba\u015f\u0131ndan x\u0259sar\u0259t al\u0131b"},"content":{"rendered":"<p>\n  <i><br \/>\n    Sabiq nazir nam\u0259lum \u015f\u0259xs t\u0259r\u0259find\u0259n vuruldu\u011funu deyir<br \/>\n  <\/i>\n<\/p>\n<p>\n  Sabiq m\u00fcdafi\u0259 naziri R\u0259him Qaz\u0131yev iyunun 12-d\u0259 g\u00fcn\u00fcn ikinci yar\u0131s\u0131nda nam\u0259lum \u015f\u0259xs t\u0259r\u0259find\u0259n k\u00fct al\u0259tl\u0259 vuruldu\u011funu deyir. N\u0259tic\u0259d\u0259 sabiq nazir ba\u015f\u0131ndan a\u011f\u0131r x\u0259sar\u0259t al\u0131b.\n<\/p>\n<p>\n  Bu bar\u0259d\u0259 R\u0259him Qaz\u0131yev \u00f6z\u00fc Meydan TV-y\u0259 dan\u0131\u015f\u0131b.\n<\/p>\n<p>\n  R\u0259him Qaz\u0131yevin s\u00f6zl\u0259rin\u0259 g\u00f6r\u0259, onu vuran \u015f\u0259xsi g\u00f6rm\u0259yib, hadis\u0259 bir anda ba\u015f verib:\n<\/p>\n<p>\n  \u201cBir d\u0259 hiss etdim ki, ba\u015f\u0131mdan a\u011f\u0131r z\u0259rb\u0259 d\u0259ydi, aya\u011fa qalxanda qan i\u00e7ind\u0259ydim. \u018ftrafdak\u0131 adamlar su g\u0259tirdil\u0259r, \u00f6z\u00fcm\u0259 g\u0259l\u0259nd\u0259n sonra yax\u0131nl\u0131qdak\u0131 polis\u0259 getdim\u201d.\n<\/p>\n<p>\n  Hadis\u0259 Yasamal rayon \u0259razisind\u0259 ba\u015f verdiyind\u0259n sabiq nazir 28-ci Polis B\u00f6lm\u0259sind\u0259 ifad\u0259 verib:\n<\/p>\n<p>\n  \u201c\u0130ndi Yasamal Rayon Polis \u0130dar\u0259sin\u0259 m\u00fcst\u0259ntiql\u0259 g\u00f6r\u00fc\u015fm\u0259y\u0259 gedir\u0259m\u201d.\n<\/p>\n<p>\n  Bak\u0131 \u015f\u0259h\u0259r Ba\u015f Polis \u0130dar\u0259sinin (B\u015eBP\u0130) m\u0259tbuat xidm\u0259tinin r\u0259isi El\u015fad Hac\u0131yev sabiq nazir R\u0259him Qaz\u0131yevin x\u0259sar\u0259t almas\u0131 il\u0259 ba\u011fl\u0131 Cinay\u0259t M\u0259c\u0259ll\u0259sinin 221.1-ci madd\u0259si il\u0259 Yasamal Rayon Polis \u0130dar\u0259sinin \u0130stintaq \u015f\u00f6b\u0259sind\u0259 cinay\u0259t i\u015fi ba\u015flan\u0131ld\u0131\u011f\u0131n\u0131 bildirib.\n<\/p>\n<p>\n  E.Hac\u0131yev hadis\u0259nin t\u00f6r\u0259dilm\u0259sind\u0259 \u015f\u00fcbh\u0259li \u015f\u0259xsin oldu\u011funu, ancaq haz\u0131rda ara\u015fdr\u0131malar\u0131n apar\u0131ld\u0131\u011f\u0131n\u0131 dey\u0259r\u0259k geni\u015f dan\u0131\u015fmay\u0131b.\n<\/p>\n<p>\n  R\u0259him Qaz\u0131yev 1992-1993-c\u00fc ill\u0259rd\u0259 Az\u0259rbaycan\u0131n m\u00fcdafi\u0259 naziri olub.<\/p>\n","protected":false},"excerpt":{"rendered":"<p>\u201c\u0130ndi Yasamal Rayon Polis \u0130dar\u0259sin\u0259 m\u00fcst\u0259ntiql\u0259 g\u00f6r\u00fc\u015fm\u0259y\u0259 gedir\u0259m\u201d.<\/p>\n","protected":false},"author":11,"featured_media":142985,"comment_status":"closed","ping_status":"open","sticky":false,"template":"","format":"standard","meta":{"_acf_changed":false,"_sitemap_exclude":false,"_sitemap_priority":"","_sitemap_frequency":"","footnotes":""},"categories":[59],"tags":[],"class_list":["post-200986","post","type-post","status-publish","format-standard","has-post-thumbnail","hentry","category-siyaset","infinite-scroll-item","generate-columns","tablet-grid-50","mobile-grid-100","grid-parent","grid-33","no-featured-image-padding"],"acf":[],"yoast_head":"<!-- This site is optimized with the Yoast SEO plugin v27.5 - https:\/\/yoast.com\/product\/yoast-seo-wordpress\/ -->\n<title>R\u0259him Qaz\u0131yev ba\u015f\u0131ndan x\u0259sar\u0259t al\u0131b - MEYDAN.TV<\/title>\n<meta name=\"robots\" content=\"index, follow, max-snippet:-1, max-image-preview:large, max-video-preview:-1\" \/>\n<link rel=\"canonical\" href=\"https:\/\/www.meydan.tv\/az\/article\/rehim-qaziyev-basindan-xesaret-alib\/\" \/>\n<meta property=\"og:locale\" content=\"az_AZ\" \/>\n<meta property=\"og:type\" content=\"article\" \/>\n<meta property=\"og:title\" content=\"R\u0259him Qaz\u0131yev ba\u015f\u0131ndan x\u0259sar\u0259t al\u0131b - MEYDAN.TV\" \/>\n<meta property=\"og:description\" content=\"\u201c\u0130ndi Yasamal Rayon Polis \u0130dar\u0259sin\u0259 m\u00fcst\u0259ntiql\u0259 g\u00f6r\u00fc\u015fm\u0259y\u0259 gedir\u0259m\u201d.\" \/>\n<meta property=\"og:url\" content=\"https:\/\/www.meydan.tv\/az\/article\/rehim-qaziyev-basindan-xesaret-alib\/\" \/>\n<meta property=\"og:site_name\" content=\"MEYDAN.TV\" \/>\n<meta property=\"article:published_time\" content=\"2020-06-12T19:04:37+00:00\" \/>\n<meta property=\"og:image\" content=\"https:\/\/www.meydan.tv\/wp-content\/uploads\/copy_of_untitled9_wkrczyj.png\" \/>\n\t<meta property=\"og:image:width\" content=\"1000\" \/>\n\t<meta property=\"og:image:height\" content=\"555\" \/>\n\t<meta property=\"og:image:type\" content=\"image\/png\" \/>\n<meta name=\"author\" content=\"user-manager\" \/>\n<meta name=\"twitter:card\" content=\"summary_large_image\" \/>\n<script type=\"application\/ld+json\" class=\"yoast-schema-graph\">{\"@context\":\"https:\\\/\\\/schema.org\",\"@graph\":[{\"@type\":\"Article\",\"@id\":\"https:\\\/\\\/www.meydan.tv\\\/az\\\/article\\\/rehim-qaziyev-basindan-xesaret-alib\\\/#article\",\"isPartOf\":{\"@id\":\"https:\\\/\\\/www.meydan.tv\\\/az\\\/article\\\/rehim-qaziyev-basindan-xesaret-alib\\\/\"},\"author\":{\"name\":\"user-manager\",\"@id\":\"https:\\\/\\\/www.meydan.tv\\\/az\\\/#\\\/schema\\\/person\\\/10d11eccf6da3662cf5fdab9806ea91a\"},\"headline\":\"R\u0259him Qaz\u0131yev ba\u015f\u0131ndan x\u0259sar\u0259t al\u0131b\",\"datePublished\":\"2020-06-12T19:04:37+00:00\",\"mainEntityOfPage\":{\"@id\":\"https:\\\/\\\/www.meydan.tv\\\/az\\\/article\\\/rehim-qaziyev-basindan-xesaret-alib\\\/\"},\"wordCount\":274,\"publisher\":{\"@id\":\"https:\\\/\\\/www.meydan.tv\\\/az\\\/#organization\"},\"image\":{\"@id\":\"https:\\\/\\\/www.meydan.tv\\\/az\\\/article\\\/rehim-qaziyev-basindan-xesaret-alib\\\/#primaryimage\"},\"thumbnailUrl\":\"https:\\\/\\\/www.meydan.tv\\\/wp-content\\\/uploads\\\/copy_of_untitled9_wkrczyj.png\",\"articleSection\":[\"Siyas\u0259t\"],\"inLanguage\":\"az\"},{\"@type\":\"WebPage\",\"@id\":\"https:\\\/\\\/www.meydan.tv\\\/az\\\/article\\\/rehim-qaziyev-basindan-xesaret-alib\\\/\",\"url\":\"https:\\\/\\\/www.meydan.tv\\\/az\\\/article\\\/rehim-qaziyev-basindan-xesaret-alib\\\/\",\"name\":\"R\u0259him Qaz\u0131yev ba\u015f\u0131ndan x\u0259sar\u0259t al\u0131b - MEYDAN.TV\",\"isPartOf\":{\"@id\":\"https:\\\/\\\/www.meydan.tv\\\/az\\\/#website\"},\"primaryImageOfPage\":{\"@id\":\"https:\\\/\\\/www.meydan.tv\\\/az\\\/article\\\/rehim-qaziyev-basindan-xesaret-alib\\\/#primaryimage\"},\"image\":{\"@id\":\"https:\\\/\\\/www.meydan.tv\\\/az\\\/article\\\/rehim-qaziyev-basindan-xesaret-alib\\\/#primaryimage\"},\"thumbnailUrl\":\"https:\\\/\\\/www.meydan.tv\\\/wp-content\\\/uploads\\\/copy_of_untitled9_wkrczyj.png\",\"datePublished\":\"2020-06-12T19:04:37+00:00\",\"breadcrumb\":{\"@id\":\"https:\\\/\\\/www.meydan.tv\\\/az\\\/article\\\/rehim-qaziyev-basindan-xesaret-alib\\\/#breadcrumb\"},\"inLanguage\":\"az\",\"potentialAction\":[{\"@type\":\"ReadAction\",\"target\":[\"https:\\\/\\\/www.meydan.tv\\\/az\\\/article\\\/rehim-qaziyev-basindan-xesaret-alib\\\/\"]}]},{\"@type\":\"ImageObject\",\"inLanguage\":\"az\",\"@id\":\"https:\\\/\\\/www.meydan.tv\\\/az\\\/article\\\/rehim-qaziyev-basindan-xesaret-alib\\\/#primaryimage\",\"url\":\"https:\\\/\\\/www.meydan.tv\\\/wp-content\\\/uploads\\\/copy_of_untitled9_wkrczyj.png\",\"contentUrl\":\"https:\\\/\\\/www.meydan.tv\\\/wp-content\\\/uploads\\\/copy_of_untitled9_wkrczyj.png\",\"width\":1000,\"height\":555,\"caption\":\"Source: Specify Source\"},{\"@type\":\"BreadcrumbList\",\"@id\":\"https:\\\/\\\/www.meydan.tv\\\/az\\\/article\\\/rehim-qaziyev-basindan-xesaret-alib\\\/#breadcrumb\",\"itemListElement\":[{\"@type\":\"ListItem\",\"position\":1,\"name\":\"Ana s\u0259hif\u0259\",\"item\":\"https:\\\/\\\/www.meydan.tv\\\/az\\\/\"},{\"@type\":\"ListItem\",\"position\":2,\"name\":\"Siyas\u0259t\",\"item\":\"https:\\\/\\\/www.meydan.tv\\\/az\\\/section\\\/siyaset\\\/\"},{\"@type\":\"ListItem\",\"position\":3,\"name\":\"R\u0259him Qaz\u0131yev ba\u015f\u0131ndan x\u0259sar\u0259t al\u0131b\"}]},{\"@type\":\"WebSite\",\"@id\":\"https:\\\/\\\/www.meydan.tv\\\/az\\\/#website\",\"url\":\"https:\\\/\\\/www.meydan.tv\\\/az\\\/\",\"name\":\"MEYDAN.TV\",\"description\":\"Meydan TV Az\u0259rbaycan\u0131n media m\u0259kan\u0131ndak\u0131 alternativ s\u0259sidir\",\"publisher\":{\"@id\":\"https:\\\/\\\/www.meydan.tv\\\/az\\\/#organization\"},\"potentialAction\":[{\"@type\":\"SearchAction\",\"target\":{\"@type\":\"EntryPoint\",\"urlTemplate\":\"https:\\\/\\\/www.meydan.tv\\\/az\\\/?s={search_term_string}\"},\"query-input\":{\"@type\":\"PropertyValueSpecification\",\"valueRequired\":true,\"valueName\":\"search_term_string\"}}],\"inLanguage\":\"az\"},{\"@type\":\"Organization\",\"@id\":\"https:\\\/\\\/www.meydan.tv\\\/az\\\/#organization\",\"name\":\"Meydan TV\",\"url\":\"https:\\\/\\\/www.meydan.tv\\\/az\\\/\",\"logo\":{\"@type\":\"ImageObject\",\"inLanguage\":\"az\",\"@id\":\"https:\\\/\\\/www.meydan.tv\\\/az\\\/#\\\/schema\\\/logo\\\/image\\\/\",\"url\":\"https:\\\/\\\/www.meydan.tv\\\/wp-content\\\/uploads\\\/2021\\\/07\\\/meydan-logo.svg\",\"contentUrl\":\"https:\\\/\\\/www.meydan.tv\\\/wp-content\\\/uploads\\\/2021\\\/07\\\/meydan-logo.svg\",\"width\":195,\"height\":46,\"caption\":\"Meydan TV\"},\"image\":{\"@id\":\"https:\\\/\\\/www.meydan.tv\\\/az\\\/#\\\/schema\\\/logo\\\/image\\\/\"}},{\"@type\":\"Person\",\"@id\":\"https:\\\/\\\/www.meydan.tv\\\/az\\\/#\\\/schema\\\/person\\\/10d11eccf6da3662cf5fdab9806ea91a\",\"name\":\"user-manager\"}]}<\/script>\n<!-- \/ Yoast SEO plugin. -->","yoast_head_json":{"title":"R\u0259him Qaz\u0131yev ba\u015f\u0131ndan x\u0259sar\u0259t al\u0131b - MEYDAN.TV","robots":{"index":"index","follow":"follow","max-snippet":"max-snippet:-1","max-image-preview":"max-image-preview:large","max-video-preview":"max-video-preview:-1"},"canonical":"https:\/\/www.meydan.tv\/az\/article\/rehim-qaziyev-basindan-xesaret-alib\/","og_locale":"az_AZ","og_type":"article","og_title":"R\u0259him Qaz\u0131yev ba\u015f\u0131ndan x\u0259sar\u0259t al\u0131b - MEYDAN.TV","og_description":"\u201c\u0130ndi Yasamal Rayon Polis \u0130dar\u0259sin\u0259 m\u00fcst\u0259ntiql\u0259 g\u00f6r\u00fc\u015fm\u0259y\u0259 gedir\u0259m\u201d.","og_url":"https:\/\/www.meydan.tv\/az\/article\/rehim-qaziyev-basindan-xesaret-alib\/","og_site_name":"MEYDAN.TV","article_published_time":"2020-06-12T19:04:37+00:00","og_image":[{"width":1000,"height":555,"url":"https:\/\/www.meydan.tv\/wp-content\/uploads\/copy_of_untitled9_wkrczyj.png","type":"image\/png"}],"author":"user-manager","twitter_card":"summary_large_image","schema":{"@context":"https:\/\/schema.org","@graph":[{"@type":"Article","@id":"https:\/\/www.meydan.tv\/az\/article\/rehim-qaziyev-basindan-xesaret-alib\/#article","isPartOf":{"@id":"https:\/\/www.meydan.tv\/az\/article\/rehim-qaziyev-basindan-xesaret-alib\/"},"author":{"name":"user-manager","@id":"https:\/\/www.meydan.tv\/az\/#\/schema\/person\/10d11eccf6da3662cf5fdab9806ea91a"},"headline":"R\u0259him Qaz\u0131yev ba\u015f\u0131ndan x\u0259sar\u0259t al\u0131b","datePublished":"2020-06-12T19:04:37+00:00","mainEntityOfPage":{"@id":"https:\/\/www.meydan.tv\/az\/article\/rehim-qaziyev-basindan-xesaret-alib\/"},"wordCount":274,"publisher":{"@id":"https:\/\/www.meydan.tv\/az\/#organization"},"image":{"@id":"https:\/\/www.meydan.tv\/az\/article\/rehim-qaziyev-basindan-xesaret-alib\/#primaryimage"},"thumbnailUrl":"https:\/\/www.meydan.tv\/wp-content\/uploads\/copy_of_untitled9_wkrczyj.png","articleSection":["Siyas\u0259t"],"inLanguage":"az"},{"@type":"WebPage","@id":"https:\/\/www.meydan.tv\/az\/article\/rehim-qaziyev-basindan-xesaret-alib\/","url":"https:\/\/www.meydan.tv\/az\/article\/rehim-qaziyev-basindan-xesaret-alib\/","name":"R\u0259him Qaz\u0131yev ba\u015f\u0131ndan x\u0259sar\u0259t al\u0131b - MEYDAN.TV","isPartOf":{"@id":"https:\/\/www.meydan.tv\/az\/#website"},"primaryImageOfPage":{"@id":"https:\/\/www.meydan.tv\/az\/article\/rehim-qaziyev-basindan-xesaret-alib\/#primaryimage"},"image":{"@id":"https:\/\/www.meydan.tv\/az\/article\/rehim-qaziyev-basindan-xesaret-alib\/#primaryimage"},"thumbnailUrl":"https:\/\/www.meydan.tv\/wp-content\/uploads\/copy_of_untitled9_wkrczyj.png","datePublished":"2020-06-12T19:04:37+00:00","breadcrumb":{"@id":"https:\/\/www.meydan.tv\/az\/article\/rehim-qaziyev-basindan-xesaret-alib\/#breadcrumb"},"inLanguage":"az","potentialAction":[{"@type":"ReadAction","target":["https:\/\/www.meydan.tv\/az\/article\/rehim-qaziyev-basindan-xesaret-alib\/"]}]},{"@type":"ImageObject","inLanguage":"az","@id":"https:\/\/www.meydan.tv\/az\/article\/rehim-qaziyev-basindan-xesaret-alib\/#primaryimage","url":"https:\/\/www.meydan.tv\/wp-content\/uploads\/copy_of_untitled9_wkrczyj.png","contentUrl":"https:\/\/www.meydan.tv\/wp-content\/uploads\/copy_of_untitled9_wkrczyj.png","width":1000,"height":555,"caption":"Source: Specify Source"},{"@type":"BreadcrumbList","@id":"https:\/\/www.meydan.tv\/az\/article\/rehim-qaziyev-basindan-xesaret-alib\/#breadcrumb","itemListElement":[{"@type":"ListItem","position":1,"name":"Ana s\u0259hif\u0259","item":"https:\/\/www.meydan.tv\/az\/"},{"@type":"ListItem","position":2,"name":"Siyas\u0259t","item":"https:\/\/www.meydan.tv\/az\/section\/siyaset\/"},{"@type":"ListItem","position":3,"name":"R\u0259him Qaz\u0131yev ba\u015f\u0131ndan x\u0259sar\u0259t al\u0131b"}]},{"@type":"WebSite","@id":"https:\/\/www.meydan.tv\/az\/#website","url":"https:\/\/www.meydan.tv\/az\/","name":"MEYDAN.TV","description":"Meydan TV Az\u0259rbaycan\u0131n media m\u0259kan\u0131ndak\u0131 alternativ s\u0259sidir","publisher":{"@id":"https:\/\/www.meydan.tv\/az\/#organization"},"potentialAction":[{"@type":"SearchAction","target":{"@type":"EntryPoint","urlTemplate":"https:\/\/www.meydan.tv\/az\/?s={search_term_string}"},"query-input":{"@type":"PropertyValueSpecification","valueRequired":true,"valueName":"search_term_string"}}],"inLanguage":"az"},{"@type":"Organization","@id":"https:\/\/www.meydan.tv\/az\/#organization","name":"Meydan TV","url":"https:\/\/www.meydan.tv\/az\/","logo":{"@type":"ImageObject","inLanguage":"az","@id":"https:\/\/www.meydan.tv\/az\/#\/schema\/logo\/image\/","url":"https:\/\/www.meydan.tv\/wp-content\/uploads\/2021\/07\/meydan-logo.svg","contentUrl":"https:\/\/www.meydan.tv\/wp-content\/uploads\/2021\/07\/meydan-logo.svg","width":195,"height":46,"caption":"Meydan TV"},"image":{"@id":"https:\/\/www.meydan.tv\/az\/#\/schema\/logo\/image\/"}},{"@type":"Person","@id":"https:\/\/www.meydan.tv\/az\/#\/schema\/person\/10d11eccf6da3662cf5fdab9806ea91a","name":"user-manager"}]}},"_links":{"self":[{"href":"https:\/\/www.meydan.tv\/az\/wp-json\/wp\/v2\/posts\/200986","targetHints":{"allow":["GET"]}}],"collection":[{"href":"https:\/\/www.meydan.tv\/az\/wp-json\/wp\/v2\/posts"}],"about":[{"href":"https:\/\/www.meydan.tv\/az\/wp-json\/wp\/v2\/types\/post"}],"author":[{"embeddable":true,"href":"https:\/\/www.meydan.tv\/az\/wp-json\/wp\/v2\/users\/11"}],"replies":[{"embeddable":true,"href":"https:\/\/www.meydan.tv\/az\/wp-json\/wp\/v2\/comments?post=200986"}],"version-history":[{"count":0,"href":"https:\/\/www.meydan.tv\/az\/wp-json\/wp\/v2\/posts\/200986\/revisions"}],"wp:featuredmedia":[{"embeddable":true,"href":"https:\/\/www.meydan.tv\/az\/wp-json\/wp\/v2\/media\/142985"}],"wp:attachment":[{"href":"https:\/\/www.meydan.tv\/az\/wp-json\/wp\/v2\/media?parent=200986"}],"wp:term":[{"taxonomy":"category","embeddable":true,"href":"https:\/\/www.meydan.tv\/az\/wp-json\/wp\/v2\/categories?post=200986"},{"taxonomy":"post_tag","embeddable":true,"href":"https:\/\/www.meydan.tv\/az\/wp-json\/wp\/v2\/tags?post=200986"}],"curies":[{"name":"wp","href":"https:\/\/api.w.org\/{rel}","templated":true}]}}