{"id":200898,"date":"2020-06-07T19:15:09","date_gmt":"2020-06-07T19:15:09","guid":{"rendered":"https:\/\/www.meydan.tv\/article\/neftcala-sakini-teserrufatimiz-batir\/"},"modified":"2020-06-07T19:15:09","modified_gmt":"2020-06-07T19:15:09","slug":"neftcala-sakini-teserrufatimiz-batir","status":"publish","type":"post","link":"https:\/\/www.meydan.tv\/az\/article\/neftcala-sakini-teserrufatimiz-batir\/","title":{"rendered":"Neft\u00e7ala sakini: T\u0259s\u0259rr\u00fcfat\u0131m\u0131z bat\u0131r"},"content":{"rendered":"<p>\n  <i><br \/>\n    Fermer mal-qaraya verm\u0259y\u0259 su tapmad\u0131qlar\u0131n\u0131 deyir<br \/>\n  <\/i>\n<\/p>\n<p>\n  K\u00fcr\u00fcn X\u0259z\u0259rl\u0259 birl\u0259\u015fdiyi hiss\u0259d\u0259, \u0259sas\u0259n Neft\u00e7ala rayonu \u0259razisind\u0259 \u00e7ay suyunun azalmas\u0131 narahatl\u0131q yarad\u0131b. Neft\u00e7alan\u0131n Bank\u0259 q\u0259s\u0259b\u0259sind\u0259n olan fermer \u0130sbat Bayramov deyir ki, rayondak\u0131 t\u0259s\u0259rr\u00fcfatlar buna g\u00f6r\u0259 b\u00f6y\u00fck z\u0259r\u0259r g\u00f6r\u00fcr. \u018fg\u0259r m\u00fcvafiq d\u00f6vl\u0259t orqanlar\u0131 q\u0131sa m\u00fcdd\u0259td\u0259 t\u0259dbir g\u00f6rm\u0259s\u0259l\u0259r, \u0259hali ac\u0131nacaql\u0131 v\u0259ziyy\u0259td\u0259 qalacaq.\n<\/p>\n<p>\n  <b><br \/>\n    \u201cSuyu i\u00e7m\u0259k olmur, z\u0259h\u0259r kimidir\u201d<br \/>\n  <\/b>\n<\/p>\n<p>\n  28 ya\u015fl\u0131 t\u0259s\u0259rr\u00fcfat\u00e7\u0131 K\u00fcr\u00fcn d\u0259niz\u0259 t\u00f6k\u00fcld\u00fcy\u00fc \u0259razinin t\u0259xmin\u0259n bir kilometrliyind\u0259 heyvandarl\u0131qla m\u0259\u015f\u011fuldur. Onun s\u00f6zl\u0259rin\u0259 g\u00f6r\u0259, fermerl\u0259r \u00e7ox ciddi su problemi il\u0259 \u00fczl\u0259\u015fib.\n<\/p>\n<p>\n  \u201cK\u00fcr\u00fcn s\u0259viyy\u0259si a\u015fa\u011f\u0131 d\u00fc\u015fd\u00fcy\u00fcn\u0259 g\u00f6r\u0259 \u00e7ay d\u0259niz\u0259 axm\u0131r. Y\u0259ni K\u00fcr d\u0259niz\u0259 t\u00f6k\u00fclm\u0259kd\u0259n, d\u0259nizin suyu \u00e7aya t\u0259r\u0259f gedir. Bu da suyu \u00e7ox \u015forla\u015fd\u0131r\u0131r. Mal-heyvan suya yax\u0131n ged\u0259 bilmir, z\u0259h\u0259r kimidi. Heyvanlar bu suyu i\u00e7\u0259nd\u0259 d\u0259 q\u0131zd\u0131r\u0131rlar. T\u0259k m\u0259n deyil\u0259m, ba\u015fqa fermerl\u0259r d\u0259 bundan \u0259ziyy\u0259t \u00e7\u0259kirl\u0259r\u201d, &#8211; g\u0259nc fermer bel\u0259 deyir.\n<\/p>\n<p>\n  Problem son bir h\u0259ft\u0259d\u0259 lap ciddil\u0259\u015fib. Bir t\u0259r\u0259fd\u0259n K\u00fcr\u00fcn s\u0259viyy\u0259si azal\u0131b, dig\u0259r yandan da k\u0259skin x\u0259zri k\u00fcl\u0259yinin \u0259sm\u0259si d\u0259niz suyunu \u00e7aya istiqam\u0259tl\u0259ndirir. S\u0131x\u0131nt\u0131 t\u0259kc\u0259 Bank\u0259 q\u0259s\u0259b\u0259sinin sakinl\u0259ri \u00fc\u00e7\u00fcn yaranmay\u0131b. Neft\u00e7alan\u0131n K\u00fcr sahili k\u0259ndl\u0259rind\u0259 &#8211; Mayakda, Yenik\u0259ndd\u0259 evl\u0259r\u0259 su \u015for halda g\u0259ldiyi \u00fc\u00e7\u00fcn i\u00e7m\u0259kd\u0259n imtina etm\u0259y\u0259 m\u0259cburdular.\n<\/p>\n<figure class=\"wp-block-image size-large\">\n  <img decoding=\"async\" src=\"https:\/\/www.meydan.tv\/az\/image_from_ios-4-jpg-139\/\" alt=\"image_from_ios (4).jpg\" class=\"wp-image-142724\"\/><figcaption>\n    \u0130sbat Bayramov<br \/>\n  <\/figcaption><\/figure>\n<p>\n  \u0130sbat Bayramov deyir ki, Neft\u00e7ala Rayon \u0130cra Hakimiyy\u0259ti problemd\u0259n x\u0259b\u0259rdard\u0131r: \u201c\u0130cra ba\u015f\u00e7\u0131s\u0131 Mirh\u0259s\u0259n Seyidov \u201cAz\u0259rsu\u201d il\u0259 birlikd\u0259 t\u0259dbir g\u00f6r\u00fcb \u0259halini birt\u0259h\u0259r i\u00e7m\u0259li su il\u0259 t\u0259min etm\u0259y\u0259 \u00e7al\u0131\u015f\u0131r. B\u0259s mal-qara nec\u0259 olsun? T\u0259kc\u0259 iyunun 5-d\u0259 m\u0259nim t\u0259s\u0259rr\u00fcfat\u0131mda be\u015f heyvan\u0131m q\u0131zd\u0131r\u0131b. S\u00fcbh adas\u0131 adlanan yerd\u0259 adamlar evl\u0259rind\u0259n suyu da\u015f\u0131y\u0131b, in\u0259kl\u0259r\u0259, cam\u0131\u015flara verirl\u0259r\u201d.\n<\/p>\n<p>\n  <b><br \/>\n    \u201cNazirlik q\u0259ti bir s\u00f6z demir\u201d<br \/>\n  <\/b>\n<\/p>\n<p>\n  \u0130sbat Bayramov t\u0259s\u0259rr\u00fcfat\u0131nda 3 min\u0259 q\u0259d\u0259r mal-qara oldu\u011funu bildirir. Amma \u00fcmumilikd\u0259 30 min ba\u015fa q\u0259d\u0259r heyvan saxlan\u0131l\u0131r. Fermerin fikrinc\u0259, d\u00f6vl\u0259t ba\u015f\u00e7\u0131s\u0131 m\u0259s\u0259l\u0259y\u0259 m\u00fcdaxil\u0259 edib bir \u0259ncam \u00e7\u0259km\u0259s\u0259, daha a\u011f\u0131r v\u0259ziyy\u0259t yaranacaq: \u201cM\u0259nc\u0259, prezidentimiz problemd\u0259n x\u0259b\u0259r tutsa, bigan\u0259 qalmayacaq. Ming\u0259\u00e7evird\u0259n su a\u00e7\u0131lmal\u0131d\u0131r ki, suyun s\u0259viyy\u0259si arts\u0131n\u201d.\n<\/p>\n<p>\n  Fermer deyir ki, Neft\u00e7alan\u0131n deputat\u0131 Sabir R\u00fcst\u0259mxanl\u0131ya m\u00fcraci\u0259t edib. \u0130sbat Bayramov onun problemi h\u0259ll etm\u0259k \u00fc\u00e7\u00fcn \u00e7ox \u00e7al\u0131\u015fd\u0131\u011f\u0131n\u0131 bildirir: \u201c\u0130nsaf\u0259n, m\u0259s\u0259l\u0259 il\u0259 maraqlan\u0131b, m\u00fc\u0259yy\u0259n i\u015fl\u0259r g\u00f6r\u00fcb. Sa\u011f olsun ki, vaxt ay\u0131r\u0131b. \u00c7ox pis v\u0259ziyy\u0259t\u0259 qalm\u0131\u015f\u0131q. T\u0259s\u0259rr\u00fcfat\u0131m\u0131z bat\u0131r. Bunun ax\u0131r\u0131 nec\u0259 olacaq, bilmirik. Allah \u00f6z\u00fc insanlar\u0131n dad\u0131na \u00e7ats\u0131n. Camaat \u00e7ox narahatd\u0131r, \u0259ziyy\u0259t \u00e7\u0259kirl\u0259r. Ba\u015fqa fermerl\u0259r d\u0259 m\u00fcxt\u0259lif d\u00f6vl\u0259t orqanlar\u0131na m\u00fcraci\u0259t edibl\u0259r. Ekologiya v\u0259 T\u0259bii S\u0259rv\u0259tl\u0259r Nazirliyin\u0259 m\u0259lumat da veribl\u0259r. H\u0259l\u0259 ki, q\u0259ti bir s\u00f6z dey\u0259n yoxdur\u201d.\n<\/p>\n<figure class=\"wp-block-image size-large\">\n  <img decoding=\"async\" src=\"https:\/\/www.meydan.tv\/az\/image_from_ios-5-jpg-103\/\" alt=\"image_from_ios (5).jpg\" class=\"wp-image-142727\"\/><figcaption>\n    F\u0259rman H\u00fcseynov<br \/>\n  <\/figcaption><\/figure>\n<p>\n  Neft\u00e7alan\u0131n ke\u00e7mi\u015f icra ba\u015f\u00e7\u0131s\u0131, Sabir R\u00fcst\u0259mxanl\u0131n\u0131n k\u00f6m\u0259k\u00e7isi F\u0259rman H\u00fcseynov x\u0259b\u0259r tutan kimi K\u00fcrsahili \u0259razid\u0259ki adamlarla problemi \u00f6yr\u0259nm\u0259k \u00fc\u00e7\u00fcn dan\u0131\u015fd\u0131\u011f\u0131n\u0131, m\u00fc\u0259yy\u0259n strukturlarla \u0259laq\u0259 saxlad\u0131\u011f\u0131n\u0131 deyir:\n<\/p>\n<p>\n  \u201c\u0130ndiki v\u0259ziyy\u0259td\u0259 \u00e7\u0131x\u0131\u015f yolu Ming\u0259\u00e7evird\u0259 K\u00fcr\u0259 m\u00fc\u0259yy\u0259n q\u0259d\u0259r suyun burax\u0131lmas\u0131 olar. B\u00f6hran v\u0259ziyy\u0259tind\u0259n bel\u0259 \u00e7\u0131xmaq olar. Sabir m\u00fc\u0259llim b\u00fct\u00fcn istiqam\u0259tl\u0259rd\u0259 add\u0131m at\u0131r. Amma bu, kompleks yana\u015fma ist\u0259yir. D\u00f6vl\u0259t s\u0259viyy\u0259sind\u0259 ciddi yana\u015f\u0131las\u0131 problemdi. Bu, Prezident Administrasiyas\u0131n\u0131n, Nazirl\u0259r Kabinetinin qar\u0131\u015fmas\u0131 il\u0259 h\u0259ll olunas\u0131 m\u0259s\u0259l\u0259di. Sabir m\u00fc\u0259llim b\u00fct\u00fcn strukturlar\u0131 m\u0259lumatland\u0131r\u0131b\u201d.<\/p>\n","protected":false},"excerpt":{"rendered":"<p>\u201c\u0130ndiki v\u0259ziyy\u0259td\u0259 \u00e7\u0131x\u0131\u015f yolu Ming\u0259\u00e7evird\u0259 K\u00fcr\u0259 m\u00fc\u0259yy\u0259n q\u0259d\u0259r suyun burax\u0131lmas\u0131 olar\u201d.<\/p>\n","protected":false},"author":11,"featured_media":142718,"comment_status":"closed","ping_status":"open","sticky":false,"template":"","format":"standard","meta":{"_acf_changed":false,"_sitemap_exclude":false,"_sitemap_priority":"","_sitemap_frequency":"","footnotes":""},"categories":[60],"tags":[],"class_list":["post-200898","post","type-post","status-publish","format-standard","has-post-thumbnail","hentry","category-bolge","infinite-scroll-item","generate-columns","tablet-grid-50","mobile-grid-100","grid-parent","grid-33","no-featured-image-padding"],"acf":[],"yoast_head":"<!-- This site is optimized with the Yoast SEO plugin v27.5 - https:\/\/yoast.com\/product\/yoast-seo-wordpress\/ -->\n<title>Neft\u00e7ala sakini: T\u0259s\u0259rr\u00fcfat\u0131m\u0131z bat\u0131r - MEYDAN.TV<\/title>\n<meta name=\"robots\" content=\"index, follow, max-snippet:-1, max-image-preview:large, max-video-preview:-1\" \/>\n<link rel=\"canonical\" href=\"https:\/\/www.meydan.tv\/az\/article\/neftcala-sakini-teserrufatimiz-batir\/\" \/>\n<meta property=\"og:locale\" content=\"az_AZ\" \/>\n<meta property=\"og:type\" content=\"article\" \/>\n<meta property=\"og:title\" content=\"Neft\u00e7ala sakini: T\u0259s\u0259rr\u00fcfat\u0131m\u0131z bat\u0131r - MEYDAN.TV\" \/>\n<meta property=\"og:description\" content=\"\u201c\u0130ndiki v\u0259ziyy\u0259td\u0259 \u00e7\u0131x\u0131\u015f yolu Ming\u0259\u00e7evird\u0259 K\u00fcr\u0259 m\u00fc\u0259yy\u0259n q\u0259d\u0259r suyun burax\u0131lmas\u0131 olar\u201d.\" \/>\n<meta property=\"og:url\" content=\"https:\/\/www.meydan.tv\/az\/article\/neftcala-sakini-teserrufatimiz-batir\/\" \/>\n<meta property=\"og:site_name\" content=\"MEYDAN.TV\" \/>\n<meta property=\"article:published_time\" content=\"2020-06-07T19:15:09+00:00\" \/>\n<meta property=\"og:image\" content=\"https:\/\/www.meydan.tv\/wp-content\/uploads\/image_from_ios_3_vlweugu.jpg\" \/>\n\t<meta property=\"og:image:width\" content=\"1043\" \/>\n\t<meta property=\"og:image:height\" content=\"649\" \/>\n\t<meta property=\"og:image:type\" content=\"image\/jpeg\" \/>\n<meta name=\"author\" content=\"user-manager\" \/>\n<meta name=\"twitter:card\" content=\"summary_large_image\" \/>\n<script type=\"application\/ld+json\" class=\"yoast-schema-graph\">{\"@context\":\"https:\\\/\\\/schema.org\",\"@graph\":[{\"@type\":\"Article\",\"@id\":\"https:\\\/\\\/www.meydan.tv\\\/az\\\/article\\\/neftcala-sakini-teserrufatimiz-batir\\\/#article\",\"isPartOf\":{\"@id\":\"https:\\\/\\\/www.meydan.tv\\\/az\\\/article\\\/neftcala-sakini-teserrufatimiz-batir\\\/\"},\"author\":{\"name\":\"user-manager\",\"@id\":\"https:\\\/\\\/www.meydan.tv\\\/az\\\/#\\\/schema\\\/person\\\/10d11eccf6da3662cf5fdab9806ea91a\"},\"headline\":\"Neft\u00e7ala sakini: T\u0259s\u0259rr\u00fcfat\u0131m\u0131z bat\u0131r\",\"datePublished\":\"2020-06-07T19:15:09+00:00\",\"mainEntityOfPage\":{\"@id\":\"https:\\\/\\\/www.meydan.tv\\\/az\\\/article\\\/neftcala-sakini-teserrufatimiz-batir\\\/\"},\"wordCount\":777,\"publisher\":{\"@id\":\"https:\\\/\\\/www.meydan.tv\\\/az\\\/#organization\"},\"image\":{\"@id\":\"https:\\\/\\\/www.meydan.tv\\\/az\\\/article\\\/neftcala-sakini-teserrufatimiz-batir\\\/#primaryimage\"},\"thumbnailUrl\":\"https:\\\/\\\/www.meydan.tv\\\/wp-content\\\/uploads\\\/image_from_ios_3_vlweugu.jpg\",\"articleSection\":[\"B\u00f6lg\u0259\"],\"inLanguage\":\"az\"},{\"@type\":\"WebPage\",\"@id\":\"https:\\\/\\\/www.meydan.tv\\\/az\\\/article\\\/neftcala-sakini-teserrufatimiz-batir\\\/\",\"url\":\"https:\\\/\\\/www.meydan.tv\\\/az\\\/article\\\/neftcala-sakini-teserrufatimiz-batir\\\/\",\"name\":\"Neft\u00e7ala sakini: T\u0259s\u0259rr\u00fcfat\u0131m\u0131z bat\u0131r - MEYDAN.TV\",\"isPartOf\":{\"@id\":\"https:\\\/\\\/www.meydan.tv\\\/az\\\/#website\"},\"primaryImageOfPage\":{\"@id\":\"https:\\\/\\\/www.meydan.tv\\\/az\\\/article\\\/neftcala-sakini-teserrufatimiz-batir\\\/#primaryimage\"},\"image\":{\"@id\":\"https:\\\/\\\/www.meydan.tv\\\/az\\\/article\\\/neftcala-sakini-teserrufatimiz-batir\\\/#primaryimage\"},\"thumbnailUrl\":\"https:\\\/\\\/www.meydan.tv\\\/wp-content\\\/uploads\\\/image_from_ios_3_vlweugu.jpg\",\"datePublished\":\"2020-06-07T19:15:09+00:00\",\"breadcrumb\":{\"@id\":\"https:\\\/\\\/www.meydan.tv\\\/az\\\/article\\\/neftcala-sakini-teserrufatimiz-batir\\\/#breadcrumb\"},\"inLanguage\":\"az\",\"potentialAction\":[{\"@type\":\"ReadAction\",\"target\":[\"https:\\\/\\\/www.meydan.tv\\\/az\\\/article\\\/neftcala-sakini-teserrufatimiz-batir\\\/\"]}]},{\"@type\":\"ImageObject\",\"inLanguage\":\"az\",\"@id\":\"https:\\\/\\\/www.meydan.tv\\\/az\\\/article\\\/neftcala-sakini-teserrufatimiz-batir\\\/#primaryimage\",\"url\":\"https:\\\/\\\/www.meydan.tv\\\/wp-content\\\/uploads\\\/image_from_ios_3_vlweugu.jpg\",\"contentUrl\":\"https:\\\/\\\/www.meydan.tv\\\/wp-content\\\/uploads\\\/image_from_ios_3_vlweugu.jpg\",\"width\":1043,\"height\":649,\"caption\":\"Source: Specify Source\"},{\"@type\":\"BreadcrumbList\",\"@id\":\"https:\\\/\\\/www.meydan.tv\\\/az\\\/article\\\/neftcala-sakini-teserrufatimiz-batir\\\/#breadcrumb\",\"itemListElement\":[{\"@type\":\"ListItem\",\"position\":1,\"name\":\"Ana s\u0259hif\u0259\",\"item\":\"https:\\\/\\\/www.meydan.tv\\\/az\\\/\"},{\"@type\":\"ListItem\",\"position\":2,\"name\":\"B\u00f6lg\u0259\",\"item\":\"https:\\\/\\\/www.meydan.tv\\\/az\\\/section\\\/bolge\\\/\"},{\"@type\":\"ListItem\",\"position\":3,\"name\":\"Neft\u00e7ala sakini: T\u0259s\u0259rr\u00fcfat\u0131m\u0131z bat\u0131r\"}]},{\"@type\":\"WebSite\",\"@id\":\"https:\\\/\\\/www.meydan.tv\\\/az\\\/#website\",\"url\":\"https:\\\/\\\/www.meydan.tv\\\/az\\\/\",\"name\":\"MEYDAN.TV\",\"description\":\"Meydan TV Az\u0259rbaycan\u0131n media m\u0259kan\u0131ndak\u0131 alternativ s\u0259sidir\",\"publisher\":{\"@id\":\"https:\\\/\\\/www.meydan.tv\\\/az\\\/#organization\"},\"potentialAction\":[{\"@type\":\"SearchAction\",\"target\":{\"@type\":\"EntryPoint\",\"urlTemplate\":\"https:\\\/\\\/www.meydan.tv\\\/az\\\/?s={search_term_string}\"},\"query-input\":{\"@type\":\"PropertyValueSpecification\",\"valueRequired\":true,\"valueName\":\"search_term_string\"}}],\"inLanguage\":\"az\"},{\"@type\":\"Organization\",\"@id\":\"https:\\\/\\\/www.meydan.tv\\\/az\\\/#organization\",\"name\":\"Meydan TV\",\"url\":\"https:\\\/\\\/www.meydan.tv\\\/az\\\/\",\"logo\":{\"@type\":\"ImageObject\",\"inLanguage\":\"az\",\"@id\":\"https:\\\/\\\/www.meydan.tv\\\/az\\\/#\\\/schema\\\/logo\\\/image\\\/\",\"url\":\"https:\\\/\\\/www.meydan.tv\\\/wp-content\\\/uploads\\\/2021\\\/07\\\/meydan-logo.svg\",\"contentUrl\":\"https:\\\/\\\/www.meydan.tv\\\/wp-content\\\/uploads\\\/2021\\\/07\\\/meydan-logo.svg\",\"width\":195,\"height\":46,\"caption\":\"Meydan TV\"},\"image\":{\"@id\":\"https:\\\/\\\/www.meydan.tv\\\/az\\\/#\\\/schema\\\/logo\\\/image\\\/\"}},{\"@type\":\"Person\",\"@id\":\"https:\\\/\\\/www.meydan.tv\\\/az\\\/#\\\/schema\\\/person\\\/10d11eccf6da3662cf5fdab9806ea91a\",\"name\":\"user-manager\"}]}<\/script>\n<!-- \/ Yoast SEO plugin. -->","yoast_head_json":{"title":"Neft\u00e7ala sakini: T\u0259s\u0259rr\u00fcfat\u0131m\u0131z bat\u0131r - MEYDAN.TV","robots":{"index":"index","follow":"follow","max-snippet":"max-snippet:-1","max-image-preview":"max-image-preview:large","max-video-preview":"max-video-preview:-1"},"canonical":"https:\/\/www.meydan.tv\/az\/article\/neftcala-sakini-teserrufatimiz-batir\/","og_locale":"az_AZ","og_type":"article","og_title":"Neft\u00e7ala sakini: T\u0259s\u0259rr\u00fcfat\u0131m\u0131z bat\u0131r - MEYDAN.TV","og_description":"\u201c\u0130ndiki v\u0259ziyy\u0259td\u0259 \u00e7\u0131x\u0131\u015f yolu Ming\u0259\u00e7evird\u0259 K\u00fcr\u0259 m\u00fc\u0259yy\u0259n q\u0259d\u0259r suyun burax\u0131lmas\u0131 olar\u201d.","og_url":"https:\/\/www.meydan.tv\/az\/article\/neftcala-sakini-teserrufatimiz-batir\/","og_site_name":"MEYDAN.TV","article_published_time":"2020-06-07T19:15:09+00:00","og_image":[{"width":1043,"height":649,"url":"https:\/\/www.meydan.tv\/wp-content\/uploads\/image_from_ios_3_vlweugu.jpg","type":"image\/jpeg"}],"author":"user-manager","twitter_card":"summary_large_image","schema":{"@context":"https:\/\/schema.org","@graph":[{"@type":"Article","@id":"https:\/\/www.meydan.tv\/az\/article\/neftcala-sakini-teserrufatimiz-batir\/#article","isPartOf":{"@id":"https:\/\/www.meydan.tv\/az\/article\/neftcala-sakini-teserrufatimiz-batir\/"},"author":{"name":"user-manager","@id":"https:\/\/www.meydan.tv\/az\/#\/schema\/person\/10d11eccf6da3662cf5fdab9806ea91a"},"headline":"Neft\u00e7ala sakini: T\u0259s\u0259rr\u00fcfat\u0131m\u0131z bat\u0131r","datePublished":"2020-06-07T19:15:09+00:00","mainEntityOfPage":{"@id":"https:\/\/www.meydan.tv\/az\/article\/neftcala-sakini-teserrufatimiz-batir\/"},"wordCount":777,"publisher":{"@id":"https:\/\/www.meydan.tv\/az\/#organization"},"image":{"@id":"https:\/\/www.meydan.tv\/az\/article\/neftcala-sakini-teserrufatimiz-batir\/#primaryimage"},"thumbnailUrl":"https:\/\/www.meydan.tv\/wp-content\/uploads\/image_from_ios_3_vlweugu.jpg","articleSection":["B\u00f6lg\u0259"],"inLanguage":"az"},{"@type":"WebPage","@id":"https:\/\/www.meydan.tv\/az\/article\/neftcala-sakini-teserrufatimiz-batir\/","url":"https:\/\/www.meydan.tv\/az\/article\/neftcala-sakini-teserrufatimiz-batir\/","name":"Neft\u00e7ala sakini: T\u0259s\u0259rr\u00fcfat\u0131m\u0131z bat\u0131r - MEYDAN.TV","isPartOf":{"@id":"https:\/\/www.meydan.tv\/az\/#website"},"primaryImageOfPage":{"@id":"https:\/\/www.meydan.tv\/az\/article\/neftcala-sakini-teserrufatimiz-batir\/#primaryimage"},"image":{"@id":"https:\/\/www.meydan.tv\/az\/article\/neftcala-sakini-teserrufatimiz-batir\/#primaryimage"},"thumbnailUrl":"https:\/\/www.meydan.tv\/wp-content\/uploads\/image_from_ios_3_vlweugu.jpg","datePublished":"2020-06-07T19:15:09+00:00","breadcrumb":{"@id":"https:\/\/www.meydan.tv\/az\/article\/neftcala-sakini-teserrufatimiz-batir\/#breadcrumb"},"inLanguage":"az","potentialAction":[{"@type":"ReadAction","target":["https:\/\/www.meydan.tv\/az\/article\/neftcala-sakini-teserrufatimiz-batir\/"]}]},{"@type":"ImageObject","inLanguage":"az","@id":"https:\/\/www.meydan.tv\/az\/article\/neftcala-sakini-teserrufatimiz-batir\/#primaryimage","url":"https:\/\/www.meydan.tv\/wp-content\/uploads\/image_from_ios_3_vlweugu.jpg","contentUrl":"https:\/\/www.meydan.tv\/wp-content\/uploads\/image_from_ios_3_vlweugu.jpg","width":1043,"height":649,"caption":"Source: Specify Source"},{"@type":"BreadcrumbList","@id":"https:\/\/www.meydan.tv\/az\/article\/neftcala-sakini-teserrufatimiz-batir\/#breadcrumb","itemListElement":[{"@type":"ListItem","position":1,"name":"Ana s\u0259hif\u0259","item":"https:\/\/www.meydan.tv\/az\/"},{"@type":"ListItem","position":2,"name":"B\u00f6lg\u0259","item":"https:\/\/www.meydan.tv\/az\/section\/bolge\/"},{"@type":"ListItem","position":3,"name":"Neft\u00e7ala sakini: T\u0259s\u0259rr\u00fcfat\u0131m\u0131z bat\u0131r"}]},{"@type":"WebSite","@id":"https:\/\/www.meydan.tv\/az\/#website","url":"https:\/\/www.meydan.tv\/az\/","name":"MEYDAN.TV","description":"Meydan TV Az\u0259rbaycan\u0131n media m\u0259kan\u0131ndak\u0131 alternativ s\u0259sidir","publisher":{"@id":"https:\/\/www.meydan.tv\/az\/#organization"},"potentialAction":[{"@type":"SearchAction","target":{"@type":"EntryPoint","urlTemplate":"https:\/\/www.meydan.tv\/az\/?s={search_term_string}"},"query-input":{"@type":"PropertyValueSpecification","valueRequired":true,"valueName":"search_term_string"}}],"inLanguage":"az"},{"@type":"Organization","@id":"https:\/\/www.meydan.tv\/az\/#organization","name":"Meydan TV","url":"https:\/\/www.meydan.tv\/az\/","logo":{"@type":"ImageObject","inLanguage":"az","@id":"https:\/\/www.meydan.tv\/az\/#\/schema\/logo\/image\/","url":"https:\/\/www.meydan.tv\/wp-content\/uploads\/2021\/07\/meydan-logo.svg","contentUrl":"https:\/\/www.meydan.tv\/wp-content\/uploads\/2021\/07\/meydan-logo.svg","width":195,"height":46,"caption":"Meydan TV"},"image":{"@id":"https:\/\/www.meydan.tv\/az\/#\/schema\/logo\/image\/"}},{"@type":"Person","@id":"https:\/\/www.meydan.tv\/az\/#\/schema\/person\/10d11eccf6da3662cf5fdab9806ea91a","name":"user-manager"}]}},"_links":{"self":[{"href":"https:\/\/www.meydan.tv\/az\/wp-json\/wp\/v2\/posts\/200898","targetHints":{"allow":["GET"]}}],"collection":[{"href":"https:\/\/www.meydan.tv\/az\/wp-json\/wp\/v2\/posts"}],"about":[{"href":"https:\/\/www.meydan.tv\/az\/wp-json\/wp\/v2\/types\/post"}],"author":[{"embeddable":true,"href":"https:\/\/www.meydan.tv\/az\/wp-json\/wp\/v2\/users\/11"}],"replies":[{"embeddable":true,"href":"https:\/\/www.meydan.tv\/az\/wp-json\/wp\/v2\/comments?post=200898"}],"version-history":[{"count":0,"href":"https:\/\/www.meydan.tv\/az\/wp-json\/wp\/v2\/posts\/200898\/revisions"}],"wp:featuredmedia":[{"embeddable":true,"href":"https:\/\/www.meydan.tv\/az\/wp-json\/wp\/v2\/media\/142718"}],"wp:attachment":[{"href":"https:\/\/www.meydan.tv\/az\/wp-json\/wp\/v2\/media?parent=200898"}],"wp:term":[{"taxonomy":"category","embeddable":true,"href":"https:\/\/www.meydan.tv\/az\/wp-json\/wp\/v2\/categories?post=200898"},{"taxonomy":"post_tag","embeddable":true,"href":"https:\/\/www.meydan.tv\/az\/wp-json\/wp\/v2\/tags?post=200898"}],"curies":[{"name":"wp","href":"https:\/\/api.w.org\/{rel}","templated":true}]}}