{"id":200893,"date":"2020-06-06T22:41:29","date_gmt":"2020-06-06T22:41:29","guid":{"rendered":"https:\/\/www.meydan.tv\/article\/zaqatalalilarin-su-derdi\/"},"modified":"2020-06-06T22:41:29","modified_gmt":"2020-06-06T22:41:29","slug":"zaqatalalilarin-su-derdi","status":"publish","type":"post","link":"https:\/\/www.meydan.tv\/az\/article\/zaqatalalilarin-su-derdi\/","title":{"rendered":"Zaqatalal\u0131lar\u0131n su d\u0259rdi (yenil\u0259nib)"},"content":{"rendered":"<p>\n  Zaqatalan\u0131n A\u015fa\u011f\u0131 Tala v\u0259 Muxax k\u0259ndl\u0259rinin sakinl\u0259rinin i\u00e7m\u0259li su problemi var. Sakinl\u0259r i\u00e7m\u0259y\u0259 sular\u0131n\u0131n olmad\u0131\u011f\u0131n\u0131, m\u0259cbur qal\u0131b bulan\u0131q, pal\u00e7\u0131ql\u0131 \u00e7ay suyu i\u00e7dikl\u0259rini s\u00f6yl\u0259yirl\u0259r. Bunun da onlar\u0131n s\u0259hh\u0259tin\u0259 m\u0259nfi t\u0259sir etdiyini deyirl\u0259r.\n<\/p>\n<p>\n  M\u0259s\u0259l\u0259 ilk d\u0259f\u0259 k\u0259nd sakini Elmar Oruc t\u0259r\u0259find\u0259n g\u00fcnd\u0259m\u0259 g\u0259tirilib. Onun \u00e7\u0259kdiyi<br \/>\n  <a href=\"https:\/\/www.facebook.com\/elmar.orucov.9\/videos\/3047531525278430\/\"><br \/>\n    videolardan<br \/>\n  <\/a><br \/>\n  da g\u00f6r\u00fcn\u00fcr ki, 11 min \u0259halisi olan Muxax k\u0259ndind\u0259 sakinl\u0259rin\u0259 bulan\u0131q, pal\u00e7\u0131ql\u0131 su verilir.\n<\/p>\n<p>\n  \u201cBiz indi \u00e7aylaq suyu i\u00e7irik. Yayda \u00e7aylaq quruyanda bel\u0259 bu suya da h\u0259sr\u0259t qalaca\u011f\u0131q\u201d, &#8211; dey\u0259 k\u0259nd sakini bildirir.\n<\/p>\n<p>\n  Videog\u00f6r\u00fcnt\u00fc sosial \u015f\u0259b\u0259k\u0259d\u0259 m\u00fczakir\u0259y\u0259 s\u0259b\u0259b olub. K\u0259nd sakinl\u0259ri probleml\u0259rini i\u015f\u0131qland\u0131rma\u011fa ba\u015flay\u0131blar.\n<\/p>\n<p>\n  \u201cMuxaxda su problemi 1985-86 ill\u0259rd\u0259 ba\u015flay\u0131b. Yad\u0131ma g\u0259lir, h\u0259l\u0259 o vaxtlar b\u00fct\u00fcn k\u0259ndin qocas\u0131-cavan\u0131, g\u0259lin-q\u0131zlar\u0131 s\u0259h\u0259ngl\u0259, vedr\u0259 il\u0259 k\u0259ndin yuxar\u0131 hiss\u0259sind\u0259 yerl\u0259\u015f\u0259n Kapur B\u0259nd adlanan yer\u0259 su dal\u0131nca ged\u0259rdil\u0259r. Y\u0259ni 30 ild\u0259n \u00e7ox ke\u00e7ib, bu problem h\u0259l\u0259 d\u0259 h\u0259ll olunmay\u0131b. Ba\u015fda icra hakimiyy\u0259ti, k\u0259nd r\u0259hb\u0259rl\u0259ri o q\u0259d\u0259r m\u0259suliyy\u0259tsiz adamlar olublar ki, he\u00e7 biri bu problemin h\u0259ll olunmas\u0131n\u0131 ist\u0259m\u0259yibl\u0259r\u201d, &#8211; k\u0259nd sakinl\u0259rind\u0259n biri deyib.\n<\/p>\n<p>\n  &quot;\u00c7ay suyudur, depolan\u0131r, oradan da evl\u0259r\u0259 verilir. Sut\u0259mizl\u0259yici filterl\u0259r yoxdur. \u00dcz\u00fc yaya do\u011fru gedirik. Bu d\u00f6n\u0259md\u0259 \u0259ziyy\u0259timiz bir\u0259 min art\u0131r. Q\u0131\u015fda yen\u0259 su \u00e7irkli d\u0259 olsa, indikind\u0259n \u00e7ox g\u0259lir&quot;, &#8211; ba\u015fqa bir k\u0259nd sakini Meydan TV-y\u0259 deyib.\n<\/p>\n<p>\n  Sakinl\u0259r indiki d\u00f6n\u0259md\u0259 suya daha \u00e7ox ehtiyaclar\u0131n\u0131n oldu\u011funu s\u00f6yl\u0259yirl\u0259r:\n<\/p>\n<p>\n  \u201c\u00c7ind\u0259 yaran\u0131b d\u00fcnyaya, el\u0259c\u0259 d\u0259 Az\u0259rbaycana yay\u0131lm\u0131\u015f koronavirusa g\u00f6r\u0259 h\u0259kiml\u0259rin, ekspertl\u0259rin \u0259ll\u0259ri tez-tez sabunlamaq laz\u0131m oldu\u011funu dedikl\u0259ri bir d\u00f6n\u0259md\u0259 suyumuz pis g\u00fcnd\u0259dir. Bel\u0259 bir zamanda is\u0259 biz n\u0259inki \u0259l yuma\u011fa, he\u00e7 i\u00e7m\u0259y\u0259 d\u0259 su tapa bilmirik. Aidiyyat\u0131 qurumlar bunu n\u0259z\u0259r\u0259 almal\u0131d\u0131rlar&quot;.\n<\/p>\n<p>\n  Ad\u0131n\u0131n a\u00e7\u0131qlanmas\u0131n\u0131 ist\u0259m\u0259y\u0259n k\u0259nd sakini Meydan TV-y\u0259 deyib ki, g\u00f6r\u00fcnt\u00fcl\u0259r sosial \u015f\u0259b\u0259k\u0259l\u0259rd\u0259 yay\u0131ld\u0131qdan sonra \u201cAz\u0259rsu\u201d k\u0259nd\u0259 350 metrlik su borular\u0131 g\u0259tirib. Ancaq bu borular k\u0259ndin su problemini h\u0259ll etm\u0259k g\u00fcc\u00fcnd\u0259 deyil. \u00c7aylaqdan su \u00e7\u0259km\u0259k \u00fc\u00e7\u00fcn daha 400 metrlik borular laz\u0131md\u0131r:\n<\/p>\n<p>\n  \u201c\u00dcmumiyy\u0259tl\u0259, ist\u0259rdik ki, k\u0259nd\u0259 su \u015f\u0259lal\u0259d\u0259n g\u0259tirilsin. Bu, hardasa 6 kilometrlik yolu \u0259hat\u0259 edir. Muxaxa su 1974-c\u00fc ild\u0259 \u00e7\u0259kilib. O zaman k\u0259ndin 4 min \u0259halisi var. Haz\u0131rda sudan Z\u0259y\u0259m k\u0259ndi d\u0259 istifad\u0259 edir. \u0130ki k\u0259ndin bir yerd\u0259 12300 \u0259halisi var\u201d.\n<\/p>\n<figure class=\"wp-block-image size-large\">\n  <img decoding=\"async\" src=\"https:\/\/www.meydan.tv\/az\/image_from_ios-2-jpg-149\/\" alt=\"image_from_ios (2).jpg\" class=\"wp-image-142613\"\/><figcaption>\n    &#8220;M\u0259ktubumuz \u015fikay\u0259timiz\u0259 bax\u0131lmas\u0131 \u00fc\u00e7\u00fcn Zaqatala Rayon \u0130cra Hakimiyy\u0259tin\u0259 \u00f6t\u00fcr\u00fcl\u00fcb&#8221;.<br \/>\n  <\/figcaption><\/figure>\n<p>\n  Ad\u0131n\u0131n a\u00e7\u0131qlanmas\u0131n\u0131 ist\u0259m\u0259y\u0259n k\u0259ndlinin s\u00f6zl\u0259rin\u0259 g\u00f6r\u0259, problem ictimail\u0259\u015f\u0259nd\u0259n sonra builki se\u00e7kil\u0259rd\u0259 110 sayl\u0131 Zaqatala Se\u00e7ki Dair\u0259sind\u0259n namiz\u0259dliyini vermi\u015f Nurlana C\u0259lil k\u00f6m\u0259k etm\u0259k ist\u0259diyini deyib v\u0259 sakinl\u0259rin ad\u0131ndan Prezident \u0130lham \u018fliyev\u0259 m\u0259ktub yaz\u0131b.\n<\/p>\n<p>\n  Nurlana C\u0259lil bu bar\u0259d\u0259 Meydan TV-y\u0259 dan\u0131\u015fmaq ist\u0259m\u0259yib. Sakinl\u0259r deyir ki, h\u0259min m\u0259ktub yerli icra hakimiyy\u0259tin\u0259 y\u00f6nl\u0259ndirilib.\n<\/p>\n<p>\n  Yeni se\u00e7ilmi\u015f deputat El\u015f\u0259n Musayev d\u0259 m\u0259s\u0259l\u0259 il\u0259 maraqlan\u0131b v\u0259 \u201cAz\u0259rsu\u201d A\u00e7\u0131q S\u0259hmdar C\u0259miyy\u0259tinin s\u0259dri Qorxmaz H\u00fcseynova m\u0259ktubla m\u00fcraci\u0259t edib. Deputat \u0259lav\u0259 borular\u0131n g\u0259tirilm\u0259sinin vacib oldu\u011funu vur\u011fulay\u0131b.\n<\/p>\n<p>\n  Bundan sonra k\u0259ndd\u0259 yeni su \u00e7\u0259kili\u015fi i\u015fl\u0259rin\u0259 ba\u015flan\u0131lsa da, i\u015f yenid\u0259n yar\u0131m\u00e7\u0131q saxlan\u0131l\u0131b.\n<\/p>\n<p>\n  Zaqatalan\u0131n A\u015fa\u011f\u0131 Tala k\u0259ndinin sakinl\u0259ri d\u0259 eyni problemd\u0259n \u0259ziyy\u0259t \u00e7\u0259kirl\u0259r. Onlarda da i\u00e7m\u0259li su g\u00fcn \u0259rzind\u0259 bir ne\u00e7\u0259 saat verilir v\u0259 \u0259ziyy\u0259t \u00e7\u0259kirl\u0259r. Bildirirl\u0259r ki, art\u0131q ill\u0259rdir lilli su i\u00e7irl\u0259r v\u0259 bu, onlar\u0131n s\u0259hh\u0259ti \u00fc\u00e7\u00fcn z\u0259r\u0259rlidir:\n<\/p>\n<p>\n  &quot;Bizim evl\u0259rimiz\u0259 g\u0259l\u0259n suyu he\u00e7 kim i\u00e7m\u0259z ki, biz m\u0259cburuq. Bir az imkan\u0131 olan suyu pulla al\u0131r, olmayan da m\u0259cburdur bu suyu i\u00e7sin. \u00dcst\u0259lik, ona raz\u0131 olanlar bel\u0259 var. Ancaq indi o suyu da \u00e7\u0259tinlikl\u0259 verirl\u0259r. Xahi\u015f edirik aidiyyat\u0131 qurumlar bizim bu problemimizi h\u0259ll etsinl\u0259r. G\u00f6nd\u0259rdiyimiz m\u0259ktublara bax\u0131b ke\u00e7m\u0259sinl\u0259r&quot;.\n<\/p>\n<p>\n  Zaqatala Rayon \u0130cra Hakimiyy\u0259tind\u0259n Meydan TV-y\u0259 bildirilib ki, \u0259g\u0259r sakinl\u0259rin m\u0259ktubu onlara y\u00f6nl\u0259ndirilibs\u0259, m\u00fctl\u0259q ara\u015fd\u0131r\u0131lacaq:\n<\/p>\n<p>\n  \u201cOla bilsin, m\u0259ktublar b\u00f6l\u00fcm\u00fcnd\u0259dir. \u0130\u015f \u00e7ox oldu\u011fundan n\u00f6vb\u0259 il\u0259 bax\u0131lacaq. Ancaq onu dey\u0259 bil\u0259rik ki, Zaqatalada su t\u0259chizat\u0131 sah\u0259sind\u0259 \u00e7ox i\u015f g\u00f6r\u00fcl\u00fcb. Muxaxda 250 metr uzunlu\u011funda suq\u0259buledici qur\u011fu in\u015fa edilib. A\u015fa\u011f\u0131 Talan\u0131n su t\u0259chizat\u0131 \u201cAz\u0259rsu\u201d ASC-nin balans\u0131nda deyil. Onun balans\u0131na ke\u00e7\u0259nd\u0259n sonra problemi h\u0259ll olacaq\u201d.\n<\/p>\n<p>\n  \u0130cra hakimiyy\u0259tind\u0259n o da bildirilib ki, k\u0259ndl\u0259r\u0259 g\u00fcn \u0259rzind\u0259 i\u00e7m\u0259li su verilir.\n<\/p>\n<p>\n  Sakinl\u0259r is\u0259 \u0259ksini deyirl\u0259r. Bildirirl\u0259r ki, g\u00fcn \u0259rzind\u0259, qrafik \u00fczr\u0259 m\u00fcnt\u0259z\u0259m su verilmir. Su g\u0259ldikd\u0259 is\u0259 kirli olur v\u0259 i\u00e7m\u0259y\u0259 yarars\u0131zd\u0131r. Onlar hesab edirl\u0259r ki, icra hakimiyy\u0259tinin cavab\u0131 ba\u015f qatmaqdan ba\u015fqa bir \u015fey deyil.\n<\/p>\n<p>\n  M\u0259s\u0259l\u0259 iyunun 5-d\u0259 deputat E.Musayev t\u0259r\u0259find\u0259n Milli M\u0259clisd\u0259 h\u00f6kum\u0259t n\u00fcmay\u0259nd\u0259l\u0259ri il\u0259 b\u00fcdc\u0259 m\u00fczakir\u0259si zaman\u0131 g\u00fcnd\u0259m\u0259 g\u0259tirilib.\n<\/p>\n<figure class=\"wp-block-image size-large\">\n  <img decoding=\"async\" src=\"https:\/\/www.meydan.tv\/az\/image_from_ios-1-jpg-137\/\" alt=\"image_from_ios (1).jpg\" class=\"wp-image-142610\"\/><figcaption>\n    &#8220;\u0130\u00e7m\u0259li su \u00e7aydan g\u0259lir&#8221;.<br \/>\n  <\/figcaption><\/figure>\n<p>\n  <b><br \/>\n    Redaksiyadan<br \/>\n  <\/b><br \/>\n  : Zaqatalan\u0131n Muxax v\u0259 A\u015fa\u011f\u0131 Tala k\u0259ndind\u0259ki i\u00e7m\u0259li su problemi il\u0259 ba\u011fl\u0131 Nurlana C\u0259lil d\u0259 \u00f6z\u00fcn\u00fcn &quot;Facebook&quot; s\u0259hif\u0259sind\u0259 m\u0259lumat payla\u015fm\u0131\u015fd\u0131. Meydan TV probleml\u0259 ba\u011fl\u0131 ilk d\u0259rc etdiyi materialda onun a\u00e7\u0131q \u015f\u0259kild\u0259 payla\u015fd\u0131\u011f\u0131 materiallardan da istifad\u0259 etmi\u015fdi. Ancaq o, payla\u015f\u0131m \u00fc\u00e7\u00fcn icaz\u0259 al\u0131nmad\u0131\u011f\u0131n\u0131 s\u00f6yl\u0259y\u0259r\u0259k, h\u0259min materiallar\u0131n silinm\u0259sini t\u0259l\u0259b edib. Haz\u0131rki reportajda onun payla\u015f\u0131m\u0131ndan istifad\u0259 edil\u0259n m\u0259qamlar \u00e7\u0131xar\u0131l\u0131b v\u0259 yaln\u0131z k\u0259nd sakinl\u0259rinin \u015fikay\u0259tl\u0259ri saxlan\u0131l\u0131b.\n<\/p>\n<figure class=\"wp-block-image size-large\">\n  <img decoding=\"async\" src=\"https:\/\/www.meydan.tv\/az\/image_from_ios-4-jpg-137\/\" alt=\"image_from_ios (4).jpg\" class=\"wp-image-142619\"\/><figcaption>\n    &#8220;Sakinl\u0259ri deyirl\u0259r ki, k\u0259ndin su x\u0259tti ke\u00e7\u0259n \u0259srin 70-ci ill\u0259rind\u0259 \u00e7\u0259kilib&#8221;<br \/>\n  <\/figcaption><\/figure>\n","protected":false},"excerpt":{"rendered":"<p>&#8220;Muxaxa ged\u0259n su ya\u011f\u0131\u015fa g\u00f6r\u0259 torpaql\u0131, pal\u00e7\u0131ql\u0131 olur&#8221;<\/p>\n","protected":false},"author":11,"featured_media":142622,"comment_status":"closed","ping_status":"open","sticky":false,"template":"","format":"standard","meta":{"_acf_changed":false,"_sitemap_exclude":false,"_sitemap_priority":"","_sitemap_frequency":"","footnotes":""},"categories":[60],"tags":[],"class_list":["post-200893","post","type-post","status-publish","format-standard","has-post-thumbnail","hentry","category-bolge","infinite-scroll-item","generate-columns","tablet-grid-50","mobile-grid-100","grid-parent","grid-33","no-featured-image-padding"],"acf":[],"yoast_head":"<!-- This site is optimized with the Yoast SEO plugin v27.5 - https:\/\/yoast.com\/product\/yoast-seo-wordpress\/ -->\n<title>Zaqatalal\u0131lar\u0131n su d\u0259rdi (yenil\u0259nib) - MEYDAN.TV<\/title>\n<meta name=\"robots\" content=\"index, follow, max-snippet:-1, max-image-preview:large, max-video-preview:-1\" \/>\n<link rel=\"canonical\" href=\"https:\/\/www.meydan.tv\/az\/article\/zaqatalalilarin-su-derdi\/\" \/>\n<meta property=\"og:locale\" content=\"az_AZ\" \/>\n<meta property=\"og:type\" content=\"article\" \/>\n<meta property=\"og:title\" content=\"Zaqatalal\u0131lar\u0131n su d\u0259rdi (yenil\u0259nib) - MEYDAN.TV\" \/>\n<meta property=\"og:description\" content=\"&quot;Muxaxa ged\u0259n su ya\u011f\u0131\u015fa g\u00f6r\u0259 torpaql\u0131, pal\u00e7\u0131ql\u0131 olur&quot;\" \/>\n<meta property=\"og:url\" content=\"https:\/\/www.meydan.tv\/az\/article\/zaqatalalilarin-su-derdi\/\" \/>\n<meta property=\"og:site_name\" content=\"MEYDAN.TV\" \/>\n<meta property=\"article:published_time\" content=\"2020-06-06T22:41:29+00:00\" \/>\n<meta property=\"og:image\" content=\"https:\/\/www.meydan.tv\/wp-content\/uploads\/image_from_ios_5_8ycvjsa.jpg\" \/>\n\t<meta property=\"og:image:width\" content=\"2035\" \/>\n\t<meta property=\"og:image:height\" content=\"1143\" \/>\n\t<meta property=\"og:image:type\" content=\"image\/jpeg\" \/>\n<meta name=\"author\" content=\"user-manager\" \/>\n<meta name=\"twitter:card\" content=\"summary_large_image\" \/>\n<script type=\"application\/ld+json\" class=\"yoast-schema-graph\">{\"@context\":\"https:\\\/\\\/schema.org\",\"@graph\":[{\"@type\":\"Article\",\"@id\":\"https:\\\/\\\/www.meydan.tv\\\/az\\\/article\\\/zaqatalalilarin-su-derdi\\\/#article\",\"isPartOf\":{\"@id\":\"https:\\\/\\\/www.meydan.tv\\\/az\\\/article\\\/zaqatalalilarin-su-derdi\\\/\"},\"author\":{\"name\":\"user-manager\",\"@id\":\"https:\\\/\\\/www.meydan.tv\\\/az\\\/#\\\/schema\\\/person\\\/10d11eccf6da3662cf5fdab9806ea91a\"},\"headline\":\"Zaqatalal\u0131lar\u0131n su d\u0259rdi (yenil\u0259nib)\",\"datePublished\":\"2020-06-06T22:41:29+00:00\",\"mainEntityOfPage\":{\"@id\":\"https:\\\/\\\/www.meydan.tv\\\/az\\\/article\\\/zaqatalalilarin-su-derdi\\\/\"},\"wordCount\":1159,\"publisher\":{\"@id\":\"https:\\\/\\\/www.meydan.tv\\\/az\\\/#organization\"},\"image\":{\"@id\":\"https:\\\/\\\/www.meydan.tv\\\/az\\\/article\\\/zaqatalalilarin-su-derdi\\\/#primaryimage\"},\"thumbnailUrl\":\"https:\\\/\\\/www.meydan.tv\\\/wp-content\\\/uploads\\\/image_from_ios_5_8ycvjsa.jpg\",\"articleSection\":[\"B\u00f6lg\u0259\"],\"inLanguage\":\"az\"},{\"@type\":\"WebPage\",\"@id\":\"https:\\\/\\\/www.meydan.tv\\\/az\\\/article\\\/zaqatalalilarin-su-derdi\\\/\",\"url\":\"https:\\\/\\\/www.meydan.tv\\\/az\\\/article\\\/zaqatalalilarin-su-derdi\\\/\",\"name\":\"Zaqatalal\u0131lar\u0131n su d\u0259rdi (yenil\u0259nib) - MEYDAN.TV\",\"isPartOf\":{\"@id\":\"https:\\\/\\\/www.meydan.tv\\\/az\\\/#website\"},\"primaryImageOfPage\":{\"@id\":\"https:\\\/\\\/www.meydan.tv\\\/az\\\/article\\\/zaqatalalilarin-su-derdi\\\/#primaryimage\"},\"image\":{\"@id\":\"https:\\\/\\\/www.meydan.tv\\\/az\\\/article\\\/zaqatalalilarin-su-derdi\\\/#primaryimage\"},\"thumbnailUrl\":\"https:\\\/\\\/www.meydan.tv\\\/wp-content\\\/uploads\\\/image_from_ios_5_8ycvjsa.jpg\",\"datePublished\":\"2020-06-06T22:41:29+00:00\",\"breadcrumb\":{\"@id\":\"https:\\\/\\\/www.meydan.tv\\\/az\\\/article\\\/zaqatalalilarin-su-derdi\\\/#breadcrumb\"},\"inLanguage\":\"az\",\"potentialAction\":[{\"@type\":\"ReadAction\",\"target\":[\"https:\\\/\\\/www.meydan.tv\\\/az\\\/article\\\/zaqatalalilarin-su-derdi\\\/\"]}]},{\"@type\":\"ImageObject\",\"inLanguage\":\"az\",\"@id\":\"https:\\\/\\\/www.meydan.tv\\\/az\\\/article\\\/zaqatalalilarin-su-derdi\\\/#primaryimage\",\"url\":\"https:\\\/\\\/www.meydan.tv\\\/wp-content\\\/uploads\\\/image_from_ios_5_8ycvjsa.jpg\",\"contentUrl\":\"https:\\\/\\\/www.meydan.tv\\\/wp-content\\\/uploads\\\/image_from_ios_5_8ycvjsa.jpg\",\"width\":2035,\"height\":1143,\"caption\":\"Source: Specify Source\"},{\"@type\":\"BreadcrumbList\",\"@id\":\"https:\\\/\\\/www.meydan.tv\\\/az\\\/article\\\/zaqatalalilarin-su-derdi\\\/#breadcrumb\",\"itemListElement\":[{\"@type\":\"ListItem\",\"position\":1,\"name\":\"Ana s\u0259hif\u0259\",\"item\":\"https:\\\/\\\/www.meydan.tv\\\/az\\\/\"},{\"@type\":\"ListItem\",\"position\":2,\"name\":\"B\u00f6lg\u0259\",\"item\":\"https:\\\/\\\/www.meydan.tv\\\/az\\\/section\\\/bolge\\\/\"},{\"@type\":\"ListItem\",\"position\":3,\"name\":\"Zaqatalal\u0131lar\u0131n su d\u0259rdi (yenil\u0259nib)\"}]},{\"@type\":\"WebSite\",\"@id\":\"https:\\\/\\\/www.meydan.tv\\\/az\\\/#website\",\"url\":\"https:\\\/\\\/www.meydan.tv\\\/az\\\/\",\"name\":\"MEYDAN.TV\",\"description\":\"Meydan TV Az\u0259rbaycan\u0131n media m\u0259kan\u0131ndak\u0131 alternativ s\u0259sidir\",\"publisher\":{\"@id\":\"https:\\\/\\\/www.meydan.tv\\\/az\\\/#organization\"},\"potentialAction\":[{\"@type\":\"SearchAction\",\"target\":{\"@type\":\"EntryPoint\",\"urlTemplate\":\"https:\\\/\\\/www.meydan.tv\\\/az\\\/?s={search_term_string}\"},\"query-input\":{\"@type\":\"PropertyValueSpecification\",\"valueRequired\":true,\"valueName\":\"search_term_string\"}}],\"inLanguage\":\"az\"},{\"@type\":\"Organization\",\"@id\":\"https:\\\/\\\/www.meydan.tv\\\/az\\\/#organization\",\"name\":\"Meydan TV\",\"url\":\"https:\\\/\\\/www.meydan.tv\\\/az\\\/\",\"logo\":{\"@type\":\"ImageObject\",\"inLanguage\":\"az\",\"@id\":\"https:\\\/\\\/www.meydan.tv\\\/az\\\/#\\\/schema\\\/logo\\\/image\\\/\",\"url\":\"https:\\\/\\\/www.meydan.tv\\\/wp-content\\\/uploads\\\/2021\\\/07\\\/meydan-logo.svg\",\"contentUrl\":\"https:\\\/\\\/www.meydan.tv\\\/wp-content\\\/uploads\\\/2021\\\/07\\\/meydan-logo.svg\",\"width\":195,\"height\":46,\"caption\":\"Meydan TV\"},\"image\":{\"@id\":\"https:\\\/\\\/www.meydan.tv\\\/az\\\/#\\\/schema\\\/logo\\\/image\\\/\"}},{\"@type\":\"Person\",\"@id\":\"https:\\\/\\\/www.meydan.tv\\\/az\\\/#\\\/schema\\\/person\\\/10d11eccf6da3662cf5fdab9806ea91a\",\"name\":\"user-manager\"}]}<\/script>\n<!-- \/ Yoast SEO plugin. -->","yoast_head_json":{"title":"Zaqatalal\u0131lar\u0131n su d\u0259rdi (yenil\u0259nib) - MEYDAN.TV","robots":{"index":"index","follow":"follow","max-snippet":"max-snippet:-1","max-image-preview":"max-image-preview:large","max-video-preview":"max-video-preview:-1"},"canonical":"https:\/\/www.meydan.tv\/az\/article\/zaqatalalilarin-su-derdi\/","og_locale":"az_AZ","og_type":"article","og_title":"Zaqatalal\u0131lar\u0131n su d\u0259rdi (yenil\u0259nib) - MEYDAN.TV","og_description":"\"Muxaxa ged\u0259n su ya\u011f\u0131\u015fa g\u00f6r\u0259 torpaql\u0131, pal\u00e7\u0131ql\u0131 olur\"","og_url":"https:\/\/www.meydan.tv\/az\/article\/zaqatalalilarin-su-derdi\/","og_site_name":"MEYDAN.TV","article_published_time":"2020-06-06T22:41:29+00:00","og_image":[{"width":2035,"height":1143,"url":"https:\/\/www.meydan.tv\/wp-content\/uploads\/image_from_ios_5_8ycvjsa.jpg","type":"image\/jpeg"}],"author":"user-manager","twitter_card":"summary_large_image","schema":{"@context":"https:\/\/schema.org","@graph":[{"@type":"Article","@id":"https:\/\/www.meydan.tv\/az\/article\/zaqatalalilarin-su-derdi\/#article","isPartOf":{"@id":"https:\/\/www.meydan.tv\/az\/article\/zaqatalalilarin-su-derdi\/"},"author":{"name":"user-manager","@id":"https:\/\/www.meydan.tv\/az\/#\/schema\/person\/10d11eccf6da3662cf5fdab9806ea91a"},"headline":"Zaqatalal\u0131lar\u0131n su d\u0259rdi (yenil\u0259nib)","datePublished":"2020-06-06T22:41:29+00:00","mainEntityOfPage":{"@id":"https:\/\/www.meydan.tv\/az\/article\/zaqatalalilarin-su-derdi\/"},"wordCount":1159,"publisher":{"@id":"https:\/\/www.meydan.tv\/az\/#organization"},"image":{"@id":"https:\/\/www.meydan.tv\/az\/article\/zaqatalalilarin-su-derdi\/#primaryimage"},"thumbnailUrl":"https:\/\/www.meydan.tv\/wp-content\/uploads\/image_from_ios_5_8ycvjsa.jpg","articleSection":["B\u00f6lg\u0259"],"inLanguage":"az"},{"@type":"WebPage","@id":"https:\/\/www.meydan.tv\/az\/article\/zaqatalalilarin-su-derdi\/","url":"https:\/\/www.meydan.tv\/az\/article\/zaqatalalilarin-su-derdi\/","name":"Zaqatalal\u0131lar\u0131n su d\u0259rdi (yenil\u0259nib) - MEYDAN.TV","isPartOf":{"@id":"https:\/\/www.meydan.tv\/az\/#website"},"primaryImageOfPage":{"@id":"https:\/\/www.meydan.tv\/az\/article\/zaqatalalilarin-su-derdi\/#primaryimage"},"image":{"@id":"https:\/\/www.meydan.tv\/az\/article\/zaqatalalilarin-su-derdi\/#primaryimage"},"thumbnailUrl":"https:\/\/www.meydan.tv\/wp-content\/uploads\/image_from_ios_5_8ycvjsa.jpg","datePublished":"2020-06-06T22:41:29+00:00","breadcrumb":{"@id":"https:\/\/www.meydan.tv\/az\/article\/zaqatalalilarin-su-derdi\/#breadcrumb"},"inLanguage":"az","potentialAction":[{"@type":"ReadAction","target":["https:\/\/www.meydan.tv\/az\/article\/zaqatalalilarin-su-derdi\/"]}]},{"@type":"ImageObject","inLanguage":"az","@id":"https:\/\/www.meydan.tv\/az\/article\/zaqatalalilarin-su-derdi\/#primaryimage","url":"https:\/\/www.meydan.tv\/wp-content\/uploads\/image_from_ios_5_8ycvjsa.jpg","contentUrl":"https:\/\/www.meydan.tv\/wp-content\/uploads\/image_from_ios_5_8ycvjsa.jpg","width":2035,"height":1143,"caption":"Source: Specify Source"},{"@type":"BreadcrumbList","@id":"https:\/\/www.meydan.tv\/az\/article\/zaqatalalilarin-su-derdi\/#breadcrumb","itemListElement":[{"@type":"ListItem","position":1,"name":"Ana s\u0259hif\u0259","item":"https:\/\/www.meydan.tv\/az\/"},{"@type":"ListItem","position":2,"name":"B\u00f6lg\u0259","item":"https:\/\/www.meydan.tv\/az\/section\/bolge\/"},{"@type":"ListItem","position":3,"name":"Zaqatalal\u0131lar\u0131n su d\u0259rdi (yenil\u0259nib)"}]},{"@type":"WebSite","@id":"https:\/\/www.meydan.tv\/az\/#website","url":"https:\/\/www.meydan.tv\/az\/","name":"MEYDAN.TV","description":"Meydan TV Az\u0259rbaycan\u0131n media m\u0259kan\u0131ndak\u0131 alternativ s\u0259sidir","publisher":{"@id":"https:\/\/www.meydan.tv\/az\/#organization"},"potentialAction":[{"@type":"SearchAction","target":{"@type":"EntryPoint","urlTemplate":"https:\/\/www.meydan.tv\/az\/?s={search_term_string}"},"query-input":{"@type":"PropertyValueSpecification","valueRequired":true,"valueName":"search_term_string"}}],"inLanguage":"az"},{"@type":"Organization","@id":"https:\/\/www.meydan.tv\/az\/#organization","name":"Meydan TV","url":"https:\/\/www.meydan.tv\/az\/","logo":{"@type":"ImageObject","inLanguage":"az","@id":"https:\/\/www.meydan.tv\/az\/#\/schema\/logo\/image\/","url":"https:\/\/www.meydan.tv\/wp-content\/uploads\/2021\/07\/meydan-logo.svg","contentUrl":"https:\/\/www.meydan.tv\/wp-content\/uploads\/2021\/07\/meydan-logo.svg","width":195,"height":46,"caption":"Meydan TV"},"image":{"@id":"https:\/\/www.meydan.tv\/az\/#\/schema\/logo\/image\/"}},{"@type":"Person","@id":"https:\/\/www.meydan.tv\/az\/#\/schema\/person\/10d11eccf6da3662cf5fdab9806ea91a","name":"user-manager"}]}},"_links":{"self":[{"href":"https:\/\/www.meydan.tv\/az\/wp-json\/wp\/v2\/posts\/200893","targetHints":{"allow":["GET"]}}],"collection":[{"href":"https:\/\/www.meydan.tv\/az\/wp-json\/wp\/v2\/posts"}],"about":[{"href":"https:\/\/www.meydan.tv\/az\/wp-json\/wp\/v2\/types\/post"}],"author":[{"embeddable":true,"href":"https:\/\/www.meydan.tv\/az\/wp-json\/wp\/v2\/users\/11"}],"replies":[{"embeddable":true,"href":"https:\/\/www.meydan.tv\/az\/wp-json\/wp\/v2\/comments?post=200893"}],"version-history":[{"count":0,"href":"https:\/\/www.meydan.tv\/az\/wp-json\/wp\/v2\/posts\/200893\/revisions"}],"wp:featuredmedia":[{"embeddable":true,"href":"https:\/\/www.meydan.tv\/az\/wp-json\/wp\/v2\/media\/142622"}],"wp:attachment":[{"href":"https:\/\/www.meydan.tv\/az\/wp-json\/wp\/v2\/media?parent=200893"}],"wp:term":[{"taxonomy":"category","embeddable":true,"href":"https:\/\/www.meydan.tv\/az\/wp-json\/wp\/v2\/categories?post=200893"},{"taxonomy":"post_tag","embeddable":true,"href":"https:\/\/www.meydan.tv\/az\/wp-json\/wp\/v2\/tags?post=200893"}],"curies":[{"name":"wp","href":"https:\/\/api.w.org\/{rel}","templated":true}]}}