{"id":200866,"date":"2020-06-04T14:19:48","date_gmt":"2020-06-04T14:19:48","guid":{"rendered":"https:\/\/www.meydan.tv\/article\/azerbaycan-filmi-ilk-defe-olaraq-kann-festivalina-daxil-edilib\/"},"modified":"2020-06-04T14:19:48","modified_gmt":"2020-06-04T14:19:48","slug":"azerbaycan-filmi-ilk-defe-olaraq-kann-festivalina-daxil-edilib","status":"publish","type":"post","link":"https:\/\/www.meydan.tv\/az\/article\/azerbaycan-filmi-ilk-defe-olaraq-kann-festivalina-daxil-edilib\/","title":{"rendered":"Az\u0259rbaycan filmi ilk d\u0259f\u0259 olaraq Kann Festival\u0131na daxil edilib"},"content":{"rendered":"<p>\n  <i><br \/>\n    Film \u201cT\u0259nqid H\u0259ft\u0259si\u201dnd\u0259 olacaq<br \/>\n  <\/i>\n<\/p>\n<p>\n  Az\u0259rbaycanl\u0131 rejissor Teymur Hac\u0131yevin \u201cAx\u015fama do\u011fru\u201d filmi 73-c\u00fc Kann Festival\u0131n\u0131n \u201cT\u0259nqid H\u0259ft\u0259si\u201dn\u0259 daxil edilib.\n<\/p>\n<p>\n  \u201cTuran\u201d \u0130nformasiya Agentliyinin filmin m\u00fc\u0259llifl\u0259rin\u0259 istinad\u0259n verdiyi m\u0259lumata g\u00f6r\u0259, bu, 59 ildir m\u00f6vcud olan n\u00fcfuzlu proqrama se\u00e7ilmi\u015f ilk Az\u0259rbaycan filmidir.\n<\/p>\n<p>\n  \u201cAx\u015fama do\u011fru\u201d \u015f\u0259h\u0259r k\u0259nar\u0131na ail\u0259 m\u0259clisin\u0259 ged\u0259n g\u0259nc \u0259r-arvaddan b\u0259hs edir. M\u0259i\u015f\u0259t m\u0259s\u0259l\u0259si il\u0259 ba\u011fl\u0131 fikir ayr\u0131l\u0131qlar\u0131 onlar\u0131 g\u00f6zl\u0259nilm\u0259y\u0259n yerd\u0259 dayanma\u011fa vadar edir. Bu s\u0259b\u0259bd\u0259n qad\u0131n q\u0259hr\u0259man m\u00fc\u015fk\u00fcl v\u0259ziyy\u0259t\u0259 d\u00fc\u015f\u00fcr.\n<\/p>\n<p>\n  Q\u0131sa metr format\u0131nda \u00e7\u0259kilmi\u015f \u201cAx\u015fama do\u011fru\u201d filmi \u201c\u00fc\u00e7\u00fcnc\u00fc m\u0259nan\u0131n\u201d \u00e7\u0131xar\u0131lmas\u0131na y\u00f6n\u0259lmi\u015f yeni kino dilinin axtar\u0131\u015f\u0131 n\u00fcmun\u0259sidir. Fransal\u0131 filosof Rolan Bart\u0131n t\u0259rifin\u0259 g\u00f6r\u0259, \u201c\u00fc\u00e7\u00fcnc\u00fc m\u0259na\u201d s\u00f6zl\u0259rl\u0259 t\u0259svir edil\u0259 bilm\u0259z, m\u00fcst\u0259sna olaraq kinematoqrafa xas keyfiyy\u0259tdir.\n<\/p>\n<p>\n  Film FIL PRODUCTION v\u0259 Mandarin Agency \u015firk\u0259tl\u0259ri t\u0259r\u0259find\u0259n Az\u0259rbaycan \u0130ctimai Televiziyas\u0131n\u0131n d\u0259st\u0259yi il\u0259 \u00e7\u0259kilib.\n<\/p>\n<p>\n  \u201cT\u0259nqid H\u0259ft\u0259si\u201d (La Semaine dela Critique) Kann Kino Festival\u0131n\u0131n 1962-ci ild\u0259 Fransa kino t\u0259nqid\u00e7il\u0259ri sindikat\u0131 t\u0259r\u0259find\u0259n t\u0259sis edilmi\u015f \u0259n q\u0259dim paralel proqram\u0131d\u0131r.\n<\/p>\n<p>\n  Bu proqram\u0131n missiyas\u0131 d\u00fcnya kinematoqraf\u0131nda yeni adlar k\u0259\u015ff etm\u0259kd\u0259n v\u0259 karyeralar\u0131n\u0131n ba\u015flan\u011f\u0131c m\u0259rh\u0259l\u0259sind\u0259 onlar\u0131 d\u0259st\u0259kl\u0259m\u0259kd\u0259n ibar\u0259tdir. Yeni istedadlar\u0131n axtar\u0131\u015f\u0131n\u0131n n\u0259tic\u0259si olaraq h\u0259r il r\u0259smi Kann Kino Festival\u0131 m\u00fcsabiq\u0259si il\u0259 paralel olaraq tama\u015fa\u00e7\u0131lara t\u0259qdim edil\u0259n 5 tammetrajl\u0131 v\u0259 10 q\u0131sametrajl\u0131 filmd\u0259n ibar\u0259t film olur.\n<\/p>\n<p>\n  \u018fvv\u0259ll\u0259r filml\u0259ri bu seksiyalara se\u00e7ilmi\u015f rejissorlar aras\u0131nda d\u00fcnya kinematoqraf\u0131n\u0131n Bernardo Bertolu\u00e7\u00e7i, Otar \u0130oseliani, Ken Lou\u00e7, Vonq Kar-vay, Jak Odiar, Gilyermodel Toro, Qaspar Noe, Leos Karaks, Kevin Smit, Fransua Ozon v\u0259 Alexandro Qonsales \u0130nyarritu kimi dahil\u0259r var.<\/p>\n","protected":false},"excerpt":{"rendered":"<p>M\u0259i\u015f\u0259t m\u0259s\u0259l\u0259si il\u0259 ba\u011fl\u0131 fikir ayr\u0131l\u0131qlar\u0131 onlar\u0131 g\u00f6zl\u0259nilm\u0259y\u0259n yerd\u0259 dayanma\u011fa vadar edir.<\/p>\n","protected":false},"author":11,"featured_media":142661,"comment_status":"closed","ping_status":"open","sticky":false,"template":"","format":"standard","meta":{"_acf_changed":false,"_sitemap_exclude":false,"_sitemap_priority":"","_sitemap_frequency":"","footnotes":""},"categories":[52],"tags":[],"class_list":["post-200866","post","type-post","status-publish","format-standard","has-post-thumbnail","hentry","category-medeniyyet","infinite-scroll-item","generate-columns","tablet-grid-50","mobile-grid-100","grid-parent","grid-33","no-featured-image-padding"],"acf":[],"yoast_head":"<!-- This site is optimized with the Yoast SEO plugin v27.4 - https:\/\/yoast.com\/product\/yoast-seo-wordpress\/ -->\n<title>Az\u0259rbaycan filmi ilk d\u0259f\u0259 olaraq Kann Festival\u0131na daxil edilib - MEYDAN.TV<\/title>\n<meta name=\"robots\" content=\"index, follow, max-snippet:-1, max-image-preview:large, max-video-preview:-1\" \/>\n<link rel=\"canonical\" href=\"https:\/\/www.meydan.tv\/az\/article\/azerbaycan-filmi-ilk-defe-olaraq-kann-festivalina-daxil-edilib\/\" \/>\n<meta property=\"og:locale\" content=\"az_AZ\" \/>\n<meta property=\"og:type\" content=\"article\" \/>\n<meta property=\"og:title\" content=\"Az\u0259rbaycan filmi ilk d\u0259f\u0259 olaraq Kann Festival\u0131na daxil edilib - MEYDAN.TV\" \/>\n<meta property=\"og:description\" content=\"M\u0259i\u015f\u0259t m\u0259s\u0259l\u0259si il\u0259 ba\u011fl\u0131 fikir ayr\u0131l\u0131qlar\u0131 onlar\u0131 g\u00f6zl\u0259nilm\u0259y\u0259n yerd\u0259 dayanma\u011fa vadar edir.\" \/>\n<meta property=\"og:url\" content=\"https:\/\/www.meydan.tv\/az\/article\/azerbaycan-filmi-ilk-defe-olaraq-kann-festivalina-daxil-edilib\/\" \/>\n<meta property=\"og:site_name\" content=\"MEYDAN.TV\" \/>\n<meta property=\"article:published_time\" content=\"2020-06-04T14:19:48+00:00\" \/>\n<meta property=\"og:image\" content=\"https:\/\/www.meydan.tv\/wp-content\/uploads\/1584650304967_jquglfon.jpeg\" \/>\n\t<meta property=\"og:image:width\" content=\"750\" \/>\n\t<meta property=\"og:image:height\" content=\"482\" \/>\n\t<meta property=\"og:image:type\" content=\"image\/jpeg\" \/>\n<meta name=\"author\" content=\"user-manager\" \/>\n<meta name=\"twitter:card\" content=\"summary_large_image\" \/>\n<script type=\"application\/ld+json\" class=\"yoast-schema-graph\">{\"@context\":\"https:\\\/\\\/schema.org\",\"@graph\":[{\"@type\":\"Article\",\"@id\":\"https:\\\/\\\/www.meydan.tv\\\/az\\\/article\\\/azerbaycan-filmi-ilk-defe-olaraq-kann-festivalina-daxil-edilib\\\/#article\",\"isPartOf\":{\"@id\":\"https:\\\/\\\/www.meydan.tv\\\/az\\\/article\\\/azerbaycan-filmi-ilk-defe-olaraq-kann-festivalina-daxil-edilib\\\/\"},\"author\":{\"name\":\"user-manager\",\"@id\":\"https:\\\/\\\/www.meydan.tv\\\/az\\\/#\\\/schema\\\/person\\\/10d11eccf6da3662cf5fdab9806ea91a\"},\"headline\":\"Az\u0259rbaycan filmi ilk d\u0259f\u0259 olaraq Kann Festival\u0131na daxil edilib\",\"datePublished\":\"2020-06-04T14:19:48+00:00\",\"mainEntityOfPage\":{\"@id\":\"https:\\\/\\\/www.meydan.tv\\\/az\\\/article\\\/azerbaycan-filmi-ilk-defe-olaraq-kann-festivalina-daxil-edilib\\\/\"},\"wordCount\":374,\"publisher\":{\"@id\":\"https:\\\/\\\/www.meydan.tv\\\/az\\\/#organization\"},\"image\":{\"@id\":\"https:\\\/\\\/www.meydan.tv\\\/az\\\/article\\\/azerbaycan-filmi-ilk-defe-olaraq-kann-festivalina-daxil-edilib\\\/#primaryimage\"},\"thumbnailUrl\":\"https:\\\/\\\/www.meydan.tv\\\/wp-content\\\/uploads\\\/1584650304967_jquglfon.jpeg\",\"articleSection\":[\"M\u0259d\u0259niyy\u0259t\"],\"inLanguage\":\"az\"},{\"@type\":\"WebPage\",\"@id\":\"https:\\\/\\\/www.meydan.tv\\\/az\\\/article\\\/azerbaycan-filmi-ilk-defe-olaraq-kann-festivalina-daxil-edilib\\\/\",\"url\":\"https:\\\/\\\/www.meydan.tv\\\/az\\\/article\\\/azerbaycan-filmi-ilk-defe-olaraq-kann-festivalina-daxil-edilib\\\/\",\"name\":\"Az\u0259rbaycan filmi ilk d\u0259f\u0259 olaraq Kann Festival\u0131na daxil edilib - MEYDAN.TV\",\"isPartOf\":{\"@id\":\"https:\\\/\\\/www.meydan.tv\\\/az\\\/#website\"},\"primaryImageOfPage\":{\"@id\":\"https:\\\/\\\/www.meydan.tv\\\/az\\\/article\\\/azerbaycan-filmi-ilk-defe-olaraq-kann-festivalina-daxil-edilib\\\/#primaryimage\"},\"image\":{\"@id\":\"https:\\\/\\\/www.meydan.tv\\\/az\\\/article\\\/azerbaycan-filmi-ilk-defe-olaraq-kann-festivalina-daxil-edilib\\\/#primaryimage\"},\"thumbnailUrl\":\"https:\\\/\\\/www.meydan.tv\\\/wp-content\\\/uploads\\\/1584650304967_jquglfon.jpeg\",\"datePublished\":\"2020-06-04T14:19:48+00:00\",\"breadcrumb\":{\"@id\":\"https:\\\/\\\/www.meydan.tv\\\/az\\\/article\\\/azerbaycan-filmi-ilk-defe-olaraq-kann-festivalina-daxil-edilib\\\/#breadcrumb\"},\"inLanguage\":\"az\",\"potentialAction\":[{\"@type\":\"ReadAction\",\"target\":[\"https:\\\/\\\/www.meydan.tv\\\/az\\\/article\\\/azerbaycan-filmi-ilk-defe-olaraq-kann-festivalina-daxil-edilib\\\/\"]}]},{\"@type\":\"ImageObject\",\"inLanguage\":\"az\",\"@id\":\"https:\\\/\\\/www.meydan.tv\\\/az\\\/article\\\/azerbaycan-filmi-ilk-defe-olaraq-kann-festivalina-daxil-edilib\\\/#primaryimage\",\"url\":\"https:\\\/\\\/www.meydan.tv\\\/wp-content\\\/uploads\\\/1584650304967_jquglfon.jpeg\",\"contentUrl\":\"https:\\\/\\\/www.meydan.tv\\\/wp-content\\\/uploads\\\/1584650304967_jquglfon.jpeg\",\"width\":750,\"height\":482,\"caption\":\"Source: Foto: sosial \u015f\u0259b\u0259k\u0259\"},{\"@type\":\"BreadcrumbList\",\"@id\":\"https:\\\/\\\/www.meydan.tv\\\/az\\\/article\\\/azerbaycan-filmi-ilk-defe-olaraq-kann-festivalina-daxil-edilib\\\/#breadcrumb\",\"itemListElement\":[{\"@type\":\"ListItem\",\"position\":1,\"name\":\"Ana s\u0259hif\u0259\",\"item\":\"https:\\\/\\\/www.meydan.tv\\\/az\\\/\"},{\"@type\":\"ListItem\",\"position\":2,\"name\":\"M\u0259d\u0259niyy\u0259t\",\"item\":\"https:\\\/\\\/www.meydan.tv\\\/az\\\/section\\\/medeniyyet\\\/\"},{\"@type\":\"ListItem\",\"position\":3,\"name\":\"Az\u0259rbaycan filmi ilk d\u0259f\u0259 olaraq Kann Festival\u0131na daxil edilib\"}]},{\"@type\":\"WebSite\",\"@id\":\"https:\\\/\\\/www.meydan.tv\\\/az\\\/#website\",\"url\":\"https:\\\/\\\/www.meydan.tv\\\/az\\\/\",\"name\":\"MEYDAN.TV\",\"description\":\"Meydan TV Az\u0259rbaycan\u0131n media m\u0259kan\u0131ndak\u0131 alternativ s\u0259sidir\",\"publisher\":{\"@id\":\"https:\\\/\\\/www.meydan.tv\\\/az\\\/#organization\"},\"potentialAction\":[{\"@type\":\"SearchAction\",\"target\":{\"@type\":\"EntryPoint\",\"urlTemplate\":\"https:\\\/\\\/www.meydan.tv\\\/az\\\/?s={search_term_string}\"},\"query-input\":{\"@type\":\"PropertyValueSpecification\",\"valueRequired\":true,\"valueName\":\"search_term_string\"}}],\"inLanguage\":\"az\"},{\"@type\":\"Organization\",\"@id\":\"https:\\\/\\\/www.meydan.tv\\\/az\\\/#organization\",\"name\":\"Meydan TV\",\"url\":\"https:\\\/\\\/www.meydan.tv\\\/az\\\/\",\"logo\":{\"@type\":\"ImageObject\",\"inLanguage\":\"az\",\"@id\":\"https:\\\/\\\/www.meydan.tv\\\/az\\\/#\\\/schema\\\/logo\\\/image\\\/\",\"url\":\"https:\\\/\\\/www.meydan.tv\\\/wp-content\\\/uploads\\\/2021\\\/07\\\/meydan-logo.svg\",\"contentUrl\":\"https:\\\/\\\/www.meydan.tv\\\/wp-content\\\/uploads\\\/2021\\\/07\\\/meydan-logo.svg\",\"width\":195,\"height\":46,\"caption\":\"Meydan TV\"},\"image\":{\"@id\":\"https:\\\/\\\/www.meydan.tv\\\/az\\\/#\\\/schema\\\/logo\\\/image\\\/\"}},{\"@type\":\"Person\",\"@id\":\"https:\\\/\\\/www.meydan.tv\\\/az\\\/#\\\/schema\\\/person\\\/10d11eccf6da3662cf5fdab9806ea91a\",\"name\":\"user-manager\"}]}<\/script>\n<!-- \/ Yoast SEO plugin. -->","yoast_head_json":{"title":"Az\u0259rbaycan filmi ilk d\u0259f\u0259 olaraq Kann Festival\u0131na daxil edilib - MEYDAN.TV","robots":{"index":"index","follow":"follow","max-snippet":"max-snippet:-1","max-image-preview":"max-image-preview:large","max-video-preview":"max-video-preview:-1"},"canonical":"https:\/\/www.meydan.tv\/az\/article\/azerbaycan-filmi-ilk-defe-olaraq-kann-festivalina-daxil-edilib\/","og_locale":"az_AZ","og_type":"article","og_title":"Az\u0259rbaycan filmi ilk d\u0259f\u0259 olaraq Kann Festival\u0131na daxil edilib - MEYDAN.TV","og_description":"M\u0259i\u015f\u0259t m\u0259s\u0259l\u0259si il\u0259 ba\u011fl\u0131 fikir ayr\u0131l\u0131qlar\u0131 onlar\u0131 g\u00f6zl\u0259nilm\u0259y\u0259n yerd\u0259 dayanma\u011fa vadar edir.","og_url":"https:\/\/www.meydan.tv\/az\/article\/azerbaycan-filmi-ilk-defe-olaraq-kann-festivalina-daxil-edilib\/","og_site_name":"MEYDAN.TV","article_published_time":"2020-06-04T14:19:48+00:00","og_image":[{"width":750,"height":482,"url":"https:\/\/www.meydan.tv\/wp-content\/uploads\/1584650304967_jquglfon.jpeg","type":"image\/jpeg"}],"author":"user-manager","twitter_card":"summary_large_image","schema":{"@context":"https:\/\/schema.org","@graph":[{"@type":"Article","@id":"https:\/\/www.meydan.tv\/az\/article\/azerbaycan-filmi-ilk-defe-olaraq-kann-festivalina-daxil-edilib\/#article","isPartOf":{"@id":"https:\/\/www.meydan.tv\/az\/article\/azerbaycan-filmi-ilk-defe-olaraq-kann-festivalina-daxil-edilib\/"},"author":{"name":"user-manager","@id":"https:\/\/www.meydan.tv\/az\/#\/schema\/person\/10d11eccf6da3662cf5fdab9806ea91a"},"headline":"Az\u0259rbaycan filmi ilk d\u0259f\u0259 olaraq Kann Festival\u0131na daxil edilib","datePublished":"2020-06-04T14:19:48+00:00","mainEntityOfPage":{"@id":"https:\/\/www.meydan.tv\/az\/article\/azerbaycan-filmi-ilk-defe-olaraq-kann-festivalina-daxil-edilib\/"},"wordCount":374,"publisher":{"@id":"https:\/\/www.meydan.tv\/az\/#organization"},"image":{"@id":"https:\/\/www.meydan.tv\/az\/article\/azerbaycan-filmi-ilk-defe-olaraq-kann-festivalina-daxil-edilib\/#primaryimage"},"thumbnailUrl":"https:\/\/www.meydan.tv\/wp-content\/uploads\/1584650304967_jquglfon.jpeg","articleSection":["M\u0259d\u0259niyy\u0259t"],"inLanguage":"az"},{"@type":"WebPage","@id":"https:\/\/www.meydan.tv\/az\/article\/azerbaycan-filmi-ilk-defe-olaraq-kann-festivalina-daxil-edilib\/","url":"https:\/\/www.meydan.tv\/az\/article\/azerbaycan-filmi-ilk-defe-olaraq-kann-festivalina-daxil-edilib\/","name":"Az\u0259rbaycan filmi ilk d\u0259f\u0259 olaraq Kann Festival\u0131na daxil edilib - MEYDAN.TV","isPartOf":{"@id":"https:\/\/www.meydan.tv\/az\/#website"},"primaryImageOfPage":{"@id":"https:\/\/www.meydan.tv\/az\/article\/azerbaycan-filmi-ilk-defe-olaraq-kann-festivalina-daxil-edilib\/#primaryimage"},"image":{"@id":"https:\/\/www.meydan.tv\/az\/article\/azerbaycan-filmi-ilk-defe-olaraq-kann-festivalina-daxil-edilib\/#primaryimage"},"thumbnailUrl":"https:\/\/www.meydan.tv\/wp-content\/uploads\/1584650304967_jquglfon.jpeg","datePublished":"2020-06-04T14:19:48+00:00","breadcrumb":{"@id":"https:\/\/www.meydan.tv\/az\/article\/azerbaycan-filmi-ilk-defe-olaraq-kann-festivalina-daxil-edilib\/#breadcrumb"},"inLanguage":"az","potentialAction":[{"@type":"ReadAction","target":["https:\/\/www.meydan.tv\/az\/article\/azerbaycan-filmi-ilk-defe-olaraq-kann-festivalina-daxil-edilib\/"]}]},{"@type":"ImageObject","inLanguage":"az","@id":"https:\/\/www.meydan.tv\/az\/article\/azerbaycan-filmi-ilk-defe-olaraq-kann-festivalina-daxil-edilib\/#primaryimage","url":"https:\/\/www.meydan.tv\/wp-content\/uploads\/1584650304967_jquglfon.jpeg","contentUrl":"https:\/\/www.meydan.tv\/wp-content\/uploads\/1584650304967_jquglfon.jpeg","width":750,"height":482,"caption":"Source: Foto: sosial \u015f\u0259b\u0259k\u0259"},{"@type":"BreadcrumbList","@id":"https:\/\/www.meydan.tv\/az\/article\/azerbaycan-filmi-ilk-defe-olaraq-kann-festivalina-daxil-edilib\/#breadcrumb","itemListElement":[{"@type":"ListItem","position":1,"name":"Ana s\u0259hif\u0259","item":"https:\/\/www.meydan.tv\/az\/"},{"@type":"ListItem","position":2,"name":"M\u0259d\u0259niyy\u0259t","item":"https:\/\/www.meydan.tv\/az\/section\/medeniyyet\/"},{"@type":"ListItem","position":3,"name":"Az\u0259rbaycan filmi ilk d\u0259f\u0259 olaraq Kann Festival\u0131na daxil edilib"}]},{"@type":"WebSite","@id":"https:\/\/www.meydan.tv\/az\/#website","url":"https:\/\/www.meydan.tv\/az\/","name":"MEYDAN.TV","description":"Meydan TV Az\u0259rbaycan\u0131n media m\u0259kan\u0131ndak\u0131 alternativ s\u0259sidir","publisher":{"@id":"https:\/\/www.meydan.tv\/az\/#organization"},"potentialAction":[{"@type":"SearchAction","target":{"@type":"EntryPoint","urlTemplate":"https:\/\/www.meydan.tv\/az\/?s={search_term_string}"},"query-input":{"@type":"PropertyValueSpecification","valueRequired":true,"valueName":"search_term_string"}}],"inLanguage":"az"},{"@type":"Organization","@id":"https:\/\/www.meydan.tv\/az\/#organization","name":"Meydan TV","url":"https:\/\/www.meydan.tv\/az\/","logo":{"@type":"ImageObject","inLanguage":"az","@id":"https:\/\/www.meydan.tv\/az\/#\/schema\/logo\/image\/","url":"https:\/\/www.meydan.tv\/wp-content\/uploads\/2021\/07\/meydan-logo.svg","contentUrl":"https:\/\/www.meydan.tv\/wp-content\/uploads\/2021\/07\/meydan-logo.svg","width":195,"height":46,"caption":"Meydan TV"},"image":{"@id":"https:\/\/www.meydan.tv\/az\/#\/schema\/logo\/image\/"}},{"@type":"Person","@id":"https:\/\/www.meydan.tv\/az\/#\/schema\/person\/10d11eccf6da3662cf5fdab9806ea91a","name":"user-manager"}]}},"_links":{"self":[{"href":"https:\/\/www.meydan.tv\/az\/wp-json\/wp\/v2\/posts\/200866","targetHints":{"allow":["GET"]}}],"collection":[{"href":"https:\/\/www.meydan.tv\/az\/wp-json\/wp\/v2\/posts"}],"about":[{"href":"https:\/\/www.meydan.tv\/az\/wp-json\/wp\/v2\/types\/post"}],"author":[{"embeddable":true,"href":"https:\/\/www.meydan.tv\/az\/wp-json\/wp\/v2\/users\/11"}],"replies":[{"embeddable":true,"href":"https:\/\/www.meydan.tv\/az\/wp-json\/wp\/v2\/comments?post=200866"}],"version-history":[{"count":0,"href":"https:\/\/www.meydan.tv\/az\/wp-json\/wp\/v2\/posts\/200866\/revisions"}],"wp:featuredmedia":[{"embeddable":true,"href":"https:\/\/www.meydan.tv\/az\/wp-json\/wp\/v2\/media\/142661"}],"wp:attachment":[{"href":"https:\/\/www.meydan.tv\/az\/wp-json\/wp\/v2\/media?parent=200866"}],"wp:term":[{"taxonomy":"category","embeddable":true,"href":"https:\/\/www.meydan.tv\/az\/wp-json\/wp\/v2\/categories?post=200866"},{"taxonomy":"post_tag","embeddable":true,"href":"https:\/\/www.meydan.tv\/az\/wp-json\/wp\/v2\/tags?post=200866"}],"curies":[{"name":"wp","href":"https:\/\/api.w.org\/{rel}","templated":true}]}}