{"id":200865,"date":"2020-06-04T13:39:37","date_gmt":"2020-06-04T13:39:37","guid":{"rendered":"https:\/\/www.meydan.tv\/article\/avropa-mehkemesi-10-nefer-hebsde-qanunsuz-saxlanilib\/"},"modified":"2020-06-04T13:39:37","modified_gmt":"2020-06-04T13:39:37","slug":"avropa-mehkemesi-10-nefer-hebsde-qanunsuz-saxlanilib","status":"publish","type":"post","link":"https:\/\/www.meydan.tv\/az\/article\/avropa-mehkemesi-10-nefer-hebsde-qanunsuz-saxlanilib\/","title":{"rendered":"Avropa M\u0259hk\u0259m\u0259si: 10 n\u0259f\u0259r h\u0259bsd\u0259 qanunsuz saxlan\u0131l\u0131b"},"content":{"rendered":"<p>\n  <i><br \/>\n    Az\u0259rbaycan h\u00f6kum\u0259tinin Taleh Ba\u011f\u0131rzad\u0259 il\u0259 ba\u011fl\u0131 etiraf\u0131<br \/>\n  <\/i>\n<\/p>\n<p>\n  Avropa \u0130nsan Haqlar\u0131 M\u0259hk\u0259m\u0259si Az\u0259rbaycandan g\u00f6nd\u0259rilmi\u015f 10 \u015fikay\u0259t \u00fczr\u0259 iki<br \/>\n  <a href=\"https:\/\/hudoc.echr.coe.int\/eng#{%22itemid%22:[%22001-203039%22]}\"><br \/>\n    q\u0259rar<br \/>\n  <\/a><br \/>\n  \u0131n\u0131 a\u00e7\u0131qlay\u0131b. Bunlardan 7 n\u0259f\u0259rin \u015fikay\u0259t \u00fczr\u0259 veril\u0259n bir q\u0259rarla Avropa M\u0259hk\u0259m\u0259si o i\u015fl\u0259rin siyah\u0131dan \u00e7\u0131xar\u0131lmas\u0131na q\u0259rar verib. \u00c7\u00fcnki h\u0259min \u015fikay\u0259tl\u0259rl\u0259 ba\u011fl\u0131 kommunikasiya m\u0259rh\u0259l\u0259sind\u0259 &#8211; Avropa M\u0259hk\u0259m\u0259sil\u0259 Az\u0259rbaycan h\u00f6kum\u0259ti aras\u0131nda yaz\u0131\u015fmalar davam ed\u0259nd\u0259 h\u00f6kum\u0259t pozuntuya yol verildiyini etiraf edib.\n<\/p>\n<p>\n  \u015eikay\u0259tl\u0259r m\u0259hk\u0259m\u0259y\u0259 q\u0259d\u0259rki h\u0259bsl\u0259rl\u0259 ba\u011fl\u0131 olub. H\u00f6kum\u0259t d\u0259 \u0259riz\u0259\u00e7il\u0259rin m\u0259hk\u0259m\u0259y\u0259 q\u0259d\u0259rki h\u0259bs m\u00fcdd\u0259tinin uzun oldu\u011funu q\u0259bul edib v\u0259 buna g\u00f6r\u0259 onlara d\u0259ymi\u015f ziyan\u0131 \u00f6d\u0259m\u0259y\u0259 raz\u0131l\u0131q verib. Az\u0259rbaycan h\u00f6kum\u0259ti t\u0259kt\u0259r\u0259fli b\u0259yannam\u0259 t\u0259qdim ed\u0259r\u0259k, o \u015fikay\u0259tl\u0259rin bax\u0131lacaq i\u015fl\u0259r siyah\u0131s\u0131ndan \u00e7\u0131xar\u0131lmas\u0131n\u0131 xahi\u015f edib.\n<\/p>\n<p>\n  Kommunikasiya m\u0259rh\u0259l\u0259sind\u0259 \u015fikay\u0259t\u00e7il\u0259r v\u0259 onlar\u0131n v\u0259kill\u0259ri bu t\u0259klifl\u0259 raz\u0131la\u015fmasalar da, Avropa M\u0259hk\u0259m\u0259si \u015fikay\u0259tl\u0259rin siyah\u0131dan \u00e7\u0131xar\u0131lmas\u0131n\u0131n do\u011fru oldu\u011fu n\u0259tic\u0259sin\u0259 g\u0259lib. Q\u0259rara \u0259sas\u0259n, h\u00f6kum\u0259t 7 \u0259riz\u0259\u00e7inin h\u0259r birin\u0259 3000 avro kompensasiya \u00f6d\u0259m\u0259lidir. S\u00f6z\u00fcged\u0259n 7 n\u0259f\u0259rin aras\u0131nda \u201cM\u00fcs\u0259lman Birliyi\u201d H\u0259r\u0259kat\u0131n\u0131n s\u0259dri, ilahiyyat\u00e7\u0131 Taleh Ba\u011f\u0131rzad\u0259, Nardaran hadis\u0259l\u0259rin\u0259 g\u00f6r\u0259 h\u0259bs olunmu\u015f Elxan \u0130sg\u0259nd\u0259rov da var.\n<\/p>\n<p>\n  T.Ba\u011f\u0131rzad\u0259nin v\u0259kili Cavad Cavadov bildirib ki, bu q\u0259rar ilahiyyat\u00e7\u0131n\u0131n Nardaran hadis\u0259l\u0259rind\u0259n \u0259vv\u0259l, birinci h\u0259bsil\u0259 ba\u011fl\u0131d\u0131r.\n<\/p>\n<p>\n  T.Ba\u011f\u0131rzad\u0259 ilk d\u0259f\u0259 T\u0259hsil Nazirliyinin qar\u015f\u0131s\u0131nda hicab qada\u011fas\u0131na etiraz olaraq ke\u00e7iril\u0259n aksiyada h\u0259bs olunmu\u015fdu. Ona qar\u015f\u0131 daha sonra narkotik ittiham\u0131 ir\u0259li s\u00fcr\u00fcld\u00fc v\u0259 h\u0259bs m\u00fcdd\u0259ti d\u0259 uzad\u0131ld\u0131. \u0130lahiyyat\u00e7\u0131 2015-ci ilin \u0259vv\u0259lind\u0259 azadl\u0131\u011fa burax\u0131lsa da, h\u0259min ilin noyabr\u0131nda yenid\u0259n Nardaran hadis\u0259l\u0259rin\u0259 g\u00f6r\u0259 h\u0259bs edildi.\n<\/p>\n<p>\n  Avropa M\u0259hk\u0259m\u0259sinin daha bir q\u0259rar\u0131 is\u0259 2015-ci ilin noyabr\u0131nda Nardaranda T.Ba\u011f\u0131rzad\u0259 il\u0259 birlikd\u0259 h\u0259bs olunmu\u015f Zakir Mustafayev, haz\u0131rda Londonda ya\u015fayan v\u0259 internet televiziyas\u0131 yaradan Qurban M\u0259mm\u0259dov v\u0259 Vaqif Musayevl\u0259 ba\u011fl\u0131d\u0131r. Onlar\u0131n i\u015find\u0259 d\u0259 h\u0259bs-q\u0259timkan t\u0259dbirinin qanunsuz olmas\u0131 m\u00fcbahis\u0259l\u0259ndirilib. Avropa M\u0259hk\u0259m\u0259si bu \u0259riz\u0259\u00e7il\u0259r\u0259 m\u00fcnasib\u0259td\u0259 Avropa Konvensiyas\u0131n\u0131n 5-ci (azadl\u0131q v\u0259 toxunulmazl\u0131q h\u00fcququ) madd\u0259sinin 3 v\u0259 4-c\u00fc b\u0259ndl\u0259rinin pozuntusunu tan\u0131y\u0131b. Q\u0259rara \u0259sas\u0259n, h\u00f6kum\u0259t Qurban M\u0259mm\u0259dova 3 min, Vaqif Musayev v\u0259 Zakir Mustafayevin h\u0259r birin\u0259 is\u0259 3500 avro t\u0259zminat \u00f6d\u0259m\u0259lidir. Bu m\u0259bl\u0259\u011fin 3000 avrosu m\u0259n\u0259vi ziyana, 500-\u00fc is\u0259 h\u00fcquqi x\u0259rcl\u0259r\u0259 g\u00f6r\u0259 t\u0259yin edilib.\n<\/p>\n<p>\n  Z.Mustafayevin v\u0259kili Yal\u00e7\u0131n \u0130manov deyir ki, m\u00fcv\u0259kkili m\u0259hk\u0259m\u0259y\u0259 q\u0259d\u0259r 9 ay 29 g\u00fcn h\u0259bsd\u0259 qal\u0131b. Bu m\u00fcdd\u0259t \u00fc\u00e7\u00fcn Avropa M\u0259hk\u0259m\u0259sinin t\u0259yin etdiyi kompensasiyan\u0131n m\u0259bl\u0259\u011fi azd\u0131r:\n<\/p>\n<p>\n  \u201cEl\u0259 i\u015fl\u0259r var ki, Avropa M\u0259hk\u0259m\u0259si eyni pozuntuya g\u00f6r\u0259 15-20 min avro kompensasiya t\u0259yin edir&#8230;\u201d\n<\/p>\n<p>\n  Haz\u0131rda Avropa M\u0259hk\u0259m\u0259sind\u0259 Z.Mustafayevin h\u0259bsind\u0259n sonra i\u015fg\u0259nc\u0259y\u0259 m\u0259ruz qalmas\u0131 v\u0259 prokurorlu\u011fun, yerli m\u0259hk\u0259m\u0259l\u0259rin buna h\u00fcquqi qiym\u0259t verm\u0259m\u0259sil\u0259 ba\u011fl\u0131 daha bir i\u015fi var.\n<\/p>\n<p>\n  H\u0259m\u00e7inin T.Ba\u011f\u0131rzad\u0259nin 20, Z.Mustafayevin 14 il 6 ay, E.\u0130sg\u0259nd\u0259rovun 14 il azadl\u0131qdan m\u0259hrum edilm\u0131si bar\u0259d\u0259 h\u00f6kml\u0259rd\u0259n veril\u0259n \u015fikay\u0259tl\u0259r d\u0259 Avropa M\u0259hk\u0259m\u0259sinin icraat\u0131ndad\u0131r.<\/p>\n","protected":false},"excerpt":{"rendered":"<p>Bu m\u00fcdd\u0259t \u00fc\u00e7\u00fcn Avropa M\u0259hk\u0259m\u0259sinin t\u0259yin etdiyi kompensasiyan\u0131n m\u0259bl\u0259\u011fi azd\u0131r<\/p>\n","protected":false},"author":11,"featured_media":136677,"comment_status":"closed","ping_status":"open","sticky":false,"template":"","format":"standard","meta":{"_acf_changed":false,"_sitemap_exclude":false,"_sitemap_priority":"","_sitemap_frequency":"","footnotes":""},"categories":[59],"tags":[],"class_list":["post-200865","post","type-post","status-publish","format-standard","has-post-thumbnail","hentry","category-siyaset","infinite-scroll-item","generate-columns","tablet-grid-50","mobile-grid-100","grid-parent","grid-33","no-featured-image-padding"],"acf":[],"yoast_head":"<!-- This site is optimized with the Yoast SEO plugin v27.5 - https:\/\/yoast.com\/product\/yoast-seo-wordpress\/ -->\n<title>Avropa M\u0259hk\u0259m\u0259si: 10 n\u0259f\u0259r h\u0259bsd\u0259 qanunsuz saxlan\u0131l\u0131b - MEYDAN.TV<\/title>\n<meta name=\"robots\" content=\"index, follow, max-snippet:-1, max-image-preview:large, max-video-preview:-1\" \/>\n<link rel=\"canonical\" href=\"https:\/\/www.meydan.tv\/az\/article\/avropa-mehkemesi-10-nefer-hebsde-qanunsuz-saxlanilib\/\" \/>\n<meta property=\"og:locale\" content=\"az_AZ\" \/>\n<meta property=\"og:type\" content=\"article\" \/>\n<meta property=\"og:title\" content=\"Avropa M\u0259hk\u0259m\u0259si: 10 n\u0259f\u0259r h\u0259bsd\u0259 qanunsuz saxlan\u0131l\u0131b - MEYDAN.TV\" \/>\n<meta property=\"og:description\" content=\"Bu m\u00fcdd\u0259t \u00fc\u00e7\u00fcn Avropa M\u0259hk\u0259m\u0259sinin t\u0259yin etdiyi kompensasiyan\u0131n m\u0259bl\u0259\u011fi azd\u0131r\" \/>\n<meta property=\"og:url\" content=\"https:\/\/www.meydan.tv\/az\/article\/avropa-mehkemesi-10-nefer-hebsde-qanunsuz-saxlanilib\/\" \/>\n<meta property=\"og:site_name\" content=\"MEYDAN.TV\" \/>\n<meta property=\"article:published_time\" content=\"2020-06-04T13:39:37+00:00\" \/>\n<meta property=\"og:image\" content=\"https:\/\/www.meydan.tv\/wp-content\/uploads\/mehkemwe.jpg\" \/>\n\t<meta property=\"og:image:width\" content=\"853\" \/>\n\t<meta property=\"og:image:height\" content=\"480\" \/>\n\t<meta property=\"og:image:type\" content=\"image\/jpeg\" \/>\n<meta name=\"author\" content=\"user-manager\" \/>\n<meta name=\"twitter:card\" content=\"summary_large_image\" \/>\n<script type=\"application\/ld+json\" class=\"yoast-schema-graph\">{\"@context\":\"https:\\\/\\\/schema.org\",\"@graph\":[{\"@type\":\"Article\",\"@id\":\"https:\\\/\\\/www.meydan.tv\\\/az\\\/article\\\/avropa-mehkemesi-10-nefer-hebsde-qanunsuz-saxlanilib\\\/#article\",\"isPartOf\":{\"@id\":\"https:\\\/\\\/www.meydan.tv\\\/az\\\/article\\\/avropa-mehkemesi-10-nefer-hebsde-qanunsuz-saxlanilib\\\/\"},\"author\":{\"name\":\"user-manager\",\"@id\":\"https:\\\/\\\/www.meydan.tv\\\/az\\\/#\\\/schema\\\/person\\\/10d11eccf6da3662cf5fdab9806ea91a\"},\"headline\":\"Avropa M\u0259hk\u0259m\u0259si: 10 n\u0259f\u0259r h\u0259bsd\u0259 qanunsuz saxlan\u0131l\u0131b\",\"datePublished\":\"2020-06-04T13:39:37+00:00\",\"mainEntityOfPage\":{\"@id\":\"https:\\\/\\\/www.meydan.tv\\\/az\\\/article\\\/avropa-mehkemesi-10-nefer-hebsde-qanunsuz-saxlanilib\\\/\"},\"wordCount\":706,\"publisher\":{\"@id\":\"https:\\\/\\\/www.meydan.tv\\\/az\\\/#organization\"},\"image\":{\"@id\":\"https:\\\/\\\/www.meydan.tv\\\/az\\\/article\\\/avropa-mehkemesi-10-nefer-hebsde-qanunsuz-saxlanilib\\\/#primaryimage\"},\"thumbnailUrl\":\"https:\\\/\\\/www.meydan.tv\\\/wp-content\\\/uploads\\\/mehkemwe.jpg\",\"articleSection\":[\"Siyas\u0259t\"],\"inLanguage\":\"az\"},{\"@type\":\"WebPage\",\"@id\":\"https:\\\/\\\/www.meydan.tv\\\/az\\\/article\\\/avropa-mehkemesi-10-nefer-hebsde-qanunsuz-saxlanilib\\\/\",\"url\":\"https:\\\/\\\/www.meydan.tv\\\/az\\\/article\\\/avropa-mehkemesi-10-nefer-hebsde-qanunsuz-saxlanilib\\\/\",\"name\":\"Avropa M\u0259hk\u0259m\u0259si: 10 n\u0259f\u0259r h\u0259bsd\u0259 qanunsuz saxlan\u0131l\u0131b - MEYDAN.TV\",\"isPartOf\":{\"@id\":\"https:\\\/\\\/www.meydan.tv\\\/az\\\/#website\"},\"primaryImageOfPage\":{\"@id\":\"https:\\\/\\\/www.meydan.tv\\\/az\\\/article\\\/avropa-mehkemesi-10-nefer-hebsde-qanunsuz-saxlanilib\\\/#primaryimage\"},\"image\":{\"@id\":\"https:\\\/\\\/www.meydan.tv\\\/az\\\/article\\\/avropa-mehkemesi-10-nefer-hebsde-qanunsuz-saxlanilib\\\/#primaryimage\"},\"thumbnailUrl\":\"https:\\\/\\\/www.meydan.tv\\\/wp-content\\\/uploads\\\/mehkemwe.jpg\",\"datePublished\":\"2020-06-04T13:39:37+00:00\",\"breadcrumb\":{\"@id\":\"https:\\\/\\\/www.meydan.tv\\\/az\\\/article\\\/avropa-mehkemesi-10-nefer-hebsde-qanunsuz-saxlanilib\\\/#breadcrumb\"},\"inLanguage\":\"az\",\"potentialAction\":[{\"@type\":\"ReadAction\",\"target\":[\"https:\\\/\\\/www.meydan.tv\\\/az\\\/article\\\/avropa-mehkemesi-10-nefer-hebsde-qanunsuz-saxlanilib\\\/\"]}]},{\"@type\":\"ImageObject\",\"inLanguage\":\"az\",\"@id\":\"https:\\\/\\\/www.meydan.tv\\\/az\\\/article\\\/avropa-mehkemesi-10-nefer-hebsde-qanunsuz-saxlanilib\\\/#primaryimage\",\"url\":\"https:\\\/\\\/www.meydan.tv\\\/wp-content\\\/uploads\\\/mehkemwe.jpg\",\"contentUrl\":\"https:\\\/\\\/www.meydan.tv\\\/wp-content\\\/uploads\\\/mehkemwe.jpg\",\"width\":853,\"height\":480,\"caption\":\"Source: Foto: arxiv\"},{\"@type\":\"BreadcrumbList\",\"@id\":\"https:\\\/\\\/www.meydan.tv\\\/az\\\/article\\\/avropa-mehkemesi-10-nefer-hebsde-qanunsuz-saxlanilib\\\/#breadcrumb\",\"itemListElement\":[{\"@type\":\"ListItem\",\"position\":1,\"name\":\"Ana s\u0259hif\u0259\",\"item\":\"https:\\\/\\\/www.meydan.tv\\\/az\\\/\"},{\"@type\":\"ListItem\",\"position\":2,\"name\":\"Siyas\u0259t\",\"item\":\"https:\\\/\\\/www.meydan.tv\\\/az\\\/section\\\/siyaset\\\/\"},{\"@type\":\"ListItem\",\"position\":3,\"name\":\"Avropa M\u0259hk\u0259m\u0259si: 10 n\u0259f\u0259r h\u0259bsd\u0259 qanunsuz saxlan\u0131l\u0131b\"}]},{\"@type\":\"WebSite\",\"@id\":\"https:\\\/\\\/www.meydan.tv\\\/az\\\/#website\",\"url\":\"https:\\\/\\\/www.meydan.tv\\\/az\\\/\",\"name\":\"MEYDAN.TV\",\"description\":\"Meydan TV Az\u0259rbaycan\u0131n media m\u0259kan\u0131ndak\u0131 alternativ s\u0259sidir\",\"publisher\":{\"@id\":\"https:\\\/\\\/www.meydan.tv\\\/az\\\/#organization\"},\"potentialAction\":[{\"@type\":\"SearchAction\",\"target\":{\"@type\":\"EntryPoint\",\"urlTemplate\":\"https:\\\/\\\/www.meydan.tv\\\/az\\\/?s={search_term_string}\"},\"query-input\":{\"@type\":\"PropertyValueSpecification\",\"valueRequired\":true,\"valueName\":\"search_term_string\"}}],\"inLanguage\":\"az\"},{\"@type\":\"Organization\",\"@id\":\"https:\\\/\\\/www.meydan.tv\\\/az\\\/#organization\",\"name\":\"Meydan TV\",\"url\":\"https:\\\/\\\/www.meydan.tv\\\/az\\\/\",\"logo\":{\"@type\":\"ImageObject\",\"inLanguage\":\"az\",\"@id\":\"https:\\\/\\\/www.meydan.tv\\\/az\\\/#\\\/schema\\\/logo\\\/image\\\/\",\"url\":\"https:\\\/\\\/www.meydan.tv\\\/wp-content\\\/uploads\\\/2021\\\/07\\\/meydan-logo.svg\",\"contentUrl\":\"https:\\\/\\\/www.meydan.tv\\\/wp-content\\\/uploads\\\/2021\\\/07\\\/meydan-logo.svg\",\"width\":195,\"height\":46,\"caption\":\"Meydan TV\"},\"image\":{\"@id\":\"https:\\\/\\\/www.meydan.tv\\\/az\\\/#\\\/schema\\\/logo\\\/image\\\/\"}},{\"@type\":\"Person\",\"@id\":\"https:\\\/\\\/www.meydan.tv\\\/az\\\/#\\\/schema\\\/person\\\/10d11eccf6da3662cf5fdab9806ea91a\",\"name\":\"user-manager\"}]}<\/script>\n<!-- \/ Yoast SEO plugin. -->","yoast_head_json":{"title":"Avropa M\u0259hk\u0259m\u0259si: 10 n\u0259f\u0259r h\u0259bsd\u0259 qanunsuz saxlan\u0131l\u0131b - MEYDAN.TV","robots":{"index":"index","follow":"follow","max-snippet":"max-snippet:-1","max-image-preview":"max-image-preview:large","max-video-preview":"max-video-preview:-1"},"canonical":"https:\/\/www.meydan.tv\/az\/article\/avropa-mehkemesi-10-nefer-hebsde-qanunsuz-saxlanilib\/","og_locale":"az_AZ","og_type":"article","og_title":"Avropa M\u0259hk\u0259m\u0259si: 10 n\u0259f\u0259r h\u0259bsd\u0259 qanunsuz saxlan\u0131l\u0131b - MEYDAN.TV","og_description":"Bu m\u00fcdd\u0259t \u00fc\u00e7\u00fcn Avropa M\u0259hk\u0259m\u0259sinin t\u0259yin etdiyi kompensasiyan\u0131n m\u0259bl\u0259\u011fi azd\u0131r","og_url":"https:\/\/www.meydan.tv\/az\/article\/avropa-mehkemesi-10-nefer-hebsde-qanunsuz-saxlanilib\/","og_site_name":"MEYDAN.TV","article_published_time":"2020-06-04T13:39:37+00:00","og_image":[{"width":853,"height":480,"url":"https:\/\/www.meydan.tv\/wp-content\/uploads\/mehkemwe.jpg","type":"image\/jpeg"}],"author":"user-manager","twitter_card":"summary_large_image","schema":{"@context":"https:\/\/schema.org","@graph":[{"@type":"Article","@id":"https:\/\/www.meydan.tv\/az\/article\/avropa-mehkemesi-10-nefer-hebsde-qanunsuz-saxlanilib\/#article","isPartOf":{"@id":"https:\/\/www.meydan.tv\/az\/article\/avropa-mehkemesi-10-nefer-hebsde-qanunsuz-saxlanilib\/"},"author":{"name":"user-manager","@id":"https:\/\/www.meydan.tv\/az\/#\/schema\/person\/10d11eccf6da3662cf5fdab9806ea91a"},"headline":"Avropa M\u0259hk\u0259m\u0259si: 10 n\u0259f\u0259r h\u0259bsd\u0259 qanunsuz saxlan\u0131l\u0131b","datePublished":"2020-06-04T13:39:37+00:00","mainEntityOfPage":{"@id":"https:\/\/www.meydan.tv\/az\/article\/avropa-mehkemesi-10-nefer-hebsde-qanunsuz-saxlanilib\/"},"wordCount":706,"publisher":{"@id":"https:\/\/www.meydan.tv\/az\/#organization"},"image":{"@id":"https:\/\/www.meydan.tv\/az\/article\/avropa-mehkemesi-10-nefer-hebsde-qanunsuz-saxlanilib\/#primaryimage"},"thumbnailUrl":"https:\/\/www.meydan.tv\/wp-content\/uploads\/mehkemwe.jpg","articleSection":["Siyas\u0259t"],"inLanguage":"az"},{"@type":"WebPage","@id":"https:\/\/www.meydan.tv\/az\/article\/avropa-mehkemesi-10-nefer-hebsde-qanunsuz-saxlanilib\/","url":"https:\/\/www.meydan.tv\/az\/article\/avropa-mehkemesi-10-nefer-hebsde-qanunsuz-saxlanilib\/","name":"Avropa M\u0259hk\u0259m\u0259si: 10 n\u0259f\u0259r h\u0259bsd\u0259 qanunsuz saxlan\u0131l\u0131b - MEYDAN.TV","isPartOf":{"@id":"https:\/\/www.meydan.tv\/az\/#website"},"primaryImageOfPage":{"@id":"https:\/\/www.meydan.tv\/az\/article\/avropa-mehkemesi-10-nefer-hebsde-qanunsuz-saxlanilib\/#primaryimage"},"image":{"@id":"https:\/\/www.meydan.tv\/az\/article\/avropa-mehkemesi-10-nefer-hebsde-qanunsuz-saxlanilib\/#primaryimage"},"thumbnailUrl":"https:\/\/www.meydan.tv\/wp-content\/uploads\/mehkemwe.jpg","datePublished":"2020-06-04T13:39:37+00:00","breadcrumb":{"@id":"https:\/\/www.meydan.tv\/az\/article\/avropa-mehkemesi-10-nefer-hebsde-qanunsuz-saxlanilib\/#breadcrumb"},"inLanguage":"az","potentialAction":[{"@type":"ReadAction","target":["https:\/\/www.meydan.tv\/az\/article\/avropa-mehkemesi-10-nefer-hebsde-qanunsuz-saxlanilib\/"]}]},{"@type":"ImageObject","inLanguage":"az","@id":"https:\/\/www.meydan.tv\/az\/article\/avropa-mehkemesi-10-nefer-hebsde-qanunsuz-saxlanilib\/#primaryimage","url":"https:\/\/www.meydan.tv\/wp-content\/uploads\/mehkemwe.jpg","contentUrl":"https:\/\/www.meydan.tv\/wp-content\/uploads\/mehkemwe.jpg","width":853,"height":480,"caption":"Source: Foto: arxiv"},{"@type":"BreadcrumbList","@id":"https:\/\/www.meydan.tv\/az\/article\/avropa-mehkemesi-10-nefer-hebsde-qanunsuz-saxlanilib\/#breadcrumb","itemListElement":[{"@type":"ListItem","position":1,"name":"Ana s\u0259hif\u0259","item":"https:\/\/www.meydan.tv\/az\/"},{"@type":"ListItem","position":2,"name":"Siyas\u0259t","item":"https:\/\/www.meydan.tv\/az\/section\/siyaset\/"},{"@type":"ListItem","position":3,"name":"Avropa M\u0259hk\u0259m\u0259si: 10 n\u0259f\u0259r h\u0259bsd\u0259 qanunsuz saxlan\u0131l\u0131b"}]},{"@type":"WebSite","@id":"https:\/\/www.meydan.tv\/az\/#website","url":"https:\/\/www.meydan.tv\/az\/","name":"MEYDAN.TV","description":"Meydan TV Az\u0259rbaycan\u0131n media m\u0259kan\u0131ndak\u0131 alternativ s\u0259sidir","publisher":{"@id":"https:\/\/www.meydan.tv\/az\/#organization"},"potentialAction":[{"@type":"SearchAction","target":{"@type":"EntryPoint","urlTemplate":"https:\/\/www.meydan.tv\/az\/?s={search_term_string}"},"query-input":{"@type":"PropertyValueSpecification","valueRequired":true,"valueName":"search_term_string"}}],"inLanguage":"az"},{"@type":"Organization","@id":"https:\/\/www.meydan.tv\/az\/#organization","name":"Meydan TV","url":"https:\/\/www.meydan.tv\/az\/","logo":{"@type":"ImageObject","inLanguage":"az","@id":"https:\/\/www.meydan.tv\/az\/#\/schema\/logo\/image\/","url":"https:\/\/www.meydan.tv\/wp-content\/uploads\/2021\/07\/meydan-logo.svg","contentUrl":"https:\/\/www.meydan.tv\/wp-content\/uploads\/2021\/07\/meydan-logo.svg","width":195,"height":46,"caption":"Meydan TV"},"image":{"@id":"https:\/\/www.meydan.tv\/az\/#\/schema\/logo\/image\/"}},{"@type":"Person","@id":"https:\/\/www.meydan.tv\/az\/#\/schema\/person\/10d11eccf6da3662cf5fdab9806ea91a","name":"user-manager"}]}},"_links":{"self":[{"href":"https:\/\/www.meydan.tv\/az\/wp-json\/wp\/v2\/posts\/200865","targetHints":{"allow":["GET"]}}],"collection":[{"href":"https:\/\/www.meydan.tv\/az\/wp-json\/wp\/v2\/posts"}],"about":[{"href":"https:\/\/www.meydan.tv\/az\/wp-json\/wp\/v2\/types\/post"}],"author":[{"embeddable":true,"href":"https:\/\/www.meydan.tv\/az\/wp-json\/wp\/v2\/users\/11"}],"replies":[{"embeddable":true,"href":"https:\/\/www.meydan.tv\/az\/wp-json\/wp\/v2\/comments?post=200865"}],"version-history":[{"count":0,"href":"https:\/\/www.meydan.tv\/az\/wp-json\/wp\/v2\/posts\/200865\/revisions"}],"wp:featuredmedia":[{"embeddable":true,"href":"https:\/\/www.meydan.tv\/az\/wp-json\/wp\/v2\/media\/136677"}],"wp:attachment":[{"href":"https:\/\/www.meydan.tv\/az\/wp-json\/wp\/v2\/media?parent=200865"}],"wp:term":[{"taxonomy":"category","embeddable":true,"href":"https:\/\/www.meydan.tv\/az\/wp-json\/wp\/v2\/categories?post=200865"},{"taxonomy":"post_tag","embeddable":true,"href":"https:\/\/www.meydan.tv\/az\/wp-json\/wp\/v2\/tags?post=200865"}],"curies":[{"name":"wp","href":"https:\/\/api.w.org\/{rel}","templated":true}]}}