{"id":200790,"date":"2020-05-31T08:58:29","date_gmt":"2020-05-31T08:58:29","guid":{"rendered":"https:\/\/www.meydan.tv\/article\/agsu-sakini-zelzeleden-zerer-gormus-evim-her-uca-biler\/"},"modified":"2020-05-31T08:58:29","modified_gmt":"2020-05-31T08:58:29","slug":"agsu-sakini-zelzeleden-zerer-gormus-evim-her-uca-biler","status":"publish","type":"post","link":"https:\/\/www.meydan.tv\/az\/article\/agsu-sakini-zelzeleden-zerer-gormus-evim-her-uca-biler\/","title":{"rendered":"A\u011fsu sakini: Z\u0259lz\u0259l\u0259d\u0259n z\u0259r\u0259r g\u00f6rm\u00fc\u015f evim h\u0259r an u\u00e7a bil\u0259r"},"content":{"rendered":"<p>\n  <i><br \/>\n    \u201cM\u0259n\u0259 bildirdil\u0259r ki, siz gec m\u00fcraci\u0259t etdiyiniz \u00fc\u00e7\u00fcn \u015fikay\u0259tiniz\u0259 bax\u0131lmayacaq\u201d<br \/>\n  <\/i>\n<\/p>\n<p>\n  \u201cBir ild\u0259n \u00e7oxdur ki, q\u0259zal\u0131 v\u0259ziyy\u0259td\u0259 olan evd\u0259 ya\u015fay\u0131r\u0131q. Ev h\u0259r an u\u00e7a bil\u0259r. \u00d6z\u00fcmd\u0259n daha \u00e7ox iki azya\u015fl\u0131 u\u015fa\u011f\u0131ma g\u00f6r\u0259 narahatam\u201d.\n<\/p>\n<p>\n  Bunu Meydan TV-y\u0259 A\u011fsu rayonu, G\u00fcrsulu k\u0259nd sakini Samir Mirz\u0259xanov s\u00f6yl\u0259yir. O bildirir ki, \u00f6t\u0259n ilin fevral\u0131nda A\u011fsu \u0259razisind\u0259 4,4 bal g\u00fcc\u00fcnd\u0259 ba\u015f ver\u0259n z\u0259lz\u0259l\u0259d\u0259n sonra 1945-ci ild\u0259 in\u015fa edilmi\u015f \u00fc\u00e7otaql\u0131 f\u0259rdi evi tamamil\u0259 q\u0259zal\u0131 v\u0259ziyy\u0259t\u0259 d\u00fc\u015f\u00fcb. \u015eikay\u0259t\u00e7inin dediyin\u0259 g\u00f6r\u0259, z\u0259lz\u0259l\u0259d\u0259n sonra n\u00f6vb\u0259ti ay F\u00f6vq\u0259lad\u0259 Hallar Nazirliyi Z\u0259lz\u0259l\u0259 b\u00f6lg\u0259si \u00fczr\u0259 Q\u0259rargah\u0131n\u0131n n\u00fcmay\u0259nd\u0259sin\u0259 m\u00fcraci\u0259t edib:\n<\/p>\n<p>\n  \u201cZ\u0259lz\u0259l\u0259 2019-cu ilin fevral\u0131nda olmu\u015fdu. M\u0259n martda m\u00fcraci\u0259t etdim. F\u00f6vq\u0259lad\u0259 Hallar Nazirliyinin z\u0259lz\u0259l\u0259 \u00fczr\u0259 n\u00fcmay\u0259nd\u0259liyind\u0259n olan \u015f\u0259xs qeydiyyat apard\u0131, amma n\u0259 q\u0259d\u0259r g\u00f6zl\u0259s\u0259m d\u0259, he\u00e7 bir n\u0259tic\u0259si olmad\u0131. \u00dcz\u0259rind\u0259n t\u0259xmin\u0259n \u00fc\u00e7 ay ke\u00e7\u0259nd\u0259n sonra t\u0259krar aidiyyatl\u0131 qurumla \u0259laq\u0259 saxlad\u0131m. M\u0259n\u0259 bildirdil\u0259r ki, siz gec m\u00fcraci\u0259t etdiyiniz \u00fc\u00e7\u00fcn \u015fikay\u0259tiniz\u0259 bax\u0131lmayacaq. Halbuki, z\u0259lz\u0259l\u0259d\u0259n bir ay ke\u00e7m\u0259mi\u015fdi. D\u0259f\u0259l\u0259rl\u0259 F\u00f6vq\u0259lad\u0259 Hallar Nazirliyinin \u201cqaynar x\u0259tt\u201din\u0259 v\u0259 A\u011fsu Rayon \u0130cra Hakimiyy\u0259tin\u0259 m\u00fcraci\u0259t etmi\u015f\u0259m. Problemim\u0259 baxan olmayib, m\u0259ni bir-birinin \u00fcst\u00fcn\u0259 g\u00f6nd\u0259rdil\u0259r\u201d.\n<\/p>\n<p>\n  Samir Mirz\u0259xanov deyir ki, Prezident \u0130lham \u018fliyev\u0259 v\u0259 Birinci vitse-prezident Mehriban \u018fliyevaya yazd\u0131\u011f\u0131 m\u0259ktublar A\u011fsu Rayon \u0130cra Hakimiyy\u0259tin\u0259 y\u00f6nl\u0259ndirilib v\u0259 \u015fikay\u0259tin\u0259 bax\u0131lmay\u0131b:\n<\/p>\n<figure class=\"wp-block-image size-large\">\n  <img decoding=\"async\" src=\"https:\/\/www.meydan.tv\/az\/image_from_ios-9-jpg-30\/\" alt=\"image_from_ios (9).jpg\" class=\"wp-image-142463\"\/><figcaption>\n    &#8220;M\u0259n\u0259 bildirdil\u0259r ki, siz gec m\u00fcraci\u0259t etdiyiniz \u00fc\u00e7\u00fcn \u015fikay\u0259tiniz\u0259 bax\u0131lmayacaq&#8221;<br \/>\n  <\/figcaption><\/figure>\n<p>\n  \u201c\u00dc\u00e7 ay \u00f6nc\u0259 m\u0259ktub yazm\u0131\u015fd\u0131m. M\u0259ni icra hakimiyy\u0259tin\u0259 \u00e7a\u011f\u0131rd\u0131lar. Yen\u0259 d\u0259 eyni s\u00f6zl\u0259ri dedil\u0259r ki, guya gec m\u00fcraci\u0259t etdiyim\u0259 g\u00f6r\u0259 evim\u0259 bax\u0131\u015f ke\u00e7irm\u0259k m\u00fcmk\u00fcn deyil. Etiraz\u0131m\u0131 bildirdim ki, gec m\u00fcraci\u0259t etm\u0259mi\u015f\u0259m. M\u0259nd\u0259n sonra m\u00fcraci\u0259t ed\u0259n adamlara quru torpaq \u00fcz\u0259rind\u0259 ev tikmisiz. Bu nec\u0259 olur? Dedil\u0259r ki, bizlik deyil, yuxar\u0131dan veril\u0259n tap\u015f\u0131r\u0131qd\u0131r. Art\u0131q \u0259lim h\u0259r yerd\u0259n \u00fcz\u00fcl\u00fcb. Kim\u0259 m\u00fcraci\u0259t ed\u0259k, d\u0259rdimizi kim\u0259 dey\u0259k? D\u00f6vl\u0259t t\u0259r\u0259find\u0259n biz\u0259 yard\u0131m olunma\u011f\u0131n\u0131 ist\u0259yirik. Ya\u015fama\u011fa ba\u015fqa yerimiz yoxdur\u201d.\n<\/p>\n<p>\n  K\u00f6m\u0259ksiz ata daha \u00e7ox u\u015faqlar\u0131 \u00fc\u00e7\u00fcn narahatd\u0131r. Deyir ki, gec\u0259l\u0259r s\u0259ks\u0259k\u0259 i\u00e7ind\u0259 yat\u0131rlar ki, ev ba\u015flar\u0131na u\u00e7ar:\n<\/p>\n<p>\n  \u201cH\u0259r an ev u\u00e7a, kims\u0259 x\u0259sar\u0259t ala bil\u0259r. K\u00f6hn\u0259 tikilidir, el\u0259 \u0259vv\u0259ld\u0259n ya\u015famaq \u00fc\u00e7\u00fcn yarars\u0131z v\u0259ziyy\u0259td\u0259 idi. Z\u0259lz\u0259l\u0259d\u0259n sonra daha da pis v\u0259ziyy\u0259t\u0259 d\u00fc\u015fd\u00fc. Ya\u011f\u0131\u015f ya\u011fanda evin i\u00e7\u0259risini qab-qazanla doldururuq, \u00e7\u00fcnki suyun ham\u0131s\u0131 evin i\u00e7in\u0259 ax\u0131r. Divarlar\u0131n suva\u011f\u0131 ovulub, t\u00f6k\u00fcl\u00fcr. Evd\u0259 ilan-\u00e7ayan olur. H\u0259yat yolda\u015f\u0131m, d\u0259f\u0259l\u0259rl\u0259 ilan g\u00f6r\u00fcb, deyir ki, qorxuram, ilan divar\u0131n \u00e7atlar\u0131ndan ev\u0259 gir\u0259c\u0259k. H\u0259tta \u00f6z\u00fcm evd\u0259 ilan balas\u0131 \u00f6ld\u00fcrm\u00fc\u015f\u0259m. K\u00f6hn\u0259 tikilidir, b\u0259lk\u0259 d\u0259 zirz\u0259misind\u0259 ilanlar yuva qurub. U\u015fa\u011f\u0131m\u0131n biri 4, dig\u0259ri d\u0259 2 ya\u015f\u0131ndad\u0131r. Onlara g\u00f6r\u0259 narahat\u0131q. Ail\u0259 \u00fczvl\u0259rim be\u015f n\u0259f\u0259rd\u0259n ibar\u0259tdir. Atam birinci qrup g\u00f6zd\u0259n \u0259lildir\u201d.\n<\/p>\n<p>\n  A\u011fsu Rayon \u0130cra Hakimiyy\u0259tinin \u0130nformasiya t\u0259minat\u0131 v\u0259 t\u0259hlil sektorundan bildirilib ki, \u015fikay\u0259t\u00e7i qurumun qeydiyyat \u015f\u00f6b\u0259sin\u0259 yax\u0131nla\u015fmal\u0131, ad\u0131n\u0131n siyah\u0131da olub-olmad\u0131\u011f\u0131n\u0131 yoxlamal\u0131d\u0131r.\n<\/p>\n<figure class=\"wp-block-image size-large\">\n  <img decoding=\"async\" src=\"https:\/\/www.meydan.tv\/az\/image_from_ios-7-jpg-52\/\" alt=\"image_from_ios (7).jpg\" class=\"wp-image-142466\"\/><figcaption>\n    \u201cH\u0259r an ev u\u00e7a, kims\u0259 x\u0259sar\u0259t ala bil\u0259r&#8221;.<br \/>\n  <\/figcaption><\/figure>\n<p>\n  F\u00f6vq\u0259lad\u0259 Hallar Nazirliyi Z\u0259lz\u0259l\u0259 b\u00f6lg\u0259si \u00fczr\u0259 Q\u0259rargah\u0131n\u0131n r\u0259isi H\u0259s\u0259n Qas\u0131mzad\u0259 Meydan TV-y\u0259 bildirib ki, evl\u0259r\u0259 bax\u0131\u015f v\u0259 qiym\u0259tl\u0259ndirm\u0259 \u00f6t\u0259n il ba\u015fa \u00e7at\u0131b. T\u0259krar bax\u0131\u015f n\u0259z\u0259rd\u0259 tutulmur.\n<\/p>\n<p>\n  2019-cu il fevral\u0131n 5-d\u0259 Pirqulu stansiyas\u0131ndan 7 km c\u0259nubda, A\u011fsu \u0259razisind\u0259 4,4 bal g\u00fcc\u00fcnd\u0259 z\u0259lz\u0259l\u0259 qeyd\u0259 al\u0131n\u0131b. H\u0259min z\u0259lz\u0259l\u0259 episentrd\u0259 5 bala yax\u0131n, \u0259traf rayonlarda 4,3 bala q\u0259d\u0259r hiss olunub. H\u0259min g\u00fcn Pirqulu stansiyas\u0131ndan 9 km c\u0259nub-q\u0259rbd\u0259 \u0130smay\u0131ll\u0131 \u0259razisind\u0259 z\u0259lz\u0259l\u0259 qeyd\u0259 al\u0131n\u0131b. Fevral\u0131n 9-da v\u0259 11-d\u0259 d\u0259 Pirqulu stansiyas\u0131ndan 8 v\u0259 9 km c\u0259nub-q\u0259rbd\u0259 v\u0259 q\u0259rbd\u0259 yeralt\u0131 t\u0259kanlar ba\u015f verib.\n<\/p>\n<p>\n  Z\u0259lz\u0259l\u0259 n\u0259tic\u0259sind\u0259 \u015eamax\u0131, \u0130smay\u0131ll\u0131 v\u0259 A\u011fsu rayonlar\u0131nda bir \u00e7ox f\u0259rdi v\u0259 \u00e7oxm\u0259nzilli ya\u015fay\u0131\u015f evl\u0259rin\u0259 ziyan d\u0259yib.\n<\/p>\n<p>\n  Prezident \u0130lham \u018fliyevin s\u0259r\u0259ncam\u0131na \u0259sas\u0259n, indiy\u0259d\u0259k d\u00f6vl\u0259t b\u00fcdc\u0259sind\u0259n t\u0259bii f\u0259lak\u0259td\u0259n z\u0259r\u0259r g\u00f6rm\u00fc\u015f h\u0259r \u00fc\u00e7 rayona \u00fcmumilikd\u0259 7 milyon manat ayr\u0131l\u0131b.\n<\/p>\n<figure class=\"wp-block-image size-large\">\n  <img decoding=\"async\" src=\"https:\/\/www.meydan.tv\/az\/image_from_ios-4-jpg-135\/\" alt=\"image_from_ios (4).jpg\" class=\"wp-image-142469\"\/><figcaption>\n    &#8220;D\u00f6vl\u0259t t\u0259r\u0259find\u0259n biz\u0259 yard\u0131m olunma\u011f\u0131n\u0131 ist\u0259yirik&#8221;<br \/>\n  <\/figcaption><\/figure>\n<figure class=\"wp-block-image size-large\">\n  <img decoding=\"async\" src=\"https:\/\/www.meydan.tv\/az\/image_from_ios-3-jpg-106\/\" alt=\"image_from_ios (3).jpg\" class=\"wp-image-142454\"\/><figcaption>\n    &#8220;Evd\u0259 ilan-\u00e7ayan olur&#8221;<br \/>\n  <\/figcaption><\/figure>\n","protected":false},"excerpt":{"rendered":"<p>&#8220;Problemim\u0259 baxan olmayib, m\u0259ni bir-birinin \u00fcst\u00fcn\u0259 g\u00f6nd\u0259rdil\u0259r&#8221;<\/p>\n","protected":false},"author":11,"featured_media":142460,"comment_status":"closed","ping_status":"open","sticky":false,"template":"","format":"standard","meta":{"_acf_changed":false,"_sitemap_exclude":false,"_sitemap_priority":"","_sitemap_frequency":"","footnotes":""},"categories":[60],"tags":[],"class_list":["post-200790","post","type-post","status-publish","format-standard","has-post-thumbnail","hentry","category-bolge","infinite-scroll-item","generate-columns","tablet-grid-50","mobile-grid-100","grid-parent","grid-33","no-featured-image-padding"],"acf":[],"yoast_head":"<!-- This site is optimized with the Yoast SEO plugin v27.5 - https:\/\/yoast.com\/product\/yoast-seo-wordpress\/ -->\n<title>A\u011fsu sakini: Z\u0259lz\u0259l\u0259d\u0259n z\u0259r\u0259r g\u00f6rm\u00fc\u015f evim h\u0259r an u\u00e7a bil\u0259r - MEYDAN.TV<\/title>\n<meta name=\"robots\" content=\"index, follow, max-snippet:-1, max-image-preview:large, max-video-preview:-1\" \/>\n<link rel=\"canonical\" href=\"https:\/\/www.meydan.tv\/az\/article\/agsu-sakini-zelzeleden-zerer-gormus-evim-her-uca-biler\/\" \/>\n<meta property=\"og:locale\" content=\"az_AZ\" \/>\n<meta property=\"og:type\" content=\"article\" \/>\n<meta property=\"og:title\" content=\"A\u011fsu sakini: Z\u0259lz\u0259l\u0259d\u0259n z\u0259r\u0259r g\u00f6rm\u00fc\u015f evim h\u0259r an u\u00e7a bil\u0259r - MEYDAN.TV\" \/>\n<meta property=\"og:description\" content=\"&quot;Problemim\u0259 baxan olmayib, m\u0259ni bir-birinin \u00fcst\u00fcn\u0259 g\u00f6nd\u0259rdil\u0259r&quot;\" \/>\n<meta property=\"og:url\" content=\"https:\/\/www.meydan.tv\/az\/article\/agsu-sakini-zelzeleden-zerer-gormus-evim-her-uca-biler\/\" \/>\n<meta property=\"og:site_name\" content=\"MEYDAN.TV\" \/>\n<meta property=\"article:published_time\" content=\"2020-05-31T08:58:29+00:00\" \/>\n<meta property=\"og:image\" content=\"https:\/\/www.meydan.tv\/wp-content\/uploads\/image_from_ios_5_tttcshn.jpg\" \/>\n\t<meta property=\"og:image:width\" content=\"1045\" \/>\n\t<meta property=\"og:image:height\" content=\"483\" \/>\n\t<meta property=\"og:image:type\" content=\"image\/jpeg\" \/>\n<meta name=\"author\" content=\"user-manager\" \/>\n<meta name=\"twitter:card\" content=\"summary_large_image\" \/>\n<script type=\"application\/ld+json\" class=\"yoast-schema-graph\">{\"@context\":\"https:\\\/\\\/schema.org\",\"@graph\":[{\"@type\":\"Article\",\"@id\":\"https:\\\/\\\/www.meydan.tv\\\/az\\\/article\\\/agsu-sakini-zelzeleden-zerer-gormus-evim-her-uca-biler\\\/#article\",\"isPartOf\":{\"@id\":\"https:\\\/\\\/www.meydan.tv\\\/az\\\/article\\\/agsu-sakini-zelzeleden-zerer-gormus-evim-her-uca-biler\\\/\"},\"author\":{\"name\":\"user-manager\",\"@id\":\"https:\\\/\\\/www.meydan.tv\\\/az\\\/#\\\/schema\\\/person\\\/10d11eccf6da3662cf5fdab9806ea91a\"},\"headline\":\"A\u011fsu sakini: Z\u0259lz\u0259l\u0259d\u0259n z\u0259r\u0259r g\u00f6rm\u00fc\u015f evim h\u0259r an u\u00e7a bil\u0259r\",\"datePublished\":\"2020-05-31T08:58:29+00:00\",\"mainEntityOfPage\":{\"@id\":\"https:\\\/\\\/www.meydan.tv\\\/az\\\/article\\\/agsu-sakini-zelzeleden-zerer-gormus-evim-her-uca-biler\\\/\"},\"wordCount\":925,\"publisher\":{\"@id\":\"https:\\\/\\\/www.meydan.tv\\\/az\\\/#organization\"},\"image\":{\"@id\":\"https:\\\/\\\/www.meydan.tv\\\/az\\\/article\\\/agsu-sakini-zelzeleden-zerer-gormus-evim-her-uca-biler\\\/#primaryimage\"},\"thumbnailUrl\":\"https:\\\/\\\/www.meydan.tv\\\/wp-content\\\/uploads\\\/image_from_ios_5_tttcshn.jpg\",\"articleSection\":[\"B\u00f6lg\u0259\"],\"inLanguage\":\"az\"},{\"@type\":\"WebPage\",\"@id\":\"https:\\\/\\\/www.meydan.tv\\\/az\\\/article\\\/agsu-sakini-zelzeleden-zerer-gormus-evim-her-uca-biler\\\/\",\"url\":\"https:\\\/\\\/www.meydan.tv\\\/az\\\/article\\\/agsu-sakini-zelzeleden-zerer-gormus-evim-her-uca-biler\\\/\",\"name\":\"A\u011fsu sakini: Z\u0259lz\u0259l\u0259d\u0259n z\u0259r\u0259r g\u00f6rm\u00fc\u015f evim h\u0259r an u\u00e7a bil\u0259r - MEYDAN.TV\",\"isPartOf\":{\"@id\":\"https:\\\/\\\/www.meydan.tv\\\/az\\\/#website\"},\"primaryImageOfPage\":{\"@id\":\"https:\\\/\\\/www.meydan.tv\\\/az\\\/article\\\/agsu-sakini-zelzeleden-zerer-gormus-evim-her-uca-biler\\\/#primaryimage\"},\"image\":{\"@id\":\"https:\\\/\\\/www.meydan.tv\\\/az\\\/article\\\/agsu-sakini-zelzeleden-zerer-gormus-evim-her-uca-biler\\\/#primaryimage\"},\"thumbnailUrl\":\"https:\\\/\\\/www.meydan.tv\\\/wp-content\\\/uploads\\\/image_from_ios_5_tttcshn.jpg\",\"datePublished\":\"2020-05-31T08:58:29+00:00\",\"breadcrumb\":{\"@id\":\"https:\\\/\\\/www.meydan.tv\\\/az\\\/article\\\/agsu-sakini-zelzeleden-zerer-gormus-evim-her-uca-biler\\\/#breadcrumb\"},\"inLanguage\":\"az\",\"potentialAction\":[{\"@type\":\"ReadAction\",\"target\":[\"https:\\\/\\\/www.meydan.tv\\\/az\\\/article\\\/agsu-sakini-zelzeleden-zerer-gormus-evim-her-uca-biler\\\/\"]}]},{\"@type\":\"ImageObject\",\"inLanguage\":\"az\",\"@id\":\"https:\\\/\\\/www.meydan.tv\\\/az\\\/article\\\/agsu-sakini-zelzeleden-zerer-gormus-evim-her-uca-biler\\\/#primaryimage\",\"url\":\"https:\\\/\\\/www.meydan.tv\\\/wp-content\\\/uploads\\\/image_from_ios_5_tttcshn.jpg\",\"contentUrl\":\"https:\\\/\\\/www.meydan.tv\\\/wp-content\\\/uploads\\\/image_from_ios_5_tttcshn.jpg\",\"width\":1045,\"height\":483,\"caption\":\"Source: Foto: Meydan TV\"},{\"@type\":\"BreadcrumbList\",\"@id\":\"https:\\\/\\\/www.meydan.tv\\\/az\\\/article\\\/agsu-sakini-zelzeleden-zerer-gormus-evim-her-uca-biler\\\/#breadcrumb\",\"itemListElement\":[{\"@type\":\"ListItem\",\"position\":1,\"name\":\"Ana s\u0259hif\u0259\",\"item\":\"https:\\\/\\\/www.meydan.tv\\\/az\\\/\"},{\"@type\":\"ListItem\",\"position\":2,\"name\":\"B\u00f6lg\u0259\",\"item\":\"https:\\\/\\\/www.meydan.tv\\\/az\\\/section\\\/bolge\\\/\"},{\"@type\":\"ListItem\",\"position\":3,\"name\":\"A\u011fsu sakini: Z\u0259lz\u0259l\u0259d\u0259n z\u0259r\u0259r g\u00f6rm\u00fc\u015f evim h\u0259r an u\u00e7a bil\u0259r\"}]},{\"@type\":\"WebSite\",\"@id\":\"https:\\\/\\\/www.meydan.tv\\\/az\\\/#website\",\"url\":\"https:\\\/\\\/www.meydan.tv\\\/az\\\/\",\"name\":\"MEYDAN.TV\",\"description\":\"Meydan TV Az\u0259rbaycan\u0131n media m\u0259kan\u0131ndak\u0131 alternativ s\u0259sidir\",\"publisher\":{\"@id\":\"https:\\\/\\\/www.meydan.tv\\\/az\\\/#organization\"},\"potentialAction\":[{\"@type\":\"SearchAction\",\"target\":{\"@type\":\"EntryPoint\",\"urlTemplate\":\"https:\\\/\\\/www.meydan.tv\\\/az\\\/?s={search_term_string}\"},\"query-input\":{\"@type\":\"PropertyValueSpecification\",\"valueRequired\":true,\"valueName\":\"search_term_string\"}}],\"inLanguage\":\"az\"},{\"@type\":\"Organization\",\"@id\":\"https:\\\/\\\/www.meydan.tv\\\/az\\\/#organization\",\"name\":\"Meydan TV\",\"url\":\"https:\\\/\\\/www.meydan.tv\\\/az\\\/\",\"logo\":{\"@type\":\"ImageObject\",\"inLanguage\":\"az\",\"@id\":\"https:\\\/\\\/www.meydan.tv\\\/az\\\/#\\\/schema\\\/logo\\\/image\\\/\",\"url\":\"https:\\\/\\\/www.meydan.tv\\\/wp-content\\\/uploads\\\/2021\\\/07\\\/meydan-logo.svg\",\"contentUrl\":\"https:\\\/\\\/www.meydan.tv\\\/wp-content\\\/uploads\\\/2021\\\/07\\\/meydan-logo.svg\",\"width\":195,\"height\":46,\"caption\":\"Meydan TV\"},\"image\":{\"@id\":\"https:\\\/\\\/www.meydan.tv\\\/az\\\/#\\\/schema\\\/logo\\\/image\\\/\"}},{\"@type\":\"Person\",\"@id\":\"https:\\\/\\\/www.meydan.tv\\\/az\\\/#\\\/schema\\\/person\\\/10d11eccf6da3662cf5fdab9806ea91a\",\"name\":\"user-manager\"}]}<\/script>\n<!-- \/ Yoast SEO plugin. -->","yoast_head_json":{"title":"A\u011fsu sakini: Z\u0259lz\u0259l\u0259d\u0259n z\u0259r\u0259r g\u00f6rm\u00fc\u015f evim h\u0259r an u\u00e7a bil\u0259r - MEYDAN.TV","robots":{"index":"index","follow":"follow","max-snippet":"max-snippet:-1","max-image-preview":"max-image-preview:large","max-video-preview":"max-video-preview:-1"},"canonical":"https:\/\/www.meydan.tv\/az\/article\/agsu-sakini-zelzeleden-zerer-gormus-evim-her-uca-biler\/","og_locale":"az_AZ","og_type":"article","og_title":"A\u011fsu sakini: Z\u0259lz\u0259l\u0259d\u0259n z\u0259r\u0259r g\u00f6rm\u00fc\u015f evim h\u0259r an u\u00e7a bil\u0259r - MEYDAN.TV","og_description":"\"Problemim\u0259 baxan olmayib, m\u0259ni bir-birinin \u00fcst\u00fcn\u0259 g\u00f6nd\u0259rdil\u0259r\"","og_url":"https:\/\/www.meydan.tv\/az\/article\/agsu-sakini-zelzeleden-zerer-gormus-evim-her-uca-biler\/","og_site_name":"MEYDAN.TV","article_published_time":"2020-05-31T08:58:29+00:00","og_image":[{"width":1045,"height":483,"url":"https:\/\/www.meydan.tv\/wp-content\/uploads\/image_from_ios_5_tttcshn.jpg","type":"image\/jpeg"}],"author":"user-manager","twitter_card":"summary_large_image","schema":{"@context":"https:\/\/schema.org","@graph":[{"@type":"Article","@id":"https:\/\/www.meydan.tv\/az\/article\/agsu-sakini-zelzeleden-zerer-gormus-evim-her-uca-biler\/#article","isPartOf":{"@id":"https:\/\/www.meydan.tv\/az\/article\/agsu-sakini-zelzeleden-zerer-gormus-evim-her-uca-biler\/"},"author":{"name":"user-manager","@id":"https:\/\/www.meydan.tv\/az\/#\/schema\/person\/10d11eccf6da3662cf5fdab9806ea91a"},"headline":"A\u011fsu sakini: Z\u0259lz\u0259l\u0259d\u0259n z\u0259r\u0259r g\u00f6rm\u00fc\u015f evim h\u0259r an u\u00e7a bil\u0259r","datePublished":"2020-05-31T08:58:29+00:00","mainEntityOfPage":{"@id":"https:\/\/www.meydan.tv\/az\/article\/agsu-sakini-zelzeleden-zerer-gormus-evim-her-uca-biler\/"},"wordCount":925,"publisher":{"@id":"https:\/\/www.meydan.tv\/az\/#organization"},"image":{"@id":"https:\/\/www.meydan.tv\/az\/article\/agsu-sakini-zelzeleden-zerer-gormus-evim-her-uca-biler\/#primaryimage"},"thumbnailUrl":"https:\/\/www.meydan.tv\/wp-content\/uploads\/image_from_ios_5_tttcshn.jpg","articleSection":["B\u00f6lg\u0259"],"inLanguage":"az"},{"@type":"WebPage","@id":"https:\/\/www.meydan.tv\/az\/article\/agsu-sakini-zelzeleden-zerer-gormus-evim-her-uca-biler\/","url":"https:\/\/www.meydan.tv\/az\/article\/agsu-sakini-zelzeleden-zerer-gormus-evim-her-uca-biler\/","name":"A\u011fsu sakini: Z\u0259lz\u0259l\u0259d\u0259n z\u0259r\u0259r g\u00f6rm\u00fc\u015f evim h\u0259r an u\u00e7a bil\u0259r - MEYDAN.TV","isPartOf":{"@id":"https:\/\/www.meydan.tv\/az\/#website"},"primaryImageOfPage":{"@id":"https:\/\/www.meydan.tv\/az\/article\/agsu-sakini-zelzeleden-zerer-gormus-evim-her-uca-biler\/#primaryimage"},"image":{"@id":"https:\/\/www.meydan.tv\/az\/article\/agsu-sakini-zelzeleden-zerer-gormus-evim-her-uca-biler\/#primaryimage"},"thumbnailUrl":"https:\/\/www.meydan.tv\/wp-content\/uploads\/image_from_ios_5_tttcshn.jpg","datePublished":"2020-05-31T08:58:29+00:00","breadcrumb":{"@id":"https:\/\/www.meydan.tv\/az\/article\/agsu-sakini-zelzeleden-zerer-gormus-evim-her-uca-biler\/#breadcrumb"},"inLanguage":"az","potentialAction":[{"@type":"ReadAction","target":["https:\/\/www.meydan.tv\/az\/article\/agsu-sakini-zelzeleden-zerer-gormus-evim-her-uca-biler\/"]}]},{"@type":"ImageObject","inLanguage":"az","@id":"https:\/\/www.meydan.tv\/az\/article\/agsu-sakini-zelzeleden-zerer-gormus-evim-her-uca-biler\/#primaryimage","url":"https:\/\/www.meydan.tv\/wp-content\/uploads\/image_from_ios_5_tttcshn.jpg","contentUrl":"https:\/\/www.meydan.tv\/wp-content\/uploads\/image_from_ios_5_tttcshn.jpg","width":1045,"height":483,"caption":"Source: Foto: Meydan TV"},{"@type":"BreadcrumbList","@id":"https:\/\/www.meydan.tv\/az\/article\/agsu-sakini-zelzeleden-zerer-gormus-evim-her-uca-biler\/#breadcrumb","itemListElement":[{"@type":"ListItem","position":1,"name":"Ana s\u0259hif\u0259","item":"https:\/\/www.meydan.tv\/az\/"},{"@type":"ListItem","position":2,"name":"B\u00f6lg\u0259","item":"https:\/\/www.meydan.tv\/az\/section\/bolge\/"},{"@type":"ListItem","position":3,"name":"A\u011fsu sakini: Z\u0259lz\u0259l\u0259d\u0259n z\u0259r\u0259r g\u00f6rm\u00fc\u015f evim h\u0259r an u\u00e7a bil\u0259r"}]},{"@type":"WebSite","@id":"https:\/\/www.meydan.tv\/az\/#website","url":"https:\/\/www.meydan.tv\/az\/","name":"MEYDAN.TV","description":"Meydan TV Az\u0259rbaycan\u0131n media m\u0259kan\u0131ndak\u0131 alternativ s\u0259sidir","publisher":{"@id":"https:\/\/www.meydan.tv\/az\/#organization"},"potentialAction":[{"@type":"SearchAction","target":{"@type":"EntryPoint","urlTemplate":"https:\/\/www.meydan.tv\/az\/?s={search_term_string}"},"query-input":{"@type":"PropertyValueSpecification","valueRequired":true,"valueName":"search_term_string"}}],"inLanguage":"az"},{"@type":"Organization","@id":"https:\/\/www.meydan.tv\/az\/#organization","name":"Meydan TV","url":"https:\/\/www.meydan.tv\/az\/","logo":{"@type":"ImageObject","inLanguage":"az","@id":"https:\/\/www.meydan.tv\/az\/#\/schema\/logo\/image\/","url":"https:\/\/www.meydan.tv\/wp-content\/uploads\/2021\/07\/meydan-logo.svg","contentUrl":"https:\/\/www.meydan.tv\/wp-content\/uploads\/2021\/07\/meydan-logo.svg","width":195,"height":46,"caption":"Meydan TV"},"image":{"@id":"https:\/\/www.meydan.tv\/az\/#\/schema\/logo\/image\/"}},{"@type":"Person","@id":"https:\/\/www.meydan.tv\/az\/#\/schema\/person\/10d11eccf6da3662cf5fdab9806ea91a","name":"user-manager"}]}},"_links":{"self":[{"href":"https:\/\/www.meydan.tv\/az\/wp-json\/wp\/v2\/posts\/200790","targetHints":{"allow":["GET"]}}],"collection":[{"href":"https:\/\/www.meydan.tv\/az\/wp-json\/wp\/v2\/posts"}],"about":[{"href":"https:\/\/www.meydan.tv\/az\/wp-json\/wp\/v2\/types\/post"}],"author":[{"embeddable":true,"href":"https:\/\/www.meydan.tv\/az\/wp-json\/wp\/v2\/users\/11"}],"replies":[{"embeddable":true,"href":"https:\/\/www.meydan.tv\/az\/wp-json\/wp\/v2\/comments?post=200790"}],"version-history":[{"count":0,"href":"https:\/\/www.meydan.tv\/az\/wp-json\/wp\/v2\/posts\/200790\/revisions"}],"wp:featuredmedia":[{"embeddable":true,"href":"https:\/\/www.meydan.tv\/az\/wp-json\/wp\/v2\/media\/142460"}],"wp:attachment":[{"href":"https:\/\/www.meydan.tv\/az\/wp-json\/wp\/v2\/media?parent=200790"}],"wp:term":[{"taxonomy":"category","embeddable":true,"href":"https:\/\/www.meydan.tv\/az\/wp-json\/wp\/v2\/categories?post=200790"},{"taxonomy":"post_tag","embeddable":true,"href":"https:\/\/www.meydan.tv\/az\/wp-json\/wp\/v2\/tags?post=200790"}],"curies":[{"name":"wp","href":"https:\/\/api.w.org\/{rel}","templated":true}]}}