{"id":200788,"date":"2020-05-30T15:10:05","date_gmt":"2020-05-30T15:10:05","guid":{"rendered":"https:\/\/www.meydan.tv\/article\/rusvet-vermediyim-ucun-xestexana-xesteliyim-haqqinda-duzgun-rey-yazmir\/"},"modified":"2020-05-30T15:10:05","modified_gmt":"2020-05-30T15:10:05","slug":"rusvet-vermediyim-ucun-xestexana-xesteliyim-haqqinda-duzgun-rey-yazmir","status":"publish","type":"post","link":"https:\/\/www.meydan.tv\/az\/article\/rusvet-vermediyim-ucun-xestexana-xesteliyim-haqqinda-duzgun-rey-yazmir\/","title":{"rendered":"\u201cR\u00fc\u015fv\u0259t verm\u0259diyim \u00fc\u00e7\u00fcn x\u0259st\u0259xana x\u0259st\u0259liyim haqq\u0131nda d\u00fczg\u00fcn r\u0259y yazm\u0131r\u201d"},"content":{"rendered":"<p>\n  <i><br \/>\n    Bu, v\u0259t\u0259nda\u015fa \u0259lillik t\u0259yin olunmas\u0131na, x\u0259st\u0259liy\u0259 g\u00f6r\u0259 h\u0259r ay 130 manat m\u0259bl\u0259\u011find\u0259 sosial m\u00fcavin\u0259t almas\u0131na \u0259ng\u0259l yarad\u0131r<br \/>\n  <\/i>\n<\/p>\n<p>\n  \u201cS\u0259n\u0259dl\u0259ri g\u00f6nd\u0259r\u0259nd\u0259 q\u0259sd\u0259n tam doldurmurlar, ona g\u00f6r\u0259 d\u0259 Tibbi-Sosial Ekspert Komissiyas\u0131 q\u0259bul etmir, tam doldurulmas\u0131 \u00fc\u00e7\u00fcn geri qaytar\u0131r. V\u0259 bu, uzun m\u00fcdd\u0259tdir ki, bel\u0259 davam edir. Saatl\u0131 rayon M\u0259rk\u0259zi X\u0259st\u0259xanas\u0131nda bizd\u0259n a\u00e7\u0131q-a\u015fkar r\u00fc\u015fv\u0259t ist\u0259yirl\u0259r. Demir \u201cg\u0259tir r\u00fc\u015fv\u0259t ver\u201d, deyir, \u201ch\u00f6rm\u0259t el\u0259, \u015firinlik ver\u201d\u201d&#8230;\n<\/p>\n<p>\n  Saatl\u0131 sakini 27 ya\u015fl\u0131 F\u0259rid\u0259 \u0130sayeva Meydan TV-y\u0259 dan\u0131\u015f\u0131r ki, 14 ya\u015f\u0131ndan talassemiyadan \u0259ziyy\u0259t \u00e7\u0259kir. Ancaq ill\u0259rdir ki, \u0259lillik d\u0259r\u0259c\u0259sinin t\u0259yin olunmas\u0131 \u00fc\u00e7\u00fcn m\u00fcraci\u0259t ets\u0259 d\u0259, \u0259lillik d\u0259r\u0259c\u0259si ala bilmir. F\u0259rid\u0259 xan\u0131m bunu r\u00fc\u015fv\u0259t verm\u0259m\u0259si il\u0259 \u0259laq\u0259l\u0259ndirir.\n<\/p>\n<p>\n  <b><br \/>\n    \u201cX\u0259st\u0259xana r\u00fc\u015fv\u0259t ist\u0259yir\u201d<br \/>\n  <\/b>\n<\/p>\n<p>\n  \u201c2 u\u015fa\u011f\u0131m var, ail\u0259 v\u0259ziyy\u0259timiz olduqca a\u011f\u0131rd\u0131r, h\u0259yat yolda\u015f\u0131m bir ne\u00e7\u0259 il \u0259vv\u0259l avtomobil q\u0259zas\u0131 ke\u00e7irib, k\u0259ll\u0259 s\u00fcm\u00fcy\u00fc 9 yerd\u0259n yar\u0131l\u0131b, 1-ci qrup \u0259lildir, c\u0259mi 250 manat pensiya al\u0131r. H\u0259yat yolda\u015f\u0131m\u0131n valideynl\u0259ri il\u0259 bir evd\u0259 qal\u0131r\u0131q, onlar da a\u011f\u0131r x\u0259st\u0259dil\u0259r. Yolda\u015f\u0131m\u0131n pensiyas\u0131 h\u0259m dolan\u0131\u015f\u0131\u011f\u0131m\u0131za, h\u0259m d\u0259 m\u0259nim d\u0259rmanlar\u0131ma x\u0259rcl\u0259nir, he\u00e7 \u00e7ox vaxt \u00f6z d\u0259rmanlar\u0131n\u0131 ala bilmir. X\u0259st\u0259xana gah d\u00fczg\u00fcn r\u0259y yazm\u0131r, gah s\u0259n\u0259di Komissiyaya yar\u0131m\u00e7\u0131q g\u00f6nd\u0259rir, bel\u0259c\u0259 d\u0259 vaxt gedir. \u00d6z\u00fcm x\u0259st\u0259, yolda\u015f\u0131m x\u0259st\u0259, iki azya\u015fl\u0131 u\u015faq, kas\u0131b\u00e7\u0131l\u0131q, qay\u011f\u0131lar, b\u00fct\u00fcn bunlara g\u00f6r\u0259 Bak\u0131ya \u015fikay\u0259t\u0259 ged\u0259 bilmirik. Gets\u0259k bel\u0259, xeyri olmur. Bu yax\u0131nlarda yolda\u015f\u0131m \u018fm\u0259k v\u0259 \u018fhalinin Sosial M\u00fcdafi\u0259si Nazirliyin\u0259 getdi, ordan da \u201cgedin, x\u0259st\u0259xana s\u0259n\u0259dl\u0259ri g\u00f6nd\u0259rsin, baxaq\u201d, &#8211; deyib, yola sald\u0131lar. X\u0259st\u0259xana da dediyim kimi, s\u0259n\u0259dl\u0259ri eyni qaydada \u2013 natamam yaz\u0131b g\u00f6nd\u0259rir. Nazirlik h\u0259min s\u0259n\u0259dl\u0259r\u0259 \u0259saslan\u0131b \u0259lillik d\u0259r\u0259c\u0259si t\u0259yin ed\u0259 bilmir\u201d, &#8211; \u015fikay\u0259t\u00e7i dan\u0131\u015f\u0131r.\n<\/p>\n<figure class=\"wp-block-image size-large\">\n  <img decoding=\"async\" src=\"https:\/\/www.meydan.tv\/az\/image_from_ios-5-jpg-100\/\" alt=\"image_from_ios (5).jpg\" class=\"wp-image-142439\"\/><figcaption>\n    Epikriz<br \/>\n  <\/figcaption><\/figure>\n<p>\n  <b><br \/>\n    \u201cH\u0259r ay Bak\u0131ya gedir\u0259m, m\u0259n\u0259 qan vurulur\u201d<br \/>\n  <\/b>\n<\/p>\n<p>\n  F\u0259rid\u0259 xan\u0131m deyir, adamlar \u0259lillik d\u0259r\u0259c\u0259si t\u0259yin edilm\u0259si \u00fc\u00e7\u00fcn x\u0259st\u0259xanaya 500, 100 manat r\u00fc\u015fv\u0259t verib r\u0259y al\u0131rlar:\n<\/p>\n<p>\n  \u201cH\u0259kiml\u0259r deyir, ayda \u0259lillik d\u0259r\u0259c\u0259si t\u0259yin edilm\u0259si \u00fc\u00e7\u00fcn r\u00fc\u015fv\u0259tl\u0259 23-25 adama r\u0259y verilir. Deyirl\u0259r, g\u0259r\u0259k yuxar\u0131dan da tap\u015f\u0131r\u0131q ola ki, bu r\u0259yl\u0259r veril\u0259&#8230; H\u0259r ay Bak\u0131ya gedir\u0259m, Qank\u00f6\u00e7\u00fcrm\u0259 \u0130nstitutunda m\u0259n\u0259 qan k\u00f6\u00e7\u00fcr\u00fcl\u00fcr. Elmi T\u0259dqiqat Hematologiya v\u0259 Transfuziologiya \u0130nstitutunun epiqrizind\u0259 d\u0259 x\u0259st\u0259liyim bar\u0259d\u0259 \u0259trafl\u0131 m\u0259lumat qeyd olunub. Talassemiya sa\u011falmaz qan x\u0259st\u0259liyidir. Bu x\u0259st\u0259liy\u0259 tutulan adama \u00f6mr\u00fcn\u00fcn sonunad\u0259k qan vurulur. H\u0259kiml\u0259r deyir, \u0259lillik d\u0259r\u0259c\u0259sinin t\u0259yin olunmas\u0131 bu x\u0259st\u0259liyin t\u0259siri alt\u0131na d\u00fc\u015f\u00fcr, buna g\u00f6r\u0259 m\u0259n\u0259 2-ci qrup \u0259lillik t\u0259yin olunmal\u0131, x\u0259st\u0259liy\u0259 g\u00f6r\u0259 \u00f6m\u00fcrl\u00fck m\u00fcavin\u0259t verilm\u0259lidir. Haz\u0131rda bu m\u00fcavin\u0259tin m\u0259bl\u0259\u011fi 130 manatd\u0131r. Vers\u0259l\u0259r, d\u0259rmanlar\u0131m\u0131 \u00f6z\u00fcm alaram, yolda\u015f\u0131m da pensiyas\u0131 il\u0259 \u00f6z d\u0259rmanlar\u0131n\u0131 alar, h\u0259r d\u0259f\u0259 d\u0259rmanlar\u0131na g\u00f6r\u0259 pul axtarmaz. Pensiyas\u0131 m\u0259nim d\u0259rmanlar\u0131ma x\u0259rcl\u0259nir dey\u0259, \u00f6z\u00fc b\u0259z\u0259n aylarla d\u0259rmanlar\u0131n\u0131 al\u0131b q\u0259bul ed\u0259 bilmir, v\u0259ziyy\u0259ti a\u011f\u0131rla\u015f\u0131r. Adam\u0131n k\u0259ll\u0259sind\u0259 9 yerd\u0259n s\u0131n\u0131q var, d\u0259rmanlar\u0131n\u0131 vaxt\u0131nda q\u0259bul etm\u0259lidir ki, h\u0259yatda qals\u0131n\u201d.\n<\/p>\n<p>\n  <b><br \/>\n    X\u0259st\u0259xana: \u201cR\u00fc\u015fv\u0259t s\u00f6hb\u0259ti yoxdur, texniki s\u0259hv var\u201d<br \/>\n  <\/b>\n<\/p>\n<p>\n  Saatl\u0131 Rayon M\u0259rk\u0259zi X\u0259st\u0259xanas\u0131ndan Meydan TV-y\u0259 bildirilib ki, F\u0259rid\u0259 \u0130sayevadan r\u00fc\u015fv\u0259t ist\u0259nilm\u0259yib, s\u0259n\u0259dl\u0259ri d\u0259 saxtala\u015fd\u0131r\u0131lmay\u0131b. S\u0259n\u0259dl\u0259r aidiyy\u0259ti quruma g\u00f6nd\u0259ril\u0259rk\u0259n natamam doldurulub, vacib olan kod texniki s\u0259b\u0259bd\u0259n qeyd edilm\u0259yib. Qeyri-i\u015f g\u00fcnl\u0259ri bitdikd\u0259n sonra s\u0259n\u0259dl\u0259rin tamamlan\u0131b g\u00f6nd\u0259rilm\u0259si t\u0259min olunacaq.\n<\/p>\n<p>\n  Qeyri-i\u015f g\u00fcnl\u0259ri oldu\u011funa g\u00f6r\u0259 ba\u015f h\u0259kim S\u0259id\u0259 \u015eahp\u0259l\u0259ngovan\u0131n \u00f6z\u00fc il\u0259 \u0259laq\u0259 saxlay\u0131b v\u0259t\u0259nda\u015f\u0131n \u015fikay\u0259tin\u0259 daha \u0259trafl\u0131 m\u00fcnasib\u0259t \u00f6yr\u0259nm\u0259k m\u00fcmk\u00fcn olmay\u0131b.\n<\/p>\n<figure class=\"wp-block-image size-large\">\n  <img decoding=\"async\" src=\"https:\/\/www.meydan.tv\/az\/image_from_ios-4-jpg-134\/\" alt=\"image_from_ios (4).jpg\" class=\"wp-image-142442\"\/><figcaption>\n    Forma 88<br \/>\n  <\/figcaption><\/figure>\n","protected":false},"excerpt":{"rendered":"<p>F\u0259rid\u0259 xan\u0131m deyir, adamlar \u0259lillik d\u0259r\u0259c\u0259si t\u0259yin edilm\u0259si \u00fc\u00e7\u00fcn x\u0259st\u0259xanaya 500, 100 manat r\u00fc\u015fv\u0259t verib r\u0259y al\u0131rlar<\/p>\n","protected":false},"author":11,"featured_media":142436,"comment_status":"closed","ping_status":"open","sticky":false,"template":"","format":"standard","meta":{"_acf_changed":false,"_sitemap_exclude":false,"_sitemap_priority":"","_sitemap_frequency":"","footnotes":""},"categories":[60],"tags":[],"class_list":["post-200788","post","type-post","status-publish","format-standard","has-post-thumbnail","hentry","category-bolge","infinite-scroll-item","generate-columns","tablet-grid-50","mobile-grid-100","grid-parent","grid-33","no-featured-image-padding"],"acf":[],"yoast_head":"<!-- This site is optimized with the Yoast SEO plugin v27.5 - https:\/\/yoast.com\/product\/yoast-seo-wordpress\/ -->\n<title>\u201cR\u00fc\u015fv\u0259t verm\u0259diyim \u00fc\u00e7\u00fcn x\u0259st\u0259xana x\u0259st\u0259liyim haqq\u0131nda d\u00fczg\u00fcn r\u0259y yazm\u0131r\u201d - MEYDAN.TV<\/title>\n<meta name=\"robots\" content=\"index, follow, max-snippet:-1, max-image-preview:large, max-video-preview:-1\" \/>\n<link rel=\"canonical\" href=\"https:\/\/www.meydan.tv\/az\/article\/rusvet-vermediyim-ucun-xestexana-xesteliyim-haqqinda-duzgun-rey-yazmir\/\" \/>\n<meta property=\"og:locale\" content=\"az_AZ\" \/>\n<meta property=\"og:type\" content=\"article\" \/>\n<meta property=\"og:title\" content=\"\u201cR\u00fc\u015fv\u0259t verm\u0259diyim \u00fc\u00e7\u00fcn x\u0259st\u0259xana x\u0259st\u0259liyim haqq\u0131nda d\u00fczg\u00fcn r\u0259y yazm\u0131r\u201d - MEYDAN.TV\" \/>\n<meta property=\"og:description\" content=\"F\u0259rid\u0259 xan\u0131m deyir, adamlar \u0259lillik d\u0259r\u0259c\u0259si t\u0259yin edilm\u0259si \u00fc\u00e7\u00fcn x\u0259st\u0259xanaya 500, 100 manat r\u00fc\u015fv\u0259t verib r\u0259y al\u0131rlar\" \/>\n<meta property=\"og:url\" content=\"https:\/\/www.meydan.tv\/az\/article\/rusvet-vermediyim-ucun-xestexana-xesteliyim-haqqinda-duzgun-rey-yazmir\/\" \/>\n<meta property=\"og:site_name\" content=\"MEYDAN.TV\" \/>\n<meta property=\"article:published_time\" content=\"2020-05-30T15:10:05+00:00\" \/>\n<meta property=\"og:image\" content=\"https:\/\/www.meydan.tv\/wp-content\/uploads\/image_from_ios_3_qjluwez.jpg\" \/>\n\t<meta property=\"og:image:width\" content=\"1032\" \/>\n\t<meta property=\"og:image:height\" content=\"774\" \/>\n\t<meta property=\"og:image:type\" content=\"image\/jpeg\" \/>\n<meta name=\"author\" content=\"user-manager\" \/>\n<meta name=\"twitter:card\" content=\"summary_large_image\" \/>\n<script type=\"application\/ld+json\" class=\"yoast-schema-graph\">{\"@context\":\"https:\\\/\\\/schema.org\",\"@graph\":[{\"@type\":\"Article\",\"@id\":\"https:\\\/\\\/www.meydan.tv\\\/az\\\/article\\\/rusvet-vermediyim-ucun-xestexana-xesteliyim-haqqinda-duzgun-rey-yazmir\\\/#article\",\"isPartOf\":{\"@id\":\"https:\\\/\\\/www.meydan.tv\\\/az\\\/article\\\/rusvet-vermediyim-ucun-xestexana-xesteliyim-haqqinda-duzgun-rey-yazmir\\\/\"},\"author\":{\"name\":\"user-manager\",\"@id\":\"https:\\\/\\\/www.meydan.tv\\\/az\\\/#\\\/schema\\\/person\\\/10d11eccf6da3662cf5fdab9806ea91a\"},\"headline\":\"\u201cR\u00fc\u015fv\u0259t verm\u0259diyim \u00fc\u00e7\u00fcn x\u0259st\u0259xana x\u0259st\u0259liyim haqq\u0131nda d\u00fczg\u00fcn r\u0259y yazm\u0131r\u201d\",\"datePublished\":\"2020-05-30T15:10:05+00:00\",\"mainEntityOfPage\":{\"@id\":\"https:\\\/\\\/www.meydan.tv\\\/az\\\/article\\\/rusvet-vermediyim-ucun-xestexana-xesteliyim-haqqinda-duzgun-rey-yazmir\\\/\"},\"wordCount\":838,\"publisher\":{\"@id\":\"https:\\\/\\\/www.meydan.tv\\\/az\\\/#organization\"},\"image\":{\"@id\":\"https:\\\/\\\/www.meydan.tv\\\/az\\\/article\\\/rusvet-vermediyim-ucun-xestexana-xesteliyim-haqqinda-duzgun-rey-yazmir\\\/#primaryimage\"},\"thumbnailUrl\":\"https:\\\/\\\/www.meydan.tv\\\/wp-content\\\/uploads\\\/image_from_ios_3_qjluwez.jpg\",\"articleSection\":[\"B\u00f6lg\u0259\"],\"inLanguage\":\"az\"},{\"@type\":\"WebPage\",\"@id\":\"https:\\\/\\\/www.meydan.tv\\\/az\\\/article\\\/rusvet-vermediyim-ucun-xestexana-xesteliyim-haqqinda-duzgun-rey-yazmir\\\/\",\"url\":\"https:\\\/\\\/www.meydan.tv\\\/az\\\/article\\\/rusvet-vermediyim-ucun-xestexana-xesteliyim-haqqinda-duzgun-rey-yazmir\\\/\",\"name\":\"\u201cR\u00fc\u015fv\u0259t verm\u0259diyim \u00fc\u00e7\u00fcn x\u0259st\u0259xana x\u0259st\u0259liyim haqq\u0131nda d\u00fczg\u00fcn r\u0259y yazm\u0131r\u201d - MEYDAN.TV\",\"isPartOf\":{\"@id\":\"https:\\\/\\\/www.meydan.tv\\\/az\\\/#website\"},\"primaryImageOfPage\":{\"@id\":\"https:\\\/\\\/www.meydan.tv\\\/az\\\/article\\\/rusvet-vermediyim-ucun-xestexana-xesteliyim-haqqinda-duzgun-rey-yazmir\\\/#primaryimage\"},\"image\":{\"@id\":\"https:\\\/\\\/www.meydan.tv\\\/az\\\/article\\\/rusvet-vermediyim-ucun-xestexana-xesteliyim-haqqinda-duzgun-rey-yazmir\\\/#primaryimage\"},\"thumbnailUrl\":\"https:\\\/\\\/www.meydan.tv\\\/wp-content\\\/uploads\\\/image_from_ios_3_qjluwez.jpg\",\"datePublished\":\"2020-05-30T15:10:05+00:00\",\"breadcrumb\":{\"@id\":\"https:\\\/\\\/www.meydan.tv\\\/az\\\/article\\\/rusvet-vermediyim-ucun-xestexana-xesteliyim-haqqinda-duzgun-rey-yazmir\\\/#breadcrumb\"},\"inLanguage\":\"az\",\"potentialAction\":[{\"@type\":\"ReadAction\",\"target\":[\"https:\\\/\\\/www.meydan.tv\\\/az\\\/article\\\/rusvet-vermediyim-ucun-xestexana-xesteliyim-haqqinda-duzgun-rey-yazmir\\\/\"]}]},{\"@type\":\"ImageObject\",\"inLanguage\":\"az\",\"@id\":\"https:\\\/\\\/www.meydan.tv\\\/az\\\/article\\\/rusvet-vermediyim-ucun-xestexana-xesteliyim-haqqinda-duzgun-rey-yazmir\\\/#primaryimage\",\"url\":\"https:\\\/\\\/www.meydan.tv\\\/wp-content\\\/uploads\\\/image_from_ios_3_qjluwez.jpg\",\"contentUrl\":\"https:\\\/\\\/www.meydan.tv\\\/wp-content\\\/uploads\\\/image_from_ios_3_qjluwez.jpg\",\"width\":1032,\"height\":774,\"caption\":\"Source: Foto: Meydan TV\"},{\"@type\":\"BreadcrumbList\",\"@id\":\"https:\\\/\\\/www.meydan.tv\\\/az\\\/article\\\/rusvet-vermediyim-ucun-xestexana-xesteliyim-haqqinda-duzgun-rey-yazmir\\\/#breadcrumb\",\"itemListElement\":[{\"@type\":\"ListItem\",\"position\":1,\"name\":\"Ana s\u0259hif\u0259\",\"item\":\"https:\\\/\\\/www.meydan.tv\\\/az\\\/\"},{\"@type\":\"ListItem\",\"position\":2,\"name\":\"B\u00f6lg\u0259\",\"item\":\"https:\\\/\\\/www.meydan.tv\\\/az\\\/section\\\/bolge\\\/\"},{\"@type\":\"ListItem\",\"position\":3,\"name\":\"\u201cR\u00fc\u015fv\u0259t verm\u0259diyim \u00fc\u00e7\u00fcn x\u0259st\u0259xana x\u0259st\u0259liyim haqq\u0131nda d\u00fczg\u00fcn r\u0259y yazm\u0131r\u201d\"}]},{\"@type\":\"WebSite\",\"@id\":\"https:\\\/\\\/www.meydan.tv\\\/az\\\/#website\",\"url\":\"https:\\\/\\\/www.meydan.tv\\\/az\\\/\",\"name\":\"MEYDAN.TV\",\"description\":\"Meydan TV Az\u0259rbaycan\u0131n media m\u0259kan\u0131ndak\u0131 alternativ s\u0259sidir\",\"publisher\":{\"@id\":\"https:\\\/\\\/www.meydan.tv\\\/az\\\/#organization\"},\"potentialAction\":[{\"@type\":\"SearchAction\",\"target\":{\"@type\":\"EntryPoint\",\"urlTemplate\":\"https:\\\/\\\/www.meydan.tv\\\/az\\\/?s={search_term_string}\"},\"query-input\":{\"@type\":\"PropertyValueSpecification\",\"valueRequired\":true,\"valueName\":\"search_term_string\"}}],\"inLanguage\":\"az\"},{\"@type\":\"Organization\",\"@id\":\"https:\\\/\\\/www.meydan.tv\\\/az\\\/#organization\",\"name\":\"Meydan TV\",\"url\":\"https:\\\/\\\/www.meydan.tv\\\/az\\\/\",\"logo\":{\"@type\":\"ImageObject\",\"inLanguage\":\"az\",\"@id\":\"https:\\\/\\\/www.meydan.tv\\\/az\\\/#\\\/schema\\\/logo\\\/image\\\/\",\"url\":\"https:\\\/\\\/www.meydan.tv\\\/wp-content\\\/uploads\\\/2021\\\/07\\\/meydan-logo.svg\",\"contentUrl\":\"https:\\\/\\\/www.meydan.tv\\\/wp-content\\\/uploads\\\/2021\\\/07\\\/meydan-logo.svg\",\"width\":195,\"height\":46,\"caption\":\"Meydan TV\"},\"image\":{\"@id\":\"https:\\\/\\\/www.meydan.tv\\\/az\\\/#\\\/schema\\\/logo\\\/image\\\/\"}},{\"@type\":\"Person\",\"@id\":\"https:\\\/\\\/www.meydan.tv\\\/az\\\/#\\\/schema\\\/person\\\/10d11eccf6da3662cf5fdab9806ea91a\",\"name\":\"user-manager\"}]}<\/script>\n<!-- \/ Yoast SEO plugin. -->","yoast_head_json":{"title":"\u201cR\u00fc\u015fv\u0259t verm\u0259diyim \u00fc\u00e7\u00fcn x\u0259st\u0259xana x\u0259st\u0259liyim haqq\u0131nda d\u00fczg\u00fcn r\u0259y yazm\u0131r\u201d - MEYDAN.TV","robots":{"index":"index","follow":"follow","max-snippet":"max-snippet:-1","max-image-preview":"max-image-preview:large","max-video-preview":"max-video-preview:-1"},"canonical":"https:\/\/www.meydan.tv\/az\/article\/rusvet-vermediyim-ucun-xestexana-xesteliyim-haqqinda-duzgun-rey-yazmir\/","og_locale":"az_AZ","og_type":"article","og_title":"\u201cR\u00fc\u015fv\u0259t verm\u0259diyim \u00fc\u00e7\u00fcn x\u0259st\u0259xana x\u0259st\u0259liyim haqq\u0131nda d\u00fczg\u00fcn r\u0259y yazm\u0131r\u201d - MEYDAN.TV","og_description":"F\u0259rid\u0259 xan\u0131m deyir, adamlar \u0259lillik d\u0259r\u0259c\u0259si t\u0259yin edilm\u0259si \u00fc\u00e7\u00fcn x\u0259st\u0259xanaya 500, 100 manat r\u00fc\u015fv\u0259t verib r\u0259y al\u0131rlar","og_url":"https:\/\/www.meydan.tv\/az\/article\/rusvet-vermediyim-ucun-xestexana-xesteliyim-haqqinda-duzgun-rey-yazmir\/","og_site_name":"MEYDAN.TV","article_published_time":"2020-05-30T15:10:05+00:00","og_image":[{"width":1032,"height":774,"url":"https:\/\/www.meydan.tv\/wp-content\/uploads\/image_from_ios_3_qjluwez.jpg","type":"image\/jpeg"}],"author":"user-manager","twitter_card":"summary_large_image","schema":{"@context":"https:\/\/schema.org","@graph":[{"@type":"Article","@id":"https:\/\/www.meydan.tv\/az\/article\/rusvet-vermediyim-ucun-xestexana-xesteliyim-haqqinda-duzgun-rey-yazmir\/#article","isPartOf":{"@id":"https:\/\/www.meydan.tv\/az\/article\/rusvet-vermediyim-ucun-xestexana-xesteliyim-haqqinda-duzgun-rey-yazmir\/"},"author":{"name":"user-manager","@id":"https:\/\/www.meydan.tv\/az\/#\/schema\/person\/10d11eccf6da3662cf5fdab9806ea91a"},"headline":"\u201cR\u00fc\u015fv\u0259t verm\u0259diyim \u00fc\u00e7\u00fcn x\u0259st\u0259xana x\u0259st\u0259liyim haqq\u0131nda d\u00fczg\u00fcn r\u0259y yazm\u0131r\u201d","datePublished":"2020-05-30T15:10:05+00:00","mainEntityOfPage":{"@id":"https:\/\/www.meydan.tv\/az\/article\/rusvet-vermediyim-ucun-xestexana-xesteliyim-haqqinda-duzgun-rey-yazmir\/"},"wordCount":838,"publisher":{"@id":"https:\/\/www.meydan.tv\/az\/#organization"},"image":{"@id":"https:\/\/www.meydan.tv\/az\/article\/rusvet-vermediyim-ucun-xestexana-xesteliyim-haqqinda-duzgun-rey-yazmir\/#primaryimage"},"thumbnailUrl":"https:\/\/www.meydan.tv\/wp-content\/uploads\/image_from_ios_3_qjluwez.jpg","articleSection":["B\u00f6lg\u0259"],"inLanguage":"az"},{"@type":"WebPage","@id":"https:\/\/www.meydan.tv\/az\/article\/rusvet-vermediyim-ucun-xestexana-xesteliyim-haqqinda-duzgun-rey-yazmir\/","url":"https:\/\/www.meydan.tv\/az\/article\/rusvet-vermediyim-ucun-xestexana-xesteliyim-haqqinda-duzgun-rey-yazmir\/","name":"\u201cR\u00fc\u015fv\u0259t verm\u0259diyim \u00fc\u00e7\u00fcn x\u0259st\u0259xana x\u0259st\u0259liyim haqq\u0131nda d\u00fczg\u00fcn r\u0259y yazm\u0131r\u201d - MEYDAN.TV","isPartOf":{"@id":"https:\/\/www.meydan.tv\/az\/#website"},"primaryImageOfPage":{"@id":"https:\/\/www.meydan.tv\/az\/article\/rusvet-vermediyim-ucun-xestexana-xesteliyim-haqqinda-duzgun-rey-yazmir\/#primaryimage"},"image":{"@id":"https:\/\/www.meydan.tv\/az\/article\/rusvet-vermediyim-ucun-xestexana-xesteliyim-haqqinda-duzgun-rey-yazmir\/#primaryimage"},"thumbnailUrl":"https:\/\/www.meydan.tv\/wp-content\/uploads\/image_from_ios_3_qjluwez.jpg","datePublished":"2020-05-30T15:10:05+00:00","breadcrumb":{"@id":"https:\/\/www.meydan.tv\/az\/article\/rusvet-vermediyim-ucun-xestexana-xesteliyim-haqqinda-duzgun-rey-yazmir\/#breadcrumb"},"inLanguage":"az","potentialAction":[{"@type":"ReadAction","target":["https:\/\/www.meydan.tv\/az\/article\/rusvet-vermediyim-ucun-xestexana-xesteliyim-haqqinda-duzgun-rey-yazmir\/"]}]},{"@type":"ImageObject","inLanguage":"az","@id":"https:\/\/www.meydan.tv\/az\/article\/rusvet-vermediyim-ucun-xestexana-xesteliyim-haqqinda-duzgun-rey-yazmir\/#primaryimage","url":"https:\/\/www.meydan.tv\/wp-content\/uploads\/image_from_ios_3_qjluwez.jpg","contentUrl":"https:\/\/www.meydan.tv\/wp-content\/uploads\/image_from_ios_3_qjluwez.jpg","width":1032,"height":774,"caption":"Source: Foto: Meydan TV"},{"@type":"BreadcrumbList","@id":"https:\/\/www.meydan.tv\/az\/article\/rusvet-vermediyim-ucun-xestexana-xesteliyim-haqqinda-duzgun-rey-yazmir\/#breadcrumb","itemListElement":[{"@type":"ListItem","position":1,"name":"Ana s\u0259hif\u0259","item":"https:\/\/www.meydan.tv\/az\/"},{"@type":"ListItem","position":2,"name":"B\u00f6lg\u0259","item":"https:\/\/www.meydan.tv\/az\/section\/bolge\/"},{"@type":"ListItem","position":3,"name":"\u201cR\u00fc\u015fv\u0259t verm\u0259diyim \u00fc\u00e7\u00fcn x\u0259st\u0259xana x\u0259st\u0259liyim haqq\u0131nda d\u00fczg\u00fcn r\u0259y yazm\u0131r\u201d"}]},{"@type":"WebSite","@id":"https:\/\/www.meydan.tv\/az\/#website","url":"https:\/\/www.meydan.tv\/az\/","name":"MEYDAN.TV","description":"Meydan TV Az\u0259rbaycan\u0131n media m\u0259kan\u0131ndak\u0131 alternativ s\u0259sidir","publisher":{"@id":"https:\/\/www.meydan.tv\/az\/#organization"},"potentialAction":[{"@type":"SearchAction","target":{"@type":"EntryPoint","urlTemplate":"https:\/\/www.meydan.tv\/az\/?s={search_term_string}"},"query-input":{"@type":"PropertyValueSpecification","valueRequired":true,"valueName":"search_term_string"}}],"inLanguage":"az"},{"@type":"Organization","@id":"https:\/\/www.meydan.tv\/az\/#organization","name":"Meydan TV","url":"https:\/\/www.meydan.tv\/az\/","logo":{"@type":"ImageObject","inLanguage":"az","@id":"https:\/\/www.meydan.tv\/az\/#\/schema\/logo\/image\/","url":"https:\/\/www.meydan.tv\/wp-content\/uploads\/2021\/07\/meydan-logo.svg","contentUrl":"https:\/\/www.meydan.tv\/wp-content\/uploads\/2021\/07\/meydan-logo.svg","width":195,"height":46,"caption":"Meydan TV"},"image":{"@id":"https:\/\/www.meydan.tv\/az\/#\/schema\/logo\/image\/"}},{"@type":"Person","@id":"https:\/\/www.meydan.tv\/az\/#\/schema\/person\/10d11eccf6da3662cf5fdab9806ea91a","name":"user-manager"}]}},"_links":{"self":[{"href":"https:\/\/www.meydan.tv\/az\/wp-json\/wp\/v2\/posts\/200788","targetHints":{"allow":["GET"]}}],"collection":[{"href":"https:\/\/www.meydan.tv\/az\/wp-json\/wp\/v2\/posts"}],"about":[{"href":"https:\/\/www.meydan.tv\/az\/wp-json\/wp\/v2\/types\/post"}],"author":[{"embeddable":true,"href":"https:\/\/www.meydan.tv\/az\/wp-json\/wp\/v2\/users\/11"}],"replies":[{"embeddable":true,"href":"https:\/\/www.meydan.tv\/az\/wp-json\/wp\/v2\/comments?post=200788"}],"version-history":[{"count":0,"href":"https:\/\/www.meydan.tv\/az\/wp-json\/wp\/v2\/posts\/200788\/revisions"}],"wp:featuredmedia":[{"embeddable":true,"href":"https:\/\/www.meydan.tv\/az\/wp-json\/wp\/v2\/media\/142436"}],"wp:attachment":[{"href":"https:\/\/www.meydan.tv\/az\/wp-json\/wp\/v2\/media?parent=200788"}],"wp:term":[{"taxonomy":"category","embeddable":true,"href":"https:\/\/www.meydan.tv\/az\/wp-json\/wp\/v2\/categories?post=200788"},{"taxonomy":"post_tag","embeddable":true,"href":"https:\/\/www.meydan.tv\/az\/wp-json\/wp\/v2\/tags?post=200788"}],"curies":[{"name":"wp","href":"https:\/\/api.w.org\/{rel}","templated":true}]}}