{"id":200785,"date":"2020-05-30T13:45:49","date_gmt":"2020-05-30T13:45:49","guid":{"rendered":"https:\/\/www.meydan.tv\/article\/semkir-sakini-qizimin-mualice-pulunu-selemle-goturmusdum\/"},"modified":"2020-05-30T13:45:49","modified_gmt":"2020-05-30T13:45:49","slug":"semkir-sakini-qizimin-mualice-pulunu-selemle-goturmusdum","status":"publish","type":"post","link":"https:\/\/www.meydan.tv\/az\/article\/semkir-sakini-qizimin-mualice-pulunu-selemle-goturmusdum\/","title":{"rendered":"\u015e\u0259mkir sakini: Q\u0131z\u0131m\u0131n m\u00fcalic\u0259 pulunu s\u0259l\u0259ml\u0259 g\u00f6t\u00fcrm\u00fc\u015fd\u00fcm"},"content":{"rendered":"<p>\n  <i><br \/>\n    \u015eikay\u0259t\u00e7i Heyd\u0259r \u018fliyev Fonduna yazd\u0131\u011f\u0131 m\u0259ktublara cavab ala bilmir<br \/>\n  <\/i>\n<\/p>\n<p>\n  \u015e\u0259mkir sakini Vahid \u0130smay\u0131lovun q\u0131z\u0131 Aysun 10 il\u0259 yax\u0131nd\u0131r g\u00f6z x\u0259st\u0259liyind\u0259n \u0259ziyy\u0259t \u00e7\u0259kir. Ata h\u0259m m\u00fcalic\u0259 x\u0259rcl\u0259rini \u00f6d\u0259m\u0259k, h\u0259m d\u0259 be\u015f n\u0259f\u0259rlik ail\u0259ni doland\u0131rmaq \u00fc\u00e7\u00fcn a\u011f\u0131r i\u015fl\u0259rd\u0259 \u00e7al\u0131\u015f\u0131r.\n<\/p>\n<p>\n  <b><br \/>\n    \u201cGec\u0259l\u0259r eyn\u0259kl\u0259 d\u0259 g\u00f6rm\u00fcr\u201d<br \/>\n  <\/b>\n<\/p>\n<p>\n  Vahid \u0130smay\u0131lov deyir ki, q\u0131z\u0131 2 ya\u015f\u0131 olanda q\u0131colma ke\u00e7irib, bundan sonra g\u00f6zl\u0259rind\u0259 \u00e7\u0259plik yaran\u0131b: \u201cM\u00fcayin\u0259d\u0259n ke\u00e7irdik, m\u00fcalic\u0259l\u0259r\u0259 ba\u015flad\u0131q. G\u00f6z dibind\u0259 x\u0259st\u0259lik a\u015fkarland\u0131. G\u00f6rm\u0259 qabiliyy\u0259ti g\u00fcnd\u0259n-g\u00fcn\u0259 z\u0259ifl\u0259yir. Sol g\u00f6z\u00fc eyn\u0259kl\u0259 he\u00e7 10 faiz g\u00f6rm\u00fcr. Eyn\u0259yi \u00e7\u0131xaranda tamamil\u0259 kor kimi olur. Gec\u0259l\u0259r he\u00e7 eyn\u0259kl\u0259 d\u0259 bir metri se\u00e7\u0259 bilmir. Yan\u0131nda adam laz\u0131md\u0131. G\u00fcnorta n\u00f6vb\u0259sind\u0259 oxuyur, d\u0259rs ax\u015fam\u00fcst\u00fc bitir. H\u0259yat yolda\u015f\u0131m da b\u00fct\u00fcn i\u015fl\u0259ri at\u0131b onunla m\u0259\u015f\u011ful olmaq m\u0259cburiyy\u0259tind\u0259dir\u201d.\n<\/p>\n<p>\n  Atas\u0131 Aysunun m\u00fc\u0259lliml\u0259rind\u0259n raz\u0131l\u0131q edir. Deyir ki, q\u0131z\u0131n\u0131n \u00e7ox k\u00f6m\u0259yin\u0259 g\u0259lirl\u0259r: \u201c\u00d6n partada yer veribl\u0259r, amma yen\u0259 l\u00f6vh\u0259ni g\u00f6rm\u00fcr. M\u00fc\u0259lliml\u0259r ora yaz\u0131lanlar\u0131 q\u0131z\u0131ma ayr\u0131ca deyirl\u0259r ki, d\u0259ft\u0259r\u0259 k\u00f6\u00e7\u00fcrs\u00fcn\u201d.\n<\/p>\n<p>\n  <b><br \/>\n    \u201cF\u0259hl\u0259 qazanc\u0131 il\u0259 u\u015faq m\u00fcalic\u0259 el\u0259tdirm\u0259k olmur\u201d<br \/>\n  <\/b>\n<\/p>\n<p>\n  Vahid f\u0259hl\u0259 i\u015fl\u0259s\u0259 d\u0259, bu ill\u0259r \u0259rzind\u0259 q\u0131z\u0131n\u0131n g\u00f6rm\u0259 qabiliyy\u0259tinin b\u0259rpas\u0131 \u00fc\u00e7\u00fcn \u0259lind\u0259n g\u0259l\u0259ni edib. Amma yax\u015f\u0131 n\u0259tic\u0259 qazanma\u011fa g\u00fcc\u00fc \u00e7atmad\u0131\u011f\u0131n\u0131 da bilir: \u201cF\u0259hl\u0259 qazanc\u0131 il\u0259 u\u015faq m\u00fcalic\u0259 el\u0259tdirm\u0259k olmur. \u00dc\u00e7 il ard\u0131c\u0131l m\u00fcalic\u0259y\u0259 apard\u0131m. T\u0259kc\u0259 bir d\u0259f\u0259 G\u00f6z Klinikas\u0131nda 1500 manat x\u0259rcl\u0259mi\u015fdim. U\u015fa\u011f\u0131ma he\u00e7 bir xeyri d\u0259ym\u0259di. Halbuki, pulu s\u0259l\u0259m\u0259 g\u00f6t\u00fcrm\u00fc\u015fd\u00fcm\u201d.\n<\/p>\n<p>\n  Ail\u0259 Aysunu \u0259m\u0259liyyat etdirm\u0259y\u0259 haz\u0131rla\u015f\u0131r. Amma laz\u0131mi v\u0259saiti toplamaq inand\u0131r\u0131c\u0131 g\u00f6r\u00fcnm\u00fcr.\n<\/p>\n<p>\n  \u201cCahid h\u0259kim var, o, h\u0259r \u015feyi boynuna g\u00f6t\u00fcr\u00fcb. N\u00f6vb\u0259 g\u00f6t\u00fcrm\u00fc\u015f\u00fck. H\u0259kim \u00f6z\u00fc \u00fc\u00e7\u00fcn 1500 manat ist\u0259yir. Bilir\u0259m ki, 500-600 da \u0259lav\u0259 \u00e7\u0131xacaq\u201d, &#8211; Vahid \u0130smay\u0131lov dan\u0131\u015f\u0131r.\n<\/p>\n<p>\n  <b><br \/>\n    \u201c\u0130nternetd\u0259 yazd\u0131m, bir qarda\u015f Rusiyadan 3 min rubl g\u00f6nd\u0259rdi\u201d<br \/>\n  <\/b>\n<\/p>\n<p>\n  Vahid \u0130smay\u0131lov sosial \u015f\u0259b\u0259k\u0259d\u0259 d\u0259f\u0259l\u0259rl\u0259 q\u0131z\u0131n\u0131n d\u0259rdind\u0259n yaz\u0131b, insanlardan k\u00f6m\u0259k ist\u0259yib. Adamlara a\u011f\u0131z a\u00e7maq ataya a\u011f\u0131r g\u0259lir, amma ba\u015fqa yol da qalmay\u0131b.\n<\/p>\n<p>\n  \u201c\u0130nternetd\u0259 yazd\u0131m, bir qarda\u015f Rusiyadan 3 min rubl g\u00f6nd\u0259rdi. D\u0259yi\u015fdim, 68 manat el\u0259di. Bir n\u0259f\u0259r d\u0259 d\u00fcn\u0259n z\u0259ng el\u0259di ki, kart hesab\u0131n olsayd\u0131, ora pul k\u00f6\u00e7\u00fcr\u0259rdim. M\u0259bl\u0259\u011fini dem\u0259di. M\u0259n d\u0259 gedib a\u00e7d\u0131rd\u0131m, bank kart\u0131 iyunun 1-d\u0259 ver\u0259c\u0259k\u201d, &#8211; ata yaln\u0131z bu yerd\u0259 bir az \u00fcmidli dan\u0131\u015f\u0131r.\n<\/p>\n<p>\n  Vahid \u0130smay\u0131lov t\u0259kc\u0259 bu ay k\u00f6m\u0259k \u00fc\u00e7\u00fcn bir ne\u00e7\u0259 d\u0259f\u0259 yaz\u0131b, imkanl\u0131 v\u0259 xeyirxah \u015f\u0259xsl\u0259r\u0259 \u00fcz tutub. \u00dcnvan\u0131n\u0131, telefon n\u00f6mr\u0259sini yaz\u0131b. Deyir ki, g\u00fcn\u0259muzd i\u015fl\u0259m\u0259kl\u0259 uza\u011f\u0131 5-10 manat qazana bilir, bu is\u0259 q\u0131z\u0131n\u0131 h\u0259kim\u0259 aparma\u011fa imkan vermir. Ata, h\u0259tta \u0259rza\u011fa da \u00e7ox ehtiyac\u0131 olduqlar\u0131n\u0131 bildirir: \u201cQ\u0131z\u0131m\u0131 bu v\u0259ziyy\u0259td\u0259 g\u00f6r\u00fcb \u0259limd\u0259n he\u00e7 n\u0259 g\u0259lm\u0259diyi \u00fc\u00e7\u00fcn \u00fcr\u0259yim partlay\u0131r&#8230;\u201d\n<\/p>\n<figure class=\"wp-block-image size-large\">\n  <img decoding=\"async\" src=\"https:\/\/www.meydan.tv\/az\/untitled9__2_-png-2\/\" alt=\"untitled9__2_.png\" class=\"wp-image-142433\"\/><figcaption>\n    Vahid f\u0259hl\u0259 i\u015fl\u0259s\u0259 d\u0259, bu ill\u0259r \u0259rzind\u0259 q\u0131z\u0131n\u0131n g\u00f6rm\u0259 qabiliyy\u0259tinin b\u0259rpas\u0131 \u00fc\u00e7\u00fcn \u0259lind\u0259n g\u0259l\u0259ni edib.<br \/>\n  <\/figcaption><\/figure>\n<p>\n  <b><br \/>\n    \u201cPrezident\u0259, Mehriban xan\u0131ma yazm\u0131\u015fd\u0131m\u201d<br \/>\n  <\/b>\n<\/p>\n<p>\n  Vahid \u0130smay\u0131lov \u201cPrezident\u0259, Mehriban xan\u0131ma yazm\u0131\u015fd\u0131m\u201d,-deyir. Heyd\u0259r \u018fliyev Fonduna m\u00fcraci\u0259tin\u0259 g\u00f6z g\u0259zdiririk. Ata burada da ail\u0259sinin \u00e7ox a\u011f\u0131r v\u0259ziyy\u0259td\u0259 olmas\u0131ndan b\u0259hs edib. Xahi\u015f edib ki, onun qeyd olunan telefon n\u00f6mr\u0259sin\u0259 z\u0259ng vursunlar. Amma indiy\u0259 q\u0259d\u0259r z\u0259ng g\u0259lm\u0259yib: \u201cHe\u00e7 olmasa, yazs\u0131nlar ki, qeydiyyata ald\u0131q, baxaca\u011f\u0131q. \u00dcmumiyy\u0259tl\u0259, he\u00e7 bir cavab g\u0259lmir. S\u0259hiyy\u0259 Nazirliyind\u0259n d\u0259 cavab g\u0259lm\u0259mi\u015fdi\u201d.\n<\/p>\n<p>\n  \u015e\u0259mkir sakini karantin rejimin\u0259 g\u00f6r\u0259 iki aya yax\u0131n i\u015fl\u0259y\u0259 bilm\u0259yib. Bir h\u0259ft\u0259dir g\u00fcn\u0259muzd i\u015fl\u0259m\u0259y\u0259 ba\u015flay\u0131b:\n<\/p>\n<p>\n  \u201cBir g\u00fcn ac, bir g\u00fcn tox olsa da, birt\u0259h\u0259r ya\u015fama\u011fa \u00e7al\u0131\u015f\u0131r\u0131q. Bir \u0259mim var, sa\u011f olsun, karantin g\u00fcnl\u0259rind\u0259 g\u0259tirib 50 manat verdi. Dedi, \u0259limd\u0259n bu g\u0259lir, he\u00e7 olmasa, u\u015fa\u011f\u0131n ac qalmas\u0131n\u201d.\n<\/p>\n<p>\n  Ail\u0259 sosial yard\u0131m alma\u011fa da c\u0259hd edib. Vahid \u0130smay\u0131lovun dediyin\u0259 g\u00f6r\u0259, r\u0259smi i\u015f yerinin olmamas\u0131n\u0131 b\u0259han\u0259 g\u0259tirirl\u0259r: \u201cTam \u0259min\u0259m ki, bizim ail\u0259y\u0259 sosial yard\u0131m d\u00fc\u015f\u00fcr. Ne\u00e7\u0259 d\u0259f\u0259 getmi\u015f\u0259m. Deyirl\u0259r ki, d\u00f6vl\u0259t i\u015find\u0259 i\u015fl\u0259m\u0259lis\u0259n. M\u0259n d\u00f6vl\u0259t i\u015find\u0259 i\u015fl\u0259s\u0259m, ayda 500-600 manat alsam, he\u00e7 sosial yard\u0131ma ehtiyac da duymaram. Sosial yard\u0131m \u00fc\u00e7\u00fcn ehtiyac d\u0259rdind\u0259n a\u011f\u0131z a\u00e7\u0131r\u0131q da. Biri deyir, bir ay\u0131 m\u0259nim olacaq, o biri deyir, iki ay\u0131 m\u0259nim olacaq. \u00d6z\u00fcm d\u0259 bezdim\u201d.\n<\/p>\n<p>\n  Ata \u00e7ar\u0259siz g\u00f6r\u00fcn\u00fcr. \u0130ndi \u0259lind\u0259n yaln\u0131z sosial \u015f\u0259b\u0259k\u0259l\u0259rd\u0259 yaz\u0131b insanlardan k\u00f6m\u0259k ist\u0259m\u0259k g\u0259lir.\n<\/p>\n<p>\n  Bayram g\u00fcnl\u0259ri oldu\u011fundan Meydan TV \u018fm\u0259k v\u0259 \u018fhalinin Sosial M\u00fcdafi\u0259si Nazirliyind\u0259n deyil\u0259nl\u0259r\u0259 m\u00fcnasib\u0259t \u00f6yr\u0259n\u0259 bilm\u0259yib.<\/p>\n","protected":false},"excerpt":{"rendered":"<p>&#8220;Bir \u0259mim var, sa\u011f olsun, karantin g\u00fcnl\u0259rind\u0259 g\u0259tirib 50 manat verdi&#8221;<\/p>\n","protected":false},"author":11,"featured_media":142430,"comment_status":"closed","ping_status":"open","sticky":false,"template":"","format":"standard","meta":{"_acf_changed":false,"_sitemap_exclude":false,"_sitemap_priority":"","_sitemap_frequency":"","footnotes":""},"categories":[60],"tags":[],"class_list":["post-200785","post","type-post","status-publish","format-standard","has-post-thumbnail","hentry","category-bolge","infinite-scroll-item","generate-columns","tablet-grid-50","mobile-grid-100","grid-parent","grid-33","no-featured-image-padding"],"acf":[],"yoast_head":"<!-- This site is optimized with the Yoast SEO plugin v27.5 - https:\/\/yoast.com\/product\/yoast-seo-wordpress\/ -->\n<title>\u015e\u0259mkir sakini: Q\u0131z\u0131m\u0131n m\u00fcalic\u0259 pulunu s\u0259l\u0259ml\u0259 g\u00f6t\u00fcrm\u00fc\u015fd\u00fcm - MEYDAN.TV<\/title>\n<meta name=\"robots\" content=\"index, follow, max-snippet:-1, max-image-preview:large, max-video-preview:-1\" \/>\n<link rel=\"canonical\" href=\"https:\/\/www.meydan.tv\/az\/article\/semkir-sakini-qizimin-mualice-pulunu-selemle-goturmusdum\/\" \/>\n<meta property=\"og:locale\" content=\"az_AZ\" \/>\n<meta property=\"og:type\" content=\"article\" \/>\n<meta property=\"og:title\" content=\"\u015e\u0259mkir sakini: Q\u0131z\u0131m\u0131n m\u00fcalic\u0259 pulunu s\u0259l\u0259ml\u0259 g\u00f6t\u00fcrm\u00fc\u015fd\u00fcm - MEYDAN.TV\" \/>\n<meta property=\"og:description\" content=\"&quot;Bir \u0259mim var, sa\u011f olsun, karantin g\u00fcnl\u0259rind\u0259 g\u0259tirib 50 manat verdi&quot;\" \/>\n<meta property=\"og:url\" content=\"https:\/\/www.meydan.tv\/az\/article\/semkir-sakini-qizimin-mualice-pulunu-selemle-goturmusdum\/\" \/>\n<meta property=\"og:site_name\" content=\"MEYDAN.TV\" \/>\n<meta property=\"article:published_time\" content=\"2020-05-30T13:45:49+00:00\" \/>\n<meta property=\"og:image\" content=\"https:\/\/www.meydan.tv\/wp-content\/uploads\/untitled9__1__pym4vc4.png\" \/>\n\t<meta property=\"og:image:width\" content=\"1000\" \/>\n\t<meta property=\"og:image:height\" content=\"555\" \/>\n\t<meta property=\"og:image:type\" content=\"image\/png\" \/>\n<meta name=\"author\" content=\"user-manager\" \/>\n<meta name=\"twitter:card\" content=\"summary_large_image\" \/>\n<script type=\"application\/ld+json\" class=\"yoast-schema-graph\">{\"@context\":\"https:\\\/\\\/schema.org\",\"@graph\":[{\"@type\":\"Article\",\"@id\":\"https:\\\/\\\/www.meydan.tv\\\/az\\\/article\\\/semkir-sakini-qizimin-mualice-pulunu-selemle-goturmusdum\\\/#article\",\"isPartOf\":{\"@id\":\"https:\\\/\\\/www.meydan.tv\\\/az\\\/article\\\/semkir-sakini-qizimin-mualice-pulunu-selemle-goturmusdum\\\/\"},\"author\":{\"name\":\"user-manager\",\"@id\":\"https:\\\/\\\/www.meydan.tv\\\/az\\\/#\\\/schema\\\/person\\\/10d11eccf6da3662cf5fdab9806ea91a\"},\"headline\":\"\u015e\u0259mkir sakini: Q\u0131z\u0131m\u0131n m\u00fcalic\u0259 pulunu s\u0259l\u0259ml\u0259 g\u00f6t\u00fcrm\u00fc\u015fd\u00fcm\",\"datePublished\":\"2020-05-30T13:45:49+00:00\",\"mainEntityOfPage\":{\"@id\":\"https:\\\/\\\/www.meydan.tv\\\/az\\\/article\\\/semkir-sakini-qizimin-mualice-pulunu-selemle-goturmusdum\\\/\"},\"wordCount\":1012,\"publisher\":{\"@id\":\"https:\\\/\\\/www.meydan.tv\\\/az\\\/#organization\"},\"image\":{\"@id\":\"https:\\\/\\\/www.meydan.tv\\\/az\\\/article\\\/semkir-sakini-qizimin-mualice-pulunu-selemle-goturmusdum\\\/#primaryimage\"},\"thumbnailUrl\":\"https:\\\/\\\/www.meydan.tv\\\/wp-content\\\/uploads\\\/untitled9__1__pym4vc4.png\",\"articleSection\":[\"B\u00f6lg\u0259\"],\"inLanguage\":\"az\"},{\"@type\":\"WebPage\",\"@id\":\"https:\\\/\\\/www.meydan.tv\\\/az\\\/article\\\/semkir-sakini-qizimin-mualice-pulunu-selemle-goturmusdum\\\/\",\"url\":\"https:\\\/\\\/www.meydan.tv\\\/az\\\/article\\\/semkir-sakini-qizimin-mualice-pulunu-selemle-goturmusdum\\\/\",\"name\":\"\u015e\u0259mkir sakini: Q\u0131z\u0131m\u0131n m\u00fcalic\u0259 pulunu s\u0259l\u0259ml\u0259 g\u00f6t\u00fcrm\u00fc\u015fd\u00fcm - MEYDAN.TV\",\"isPartOf\":{\"@id\":\"https:\\\/\\\/www.meydan.tv\\\/az\\\/#website\"},\"primaryImageOfPage\":{\"@id\":\"https:\\\/\\\/www.meydan.tv\\\/az\\\/article\\\/semkir-sakini-qizimin-mualice-pulunu-selemle-goturmusdum\\\/#primaryimage\"},\"image\":{\"@id\":\"https:\\\/\\\/www.meydan.tv\\\/az\\\/article\\\/semkir-sakini-qizimin-mualice-pulunu-selemle-goturmusdum\\\/#primaryimage\"},\"thumbnailUrl\":\"https:\\\/\\\/www.meydan.tv\\\/wp-content\\\/uploads\\\/untitled9__1__pym4vc4.png\",\"datePublished\":\"2020-05-30T13:45:49+00:00\",\"breadcrumb\":{\"@id\":\"https:\\\/\\\/www.meydan.tv\\\/az\\\/article\\\/semkir-sakini-qizimin-mualice-pulunu-selemle-goturmusdum\\\/#breadcrumb\"},\"inLanguage\":\"az\",\"potentialAction\":[{\"@type\":\"ReadAction\",\"target\":[\"https:\\\/\\\/www.meydan.tv\\\/az\\\/article\\\/semkir-sakini-qizimin-mualice-pulunu-selemle-goturmusdum\\\/\"]}]},{\"@type\":\"ImageObject\",\"inLanguage\":\"az\",\"@id\":\"https:\\\/\\\/www.meydan.tv\\\/az\\\/article\\\/semkir-sakini-qizimin-mualice-pulunu-selemle-goturmusdum\\\/#primaryimage\",\"url\":\"https:\\\/\\\/www.meydan.tv\\\/wp-content\\\/uploads\\\/untitled9__1__pym4vc4.png\",\"contentUrl\":\"https:\\\/\\\/www.meydan.tv\\\/wp-content\\\/uploads\\\/untitled9__1__pym4vc4.png\",\"width\":1000,\"height\":555,\"caption\":\"Source: Specify Source\"},{\"@type\":\"BreadcrumbList\",\"@id\":\"https:\\\/\\\/www.meydan.tv\\\/az\\\/article\\\/semkir-sakini-qizimin-mualice-pulunu-selemle-goturmusdum\\\/#breadcrumb\",\"itemListElement\":[{\"@type\":\"ListItem\",\"position\":1,\"name\":\"Ana s\u0259hif\u0259\",\"item\":\"https:\\\/\\\/www.meydan.tv\\\/az\\\/\"},{\"@type\":\"ListItem\",\"position\":2,\"name\":\"B\u00f6lg\u0259\",\"item\":\"https:\\\/\\\/www.meydan.tv\\\/az\\\/section\\\/bolge\\\/\"},{\"@type\":\"ListItem\",\"position\":3,\"name\":\"\u015e\u0259mkir sakini: Q\u0131z\u0131m\u0131n m\u00fcalic\u0259 pulunu s\u0259l\u0259ml\u0259 g\u00f6t\u00fcrm\u00fc\u015fd\u00fcm\"}]},{\"@type\":\"WebSite\",\"@id\":\"https:\\\/\\\/www.meydan.tv\\\/az\\\/#website\",\"url\":\"https:\\\/\\\/www.meydan.tv\\\/az\\\/\",\"name\":\"MEYDAN.TV\",\"description\":\"Meydan TV Az\u0259rbaycan\u0131n media m\u0259kan\u0131ndak\u0131 alternativ s\u0259sidir\",\"publisher\":{\"@id\":\"https:\\\/\\\/www.meydan.tv\\\/az\\\/#organization\"},\"potentialAction\":[{\"@type\":\"SearchAction\",\"target\":{\"@type\":\"EntryPoint\",\"urlTemplate\":\"https:\\\/\\\/www.meydan.tv\\\/az\\\/?s={search_term_string}\"},\"query-input\":{\"@type\":\"PropertyValueSpecification\",\"valueRequired\":true,\"valueName\":\"search_term_string\"}}],\"inLanguage\":\"az\"},{\"@type\":\"Organization\",\"@id\":\"https:\\\/\\\/www.meydan.tv\\\/az\\\/#organization\",\"name\":\"Meydan TV\",\"url\":\"https:\\\/\\\/www.meydan.tv\\\/az\\\/\",\"logo\":{\"@type\":\"ImageObject\",\"inLanguage\":\"az\",\"@id\":\"https:\\\/\\\/www.meydan.tv\\\/az\\\/#\\\/schema\\\/logo\\\/image\\\/\",\"url\":\"https:\\\/\\\/www.meydan.tv\\\/wp-content\\\/uploads\\\/2021\\\/07\\\/meydan-logo.svg\",\"contentUrl\":\"https:\\\/\\\/www.meydan.tv\\\/wp-content\\\/uploads\\\/2021\\\/07\\\/meydan-logo.svg\",\"width\":195,\"height\":46,\"caption\":\"Meydan TV\"},\"image\":{\"@id\":\"https:\\\/\\\/www.meydan.tv\\\/az\\\/#\\\/schema\\\/logo\\\/image\\\/\"}},{\"@type\":\"Person\",\"@id\":\"https:\\\/\\\/www.meydan.tv\\\/az\\\/#\\\/schema\\\/person\\\/10d11eccf6da3662cf5fdab9806ea91a\",\"name\":\"user-manager\"}]}<\/script>\n<!-- \/ Yoast SEO plugin. -->","yoast_head_json":{"title":"\u015e\u0259mkir sakini: Q\u0131z\u0131m\u0131n m\u00fcalic\u0259 pulunu s\u0259l\u0259ml\u0259 g\u00f6t\u00fcrm\u00fc\u015fd\u00fcm - MEYDAN.TV","robots":{"index":"index","follow":"follow","max-snippet":"max-snippet:-1","max-image-preview":"max-image-preview:large","max-video-preview":"max-video-preview:-1"},"canonical":"https:\/\/www.meydan.tv\/az\/article\/semkir-sakini-qizimin-mualice-pulunu-selemle-goturmusdum\/","og_locale":"az_AZ","og_type":"article","og_title":"\u015e\u0259mkir sakini: Q\u0131z\u0131m\u0131n m\u00fcalic\u0259 pulunu s\u0259l\u0259ml\u0259 g\u00f6t\u00fcrm\u00fc\u015fd\u00fcm - MEYDAN.TV","og_description":"\"Bir \u0259mim var, sa\u011f olsun, karantin g\u00fcnl\u0259rind\u0259 g\u0259tirib 50 manat verdi\"","og_url":"https:\/\/www.meydan.tv\/az\/article\/semkir-sakini-qizimin-mualice-pulunu-selemle-goturmusdum\/","og_site_name":"MEYDAN.TV","article_published_time":"2020-05-30T13:45:49+00:00","og_image":[{"width":1000,"height":555,"url":"https:\/\/www.meydan.tv\/wp-content\/uploads\/untitled9__1__pym4vc4.png","type":"image\/png"}],"author":"user-manager","twitter_card":"summary_large_image","schema":{"@context":"https:\/\/schema.org","@graph":[{"@type":"Article","@id":"https:\/\/www.meydan.tv\/az\/article\/semkir-sakini-qizimin-mualice-pulunu-selemle-goturmusdum\/#article","isPartOf":{"@id":"https:\/\/www.meydan.tv\/az\/article\/semkir-sakini-qizimin-mualice-pulunu-selemle-goturmusdum\/"},"author":{"name":"user-manager","@id":"https:\/\/www.meydan.tv\/az\/#\/schema\/person\/10d11eccf6da3662cf5fdab9806ea91a"},"headline":"\u015e\u0259mkir sakini: Q\u0131z\u0131m\u0131n m\u00fcalic\u0259 pulunu s\u0259l\u0259ml\u0259 g\u00f6t\u00fcrm\u00fc\u015fd\u00fcm","datePublished":"2020-05-30T13:45:49+00:00","mainEntityOfPage":{"@id":"https:\/\/www.meydan.tv\/az\/article\/semkir-sakini-qizimin-mualice-pulunu-selemle-goturmusdum\/"},"wordCount":1012,"publisher":{"@id":"https:\/\/www.meydan.tv\/az\/#organization"},"image":{"@id":"https:\/\/www.meydan.tv\/az\/article\/semkir-sakini-qizimin-mualice-pulunu-selemle-goturmusdum\/#primaryimage"},"thumbnailUrl":"https:\/\/www.meydan.tv\/wp-content\/uploads\/untitled9__1__pym4vc4.png","articleSection":["B\u00f6lg\u0259"],"inLanguage":"az"},{"@type":"WebPage","@id":"https:\/\/www.meydan.tv\/az\/article\/semkir-sakini-qizimin-mualice-pulunu-selemle-goturmusdum\/","url":"https:\/\/www.meydan.tv\/az\/article\/semkir-sakini-qizimin-mualice-pulunu-selemle-goturmusdum\/","name":"\u015e\u0259mkir sakini: Q\u0131z\u0131m\u0131n m\u00fcalic\u0259 pulunu s\u0259l\u0259ml\u0259 g\u00f6t\u00fcrm\u00fc\u015fd\u00fcm - MEYDAN.TV","isPartOf":{"@id":"https:\/\/www.meydan.tv\/az\/#website"},"primaryImageOfPage":{"@id":"https:\/\/www.meydan.tv\/az\/article\/semkir-sakini-qizimin-mualice-pulunu-selemle-goturmusdum\/#primaryimage"},"image":{"@id":"https:\/\/www.meydan.tv\/az\/article\/semkir-sakini-qizimin-mualice-pulunu-selemle-goturmusdum\/#primaryimage"},"thumbnailUrl":"https:\/\/www.meydan.tv\/wp-content\/uploads\/untitled9__1__pym4vc4.png","datePublished":"2020-05-30T13:45:49+00:00","breadcrumb":{"@id":"https:\/\/www.meydan.tv\/az\/article\/semkir-sakini-qizimin-mualice-pulunu-selemle-goturmusdum\/#breadcrumb"},"inLanguage":"az","potentialAction":[{"@type":"ReadAction","target":["https:\/\/www.meydan.tv\/az\/article\/semkir-sakini-qizimin-mualice-pulunu-selemle-goturmusdum\/"]}]},{"@type":"ImageObject","inLanguage":"az","@id":"https:\/\/www.meydan.tv\/az\/article\/semkir-sakini-qizimin-mualice-pulunu-selemle-goturmusdum\/#primaryimage","url":"https:\/\/www.meydan.tv\/wp-content\/uploads\/untitled9__1__pym4vc4.png","contentUrl":"https:\/\/www.meydan.tv\/wp-content\/uploads\/untitled9__1__pym4vc4.png","width":1000,"height":555,"caption":"Source: Specify Source"},{"@type":"BreadcrumbList","@id":"https:\/\/www.meydan.tv\/az\/article\/semkir-sakini-qizimin-mualice-pulunu-selemle-goturmusdum\/#breadcrumb","itemListElement":[{"@type":"ListItem","position":1,"name":"Ana s\u0259hif\u0259","item":"https:\/\/www.meydan.tv\/az\/"},{"@type":"ListItem","position":2,"name":"B\u00f6lg\u0259","item":"https:\/\/www.meydan.tv\/az\/section\/bolge\/"},{"@type":"ListItem","position":3,"name":"\u015e\u0259mkir sakini: Q\u0131z\u0131m\u0131n m\u00fcalic\u0259 pulunu s\u0259l\u0259ml\u0259 g\u00f6t\u00fcrm\u00fc\u015fd\u00fcm"}]},{"@type":"WebSite","@id":"https:\/\/www.meydan.tv\/az\/#website","url":"https:\/\/www.meydan.tv\/az\/","name":"MEYDAN.TV","description":"Meydan TV Az\u0259rbaycan\u0131n media m\u0259kan\u0131ndak\u0131 alternativ s\u0259sidir","publisher":{"@id":"https:\/\/www.meydan.tv\/az\/#organization"},"potentialAction":[{"@type":"SearchAction","target":{"@type":"EntryPoint","urlTemplate":"https:\/\/www.meydan.tv\/az\/?s={search_term_string}"},"query-input":{"@type":"PropertyValueSpecification","valueRequired":true,"valueName":"search_term_string"}}],"inLanguage":"az"},{"@type":"Organization","@id":"https:\/\/www.meydan.tv\/az\/#organization","name":"Meydan TV","url":"https:\/\/www.meydan.tv\/az\/","logo":{"@type":"ImageObject","inLanguage":"az","@id":"https:\/\/www.meydan.tv\/az\/#\/schema\/logo\/image\/","url":"https:\/\/www.meydan.tv\/wp-content\/uploads\/2021\/07\/meydan-logo.svg","contentUrl":"https:\/\/www.meydan.tv\/wp-content\/uploads\/2021\/07\/meydan-logo.svg","width":195,"height":46,"caption":"Meydan TV"},"image":{"@id":"https:\/\/www.meydan.tv\/az\/#\/schema\/logo\/image\/"}},{"@type":"Person","@id":"https:\/\/www.meydan.tv\/az\/#\/schema\/person\/10d11eccf6da3662cf5fdab9806ea91a","name":"user-manager"}]}},"_links":{"self":[{"href":"https:\/\/www.meydan.tv\/az\/wp-json\/wp\/v2\/posts\/200785","targetHints":{"allow":["GET"]}}],"collection":[{"href":"https:\/\/www.meydan.tv\/az\/wp-json\/wp\/v2\/posts"}],"about":[{"href":"https:\/\/www.meydan.tv\/az\/wp-json\/wp\/v2\/types\/post"}],"author":[{"embeddable":true,"href":"https:\/\/www.meydan.tv\/az\/wp-json\/wp\/v2\/users\/11"}],"replies":[{"embeddable":true,"href":"https:\/\/www.meydan.tv\/az\/wp-json\/wp\/v2\/comments?post=200785"}],"version-history":[{"count":0,"href":"https:\/\/www.meydan.tv\/az\/wp-json\/wp\/v2\/posts\/200785\/revisions"}],"wp:featuredmedia":[{"embeddable":true,"href":"https:\/\/www.meydan.tv\/az\/wp-json\/wp\/v2\/media\/142430"}],"wp:attachment":[{"href":"https:\/\/www.meydan.tv\/az\/wp-json\/wp\/v2\/media?parent=200785"}],"wp:term":[{"taxonomy":"category","embeddable":true,"href":"https:\/\/www.meydan.tv\/az\/wp-json\/wp\/v2\/categories?post=200785"},{"taxonomy":"post_tag","embeddable":true,"href":"https:\/\/www.meydan.tv\/az\/wp-json\/wp\/v2\/tags?post=200785"}],"curies":[{"name":"wp","href":"https:\/\/api.w.org\/{rel}","templated":true}]}}