{"id":200746,"date":"2020-05-27T13:12:40","date_gmt":"2020-05-27T13:12:40","guid":{"rendered":"https:\/\/www.meydan.tv\/article\/goycay-sakini-bas-hekim-meni-dtx-da-isleyen-kurekeni-ile-hedeleyib\/"},"modified":"2020-05-27T13:12:40","modified_gmt":"2020-05-27T13:12:40","slug":"goycay-sakini-bas-hekim-meni-dtx-da-isleyen-kurekeni-ile-hedeleyib","status":"publish","type":"post","link":"https:\/\/www.meydan.tv\/az\/article\/goycay-sakini-bas-hekim-meni-dtx-da-isleyen-kurekeni-ile-hedeleyib\/","title":{"rendered":"G\u00f6y\u00e7ay sakini: Ba\u015f h\u0259kim m\u0259ni DTX-da i\u015fl\u0259y\u0259n k\u00fcr\u0259k\u0259ni il\u0259 h\u0259d\u0259l\u0259yib"},"content":{"rendered":"<p>\n  <i><br \/>\n    \u201cH\u0259tta anam getdi, ba\u015f\u0131ndan yayl\u0131\u011f\u0131n\u0131 a\u00e7\u0131b, onun aya\u011f\u0131n\u0131n alt\u0131na atd\u0131\u201d<br \/>\n  <\/i>\n<\/p>\n<p>\n  G\u00f6y\u00e7ay rayonu, \u00c7\u0259r\u0259c\u0259 k\u0259nd sakini Aynur\u0259 S\u0259m\u0259dova t\u0259zyiql\u0259r\u0259 m\u0259ruz qalaraq i\u015fd\u0259n \u00e7\u0131xar\u0131ld\u0131\u011f\u0131n\u0131 deyir. Yeddi ildir G\u00f6y\u00e7ay Rayon M\u0259rk\u0259zi X\u0259st\u0259xanas\u0131nda komp\u00fcter \u00fczr\u0259 operator i\u015fl\u0259diyini bildir\u0259n \u015fikay\u0259t\u00e7i bu ilin \u0259vv\u0259lind\u0259 i\u015fini itirib. O, hadis\u0259ni t\u0259fsilat\u0131 il\u0259 Meydan TV-y\u0259 dan\u0131\u015f\u0131r:\n<\/p>\n<p>\n  \u201cM\u0259n 2013-c\u00fc ild\u0259 x\u0259st\u0259xanan\u0131n ke\u00e7mi\u015f ba\u015f h\u0259kimi Famil Zeynalovun d\u00f6vr\u00fcnd\u0259 i\u015f\u0259 g\u00f6t\u00fcr\u00fclm\u00fc\u015fd\u00fcm. \u018fvv\u0259ll\u0259r qeydiyyat \u015f\u00f6b\u0259sind\u0259 anal\u0131q m\u0259zuniyy\u0259tin\u0259 \u00e7\u0131xan bir i\u015f\u00e7inin yerind\u0259 \u00e7al\u0131\u015fm\u0131\u015fam. \u0130\u015f\u0259 ba\u015flayanda 103 manat \u0259m\u0259khaqq\u0131 al\u0131rd\u0131m. Bu ill\u0259r \u0259rzind\u0259 art\u0131m olmu\u015fdu, son \u0259m\u0259khaqq\u0131m 272 manat idi. R\u0259smi olaraq i\u015f\u0259 2015-ci ild\u0259n g\u00f6t\u00fcr\u00fclm\u00fc\u015f\u0259m. Y\u0259ni bu ill\u0259r \u0259rzind\u0259 ancaq anal\u0131q m\u0259zuniyy\u0259ti olanlar\u0131n yerin\u0259 i\u015fl\u0259mi\u015f\u0259m. He\u00e7 bir il deyildi, daimi i\u015f vaxt\u0131 rejimin\u0259 ke\u00e7mi\u015fdim ki, i\u015fimi itirdim\u201d.\n<\/p>\n<p>\n  Dediyin\u0259 g\u00f6r\u0259, bu ilin \u0259vv\u0259lind\u0259 x\u0259st\u0259xana icbari tibbi s\u0131\u011forta sistemin\u0259 ke\u00e7\u0259nd\u0259n sonra qar\u0131\u015f\u0131ql\u0131q yaran\u0131b. H\u0259min \u0259r\u0259f\u0259d\u0259 d\u0259 ona qar\u015f\u0131 t\u0259zyiql\u0259r olub:\n<\/p>\n<p>\n  \u201cYevlax rayonundan biz\u0259 T\u00fcnzal\u0259 adl\u0131 bir xan\u0131m g\u0259lmi\u015fdi. \u0130\u015f\u00e7il\u0259ri tibbi s\u0131\u011forta il\u0259 ba\u011fl\u0131 m\u0259lumatland\u0131r\u0131rd\u0131. H\u0259min \u0259r\u0259f\u0259d\u0259 otaqlarda d\u0259yi\u015fiklik ba\u015f verdi, qar\u0131\u015f\u0131ql\u0131q oldu. Otaq d\u0259yi\u015fikliyi zaman\u0131 biz\u0259 as\u0131lqan v\u0259 b\u0259zi \u0259\u015fyalar verilm\u0259mi\u015fdi. \u0130\u015f\u0259 g\u0259lirdik, paltolar\u0131m\u0131z\u0131 \u00e7\u0131xar\u0131b, stullar\u0131n ba\u015f\u0131na ke\u00e7irirdik. M\u0259nd\u0259n ba\u015fqa bir ne\u00e7\u0259 xan\u0131m da paltosunu stulun ba\u015f\u0131na ke\u00e7irirdi. Yevlaxl\u0131 xan\u0131m otaqda yaln\u0131z m\u0259n\u0259 dedi ki, paltonu stulun ba\u015f\u0131ndan g\u00f6t\u00fcr. M\u0259n d\u0259 cavab\u0131nda dedim ki, biz\u0259 palto asma\u011fa h\u0259l\u0259 yer verm\u0259yibl\u0259r.\n<\/p>\n<p>\n  Bu xan\u0131m n\u00f6vb\u0259ti d\u0259f\u0259 g\u0259ldi ki, burada st\u0259kanlar\u0131n\u0131z\u0131 qoymay\u0131n, y\u0131\u011f\u0131\u015fd\u0131r\u0131n. Onu da deyim ki, m\u0259n indiy\u0259d\u0259k i\u015f\u0259 st\u0259kan apar\u0131b, \u00e7ay i\u00e7m\u0259mi\u015fdim. D\u00f6zm\u0259dim, dedim ki, m\u0259n bura palto, fincan da\u015f\u0131ma\u011fa g\u0259lm\u0259mi\u015f\u0259m. Bundan sonra h\u0259min bu xan\u0131m, ba\u015f h\u0259kimin m\u00fcavini L\u0259man Hac\u0131yevan\u0131n yan\u0131na ged\u0259r\u0259k, m\u0259nd\u0259n \u015fikay\u0259t edib. Ona deyib ki, Aynur\u0259 \u00e7ox t\u0259rbiy\u0259sizdir, \u0259xlaqs\u0131zd\u0131r. S\u00f6z\u00fcm\u0259 baxmad\u0131, i\u015f\u00e7il\u0259rin yan\u0131nda m\u0259n\u0259 qar\u015f\u0131 h\u00f6rm\u0259tsizlik etdi\u201d.\n<\/p>\n<figure class=\"wp-block-image size-large\">\n  <img decoding=\"async\" src=\"https:\/\/www.meydan.tv\/az\/img-20200522-wa0057-jpg\/\" alt=\"img-20200522-wa0057.jpg\" class=\"wp-image-142348\"\/><figcaption>\n    \u018fm\u0259k kitab\u00e7as\u0131<br \/>\n  <\/figcaption><\/figure>\n<p>\n  Aynur\u0259 S\u0259m\u0259dova deyir ki, r\u0259hb\u0259rliy\u0259 \u015fikay\u0259t olunmas\u0131 x\u0259b\u0259rini ona qeydiyyat r\u0259hb\u0259ri v\u0259zif\u0259sind\u0259 \u00e7al\u0131\u015fan S\u0259id\u0259 R\u0259himova dan\u0131\u015f\u0131b:\n<\/p>\n<p>\n  \u201cM\u0259n S\u0259id\u0259d\u0259n T\u00fcnzal\u0259nin n\u00f6mr\u0259sini ist\u0259dim, verm\u0259di. Telefonunu uzatd\u0131 ki, al, m\u0259nd\u0259n z\u0259ng el\u0259 dan\u0131\u015f. Onun telefonundan T\u00fcnzal\u0259y\u0259 z\u0259ng edib, n\u0259y\u0259 g\u00f6r\u0259 haqq\u0131mda L\u0259man doktora xo\u015fag\u0259lm\u0259z s\u00f6zl\u0259r dem\u0259yinin s\u0259b\u0259bini soru\u015fdum. O da qay\u0131td\u0131 ki, s\u0259n m\u0259n\u0259 qar\u015f\u0131 t\u0259rbiy\u0259sizlik etdin, \u00e7ox t\u0259rbiy\u0259siz qad\u0131nsan. M\u0259n d\u0259 yumdum g\u00f6z\u00fcm\u00fc, a\u00e7d\u0131m a\u011fz\u0131m\u0131. Ona a\u011fz\u0131ma g\u0259l\u0259ni dedim. S\u0259n dem\u0259, S\u0259id\u0259nin telefonunda s\u0259syazan proqram varm\u0131\u015f. Bunlar sonradan m\u0259nim s\u0259simi ba\u015f h\u0259kim El\u00e7in Bilalova g\u00f6nd\u0259ribl\u0259r. Hara g\u0259ldi, s\u0259simi yay\u0131blar. Bundan sonra iclas ke\u00e7irdil\u0259r. M\u0259n\u0259 dedil\u0259r ki, s\u0259nin yerini d\u0259yi\u015firik. M\u0259n d\u0259 dedim ki, m\u0259nim yerim d\u0259yi\u015film\u0259y\u0259c\u0259k, burada oyuncaq deyil\u0259m. Siz m\u0259ni yeddi ildir burdan-ora f\u0131rlay\u0131rs\u0131n\u0131z. L\u0259man doktor bil\u0259r\u0259kd\u0259n m\u0259ni o h\u0259dd\u0259 \u00e7atd\u0131rd\u0131 ki, 2020-ci il yanvar\u0131n 8-d\u0259 \u0259riz\u0259mi yaz\u0131b, i\u015fd\u0259n \u00e7\u0131xd\u0131m. Bu n\u0259 idis\u0259, m\u0259nim \u00fc\u00e7\u00fcn qura\u015fd\u0131r\u0131lma bir i\u015f oldu. T\u0259s\u0259vv\u00fcr edin, yanvar\u0131n 8-d\u0259 \u0259riz\u0259 yazd\u0131m, \u0259mr ka\u011f\u0131z\u0131m yanvar\u0131n 10-da g\u0259ldi. Halbuki, m\u0259n\u0259 10 g\u00fcn, bir ay m\u00f6hl\u0259t verilm\u0259lidir. Yanvar\u0131n 12-d\u0259 El\u00e7in doktora pe\u015fmanl\u0131q \u0259riz\u0259si yazd\u0131m, m\u0259n\u0259 cavab verm\u0259di\u201d.\n<\/p>\n<p>\n  Haqs\u0131zl\u0131qla \u00fczl\u0259\u015fdiyini s\u00f6yl\u0259y\u0259n Aynur\u0259 S\u0259m\u0259dova i\u015f\u0259 b\u0259rpa olunmas\u0131 il\u0259 ba\u011fl\u0131 G\u00f6y\u00e7ay Rayon M\u0259hk\u0259m\u0259sin\u0259 m\u00fcraci\u0259t edib:\n<\/p>\n<p>\n  \u201cM\u0259n\u0259 v\u0259kil M\u0259tan\u0259t H\u0259s\u0259novan\u0131 t\u00f6vsiy\u0259 etdil\u0259r. Onunla dan\u0131\u015f\u0131b, raz\u0131la\u015fd\u0131q. Lakin m\u0259hk\u0259m\u0259y\u0259 bir g\u00fcn qalm\u0131\u015f bu xan\u0131m m\u0259nim h\u00fcquqlar\u0131m\u0131 qorumaqdan imtina etdi. Fikrini d\u0259 bununla \u0259sasland\u0131rd\u0131 ki, s\u0259nin v\u0259kil\u0259 ehtiyac\u0131n yoxdur. \u018flav\u0259 etdi ki, i\u015fd\u0259n \u00f6z\u00fcn \u0259riz\u0259 yaz\u0131b \u00e7\u0131xm\u0131san, s\u0259ni i\u015f\u0259 b\u0259rpa ed\u0259c\u0259kl\u0259r. M\u0259ni \u0259min etdi: \u201cHesab et ki, s\u0259ks\u0259n faiz i\u015f\u0259 qay\u0131tm\u0131san\u201d. N\u00f6vb\u0259ti g\u00fcn m\u0259hk\u0259m\u0259 zal\u0131nda g\u00f6rd\u00fcm ki, M\u0259tan\u0259t xan\u0131m da oradad\u0131r. Soru\u015fdum ki, niy\u0259 g\u0259lmisiz? Cavab\u0131nda dedi ki, m\u0259n El\u00e7in doktorun v\u0259kiliy\u0259m. Y\u0259ni bu qad\u0131n m\u0259ni aldatd\u0131. Halbuki, lap \u0259vv\u0259ld\u0259n demi\u015fdi ki, arxay\u0131n olun, m\u0259n bu i\u015fi udaca\u011fam. M\u0259hk\u0259m\u0259 q\u0259rar\u0131 m\u0259nim xeyrim\u0259 olmad\u0131. Ona g\u00f6r\u0259 d\u0259 aprelin 21-d\u0259 \u015e\u0259ki Apelyasiya M\u0259hk\u0259m\u0259sin\u0259 apelyasiya \u015fikay\u0259ti verdim\u201d.\n<\/p>\n<figure class=\"wp-block-image size-large\">\n  <img decoding=\"async\" src=\"https:\/\/www.meydan.tv\/az\/img-20200522-wa0052-jpg\/\" alt=\"img-20200522-wa0052.jpg\" class=\"wp-image-142351\"\/><figcaption>\n    G\u00f6y\u00e7ay Rayon M\u0259hk\u0259m\u0259sinin cavab\u0131<br \/>\n  <\/figcaption><\/figure>\n<p>\n  \u0130ddia\u00e7\u0131 deyir ki, d\u0259f\u0259l\u0259rl\u0259 ba\u015f h\u0259kim El\u00e7in Bilalova i\u015f\u0259 b\u0259rpas\u0131 il\u0259 ba\u011fl\u0131 m\u00fcraci\u0259t edib, lakin qar\u015f\u0131 t\u0259r\u0259fin s\u0259rt reaksiyas\u0131yla qar\u015f\u0131la\u015f\u0131b:\n<\/p>\n<p>\n  \u201cH\u0259tta anam getdi, ba\u015f\u0131ndan yayl\u0131\u011f\u0131n\u0131 a\u00e7\u0131b, onun aya\u011f\u0131n\u0131n alt\u0131na atd\u0131. Dedi ki, yetimim var, q\u0131z\u0131m\u0131 i\u015fin\u0259 qaytar. Ax\u0131rda d\u00f6zm\u0259dim, neft g\u00f6t\u00fcrd\u00fcm getdim onun ota\u011f\u0131n\u0131n qar\u015f\u0131s\u0131nda \u00f6z\u00fcm\u00fc yand\u0131rmaq ist\u0259dim. Dedim ki, m\u0259n acl\u0131q i\u00e7ind\u0259 ya\u015famaqdansa, \u00f6z\u00fcm\u00fc \u00f6ld\u00fcrm\u0259y\u0259 haz\u0131ram. El\u00e7in doktor cavab\u0131nda dedi ki, \u00f6z\u00fcn\u00fc \u00f6ld\u00fcrm\u00fcrs\u0259n, neynirs\u0259n el\u0259. S\u0259ni bura i\u015f\u0259 qaytarmayaca\u011fam. Sonuncu d\u0259f\u0259 x\u0259st\u0259xanadan bizi i\u00e7\u0259ri buraxmad\u0131. M\u0259n ba\u015fa d\u00fc\u015fm\u00fcr\u0259m, ora d\u00f6vl\u0259t m\u00fc\u0259ss\u0259sidir, ya El\u00e7in doktorun \u015f\u0259xsi m\u00fclkiyy\u0259tidir? Harada g\u00f6r\u00fcn\u00fcb ki, s\u00f6y\u00fc\u015f\u0259 g\u00f6r\u0259 adam i\u015fin\u0259 b\u0259rpa olunmas\u0131n? El\u00e7in doktor m\u0259ni DTX-da i\u015fl\u0259y\u0259n k\u00fcr\u0259k\u0259ni il\u0259 qorxudur. Deyir ki, s\u0259ni k\u00fcr\u0259k\u0259nimin c\u0259ngin\u0259 ver\u0259c\u0259y\u0259m. Anlaya bilmir\u0259m, m\u0259n cinay\u0259t t\u00f6r\u0259tmi\u015f\u0259m? Yan\u0131na m\u0259nim \u00fc\u00e7\u00fcn xahi\u015f\u0259 ged\u0259nl\u0259r\u0259 deyir ki, o q\u0131z bura qay\u0131tsa, m\u0259n i\u015fd\u0259n \u00e7\u0131xaca\u011fam. G\u00f6y\u00e7ayda adam qalmay\u0131b ki, m\u0259nim telefon s\u0259simi ona qulaq asd\u0131rmas\u0131n\u201d.\n<\/p>\n<p>\n  Maddi s\u0131x\u0131nt\u0131lar\u0131 oldu\u011funu bildir\u0259n \u015fikay\u0259t\u00e7inin s\u00f6zl\u0259rin\u0259 g\u00f6r\u0259, haz\u0131rda ya\u015fama\u011fa yeri yoxdur:\n<\/p>\n<p>\n  \u201cH\u0259yat yolda\u015f\u0131m 2017-ci ild\u0259 r\u0259hm\u0259t\u0259 gedib. On bir ya\u015f\u0131nda bir q\u0131z\u0131m var. \u0130\u015fl\u0259diyim m\u00fcdd\u0259td\u0259 kiray\u0259 qal\u0131rd\u0131m, indi pulum yoxdur. Qarda\u015f\u0131m x\u0259st\u0259dir. Valideynl\u0259rim d\u0259 i\u015fl\u0259mir. D\u00f6rd ayd\u0131r ki, banka olan kreditimi \u00f6d\u0259y\u0259 bilmir\u0259m. D\u00f6rd min manat pula g\u00f6r\u0259 bank h\u0259r g\u00fcn m\u0259n\u0259 z\u0259ng edir. N\u0259 bank kreditimi, n\u0259 d\u0259 x\u0131rda-para borclar\u0131m\u0131 \u00f6d\u0259y\u0259 bilmir\u0259m. N\u0259 d\u0259 evim var ki, i\u00e7ind\u0259 ya\u015fay\u0131m. \u00dc\u00e7 g\u00fcn bir, be\u015f g\u00fcn dig\u0259r qohumun evind\u0259 ya\u015fay\u0131ram. Haz\u0131rda q\u0131z\u0131ma veril\u0259n s\u0259ks\u0259n manat \u201cyetimpulu\u201d il\u0259 dolanr\u0131q. V\u0259ziyy\u0259tim \u00e7ox ac\u0131nacaql\u0131d\u0131r\u201d.\n<\/p>\n<p>\n  G\u00f6y\u00e7ay Rayon M\u0259rk\u0259zi X\u0259st\u0259xanas\u0131n\u0131n ba\u015f h\u0259kim m\u00fcavini L\u0259man Hac\u0131yeva Meydan TV-y\u0259 \u015fikay\u0259t\u00e7iy\u0259 qar\u015f\u0131 h\u0259r hans\u0131 bir t\u0259zyiq g\u00f6st\u0259rm\u0259diyini bildirib:\n<\/p>\n<p>\n  \u201cH\u0259min adam qeydiyyat \u015f\u00f6b\u0259sind\u0259 i\u015fl\u0259yib, y\u0259ni tabeliyimd\u0259 deyil. Ona nec\u0259 t\u0259sir g\u00f6st\u0259r\u0259 bil\u0259r\u0259m? M\u0259nim i\u015f\u0259 g\u00f6t\u00fcrm\u0259k v\u0259 ya \u00e7\u0131xarmaq s\u0259lahiyy\u0259tim yoxdur\u201d.\n<\/p>\n<figure class=\"wp-block-image size-large\">\n  <img decoding=\"async\" src=\"https:\/\/www.meydan.tv\/az\/img-20200522-wa0056-jpg\/\" alt=\"img-20200522-wa0056.jpg\" class=\"wp-image-142354\"\/><figcaption>\n    \u018fm\u0259k kitab\u00e7as\u0131<br \/>\n  <\/figcaption><\/figure>\n<p>\n  X\u0259st\u0259xanada qeydiyyat r\u0259hb\u0259ri v\u0259zif\u0259sind\u0259 \u00e7al\u0131\u015fan S\u0259id\u0259 R\u0259himova iddialar\u0131n h\u0259qiq\u0259ti \u0259ks etdirm\u0259diyini s\u00f6yl\u0259yib:\n<\/p>\n<p>\n  \u201cO xan\u0131m m\u0259nim telefonumla he\u00e7 k\u0259sl\u0259 dan\u0131\u015fmay\u0131b. \u00d6z\u00fc \u0259riz\u0259sini yaz\u0131b, i\u015fd\u0259n \u00e7\u0131xm\u0131\u015f adamd\u0131r. T\u0259krar i\u015f\u0259 qay\u0131tmaq ist\u0259di. M\u0259n d\u0259 ona dedim ki, ba\u015f h\u0259kim, ya da \u015f\u00f6b\u0259 direktoru deyil\u0259m, adi qeydiyyat r\u0259hb\u0259riy\u0259m. \u00dcmumiyy\u0259tl\u0259, m\u0259n h\u0259min xan\u0131m\u0131n kiminl\u0259 dala\u015fmas\u0131 v\u0259 ya s\u00f6ym\u0259si bar\u0259d\u0259 he\u00e7 n\u0259 e\u015fitm\u0259mi\u015f\u0259m\u201d.\n<\/p>\n<p>\n  V\u0259kil M\u0259tan\u0259t H\u0259s\u0259nova da qar\u015f\u0131 t\u0259r\u0259fin iddias\u0131n\u0131 \u0259sass\u0131z adland\u0131r\u0131b:\n<\/p>\n<p>\n  \u201cAynur\u0259 S\u0259m\u0259dova m\u0259ni v\u0259kil tutmay\u0131b, yalan deyir. M\u0259n \u00fcmumiyy\u0259tl\u0259, he\u00e7 birinin v\u0259kili olmam\u0131\u015fam. Sad\u0259c\u0259, h\u0259min vaxt zalda olmu\u015fam. Aynur\u0259 S\u0259m\u0259dovan\u0131n m\u0259hk\u0259m\u0259sind\u0259n \u0259vv\u0259l v\u0259 sonra m\u0259nim prosesl\u0259rim olub dey\u0259 zalda oturmu\u015fdum. M\u00fcraci\u0259t edib, m\u0259n onun i\u015fini g\u00f6t\u00fcrm\u0259mi\u015f\u0259m ki, perspektivini g\u00f6rm\u00fcr\u0259m, al\u0131nan i\u015f deyil. Sizi aldada bilm\u0259r\u0259m ki, t\u0259msil ed\u0259c\u0259yim i\u015f xeyriniz\u0259 olacaq. H\u0259min xan\u0131m\u0131n m\u0259niml\u0259 he\u00e7 bir m\u00fcqavil\u0259si yoxdur\u201d.\n<\/p>\n<p>\n  X\u0259st\u0259xanan\u0131n ba\u015f h\u0259kimi El\u00e7in Bilalov z\u0259ngl\u0259r\u0259 cavab verm\u0259yib. T\u00fcnzal\u0259 adl\u0131 i\u015f\u00e7inin kimliyi haqda x\u0259st\u0259xanadan m\u0259lumat \u0259ld\u0259 etm\u0259k m\u00fcmk\u00fcn olmay\u0131b.\n<\/p>\n<figure class=\"wp-block-image size-large\">\n  <img decoding=\"async\" src=\"https:\/\/www.meydan.tv\/az\/img-20200522-wa0050-jpg\/\" alt=\"img-20200522-wa0050.jpg\" class=\"wp-image-142357\"\/><figcaption>\n    m\u0259hk\u0259m\u0259 q\u0259tnam\u0259si<br \/>\n  <\/figcaption><\/figure>\n","protected":false},"excerpt":{"rendered":"<p>&#8220;D\u00f6rd ayd\u0131r ki, banka olan kreditimi \u00f6d\u0259y\u0259 bilmir\u0259m&#8221;<\/p>\n","protected":false},"author":11,"featured_media":142345,"comment_status":"closed","ping_status":"open","sticky":false,"template":"","format":"standard","meta":{"_acf_changed":false,"_sitemap_exclude":false,"_sitemap_priority":"","_sitemap_frequency":"","footnotes":""},"categories":[60],"tags":[],"class_list":["post-200746","post","type-post","status-publish","format-standard","has-post-thumbnail","hentry","category-bolge","infinite-scroll-item","generate-columns","tablet-grid-50","mobile-grid-100","grid-parent","grid-33","no-featured-image-padding"],"acf":[],"yoast_head":"<!-- This site is optimized with the Yoast SEO plugin v27.5 - https:\/\/yoast.com\/product\/yoast-seo-wordpress\/ -->\n<title>G\u00f6y\u00e7ay sakini: Ba\u015f h\u0259kim m\u0259ni DTX-da i\u015fl\u0259y\u0259n k\u00fcr\u0259k\u0259ni il\u0259 h\u0259d\u0259l\u0259yib - MEYDAN.TV<\/title>\n<meta name=\"robots\" content=\"index, follow, max-snippet:-1, max-image-preview:large, max-video-preview:-1\" \/>\n<link rel=\"canonical\" href=\"https:\/\/www.meydan.tv\/az\/article\/goycay-sakini-bas-hekim-meni-dtx-da-isleyen-kurekeni-ile-hedeleyib\/\" \/>\n<meta property=\"og:locale\" content=\"az_AZ\" \/>\n<meta property=\"og:type\" content=\"article\" \/>\n<meta property=\"og:title\" content=\"G\u00f6y\u00e7ay sakini: Ba\u015f h\u0259kim m\u0259ni DTX-da i\u015fl\u0259y\u0259n k\u00fcr\u0259k\u0259ni il\u0259 h\u0259d\u0259l\u0259yib - MEYDAN.TV\" \/>\n<meta property=\"og:description\" content=\"&quot;D\u00f6rd ayd\u0131r ki, banka olan kreditimi \u00f6d\u0259y\u0259 bilmir\u0259m&quot;\" \/>\n<meta property=\"og:url\" content=\"https:\/\/www.meydan.tv\/az\/article\/goycay-sakini-bas-hekim-meni-dtx-da-isleyen-kurekeni-ile-hedeleyib\/\" \/>\n<meta property=\"og:site_name\" content=\"MEYDAN.TV\" \/>\n<meta property=\"article:published_time\" content=\"2020-05-27T13:12:40+00:00\" \/>\n<meta property=\"og:image\" content=\"https:\/\/www.meydan.tv\/wp-content\/uploads\/untitled_design_ypnbhqt.png\" \/>\n\t<meta property=\"og:image:width\" content=\"1200\" \/>\n\t<meta property=\"og:image:height\" content=\"700\" \/>\n\t<meta property=\"og:image:type\" content=\"image\/png\" \/>\n<meta name=\"author\" content=\"user-manager\" \/>\n<meta name=\"twitter:card\" content=\"summary_large_image\" \/>\n<script type=\"application\/ld+json\" class=\"yoast-schema-graph\">{\"@context\":\"https:\\\/\\\/schema.org\",\"@graph\":[{\"@type\":\"Article\",\"@id\":\"https:\\\/\\\/www.meydan.tv\\\/az\\\/article\\\/goycay-sakini-bas-hekim-meni-dtx-da-isleyen-kurekeni-ile-hedeleyib\\\/#article\",\"isPartOf\":{\"@id\":\"https:\\\/\\\/www.meydan.tv\\\/az\\\/article\\\/goycay-sakini-bas-hekim-meni-dtx-da-isleyen-kurekeni-ile-hedeleyib\\\/\"},\"author\":{\"name\":\"user-manager\",\"@id\":\"https:\\\/\\\/www.meydan.tv\\\/az\\\/#\\\/schema\\\/person\\\/10d11eccf6da3662cf5fdab9806ea91a\"},\"headline\":\"G\u00f6y\u00e7ay sakini: Ba\u015f h\u0259kim m\u0259ni DTX-da i\u015fl\u0259y\u0259n k\u00fcr\u0259k\u0259ni il\u0259 h\u0259d\u0259l\u0259yib\",\"datePublished\":\"2020-05-27T13:12:40+00:00\",\"mainEntityOfPage\":{\"@id\":\"https:\\\/\\\/www.meydan.tv\\\/az\\\/article\\\/goycay-sakini-bas-hekim-meni-dtx-da-isleyen-kurekeni-ile-hedeleyib\\\/\"},\"wordCount\":1774,\"publisher\":{\"@id\":\"https:\\\/\\\/www.meydan.tv\\\/az\\\/#organization\"},\"image\":{\"@id\":\"https:\\\/\\\/www.meydan.tv\\\/az\\\/article\\\/goycay-sakini-bas-hekim-meni-dtx-da-isleyen-kurekeni-ile-hedeleyib\\\/#primaryimage\"},\"thumbnailUrl\":\"https:\\\/\\\/www.meydan.tv\\\/wp-content\\\/uploads\\\/untitled_design_ypnbhqt.png\",\"articleSection\":[\"B\u00f6lg\u0259\"],\"inLanguage\":\"az\"},{\"@type\":\"WebPage\",\"@id\":\"https:\\\/\\\/www.meydan.tv\\\/az\\\/article\\\/goycay-sakini-bas-hekim-meni-dtx-da-isleyen-kurekeni-ile-hedeleyib\\\/\",\"url\":\"https:\\\/\\\/www.meydan.tv\\\/az\\\/article\\\/goycay-sakini-bas-hekim-meni-dtx-da-isleyen-kurekeni-ile-hedeleyib\\\/\",\"name\":\"G\u00f6y\u00e7ay sakini: Ba\u015f h\u0259kim m\u0259ni DTX-da i\u015fl\u0259y\u0259n k\u00fcr\u0259k\u0259ni il\u0259 h\u0259d\u0259l\u0259yib - MEYDAN.TV\",\"isPartOf\":{\"@id\":\"https:\\\/\\\/www.meydan.tv\\\/az\\\/#website\"},\"primaryImageOfPage\":{\"@id\":\"https:\\\/\\\/www.meydan.tv\\\/az\\\/article\\\/goycay-sakini-bas-hekim-meni-dtx-da-isleyen-kurekeni-ile-hedeleyib\\\/#primaryimage\"},\"image\":{\"@id\":\"https:\\\/\\\/www.meydan.tv\\\/az\\\/article\\\/goycay-sakini-bas-hekim-meni-dtx-da-isleyen-kurekeni-ile-hedeleyib\\\/#primaryimage\"},\"thumbnailUrl\":\"https:\\\/\\\/www.meydan.tv\\\/wp-content\\\/uploads\\\/untitled_design_ypnbhqt.png\",\"datePublished\":\"2020-05-27T13:12:40+00:00\",\"breadcrumb\":{\"@id\":\"https:\\\/\\\/www.meydan.tv\\\/az\\\/article\\\/goycay-sakini-bas-hekim-meni-dtx-da-isleyen-kurekeni-ile-hedeleyib\\\/#breadcrumb\"},\"inLanguage\":\"az\",\"potentialAction\":[{\"@type\":\"ReadAction\",\"target\":[\"https:\\\/\\\/www.meydan.tv\\\/az\\\/article\\\/goycay-sakini-bas-hekim-meni-dtx-da-isleyen-kurekeni-ile-hedeleyib\\\/\"]}]},{\"@type\":\"ImageObject\",\"inLanguage\":\"az\",\"@id\":\"https:\\\/\\\/www.meydan.tv\\\/az\\\/article\\\/goycay-sakini-bas-hekim-meni-dtx-da-isleyen-kurekeni-ile-hedeleyib\\\/#primaryimage\",\"url\":\"https:\\\/\\\/www.meydan.tv\\\/wp-content\\\/uploads\\\/untitled_design_ypnbhqt.png\",\"contentUrl\":\"https:\\\/\\\/www.meydan.tv\\\/wp-content\\\/uploads\\\/untitled_design_ypnbhqt.png\",\"width\":1200,\"height\":700,\"caption\":\"Source: Specify Source\"},{\"@type\":\"BreadcrumbList\",\"@id\":\"https:\\\/\\\/www.meydan.tv\\\/az\\\/article\\\/goycay-sakini-bas-hekim-meni-dtx-da-isleyen-kurekeni-ile-hedeleyib\\\/#breadcrumb\",\"itemListElement\":[{\"@type\":\"ListItem\",\"position\":1,\"name\":\"Ana s\u0259hif\u0259\",\"item\":\"https:\\\/\\\/www.meydan.tv\\\/az\\\/\"},{\"@type\":\"ListItem\",\"position\":2,\"name\":\"B\u00f6lg\u0259\",\"item\":\"https:\\\/\\\/www.meydan.tv\\\/az\\\/section\\\/bolge\\\/\"},{\"@type\":\"ListItem\",\"position\":3,\"name\":\"G\u00f6y\u00e7ay sakini: Ba\u015f h\u0259kim m\u0259ni DTX-da i\u015fl\u0259y\u0259n k\u00fcr\u0259k\u0259ni il\u0259 h\u0259d\u0259l\u0259yib\"}]},{\"@type\":\"WebSite\",\"@id\":\"https:\\\/\\\/www.meydan.tv\\\/az\\\/#website\",\"url\":\"https:\\\/\\\/www.meydan.tv\\\/az\\\/\",\"name\":\"MEYDAN.TV\",\"description\":\"Meydan TV Az\u0259rbaycan\u0131n media m\u0259kan\u0131ndak\u0131 alternativ s\u0259sidir\",\"publisher\":{\"@id\":\"https:\\\/\\\/www.meydan.tv\\\/az\\\/#organization\"},\"potentialAction\":[{\"@type\":\"SearchAction\",\"target\":{\"@type\":\"EntryPoint\",\"urlTemplate\":\"https:\\\/\\\/www.meydan.tv\\\/az\\\/?s={search_term_string}\"},\"query-input\":{\"@type\":\"PropertyValueSpecification\",\"valueRequired\":true,\"valueName\":\"search_term_string\"}}],\"inLanguage\":\"az\"},{\"@type\":\"Organization\",\"@id\":\"https:\\\/\\\/www.meydan.tv\\\/az\\\/#organization\",\"name\":\"Meydan TV\",\"url\":\"https:\\\/\\\/www.meydan.tv\\\/az\\\/\",\"logo\":{\"@type\":\"ImageObject\",\"inLanguage\":\"az\",\"@id\":\"https:\\\/\\\/www.meydan.tv\\\/az\\\/#\\\/schema\\\/logo\\\/image\\\/\",\"url\":\"https:\\\/\\\/www.meydan.tv\\\/wp-content\\\/uploads\\\/2021\\\/07\\\/meydan-logo.svg\",\"contentUrl\":\"https:\\\/\\\/www.meydan.tv\\\/wp-content\\\/uploads\\\/2021\\\/07\\\/meydan-logo.svg\",\"width\":195,\"height\":46,\"caption\":\"Meydan TV\"},\"image\":{\"@id\":\"https:\\\/\\\/www.meydan.tv\\\/az\\\/#\\\/schema\\\/logo\\\/image\\\/\"}},{\"@type\":\"Person\",\"@id\":\"https:\\\/\\\/www.meydan.tv\\\/az\\\/#\\\/schema\\\/person\\\/10d11eccf6da3662cf5fdab9806ea91a\",\"name\":\"user-manager\"}]}<\/script>\n<!-- \/ Yoast SEO plugin. -->","yoast_head_json":{"title":"G\u00f6y\u00e7ay sakini: Ba\u015f h\u0259kim m\u0259ni DTX-da i\u015fl\u0259y\u0259n k\u00fcr\u0259k\u0259ni il\u0259 h\u0259d\u0259l\u0259yib - MEYDAN.TV","robots":{"index":"index","follow":"follow","max-snippet":"max-snippet:-1","max-image-preview":"max-image-preview:large","max-video-preview":"max-video-preview:-1"},"canonical":"https:\/\/www.meydan.tv\/az\/article\/goycay-sakini-bas-hekim-meni-dtx-da-isleyen-kurekeni-ile-hedeleyib\/","og_locale":"az_AZ","og_type":"article","og_title":"G\u00f6y\u00e7ay sakini: Ba\u015f h\u0259kim m\u0259ni DTX-da i\u015fl\u0259y\u0259n k\u00fcr\u0259k\u0259ni il\u0259 h\u0259d\u0259l\u0259yib - MEYDAN.TV","og_description":"\"D\u00f6rd ayd\u0131r ki, banka olan kreditimi \u00f6d\u0259y\u0259 bilmir\u0259m\"","og_url":"https:\/\/www.meydan.tv\/az\/article\/goycay-sakini-bas-hekim-meni-dtx-da-isleyen-kurekeni-ile-hedeleyib\/","og_site_name":"MEYDAN.TV","article_published_time":"2020-05-27T13:12:40+00:00","og_image":[{"width":1200,"height":700,"url":"https:\/\/www.meydan.tv\/wp-content\/uploads\/untitled_design_ypnbhqt.png","type":"image\/png"}],"author":"user-manager","twitter_card":"summary_large_image","schema":{"@context":"https:\/\/schema.org","@graph":[{"@type":"Article","@id":"https:\/\/www.meydan.tv\/az\/article\/goycay-sakini-bas-hekim-meni-dtx-da-isleyen-kurekeni-ile-hedeleyib\/#article","isPartOf":{"@id":"https:\/\/www.meydan.tv\/az\/article\/goycay-sakini-bas-hekim-meni-dtx-da-isleyen-kurekeni-ile-hedeleyib\/"},"author":{"name":"user-manager","@id":"https:\/\/www.meydan.tv\/az\/#\/schema\/person\/10d11eccf6da3662cf5fdab9806ea91a"},"headline":"G\u00f6y\u00e7ay sakini: Ba\u015f h\u0259kim m\u0259ni DTX-da i\u015fl\u0259y\u0259n k\u00fcr\u0259k\u0259ni il\u0259 h\u0259d\u0259l\u0259yib","datePublished":"2020-05-27T13:12:40+00:00","mainEntityOfPage":{"@id":"https:\/\/www.meydan.tv\/az\/article\/goycay-sakini-bas-hekim-meni-dtx-da-isleyen-kurekeni-ile-hedeleyib\/"},"wordCount":1774,"publisher":{"@id":"https:\/\/www.meydan.tv\/az\/#organization"},"image":{"@id":"https:\/\/www.meydan.tv\/az\/article\/goycay-sakini-bas-hekim-meni-dtx-da-isleyen-kurekeni-ile-hedeleyib\/#primaryimage"},"thumbnailUrl":"https:\/\/www.meydan.tv\/wp-content\/uploads\/untitled_design_ypnbhqt.png","articleSection":["B\u00f6lg\u0259"],"inLanguage":"az"},{"@type":"WebPage","@id":"https:\/\/www.meydan.tv\/az\/article\/goycay-sakini-bas-hekim-meni-dtx-da-isleyen-kurekeni-ile-hedeleyib\/","url":"https:\/\/www.meydan.tv\/az\/article\/goycay-sakini-bas-hekim-meni-dtx-da-isleyen-kurekeni-ile-hedeleyib\/","name":"G\u00f6y\u00e7ay sakini: Ba\u015f h\u0259kim m\u0259ni DTX-da i\u015fl\u0259y\u0259n k\u00fcr\u0259k\u0259ni il\u0259 h\u0259d\u0259l\u0259yib - MEYDAN.TV","isPartOf":{"@id":"https:\/\/www.meydan.tv\/az\/#website"},"primaryImageOfPage":{"@id":"https:\/\/www.meydan.tv\/az\/article\/goycay-sakini-bas-hekim-meni-dtx-da-isleyen-kurekeni-ile-hedeleyib\/#primaryimage"},"image":{"@id":"https:\/\/www.meydan.tv\/az\/article\/goycay-sakini-bas-hekim-meni-dtx-da-isleyen-kurekeni-ile-hedeleyib\/#primaryimage"},"thumbnailUrl":"https:\/\/www.meydan.tv\/wp-content\/uploads\/untitled_design_ypnbhqt.png","datePublished":"2020-05-27T13:12:40+00:00","breadcrumb":{"@id":"https:\/\/www.meydan.tv\/az\/article\/goycay-sakini-bas-hekim-meni-dtx-da-isleyen-kurekeni-ile-hedeleyib\/#breadcrumb"},"inLanguage":"az","potentialAction":[{"@type":"ReadAction","target":["https:\/\/www.meydan.tv\/az\/article\/goycay-sakini-bas-hekim-meni-dtx-da-isleyen-kurekeni-ile-hedeleyib\/"]}]},{"@type":"ImageObject","inLanguage":"az","@id":"https:\/\/www.meydan.tv\/az\/article\/goycay-sakini-bas-hekim-meni-dtx-da-isleyen-kurekeni-ile-hedeleyib\/#primaryimage","url":"https:\/\/www.meydan.tv\/wp-content\/uploads\/untitled_design_ypnbhqt.png","contentUrl":"https:\/\/www.meydan.tv\/wp-content\/uploads\/untitled_design_ypnbhqt.png","width":1200,"height":700,"caption":"Source: Specify Source"},{"@type":"BreadcrumbList","@id":"https:\/\/www.meydan.tv\/az\/article\/goycay-sakini-bas-hekim-meni-dtx-da-isleyen-kurekeni-ile-hedeleyib\/#breadcrumb","itemListElement":[{"@type":"ListItem","position":1,"name":"Ana s\u0259hif\u0259","item":"https:\/\/www.meydan.tv\/az\/"},{"@type":"ListItem","position":2,"name":"B\u00f6lg\u0259","item":"https:\/\/www.meydan.tv\/az\/section\/bolge\/"},{"@type":"ListItem","position":3,"name":"G\u00f6y\u00e7ay sakini: Ba\u015f h\u0259kim m\u0259ni DTX-da i\u015fl\u0259y\u0259n k\u00fcr\u0259k\u0259ni il\u0259 h\u0259d\u0259l\u0259yib"}]},{"@type":"WebSite","@id":"https:\/\/www.meydan.tv\/az\/#website","url":"https:\/\/www.meydan.tv\/az\/","name":"MEYDAN.TV","description":"Meydan TV Az\u0259rbaycan\u0131n media m\u0259kan\u0131ndak\u0131 alternativ s\u0259sidir","publisher":{"@id":"https:\/\/www.meydan.tv\/az\/#organization"},"potentialAction":[{"@type":"SearchAction","target":{"@type":"EntryPoint","urlTemplate":"https:\/\/www.meydan.tv\/az\/?s={search_term_string}"},"query-input":{"@type":"PropertyValueSpecification","valueRequired":true,"valueName":"search_term_string"}}],"inLanguage":"az"},{"@type":"Organization","@id":"https:\/\/www.meydan.tv\/az\/#organization","name":"Meydan TV","url":"https:\/\/www.meydan.tv\/az\/","logo":{"@type":"ImageObject","inLanguage":"az","@id":"https:\/\/www.meydan.tv\/az\/#\/schema\/logo\/image\/","url":"https:\/\/www.meydan.tv\/wp-content\/uploads\/2021\/07\/meydan-logo.svg","contentUrl":"https:\/\/www.meydan.tv\/wp-content\/uploads\/2021\/07\/meydan-logo.svg","width":195,"height":46,"caption":"Meydan TV"},"image":{"@id":"https:\/\/www.meydan.tv\/az\/#\/schema\/logo\/image\/"}},{"@type":"Person","@id":"https:\/\/www.meydan.tv\/az\/#\/schema\/person\/10d11eccf6da3662cf5fdab9806ea91a","name":"user-manager"}]}},"_links":{"self":[{"href":"https:\/\/www.meydan.tv\/az\/wp-json\/wp\/v2\/posts\/200746","targetHints":{"allow":["GET"]}}],"collection":[{"href":"https:\/\/www.meydan.tv\/az\/wp-json\/wp\/v2\/posts"}],"about":[{"href":"https:\/\/www.meydan.tv\/az\/wp-json\/wp\/v2\/types\/post"}],"author":[{"embeddable":true,"href":"https:\/\/www.meydan.tv\/az\/wp-json\/wp\/v2\/users\/11"}],"replies":[{"embeddable":true,"href":"https:\/\/www.meydan.tv\/az\/wp-json\/wp\/v2\/comments?post=200746"}],"version-history":[{"count":0,"href":"https:\/\/www.meydan.tv\/az\/wp-json\/wp\/v2\/posts\/200746\/revisions"}],"wp:featuredmedia":[{"embeddable":true,"href":"https:\/\/www.meydan.tv\/az\/wp-json\/wp\/v2\/media\/142345"}],"wp:attachment":[{"href":"https:\/\/www.meydan.tv\/az\/wp-json\/wp\/v2\/media?parent=200746"}],"wp:term":[{"taxonomy":"category","embeddable":true,"href":"https:\/\/www.meydan.tv\/az\/wp-json\/wp\/v2\/categories?post=200746"},{"taxonomy":"post_tag","embeddable":true,"href":"https:\/\/www.meydan.tv\/az\/wp-json\/wp\/v2\/tags?post=200746"}],"curies":[{"name":"wp","href":"https:\/\/api.w.org\/{rel}","templated":true}]}}