{"id":200745,"date":"2020-05-27T12:40:13","date_gmt":"2020-05-27T12:40:13","guid":{"rendered":"https:\/\/www.meydan.tv\/article\/samaxi-sakini-prezidente-tesekkur-mektubu-yazdirib-ev-vermediler\/"},"modified":"2020-05-27T12:40:13","modified_gmt":"2020-05-27T12:40:13","slug":"samaxi-sakini-prezidente-tesekkur-mektubu-yazdirib-ev-vermediler","status":"publish","type":"post","link":"https:\/\/www.meydan.tv\/az\/article\/samaxi-sakini-prezidente-tesekkur-mektubu-yazdirib-ev-vermediler\/","title":{"rendered":"\u015eamax\u0131 sakini: Prezident\u0259 t\u0259\u015f\u0259kk\u00fcr m\u0259ktubu yazd\u0131r\u0131b, ev verm\u0259dil\u0259r"},"content":{"rendered":"<p>\n  <i><br \/>\n    \u201cPul verdil\u0259r, dedil\u0259r, get po\u00e7ta, Prezident\u0259 t\u0259\u015f\u0259kk\u00fcr m\u0259ktubu g\u00f6nd\u0259r\u201d<br \/>\n  <\/i>\n<\/p>\n<p>\n  \u201c\u0130cra hakimiyy\u0259tind\u0259 dedil\u0259r ki, tikil\u0259n 44 m\u0259nzilli binadan s\u0259n\u0259 d\u0259 3 otaql\u0131 m\u0259nzil verilib. Pul verdil\u0259r, dedil\u0259r, get po\u00e7ta, Prezident\u0259 t\u0259\u015f\u0259kk\u00fcr m\u0259ktubu g\u00f6nd\u0259r, yaz ki, c\u0259nab Pezident, m\u0259n\u0259 d\u0259 m\u0259nzil verdiyiniz \u00fc\u00e7\u00fcn t\u0259\u015f\u0259kk\u00fcr edir\u0259m. Dedikl\u0259rini el\u0259dim, t\u0259z\u0259 binadan m\u0259nzill\u0259r paylanandan sonra anlad\u0131m ki, m\u0259ni aldad\u0131blar. Prezident\u0259 teleqram vurdum ki, icra hakimiyy\u0259ti m\u0259ni aldad\u0131b siz\u0259 t\u0259\u015f\u0259kk\u00fcr m\u0259ktubu yazd\u0131rd\u0131, ancaq evl\u0259ri pulla satd\u0131, pulum olmad\u0131\u011f\u0131na g\u00f6r\u0259, m\u0259n\u0259 ev verm\u0259di\u201d.\n<\/p>\n<p>\n  \u015eamax\u0131da \u018flipa\u015fayevl\u0259r ail\u0259sinin ya\u015fad\u0131\u011f\u0131 v\u0259 s\u00fcr\u00fc\u015fm\u0259 zonas\u0131na yerl\u0259\u015f\u0259n ev da\u011f\u0131l\u0131b. Ail\u0259 bir m\u00fcdd\u0259t qohumlar\u0131n evind\u0259 ya\u015fay\u0131b. Elnur \u018flipa\u015fayev F\u00f6vq\u0259lad\u0259 hallar naziri il\u0259 g\u00f6r\u00fc\u015f\u0259nd\u0259n sonra ail\u0259y\u0259 \u00e7ad\u0131r verilib. \u00dc\u00e7 azya\u015fl\u0131 v\u0259 x\u0259st\u0259 u\u015faq 2 ildir ki, \u00e7ad\u0131rda ya\u015fay\u0131r.\n<\/p>\n<p>\n  <b><br \/>\n    \u201c\u0130cra hakimiyy\u0259tind\u0259 prezident\u0259 t\u0259\u015f\u0259kk\u00fcr m\u0259ktubu yazd\u0131rd\u0131lar\u201d<br \/>\n  <\/b>\n<\/p>\n<p>\n  Elnur \u018flipa\u015fayev deyir, \u015eamax\u0131 Rayon \u0130cra Hakimiyy\u0259tinin r\u0259hb\u0259rliyi onu iki d\u0259f\u0259 aldad\u0131b:\n<\/p>\n<p>\n  \u201cBizim ev z\u0259lz\u0259l\u0259d\u0259n bir ne\u00e7\u0259 ay \u0259vv\u0259l s\u00fcr\u00fc\u015fm\u0259 n\u0259tic\u0259sind\u0259 tamamil\u0259 da\u011f\u0131ld\u0131. Bir m\u00fcdd\u0259t \u00fc\u00e7 azya\u015fl\u0131 u\u015faqla qap\u0131larda qald\u0131q. F\u00f6vq\u0259lad\u0259 hallar naziri K\u0259mal\u0259ddin Heyd\u0259rovun Q\u0259b\u0259l\u0259d\u0259 v\u0259t\u0259nda\u015flar\u0131 q\u0259bul ed\u0259c\u0259yini e\u015fid\u0259n kimi m\u0259n d\u0259 ora getdim, nazirin q\u0259buluna d\u00fc\u015fd\u00fcm. Nazir m\u0259ni dinl\u0259yib dedi ki, narahat olma, get, n\u0259 k\u00f6m\u0259klik laz\u0131md\u0131rsa, olunacaq. Sabah\u0131 g\u00fcn g\u0259tirib \u00e7ad\u0131r qurdular, bizi \u00e7ad\u0131ra yerl\u0259\u015fdirib bildirdil\u0259r ki, s\u00fcr\u00fc\u015fm\u0259 zonas\u0131 oldu\u011funa g\u00f6r\u0259 k\u00f6hn\u0259 evin yerind\u0259 t\u0259z\u0259sini tikm\u0259k m\u00fcmk\u00fcn deyil, m\u00fcv\u0259qq\u0259ti \u00e7ad\u0131rda qal\u0131n, tezlikl\u0259 m\u0259nzill\u0259 t\u0259min olunacaqs\u0131z. Z\u0259lz\u0259l\u0259d\u0259n sonra \u00e7oxm\u0259nzilli binalar tikilm\u0259y\u0259 ba\u015fland\u0131. Biz icra hakimiyy\u0259tin\u0259 m\u00fcraci\u0259t etdik, dedil\u0259r, n\u0259z\u0259rimizd\u0259siz, s\u0259brli olun, 44 m\u0259nzilli bina tikilir, o binadan siz\u0259 3 otaql\u0131 m\u0259nzil veril\u0259c\u0259k\u201d.\n<\/p>\n<p>\n  Elnur \u018flipa\u015fayevin dem\u0259sin\u0259 g\u00f6r\u0259, bina haz\u0131r olandan sonra icra hakimiyy\u0259tin\u0259 d\u0259v\u0259t olunub, tikil\u0259n binadan m\u0259nzill\u0259 t\u0259min olunmas\u0131 m\u00fcnasib\u0259til\u0259 onu t\u0259brik ed\u0259r\u0259k Prezident\u0259 t\u0259\u015f\u0259kk\u00fcr m\u0259ktubu g\u00f6nd\u0259rm\u0259sini ist\u0259yibl\u0259r.\n<\/p>\n<p>\n  <b><br \/>\n    \u201cDedil\u0259r, m\u0259nzil a\u00e7arlar\u0131 \u201c\u015firinlik\u201d ver\u0259nl\u0259r\u0259 paylan\u0131r\u201d<br \/>\n  <\/b>\n<\/p>\n<p>\n  \u201cPul verdil\u0259r, dedil\u0259r, get po\u00e7ta, Prezident\u0259 t\u0259\u015f\u0259kk\u00fcr m\u0259ktubu g\u00f6nd\u0259r, yaz ki, c\u0259nab pezident, m\u0259n\u0259 d\u0259 m\u0259nzil verdiyiniz \u00fc\u00e7\u00fcn t\u0259\u015f\u0259kk\u00fcr edir\u0259m. Dedikl\u0259rini el\u0259dim, h\u0259r an t\u0259z\u0259 m\u0259nzil\u0259 k\u00f6\u00e7\u0259 bil\u0259rik dey\u0259 d\u00fc\u015f\u00fcn\u00fcb \u00e7ad\u0131rdak\u0131 \u0259\u015fyalar\u0131m\u0131z\u0131 toplad\u0131q. \u00d6t\u0259n ilin dekabr\u0131nda z\u0259ng vurub m\u0259ni icra hakimiyy\u0259tin\u0259 d\u0259v\u0259t etdil\u0259r. Getdim, m\u0259nzill\u0259rin a\u00e7arlar\u0131 paylan\u0131rd\u0131, yuxar\u0131 m\u0259rt\u0259b\u0259d\u0259n bir \u0259m\u0259kda\u015f d\u00fc\u015fd\u00fc, soru\u015fdu ki, pulla g\u0259lmis\u0259n? Dedim, n\u0259 pul? Dedi, nec\u0259 y\u0259ni, bilmirs\u0259n ki, m\u0259nzilin a\u00e7ar\u0131na g\u00f6r\u0259 \u015firinlik verm\u0259lis\u0259n? Pul g\u0259tirm\u0259mis\u0259ns\u0259, vaxt\u0131m\u0131z\u0131 alma. Onda anlad\u0131m ki, m\u0259nzill\u0259r pul ver\u0259n adamlara paylan\u0131r. Kor-pe\u015fman geri qay\u0131td\u0131m, k\u00f6\u00e7 \u0259hval-ruhiyy\u0259sind\u0259 olan ail\u0259min, u\u015faqlar\u0131m\u0131n \u00fcz\u00fcn\u0259 baxa bilmirdim. Onlara n\u0259 dey\u0259c\u0259yimi bilmirdim\u201d, &#8211; \u015fikay\u0259t\u00e7i deyir.\n<\/p>\n<figure class=\"wp-block-image size-large\">\n  <img decoding=\"async\" src=\"https:\/\/www.meydan.tv\/az\/reg_shamaxi_cadir_2-jpg\/\" alt=\"reg_shamaxi_cadir_2.jpg\" class=\"wp-image-142336\"\/><figcaption>\n    \u201cDedil\u0259r, m\u0259nzil a\u00e7arlar\u0131 \u201c\u015firinlik\u201d ver\u0259nl\u0259r\u0259 paylan\u0131r\u201d<br \/>\n  <\/figcaption><\/figure>\n<p>\n  Elnur \u018flipa\u015fayev bu d\u0259f\u0259 Prezident\u0259 teleqram vuraraq t\u0259\u015f\u0259kk\u00fcr m\u0259ktubunun ona icra hakimiyy\u0259tind\u0259 yazd\u0131r\u0131ld\u0131\u011f\u0131n\u0131 v\u0259 aldad\u0131ld\u0131\u011f\u0131n\u0131 bildirib. Bu d\u0259f\u0259 icra hakimiyy\u0259ti onu d\u0259v\u0259t ed\u0259r\u0259k s\u00f6z verib ki, n\u00f6vb\u0259ti binadan ail\u0259 m\u00fctl\u0259q ikiotaql\u0131 m\u0259nzill\u0259 t\u0259min olunacaq.\n<\/p>\n<p>\n  <b><br \/>\n    \u201cHeyd\u0259r \u018fliyevin do\u011fum g\u00fcn\u00fcnd\u0259 ikinci d\u0259f\u0259 aldand\u0131q\u201d<br \/>\n  <\/b>\n<\/p>\n<p>\n  Elnur \u018flipa\u015fayev:\n<\/p>\n<p>\n  \u201cHeyd\u0259r \u018fliyevin do\u011fum g\u00fcn\u00fcnd\u0259 &#8211; may\u0131n 10-da n\u00f6vb\u0259ti binan\u0131n m\u0259nzill\u0259rinin a\u00e7arlar\u0131 da payland\u0131, yen\u0259 biz\u0259 m\u0259nzil verilm\u0259di. \u0130kinci d\u0259f\u0259 aldad\u0131ld\u0131q. Bizi aldadan m\u0259murlar \u0259sind\u0259 bu \u00fc\u00e7 u\u015fa\u011f\u0131n h\u0259yat\u0131 il\u0259 oynay\u0131r. Bu u\u015faqlar iki soyuq q\u0131\u015f\u0131 \u00e7ad\u0131rda qar\u015f\u0131lay\u0131b yola sal\u0131blar. \u0130stil\u0259r d\u00fc\u015f\u0259nd\u0259 is\u0259 \u00e7ad\u0131rda ilan \u00f6ld\u00fcr\u00fcr\u00fck. Bu u\u015faqlar\u0131n h\u0259yat\u0131na h\u0259r d\u0259f\u0259 bizi aldadan icra hakimiyy\u0259tinin ba\u015f\u00e7\u0131s\u0131 cavabdehdir. Bax\u0131n, u\u015faqlar\u0131n \u00fc\u00e7\u00fc d\u0259 \u201csvinka\u201d x\u0259st\u0259liyin\u0259 tutulub, q\u0131zd\u0131rmadan say\u0131qlay\u0131rlar. H\u0259kim\u0259 aparma\u011fa bir q\u0259piyimiz yoxdur. \u00c7ad\u0131r \u015f\u0259raitind\u0259 bu u\u015faqlar nec\u0259 sa\u011falar? K\u00fcl\u0259k \u00e7ad\u0131r\u0131 silk\u0259l\u0259yir, q\u0131zd\u0131rmal\u0131 u\u015faqlar qorxu, h\u0259y\u0259can ke\u00e7irir. Bu g\u00fcn bir h\u00f6kum\u0259t adam\u0131 \u00e7ad\u0131rdan boylan\u0131b demir ki, bu u\u015faqlar \u00f6ld\u00fc, qald\u0131, ancaq sabah vaxt\u0131 \u00e7atanda g\u0259lib \u0259limizd\u0259n al\u0131b \u0259sg\u0259r aparacaqlar. Bu \u00f6lk\u0259d\u0259 v\u0259t\u0259ni qorumaq kas\u0131b balalar\u0131n\u0131n, kefini \u00e7\u0259kib ya\u015famaq m\u0259mur balalar\u0131n\u0131n aln\u0131na yaz\u0131l\u0131b\u201d.\n<\/p>\n<p>\n  <b><br \/>\n    \u201cFondun g\u00f6nd\u0259rdiyi yard\u0131mlar\u0131 \u00f6z aralar\u0131nda b\u00f6l\u00fc\u015fd\u00fcrd\u00fcl\u0259r\u201d<br \/>\n  <\/b>\n<\/p>\n<p>\n  Elnur \u018flipa\u015fayevin s\u00f6zl\u0259rin\u0259 g\u00f6r\u0259, koronavirusla ba\u011fl\u0131 karantin g\u00fcnl\u0259rind\u0259 Heyd\u0259r \u018fliyev Fondunun ehtiyacl\u0131 ail\u0259l\u0259r\u0259 g\u00f6nd\u0259rdiyi yard\u0131mlar imkanl\u0131lar aras\u0131nda b\u00f6l\u00fc\u015fd\u00fcr\u00fcl\u00fcb. O da bununla ba\u011fl\u0131 Fonda \u015fikay\u0259t edib:\n<\/p>\n<p>\n  \u201c\u00c7ad\u0131rda \u00fc\u00e7 u\u015faq ac-susuz qald\u0131, yard\u0131mlar m\u0259murlar\u0131n imkanl\u0131 qohum-\u0259qr\u0259balar\u0131na payland\u0131. Q\u0259z\u0259bimd\u0259n Heyd\u0259r \u018fliyev Fonduna z\u0259ng vurub \u015fikay\u0259t etdim. Az sonra Fonddan geri \u2013 m\u0259nim mibol telefonuma z\u0259ng vurdular v\u0259 yerimizi d\u0259qiql\u0259\u015fdir\u0259nd\u0259n az sonra \u00e7ad\u0131ra \u0259rzaq g\u0259ldi\u201d.\n<\/p>\n<figure class=\"wp-block-image size-large\">\n  <img decoding=\"async\" src=\"https:\/\/www.meydan.tv\/az\/reg_shamaxi__cadir_1-jpg\/\" alt=\"reg_shamaxi__cadir_1.jpg\" class=\"wp-image-142342\"\/><figcaption>\n    \u201c\u00c7ad\u0131rda \u00fc\u00e7 u\u015faq ac-susuz qald\u0131, yard\u0131mlar m\u0259murlar\u0131n imkanl\u0131 qohum-\u0259qr\u0259balar\u0131na payland\u0131&#8221;.<br \/>\n  <\/figcaption><\/figure>\n<p>\n  <b><br \/>\n    Qay\u0131natan\u0131n da evi da\u011f\u0131l\u0131b<br \/>\n  <\/b>\n<\/p>\n<p>\n  Elnur \u018flipa\u015fayevin qay\u0131natas\u0131 A\u011fayar G\u00fclbalayevin d\u0259 evi \u00f6t\u0259n ilin fevral\u0131nda ba\u015f vermi\u015f z\u0259lz\u0259l\u0259 n\u0259tic\u0259sind\u0259 q\u0259zal\u0131 v\u0259ziyy\u0259t\u0259 d\u00fc\u015f\u00fcb. A\u011fayar G\u00fclbalayevin dem\u0259sin\u0259 g\u00f6r\u0259, F\u00f6vq\u0259lad\u0259 Hallar Nazirliyind\u0259n n\u00fcmay\u0259nd\u0259l\u0259r g\u0259lib, ev\u0259 bax\u0131\u015f ke\u00e7irib, q\u0259zal\u0131 tikilil\u0259r siyah\u0131s\u0131na daxil edibl\u0259r:\n<\/p>\n<p>\n  \u201cEv 22 yerd\u0259n b\u00f6l\u00fcnm\u00fc\u015fd\u00fc, fotolar\u0131n\u0131 \u00e7\u0259kib, siyah\u0131ya yaz\u0131b getdil\u0259r, sonra da s\u0259s-soraq olmad\u0131. F\u00f6vq\u0259lad\u0259 Hallar Nazirliyin\u0259 m\u0259ktublar yazd\u0131m, cavab g\u0259lmirdi. 1 il \u0259vv\u0259l Bak\u0131ya \u2013 nazirliy\u0259 getdim, dedil\u0259r, get otur rayonda, tezlikl\u0259 m\u0259s\u0259l\u0259 h\u0259ll olunacaq. Bir m\u00fcdd\u0259td\u0259n sonra nazirlikd\u0259n m\u0259ktub g\u0259ldi ki, ev tikil\u0259c\u0259k. O m\u0259ktubun \u00fcst\u00fcnd\u0259n 1 il ke\u00e7ir, h\u0259l\u0259 d\u0259 s\u0259s-soraq yoxdur\u201d.\n<\/p>\n<p>\n  \u015eamax\u0131 Rayon \u0130cra Hakimiyy\u0259tind\u0259n bildirilib ki, Elnur \u018flipa\u015fayevin m\u0259nzill\u0259rin v\u0259t\u0259nda\u015flara r\u00fc\u015fv\u0259t al\u0131naraq paylanmas\u0131 il\u0259 ba\u011fl\u0131 dedikl\u0259ri h\u0259qiq\u0259t\u0259uy\u011fun deyil. M\u0259nzill\u0259r z\u0259lz\u0259l\u0259d\u0259n z\u0259r\u0259r\u00e7\u0259kmi\u015fl\u0259r\u0259 paylan\u0131r. Elnur \u018flipa\u015fayevin evi z\u0259lz\u0259l\u0259d\u0259n \u0259vv\u0259l q\u0259zal\u0131 v\u0259ziyy\u0259t\u0259 d\u00fc\u015f\u00fcb v\u0259 F\u00f6vq\u0259lad\u0259 Hallar Komissiyas\u0131 t\u0259r\u0259find\u0259n aktla\u015fd\u0131r\u0131laraq ail\u0259 \u00e7ad\u0131ra k\u00f6\u00e7\u00fcr\u00fcl\u00fcb. Bir m\u00fcdd\u0259t \u0259vv\u0259l icra hakimiyy\u0259ti ail\u0259ni kiray\u0259 ev\u0259 k\u00f6\u00e7\u00fcrs\u0259 d\u0259, ail\u0259 \u00f6z ist\u0259yi il\u0259 \u00e7ad\u0131ra qay\u0131d\u0131b. M\u0259nzill\u0259r n\u00f6vb\u0259li \u015f\u0259kild\u0259 paylan\u0131r v\u0259 n\u00f6vb\u0259ti bina haz\u0131r olanda bu ail\u0259 d\u0259 yeni m\u0259nzil\u0259 k\u00f6\u00e7\u00fcr\u00fcl\u0259c\u0259k.\n<\/p>\n<p>\n  \u00d6t\u0259n ilin fevral\u0131nda ba\u015f vermi\u015f z\u0259lz\u0259l\u0259 n\u0259tic\u0259sind\u0259 evl\u0259rini itirmi\u015f ail\u0259l\u0259r \u00fc\u00e7\u00fcn \u015eamax\u0131da indiy\u0259d\u0259k iki \u00e7oxm\u0259nzilli bina tikil\u0259r\u0259k istifad\u0259y\u0259 verilib. Bundan ba\u015fqa, 300-\u0259 yax\u0131n f\u0259rdi evin tikintisi ba\u015fa \u00e7at\u0131b, 1400-d\u0259n \u00e7ox f\u0259rdi evd\u0259 t\u0259mir-b\u0259rpa i\u015fl\u0259ri apar\u0131l\u0131b.<\/p>\n","protected":false},"excerpt":{"rendered":"<p>&#8220;Q\u0259z\u0259bimd\u0259n Heyd\u0259r \u018fliyev Fonduna z\u0259ng vurub \u015fikay\u0259t etdim&#8221;<\/p>\n","protected":false},"author":11,"featured_media":142339,"comment_status":"closed","ping_status":"open","sticky":false,"template":"","format":"standard","meta":{"_acf_changed":false,"_sitemap_exclude":false,"_sitemap_priority":"","_sitemap_frequency":"","footnotes":""},"categories":[60],"tags":[],"class_list":["post-200745","post","type-post","status-publish","format-standard","has-post-thumbnail","hentry","category-bolge","infinite-scroll-item","generate-columns","tablet-grid-50","mobile-grid-100","grid-parent","grid-33","no-featured-image-padding"],"acf":[],"yoast_head":"<!-- This site is optimized with the Yoast SEO plugin v27.5 - https:\/\/yoast.com\/product\/yoast-seo-wordpress\/ -->\n<title>\u015eamax\u0131 sakini: Prezident\u0259 t\u0259\u015f\u0259kk\u00fcr m\u0259ktubu yazd\u0131r\u0131b, ev verm\u0259dil\u0259r - MEYDAN.TV<\/title>\n<meta name=\"robots\" content=\"index, follow, max-snippet:-1, max-image-preview:large, max-video-preview:-1\" \/>\n<link rel=\"canonical\" href=\"https:\/\/www.meydan.tv\/az\/article\/samaxi-sakini-prezidente-tesekkur-mektubu-yazdirib-ev-vermediler\/\" \/>\n<meta property=\"og:locale\" content=\"az_AZ\" \/>\n<meta property=\"og:type\" content=\"article\" \/>\n<meta property=\"og:title\" content=\"\u015eamax\u0131 sakini: Prezident\u0259 t\u0259\u015f\u0259kk\u00fcr m\u0259ktubu yazd\u0131r\u0131b, ev verm\u0259dil\u0259r - MEYDAN.TV\" \/>\n<meta property=\"og:description\" content=\"&quot;Q\u0259z\u0259bimd\u0259n Heyd\u0259r \u018fliyev Fonduna z\u0259ng vurub \u015fikay\u0259t etdim&quot;\" \/>\n<meta property=\"og:url\" content=\"https:\/\/www.meydan.tv\/az\/article\/samaxi-sakini-prezidente-tesekkur-mektubu-yazdirib-ev-vermediler\/\" \/>\n<meta property=\"og:site_name\" content=\"MEYDAN.TV\" \/>\n<meta property=\"article:published_time\" content=\"2020-05-27T12:40:13+00:00\" \/>\n<meta property=\"og:image\" content=\"https:\/\/www.meydan.tv\/wp-content\/uploads\/reg_shamaxi_cadir.jpg\" \/>\n\t<meta property=\"og:image:width\" content=\"1280\" \/>\n\t<meta property=\"og:image:height\" content=\"590\" \/>\n\t<meta property=\"og:image:type\" content=\"image\/jpeg\" \/>\n<meta name=\"author\" content=\"user-manager\" \/>\n<meta name=\"twitter:card\" content=\"summary_large_image\" \/>\n<script type=\"application\/ld+json\" class=\"yoast-schema-graph\">{\"@context\":\"https:\\\/\\\/schema.org\",\"@graph\":[{\"@type\":\"Article\",\"@id\":\"https:\\\/\\\/www.meydan.tv\\\/az\\\/article\\\/samaxi-sakini-prezidente-tesekkur-mektubu-yazdirib-ev-vermediler\\\/#article\",\"isPartOf\":{\"@id\":\"https:\\\/\\\/www.meydan.tv\\\/az\\\/article\\\/samaxi-sakini-prezidente-tesekkur-mektubu-yazdirib-ev-vermediler\\\/\"},\"author\":{\"name\":\"user-manager\",\"@id\":\"https:\\\/\\\/www.meydan.tv\\\/az\\\/#\\\/schema\\\/person\\\/10d11eccf6da3662cf5fdab9806ea91a\"},\"headline\":\"\u015eamax\u0131 sakini: Prezident\u0259 t\u0259\u015f\u0259kk\u00fcr m\u0259ktubu yazd\u0131r\u0131b, ev verm\u0259dil\u0259r\",\"datePublished\":\"2020-05-27T12:40:13+00:00\",\"mainEntityOfPage\":{\"@id\":\"https:\\\/\\\/www.meydan.tv\\\/az\\\/article\\\/samaxi-sakini-prezidente-tesekkur-mektubu-yazdirib-ev-vermediler\\\/\"},\"wordCount\":1447,\"publisher\":{\"@id\":\"https:\\\/\\\/www.meydan.tv\\\/az\\\/#organization\"},\"image\":{\"@id\":\"https:\\\/\\\/www.meydan.tv\\\/az\\\/article\\\/samaxi-sakini-prezidente-tesekkur-mektubu-yazdirib-ev-vermediler\\\/#primaryimage\"},\"thumbnailUrl\":\"https:\\\/\\\/www.meydan.tv\\\/wp-content\\\/uploads\\\/reg_shamaxi_cadir.jpg\",\"articleSection\":[\"B\u00f6lg\u0259\"],\"inLanguage\":\"az\"},{\"@type\":\"WebPage\",\"@id\":\"https:\\\/\\\/www.meydan.tv\\\/az\\\/article\\\/samaxi-sakini-prezidente-tesekkur-mektubu-yazdirib-ev-vermediler\\\/\",\"url\":\"https:\\\/\\\/www.meydan.tv\\\/az\\\/article\\\/samaxi-sakini-prezidente-tesekkur-mektubu-yazdirib-ev-vermediler\\\/\",\"name\":\"\u015eamax\u0131 sakini: Prezident\u0259 t\u0259\u015f\u0259kk\u00fcr m\u0259ktubu yazd\u0131r\u0131b, ev verm\u0259dil\u0259r - MEYDAN.TV\",\"isPartOf\":{\"@id\":\"https:\\\/\\\/www.meydan.tv\\\/az\\\/#website\"},\"primaryImageOfPage\":{\"@id\":\"https:\\\/\\\/www.meydan.tv\\\/az\\\/article\\\/samaxi-sakini-prezidente-tesekkur-mektubu-yazdirib-ev-vermediler\\\/#primaryimage\"},\"image\":{\"@id\":\"https:\\\/\\\/www.meydan.tv\\\/az\\\/article\\\/samaxi-sakini-prezidente-tesekkur-mektubu-yazdirib-ev-vermediler\\\/#primaryimage\"},\"thumbnailUrl\":\"https:\\\/\\\/www.meydan.tv\\\/wp-content\\\/uploads\\\/reg_shamaxi_cadir.jpg\",\"datePublished\":\"2020-05-27T12:40:13+00:00\",\"breadcrumb\":{\"@id\":\"https:\\\/\\\/www.meydan.tv\\\/az\\\/article\\\/samaxi-sakini-prezidente-tesekkur-mektubu-yazdirib-ev-vermediler\\\/#breadcrumb\"},\"inLanguage\":\"az\",\"potentialAction\":[{\"@type\":\"ReadAction\",\"target\":[\"https:\\\/\\\/www.meydan.tv\\\/az\\\/article\\\/samaxi-sakini-prezidente-tesekkur-mektubu-yazdirib-ev-vermediler\\\/\"]}]},{\"@type\":\"ImageObject\",\"inLanguage\":\"az\",\"@id\":\"https:\\\/\\\/www.meydan.tv\\\/az\\\/article\\\/samaxi-sakini-prezidente-tesekkur-mektubu-yazdirib-ev-vermediler\\\/#primaryimage\",\"url\":\"https:\\\/\\\/www.meydan.tv\\\/wp-content\\\/uploads\\\/reg_shamaxi_cadir.jpg\",\"contentUrl\":\"https:\\\/\\\/www.meydan.tv\\\/wp-content\\\/uploads\\\/reg_shamaxi_cadir.jpg\",\"width\":1280,\"height\":590,\"caption\":\"Source: Specify Source\"},{\"@type\":\"BreadcrumbList\",\"@id\":\"https:\\\/\\\/www.meydan.tv\\\/az\\\/article\\\/samaxi-sakini-prezidente-tesekkur-mektubu-yazdirib-ev-vermediler\\\/#breadcrumb\",\"itemListElement\":[{\"@type\":\"ListItem\",\"position\":1,\"name\":\"Ana s\u0259hif\u0259\",\"item\":\"https:\\\/\\\/www.meydan.tv\\\/az\\\/\"},{\"@type\":\"ListItem\",\"position\":2,\"name\":\"B\u00f6lg\u0259\",\"item\":\"https:\\\/\\\/www.meydan.tv\\\/az\\\/section\\\/bolge\\\/\"},{\"@type\":\"ListItem\",\"position\":3,\"name\":\"\u015eamax\u0131 sakini: Prezident\u0259 t\u0259\u015f\u0259kk\u00fcr m\u0259ktubu yazd\u0131r\u0131b, ev verm\u0259dil\u0259r\"}]},{\"@type\":\"WebSite\",\"@id\":\"https:\\\/\\\/www.meydan.tv\\\/az\\\/#website\",\"url\":\"https:\\\/\\\/www.meydan.tv\\\/az\\\/\",\"name\":\"MEYDAN.TV\",\"description\":\"Meydan TV Az\u0259rbaycan\u0131n media m\u0259kan\u0131ndak\u0131 alternativ s\u0259sidir\",\"publisher\":{\"@id\":\"https:\\\/\\\/www.meydan.tv\\\/az\\\/#organization\"},\"potentialAction\":[{\"@type\":\"SearchAction\",\"target\":{\"@type\":\"EntryPoint\",\"urlTemplate\":\"https:\\\/\\\/www.meydan.tv\\\/az\\\/?s={search_term_string}\"},\"query-input\":{\"@type\":\"PropertyValueSpecification\",\"valueRequired\":true,\"valueName\":\"search_term_string\"}}],\"inLanguage\":\"az\"},{\"@type\":\"Organization\",\"@id\":\"https:\\\/\\\/www.meydan.tv\\\/az\\\/#organization\",\"name\":\"Meydan TV\",\"url\":\"https:\\\/\\\/www.meydan.tv\\\/az\\\/\",\"logo\":{\"@type\":\"ImageObject\",\"inLanguage\":\"az\",\"@id\":\"https:\\\/\\\/www.meydan.tv\\\/az\\\/#\\\/schema\\\/logo\\\/image\\\/\",\"url\":\"https:\\\/\\\/www.meydan.tv\\\/wp-content\\\/uploads\\\/2021\\\/07\\\/meydan-logo.svg\",\"contentUrl\":\"https:\\\/\\\/www.meydan.tv\\\/wp-content\\\/uploads\\\/2021\\\/07\\\/meydan-logo.svg\",\"width\":195,\"height\":46,\"caption\":\"Meydan TV\"},\"image\":{\"@id\":\"https:\\\/\\\/www.meydan.tv\\\/az\\\/#\\\/schema\\\/logo\\\/image\\\/\"}},{\"@type\":\"Person\",\"@id\":\"https:\\\/\\\/www.meydan.tv\\\/az\\\/#\\\/schema\\\/person\\\/10d11eccf6da3662cf5fdab9806ea91a\",\"name\":\"user-manager\"}]}<\/script>\n<!-- \/ Yoast SEO plugin. -->","yoast_head_json":{"title":"\u015eamax\u0131 sakini: Prezident\u0259 t\u0259\u015f\u0259kk\u00fcr m\u0259ktubu yazd\u0131r\u0131b, ev verm\u0259dil\u0259r - MEYDAN.TV","robots":{"index":"index","follow":"follow","max-snippet":"max-snippet:-1","max-image-preview":"max-image-preview:large","max-video-preview":"max-video-preview:-1"},"canonical":"https:\/\/www.meydan.tv\/az\/article\/samaxi-sakini-prezidente-tesekkur-mektubu-yazdirib-ev-vermediler\/","og_locale":"az_AZ","og_type":"article","og_title":"\u015eamax\u0131 sakini: Prezident\u0259 t\u0259\u015f\u0259kk\u00fcr m\u0259ktubu yazd\u0131r\u0131b, ev verm\u0259dil\u0259r - MEYDAN.TV","og_description":"\"Q\u0259z\u0259bimd\u0259n Heyd\u0259r \u018fliyev Fonduna z\u0259ng vurub \u015fikay\u0259t etdim\"","og_url":"https:\/\/www.meydan.tv\/az\/article\/samaxi-sakini-prezidente-tesekkur-mektubu-yazdirib-ev-vermediler\/","og_site_name":"MEYDAN.TV","article_published_time":"2020-05-27T12:40:13+00:00","og_image":[{"width":1280,"height":590,"url":"https:\/\/www.meydan.tv\/wp-content\/uploads\/reg_shamaxi_cadir.jpg","type":"image\/jpeg"}],"author":"user-manager","twitter_card":"summary_large_image","schema":{"@context":"https:\/\/schema.org","@graph":[{"@type":"Article","@id":"https:\/\/www.meydan.tv\/az\/article\/samaxi-sakini-prezidente-tesekkur-mektubu-yazdirib-ev-vermediler\/#article","isPartOf":{"@id":"https:\/\/www.meydan.tv\/az\/article\/samaxi-sakini-prezidente-tesekkur-mektubu-yazdirib-ev-vermediler\/"},"author":{"name":"user-manager","@id":"https:\/\/www.meydan.tv\/az\/#\/schema\/person\/10d11eccf6da3662cf5fdab9806ea91a"},"headline":"\u015eamax\u0131 sakini: Prezident\u0259 t\u0259\u015f\u0259kk\u00fcr m\u0259ktubu yazd\u0131r\u0131b, ev verm\u0259dil\u0259r","datePublished":"2020-05-27T12:40:13+00:00","mainEntityOfPage":{"@id":"https:\/\/www.meydan.tv\/az\/article\/samaxi-sakini-prezidente-tesekkur-mektubu-yazdirib-ev-vermediler\/"},"wordCount":1447,"publisher":{"@id":"https:\/\/www.meydan.tv\/az\/#organization"},"image":{"@id":"https:\/\/www.meydan.tv\/az\/article\/samaxi-sakini-prezidente-tesekkur-mektubu-yazdirib-ev-vermediler\/#primaryimage"},"thumbnailUrl":"https:\/\/www.meydan.tv\/wp-content\/uploads\/reg_shamaxi_cadir.jpg","articleSection":["B\u00f6lg\u0259"],"inLanguage":"az"},{"@type":"WebPage","@id":"https:\/\/www.meydan.tv\/az\/article\/samaxi-sakini-prezidente-tesekkur-mektubu-yazdirib-ev-vermediler\/","url":"https:\/\/www.meydan.tv\/az\/article\/samaxi-sakini-prezidente-tesekkur-mektubu-yazdirib-ev-vermediler\/","name":"\u015eamax\u0131 sakini: Prezident\u0259 t\u0259\u015f\u0259kk\u00fcr m\u0259ktubu yazd\u0131r\u0131b, ev verm\u0259dil\u0259r - MEYDAN.TV","isPartOf":{"@id":"https:\/\/www.meydan.tv\/az\/#website"},"primaryImageOfPage":{"@id":"https:\/\/www.meydan.tv\/az\/article\/samaxi-sakini-prezidente-tesekkur-mektubu-yazdirib-ev-vermediler\/#primaryimage"},"image":{"@id":"https:\/\/www.meydan.tv\/az\/article\/samaxi-sakini-prezidente-tesekkur-mektubu-yazdirib-ev-vermediler\/#primaryimage"},"thumbnailUrl":"https:\/\/www.meydan.tv\/wp-content\/uploads\/reg_shamaxi_cadir.jpg","datePublished":"2020-05-27T12:40:13+00:00","breadcrumb":{"@id":"https:\/\/www.meydan.tv\/az\/article\/samaxi-sakini-prezidente-tesekkur-mektubu-yazdirib-ev-vermediler\/#breadcrumb"},"inLanguage":"az","potentialAction":[{"@type":"ReadAction","target":["https:\/\/www.meydan.tv\/az\/article\/samaxi-sakini-prezidente-tesekkur-mektubu-yazdirib-ev-vermediler\/"]}]},{"@type":"ImageObject","inLanguage":"az","@id":"https:\/\/www.meydan.tv\/az\/article\/samaxi-sakini-prezidente-tesekkur-mektubu-yazdirib-ev-vermediler\/#primaryimage","url":"https:\/\/www.meydan.tv\/wp-content\/uploads\/reg_shamaxi_cadir.jpg","contentUrl":"https:\/\/www.meydan.tv\/wp-content\/uploads\/reg_shamaxi_cadir.jpg","width":1280,"height":590,"caption":"Source: Specify Source"},{"@type":"BreadcrumbList","@id":"https:\/\/www.meydan.tv\/az\/article\/samaxi-sakini-prezidente-tesekkur-mektubu-yazdirib-ev-vermediler\/#breadcrumb","itemListElement":[{"@type":"ListItem","position":1,"name":"Ana s\u0259hif\u0259","item":"https:\/\/www.meydan.tv\/az\/"},{"@type":"ListItem","position":2,"name":"B\u00f6lg\u0259","item":"https:\/\/www.meydan.tv\/az\/section\/bolge\/"},{"@type":"ListItem","position":3,"name":"\u015eamax\u0131 sakini: Prezident\u0259 t\u0259\u015f\u0259kk\u00fcr m\u0259ktubu yazd\u0131r\u0131b, ev verm\u0259dil\u0259r"}]},{"@type":"WebSite","@id":"https:\/\/www.meydan.tv\/az\/#website","url":"https:\/\/www.meydan.tv\/az\/","name":"MEYDAN.TV","description":"Meydan TV Az\u0259rbaycan\u0131n media m\u0259kan\u0131ndak\u0131 alternativ s\u0259sidir","publisher":{"@id":"https:\/\/www.meydan.tv\/az\/#organization"},"potentialAction":[{"@type":"SearchAction","target":{"@type":"EntryPoint","urlTemplate":"https:\/\/www.meydan.tv\/az\/?s={search_term_string}"},"query-input":{"@type":"PropertyValueSpecification","valueRequired":true,"valueName":"search_term_string"}}],"inLanguage":"az"},{"@type":"Organization","@id":"https:\/\/www.meydan.tv\/az\/#organization","name":"Meydan TV","url":"https:\/\/www.meydan.tv\/az\/","logo":{"@type":"ImageObject","inLanguage":"az","@id":"https:\/\/www.meydan.tv\/az\/#\/schema\/logo\/image\/","url":"https:\/\/www.meydan.tv\/wp-content\/uploads\/2021\/07\/meydan-logo.svg","contentUrl":"https:\/\/www.meydan.tv\/wp-content\/uploads\/2021\/07\/meydan-logo.svg","width":195,"height":46,"caption":"Meydan TV"},"image":{"@id":"https:\/\/www.meydan.tv\/az\/#\/schema\/logo\/image\/"}},{"@type":"Person","@id":"https:\/\/www.meydan.tv\/az\/#\/schema\/person\/10d11eccf6da3662cf5fdab9806ea91a","name":"user-manager"}]}},"_links":{"self":[{"href":"https:\/\/www.meydan.tv\/az\/wp-json\/wp\/v2\/posts\/200745","targetHints":{"allow":["GET"]}}],"collection":[{"href":"https:\/\/www.meydan.tv\/az\/wp-json\/wp\/v2\/posts"}],"about":[{"href":"https:\/\/www.meydan.tv\/az\/wp-json\/wp\/v2\/types\/post"}],"author":[{"embeddable":true,"href":"https:\/\/www.meydan.tv\/az\/wp-json\/wp\/v2\/users\/11"}],"replies":[{"embeddable":true,"href":"https:\/\/www.meydan.tv\/az\/wp-json\/wp\/v2\/comments?post=200745"}],"version-history":[{"count":0,"href":"https:\/\/www.meydan.tv\/az\/wp-json\/wp\/v2\/posts\/200745\/revisions"}],"wp:featuredmedia":[{"embeddable":true,"href":"https:\/\/www.meydan.tv\/az\/wp-json\/wp\/v2\/media\/142339"}],"wp:attachment":[{"href":"https:\/\/www.meydan.tv\/az\/wp-json\/wp\/v2\/media?parent=200745"}],"wp:term":[{"taxonomy":"category","embeddable":true,"href":"https:\/\/www.meydan.tv\/az\/wp-json\/wp\/v2\/categories?post=200745"},{"taxonomy":"post_tag","embeddable":true,"href":"https:\/\/www.meydan.tv\/az\/wp-json\/wp\/v2\/tags?post=200745"}],"curies":[{"name":"wp","href":"https:\/\/api.w.org\/{rel}","templated":true}]}}