{"id":200725,"date":"2020-05-25T13:08:06","date_gmt":"2020-05-25T13:08:06","guid":{"rendered":"https:\/\/www.meydan.tv\/article\/rayonda-narkotikin-dovriyyesini-ifsa-etdiyime-gore-polis-meni-incidir\/"},"modified":"2020-05-25T13:08:06","modified_gmt":"2020-05-25T13:08:06","slug":"rayonda-narkotikin-dovriyyesini-ifsa-etdiyime-gore-polis-meni-incidir","status":"publish","type":"post","link":"https:\/\/www.meydan.tv\/az\/article\/rayonda-narkotikin-dovriyyesini-ifsa-etdiyime-gore-polis-meni-incidir\/","title":{"rendered":"\u201cRayonda narkotikin d\u00f6vriyy\u0259sini if\u015fa etdiyim\u0259 g\u00f6r\u0259 polis m\u0259ni incidir\u201d"},"content":{"rendered":"<p>\n  <i><br \/>\n    Quba sakini polis t\u0259r\u0259find\u0259n incidildiyini deyir<br \/>\n  <\/i>\n<\/p>\n<p>\n  \u201cM\u0259hk\u0259m\u0259 binas\u0131n\u0131n d\u0259hlizind\u0259 polis \u015f\u00f6b\u0259sinin \u0130TB sah\u0259 r\u0259isi \u015e\u0259hriyar Babayev dedi ki, 10 sutka \u0259limizd\u0259 olacaqsan, s\u0259ni burdan \u015f\u00f6b\u0259y\u0259 qaytar\u0131b butulkaya oturdaca\u011f\u0131q, onda bil\u0259c\u0259ks\u0259n yuxar\u0131lara yazmaq n\u0259 dem\u0259kdir. D\u00fc\u015f\u00fcnd\u00fcm ki, bunlardan h\u0259r \u015fey g\u00f6zl\u0259m\u0259k olar. Ona g\u00f6r\u0259 d\u0259 \u00f6z\u00fcml\u0259 g\u00f6t\u00fcrd\u00fcy\u00fcm \u00fclg\u00fccl\u0259 el\u0259 m\u0259hk\u0259m\u0259 zal\u0131nda qolumu k\u0259sdim. G\u00f6zl\u0259rimi a\u00e7anda g\u00f6rd\u00fcm ki, rayondak\u0131 Diaqnostika M\u0259rk\u0259zind\u0259y\u0259m, qoluma sar\u011f\u0131 qoyublar. Ordan m\u0259ni m\u0259hk\u0259m\u0259y\u0259 qaytard\u0131lar, m\u0259hk\u0259m\u0259 10 sutka k\u0259sdi, qaytar\u0131b polis \u015f\u00f6b\u0259sin\u0259 apard\u0131lar. Ancaq damar\u0131m\u0131 k\u0259sdiyim\u0259 g\u00f6r\u0259 m\u0259nd\u0259n \u00e7\u0259kinirdil\u0259r dey\u0259, 10 g\u00fcn \u0259rzind\u0259 d\u0259yib dola\u015fmad\u0131lar\u201d.\n<\/p>\n<p>\n  <b><br \/>\n    \u201cBa\u015f Narkotikl\u0259rl\u0259 M\u00fcbariz\u0259 \u0130dar\u0259sin\u0259 yazma\u011f\u0131m polisl\u0259ri narahat edir\u201d<br \/>\n  <\/b>\n<\/p>\n<p>\n  Quba sakini R\u0259\u015fid M\u0259mm\u0259dov Meydan TV-y\u0259 dan\u0131\u015f\u0131r ki, rayonda narkotik vasit\u0259l\u0259rin qanunsuz d\u00f6vriyy\u0259si il\u0259 ba\u011fl\u0131 bir ne\u00e7\u0259 d\u0259f\u0259 Daxili \u0130\u015fl\u0259r Nazirliyin\u0259 m\u00fcraci\u0259t edib. Nazirliyin Ba\u015f Narkotikl\u0259rl\u0259 M\u00fcbariz\u0259 \u0130dar\u0259si onun m\u0259lumatlar\u0131 \u0259sas\u0131nda rayonda u\u011furlu \u0259m\u0259liyyatlar h\u0259yata ke\u00e7irib. H\u0259tta buna g\u00f6r\u0259 idar\u0259 t\u0259r\u0259find\u0259n R\u0259\u015fid M\u0259mm\u0259dova iki d\u0259f\u0259 t\u0259\u015f\u0259kk\u00fcr m\u0259ktubu da g\u00f6nd\u0259rilib. Ancaq dem\u0259sin\u0259 g\u00f6r\u0259, onun bu f\u0259aliyy\u0259ti yerli polisin xo\u015funa g\u0259lm\u0259yib:\n<\/p>\n<p>\n  \u201cNarkotikl\u0259rl\u0259 ba\u011fl\u0131 nazirliy\u0259 yaz\u0131ram dey\u0259, m\u0259ni \u015f\u0259rl\u0259m\u0259k \u00fc\u00e7\u00fcn yerli polisin \u00e7\u0131xmad\u0131\u011f\u0131 oyun qalmay\u0131b. Mart\u0131n 20-d\u0259 D\u00f6vl\u0259t Avtomobil N\u0259qliyyat\u0131 Xidm\u0259tinin, aprelin 15-d\u0259 \u201cU\u011furlu yol\u201d MMC-nin i\u015f\u00e7il\u0259ri m\u0259nim v\u0259 \u015f\u0259hid anas\u0131 olan tan\u0131\u015f\u0131m Q\u0259\u015f\u0259ng xan\u0131m\u0131n \u00fcst\u00fcn\u0259 h\u00fccum \u00e7\u0259kdil\u0259r. H\u0259r ikisind\u0259 d\u0259 D\u0130N-nin 102 xidm\u0259tin\u0259 z\u0259ng vurub m\u0259ni v\u0259 yax\u0131n tan\u0131\u015flar\u0131m\u0131 \u015f\u0259rl\u0259dil\u0259r ki, guya biz onlar\u0131 d\u00f6y\u00fcb, s\u00f6y\u00fcb, t\u0259hqir etmi\u015fik. H\u0259r iki \u015fikay\u0259t qondarma oldu\u011funa g\u00f6r\u0259 polis m\u0259n\u0259 v\u0259 yax\u0131n tan\u0131\u015flar\u0131ma qar\u015f\u0131 istifad\u0259 ed\u0259 bilm\u0259di. Bar\u0259mizd\u0259 cinay\u0259t i\u015fi ba\u015flanmas\u0131n\u0131 r\u0259dd edib, bizi inzibati m\u0259suliyy\u0259t\u0259 c\u0259lb etdi.\n<\/p>\n<p>\n  <b><br \/>\n    \u201cDedi, s\u0259ni \u015f\u00f6b\u0259y\u0259 qaytarandan sonra dal\u0131na but\u0131lka yerid\u0259c\u0259yik\u201d<br \/>\n  <\/b>\n<\/p>\n<p>\n  R\u0259\u015fid M\u0259mm\u0259dov deyir, may\u0131n 1-d\u0259 Polis \u015f\u00f6b\u0259sinin \u0130TB sah\u0259 r\u0259isi \u015e\u0259hriyar Babayev ona z\u0259ng vuraraq rayon polis \u015f\u00f6b\u0259sin\u0259 d\u0259v\u0259t edib:\n<\/p>\n<p>\n  \u201cDedi, xeyriniz\u0259 q\u0259rar \u00e7\u0131x\u0131b, adlar\u0131 i\u015fd\u0259 ke\u00e7\u0259n tan\u0131\u015flar\u0131n\u0131 da g\u00f6t\u00fcr, g\u0259l \u015f\u00f6b\u0259y\u0259. Q\u0259\u015f\u0259ng xan\u0131ma, q\u0131z\u0131 R\u0259\u015fx\u0259nd\u0259 xan\u0131ma, hadis\u0259nin \u015fahidi olmu\u015f \u00c7ingiz adl\u0131 tan\u0131\u015f\u0131ma da x\u0259b\u0259r el\u0259dim, birlikd\u0259 \u015f\u00f6b\u0259y\u0259 getdik. \u0130\u00e7\u0259ri gir\u0259nd\u0259n bir ne\u00e7\u0259 d\u0259qiq\u0259 sonra \u2013 sah\u0259 m\u00fcv\u0259kkilinin v\u0259 dig\u0259r polis i\u015f\u00e7il\u0259rinin biziml\u0259 davran\u0131\u015f\u0131ndan anlad\u0131m ki, bura yax\u015f\u0131 niyy\u0259tl\u0259 \u00e7a\u011f\u0131r\u0131lmam\u0131\u015f\u0131q. S\u0259h\u0259r saat 9-dan g\u00fcnorta 2-y\u0259 kimi \u015f\u00f6b\u0259d\u0259 saxlad\u0131lar. Otaqda stullar olsa da, sah\u0259 m\u00fcv\u0259kkili m\u0259ni oturma\u011fa qoymad\u0131, g\u00fcnortayacan ayaq \u00fcst\u0259 saxlad\u0131. G\u00fcnorta qollar\u0131m\u0131 qandallay\u0131b post-patrul ma\u015f\u0131n\u0131na mindirib, rayon m\u0259hk\u0259m\u0259sin\u0259 g\u0259tirdil\u0259r. V\u0259kil t\u0259l\u0259b etdim, bildirdim ki, v\u0259kil g\u0259lm\u0259yinc\u0259 m\u0259hk\u0259m\u0259 zal\u0131na girm\u0259y\u0259c\u0259m. \u015e\u0259hriyar Babayev yax\u0131nla\u015f\u0131b dedi, \u201cn\u0259 v\u0259kil, v\u0259kil salm\u0131san, onsuz da indi hakim 10 sutka ver\u0259c\u0259k, \u015f\u00f6b\u0259y\u0259 qaytar\u0131b \u201cdal\u0131na but\u0131lka soxaca\u011f\u0131q, onda bil\u0259c\u0259ks\u0259n ayda bir d\u0259f\u0259 nazirliy\u0259 \u015fikay\u0259t yazmaq nec\u0259 olur\u201d. Bunu e\u015fid\u0259nd\u0259n sonra m\u0259qs\u0259dl\u0259rini anlad\u0131m. Zala gir\u0259n kimi \u00f6z\u00fcml\u0259 g\u00f6t\u00fcrd\u00fcy\u00fcm \u00fclg\u00fccl\u0259 damar\u0131m\u0131 k\u0259sdim. Arxadan vurub yer\u0259 y\u0131xd\u0131lar. 10 d\u0259qiq\u0259 yerd\u0259 y\u0131x\u0131l\u0131 v\u0259ziyy\u0259td\u0259 qald\u0131m, rayondak\u0131 Diaqnostika M\u0259rk\u0259zin\u0259 \u00e7atd\u0131r\u0131lanad\u0259k hu\u015fumu itirdim\u201d.\n<\/p>\n<p>\n  <b><br \/>\n    M\u0259hk\u0259m\u0259 10 sutka h\u0259bs k\u0259sib<br \/>\n  <\/b>\n<\/p>\n<p>\n  Diaqnostika M\u0259rk\u0259zind\u0259 yaralara tiki\u015f qoyulduqdan sonra R\u0259\u015fid M\u0259mm\u0259dov Quba Rayon M\u0259hk\u0259m\u0259sin\u0259 qaytar\u0131l\u0131b. M\u0259hk\u0259m\u0259 Quba rayon Polis \u015e\u00f6b\u0259sind\u0259n daxil olan inzibati x\u0259ta haqq\u0131nda materiala \u0259sas\u0259n R\u0259\u015fid M\u0259mm\u0259dova 10 g\u00fcn m\u00fcdd\u0259tin\u0259 inzibati h\u0259bs k\u0259sib.\n<\/p>\n<p>\n  R\u0259\u015fid M\u0259mm\u0259dovun s\u00f6zl\u0259rin\u0259 g\u00f6r\u0259, \u015f\u00f6b\u0259nin t\u0259cridxanas\u0131nda saxland\u0131\u011f\u0131 10 g\u00fcn \u0259rzind\u0259 ona d\u0259yib-dola\u015fan olmay\u0131b. D\u00fc\u015f\u00fcn\u00fcr ki, \u00f6z\u00fcn\u0259 q\u0259sd etm\u0259si polisl\u0259ri kobud davran\u0131\u015fdan \u00e7\u0259kindirib. 10 g\u00fcnl\u00fck inzibati h\u0259bs m\u00fcdd\u0259tini ba\u015fa vurub azadl\u0131\u011fa \u00e7\u0131xd\u0131qdan sonra o, \u015fikay\u0259t \u0259riz\u0259si il\u0259 rayon prokurorlu\u011funa m\u00fcraci\u0259t edib. Ancaq \u0259riz\u0259sinin obyektiv ara\u015fd\u0131r\u0131lmas\u0131na inanm\u0131r:\n<\/p>\n<p>\n  \u201cM\u0259nim \u0259riz\u0259mi ara\u015fd\u0131ran t\u0259hqiqat\u00e7\u0131 b\u00fct\u00fcn g\u00fcn\u00fc rayon polis \u015f\u00f6b\u0259sinin i\u015f\u00e7il\u0259riyl\u0259 \u00e7ayxanalardad\u0131r. M\u0259nims\u0259 \u015fikay\u0259tim el\u0259 h\u0259min polisl\u0259rd\u0259ndir. Ona g\u00f6r\u0259 d\u0259 h\u0259min t\u0259hqiqat\u00e7\u0131n\u0131n \u015fikay\u0259timi obyektiv ara\u015fd\u0131raca\u011f\u0131na inanm\u0131ram\u201d. Ba\u015f Narkotikl\u0259rl\u0259 M\u00fcbariz\u0259 \u0130dar\u0259si R\u0259\u015fid M\u0259mm\u0259dova iki d\u0259f\u0259 t\u0259\u015f\u0259kk\u00fcr m\u0259ktubu g\u00f6nd\u0259rib. 26 avqust 2019-cu il v\u0259 28 aprel 2020-ci il tarixli m\u0259ktublarda qeyd olunub ki, \u201c.. Daxili \u0130\u015fl\u0259r Nazirliyin\u0259 \u00fcnvanlad\u0131\u011f\u0131n\u0131z m\u00fcraci\u0259t\u0259 nazirliyin Ba\u015f Narkotikl\u0259rl\u0259 M\u00fcbariz\u0259 \u0130dar\u0259sind\u0259 bax\u0131l\u0131b. Ke\u00e7irimi\u015f \u0259m\u0259liyyat-axtar\u0131\u015f t\u0259dbirl\u0259ri n\u0259tic\u0259sind\u0259 m\u0259lumat t\u0259sdiqini tap\u0131b\u201d. \u0130dar\u0259 r\u0259hbb\u0259rliyi narkotik vasit\u0259l\u0259rin qanunsuz d\u00f6vriyy\u0259si il\u0259 m\u0259\u015f\u011ful olan \u015f\u0259xsl\u0259rin cinay\u0259t ba\u015f\u0131nda yaxalanmas\u0131 \u00fc\u00e7\u00fcn ictimai f\u0259all\u0131q g\u00f6st\u0259rdiyin\u0259 v\u0259 polis\u0259 k\u00f6m\u0259klik g\u00f6st\u0259rdiyin\u0259 g\u00f6r\u0259 R\u0259\u015fid M\u0259mm\u0259dova t\u0259\u015f\u0259kk\u00fcr edib.\n<\/p>\n<p>\n  <b><br \/>\n    \u201cR\u0259is m\u00fcavinl\u0259ri \u00e7a\u011f\u0131r\u0131b deyir, yaz\u0131-pozunu y\u0131\u011f\u0131\u015fd\u0131r\u201d<br \/>\n  <\/b>\n<\/p>\n<p>\n  R\u0259\u015fid M\u0259mm\u0259dov deyir, h\u0259r d\u0259f\u0259 Ba\u015f Narkotikl\u0259rl\u0259 M\u00fcbariz\u0259 \u0130dar\u0259si onun m\u0259lumatlar\u0131 \u0259sas\u0131nda \u0259m\u0259liyyat ke\u00e7irdikd\u0259n sonra yerli polis \u015f\u00f6b\u0259si onu incidir:\n<\/p>\n<p>\n  \u201cBir d\u0259f\u0259 r\u0259is m\u00fcavini B\u0259hruz m\u00fc\u0259llim \u00e7a\u011f\u0131rd\u0131, dedi, niy\u0259 ora-bura yaz\u0131rsan? Dedim, iki \u00f6vlad\u0131m var, onlar\u0131 sa\u011flam m\u00fchitd\u0259 b\u00f6y\u00fctm\u0259k ist\u0259yir\u0259m, narkomanlar\u0131n \u0259lind\u0259n k\u00fc\u00e7\u0259y\u0259 \u00e7\u0131xmaq olmur. Siz m\u0259\u015f\u011ful olmursunuz, m\u0259cbur oluram ki, sizin i\u015finizi m\u0259n g\u00f6r\u0259m. Bundan bir m\u00fcdd\u0259t sonra r\u0259isin dig\u0259r m\u00fcavini K\u0259nan m\u00fc\u0259llim \u00e7a\u011f\u0131rd\u0131, o da t\u0259nbeh el\u0259di, yaz\u0131-pozunu y\u0131\u011f\u0131\u015fd\u0131r. Bir g\u00fcn k\u00fc\u00e7\u0259d\u0259 \u00fcst\u00fcm\u0259 t\u00f6k\u00fcl\u00fc\u015f\u00fcb, tutub polis \u015f\u00f6b\u0259sin\u0259 apard\u0131lar. Dedil\u0259r, s\u0259n AXCP-y\u0259 \u00fczv olmusan, dedim, 2013-c\u00fc ild\u0259n YAP \u00fczv\u00fcy\u0259m. 3-4 saat saxlay\u0131b buraxd\u0131lar. D\u0259f\u0259l\u0259rl\u0259 \u00f6yr\u0259dilmi\u015f adamalar\u0131 \u00fcst\u00fcm\u0259 sald\u0131lar, \u015f\u0259rl\u0259m\u0259k ist\u0259dil\u0259r\u201d.\n<\/p>\n<p>\n  <b><br \/>\n    \u201cDeyil\u0259nl\u0259rin \u0259sas\u0131 yoxdur\u201d<br \/>\n  <\/b>\n<\/p>\n<p>\n  Quba Rayon Polis \u015e\u00f6b\u0259sind\u0259n Meydan TV-y\u0259 bildirilib ki, \u015f\u00f6b\u0259 r\u0259hb\u0259rliyi R\u0259\u015fid M\u0259mm\u0259dovun narkotikl\u0259rin yay\u0131lmas\u0131n\u0131n qar\u015f\u0131s\u0131n\u0131n al\u0131nmas\u0131nda polis\u0259 ictimai k\u00f6m\u0259yini d\u0259st\u0259kl\u0259yir v\u0259 buna g\u00f6r\u0259 polis t\u0259r\u0259find\u0259n t\u0259zyiql\u0259r\u0259 m\u0259ruz qalmas\u0131 bar\u0259d\u0259 dedikl\u0259ri \u0259sass\u0131zd\u0131r. O v\u0259 tan\u0131\u015flar\u0131 Q\u0259\u015f\u0259ng A\u011fas\u0131yeva, R\u0259\u015fx\u0259nd\u0259 A\u011fas\u0131yeva v\u0259 \u00c7ingiz \u015eeydayevl\u0259 birlikd\u0259 mart\u0131n 20-d\u0259 D\u00f6vl\u0259t Avtomobil N\u0259qliyyat\u0131 Xidm\u0259tinin i\u015f\u00e7il\u0259rini, aprelin 15-d\u0259 \u201cU\u011furlu yol\u201d MMC-nin i\u015f\u00e7il\u0259rini s\u00f6y\u0259r\u0259k t\u0259hqir edib. H\u0259r iki faktla ba\u011fl\u0131 inzibati x\u0259ta haqq\u0131nda protokol t\u0259rtib olunub v\u0259 m\u0259hk\u0259m\u0259y\u0259 g\u00f6nd\u0259rilib. M\u0259hk\u0259m\u0259 \u0130nzibati X\u0259talar M\u0259c\u0259ll\u0259sinin 510-cu madd\u0259si il\u0259 (x\u0131rda xuliqanl\u0131q) t\u0259qsirl\u0259ndiril\u0259r\u0259k Quba Rayon M\u0259hk\u0259m\u0259si t\u0259r\u0259find\u0259n bar\u0259sind\u0259 10 g\u00fcn m\u00fcdd\u0259tin\u0259 inzibati h\u0259bs q\u0259rar\u0131 \u00e7\u0131xar\u0131l\u0131b. N\u0259 h\u0259bsd\u0259n \u0259vv\u0259l, n\u0259 d\u0259 h\u0259bsd\u0259 saxland\u0131\u011f\u0131 m\u00fcdd\u0259td\u0259 ona qar\u015f\u0131 h\u0259r hans\u0131 \u015f\u0259xsiyy\u0259tin\u0259 qar\u015f\u0131 y\u00f6n\u0259l\u0259n s\u00f6z deyilib, n\u0259 d\u0259 h\u0259r\u0259k\u0259t edilib. H\u0259bs q\u0259rar\u0131ndan naraz\u0131l\u0131\u011f\u0131 varsa, yuxar\u0131 m\u0259hk\u0259m\u0259l\u0259r\u0259 \u015fikay\u0259t ver\u0259 bil\u0259r.\n<\/p>\n<p>\n  Quba Rayon Prokurorlu\u011fundan bildirilib ki, R\u0259\u015fid M\u0259mm\u0259dovun \u015fikay\u0259ti ara\u015fd\u0131rma m\u0259rh\u0259l\u0259sind\u0259 oldu\u011fu \u00fc\u00e7\u00fcn h\u0259r hans\u0131 m\u0259lumat ver\u0259 bilm\u0259zl\u0259r.\n<\/p>\n<figure class=\"wp-block-image size-large\">\n  <img decoding=\"async\" src=\"https:\/\/www.meydan.tv\/az\/image-from-ios-6-jpg-3\/\" alt=\"Image from iOS (6).jpg\" class=\"wp-image-142261\"\/><figcaption>\n    S\u0259n\u0259dl\u0259r<br \/>\n  <\/figcaption><\/figure>\n","protected":false},"excerpt":{"rendered":"<p>Quba sakini polis t\u0259r\u0259find\u0259n incidildiyini deyir<\/p>\n","protected":false},"author":11,"featured_media":142258,"comment_status":"closed","ping_status":"open","sticky":false,"template":"","format":"standard","meta":{"_acf_changed":false,"_sitemap_exclude":false,"_sitemap_priority":"","_sitemap_frequency":"","footnotes":""},"categories":[60],"tags":[],"class_list":["post-200725","post","type-post","status-publish","format-standard","has-post-thumbnail","hentry","category-bolge","infinite-scroll-item","generate-columns","tablet-grid-50","mobile-grid-100","grid-parent","grid-33","no-featured-image-padding"],"acf":[],"yoast_head":"<!-- This site is optimized with the Yoast SEO plugin v27.5 - https:\/\/yoast.com\/product\/yoast-seo-wordpress\/ -->\n<title>\u201cRayonda narkotikin d\u00f6vriyy\u0259sini if\u015fa etdiyim\u0259 g\u00f6r\u0259 polis m\u0259ni incidir\u201d - MEYDAN.TV<\/title>\n<meta name=\"robots\" content=\"index, follow, max-snippet:-1, max-image-preview:large, max-video-preview:-1\" \/>\n<link rel=\"canonical\" href=\"https:\/\/www.meydan.tv\/az\/article\/rayonda-narkotikin-dovriyyesini-ifsa-etdiyime-gore-polis-meni-incidir\/\" \/>\n<meta property=\"og:locale\" content=\"az_AZ\" \/>\n<meta property=\"og:type\" content=\"article\" \/>\n<meta property=\"og:title\" content=\"\u201cRayonda narkotikin d\u00f6vriyy\u0259sini if\u015fa etdiyim\u0259 g\u00f6r\u0259 polis m\u0259ni incidir\u201d - MEYDAN.TV\" \/>\n<meta property=\"og:description\" content=\"Quba sakini polis t\u0259r\u0259find\u0259n incidildiyini deyir\" \/>\n<meta property=\"og:url\" content=\"https:\/\/www.meydan.tv\/az\/article\/rayonda-narkotikin-dovriyyesini-ifsa-etdiyime-gore-polis-meni-incidir\/\" \/>\n<meta property=\"og:site_name\" content=\"MEYDAN.TV\" \/>\n<meta property=\"article:published_time\" content=\"2020-05-25T13:08:06+00:00\" \/>\n<meta property=\"og:image\" content=\"https:\/\/www.meydan.tv\/wp-content\/uploads\/image_from_ios_5_paolcpe.jpg\" \/>\n\t<meta property=\"og:image:width\" content=\"1280\" \/>\n\t<meta property=\"og:image:height\" content=\"960\" \/>\n\t<meta property=\"og:image:type\" content=\"image\/jpeg\" \/>\n<meta name=\"author\" content=\"user-manager\" \/>\n<meta name=\"twitter:card\" content=\"summary_large_image\" \/>\n<script type=\"application\/ld+json\" class=\"yoast-schema-graph\">{\"@context\":\"https:\\\/\\\/schema.org\",\"@graph\":[{\"@type\":\"Article\",\"@id\":\"https:\\\/\\\/www.meydan.tv\\\/az\\\/article\\\/rayonda-narkotikin-dovriyyesini-ifsa-etdiyime-gore-polis-meni-incidir\\\/#article\",\"isPartOf\":{\"@id\":\"https:\\\/\\\/www.meydan.tv\\\/az\\\/article\\\/rayonda-narkotikin-dovriyyesini-ifsa-etdiyime-gore-polis-meni-incidir\\\/\"},\"author\":{\"name\":\"user-manager\",\"@id\":\"https:\\\/\\\/www.meydan.tv\\\/az\\\/#\\\/schema\\\/person\\\/10d11eccf6da3662cf5fdab9806ea91a\"},\"headline\":\"\u201cRayonda narkotikin d\u00f6vriyy\u0259sini if\u015fa etdiyim\u0259 g\u00f6r\u0259 polis m\u0259ni incidir\u201d\",\"datePublished\":\"2020-05-25T13:08:06+00:00\",\"mainEntityOfPage\":{\"@id\":\"https:\\\/\\\/www.meydan.tv\\\/az\\\/article\\\/rayonda-narkotikin-dovriyyesini-ifsa-etdiyime-gore-polis-meni-incidir\\\/\"},\"wordCount\":1513,\"publisher\":{\"@id\":\"https:\\\/\\\/www.meydan.tv\\\/az\\\/#organization\"},\"image\":{\"@id\":\"https:\\\/\\\/www.meydan.tv\\\/az\\\/article\\\/rayonda-narkotikin-dovriyyesini-ifsa-etdiyime-gore-polis-meni-incidir\\\/#primaryimage\"},\"thumbnailUrl\":\"https:\\\/\\\/www.meydan.tv\\\/wp-content\\\/uploads\\\/image_from_ios_5_paolcpe.jpg\",\"articleSection\":[\"B\u00f6lg\u0259\"],\"inLanguage\":\"az\"},{\"@type\":\"WebPage\",\"@id\":\"https:\\\/\\\/www.meydan.tv\\\/az\\\/article\\\/rayonda-narkotikin-dovriyyesini-ifsa-etdiyime-gore-polis-meni-incidir\\\/\",\"url\":\"https:\\\/\\\/www.meydan.tv\\\/az\\\/article\\\/rayonda-narkotikin-dovriyyesini-ifsa-etdiyime-gore-polis-meni-incidir\\\/\",\"name\":\"\u201cRayonda narkotikin d\u00f6vriyy\u0259sini if\u015fa etdiyim\u0259 g\u00f6r\u0259 polis m\u0259ni incidir\u201d - MEYDAN.TV\",\"isPartOf\":{\"@id\":\"https:\\\/\\\/www.meydan.tv\\\/az\\\/#website\"},\"primaryImageOfPage\":{\"@id\":\"https:\\\/\\\/www.meydan.tv\\\/az\\\/article\\\/rayonda-narkotikin-dovriyyesini-ifsa-etdiyime-gore-polis-meni-incidir\\\/#primaryimage\"},\"image\":{\"@id\":\"https:\\\/\\\/www.meydan.tv\\\/az\\\/article\\\/rayonda-narkotikin-dovriyyesini-ifsa-etdiyime-gore-polis-meni-incidir\\\/#primaryimage\"},\"thumbnailUrl\":\"https:\\\/\\\/www.meydan.tv\\\/wp-content\\\/uploads\\\/image_from_ios_5_paolcpe.jpg\",\"datePublished\":\"2020-05-25T13:08:06+00:00\",\"breadcrumb\":{\"@id\":\"https:\\\/\\\/www.meydan.tv\\\/az\\\/article\\\/rayonda-narkotikin-dovriyyesini-ifsa-etdiyime-gore-polis-meni-incidir\\\/#breadcrumb\"},\"inLanguage\":\"az\",\"potentialAction\":[{\"@type\":\"ReadAction\",\"target\":[\"https:\\\/\\\/www.meydan.tv\\\/az\\\/article\\\/rayonda-narkotikin-dovriyyesini-ifsa-etdiyime-gore-polis-meni-incidir\\\/\"]}]},{\"@type\":\"ImageObject\",\"inLanguage\":\"az\",\"@id\":\"https:\\\/\\\/www.meydan.tv\\\/az\\\/article\\\/rayonda-narkotikin-dovriyyesini-ifsa-etdiyime-gore-polis-meni-incidir\\\/#primaryimage\",\"url\":\"https:\\\/\\\/www.meydan.tv\\\/wp-content\\\/uploads\\\/image_from_ios_5_paolcpe.jpg\",\"contentUrl\":\"https:\\\/\\\/www.meydan.tv\\\/wp-content\\\/uploads\\\/image_from_ios_5_paolcpe.jpg\",\"width\":1280,\"height\":960,\"caption\":\"Source: Meydan Tv\"},{\"@type\":\"BreadcrumbList\",\"@id\":\"https:\\\/\\\/www.meydan.tv\\\/az\\\/article\\\/rayonda-narkotikin-dovriyyesini-ifsa-etdiyime-gore-polis-meni-incidir\\\/#breadcrumb\",\"itemListElement\":[{\"@type\":\"ListItem\",\"position\":1,\"name\":\"Ana s\u0259hif\u0259\",\"item\":\"https:\\\/\\\/www.meydan.tv\\\/az\\\/\"},{\"@type\":\"ListItem\",\"position\":2,\"name\":\"B\u00f6lg\u0259\",\"item\":\"https:\\\/\\\/www.meydan.tv\\\/az\\\/section\\\/bolge\\\/\"},{\"@type\":\"ListItem\",\"position\":3,\"name\":\"\u201cRayonda narkotikin d\u00f6vriyy\u0259sini if\u015fa etdiyim\u0259 g\u00f6r\u0259 polis m\u0259ni incidir\u201d\"}]},{\"@type\":\"WebSite\",\"@id\":\"https:\\\/\\\/www.meydan.tv\\\/az\\\/#website\",\"url\":\"https:\\\/\\\/www.meydan.tv\\\/az\\\/\",\"name\":\"MEYDAN.TV\",\"description\":\"Meydan TV Az\u0259rbaycan\u0131n media m\u0259kan\u0131ndak\u0131 alternativ s\u0259sidir\",\"publisher\":{\"@id\":\"https:\\\/\\\/www.meydan.tv\\\/az\\\/#organization\"},\"potentialAction\":[{\"@type\":\"SearchAction\",\"target\":{\"@type\":\"EntryPoint\",\"urlTemplate\":\"https:\\\/\\\/www.meydan.tv\\\/az\\\/?s={search_term_string}\"},\"query-input\":{\"@type\":\"PropertyValueSpecification\",\"valueRequired\":true,\"valueName\":\"search_term_string\"}}],\"inLanguage\":\"az\"},{\"@type\":\"Organization\",\"@id\":\"https:\\\/\\\/www.meydan.tv\\\/az\\\/#organization\",\"name\":\"Meydan TV\",\"url\":\"https:\\\/\\\/www.meydan.tv\\\/az\\\/\",\"logo\":{\"@type\":\"ImageObject\",\"inLanguage\":\"az\",\"@id\":\"https:\\\/\\\/www.meydan.tv\\\/az\\\/#\\\/schema\\\/logo\\\/image\\\/\",\"url\":\"https:\\\/\\\/www.meydan.tv\\\/wp-content\\\/uploads\\\/2021\\\/07\\\/meydan-logo.svg\",\"contentUrl\":\"https:\\\/\\\/www.meydan.tv\\\/wp-content\\\/uploads\\\/2021\\\/07\\\/meydan-logo.svg\",\"width\":195,\"height\":46,\"caption\":\"Meydan TV\"},\"image\":{\"@id\":\"https:\\\/\\\/www.meydan.tv\\\/az\\\/#\\\/schema\\\/logo\\\/image\\\/\"}},{\"@type\":\"Person\",\"@id\":\"https:\\\/\\\/www.meydan.tv\\\/az\\\/#\\\/schema\\\/person\\\/10d11eccf6da3662cf5fdab9806ea91a\",\"name\":\"user-manager\"}]}<\/script>\n<!-- \/ Yoast SEO plugin. -->","yoast_head_json":{"title":"\u201cRayonda narkotikin d\u00f6vriyy\u0259sini if\u015fa etdiyim\u0259 g\u00f6r\u0259 polis m\u0259ni incidir\u201d - MEYDAN.TV","robots":{"index":"index","follow":"follow","max-snippet":"max-snippet:-1","max-image-preview":"max-image-preview:large","max-video-preview":"max-video-preview:-1"},"canonical":"https:\/\/www.meydan.tv\/az\/article\/rayonda-narkotikin-dovriyyesini-ifsa-etdiyime-gore-polis-meni-incidir\/","og_locale":"az_AZ","og_type":"article","og_title":"\u201cRayonda narkotikin d\u00f6vriyy\u0259sini if\u015fa etdiyim\u0259 g\u00f6r\u0259 polis m\u0259ni incidir\u201d - MEYDAN.TV","og_description":"Quba sakini polis t\u0259r\u0259find\u0259n incidildiyini deyir","og_url":"https:\/\/www.meydan.tv\/az\/article\/rayonda-narkotikin-dovriyyesini-ifsa-etdiyime-gore-polis-meni-incidir\/","og_site_name":"MEYDAN.TV","article_published_time":"2020-05-25T13:08:06+00:00","og_image":[{"width":1280,"height":960,"url":"https:\/\/www.meydan.tv\/wp-content\/uploads\/image_from_ios_5_paolcpe.jpg","type":"image\/jpeg"}],"author":"user-manager","twitter_card":"summary_large_image","schema":{"@context":"https:\/\/schema.org","@graph":[{"@type":"Article","@id":"https:\/\/www.meydan.tv\/az\/article\/rayonda-narkotikin-dovriyyesini-ifsa-etdiyime-gore-polis-meni-incidir\/#article","isPartOf":{"@id":"https:\/\/www.meydan.tv\/az\/article\/rayonda-narkotikin-dovriyyesini-ifsa-etdiyime-gore-polis-meni-incidir\/"},"author":{"name":"user-manager","@id":"https:\/\/www.meydan.tv\/az\/#\/schema\/person\/10d11eccf6da3662cf5fdab9806ea91a"},"headline":"\u201cRayonda narkotikin d\u00f6vriyy\u0259sini if\u015fa etdiyim\u0259 g\u00f6r\u0259 polis m\u0259ni incidir\u201d","datePublished":"2020-05-25T13:08:06+00:00","mainEntityOfPage":{"@id":"https:\/\/www.meydan.tv\/az\/article\/rayonda-narkotikin-dovriyyesini-ifsa-etdiyime-gore-polis-meni-incidir\/"},"wordCount":1513,"publisher":{"@id":"https:\/\/www.meydan.tv\/az\/#organization"},"image":{"@id":"https:\/\/www.meydan.tv\/az\/article\/rayonda-narkotikin-dovriyyesini-ifsa-etdiyime-gore-polis-meni-incidir\/#primaryimage"},"thumbnailUrl":"https:\/\/www.meydan.tv\/wp-content\/uploads\/image_from_ios_5_paolcpe.jpg","articleSection":["B\u00f6lg\u0259"],"inLanguage":"az"},{"@type":"WebPage","@id":"https:\/\/www.meydan.tv\/az\/article\/rayonda-narkotikin-dovriyyesini-ifsa-etdiyime-gore-polis-meni-incidir\/","url":"https:\/\/www.meydan.tv\/az\/article\/rayonda-narkotikin-dovriyyesini-ifsa-etdiyime-gore-polis-meni-incidir\/","name":"\u201cRayonda narkotikin d\u00f6vriyy\u0259sini if\u015fa etdiyim\u0259 g\u00f6r\u0259 polis m\u0259ni incidir\u201d - MEYDAN.TV","isPartOf":{"@id":"https:\/\/www.meydan.tv\/az\/#website"},"primaryImageOfPage":{"@id":"https:\/\/www.meydan.tv\/az\/article\/rayonda-narkotikin-dovriyyesini-ifsa-etdiyime-gore-polis-meni-incidir\/#primaryimage"},"image":{"@id":"https:\/\/www.meydan.tv\/az\/article\/rayonda-narkotikin-dovriyyesini-ifsa-etdiyime-gore-polis-meni-incidir\/#primaryimage"},"thumbnailUrl":"https:\/\/www.meydan.tv\/wp-content\/uploads\/image_from_ios_5_paolcpe.jpg","datePublished":"2020-05-25T13:08:06+00:00","breadcrumb":{"@id":"https:\/\/www.meydan.tv\/az\/article\/rayonda-narkotikin-dovriyyesini-ifsa-etdiyime-gore-polis-meni-incidir\/#breadcrumb"},"inLanguage":"az","potentialAction":[{"@type":"ReadAction","target":["https:\/\/www.meydan.tv\/az\/article\/rayonda-narkotikin-dovriyyesini-ifsa-etdiyime-gore-polis-meni-incidir\/"]}]},{"@type":"ImageObject","inLanguage":"az","@id":"https:\/\/www.meydan.tv\/az\/article\/rayonda-narkotikin-dovriyyesini-ifsa-etdiyime-gore-polis-meni-incidir\/#primaryimage","url":"https:\/\/www.meydan.tv\/wp-content\/uploads\/image_from_ios_5_paolcpe.jpg","contentUrl":"https:\/\/www.meydan.tv\/wp-content\/uploads\/image_from_ios_5_paolcpe.jpg","width":1280,"height":960,"caption":"Source: Meydan Tv"},{"@type":"BreadcrumbList","@id":"https:\/\/www.meydan.tv\/az\/article\/rayonda-narkotikin-dovriyyesini-ifsa-etdiyime-gore-polis-meni-incidir\/#breadcrumb","itemListElement":[{"@type":"ListItem","position":1,"name":"Ana s\u0259hif\u0259","item":"https:\/\/www.meydan.tv\/az\/"},{"@type":"ListItem","position":2,"name":"B\u00f6lg\u0259","item":"https:\/\/www.meydan.tv\/az\/section\/bolge\/"},{"@type":"ListItem","position":3,"name":"\u201cRayonda narkotikin d\u00f6vriyy\u0259sini if\u015fa etdiyim\u0259 g\u00f6r\u0259 polis m\u0259ni incidir\u201d"}]},{"@type":"WebSite","@id":"https:\/\/www.meydan.tv\/az\/#website","url":"https:\/\/www.meydan.tv\/az\/","name":"MEYDAN.TV","description":"Meydan TV Az\u0259rbaycan\u0131n media m\u0259kan\u0131ndak\u0131 alternativ s\u0259sidir","publisher":{"@id":"https:\/\/www.meydan.tv\/az\/#organization"},"potentialAction":[{"@type":"SearchAction","target":{"@type":"EntryPoint","urlTemplate":"https:\/\/www.meydan.tv\/az\/?s={search_term_string}"},"query-input":{"@type":"PropertyValueSpecification","valueRequired":true,"valueName":"search_term_string"}}],"inLanguage":"az"},{"@type":"Organization","@id":"https:\/\/www.meydan.tv\/az\/#organization","name":"Meydan TV","url":"https:\/\/www.meydan.tv\/az\/","logo":{"@type":"ImageObject","inLanguage":"az","@id":"https:\/\/www.meydan.tv\/az\/#\/schema\/logo\/image\/","url":"https:\/\/www.meydan.tv\/wp-content\/uploads\/2021\/07\/meydan-logo.svg","contentUrl":"https:\/\/www.meydan.tv\/wp-content\/uploads\/2021\/07\/meydan-logo.svg","width":195,"height":46,"caption":"Meydan TV"},"image":{"@id":"https:\/\/www.meydan.tv\/az\/#\/schema\/logo\/image\/"}},{"@type":"Person","@id":"https:\/\/www.meydan.tv\/az\/#\/schema\/person\/10d11eccf6da3662cf5fdab9806ea91a","name":"user-manager"}]}},"_links":{"self":[{"href":"https:\/\/www.meydan.tv\/az\/wp-json\/wp\/v2\/posts\/200725","targetHints":{"allow":["GET"]}}],"collection":[{"href":"https:\/\/www.meydan.tv\/az\/wp-json\/wp\/v2\/posts"}],"about":[{"href":"https:\/\/www.meydan.tv\/az\/wp-json\/wp\/v2\/types\/post"}],"author":[{"embeddable":true,"href":"https:\/\/www.meydan.tv\/az\/wp-json\/wp\/v2\/users\/11"}],"replies":[{"embeddable":true,"href":"https:\/\/www.meydan.tv\/az\/wp-json\/wp\/v2\/comments?post=200725"}],"version-history":[{"count":0,"href":"https:\/\/www.meydan.tv\/az\/wp-json\/wp\/v2\/posts\/200725\/revisions"}],"wp:featuredmedia":[{"embeddable":true,"href":"https:\/\/www.meydan.tv\/az\/wp-json\/wp\/v2\/media\/142258"}],"wp:attachment":[{"href":"https:\/\/www.meydan.tv\/az\/wp-json\/wp\/v2\/media?parent=200725"}],"wp:term":[{"taxonomy":"category","embeddable":true,"href":"https:\/\/www.meydan.tv\/az\/wp-json\/wp\/v2\/categories?post=200725"},{"taxonomy":"post_tag","embeddable":true,"href":"https:\/\/www.meydan.tv\/az\/wp-json\/wp\/v2\/tags?post=200725"}],"curies":[{"name":"wp","href":"https:\/\/api.w.org\/{rel}","templated":true}]}}