{"id":200705,"date":"2020-05-22T13:55:47","date_gmt":"2020-05-22T13:55:47","guid":{"rendered":"https:\/\/www.meydan.tv\/article\/mekteb-binasinin-tikintisinde-calismis-fehleler-4-ildir-maaslarini-ala-bilmir\/"},"modified":"2020-05-22T13:55:47","modified_gmt":"2020-05-22T13:55:47","slug":"mekteb-binasinin-tikintisinde-calismis-fehleler-4-ildir-maaslarini-ala-bilmir","status":"publish","type":"post","link":"https:\/\/www.meydan.tv\/az\/article\/mekteb-binasinin-tikintisinde-calismis-fehleler-4-ildir-maaslarini-ala-bilmir\/","title":{"rendered":"M\u0259kt\u0259b binas\u0131n\u0131n tikintisind\u0259 \u00e7al\u0131\u015fm\u0131\u015f f\u0259hl\u0259l\u0259r 4 ildir maa\u015flar\u0131n\u0131 ala bilmir"},"content":{"rendered":"<p>\n  <i><br \/>\n    F\u0259hl\u0259l\u0259r: \u201cU\u015fa\u011f\u0131 ac yatan \u0259liqabarl\u0131 f\u0259hl\u0259nin haqq\u0131n\u0131 yey\u0259n m\u0259mur bir g\u00fcn qan qusar\u201d<br \/>\n  <\/i>\n<\/p>\n<p>\n  \u201c6 il \u0259vv\u0259l m\u0259kt\u0259b binas\u0131n\u0131n tikintisin\u0259 ba\u015flam\u0131\u015f\u0131q, 4 il \u0259vv\u0259l i\u015fl\u0259r dayand\u0131r\u0131ld\u0131. Biz\u0259 olan son aylar\u0131n borcu \u00f6d\u0259nilm\u0259di. \u00d6t\u0259n 4 ild\u0259 icra hakimiyy\u0259tin\u0259, prokurorlu\u011fa, polis\u0259 gedib-g\u0259l\u0259n f\u0259hl\u0259l\u0259rd\u0259n d\u00f6rd\u00fc art\u0131q h\u0259yatda yoxdur. Sa\u011fl\u0131qlar\u0131nda z\u0259hm\u0259thaqlar\u0131n\u0131 ala bilm\u0259dil\u0259r, onlara \u00e7atacaq pullar\u0131 \u00f6l\u0259nd\u0259n sonra g\u0259tirib ail\u0259l\u0259rin\u0259 verdil\u0259r, k\u0259f\u0259n\u0259, q\u0259bir\u0259 x\u0259rcl\u0259ndi. Evind\u0259 ac, x\u0259st\u0259 balalar\u0131 olan \u0259li qabarl\u0131 f\u0259hl\u0259nin pulunu nec\u0259 m\u0259nims\u0259m\u0259k olar? Allah bu boyda haqs\u0131zl\u0131\u011f\u0131 g\u00f6t\u00fcrm\u0259z\u201d.\n<\/p>\n<p>\n  2014-c\u00fc ild\u0259 Lerikin Boyk\u0259ndil k\u0259ndind\u0259 180 yerlik m\u0259kt\u0259b tikintisin\u0259 ba\u015flan\u0131l\u0131b. 2016-c\u0131 ild\u0259 tikinti dayand\u0131r\u0131l\u0131b, aylarla maa\u015flar\u0131 \u00f6d\u0259nilm\u0259y\u0259n f\u0259hl\u0259l\u0259r\u0259s\u0259 bildirilib ki, maliyy\u0259 t\u00fck\u0259nib, n\u00f6vb\u0259ti d\u0259f\u0259 pul ayr\u0131landa maa\u015flar\u0131 veril\u0259c\u0259k. 4 il ke\u00e7ib, t\u0259xmin\u0259n 30 f\u0259hl\u0259nin maa\u015f\u0131 h\u0259l\u0259 d\u0259 \u00f6d\u0259nilm\u0259yib. 4 ildir ki, f\u0259hl\u0259l\u0259rin yazmad\u0131qlar\u0131 qurum, d\u00f6ym\u0259dikl\u0259ri qap\u0131 qalmay\u0131b. M\u0259kt\u0259b tikintisind\u0259 f\u0259hl\u0259lik ed\u0259nl\u0259rd\u0259n biri d\u0259 el\u0259 h\u0259min k\u0259ndin sakini \u0130man \u018fliyev olub. O, istinad divarlar\u0131n\u0131n h\u00f6rg\u00fcs\u00fcnd\u0259, dam \u00f6rt\u00fcy\u00fcn\u00fcn qura\u015fd\u0131r\u0131lmas\u0131nda v\u0259 sair i\u015fl\u0259rd\u0259 \u00e7al\u0131\u015fd\u0131\u011f\u0131n\u0131 deyir. Meydan TV-y\u0259 dan\u0131\u015f\u0131r ki, h\u0259r f\u0259hl\u0259nin m\u0259vacibi g\u00f6rd\u00fcy\u00fc i\u015fl\u0259rin h\u0259cmin\u0259 g\u00f6r\u0259 hesabland\u0131\u011f\u0131ndan z\u0259hm\u0259thaqq\u0131n\u0131n m\u0259bl\u0259\u011fi d\u0259 h\u0259r ay d\u0259yi\u015firmi\u015f. \u0130ddia edir ki, g\u00f6rd\u00fcy\u00fc i\u015f\u0259 g\u00f6r\u0259 tikinti \u015firk\u0259tinin ona olan borcu 4.440 manatd\u0131r.\n<\/p>\n<p>\n  <b><br \/>\n    \u201c\u0130\u015f icra\u00e7\u0131s\u0131 telefonu s\u00f6nd\u00fcr\u00fcb ortadan itdi\u201d<br \/>\n  <\/b>\n<\/p>\n<p>\n  \u201c2016-c\u0131 il\u0259 q\u0259d\u0259r pullar\u0131m\u0131z hiss\u0259-hiss\u0259 d\u0259 olsa, verilirdi. Son 4-5 ay\u0131n maa\u015f\u0131n\u0131 verm\u0259dil\u0259r. Nazir Quliyev vard\u0131, bizi i\u015fl\u0259d\u0259n \u015firk\u0259tin i\u015f icra\u00e7\u0131s\u0131 idi, maa\u015f i\u015fin\u0259 d\u0259 o bax\u0131rd\u0131. H\u0259r d\u0259f\u0259 deyirdi, pul bu g\u00fcn g\u0259lir, sabah g\u0259lir, bel\u0259c\u0259 ba\u015f\u0131m\u0131z\u0131 aldad\u0131b 3-4 ay pulsuz i\u015fl\u0259tdil\u0259r. F\u0259hl\u0259 babalar\u0131q, h\u0259r g\u00fcn\u00fcm\u00fcz\u00fc \u00fcmidl\u0259 g\u0259lirdik i\u015fl\u0259m\u0259y\u0259 ki, b\u0259lk\u0259 bu g\u00fcn ev\u0259 n\u0259s\u0259 apara bildik. Bir g\u00fcn dedil\u0259r ki, i\u015fl\u0259r dayand\u0131r\u0131l\u0131r, daha g\u0259lm\u0259yin, pul olanda \u00e7a\u011f\u0131r\u0131b borcunuzu \u00f6d\u0259y\u0259c\u0259yik. Tez-tez Nazir Quliyev\u0259 z\u0259ng edirdik, \u0259vv\u0259ll\u0259r z\u0259ngl\u0259rimiz\u0259 cavab verirdi, h\u0259r d\u0259f\u0259 d\u0259 deyirdi, s\u0259brli olun, sabah pul olacaq. Q\u0259fil bu adam da telefonu s\u00f6nd\u00fcr\u00fcb ortadan yox oldu\u201d, &#8211; \u015fikay\u0259t\u00e7i deyir.\n<\/p>\n<p>\n  <b><br \/>\n    \u201cBa\u015f\u00e7\u0131 dedi, g\u00fcnah sizd\u0259dir, m\u00fcqavil\u0259siz i\u015fl\u0259m\u0259zdiz\u201d<br \/>\n  <\/b>\n<\/p>\n<p>\n  \u0130man \u018fliyevin s\u00f6zl\u0259rin\u0259 g\u00f6r\u0259, h\u0259l\u0259 tikintid\u0259 i\u015f\u0259 ba\u015flayanda m\u00fcqavil\u0259 ba\u011flamaq ad\u0131yla f\u0259hl\u0259l\u0259rd\u0259n \u015f\u0259xsiyy\u0259t v\u0259siq\u0259l\u0259rini y\u0131\u011f\u0131blar. Bir ne\u00e7\u0259 g\u00fcn sonra \u00f6zl\u0259rin\u0259 qaytaranda bildiribl\u0259r ki, h\u0259r biriyl\u0259 m\u00fcqavil\u0259 ba\u011flan\u0131b:\n<\/p>\n<p>\n  \u201cBiz\u0259 m\u00fcqavil\u0259-filan g\u00f6st\u0259rm\u0259dil\u0259r, he\u00e7 yer\u0259 imza da atmam\u0131\u015f\u0131q. El\u0259c\u0259 \u015f\u0259xsiyy\u0259t v\u0259siq\u0259l\u0259rimizi g\u00f6t\u00fcr\u00fcb, bir ne\u00e7\u0259 g\u00fcnd\u0259n sonra \u00f6z\u00fcm\u00fcz\u0259 qaytaranda dedil\u0259r ki, m\u00fcqavil\u0259l\u0259riniz ba\u011fland\u0131. He\u00e7 \u015firk\u0259tin ad\u0131n\u0131 da d\u00fcz-\u0259m\u0259lli demirdil\u0259r. Gah \u201cAmal\u201d MMC, gah \u201cM\u00fck\u0259mm\u0259l\u201d MMC, gah \u201cA-Construction\u201d MMC deyirdil\u0259r. Ba\u015fqa bir-iki \u015firk\u0259t ad\u0131 da \u00e7\u0259kilirdi, yad\u0131mda qalmay\u0131b. Birc\u0259 onu bilirik ki, i\u015fin ba\u015f\u0131nda icra ba\u015f\u00e7\u0131m\u0131z\u0131n qarda\u015f\u0131 dayan\u0131rd\u0131. Ancaq sonradan ba\u015f\u00e7\u0131n\u0131n yan\u0131na ged\u0259nd\u0259 biz\u0259 deyirdi, g\u00fcnah \u00f6z\u00fcn\u00fczd\u0259dir, m\u00fcqavil\u0259siz i\u015fl\u0259m\u0259y\u0259ydiniz. 4 ildir ki, d\u00f6ym\u0259diyimiz idar\u0259 qap\u0131s\u0131, yazmad\u0131\u011f\u0131m\u0131z \u00fcnvan qal\u0131may\u0131b. Prezident\u0259, vitse-prezident\u0259, prokurorlu\u011fa, polis\u0259, icra hakimiyy\u0259tin\u0259, m\u0259hk\u0259m\u0259y\u0259 &#8211; h\u0259r yer\u0259 yazm\u0131\u015f\u0131q. M\u0259hk\u0259m\u0259 d\u0259 i\u015fimiz\u0259 baxmad\u0131 ki, ortada m\u00fcqavil\u0259 yoxdu. Bizi aldad\u0131blar, qanundan, h\u00fcquqdan, m\u00fcqavil\u0259d\u0259n anlay\u0131\u015f\u0131m\u0131z olsayd\u0131, gedib v\u0259kil i\u015fl\u0259y\u0259rdik, suvaq\u00e7\u0131, b\u0259nna\u00e7\u0131 olmazd\u0131q\u201d.\n<\/p>\n<figure class=\"wp-block-image size-large\">\n  <img decoding=\"async\" src=\"https:\/\/www.meydan.tv\/az\/image_from_ios-1-jpg-136\/\" alt=\"image_from_ios (1).jpg\" class=\"wp-image-142197\"\/><figcaption>\n    &#8220;H\u0259l\u0259 tikintid\u0259 i\u015f\u0259 ba\u015flayanda m\u00fcqavil\u0259 ba\u011flamaq ad\u0131yla f\u0259hl\u0259l\u0259rd\u0259n \u015f\u0259xsiyy\u0259t v\u0259siq\u0259l\u0259rini y\u0131\u011f\u0131blar&#8221;<br \/>\n  <\/figcaption><\/figure>\n<p>\n  \u0130man \u018fliyev bildirir ki, 20-y\u0259 yax\u0131n f\u0259hl\u0259nin \u00fcmumilikd\u0259 40 min manatdan \u00e7ox alaca\u011f\u0131 var.\n<\/p>\n<p>\n  <b><br \/>\n    \u201cPullar g\u00f6y\u0259 sovrulub\u201d<br \/>\n  <\/b>\n<\/p>\n<p>\n  M\u0259kt\u0259b binas\u0131n\u0131n tikintisind\u0259 f\u0259hl\u0259lik ed\u0259nl\u0259rd\u0259n biri d\u0259 H\u0259sr\u0259t Allahverdiyev olub. Deyir, tikinti i\u015fl\u0259rinin 90 faizini onlar yerin\u0259 yetirib. H\u0259tta binan\u0131n i\u00e7\u0259risind\u0259ki suvaq v\u0259 divarlar\u0131n a\u011fard\u0131lmas\u0131 i\u015fl\u0259rini d\u0259 g\u00f6r\u00fcbl\u0259r. Ancaq g\u00f6rd\u00fckl\u0259ri i\u015fl\u0259rin haqq\u0131n\u0131 ill\u0259rdir ki, ala bilmirl\u0259r:\n<\/p>\n<p>\n  \u201c50-d\u0259n \u00e7ox f\u0259hl\u0259ni \u201csizinl\u0259 m\u00fcqavil\u0259 ba\u011flad\u0131q\u201d deyib, 2 il m\u00fcqavil\u0259siz i\u015fl\u0259dibl\u0259r, vergid\u0259n yay\u0131n\u0131blar, \u00fcst\u0259lik, aylarla y\u0131\u011f\u0131l\u0131b qalan pullar\u0131n\u0131 da m\u0259nims\u0259yibl\u0259r. Pullar g\u00f6y\u0259 sovrulub, bunu ara\u015fd\u0131ran yoxdur. \u018fvv\u0259ll\u0259r f\u0259hl\u0259l\u0259rin \u00e7oxu \u015fikay\u0259t\u00e7i idi, ancaq sonralar h\u0259r\u0259 bir t\u0259r\u0259f\u0259 k\u00f6\u00e7d\u00fc, h\u0259r d\u0259f\u0259 Lerik\u0259 g\u0259lib-ged\u0259 bilm\u0259dil\u0259r, \u00fcst\u0259lik borclar\u0131n\u0131 ala bil\u0259c\u0259kl\u0259rin\u0259 \u00fcmidl\u0259ri d\u0259 qalmad\u0131, \u201consuz da bunlarla vuru\u015fma\u011f\u0131n m\u0259nas\u0131 yoxdur\u201d fikirl\u0259\u015fib, pullar\u0131ndan \u0259l \u00e7\u0259kdil\u0259r.\n<\/p>\n<p>\n  F\u0259hl\u0259l\u0259rin dem\u0259sin\u0259 g\u00f6r\u0259, m\u00fcxt\u0259lif qurumlara yazd\u0131qlar\u0131 m\u0259ktublar\u0131n cavab\u0131 onlara Lerik Rayon \u0130cra Hakimiyy\u0259tind\u0259n g\u0259lir. Bu cavablarsa eyni m\u0259zmunda olur: g\u0259l\u0259c\u0259kd\u0259 i\u015fl\u0259r davam etdiril\u0259nd\u0259 f\u0259hl\u0259l\u0259r\u0259 olan borc da \u00f6d\u0259nil\u0259c\u0259k.\n<\/p>\n<p>\n  M\u0259kt\u0259bin tikintisin\u0259 layih\u0259-smeta s\u0259n\u0259dl\u0259rinin haz\u0131rlanmas\u0131 i\u015fl\u0259ri \u00fczr\u0259 sat\u0131nalman\u0131 \u201cArxproyekt\u201d MMC udub. Lakin tikintinin sat\u0131nalmas\u0131 il\u0259 ba\u011fl\u0131 tender ke\u00e7irilm\u0259sin\u0259 dair he\u00e7 bir m\u0259lumat tap\u0131lmad\u0131.\n<\/p>\n<p>\n  2015-ci ilin avqustunda Lerikd\u0259 ke\u00e7iril\u0259n hesabat y\u0131\u011f\u0131nca\u011f\u0131nda icra hakimiyy\u0259tinin \u015f\u00f6b\u0259 m\u00fcdiri Habil M\u0259likov bildirib ki, Boyk\u0259ndild\u0259ki yeni tikil\u0259n m\u0259kt\u0259b binas\u0131nda tamamlanma i\u015fl\u0259ri g\u00f6r\u00fcl\u00fcr v\u0259 m\u0259kt\u0259b binas\u0131 yeni t\u0259hsil ilind\u0259 istifad\u0259y\u0259 veril\u0259c\u0259k. \u00d6t\u0259n ilin fevral\u0131nda hesabat y\u0131\u011f\u0131nca\u011f\u0131nda icra hakimiyy\u0259tinin ba\u015f\u00e7\u0131s\u0131 bildirib ki, maliyy\u0259 v\u0259saiti ayr\u0131lmad\u0131\u011f\u0131ndan Boyk\u0259ndil m\u0259kt\u0259binin tikintisi dayand\u0131r\u0131l\u0131b.\n<\/p>\n<p>\n  <b><br \/>\n    \u018fm\u0259k M\u00fcf\u0259tti\u015fliyi f\u0259hl\u0259l\u0259r\u0259 deyib ki, \u015firk\u0259tin yerini \u00f6z\u00fcn\u00fcz tap\u0131n<br \/>\n  <\/b>\n<\/p>\n<p>\n  Meydan TV m\u00fcxbirinin Lerik Rayon \u0130cra Hakimiyy\u0259tind\u0259n m\u0259s\u0259l\u0259y\u0259 m\u00fcnasib\u0259t \u00f6yr\u0259nm\u0259k c\u0259hdi bo\u015fa \u00e7\u0131x\u0131b. Ancaq qurumun f\u0259hl\u0259l\u0259r\u0259 yazd\u0131\u011f\u0131 m\u0259ktublarda qeyd olunur ki, Nazirl\u0259r Kabinetinin ay\u0131rd\u0131\u011f\u0131 maliyy\u0259 v\u0259saiti hesab\u0131na rayon icra hakimiyy\u0259tinin sifari\u015fi il\u0259 podrat\u00e7\u0131 t\u0259\u015fkilat t\u0259r\u0259find\u0259n Boyk\u0259ndil k\u0259nd orta m\u0259kt\u0259binin tikintisi h\u0259yata ke\u00e7irils\u0259 d\u0259, i\u015fl\u0259r ba\u015fa \u00e7atd\u0131r\u0131lmay\u0131b. Qurumun he\u00e7 bir m\u0259ktubunda tikintini h\u0259yata ke\u00e7irmi\u015f \u015firk\u0259tin ad\u0131 qeyd olunmay\u0131b. Bildirilib ki, \u0259m\u0259k haqlar\u0131n\u0131n \u00f6d\u0259nilm\u0259m\u0259si il\u0259 ba\u011fl\u0131 naraz\u0131 f\u0259hl\u0259l\u0259r h\u00fcquq-m\u00fchafiz\u0259 orqanlar\u0131na m\u00fcraci\u0259t ed\u0259 bil\u0259r.\n<\/p>\n<p>\n  \u018fm\u0259k M\u00fcf\u0259tti\u015fliyin\u0259 g\u00f6nd\u0259rdiyi m\u0259ktubda is\u0259 icra hakimiyy\u0259ti Boyk\u0259ndil k\u0259ndind\u0259 m\u0259kt\u0259b tikintisini \u201cTikinti T\u0259chizat Dizayn\u201d MMC t\u0259r\u0259find\u0259n h\u0259yata ke\u00e7irildiyini g\u00f6st\u0259rib. \u018fm\u0259k M\u00fcf\u0259tti\u015fliyi f\u0259hl\u0259l\u0259r\u0259 g\u00f6nd\u0259rdiyi m\u0259ktubda qeyd edib ki, \u015firk\u0259tin yerl\u0259\u015fdiyi \u00fcnvana \u2013 Bak\u0131 \u015f\u0259h\u0259ri, Nizami rayonu, R\u00fcst\u0259mov k\u00fc\u00e7\u0259si ev 60, m\u0259nzil 26-ya bildiri\u015f g\u00f6nd\u0259rilib. Ancaq \u015firk\u0259t h\u0259min \u00fcnvanda f\u0259aliyy\u0259t g\u00f6st\u0259rm\u0259diyind\u0259n bildiri\u015f geri qay\u0131d\u0131b. \u018fm\u0259k M\u00fcf\u0259tti\u015fliyi \u015firk\u0259tin h\u0259min \u00fcnvanda yerl\u0259\u015fm\u0259m\u0259siyl\u0259 ba\u011fl\u0131 akt t\u0259rtib edib. M\u00fcf\u0259tti\u015flik MMC-nin yerl\u0259\u015fdiyi \u00fcnvan\u0131 tapma\u011f\u0131 f\u0259hl\u0259l\u0259rin \u00f6hd\u0259sin\u0259 burax\u0131b.\n<\/p>\n<figure class=\"wp-block-image size-large\">\n  <img decoding=\"async\" src=\"https:\/\/www.meydan.tv\/az\/image_from_ios-3-jpg-104\/\" alt=\"image_from_ios (3).jpg\" class=\"wp-image-142203\"\/><figcaption>\n    &#8220;Pullar g\u00f6y\u0259 sovrulub, bunu ara\u015fd\u0131ran yoxdur&#8221;<br \/>\n  <\/figcaption><\/figure>\n<p>\n  <b><br \/>\n    \u0130ki il \u0259rzind\u0259 100 tenderin qalibi, 55 milyondan \u00e7ox pul&#8230;<br \/>\n  <\/b>\n<\/p>\n<p>\n  \u201cTikinti T\u0259chizat Dizayn\u201d MMC-nin yerl\u0259\u015fdiyi \u00fcnvan\u0131 g\u00fcnl\u0259rl\u0259 soraqlayan Meydan TV m\u00fcxbiri d\u0259 \u00f6yr\u0259n\u0259 bilm\u0259yib. \u015eirk\u0259tl\u0259 ba\u011fl\u0131 internet \u00fcz\u0259rind\u0259n ara\u015fd\u0131rma aparark\u0259n is\u0259 ortal\u0131\u011fa \u00e7\u0131x\u0131b ki, \u015firk\u0259t 2012-2014-c\u00fc ill\u0259rd\u0259 f\u0259aliyy\u0259t g\u00f6st\u0259rib. Q\u0131sa m\u00fcdd\u0259td\u0259 sat\u0131nalmalarla ba\u011fl\u0131 100 tenderin qalibi olub, sonra da \u201cqeyb\u0259 \u00e7\u0259kilib\u201d.\n<\/p>\n<p>\n  \u201cTikinti T\u0259chizat Dizayn\u201d MMC 2 il \u0259rzind\u0259 Bak\u0131 Metropoliteni, \u201cBak\u0131elektrik\u015f\u0259b\u0259k\u0259\u201d ASC (2015-ci ild\u0259n Az\u0259ri\u015f\u0131q ASC adlan\u0131r), Melorasiya v\u0259 Su T\u0259s\u0259rr\u00fcfat\u0131 ASC, \u0130\u00e7\u0259ri\u015f\u0259h\u0259r D\u00f6vl\u0259t Tarix-Memarl\u0131q Qoru\u011fu \u0130dar\u0259si, paytaxt v\u0259 b\u00f6lg\u0259l\u0259rd\u0259ki icra hakimiyy\u0259tl\u0259ri, Milli Elml\u0259r Akademiyas\u0131, \u018fm\u0259k v\u0259 \u018fhalinin Sosial M\u00fcdafi\u0259si Nazirliyi, T\u0259hsil Nazirliyi, D\u00f6vl\u0259t S\u0259rh\u0259d Xidm\u0259ti, \u018fdliyy\u0259 Nazirliyi, Daxili \u0130\u015fl\u0259r Nazirliyi, M\u00fcdafi\u0259 Nazirliyi, S\u0259hiyy\u0259 Nazirliyi v\u0259 dig\u0259r qurumlar\u0131n sat\u0131nalmalar \u00fczr\u0259 elan etdikl\u0259ri \u00fcmumilikd\u0259 100 tenderin qalibi olub. Bu tenderl\u0259rin 6-s\u0131 2012-ci, 44-\u00fc 2013-c\u00fc, 50-si 2014-c\u00fc ilin pay\u0131na d\u00fc\u015f\u00fcr.\n<\/p>\n<p>\n  2 il \u0259rzind\u0259 bu tenderl\u0259r \u00fczr\u0259 d\u00f6vl\u0259t b\u00fcdc\u0259sind\u0259n ayr\u0131lan \u00fcmumi m\u0259bl\u0259\u011f 55 067 327,19 manat t\u0259\u015fkil edib.<\/p>\n","protected":false},"excerpt":{"rendered":"<p>&#8220;H\u0259r d\u0259f\u0259 deyirdi, pul bu g\u00fcn g\u0259lir, sabah g\u0259lir, bel\u0259c\u0259 ba\u015f\u0131m\u0131z\u0131 aldad\u0131b 3-4 ay pulsuz i\u015fl\u0259tdil\u0259r&#8221;<\/p>\n","protected":false},"author":11,"featured_media":142200,"comment_status":"closed","ping_status":"open","sticky":false,"template":"","format":"standard","meta":{"_acf_changed":false,"_sitemap_exclude":false,"_sitemap_priority":"","_sitemap_frequency":"","footnotes":""},"categories":[60],"tags":[],"class_list":["post-200705","post","type-post","status-publish","format-standard","has-post-thumbnail","hentry","category-bolge","infinite-scroll-item","generate-columns","tablet-grid-50","mobile-grid-100","grid-parent","grid-33","no-featured-image-padding"],"acf":[],"yoast_head":"<!-- This site is optimized with the Yoast SEO plugin v27.5 - https:\/\/yoast.com\/product\/yoast-seo-wordpress\/ -->\n<title>M\u0259kt\u0259b binas\u0131n\u0131n tikintisind\u0259 \u00e7al\u0131\u015fm\u0131\u015f f\u0259hl\u0259l\u0259r 4 ildir maa\u015flar\u0131n\u0131 ala bilmir - MEYDAN.TV<\/title>\n<meta name=\"robots\" content=\"index, follow, max-snippet:-1, max-image-preview:large, max-video-preview:-1\" \/>\n<link rel=\"canonical\" href=\"https:\/\/www.meydan.tv\/az\/article\/mekteb-binasinin-tikintisinde-calismis-fehleler-4-ildir-maaslarini-ala-bilmir\/\" \/>\n<meta property=\"og:locale\" content=\"az_AZ\" \/>\n<meta property=\"og:type\" content=\"article\" \/>\n<meta property=\"og:title\" content=\"M\u0259kt\u0259b binas\u0131n\u0131n tikintisind\u0259 \u00e7al\u0131\u015fm\u0131\u015f f\u0259hl\u0259l\u0259r 4 ildir maa\u015flar\u0131n\u0131 ala bilmir - MEYDAN.TV\" \/>\n<meta property=\"og:description\" content=\"&quot;H\u0259r d\u0259f\u0259 deyirdi, pul bu g\u00fcn g\u0259lir, sabah g\u0259lir, bel\u0259c\u0259 ba\u015f\u0131m\u0131z\u0131 aldad\u0131b 3-4 ay pulsuz i\u015fl\u0259tdil\u0259r&quot;\" \/>\n<meta property=\"og:url\" content=\"https:\/\/www.meydan.tv\/az\/article\/mekteb-binasinin-tikintisinde-calismis-fehleler-4-ildir-maaslarini-ala-bilmir\/\" \/>\n<meta property=\"og:site_name\" content=\"MEYDAN.TV\" \/>\n<meta property=\"article:published_time\" content=\"2020-05-22T13:55:47+00:00\" \/>\n<meta property=\"og:image\" content=\"https:\/\/www.meydan.tv\/wp-content\/uploads\/image_from_ios_2_26967pv.jpg\" \/>\n\t<meta property=\"og:image:width\" content=\"1280\" \/>\n\t<meta property=\"og:image:height\" content=\"960\" \/>\n\t<meta property=\"og:image:type\" content=\"image\/jpeg\" \/>\n<meta name=\"author\" content=\"user-manager\" \/>\n<meta name=\"twitter:card\" content=\"summary_large_image\" \/>\n<script type=\"application\/ld+json\" class=\"yoast-schema-graph\">{\"@context\":\"https:\\\/\\\/schema.org\",\"@graph\":[{\"@type\":\"Article\",\"@id\":\"https:\\\/\\\/www.meydan.tv\\\/az\\\/article\\\/mekteb-binasinin-tikintisinde-calismis-fehleler-4-ildir-maaslarini-ala-bilmir\\\/#article\",\"isPartOf\":{\"@id\":\"https:\\\/\\\/www.meydan.tv\\\/az\\\/article\\\/mekteb-binasinin-tikintisinde-calismis-fehleler-4-ildir-maaslarini-ala-bilmir\\\/\"},\"author\":{\"name\":\"user-manager\",\"@id\":\"https:\\\/\\\/www.meydan.tv\\\/az\\\/#\\\/schema\\\/person\\\/10d11eccf6da3662cf5fdab9806ea91a\"},\"headline\":\"M\u0259kt\u0259b binas\u0131n\u0131n tikintisind\u0259 \u00e7al\u0131\u015fm\u0131\u015f f\u0259hl\u0259l\u0259r 4 ildir maa\u015flar\u0131n\u0131 ala bilmir\",\"datePublished\":\"2020-05-22T13:55:47+00:00\",\"mainEntityOfPage\":{\"@id\":\"https:\\\/\\\/www.meydan.tv\\\/az\\\/article\\\/mekteb-binasinin-tikintisinde-calismis-fehleler-4-ildir-maaslarini-ala-bilmir\\\/\"},\"wordCount\":1706,\"publisher\":{\"@id\":\"https:\\\/\\\/www.meydan.tv\\\/az\\\/#organization\"},\"image\":{\"@id\":\"https:\\\/\\\/www.meydan.tv\\\/az\\\/article\\\/mekteb-binasinin-tikintisinde-calismis-fehleler-4-ildir-maaslarini-ala-bilmir\\\/#primaryimage\"},\"thumbnailUrl\":\"https:\\\/\\\/www.meydan.tv\\\/wp-content\\\/uploads\\\/image_from_ios_2_26967pv.jpg\",\"articleSection\":[\"B\u00f6lg\u0259\"],\"inLanguage\":\"az\"},{\"@type\":\"WebPage\",\"@id\":\"https:\\\/\\\/www.meydan.tv\\\/az\\\/article\\\/mekteb-binasinin-tikintisinde-calismis-fehleler-4-ildir-maaslarini-ala-bilmir\\\/\",\"url\":\"https:\\\/\\\/www.meydan.tv\\\/az\\\/article\\\/mekteb-binasinin-tikintisinde-calismis-fehleler-4-ildir-maaslarini-ala-bilmir\\\/\",\"name\":\"M\u0259kt\u0259b binas\u0131n\u0131n tikintisind\u0259 \u00e7al\u0131\u015fm\u0131\u015f f\u0259hl\u0259l\u0259r 4 ildir maa\u015flar\u0131n\u0131 ala bilmir - MEYDAN.TV\",\"isPartOf\":{\"@id\":\"https:\\\/\\\/www.meydan.tv\\\/az\\\/#website\"},\"primaryImageOfPage\":{\"@id\":\"https:\\\/\\\/www.meydan.tv\\\/az\\\/article\\\/mekteb-binasinin-tikintisinde-calismis-fehleler-4-ildir-maaslarini-ala-bilmir\\\/#primaryimage\"},\"image\":{\"@id\":\"https:\\\/\\\/www.meydan.tv\\\/az\\\/article\\\/mekteb-binasinin-tikintisinde-calismis-fehleler-4-ildir-maaslarini-ala-bilmir\\\/#primaryimage\"},\"thumbnailUrl\":\"https:\\\/\\\/www.meydan.tv\\\/wp-content\\\/uploads\\\/image_from_ios_2_26967pv.jpg\",\"datePublished\":\"2020-05-22T13:55:47+00:00\",\"breadcrumb\":{\"@id\":\"https:\\\/\\\/www.meydan.tv\\\/az\\\/article\\\/mekteb-binasinin-tikintisinde-calismis-fehleler-4-ildir-maaslarini-ala-bilmir\\\/#breadcrumb\"},\"inLanguage\":\"az\",\"potentialAction\":[{\"@type\":\"ReadAction\",\"target\":[\"https:\\\/\\\/www.meydan.tv\\\/az\\\/article\\\/mekteb-binasinin-tikintisinde-calismis-fehleler-4-ildir-maaslarini-ala-bilmir\\\/\"]}]},{\"@type\":\"ImageObject\",\"inLanguage\":\"az\",\"@id\":\"https:\\\/\\\/www.meydan.tv\\\/az\\\/article\\\/mekteb-binasinin-tikintisinde-calismis-fehleler-4-ildir-maaslarini-ala-bilmir\\\/#primaryimage\",\"url\":\"https:\\\/\\\/www.meydan.tv\\\/wp-content\\\/uploads\\\/image_from_ios_2_26967pv.jpg\",\"contentUrl\":\"https:\\\/\\\/www.meydan.tv\\\/wp-content\\\/uploads\\\/image_from_ios_2_26967pv.jpg\",\"width\":1280,\"height\":960,\"caption\":\"Source: Specify Source\"},{\"@type\":\"BreadcrumbList\",\"@id\":\"https:\\\/\\\/www.meydan.tv\\\/az\\\/article\\\/mekteb-binasinin-tikintisinde-calismis-fehleler-4-ildir-maaslarini-ala-bilmir\\\/#breadcrumb\",\"itemListElement\":[{\"@type\":\"ListItem\",\"position\":1,\"name\":\"Ana s\u0259hif\u0259\",\"item\":\"https:\\\/\\\/www.meydan.tv\\\/az\\\/\"},{\"@type\":\"ListItem\",\"position\":2,\"name\":\"B\u00f6lg\u0259\",\"item\":\"https:\\\/\\\/www.meydan.tv\\\/az\\\/section\\\/bolge\\\/\"},{\"@type\":\"ListItem\",\"position\":3,\"name\":\"M\u0259kt\u0259b binas\u0131n\u0131n tikintisind\u0259 \u00e7al\u0131\u015fm\u0131\u015f f\u0259hl\u0259l\u0259r 4 ildir maa\u015flar\u0131n\u0131 ala bilmir\"}]},{\"@type\":\"WebSite\",\"@id\":\"https:\\\/\\\/www.meydan.tv\\\/az\\\/#website\",\"url\":\"https:\\\/\\\/www.meydan.tv\\\/az\\\/\",\"name\":\"MEYDAN.TV\",\"description\":\"Meydan TV Az\u0259rbaycan\u0131n media m\u0259kan\u0131ndak\u0131 alternativ s\u0259sidir\",\"publisher\":{\"@id\":\"https:\\\/\\\/www.meydan.tv\\\/az\\\/#organization\"},\"potentialAction\":[{\"@type\":\"SearchAction\",\"target\":{\"@type\":\"EntryPoint\",\"urlTemplate\":\"https:\\\/\\\/www.meydan.tv\\\/az\\\/?s={search_term_string}\"},\"query-input\":{\"@type\":\"PropertyValueSpecification\",\"valueRequired\":true,\"valueName\":\"search_term_string\"}}],\"inLanguage\":\"az\"},{\"@type\":\"Organization\",\"@id\":\"https:\\\/\\\/www.meydan.tv\\\/az\\\/#organization\",\"name\":\"Meydan TV\",\"url\":\"https:\\\/\\\/www.meydan.tv\\\/az\\\/\",\"logo\":{\"@type\":\"ImageObject\",\"inLanguage\":\"az\",\"@id\":\"https:\\\/\\\/www.meydan.tv\\\/az\\\/#\\\/schema\\\/logo\\\/image\\\/\",\"url\":\"https:\\\/\\\/www.meydan.tv\\\/wp-content\\\/uploads\\\/2021\\\/07\\\/meydan-logo.svg\",\"contentUrl\":\"https:\\\/\\\/www.meydan.tv\\\/wp-content\\\/uploads\\\/2021\\\/07\\\/meydan-logo.svg\",\"width\":195,\"height\":46,\"caption\":\"Meydan TV\"},\"image\":{\"@id\":\"https:\\\/\\\/www.meydan.tv\\\/az\\\/#\\\/schema\\\/logo\\\/image\\\/\"}},{\"@type\":\"Person\",\"@id\":\"https:\\\/\\\/www.meydan.tv\\\/az\\\/#\\\/schema\\\/person\\\/10d11eccf6da3662cf5fdab9806ea91a\",\"name\":\"user-manager\"}]}<\/script>\n<!-- \/ Yoast SEO plugin. -->","yoast_head_json":{"title":"M\u0259kt\u0259b binas\u0131n\u0131n tikintisind\u0259 \u00e7al\u0131\u015fm\u0131\u015f f\u0259hl\u0259l\u0259r 4 ildir maa\u015flar\u0131n\u0131 ala bilmir - MEYDAN.TV","robots":{"index":"index","follow":"follow","max-snippet":"max-snippet:-1","max-image-preview":"max-image-preview:large","max-video-preview":"max-video-preview:-1"},"canonical":"https:\/\/www.meydan.tv\/az\/article\/mekteb-binasinin-tikintisinde-calismis-fehleler-4-ildir-maaslarini-ala-bilmir\/","og_locale":"az_AZ","og_type":"article","og_title":"M\u0259kt\u0259b binas\u0131n\u0131n tikintisind\u0259 \u00e7al\u0131\u015fm\u0131\u015f f\u0259hl\u0259l\u0259r 4 ildir maa\u015flar\u0131n\u0131 ala bilmir - MEYDAN.TV","og_description":"\"H\u0259r d\u0259f\u0259 deyirdi, pul bu g\u00fcn g\u0259lir, sabah g\u0259lir, bel\u0259c\u0259 ba\u015f\u0131m\u0131z\u0131 aldad\u0131b 3-4 ay pulsuz i\u015fl\u0259tdil\u0259r\"","og_url":"https:\/\/www.meydan.tv\/az\/article\/mekteb-binasinin-tikintisinde-calismis-fehleler-4-ildir-maaslarini-ala-bilmir\/","og_site_name":"MEYDAN.TV","article_published_time":"2020-05-22T13:55:47+00:00","og_image":[{"width":1280,"height":960,"url":"https:\/\/www.meydan.tv\/wp-content\/uploads\/image_from_ios_2_26967pv.jpg","type":"image\/jpeg"}],"author":"user-manager","twitter_card":"summary_large_image","schema":{"@context":"https:\/\/schema.org","@graph":[{"@type":"Article","@id":"https:\/\/www.meydan.tv\/az\/article\/mekteb-binasinin-tikintisinde-calismis-fehleler-4-ildir-maaslarini-ala-bilmir\/#article","isPartOf":{"@id":"https:\/\/www.meydan.tv\/az\/article\/mekteb-binasinin-tikintisinde-calismis-fehleler-4-ildir-maaslarini-ala-bilmir\/"},"author":{"name":"user-manager","@id":"https:\/\/www.meydan.tv\/az\/#\/schema\/person\/10d11eccf6da3662cf5fdab9806ea91a"},"headline":"M\u0259kt\u0259b binas\u0131n\u0131n tikintisind\u0259 \u00e7al\u0131\u015fm\u0131\u015f f\u0259hl\u0259l\u0259r 4 ildir maa\u015flar\u0131n\u0131 ala bilmir","datePublished":"2020-05-22T13:55:47+00:00","mainEntityOfPage":{"@id":"https:\/\/www.meydan.tv\/az\/article\/mekteb-binasinin-tikintisinde-calismis-fehleler-4-ildir-maaslarini-ala-bilmir\/"},"wordCount":1706,"publisher":{"@id":"https:\/\/www.meydan.tv\/az\/#organization"},"image":{"@id":"https:\/\/www.meydan.tv\/az\/article\/mekteb-binasinin-tikintisinde-calismis-fehleler-4-ildir-maaslarini-ala-bilmir\/#primaryimage"},"thumbnailUrl":"https:\/\/www.meydan.tv\/wp-content\/uploads\/image_from_ios_2_26967pv.jpg","articleSection":["B\u00f6lg\u0259"],"inLanguage":"az"},{"@type":"WebPage","@id":"https:\/\/www.meydan.tv\/az\/article\/mekteb-binasinin-tikintisinde-calismis-fehleler-4-ildir-maaslarini-ala-bilmir\/","url":"https:\/\/www.meydan.tv\/az\/article\/mekteb-binasinin-tikintisinde-calismis-fehleler-4-ildir-maaslarini-ala-bilmir\/","name":"M\u0259kt\u0259b binas\u0131n\u0131n tikintisind\u0259 \u00e7al\u0131\u015fm\u0131\u015f f\u0259hl\u0259l\u0259r 4 ildir maa\u015flar\u0131n\u0131 ala bilmir - MEYDAN.TV","isPartOf":{"@id":"https:\/\/www.meydan.tv\/az\/#website"},"primaryImageOfPage":{"@id":"https:\/\/www.meydan.tv\/az\/article\/mekteb-binasinin-tikintisinde-calismis-fehleler-4-ildir-maaslarini-ala-bilmir\/#primaryimage"},"image":{"@id":"https:\/\/www.meydan.tv\/az\/article\/mekteb-binasinin-tikintisinde-calismis-fehleler-4-ildir-maaslarini-ala-bilmir\/#primaryimage"},"thumbnailUrl":"https:\/\/www.meydan.tv\/wp-content\/uploads\/image_from_ios_2_26967pv.jpg","datePublished":"2020-05-22T13:55:47+00:00","breadcrumb":{"@id":"https:\/\/www.meydan.tv\/az\/article\/mekteb-binasinin-tikintisinde-calismis-fehleler-4-ildir-maaslarini-ala-bilmir\/#breadcrumb"},"inLanguage":"az","potentialAction":[{"@type":"ReadAction","target":["https:\/\/www.meydan.tv\/az\/article\/mekteb-binasinin-tikintisinde-calismis-fehleler-4-ildir-maaslarini-ala-bilmir\/"]}]},{"@type":"ImageObject","inLanguage":"az","@id":"https:\/\/www.meydan.tv\/az\/article\/mekteb-binasinin-tikintisinde-calismis-fehleler-4-ildir-maaslarini-ala-bilmir\/#primaryimage","url":"https:\/\/www.meydan.tv\/wp-content\/uploads\/image_from_ios_2_26967pv.jpg","contentUrl":"https:\/\/www.meydan.tv\/wp-content\/uploads\/image_from_ios_2_26967pv.jpg","width":1280,"height":960,"caption":"Source: Specify Source"},{"@type":"BreadcrumbList","@id":"https:\/\/www.meydan.tv\/az\/article\/mekteb-binasinin-tikintisinde-calismis-fehleler-4-ildir-maaslarini-ala-bilmir\/#breadcrumb","itemListElement":[{"@type":"ListItem","position":1,"name":"Ana s\u0259hif\u0259","item":"https:\/\/www.meydan.tv\/az\/"},{"@type":"ListItem","position":2,"name":"B\u00f6lg\u0259","item":"https:\/\/www.meydan.tv\/az\/section\/bolge\/"},{"@type":"ListItem","position":3,"name":"M\u0259kt\u0259b binas\u0131n\u0131n tikintisind\u0259 \u00e7al\u0131\u015fm\u0131\u015f f\u0259hl\u0259l\u0259r 4 ildir maa\u015flar\u0131n\u0131 ala bilmir"}]},{"@type":"WebSite","@id":"https:\/\/www.meydan.tv\/az\/#website","url":"https:\/\/www.meydan.tv\/az\/","name":"MEYDAN.TV","description":"Meydan TV Az\u0259rbaycan\u0131n media m\u0259kan\u0131ndak\u0131 alternativ s\u0259sidir","publisher":{"@id":"https:\/\/www.meydan.tv\/az\/#organization"},"potentialAction":[{"@type":"SearchAction","target":{"@type":"EntryPoint","urlTemplate":"https:\/\/www.meydan.tv\/az\/?s={search_term_string}"},"query-input":{"@type":"PropertyValueSpecification","valueRequired":true,"valueName":"search_term_string"}}],"inLanguage":"az"},{"@type":"Organization","@id":"https:\/\/www.meydan.tv\/az\/#organization","name":"Meydan TV","url":"https:\/\/www.meydan.tv\/az\/","logo":{"@type":"ImageObject","inLanguage":"az","@id":"https:\/\/www.meydan.tv\/az\/#\/schema\/logo\/image\/","url":"https:\/\/www.meydan.tv\/wp-content\/uploads\/2021\/07\/meydan-logo.svg","contentUrl":"https:\/\/www.meydan.tv\/wp-content\/uploads\/2021\/07\/meydan-logo.svg","width":195,"height":46,"caption":"Meydan TV"},"image":{"@id":"https:\/\/www.meydan.tv\/az\/#\/schema\/logo\/image\/"}},{"@type":"Person","@id":"https:\/\/www.meydan.tv\/az\/#\/schema\/person\/10d11eccf6da3662cf5fdab9806ea91a","name":"user-manager"}]}},"_links":{"self":[{"href":"https:\/\/www.meydan.tv\/az\/wp-json\/wp\/v2\/posts\/200705","targetHints":{"allow":["GET"]}}],"collection":[{"href":"https:\/\/www.meydan.tv\/az\/wp-json\/wp\/v2\/posts"}],"about":[{"href":"https:\/\/www.meydan.tv\/az\/wp-json\/wp\/v2\/types\/post"}],"author":[{"embeddable":true,"href":"https:\/\/www.meydan.tv\/az\/wp-json\/wp\/v2\/users\/11"}],"replies":[{"embeddable":true,"href":"https:\/\/www.meydan.tv\/az\/wp-json\/wp\/v2\/comments?post=200705"}],"version-history":[{"count":0,"href":"https:\/\/www.meydan.tv\/az\/wp-json\/wp\/v2\/posts\/200705\/revisions"}],"wp:featuredmedia":[{"embeddable":true,"href":"https:\/\/www.meydan.tv\/az\/wp-json\/wp\/v2\/media\/142200"}],"wp:attachment":[{"href":"https:\/\/www.meydan.tv\/az\/wp-json\/wp\/v2\/media?parent=200705"}],"wp:term":[{"taxonomy":"category","embeddable":true,"href":"https:\/\/www.meydan.tv\/az\/wp-json\/wp\/v2\/categories?post=200705"},{"taxonomy":"post_tag","embeddable":true,"href":"https:\/\/www.meydan.tv\/az\/wp-json\/wp\/v2\/tags?post=200705"}],"curies":[{"name":"wp","href":"https:\/\/api.w.org\/{rel}","templated":true}]}}