{"id":200704,"date":"2020-05-22T13:23:15","date_gmt":"2020-05-22T13:23:15","guid":{"rendered":"https:\/\/www.meydan.tv\/article\/tenqidi-videolar-yayan-kend-muellimi-hebs-olunub\/"},"modified":"2020-05-22T13:23:15","modified_gmt":"2020-05-22T13:23:15","slug":"tenqidi-videolar-yayan-kend-muellimi-hebs-olunub","status":"publish","type":"post","link":"https:\/\/www.meydan.tv\/az\/article\/tenqidi-videolar-yayan-kend-muellimi-hebs-olunub\/","title":{"rendered":"T\u0259nqidi videolar yayan k\u0259nd m\u00fc\u0259llimi h\u0259bs olunub"},"content":{"rendered":"<p>\n  <i><br \/>\n    C\u0259lil Zabidov deyir ki, \u0259vv\u0259lc\u0259 icra ba\u015f\u00e7\u0131s\u0131ndan \u015firnikl\u0259ndirici t\u0259klifl\u0259r al\u0131b<br \/>\n  <\/i>\n<\/p>\n<p>\n  Fevral\u0131n 9-da ke\u00e7iril\u0259n parlament se\u00e7kil\u0259ri zaman 72 sayl\u0131 Yard\u0131ml\u0131-Masall\u0131 se\u00e7ki dair\u0259sinin 1 sayl\u0131 m\u0259nt\u0259q\u0259sind\u0259 ba\u015f ver\u0259nl\u0259r haqda videolar\u0131 ictimail\u0259\u015fdir\u0259n m\u00fc\u0259llim h\u0259bs olunub. Yard\u0131ml\u0131 rayonunun D\u0259ll\u0259kli k\u0259ndind\u0259ki orta m\u0259kt\u0259bin b\u0259d\u0259n t\u0259rbiy\u0259si m\u00fc\u0259llimi olan C\u0259lil Zabidova 5 ay h\u0259bs c\u0259zas\u0131 verilib. Yard\u0131ml\u0131 Rayon M\u0259hk\u0259m\u0259sind\u0259 \u00e7\u0131xar\u0131lan h\u00f6km\u0259 \u0259sas\u0259n, 35 ya\u015fl\u0131 C\u0259lil Zabidov xuliqanl\u0131qda t\u0259qsirli bilinib. C.Zavidov h\u0259m d\u0259 D18 H\u0259r\u0259kat\u0131n\u0131n \u00fczv\u00fcd\u00fcr.\n<\/p>\n<p>\n  <b><br \/>\n    &quot;Se\u00e7kid\u0259ki saxtakarl\u0131qlar\u0131 yaym\u0131\u015fd\u0131m&quot;<br \/>\n  <\/b>\n<\/p>\n<p>\n  May\u0131n 21-d\u0259 m\u0259hk\u0259m\u0259 h\u00f6km elan olunmam\u0131\u015fdan \u00f6nc\u0259 Meydan TV-y\u0259 dan\u0131\u015fan C.Zabidov deyir ki, bu cinay\u0259t i\u015fi se\u00e7kid\u0259n d\u0259rhal sonra ba\u015flanm\u0131\u015fd\u0131. Onun s\u00f6zl\u0259rin\u0259 g\u00f6r\u0259, xeyli vaxt idi ki, Yard\u0131ml\u0131dak\u0131 sosial probleml\u0259ri, korrupsiya hallar\u0131n\u0131 sosial \u015f\u0259b\u0259k\u0259l\u0259rd\u0259, m\u00fcxt\u0259lif saytlarda payla\u015f\u0131rd\u0131. El\u0259 buna g\u00f6r\u0259 d\u0259 rayon r\u0259hb\u0259rliyi, \u015f\u0259xs\u0259n Yard\u0131ml\u0131n\u0131n icra ba\u015f\u00e7\u0131s\u0131 Ayaz \u018fsg\u0259rov \u00f6z\u00fc ona qar\u015f\u0131 q\u0259r\u0259li idi:\n<\/p>\n<p>\n  \u201cM\u0259n se\u00e7kid\u0259 m\u00fcst\u0259qil m\u00fc\u015fahid\u0259\u00e7i idim. A\u00e7\u0131q-a\u015fkar Musa Qas\u0131ml\u0131n\u0131n xeyrin\u0259 saxtakarl\u0131q edirdil\u0259r. M\u0259n bu faktlar\u0131 \u00e7\u0259kib yayd\u0131m, orada etiraz\u0131m\u0131 da bildirdim. Buna g\u00f6r\u0259 komissiya \u00fczvl\u0259ri m\u0259ni t\u0259hqir el\u0259dil\u0259r, vurdular. Bunun da videosu yay\u0131l\u0131b. Se\u00e7ki g\u00fcn\u00fc olanlarla kifay\u0259tl\u0259nm\u0259dil\u0259r. Ert\u0259si g\u00fcn m\u0259nt\u0259q\u0259 se\u00e7ki komissiyas\u0131nda olanlardan Hamlet \u018fm\u0259\u015fov m\u0259ni d\u00f6y\u00fcb, qolumu s\u0131nd\u0131rd\u0131. \u018fvv\u0259l h\u0259m onun, h\u0259m d\u0259 m\u0259nim haqq\u0131mda cinay\u0259t i\u015fi ba\u015flad\u0131lar. M\u0259nim qolumun s\u0131nmas\u0131na g\u00f6r\u0259 ona daha a\u011f\u0131r ittiham vermi\u015fdil\u0259r. Amma bir q\u0259d\u0259r sonra onun haqq\u0131ndak\u0131 i\u015fi ba\u011flad\u0131lar, sanki m\u0259nim qolum s\u0131nmam\u0131\u015fd\u0131. O, \u00e7evrilib z\u0259r\u0259r\u00e7\u0259kmi\u015f oldu&#8230;\u201d\n<\/p>\n<p>\n  <b><br \/>\n    &quot;Geri \u00e7\u0259kils\u0259m, cinay\u0259t i\u015fi d\u0259 ba\u011flanacaq, torpaq da veril\u0259c\u0259k&quot;<br \/>\n  <\/b>\n<\/p>\n<p>\n  F\u0259al v\u0259t\u0259nda\u015f m\u00f6vqeyin\u0259 g\u00f6r\u0259 t\u0259qibl\u0259rl\u0259 \u00fczl\u0259\u015fdiyini dey\u0259n C.Zabidov bu haqda d\u0259f\u0259l\u0259rl\u0259 Prezident\u0259, Ombudsmana, Ba\u015f Prokurora v\u0259 s. m\u0259ktublar yazd\u0131\u011f\u0131n\u0131 vur\u011fulay\u0131r. Deyir ki, bu m\u0259ktublar\u0131na \u0259h\u0259miyy\u0259t verilmir. Ancaq Ali M\u0259hk\u0259m\u0259y\u0259 \u015fikay\u0259tin\u0259 cavab al\u0131b: \u201cYard\u0131ml\u0131 rayon prokuroruna n\u0259 q\u0259d\u0259r yazm\u0131\u015fam, he\u00e7 bir cavab yoxdur. T\u0259z\u0259 Ba\u015f prokurora da yazd\u0131m ki, b\u0259lk\u0259 o, bir \u00e7ar\u0259 el\u0259y\u0259r? Ondan da s\u0259s \u00e7\u0131xmad\u0131&#8230;\u201d\n<\/p>\n<figure class=\"wp-block-image size-large\">\n  <img decoding=\"async\" src=\"https:\/\/www.meydan.tv\/az\/image_from_ios-2-jpg-148\/\" alt=\"image_from_ios (2).jpg\" class=\"wp-image-142182\"\/><figcaption>\n    \u0130ddia \u0259riz\u0259si<br \/>\n  <\/figcaption><\/figure>\n<p>\n  \u00dc\u00e7 azya\u015fl\u0131 u\u015faq atas\u0131 olan k\u0259nd m\u00fc\u0259llimi t\u0259nqidl\u0259r\u0259 son qoyaca\u011f\u0131 halda, ona yax\u015f\u0131 \u015f\u0259rait yarad\u0131laca\u011f\u0131 haqda t\u0259klifl\u0259r ald\u0131\u011f\u0131n\u0131 da qeyd edir. Onun s\u00f6zl\u0259rin\u0259 g\u00f6r\u0259, icra ba\u015f\u00e7\u0131s\u0131n\u0131n m\u00fcavini s\u0259viyy\u0259sind\u0259 ona bel\u0259 t\u0259klif olunub: \u201cOnu icra ba\u015f\u00e7\u0131s\u0131 g\u00f6nd\u0259rmi\u015fdi. Dedi ki, geri \u00e7\u0259kils\u0259m, cinay\u0259t i\u015fi d\u0259 ba\u011flanacaq, \u0259lav\u0259 torpaq da veril\u0259c\u0259k, normal \u015f\u0259raitin olacaq. Raz\u0131la\u015fmad\u0131m. M\u0259n\u0259 x\u0259b\u0259rdarl\u0131q el\u0259dil\u0259r ki, \u201c\u0259g\u0259r raz\u0131la\u015fmasan, g\u00fcn\u00fcn qara olacaq\u201d. Dedikl\u0259rini d\u0259 el\u0259dil\u0259r. \u00dcmumiyy\u0259tl\u0259, rayonda kim a\u011fz\u0131n\u0131 a\u00e7\u0131rsa, h\u00fcquq-m\u00fchafiz\u0259 orqanlar\u0131n\u0131n \u0259liyl\u0259 susdururlar. Bunlar rayonu bel\u0259 idar\u0259 edirl\u0259r. Deyirl\u0259r, biz n\u0259 ist\u0259yirik el\u0259y\u0259k, siz \u00f6z\u00fcn\u00fcz\u00fc karl\u0131\u011fa, korlu\u011fa qoyun&#8230;\u201d\n<\/p>\n<p>\n  H\u00f6kmd\u0259n \u0259vv\u0259l prokuror C.Zabidova 1 il h\u0259bs c\u0259zas\u0131 verilm\u0259sini t\u0259klif edib. Amma \u00f6z\u00fc deyir ki, m\u0259hk\u0259m\u0259d\u0259 ona qar\u015f\u0131 ittiham t\u0259sdiqini tapmay\u0131b:\n<\/p>\n<p>\n  \u201c\u018fksin\u0259, m\u0259n\u0259 qar\u015f\u0131 bu i\u015fi sifari\u015fl\u0259 d\u00fcz\u00fcb-qo\u015fduqlar\u0131 s\u00fcbut olundu. Alt\u0131 n\u0259f\u0259r \u00f6yr\u0259dilmi\u015f \u015fahid vard\u0131. Guya bunlar m\u0259nim Hamleti vurma\u011f\u0131m\u0131 g\u00f6rm\u00fc\u015fd\u00fc. Ham\u0131s\u0131 da bir-birin\u0259 zidd dan\u0131\u015f\u0131rd\u0131. \u00c7\u00fcnki yalan deyirdil\u0259r\u201d.\n<\/p>\n<p>\n  <b><br \/>\n    \u0130cra ba\u015f\u00e7\u0131s\u0131n\u0131n m\u00fcavini 15 min manat t\u0259l\u0259b edir<br \/>\n  <\/b>\n<\/p>\n<p>\n  C.Zabidov art\u0131q h\u0259bsd\u0259dir. Amma ona qar\u015f\u0131 ba\u015fqa bir m\u0259hk\u0259m\u0259 \u00e7\u0259ki\u015fm\u0259si d\u0259 var. Yard\u0131ml\u0131 Rayon \u0130cra Hakimiyy\u0259ti ba\u015f\u00e7\u0131s\u0131n\u0131n m\u00fcavini Mahir Mirz\u0259yev onu m\u0259hk\u0259m\u0259y\u0259 verib, 15 min manat t\u0259zminat t\u0259l\u0259b edir.\n<\/p>\n<p>\n  C.Zabidov bir m\u00fcdd\u0259t \u00f6nc\u0259 m\u00fcxt\u0259lif internet kanallar\u0131nda Heyd\u0259r \u018fliyev Fondunun Yard\u0131ml\u0131da u\u015faq ba\u011f\u00e7as\u0131na ay\u0131rd\u0131\u011f\u0131 v\u0259saitl\u0259rin m\u0259nims\u0259nilm\u0259si haqda material payla\u015f\u0131b.\n<\/p>\n<p>\n  \u0130cra ba\u015f\u00e7\u0131s\u0131n\u0131n m\u00fcavini Mahir Mirz\u0259yev is\u0259 deyir ki, onun yayd\u0131\u011f\u0131 m\u0259lumatlar yaland\u0131r. M.Mirz\u0259yevin s\u00f6zl\u0259rin\u0259 g\u00f6r\u0259, C.Zabidov onun v\u0259 ba\u015fqa m\u0259murlar\u0131n haqq\u0131nda b\u00f6htanlar yaymaqla, onlar\u0131 g\u00f6zd\u0259n salma\u011fa \u00e7al\u0131\u015f\u0131r.\n<\/p>\n<p>\n  M.Mirz\u0259yev onu da \u0259lav\u0259 edib ki, m\u0259hk\u0259m\u0259d\u0259 C.Zabidovdan t\u0259l\u0259b etdiyi v\u0259saiti u\u015faq ba\u011f\u00e7as\u0131n\u0131n hesab\u0131na k\u00f6\u00e7\u00fcr\u0259c\u0259k.\n<\/p>\n<figure class=\"wp-block-image size-large\">\n  <img decoding=\"async\" src=\"https:\/\/www.meydan.tv\/az\/image_from_ios-3-jpg-103\/\" alt=\"image_from_ios (3).jpg\" class=\"wp-image-142188\"\/><figcaption>\n    \u0130ddia \u0259riz\u0259si<br \/>\n  <\/figcaption><\/figure>\n","protected":false},"excerpt":{"rendered":"<p>\u00dc\u00e7 azya\u015fl\u0131 u\u015faq atas\u0131 olan k\u0259nd m\u00fc\u0259llimi t\u0259nqidl\u0259r\u0259 son qoyaca\u011f\u0131 halda, ona yax\u015f\u0131 \u015f\u0259rait yarad\u0131laca\u011f\u0131 haqda t\u0259klifl\u0259r ald\u0131\u011f\u0131n\u0131 da qeyd edir.<\/p>\n","protected":false},"author":11,"featured_media":142185,"comment_status":"closed","ping_status":"open","sticky":false,"template":"","format":"standard","meta":{"_acf_changed":false,"_sitemap_exclude":false,"_sitemap_priority":"","_sitemap_frequency":"","footnotes":""},"categories":[60],"tags":[],"class_list":["post-200704","post","type-post","status-publish","format-standard","has-post-thumbnail","hentry","category-bolge","infinite-scroll-item","generate-columns","tablet-grid-50","mobile-grid-100","grid-parent","grid-33","no-featured-image-padding"],"acf":[],"yoast_head":"<!-- This site is optimized with the Yoast SEO plugin v27.5 - https:\/\/yoast.com\/product\/yoast-seo-wordpress\/ -->\n<title>T\u0259nqidi videolar yayan k\u0259nd m\u00fc\u0259llimi h\u0259bs olunub - MEYDAN.TV<\/title>\n<meta name=\"robots\" content=\"index, follow, max-snippet:-1, max-image-preview:large, max-video-preview:-1\" \/>\n<link rel=\"canonical\" href=\"https:\/\/www.meydan.tv\/az\/article\/tenqidi-videolar-yayan-kend-muellimi-hebs-olunub\/\" \/>\n<meta property=\"og:locale\" content=\"az_AZ\" \/>\n<meta property=\"og:type\" content=\"article\" \/>\n<meta property=\"og:title\" content=\"T\u0259nqidi videolar yayan k\u0259nd m\u00fc\u0259llimi h\u0259bs olunub - MEYDAN.TV\" \/>\n<meta property=\"og:description\" content=\"\u00dc\u00e7 azya\u015fl\u0131 u\u015faq atas\u0131 olan k\u0259nd m\u00fc\u0259llimi t\u0259nqidl\u0259r\u0259 son qoyaca\u011f\u0131 halda, ona yax\u015f\u0131 \u015f\u0259rait yarad\u0131laca\u011f\u0131 haqda t\u0259klifl\u0259r ald\u0131\u011f\u0131n\u0131 da qeyd edir.\" \/>\n<meta property=\"og:url\" content=\"https:\/\/www.meydan.tv\/az\/article\/tenqidi-videolar-yayan-kend-muellimi-hebs-olunub\/\" \/>\n<meta property=\"og:site_name\" content=\"MEYDAN.TV\" \/>\n<meta property=\"article:published_time\" content=\"2020-05-22T13:23:15+00:00\" \/>\n<meta property=\"og:image\" content=\"https:\/\/www.meydan.tv\/wp-content\/uploads\/untitled_design_gcjar8p.png\" \/>\n\t<meta property=\"og:image:width\" content=\"1200\" \/>\n\t<meta property=\"og:image:height\" content=\"700\" \/>\n\t<meta property=\"og:image:type\" content=\"image\/png\" \/>\n<meta name=\"author\" content=\"user-manager\" \/>\n<meta name=\"twitter:card\" content=\"summary_large_image\" \/>\n<script type=\"application\/ld+json\" class=\"yoast-schema-graph\">{\"@context\":\"https:\\\/\\\/schema.org\",\"@graph\":[{\"@type\":\"Article\",\"@id\":\"https:\\\/\\\/www.meydan.tv\\\/az\\\/article\\\/tenqidi-videolar-yayan-kend-muellimi-hebs-olunub\\\/#article\",\"isPartOf\":{\"@id\":\"https:\\\/\\\/www.meydan.tv\\\/az\\\/article\\\/tenqidi-videolar-yayan-kend-muellimi-hebs-olunub\\\/\"},\"author\":{\"name\":\"user-manager\",\"@id\":\"https:\\\/\\\/www.meydan.tv\\\/az\\\/#\\\/schema\\\/person\\\/10d11eccf6da3662cf5fdab9806ea91a\"},\"headline\":\"T\u0259nqidi videolar yayan k\u0259nd m\u00fc\u0259llimi h\u0259bs olunub\",\"datePublished\":\"2020-05-22T13:23:15+00:00\",\"mainEntityOfPage\":{\"@id\":\"https:\\\/\\\/www.meydan.tv\\\/az\\\/article\\\/tenqidi-videolar-yayan-kend-muellimi-hebs-olunub\\\/\"},\"wordCount\":917,\"publisher\":{\"@id\":\"https:\\\/\\\/www.meydan.tv\\\/az\\\/#organization\"},\"image\":{\"@id\":\"https:\\\/\\\/www.meydan.tv\\\/az\\\/article\\\/tenqidi-videolar-yayan-kend-muellimi-hebs-olunub\\\/#primaryimage\"},\"thumbnailUrl\":\"https:\\\/\\\/www.meydan.tv\\\/wp-content\\\/uploads\\\/untitled_design_gcjar8p.png\",\"articleSection\":[\"B\u00f6lg\u0259\"],\"inLanguage\":\"az\"},{\"@type\":\"WebPage\",\"@id\":\"https:\\\/\\\/www.meydan.tv\\\/az\\\/article\\\/tenqidi-videolar-yayan-kend-muellimi-hebs-olunub\\\/\",\"url\":\"https:\\\/\\\/www.meydan.tv\\\/az\\\/article\\\/tenqidi-videolar-yayan-kend-muellimi-hebs-olunub\\\/\",\"name\":\"T\u0259nqidi videolar yayan k\u0259nd m\u00fc\u0259llimi h\u0259bs olunub - MEYDAN.TV\",\"isPartOf\":{\"@id\":\"https:\\\/\\\/www.meydan.tv\\\/az\\\/#website\"},\"primaryImageOfPage\":{\"@id\":\"https:\\\/\\\/www.meydan.tv\\\/az\\\/article\\\/tenqidi-videolar-yayan-kend-muellimi-hebs-olunub\\\/#primaryimage\"},\"image\":{\"@id\":\"https:\\\/\\\/www.meydan.tv\\\/az\\\/article\\\/tenqidi-videolar-yayan-kend-muellimi-hebs-olunub\\\/#primaryimage\"},\"thumbnailUrl\":\"https:\\\/\\\/www.meydan.tv\\\/wp-content\\\/uploads\\\/untitled_design_gcjar8p.png\",\"datePublished\":\"2020-05-22T13:23:15+00:00\",\"breadcrumb\":{\"@id\":\"https:\\\/\\\/www.meydan.tv\\\/az\\\/article\\\/tenqidi-videolar-yayan-kend-muellimi-hebs-olunub\\\/#breadcrumb\"},\"inLanguage\":\"az\",\"potentialAction\":[{\"@type\":\"ReadAction\",\"target\":[\"https:\\\/\\\/www.meydan.tv\\\/az\\\/article\\\/tenqidi-videolar-yayan-kend-muellimi-hebs-olunub\\\/\"]}]},{\"@type\":\"ImageObject\",\"inLanguage\":\"az\",\"@id\":\"https:\\\/\\\/www.meydan.tv\\\/az\\\/article\\\/tenqidi-videolar-yayan-kend-muellimi-hebs-olunub\\\/#primaryimage\",\"url\":\"https:\\\/\\\/www.meydan.tv\\\/wp-content\\\/uploads\\\/untitled_design_gcjar8p.png\",\"contentUrl\":\"https:\\\/\\\/www.meydan.tv\\\/wp-content\\\/uploads\\\/untitled_design_gcjar8p.png\",\"width\":1200,\"height\":700,\"caption\":\"Source: Specify Source\"},{\"@type\":\"BreadcrumbList\",\"@id\":\"https:\\\/\\\/www.meydan.tv\\\/az\\\/article\\\/tenqidi-videolar-yayan-kend-muellimi-hebs-olunub\\\/#breadcrumb\",\"itemListElement\":[{\"@type\":\"ListItem\",\"position\":1,\"name\":\"Ana s\u0259hif\u0259\",\"item\":\"https:\\\/\\\/www.meydan.tv\\\/az\\\/\"},{\"@type\":\"ListItem\",\"position\":2,\"name\":\"B\u00f6lg\u0259\",\"item\":\"https:\\\/\\\/www.meydan.tv\\\/az\\\/section\\\/bolge\\\/\"},{\"@type\":\"ListItem\",\"position\":3,\"name\":\"T\u0259nqidi videolar yayan k\u0259nd m\u00fc\u0259llimi h\u0259bs olunub\"}]},{\"@type\":\"WebSite\",\"@id\":\"https:\\\/\\\/www.meydan.tv\\\/az\\\/#website\",\"url\":\"https:\\\/\\\/www.meydan.tv\\\/az\\\/\",\"name\":\"MEYDAN.TV\",\"description\":\"Meydan TV Az\u0259rbaycan\u0131n media m\u0259kan\u0131ndak\u0131 alternativ s\u0259sidir\",\"publisher\":{\"@id\":\"https:\\\/\\\/www.meydan.tv\\\/az\\\/#organization\"},\"potentialAction\":[{\"@type\":\"SearchAction\",\"target\":{\"@type\":\"EntryPoint\",\"urlTemplate\":\"https:\\\/\\\/www.meydan.tv\\\/az\\\/?s={search_term_string}\"},\"query-input\":{\"@type\":\"PropertyValueSpecification\",\"valueRequired\":true,\"valueName\":\"search_term_string\"}}],\"inLanguage\":\"az\"},{\"@type\":\"Organization\",\"@id\":\"https:\\\/\\\/www.meydan.tv\\\/az\\\/#organization\",\"name\":\"Meydan TV\",\"url\":\"https:\\\/\\\/www.meydan.tv\\\/az\\\/\",\"logo\":{\"@type\":\"ImageObject\",\"inLanguage\":\"az\",\"@id\":\"https:\\\/\\\/www.meydan.tv\\\/az\\\/#\\\/schema\\\/logo\\\/image\\\/\",\"url\":\"https:\\\/\\\/www.meydan.tv\\\/wp-content\\\/uploads\\\/2021\\\/07\\\/meydan-logo.svg\",\"contentUrl\":\"https:\\\/\\\/www.meydan.tv\\\/wp-content\\\/uploads\\\/2021\\\/07\\\/meydan-logo.svg\",\"width\":195,\"height\":46,\"caption\":\"Meydan TV\"},\"image\":{\"@id\":\"https:\\\/\\\/www.meydan.tv\\\/az\\\/#\\\/schema\\\/logo\\\/image\\\/\"}},{\"@type\":\"Person\",\"@id\":\"https:\\\/\\\/www.meydan.tv\\\/az\\\/#\\\/schema\\\/person\\\/10d11eccf6da3662cf5fdab9806ea91a\",\"name\":\"user-manager\"}]}<\/script>\n<!-- \/ Yoast SEO plugin. -->","yoast_head_json":{"title":"T\u0259nqidi videolar yayan k\u0259nd m\u00fc\u0259llimi h\u0259bs olunub - MEYDAN.TV","robots":{"index":"index","follow":"follow","max-snippet":"max-snippet:-1","max-image-preview":"max-image-preview:large","max-video-preview":"max-video-preview:-1"},"canonical":"https:\/\/www.meydan.tv\/az\/article\/tenqidi-videolar-yayan-kend-muellimi-hebs-olunub\/","og_locale":"az_AZ","og_type":"article","og_title":"T\u0259nqidi videolar yayan k\u0259nd m\u00fc\u0259llimi h\u0259bs olunub - MEYDAN.TV","og_description":"\u00dc\u00e7 azya\u015fl\u0131 u\u015faq atas\u0131 olan k\u0259nd m\u00fc\u0259llimi t\u0259nqidl\u0259r\u0259 son qoyaca\u011f\u0131 halda, ona yax\u015f\u0131 \u015f\u0259rait yarad\u0131laca\u011f\u0131 haqda t\u0259klifl\u0259r ald\u0131\u011f\u0131n\u0131 da qeyd edir.","og_url":"https:\/\/www.meydan.tv\/az\/article\/tenqidi-videolar-yayan-kend-muellimi-hebs-olunub\/","og_site_name":"MEYDAN.TV","article_published_time":"2020-05-22T13:23:15+00:00","og_image":[{"width":1200,"height":700,"url":"https:\/\/www.meydan.tv\/wp-content\/uploads\/untitled_design_gcjar8p.png","type":"image\/png"}],"author":"user-manager","twitter_card":"summary_large_image","schema":{"@context":"https:\/\/schema.org","@graph":[{"@type":"Article","@id":"https:\/\/www.meydan.tv\/az\/article\/tenqidi-videolar-yayan-kend-muellimi-hebs-olunub\/#article","isPartOf":{"@id":"https:\/\/www.meydan.tv\/az\/article\/tenqidi-videolar-yayan-kend-muellimi-hebs-olunub\/"},"author":{"name":"user-manager","@id":"https:\/\/www.meydan.tv\/az\/#\/schema\/person\/10d11eccf6da3662cf5fdab9806ea91a"},"headline":"T\u0259nqidi videolar yayan k\u0259nd m\u00fc\u0259llimi h\u0259bs olunub","datePublished":"2020-05-22T13:23:15+00:00","mainEntityOfPage":{"@id":"https:\/\/www.meydan.tv\/az\/article\/tenqidi-videolar-yayan-kend-muellimi-hebs-olunub\/"},"wordCount":917,"publisher":{"@id":"https:\/\/www.meydan.tv\/az\/#organization"},"image":{"@id":"https:\/\/www.meydan.tv\/az\/article\/tenqidi-videolar-yayan-kend-muellimi-hebs-olunub\/#primaryimage"},"thumbnailUrl":"https:\/\/www.meydan.tv\/wp-content\/uploads\/untitled_design_gcjar8p.png","articleSection":["B\u00f6lg\u0259"],"inLanguage":"az"},{"@type":"WebPage","@id":"https:\/\/www.meydan.tv\/az\/article\/tenqidi-videolar-yayan-kend-muellimi-hebs-olunub\/","url":"https:\/\/www.meydan.tv\/az\/article\/tenqidi-videolar-yayan-kend-muellimi-hebs-olunub\/","name":"T\u0259nqidi videolar yayan k\u0259nd m\u00fc\u0259llimi h\u0259bs olunub - MEYDAN.TV","isPartOf":{"@id":"https:\/\/www.meydan.tv\/az\/#website"},"primaryImageOfPage":{"@id":"https:\/\/www.meydan.tv\/az\/article\/tenqidi-videolar-yayan-kend-muellimi-hebs-olunub\/#primaryimage"},"image":{"@id":"https:\/\/www.meydan.tv\/az\/article\/tenqidi-videolar-yayan-kend-muellimi-hebs-olunub\/#primaryimage"},"thumbnailUrl":"https:\/\/www.meydan.tv\/wp-content\/uploads\/untitled_design_gcjar8p.png","datePublished":"2020-05-22T13:23:15+00:00","breadcrumb":{"@id":"https:\/\/www.meydan.tv\/az\/article\/tenqidi-videolar-yayan-kend-muellimi-hebs-olunub\/#breadcrumb"},"inLanguage":"az","potentialAction":[{"@type":"ReadAction","target":["https:\/\/www.meydan.tv\/az\/article\/tenqidi-videolar-yayan-kend-muellimi-hebs-olunub\/"]}]},{"@type":"ImageObject","inLanguage":"az","@id":"https:\/\/www.meydan.tv\/az\/article\/tenqidi-videolar-yayan-kend-muellimi-hebs-olunub\/#primaryimage","url":"https:\/\/www.meydan.tv\/wp-content\/uploads\/untitled_design_gcjar8p.png","contentUrl":"https:\/\/www.meydan.tv\/wp-content\/uploads\/untitled_design_gcjar8p.png","width":1200,"height":700,"caption":"Source: Specify Source"},{"@type":"BreadcrumbList","@id":"https:\/\/www.meydan.tv\/az\/article\/tenqidi-videolar-yayan-kend-muellimi-hebs-olunub\/#breadcrumb","itemListElement":[{"@type":"ListItem","position":1,"name":"Ana s\u0259hif\u0259","item":"https:\/\/www.meydan.tv\/az\/"},{"@type":"ListItem","position":2,"name":"B\u00f6lg\u0259","item":"https:\/\/www.meydan.tv\/az\/section\/bolge\/"},{"@type":"ListItem","position":3,"name":"T\u0259nqidi videolar yayan k\u0259nd m\u00fc\u0259llimi h\u0259bs olunub"}]},{"@type":"WebSite","@id":"https:\/\/www.meydan.tv\/az\/#website","url":"https:\/\/www.meydan.tv\/az\/","name":"MEYDAN.TV","description":"Meydan TV Az\u0259rbaycan\u0131n media m\u0259kan\u0131ndak\u0131 alternativ s\u0259sidir","publisher":{"@id":"https:\/\/www.meydan.tv\/az\/#organization"},"potentialAction":[{"@type":"SearchAction","target":{"@type":"EntryPoint","urlTemplate":"https:\/\/www.meydan.tv\/az\/?s={search_term_string}"},"query-input":{"@type":"PropertyValueSpecification","valueRequired":true,"valueName":"search_term_string"}}],"inLanguage":"az"},{"@type":"Organization","@id":"https:\/\/www.meydan.tv\/az\/#organization","name":"Meydan TV","url":"https:\/\/www.meydan.tv\/az\/","logo":{"@type":"ImageObject","inLanguage":"az","@id":"https:\/\/www.meydan.tv\/az\/#\/schema\/logo\/image\/","url":"https:\/\/www.meydan.tv\/wp-content\/uploads\/2021\/07\/meydan-logo.svg","contentUrl":"https:\/\/www.meydan.tv\/wp-content\/uploads\/2021\/07\/meydan-logo.svg","width":195,"height":46,"caption":"Meydan TV"},"image":{"@id":"https:\/\/www.meydan.tv\/az\/#\/schema\/logo\/image\/"}},{"@type":"Person","@id":"https:\/\/www.meydan.tv\/az\/#\/schema\/person\/10d11eccf6da3662cf5fdab9806ea91a","name":"user-manager"}]}},"_links":{"self":[{"href":"https:\/\/www.meydan.tv\/az\/wp-json\/wp\/v2\/posts\/200704","targetHints":{"allow":["GET"]}}],"collection":[{"href":"https:\/\/www.meydan.tv\/az\/wp-json\/wp\/v2\/posts"}],"about":[{"href":"https:\/\/www.meydan.tv\/az\/wp-json\/wp\/v2\/types\/post"}],"author":[{"embeddable":true,"href":"https:\/\/www.meydan.tv\/az\/wp-json\/wp\/v2\/users\/11"}],"replies":[{"embeddable":true,"href":"https:\/\/www.meydan.tv\/az\/wp-json\/wp\/v2\/comments?post=200704"}],"version-history":[{"count":0,"href":"https:\/\/www.meydan.tv\/az\/wp-json\/wp\/v2\/posts\/200704\/revisions"}],"wp:featuredmedia":[{"embeddable":true,"href":"https:\/\/www.meydan.tv\/az\/wp-json\/wp\/v2\/media\/142185"}],"wp:attachment":[{"href":"https:\/\/www.meydan.tv\/az\/wp-json\/wp\/v2\/media?parent=200704"}],"wp:term":[{"taxonomy":"category","embeddable":true,"href":"https:\/\/www.meydan.tv\/az\/wp-json\/wp\/v2\/categories?post=200704"},{"taxonomy":"post_tag","embeddable":true,"href":"https:\/\/www.meydan.tv\/az\/wp-json\/wp\/v2\/tags?post=200704"}],"curies":[{"name":"wp","href":"https:\/\/api.w.org\/{rel}","templated":true}]}}