{"id":200690,"date":"2020-05-21T13:46:49","date_gmt":"2020-05-21T13:46:49","guid":{"rendered":"https:\/\/www.meydan.tv\/article\/yardimli-sakinleri-heyder-eliyev-fondunun-yardimlari-kasiblara-catmir\/"},"modified":"2020-05-21T13:46:49","modified_gmt":"2020-05-21T13:46:49","slug":"yardimli-sakinleri-heyder-eliyev-fondunun-yardimlari-kasiblara-catmir","status":"publish","type":"post","link":"https:\/\/www.meydan.tv\/az\/article\/yardimli-sakinleri-heyder-eliyev-fondunun-yardimlari-kasiblara-catmir\/","title":{"rendered":"Yard\u0131ml\u0131 sakinl\u0259ri: Heyd\u0259r \u018fliyev Fondunun yard\u0131mlar\u0131 kas\u0131blara \u00e7atm\u0131r"},"content":{"rendered":"<p>\n  <i><br \/>\n    \u0130cra hakimiyy\u0259ti is\u0259 deyil\u0259nl\u0259ri yalan v\u0259 q\u0259r\u0259zli hesab edir<br \/>\n  <\/i>\n<\/p>\n<p>\n  Yard\u0131ml\u0131 rayonunun Ostay\u0131r k\u0259ndinin bir qrup sakini \u015fikay\u0259t\u00e7idir. Adlar\u0131n\u0131n a\u00e7\u0131qlanmas\u0131n\u0131n onlara problem yaradaca\u011f\u0131n\u0131 d\u00fc\u015f\u00fcn\u0259n sakinl\u0259r s\u00f6yl\u0259yirl\u0259r ki, COV\u0130D-19 pandemiyas\u0131 d\u00f6vr\u00fcnd\u0259 Heyd\u0259r \u018fliyev Fondunun rayonlar\u0131ndak\u0131 imkans\u0131z ail\u0259l\u0259r\u0259 g\u00f6nd\u0259rdiyi yard\u0131m\u0131 icra ba\u015f\u00e7\u0131s\u0131 v\u0259 m\u00fcavinl\u0259ri m\u0259nims\u0259yir.\n<\/p>\n<p>\n  Naraz\u0131 sakinl\u0259r Meydan TV-y\u0259 deyibl\u0259r ki, yard\u0131m alaca\u011f\u0131n\u0131 e\u015fid\u0259n kas\u0131b insanlar \u0259vv\u0259lc\u0259 \u00e7ox sevinibl\u0259r. Sonra is\u0259 yard\u0131m alacaq ehtiyacl\u0131 insanlar\u0131n ad\u0131n\u0131n siyah\u0131dan \u00e7\u0131xard\u0131\u011f\u0131n\u0131 \u00f6yr\u0259nibl\u0259r:\n<\/p>\n<p>\n  \u201cH\u0259min yard\u0131mlar\u0131 is\u0259 icra ba\u015f\u00e7\u0131s\u0131 v\u0259 m\u00fcavinl\u0259ri Az\u0259r Xamiyev, Mahir Mirz\u0259yev, \u018ffsan\u0259 M\u0259mm\u0259dova, \u0259razi idar\u0259etm\u0259 v\u0259 yerli \u00f6z\u00fcn\u00fcidar\u0259etm\u0259 orqanlar\u0131 il\u0259 i\u015f \u015f\u00f6b\u0259sinin m\u00fcdiri \u015e\u00fcca\u0259t \u0130bi\u015fov v\u0259 S\u0259n\u0259dl\u0259rl\u0259 v\u0259 v\u0259t\u0259nda\u015flar\u0131n m\u00fcraci\u0259tl\u0259ri il\u0259 i\u015f \u015f\u00f6b\u0259sinin m\u00fcdiri Zakir \u0130manov dost-tan\u0131\u015flar\u0131na paylad\u0131lar\u201d.\n<\/p>\n<p>\n  Sakinl\u0259r bildirirl\u0259r ki, siyah\u0131n\u0131 h\u0259min m\u0259murlar \u00f6zl\u0259ri t\u0259rtib edib, yard\u0131m\u0131 is\u0259 ist\u0259dikl\u0259ri adamlara paylay\u0131blar:\n<\/p>\n<p>\n  \u201cKas\u0131b, kims\u0259siz, imkans\u0131z, t\u0259nha ya\u015fayan insanlar qald\u0131lar q\u0131raqda. Bu q\u0259d\u0259r insan\u0131n ah\u0131n\u0131 almaq n\u0259 dem\u0259kdir, bilirsiniz y\u0259qin. Onsuz da b\u00f6y\u00fck m\u0259bl\u0259\u011fd\u0259 yeyintil\u0259rin oldu\u011fu he\u00e7 kim\u0259 sirr deyil. He\u00e7 olmasa kas\u0131blara g\u00f6nd\u0259ril\u0259n q\u0259pik-quru\u015fa g\u00f6z dikm\u0259y\u0259ydil\u0259r. O pulla, h\u0259min \u0259rzaq pay\u0131 il\u0259 he\u00e7 kim varl\u0131 olan deyildi. Ancaq kas\u0131b ail\u0259l\u0259rin qarn\u0131 doyard\u0131\u201d.\n<\/p>\n<p>\n  Sakinl\u0259r deyirl\u0259r ki, ba\u015f\u00e7\u0131 v\u0259 m\u00fcavinl\u0259ri t\u0259z\u0259 \u00fcsul tap\u0131blar. H\u0259m yard\u0131m al\u0131nmaq \u00fc\u00e7\u00fcn ayr\u0131lan v\u0259saiti m\u0259nims\u0259yib, h\u0259m d\u0259 bu g\u00f6t\u00fcrd\u00fckl\u0259ri pullar\u0131 ba\u015fqalar\u0131n\u0131n hesab\u0131na kompensasiya edibl\u0259r:\n<\/p>\n<p>\n  \u201cYeyil\u0259n yard\u0131m\u0131n \u00fcst\u00fcn\u00fc \u00f6rtm\u0259k v\u0259 naraz\u0131l\u0131\u011f\u0131n artmas\u0131n\u0131n qar\u015f\u0131s\u0131n\u0131n al\u0131nmas\u0131 m\u0259qs\u0259dil\u0259 30 \u0259razi n\u00fcmay\u0259nd\u0259liyin\u0259 tap\u015f\u0131r\u0131q verilib ki, \u00f6z cibl\u0259rind\u0259n xidm\u0259t etdikl\u0259ri \u0259razil\u0259r\u0259 11 yard\u0131m paketi al\u0131b, kas\u0131b v\u0259t\u0259na\u015flara paylas\u0131nlar. Onlar da n\u0259 etsinl\u0259r, i\u015fl\u0259rini itirm\u0259m\u0259k \u00fc\u00e7\u00fcn buna raz\u0131 olublar. Bel\u0259likl\u0259, he\u00e7 deyils\u0259 11 kas\u0131b ail\u0259 yard\u0131m ala bilib. Qalanlar\u0131 is\u0259 yen\u0259 k\u0259narda qal\u0131b. Bununla naraz\u0131l\u0131\u011f\u0131n qar\u015f\u0131s\u0131n\u0131 qism\u0259n al\u0131blar\u201d.\n<\/p>\n<p>\n  Ad\u0131n\u0131n a\u00e7\u0131qlanmas\u0131n\u0131 ist\u0259m\u0259y\u0259n k\u0259nd sakini deyir ki, icra n\u00fcmay\u0259nd\u0259l\u0259ri \u00e7\u0259tin duruma d\u00fc\u015f\u00fcb:\n<\/p>\n<p>\n  \u201c\u0130cra ba\u015f\u00e7\u0131s\u0131n\u0131n \u00f6z\u00fcn\u00fc bilmirik, amma bizd\u0259 olan m\u0259lumata g\u00f6r\u0259 m\u00fcavinl\u0259ri ayda \u0259n az\u0131 1400 manat maa\u015f al\u0131rlar. Bundan \u0259lav\u0259, h\u0259r r\u00fcb onlar d\u00f6vl\u0259t b\u00fcdc\u0259sind\u0259n m\u00fckafatlar al\u0131rlar. Ancaq yard\u0131m etm\u0259yi 400 manat maa\u015f alan icra n\u00fcmay\u0259nd\u0259l\u0259rin\u0259 tap\u015f\u0131r\u0131rlar. H\u0259min yard\u0131m paketinin biri \u0259n az\u0131 50 manata ba\u015fa g\u0259lir. 11 d\u0259n\u0259 alanda 550 manat edir. Bu da h\u0259min adam\u0131n bir ayl\u0131q \u0259m\u0259k haqq\u0131ndan y\u00fcks\u0259k m\u0259bl\u0259\u011fdir. \u00dcmumilikd\u0259 is\u0259 30 \u0259razinin icra n\u00fcmay\u0259nd\u0259l\u0259ri birg\u0259 yard\u0131ma 16500 manat x\u0259rcl\u0259yibl\u0259r. Halbuki b\u00fct\u00fcn bunlar Heyd\u0259r \u018fliyev Fondu t\u0259r\u0259find\u0259n edilmi\u015fdi\u201d.\n<\/p>\n<figure class=\"wp-block-image size-large\">\n  <img decoding=\"async\" src=\"https:\/\/www.meydan.tv\/az\/logo_of_heydar_aliyev_foundation-jpg\/\" alt=\"Logo_of_Heydar_Aliyev_Foundation.jpg\" class=\"wp-image-142161\"\/><figcaption>\n    Heyd\u0259r \u018fliyev Fondu<br \/>\n  <\/figcaption><\/figure>\n<p>\n  Sakinl\u0259r \u0259lav\u0259 edirl\u0259r ki, k\u0259ndl\u0259r \u00fczr\u0259 icra hakimiyy\u0259tin\u0259 kas\u0131blar\u0131n siyah\u0131s\u0131n\u0131 verir\u0259nd\u0259, 160 n\u0259f\u0259rlik siyah\u0131n\u0131 silib, 25 n\u0259f\u0259r saxlay\u0131rlar. Sonra h\u0259min o yard\u0131m\u0131 ist\u0259dikl\u0259ri adamlara paylay\u0131rlar:\n<\/p>\n<p>\n  \u201cSonra bir 11 n\u0259f\u0259ri d\u0259 icra n\u00fcmay\u0259nd\u0259likl\u0259rinin boynuna y\u0131x\u0131rlar. \u0130cra ba\u015f\u00e7\u0131s\u0131 n\u0259 vaxtacan bel\u0259 \u0259m\u0259ll\u0259rl\u0259 m\u0259\u015f\u011ful olacaq? 2005-ci ild\u0259n bu v\u0259zif\u0259d\u0259dir. H\u0259l\u0259 bizim tan\u0131d\u0131\u011f\u0131m\u0131z bir n\u0259f\u0259r ondan raz\u0131 deyil. He\u00e7 kim\u0259 k\u00f6m\u0259yi d\u0259ym\u0259yib. T\u0259kc\u0259 \u00f6z\u00fcnd\u0259n ba\u015fqa. Burada v\u0259ziyy\u0259t pisdir. Kas\u0131b\u0131n haqq\u0131n\u0131 yeyirl\u0259r. Fondun yard\u0131mlar\u0131 m\u0259murlar t\u0259r\u0259find\u0259n m\u0259nims\u0259nilir. Bizim bu \u015fikay\u0259timizi oxuyanlar bir t\u0259dbir g\u00f6rs\u00fcnl\u0259r, xahi\u015f edirik\u201d.\n<\/p>\n<p>\n  Yard\u0131ml\u0131 Rayon \u0130cra Hakimiyy\u0259tind\u0259n Meydan TV-y\u0259 bildirilib ki, haz\u0131rda icra ba\u015f\u00e7\u0131s\u0131 \u0259razi icra n\u00fcmay\u0259nd\u0259l\u0259ri il\u0259 toplant\u0131dad\u0131r:\n<\/p>\n<p>\n  \u201cOnunla dan\u0131\u015fmaq m\u00fcmk\u00fcn olmayacaq. Amma biz h\u0259min k\u0259ndd\u0259n bel\u0259 bir \u015fikay\u0259t almam\u0131\u015f\u0131q. H\u0259min k\u0259ndin icra n\u00fcmay\u0259nd\u0259si il\u0259 dan\u0131\u015far\u0131q. G\u00f6r\u0259k bu \u015fikay\u0259ti kiml\u0259r edib. Problemin n\u0259 oldu\u011funu ara\u015fd\u0131rar\u0131q. Ancaq g\u00f6r\u00fcn\u00fcr, q\u0259sdli \u015fikay\u0259tdir, g\u00f6r\u00fcl\u0259n i\u015fl\u0259r\u0259 k\u00f6lg\u0259 salmaq ist\u0259yirl\u0259r\u201d.\n<\/p>\n<p>\n  Yard\u0131ml\u0131 rayonunun Ostay\u0131r k\u0259ndinin icra n\u00fcmay\u0259nd\u0259si \u018flisa S\u0259limov da Meydan TV-y\u0259 deyib ki, bel\u0259 hallardan s\u00f6hb\u0259t ged\u0259 bilm\u0259z:\n<\/p>\n<p>\n  \u201cB\u0259li, Heyd\u0259r \u018fliyev Fondundan yard\u0131m g\u0259lmi\u015fdi. Ham\u0131s\u0131 da \u0259razi idar\u0259etm\u0259 orqanlar\u0131 v\u0259 m\u0259nim i\u015ftirak\u0131mla yerind\u0259 azt\u0259minatl\u0131 ail\u0259l\u0259r\u0259 paylan\u0131b. H\u0259tta fonddan g\u0259l\u0259n n\u00fcmay\u0259nd\u0259 d\u0259 v\u0259t\u0259nda\u015flarla dan\u0131\u015fd\u0131. G\u00f6rd\u00fcl\u0259r ki, pay alanlar\u0131n ham\u0131s\u0131 azt\u0259minatl\u0131 ail\u0259l\u0259rdir v\u0259 ayr\u0131lan pay\u0131 \u00f6zl\u0259ri al\u0131b, ba\u015fqas\u0131na verilm\u0259yib\u201d.\n<\/p>\n<p>\n  \u018flisa S\u0259limov deyir ki, bundan \u0259lav\u0259, Yard\u0131ml\u0131 Rayon \u0130cra Hakimiyy\u0259ti t\u0259r\u0259find\u0259n Ostay\u0131r k\u0259ndind\u0259 60-dan yuxar\u0131 imkans\u0131z ail\u0259l\u0259r\u0259, naraz\u0131 insanlara yard\u0131m olunub:\n<\/p>\n<p>\n  \u201cOnda da i\u015ftirak etmi\u015f\u0259m, \u0259minlikl\u0259 deyir\u0259m. Deyil\u0259nl\u0259r tam yalan v\u0259 \u0259sass\u0131zd\u0131r\u201d.<\/p>\n","protected":false},"excerpt":{"rendered":"<p>&#8220;Onlar da n\u0259 etsinl\u0259r, i\u015fl\u0259rini itirm\u0259m\u0259k \u00fc\u00e7\u00fcn buna raz\u0131 olublar&#8221;.<\/p>\n","protected":false},"author":11,"featured_media":142158,"comment_status":"closed","ping_status":"open","sticky":false,"template":"","format":"standard","meta":{"_acf_changed":false,"_sitemap_exclude":false,"_sitemap_priority":"","_sitemap_frequency":"","footnotes":""},"categories":[60],"tags":[],"class_list":["post-200690","post","type-post","status-publish","format-standard","has-post-thumbnail","hentry","category-bolge","infinite-scroll-item","generate-columns","tablet-grid-50","mobile-grid-100","grid-parent","grid-33","no-featured-image-padding"],"acf":[],"yoast_head":"<!-- This site is optimized with the Yoast SEO plugin v27.5 - https:\/\/yoast.com\/product\/yoast-seo-wordpress\/ -->\n<title>Yard\u0131ml\u0131 sakinl\u0259ri: Heyd\u0259r \u018fliyev Fondunun yard\u0131mlar\u0131 kas\u0131blara \u00e7atm\u0131r - MEYDAN.TV<\/title>\n<meta name=\"robots\" content=\"index, follow, max-snippet:-1, max-image-preview:large, max-video-preview:-1\" \/>\n<link rel=\"canonical\" href=\"https:\/\/www.meydan.tv\/az\/article\/yardimli-sakinleri-heyder-eliyev-fondunun-yardimlari-kasiblara-catmir\/\" \/>\n<meta property=\"og:locale\" content=\"az_AZ\" \/>\n<meta property=\"og:type\" content=\"article\" \/>\n<meta property=\"og:title\" content=\"Yard\u0131ml\u0131 sakinl\u0259ri: Heyd\u0259r \u018fliyev Fondunun yard\u0131mlar\u0131 kas\u0131blara \u00e7atm\u0131r - MEYDAN.TV\" \/>\n<meta property=\"og:description\" content=\"&quot;Onlar da n\u0259 etsinl\u0259r, i\u015fl\u0259rini itirm\u0259m\u0259k \u00fc\u00e7\u00fcn buna raz\u0131 olublar&quot;.\" \/>\n<meta property=\"og:url\" content=\"https:\/\/www.meydan.tv\/az\/article\/yardimli-sakinleri-heyder-eliyev-fondunun-yardimlari-kasiblara-catmir\/\" \/>\n<meta property=\"og:site_name\" content=\"MEYDAN.TV\" \/>\n<meta property=\"article:published_time\" content=\"2020-05-21T13:46:49+00:00\" \/>\n<meta property=\"og:image\" content=\"https:\/\/www.meydan.tv\/wp-content\/uploads\/azedu.az_1541085549_yardimli-1_631.jpg\" \/>\n\t<meta property=\"og:image:width\" content=\"700\" \/>\n\t<meta property=\"og:image:height\" content=\"544\" \/>\n\t<meta property=\"og:image:type\" content=\"image\/jpeg\" \/>\n<meta name=\"author\" content=\"user-manager\" \/>\n<meta name=\"twitter:card\" content=\"summary_large_image\" \/>\n<script type=\"application\/ld+json\" class=\"yoast-schema-graph\">{\"@context\":\"https:\\\/\\\/schema.org\",\"@graph\":[{\"@type\":\"Article\",\"@id\":\"https:\\\/\\\/www.meydan.tv\\\/az\\\/article\\\/yardimli-sakinleri-heyder-eliyev-fondunun-yardimlari-kasiblara-catmir\\\/#article\",\"isPartOf\":{\"@id\":\"https:\\\/\\\/www.meydan.tv\\\/az\\\/article\\\/yardimli-sakinleri-heyder-eliyev-fondunun-yardimlari-kasiblara-catmir\\\/\"},\"author\":{\"name\":\"user-manager\",\"@id\":\"https:\\\/\\\/www.meydan.tv\\\/az\\\/#\\\/schema\\\/person\\\/10d11eccf6da3662cf5fdab9806ea91a\"},\"headline\":\"Yard\u0131ml\u0131 sakinl\u0259ri: Heyd\u0259r \u018fliyev Fondunun yard\u0131mlar\u0131 kas\u0131blara \u00e7atm\u0131r\",\"datePublished\":\"2020-05-21T13:46:49+00:00\",\"mainEntityOfPage\":{\"@id\":\"https:\\\/\\\/www.meydan.tv\\\/az\\\/article\\\/yardimli-sakinleri-heyder-eliyev-fondunun-yardimlari-kasiblara-catmir\\\/\"},\"wordCount\":1022,\"publisher\":{\"@id\":\"https:\\\/\\\/www.meydan.tv\\\/az\\\/#organization\"},\"image\":{\"@id\":\"https:\\\/\\\/www.meydan.tv\\\/az\\\/article\\\/yardimli-sakinleri-heyder-eliyev-fondunun-yardimlari-kasiblara-catmir\\\/#primaryimage\"},\"thumbnailUrl\":\"https:\\\/\\\/www.meydan.tv\\\/wp-content\\\/uploads\\\/azedu.az_1541085549_yardimli-1_631.jpg\",\"articleSection\":[\"B\u00f6lg\u0259\"],\"inLanguage\":\"az\"},{\"@type\":\"WebPage\",\"@id\":\"https:\\\/\\\/www.meydan.tv\\\/az\\\/article\\\/yardimli-sakinleri-heyder-eliyev-fondunun-yardimlari-kasiblara-catmir\\\/\",\"url\":\"https:\\\/\\\/www.meydan.tv\\\/az\\\/article\\\/yardimli-sakinleri-heyder-eliyev-fondunun-yardimlari-kasiblara-catmir\\\/\",\"name\":\"Yard\u0131ml\u0131 sakinl\u0259ri: Heyd\u0259r \u018fliyev Fondunun yard\u0131mlar\u0131 kas\u0131blara \u00e7atm\u0131r - MEYDAN.TV\",\"isPartOf\":{\"@id\":\"https:\\\/\\\/www.meydan.tv\\\/az\\\/#website\"},\"primaryImageOfPage\":{\"@id\":\"https:\\\/\\\/www.meydan.tv\\\/az\\\/article\\\/yardimli-sakinleri-heyder-eliyev-fondunun-yardimlari-kasiblara-catmir\\\/#primaryimage\"},\"image\":{\"@id\":\"https:\\\/\\\/www.meydan.tv\\\/az\\\/article\\\/yardimli-sakinleri-heyder-eliyev-fondunun-yardimlari-kasiblara-catmir\\\/#primaryimage\"},\"thumbnailUrl\":\"https:\\\/\\\/www.meydan.tv\\\/wp-content\\\/uploads\\\/azedu.az_1541085549_yardimli-1_631.jpg\",\"datePublished\":\"2020-05-21T13:46:49+00:00\",\"breadcrumb\":{\"@id\":\"https:\\\/\\\/www.meydan.tv\\\/az\\\/article\\\/yardimli-sakinleri-heyder-eliyev-fondunun-yardimlari-kasiblara-catmir\\\/#breadcrumb\"},\"inLanguage\":\"az\",\"potentialAction\":[{\"@type\":\"ReadAction\",\"target\":[\"https:\\\/\\\/www.meydan.tv\\\/az\\\/article\\\/yardimli-sakinleri-heyder-eliyev-fondunun-yardimlari-kasiblara-catmir\\\/\"]}]},{\"@type\":\"ImageObject\",\"inLanguage\":\"az\",\"@id\":\"https:\\\/\\\/www.meydan.tv\\\/az\\\/article\\\/yardimli-sakinleri-heyder-eliyev-fondunun-yardimlari-kasiblara-catmir\\\/#primaryimage\",\"url\":\"https:\\\/\\\/www.meydan.tv\\\/wp-content\\\/uploads\\\/azedu.az_1541085549_yardimli-1_631.jpg\",\"contentUrl\":\"https:\\\/\\\/www.meydan.tv\\\/wp-content\\\/uploads\\\/azedu.az_1541085549_yardimli-1_631.jpg\",\"width\":700,\"height\":544,\"caption\":\"Source: Foto: sosial \u015f\u0259b\u0259k\u0259\"},{\"@type\":\"BreadcrumbList\",\"@id\":\"https:\\\/\\\/www.meydan.tv\\\/az\\\/article\\\/yardimli-sakinleri-heyder-eliyev-fondunun-yardimlari-kasiblara-catmir\\\/#breadcrumb\",\"itemListElement\":[{\"@type\":\"ListItem\",\"position\":1,\"name\":\"Ana s\u0259hif\u0259\",\"item\":\"https:\\\/\\\/www.meydan.tv\\\/az\\\/\"},{\"@type\":\"ListItem\",\"position\":2,\"name\":\"B\u00f6lg\u0259\",\"item\":\"https:\\\/\\\/www.meydan.tv\\\/az\\\/section\\\/bolge\\\/\"},{\"@type\":\"ListItem\",\"position\":3,\"name\":\"Yard\u0131ml\u0131 sakinl\u0259ri: Heyd\u0259r \u018fliyev Fondunun yard\u0131mlar\u0131 kas\u0131blara \u00e7atm\u0131r\"}]},{\"@type\":\"WebSite\",\"@id\":\"https:\\\/\\\/www.meydan.tv\\\/az\\\/#website\",\"url\":\"https:\\\/\\\/www.meydan.tv\\\/az\\\/\",\"name\":\"MEYDAN.TV\",\"description\":\"Meydan TV Az\u0259rbaycan\u0131n media m\u0259kan\u0131ndak\u0131 alternativ s\u0259sidir\",\"publisher\":{\"@id\":\"https:\\\/\\\/www.meydan.tv\\\/az\\\/#organization\"},\"potentialAction\":[{\"@type\":\"SearchAction\",\"target\":{\"@type\":\"EntryPoint\",\"urlTemplate\":\"https:\\\/\\\/www.meydan.tv\\\/az\\\/?s={search_term_string}\"},\"query-input\":{\"@type\":\"PropertyValueSpecification\",\"valueRequired\":true,\"valueName\":\"search_term_string\"}}],\"inLanguage\":\"az\"},{\"@type\":\"Organization\",\"@id\":\"https:\\\/\\\/www.meydan.tv\\\/az\\\/#organization\",\"name\":\"Meydan TV\",\"url\":\"https:\\\/\\\/www.meydan.tv\\\/az\\\/\",\"logo\":{\"@type\":\"ImageObject\",\"inLanguage\":\"az\",\"@id\":\"https:\\\/\\\/www.meydan.tv\\\/az\\\/#\\\/schema\\\/logo\\\/image\\\/\",\"url\":\"https:\\\/\\\/www.meydan.tv\\\/wp-content\\\/uploads\\\/2021\\\/07\\\/meydan-logo.svg\",\"contentUrl\":\"https:\\\/\\\/www.meydan.tv\\\/wp-content\\\/uploads\\\/2021\\\/07\\\/meydan-logo.svg\",\"width\":195,\"height\":46,\"caption\":\"Meydan TV\"},\"image\":{\"@id\":\"https:\\\/\\\/www.meydan.tv\\\/az\\\/#\\\/schema\\\/logo\\\/image\\\/\"}},{\"@type\":\"Person\",\"@id\":\"https:\\\/\\\/www.meydan.tv\\\/az\\\/#\\\/schema\\\/person\\\/10d11eccf6da3662cf5fdab9806ea91a\",\"name\":\"user-manager\"}]}<\/script>\n<!-- \/ Yoast SEO plugin. -->","yoast_head_json":{"title":"Yard\u0131ml\u0131 sakinl\u0259ri: Heyd\u0259r \u018fliyev Fondunun yard\u0131mlar\u0131 kas\u0131blara \u00e7atm\u0131r - MEYDAN.TV","robots":{"index":"index","follow":"follow","max-snippet":"max-snippet:-1","max-image-preview":"max-image-preview:large","max-video-preview":"max-video-preview:-1"},"canonical":"https:\/\/www.meydan.tv\/az\/article\/yardimli-sakinleri-heyder-eliyev-fondunun-yardimlari-kasiblara-catmir\/","og_locale":"az_AZ","og_type":"article","og_title":"Yard\u0131ml\u0131 sakinl\u0259ri: Heyd\u0259r \u018fliyev Fondunun yard\u0131mlar\u0131 kas\u0131blara \u00e7atm\u0131r - MEYDAN.TV","og_description":"\"Onlar da n\u0259 etsinl\u0259r, i\u015fl\u0259rini itirm\u0259m\u0259k \u00fc\u00e7\u00fcn buna raz\u0131 olublar\".","og_url":"https:\/\/www.meydan.tv\/az\/article\/yardimli-sakinleri-heyder-eliyev-fondunun-yardimlari-kasiblara-catmir\/","og_site_name":"MEYDAN.TV","article_published_time":"2020-05-21T13:46:49+00:00","og_image":[{"width":700,"height":544,"url":"https:\/\/www.meydan.tv\/wp-content\/uploads\/azedu.az_1541085549_yardimli-1_631.jpg","type":"image\/jpeg"}],"author":"user-manager","twitter_card":"summary_large_image","schema":{"@context":"https:\/\/schema.org","@graph":[{"@type":"Article","@id":"https:\/\/www.meydan.tv\/az\/article\/yardimli-sakinleri-heyder-eliyev-fondunun-yardimlari-kasiblara-catmir\/#article","isPartOf":{"@id":"https:\/\/www.meydan.tv\/az\/article\/yardimli-sakinleri-heyder-eliyev-fondunun-yardimlari-kasiblara-catmir\/"},"author":{"name":"user-manager","@id":"https:\/\/www.meydan.tv\/az\/#\/schema\/person\/10d11eccf6da3662cf5fdab9806ea91a"},"headline":"Yard\u0131ml\u0131 sakinl\u0259ri: Heyd\u0259r \u018fliyev Fondunun yard\u0131mlar\u0131 kas\u0131blara \u00e7atm\u0131r","datePublished":"2020-05-21T13:46:49+00:00","mainEntityOfPage":{"@id":"https:\/\/www.meydan.tv\/az\/article\/yardimli-sakinleri-heyder-eliyev-fondunun-yardimlari-kasiblara-catmir\/"},"wordCount":1022,"publisher":{"@id":"https:\/\/www.meydan.tv\/az\/#organization"},"image":{"@id":"https:\/\/www.meydan.tv\/az\/article\/yardimli-sakinleri-heyder-eliyev-fondunun-yardimlari-kasiblara-catmir\/#primaryimage"},"thumbnailUrl":"https:\/\/www.meydan.tv\/wp-content\/uploads\/azedu.az_1541085549_yardimli-1_631.jpg","articleSection":["B\u00f6lg\u0259"],"inLanguage":"az"},{"@type":"WebPage","@id":"https:\/\/www.meydan.tv\/az\/article\/yardimli-sakinleri-heyder-eliyev-fondunun-yardimlari-kasiblara-catmir\/","url":"https:\/\/www.meydan.tv\/az\/article\/yardimli-sakinleri-heyder-eliyev-fondunun-yardimlari-kasiblara-catmir\/","name":"Yard\u0131ml\u0131 sakinl\u0259ri: Heyd\u0259r \u018fliyev Fondunun yard\u0131mlar\u0131 kas\u0131blara \u00e7atm\u0131r - MEYDAN.TV","isPartOf":{"@id":"https:\/\/www.meydan.tv\/az\/#website"},"primaryImageOfPage":{"@id":"https:\/\/www.meydan.tv\/az\/article\/yardimli-sakinleri-heyder-eliyev-fondunun-yardimlari-kasiblara-catmir\/#primaryimage"},"image":{"@id":"https:\/\/www.meydan.tv\/az\/article\/yardimli-sakinleri-heyder-eliyev-fondunun-yardimlari-kasiblara-catmir\/#primaryimage"},"thumbnailUrl":"https:\/\/www.meydan.tv\/wp-content\/uploads\/azedu.az_1541085549_yardimli-1_631.jpg","datePublished":"2020-05-21T13:46:49+00:00","breadcrumb":{"@id":"https:\/\/www.meydan.tv\/az\/article\/yardimli-sakinleri-heyder-eliyev-fondunun-yardimlari-kasiblara-catmir\/#breadcrumb"},"inLanguage":"az","potentialAction":[{"@type":"ReadAction","target":["https:\/\/www.meydan.tv\/az\/article\/yardimli-sakinleri-heyder-eliyev-fondunun-yardimlari-kasiblara-catmir\/"]}]},{"@type":"ImageObject","inLanguage":"az","@id":"https:\/\/www.meydan.tv\/az\/article\/yardimli-sakinleri-heyder-eliyev-fondunun-yardimlari-kasiblara-catmir\/#primaryimage","url":"https:\/\/www.meydan.tv\/wp-content\/uploads\/azedu.az_1541085549_yardimli-1_631.jpg","contentUrl":"https:\/\/www.meydan.tv\/wp-content\/uploads\/azedu.az_1541085549_yardimli-1_631.jpg","width":700,"height":544,"caption":"Source: Foto: sosial \u015f\u0259b\u0259k\u0259"},{"@type":"BreadcrumbList","@id":"https:\/\/www.meydan.tv\/az\/article\/yardimli-sakinleri-heyder-eliyev-fondunun-yardimlari-kasiblara-catmir\/#breadcrumb","itemListElement":[{"@type":"ListItem","position":1,"name":"Ana s\u0259hif\u0259","item":"https:\/\/www.meydan.tv\/az\/"},{"@type":"ListItem","position":2,"name":"B\u00f6lg\u0259","item":"https:\/\/www.meydan.tv\/az\/section\/bolge\/"},{"@type":"ListItem","position":3,"name":"Yard\u0131ml\u0131 sakinl\u0259ri: Heyd\u0259r \u018fliyev Fondunun yard\u0131mlar\u0131 kas\u0131blara \u00e7atm\u0131r"}]},{"@type":"WebSite","@id":"https:\/\/www.meydan.tv\/az\/#website","url":"https:\/\/www.meydan.tv\/az\/","name":"MEYDAN.TV","description":"Meydan TV Az\u0259rbaycan\u0131n media m\u0259kan\u0131ndak\u0131 alternativ s\u0259sidir","publisher":{"@id":"https:\/\/www.meydan.tv\/az\/#organization"},"potentialAction":[{"@type":"SearchAction","target":{"@type":"EntryPoint","urlTemplate":"https:\/\/www.meydan.tv\/az\/?s={search_term_string}"},"query-input":{"@type":"PropertyValueSpecification","valueRequired":true,"valueName":"search_term_string"}}],"inLanguage":"az"},{"@type":"Organization","@id":"https:\/\/www.meydan.tv\/az\/#organization","name":"Meydan TV","url":"https:\/\/www.meydan.tv\/az\/","logo":{"@type":"ImageObject","inLanguage":"az","@id":"https:\/\/www.meydan.tv\/az\/#\/schema\/logo\/image\/","url":"https:\/\/www.meydan.tv\/wp-content\/uploads\/2021\/07\/meydan-logo.svg","contentUrl":"https:\/\/www.meydan.tv\/wp-content\/uploads\/2021\/07\/meydan-logo.svg","width":195,"height":46,"caption":"Meydan TV"},"image":{"@id":"https:\/\/www.meydan.tv\/az\/#\/schema\/logo\/image\/"}},{"@type":"Person","@id":"https:\/\/www.meydan.tv\/az\/#\/schema\/person\/10d11eccf6da3662cf5fdab9806ea91a","name":"user-manager"}]}},"_links":{"self":[{"href":"https:\/\/www.meydan.tv\/az\/wp-json\/wp\/v2\/posts\/200690","targetHints":{"allow":["GET"]}}],"collection":[{"href":"https:\/\/www.meydan.tv\/az\/wp-json\/wp\/v2\/posts"}],"about":[{"href":"https:\/\/www.meydan.tv\/az\/wp-json\/wp\/v2\/types\/post"}],"author":[{"embeddable":true,"href":"https:\/\/www.meydan.tv\/az\/wp-json\/wp\/v2\/users\/11"}],"replies":[{"embeddable":true,"href":"https:\/\/www.meydan.tv\/az\/wp-json\/wp\/v2\/comments?post=200690"}],"version-history":[{"count":0,"href":"https:\/\/www.meydan.tv\/az\/wp-json\/wp\/v2\/posts\/200690\/revisions"}],"wp:featuredmedia":[{"embeddable":true,"href":"https:\/\/www.meydan.tv\/az\/wp-json\/wp\/v2\/media\/142158"}],"wp:attachment":[{"href":"https:\/\/www.meydan.tv\/az\/wp-json\/wp\/v2\/media?parent=200690"}],"wp:term":[{"taxonomy":"category","embeddable":true,"href":"https:\/\/www.meydan.tv\/az\/wp-json\/wp\/v2\/categories?post=200690"},{"taxonomy":"post_tag","embeddable":true,"href":"https:\/\/www.meydan.tv\/az\/wp-json\/wp\/v2\/tags?post=200690"}],"curies":[{"name":"wp","href":"https:\/\/api.w.org\/{rel}","templated":true}]}}