{"id":200665,"date":"2020-05-20T12:28:14","date_gmt":"2020-05-20T12:28:14","guid":{"rendered":"https:\/\/www.meydan.tv\/article\/sehid-anasi-9-ildir-gozleyirik-menzil-novbemiz-catmir\/"},"modified":"2020-05-20T12:28:14","modified_gmt":"2020-05-20T12:28:14","slug":"sehid-anasi-9-ildir-gozleyirik-menzil-novbemiz-catmir","status":"publish","type":"post","link":"https:\/\/www.meydan.tv\/az\/article\/sehid-anasi-9-ildir-gozleyirik-menzil-novbemiz-catmir\/","title":{"rendered":"\u015e\u0259hid anas\u0131: 9 ildir g\u00f6zl\u0259yirik, m\u0259nzil n\u00f6vb\u0259miz \u00e7atm\u0131r"},"content":{"rendered":"<p>\n  <i><br \/>\n    \u015e\u0259ki sakini \u00f6lk\u0259 r\u0259hb\u0259rliyin\u0259 m\u00fcraci\u0259t edib<br \/>\n  <\/i>\n<\/p>\n<p>\n  \u201c\u018fm\u0259k v\u0259 \u018fhalinin Sosial M\u00fcdafi\u0259si Nazirliyinin x\u0259ttil\u0259 \u015f\u0259hid ail\u0259l\u0259ri \u00fc\u00e7\u00fcn rayonlarda tikil\u0259n ev n\u00f6vb\u0259sin\u0259 durmu\u015fam. \u00d6z\u00fc d\u0259 2011-ci ilin aprelind\u0259n. \u018fvv\u0259lc\u0259 n\u00f6vb\u0259y\u0259 durma\u011f\u0131m \u00fc\u00e7\u00fcn \u015e\u0259ki \u015f\u0259h\u0259r \u0130cra Hakimiyy\u0259ti Aparat\u0131nda m\u0259ni 8 ay s\u00fcr\u00fcnd\u00fcrm\u0259\u00e7iliy\u0259 sald\u0131lar. Dedil\u0259r, filan s\u0259n\u0259dl\u0259ri toplay\u0131b, g\u0259tirm\u0259lis\u0259n. Sonra is\u0259 Bak\u0131ya gedib \u018fm\u0259k v\u0259 \u018fhalinin Sosial M\u00fcdafi\u0259si Nazirliyind\u0259 m\u0259nzil qeydiyyat\u0131na al\u0131nmal\u0131san. Ham\u0131s\u0131n\u0131 etdim, ancaq i\u015fim bug\u00fcn\u0259d\u0259k h\u0259ll edilm\u0259yib. M\u0259murlar t\u0259r\u0259find\u0259n s\u00fcr\u00fcnd\u00fcrm\u0259\u00e7iliy\u0259 sal\u0131nm\u0131\u015fam\u201d.\n<\/p>\n<p>\n  \u015e\u0259kinin A\u015fa\u011f\u0131 G\u00f6yn\u00fck k\u0259ndind\u0259 ya\u015fayan v\u0259 o\u011flunu m\u00fcharib\u0259d\u0259 itir\u0259n M\u0259fkur\u0259 \u018fbd\u00fcr\u0259himova bel\u0259 deyir.\n<\/p>\n<p>\n  Onun o\u011flu Faiq M\u0259mm\u0259d\u0259li o\u011flu \u018fbd\u00fcr\u0259himovdur. Ana deyir ki, ehtiyac\u0131 olmasa \u201c\u015f\u0259hid ail\u0259si\u201d imtiyaz\u0131ndan istifad\u0259 etm\u0259zdi. Dey\u0259rdi, \u201cqoy imkan\u0131 olmayanlar als\u0131n o evi\u201d. Ancaq ehtiyac\u0131 var:\n<\/p>\n<p>\n  \u201cO\u011flumu bu v\u0259t\u0259n u\u011frunda itirmi\u015f\u0259m. \u0130ndi g\u00f6st\u0259ril\u0259n bu m\u00fcnasib\u0259t ciy\u0259rimi da\u011flay\u0131r, m\u0259ni yand\u0131r\u0131r. \u00dcst\u0259lik, \u015e\u0259kinin icra ba\u015f\u00e7\u0131s\u0131n\u0131n 1-ci m\u00fcavini H\u0259s\u0259n H\u0259s\u0259nov m\u0259rhum h\u0259yat yolda\u015f\u0131m M\u0259mm\u0259d\u0259li il\u0259 \u0259miu\u015fa\u011f\u0131 olub. 2011-ci ild\u0259 \u00e7ox get-g\u0259ld\u0259n sonra m\u0259ni minn\u0259tl\u0259 m\u0259nzil qeydiyyat\u0131na ald\u0131lar. \u0130cra Hakimiyy\u0259tinin \u018fm\u0259k v\u0259 \u018fhalinin Sosial M\u00fcdafi\u0259si Nazirliyin\u0259 2014-c\u00fc ilin 21 iyununda yazd\u0131\u011f\u0131 m\u0259ktuba \u0259lav\u0259 edilmi\u015f siyah\u0131da m\u0259nim ad\u0131m \u015f\u0259hid ail\u0259l\u0259ri aras\u0131nda 11-cidir. Amma n\u0259 olsun. 9 ildir g\u00f6zl\u0259yirik. H\u0259l\u0259 d\u0259 m\u0259nzil n\u00f6vb\u0259miz \u00e7atm\u0131r\u201d.\n<\/p>\n<p>\n  Ana bildirir ki, nazirlik 2005-ci ild\u0259n indiy\u0259d\u0259k \u015f\u0259hid ail\u0259l\u0259ri v\u0259 Qaraba\u011f \u0259lill\u0259ri \u00fc\u00e7\u00fcn 6 \u00e7oxm\u0259nzilli bina tikib istifad\u0259y\u0259 verib. Ancaq n\u0259d\u0259ns\u0259 o q\u0259d\u0259r m\u0259nzilin i\u00e7ind\u0259n biri onlar\u0131n pay\u0131na d\u00fc\u015fm\u0259yib:\n<\/p>\n<p>\n  \u201cDeyil\u0259nl\u0259r\u0259 g\u00f6r\u0259 d\u00f6vl\u0259t hesab\u0131na \u015f\u0259hid ail\u0259l\u0259ri \u00fc\u00e7\u00fcn tikilib istifad\u0259y\u0259 verilmi\u015f h\u0259min m\u0259nzill\u0259rin \u0259ks\u0259riyy\u0259ti saxta \u0259lilliyi olan v\u0259 olmayan k\u0259nar \u015f\u0259xsl\u0259r\u0259 paylan\u0131b. Bizim kimil\u0259r qal\u0131b k\u0259narda. M\u0259nc\u0259, bu faktlar\u0131 yerind\u0259 ara\u015fd\u0131rmaq o q\u0259d\u0259r d\u0259 \u00e7\u0259tin olmamal\u0131d\u0131r. \u00c7\u00fcnki \u015e\u0259ki rayonundan olan m\u0259nim kimi \u015f\u0259hid ail\u0259l\u0259rinin he\u00e7 yar\u0131s\u0131 m\u0259nzill\u0259 t\u0259min olunmay\u0131b\u201d.\n<\/p>\n<p>\n  M\u0259fkur\u0259 \u018fbd\u00fcr\u0259himova 5 o\u011ful, 3 q\u0131z anas\u0131d\u0131r. Deyir, Faiq \u0259n b\u00f6y\u00fck o\u011flu olub. Bu g\u00fcn o, \u00e7\u0259tin durumda ya\u015fay\u0131r. Ehtiyac\u0131 var dey\u0259, ev n\u00f6vb\u0259sin\u0259 yaz\u0131l\u0131b. \u0130ll\u0259rdir ev alaca\u011f\u0131 g\u00fcn\u00fcn \u00fcmidi il\u0259 ya\u015fay\u0131r:\n<\/p>\n<figure class=\"wp-block-image size-large\">\n  <img decoding=\"async\" src=\"https:\/\/www.meydan.tv\/az\/image_from_ios-1-jpg-134\/\" alt=\"image_from_ios (1).jpg\" class=\"wp-image-142055\"\/><figcaption>\n    Faiq \u018fbd\u00fcr\u0259himov (ortada) d\u00f6y\u00fc\u015f yolda\u015flar\u0131yla<br \/>\n  <\/figcaption><\/figure>\n<p>\n  \u201c\u015e\u0259hid ail\u0259si kimi 1994-c\u00fc ild\u0259n bu g\u00fcn\u0259d\u0259k d\u00f6vl\u0259td\u0259n he\u00e7 n\u0259 almam\u0131\u015f\u0131q. N\u0259 bir ev, n\u0259 bir torpaq sah\u0259si, n\u0259 avtomobil, n\u0259 maddi yard\u0131m. D\u0259f\u0259l\u0259rl\u0259 q\u0259bullar\u0131nda olma\u011f\u0131ma baxmayaraq, \u00f6vladlar\u0131mdan h\u0259r hans\u0131 birini i\u015fl\u0259 t\u0259min etm\u0259yibl\u0259r. H\u0259dd\u0259n art\u0131q kas\u0131b v\u0259ziyy\u0259td\u0259 ya\u015fasaq da, tez-tez d\u00f6vl\u0259t idar\u0259l\u0259rind\u0259n n\u0259 is\u0259 ist\u0259m\u0259yi, qap\u0131lar d\u00f6ym\u0259yi q\u00fcrurumuza s\u0131\u011f\u0131\u015fd\u0131rmam\u0131\u015f\u0131q. 1994-c\u00fc il\u0259 q\u0259d\u0259r u\u00e7uq-s\u00f6k\u00fck bir daxmada 8 u\u015fa\u011f\u0131 b\u00f6y\u00fctm\u00fc\u015f\u0259m. B\u00f6y\u00fck o\u011flum Faiqi d\u0259 bu evd\u0259n h\u0259m iki illik Almaniyada h\u0259rbi xidm\u0259t\u0259, h\u0259m d\u0259 1992-ci ild\u0259n Qaraba\u011f m\u00fcharib\u0259sin\u0259 yola salm\u0131\u015fam. O, c\u0259bh\u0259y\u0259 getm\u0259mi\u015fd\u0259n \u0259vv\u0259l G\u00fcrgc\u00fcstana gedib, orada muzdla i\u015fl\u0259yib, h\u0259y\u0259timizd\u0259 da\u015fdan ev tikm\u0259k ist\u0259yirdi. Heyf ki, 1994-c\u00fc ild\u0259 onun tikdiyi, lakin ba\u015fa \u00e7atd\u0131ra bilm\u0259diyi yar\u0131m\u00e7\u0131q evin da\u015f divarlar\u0131 aras\u0131na onun tabutu \u201cqonaq\u201d oldu\u201d.\n<\/p>\n<p>\n  Ana deyir ki, d\u00fczd\u00fcr, sonralar o\u011fluna g\u00f6r\u0259 bayramlarda kolxozdan evl\u0259rin\u0259 bir-iki d\u0259f\u0259 pay g\u00f6nd\u0259rils\u0259 d\u0259, q\u0259bul etm\u0259yib, geri qaytar\u0131blar:\n<\/p>\n<p>\n  \u201cAmma ail\u0259miz\u0259 \u0259n \u00e7ox t\u0259sir ed\u0259n bu oldu ki, haz\u0131rda o\u011flum Sadiqin 4 n\u0259f\u0259rlik ail\u0259sil\u0259 v\u0259 36 ya\u015fl\u0131 subay o\u011flum H\u0259zi il\u0259 28 kvadratl\u0131q h\u0259y\u0259t evind\u0259, \u00e7\u0259tinlikl\u0259, birt\u0259h\u0259r ya\u015fay\u0131r\u0131q. \u0130mkans\u0131zl\u0131qdan ki\u00e7ik o\u011flum H\u0259ziy\u0259 m\u0259nzili olmad\u0131\u011f\u0131ndan toy ed\u0259 bilmir\u0259m. N\u0259 q\u0259d\u0259r g\u00f6zl\u0259m\u0259k olar? Ax\u0131 \u015f\u0259hid o\u011flum Faiq adi \u0259sg\u0259r olmay\u0131b. O, t\u0259sad\u00fcfi d\u00fc\u015fm\u0259n g\u00fcll\u0259sind\u0259n \u015f\u0259hid olmay\u0131b. 1992-ci ilin sentyabr\u0131ndan 1994-c\u00fc ilin yanvar\u0131n 27-d\u0259k pe\u015f\u0259kar h\u0259rb\u00e7i kimi k\u00f6n\u00fcll\u00fc olaraq d\u00f6y\u00fc\u015fl\u0259rin \u0259n q\u0131z\u011f\u0131n yerl\u0259rind\u0259 olub. 1993-c\u00fc ild\u0259 Z\u0259ngilan c\u0259bh\u0259sind\u0259 Daxili Qo\u015funlar batalyonunun pe\u015f\u0259kar d\u00f6y\u00fc\u015f\u00e7\u00fcs\u00fc olmaqla yana\u015f\u0131, tibb v\u0259 maliyy\u0259 xidm\u0259ti r\u0259hb\u0259ri v\u0259zif\u0259l\u0259rini icra ed\u0259n ba\u015f \u00e7avu\u015f \u201c\u015e\u0259kili Faiq\u201d kimi tan\u0131nan o\u011flumun ba\u015f\u0131na niy\u0259 erm\u0259nil\u0259r 3 milyon rubl pul qoymu\u015fdu? Cavab\u0131n\u0131 \u015f\u0259hid o\u011flumun d\u00f6y\u00fc\u015f yolda\u015flar\u0131 bel\u0259 izah edirdil\u0259r ki, Z\u0259ngilan\u0131n son g\u00fcn\u00fcn\u0259 q\u0259d\u0259r Faiqin batalyonu, artilleriya alay\u0131n\u0131n d\u00f6y\u00fc\u015f\u00e7\u00fcl\u0259ril\u0259 birlikd\u0259 d\u00fc\u015fm\u0259nin m\u00fczdlululardan ibar\u0259t pe\u015f\u0259karlar\u0131n\u0131n b\u00fct\u00fcn s\u0259rh\u0259dboyu h\u00fccumlar\u0131n\u0131n qar\u015f\u0131s\u0131n\u0131 al\u0131b v\u0259 d\u00fc\u015fm\u0259n h\u0259r h\u00fccumdan sonra xeyli canl\u0131 q\u00fcvv\u0259 itir\u0259r\u0259k geri \u00e7\u0259kilm\u0259k zorunda qal\u0131b. R\u0259hm\u0259tlik o\u011flum \u0259vv\u0259ll\u0259r Almaniyada h\u0259rbi xidm\u0259td\u0259 olmu\u015f v\u0259 pe\u015f\u0259kar bir h\u0259rb\u00e7i kimi Qaraba\u011f d\u00f6y\u00fc\u015fl\u0259rinin \u0259n q\u0131z\u011f\u0131n yerl\u0259rind\u0259 i\u015ftirak etmi\u015fdi\u201d.\n<\/p>\n<figure class=\"wp-block-image size-large\">\n  <img decoding=\"async\" src=\"https:\/\/www.meydan.tv\/az\/image_from_ios-3-jpg-100\/\" alt=\"image_from_ios (3).jpg\" class=\"wp-image-142058\"\/><figcaption>\n    M\u0259fkur\u0259 \u018fbd\u00fcr\u0259himova<br \/>\n  <\/figcaption><\/figure>\n<p>\n  M\u0259fkur\u0259 \u018fbd\u00fcr\u0259himova deyir ki, o\u011flu F\u00fczuli rayonu istiqam\u0259tind\u0259 ged\u0259n d\u00f6y\u00fc\u015fl\u0259rd\u0259 d\u0259 i\u015ftirak edib. Horadiz q\u0259s\u0259b\u0259si v\u0259 22 k\u0259ndin erm\u0259ni-rus birl\u0259\u015fm\u0259l\u0259rind\u0259n azad olunmas\u0131nda polkovnik F\u0259tulla H\u00fcseynovun komandanl\u0131\u011f\u0131 alt\u0131nda yax\u0131ndan i\u015ftirak edib:\n<\/p>\n<p>\n  \u201cEl\u0259 v\u0259t\u0259ni u\u011frunda da \u015f\u0259hid olub. 1994-c\u00fc il yanvar\u0131n 28-d\u0259 ata yurdu olan A\u015fa\u011f\u0131 G\u00f6yn\u00fckd\u0259 d\u0259fn edilib\u201d.\n<\/p>\n<p>\n  Sonda M\u0259fkur\u0259 \u018fbd\u00fcr\u0259himova Prezident \u0130lham \u018fliyev\u0259, Ba\u015f nazir \u018fli \u018fs\u0259dova, I Vitse-prezident Mehriban \u018fliyevaya, Heyd\u0259r \u018fliyev Fondunun vitse-prezidenti Leyla \u018fliyevaya, \u018fm\u0259k v\u0259 \u0259halinin sosial m\u00fcdafi\u0259si naziri Sahil Babayev\u0259, Ombudsman Aparat\u0131na, Ail\u0259, Qad\u0131n v\u0259 U\u015faq probleml\u0259ri \u00fczr\u0259 D\u00f6vl\u0259t Komit\u0259sin\u0259 m\u00fcraci\u0259t edir. Deyir, Qaraba\u011f m\u00fcharib\u0259sind\u0259 d\u00f6y\u00fc\u015f\u0259n v\u0259 h\u0259lak olan o\u011fulun gerid\u0259 qalan ail\u0259si 1994-c\u00fc il\u0259d\u0259k a\u011fac v\u0259 qam\u0131\u015fdan tikilmi\u015f bir otaql\u0131 daxmada \u015f\u0259raitsiz formada ya\u015fay\u0131b, amma kims\u0259y\u0259 \u0259l a\u00e7may\u0131b:\n<\/p>\n<p>\n  \u201cHaz\u0131rda 73 ya\u015f\u0131m var. X\u0259st\u0259y\u0259m. Art\u0131q d\u00f6z\u0259 bilm\u0259diyim \u00fc\u00e7\u00fcn bunlar\u0131 b\u00f6l\u00fc\u015f\u00fcr\u0259m. Biz\u0259 k\u00f6m\u0259k edin. Sizd\u0259n \u00e7ox xahi\u015f edir\u0259m ki, 36 ya\u015fl\u0131 o\u011flum H\u0259zini evl\u0259ndirm\u0259k \u00fc\u00e7\u00fcn bir \u015f\u0259hid ail\u0259si olaraq evl\u0259 t\u0259min olunma\u011f\u0131m\u0131za k\u00f6m\u0259klik g\u00f6st\u0259rin\u201d.\n<\/p>\n<p>\n  \u015e\u0259ki \u015e\u0259h\u0259r \u0130cra Hakimiyy\u0259tind\u0259n Meydan TV-y\u0259 M\u0259fkur\u0259 \u018fbd\u00fcr\u0259himovan\u0131n m\u0259nzil n\u00f6vb\u0259sind\u0259 oldu\u011funu, n\u00f6vb\u0259 \u00e7atan kimi evl\u0259 t\u0259min olunaca\u011f\u0131n\u0131 s\u00f6yl\u0259yibl\u0259r:\n<\/p>\n<p>\n  \u201cB\u0259z\u0259n n\u00f6vb\u0259 ill\u0259rl\u0259 \u00e7\u0259k\u0259 bilir. Y\u0259ni bizlik n\u0259s\u0259 yoxdur. G\u0259r\u0259k paramentl\u0259r\u0259 uy\u011fun ev olsun ki, verilsin. Evl\u0259r n\u00f6vb\u0259lilik siyah\u0131s\u0131 il\u0259 verilir. N\u00f6vb\u0259d\u0259 90-na yax\u0131n ail\u0259 var. Bu xan\u0131m \u00f6n s\u0131ralarda olmal\u0131d\u0131r. \u00dcmid edirik, tezlikl\u0259 evl\u0259 t\u0259min olunacaq v\u0259 problem qalmayacaq\u201d.\n<\/p>\n<p>\n  \u018fm\u0259k v\u0259 \u018fhalinin Sosial M\u00fcdafi\u0259si Nazirliyinin m\u0259tbuat xidm\u0259tinin r\u0259hb\u0259ri Fazil Tal\u0131bl\u0131 is\u0259 bildirib ki, \u015f\u0259hid ail\u0259l\u0259ri v\u0259 Qaraba\u011f m\u00fcharib\u0259si \u0259lill\u0259rinin m\u0259nzil \u015f\u0259raitinin yax\u015f\u0131la\u015fd\u0131r\u0131lmas\u0131 prosesi ild\u0259n-il\u0259 g\u00fccl\u0259ndirilir. \u00d6t\u0259n il 950-d\u0259k ail\u0259y\u0259 m\u0259nzil verilib. Bu r\u0259q\u0259m 2018-ci ild\u0259 634 olub. Bu il is\u0259 1500 m\u0259nzilin verilm\u0259si n\u0259z\u0259rd\u0259 tutulub:\n<\/p>\n<p>\n  \u201cBel\u0259likl\u0259, n\u00f6vb\u0259d\u0259 duran v\u0259 bu kateqoriyadan olan insanlar\u0131n b\u00f6y\u00fck \u0259ks\u0259riyy\u0259ti m\u0259nzill\u0259 t\u0259min edil\u0259c\u0259k. N\u00f6vb\u0259d\u0259 qalan dig\u0259r v\u0259t\u0259nda\u015flar\u0131n da m\u0259nzil t\u0259minat\u0131 n\u00f6vb\u0259ti ill\u0259rd\u0259 davam ed\u0259c\u0259k\u201d.\n<\/p>\n<p>\n  Fazil Tal\u0131bl\u0131 \u0259lav\u0259 edib ki, v\u0259t\u0259nda\u015f onlayn \u015f\u0259kild\u0259 \u00f6z n\u00f6vb\u0259sini, \u00f6z\u00fcnd\u0259n \u00f6nc\u0259 n\u00f6vb\u0259d\u0259 duran\u0131, \u00f6z\u00fcnd\u0259n sonrak\u0131n\u0131 ara\u015fd\u0131ra bil\u0259r:\n<\/p>\n<p>\n  \u201cBiz rayon icra hakimiyy\u0259tl\u0259rind\u0259n g\u0259l\u0259n m\u0259ktublar \u0259sas\u0131nda insanlar\u0131 n\u00f6vb\u0259y\u0259 sal\u0131r\u0131q. V\u0259 h\u0259min n\u00f6vb\u0259ni d\u0259 sayt\u0131m\u0131zda d\u0259rc edirik. Ham\u0131 girib baxa bil\u0259r. H\u0259r \u015fey \u015f\u0259ffafd\u0131r\u201d.\n<\/p>\n<figure class=\"wp-block-image size-large\">\n  <img decoding=\"async\" src=\"https:\/\/www.meydan.tv\/az\/image_from_ios-4-jpg-133\/\" alt=\"image_from_ios (4).jpg\" class=\"wp-image-142061\"\/><figcaption>\n    &#8220;Ail\u0259 ill\u0259rdir ev alaca\u011f\u0131 g\u00fcn\u00fcn \u00fcmidi il\u0259 ya\u015fay\u0131r&#8221;<br \/>\n  <\/figcaption><\/figure>\n","protected":false},"excerpt":{"rendered":"<p>\u201c\u015e\u0259hid ail\u0259si kimi 1994-c\u00fc ild\u0259n bu g\u00fcn\u0259d\u0259k d\u00f6vl\u0259td\u0259n he\u00e7 n\u0259 almam\u0131\u015f\u0131q&#8221;.<\/p>\n","protected":false},"author":11,"featured_media":142052,"comment_status":"closed","ping_status":"open","sticky":false,"template":"","format":"standard","meta":{"_acf_changed":false,"_sitemap_exclude":false,"_sitemap_priority":"","_sitemap_frequency":"","footnotes":""},"categories":[60],"tags":[],"class_list":["post-200665","post","type-post","status-publish","format-standard","has-post-thumbnail","hentry","category-bolge","infinite-scroll-item","generate-columns","tablet-grid-50","mobile-grid-100","grid-parent","grid-33","no-featured-image-padding"],"acf":[],"yoast_head":"<!-- This site is optimized with the Yoast SEO plugin v27.5 - https:\/\/yoast.com\/product\/yoast-seo-wordpress\/ -->\n<title>\u015e\u0259hid anas\u0131: 9 ildir g\u00f6zl\u0259yirik, m\u0259nzil n\u00f6vb\u0259miz \u00e7atm\u0131r - MEYDAN.TV<\/title>\n<meta name=\"robots\" content=\"index, follow, max-snippet:-1, max-image-preview:large, max-video-preview:-1\" \/>\n<link rel=\"canonical\" href=\"https:\/\/www.meydan.tv\/az\/article\/sehid-anasi-9-ildir-gozleyirik-menzil-novbemiz-catmir\/\" \/>\n<meta property=\"og:locale\" content=\"az_AZ\" \/>\n<meta property=\"og:type\" content=\"article\" \/>\n<meta property=\"og:title\" content=\"\u015e\u0259hid anas\u0131: 9 ildir g\u00f6zl\u0259yirik, m\u0259nzil n\u00f6vb\u0259miz \u00e7atm\u0131r - MEYDAN.TV\" \/>\n<meta property=\"og:description\" content=\"\u201c\u015e\u0259hid ail\u0259si kimi 1994-c\u00fc ild\u0259n bu g\u00fcn\u0259d\u0259k d\u00f6vl\u0259td\u0259n he\u00e7 n\u0259 almam\u0131\u015f\u0131q&quot;.\" \/>\n<meta property=\"og:url\" content=\"https:\/\/www.meydan.tv\/az\/article\/sehid-anasi-9-ildir-gozleyirik-menzil-novbemiz-catmir\/\" \/>\n<meta property=\"og:site_name\" content=\"MEYDAN.TV\" \/>\n<meta property=\"article:published_time\" content=\"2020-05-20T12:28:14+00:00\" \/>\n<meta property=\"og:image\" content=\"https:\/\/www.meydan.tv\/wp-content\/uploads\/image_from_ios_2_pocy4ld.jpg\" \/>\n\t<meta property=\"og:image:width\" content=\"800\" \/>\n\t<meta property=\"og:image:height\" content=\"480\" \/>\n\t<meta property=\"og:image:type\" content=\"image\/jpeg\" \/>\n<meta name=\"author\" content=\"user-manager\" \/>\n<meta name=\"twitter:card\" content=\"summary_large_image\" \/>\n<script type=\"application\/ld+json\" class=\"yoast-schema-graph\">{\"@context\":\"https:\\\/\\\/schema.org\",\"@graph\":[{\"@type\":\"Article\",\"@id\":\"https:\\\/\\\/www.meydan.tv\\\/az\\\/article\\\/sehid-anasi-9-ildir-gozleyirik-menzil-novbemiz-catmir\\\/#article\",\"isPartOf\":{\"@id\":\"https:\\\/\\\/www.meydan.tv\\\/az\\\/article\\\/sehid-anasi-9-ildir-gozleyirik-menzil-novbemiz-catmir\\\/\"},\"author\":{\"name\":\"user-manager\",\"@id\":\"https:\\\/\\\/www.meydan.tv\\\/az\\\/#\\\/schema\\\/person\\\/10d11eccf6da3662cf5fdab9806ea91a\"},\"headline\":\"\u015e\u0259hid anas\u0131: 9 ildir g\u00f6zl\u0259yirik, m\u0259nzil n\u00f6vb\u0259miz \u00e7atm\u0131r\",\"datePublished\":\"2020-05-20T12:28:14+00:00\",\"mainEntityOfPage\":{\"@id\":\"https:\\\/\\\/www.meydan.tv\\\/az\\\/article\\\/sehid-anasi-9-ildir-gozleyirik-menzil-novbemiz-catmir\\\/\"},\"wordCount\":1607,\"publisher\":{\"@id\":\"https:\\\/\\\/www.meydan.tv\\\/az\\\/#organization\"},\"image\":{\"@id\":\"https:\\\/\\\/www.meydan.tv\\\/az\\\/article\\\/sehid-anasi-9-ildir-gozleyirik-menzil-novbemiz-catmir\\\/#primaryimage\"},\"thumbnailUrl\":\"https:\\\/\\\/www.meydan.tv\\\/wp-content\\\/uploads\\\/image_from_ios_2_pocy4ld.jpg\",\"articleSection\":[\"B\u00f6lg\u0259\"],\"inLanguage\":\"az\"},{\"@type\":\"WebPage\",\"@id\":\"https:\\\/\\\/www.meydan.tv\\\/az\\\/article\\\/sehid-anasi-9-ildir-gozleyirik-menzil-novbemiz-catmir\\\/\",\"url\":\"https:\\\/\\\/www.meydan.tv\\\/az\\\/article\\\/sehid-anasi-9-ildir-gozleyirik-menzil-novbemiz-catmir\\\/\",\"name\":\"\u015e\u0259hid anas\u0131: 9 ildir g\u00f6zl\u0259yirik, m\u0259nzil n\u00f6vb\u0259miz \u00e7atm\u0131r - MEYDAN.TV\",\"isPartOf\":{\"@id\":\"https:\\\/\\\/www.meydan.tv\\\/az\\\/#website\"},\"primaryImageOfPage\":{\"@id\":\"https:\\\/\\\/www.meydan.tv\\\/az\\\/article\\\/sehid-anasi-9-ildir-gozleyirik-menzil-novbemiz-catmir\\\/#primaryimage\"},\"image\":{\"@id\":\"https:\\\/\\\/www.meydan.tv\\\/az\\\/article\\\/sehid-anasi-9-ildir-gozleyirik-menzil-novbemiz-catmir\\\/#primaryimage\"},\"thumbnailUrl\":\"https:\\\/\\\/www.meydan.tv\\\/wp-content\\\/uploads\\\/image_from_ios_2_pocy4ld.jpg\",\"datePublished\":\"2020-05-20T12:28:14+00:00\",\"breadcrumb\":{\"@id\":\"https:\\\/\\\/www.meydan.tv\\\/az\\\/article\\\/sehid-anasi-9-ildir-gozleyirik-menzil-novbemiz-catmir\\\/#breadcrumb\"},\"inLanguage\":\"az\",\"potentialAction\":[{\"@type\":\"ReadAction\",\"target\":[\"https:\\\/\\\/www.meydan.tv\\\/az\\\/article\\\/sehid-anasi-9-ildir-gozleyirik-menzil-novbemiz-catmir\\\/\"]}]},{\"@type\":\"ImageObject\",\"inLanguage\":\"az\",\"@id\":\"https:\\\/\\\/www.meydan.tv\\\/az\\\/article\\\/sehid-anasi-9-ildir-gozleyirik-menzil-novbemiz-catmir\\\/#primaryimage\",\"url\":\"https:\\\/\\\/www.meydan.tv\\\/wp-content\\\/uploads\\\/image_from_ios_2_pocy4ld.jpg\",\"contentUrl\":\"https:\\\/\\\/www.meydan.tv\\\/wp-content\\\/uploads\\\/image_from_ios_2_pocy4ld.jpg\",\"width\":800,\"height\":480,\"caption\":\"Source: Meydan TV\"},{\"@type\":\"BreadcrumbList\",\"@id\":\"https:\\\/\\\/www.meydan.tv\\\/az\\\/article\\\/sehid-anasi-9-ildir-gozleyirik-menzil-novbemiz-catmir\\\/#breadcrumb\",\"itemListElement\":[{\"@type\":\"ListItem\",\"position\":1,\"name\":\"Ana s\u0259hif\u0259\",\"item\":\"https:\\\/\\\/www.meydan.tv\\\/az\\\/\"},{\"@type\":\"ListItem\",\"position\":2,\"name\":\"B\u00f6lg\u0259\",\"item\":\"https:\\\/\\\/www.meydan.tv\\\/az\\\/section\\\/bolge\\\/\"},{\"@type\":\"ListItem\",\"position\":3,\"name\":\"\u015e\u0259hid anas\u0131: 9 ildir g\u00f6zl\u0259yirik, m\u0259nzil n\u00f6vb\u0259miz \u00e7atm\u0131r\"}]},{\"@type\":\"WebSite\",\"@id\":\"https:\\\/\\\/www.meydan.tv\\\/az\\\/#website\",\"url\":\"https:\\\/\\\/www.meydan.tv\\\/az\\\/\",\"name\":\"MEYDAN.TV\",\"description\":\"Meydan TV Az\u0259rbaycan\u0131n media m\u0259kan\u0131ndak\u0131 alternativ s\u0259sidir\",\"publisher\":{\"@id\":\"https:\\\/\\\/www.meydan.tv\\\/az\\\/#organization\"},\"potentialAction\":[{\"@type\":\"SearchAction\",\"target\":{\"@type\":\"EntryPoint\",\"urlTemplate\":\"https:\\\/\\\/www.meydan.tv\\\/az\\\/?s={search_term_string}\"},\"query-input\":{\"@type\":\"PropertyValueSpecification\",\"valueRequired\":true,\"valueName\":\"search_term_string\"}}],\"inLanguage\":\"az\"},{\"@type\":\"Organization\",\"@id\":\"https:\\\/\\\/www.meydan.tv\\\/az\\\/#organization\",\"name\":\"Meydan TV\",\"url\":\"https:\\\/\\\/www.meydan.tv\\\/az\\\/\",\"logo\":{\"@type\":\"ImageObject\",\"inLanguage\":\"az\",\"@id\":\"https:\\\/\\\/www.meydan.tv\\\/az\\\/#\\\/schema\\\/logo\\\/image\\\/\",\"url\":\"https:\\\/\\\/www.meydan.tv\\\/wp-content\\\/uploads\\\/2021\\\/07\\\/meydan-logo.svg\",\"contentUrl\":\"https:\\\/\\\/www.meydan.tv\\\/wp-content\\\/uploads\\\/2021\\\/07\\\/meydan-logo.svg\",\"width\":195,\"height\":46,\"caption\":\"Meydan TV\"},\"image\":{\"@id\":\"https:\\\/\\\/www.meydan.tv\\\/az\\\/#\\\/schema\\\/logo\\\/image\\\/\"}},{\"@type\":\"Person\",\"@id\":\"https:\\\/\\\/www.meydan.tv\\\/az\\\/#\\\/schema\\\/person\\\/10d11eccf6da3662cf5fdab9806ea91a\",\"name\":\"user-manager\"}]}<\/script>\n<!-- \/ Yoast SEO plugin. -->","yoast_head_json":{"title":"\u015e\u0259hid anas\u0131: 9 ildir g\u00f6zl\u0259yirik, m\u0259nzil n\u00f6vb\u0259miz \u00e7atm\u0131r - MEYDAN.TV","robots":{"index":"index","follow":"follow","max-snippet":"max-snippet:-1","max-image-preview":"max-image-preview:large","max-video-preview":"max-video-preview:-1"},"canonical":"https:\/\/www.meydan.tv\/az\/article\/sehid-anasi-9-ildir-gozleyirik-menzil-novbemiz-catmir\/","og_locale":"az_AZ","og_type":"article","og_title":"\u015e\u0259hid anas\u0131: 9 ildir g\u00f6zl\u0259yirik, m\u0259nzil n\u00f6vb\u0259miz \u00e7atm\u0131r - MEYDAN.TV","og_description":"\u201c\u015e\u0259hid ail\u0259si kimi 1994-c\u00fc ild\u0259n bu g\u00fcn\u0259d\u0259k d\u00f6vl\u0259td\u0259n he\u00e7 n\u0259 almam\u0131\u015f\u0131q\".","og_url":"https:\/\/www.meydan.tv\/az\/article\/sehid-anasi-9-ildir-gozleyirik-menzil-novbemiz-catmir\/","og_site_name":"MEYDAN.TV","article_published_time":"2020-05-20T12:28:14+00:00","og_image":[{"width":800,"height":480,"url":"https:\/\/www.meydan.tv\/wp-content\/uploads\/image_from_ios_2_pocy4ld.jpg","type":"image\/jpeg"}],"author":"user-manager","twitter_card":"summary_large_image","schema":{"@context":"https:\/\/schema.org","@graph":[{"@type":"Article","@id":"https:\/\/www.meydan.tv\/az\/article\/sehid-anasi-9-ildir-gozleyirik-menzil-novbemiz-catmir\/#article","isPartOf":{"@id":"https:\/\/www.meydan.tv\/az\/article\/sehid-anasi-9-ildir-gozleyirik-menzil-novbemiz-catmir\/"},"author":{"name":"user-manager","@id":"https:\/\/www.meydan.tv\/az\/#\/schema\/person\/10d11eccf6da3662cf5fdab9806ea91a"},"headline":"\u015e\u0259hid anas\u0131: 9 ildir g\u00f6zl\u0259yirik, m\u0259nzil n\u00f6vb\u0259miz \u00e7atm\u0131r","datePublished":"2020-05-20T12:28:14+00:00","mainEntityOfPage":{"@id":"https:\/\/www.meydan.tv\/az\/article\/sehid-anasi-9-ildir-gozleyirik-menzil-novbemiz-catmir\/"},"wordCount":1607,"publisher":{"@id":"https:\/\/www.meydan.tv\/az\/#organization"},"image":{"@id":"https:\/\/www.meydan.tv\/az\/article\/sehid-anasi-9-ildir-gozleyirik-menzil-novbemiz-catmir\/#primaryimage"},"thumbnailUrl":"https:\/\/www.meydan.tv\/wp-content\/uploads\/image_from_ios_2_pocy4ld.jpg","articleSection":["B\u00f6lg\u0259"],"inLanguage":"az"},{"@type":"WebPage","@id":"https:\/\/www.meydan.tv\/az\/article\/sehid-anasi-9-ildir-gozleyirik-menzil-novbemiz-catmir\/","url":"https:\/\/www.meydan.tv\/az\/article\/sehid-anasi-9-ildir-gozleyirik-menzil-novbemiz-catmir\/","name":"\u015e\u0259hid anas\u0131: 9 ildir g\u00f6zl\u0259yirik, m\u0259nzil n\u00f6vb\u0259miz \u00e7atm\u0131r - MEYDAN.TV","isPartOf":{"@id":"https:\/\/www.meydan.tv\/az\/#website"},"primaryImageOfPage":{"@id":"https:\/\/www.meydan.tv\/az\/article\/sehid-anasi-9-ildir-gozleyirik-menzil-novbemiz-catmir\/#primaryimage"},"image":{"@id":"https:\/\/www.meydan.tv\/az\/article\/sehid-anasi-9-ildir-gozleyirik-menzil-novbemiz-catmir\/#primaryimage"},"thumbnailUrl":"https:\/\/www.meydan.tv\/wp-content\/uploads\/image_from_ios_2_pocy4ld.jpg","datePublished":"2020-05-20T12:28:14+00:00","breadcrumb":{"@id":"https:\/\/www.meydan.tv\/az\/article\/sehid-anasi-9-ildir-gozleyirik-menzil-novbemiz-catmir\/#breadcrumb"},"inLanguage":"az","potentialAction":[{"@type":"ReadAction","target":["https:\/\/www.meydan.tv\/az\/article\/sehid-anasi-9-ildir-gozleyirik-menzil-novbemiz-catmir\/"]}]},{"@type":"ImageObject","inLanguage":"az","@id":"https:\/\/www.meydan.tv\/az\/article\/sehid-anasi-9-ildir-gozleyirik-menzil-novbemiz-catmir\/#primaryimage","url":"https:\/\/www.meydan.tv\/wp-content\/uploads\/image_from_ios_2_pocy4ld.jpg","contentUrl":"https:\/\/www.meydan.tv\/wp-content\/uploads\/image_from_ios_2_pocy4ld.jpg","width":800,"height":480,"caption":"Source: Meydan TV"},{"@type":"BreadcrumbList","@id":"https:\/\/www.meydan.tv\/az\/article\/sehid-anasi-9-ildir-gozleyirik-menzil-novbemiz-catmir\/#breadcrumb","itemListElement":[{"@type":"ListItem","position":1,"name":"Ana s\u0259hif\u0259","item":"https:\/\/www.meydan.tv\/az\/"},{"@type":"ListItem","position":2,"name":"B\u00f6lg\u0259","item":"https:\/\/www.meydan.tv\/az\/section\/bolge\/"},{"@type":"ListItem","position":3,"name":"\u015e\u0259hid anas\u0131: 9 ildir g\u00f6zl\u0259yirik, m\u0259nzil n\u00f6vb\u0259miz \u00e7atm\u0131r"}]},{"@type":"WebSite","@id":"https:\/\/www.meydan.tv\/az\/#website","url":"https:\/\/www.meydan.tv\/az\/","name":"MEYDAN.TV","description":"Meydan TV Az\u0259rbaycan\u0131n media m\u0259kan\u0131ndak\u0131 alternativ s\u0259sidir","publisher":{"@id":"https:\/\/www.meydan.tv\/az\/#organization"},"potentialAction":[{"@type":"SearchAction","target":{"@type":"EntryPoint","urlTemplate":"https:\/\/www.meydan.tv\/az\/?s={search_term_string}"},"query-input":{"@type":"PropertyValueSpecification","valueRequired":true,"valueName":"search_term_string"}}],"inLanguage":"az"},{"@type":"Organization","@id":"https:\/\/www.meydan.tv\/az\/#organization","name":"Meydan TV","url":"https:\/\/www.meydan.tv\/az\/","logo":{"@type":"ImageObject","inLanguage":"az","@id":"https:\/\/www.meydan.tv\/az\/#\/schema\/logo\/image\/","url":"https:\/\/www.meydan.tv\/wp-content\/uploads\/2021\/07\/meydan-logo.svg","contentUrl":"https:\/\/www.meydan.tv\/wp-content\/uploads\/2021\/07\/meydan-logo.svg","width":195,"height":46,"caption":"Meydan TV"},"image":{"@id":"https:\/\/www.meydan.tv\/az\/#\/schema\/logo\/image\/"}},{"@type":"Person","@id":"https:\/\/www.meydan.tv\/az\/#\/schema\/person\/10d11eccf6da3662cf5fdab9806ea91a","name":"user-manager"}]}},"_links":{"self":[{"href":"https:\/\/www.meydan.tv\/az\/wp-json\/wp\/v2\/posts\/200665","targetHints":{"allow":["GET"]}}],"collection":[{"href":"https:\/\/www.meydan.tv\/az\/wp-json\/wp\/v2\/posts"}],"about":[{"href":"https:\/\/www.meydan.tv\/az\/wp-json\/wp\/v2\/types\/post"}],"author":[{"embeddable":true,"href":"https:\/\/www.meydan.tv\/az\/wp-json\/wp\/v2\/users\/11"}],"replies":[{"embeddable":true,"href":"https:\/\/www.meydan.tv\/az\/wp-json\/wp\/v2\/comments?post=200665"}],"version-history":[{"count":0,"href":"https:\/\/www.meydan.tv\/az\/wp-json\/wp\/v2\/posts\/200665\/revisions"}],"wp:featuredmedia":[{"embeddable":true,"href":"https:\/\/www.meydan.tv\/az\/wp-json\/wp\/v2\/media\/142052"}],"wp:attachment":[{"href":"https:\/\/www.meydan.tv\/az\/wp-json\/wp\/v2\/media?parent=200665"}],"wp:term":[{"taxonomy":"category","embeddable":true,"href":"https:\/\/www.meydan.tv\/az\/wp-json\/wp\/v2\/categories?post=200665"},{"taxonomy":"post_tag","embeddable":true,"href":"https:\/\/www.meydan.tv\/az\/wp-json\/wp\/v2\/tags?post=200665"}],"curies":[{"name":"wp","href":"https:\/\/api.w.org\/{rel}","templated":true}]}}