{"id":200618,"date":"2020-05-16T13:05:33","date_gmt":"2020-05-16T13:05:33","guid":{"rendered":"https:\/\/www.meydan.tv\/article\/saatlinin-icra-bascisi-isden-cixarildi\/"},"modified":"2020-05-16T13:05:33","modified_gmt":"2020-05-16T13:05:33","slug":"saatlinin-icra-bascisi-isden-cixarildi","status":"publish","type":"post","link":"https:\/\/www.meydan.tv\/az\/article\/saatlinin-icra-bascisi-isden-cixarildi\/","title":{"rendered":"Saatl\u0131n\u0131n icra ba\u015f\u00e7\u0131s\u0131 i\u015fd\u0259n \u00e7\u0131xar\u0131ld\u0131"},"content":{"rendered":"<p>\n  <i><br \/>\n    Prezident s\u0259r\u0259ncam imzalay\u0131b<br \/>\n  <\/i>\n<\/p>\n<p>\n  Prezident \u0130lham \u018fliyev may\u0131n 16-da imzalad\u0131\u011f\u0131<br \/>\n  <a href=\"https:\/\/president.az\/articles\/38427\"><br \/>\n    s\u0259r\u0259ncam<br \/>\n  <\/a><br \/>\n  la Saatl\u0131 Rayon \u0130cra Hakimiyy\u0259tinin ba\u015f\u00e7\u0131s\u0131 Nazim \u0130smay\u0131lov v\u0259zif\u0259sind\u0259n azad olunub.\n<\/p>\n<p>\n  Bir il \u0259vv\u0259l Saatl\u0131 Rayon \u0130cra Hakimiyy\u0259tinin ba\u015f\u00e7\u0131s\u0131 t\u0259yin edil\u0259n Nazim \u0130smay\u0131lov 1952-ci ild\u0259 G\u00f6y\u00e7ay rayonunda do\u011fulub.\n<\/p>\n<p>\n  Nazim \u0130smay\u0131lov 1974-c\u00fc ild\u0259 Az\u0259rbaycan Neft v\u0259 Kimya \u0130nstitutunu, 1991-ci ild\u0259 is\u0259 Bak\u0131 Sosial \u0130dar\u0259etm\u0259 v\u0259 Politologiya \u0130nstitutunu bitirib. O, \u0259m\u0259k f\u0259aliyy\u0259tin\u0259 1974-c\u00fc ild\u0259 &quot;Sumqay\u0131tkimyas\u0259naye&quot; \u0130stehsalat Birliyi Oktyabr inqilab\u0131n\u0131n 50 illiyi ad\u0131na \u00fczv\u00fc m\u0259hsullar zavodunda m\u00fch\u0259ndis kimi ba\u015flay\u0131b.\n<\/p>\n<p>\n  Nazim \u0130smay\u0131lov 1989-1990-c\u0131 ill\u0259rd\u0259 G\u00f6y\u00e7ay rayonu Partiya Komit\u0259sinin katibi, 1990-1991-ci ill\u0259rd\u0259 G\u00f6y\u00e7ay rayonu Xalq Deputatlar\u0131 Sovetinin s\u0259dr m\u00fcavini, 1991-1992-ci ill\u0259rd\u0259 G\u00f6y\u00e7ay rayonu \u0130cra Hakimiyy\u0259ti ba\u015f\u00e7\u0131s\u0131n\u0131n birinci m\u00fcavini, sonrak\u0131 ill\u0259rd\u0259 Xalq Deputatlar\u0131 Sovetinin s\u0259dr m\u00fcavini olub.\n<\/p>\n<p>\n  Yeni Az\u0259rbaycan Partiyas\u0131n\u0131n \u00fczv\u00fc olan Nazim \u0130smay\u0131lov 2001-ci ild\u0259n bug\u00fcn\u0259 q\u0259d\u0259r G\u00f6y\u00e7ay, \u015eamax\u0131, Sabirabad rayonlar\u0131n\u0131n icra hakimiyy\u0259tinin ba\u015f\u00e7\u0131s\u0131 v\u0259zif\u0259l\u0259rini da\u015f\u0131y\u0131b.\n<\/p>\n<p>\n  2012-ci ild\u0259 3-c\u00fc d\u0259r\u0259c\u0259li \u201cV\u0259t\u0259n\u0259 xidm\u0259t\u0259 g\u00f6r\u0259\u201d ordeni il\u0259 t\u0259ltif olunub.<\/p>\n","protected":false},"excerpt":{"rendered":"<p>2012-ci ild\u0259 3-c\u00fc d\u0259r\u0259c\u0259li \u201cV\u0259t\u0259n\u0259 xidm\u0259t\u0259 g\u00f6r\u0259\u201d ordeni il\u0259 t\u0259ltif olunub.<\/p>\n","protected":false},"author":11,"featured_media":141935,"comment_status":"closed","ping_status":"open","sticky":false,"template":"","format":"standard","meta":{"_acf_changed":false,"_sitemap_exclude":false,"_sitemap_priority":"","_sitemap_frequency":"","footnotes":""},"categories":[59],"tags":[],"class_list":["post-200618","post","type-post","status-publish","format-standard","has-post-thumbnail","hentry","category-siyaset","infinite-scroll-item","generate-columns","tablet-grid-50","mobile-grid-100","grid-parent","grid-33","no-featured-image-padding"],"acf":[],"yoast_head":"<!-- This site is optimized with the Yoast SEO plugin v27.5 - https:\/\/yoast.com\/product\/yoast-seo-wordpress\/ -->\n<title>Saatl\u0131n\u0131n icra ba\u015f\u00e7\u0131s\u0131 i\u015fd\u0259n \u00e7\u0131xar\u0131ld\u0131 - MEYDAN.TV<\/title>\n<meta name=\"robots\" content=\"index, follow, max-snippet:-1, max-image-preview:large, max-video-preview:-1\" \/>\n<link rel=\"canonical\" href=\"https:\/\/www.meydan.tv\/az\/article\/saatlinin-icra-bascisi-isden-cixarildi\/\" \/>\n<meta property=\"og:locale\" content=\"az_AZ\" \/>\n<meta property=\"og:type\" content=\"article\" \/>\n<meta property=\"og:title\" content=\"Saatl\u0131n\u0131n icra ba\u015f\u00e7\u0131s\u0131 i\u015fd\u0259n \u00e7\u0131xar\u0131ld\u0131 - MEYDAN.TV\" \/>\n<meta property=\"og:description\" content=\"2012-ci ild\u0259 3-c\u00fc d\u0259r\u0259c\u0259li \u201cV\u0259t\u0259n\u0259 xidm\u0259t\u0259 g\u00f6r\u0259\u201d ordeni il\u0259 t\u0259ltif olunub.\" \/>\n<meta property=\"og:url\" content=\"https:\/\/www.meydan.tv\/az\/article\/saatlinin-icra-bascisi-isden-cixarildi\/\" \/>\n<meta property=\"og:site_name\" content=\"MEYDAN.TV\" \/>\n<meta property=\"article:published_time\" content=\"2020-05-16T13:05:33+00:00\" \/>\n<meta property=\"og:image\" content=\"https:\/\/www.meydan.tv\/wp-content\/uploads\/800px-kl-25.jpg\" \/>\n\t<meta property=\"og:image:width\" content=\"800\" \/>\n\t<meta property=\"og:image:height\" content=\"720\" \/>\n\t<meta property=\"og:image:type\" content=\"image\/jpeg\" \/>\n<meta name=\"author\" content=\"user-manager\" \/>\n<meta name=\"twitter:card\" content=\"summary_large_image\" \/>\n<script type=\"application\/ld+json\" class=\"yoast-schema-graph\">{\"@context\":\"https:\\\/\\\/schema.org\",\"@graph\":[{\"@type\":\"Article\",\"@id\":\"https:\\\/\\\/www.meydan.tv\\\/az\\\/article\\\/saatlinin-icra-bascisi-isden-cixarildi\\\/#article\",\"isPartOf\":{\"@id\":\"https:\\\/\\\/www.meydan.tv\\\/az\\\/article\\\/saatlinin-icra-bascisi-isden-cixarildi\\\/\"},\"author\":{\"name\":\"user-manager\",\"@id\":\"https:\\\/\\\/www.meydan.tv\\\/az\\\/#\\\/schema\\\/person\\\/10d11eccf6da3662cf5fdab9806ea91a\"},\"headline\":\"Saatl\u0131n\u0131n icra ba\u015f\u00e7\u0131s\u0131 i\u015fd\u0259n \u00e7\u0131xar\u0131ld\u0131\",\"datePublished\":\"2020-05-16T13:05:33+00:00\",\"mainEntityOfPage\":{\"@id\":\"https:\\\/\\\/www.meydan.tv\\\/az\\\/article\\\/saatlinin-icra-bascisi-isden-cixarildi\\\/\"},\"wordCount\":242,\"publisher\":{\"@id\":\"https:\\\/\\\/www.meydan.tv\\\/az\\\/#organization\"},\"image\":{\"@id\":\"https:\\\/\\\/www.meydan.tv\\\/az\\\/article\\\/saatlinin-icra-bascisi-isden-cixarildi\\\/#primaryimage\"},\"thumbnailUrl\":\"https:\\\/\\\/www.meydan.tv\\\/wp-content\\\/uploads\\\/800px-kl-25.jpg\",\"articleSection\":[\"Siyas\u0259t\"],\"inLanguage\":\"az\"},{\"@type\":\"WebPage\",\"@id\":\"https:\\\/\\\/www.meydan.tv\\\/az\\\/article\\\/saatlinin-icra-bascisi-isden-cixarildi\\\/\",\"url\":\"https:\\\/\\\/www.meydan.tv\\\/az\\\/article\\\/saatlinin-icra-bascisi-isden-cixarildi\\\/\",\"name\":\"Saatl\u0131n\u0131n icra ba\u015f\u00e7\u0131s\u0131 i\u015fd\u0259n \u00e7\u0131xar\u0131ld\u0131 - MEYDAN.TV\",\"isPartOf\":{\"@id\":\"https:\\\/\\\/www.meydan.tv\\\/az\\\/#website\"},\"primaryImageOfPage\":{\"@id\":\"https:\\\/\\\/www.meydan.tv\\\/az\\\/article\\\/saatlinin-icra-bascisi-isden-cixarildi\\\/#primaryimage\"},\"image\":{\"@id\":\"https:\\\/\\\/www.meydan.tv\\\/az\\\/article\\\/saatlinin-icra-bascisi-isden-cixarildi\\\/#primaryimage\"},\"thumbnailUrl\":\"https:\\\/\\\/www.meydan.tv\\\/wp-content\\\/uploads\\\/800px-kl-25.jpg\",\"datePublished\":\"2020-05-16T13:05:33+00:00\",\"breadcrumb\":{\"@id\":\"https:\\\/\\\/www.meydan.tv\\\/az\\\/article\\\/saatlinin-icra-bascisi-isden-cixarildi\\\/#breadcrumb\"},\"inLanguage\":\"az\",\"potentialAction\":[{\"@type\":\"ReadAction\",\"target\":[\"https:\\\/\\\/www.meydan.tv\\\/az\\\/article\\\/saatlinin-icra-bascisi-isden-cixarildi\\\/\"]}]},{\"@type\":\"ImageObject\",\"inLanguage\":\"az\",\"@id\":\"https:\\\/\\\/www.meydan.tv\\\/az\\\/article\\\/saatlinin-icra-bascisi-isden-cixarildi\\\/#primaryimage\",\"url\":\"https:\\\/\\\/www.meydan.tv\\\/wp-content\\\/uploads\\\/800px-kl-25.jpg\",\"contentUrl\":\"https:\\\/\\\/www.meydan.tv\\\/wp-content\\\/uploads\\\/800px-kl-25.jpg\",\"width\":800,\"height\":720,\"caption\":\"Source: Specify Source\"},{\"@type\":\"BreadcrumbList\",\"@id\":\"https:\\\/\\\/www.meydan.tv\\\/az\\\/article\\\/saatlinin-icra-bascisi-isden-cixarildi\\\/#breadcrumb\",\"itemListElement\":[{\"@type\":\"ListItem\",\"position\":1,\"name\":\"Ana s\u0259hif\u0259\",\"item\":\"https:\\\/\\\/www.meydan.tv\\\/az\\\/\"},{\"@type\":\"ListItem\",\"position\":2,\"name\":\"Siyas\u0259t\",\"item\":\"https:\\\/\\\/www.meydan.tv\\\/az\\\/section\\\/siyaset\\\/\"},{\"@type\":\"ListItem\",\"position\":3,\"name\":\"Saatl\u0131n\u0131n icra ba\u015f\u00e7\u0131s\u0131 i\u015fd\u0259n \u00e7\u0131xar\u0131ld\u0131\"}]},{\"@type\":\"WebSite\",\"@id\":\"https:\\\/\\\/www.meydan.tv\\\/az\\\/#website\",\"url\":\"https:\\\/\\\/www.meydan.tv\\\/az\\\/\",\"name\":\"MEYDAN.TV\",\"description\":\"Meydan TV Az\u0259rbaycan\u0131n media m\u0259kan\u0131ndak\u0131 alternativ s\u0259sidir\",\"publisher\":{\"@id\":\"https:\\\/\\\/www.meydan.tv\\\/az\\\/#organization\"},\"potentialAction\":[{\"@type\":\"SearchAction\",\"target\":{\"@type\":\"EntryPoint\",\"urlTemplate\":\"https:\\\/\\\/www.meydan.tv\\\/az\\\/?s={search_term_string}\"},\"query-input\":{\"@type\":\"PropertyValueSpecification\",\"valueRequired\":true,\"valueName\":\"search_term_string\"}}],\"inLanguage\":\"az\"},{\"@type\":\"Organization\",\"@id\":\"https:\\\/\\\/www.meydan.tv\\\/az\\\/#organization\",\"name\":\"Meydan TV\",\"url\":\"https:\\\/\\\/www.meydan.tv\\\/az\\\/\",\"logo\":{\"@type\":\"ImageObject\",\"inLanguage\":\"az\",\"@id\":\"https:\\\/\\\/www.meydan.tv\\\/az\\\/#\\\/schema\\\/logo\\\/image\\\/\",\"url\":\"https:\\\/\\\/www.meydan.tv\\\/wp-content\\\/uploads\\\/2021\\\/07\\\/meydan-logo.svg\",\"contentUrl\":\"https:\\\/\\\/www.meydan.tv\\\/wp-content\\\/uploads\\\/2021\\\/07\\\/meydan-logo.svg\",\"width\":195,\"height\":46,\"caption\":\"Meydan TV\"},\"image\":{\"@id\":\"https:\\\/\\\/www.meydan.tv\\\/az\\\/#\\\/schema\\\/logo\\\/image\\\/\"}},{\"@type\":\"Person\",\"@id\":\"https:\\\/\\\/www.meydan.tv\\\/az\\\/#\\\/schema\\\/person\\\/10d11eccf6da3662cf5fdab9806ea91a\",\"name\":\"user-manager\"}]}<\/script>\n<!-- \/ Yoast SEO plugin. -->","yoast_head_json":{"title":"Saatl\u0131n\u0131n icra ba\u015f\u00e7\u0131s\u0131 i\u015fd\u0259n \u00e7\u0131xar\u0131ld\u0131 - MEYDAN.TV","robots":{"index":"index","follow":"follow","max-snippet":"max-snippet:-1","max-image-preview":"max-image-preview:large","max-video-preview":"max-video-preview:-1"},"canonical":"https:\/\/www.meydan.tv\/az\/article\/saatlinin-icra-bascisi-isden-cixarildi\/","og_locale":"az_AZ","og_type":"article","og_title":"Saatl\u0131n\u0131n icra ba\u015f\u00e7\u0131s\u0131 i\u015fd\u0259n \u00e7\u0131xar\u0131ld\u0131 - MEYDAN.TV","og_description":"2012-ci ild\u0259 3-c\u00fc d\u0259r\u0259c\u0259li \u201cV\u0259t\u0259n\u0259 xidm\u0259t\u0259 g\u00f6r\u0259\u201d ordeni il\u0259 t\u0259ltif olunub.","og_url":"https:\/\/www.meydan.tv\/az\/article\/saatlinin-icra-bascisi-isden-cixarildi\/","og_site_name":"MEYDAN.TV","article_published_time":"2020-05-16T13:05:33+00:00","og_image":[{"width":800,"height":720,"url":"https:\/\/www.meydan.tv\/wp-content\/uploads\/800px-kl-25.jpg","type":"image\/jpeg"}],"author":"user-manager","twitter_card":"summary_large_image","schema":{"@context":"https:\/\/schema.org","@graph":[{"@type":"Article","@id":"https:\/\/www.meydan.tv\/az\/article\/saatlinin-icra-bascisi-isden-cixarildi\/#article","isPartOf":{"@id":"https:\/\/www.meydan.tv\/az\/article\/saatlinin-icra-bascisi-isden-cixarildi\/"},"author":{"name":"user-manager","@id":"https:\/\/www.meydan.tv\/az\/#\/schema\/person\/10d11eccf6da3662cf5fdab9806ea91a"},"headline":"Saatl\u0131n\u0131n icra ba\u015f\u00e7\u0131s\u0131 i\u015fd\u0259n \u00e7\u0131xar\u0131ld\u0131","datePublished":"2020-05-16T13:05:33+00:00","mainEntityOfPage":{"@id":"https:\/\/www.meydan.tv\/az\/article\/saatlinin-icra-bascisi-isden-cixarildi\/"},"wordCount":242,"publisher":{"@id":"https:\/\/www.meydan.tv\/az\/#organization"},"image":{"@id":"https:\/\/www.meydan.tv\/az\/article\/saatlinin-icra-bascisi-isden-cixarildi\/#primaryimage"},"thumbnailUrl":"https:\/\/www.meydan.tv\/wp-content\/uploads\/800px-kl-25.jpg","articleSection":["Siyas\u0259t"],"inLanguage":"az"},{"@type":"WebPage","@id":"https:\/\/www.meydan.tv\/az\/article\/saatlinin-icra-bascisi-isden-cixarildi\/","url":"https:\/\/www.meydan.tv\/az\/article\/saatlinin-icra-bascisi-isden-cixarildi\/","name":"Saatl\u0131n\u0131n icra ba\u015f\u00e7\u0131s\u0131 i\u015fd\u0259n \u00e7\u0131xar\u0131ld\u0131 - MEYDAN.TV","isPartOf":{"@id":"https:\/\/www.meydan.tv\/az\/#website"},"primaryImageOfPage":{"@id":"https:\/\/www.meydan.tv\/az\/article\/saatlinin-icra-bascisi-isden-cixarildi\/#primaryimage"},"image":{"@id":"https:\/\/www.meydan.tv\/az\/article\/saatlinin-icra-bascisi-isden-cixarildi\/#primaryimage"},"thumbnailUrl":"https:\/\/www.meydan.tv\/wp-content\/uploads\/800px-kl-25.jpg","datePublished":"2020-05-16T13:05:33+00:00","breadcrumb":{"@id":"https:\/\/www.meydan.tv\/az\/article\/saatlinin-icra-bascisi-isden-cixarildi\/#breadcrumb"},"inLanguage":"az","potentialAction":[{"@type":"ReadAction","target":["https:\/\/www.meydan.tv\/az\/article\/saatlinin-icra-bascisi-isden-cixarildi\/"]}]},{"@type":"ImageObject","inLanguage":"az","@id":"https:\/\/www.meydan.tv\/az\/article\/saatlinin-icra-bascisi-isden-cixarildi\/#primaryimage","url":"https:\/\/www.meydan.tv\/wp-content\/uploads\/800px-kl-25.jpg","contentUrl":"https:\/\/www.meydan.tv\/wp-content\/uploads\/800px-kl-25.jpg","width":800,"height":720,"caption":"Source: Specify Source"},{"@type":"BreadcrumbList","@id":"https:\/\/www.meydan.tv\/az\/article\/saatlinin-icra-bascisi-isden-cixarildi\/#breadcrumb","itemListElement":[{"@type":"ListItem","position":1,"name":"Ana s\u0259hif\u0259","item":"https:\/\/www.meydan.tv\/az\/"},{"@type":"ListItem","position":2,"name":"Siyas\u0259t","item":"https:\/\/www.meydan.tv\/az\/section\/siyaset\/"},{"@type":"ListItem","position":3,"name":"Saatl\u0131n\u0131n icra ba\u015f\u00e7\u0131s\u0131 i\u015fd\u0259n \u00e7\u0131xar\u0131ld\u0131"}]},{"@type":"WebSite","@id":"https:\/\/www.meydan.tv\/az\/#website","url":"https:\/\/www.meydan.tv\/az\/","name":"MEYDAN.TV","description":"Meydan TV Az\u0259rbaycan\u0131n media m\u0259kan\u0131ndak\u0131 alternativ s\u0259sidir","publisher":{"@id":"https:\/\/www.meydan.tv\/az\/#organization"},"potentialAction":[{"@type":"SearchAction","target":{"@type":"EntryPoint","urlTemplate":"https:\/\/www.meydan.tv\/az\/?s={search_term_string}"},"query-input":{"@type":"PropertyValueSpecification","valueRequired":true,"valueName":"search_term_string"}}],"inLanguage":"az"},{"@type":"Organization","@id":"https:\/\/www.meydan.tv\/az\/#organization","name":"Meydan TV","url":"https:\/\/www.meydan.tv\/az\/","logo":{"@type":"ImageObject","inLanguage":"az","@id":"https:\/\/www.meydan.tv\/az\/#\/schema\/logo\/image\/","url":"https:\/\/www.meydan.tv\/wp-content\/uploads\/2021\/07\/meydan-logo.svg","contentUrl":"https:\/\/www.meydan.tv\/wp-content\/uploads\/2021\/07\/meydan-logo.svg","width":195,"height":46,"caption":"Meydan TV"},"image":{"@id":"https:\/\/www.meydan.tv\/az\/#\/schema\/logo\/image\/"}},{"@type":"Person","@id":"https:\/\/www.meydan.tv\/az\/#\/schema\/person\/10d11eccf6da3662cf5fdab9806ea91a","name":"user-manager"}]}},"_links":{"self":[{"href":"https:\/\/www.meydan.tv\/az\/wp-json\/wp\/v2\/posts\/200618","targetHints":{"allow":["GET"]}}],"collection":[{"href":"https:\/\/www.meydan.tv\/az\/wp-json\/wp\/v2\/posts"}],"about":[{"href":"https:\/\/www.meydan.tv\/az\/wp-json\/wp\/v2\/types\/post"}],"author":[{"embeddable":true,"href":"https:\/\/www.meydan.tv\/az\/wp-json\/wp\/v2\/users\/11"}],"replies":[{"embeddable":true,"href":"https:\/\/www.meydan.tv\/az\/wp-json\/wp\/v2\/comments?post=200618"}],"version-history":[{"count":0,"href":"https:\/\/www.meydan.tv\/az\/wp-json\/wp\/v2\/posts\/200618\/revisions"}],"wp:featuredmedia":[{"embeddable":true,"href":"https:\/\/www.meydan.tv\/az\/wp-json\/wp\/v2\/media\/141935"}],"wp:attachment":[{"href":"https:\/\/www.meydan.tv\/az\/wp-json\/wp\/v2\/media?parent=200618"}],"wp:term":[{"taxonomy":"category","embeddable":true,"href":"https:\/\/www.meydan.tv\/az\/wp-json\/wp\/v2\/categories?post=200618"},{"taxonomy":"post_tag","embeddable":true,"href":"https:\/\/www.meydan.tv\/az\/wp-json\/wp\/v2\/tags?post=200618"}],"curies":[{"name":"wp","href":"https:\/\/api.w.org\/{rel}","templated":true}]}}