{"id":200577,"date":"2020-05-13T14:10:36","date_gmt":"2020-05-13T14:10:36","guid":{"rendered":"https:\/\/www.meydan.tv\/article\/samaxida-agsuda-zelzele-neticesinde-evsiz-qalan-elil-aileleri-var\/"},"modified":"2020-05-13T14:10:36","modified_gmt":"2020-05-13T14:10:36","slug":"samaxida-agsuda-zelzele-neticesinde-evsiz-qalan-elil-aileleri-var","status":"publish","type":"post","link":"https:\/\/www.meydan.tv\/az\/article\/samaxida-agsuda-zelzele-neticesinde-evsiz-qalan-elil-aileleri-var\/","title":{"rendered":"\u015eamax\u0131da, A\u011fsuda z\u0259lz\u0259l\u0259 n\u0259tic\u0259sind\u0259 evsiz qalan \u0259lil ail\u0259l\u0259ri var"},"content":{"rendered":"<p>\n  <i><br \/>\n    \u201cPrezident\u0259 yax\u0131nla\u015fa bilm\u0259dim, m\u0259ktubum \u0259limd\u0259 qald\u0131\u201d<br \/>\n  <\/i>\n<\/p>\n<p>\n  \u201cArt\u0131q 4-c\u00fc binan\u0131 t\u0259hvil verirl\u0259r, m\u0259nzill\u0259ri ehtiyac\u0131 olmayanlara paylay\u0131rlar, m\u0259n\u0259 is\u0259 deyirl\u0259r ki, s\u0259n h\u0259l\u0259 g\u00f6zl\u0259&#8230; S\u00fcr\u00fc\u015fm\u0259nin ortas\u0131nda q\u0259zal\u0131 evd\u0259 ya\u015fayan h\u0259rbi \u0259lil ail\u0259si kimi biz\u0259 h\u0259r d\u0259f\u0259 ev\u0259 k\u00f6\u00e7\u0259nl\u0259ri k\u0259nardan seyr etm\u0259k qal\u0131r\u201d.\n<\/p>\n<p>\n  \u015eamax\u0131 \u015f\u0259h\u0259ri, A\u015f\u0131q M\u0259mm\u0259da\u011fa k\u00fc\u00e7\u0259sind\u0259 ya\u015fayan Adil B\u0259kirov Meydan TV-y\u0259 dan\u0131\u015f\u0131r ki, \u00f6t\u0259n ilin fevral\u0131nda ba\u015f vermi\u015f z\u0259lz\u0259l\u0259 n\u0259tic\u0259sind\u0259 evi q\u0259zal\u0131 v\u0259ziyy\u0259t\u0259 d\u00fc\u015f\u00fcb. H\u0259min vaxt ev\u0259 bax\u0131\u015f ke\u00e7ir\u0259n F\u00f6vq\u0259lad\u0259 Hallar Komissiyas\u0131 q\u0259zal\u0131 tikili kimi siyah\u0131ya daxil edib. Ail\u0259y\u0259 bildirilib ki, q\u0259zal\u0131 v\u0259ziyy\u0259t\u0259 d\u00fc\u015fm\u00fc\u015f, \u00fcst\u0259lik d\u0259 s\u00fcr\u00fc\u015fm\u0259 zonas\u0131nda yerl\u0259\u015f\u0259n evin tamamil\u0259 da\u011f\u0131lmas\u0131 m\u00fcmk\u00fcnd\u00fcr v\u0259 ail\u0259 evi t\u0259rk ets\u0259, yax\u015f\u0131 olar. Ancaq B\u0259kirovlar ail\u0259sinin getm\u0259y\u0259 yeri olmad\u0131\u011f\u0131na g\u00f6r\u0259 evd\u0259 ya\u015fama\u011fa davam edib.\n<\/p>\n<p>\n  <b><br \/>\n    Da\u011f\u0131nt\u0131 alt\u0131nda qalmaq qorxusu&#8230;<br \/>\n  <\/b>\n<\/p>\n<p>\n  \u201cBizim ev \u201cyolkal\u0131q\u201d deyil\u0259n \u0259razid\u0259 yerl\u0259\u015fir. Ham\u0131 bilir ki, bura s\u00fcr\u00fc\u015fm\u0259 zonas\u0131d\u0131r. Divarlarda, tavanda, d\u00f6\u015f\u0259m\u0259d\u0259 iri \u00e7atlar var, bir d\u0259f\u0259 g\u00fccl\u00fc ya\u011f\u0131nt\u0131 olsa, evin da\u011f\u0131lmas\u0131na kifay\u0259tdir. \u00d6z\u00fcm ikinci qrup h\u0259rbi \u0259lil\u0259m. \u0130cra hakimiyy\u0259tinin Kommunal T\u0259s\u0259rr\u00fcfat \u0130dar\u0259sind\u0259 f\u0259hl\u0259lik edir\u0259m, \u0259n a\u015fa\u011f\u0131 maa\u015f al\u0131ram, d\u00f6vl\u0259td\u0259n he\u00e7 bir sosial d\u0259st\u0259k g\u00f6rm\u00fcr\u0259m, maa\u015f\u0131m \u00e7\u00f6r\u0259yimiz\u0259, suyumuza \u00e7atm\u0131r he\u00e7&#8230; Onsuz da bu q\u0259d\u0259r \u00e7\u0259tinliyimiz var, bir t\u0259r\u0259fd\u0259n d\u0259 da\u011f\u0131nt\u0131 alt\u0131nda qalmaq qorxusu&#8230;\u201d, &#8211; \u015fikay\u0259t\u00e7i deyir.\n<\/p>\n<p>\n  Adil B\u0259kirovun s\u00f6zl\u0259rin\u0259 g\u00f6r\u0259, \u015eamax\u0131 Rayon \u0130cra Hakimiyy\u0259tind\u0259n ona z\u0259lz\u0259l\u0259d\u0259n z\u0259r\u0259r\u00e7\u0259kmi\u015fl\u0259r\u0259 tikil\u0259n binalardan m\u0259nzil veril\u0259c\u0259yi v\u0259d olunub, ancaq o, h\u0259l\u0259 d\u0259 g\u00f6zl\u0259m\u0259kd\u0259dir:\n<\/p>\n<p>\n  \u201cArt\u0131q d\u00f6rd\u00fcnc\u00fc binan\u0131 t\u0259hvil verirl\u0259r, m\u0259nzill\u0259ri ehtiyac\u0131 olmayanlara paylay\u0131rlar, m\u0259n\u0259 is\u0259 deyirl\u0259r ki, s\u0259n h\u0259l\u0259 g\u00f6zl\u0259&#8230; S\u00fcr\u00fc\u015fm\u0259nin ortas\u0131nda q\u0259zal\u0131 evd\u0259 ya\u015fayan h\u0259rbi \u0259lil ail\u0259si kimi biz\u0259 h\u0259r d\u0259f\u0259 ev\u0259 k\u00f6\u00e7\u0259nl\u0259ri k\u0259nardan seyr etm\u0259k qal\u0131r\u201d.\n<\/p>\n<figure class=\"wp-block-image size-large\">\n  <img decoding=\"async\" src=\"https:\/\/www.meydan.tv\/az\/image_from_ios-5-jpg-98\/\" alt=\"image_from_ios (5).jpg\" class=\"wp-image-141830\"\/><figcaption>\n    B\u0259kirovlar ail\u0259sinin getm\u0259y\u0259 yeri olmad\u0131\u011f\u0131na g\u00f6r\u0259 evd\u0259 ya\u015fama\u011fa davam edib.<br \/>\n  <\/figcaption><\/figure>\n<p>\n  <b><br \/>\n    \u201c\u018flillik pensiyas\u0131 il\u0259 tikdiyim otaq da\u011f\u0131ld\u0131\u201d<br \/>\n  <\/b>\n<\/p>\n<p>\n  \u00d6t\u0259n il \u015eamax\u0131yla eyni vaxtda A\u011fsuda da z\u0259lz\u0259l\u0259 ba\u015f verib. \u00dcst\u0259lik, t\u0259bii f\u0259lak\u0259t avqust ay\u0131nda t\u0259krarlan\u0131b. N\u0259tic\u0259d\u0259 xeyli tikiliy\u0259 z\u0259r\u0259r d\u0259yib. A\u011fsu \u015f\u0259h\u0259ri, Tariyel Xas\u0131yev k\u00fc\u00e7\u0259sind\u0259 ya\u015fayan bir \u0259lil ail\u0259sinin uzun m\u00fcdd\u0259t\u0259 v\u0259 \u0259ziyy\u0259tl\u0259 tikdiyi bir otaq da da\u011f\u0131l\u0131b. \u0130ndi ail\u0259 qohumlar\u0131n evin\u0259 s\u0131\u011f\u0131n\u0131b. Ail\u0259 ba\u015f\u00e7\u0131s\u0131 Natiq Nuriyev dan\u0131\u015f\u0131r:\n<\/p>\n<p>\n  \u201cBir otaq, bir d\u0259 balaca m\u0259tb\u0259xi 4 il\u0259 tikdim. U\u015fa\u011f\u0131n \u0259lillik pensiyas\u0131yla hiss\u0259-hiss\u0259 k\u0259rpic ald\u0131m, evini t\u0259mir ed\u0259n tan\u0131\u015flar da k\u00f6hn\u0259 qap\u0131dan, p\u0259nc\u0259r\u0259d\u0259n verdil\u0259r, birt\u0259h\u0259r tikib ba\u015fa vurdum. El\u0259 i\u00e7\u0259risin\u0259 k\u00f6\u00e7m\u0259y\u0259 haz\u0131rla\u015f\u0131rd\u0131q ki, fevralda z\u0259lz\u0259l\u0259 oldu, evin divarlar\u0131 \u00e7at verdi, k\u00f6\u00e7\u0259 bilm\u0259dik, d\u00fcz\u0259ltm\u0259y\u0259 d\u0259 imkan\u0131m\u0131z olmad\u0131. Prezident \u0259vv\u0259l \u015eamax\u0131ya g\u0259ldi, ondan bir ay sonra A\u011fsuya g\u0259ldi, kim bacard\u0131sa, m\u0259ktubunu ver\u0259 bildi, m\u0259n Prezident\u0259 yax\u0131nla\u015fa bilm\u0259dim, m\u0259ktubum \u0259limd\u0259 qald\u0131. Prezident burda h\u0259kimin, m\u0259murun evl\u0259rin\u0259 bax\u0131\u015f ke\u00e7irtdi, tap\u015f\u0131r\u0131qlar verdi, o evl\u0259r \u0259sasl\u0131 t\u0259mir olundu, h\u0259tta h\u0259min evl\u0259r\u0259 ged\u0259n v\u0259 \u0259vv\u0259ld\u0259n b\u0259rbad v\u0259ziyy\u0259td\u0259 olan yollar\u0131 da d\u00fcz\u0259ltdil\u0259r, \u00e7\u0259kib g\u00f6st\u0259rdil\u0259r. Bizim ev\u0259 yax\u0131n da d\u00fc\u015fm\u0259dil\u0259r. \u0130kinci d\u0259f\u0259 avqustda z\u0259lz\u0259l\u0259 oldu, tamamil\u0259 yarars\u0131z v\u0259ziyy\u0259t\u0259 d\u00fc\u015fd\u00fc\u201d.\n<\/p>\n<figure class=\"wp-block-image size-large\">\n  <img decoding=\"async\" src=\"https:\/\/www.meydan.tv\/az\/image_from_ios-3-jpg-98\/\" alt=\"image_from_ios (3).jpg\" class=\"wp-image-141824\"\/><figcaption>\n    \u201cBir otaq, bir d\u0259 balaca m\u0259tb\u0259xi 4 il\u0259 tikdim&#8221;.<br \/>\n  <\/figcaption><\/figure>\n<p>\n  <b><br \/>\n    \u201cDedi, qanunsuz tikmis\u0259n, s\u0259n\u0259 k\u00f6m\u0259k d\u00fc\u015fm\u00fcr\u201d<br \/>\n  <\/b>\n<\/p>\n<p>\n  Natiq Nuriyev deyir, bir ne\u00e7\u0259 ay \u0259vv\u0259l icra hakimiyy\u0259ti ba\u015f\u00e7\u0131s\u0131n\u0131n q\u0259bulunda olub. Ona bildirilib ki, tikili qanunsuz oldu\u011funa g\u00f6r\u0259 q\u0259zal\u0131 evl\u0259rin siyah\u0131s\u0131na sal\u0131nmay\u0131b:\n<\/p>\n<p>\n  \u201cM\u0259n arabaya m\u0259hkum 1-ci qrup \u0259lil u\u015fa\u011fa bax\u0131ram, \u00fcst\u0259lik, g\u00f6zl\u0259ri d\u0259 60 faiz g\u00f6rm\u00fcr. 5 ildir i\u015fl\u0259mir\u0259m, u\u015fa\u011f\u0131n 12 ya\u015f\u0131 var, yolda\u015f\u0131ma a\u011f\u0131rl\u0131q qald\u0131rmaq olmaz, ona g\u00f6r\u0259 d\u0259 u\u015fa\u011fa \u00f6z\u00fcm bax\u0131ram. Yolda\u015f\u0131m tibb bac\u0131s\u0131 i\u015fl\u0259yir, maa\u015f\u0131 \u00e7ox a\u015fa\u011f\u0131d\u0131r. \u0130ki u\u015faq, ondan biri \u0259lil, yolda\u015f\u0131m, m\u0259n babamdan qalma k\u00f6hn\u0259, \u015f\u0259raitsiz evd\u0259 ya\u015fay\u0131rd\u0131q. N\u0259mi\u015flik, \u015f\u0259raitsizlik \u0259lil \u00f6vlad\u0131m\u0131n s\u0259hh\u0259tini daha da a\u011f\u0131rla\u015fd\u0131r\u0131rd\u0131. H\u00f6kum\u0259tin el\u0259m\u0259li oldu\u011funu u\u015fa\u011f\u0131n \u0259lillik pensiyas\u0131 il\u0259 \u00f6z\u00fcm el\u0259mi\u015fdim, buna g\u00f6r\u0259 m\u0259mur v\u0259t\u0259nda\u015fa \u201csa\u011f ol\u201d dem\u0259lidir ki, v\u0259t\u0259nda\u015f gedib yaxas\u0131ndan sallanm\u0131r, onun v\u0259zif\u0259sin\u0259 d\u00fc\u015f\u0259ni \u00f6z\u00fc h\u0259ll edir. \u018fv\u0259zind\u0259 ba\u015f\u00e7\u0131 m\u0259n\u0259 deyir, onsuz da qanunsuz tikmi\u015fdin, bizlik deyil. Neyl\u0259m\u0259liydik, c\u0259nab ba\u015f\u00e7\u0131, \u0259lil u\u015faqla k\u00fc\u00e7\u0259d\u0259 qalmal\u0131yd\u0131q?\u201d\n<\/p>\n<p>\n  \u015eamax\u0131 Rayon \u0130cra Hakimiyy\u0259tind\u0259n Meydan TV-y\u0259 bildirilib ki, Adil B\u0259kirovun evi il\u0259 ba\u011fl\u0131 deyil\u0259nl\u0259r F\u00f6vq\u0259lad\u0259 Hallar Komissiyas\u0131na y\u00f6nl\u0259ndiril\u0259c\u0259k ki, ara\u015fd\u0131r\u0131ls\u0131n.\n<\/p>\n<p>\n  A\u011fsu Rayon \u0130cra Hakimiyy\u0259tind\u0259n is\u0259 bildirilib ki, Natiq Nuriyevin evi qanunsuz tikili oldu\u011funa g\u00f6r\u0259 m\u00fcvafiq komissiya t\u0259r\u0259find\u0259n q\u0259zal\u0131 tikilil\u0259r siyah\u0131s\u0131na sal\u0131nmay\u0131b. Naraz\u0131l\u0131\u011f\u0131 varsa, m\u0259hk\u0259m\u0259y\u0259 m\u00fcraci\u0259t ed\u0259 bil\u0259r.<\/p>\n","protected":false},"excerpt":{"rendered":"<p>&#8220;5 ildir i\u015fl\u0259mir\u0259m, u\u015fa\u011f\u0131n 12 ya\u015f\u0131 var, yolda\u015f\u0131ma a\u011f\u0131rl\u0131q qald\u0131rmaq olmaz, ona g\u00f6r\u0259 d\u0259 u\u015fa\u011fa \u00f6z\u00fcm bax\u0131ram&#8221;.<\/p>\n","protected":false},"author":11,"featured_media":141833,"comment_status":"closed","ping_status":"open","sticky":false,"template":"","format":"standard","meta":{"_acf_changed":false,"_sitemap_exclude":false,"_sitemap_priority":"","_sitemap_frequency":"","footnotes":""},"categories":[60],"tags":[],"class_list":["post-200577","post","type-post","status-publish","format-standard","has-post-thumbnail","hentry","category-bolge","infinite-scroll-item","generate-columns","tablet-grid-50","mobile-grid-100","grid-parent","grid-33","no-featured-image-padding"],"acf":[],"yoast_head":"<!-- This site is optimized with the Yoast SEO plugin v27.5 - https:\/\/yoast.com\/product\/yoast-seo-wordpress\/ -->\n<title>\u015eamax\u0131da, A\u011fsuda z\u0259lz\u0259l\u0259 n\u0259tic\u0259sind\u0259 evsiz qalan \u0259lil ail\u0259l\u0259ri var - MEYDAN.TV<\/title>\n<meta name=\"robots\" content=\"index, follow, max-snippet:-1, max-image-preview:large, max-video-preview:-1\" \/>\n<link rel=\"canonical\" href=\"https:\/\/www.meydan.tv\/az\/article\/samaxida-agsuda-zelzele-neticesinde-evsiz-qalan-elil-aileleri-var\/\" \/>\n<meta property=\"og:locale\" content=\"az_AZ\" \/>\n<meta property=\"og:type\" content=\"article\" \/>\n<meta property=\"og:title\" content=\"\u015eamax\u0131da, A\u011fsuda z\u0259lz\u0259l\u0259 n\u0259tic\u0259sind\u0259 evsiz qalan \u0259lil ail\u0259l\u0259ri var - MEYDAN.TV\" \/>\n<meta property=\"og:description\" content=\"&quot;5 ildir i\u015fl\u0259mir\u0259m, u\u015fa\u011f\u0131n 12 ya\u015f\u0131 var, yolda\u015f\u0131ma a\u011f\u0131rl\u0131q qald\u0131rmaq olmaz, ona g\u00f6r\u0259 d\u0259 u\u015fa\u011fa \u00f6z\u00fcm bax\u0131ram&quot;.\" \/>\n<meta property=\"og:url\" content=\"https:\/\/www.meydan.tv\/az\/article\/samaxida-agsuda-zelzele-neticesinde-evsiz-qalan-elil-aileleri-var\/\" \/>\n<meta property=\"og:site_name\" content=\"MEYDAN.TV\" \/>\n<meta property=\"article:published_time\" content=\"2020-05-13T14:10:36+00:00\" \/>\n<meta property=\"og:image\" content=\"https:\/\/www.meydan.tv\/wp-content\/uploads\/image_from_ios_4_yzpjat4.jpg\" \/>\n\t<meta property=\"og:image:width\" content=\"1280\" \/>\n\t<meta property=\"og:image:height\" content=\"720\" \/>\n\t<meta property=\"og:image:type\" content=\"image\/jpeg\" \/>\n<meta name=\"author\" content=\"user-manager\" \/>\n<meta name=\"twitter:card\" content=\"summary_large_image\" \/>\n<script type=\"application\/ld+json\" class=\"yoast-schema-graph\">{\"@context\":\"https:\\\/\\\/schema.org\",\"@graph\":[{\"@type\":\"Article\",\"@id\":\"https:\\\/\\\/www.meydan.tv\\\/az\\\/article\\\/samaxida-agsuda-zelzele-neticesinde-evsiz-qalan-elil-aileleri-var\\\/#article\",\"isPartOf\":{\"@id\":\"https:\\\/\\\/www.meydan.tv\\\/az\\\/article\\\/samaxida-agsuda-zelzele-neticesinde-evsiz-qalan-elil-aileleri-var\\\/\"},\"author\":{\"name\":\"user-manager\",\"@id\":\"https:\\\/\\\/www.meydan.tv\\\/az\\\/#\\\/schema\\\/person\\\/10d11eccf6da3662cf5fdab9806ea91a\"},\"headline\":\"\u015eamax\u0131da, A\u011fsuda z\u0259lz\u0259l\u0259 n\u0259tic\u0259sind\u0259 evsiz qalan \u0259lil ail\u0259l\u0259ri var\",\"datePublished\":\"2020-05-13T14:10:36+00:00\",\"mainEntityOfPage\":{\"@id\":\"https:\\\/\\\/www.meydan.tv\\\/az\\\/article\\\/samaxida-agsuda-zelzele-neticesinde-evsiz-qalan-elil-aileleri-var\\\/\"},\"wordCount\":1060,\"publisher\":{\"@id\":\"https:\\\/\\\/www.meydan.tv\\\/az\\\/#organization\"},\"image\":{\"@id\":\"https:\\\/\\\/www.meydan.tv\\\/az\\\/article\\\/samaxida-agsuda-zelzele-neticesinde-evsiz-qalan-elil-aileleri-var\\\/#primaryimage\"},\"thumbnailUrl\":\"https:\\\/\\\/www.meydan.tv\\\/wp-content\\\/uploads\\\/image_from_ios_4_yzpjat4.jpg\",\"articleSection\":[\"B\u00f6lg\u0259\"],\"inLanguage\":\"az\"},{\"@type\":\"WebPage\",\"@id\":\"https:\\\/\\\/www.meydan.tv\\\/az\\\/article\\\/samaxida-agsuda-zelzele-neticesinde-evsiz-qalan-elil-aileleri-var\\\/\",\"url\":\"https:\\\/\\\/www.meydan.tv\\\/az\\\/article\\\/samaxida-agsuda-zelzele-neticesinde-evsiz-qalan-elil-aileleri-var\\\/\",\"name\":\"\u015eamax\u0131da, A\u011fsuda z\u0259lz\u0259l\u0259 n\u0259tic\u0259sind\u0259 evsiz qalan \u0259lil ail\u0259l\u0259ri var - MEYDAN.TV\",\"isPartOf\":{\"@id\":\"https:\\\/\\\/www.meydan.tv\\\/az\\\/#website\"},\"primaryImageOfPage\":{\"@id\":\"https:\\\/\\\/www.meydan.tv\\\/az\\\/article\\\/samaxida-agsuda-zelzele-neticesinde-evsiz-qalan-elil-aileleri-var\\\/#primaryimage\"},\"image\":{\"@id\":\"https:\\\/\\\/www.meydan.tv\\\/az\\\/article\\\/samaxida-agsuda-zelzele-neticesinde-evsiz-qalan-elil-aileleri-var\\\/#primaryimage\"},\"thumbnailUrl\":\"https:\\\/\\\/www.meydan.tv\\\/wp-content\\\/uploads\\\/image_from_ios_4_yzpjat4.jpg\",\"datePublished\":\"2020-05-13T14:10:36+00:00\",\"breadcrumb\":{\"@id\":\"https:\\\/\\\/www.meydan.tv\\\/az\\\/article\\\/samaxida-agsuda-zelzele-neticesinde-evsiz-qalan-elil-aileleri-var\\\/#breadcrumb\"},\"inLanguage\":\"az\",\"potentialAction\":[{\"@type\":\"ReadAction\",\"target\":[\"https:\\\/\\\/www.meydan.tv\\\/az\\\/article\\\/samaxida-agsuda-zelzele-neticesinde-evsiz-qalan-elil-aileleri-var\\\/\"]}]},{\"@type\":\"ImageObject\",\"inLanguage\":\"az\",\"@id\":\"https:\\\/\\\/www.meydan.tv\\\/az\\\/article\\\/samaxida-agsuda-zelzele-neticesinde-evsiz-qalan-elil-aileleri-var\\\/#primaryimage\",\"url\":\"https:\\\/\\\/www.meydan.tv\\\/wp-content\\\/uploads\\\/image_from_ios_4_yzpjat4.jpg\",\"contentUrl\":\"https:\\\/\\\/www.meydan.tv\\\/wp-content\\\/uploads\\\/image_from_ios_4_yzpjat4.jpg\",\"width\":1280,\"height\":720,\"caption\":\"Source: Specify Source\"},{\"@type\":\"BreadcrumbList\",\"@id\":\"https:\\\/\\\/www.meydan.tv\\\/az\\\/article\\\/samaxida-agsuda-zelzele-neticesinde-evsiz-qalan-elil-aileleri-var\\\/#breadcrumb\",\"itemListElement\":[{\"@type\":\"ListItem\",\"position\":1,\"name\":\"Ana s\u0259hif\u0259\",\"item\":\"https:\\\/\\\/www.meydan.tv\\\/az\\\/\"},{\"@type\":\"ListItem\",\"position\":2,\"name\":\"B\u00f6lg\u0259\",\"item\":\"https:\\\/\\\/www.meydan.tv\\\/az\\\/section\\\/bolge\\\/\"},{\"@type\":\"ListItem\",\"position\":3,\"name\":\"\u015eamax\u0131da, A\u011fsuda z\u0259lz\u0259l\u0259 n\u0259tic\u0259sind\u0259 evsiz qalan \u0259lil ail\u0259l\u0259ri var\"}]},{\"@type\":\"WebSite\",\"@id\":\"https:\\\/\\\/www.meydan.tv\\\/az\\\/#website\",\"url\":\"https:\\\/\\\/www.meydan.tv\\\/az\\\/\",\"name\":\"MEYDAN.TV\",\"description\":\"Meydan TV Az\u0259rbaycan\u0131n media m\u0259kan\u0131ndak\u0131 alternativ s\u0259sidir\",\"publisher\":{\"@id\":\"https:\\\/\\\/www.meydan.tv\\\/az\\\/#organization\"},\"potentialAction\":[{\"@type\":\"SearchAction\",\"target\":{\"@type\":\"EntryPoint\",\"urlTemplate\":\"https:\\\/\\\/www.meydan.tv\\\/az\\\/?s={search_term_string}\"},\"query-input\":{\"@type\":\"PropertyValueSpecification\",\"valueRequired\":true,\"valueName\":\"search_term_string\"}}],\"inLanguage\":\"az\"},{\"@type\":\"Organization\",\"@id\":\"https:\\\/\\\/www.meydan.tv\\\/az\\\/#organization\",\"name\":\"Meydan TV\",\"url\":\"https:\\\/\\\/www.meydan.tv\\\/az\\\/\",\"logo\":{\"@type\":\"ImageObject\",\"inLanguage\":\"az\",\"@id\":\"https:\\\/\\\/www.meydan.tv\\\/az\\\/#\\\/schema\\\/logo\\\/image\\\/\",\"url\":\"https:\\\/\\\/www.meydan.tv\\\/wp-content\\\/uploads\\\/2021\\\/07\\\/meydan-logo.svg\",\"contentUrl\":\"https:\\\/\\\/www.meydan.tv\\\/wp-content\\\/uploads\\\/2021\\\/07\\\/meydan-logo.svg\",\"width\":195,\"height\":46,\"caption\":\"Meydan TV\"},\"image\":{\"@id\":\"https:\\\/\\\/www.meydan.tv\\\/az\\\/#\\\/schema\\\/logo\\\/image\\\/\"}},{\"@type\":\"Person\",\"@id\":\"https:\\\/\\\/www.meydan.tv\\\/az\\\/#\\\/schema\\\/person\\\/10d11eccf6da3662cf5fdab9806ea91a\",\"name\":\"user-manager\"}]}<\/script>\n<!-- \/ Yoast SEO plugin. -->","yoast_head_json":{"title":"\u015eamax\u0131da, A\u011fsuda z\u0259lz\u0259l\u0259 n\u0259tic\u0259sind\u0259 evsiz qalan \u0259lil ail\u0259l\u0259ri var - MEYDAN.TV","robots":{"index":"index","follow":"follow","max-snippet":"max-snippet:-1","max-image-preview":"max-image-preview:large","max-video-preview":"max-video-preview:-1"},"canonical":"https:\/\/www.meydan.tv\/az\/article\/samaxida-agsuda-zelzele-neticesinde-evsiz-qalan-elil-aileleri-var\/","og_locale":"az_AZ","og_type":"article","og_title":"\u015eamax\u0131da, A\u011fsuda z\u0259lz\u0259l\u0259 n\u0259tic\u0259sind\u0259 evsiz qalan \u0259lil ail\u0259l\u0259ri var - MEYDAN.TV","og_description":"\"5 ildir i\u015fl\u0259mir\u0259m, u\u015fa\u011f\u0131n 12 ya\u015f\u0131 var, yolda\u015f\u0131ma a\u011f\u0131rl\u0131q qald\u0131rmaq olmaz, ona g\u00f6r\u0259 d\u0259 u\u015fa\u011fa \u00f6z\u00fcm bax\u0131ram\".","og_url":"https:\/\/www.meydan.tv\/az\/article\/samaxida-agsuda-zelzele-neticesinde-evsiz-qalan-elil-aileleri-var\/","og_site_name":"MEYDAN.TV","article_published_time":"2020-05-13T14:10:36+00:00","og_image":[{"width":1280,"height":720,"url":"https:\/\/www.meydan.tv\/wp-content\/uploads\/image_from_ios_4_yzpjat4.jpg","type":"image\/jpeg"}],"author":"user-manager","twitter_card":"summary_large_image","schema":{"@context":"https:\/\/schema.org","@graph":[{"@type":"Article","@id":"https:\/\/www.meydan.tv\/az\/article\/samaxida-agsuda-zelzele-neticesinde-evsiz-qalan-elil-aileleri-var\/#article","isPartOf":{"@id":"https:\/\/www.meydan.tv\/az\/article\/samaxida-agsuda-zelzele-neticesinde-evsiz-qalan-elil-aileleri-var\/"},"author":{"name":"user-manager","@id":"https:\/\/www.meydan.tv\/az\/#\/schema\/person\/10d11eccf6da3662cf5fdab9806ea91a"},"headline":"\u015eamax\u0131da, A\u011fsuda z\u0259lz\u0259l\u0259 n\u0259tic\u0259sind\u0259 evsiz qalan \u0259lil ail\u0259l\u0259ri var","datePublished":"2020-05-13T14:10:36+00:00","mainEntityOfPage":{"@id":"https:\/\/www.meydan.tv\/az\/article\/samaxida-agsuda-zelzele-neticesinde-evsiz-qalan-elil-aileleri-var\/"},"wordCount":1060,"publisher":{"@id":"https:\/\/www.meydan.tv\/az\/#organization"},"image":{"@id":"https:\/\/www.meydan.tv\/az\/article\/samaxida-agsuda-zelzele-neticesinde-evsiz-qalan-elil-aileleri-var\/#primaryimage"},"thumbnailUrl":"https:\/\/www.meydan.tv\/wp-content\/uploads\/image_from_ios_4_yzpjat4.jpg","articleSection":["B\u00f6lg\u0259"],"inLanguage":"az"},{"@type":"WebPage","@id":"https:\/\/www.meydan.tv\/az\/article\/samaxida-agsuda-zelzele-neticesinde-evsiz-qalan-elil-aileleri-var\/","url":"https:\/\/www.meydan.tv\/az\/article\/samaxida-agsuda-zelzele-neticesinde-evsiz-qalan-elil-aileleri-var\/","name":"\u015eamax\u0131da, A\u011fsuda z\u0259lz\u0259l\u0259 n\u0259tic\u0259sind\u0259 evsiz qalan \u0259lil ail\u0259l\u0259ri var - MEYDAN.TV","isPartOf":{"@id":"https:\/\/www.meydan.tv\/az\/#website"},"primaryImageOfPage":{"@id":"https:\/\/www.meydan.tv\/az\/article\/samaxida-agsuda-zelzele-neticesinde-evsiz-qalan-elil-aileleri-var\/#primaryimage"},"image":{"@id":"https:\/\/www.meydan.tv\/az\/article\/samaxida-agsuda-zelzele-neticesinde-evsiz-qalan-elil-aileleri-var\/#primaryimage"},"thumbnailUrl":"https:\/\/www.meydan.tv\/wp-content\/uploads\/image_from_ios_4_yzpjat4.jpg","datePublished":"2020-05-13T14:10:36+00:00","breadcrumb":{"@id":"https:\/\/www.meydan.tv\/az\/article\/samaxida-agsuda-zelzele-neticesinde-evsiz-qalan-elil-aileleri-var\/#breadcrumb"},"inLanguage":"az","potentialAction":[{"@type":"ReadAction","target":["https:\/\/www.meydan.tv\/az\/article\/samaxida-agsuda-zelzele-neticesinde-evsiz-qalan-elil-aileleri-var\/"]}]},{"@type":"ImageObject","inLanguage":"az","@id":"https:\/\/www.meydan.tv\/az\/article\/samaxida-agsuda-zelzele-neticesinde-evsiz-qalan-elil-aileleri-var\/#primaryimage","url":"https:\/\/www.meydan.tv\/wp-content\/uploads\/image_from_ios_4_yzpjat4.jpg","contentUrl":"https:\/\/www.meydan.tv\/wp-content\/uploads\/image_from_ios_4_yzpjat4.jpg","width":1280,"height":720,"caption":"Source: Specify Source"},{"@type":"BreadcrumbList","@id":"https:\/\/www.meydan.tv\/az\/article\/samaxida-agsuda-zelzele-neticesinde-evsiz-qalan-elil-aileleri-var\/#breadcrumb","itemListElement":[{"@type":"ListItem","position":1,"name":"Ana s\u0259hif\u0259","item":"https:\/\/www.meydan.tv\/az\/"},{"@type":"ListItem","position":2,"name":"B\u00f6lg\u0259","item":"https:\/\/www.meydan.tv\/az\/section\/bolge\/"},{"@type":"ListItem","position":3,"name":"\u015eamax\u0131da, A\u011fsuda z\u0259lz\u0259l\u0259 n\u0259tic\u0259sind\u0259 evsiz qalan \u0259lil ail\u0259l\u0259ri var"}]},{"@type":"WebSite","@id":"https:\/\/www.meydan.tv\/az\/#website","url":"https:\/\/www.meydan.tv\/az\/","name":"MEYDAN.TV","description":"Meydan TV Az\u0259rbaycan\u0131n media m\u0259kan\u0131ndak\u0131 alternativ s\u0259sidir","publisher":{"@id":"https:\/\/www.meydan.tv\/az\/#organization"},"potentialAction":[{"@type":"SearchAction","target":{"@type":"EntryPoint","urlTemplate":"https:\/\/www.meydan.tv\/az\/?s={search_term_string}"},"query-input":{"@type":"PropertyValueSpecification","valueRequired":true,"valueName":"search_term_string"}}],"inLanguage":"az"},{"@type":"Organization","@id":"https:\/\/www.meydan.tv\/az\/#organization","name":"Meydan TV","url":"https:\/\/www.meydan.tv\/az\/","logo":{"@type":"ImageObject","inLanguage":"az","@id":"https:\/\/www.meydan.tv\/az\/#\/schema\/logo\/image\/","url":"https:\/\/www.meydan.tv\/wp-content\/uploads\/2021\/07\/meydan-logo.svg","contentUrl":"https:\/\/www.meydan.tv\/wp-content\/uploads\/2021\/07\/meydan-logo.svg","width":195,"height":46,"caption":"Meydan TV"},"image":{"@id":"https:\/\/www.meydan.tv\/az\/#\/schema\/logo\/image\/"}},{"@type":"Person","@id":"https:\/\/www.meydan.tv\/az\/#\/schema\/person\/10d11eccf6da3662cf5fdab9806ea91a","name":"user-manager"}]}},"_links":{"self":[{"href":"https:\/\/www.meydan.tv\/az\/wp-json\/wp\/v2\/posts\/200577","targetHints":{"allow":["GET"]}}],"collection":[{"href":"https:\/\/www.meydan.tv\/az\/wp-json\/wp\/v2\/posts"}],"about":[{"href":"https:\/\/www.meydan.tv\/az\/wp-json\/wp\/v2\/types\/post"}],"author":[{"embeddable":true,"href":"https:\/\/www.meydan.tv\/az\/wp-json\/wp\/v2\/users\/11"}],"replies":[{"embeddable":true,"href":"https:\/\/www.meydan.tv\/az\/wp-json\/wp\/v2\/comments?post=200577"}],"version-history":[{"count":0,"href":"https:\/\/www.meydan.tv\/az\/wp-json\/wp\/v2\/posts\/200577\/revisions"}],"wp:featuredmedia":[{"embeddable":true,"href":"https:\/\/www.meydan.tv\/az\/wp-json\/wp\/v2\/media\/141833"}],"wp:attachment":[{"href":"https:\/\/www.meydan.tv\/az\/wp-json\/wp\/v2\/media?parent=200577"}],"wp:term":[{"taxonomy":"category","embeddable":true,"href":"https:\/\/www.meydan.tv\/az\/wp-json\/wp\/v2\/categories?post=200577"},{"taxonomy":"post_tag","embeddable":true,"href":"https:\/\/www.meydan.tv\/az\/wp-json\/wp\/v2\/tags?post=200577"}],"curies":[{"name":"wp","href":"https:\/\/api.w.org\/{rel}","templated":true}]}}