{"id":200570,"date":"2020-05-13T06:12:04","date_gmt":"2020-05-13T06:12:04","guid":{"rendered":"https:\/\/www.meydan.tv\/article\/bakinin-inkisafi-azerbaycanin-merkezinde-muasir-quldarliq\/"},"modified":"2020-05-13T06:12:04","modified_gmt":"2020-05-13T06:12:04","slug":"bakinin-inkisafi-azerbaycanin-merkezinde-muasir-quldarliq","status":"publish","type":"post","link":"https:\/\/www.meydan.tv\/az\/article\/bakinin-inkisafi-azerbaycanin-merkezinde-muasir-quldarliq\/","title":{"rendered":"Bak\u0131n\u0131n inki\u015faf\u0131 &#8211; Az\u0259rbaycan\u0131n m\u0259rk\u0259zind\u0259 m\u00fcasir quldarl\u0131q"},"content":{"rendered":"<figure class=\"wp-block-embed is-type-video is-provider-youtube wp-block-embed-youtube wp-embed-aspect-16-9 wp-has-aspect-ratio\">\n<div class=\"wp-block-embed__wrapper\">\n    <iframe\ttitle=\"Bak\u0131n\u0131n inki\u015faf\u0131 - Az\u0259rbaycan\u0131n m\u0259rk\u0259zind\u0259 m\u00fcasir quldarl\u0131q\" width=\"1200\" height=\"675\" data-src=\"https:\/\/www.youtube.com\/embed\/hRyKslg-pt0\"\tframeborder=\"0\"\tallow=\"accelerometer; autoplay; clipboard-write; encrypted-media; gyroscope; picture-in-picture\" allowfullscreen src=\"data:image\/svg+xml;base64,PHN2ZyB3aWR0aD0iMSIgaGVpZ2h0PSIxIiB4bWxucz0iaHR0cDovL3d3dy53My5vcmcvMjAwMC9zdmciPjwvc3ZnPg==\" class=\"lazyload\" data-load-mode=\"1\"><\/iframe>\n  <\/div><figcaption>\n    Bak\u0131n\u0131n inki\u015faf\u0131 &#8211; Az\u0259rbaycan\u0131n m\u0259rk\u0259zind\u0259 m\u00fcasir quldarl\u0131q<br \/>\n  <\/figcaption><\/figure>\n<p>\n  <i><br \/>\n    D\u00fcnyada \u00e7ox az avtoritar d\u00f6vl\u0259t Az\u0259rbaycan kimi b\u00f6y\u00fck beyn\u0259lxalq t\u0259dbirl\u0259rd\u0259n yararlanaraq d\u00fcnya miqyas\u0131nda n\u00fcfuzlar\u0131n\u0131 art\u0131rma\u011fa \u00e7al\u0131\u015f\u0131b.<br \/>\n  <\/i>\n<\/p>\n<p>\n  Az\u0259rbaycan yenid\u0259n qurulmu\u015f Heyd\u0259r \u018fliyev ad\u0131na idman kompleksind\u0259 2007-ci ild\u0259 B\u0259dii Gimnastika \u00fczr\u0259 Avropa \u00e7empionat\u0131na ev sahibliyi edib. Ke\u00e7iril\u0259n beyn\u0259lxalq yar\u0131\u015flar\u0131n davam\u0131 olaraq 2015-ci ild\u0259 Lady Gaga Olimpiya Stadionunda t\u0259\u015fkil olunmu\u015f ilk Avropa Oyunlar\u0131n\u0131n a\u00e7\u0131l\u0131\u015f m\u0259rasimind\u0259 &quot;\u0130magine&quot; (\u201cT\u0259s\u0259vv\u00fcr et\u201d) mahn\u0131s\u0131n\u0131 ifa edib. Bundan bir il sonra is\u0259 Formula-1 yar\u0131\u015f\u0131n\u0131n ke\u00e7irilm\u0259si \u00fc\u00e7\u00fcn \u0130\u00e7\u0259ri \u015f\u0259h\u0259rin divarlar\u0131 boyunca asfalt yol yenid\u0259n \u00e7\u0259kilib.\n<\/p>\n<p>\n  H\u00fcquq m\u00fcdafi\u0259\u00e7il\u0259ri v\u0259 demokratiya t\u0259r\u0259fda\u015flar\u0131 m\u00fcxalif\u0259t partiyalar\u0131n\u0131n susduruldu\u011fu, jurnalistl\u0259rin h\u0259bs olundu\u011fu v\u0259 neft s\u0259rv\u0259tinin hakim elitan\u0131n ki\u00e7ik bir d\u0259st\u0259sinin n\u0259zar\u0259t etdiyi bir \u00f6lk\u0259d\u0259 bu c\u00fcr yar\u0131\u015flar\u0131 ke\u00e7irm\u0259kl\u0259 hakimiy\u0259tin beyn\u0259lxalq imicini m\u00f6hk\u0259ml\u0259ndirm\u0259y\u0259 \u00e7al\u0131\u015fd\u0131\u011f\u0131n\u0131 deyib.\n<\/p>\n<p>\n  \u0130dman yar\u0131\u015flar\u0131n\u0131n ke\u00e7irilm\u0259sinin \u0259sas t\u0259\u015f\u0259bb\u00fcskarlar\u0131ndan biri olan G\u0259ncl\u0259r v\u0259 \u0130dman Naziri Azad R\u0259himov Frans\u0131z x\u0259b\u0259r agentliyi AFP-y\u0259 m\u00fcsahib\u0259sind\u0259 \u201cBu hadis\u0259l\u0259rin h\u0259r biri Az\u0259rbaycan\u0131n d\u00fcnya x\u0259rit\u0259sind\u0259ki yerini g\u00fccl\u0259ndirir\u201d-qeyd edib.\n<\/p>\n<p>\n  OCCRP-in yeni ara\u015fd\u0131rmas\u0131 nazir R\u0259himovun h\u0259yata ke\u00e7irdiyi b\u0259zi layih\u0259l\u0259rd\u0259 insan d\u0259y\u0259rini ortaya qoyur v\u0259 d\u00f6vl\u0259tin imicini qorumaq \u00fc\u00e7\u00fcn n\u0259 q\u0259d\u0259r s\u0259y g\u00f6st\u0259rdiyini ortaya \u00e7\u0131xar\u0131r.\n<\/p>\n<p>\n  Bu binalar\u0131n bir \u00e7oxu Azad R\u0259himovun h\u0259yat yolda\u015f\u0131n\u0131n sahibi oldu\u011fu \u015firk\u0259t t\u0259r\u0259find\u0259n Bak\u0131ya g\u0259tiril\u0259n Balkanl\u0131lar t\u0259r\u0259find\u0259n in\u015fa v\u0259 t\u0259mir olunub. Onlar \u00e7\u0259tin \u015f\u0259raitd\u0259 v\u0259 dem\u0259k olar ki, he\u00e7 bir \u00f6d\u0259m\u0259 olunmadan i\u015fl\u0259m\u0259y\u0259 m\u0259cbur edilibl\u0259r. \u0130\u015f zaman\u0131 2 n\u0259f\u0259r h\u0259yat\u0131n\u0131 itirib, dig\u0259rl\u0259rinin is\u0259 evd\u0259n uzaqda ke\u00e7irdikl\u0259ri vaxt v\u0259 ya\u015fan\u0131lanlar \u0259b\u0259di olaraq yadda\u015flar\u0131na h\u0259kk olunub.\n<\/p>\n<p>\n  \u201cH\u0259yat\u0131n\u0131z boyunca da\u015f\u0131yaca\u011f\u0131n\u0131z bu travmalar\u201d,- Az\u0259rbaycana g\u00f6nd\u0259ril\u0259n Bosniyal\u0131 i\u015f\u00e7il\u0259rd\u0259n biri olan Seudin Zoleti\u00e7 bel\u0259 deyir. \u201cBu xatir\u0259 \u0259b\u0259di olaraq yadda\u015f\u0131m\u0131zda qalacaq. O h\u0259mi\u015f\u0259 oradad\u0131r. H\u0259r zaman\u2026 Kiminl\u0259s\u0259 g\u00f6r\u00fc\u015f\u0259nd\u0259, xat\u0131rlay\u0131rsan. \u0130ndi m\u0259nim xat\u0131rlad\u0131\u011f\u0131m kimi, h\u0259r zaman n\u0259f\u0259s alanda..\u201d\n<\/p>\n<figure class=\"wp-block-image size-large\">\n  <img decoding=\"async\" src=\"https:\/\/www.meydan.tv\/az\/ministertopimage-jpg-2\/\" alt=\"MinisterTopImage.jpg\" class=\"wp-image-141782\"\/><figcaption>\n    G\u0259ncl\u0259r v\u0259 \u0130dman Naziri Azad R\u0259himov &#8211; illustrasiya<br \/>\n  <\/figcaption><\/figure>\n<h3>\n  T\u0259r\u0259qqi namin\u0259 qullar<br \/>\n<\/h3>\n<p>\n  On ild\u0259n \u00e7oxdur ki, m\u00fcasir Avropada \u0259n \u00e7ox \u0259m\u0259k istismar\u0131 faktlar\u0131n\u0131n m\u0259rk\u0259zind\u0259 duran of\u015for \u015firk\u0259ti \u201cSerbAz\u201d-\u0131n sahibl\u0259ri m\u0259lum deyil.\n<\/p>\n<p>\n  2006-2009-cu ill\u0259r aras\u0131nda \u015firk\u0259t Az\u0259rbaycan\u0131n paytaxt\u0131 Bak\u0131da \u0259n vacib binalar\u0131n tikilm\u0259si v\u0259 ya yenid\u0259n qurulmas\u0131 \u00fc\u00e7\u00fcn Balkan \u00f6lk\u0259l\u0259rind\u0259n 700-d\u0259n \u00e7ox i\u015f\u00e7i g\u0259tirib. Bunlar aras\u0131nda h\u0259r ikisi d\u0259 m\u00fch\u00fcm d\u00f6vl\u0259t t\u0259dbirl\u0259ri \u00fc\u00e7\u00fcn istifad\u0259 edil\u0259n \u201cButa Palace\u201d adl\u0131 n\u0259h\u0259ng \u0259yl\u0259nc\u0259 kompleksi v\u0259 b\u00f6y\u00fck bir s\u0259rgi m\u0259rk\u0259zi var. B\u0259zi layih\u0259l\u0259r G\u0259ncl\u0259r v\u0259 \u0130dman Nazirliyi t\u0259r\u0259find\u0259n maliyy\u0259l\u0259\u015fdirilib.\n<\/p>\n<p>\n  Ancaq bu binalarda i\u015fl\u0259y\u0259n xarici i\u015f\u00e7il\u0259r\u0259 m\u00fcasir qullardan bir az yax\u015f\u0131 r\u0259ftar edilib. Onlar az qidalanaraq g\u0259rgin \u015f\u0259raitd\u0259 ya\u015fay\u0131b v\u0259 \u0259ziyy\u0259t \u00e7\u0259k\u0259r\u0259k 12 saat i\u015fl\u0259yib. Onlar\u0131n pasportlar\u0131na \u0259l qoyulub v\u0259 maa\u015flar\u0131ndan k\u0259silib. \u0130\u015f\u00e7il\u0259rd\u0259n b\u0259zil\u0259ri d\u00f6y\u00fcl\u00fcb, \u0259n az\u0131 iki n\u0259f\u0259r h\u0259yat\u0131n\u0131 itirib.\n<\/p>\n<p>\n  \u0130\u015f\u00e7il\u0259rl\u0259 ba\u011fl\u0131 faktlar \u00fcz\u0259 \u00e7\u0131xd\u0131qda, adamlara borclu olduqlar\u0131n\u0131n bir qismini \u00f6d\u0259yib, onlar\u0131 evl\u0259rin\u0259 g\u00f6nd\u0259ribl\u0259r. Az\u0259rbaycan h\u00f6kum\u0259ti onu cavab verm\u0259y\u0259 \u00e7a\u011f\u0131ranlara m\u0259h\u0259l qoymay\u0131b v\u0259 bu sui-istifay\u0259 g\u00f6r\u0259 \u015firk\u0259tin Balkan \u00f6lk\u0259l\u0259rind\u0259ki r\u0259hb\u0259rl\u0259rini g\u00fcnahland\u0131r\u0131b. Polis he\u00e7 vaxt \u015firk\u0259ti ittiham etm\u0259yib, \u201cSerbAz\u201d \u015firk\u0259tin\u0259 qar\u015f\u0131 qald\u0131r\u0131lan m\u00fclki iddia tezlikl\u0259 r\u0259dd edilib v\u0259 \u015firk\u0259t sahibl\u0259ri sirr olaraq qal\u0131b.\n<\/p>\n<figure class=\"wp-block-image size-large\">\n  <img decoding=\"async\" src=\"https:\/\/www.meydan.tv\/az\/rahimov-jpg-2\/\" alt=\"Rahimov.jpg\" class=\"wp-image-141785\"\/><figcaption>\n    G\u0259ncl\u0259r v\u0259 \u0130dman naziri Azad R\u0259himov. M\u0259nb\u0259: G\u0259ncl\u0259r v\u0259 \u0130dman Nazirliyi<br \/>\n  <\/figcaption><\/figure>\n<p>\n  \u0130\u015f\u00e7il\u0259r, h\u00fcquq\u015f\u00fcnaslar v\u0259 insan haqlar\u0131 t\u0259\u015fkilatlar\u0131, \u201cSerbAz\u201d \u015firk\u0259tinin r\u0259smil\u0259r t\u0259r\u0259find\u0259n qorundu\u011fundan \u015f\u00fcbh\u0259l\u0259nirdil\u0259r. \u00c7\u00fcnki \u015firk\u0259td\u0259ki i\u015fl\u0259r g\u00fccl\u00fc \u0259laq\u0259l\u0259ri olan \u201cinsayderl\u0259r\u201dd\u0259n fayda \u0259ld\u0259 edir. Ancaq bu haqda he\u00e7 bir d\u0259lil yoxdur.\n<\/p>\n<p>\n  Bu hekay\u0259 R\u0259himovaya m\u0259xsus \u201cItalDizain\u201d adl\u0131 ictimai brend il\u0259 \u0259laq\u0259lidir. \u015eirk\u0259t b\u0259z\u0259n s\u0259n\u0259dl\u0259rd\u0259 &quot;Italdizayn&quot; kimi adland\u0131r\u0131l\u0131r v\u0259 bu addan istifad\u0259 ed\u0259n iki \u015firk\u0259t, &quot;Italdizayn QSC&quot; v\u0259 &quot;Italdizayn Group MMC\u201d (ID Group MMC) Az\u0259rbaycanda qeydiyyatdan ke\u00e7ib.\n<\/p>\n<p>\n  \u0130ndi OCCRP t\u0259r\u0259find\u0259n ill\u0259rdir ki, davam ed\u0259n ara\u015fd\u0131rma, \u201cSerbAz-\u0131n arxas\u0131ndak\u0131 g\u00fccl\u00fc daya\u011f\u0131n G\u0259ncl\u0259r v\u0259 idman naziri Azad R\u0259himovdan ba\u015fqas\u0131 olmad\u0131\u011f\u0131n\u0131 ortaya qoyur. \u201cSerbAz\u201d \u015firk\u0259tini icar\u0259y\u0259 g\u00f6t\u00fcr\u0259rk\u0259n nazirin d\u00f6vl\u0259tin pulunu ail\u0259sinin xeyrin\u0259 istifad\u0259 etm\u0259k \u00fc\u00e7\u00fcn h\u0259yat yolda\u015f\u0131n\u0131n \u015firk\u0259ti il\u0259 m\u00fcqavil\u0259l\u0259r ba\u011flamas\u0131 haqda yet\u0259rli s\u00fcbutlar var.\n<\/p>\n<p>\n  R\u0259himovun h\u0259yat yolda\u015f\u0131 Z\u00fclfiyy\u0259 R\u0259himovan\u0131n v\u0259 \u015f\u0259riki olan \u015f\u0259xs\u0259 m\u0259xsus l\u00fcks idxal\u00e7\u0131 \u015firk\u0259t olan \u201cItalDizayn\u201d \u201cSerbAz\u201d \u015firk\u0259tinin partnyoru kimi g\u00f6r\u00fcn\u00fcr. Siyas\u0259t\u0259 g\u0259lm\u0259d\u0259n \u00f6nc\u0259 nazirin \u00f6z\u00fc &quot;ItalDizayn&quot; \u015firk\u0259tinin direktoru idi.\n<\/p>\n<p>\n  Z\u00fclfiyy\u0259 R\u0259himovan\u0131n he\u00e7 vaxt ictimai \u015f\u0259kild\u0259 Azad R\u0259himovun h\u0259yat yolda\u015f\u0131 oldu\u011fu a\u00e7\u0131qlanmay\u0131b, lakin onlar Bak\u0131da eyni \u00fcnvanda r\u0259smi qeydiyyatdad\u0131rlar.\n<\/p>\n<p>\n  R\u0259himov 2006-c\u0131 ilin \u0259vv\u0259lind\u0259 Prezident \u0130lham \u018fliyev t\u0259r\u0259find\u0259n G\u0259ncl\u0259r v\u0259 idman naziri t\u0259yin olunanda siyasi bax\u0131mdan yeni bir sima idi. Bir ne\u00e7\u0259 g\u00fcn sonra g\u00f6nd\u0259ril\u0259n AB\u015e s\u0259firliyinin diplomatik teleqram\u0131nda R\u0259himov &quot;Prezident v\u0259 xan\u0131m\u0131 il\u0259 s\u0131x \u0259laq\u0259si&quot; olan \u015f\u0259xs kimi xarakteriz\u0259 edilib.\n<\/p>\n<p>\n  O vaxtdan b\u0259ri, nazir Az\u0259rbaycan rejiminin d\u00fcnyaya m\u00fcasir sima t\u0259qdim etm\u0259k s\u0259yl\u0259rind\u0259 \u0259sas rol oynayan nazirliyin t\u0259\u015fkil etdiyi bir s\u0131ra m\u00f6ht\u0259\u015f\u0259m layih\u0259l\u0259r\u0259 r\u0259hb\u0259rlik edib.\n<\/p>\n<p>\n  \u201cSerbAz\u201d i\u015f\u00e7il\u0259rinin \u0259ks\u0259riyy\u0259ti 2009-cu ilin pay\u0131z\u0131nda v\u0259ziyy\u0259tl\u0259ri a\u00e7\u0131qland\u0131qdan sonra azad edilib v\u0259 Az\u0259rbaycan\u0131 t\u0259rk edibl\u0259r. Onlar h\u0259l\u0259 d\u0259 iddialar\u0131n\u0131n qanuni olaraq tan\u0131nmas\u0131n\u0131 g\u00f6zl\u0259yirl\u0259r. Lakin R\u0259himovun nazirliyi 2010-cu il\u0259 q\u0259d\u0259r \u201cSerbAz\u201d-a milyonlarla dollar \u00f6d\u0259m\u0259y\u0259 davam edib.\n<\/p>\n<figure class=\"wp-block-image size-large\">\n  <img decoding=\"async\" src=\"https:\/\/www.meydan.tv\/az\/butawork\/\" alt=\"butawork\" class=\"wp-image-141749\"\/><figcaption>\n    Tikilm\u0259kd\u0259 olan Buta Palace<br \/>\n  <\/figcaption><\/figure>\n<h3>\n  \u00dcst\u00fcnl\u00fck veril\u0259n podrat\u00e7\u0131<br \/>\n<\/h3>\n<p>\n  G\u0259ncl\u0259r v\u0259 \u0130dman naziri t\u0259yin olunduqdan q\u0131sa m\u00fcdd\u0259t sonra ilk d\u0259f\u0259 Azad R\u0259himova b\u00f6y\u00fck s\u0131\u00e7ray\u0131\u015f etm\u0259k \u015fans\u0131 do\u011fdu. 2006-c\u0131 ilin sonunda 2007 B\u0259dii Gimnastika \u00c7empionat\u0131n\u0131n n\u00f6vb\u0259ti ilin yay\u0131nda Az\u0259rbaycanda ke\u00e7iril\u0259c\u0259yi a\u00e7\u0131qland\u0131.\n<\/p>\n<p>\n  Bu t\u0259dbir Az\u0259rbaycan\u0131n birinci xan\u0131m\u0131 v\u0259 \u00f6lk\u0259nin r\u0259smi gimnastika federasiyas\u0131n\u0131n r\u0259hb\u0259ri Mehriban \u018fliyeva \u00fc\u00e7\u00fcn x\u00fcsusil\u0259 vacib idi.\n<\/p>\n<p>\n  Ancaq problem var idi. T\u0259klif olunan m\u0259kan, haz\u0131rda o\u011flu \u00f6lk\u0259ni idar\u0259 ed\u0259n m\u0259rhum ke\u00e7mi\u015f prezident Heyd\u0259r \u018fliyevin ad\u0131n\u0131 da\u015f\u0131yan \u0259sas idman kompleksi yenil\u0259nm\u0259li idi.\n<\/p>\n<p>\n  Layih\u0259nin t\u0259cili olmas\u0131na g\u00f6r\u0259 R\u0259himov sonradan izah etdi ki, normal t\u0259klifverm\u0259 proseduru \u00fc\u00e7\u00fcn vaxt yoxdur. Bunun \u0259v\u0259zin\u0259 ba\u015fqa bir d\u00f6vl\u0259t qurumundan laz\u0131mi t\u0259sdiq ald\u0131qdan sonra nazirlik \u201cSerbAz\u201d il\u0259 4.6 milyon manat d\u0259y\u0259rind\u0259 (5.3 milyon dollar) m\u00fcqavil\u0259 imzalad\u0131.\n<\/p>\n<figure class=\"wp-block-image size-large\">\n  <img decoding=\"async\" src=\"https:\/\/www.meydan.tv\/az\/aliyevvisit-jpg\/\" alt=\"AliyevVisit.jpg\" class=\"wp-image-141752\"\/><figcaption>\n    Prezident \u0130lham \u018fliyev v\u0259 G\u0259ncl\u0259r v\u0259 idman naziri Azad R\u0259himov 13 iyun 2007-ci il tarixind\u0259 \u201cSerbAz\u201d t\u0259r\u0259find\u0259n t\u0259mir edil\u0259n Heyd\u0259r \u018fliyev \u0130dman v\u0259 S\u0259rgi Kompleksini ziyar\u0259t etdil\u0259r.<br \/>\n  <\/figcaption><\/figure>\n<p>\n  Daha sonra \u015firk\u0259ti se\u00e7m\u0259yinin s\u0259b\u0259bini \u0259sasland\u0131rma\u011f\u0131 xahi\u015f edil\u0259nd\u0259 nazir, kompleksin &quot;m\u00fcxt\u0259lif konfiqurasiyaya v\u0259 m\u00fcr\u0259kk\u0259b memarl\u0131\u011fa&quot; sahib oldu\u011funu v\u0259 t\u0259miri \u00fc\u00e7\u00fcn xaricd\u0259 istehsal olunan &quot;\u0259n m\u00fcasir materiallar&quot; laz\u0131m oldu\u011funu deyib. Buna g\u00f6r\u0259 d\u0259 &quot;bu sah\u0259d\u0259 b\u00f6y\u00fck t\u0259cr\u00fcb\u0259y\u0259&quot; sahib bir operator \u015firk\u0259t tapmal\u0131 olub.\n<\/p>\n<p>\n  \u201cSerbAz\u201d o zaman, h\u0259tta 2007-ci ilin mart\u0131nda m\u00fcqavil\u0259 imzalananda da he\u00e7 bir t\u0259cr\u00fcb\u0259y\u0259 sahib deyildi. OCCRP-nin tapd\u0131\u011f\u0131 \u015firk\u0259t qeydl\u0259rin\u0259 g\u00f6r\u0259, \u201cSerbAz\u201d Az\u0259rbaycanda t\u0259xmin\u0259n bir h\u0259ft\u0259 sonra t\u0259sis edilib. Ayr\u0131ca, yerli m\u0259tbuatda \u015firk\u0259tin bu i\u015fi g\u00f6rm\u0259si \u00fc\u00e7\u00fcn r\u0259smi olaraq se\u00e7ilm\u0259sind\u0259n bir il \u0259vv\u0259l kompleksd\u0259 i\u015fl\u0259m\u0259y\u0259 ba\u015flad\u0131\u011f\u0131 bildirilir.\n<\/p>\n<p>\n  29 iyun 2007-ci ild\u0259 binada b\u0259dii gimnastika \u00fczr\u0259 23-c\u00fc Avropa \u00e7empionat\u0131n\u0131n a\u00e7\u0131l\u0131\u015f m\u0259rasimi ke\u00e7irilib. Prezident \u0130lham \u018fliyev tama\u015fa\u00e7\u0131lar\u0131 v\u0259 idman\u00e7\u0131lar\u0131 salamlay\u0131b. Prezidentin h\u0259yat yolda\u015f\u0131 Mehriban \u018fliyeva da \u00e7\u0131x\u0131\u015f edib. O, b\u0259lk\u0259 d\u0259 bu anda yeni kompeksin \u00f6z layih\u0259l\u0259ri \u00fc\u00e7\u00fcn istifad\u0259 olunaca\u011f\u0131n\u0131 d\u00fc\u015f\u00fcn\u00fcrd\u00fc.\n<\/p>\n<h3>\n  Mehriban \u018fliyevan\u0131n sevimli idman\u0131<br \/>\n<\/h3>\n<p>\n  <b><br \/>\n    Parlamentin \u00fczv\u00fc v\u0259 vitse-prezident kimi f\u0259aliyy\u0259t g\u00f6st\u0259r\u0259n Prezident \u0130lham \u018fliyevin xan\u0131m\u0131 Mehriban \u00e7oxdand\u0131r ki, gimnastikaya maraq g\u00f6st\u0259rirdi. 2002-ci ild\u0259 Az\u0259rbaycan Gimnastika Federasiyas\u0131n\u0131n prezidenti se\u00e7ilib v\u0259 r\u0259smi t\u0259rc\u00fcmeyi-hal\u0131nda, o, &quot;beyn\u0259lxalq al\u0259md\u0259 n\u00fcfuzu artmaqda olan\u201d idman \u00fc\u00e7\u00fcn<br \/>\n  <\/b><br \/>\n  <b><br \/>\n    <i><br \/>\n      &quot;<br \/>\n    <\/i><br \/>\n  <\/b><br \/>\n  <b><br \/>\n    g\u00f6z\u0259l t\u0259\u015fkilat\u00e7\u0131<br \/>\n  <\/b><br \/>\n  <b><br \/>\n    &quot; kimi t\u0259svir olunub.<br \/>\n  <\/b>\n<\/p>\n<p>\n  \u0130lk t\u0259mir i\u015fl\u0259ri ba\u015fa \u00e7atd\u0131qdan sonra \u201cSerbAz\u201d, m\u0259rk\u0259zd\u0259 \u0259lav\u0259 i\u015fl\u0259r g\u00f6rm\u0259k \u00fc\u00e7\u00fcn daha 600.000 manatl\u0131q (700.000 dollar) xidm\u0259t m\u00fcqavil\u0259si ba\u011flay\u0131b. Ancaq bu yaln\u0131z ba\u015flan\u011f\u0131c idi.\n<\/p>\n<figure class=\"wp-block-image size-large\">\n  <img decoding=\"async\" src=\"https:\/\/www.meydan.tv\/az\/contractschart1-png\/\" alt=\"ContractsChart1.png\" class=\"wp-image-141755\"\/><figcaption>\n    Bu m\u0259lumatlar R\u0259himovun \u201cSerbAz\u201d-\u0131n nazirlikl\u0259 i\u015fini izah etm\u0259k \u00fc\u00e7\u00fcn prokurorlara g\u00f6nd\u0259rdiyi r\u0259smi m\u0259ktubdan al\u0131n\u0131b<br \/>\n  <\/figcaption><\/figure>\n<p>\n  2007-2009-cu ill\u0259r aras\u0131nda \u015firk\u0259tin xarici i\u015f\u00e7il\u0259ri Az\u0259rbaycanda \u0259n az\u0131 6 ba\u015fqa layih\u0259 \u00fcz\u0259rind\u0259 i\u015fl\u0259yibl\u0259r. Bunlardan \u0259n az\u0131 ikisi nazirlik t\u0259r\u0259find\u0259n maliyy\u0259l\u0259\u015fdirilib: S\u0259ad\u0259t Saray\u0131n\u0131n b\u0259rpas\u0131 17 milyon manata (20.9 milyon dollar) v\u0259 Olimpiya avar\u00e7\u0259km\u0259 bazas\u0131n\u0131n tikintisi 32 milyon manata (38.8 milyon dollar) ba\u015fa g\u0259lib. \u201cSerbAz\u201d-\u0131n dig\u0259r layih\u0259l\u0259rin\u0259 \u201cButa\u201d Saray\u0131, \u201cBaku Expo\u201d s\u0259rgi m\u0259rk\u0259zi v\u0259 haz\u0131rda \u018fliyevl\u0259r ail\u0259sin\u0259 m\u0259xsus m\u0259\u015fhur l\u00fcks ticar\u0259t m\u0259rk\u0259zi olan \u201c28 Mall\u201d daxildir.\n<\/p>\n<figure class=\"wp-block-image size-large\">\n  <img decoding=\"async\" src=\"https:\/\/www.meydan.tv\/az\/palaceofhappiness-jpg\/\" alt=\"PalaceOfHappiness.jpg\" class=\"wp-image-141758\"\/><figcaption>\n    Bak\u0131n\u0131n m\u0259rk\u0259zind\u0259ki S\u0259ad\u0259t Saray\u0131<br \/>\n  <\/figcaption><\/figure>\n<h3>\n  S\u0259ad\u0259t Saray\u0131<br \/>\n<\/h3>\n<p>\n  <b><br \/>\n    Bak\u0131n\u0131n m\u0259rk\u0259zind\u0259 neoqotik \u00fcslubda tikilmi\u015f S\u0259ad\u0259t Saray\u0131, \u015f\u0259h\u0259rin diqq\u0259t\u0259layiq tarixi binalar\u0131ndan biridir.<br \/>\n  <\/b>\n<\/p>\n<p>\n  <b><br \/>\n    20-ci \u0259srin \u0259vv\u0259ll\u0259rind\u0259, yerli bir neft maqnat\u0131, Avropaya s\u0259yah\u0259tl\u0259rind\u0259n birind\u0259 ox\u015far bir frans\u0131z binas\u0131na heyran qalan h\u0259yat yolda\u015f\u0131na h\u0259diyy\u0259 olaraq in\u015fa etdirib. Sovet d\u00f6vr\u00fcnd\u0259 \u201cS\u0259ad\u0259t Saray\u0131\u201d adland\u0131r\u0131l\u0131b v\u0259 bu g\u00fcn d\u0259 qorudu\u011fu funksiyas\u0131na uy\u011fun olaraq toy m\u0259rasiml\u0259ri \u00fc\u00e7\u00fcn istifad\u0259 edilir.<br \/>\n  <\/b>\n<\/p>\n<p>\n  <b><br \/>\n    R\u0259himov prokurorlara g\u00f6nd\u0259rdiyi m\u0259ktubda, binan\u0131n b\u0259rpas\u0131 \u00fc\u00e7\u00fcn niy\u0259 m\u0259hz \u201cSerbAz\u201d-\u0131n se\u00e7ildiyini izah ed\u0259r\u0259k, \u015firk\u0259tin &quot;tarixi memarl\u0131q abid\u0259l\u0259rinin b\u0259rpas\u0131 il\u0259 m\u0259\u015f\u011ful oldu\u011funu&quot; s\u00f6yl\u0259yib.<br \/>\n  <\/b>\n<\/p>\n<p>\n  <b><br \/>\n    \u018fslind\u0259 is\u0259 \u201cSerbAz\u201d bir ne\u00e7\u0259 ay \u0259vv\u0259l qurulmu\u015fdu v\u0259 \u00e7al\u0131\u015fd\u0131rd\u0131\u011f\u0131 i\u015f\u00e7il\u0259rin \u0259ks\u0259riyy\u0259ti ixtisasca t\u0259cr\u00fcb\u0259si olmayan sad\u0259 i\u015f\u00e7il\u0259r idi. Azadl\u0131q Radiosu layih\u0259 il\u0259 ba\u011fl\u0131 bir x\u0259b\u0259rind\u0259, \u201cSerbAz\u201d-\u0131n &quot;pe\u015f\u0259kar olmad\u0131\u011f\u0131n\u0131&quot; v\u0259 &quot;b\u0259rpa\u00e7\u0131 olmad\u0131\u011f\u0131n\u0131&quot; dey\u0259n yerli memardan sitat g\u0259tirir.<br \/>\n  <\/b>\n<\/p>\n<h3>\n  Of\u015for sirri ortaya \u00e7\u0131x\u0131r<br \/>\n<\/h3>\n<p>\n  Azad R\u0259himovu \u201cSerbAz\u201d \u015firk\u0259tiyl\u0259 \u0259laq\u0259l\u0259ndirm\u0259k ill\u0259r \u00e7\u0259kdi, \u00e7\u00fcnki \u015firk\u0259tin \u015f\u0259xsi m\u0259lumatlar\u0131 Az\u0259rbaycandan minl\u0259rl\u0259 kilometr m\u0259saf\u0259d\u0259ki yurisdiksiyalarda gizli saxlan\u0131l\u0131r. Az\u0259rbaycanl\u0131 m\u00fchacir h\u00fcquqlar\u0131 t\u0259\u015fkilat\u0131, Serbiya insan h\u00fcquqlar\u0131 qrupu v\u0259 Bosniya prokurorlar\u0131 \u015firk\u0259tin qeyri-\u015f\u0259ffaf \u015firk\u0259t qurulu\u015funu \u00fcz\u0259 \u00e7\u0131xarmaqda u\u011fursuz olub.\n<\/p>\n<p>\n  Faktiki olaraq \u201cSerbAz\u201d f\u0259rqli yurisdiksiyalarda iki f\u0259rqli \u015firk\u0259t kimi qeydiyyatdan ke\u00e7ib. Az\u0259rbaycanda \u015firk\u0259t \u201cSerbAz Dizayn v\u0259 \u0130n\u015faat\u201d ad\u0131 alt\u0131nda f\u0259aliyy\u0259t g\u00f6st\u0259rir. Bu, Anqila of\u015for zonas\u0131nda qeydiyyata al\u0131nd\u0131\u011f\u0131 \u00fc\u00e7\u00fcn h\u0259qiqi sahibl\u0259ri m\u00fc\u0259yy\u0259n edil\u0259 bilm\u0259y\u0259n \u201cAcora Business\u201d \u015firk\u0259tin\u0259 m\u0259xsusdur. Bu m\u00fcqavil\u0259ni imzalayan v\u0259 nazirlikd\u0259n \u00f6d\u0259ni\u015f alan is\u0259 \u201cSerbAz\u201d \u015firk\u0259tidir.\n<\/p>\n<figure class=\"wp-block-image size-large\">\n  <img decoding=\"async\" src=\"https:\/\/www.meydan.tv\/az\/italdizainstructure2009-jpg\/\" alt=\"ItalDizainStructure2009.jpg\" class=\"wp-image-141761\"\/><figcaption>\n    \u201cItalDizayn\u201d \u015firk\u0259tinin veb sayt\u0131n\u0131n \u00f6nc\u0259ki versiyas\u0131nda t\u0259\u015fkilati strukturu m\u00fc\u0259yy\u0259n ed\u0259n qrafikd\u0259 \u201cSerbAz\u201d-\u0131 t\u00f6r\u0259m\u0259 \u015firk\u0259t olaraq g\u00f6st\u0259rir.<br \/>\n  <\/figcaption><\/figure>\n<p>\n  Dig\u0259r \u201cSerbAz\u201d \u015firk\u0259ti, Hollandiyada m\u00fctl\u0259q anonimliy\u0259 imkan ver\u0259n, m\u0259hdud ortaql\u0131\u011f\u0131 olan korporativ bir qurulu\u015f olaraq \u201c<br \/>\n  <a href=\"https:\/\/www.occrp.org\/documents\/slaves-to-progress\/SerbAz-Property-CV.pdf\"><br \/>\n    SerbAz Property<br \/>\n  <\/a><br \/>\n  \u201d (\u201cSerbAz M\u00fclkiyy\u0259t) ad\u0131 il\u0259 qeydiyyata al\u0131n\u0131b.\n<\/p>\n<p>\n  Bu h\u0259r iki korporativ s\u0259n\u0259dl\u0259rin izi yoxa \u00e7\u0131x\u0131b, ancaq OCCRP m\u00fcxbirl\u0259ri ba\u015fqa bir ipucu tap\u0131b. \u0130nsayderin verdiyi bir m\u0259lumata g\u00f6r\u0259, i\u015f\u00e7il\u0259r a\u015fkarland\u0131qdan v\u0259 evl\u0259rin\u0259 qay\u0131td\u0131qdan sonra ba\u015fqa bir Az\u0259rbaycan \u015firk\u0259ti, \u201cCreacon \u0130n\u015faat\u201d tikinti i\u015fini \u201cSerbAz\u201d-dan al\u0131b.\n<\/p>\n<p>\n  2012-ci ild\u0259 Az\u0259rbaycan \u015firk\u0259t m\u0259lumatlar\u0131na giri\u015fi m\u0259hdudla\u015fd\u0131raraq \u015firk\u0259tin m\u00fclkiyy\u0259t strukturlar\u0131n\u0131 sirr olara saxlay\u0131b.\n<\/p>\n<p>\n  Lakin \u015firk\u0259tin qeydiyyat\u0131 l\u0259\u011fv olunmam\u0131\u015fdan \u0259vv\u0259l az\u0259rbaycanl\u0131 jurnalistl\u0259r m\u0259lumat bazas\u0131n\u0131n bir hiss\u0259sini ortaya \u00e7\u0131xarma\u011f\u0131 bacard\u0131lar. Qeydl\u0259r g\u00f6st\u0259rir ki, \u201cCreacon\u201d \u015firk\u0259tinin iki s\u0259hmdar\u0131ndan biri \u201cItalDizain Group\u201ddur.\n<\/p>\n<p>\n  \u201cItalDizayn\u201d Az\u0259rbaycanda l\u00fcks markalar\u0131n idxal\u00e7\u0131s\u0131 kimi tan\u0131n\u0131b. \u018flav\u0259 olaraq \u015firk\u0259t telekommunikasiya, \u0259mlak v\u0259 \u201cCartier\u201d markal\u0131 saatlardan \u201cBaccarat\u201d markal\u0131 s\u00fcfr\u0259l\u0259r\u0259 q\u0259d\u0259r h\u0259r \u015feyi satan l\u00fcks butikl\u0259ri \u00f6z\u00fcnd\u0259 birl\u0259\u015fdir\u0259n b\u00f6y\u00fck bir holdinq\u0259 \u00e7evrilib.\n<\/p>\n<p>\n  U\u011furlu bir fasil\u0259 jurnalistl\u0259r\u0259 \u201cSerbAz\u201d-\u0131n arxas\u0131nda duran \u0259laq\u0259l\u0259ri tamamlama\u011fa k\u00f6m\u0259k etdi. Milyonlarla veb sayt\u0131n qeyri-kommersiya kitabxanas\u0131 olan \u0130nternet Arxiv, \u201cSerbAz\u201d-\u0131n i\u015f\u00e7il\u0259rin\u0259 qar\u015f\u0131 q\u0259ddar r\u0259ftar\u0131n\u0131n a\u015fkarland\u0131\u011f\u0131 2009-cu ilin yanvar ay\u0131ndan b\u0259ri \u201cSerbAz\u201d-\u0131 t\u00f6r\u0259m\u0259 \u015firk\u0259t olaraq g\u00f6st\u0259r\u0259n t\u0259\u015fkilati strukturunu m\u00fc\u0259yy\u0259n ed\u0259n sxemi d\u0259rc ed\u0259n \u201cItalDizayn\u201d \u015firk\u0259tin\u0259 m\u0259xsus sayt\u0131n \u0259vv\u0259lki versiyalar\u0131n\u0131 saxlay\u0131b.\n<\/p>\n<p>\n  \u201cSerbAz\u201d-\u0131n \u201cItalDizain Group\u201d-un t\u00f6r\u0259m\u0259 \u015firk\u0259ti oldu\u011funa dair dig\u0259r s\u00fcbutlar var. M\u0259s\u0259l\u0259n, o d\u00f6vrd\u0259 i\u015fl\u0259 ba\u011fl\u0131 reklam \u015firk\u0259ti t\u00f6r\u0259m\u0259 kimi g\u00f6st\u0259rir. \u201cItalDizayn\u201d \u015firk\u0259tinin sayt\u0131nda &quot;Haqq\u0131m\u0131zda&quot; b\u00f6lm\u0259sind\u0259 \u201cSerbAz\u201d h\u0259m d\u0259 t\u00f6r\u0259m\u0259 kimi g\u00f6st\u0259rilib. Sonda m\u0259nb\u0259l\u0259r bu \u0259laq\u0259ni t\u0259sdiql\u0259yib.\n<\/p>\n<p>\n  Jurnalistl\u0259r i\u015f\u00e7il\u0259rin \u0259m\u0259yind\u0259n faydalanan \u201cItalDizayn\u201d \u015firk\u0259tinin arxas\u0131nda kimin oldu\u011funu bilm\u0259k \u00fc\u00e7\u00fcn yola \u00e7\u0131xd\u0131lar. Burada ortaya \u00e7\u0131xar\u0131lm\u0131\u015f korporativ qeydl\u0259r bir daha onlara yol g\u00f6st\u0259rib.\n<\/p>\n<p>\n  Bu s\u0259n\u0259dl\u0259r l\u00fcks holdinqin tamamil\u0259 \u201cArgulux\u201d adl\u0131 bir L\u00fcksemburq \u015firk\u0259tin\u0259 m\u0259xsus oldu\u011funu g\u00f6st\u0259rir. \u201cArgulux\u201d G\u0259ncl\u0259r v\u0259 idman naziri Azad R\u0259himovun h\u0259yat yolda\u015f\u0131 Z\u00fclfiyy\u0259 R\u0259himova v\u0259 R\u0259himovun orta\u011f\u0131 oldu\u011fu g\u00f6r\u00fcn\u0259n El\u00e7in Zeynalova aiddir.\n<\/p>\n<h3>\n  R\u0259himov v\u0259 \u201c\u0130talDizayn\u201d<br \/>\n<\/h3>\n<p>\n  <b><br \/>\n    R\u0259himovun \u201c\u0130talDizayn\u201d il\u0259 \u0259laq\u0259sinin h\u0259yat yolda\u015f\u0131n\u0131n m\u00fclkiyy\u0259tind\u0259n d\u0259 o t\u0259r\u0259f\u0259 ke\u00e7diyin\u0259 dair s\u00fcbutlar var.<br \/>\n  <\/b>\n<\/p>\n<p>\n  <b><br \/>\n    \u201c\u0130talDizayn\u201d 1996-c\u0131 ild\u0259 Bak\u0131da yarad\u0131l\u0131b. R\u0259himov 1998 v\u0259 nazirliy\u0259 t\u0259yin olundu\u011fu 2006-c\u0131 ill\u0259r aras\u0131nda \u015firk\u0259tin direktoru olub. \u015eirk\u0259tin s\u0259hmdarlar\u0131 nam\u0259lumdur, lakin 2006-c\u0131 ild\u0259n s\u0131zan AB\u015e-\u0131n m\u0259xfi diplomatik teleqram\u0131nda R\u0259himov \u015firk\u0259tin orta\u011f\u0131 kimi g\u00f6st\u0259rilib.<br \/>\n  <\/b>\n<\/p>\n<p>\n  <b><br \/>\n    2009-cu ilin yanvar ay\u0131ndan etibar\u0259n \u201c\u0130talDizayn\u201d yeni bir Az\u0259rbaycan korporativ qurumu \u201cID Group\u201d-un alt\u0131nda f\u0259aliyy\u0259t g\u00f6st\u0259rir. Bu, jurnalistl\u0259rin izl\u0259diyi, R\u0259himovun h\u0259yat yolda\u015f\u0131n\u0131n v\u0259 orta\u011f\u0131 El\u00e7in Zeynalovun ortaq \u015firk\u0259tidir.<br \/>\n  <\/b>\n<\/p>\n<h3>\n  Az\u0259rbaycanl\u0131lar n\u0259 bilirdil\u0259r?<br \/>\n<\/h3>\n<p>\n  R\u0259himova, Zeynalov v\u0259 ya ba\u015fqa v\u0259zif\u0259li az\u0259rbaycanl\u0131n\u0131n \u201cSerbAz\u201d \u015firk\u0259tinin sui-istifad\u0259l\u0259ri il\u0259 \u0259laq\u0259si \u0259vv\u0259ll\u0259r he\u00e7 i\u015f\u0131qland\u0131r\u0131lmay\u0131b. \u0130\u015f\u00e7il\u0259r \u00fcz\u0259 \u00e7\u0131xar\u0131ld\u0131qda, Az\u0259rbaycan h\u00f6kum\u0259ti \u201cSerbAz\u201d-a r\u0259hb\u0259rlik ed\u0259n, i\u015f\u00e7il\u0259rl\u0259 qar\u015f\u0131l\u0131ql\u0131 \u0259laq\u0259d\u0259 olan v\u0259 \u00f6z\u00fcn\u00fc \u015firk\u0259tin sahibi kimi t\u0259qdim ed\u0259n Balkan \u00f6lk\u0259l\u0259rind\u0259ki idar\u0259\u00e7il\u0259ri g\u00fcnahland\u0131r\u0131b.\n<\/p>\n<p>\n  \u0130\u015f\u00e7il\u0259rin t\u0259cr\u00fcb\u0259sind\u0259n g\u00f6r\u00fcnd\u00fcy\u00fc kimi, \u00f6z b\u00f6lg\u0259l\u0259rind\u0259n olan bu insanlar g\u00fcnd\u0259lik pis r\u0259ftara \u00fc\u00e7\u00fcn h\u0259qiq\u0259t\u0259n m\u0259suliyy\u0259t da\u015f\u0131y\u0131rd\u0131lar. M\u0259hk\u0259m\u0259 n\u0259tic\u0259sind\u0259 ortaya \u00e7\u0131xan yegan\u0259 cinay\u0259t i\u015find\u0259, insan alveri ittiham\u0131 il\u0259 4 bosniyal\u0131 \u201cSerbAz\u201d i\u015f\u00e7isi m\u0259hkum edilib.\n<\/p>\n<h3>\n  &#8220;Q\u0259ssab&#8221;<br \/>\n<\/h3>\n<p>\n  <b><br \/>\n    M\u0259s\u0259l\u0259y\u0259 daxil olan, i\u015f\u00e7il\u0259rin tan\u0131d\u0131\u011f\u0131 az\u0259rbaycanl\u0131lardan biri Samir idi. \u0130\u015f\u00e7il\u0259r Samiri onlar\u0131 hava liman\u0131nda qar\u015f\u0131layan v\u0259 pasportlar\u0131n\u0131 \u0259l\u0259 ke\u00e7ir\u0259n adamlardan biri kimi g\u00f6st\u0259rir. H\u0259m\u00e7inin onu \u0259sas t\u0259zyiq g\u00f6st\u0259r\u0259nl\u0259rd\u0259n biri kimi t\u0259svir edirl\u0259r. \u0130\u015f\u00e7il\u0259r jurnalistl\u0259r\u0259 &quot;Q\u0259ssab&quot; adland\u0131rd\u0131qlar\u0131 q\u0131sa boylu, \u0259z\u0259l\u0259li olan bu \u015f\u0259xsin \u0259lind\u0259 silah g\u0259zdirdiyini v\u0259 tez-tez v\u0259h\u015filik v\u0259 zorak\u0131l\u0131q g\u00f6st\u0259rdiyini deyib. Bir d\u0259f\u0259 bir i\u015f\u00e7ini o q\u0259d\u0259r amans\u0131zca d\u00f6y\u00fcb ki, ba\u015fqa bir \u201cSerbAz\u201d i\u015f\u00e7isi onun i\u015f\u00e7ini \u00f6ld\u00fcrm\u0259sinin qar\u015f\u0131s\u0131n\u0131 almaq \u00fc\u00e7\u00fcn m\u00fcdaxil\u0259 etm\u0259li olub.<br \/>\n  <\/b>\n<\/p>\n<figure class=\"wp-block-image size-large\">\n  <img decoding=\"async\" src=\"https:\/\/www.meydan.tv\/az\/samir-jpg\/\" alt=\"Samir.jpg\" class=\"wp-image-141764\"\/><figcaption>\n    \u201cSerbAz\u201d-\u0131n i\u015f\u00e7isinin \u00e7\u0259kdiyi fotoda q\u0131rm\u0131z\u0131 r\u0259ngli k\u00f6yn\u0259k geyin\u0259n Samirin i\u015f\u00e7il\u0259r\u0259 n\u0259zar\u0259t ed\u0259n bir \u015f\u0259xsl\u0259 istirah\u0259t etdiyi g\u00f6r\u00fcn\u00fcr<br \/>\n  <\/figcaption><\/figure>\n<p>\n  \u0130\u015f\u00e7il\u0259rin &quot;Polkovnik&quot; dey\u0259 \u00e7a\u011f\u0131rd\u0131qlar\u0131 v\u0259 \u201cSerbAz\u201d il\u0259 nazirlik aras\u0131nda vasit\u0259\u00e7i oldu\u011fu anla\u015f\u0131lan az\u0259rbaycanl\u0131 \u015f\u0259xs, onlar\u0131n add\u0131mlar\u0131na n\u0259zar\u0259t etm\u0259k \u00fc\u00e7\u00fcn m\u0259suliyy\u0259t da\u015f\u0131y\u0131rd\u0131. N\u0259hay\u0259t, deportasiya edilm\u0259zd\u0259n \u0259vv\u0259l, o, i\u015f\u00e7il\u0259ri onlara qar\u015f\u0131 zorak\u0131l\u0131q olmad\u0131\u011f\u0131 v\u0259 \u00f6d\u0259ni\u015fl\u0259rini tam ald\u0131qlar\u0131 haqda ifad\u0259 imzalama\u011fa m\u0259cbur edib. O, daha sonra i\u015f\u00e7il\u0259ri hava liman\u0131na q\u0259d\u0259r m\u00fc\u015fayi\u0259t edib v\u0259 aylar \u0259vv\u0259l \u201cSerbAz\u201d t\u0259r\u0259find\u0259n \u0259l\u0259 ke\u00e7irilmi\u015f pasportlar\u0131n\u0131 geri qaytar\u0131b. \u0130\u015f\u00e7il\u0259rin dediyin\u0259 g\u00f6r\u0259, onun &quot;telefon dan\u0131\u015f\u0131qlar\u0131&quot; aparmaq v\u0259 \u00e7\u0131x\u0131\u015fda s\u0259rh\u0259dd\u0259ki m\u0259murlar t\u0259r\u0259find\u0259n sor\u011fu-sual olunanlar \u00fc\u00e7\u00fcn viza probleml\u0259rini h\u0259ll etm\u0259k s\u0259lahiyy\u0259ti var idi.\n<\/p>\n<p>\n  Dig\u0259r apar\u0131c\u0131 \u015f\u0259xs, i\u015f\u00e7il\u0259rin G\u0259ncl\u0259r v\u0259 \u0130dman Nazirliyinin n\u00fcmay\u0259nd\u0259si oldu\u011funu d\u00fc\u015f\u00fcnd\u00fckl\u0259ri El\u00e7in Zeynalov idi.\n<\/p>\n<p>\n  \u018fslind\u0259 Zeynalov r\u0259smi olaraq d\u00f6vl\u0259t m\u0259muru deyildi. Bununla yana\u015f\u0131, o, R\u0259himov 2006-c\u0131 ild\u0259 nazirliy\u0259 r\u0259hb\u0259rlik etm\u0259k \u00fc\u00e7\u00fcn \u015firk\u0259td\u0259n ayr\u0131ld\u0131qda, \u201cSerbAz\u201d-\u0131n ana \u015firk\u0259ti olan \u201cItalDizayn\u201d \u015firk\u0259tin\u0259 r\u0259hb\u0259rlik ed\u0259n \u0259sas t\u0259r\u0259fda\u015fd\u0131r.\n<\/p>\n<p>\n  OCCRP t\u0259r\u0259find\u0259n \u00e7\u0259kil\u0259n iki foto\u015f\u0259kild\u0259 onun \u015firk\u0259tin iki bosniyal\u0131 meneceri il\u0259 birlikd\u0259 \u201cSerbAz\u201d-\u0131n \u0259sas tikinti yerl\u0259rind\u0259n biri olan \u201cButa\u201d Saray\u0131n\u0131 ziyar\u0259t etdiyi g\u00f6r\u00fcl\u00fcr.\n<\/p>\n<p>\n  R\u0259himov, b\u0259z\u0259n Prezident \u0130lham \u018fliyevin d\u0259 m\u00fc\u015fayi\u0259ti il\u0259 tikintid\u0259ki gedi\u015fat\u0131 yoxlamaq \u00fc\u00e7\u00fcn binalara ba\u015f \u00e7\u0259kib. M\u00fcsahib\u0259 zaman\u0131 binan\u0131 ziyar\u0259t ed\u0259n Prezident nec\u0259 olduqlar\u0131n\u0131 soru\u015fanda i\u015f\u00e7il\u0259rd\u0259n biri &quot;xoro\u015fo!&quot; (rus dilind\u0259 &quot;yax\u015f\u0131&quot; dem\u0259kdir) dem\u0259l\u0259ri \u00fc\u00e7\u00fcn onlara g\u00f6st\u0259ri\u015f verildiyini xat\u0131rlay\u0131r. \u0130\u015f\u00e7il\u0259r bunun \u0259v\u0259zind\u0259 Prezident\u0259 \u201cnet xoro\u015fo\u201d dey\u0259c\u0259kl\u0259ri il\u0259 h\u0259d\u0259l\u0259yibl\u0259r. \u018fliyev ziyar\u0259t etdiyi g\u00fcn onlara istirah\u0259t verilib. Bu i\u015f\u00e7il\u0259rin o zamana q\u0259d\u0259r g\u00f6t\u00fcrd\u00fckl\u0259ri yegan\u0259 fasil\u0259 olub.\n<\/p>\n<p>\n  Bosniyal\u0131 konsol, 2009-cu ilin oktyabr ay\u0131nda hadis\u0259 ictimaiyy\u0259t\u0259 m\u0259lum olduqdan sonra i\u015f\u00e7il\u0259rin v\u0259ziyy\u0259tini m\u00fczakir\u0259 etm\u0259k \u00fc\u00e7\u00fcn R\u0259himovla g\u00f6r\u00fc\u015f\u0259nd\u0259, nazir \u00f6z\u00fcn\u00fc \u201cSerbAz\u201d \u015firk\u0259tinin sui-istifad\u0259l\u0259rini art\u0131q ara\u015fd\u0131ran nazirliyin m\u0259sul \u015f\u0259xsi v\u0259 i\u015fl\u0259ri yoluna qoymaq \u00fc\u00e7\u00fcn t\u0259yin olunmu\u015f d\u00f6vl\u0259t \u201ckoordinaoru\u201d kimi t\u0259qdim edib. Ancaq Bosniyadak\u0131 cinay\u0259t i\u015find\u0259 d\u0259lil olaraq istifad\u0259 edil\u0259n g\u00f6r\u00fc\u015fl\u0259 \u0259laq\u0259dar bir hesabatda g\u00f6st\u0259rilir ki, R\u0259himov konsula \u201cSerbAz\u201d-\u0131n sui-istifad\u0259si bar\u0259d\u0259 2009-cu ilin may\u0131nda x\u0259b\u0259r tutdu\u011funu v\u0259 m\u0259s\u0259l\u0259nin ara\u015fd\u0131rma\u011f\u0131 tap\u015f\u0131rd\u0131\u011f\u0131n\u0131 s\u00f6yl\u0259yib. O, i\u015f\u00e7il\u0259rin pasportlar\u0131n\u0131n m\u00fcsadir\u0259 olunmas\u0131n\u0131 \u201c\u0259sas insan h\u00fcquqlar\u0131n\u0131n&quot; pozulmas\u0131 kimi qiym\u0259tl\u0259ndirib. Onun t\u0259yin etdiyi &quot;koordinator&quot; El\u00e7in adl\u0131 bir adam idi &#8211; b\u0259lk\u0259 d\u0259, bu, R\u0259himovun uzun m\u00fcdd\u0259t i\u015f\u00e7isi olan v\u0259 h\u0259qiq\u0259t\u0259n d\u0259 \u201cSerbAz\u201d-\u0131n \u0259n b\u00f6y\u00fck sahibl\u0259rind\u0259n biri olan El\u00e7in Zeynalova istinad idi. R\u0259himovun bosniyal\u0131 konsula h\u0259yat yolda\u015f\u0131n\u0131n v\u0259 El\u00e7in Zeylanovun \u015firk\u0259tin sahibi olmas\u0131 haqq\u0131nda he\u00e7 n\u0259 s\u00f6yl\u0259mir.\n<\/p>\n<p>\n  R\u0259himov \u201cSerbAz\u201d-\u0131n f\u0259aliyy\u0259tind\u0259n naraz\u0131 oldu\u011funu v\u0259 \u00f6z i\u015f\u00e7il\u0259rinin \u015firk\u0259tin i\u015find\u0259 &quot;qanun pozuntular\u0131&quot; a\u015fkarlad\u0131\u011f\u0131n\u0131 s\u00f6yl\u0259s\u0259 d\u0259, nazirlik h\u0259min ilin oktyabr ay\u0131nda \u015firk\u0259tl\u0259 yeni \u00e7ox milyon dollarl\u0131q m\u00fcqavil\u0259 ba\u011flay\u0131b, h\u0259min ay i\u015f\u00e7il\u0259rin v\u0259ziyy\u0259ti \u00fcz\u0259 \u00e7\u0131xar\u0131l\u0131b v\u0259 i\u015f dayand\u0131r\u0131l\u0131b.\n<\/p>\n<p>\n  Nazirlik, h\u0259m\u00e7inin May-Oktyabr aylar\u0131 aras\u0131nda \u201cSerbAz\u201d \u015firk\u0259tin\u0259 c\u0259mi 6.3 milyon dollar \u00f6d\u0259yib. \u0130\u015f\u00e7il\u0259rin \u00f6zl\u0259ri o vaxt \u0259rzind\u0259 he\u00e7 n\u0259 ala bilm\u0259yib v\u0259 bu pulla n\u0259 edildiyi sual\u0131 yaran\u0131b. \u201cSerbAz\u201d insayderinin hesablamas\u0131na g\u00f6r\u0259, \u015firk\u0259t n\u0259\u011fd pulla i\u015fl\u0259yirdi v\u0259 \u015firk\u0259tin maliyy\u0259sini kimin tam n\u0259zar\u0259td\u0259 saxlad\u0131\u011f\u0131 m\u0259lum deyil.\n<\/p>\n<h3>\n  Yoxa \u00e7\u0131xan pul<br \/>\n<\/h3>\n<p>\n  <b><br \/>\n    \u201cSerbAz\u201d-\u0131n daxili i\u015fl\u0259ri h\u0259l\u0259 d\u0259 bir sirdir, \u00e7\u00fcnki \u015firk\u0259t na\u011fd pul \u00f6d\u0259yib v\u0259 meydan oxuyanlara h\u0259d\u0259-qorxu g\u0259lib.<br \/>\n  <\/b>\n<\/p>\n<p>\n  <b><br \/>\n    \u015eirk\u0259t s\u0259n\u0259dl\u0259ri art\u0131q m\u00f6vcud deyil. \u201cSerbAz\u201d-\u0131n iddias\u0131na g\u00f6r\u0259 s\u0259n\u0259dl\u0259rin ana \u015firk\u0259ti t\u0259r\u0259find\u0259n al\u0131nmas\u0131 onun f\u0259aliyy\u0259tl\u0259rini v\u0259 m\u00fclkiyy\u0259tini izl\u0259m\u0259yi daha \u00e7ox \u00e7\u0259tinl\u0259\u015fdirib.<br \/>\n  <\/b>\n<\/p>\n<p>\n  <b><br \/>\n    Anonimliyinin saxlan\u0131lmas\u0131 \u015f\u0259rti il\u0259 jurnalistl\u0259r\u0259 dan\u0131\u015fan \u201cSerbAz\u201d-\u0131n meneceri, h\u00f6kum\u0259t t\u0259r\u0259find\u0259n edil\u0259n \u00f6d\u0259ni\u015fl\u0259rin ard\u0131c\u0131l olaraq n\u00f6mr\u0259l\u0259nmi\u015f \u0259skinaslar\u0131n oldu\u011fu \u00e7amadanlarda \u015firk\u0259tin \u0259sas ofisin\u0259 g\u0259tirildiyini dedi. Sement v\u0259 ya dig\u0259r materiallar\u0131 g\u00f6nd\u0259r\u0259n t\u0259dar\u00fck\u00e7\u00fcl\u0259r\u0259 m\u00fcvafiq m\u00fchasibat prosedurlar\u0131 olmadan birba\u015fa bu puldan \u00f6d\u0259ni\u015f edilib. Elektron pul k\u00f6\u00e7\u00fcrm\u0259l\u0259ri h\u0259yata ke\u00e7irildikd\u0259 is\u0259 \u00f6d\u0259ni\u015fl\u0259r \u00fcmumiyy\u0259tl\u0259 of\u015for hesablar\u0131na g\u00f6nd\u0259rilib. O bildirib ki, b\u0259zi da\u015f\u0131nmalar, o c\u00fcml\u0259d\u0259n \u0130spaniyadan g\u0259tiril\u0259n bahal\u0131 m\u0259rm\u0259r \u00fc\u00e7\u00fcn \u201cSerbAz\u201d-\u0131n b\u00fcdc\u0259sind\u0259n \u00f6d\u0259nilib v\u0259 ehtimal ki, daha sonra f\u0259rqli bir layih\u0259y\u0259 y\u00f6n\u0259ldilib.<br \/>\n  <\/b>\n<\/p>\n<figure class=\"wp-block-image size-large\">\n  <img decoding=\"async\" src=\"https:\/\/www.meydan.tv\/az\/dejanmilanelcin-jpg\/\" alt=\"DejanMilanElcin.jpg\" class=\"wp-image-141767\"\/><figcaption>\n    El\u00e7in Zeynalov v\u0259 \u201cSerbAz\u201d-\u0131n iki meneceri \u201cButa Palace\u201d-\u0131n in\u015faat sah\u0259sin\u0259 ba\u015f \u00e7\u0259kirl\u0259r<br \/>\n  <\/figcaption><\/figure>\n<p>\n  Bundan ba\u015fqa, bosniyal\u0131 m\u00fcst\u0259ntiql\u0259r t\u0259r\u0259find\u0259n sonradan \u0259l\u0259 ke\u00e7iril\u0259n yaz\u0131l\u0131 mesajlarda bir bosniyal\u0131 \u201cSerbAz\u201d menecerinin ke\u00e7mi\u015f m\u00fcdirin\u0259 m\u0259ktub yazaraq t\u00f6vsiy\u0259 edib ki, bosniyal\u0131 prokurorlara \u015firk\u0259tin serb direktoru il\u0259 birlikd\u0259 Zeynalovun yoxa \u00e7\u0131xan pula g\u00f6r\u0259 m\u0259suliyy\u0259t da\u015f\u0131d\u0131\u011f\u0131n\u0131 etiraf etsin.\n<\/p>\n<p>\n  \u201cDirektor v\u0259 Zeynalov \u015firk\u0259ti 2009-cu ilin pay\u0131z\u0131nda \u0259l\u0259 ke\u00e7irdil\u0259r, \u015firk\u0259td\u0259n pul o\u011furlad\u0131lar, i\u015f\u00e7il\u0259r\u0259 maa\u015f verm\u0259dil\u0259r v\u0259 ist\u0259dikl\u0259rini etdil\u0259r&quot; dey\u0259 o yaz\u0131b.\n<\/p>\n<p>\n  G\u0259ncl\u0259r v\u0259 \u0130dman Nazirliyi 2009-cu ilin noyabr ay\u0131nda i\u015f\u00e7il\u0259r\u0259 qar\u015f\u0131 pis r\u0259ftar ictimaiyy\u0259t\u0259 m\u0259lum olduqdan sonra \u015firk\u0259t\u0259 4.4 milyon dollar g\u00f6nd\u0259r\u0259r\u0259k \u201cSerbAz\u201d-a pul \u00f6d\u0259m\u0259y\u0259 davam edib. Tikinti layih\u0259l\u0259ri ba\u015fqa bir \u015firk\u0259t t\u0259r\u0259find\u0259n al\u0131nd\u0131qdan bir m\u00fcdd\u0259t sonra \u015firk\u0259t\u0259 n\u00f6vb\u0259ti ild\u0259 10 milyon dollar \u00f6d\u0259nilib.\n<\/p>\n<p>\n  R\u0259himov, R\u0259himova v\u0259 Zeynalov bu m\u0259s\u0259l\u0259 haqq\u0131nda \u015f\u0259rh ist\u0259kl\u0259rin\u0259 cavab verm\u0259yib.\n<\/p>\n<figure class=\"wp-block-image size-large\">\n  <img decoding=\"async\" src=\"https:\/\/www.meydan.tv\/az\/paymentschart2-png\/\" alt=\"PaymentsChart2.png\" class=\"wp-image-141770\"\/><figcaption>\n    Nazirliyin r\u0259smi hesabat\u0131na g\u00f6r\u0259, bu c\u0259dv\u0259ld\u0259 G\u0259ncl\u0259r v\u0259 \u0130dman Nazirliyinin \u201cSerbAz\u201d-a etdiyi b\u00fct\u00fcn \u00f6d\u0259ni\u015fl\u0259r g\u00f6st\u0259rilib. Bu \u00f6d\u0259ni\u015fl\u0259rin xeyli hiss\u0259si R\u0259himovun \u015firk\u0259tin sui-istifad\u0259si haqq\u0131nda x\u0259b\u0259rdar oldu\u011funu iddia etm\u0259sind\u0259n, m\u0259s\u0259l\u0259nin ictimail\u0259\u015fm\u0259sind\u0259n v\u0259 h\u0259tta \u015firk\u0259tin f\u0259aliyy\u0259tini dayand\u0131rmas\u0131ndan sonra edilib.<br \/>\n  <\/figcaption><\/figure>\n","protected":false},"excerpt":{"rendered":"<p>D\u00fcnyada \u00e7ox az avtoritar d\u00f6vl\u0259t Az\u0259rbaycan kimi b\u00f6y\u00fck beyn\u0259lxalq t\u0259dbirl\u0259rd\u0259n yararlanaraq d\u00fcnya miqyas\u0131nda n\u00fcfuzlar\u0131n\u0131 art\u0131rma\u011fa \u00e7al\u0131\u015f\u0131b.<\/p>\n","protected":false},"author":11,"featured_media":141779,"comment_status":"closed","ping_status":"open","sticky":false,"template":"","format":"standard","meta":{"_acf_changed":false,"_sitemap_exclude":false,"_sitemap_priority":"","_sitemap_frequency":"","footnotes":""},"categories":[55],"tags":[],"class_list":["post-200570","post","type-post","status-publish","format-standard","has-post-thumbnail","hentry","category-arasdirma","infinite-scroll-item","generate-columns","tablet-grid-50","mobile-grid-100","grid-parent","grid-33","no-featured-image-padding"],"acf":[],"yoast_head":"<!-- This site is optimized with the Yoast SEO plugin v27.4 - https:\/\/yoast.com\/product\/yoast-seo-wordpress\/ -->\n<title>Bak\u0131n\u0131n inki\u015faf\u0131 - Az\u0259rbaycan\u0131n m\u0259rk\u0259zind\u0259 m\u00fcasir quldarl\u0131q - MEYDAN.TV<\/title>\n<meta name=\"robots\" content=\"index, follow, max-snippet:-1, max-image-preview:large, max-video-preview:-1\" \/>\n<link rel=\"canonical\" href=\"https:\/\/www.meydan.tv\/az\/article\/bakinin-inkisafi-azerbaycanin-merkezinde-muasir-quldarliq\/\" \/>\n<meta property=\"og:locale\" content=\"az_AZ\" \/>\n<meta property=\"og:type\" content=\"article\" \/>\n<meta property=\"og:title\" content=\"Bak\u0131n\u0131n inki\u015faf\u0131 - Az\u0259rbaycan\u0131n m\u0259rk\u0259zind\u0259 m\u00fcasir quldarl\u0131q - MEYDAN.TV\" \/>\n<meta property=\"og:description\" content=\"D\u00fcnyada \u00e7ox az avtoritar d\u00f6vl\u0259t Az\u0259rbaycan kimi b\u00f6y\u00fck beyn\u0259lxalq t\u0259dbirl\u0259rd\u0259n yararlanaraq d\u00fcnya miqyas\u0131nda n\u00fcfuzlar\u0131n\u0131 art\u0131rma\u011fa \u00e7al\u0131\u015f\u0131b.\" \/>\n<meta property=\"og:url\" content=\"https:\/\/www.meydan.tv\/az\/article\/bakinin-inkisafi-azerbaycanin-merkezinde-muasir-quldarliq\/\" \/>\n<meta property=\"og:site_name\" content=\"MEYDAN.TV\" \/>\n<meta property=\"article:published_time\" content=\"2020-05-13T06:12:04+00:00\" \/>\n<meta property=\"og:image\" content=\"https:\/\/www.meydan.tv\/wp-content\/uploads\/slaves-to-progress2_b5draq1.jpg\" \/>\n\t<meta property=\"og:image:width\" content=\"1920\" \/>\n\t<meta property=\"og:image:height\" content=\"1280\" \/>\n\t<meta property=\"og:image:type\" content=\"image\/jpeg\" \/>\n<meta name=\"author\" content=\"user-manager\" \/>\n<meta name=\"twitter:card\" content=\"summary_large_image\" \/>\n<script type=\"application\/ld+json\" class=\"yoast-schema-graph\">{\"@context\":\"https:\\\/\\\/schema.org\",\"@graph\":[{\"@type\":\"Article\",\"@id\":\"https:\\\/\\\/www.meydan.tv\\\/az\\\/article\\\/bakinin-inkisafi-azerbaycanin-merkezinde-muasir-quldarliq\\\/#article\",\"isPartOf\":{\"@id\":\"https:\\\/\\\/www.meydan.tv\\\/az\\\/article\\\/bakinin-inkisafi-azerbaycanin-merkezinde-muasir-quldarliq\\\/\"},\"author\":{\"name\":\"user-manager\",\"@id\":\"https:\\\/\\\/www.meydan.tv\\\/az\\\/#\\\/schema\\\/person\\\/10d11eccf6da3662cf5fdab9806ea91a\"},\"headline\":\"Bak\u0131n\u0131n inki\u015faf\u0131 &#8211; Az\u0259rbaycan\u0131n m\u0259rk\u0259zind\u0259 m\u00fcasir quldarl\u0131q\",\"datePublished\":\"2020-05-13T06:12:04+00:00\",\"mainEntityOfPage\":{\"@id\":\"https:\\\/\\\/www.meydan.tv\\\/az\\\/article\\\/bakinin-inkisafi-azerbaycanin-merkezinde-muasir-quldarliq\\\/\"},\"wordCount\":4446,\"publisher\":{\"@id\":\"https:\\\/\\\/www.meydan.tv\\\/az\\\/#organization\"},\"image\":{\"@id\":\"https:\\\/\\\/www.meydan.tv\\\/az\\\/article\\\/bakinin-inkisafi-azerbaycanin-merkezinde-muasir-quldarliq\\\/#primaryimage\"},\"thumbnailUrl\":\"https:\\\/\\\/www.meydan.tv\\\/wp-content\\\/uploads\\\/slaves-to-progress2_b5draq1.jpg\",\"articleSection\":[\"Ara\u015fd\u0131rma\"],\"inLanguage\":\"az\"},{\"@type\":\"WebPage\",\"@id\":\"https:\\\/\\\/www.meydan.tv\\\/az\\\/article\\\/bakinin-inkisafi-azerbaycanin-merkezinde-muasir-quldarliq\\\/\",\"url\":\"https:\\\/\\\/www.meydan.tv\\\/az\\\/article\\\/bakinin-inkisafi-azerbaycanin-merkezinde-muasir-quldarliq\\\/\",\"name\":\"Bak\u0131n\u0131n inki\u015faf\u0131 - Az\u0259rbaycan\u0131n m\u0259rk\u0259zind\u0259 m\u00fcasir quldarl\u0131q - MEYDAN.TV\",\"isPartOf\":{\"@id\":\"https:\\\/\\\/www.meydan.tv\\\/az\\\/#website\"},\"primaryImageOfPage\":{\"@id\":\"https:\\\/\\\/www.meydan.tv\\\/az\\\/article\\\/bakinin-inkisafi-azerbaycanin-merkezinde-muasir-quldarliq\\\/#primaryimage\"},\"image\":{\"@id\":\"https:\\\/\\\/www.meydan.tv\\\/az\\\/article\\\/bakinin-inkisafi-azerbaycanin-merkezinde-muasir-quldarliq\\\/#primaryimage\"},\"thumbnailUrl\":\"https:\\\/\\\/www.meydan.tv\\\/wp-content\\\/uploads\\\/slaves-to-progress2_b5draq1.jpg\",\"datePublished\":\"2020-05-13T06:12:04+00:00\",\"breadcrumb\":{\"@id\":\"https:\\\/\\\/www.meydan.tv\\\/az\\\/article\\\/bakinin-inkisafi-azerbaycanin-merkezinde-muasir-quldarliq\\\/#breadcrumb\"},\"inLanguage\":\"az\",\"potentialAction\":[{\"@type\":\"ReadAction\",\"target\":[\"https:\\\/\\\/www.meydan.tv\\\/az\\\/article\\\/bakinin-inkisafi-azerbaycanin-merkezinde-muasir-quldarliq\\\/\"]}]},{\"@type\":\"ImageObject\",\"inLanguage\":\"az\",\"@id\":\"https:\\\/\\\/www.meydan.tv\\\/az\\\/article\\\/bakinin-inkisafi-azerbaycanin-merkezinde-muasir-quldarliq\\\/#primaryimage\",\"url\":\"https:\\\/\\\/www.meydan.tv\\\/wp-content\\\/uploads\\\/slaves-to-progress2_b5draq1.jpg\",\"contentUrl\":\"https:\\\/\\\/www.meydan.tv\\\/wp-content\\\/uploads\\\/slaves-to-progress2_b5draq1.jpg\",\"width\":1920,\"height\":1280,\"caption\":\"Source: Svetlana Tiourina\"},{\"@type\":\"BreadcrumbList\",\"@id\":\"https:\\\/\\\/www.meydan.tv\\\/az\\\/article\\\/bakinin-inkisafi-azerbaycanin-merkezinde-muasir-quldarliq\\\/#breadcrumb\",\"itemListElement\":[{\"@type\":\"ListItem\",\"position\":1,\"name\":\"Ana s\u0259hif\u0259\",\"item\":\"https:\\\/\\\/www.meydan.tv\\\/az\\\/\"},{\"@type\":\"ListItem\",\"position\":2,\"name\":\"Ara\u015fd\u0131rma\",\"item\":\"https:\\\/\\\/www.meydan.tv\\\/az\\\/section\\\/arasdirma\\\/\"},{\"@type\":\"ListItem\",\"position\":3,\"name\":\"Bak\u0131n\u0131n inki\u015faf\u0131 &#8211; Az\u0259rbaycan\u0131n m\u0259rk\u0259zind\u0259 m\u00fcasir quldarl\u0131q\"}]},{\"@type\":\"WebSite\",\"@id\":\"https:\\\/\\\/www.meydan.tv\\\/az\\\/#website\",\"url\":\"https:\\\/\\\/www.meydan.tv\\\/az\\\/\",\"name\":\"MEYDAN.TV\",\"description\":\"Meydan TV Az\u0259rbaycan\u0131n media m\u0259kan\u0131ndak\u0131 alternativ s\u0259sidir\",\"publisher\":{\"@id\":\"https:\\\/\\\/www.meydan.tv\\\/az\\\/#organization\"},\"potentialAction\":[{\"@type\":\"SearchAction\",\"target\":{\"@type\":\"EntryPoint\",\"urlTemplate\":\"https:\\\/\\\/www.meydan.tv\\\/az\\\/?s={search_term_string}\"},\"query-input\":{\"@type\":\"PropertyValueSpecification\",\"valueRequired\":true,\"valueName\":\"search_term_string\"}}],\"inLanguage\":\"az\"},{\"@type\":\"Organization\",\"@id\":\"https:\\\/\\\/www.meydan.tv\\\/az\\\/#organization\",\"name\":\"Meydan TV\",\"url\":\"https:\\\/\\\/www.meydan.tv\\\/az\\\/\",\"logo\":{\"@type\":\"ImageObject\",\"inLanguage\":\"az\",\"@id\":\"https:\\\/\\\/www.meydan.tv\\\/az\\\/#\\\/schema\\\/logo\\\/image\\\/\",\"url\":\"https:\\\/\\\/www.meydan.tv\\\/wp-content\\\/uploads\\\/2021\\\/07\\\/meydan-logo.svg\",\"contentUrl\":\"https:\\\/\\\/www.meydan.tv\\\/wp-content\\\/uploads\\\/2021\\\/07\\\/meydan-logo.svg\",\"width\":195,\"height\":46,\"caption\":\"Meydan TV\"},\"image\":{\"@id\":\"https:\\\/\\\/www.meydan.tv\\\/az\\\/#\\\/schema\\\/logo\\\/image\\\/\"}},{\"@type\":\"Person\",\"@id\":\"https:\\\/\\\/www.meydan.tv\\\/az\\\/#\\\/schema\\\/person\\\/10d11eccf6da3662cf5fdab9806ea91a\",\"name\":\"user-manager\"}]}<\/script>\n<!-- \/ Yoast SEO plugin. -->","yoast_head_json":{"title":"Bak\u0131n\u0131n inki\u015faf\u0131 - Az\u0259rbaycan\u0131n m\u0259rk\u0259zind\u0259 m\u00fcasir quldarl\u0131q - MEYDAN.TV","robots":{"index":"index","follow":"follow","max-snippet":"max-snippet:-1","max-image-preview":"max-image-preview:large","max-video-preview":"max-video-preview:-1"},"canonical":"https:\/\/www.meydan.tv\/az\/article\/bakinin-inkisafi-azerbaycanin-merkezinde-muasir-quldarliq\/","og_locale":"az_AZ","og_type":"article","og_title":"Bak\u0131n\u0131n inki\u015faf\u0131 - Az\u0259rbaycan\u0131n m\u0259rk\u0259zind\u0259 m\u00fcasir quldarl\u0131q - MEYDAN.TV","og_description":"D\u00fcnyada \u00e7ox az avtoritar d\u00f6vl\u0259t Az\u0259rbaycan kimi b\u00f6y\u00fck beyn\u0259lxalq t\u0259dbirl\u0259rd\u0259n yararlanaraq d\u00fcnya miqyas\u0131nda n\u00fcfuzlar\u0131n\u0131 art\u0131rma\u011fa \u00e7al\u0131\u015f\u0131b.","og_url":"https:\/\/www.meydan.tv\/az\/article\/bakinin-inkisafi-azerbaycanin-merkezinde-muasir-quldarliq\/","og_site_name":"MEYDAN.TV","article_published_time":"2020-05-13T06:12:04+00:00","og_image":[{"width":1920,"height":1280,"url":"https:\/\/www.meydan.tv\/wp-content\/uploads\/slaves-to-progress2_b5draq1.jpg","type":"image\/jpeg"}],"author":"user-manager","twitter_card":"summary_large_image","schema":{"@context":"https:\/\/schema.org","@graph":[{"@type":"Article","@id":"https:\/\/www.meydan.tv\/az\/article\/bakinin-inkisafi-azerbaycanin-merkezinde-muasir-quldarliq\/#article","isPartOf":{"@id":"https:\/\/www.meydan.tv\/az\/article\/bakinin-inkisafi-azerbaycanin-merkezinde-muasir-quldarliq\/"},"author":{"name":"user-manager","@id":"https:\/\/www.meydan.tv\/az\/#\/schema\/person\/10d11eccf6da3662cf5fdab9806ea91a"},"headline":"Bak\u0131n\u0131n inki\u015faf\u0131 &#8211; Az\u0259rbaycan\u0131n m\u0259rk\u0259zind\u0259 m\u00fcasir quldarl\u0131q","datePublished":"2020-05-13T06:12:04+00:00","mainEntityOfPage":{"@id":"https:\/\/www.meydan.tv\/az\/article\/bakinin-inkisafi-azerbaycanin-merkezinde-muasir-quldarliq\/"},"wordCount":4446,"publisher":{"@id":"https:\/\/www.meydan.tv\/az\/#organization"},"image":{"@id":"https:\/\/www.meydan.tv\/az\/article\/bakinin-inkisafi-azerbaycanin-merkezinde-muasir-quldarliq\/#primaryimage"},"thumbnailUrl":"https:\/\/www.meydan.tv\/wp-content\/uploads\/slaves-to-progress2_b5draq1.jpg","articleSection":["Ara\u015fd\u0131rma"],"inLanguage":"az"},{"@type":"WebPage","@id":"https:\/\/www.meydan.tv\/az\/article\/bakinin-inkisafi-azerbaycanin-merkezinde-muasir-quldarliq\/","url":"https:\/\/www.meydan.tv\/az\/article\/bakinin-inkisafi-azerbaycanin-merkezinde-muasir-quldarliq\/","name":"Bak\u0131n\u0131n inki\u015faf\u0131 - Az\u0259rbaycan\u0131n m\u0259rk\u0259zind\u0259 m\u00fcasir quldarl\u0131q - MEYDAN.TV","isPartOf":{"@id":"https:\/\/www.meydan.tv\/az\/#website"},"primaryImageOfPage":{"@id":"https:\/\/www.meydan.tv\/az\/article\/bakinin-inkisafi-azerbaycanin-merkezinde-muasir-quldarliq\/#primaryimage"},"image":{"@id":"https:\/\/www.meydan.tv\/az\/article\/bakinin-inkisafi-azerbaycanin-merkezinde-muasir-quldarliq\/#primaryimage"},"thumbnailUrl":"https:\/\/www.meydan.tv\/wp-content\/uploads\/slaves-to-progress2_b5draq1.jpg","datePublished":"2020-05-13T06:12:04+00:00","breadcrumb":{"@id":"https:\/\/www.meydan.tv\/az\/article\/bakinin-inkisafi-azerbaycanin-merkezinde-muasir-quldarliq\/#breadcrumb"},"inLanguage":"az","potentialAction":[{"@type":"ReadAction","target":["https:\/\/www.meydan.tv\/az\/article\/bakinin-inkisafi-azerbaycanin-merkezinde-muasir-quldarliq\/"]}]},{"@type":"ImageObject","inLanguage":"az","@id":"https:\/\/www.meydan.tv\/az\/article\/bakinin-inkisafi-azerbaycanin-merkezinde-muasir-quldarliq\/#primaryimage","url":"https:\/\/www.meydan.tv\/wp-content\/uploads\/slaves-to-progress2_b5draq1.jpg","contentUrl":"https:\/\/www.meydan.tv\/wp-content\/uploads\/slaves-to-progress2_b5draq1.jpg","width":1920,"height":1280,"caption":"Source: Svetlana Tiourina"},{"@type":"BreadcrumbList","@id":"https:\/\/www.meydan.tv\/az\/article\/bakinin-inkisafi-azerbaycanin-merkezinde-muasir-quldarliq\/#breadcrumb","itemListElement":[{"@type":"ListItem","position":1,"name":"Ana s\u0259hif\u0259","item":"https:\/\/www.meydan.tv\/az\/"},{"@type":"ListItem","position":2,"name":"Ara\u015fd\u0131rma","item":"https:\/\/www.meydan.tv\/az\/section\/arasdirma\/"},{"@type":"ListItem","position":3,"name":"Bak\u0131n\u0131n inki\u015faf\u0131 &#8211; Az\u0259rbaycan\u0131n m\u0259rk\u0259zind\u0259 m\u00fcasir quldarl\u0131q"}]},{"@type":"WebSite","@id":"https:\/\/www.meydan.tv\/az\/#website","url":"https:\/\/www.meydan.tv\/az\/","name":"MEYDAN.TV","description":"Meydan TV Az\u0259rbaycan\u0131n media m\u0259kan\u0131ndak\u0131 alternativ s\u0259sidir","publisher":{"@id":"https:\/\/www.meydan.tv\/az\/#organization"},"potentialAction":[{"@type":"SearchAction","target":{"@type":"EntryPoint","urlTemplate":"https:\/\/www.meydan.tv\/az\/?s={search_term_string}"},"query-input":{"@type":"PropertyValueSpecification","valueRequired":true,"valueName":"search_term_string"}}],"inLanguage":"az"},{"@type":"Organization","@id":"https:\/\/www.meydan.tv\/az\/#organization","name":"Meydan TV","url":"https:\/\/www.meydan.tv\/az\/","logo":{"@type":"ImageObject","inLanguage":"az","@id":"https:\/\/www.meydan.tv\/az\/#\/schema\/logo\/image\/","url":"https:\/\/www.meydan.tv\/wp-content\/uploads\/2021\/07\/meydan-logo.svg","contentUrl":"https:\/\/www.meydan.tv\/wp-content\/uploads\/2021\/07\/meydan-logo.svg","width":195,"height":46,"caption":"Meydan TV"},"image":{"@id":"https:\/\/www.meydan.tv\/az\/#\/schema\/logo\/image\/"}},{"@type":"Person","@id":"https:\/\/www.meydan.tv\/az\/#\/schema\/person\/10d11eccf6da3662cf5fdab9806ea91a","name":"user-manager"}]}},"_links":{"self":[{"href":"https:\/\/www.meydan.tv\/az\/wp-json\/wp\/v2\/posts\/200570","targetHints":{"allow":["GET"]}}],"collection":[{"href":"https:\/\/www.meydan.tv\/az\/wp-json\/wp\/v2\/posts"}],"about":[{"href":"https:\/\/www.meydan.tv\/az\/wp-json\/wp\/v2\/types\/post"}],"author":[{"embeddable":true,"href":"https:\/\/www.meydan.tv\/az\/wp-json\/wp\/v2\/users\/11"}],"replies":[{"embeddable":true,"href":"https:\/\/www.meydan.tv\/az\/wp-json\/wp\/v2\/comments?post=200570"}],"version-history":[{"count":0,"href":"https:\/\/www.meydan.tv\/az\/wp-json\/wp\/v2\/posts\/200570\/revisions"}],"wp:featuredmedia":[{"embeddable":true,"href":"https:\/\/www.meydan.tv\/az\/wp-json\/wp\/v2\/media\/141779"}],"wp:attachment":[{"href":"https:\/\/www.meydan.tv\/az\/wp-json\/wp\/v2\/media?parent=200570"}],"wp:term":[{"taxonomy":"category","embeddable":true,"href":"https:\/\/www.meydan.tv\/az\/wp-json\/wp\/v2\/categories?post=200570"},{"taxonomy":"post_tag","embeddable":true,"href":"https:\/\/www.meydan.tv\/az\/wp-json\/wp\/v2\/tags?post=200570"}],"curies":[{"name":"wp","href":"https:\/\/api.w.org\/{rel}","templated":true}]}}