{"id":200569,"date":"2020-05-13T11:41:07","date_gmt":"2020-05-13T11:41:07","guid":{"rendered":"https:\/\/www.meydan.tv\/article\/imisli-sakini-imkansizliqdan-az-qalir-basima-hava-gelsin\/"},"modified":"2020-05-13T11:41:07","modified_gmt":"2020-05-13T11:41:07","slug":"imisli-sakini-imkansizliqdan-az-qalir-basima-hava-gelsin","status":"publish","type":"post","link":"https:\/\/www.meydan.tv\/az\/article\/imisli-sakini-imkansizliqdan-az-qalir-basima-hava-gelsin\/","title":{"rendered":"\u0130mi\u015fli sakini: \u0130mkans\u0131zl\u0131qdan az qal\u0131r ba\u015f\u0131ma hava g\u0259lsin"},"content":{"rendered":"<p>\n  <i><br \/>\n    \u201c\u00dcz\u00fcmd\u0259 g\u00f6rd\u00fckl\u0259riniz sad\u0259c\u0259 kas\u0131bl\u0131qd\u0131r\u201d<br \/>\n  <\/i>\n<\/p>\n<p>\n  \u201cPulumuzu toplay\u0131b, \u00e7\u0259tinlikl\u0259 10 kilo un alm\u0131\u015f\u0131q. Evd\u0259 ba\u015fqa he\u00e7 n\u0259yimiz yoxdur. \u018frza\u011f\u0131n birini al\u0131r\u0131q, ikinciy\u0259 pul qalm\u0131r. Kartof v\u0259 ya so\u011fan\u0131 alana q\u0259d\u0259r un bitir. Evd\u0259 sat\u0131lmam\u0131\u015f 2-3 \u0259\u015fyam\u0131z qal\u0131b. Onlar da s\u0131n\u0131q-s\u00f6k\u00fckd\u00fc, pula getmir. \u0130mkans\u0131zl\u0131qdan az qal\u0131r ba\u015f\u0131ma hava g\u0259lsin. U\u015faqlar\u0131m b\u00fct\u00fcn g\u00fcn\u00fc acd\u0131r. Bax\u0131n, ham\u0131s\u0131 x\u0259st\u0259 v\u0259 z\u0259ifdir\u201d.\n<\/p>\n<p>\n  \u0130mi\u015flinin B\u0259cir\u0259van k\u0259ndinin sakini 30 ya\u015fl\u0131 B\u0259sti \u018fmirova bel\u0259 deyir. B\u0259sti \u018fmirova erk\u0259n ail\u0259 qurub. 32 ya\u015fl\u0131 Vasif \u018fmirovla evliliyind\u0259n 3 o\u011flu var. Deyir, ham\u0131s\u0131 x\u0259st\u0259dir. H\u0259r\u0259sinin bir problemi var. Birinin bronxlar\u0131, dig\u0259rinin m\u0259d\u0259si, b\u00f6y\u00fck o\u011flunun da burnu v\u0259 bo\u011faz\u0131nda art\u0131q \u0259ti var. \u018fn pis durumda olan b\u00f6y\u00fck o\u011fludur ki, h\u0259kim \u0259m\u0259liyyat deyib, ancaq etdir\u0259 bilmirl\u0259r.\n<\/p>\n<p>\n  \u201cYolda\u015f\u0131m olanda g\u00fcn\u00fc 10 manatdan f\u0259hl\u0259lik edir. Onunla da 5 n\u0259f\u0259r g\u00fcc-b\u0259la il\u0259 qarn\u0131m\u0131z\u0131 doyururuq. F\u0259hl\u0259lik d\u0259 h\u0259mi\u015f\u0259 olmur ax\u0131. M\u00f6vs\u00fcmd\u0259 qon\u015fular\u0131n bostanlar\u0131n\u0131 \u015fumlay\u0131r, alaq edir v\u0259 s. Olmayanda da bird\u0259n 3 ay evd\u0259 oturur. Onda da ac\u0131ndan yata bilmirik\u201d, &#8211; B\u0259sti \u018fmirova deyir.\n<\/p>\n<figure class=\"wp-block-image size-large\">\n  <img decoding=\"async\" src=\"https:\/\/www.meydan.tv\/az\/image_from_ios-3-jpg-97\/\" alt=\"image_from_ios (3).jpg\" class=\"wp-image-141791\"\/><figcaption>\n    &#8220;T\u0259miri yox, son vaxtlar da dam ax\u0131d\u0131r&#8221;<br \/>\n  <\/figcaption><\/figure>\n<p>\n  Sonra g\u00f6z\u00fc g\u00fczg\u00fcy\u0259 sata\u015f\u0131r, \u00f6z\u00fcn\u0259 bax\u0131r. 30 ya\u015fl\u0131 birin\u0259 b\u0259nz\u0259yib-b\u0259nz\u0259m\u0259diyini sual edir. Sonra da h\u00f6nk\u00fcr-h\u00f6nk\u00fcr a\u011flay\u0131r:\n<\/p>\n<p>\n  \u201cBir \u00fcz\u00fcm\u0259 bax\u0131n. El\u0259 bil 50 ya\u015f\u0131m var. Halbuki g\u0259nc\u0259m, n\u0259 ya\u015f\u0131m var ki \u2013 30. Amma xalaya ox\u015fay\u0131ram. A\u011fz\u0131mda di\u015fim yox. B\u00f6yr\u0259kl\u0259rimd\u0259 olan problem g\u00f6zl\u0259rimin alt\u0131n\u0131 qarald\u0131b. Yax\u015f\u0131 g\u00fcn adam\u0131 g\u00f6z\u0259ll\u0259\u015fdir\u0259r. Kas\u0131bl\u0131q da bu hala sal\u0131r, bax\u0131n. \u00dcz\u00fcmd\u0259 g\u00f6rd\u00fckl\u0259riniz sad\u0259c\u0259 kas\u0131bl\u0131qd\u0131r\u201d.\n<\/p>\n<p>\n  Vasif \u018fmirov ill\u0259rdir i\u015fsizdir. Buna g\u00f6r\u0259 k\u0259ndd\u0259 g\u00fcn\u0259muzd i\u015fl\u0259rd\u0259 \u00e7al\u0131\u015f\u0131r. Qazand\u0131\u011f\u0131 pul is\u0259 ail\u0259sini ist\u0259diyi kimi doland\u0131rmas\u0131na yetmir. Deyir, d\u0259f\u0259l\u0259rl\u0259 \u0130mi\u015fli Rayon \u0130cra Hakimiyy\u0259tin\u0259, yerli b\u0259l\u0259diyy\u0259y\u0259, icra n\u00fcmay\u0259nd\u0259liyin\u0259, M\u0259\u015f\u011fulluq M\u0259rk\u0259zin\u0259, Sosial Fonda m\u00fcraci\u0259t edib. Ancaq he\u00e7 kim ona k\u00f6m\u0259k etm\u0259yib:\n<\/p>\n<p>\n  \u201cDedim, heyvan verin, saxlay\u0131m. El\u0259 bir proqram var idi bir ara. Verm\u0259dil\u0259r, dedil\u0259r s\u0259n\u0259 d\u00fc\u015fm\u00fcr. Dedim, ac\u0131ndan \u00f6l\u00fcr\u00fck, he\u00e7 olmasa, \u00fcnvanl\u0131 sosial yard\u0131m alaq. Cavab g\u0259ldi ki, o da bizlik deyil. \u0130\u015f \u00fc\u00e7\u00fcn d\u0259 az qala h\u0259r ay m\u00fcraci\u0259t edir\u0259m. Tap\u0131lm\u0131r. Yolda\u015f\u0131m deyir, v\u0259ziyy\u0259timiz d\u00fcz\u0259l\u0259n\u0259 q\u0259d\u0259r u\u015faqlar\u0131 anas\u0131na verib, o da i\u015fl\u0259y\u0259 bil\u0259r. Han\u0131? M\u0259n\u0259 i\u015f tap\u0131l\u0131r ki, ona da tap\u0131la?\u201d\n<\/p>\n<figure class=\"wp-block-image size-large\">\n  <img decoding=\"async\" src=\"https:\/\/www.meydan.tv\/az\/20200513_113209-jpg\/\" alt=\"20200513_113209.jpg\" class=\"wp-image-141806\"\/><figcaption>\n    Vasif \u018fmirov ill\u0259rdir i\u015fsizdir.<br \/>\n  <\/figcaption><\/figure>\n<p>\n  \u018fmirovlar ail\u0259si ki\u00e7ik, bir otaq, bir m\u0259tb\u0259xd\u0259n ibar\u0259t daxmada ya\u015fay\u0131rlar. Deyirl\u0259r ki, bunu da \u00e7ox \u00e7\u0259tinlikl\u0259 tikib \u0259rs\u0259y\u0259 g\u0259tir\u0259 bilibl\u0259r:\n<\/p>\n<p>\n  \u201cSad\u0259c\u0259 tikib, \u00fcst\u00fcn\u00fc alayar\u0131m\u00e7\u0131q vurmu\u015fuq. T\u0259miri yox, son vaxtlar da dam ax\u0131d\u0131r. Bir pa\u00e7ka mismar alma\u011fa da imkan yoxdur. Qald\u0131 t\u0259mir, tikinti ed\u0259m. M\u0259n \u00e7ox bir \u015fey ist\u0259mir\u0259m. Ya haqq\u0131m olan \u00fcnvanl\u0131 sosial yard\u0131m\u0131 versinl\u0259r, ya da m\u0259n\u0259 bir i\u015f taps\u0131nlar. Art\u0131q d\u00f6z\u0259 bilmirik\u201d.\n<\/p>\n<p>\n  Ail\u0259nin evinin tikildiyi \u0259razid\u0259 \u0259lav\u0259 0,39 hektar h\u0259y\u0259tyan\u0131 sah\u0259l\u0259ri d\u0259 var. Bundan \u0259lav\u0259, Vafif \u018fmirova atas\u0131ndan k\u0259nd t\u0259s\u0259rr\u00fcfat\u0131 t\u0259yinatl\u0131 torpaq da qal\u0131b. Deyir, torpa\u011f\u0131 \u0259kib-bec\u0259rm\u0259y\u0259 imkan\u0131 yoxdur. V\u0259 h\u0259min torpa\u011f\u0131n olmas\u0131 s\u0259b\u0259bind\u0259n \u0130mi\u015fli rayon M\u0259\u015f\u011fulluq M\u0259rk\u0259zi onu \u201c\u00d6z\u00fcn\u0259m\u0259\u015f\u011fulluq\u201d proqram\u0131na yazmaqdan imtina edib:\n<\/p>\n<p>\n  \u201cHalbuki indiy\u0259d\u0259k n\u0259inki torpa\u011f\u0131, h\u0259tta i\u015f yeri, kommersiya obyekti, bahal\u0131 xarici avtomobili v\u0259 bir s\u00fcr\u00fc mal-qaras\u0131 olan xeyli sayda adam bu proqramdan b\u0259hr\u0259l\u0259n\u0259r\u0259k, d\u00f6vl\u0259td\u0259n iri v\u0259 x\u0131rdabuynuzlu heyvanlar al\u0131b. M\u0259n is\u0259 ill\u0259rdir ail\u0259mi doland\u0131rmaq \u00fc\u00e7\u00fcn g\u00fcn\u0259muzd f\u0259hl\u0259 i\u015fl\u0259yir\u0259m. Yer bell\u0259yir, odun do\u011fray\u0131r, quyu qaz\u0131ram. Bir g\u00fcnl\u00fck qazanc\u0131m 10 manatdan \u00e7ox olmur. Ya\u011f\u0131\u015fl\u0131, qarl\u0131 g\u00fcnl\u0259rd\u0259 is\u0259 i\u015fl\u0259y\u0259 bilmir\u0259m. Bel\u0259 v\u0259ziyy\u0259td\u0259 bilmir\u0259m ail\u0259min dolan\u0131\u015faca\u011f\u0131n\u0131 nec\u0259 t\u0259min edim. Yax\u015f\u0131 olard\u0131 ki, d\u00f6vl\u0259t yetkinlik ya\u015fa \u00e7atmayan u\u015faqlar \u00fc\u00e7\u00fcn m\u00fcavin\u0259t versin. H\u0259tta bir u\u015fa\u011fa g\u00f6r\u0259 20 manat verils\u0259ydi bel\u0259, bu, biz\u0259 k\u00f6m\u0259klik olard\u0131. He\u00e7 olmasa bu pulla istifad\u0259 etdiyimiz t\u0259bii qaz v\u0259 elektrik enerjisinin haqq\u0131n\u0131 \u00f6d\u0259y\u0259rdik\u201d.\n<\/p>\n<figure class=\"wp-block-image size-large\">\n  <img decoding=\"async\" src=\"https:\/\/www.meydan.tv\/az\/image_from_ios-4-jpg-131\/\" alt=\"image_from_ios (4).jpg\" class=\"wp-image-141794\"\/><figcaption>\n    \u018fmirovlar ail\u0259si ki\u00e7ik, bir otaq, bir m\u0259tb\u0259xd\u0259n ibar\u0259t daxmada ya\u015fay\u0131rlar.<br \/>\n  <\/figcaption><\/figure>\n<p>\n  B\u0259sdi \u018fmirova deyir ki, pis g\u00fcz\u0259ran\u0131na g\u00f6r\u0259 b\u0259z\u0259n h\u0259yat yolda\u015f\u0131n\u0131 q\u0131nay\u0131r. Ona hirsl\u0259nir, dala\u015f\u0131rlar. Ancaq tezlikl\u0259 d\u0259 pe\u015fman olur:\n<\/p>\n<p>\n  \u201cDeyir\u0259m, get pul g\u0259tir. O da ba\u015f\u0131n sal\u0131r a\u015fa\u011f\u0131 ki, n\u0259 il\u0259, nec\u0259 edim? Deyir\u0259m, ham\u0131 nec\u0259, s\u0259n d\u0259 el\u0259. Sonra \u00fcr\u0259yim pis olur. \u018fll\u0259rin\u0259 bax\u0131ram, qabar-qabar, qapqara, pis g\u00fcnd\u0259, pe\u015fman oluram. Bel\u0259 olan halda, h\u00f6kum\u0259t \u0259l tutmal\u0131d\u0131r. Ya sosial yard\u0131m versinl\u0259r, ya heyvan, ya da u\u015faqpulu. N\u0259 bilim, \u0259l tutsunlar. Biz dolana bilmirik\u201d.\n<\/p>\n<p>\n  \u0130mi\u015fli Rayon \u0130cra Hakimiyy\u0259tind\u0259n Meydan TV-y\u0259 v\u0259t\u0259nda\u015fla maraqlanacaqlar\u0131n\u0131 s\u00f6yl\u0259yibl\u0259r. Daha sonra is\u0259 daha yax\u015f\u0131 k\u00f6m\u0259k etm\u0259si \u00fc\u00e7\u00fcn Vasif \u018fmirovun ya\u015fad\u0131\u011f\u0131 B\u0259cir\u0259van k\u0259ndinin icra n\u00fcmay\u0259nd\u0259si As\u0259f Balaki\u015fiyev\u0259 y\u00f6nl\u0259ndiribl\u0259r.\n<\/p>\n<p>\n  As\u0259f Balaki\u015fiyev is\u0259 Meydan TV-y\u0259 deyib ki, o ail\u0259nin a\u011f\u0131r durumda ya\u015famas\u0131ndan x\u0259b\u0259rdard\u0131r. Ancaq onun v\u0259 icra hakimiyy\u0259tinin ail\u0259y\u0259 k\u00f6m\u0259k etm\u0259y\u0259 imkan\u0131 yoxdur:\n<\/p>\n<p>\n  \u201cBak\u0131ya, \u018fm\u0259k v\u0259 \u018fhalinin Sosial M\u00fcdafi\u0259si Nazirliyin\u0259 m\u00fcraci\u0259t etm\u0259lidirl\u0259r. Bunun \u00fc\u00e7\u00fcn d\u0259 ASAN Xidm\u0259t\u0259 gedib, elektron m\u00fcraci\u0259t formas\u0131 doldurmal\u0131d\u0131rlar. Ancaq \u0259g\u0259r ba\u015flar\u0131 \u00e7\u0131xm\u0131r, bu i\u015fi g\u00f6rm\u0259kd\u0259 \u00e7\u0259tinlik \u00e7\u0259kirl\u0259rs\u0259, m\u0259n onlara h\u0259r c\u00fcr k\u00f6m\u0259k etm\u0259y\u0259 haz\u0131ram. Buyurub, g\u0259lsinl\u0259r. M\u0259n onlarla birg\u0259 gedib, m\u00fcraci\u0259t etm\u0259l\u0259rin\u0259 k\u00f6m\u0259k d\u0259 ed\u0259 bil\u0259r\u0259m. \u018fg\u0259r yaza bilmirl\u0259rs\u0259 v\u0259 ya \u0259riz\u0259 formas\u0131n\u0131 doldurmaqda h\u0259r hans\u0131 \u00e7\u0259tinlikl\u0259ri varsa, bu bax\u0131mdan da \u0259limd\u0259n g\u0259l\u0259n k\u00f6m\u0259yi etm\u0259y\u0259 haz\u0131ram. N\u0259 laz\u0131md\u0131r k\u00f6m\u0259k edil\u0259c\u0259k\u201d.\n<\/p>\n<figure class=\"wp-block-image size-large\">\n  <img decoding=\"async\" src=\"https:\/\/www.meydan.tv\/az\/image_from_ios-5-jpg-97\/\" alt=\"image_from_ios (5).jpg\" class=\"wp-image-141797\"\/><figcaption>\n    &#8220;Biz dolana bilmirik\u201d.<br \/>\n  <\/figcaption><\/figure>\n","protected":false},"excerpt":{"rendered":"<p>&#8220;Ya sosial yard\u0131m versinl\u0259r, ya heyvan, ya da u\u015faqpulu&#8221;<\/p>\n","protected":false},"author":11,"featured_media":141800,"comment_status":"closed","ping_status":"open","sticky":false,"template":"","format":"standard","meta":{"_acf_changed":false,"_sitemap_exclude":false,"_sitemap_priority":"","_sitemap_frequency":"","footnotes":""},"categories":[60],"tags":[],"class_list":["post-200569","post","type-post","status-publish","format-standard","has-post-thumbnail","hentry","category-bolge","infinite-scroll-item","generate-columns","tablet-grid-50","mobile-grid-100","grid-parent","grid-33","no-featured-image-padding"],"acf":[],"yoast_head":"<!-- This site is optimized with the Yoast SEO plugin v27.5 - https:\/\/yoast.com\/product\/yoast-seo-wordpress\/ -->\n<title>\u0130mi\u015fli sakini: \u0130mkans\u0131zl\u0131qdan az qal\u0131r ba\u015f\u0131ma hava g\u0259lsin - MEYDAN.TV<\/title>\n<meta name=\"robots\" content=\"index, follow, max-snippet:-1, max-image-preview:large, max-video-preview:-1\" \/>\n<link rel=\"canonical\" href=\"https:\/\/www.meydan.tv\/az\/article\/imisli-sakini-imkansizliqdan-az-qalir-basima-hava-gelsin\/\" \/>\n<meta property=\"og:locale\" content=\"az_AZ\" \/>\n<meta property=\"og:type\" content=\"article\" \/>\n<meta property=\"og:title\" content=\"\u0130mi\u015fli sakini: \u0130mkans\u0131zl\u0131qdan az qal\u0131r ba\u015f\u0131ma hava g\u0259lsin - MEYDAN.TV\" \/>\n<meta property=\"og:description\" content=\"&quot;Ya sosial yard\u0131m versinl\u0259r, ya heyvan, ya da u\u015faqpulu&quot;\" \/>\n<meta property=\"og:url\" content=\"https:\/\/www.meydan.tv\/az\/article\/imisli-sakini-imkansizliqdan-az-qalir-basima-hava-gelsin\/\" \/>\n<meta property=\"og:site_name\" content=\"MEYDAN.TV\" \/>\n<meta property=\"article:published_time\" content=\"2020-05-13T11:41:07+00:00\" \/>\n<meta property=\"og:image\" content=\"https:\/\/www.meydan.tv\/wp-content\/uploads\/image_from_ios_6_hc8zjgl-scaled.jpg\" \/>\n\t<meta property=\"og:image:width\" content=\"2560\" \/>\n\t<meta property=\"og:image:height\" content=\"1920\" \/>\n\t<meta property=\"og:image:type\" content=\"image\/jpeg\" \/>\n<meta name=\"author\" content=\"user-manager\" \/>\n<meta name=\"twitter:card\" content=\"summary_large_image\" \/>\n<script type=\"application\/ld+json\" class=\"yoast-schema-graph\">{\"@context\":\"https:\\\/\\\/schema.org\",\"@graph\":[{\"@type\":\"Article\",\"@id\":\"https:\\\/\\\/www.meydan.tv\\\/az\\\/article\\\/imisli-sakini-imkansizliqdan-az-qalir-basima-hava-gelsin\\\/#article\",\"isPartOf\":{\"@id\":\"https:\\\/\\\/www.meydan.tv\\\/az\\\/article\\\/imisli-sakini-imkansizliqdan-az-qalir-basima-hava-gelsin\\\/\"},\"author\":{\"name\":\"user-manager\",\"@id\":\"https:\\\/\\\/www.meydan.tv\\\/az\\\/#\\\/schema\\\/person\\\/10d11eccf6da3662cf5fdab9806ea91a\"},\"headline\":\"\u0130mi\u015fli sakini: \u0130mkans\u0131zl\u0131qdan az qal\u0131r ba\u015f\u0131ma hava g\u0259lsin\",\"datePublished\":\"2020-05-13T11:41:07+00:00\",\"mainEntityOfPage\":{\"@id\":\"https:\\\/\\\/www.meydan.tv\\\/az\\\/article\\\/imisli-sakini-imkansizliqdan-az-qalir-basima-hava-gelsin\\\/\"},\"wordCount\":1217,\"publisher\":{\"@id\":\"https:\\\/\\\/www.meydan.tv\\\/az\\\/#organization\"},\"image\":{\"@id\":\"https:\\\/\\\/www.meydan.tv\\\/az\\\/article\\\/imisli-sakini-imkansizliqdan-az-qalir-basima-hava-gelsin\\\/#primaryimage\"},\"thumbnailUrl\":\"https:\\\/\\\/www.meydan.tv\\\/wp-content\\\/uploads\\\/image_from_ios_6_hc8zjgl-scaled.jpg\",\"articleSection\":[\"B\u00f6lg\u0259\"],\"inLanguage\":\"az\"},{\"@type\":\"WebPage\",\"@id\":\"https:\\\/\\\/www.meydan.tv\\\/az\\\/article\\\/imisli-sakini-imkansizliqdan-az-qalir-basima-hava-gelsin\\\/\",\"url\":\"https:\\\/\\\/www.meydan.tv\\\/az\\\/article\\\/imisli-sakini-imkansizliqdan-az-qalir-basima-hava-gelsin\\\/\",\"name\":\"\u0130mi\u015fli sakini: \u0130mkans\u0131zl\u0131qdan az qal\u0131r ba\u015f\u0131ma hava g\u0259lsin - MEYDAN.TV\",\"isPartOf\":{\"@id\":\"https:\\\/\\\/www.meydan.tv\\\/az\\\/#website\"},\"primaryImageOfPage\":{\"@id\":\"https:\\\/\\\/www.meydan.tv\\\/az\\\/article\\\/imisli-sakini-imkansizliqdan-az-qalir-basima-hava-gelsin\\\/#primaryimage\"},\"image\":{\"@id\":\"https:\\\/\\\/www.meydan.tv\\\/az\\\/article\\\/imisli-sakini-imkansizliqdan-az-qalir-basima-hava-gelsin\\\/#primaryimage\"},\"thumbnailUrl\":\"https:\\\/\\\/www.meydan.tv\\\/wp-content\\\/uploads\\\/image_from_ios_6_hc8zjgl-scaled.jpg\",\"datePublished\":\"2020-05-13T11:41:07+00:00\",\"breadcrumb\":{\"@id\":\"https:\\\/\\\/www.meydan.tv\\\/az\\\/article\\\/imisli-sakini-imkansizliqdan-az-qalir-basima-hava-gelsin\\\/#breadcrumb\"},\"inLanguage\":\"az\",\"potentialAction\":[{\"@type\":\"ReadAction\",\"target\":[\"https:\\\/\\\/www.meydan.tv\\\/az\\\/article\\\/imisli-sakini-imkansizliqdan-az-qalir-basima-hava-gelsin\\\/\"]}]},{\"@type\":\"ImageObject\",\"inLanguage\":\"az\",\"@id\":\"https:\\\/\\\/www.meydan.tv\\\/az\\\/article\\\/imisli-sakini-imkansizliqdan-az-qalir-basima-hava-gelsin\\\/#primaryimage\",\"url\":\"https:\\\/\\\/www.meydan.tv\\\/wp-content\\\/uploads\\\/image_from_ios_6_hc8zjgl-scaled.jpg\",\"contentUrl\":\"https:\\\/\\\/www.meydan.tv\\\/wp-content\\\/uploads\\\/image_from_ios_6_hc8zjgl-scaled.jpg\",\"width\":2560,\"height\":1920,\"caption\":\"Source: Specify Source\"},{\"@type\":\"BreadcrumbList\",\"@id\":\"https:\\\/\\\/www.meydan.tv\\\/az\\\/article\\\/imisli-sakini-imkansizliqdan-az-qalir-basima-hava-gelsin\\\/#breadcrumb\",\"itemListElement\":[{\"@type\":\"ListItem\",\"position\":1,\"name\":\"Ana s\u0259hif\u0259\",\"item\":\"https:\\\/\\\/www.meydan.tv\\\/az\\\/\"},{\"@type\":\"ListItem\",\"position\":2,\"name\":\"B\u00f6lg\u0259\",\"item\":\"https:\\\/\\\/www.meydan.tv\\\/az\\\/section\\\/bolge\\\/\"},{\"@type\":\"ListItem\",\"position\":3,\"name\":\"\u0130mi\u015fli sakini: \u0130mkans\u0131zl\u0131qdan az qal\u0131r ba\u015f\u0131ma hava g\u0259lsin\"}]},{\"@type\":\"WebSite\",\"@id\":\"https:\\\/\\\/www.meydan.tv\\\/az\\\/#website\",\"url\":\"https:\\\/\\\/www.meydan.tv\\\/az\\\/\",\"name\":\"MEYDAN.TV\",\"description\":\"Meydan TV Az\u0259rbaycan\u0131n media m\u0259kan\u0131ndak\u0131 alternativ s\u0259sidir\",\"publisher\":{\"@id\":\"https:\\\/\\\/www.meydan.tv\\\/az\\\/#organization\"},\"potentialAction\":[{\"@type\":\"SearchAction\",\"target\":{\"@type\":\"EntryPoint\",\"urlTemplate\":\"https:\\\/\\\/www.meydan.tv\\\/az\\\/?s={search_term_string}\"},\"query-input\":{\"@type\":\"PropertyValueSpecification\",\"valueRequired\":true,\"valueName\":\"search_term_string\"}}],\"inLanguage\":\"az\"},{\"@type\":\"Organization\",\"@id\":\"https:\\\/\\\/www.meydan.tv\\\/az\\\/#organization\",\"name\":\"Meydan TV\",\"url\":\"https:\\\/\\\/www.meydan.tv\\\/az\\\/\",\"logo\":{\"@type\":\"ImageObject\",\"inLanguage\":\"az\",\"@id\":\"https:\\\/\\\/www.meydan.tv\\\/az\\\/#\\\/schema\\\/logo\\\/image\\\/\",\"url\":\"https:\\\/\\\/www.meydan.tv\\\/wp-content\\\/uploads\\\/2021\\\/07\\\/meydan-logo.svg\",\"contentUrl\":\"https:\\\/\\\/www.meydan.tv\\\/wp-content\\\/uploads\\\/2021\\\/07\\\/meydan-logo.svg\",\"width\":195,\"height\":46,\"caption\":\"Meydan TV\"},\"image\":{\"@id\":\"https:\\\/\\\/www.meydan.tv\\\/az\\\/#\\\/schema\\\/logo\\\/image\\\/\"}},{\"@type\":\"Person\",\"@id\":\"https:\\\/\\\/www.meydan.tv\\\/az\\\/#\\\/schema\\\/person\\\/10d11eccf6da3662cf5fdab9806ea91a\",\"name\":\"user-manager\"}]}<\/script>\n<!-- \/ Yoast SEO plugin. -->","yoast_head_json":{"title":"\u0130mi\u015fli sakini: \u0130mkans\u0131zl\u0131qdan az qal\u0131r ba\u015f\u0131ma hava g\u0259lsin - MEYDAN.TV","robots":{"index":"index","follow":"follow","max-snippet":"max-snippet:-1","max-image-preview":"max-image-preview:large","max-video-preview":"max-video-preview:-1"},"canonical":"https:\/\/www.meydan.tv\/az\/article\/imisli-sakini-imkansizliqdan-az-qalir-basima-hava-gelsin\/","og_locale":"az_AZ","og_type":"article","og_title":"\u0130mi\u015fli sakini: \u0130mkans\u0131zl\u0131qdan az qal\u0131r ba\u015f\u0131ma hava g\u0259lsin - MEYDAN.TV","og_description":"\"Ya sosial yard\u0131m versinl\u0259r, ya heyvan, ya da u\u015faqpulu\"","og_url":"https:\/\/www.meydan.tv\/az\/article\/imisli-sakini-imkansizliqdan-az-qalir-basima-hava-gelsin\/","og_site_name":"MEYDAN.TV","article_published_time":"2020-05-13T11:41:07+00:00","og_image":[{"width":2560,"height":1920,"url":"https:\/\/www.meydan.tv\/wp-content\/uploads\/image_from_ios_6_hc8zjgl-scaled.jpg","type":"image\/jpeg"}],"author":"user-manager","twitter_card":"summary_large_image","schema":{"@context":"https:\/\/schema.org","@graph":[{"@type":"Article","@id":"https:\/\/www.meydan.tv\/az\/article\/imisli-sakini-imkansizliqdan-az-qalir-basima-hava-gelsin\/#article","isPartOf":{"@id":"https:\/\/www.meydan.tv\/az\/article\/imisli-sakini-imkansizliqdan-az-qalir-basima-hava-gelsin\/"},"author":{"name":"user-manager","@id":"https:\/\/www.meydan.tv\/az\/#\/schema\/person\/10d11eccf6da3662cf5fdab9806ea91a"},"headline":"\u0130mi\u015fli sakini: \u0130mkans\u0131zl\u0131qdan az qal\u0131r ba\u015f\u0131ma hava g\u0259lsin","datePublished":"2020-05-13T11:41:07+00:00","mainEntityOfPage":{"@id":"https:\/\/www.meydan.tv\/az\/article\/imisli-sakini-imkansizliqdan-az-qalir-basima-hava-gelsin\/"},"wordCount":1217,"publisher":{"@id":"https:\/\/www.meydan.tv\/az\/#organization"},"image":{"@id":"https:\/\/www.meydan.tv\/az\/article\/imisli-sakini-imkansizliqdan-az-qalir-basima-hava-gelsin\/#primaryimage"},"thumbnailUrl":"https:\/\/www.meydan.tv\/wp-content\/uploads\/image_from_ios_6_hc8zjgl-scaled.jpg","articleSection":["B\u00f6lg\u0259"],"inLanguage":"az"},{"@type":"WebPage","@id":"https:\/\/www.meydan.tv\/az\/article\/imisli-sakini-imkansizliqdan-az-qalir-basima-hava-gelsin\/","url":"https:\/\/www.meydan.tv\/az\/article\/imisli-sakini-imkansizliqdan-az-qalir-basima-hava-gelsin\/","name":"\u0130mi\u015fli sakini: \u0130mkans\u0131zl\u0131qdan az qal\u0131r ba\u015f\u0131ma hava g\u0259lsin - MEYDAN.TV","isPartOf":{"@id":"https:\/\/www.meydan.tv\/az\/#website"},"primaryImageOfPage":{"@id":"https:\/\/www.meydan.tv\/az\/article\/imisli-sakini-imkansizliqdan-az-qalir-basima-hava-gelsin\/#primaryimage"},"image":{"@id":"https:\/\/www.meydan.tv\/az\/article\/imisli-sakini-imkansizliqdan-az-qalir-basima-hava-gelsin\/#primaryimage"},"thumbnailUrl":"https:\/\/www.meydan.tv\/wp-content\/uploads\/image_from_ios_6_hc8zjgl-scaled.jpg","datePublished":"2020-05-13T11:41:07+00:00","breadcrumb":{"@id":"https:\/\/www.meydan.tv\/az\/article\/imisli-sakini-imkansizliqdan-az-qalir-basima-hava-gelsin\/#breadcrumb"},"inLanguage":"az","potentialAction":[{"@type":"ReadAction","target":["https:\/\/www.meydan.tv\/az\/article\/imisli-sakini-imkansizliqdan-az-qalir-basima-hava-gelsin\/"]}]},{"@type":"ImageObject","inLanguage":"az","@id":"https:\/\/www.meydan.tv\/az\/article\/imisli-sakini-imkansizliqdan-az-qalir-basima-hava-gelsin\/#primaryimage","url":"https:\/\/www.meydan.tv\/wp-content\/uploads\/image_from_ios_6_hc8zjgl-scaled.jpg","contentUrl":"https:\/\/www.meydan.tv\/wp-content\/uploads\/image_from_ios_6_hc8zjgl-scaled.jpg","width":2560,"height":1920,"caption":"Source: Specify Source"},{"@type":"BreadcrumbList","@id":"https:\/\/www.meydan.tv\/az\/article\/imisli-sakini-imkansizliqdan-az-qalir-basima-hava-gelsin\/#breadcrumb","itemListElement":[{"@type":"ListItem","position":1,"name":"Ana s\u0259hif\u0259","item":"https:\/\/www.meydan.tv\/az\/"},{"@type":"ListItem","position":2,"name":"B\u00f6lg\u0259","item":"https:\/\/www.meydan.tv\/az\/section\/bolge\/"},{"@type":"ListItem","position":3,"name":"\u0130mi\u015fli sakini: \u0130mkans\u0131zl\u0131qdan az qal\u0131r ba\u015f\u0131ma hava g\u0259lsin"}]},{"@type":"WebSite","@id":"https:\/\/www.meydan.tv\/az\/#website","url":"https:\/\/www.meydan.tv\/az\/","name":"MEYDAN.TV","description":"Meydan TV Az\u0259rbaycan\u0131n media m\u0259kan\u0131ndak\u0131 alternativ s\u0259sidir","publisher":{"@id":"https:\/\/www.meydan.tv\/az\/#organization"},"potentialAction":[{"@type":"SearchAction","target":{"@type":"EntryPoint","urlTemplate":"https:\/\/www.meydan.tv\/az\/?s={search_term_string}"},"query-input":{"@type":"PropertyValueSpecification","valueRequired":true,"valueName":"search_term_string"}}],"inLanguage":"az"},{"@type":"Organization","@id":"https:\/\/www.meydan.tv\/az\/#organization","name":"Meydan TV","url":"https:\/\/www.meydan.tv\/az\/","logo":{"@type":"ImageObject","inLanguage":"az","@id":"https:\/\/www.meydan.tv\/az\/#\/schema\/logo\/image\/","url":"https:\/\/www.meydan.tv\/wp-content\/uploads\/2021\/07\/meydan-logo.svg","contentUrl":"https:\/\/www.meydan.tv\/wp-content\/uploads\/2021\/07\/meydan-logo.svg","width":195,"height":46,"caption":"Meydan TV"},"image":{"@id":"https:\/\/www.meydan.tv\/az\/#\/schema\/logo\/image\/"}},{"@type":"Person","@id":"https:\/\/www.meydan.tv\/az\/#\/schema\/person\/10d11eccf6da3662cf5fdab9806ea91a","name":"user-manager"}]}},"_links":{"self":[{"href":"https:\/\/www.meydan.tv\/az\/wp-json\/wp\/v2\/posts\/200569","targetHints":{"allow":["GET"]}}],"collection":[{"href":"https:\/\/www.meydan.tv\/az\/wp-json\/wp\/v2\/posts"}],"about":[{"href":"https:\/\/www.meydan.tv\/az\/wp-json\/wp\/v2\/types\/post"}],"author":[{"embeddable":true,"href":"https:\/\/www.meydan.tv\/az\/wp-json\/wp\/v2\/users\/11"}],"replies":[{"embeddable":true,"href":"https:\/\/www.meydan.tv\/az\/wp-json\/wp\/v2\/comments?post=200569"}],"version-history":[{"count":0,"href":"https:\/\/www.meydan.tv\/az\/wp-json\/wp\/v2\/posts\/200569\/revisions"}],"wp:featuredmedia":[{"embeddable":true,"href":"https:\/\/www.meydan.tv\/az\/wp-json\/wp\/v2\/media\/141800"}],"wp:attachment":[{"href":"https:\/\/www.meydan.tv\/az\/wp-json\/wp\/v2\/media?parent=200569"}],"wp:term":[{"taxonomy":"category","embeddable":true,"href":"https:\/\/www.meydan.tv\/az\/wp-json\/wp\/v2\/categories?post=200569"},{"taxonomy":"post_tag","embeddable":true,"href":"https:\/\/www.meydan.tv\/az\/wp-json\/wp\/v2\/tags?post=200569"}],"curies":[{"name":"wp","href":"https:\/\/api.w.org\/{rel}","templated":true}]}}